{"id":979338,"date":"2018-05-06T22:05:40","date_gmt":"2018-05-06T22:05:40","guid":{"rendered":"http:\/\/www.eldigitaldeasturias.com\/noticias\/?p=979338"},"modified":"2018-05-06T22:05:40","modified_gmt":"2018-05-06T22:05:40","slug":"rajoy-el-partido-popular-nunca-admitira-ni-impunidad-ni-mentiras","status":"publish","type":"post","link":"https:\/\/www.eldigitaldeasturias.com\/noticias\/rajoy-el-partido-popular-nunca-admitira-ni-impunidad-ni-mentiras\/","title":{"rendered":"Rajoy: \u201cEl Partido Popular nunca admitir\u00e1 ni impunidad, ni mentiras\u201d"},"content":{"rendered":"<p><img loading=\"lazy\" decoding=\"async\" class=\"alignleft size-medium wp-image-979340\" src=\"https:\/\/www.eldigitaldeasturias.com\/noticias\/wp-content\/uploads\/2018\/05\/RAJOY-PP-360x214.jpg\" alt=\"\" width=\"360\" height=\"214\" \/>El presidente del Gobierno y del Partido Popular, Mariano Rajoy, ha asegurado que \u201cel PP siempre estar\u00e1 con las v\u00edctimas del terrorismo, con sus familias, cuidando de que nadie cuente historias para ocultar la verdadera historia de lo ocurrido y nunca admitir\u00e1 ni impunidad, ni mentiras\u201d. \u201cA nosotros nos parece bien que desaparezca ETA, nunca debieron existir. Pero el da\u00f1o que causaron no desaparece\u201d, ha a\u00f1adido.<\/p>\n<p>En un acto p\u00fablico en el Auditorio de Alicante junto al alcalde del PP, Luis Barcala, el presidente provincial del PP, Jos\u00e9 Ciscar, y la presidenta regional, Isabel Bonig, el presidente del PP ha explicado que lo vivido en Espa\u00f1a con ETA \u201ces la historia de la resistencia democr\u00e1tica frente a una banda terrorista que quer\u00eda doblegar a la democracia e imponer un proyecto totalitario, es la historia de familias destrozadas y vidas rotas y la historia de h\u00e9roes asesinados\u201d. \u201cLa sociedad espa\u00f1ola ha dado un ejemplo de fortaleza, convivencia y libertad de la que puede estar muy orgullosa\u201d, ha a\u00f1adido.<\/p>\n<p><strong>QUEDA UN A\u00d1O, \u201cMANOS A LA OBRA\u201d<\/strong><\/p>\n<p>Mariano Rajoy ha destacado el compromiso del Gobierno y del PP con Alicante y con la Comunidad Valenciana y ha recordado proyectos emblem\u00e1ticos como el corredor mediterr\u00e1neo o la conexi\u00f3n del aeropuerto como ejemplo de compromiso del Gobierno. Adem\u00e1s, ha destacado la necesidad de alcanzar un pacto del agua, \u201cpero donde lo que est\u00e9 acordado se mantenga\u201d.<\/p>\n<p>\u201cHoy vuelve a gobernar Alicante el partido m\u00e1s votado. Esa es una gran noticia para la democracia. Los alicantinos votaron al PP y hoy por fin gobierna el PP\u201d, ha destacado, para a\u00f1adir que \u201cahora toca demostrar en este a\u00f1o que resta de legislatura que somos el partido que mejor gobierna. Manos a la obra\u201d.<\/p>\n<p>En su intervenci\u00f3n ha recordado que han transcurrido \u201ctres a\u00f1os de tripartito, de desgobierno que han hecho perder el tiempo a los alicantinos\u201d. \u201cPactaron en los despachos lo que no ganaron en las urnas y luego se han pasado tres a\u00f1os pele\u00e1ndose. Con los ayuntamientos del cambio hay mala gesti\u00f3n, calles m\u00e1s sucias y el amiguismo adue\u00f1\u00e1ndose de la gesti\u00f3n. Siempre hemos defendido que el alcalde sea el m\u00e1s votado. Los que ganan al Gobierno y los que pierden a la oposici\u00f3n\u201d, ha enfatizado.<\/p>\n<p>Para el l\u00edder del PP, cuando al Partido Popular se le exige m\u00e1s por parte de los ciudadanos debe responder gobernando mejor. \u201cGesti\u00f3n eficaz y gobiernos buenos y competentes deben ser la marca del Partido Popular. Eficacia y ejemplaridad es lo que tenemos que dar\u201d, ha insistido.<\/p>\n<p>Con respecto a la nueva ley que regula el pluriling\u00fcismo en la Comunidad Valenciana, Mariano Rajoy ha admitido que existen dudas sobre su constitucionalidad y que su Gobierno est\u00e1 abierto al di\u00e1logo. \u201cEl Gobierno estar\u00e1 siempre con la Ley y el PP estar\u00e1 siempre con la libertad de los padres para la lengua vehicular en la que quieren que estudien sus hijos. No aceptaremos ni imposici\u00f3n, ni discriminaci\u00f3n\u201d, ha a\u00f1adido.<\/p>\n<p>En este sentido, ha advertido de que \u201clo \u00faltimo que necesita la Comunidad Valenciana es seguir el camino de la divisi\u00f3n y el enfrentamiento de los catalanes. Los \u2018ayuntamientos del cambio\u2019 gobiernan poco y dividen mucho\u201d.<\/p>\n<p>Por \u00faltimo, el presidente del Partido Popular ha destacado la necesidad de hablar bien de Espa\u00f1a, \u201cun gran pa\u00eds\u201d, y ha recordado las cifras positivas que ha dejado el mes de abril en t\u00e9rminos de empleo, donde se ha batido el r\u00e9cord de afiliaci\u00f3n a la Seguridad Social, ha mejorado la confianza del consumidor y la Comisi\u00f3n Europea ha elevado las previsiones para Espa\u00f1a. Tambi\u00e9n ha hablado de la necesidad de aprobar los Presupuestos Generales del estado para 2018, unos presupuestos buenos para los espa\u00f1oles. \u201cHemos superado dificultades de todo tipo. Sabemos convertir las adversidades en oportunidades\u201d, ha subrayado.<\/p>\n","protected":false},"excerpt":{"rendered":"<p>El presidente del Gobierno y del Partido Popular, Mariano Rajoy, ha asegurado que \u201cel PP siempre estar\u00e1 con las v\u00edctimas del terrorismo, con sus familias, cuidando de que nadie cuente historias para ocultar la verdadera historia de lo ocurrido y nunca admitir\u00e1 ni impunidad, ni mentiras\u201d. \u201cA nosotros nos parece bien que desaparezca ETA, nunca [&hellip;]<\/p>\n","protected":false},"author":1,"featured_media":979340,"comment_status":"closed","ping_status":"closed","sticky":false,"template":"","format":"standard","meta":{"footnotes":""},"categories":[1],"tags":[],"class_list":["post-979338","post","type-post","status-publish","format-standard","has-post-thumbnail","hentry","category-actualidad"],"aioseo_notices":[],"aioseo_head":"\n\t\t<!-- All in One SEO Pro 5.0.1 - aioseo.com -->\n\t<meta name=\"description\" content=\"El presidente del Gobierno y del Partido Popular, Mariano Rajoy, ha asegurado que \u201cel PP siempre estar\u00e1 con las v\u00edctimas del terrorismo, con sus familias, cuidando de que nadie cuente historias para ocultar la verdadera historia de lo ocurrido y nunca admitir\u00e1 ni impunidad, ni mentiras\u201d. \u201cA nosotros nos parece bien que desaparezca ETA, nunca\" \/>\n\t<meta name=\"robots\" content=\"max-image-preview:large\" \/>\n\t<meta name=\"author\" content=\"El Digital de Asturias\"\/>\n\t<meta name=\"google-site-verification\" content=\"UA-38556648-1\" \/>\n\t<meta name=\"msvalidate.01\" content=\"7dfe9f3f1b24437ab69f4f2559babe99\" \/>\n\t<meta name=\"keywords\" content=\"actualidad\" \/>\n\t<link rel=\"canonical\" href=\"https:\/\/www.eldigitaldeasturias.com\/noticias\/rajoy-el-partido-popular-nunca-admitira-ni-impunidad-ni-mentiras\/\" \/>\n\t<meta name=\"generator\" content=\"All in One SEO Pro (AIOSEO) 5.0.1\" \/>\n\t\t<meta property=\"og:locale\" content=\"es_ES\" \/>\n\t\t<meta property=\"og:site_name\" content=\"El Digital de Asturias\" \/>\n\t\t<meta property=\"og:type\" content=\"article\" \/>\n\t\t<meta property=\"og:title\" content=\"Rajoy: \u201cEl Partido Popular nunca admitir\u00e1 ni impunidad, ni mentiras\u201d - El Digital de Asturias\" \/>\n\t\t<meta property=\"og:description\" content=\"El presidente del Gobierno y del Partido Popular, Mariano Rajoy, ha asegurado que \u201cel PP siempre estar\u00e1 con las v\u00edctimas del terrorismo, con sus familias, cuidando de que nadie cuente historias para ocultar la verdadera historia de lo ocurrido y nunca admitir\u00e1 ni impunidad, ni mentiras\u201d. \u201cA nosotros nos parece bien que desaparezca ETA, nunca\" \/>\n\t\t<meta property=\"og:url\" content=\"https:\/\/www.eldigitaldeasturias.com\/noticias\/rajoy-el-partido-popular-nunca-admitira-ni-impunidad-ni-mentiras\/\" \/>\n\t\t<meta property=\"article:tag\" content=\"actualidad\" \/>\n\t\t<meta property=\"article:published_time\" content=\"2018-05-06T22:05:40+00:00\" \/>\n\t\t<meta property=\"article:modified_time\" content=\"2018-05-06T22:05:40+00:00\" \/>\n\t\t<meta property=\"article:publisher\" content=\"https:\/\/facebook.com\/eldigitaldeasturias\" \/>\n\t\t<meta name=\"twitter:card\" content=\"summary_large_image\" \/>\n\t\t<meta name=\"twitter:title\" content=\"Rajoy: \u201cEl Partido Popular nunca admitir\u00e1 ni impunidad, ni mentiras\u201d - El Digital de Asturias\" \/>\n\t\t<meta name=\"twitter:description\" content=\"El presidente del Gobierno y del Partido Popular, Mariano Rajoy, ha asegurado que \u201cel PP siempre estar\u00e1 con las v\u00edctimas del terrorismo, con sus familias, cuidando de que nadie cuente historias para ocultar la verdadera historia de lo ocurrido y nunca admitir\u00e1 ni impunidad, ni mentiras\u201d. \u201cA nosotros nos parece bien que desaparezca ETA, nunca\" \/>\n\t\t<meta name=\"twitter:image\" content=\"https:\/\/www.eldigitaldeasturias.com\/noticias\/wp-content\/uploads\/2020\/12\/EDA-1.jpg\" \/>\n\t\t<meta name=\"twitter:label1\" content=\"Escrito por\" \/>\n\t\t<meta name=\"twitter:data1\" content=\"El Digital de Asturias\" \/>\n\t\t<meta name=\"twitter:label2\" content=\"Tiempo de lectura estimado\" \/>\n\t\t<meta name=\"twitter:data2\" content=\"3 minutos\" \/>\n\t\t<script type=\"application\/ld+json\" class=\"aioseo-schema\">\n\t\t\t{\"@context\":\"https:\\\/\\\/schema.org\",\"@graph\":[{\"@type\":\"BlogPosting\",\"@id\":\"https:\\\/\\\/www.eldigitaldeasturias.com\\\/noticias\\\/rajoy-el-partido-popular-nunca-admitira-ni-impunidad-ni-mentiras\\\/#blogposting\",\"name\":\"Rajoy: \\u201cEl Partido Popular nunca admitir\\u00e1 ni impunidad, ni mentiras\\u201d - El Digital de Asturias\",\"headline\":\"Rajoy: \\u201cEl Partido Popular nunca admitir\\u00e1 ni impunidad, ni mentiras\\u201d\",\"author\":{\"@id\":\"https:\\\/\\\/www.eldigitaldeasturias.com\\\/noticias\\\/author\\\/admin\\\/#author\"},\"publisher\":{\"@id\":\"https:\\\/\\\/www.eldigitaldeasturias.com\\\/noticias\\\/#organization\"},\"image\":{\"@type\":\"ImageObject\",\"url\":979340},\"datePublished\":\"2018-05-06T22:05:40+02:00\",\"dateModified\":\"2018-05-06T22:05:40+02:00\",\"inLanguage\":\"es-ES\",\"mainEntityOfPage\":{\"@id\":\"https:\\\/\\\/www.eldigitaldeasturias.com\\\/noticias\\\/rajoy-el-partido-popular-nunca-admitira-ni-impunidad-ni-mentiras\\\/#webpage\"},\"isPartOf\":{\"@id\":\"https:\\\/\\\/www.eldigitaldeasturias.com\\\/noticias\\\/rajoy-el-partido-popular-nunca-admitira-ni-impunidad-ni-mentiras\\\/#webpage\"},\"articleSection\":\"Actualidad\"},{\"@type\":\"BreadcrumbList\",\"@id\":\"https:\\\/\\\/www.eldigitaldeasturias.com\\\/noticias\\\/rajoy-el-partido-popular-nunca-admitira-ni-impunidad-ni-mentiras\\\/#breadcrumblist\",\"itemListElement\":[{\"@type\":\"ListItem\",\"@id\":\"https:\\\/\\\/www.eldigitaldeasturias.com\\\/noticias#listItem\",\"position\":1,\"name\":\"Home\",\"item\":\"https:\\\/\\\/www.eldigitaldeasturias.com\\\/noticias\",\"nextItem\":{\"@type\":\"ListItem\",\"@id\":\"https:\\\/\\\/www.eldigitaldeasturias.com\\\/noticias\\\/category\\\/actualidad\\\/#listItem\",\"name\":\"Actualidad\"}},{\"@type\":\"ListItem\",\"@id\":\"https:\\\/\\\/www.eldigitaldeasturias.com\\\/noticias\\\/category\\\/actualidad\\\/#listItem\",\"position\":2,\"name\":\"Actualidad\",\"item\":\"https:\\\/\\\/www.eldigitaldeasturias.com\\\/noticias\\\/category\\\/actualidad\\\/\",\"nextItem\":{\"@type\":\"ListItem\",\"@id\":\"https:\\\/\\\/www.eldigitaldeasturias.com\\\/noticias\\\/rajoy-el-partido-popular-nunca-admitira-ni-impunidad-ni-mentiras\\\/#listItem\",\"name\":\"Rajoy: \\u201cEl Partido Popular nunca admitir\\u00e1 ni impunidad, ni mentiras\\u201d\"},\"previousItem\":{\"@type\":\"ListItem\",\"@id\":\"https:\\\/\\\/www.eldigitaldeasturias.com\\\/noticias#listItem\",\"name\":\"Home\"}},{\"@type\":\"ListItem\",\"@id\":\"https:\\\/\\\/www.eldigitaldeasturias.com\\\/noticias\\\/rajoy-el-partido-popular-nunca-admitira-ni-impunidad-ni-mentiras\\\/#listItem\",\"position\":3,\"name\":\"Rajoy: \\u201cEl Partido Popular nunca admitir\\u00e1 ni impunidad, ni mentiras\\u201d\",\"previousItem\":{\"@type\":\"ListItem\",\"@id\":\"https:\\\/\\\/www.eldigitaldeasturias.com\\\/noticias\\\/category\\\/actualidad\\\/#listItem\",\"name\":\"Actualidad\"}}]},{\"@type\":\"Organization\",\"@id\":\"https:\\\/\\\/www.eldigitaldeasturias.com\\\/noticias\\\/#organization\",\"name\":\"El Digital de Asturias\",\"description\":\"Hemeroteca\",\"url\":\"https:\\\/\\\/www.eldigitaldeasturias.com\\\/noticias\\\/\",\"email\":\"info@eldigitaldeasturias.com\",\"telephone\":\"+34652131393\",\"logo\":{\"@type\":\"ImageObject\",\"url\":\"https:\\\/\\\/www.eldigitaldeasturias.com\\\/noticias\\\/wp-content\\\/uploads\\\/2020\\\/12\\\/EDA.jpg\",\"@id\":\"https:\\\/\\\/www.eldigitaldeasturias.com\\\/noticias\\\/rajoy-el-partido-popular-nunca-admitira-ni-impunidad-ni-mentiras\\\/#organizationLogo\"},\"image\":{\"@id\":\"https:\\\/\\\/www.eldigitaldeasturias.com\\\/noticias\\\/rajoy-el-partido-popular-nunca-admitira-ni-impunidad-ni-mentiras\\\/#organizationLogo\"},\"sameAs\":[\"https:\\\/\\\/facebook.com\\\/eldigitaldeasturias\",\"https:\\\/\\\/www.youtube.com\\\/channel\\\/UCZP-2wLEB9Rv6erhFmqVnvg\"],\"address\":{\"@id\":\"https:\\\/\\\/www.eldigitaldeasturias.com\\\/noticias\\\/#postaladdress\",\"@type\":\"PostalAddress\",\"streetAddress\":\"san antonio 4\",\"postalCode\":\"33430\",\"addressLocality\":\"Cand\\u00e1s\",\"addressRegion\":\"Asturias\",\"addressCountry\":\"ES\"}},{\"@type\":\"Person\",\"@id\":\"https:\\\/\\\/www.eldigitaldeasturias.com\\\/noticias\\\/author\\\/admin\\\/#author\",\"url\":\"https:\\\/\\\/www.eldigitaldeasturias.com\\\/noticias\\\/author\\\/admin\\\/\",\"name\":\"El Digital de Asturias\",\"image\":{\"@type\":\"ImageObject\",\"@id\":\"https:\\\/\\\/www.eldigitaldeasturias.com\\\/noticias\\\/rajoy-el-partido-popular-nunca-admitira-ni-impunidad-ni-mentiras\\\/#authorImage\",\"url\":\"https:\\\/\\\/secure.gravatar.com\\\/avatar\\\/df2aeffc32bcd13f8d26072ef8a91b623d677766deac7f97ca815868cd41bf5e?s=96&d=mm&r=g\",\"width\":96,\"height\":96,\"caption\":\"El Digital de Asturias\"}},{\"@type\":\"WebPage\",\"@id\":\"https:\\\/\\\/www.eldigitaldeasturias.com\\\/noticias\\\/rajoy-el-partido-popular-nunca-admitira-ni-impunidad-ni-mentiras\\\/#webpage\",\"url\":\"https:\\\/\\\/www.eldigitaldeasturias.com\\\/noticias\\\/rajoy-el-partido-popular-nunca-admitira-ni-impunidad-ni-mentiras\\\/\",\"name\":\"Rajoy: \\u201cEl Partido Popular nunca admitir\\u00e1 ni impunidad, ni mentiras\\u201d - El Digital de Asturias\",\"description\":\"El presidente del Gobierno y del Partido Popular, Mariano Rajoy, ha asegurado que \\u201cel PP siempre estar\\u00e1 con las v\\u00edctimas del terrorismo, con sus familias, cuidando de que nadie cuente historias para ocultar la verdadera historia de lo ocurrido y nunca admitir\\u00e1 ni impunidad, ni mentiras\\u201d. \\u201cA nosotros nos parece bien que desaparezca ETA, nunca\",\"inLanguage\":\"es-ES\",\"isPartOf\":{\"@id\":\"https:\\\/\\\/www.eldigitaldeasturias.com\\\/noticias\\\/#website\"},\"breadcrumb\":{\"@id\":\"https:\\\/\\\/www.eldigitaldeasturias.com\\\/noticias\\\/rajoy-el-partido-popular-nunca-admitira-ni-impunidad-ni-mentiras\\\/#breadcrumblist\"},\"author\":{\"@id\":\"https:\\\/\\\/www.eldigitaldeasturias.com\\\/noticias\\\/author\\\/admin\\\/#author\"},\"creator\":{\"@id\":\"https:\\\/\\\/www.eldigitaldeasturias.com\\\/noticias\\\/author\\\/admin\\\/#author\"},\"image\":{\"@type\":\"ImageObject\",\"url\":979340,\"@id\":\"https:\\\/\\\/www.eldigitaldeasturias.com\\\/noticias\\\/rajoy-el-partido-popular-nunca-admitira-ni-impunidad-ni-mentiras\\\/#mainImage\"},\"primaryImageOfPage\":{\"@id\":\"https:\\\/\\\/www.eldigitaldeasturias.com\\\/noticias\\\/rajoy-el-partido-popular-nunca-admitira-ni-impunidad-ni-mentiras\\\/#mainImage\"},\"datePublished\":\"2018-05-06T22:05:40+02:00\",\"dateModified\":\"2018-05-06T22:05:40+02:00\"},{\"@type\":\"WebSite\",\"@id\":\"https:\\\/\\\/www.eldigitaldeasturias.com\\\/noticias\\\/#website\",\"url\":\"https:\\\/\\\/www.eldigitaldeasturias.com\\\/noticias\\\/\",\"name\":\"El Digital de Asturias - Diario de actualidad y noticias\",\"alternateName\":\"El Digital de Asturias - Diario de actualidad y noticias\",\"description\":\"Hemeroteca\",\"inLanguage\":\"es-ES\",\"publisher\":{\"@id\":\"https:\\\/\\\/www.eldigitaldeasturias.com\\\/noticias\\\/#organization\"}}]}\n\t\t<\/script>\n\t\t<!-- All in One SEO Pro -->\r\n\t\t<title>Rajoy: \u201cEl Partido Popular nunca admitir\u00e1 ni impunidad, ni mentiras\u201d - El Digital de Asturias<\/title>\n\n","aioseo_head_json":{"title":"Rajoy: \u201cEl Partido Popular nunca admitir\u00e1 ni impunidad, ni mentiras\u201d - El Digital de Asturias","description":"El presidente del Gobierno y del Partido Popular, Mariano Rajoy, ha asegurado que \u201cel PP siempre estar\u00e1 con las v\u00edctimas del terrorismo, con sus familias, cuidando de que nadie cuente historias para ocultar la verdadera historia de lo ocurrido y nunca admitir\u00e1 ni impunidad, ni mentiras\u201d. \u201cA nosotros nos parece bien que desaparezca ETA, nunca","canonical_url":"https:\/\/www.eldigitaldeasturias.com\/noticias\/rajoy-el-partido-popular-nunca-admitira-ni-impunidad-ni-mentiras\/","robots":"max-image-preview:large","keywords":"actualidad","webmasterTools":{"google-site-verification":"UA-38556648-1","msvalidate.01":"7dfe9f3f1b24437ab69f4f2559babe99","miscellaneous":""},"schema":{"@context":"https:\/\/schema.org","@graph":[{"@type":"BlogPosting","@id":"https:\/\/www.eldigitaldeasturias.com\/noticias\/rajoy-el-partido-popular-nunca-admitira-ni-impunidad-ni-mentiras\/#blogposting","name":"Rajoy: \u201cEl Partido Popular nunca admitir\u00e1 ni impunidad, ni mentiras\u201d - El Digital de Asturias","headline":"Rajoy: \u201cEl Partido Popular nunca admitir\u00e1 ni impunidad, ni mentiras\u201d","author":{"@id":"https:\/\/www.eldigitaldeasturias.com\/noticias\/author\/admin\/#author"},"publisher":{"@id":"https:\/\/www.eldigitaldeasturias.com\/noticias\/#organization"},"image":{"@type":"ImageObject","url":979340},"datePublished":"2018-05-06T22:05:40+02:00","dateModified":"2018-05-06T22:05:40+02:00","inLanguage":"es-ES","mainEntityOfPage":{"@id":"https:\/\/www.eldigitaldeasturias.com\/noticias\/rajoy-el-partido-popular-nunca-admitira-ni-impunidad-ni-mentiras\/#webpage"},"isPartOf":{"@id":"https:\/\/www.eldigitaldeasturias.com\/noticias\/rajoy-el-partido-popular-nunca-admitira-ni-impunidad-ni-mentiras\/#webpage"},"articleSection":"Actualidad"},{"@type":"BreadcrumbList","@id":"https:\/\/www.eldigitaldeasturias.com\/noticias\/rajoy-el-partido-popular-nunca-admitira-ni-impunidad-ni-mentiras\/#breadcrumblist","itemListElement":[{"@type":"ListItem","@id":"https:\/\/www.eldigitaldeasturias.com\/noticias#listItem","position":1,"name":"Home","item":"https:\/\/www.eldigitaldeasturias.com\/noticias","nextItem":{"@type":"ListItem","@id":"https:\/\/www.eldigitaldeasturias.com\/noticias\/category\/actualidad\/#listItem","name":"Actualidad"}},{"@type":"ListItem","@id":"https:\/\/www.eldigitaldeasturias.com\/noticias\/category\/actualidad\/#listItem","position":2,"name":"Actualidad","item":"https:\/\/www.eldigitaldeasturias.com\/noticias\/category\/actualidad\/","nextItem":{"@type":"ListItem","@id":"https:\/\/www.eldigitaldeasturias.com\/noticias\/rajoy-el-partido-popular-nunca-admitira-ni-impunidad-ni-mentiras\/#listItem","name":"Rajoy: \u201cEl Partido Popular nunca admitir\u00e1 ni impunidad, ni mentiras\u201d"},"previousItem":{"@type":"ListItem","@id":"https:\/\/www.eldigitaldeasturias.com\/noticias#listItem","name":"Home"}},{"@type":"ListItem","@id":"https:\/\/www.eldigitaldeasturias.com\/noticias\/rajoy-el-partido-popular-nunca-admitira-ni-impunidad-ni-mentiras\/#listItem","position":3,"name":"Rajoy: \u201cEl Partido Popular nunca admitir\u00e1 ni impunidad, ni mentiras\u201d","previousItem":{"@type":"ListItem","@id":"https:\/\/www.eldigitaldeasturias.com\/noticias\/category\/actualidad\/#listItem","name":"Actualidad"}}]},{"@type":"Organization","@id":"https:\/\/www.eldigitaldeasturias.com\/noticias\/#organization","name":"El Digital de Asturias","description":"Hemeroteca","url":"https:\/\/www.eldigitaldeasturias.com\/noticias\/","email":"info@eldigitaldeasturias.com","telephone":"+34652131393","logo":{"@type":"ImageObject","url":"https:\/\/www.eldigitaldeasturias.com\/noticias\/wp-content\/uploads\/2020\/12\/EDA.jpg","@id":"https:\/\/www.eldigitaldeasturias.com\/noticias\/rajoy-el-partido-popular-nunca-admitira-ni-impunidad-ni-mentiras\/#organizationLogo"},"image":{"@id":"https:\/\/www.eldigitaldeasturias.com\/noticias\/rajoy-el-partido-popular-nunca-admitira-ni-impunidad-ni-mentiras\/#organizationLogo"},"sameAs":["https:\/\/facebook.com\/eldigitaldeasturias","https:\/\/www.youtube.com\/channel\/UCZP-2wLEB9Rv6erhFmqVnvg"],"address":{"@id":"https:\/\/www.eldigitaldeasturias.com\/noticias\/#postaladdress","@type":"PostalAddress","streetAddress":"san antonio 4","postalCode":"33430","addressLocality":"Cand\u00e1s","addressRegion":"Asturias","addressCountry":"ES"}},{"@type":"Person","@id":"https:\/\/www.eldigitaldeasturias.com\/noticias\/author\/admin\/#author","url":"https:\/\/www.eldigitaldeasturias.com\/noticias\/author\/admin\/","name":"El Digital de Asturias","image":{"@type":"ImageObject","@id":"https:\/\/www.eldigitaldeasturias.com\/noticias\/rajoy-el-partido-popular-nunca-admitira-ni-impunidad-ni-mentiras\/#authorImage","url":"https:\/\/secure.gravatar.com\/avatar\/df2aeffc32bcd13f8d26072ef8a91b623d677766deac7f97ca815868cd41bf5e?s=96&d=mm&r=g","width":96,"height":96,"caption":"El Digital de Asturias"}},{"@type":"WebPage","@id":"https:\/\/www.eldigitaldeasturias.com\/noticias\/rajoy-el-partido-popular-nunca-admitira-ni-impunidad-ni-mentiras\/#webpage","url":"https:\/\/www.eldigitaldeasturias.com\/noticias\/rajoy-el-partido-popular-nunca-admitira-ni-impunidad-ni-mentiras\/","name":"Rajoy: \u201cEl Partido Popular nunca admitir\u00e1 ni impunidad, ni mentiras\u201d - El Digital de Asturias","description":"El presidente del Gobierno y del Partido Popular, Mariano Rajoy, ha asegurado que \u201cel PP siempre estar\u00e1 con las v\u00edctimas del terrorismo, con sus familias, cuidando de que nadie cuente historias para ocultar la verdadera historia de lo ocurrido y nunca admitir\u00e1 ni impunidad, ni mentiras\u201d. \u201cA nosotros nos parece bien que desaparezca ETA, nunca","inLanguage":"es-ES","isPartOf":{"@id":"https:\/\/www.eldigitaldeasturias.com\/noticias\/#website"},"breadcrumb":{"@id":"https:\/\/www.eldigitaldeasturias.com\/noticias\/rajoy-el-partido-popular-nunca-admitira-ni-impunidad-ni-mentiras\/#breadcrumblist"},"author":{"@id":"https:\/\/www.eldigitaldeasturias.com\/noticias\/author\/admin\/#author"},"creator":{"@id":"https:\/\/www.eldigitaldeasturias.com\/noticias\/author\/admin\/#author"},"image":{"@type":"ImageObject","url":979340,"@id":"https:\/\/www.eldigitaldeasturias.com\/noticias\/rajoy-el-partido-popular-nunca-admitira-ni-impunidad-ni-mentiras\/#mainImage"},"primaryImageOfPage":{"@id":"https:\/\/www.eldigitaldeasturias.com\/noticias\/rajoy-el-partido-popular-nunca-admitira-ni-impunidad-ni-mentiras\/#mainImage"},"datePublished":"2018-05-06T22:05:40+02:00","dateModified":"2018-05-06T22:05:40+02:00"},{"@type":"WebSite","@id":"https:\/\/www.eldigitaldeasturias.com\/noticias\/#website","url":"https:\/\/www.eldigitaldeasturias.com\/noticias\/","name":"El Digital de Asturias - Diario de actualidad y noticias","alternateName":"El Digital de Asturias - Diario de actualidad y noticias","description":"Hemeroteca","inLanguage":"es-ES","publisher":{"@id":"https:\/\/www.eldigitaldeasturias.com\/noticias\/#organization"}}]},"og:locale":"es_ES","og:site_name":"El Digital de Asturias","og:type":"article","og:title":"Rajoy: \u201cEl Partido Popular nunca admitir\u00e1 ni impunidad, ni mentiras\u201d - El Digital de Asturias","og:description":"El presidente del Gobierno y del Partido Popular, Mariano Rajoy, ha asegurado que \u201cel PP siempre estar\u00e1 con las v\u00edctimas del terrorismo, con sus familias, cuidando de que nadie cuente historias para ocultar la verdadera historia de lo ocurrido y nunca admitir\u00e1 ni impunidad, ni mentiras\u201d. \u201cA nosotros nos parece bien que desaparezca ETA, nunca","og:url":"https:\/\/www.eldigitaldeasturias.com\/noticias\/rajoy-el-partido-popular-nunca-admitira-ni-impunidad-ni-mentiras\/","article:tag":["actualidad"],"article:published_time":"2018-05-06T22:05:40+00:00","article:modified_time":"2018-05-06T22:05:40+00:00","article:publisher":"https:\/\/facebook.com\/eldigitaldeasturias","twitter:card":"summary_large_image","twitter:title":"Rajoy: \u201cEl Partido Popular nunca admitir\u00e1 ni impunidad, ni mentiras\u201d - El Digital de Asturias","twitter:description":"El presidente del Gobierno y del Partido Popular, Mariano Rajoy, ha asegurado que \u201cel PP siempre estar\u00e1 con las v\u00edctimas del terrorismo, con sus familias, cuidando de que nadie cuente historias para ocultar la verdadera historia de lo ocurrido y nunca admitir\u00e1 ni impunidad, ni mentiras\u201d. \u201cA nosotros nos parece bien que desaparezca ETA, nunca","twitter:image":"https:\/\/www.eldigitaldeasturias.com\/noticias\/wp-content\/uploads\/2020\/12\/EDA-1.jpg","twitter:label1":"Escrito por","twitter:data1":"El Digital de Asturias","twitter:label2":"Tiempo de lectura estimado","twitter:data2":"3 minutos"},"aioseo_meta_data":{"post_id":"979338","title":null,"description":null,"keywords":null,"keyphrases":null,"primary_term":null,"canonical_url":null,"og_title":null,"og_description":null,"og_object_type":"default","og_image_type":"default","og_image_url":null,"og_image_width":null,"og_image_height":null,"og_image_custom_url":null,"og_image_custom_fields":null,"og_video":null,"og_custom_url":null,"og_article_section":null,"og_article_tags":null,"twitter_use_og":false,"twitter_card":"default","twitter_image_type":"default","twitter_image_url":null,"twitter_image_custom_url":null,"twitter_image_custom_fields":null,"twitter_title":null,"twitter_description":null,"schema":{"blockGraphs":[],"customGraphs":[],"default":{"data":{"Article":[],"Course":[],"Dataset":[],"FAQPage":[],"Movie":[],"Person":[],"Product":[],"ProductReview":[],"Car":[],"Recipe":[],"Service":[],"SoftwareApplication":[],"WebPage":[]},"graphName":"","isEnabled":true},"graphs":[],"defaultGraph":"","defaultPostTypeGraph":""},"schema_type":null,"schema_type_options":null,"pillar_content":false,"robots_default":true,"robots_noindex":false,"robots_noarchive":false,"robots_nosnippet":false,"robots_nofollow":false,"robots_noimageindex":false,"robots_noodp":false,"robots_notranslate":false,"robots_max_snippet":null,"robots_max_videopreview":null,"robots_max_imagepreview":"large","priority":null,"frequency":null,"local_seo":null,"seo_analyzer_scan_date":"2025-10-08 13:59:14","breadcrumb_settings":null,"limit_modified_date":false,"open_ai":null,"ai":null,"created":"2020-12-21 11:59:38","updated":"2025-10-08 13:59:14","focus_keyword":null,"additional_keywords":null,"truseo_locale":null},"aioseo_breadcrumb":"<div class=\"aioseo-breadcrumbs\"><span class=\"aioseo-breadcrumb\">\n\t<a href=\"https:\/\/www.eldigitaldeasturias.com\/noticias\" title=\"Home\">Home<\/a>\n<\/span><span class=\"aioseo-breadcrumb-separator\">\u2013<\/span><span class=\"aioseo-breadcrumb\">\n\t<a href=\"https:\/\/www.eldigitaldeasturias.com\/noticias\/category\/actualidad\/\" title=\"Actualidad\">Actualidad<\/a>\n<\/span><span class=\"aioseo-breadcrumb-separator\">\u2013<\/span><span class=\"aioseo-breadcrumb\">\n\t<a href=\"https:\/\/www.eldigitaldeasturias.com\/noticias\/rajoy-el-partido-popular-nunca-admitira-ni-impunidad-ni-mentiras\/\" title=\"Rajoy: \u201cEl Partido Popular nunca admitir\u00e1 ni impunidad, ni mentiras\u201d\">Rajoy: \u201cEl Partido Popular nunca admitir\u00e1 ni impunidad, ni mentiras\u201d<\/a>\n<\/span><\/div>","aioseo_breadcrumb_json":[{"label":"Home","link":"https:\/\/www.eldigitaldeasturias.com\/noticias"},{"label":"Actualidad","link":"https:\/\/www.eldigitaldeasturias.com\/noticias\/category\/actualidad\/"},{"label":"Rajoy: \u201cEl Partido Popular nunca admitir\u00e1 ni impunidad, ni mentiras\u201d","link":"https:\/\/www.eldigitaldeasturias.com\/noticias\/rajoy-el-partido-popular-nunca-admitira-ni-impunidad-ni-mentiras\/"}],"_links":{"self":[{"href":"https:\/\/www.eldigitaldeasturias.com\/noticias\/wp-json\/wp\/v2\/posts\/979338","targetHints":{"allow":["GET"]}}],"collection":[{"href":"https:\/\/www.eldigitaldeasturias.com\/noticias\/wp-json\/wp\/v2\/posts"}],"about":[{"href":"https:\/\/www.eldigitaldeasturias.com\/noticias\/wp-json\/wp\/v2\/types\/post"}],"author":[{"embeddable":true,"href":"https:\/\/www.eldigitaldeasturias.com\/noticias\/wp-json\/wp\/v2\/users\/1"}],"replies":[{"embeddable":true,"href":"https:\/\/www.eldigitaldeasturias.com\/noticias\/wp-json\/wp\/v2\/comments?post=979338"}],"version-history":[{"count":0,"href":"https:\/\/www.eldigitaldeasturias.com\/noticias\/wp-json\/wp\/v2\/posts\/979338\/revisions"}],"wp:attachment":[{"href":"https:\/\/www.eldigitaldeasturias.com\/noticias\/wp-json\/wp\/v2\/media?parent=979338"}],"wp:term":[{"taxonomy":"category","embeddable":true,"href":"https:\/\/www.eldigitaldeasturias.com\/noticias\/wp-json\/wp\/v2\/categories?post=979338"},{"taxonomy":"post_tag","embeddable":true,"href":"https:\/\/www.eldigitaldeasturias.com\/noticias\/wp-json\/wp\/v2\/tags?post=979338"}],"curies":[{"name":"wp","href":"https:\/\/api.w.org\/{rel}","templated":true}]}}