{"id":979331,"date":"2018-05-06T21:56:49","date_gmt":"2018-05-06T21:56:49","guid":{"rendered":"http:\/\/www.eldigitaldeasturias.com\/noticias\/?p=979331"},"modified":"2018-05-06T21:56:49","modified_gmt":"2018-05-06T21:56:49","slug":"la-detencion-masiva-de-opositores-empana-la-investidura-de-putin","status":"publish","type":"post","link":"https:\/\/www.eldigitaldeasturias.com\/noticias\/la-detencion-masiva-de-opositores-empana-la-investidura-de-putin\/","title":{"rendered":"La detenci\u00f3n masiva de opositores empa\u00f1a la investidura de Putin"},"content":{"rendered":"<p><img loading=\"lazy\" decoding=\"async\" class=\"alignleft size-medium wp-image-969687\" src=\"https:\/\/www.eldigitaldeasturias.com\/noticias\/wp-content\/uploads\/2018\/02\/putin-2847423_1280-360x238.jpg\" alt=\"\" width=\"360\" height=\"238\" \/>Mosc\u00fa, 6 may (dpa) &#8211; La dura actuaci\u00f3n policial y la detenci\u00f3n de opositores durante las manifestaciones del s\u00e1bado empa\u00f1ar\u00e1n la investidura de Vladimir Putin, que el lunes asumir\u00e1 de nuevo como presidente para otros seis a\u00f1os de mandato.<\/p>\n<p>En las manifestaciones del s\u00e1bado contra Putin fueron arrestadas 1.600 personas en todo el pa\u00eds, de ellas m\u00e1s de 700 en Mosc\u00fa, seg\u00fan el portal de derechos humanos OVD-Info. Sin embargo, la polic\u00eda rusa s\u00f3lo reconoce 300 arrestos en la capital y 200 en San Petersburgo, en el norte del pa\u00eds.<\/p>\n<p>Uno de los detenidos fue el l\u00edder opositor Alexei Navalny, convocante de las manifestaciones, que fue puesto en libertad poco despu\u00e9s de la medianoche, seg\u00fan confirm\u00f3 hoy \u00e9l mismo en Twitter. \u00abNo nos dejaremos convertir en esclavos, lucharemos\u00bb, tuite\u00f3 Navalny.<\/p>\n<p>El opositor explic\u00f3 que ser\u00e1 acusado de organizar un evento p\u00fablico sin permiso y de resistencia a la polic\u00eda, explic\u00f3. Un tribunal ver\u00e1 su caso el pr\u00f3ximo 11 de mayo, inform\u00f3 un abogado de su fundaci\u00f3n anticorrupci\u00f3n a la agencia de noticias Interfax.<\/p>\n<p>Navalny convoc\u00f3 a sus seguidores a salir a las calles del pa\u00eds el s\u00e1bado para protestar contra Putin bajo el lema: \u00abNo es un zar para nosotros\u00bb.<\/p>\n<p>Las manifestaciones contra la prolongada permanencia en el poder de Putin (18 a\u00f1os), as\u00ed como contra la corrupci\u00f3n y la censura en Internet en Rusia se extendieron a unas 90 ciudades del pa\u00eds.<\/p>\n<p>Durante las protestas en Mosc\u00fa se vivieron escenas de mucha tensi\u00f3n. Navalny lleg\u00f3 a la manifestaci\u00f3n en la plaza Pushkin sin que nadie se lo impidiese, pero la polic\u00eda lo sac\u00f3 de entre la multitud y lo arrest\u00f3. Unidades acorazadas desalojaron la plaza, utilizaron bastones y detuvieron a manifestantes de forma aleatoria.<\/p>\n<p>Durante la noche rein\u00f3 el caos en las saturadas comisar\u00edas de Polic\u00eda de Mosc\u00fa. Seg\u00fan relataban algunos detenidos en Internet, no hab\u00eda hueco para poder dormir. Tambi\u00e9n fueron detenidos menores de edad, que fueron liberados por la tarde y entregados a sus padres.<\/p>\n<p>Gener\u00f3 bastante temor el hecho de que, junto a los polic\u00edas, tambi\u00e9n actuasen contra los manifestantes unos hombres vestidos con uniforme de cosaco y que llevaban l\u00e1tigos. En realidad los cosacos son ya m\u00e1s bien s\u00f3lo parte del folclore ruso, pero algunos de ellos suelen actuar como \u00abpolic\u00edas de apoyo\u00bb. Tambi\u00e9n podr\u00edan hacerlo durante el pr\u00f3ximo Mundial de F\u00fatbol, que se celebra en Rusia.<\/p>\n<p>\u00abSi se utilizan formaciones ilegales para proteger al r\u00e9gimen, es una guerra civil\u00bb, coment\u00f3 el polit\u00f3logo Andrei Kolesnikov, del Centro Carnegie de Mosc\u00fa.<\/p>\n<p>Navalny pretend\u00eda reeditar las masivas protestas realizadas en 2012 contra la investidura de Putin. El entonces primer ministro hab\u00eda pactado un intercambio de cargos con el presidente Dmitri Medvedev para volver a la jefatura del Estado. Putin reprimi\u00f3 las protestas de entonces e impuso duros castigos a los organizadores.<\/p>\n<p>Las protestas de este s\u00e1bado fueron sin embargo menos multitudinarias y tambi\u00e9n movilizaron a menos participantes que en las manifestaciones convocadas el a\u00f1o pasado por Navalny.<\/p>\n<p>La \u00faltima vez que la Polic\u00eda actu\u00f3 de esta forma contra Navalny y sus seguidores fue en marzo de 2017. Ese mes se celebraron las elecciones presidenciales en Rusia, para las que Navalny fue inhabilitado por una controvertida condena. Entonces fueron arrestadas 1.500 personas.<\/p>\n<p>Los arrestos hacen peligrar la libertad de prensa y reuni\u00f3n en Rusia, advirti\u00f3 la alta representante de Pol\u00edtica Exterior de la Uni\u00f3n Europea (UE), Federica Mogherini. \u00abEsos derechos est\u00e1n recogidos en la Constituci\u00f3n rusa y esperamos que sean protegidos\u00bb, dijo desde Bruselas.<\/p>\n<p>Por Friedemann Kohler (dpa)<\/p>\n","protected":false},"excerpt":{"rendered":"<p>Mosc\u00fa, 6 may (dpa) &#8211; La dura actuaci\u00f3n policial y la detenci\u00f3n de opositores durante las manifestaciones del s\u00e1bado empa\u00f1ar\u00e1n la investidura de Vladimir Putin, que el lunes asumir\u00e1 de nuevo como presidente para otros seis a\u00f1os de mandato. En las manifestaciones del s\u00e1bado contra Putin fueron arrestadas 1.600 personas en todo el pa\u00eds, de [&hellip;]<\/p>\n","protected":false},"author":1,"featured_media":969687,"comment_status":"closed","ping_status":"closed","sticky":false,"template":"","format":"standard","meta":{"footnotes":""},"categories":[1],"tags":[],"class_list":["post-979331","post","type-post","status-publish","format-standard","has-post-thumbnail","hentry","category-actualidad"],"aioseo_notices":[],"aioseo_head":"\n\t\t<!-- All in One SEO Pro 5.0.1 - aioseo.com -->\n\t<meta name=\"description\" content=\"Mosc\u00fa, 6 may (dpa) - La dura actuaci\u00f3n policial y la detenci\u00f3n de opositores durante las manifestaciones del s\u00e1bado empa\u00f1ar\u00e1n la investidura de Vladimir Putin, que el lunes asumir\u00e1 de nuevo como presidente para otros seis a\u00f1os de mandato. En las manifestaciones del s\u00e1bado contra Putin fueron arrestadas 1.600 personas en todo el pa\u00eds, de\" \/>\n\t<meta name=\"robots\" content=\"max-image-preview:large\" \/>\n\t<meta name=\"author\" content=\"El Digital de Asturias\"\/>\n\t<meta name=\"google-site-verification\" content=\"UA-38556648-1\" \/>\n\t<meta name=\"msvalidate.01\" content=\"7dfe9f3f1b24437ab69f4f2559babe99\" \/>\n\t<meta name=\"keywords\" content=\"actualidad\" \/>\n\t<link rel=\"canonical\" href=\"https:\/\/www.eldigitaldeasturias.com\/noticias\/la-detencion-masiva-de-opositores-empana-la-investidura-de-putin\/\" \/>\n\t<meta name=\"generator\" content=\"All in One SEO Pro (AIOSEO) 5.0.1\" \/>\n\t\t<meta property=\"og:locale\" content=\"es_ES\" \/>\n\t\t<meta property=\"og:site_name\" content=\"El Digital de Asturias\" \/>\n\t\t<meta property=\"og:type\" content=\"article\" \/>\n\t\t<meta property=\"og:title\" content=\"La detenci\u00f3n masiva de opositores empa\u00f1a la investidura de Putin - El Digital de Asturias\" \/>\n\t\t<meta property=\"og:description\" content=\"Mosc\u00fa, 6 may (dpa) - La dura actuaci\u00f3n policial y la detenci\u00f3n de opositores durante las manifestaciones del s\u00e1bado empa\u00f1ar\u00e1n la investidura de Vladimir Putin, que el lunes asumir\u00e1 de nuevo como presidente para otros seis a\u00f1os de mandato. En las manifestaciones del s\u00e1bado contra Putin fueron arrestadas 1.600 personas en todo el pa\u00eds, de\" \/>\n\t\t<meta property=\"og:url\" content=\"https:\/\/www.eldigitaldeasturias.com\/noticias\/la-detencion-masiva-de-opositores-empana-la-investidura-de-putin\/\" \/>\n\t\t<meta property=\"article:tag\" content=\"actualidad\" \/>\n\t\t<meta property=\"article:published_time\" content=\"2018-05-06T21:56:49+00:00\" \/>\n\t\t<meta property=\"article:modified_time\" content=\"2018-05-06T21:56:49+00:00\" \/>\n\t\t<meta property=\"article:publisher\" content=\"https:\/\/facebook.com\/eldigitaldeasturias\" \/>\n\t\t<meta name=\"twitter:card\" content=\"summary_large_image\" \/>\n\t\t<meta name=\"twitter:title\" content=\"La detenci\u00f3n masiva de opositores empa\u00f1a la investidura de Putin - El Digital de Asturias\" \/>\n\t\t<meta name=\"twitter:description\" content=\"Mosc\u00fa, 6 may (dpa) - La dura actuaci\u00f3n policial y la detenci\u00f3n de opositores durante las manifestaciones del s\u00e1bado empa\u00f1ar\u00e1n la investidura de Vladimir Putin, que el lunes asumir\u00e1 de nuevo como presidente para otros seis a\u00f1os de mandato. En las manifestaciones del s\u00e1bado contra Putin fueron arrestadas 1.600 personas en todo el pa\u00eds, de\" \/>\n\t\t<meta name=\"twitter:image\" content=\"https:\/\/www.eldigitaldeasturias.com\/noticias\/wp-content\/uploads\/2020\/12\/EDA-1.jpg\" \/>\n\t\t<meta name=\"twitter:label1\" content=\"Escrito por\" \/>\n\t\t<meta name=\"twitter:data1\" content=\"El Digital de Asturias\" \/>\n\t\t<meta name=\"twitter:label2\" content=\"Tiempo de lectura estimado\" \/>\n\t\t<meta name=\"twitter:data2\" content=\"3 minutos\" \/>\n\t\t<script type=\"application\/ld+json\" class=\"aioseo-schema\">\n\t\t\t{\"@context\":\"https:\\\/\\\/schema.org\",\"@graph\":[{\"@type\":\"BlogPosting\",\"@id\":\"https:\\\/\\\/www.eldigitaldeasturias.com\\\/noticias\\\/la-detencion-masiva-de-opositores-empana-la-investidura-de-putin\\\/#blogposting\",\"name\":\"La detenci\\u00f3n masiva de opositores empa\\u00f1a la investidura de Putin - El Digital de Asturias\",\"headline\":\"La detenci\\u00f3n masiva de opositores empa\\u00f1a la investidura de Putin\",\"author\":{\"@id\":\"https:\\\/\\\/www.eldigitaldeasturias.com\\\/noticias\\\/author\\\/admin\\\/#author\"},\"publisher\":{\"@id\":\"https:\\\/\\\/www.eldigitaldeasturias.com\\\/noticias\\\/#organization\"},\"image\":{\"@type\":\"ImageObject\",\"url\":969687},\"datePublished\":\"2018-05-06T21:56:49+02:00\",\"dateModified\":\"2018-05-06T21:56:49+02:00\",\"inLanguage\":\"es-ES\",\"mainEntityOfPage\":{\"@id\":\"https:\\\/\\\/www.eldigitaldeasturias.com\\\/noticias\\\/la-detencion-masiva-de-opositores-empana-la-investidura-de-putin\\\/#webpage\"},\"isPartOf\":{\"@id\":\"https:\\\/\\\/www.eldigitaldeasturias.com\\\/noticias\\\/la-detencion-masiva-de-opositores-empana-la-investidura-de-putin\\\/#webpage\"},\"articleSection\":\"Actualidad\"},{\"@type\":\"BreadcrumbList\",\"@id\":\"https:\\\/\\\/www.eldigitaldeasturias.com\\\/noticias\\\/la-detencion-masiva-de-opositores-empana-la-investidura-de-putin\\\/#breadcrumblist\",\"itemListElement\":[{\"@type\":\"ListItem\",\"@id\":\"https:\\\/\\\/www.eldigitaldeasturias.com\\\/noticias#listItem\",\"position\":1,\"name\":\"Home\",\"item\":\"https:\\\/\\\/www.eldigitaldeasturias.com\\\/noticias\",\"nextItem\":{\"@type\":\"ListItem\",\"@id\":\"https:\\\/\\\/www.eldigitaldeasturias.com\\\/noticias\\\/category\\\/actualidad\\\/#listItem\",\"name\":\"Actualidad\"}},{\"@type\":\"ListItem\",\"@id\":\"https:\\\/\\\/www.eldigitaldeasturias.com\\\/noticias\\\/category\\\/actualidad\\\/#listItem\",\"position\":2,\"name\":\"Actualidad\",\"item\":\"https:\\\/\\\/www.eldigitaldeasturias.com\\\/noticias\\\/category\\\/actualidad\\\/\",\"nextItem\":{\"@type\":\"ListItem\",\"@id\":\"https:\\\/\\\/www.eldigitaldeasturias.com\\\/noticias\\\/la-detencion-masiva-de-opositores-empana-la-investidura-de-putin\\\/#listItem\",\"name\":\"La detenci\\u00f3n masiva de opositores empa\\u00f1a la investidura de Putin\"},\"previousItem\":{\"@type\":\"ListItem\",\"@id\":\"https:\\\/\\\/www.eldigitaldeasturias.com\\\/noticias#listItem\",\"name\":\"Home\"}},{\"@type\":\"ListItem\",\"@id\":\"https:\\\/\\\/www.eldigitaldeasturias.com\\\/noticias\\\/la-detencion-masiva-de-opositores-empana-la-investidura-de-putin\\\/#listItem\",\"position\":3,\"name\":\"La detenci\\u00f3n masiva de opositores empa\\u00f1a la investidura de Putin\",\"previousItem\":{\"@type\":\"ListItem\",\"@id\":\"https:\\\/\\\/www.eldigitaldeasturias.com\\\/noticias\\\/category\\\/actualidad\\\/#listItem\",\"name\":\"Actualidad\"}}]},{\"@type\":\"Organization\",\"@id\":\"https:\\\/\\\/www.eldigitaldeasturias.com\\\/noticias\\\/#organization\",\"name\":\"El Digital de Asturias\",\"description\":\"Hemeroteca\",\"url\":\"https:\\\/\\\/www.eldigitaldeasturias.com\\\/noticias\\\/\",\"email\":\"info@eldigitaldeasturias.com\",\"telephone\":\"+34652131393\",\"logo\":{\"@type\":\"ImageObject\",\"url\":\"https:\\\/\\\/www.eldigitaldeasturias.com\\\/noticias\\\/wp-content\\\/uploads\\\/2020\\\/12\\\/EDA.jpg\",\"@id\":\"https:\\\/\\\/www.eldigitaldeasturias.com\\\/noticias\\\/la-detencion-masiva-de-opositores-empana-la-investidura-de-putin\\\/#organizationLogo\"},\"image\":{\"@id\":\"https:\\\/\\\/www.eldigitaldeasturias.com\\\/noticias\\\/la-detencion-masiva-de-opositores-empana-la-investidura-de-putin\\\/#organizationLogo\"},\"sameAs\":[\"https:\\\/\\\/facebook.com\\\/eldigitaldeasturias\",\"https:\\\/\\\/www.youtube.com\\\/channel\\\/UCZP-2wLEB9Rv6erhFmqVnvg\"],\"address\":{\"@id\":\"https:\\\/\\\/www.eldigitaldeasturias.com\\\/noticias\\\/#postaladdress\",\"@type\":\"PostalAddress\",\"streetAddress\":\"san antonio 4\",\"postalCode\":\"33430\",\"addressLocality\":\"Cand\\u00e1s\",\"addressRegion\":\"Asturias\",\"addressCountry\":\"ES\"}},{\"@type\":\"Person\",\"@id\":\"https:\\\/\\\/www.eldigitaldeasturias.com\\\/noticias\\\/author\\\/admin\\\/#author\",\"url\":\"https:\\\/\\\/www.eldigitaldeasturias.com\\\/noticias\\\/author\\\/admin\\\/\",\"name\":\"El Digital de Asturias\",\"image\":{\"@type\":\"ImageObject\",\"@id\":\"https:\\\/\\\/www.eldigitaldeasturias.com\\\/noticias\\\/la-detencion-masiva-de-opositores-empana-la-investidura-de-putin\\\/#authorImage\",\"url\":\"https:\\\/\\\/secure.gravatar.com\\\/avatar\\\/df2aeffc32bcd13f8d26072ef8a91b623d677766deac7f97ca815868cd41bf5e?s=96&d=mm&r=g\",\"width\":96,\"height\":96,\"caption\":\"El Digital de Asturias\"}},{\"@type\":\"WebPage\",\"@id\":\"https:\\\/\\\/www.eldigitaldeasturias.com\\\/noticias\\\/la-detencion-masiva-de-opositores-empana-la-investidura-de-putin\\\/#webpage\",\"url\":\"https:\\\/\\\/www.eldigitaldeasturias.com\\\/noticias\\\/la-detencion-masiva-de-opositores-empana-la-investidura-de-putin\\\/\",\"name\":\"La detenci\\u00f3n masiva de opositores empa\\u00f1a la investidura de Putin - El Digital de Asturias\",\"description\":\"Mosc\\u00fa, 6 may (dpa) - La dura actuaci\\u00f3n policial y la detenci\\u00f3n de opositores durante las manifestaciones del s\\u00e1bado empa\\u00f1ar\\u00e1n la investidura de Vladimir Putin, que el lunes asumir\\u00e1 de nuevo como presidente para otros seis a\\u00f1os de mandato. En las manifestaciones del s\\u00e1bado contra Putin fueron arrestadas 1.600 personas en todo el pa\\u00eds, de\",\"inLanguage\":\"es-ES\",\"isPartOf\":{\"@id\":\"https:\\\/\\\/www.eldigitaldeasturias.com\\\/noticias\\\/#website\"},\"breadcrumb\":{\"@id\":\"https:\\\/\\\/www.eldigitaldeasturias.com\\\/noticias\\\/la-detencion-masiva-de-opositores-empana-la-investidura-de-putin\\\/#breadcrumblist\"},\"author\":{\"@id\":\"https:\\\/\\\/www.eldigitaldeasturias.com\\\/noticias\\\/author\\\/admin\\\/#author\"},\"creator\":{\"@id\":\"https:\\\/\\\/www.eldigitaldeasturias.com\\\/noticias\\\/author\\\/admin\\\/#author\"},\"image\":{\"@type\":\"ImageObject\",\"url\":969687,\"@id\":\"https:\\\/\\\/www.eldigitaldeasturias.com\\\/noticias\\\/la-detencion-masiva-de-opositores-empana-la-investidura-de-putin\\\/#mainImage\"},\"primaryImageOfPage\":{\"@id\":\"https:\\\/\\\/www.eldigitaldeasturias.com\\\/noticias\\\/la-detencion-masiva-de-opositores-empana-la-investidura-de-putin\\\/#mainImage\"},\"datePublished\":\"2018-05-06T21:56:49+02:00\",\"dateModified\":\"2018-05-06T21:56:49+02:00\"},{\"@type\":\"WebSite\",\"@id\":\"https:\\\/\\\/www.eldigitaldeasturias.com\\\/noticias\\\/#website\",\"url\":\"https:\\\/\\\/www.eldigitaldeasturias.com\\\/noticias\\\/\",\"name\":\"El Digital de Asturias - Diario de actualidad y noticias\",\"alternateName\":\"El Digital de Asturias - Diario de actualidad y noticias\",\"description\":\"Hemeroteca\",\"inLanguage\":\"es-ES\",\"publisher\":{\"@id\":\"https:\\\/\\\/www.eldigitaldeasturias.com\\\/noticias\\\/#organization\"}}]}\n\t\t<\/script>\n\t\t<!-- All in One SEO Pro -->\r\n\t\t<title>La detenci\u00f3n masiva de opositores empa\u00f1a la investidura de Putin - El Digital de Asturias<\/title>\n\n","aioseo_head_json":{"title":"La detenci\u00f3n masiva de opositores empa\u00f1a la investidura de Putin - El Digital de Asturias","description":"Mosc\u00fa, 6 may (dpa) - La dura actuaci\u00f3n policial y la detenci\u00f3n de opositores durante las manifestaciones del s\u00e1bado empa\u00f1ar\u00e1n la investidura de Vladimir Putin, que el lunes asumir\u00e1 de nuevo como presidente para otros seis a\u00f1os de mandato. En las manifestaciones del s\u00e1bado contra Putin fueron arrestadas 1.600 personas en todo el pa\u00eds, de","canonical_url":"https:\/\/www.eldigitaldeasturias.com\/noticias\/la-detencion-masiva-de-opositores-empana-la-investidura-de-putin\/","robots":"max-image-preview:large","keywords":"actualidad","webmasterTools":{"google-site-verification":"UA-38556648-1","msvalidate.01":"7dfe9f3f1b24437ab69f4f2559babe99","miscellaneous":""},"schema":{"@context":"https:\/\/schema.org","@graph":[{"@type":"BlogPosting","@id":"https:\/\/www.eldigitaldeasturias.com\/noticias\/la-detencion-masiva-de-opositores-empana-la-investidura-de-putin\/#blogposting","name":"La detenci\u00f3n masiva de opositores empa\u00f1a la investidura de Putin - El Digital de Asturias","headline":"La detenci\u00f3n masiva de opositores empa\u00f1a la investidura de Putin","author":{"@id":"https:\/\/www.eldigitaldeasturias.com\/noticias\/author\/admin\/#author"},"publisher":{"@id":"https:\/\/www.eldigitaldeasturias.com\/noticias\/#organization"},"image":{"@type":"ImageObject","url":969687},"datePublished":"2018-05-06T21:56:49+02:00","dateModified":"2018-05-06T21:56:49+02:00","inLanguage":"es-ES","mainEntityOfPage":{"@id":"https:\/\/www.eldigitaldeasturias.com\/noticias\/la-detencion-masiva-de-opositores-empana-la-investidura-de-putin\/#webpage"},"isPartOf":{"@id":"https:\/\/www.eldigitaldeasturias.com\/noticias\/la-detencion-masiva-de-opositores-empana-la-investidura-de-putin\/#webpage"},"articleSection":"Actualidad"},{"@type":"BreadcrumbList","@id":"https:\/\/www.eldigitaldeasturias.com\/noticias\/la-detencion-masiva-de-opositores-empana-la-investidura-de-putin\/#breadcrumblist","itemListElement":[{"@type":"ListItem","@id":"https:\/\/www.eldigitaldeasturias.com\/noticias#listItem","position":1,"name":"Home","item":"https:\/\/www.eldigitaldeasturias.com\/noticias","nextItem":{"@type":"ListItem","@id":"https:\/\/www.eldigitaldeasturias.com\/noticias\/category\/actualidad\/#listItem","name":"Actualidad"}},{"@type":"ListItem","@id":"https:\/\/www.eldigitaldeasturias.com\/noticias\/category\/actualidad\/#listItem","position":2,"name":"Actualidad","item":"https:\/\/www.eldigitaldeasturias.com\/noticias\/category\/actualidad\/","nextItem":{"@type":"ListItem","@id":"https:\/\/www.eldigitaldeasturias.com\/noticias\/la-detencion-masiva-de-opositores-empana-la-investidura-de-putin\/#listItem","name":"La detenci\u00f3n masiva de opositores empa\u00f1a la investidura de Putin"},"previousItem":{"@type":"ListItem","@id":"https:\/\/www.eldigitaldeasturias.com\/noticias#listItem","name":"Home"}},{"@type":"ListItem","@id":"https:\/\/www.eldigitaldeasturias.com\/noticias\/la-detencion-masiva-de-opositores-empana-la-investidura-de-putin\/#listItem","position":3,"name":"La detenci\u00f3n masiva de opositores empa\u00f1a la investidura de Putin","previousItem":{"@type":"ListItem","@id":"https:\/\/www.eldigitaldeasturias.com\/noticias\/category\/actualidad\/#listItem","name":"Actualidad"}}]},{"@type":"Organization","@id":"https:\/\/www.eldigitaldeasturias.com\/noticias\/#organization","name":"El Digital de Asturias","description":"Hemeroteca","url":"https:\/\/www.eldigitaldeasturias.com\/noticias\/","email":"info@eldigitaldeasturias.com","telephone":"+34652131393","logo":{"@type":"ImageObject","url":"https:\/\/www.eldigitaldeasturias.com\/noticias\/wp-content\/uploads\/2020\/12\/EDA.jpg","@id":"https:\/\/www.eldigitaldeasturias.com\/noticias\/la-detencion-masiva-de-opositores-empana-la-investidura-de-putin\/#organizationLogo"},"image":{"@id":"https:\/\/www.eldigitaldeasturias.com\/noticias\/la-detencion-masiva-de-opositores-empana-la-investidura-de-putin\/#organizationLogo"},"sameAs":["https:\/\/facebook.com\/eldigitaldeasturias","https:\/\/www.youtube.com\/channel\/UCZP-2wLEB9Rv6erhFmqVnvg"],"address":{"@id":"https:\/\/www.eldigitaldeasturias.com\/noticias\/#postaladdress","@type":"PostalAddress","streetAddress":"san antonio 4","postalCode":"33430","addressLocality":"Cand\u00e1s","addressRegion":"Asturias","addressCountry":"ES"}},{"@type":"Person","@id":"https:\/\/www.eldigitaldeasturias.com\/noticias\/author\/admin\/#author","url":"https:\/\/www.eldigitaldeasturias.com\/noticias\/author\/admin\/","name":"El Digital de Asturias","image":{"@type":"ImageObject","@id":"https:\/\/www.eldigitaldeasturias.com\/noticias\/la-detencion-masiva-de-opositores-empana-la-investidura-de-putin\/#authorImage","url":"https:\/\/secure.gravatar.com\/avatar\/df2aeffc32bcd13f8d26072ef8a91b623d677766deac7f97ca815868cd41bf5e?s=96&d=mm&r=g","width":96,"height":96,"caption":"El Digital de Asturias"}},{"@type":"WebPage","@id":"https:\/\/www.eldigitaldeasturias.com\/noticias\/la-detencion-masiva-de-opositores-empana-la-investidura-de-putin\/#webpage","url":"https:\/\/www.eldigitaldeasturias.com\/noticias\/la-detencion-masiva-de-opositores-empana-la-investidura-de-putin\/","name":"La detenci\u00f3n masiva de opositores empa\u00f1a la investidura de Putin - El Digital de Asturias","description":"Mosc\u00fa, 6 may (dpa) - La dura actuaci\u00f3n policial y la detenci\u00f3n de opositores durante las manifestaciones del s\u00e1bado empa\u00f1ar\u00e1n la investidura de Vladimir Putin, que el lunes asumir\u00e1 de nuevo como presidente para otros seis a\u00f1os de mandato. En las manifestaciones del s\u00e1bado contra Putin fueron arrestadas 1.600 personas en todo el pa\u00eds, de","inLanguage":"es-ES","isPartOf":{"@id":"https:\/\/www.eldigitaldeasturias.com\/noticias\/#website"},"breadcrumb":{"@id":"https:\/\/www.eldigitaldeasturias.com\/noticias\/la-detencion-masiva-de-opositores-empana-la-investidura-de-putin\/#breadcrumblist"},"author":{"@id":"https:\/\/www.eldigitaldeasturias.com\/noticias\/author\/admin\/#author"},"creator":{"@id":"https:\/\/www.eldigitaldeasturias.com\/noticias\/author\/admin\/#author"},"image":{"@type":"ImageObject","url":969687,"@id":"https:\/\/www.eldigitaldeasturias.com\/noticias\/la-detencion-masiva-de-opositores-empana-la-investidura-de-putin\/#mainImage"},"primaryImageOfPage":{"@id":"https:\/\/www.eldigitaldeasturias.com\/noticias\/la-detencion-masiva-de-opositores-empana-la-investidura-de-putin\/#mainImage"},"datePublished":"2018-05-06T21:56:49+02:00","dateModified":"2018-05-06T21:56:49+02:00"},{"@type":"WebSite","@id":"https:\/\/www.eldigitaldeasturias.com\/noticias\/#website","url":"https:\/\/www.eldigitaldeasturias.com\/noticias\/","name":"El Digital de Asturias - Diario de actualidad y noticias","alternateName":"El Digital de Asturias - Diario de actualidad y noticias","description":"Hemeroteca","inLanguage":"es-ES","publisher":{"@id":"https:\/\/www.eldigitaldeasturias.com\/noticias\/#organization"}}]},"og:locale":"es_ES","og:site_name":"El Digital de Asturias","og:type":"article","og:title":"La detenci\u00f3n masiva de opositores empa\u00f1a la investidura de Putin - El Digital de Asturias","og:description":"Mosc\u00fa, 6 may (dpa) - La dura actuaci\u00f3n policial y la detenci\u00f3n de opositores durante las manifestaciones del s\u00e1bado empa\u00f1ar\u00e1n la investidura de Vladimir Putin, que el lunes asumir\u00e1 de nuevo como presidente para otros seis a\u00f1os de mandato. En las manifestaciones del s\u00e1bado contra Putin fueron arrestadas 1.600 personas en todo el pa\u00eds, de","og:url":"https:\/\/www.eldigitaldeasturias.com\/noticias\/la-detencion-masiva-de-opositores-empana-la-investidura-de-putin\/","article:tag":["actualidad"],"article:published_time":"2018-05-06T21:56:49+00:00","article:modified_time":"2018-05-06T21:56:49+00:00","article:publisher":"https:\/\/facebook.com\/eldigitaldeasturias","twitter:card":"summary_large_image","twitter:title":"La detenci\u00f3n masiva de opositores empa\u00f1a la investidura de Putin - El Digital de Asturias","twitter:description":"Mosc\u00fa, 6 may (dpa) - La dura actuaci\u00f3n policial y la detenci\u00f3n de opositores durante las manifestaciones del s\u00e1bado empa\u00f1ar\u00e1n la investidura de Vladimir Putin, que el lunes asumir\u00e1 de nuevo como presidente para otros seis a\u00f1os de mandato. En las manifestaciones del s\u00e1bado contra Putin fueron arrestadas 1.600 personas en todo el pa\u00eds, de","twitter:image":"https:\/\/www.eldigitaldeasturias.com\/noticias\/wp-content\/uploads\/2020\/12\/EDA-1.jpg","twitter:label1":"Escrito por","twitter:data1":"El Digital de Asturias","twitter:label2":"Tiempo de lectura estimado","twitter:data2":"3 minutos"},"aioseo_meta_data":{"post_id":"979331","title":null,"description":null,"keywords":null,"keyphrases":null,"primary_term":null,"canonical_url":null,"og_title":null,"og_description":null,"og_object_type":"default","og_image_type":"default","og_image_url":null,"og_image_width":null,"og_image_height":null,"og_image_custom_url":null,"og_image_custom_fields":null,"og_video":null,"og_custom_url":null,"og_article_section":null,"og_article_tags":null,"twitter_use_og":false,"twitter_card":"default","twitter_image_type":"default","twitter_image_url":null,"twitter_image_custom_url":null,"twitter_image_custom_fields":null,"twitter_title":null,"twitter_description":null,"schema":{"blockGraphs":[],"customGraphs":[],"default":{"data":{"Article":[],"Course":[],"Dataset":[],"FAQPage":[],"Movie":[],"Person":[],"Product":[],"ProductReview":[],"Car":[],"Recipe":[],"Service":[],"SoftwareApplication":[],"WebPage":[]},"graphName":"","isEnabled":true},"graphs":[],"defaultGraph":"","defaultPostTypeGraph":""},"schema_type":null,"schema_type_options":null,"pillar_content":false,"robots_default":true,"robots_noindex":false,"robots_noarchive":false,"robots_nosnippet":false,"robots_nofollow":false,"robots_noimageindex":false,"robots_noodp":false,"robots_notranslate":false,"robots_max_snippet":null,"robots_max_videopreview":null,"robots_max_imagepreview":"large","priority":null,"frequency":null,"local_seo":null,"seo_analyzer_scan_date":"2025-10-08 13:57:26","breadcrumb_settings":null,"limit_modified_date":false,"open_ai":null,"ai":null,"created":"2020-12-21 11:59:38","updated":"2025-10-08 13:57:26","focus_keyword":null,"additional_keywords":null,"truseo_locale":null},"aioseo_breadcrumb":"<div class=\"aioseo-breadcrumbs\"><span class=\"aioseo-breadcrumb\">\n\t<a href=\"https:\/\/www.eldigitaldeasturias.com\/noticias\" title=\"Home\">Home<\/a>\n<\/span><span class=\"aioseo-breadcrumb-separator\">\u2013<\/span><span class=\"aioseo-breadcrumb\">\n\t<a href=\"https:\/\/www.eldigitaldeasturias.com\/noticias\/category\/actualidad\/\" title=\"Actualidad\">Actualidad<\/a>\n<\/span><span class=\"aioseo-breadcrumb-separator\">\u2013<\/span><span class=\"aioseo-breadcrumb\">\n\t<a href=\"https:\/\/www.eldigitaldeasturias.com\/noticias\/la-detencion-masiva-de-opositores-empana-la-investidura-de-putin\/\" title=\"La detenci\u00f3n masiva de opositores empa\u00f1a la investidura de Putin\">La detenci\u00f3n masiva de opositores empa\u00f1a la investidura de Putin<\/a>\n<\/span><\/div>","aioseo_breadcrumb_json":[{"label":"Home","link":"https:\/\/www.eldigitaldeasturias.com\/noticias"},{"label":"Actualidad","link":"https:\/\/www.eldigitaldeasturias.com\/noticias\/category\/actualidad\/"},{"label":"La detenci\u00f3n masiva de opositores empa\u00f1a la investidura de Putin","link":"https:\/\/www.eldigitaldeasturias.com\/noticias\/la-detencion-masiva-de-opositores-empana-la-investidura-de-putin\/"}],"_links":{"self":[{"href":"https:\/\/www.eldigitaldeasturias.com\/noticias\/wp-json\/wp\/v2\/posts\/979331","targetHints":{"allow":["GET"]}}],"collection":[{"href":"https:\/\/www.eldigitaldeasturias.com\/noticias\/wp-json\/wp\/v2\/posts"}],"about":[{"href":"https:\/\/www.eldigitaldeasturias.com\/noticias\/wp-json\/wp\/v2\/types\/post"}],"author":[{"embeddable":true,"href":"https:\/\/www.eldigitaldeasturias.com\/noticias\/wp-json\/wp\/v2\/users\/1"}],"replies":[{"embeddable":true,"href":"https:\/\/www.eldigitaldeasturias.com\/noticias\/wp-json\/wp\/v2\/comments?post=979331"}],"version-history":[{"count":0,"href":"https:\/\/www.eldigitaldeasturias.com\/noticias\/wp-json\/wp\/v2\/posts\/979331\/revisions"}],"wp:attachment":[{"href":"https:\/\/www.eldigitaldeasturias.com\/noticias\/wp-json\/wp\/v2\/media?parent=979331"}],"wp:term":[{"taxonomy":"category","embeddable":true,"href":"https:\/\/www.eldigitaldeasturias.com\/noticias\/wp-json\/wp\/v2\/categories?post=979331"},{"taxonomy":"post_tag","embeddable":true,"href":"https:\/\/www.eldigitaldeasturias.com\/noticias\/wp-json\/wp\/v2\/tags?post=979331"}],"curies":[{"name":"wp","href":"https:\/\/api.w.org\/{rel}","templated":true}]}}