{"id":979327,"date":"2018-05-06T21:53:22","date_gmt":"2018-05-06T21:53:22","guid":{"rendered":"http:\/\/www.eldigitaldeasturias.com\/noticias\/?p=979327"},"modified":"2018-05-06T21:53:22","modified_gmt":"2018-05-06T21:53:22","slug":"netanyahu-estamos-preparados-para-cualquier-escenario-posible","status":"publish","type":"post","link":"https:\/\/www.eldigitaldeasturias.com\/noticias\/netanyahu-estamos-preparados-para-cualquier-escenario-posible\/","title":{"rendered":"Netanyahu: \u00abEstamos preparados para cualquier escenario posible\u00bb"},"content":{"rendered":"<p><img loading=\"lazy\" decoding=\"async\" class=\"alignleft size-medium wp-image-870944\" src=\"https:\/\/www.eldigitaldeasturias.com\/noticias\/wp-content\/uploads\/2016\/04\/fotonoticia_20160405100235_800-360x244.jpg\" alt=\"\" width=\"360\" height=\"244\" \/>Tel Aviv, 6 may (dpa) &#8211; El primer ministro israel\u00ed, Benjamin Netanyahu, volvi\u00f3 hoy criticar la presencia de Ir\u00e1n en Siria y alert\u00f3 de un eventual enfrentamiento: \u00abNo queremos una confrontaci\u00f3n, pero si tiene que haberla, cuanto antes mejor\u00bb.<\/p>\n<p>\u00abEstamos decididos a frenar la agresi\u00f3n iran\u00ed en sus comienzos, aunque eso implique una lucha\u00bb, dijo el mandatario israel\u00ed al inicio de la reuni\u00f3n semanal del gabinete. \u00abNo queremos una escalada, pero estamos preparados para cualquier escenario posible\u00bb.<\/p>\n<p>La presencia militar iran\u00ed en Siria es desde hace meses uno de los principales problemas para Netanyahu, que lo ve como una amenaza para su pa\u00eds. En su opini\u00f3n, Teher\u00e1n, a trav\u00e9s de la milicia libanesa Hizbol\u00e1, que apoya al Gobierno de Bashar al Assad, intenta establecer un nuevo frente en Siria contra Israel. El pa\u00eds persa lo niega y alega que est\u00e1 en Siria por petici\u00f3n del Gobierno sirio.<\/p>\n<p>Netanyahu acus\u00f3 hoy a la Guardia Revolucionaria iran\u00ed de haber introducido armas ultramodernas en Siria en los \u00faltimos meses, como drones de combate, misiles tierra-tierra y el sistema de defensa a\u00e9rea iran\u00ed, para da\u00f1ar a Israel.<\/p>\n<p>Adem\u00e1s, Netanyahu busca dinamitar el acuerdo nuclear firmado por Ir\u00e1n y la comunidad internacional en 2015 que le impide fabricar a Teher\u00e1n armas nucleares a cambio del levantamiento de sanciones econ\u00f3micas. Netanyahu alega que ese acuerdo no evitar\u00e1 que el pa\u00eds persa tenga armas nucleares en algunos a\u00f1os.<\/p>\n<p>La semana pasada intent\u00f3 fundamentar sus palabras presentando una serie de documentos que asegura prueban que Teher\u00e1n sigue teniendo la intenci\u00f3n de reactivar el programa nuclear en alg\u00fan momento.<\/p>\n<p>El presidente estadounidense, Donald Trump, decidir\u00e1 antes del pr\u00f3ximo 12 de mayo si se mantiene vinculado o no al acuerdo nuclear con Ir\u00e1n.<\/p>\n<p>Hoy el primer ministro israel\u00ed insisti\u00f3 ante la prensa en que el acuerdo nuclear es extremadamente malo. Con el levantamiento de las sanciones Teher\u00e1n podr\u00e1 simult\u00e1neamente enriquecerse y enriquecer uranio en grandes cantidades, aleg\u00f3.<\/p>\n<p>Seg\u00fan Netanyahu, el acuerdo se basa en las mentiras de Teher\u00e1n. \u00abQuien diga que no hay nada nuevo en los documentos que mostramos, no ha visto el material\u00bb, apunt\u00f3, advirtiendo que lo enviar\u00e1 a los servicios secretos de los cinco miembros permanentes del Consejo de Seguridad de la ONU y de Alemania, que fueron los que firmaron el acuerdo con Ir\u00e1n.<\/p>\n<p>\u00abUn acuerdo que permite a Ir\u00e1n mantener sus conocimientos para fabricar y ocultar armas at\u00f3micas es un acuerdo horrible\u00bb, dijo el mandatario israel\u00ed, que considera que el pacto deber ser renegociado o cancelado. \u00abSi no se hace nada con ese acuerdo, en poco tiempo tendremos un Ir\u00e1n con un arsenal nuclear\u00bb, alert\u00f3.<\/p>\n<p>El presidente iran\u00ed, Hassan Rohani, advirti\u00f3 por su parte a Estados Unidos que sentir\u00e1 un \u00abremordimiento hist\u00f3rico\u00bb si abandona el acuerdo nuclear. El mandatario de Ir\u00e1n insisti\u00f3 en que su pa\u00eds est\u00e1 preparado para todos los escenarios posibles.<\/p>\n<p>Si Estados Unidos abandona el acuerdo, Ir\u00e1n podr\u00eda reaccionar tambi\u00e9n con una salida del pacto. De hacerlo, quedar\u00eda desvinculada de sus compromisos y podr\u00eda volver a enriquecer uranio de forma ilimitada, algo que le permitir\u00eda, al menos t\u00e9cnicamente, acceder al programa de armas nucleares que tanto teme Occidente.<\/p>\n<p>Pero Rohani dijo hoy que si el acuerdo fracasa, su pa\u00eds no iniciar\u00e1 un programa de armas nucleares, no por las amenazas del exterior sino en base a las obligaciones religiosas del Islam. \u00abLo hemos dicho en varias ocasiones y lo decimos de nuevo: no queremos construir armas at\u00f3micas\u00bb, se\u00f1al\u00f3.<\/p>\n<p>Lo que Ir\u00e1n no abandonar\u00e1 y seguir\u00e1 impulsando es su programa nuclear civil, dijo Rohani, que subray\u00f3 que Teher\u00e1n no quiere que se rompan las relaciones internacionales.<\/p>\n<p>Rohani considera adem\u00e1s que la reacci\u00f3n de los pa\u00edses europeos respecto al acuerdo nuclear es m\u00e1s importante que la decisi\u00f3n del presidente estadounidense.<\/p>\n<p>\u00abTrump rechazar\u00e1 el acuerdo o, sino lo hace, seguir\u00e1 sabote\u00e1ndolo\u00bb, por eso para Ir\u00e1n es m\u00e1s importante el hecho de que \u00ablos europeos se distancien o no de esa v\u00eda\u00bb (seguida por Trump), dijo hoy en la ciudad de Sabsewar, en el noreste del pa\u00eds.<\/p>\n<p>Seg\u00fan Rudy Giuliani, asesor de Trump y ex alcalde de Nueva York, el presidente estadounidense aspira a un derrocamiento del actual Gobierno y a un cambio de r\u00e9gimen en Ir\u00e1n.<\/p>\n<p>\u00abTenemos un presidente duro, un presidente que no escucha a pesimistas y un presidente que est\u00e1 igual de comprometido con un cambio de r\u00e9gimen (en Teher\u00e1n) como lo estamos nosotros\u00bb, se\u00f1al\u00f3 Giuliani en un discurso ante estadounidenses de origen persa el s\u00e1bado en Washington.<\/p>\n<p>Con gestos despectivos, Giuliani pareci\u00f3 dejar ver que Trump se decidir\u00e1 en contra del acuerdo, firmado tambi\u00e9n por China, Rusia, Francia, Reino Unido y Alemania. Tras el discurso, Giuliani reiter\u00f3 su apoyo a un cambio de r\u00e9gimen en Ir\u00e1n. \u00abEs la \u00fanica v\u00eda a la paz en Oriente Medio. Es m\u00e1s importante que un acuerdo entre israel\u00edes y palestinos\u00bb, dijo en declaraciones a la prensa.<\/p>\n<p>En un \u00faltimo intento diplom\u00e1tico por persuadir a Trump de mantenerse en el acuerdo, el ministro de Exteriores brit\u00e1nico, Boris Johnson viaj\u00f3 hoy a Washington. Johnson se reunir\u00e1 con el vicepresidente estadounidense, Mike Pence, y con el asesor de seguridad nacional John Bolton.<\/p>\n","protected":false},"excerpt":{"rendered":"<p>Tel Aviv, 6 may (dpa) &#8211; El primer ministro israel\u00ed, Benjamin Netanyahu, volvi\u00f3 hoy criticar la presencia de Ir\u00e1n en Siria y alert\u00f3 de un eventual enfrentamiento: \u00abNo queremos una confrontaci\u00f3n, pero si tiene que haberla, cuanto antes mejor\u00bb. \u00abEstamos decididos a frenar la agresi\u00f3n iran\u00ed en sus comienzos, aunque eso implique una lucha\u00bb, dijo [&hellip;]<\/p>\n","protected":false},"author":1,"featured_media":870944,"comment_status":"closed","ping_status":"closed","sticky":false,"template":"","format":"standard","meta":{"footnotes":""},"categories":[1],"tags":[],"class_list":["post-979327","post","type-post","status-publish","format-standard","has-post-thumbnail","hentry","category-actualidad"],"aioseo_notices":[],"aioseo_head":"\n\t\t<!-- All in One SEO Pro 5.0.1 - aioseo.com -->\n\t<meta name=\"description\" content=\"Tel Aviv, 6 may (dpa) - El primer ministro israel\u00ed, Benjamin Netanyahu, volvi\u00f3 hoy criticar la presencia de Ir\u00e1n en Siria y alert\u00f3 de un eventual enfrentamiento: &quot;No queremos una confrontaci\u00f3n, pero si tiene que haberla, cuanto antes mejor&quot;. &quot;Estamos decididos a frenar la agresi\u00f3n iran\u00ed en sus comienzos, aunque eso implique una lucha&quot;, dijo\" \/>\n\t<meta name=\"robots\" content=\"max-image-preview:large\" \/>\n\t<meta name=\"author\" content=\"El Digital de Asturias\"\/>\n\t<meta name=\"google-site-verification\" content=\"UA-38556648-1\" \/>\n\t<meta name=\"msvalidate.01\" content=\"7dfe9f3f1b24437ab69f4f2559babe99\" \/>\n\t<meta name=\"keywords\" content=\"actualidad\" \/>\n\t<link rel=\"canonical\" href=\"https:\/\/www.eldigitaldeasturias.com\/noticias\/netanyahu-estamos-preparados-para-cualquier-escenario-posible\/\" \/>\n\t<meta name=\"generator\" content=\"All in One SEO Pro (AIOSEO) 5.0.1\" \/>\n\t\t<meta property=\"og:locale\" content=\"es_ES\" \/>\n\t\t<meta property=\"og:site_name\" content=\"El Digital de Asturias\" \/>\n\t\t<meta property=\"og:type\" content=\"article\" \/>\n\t\t<meta property=\"og:title\" content=\"Netanyahu: \u00abEstamos preparados para cualquier escenario posible\u00bb - El Digital de Asturias\" \/>\n\t\t<meta property=\"og:description\" content=\"Tel Aviv, 6 may (dpa) - El primer ministro israel\u00ed, Benjamin Netanyahu, volvi\u00f3 hoy criticar la presencia de Ir\u00e1n en Siria y alert\u00f3 de un eventual enfrentamiento: &quot;No queremos una confrontaci\u00f3n, pero si tiene que haberla, cuanto antes mejor&quot;. &quot;Estamos decididos a frenar la agresi\u00f3n iran\u00ed en sus comienzos, aunque eso implique una lucha&quot;, dijo\" \/>\n\t\t<meta property=\"og:url\" content=\"https:\/\/www.eldigitaldeasturias.com\/noticias\/netanyahu-estamos-preparados-para-cualquier-escenario-posible\/\" \/>\n\t\t<meta property=\"article:tag\" content=\"actualidad\" \/>\n\t\t<meta property=\"article:published_time\" content=\"2018-05-06T21:53:22+00:00\" \/>\n\t\t<meta property=\"article:modified_time\" content=\"2018-05-06T21:53:22+00:00\" \/>\n\t\t<meta property=\"article:publisher\" content=\"https:\/\/facebook.com\/eldigitaldeasturias\" \/>\n\t\t<meta name=\"twitter:card\" content=\"summary_large_image\" \/>\n\t\t<meta name=\"twitter:title\" content=\"Netanyahu: \u00abEstamos preparados para cualquier escenario posible\u00bb - El Digital de Asturias\" \/>\n\t\t<meta name=\"twitter:description\" content=\"Tel Aviv, 6 may (dpa) - El primer ministro israel\u00ed, Benjamin Netanyahu, volvi\u00f3 hoy criticar la presencia de Ir\u00e1n en Siria y alert\u00f3 de un eventual enfrentamiento: &quot;No queremos una confrontaci\u00f3n, pero si tiene que haberla, cuanto antes mejor&quot;. &quot;Estamos decididos a frenar la agresi\u00f3n iran\u00ed en sus comienzos, aunque eso implique una lucha&quot;, dijo\" \/>\n\t\t<meta name=\"twitter:image\" content=\"https:\/\/www.eldigitaldeasturias.com\/noticias\/wp-content\/uploads\/2020\/12\/EDA-1.jpg\" \/>\n\t\t<meta name=\"twitter:label1\" content=\"Escrito por\" \/>\n\t\t<meta name=\"twitter:data1\" content=\"El Digital de Asturias\" \/>\n\t\t<meta name=\"twitter:label2\" content=\"Tiempo de lectura estimado\" \/>\n\t\t<meta name=\"twitter:data2\" content=\"5 minutos\" \/>\n\t\t<script type=\"application\/ld+json\" class=\"aioseo-schema\">\n\t\t\t{\"@context\":\"https:\\\/\\\/schema.org\",\"@graph\":[{\"@type\":\"BlogPosting\",\"@id\":\"https:\\\/\\\/www.eldigitaldeasturias.com\\\/noticias\\\/netanyahu-estamos-preparados-para-cualquier-escenario-posible\\\/#blogposting\",\"name\":\"Netanyahu: \\u00abEstamos preparados para cualquier escenario posible\\u00bb - El Digital de Asturias\",\"headline\":\"Netanyahu: \\u00abEstamos preparados para cualquier escenario posible\\u00bb\",\"author\":{\"@id\":\"https:\\\/\\\/www.eldigitaldeasturias.com\\\/noticias\\\/author\\\/admin\\\/#author\"},\"publisher\":{\"@id\":\"https:\\\/\\\/www.eldigitaldeasturias.com\\\/noticias\\\/#organization\"},\"image\":{\"@type\":\"ImageObject\",\"url\":870944},\"datePublished\":\"2018-05-06T21:53:22+02:00\",\"dateModified\":\"2018-05-06T21:53:22+02:00\",\"inLanguage\":\"es-ES\",\"mainEntityOfPage\":{\"@id\":\"https:\\\/\\\/www.eldigitaldeasturias.com\\\/noticias\\\/netanyahu-estamos-preparados-para-cualquier-escenario-posible\\\/#webpage\"},\"isPartOf\":{\"@id\":\"https:\\\/\\\/www.eldigitaldeasturias.com\\\/noticias\\\/netanyahu-estamos-preparados-para-cualquier-escenario-posible\\\/#webpage\"},\"articleSection\":\"Actualidad\"},{\"@type\":\"BreadcrumbList\",\"@id\":\"https:\\\/\\\/www.eldigitaldeasturias.com\\\/noticias\\\/netanyahu-estamos-preparados-para-cualquier-escenario-posible\\\/#breadcrumblist\",\"itemListElement\":[{\"@type\":\"ListItem\",\"@id\":\"https:\\\/\\\/www.eldigitaldeasturias.com\\\/noticias#listItem\",\"position\":1,\"name\":\"Home\",\"item\":\"https:\\\/\\\/www.eldigitaldeasturias.com\\\/noticias\",\"nextItem\":{\"@type\":\"ListItem\",\"@id\":\"https:\\\/\\\/www.eldigitaldeasturias.com\\\/noticias\\\/category\\\/actualidad\\\/#listItem\",\"name\":\"Actualidad\"}},{\"@type\":\"ListItem\",\"@id\":\"https:\\\/\\\/www.eldigitaldeasturias.com\\\/noticias\\\/category\\\/actualidad\\\/#listItem\",\"position\":2,\"name\":\"Actualidad\",\"item\":\"https:\\\/\\\/www.eldigitaldeasturias.com\\\/noticias\\\/category\\\/actualidad\\\/\",\"nextItem\":{\"@type\":\"ListItem\",\"@id\":\"https:\\\/\\\/www.eldigitaldeasturias.com\\\/noticias\\\/netanyahu-estamos-preparados-para-cualquier-escenario-posible\\\/#listItem\",\"name\":\"Netanyahu: \\u00abEstamos preparados para cualquier escenario posible\\u00bb\"},\"previousItem\":{\"@type\":\"ListItem\",\"@id\":\"https:\\\/\\\/www.eldigitaldeasturias.com\\\/noticias#listItem\",\"name\":\"Home\"}},{\"@type\":\"ListItem\",\"@id\":\"https:\\\/\\\/www.eldigitaldeasturias.com\\\/noticias\\\/netanyahu-estamos-preparados-para-cualquier-escenario-posible\\\/#listItem\",\"position\":3,\"name\":\"Netanyahu: \\u00abEstamos preparados para cualquier escenario posible\\u00bb\",\"previousItem\":{\"@type\":\"ListItem\",\"@id\":\"https:\\\/\\\/www.eldigitaldeasturias.com\\\/noticias\\\/category\\\/actualidad\\\/#listItem\",\"name\":\"Actualidad\"}}]},{\"@type\":\"Organization\",\"@id\":\"https:\\\/\\\/www.eldigitaldeasturias.com\\\/noticias\\\/#organization\",\"name\":\"El Digital de Asturias\",\"description\":\"Hemeroteca\",\"url\":\"https:\\\/\\\/www.eldigitaldeasturias.com\\\/noticias\\\/\",\"email\":\"info@eldigitaldeasturias.com\",\"telephone\":\"+34652131393\",\"logo\":{\"@type\":\"ImageObject\",\"url\":\"https:\\\/\\\/www.eldigitaldeasturias.com\\\/noticias\\\/wp-content\\\/uploads\\\/2020\\\/12\\\/EDA.jpg\",\"@id\":\"https:\\\/\\\/www.eldigitaldeasturias.com\\\/noticias\\\/netanyahu-estamos-preparados-para-cualquier-escenario-posible\\\/#organizationLogo\"},\"image\":{\"@id\":\"https:\\\/\\\/www.eldigitaldeasturias.com\\\/noticias\\\/netanyahu-estamos-preparados-para-cualquier-escenario-posible\\\/#organizationLogo\"},\"sameAs\":[\"https:\\\/\\\/facebook.com\\\/eldigitaldeasturias\",\"https:\\\/\\\/www.youtube.com\\\/channel\\\/UCZP-2wLEB9Rv6erhFmqVnvg\"],\"address\":{\"@id\":\"https:\\\/\\\/www.eldigitaldeasturias.com\\\/noticias\\\/#postaladdress\",\"@type\":\"PostalAddress\",\"streetAddress\":\"san antonio 4\",\"postalCode\":\"33430\",\"addressLocality\":\"Cand\\u00e1s\",\"addressRegion\":\"Asturias\",\"addressCountry\":\"ES\"}},{\"@type\":\"Person\",\"@id\":\"https:\\\/\\\/www.eldigitaldeasturias.com\\\/noticias\\\/author\\\/admin\\\/#author\",\"url\":\"https:\\\/\\\/www.eldigitaldeasturias.com\\\/noticias\\\/author\\\/admin\\\/\",\"name\":\"El Digital de Asturias\",\"image\":{\"@type\":\"ImageObject\",\"@id\":\"https:\\\/\\\/www.eldigitaldeasturias.com\\\/noticias\\\/netanyahu-estamos-preparados-para-cualquier-escenario-posible\\\/#authorImage\",\"url\":\"https:\\\/\\\/secure.gravatar.com\\\/avatar\\\/df2aeffc32bcd13f8d26072ef8a91b623d677766deac7f97ca815868cd41bf5e?s=96&d=mm&r=g\",\"width\":96,\"height\":96,\"caption\":\"El Digital de Asturias\"}},{\"@type\":\"WebPage\",\"@id\":\"https:\\\/\\\/www.eldigitaldeasturias.com\\\/noticias\\\/netanyahu-estamos-preparados-para-cualquier-escenario-posible\\\/#webpage\",\"url\":\"https:\\\/\\\/www.eldigitaldeasturias.com\\\/noticias\\\/netanyahu-estamos-preparados-para-cualquier-escenario-posible\\\/\",\"name\":\"Netanyahu: \\u00abEstamos preparados para cualquier escenario posible\\u00bb - El Digital de Asturias\",\"description\":\"Tel Aviv, 6 may (dpa) - El primer ministro israel\\u00ed, Benjamin Netanyahu, volvi\\u00f3 hoy criticar la presencia de Ir\\u00e1n en Siria y alert\\u00f3 de un eventual enfrentamiento: \\\"No queremos una confrontaci\\u00f3n, pero si tiene que haberla, cuanto antes mejor\\\". \\\"Estamos decididos a frenar la agresi\\u00f3n iran\\u00ed en sus comienzos, aunque eso implique una lucha\\\", dijo\",\"inLanguage\":\"es-ES\",\"isPartOf\":{\"@id\":\"https:\\\/\\\/www.eldigitaldeasturias.com\\\/noticias\\\/#website\"},\"breadcrumb\":{\"@id\":\"https:\\\/\\\/www.eldigitaldeasturias.com\\\/noticias\\\/netanyahu-estamos-preparados-para-cualquier-escenario-posible\\\/#breadcrumblist\"},\"author\":{\"@id\":\"https:\\\/\\\/www.eldigitaldeasturias.com\\\/noticias\\\/author\\\/admin\\\/#author\"},\"creator\":{\"@id\":\"https:\\\/\\\/www.eldigitaldeasturias.com\\\/noticias\\\/author\\\/admin\\\/#author\"},\"image\":{\"@type\":\"ImageObject\",\"url\":870944,\"@id\":\"https:\\\/\\\/www.eldigitaldeasturias.com\\\/noticias\\\/netanyahu-estamos-preparados-para-cualquier-escenario-posible\\\/#mainImage\"},\"primaryImageOfPage\":{\"@id\":\"https:\\\/\\\/www.eldigitaldeasturias.com\\\/noticias\\\/netanyahu-estamos-preparados-para-cualquier-escenario-posible\\\/#mainImage\"},\"datePublished\":\"2018-05-06T21:53:22+02:00\",\"dateModified\":\"2018-05-06T21:53:22+02:00\"},{\"@type\":\"WebSite\",\"@id\":\"https:\\\/\\\/www.eldigitaldeasturias.com\\\/noticias\\\/#website\",\"url\":\"https:\\\/\\\/www.eldigitaldeasturias.com\\\/noticias\\\/\",\"name\":\"El Digital de Asturias - Diario de actualidad y noticias\",\"alternateName\":\"El Digital de Asturias - Diario de actualidad y noticias\",\"description\":\"Hemeroteca\",\"inLanguage\":\"es-ES\",\"publisher\":{\"@id\":\"https:\\\/\\\/www.eldigitaldeasturias.com\\\/noticias\\\/#organization\"}}]}\n\t\t<\/script>\n\t\t<!-- All in One SEO Pro -->\r\n\t\t<title>Netanyahu: \u00abEstamos preparados para cualquier escenario posible\u00bb - El Digital de Asturias<\/title>\n\n","aioseo_head_json":{"title":"Netanyahu: \u00abEstamos preparados para cualquier escenario posible\u00bb - El Digital de Asturias","description":"Tel Aviv, 6 may (dpa) - El primer ministro israel\u00ed, Benjamin Netanyahu, volvi\u00f3 hoy criticar la presencia de Ir\u00e1n en Siria y alert\u00f3 de un eventual enfrentamiento: \"No queremos una confrontaci\u00f3n, pero si tiene que haberla, cuanto antes mejor\". \"Estamos decididos a frenar la agresi\u00f3n iran\u00ed en sus comienzos, aunque eso implique una lucha\", dijo","canonical_url":"https:\/\/www.eldigitaldeasturias.com\/noticias\/netanyahu-estamos-preparados-para-cualquier-escenario-posible\/","robots":"max-image-preview:large","keywords":"actualidad","webmasterTools":{"google-site-verification":"UA-38556648-1","msvalidate.01":"7dfe9f3f1b24437ab69f4f2559babe99","miscellaneous":""},"schema":{"@context":"https:\/\/schema.org","@graph":[{"@type":"BlogPosting","@id":"https:\/\/www.eldigitaldeasturias.com\/noticias\/netanyahu-estamos-preparados-para-cualquier-escenario-posible\/#blogposting","name":"Netanyahu: \u00abEstamos preparados para cualquier escenario posible\u00bb - El Digital de Asturias","headline":"Netanyahu: \u00abEstamos preparados para cualquier escenario posible\u00bb","author":{"@id":"https:\/\/www.eldigitaldeasturias.com\/noticias\/author\/admin\/#author"},"publisher":{"@id":"https:\/\/www.eldigitaldeasturias.com\/noticias\/#organization"},"image":{"@type":"ImageObject","url":870944},"datePublished":"2018-05-06T21:53:22+02:00","dateModified":"2018-05-06T21:53:22+02:00","inLanguage":"es-ES","mainEntityOfPage":{"@id":"https:\/\/www.eldigitaldeasturias.com\/noticias\/netanyahu-estamos-preparados-para-cualquier-escenario-posible\/#webpage"},"isPartOf":{"@id":"https:\/\/www.eldigitaldeasturias.com\/noticias\/netanyahu-estamos-preparados-para-cualquier-escenario-posible\/#webpage"},"articleSection":"Actualidad"},{"@type":"BreadcrumbList","@id":"https:\/\/www.eldigitaldeasturias.com\/noticias\/netanyahu-estamos-preparados-para-cualquier-escenario-posible\/#breadcrumblist","itemListElement":[{"@type":"ListItem","@id":"https:\/\/www.eldigitaldeasturias.com\/noticias#listItem","position":1,"name":"Home","item":"https:\/\/www.eldigitaldeasturias.com\/noticias","nextItem":{"@type":"ListItem","@id":"https:\/\/www.eldigitaldeasturias.com\/noticias\/category\/actualidad\/#listItem","name":"Actualidad"}},{"@type":"ListItem","@id":"https:\/\/www.eldigitaldeasturias.com\/noticias\/category\/actualidad\/#listItem","position":2,"name":"Actualidad","item":"https:\/\/www.eldigitaldeasturias.com\/noticias\/category\/actualidad\/","nextItem":{"@type":"ListItem","@id":"https:\/\/www.eldigitaldeasturias.com\/noticias\/netanyahu-estamos-preparados-para-cualquier-escenario-posible\/#listItem","name":"Netanyahu: \u00abEstamos preparados para cualquier escenario posible\u00bb"},"previousItem":{"@type":"ListItem","@id":"https:\/\/www.eldigitaldeasturias.com\/noticias#listItem","name":"Home"}},{"@type":"ListItem","@id":"https:\/\/www.eldigitaldeasturias.com\/noticias\/netanyahu-estamos-preparados-para-cualquier-escenario-posible\/#listItem","position":3,"name":"Netanyahu: \u00abEstamos preparados para cualquier escenario posible\u00bb","previousItem":{"@type":"ListItem","@id":"https:\/\/www.eldigitaldeasturias.com\/noticias\/category\/actualidad\/#listItem","name":"Actualidad"}}]},{"@type":"Organization","@id":"https:\/\/www.eldigitaldeasturias.com\/noticias\/#organization","name":"El Digital de Asturias","description":"Hemeroteca","url":"https:\/\/www.eldigitaldeasturias.com\/noticias\/","email":"info@eldigitaldeasturias.com","telephone":"+34652131393","logo":{"@type":"ImageObject","url":"https:\/\/www.eldigitaldeasturias.com\/noticias\/wp-content\/uploads\/2020\/12\/EDA.jpg","@id":"https:\/\/www.eldigitaldeasturias.com\/noticias\/netanyahu-estamos-preparados-para-cualquier-escenario-posible\/#organizationLogo"},"image":{"@id":"https:\/\/www.eldigitaldeasturias.com\/noticias\/netanyahu-estamos-preparados-para-cualquier-escenario-posible\/#organizationLogo"},"sameAs":["https:\/\/facebook.com\/eldigitaldeasturias","https:\/\/www.youtube.com\/channel\/UCZP-2wLEB9Rv6erhFmqVnvg"],"address":{"@id":"https:\/\/www.eldigitaldeasturias.com\/noticias\/#postaladdress","@type":"PostalAddress","streetAddress":"san antonio 4","postalCode":"33430","addressLocality":"Cand\u00e1s","addressRegion":"Asturias","addressCountry":"ES"}},{"@type":"Person","@id":"https:\/\/www.eldigitaldeasturias.com\/noticias\/author\/admin\/#author","url":"https:\/\/www.eldigitaldeasturias.com\/noticias\/author\/admin\/","name":"El Digital de Asturias","image":{"@type":"ImageObject","@id":"https:\/\/www.eldigitaldeasturias.com\/noticias\/netanyahu-estamos-preparados-para-cualquier-escenario-posible\/#authorImage","url":"https:\/\/secure.gravatar.com\/avatar\/df2aeffc32bcd13f8d26072ef8a91b623d677766deac7f97ca815868cd41bf5e?s=96&d=mm&r=g","width":96,"height":96,"caption":"El Digital de Asturias"}},{"@type":"WebPage","@id":"https:\/\/www.eldigitaldeasturias.com\/noticias\/netanyahu-estamos-preparados-para-cualquier-escenario-posible\/#webpage","url":"https:\/\/www.eldigitaldeasturias.com\/noticias\/netanyahu-estamos-preparados-para-cualquier-escenario-posible\/","name":"Netanyahu: \u00abEstamos preparados para cualquier escenario posible\u00bb - El Digital de Asturias","description":"Tel Aviv, 6 may (dpa) - El primer ministro israel\u00ed, Benjamin Netanyahu, volvi\u00f3 hoy criticar la presencia de Ir\u00e1n en Siria y alert\u00f3 de un eventual enfrentamiento: \"No queremos una confrontaci\u00f3n, pero si tiene que haberla, cuanto antes mejor\". \"Estamos decididos a frenar la agresi\u00f3n iran\u00ed en sus comienzos, aunque eso implique una lucha\", dijo","inLanguage":"es-ES","isPartOf":{"@id":"https:\/\/www.eldigitaldeasturias.com\/noticias\/#website"},"breadcrumb":{"@id":"https:\/\/www.eldigitaldeasturias.com\/noticias\/netanyahu-estamos-preparados-para-cualquier-escenario-posible\/#breadcrumblist"},"author":{"@id":"https:\/\/www.eldigitaldeasturias.com\/noticias\/author\/admin\/#author"},"creator":{"@id":"https:\/\/www.eldigitaldeasturias.com\/noticias\/author\/admin\/#author"},"image":{"@type":"ImageObject","url":870944,"@id":"https:\/\/www.eldigitaldeasturias.com\/noticias\/netanyahu-estamos-preparados-para-cualquier-escenario-posible\/#mainImage"},"primaryImageOfPage":{"@id":"https:\/\/www.eldigitaldeasturias.com\/noticias\/netanyahu-estamos-preparados-para-cualquier-escenario-posible\/#mainImage"},"datePublished":"2018-05-06T21:53:22+02:00","dateModified":"2018-05-06T21:53:22+02:00"},{"@type":"WebSite","@id":"https:\/\/www.eldigitaldeasturias.com\/noticias\/#website","url":"https:\/\/www.eldigitaldeasturias.com\/noticias\/","name":"El Digital de Asturias - Diario de actualidad y noticias","alternateName":"El Digital de Asturias - Diario de actualidad y noticias","description":"Hemeroteca","inLanguage":"es-ES","publisher":{"@id":"https:\/\/www.eldigitaldeasturias.com\/noticias\/#organization"}}]},"og:locale":"es_ES","og:site_name":"El Digital de Asturias","og:type":"article","og:title":"Netanyahu: \u00abEstamos preparados para cualquier escenario posible\u00bb - El Digital de Asturias","og:description":"Tel Aviv, 6 may (dpa) - El primer ministro israel\u00ed, Benjamin Netanyahu, volvi\u00f3 hoy criticar la presencia de Ir\u00e1n en Siria y alert\u00f3 de un eventual enfrentamiento: &quot;No queremos una confrontaci\u00f3n, pero si tiene que haberla, cuanto antes mejor&quot;. &quot;Estamos decididos a frenar la agresi\u00f3n iran\u00ed en sus comienzos, aunque eso implique una lucha&quot;, dijo","og:url":"https:\/\/www.eldigitaldeasturias.com\/noticias\/netanyahu-estamos-preparados-para-cualquier-escenario-posible\/","article:tag":["actualidad"],"article:published_time":"2018-05-06T21:53:22+00:00","article:modified_time":"2018-05-06T21:53:22+00:00","article:publisher":"https:\/\/facebook.com\/eldigitaldeasturias","twitter:card":"summary_large_image","twitter:title":"Netanyahu: \u00abEstamos preparados para cualquier escenario posible\u00bb - El Digital de Asturias","twitter:description":"Tel Aviv, 6 may (dpa) - El primer ministro israel\u00ed, Benjamin Netanyahu, volvi\u00f3 hoy criticar la presencia de Ir\u00e1n en Siria y alert\u00f3 de un eventual enfrentamiento: &quot;No queremos una confrontaci\u00f3n, pero si tiene que haberla, cuanto antes mejor&quot;. &quot;Estamos decididos a frenar la agresi\u00f3n iran\u00ed en sus comienzos, aunque eso implique una lucha&quot;, dijo","twitter:image":"https:\/\/www.eldigitaldeasturias.com\/noticias\/wp-content\/uploads\/2020\/12\/EDA-1.jpg","twitter:label1":"Escrito por","twitter:data1":"El Digital de Asturias","twitter:label2":"Tiempo de lectura estimado","twitter:data2":"5 minutos"},"aioseo_meta_data":{"post_id":"979327","title":null,"description":null,"keywords":null,"keyphrases":null,"primary_term":null,"canonical_url":null,"og_title":null,"og_description":null,"og_object_type":"default","og_image_type":"default","og_image_url":null,"og_image_width":null,"og_image_height":null,"og_image_custom_url":null,"og_image_custom_fields":null,"og_video":null,"og_custom_url":null,"og_article_section":null,"og_article_tags":null,"twitter_use_og":false,"twitter_card":"default","twitter_image_type":"default","twitter_image_url":null,"twitter_image_custom_url":null,"twitter_image_custom_fields":null,"twitter_title":null,"twitter_description":null,"schema":{"blockGraphs":[],"customGraphs":[],"default":{"data":{"Article":[],"Course":[],"Dataset":[],"FAQPage":[],"Movie":[],"Person":[],"Product":[],"ProductReview":[],"Car":[],"Recipe":[],"Service":[],"SoftwareApplication":[],"WebPage":[]},"graphName":"","isEnabled":true},"graphs":[],"defaultGraph":"","defaultPostTypeGraph":""},"schema_type":null,"schema_type_options":null,"pillar_content":false,"robots_default":true,"robots_noindex":false,"robots_noarchive":false,"robots_nosnippet":false,"robots_nofollow":false,"robots_noimageindex":false,"robots_noodp":false,"robots_notranslate":false,"robots_max_snippet":null,"robots_max_videopreview":null,"robots_max_imagepreview":"large","priority":null,"frequency":null,"local_seo":null,"seo_analyzer_scan_date":"2025-10-08 13:57:24","breadcrumb_settings":null,"limit_modified_date":false,"open_ai":null,"ai":null,"created":"2020-12-21 11:59:39","updated":"2025-10-08 13:57:24","focus_keyword":null,"additional_keywords":null,"truseo_locale":null},"aioseo_breadcrumb":"<div class=\"aioseo-breadcrumbs\"><span class=\"aioseo-breadcrumb\">\n\t<a href=\"https:\/\/www.eldigitaldeasturias.com\/noticias\" title=\"Home\">Home<\/a>\n<\/span><span class=\"aioseo-breadcrumb-separator\">\u2013<\/span><span class=\"aioseo-breadcrumb\">\n\t<a href=\"https:\/\/www.eldigitaldeasturias.com\/noticias\/category\/actualidad\/\" title=\"Actualidad\">Actualidad<\/a>\n<\/span><span class=\"aioseo-breadcrumb-separator\">\u2013<\/span><span class=\"aioseo-breadcrumb\">\n\t<a href=\"https:\/\/www.eldigitaldeasturias.com\/noticias\/netanyahu-estamos-preparados-para-cualquier-escenario-posible\/\" title=\"Netanyahu: \u00abEstamos preparados para cualquier escenario posible\u00bb\">Netanyahu: \u00abEstamos preparados para cualquier escenario posible\u00bb<\/a>\n<\/span><\/div>","aioseo_breadcrumb_json":[{"label":"Home","link":"https:\/\/www.eldigitaldeasturias.com\/noticias"},{"label":"Actualidad","link":"https:\/\/www.eldigitaldeasturias.com\/noticias\/category\/actualidad\/"},{"label":"Netanyahu: \u00abEstamos preparados para cualquier escenario posible\u00bb","link":"https:\/\/www.eldigitaldeasturias.com\/noticias\/netanyahu-estamos-preparados-para-cualquier-escenario-posible\/"}],"_links":{"self":[{"href":"https:\/\/www.eldigitaldeasturias.com\/noticias\/wp-json\/wp\/v2\/posts\/979327","targetHints":{"allow":["GET"]}}],"collection":[{"href":"https:\/\/www.eldigitaldeasturias.com\/noticias\/wp-json\/wp\/v2\/posts"}],"about":[{"href":"https:\/\/www.eldigitaldeasturias.com\/noticias\/wp-json\/wp\/v2\/types\/post"}],"author":[{"embeddable":true,"href":"https:\/\/www.eldigitaldeasturias.com\/noticias\/wp-json\/wp\/v2\/users\/1"}],"replies":[{"embeddable":true,"href":"https:\/\/www.eldigitaldeasturias.com\/noticias\/wp-json\/wp\/v2\/comments?post=979327"}],"version-history":[{"count":0,"href":"https:\/\/www.eldigitaldeasturias.com\/noticias\/wp-json\/wp\/v2\/posts\/979327\/revisions"}],"wp:attachment":[{"href":"https:\/\/www.eldigitaldeasturias.com\/noticias\/wp-json\/wp\/v2\/media?parent=979327"}],"wp:term":[{"taxonomy":"category","embeddable":true,"href":"https:\/\/www.eldigitaldeasturias.com\/noticias\/wp-json\/wp\/v2\/categories?post=979327"},{"taxonomy":"post_tag","embeddable":true,"href":"https:\/\/www.eldigitaldeasturias.com\/noticias\/wp-json\/wp\/v2\/tags?post=979327"}],"curies":[{"name":"wp","href":"https:\/\/api.w.org\/{rel}","templated":true}]}}