{"id":979266,"date":"2018-05-06T19:07:44","date_gmt":"2018-05-06T19:07:44","guid":{"rendered":"http:\/\/www.eldigitaldeasturias.com\/noticias\/?p=979266"},"modified":"2018-05-06T19:07:44","modified_gmt":"2018-05-06T19:07:44","slug":"la-fonoteca-de-la-jota-inicia-su-primer-ciclo-de-actividades","status":"publish","type":"post","link":"https:\/\/www.eldigitaldeasturias.com\/noticias\/la-fonoteca-de-la-jota-inicia-su-primer-ciclo-de-actividades\/","title":{"rendered":"La Fonoteca de la Jota inicia su primer ciclo de actividades"},"content":{"rendered":"<p><img loading=\"lazy\" decoding=\"async\" class=\"alignleft size-medium wp-image-979267\" src=\"https:\/\/www.eldigitaldeasturias.com\/noticias\/wp-content\/uploads\/2018\/05\/IMG_20180313-360x159.jpg\" alt=\"\" width=\"360\" height=\"159\" \/>Los jueves ser\u00e1n jornadas con jota en la fonoteca dedicada a este g\u00e9nero musical, cuyas dependencias se encuentran en la Biblioteca de Arag\u00f3n. La pr\u00f3xima semana se inicia una serie de conferencias que promete ser solo el primer ciclo de actividades que se desarrollan en su seno.<\/p>\n<p>El estreno de estas charlas ser\u00e1 el pr\u00f3ximo jueves, 10 de mayo, en una jornada que estar\u00e1 dedicada a presentar y profundizar en los fondos de los que ya disponen estas instalaciones y que correr\u00e1 a cargo de C\u00e9sar Rodr\u00edguez Xaixo, el anterior propietario de la colecci\u00f3n que ya reside en la fonoteca y que es, en palabras de su director, Nacho del R\u00edo, \u201cuna de de las colecciones m\u00e1s importantes que tiene nuestra jota y que ya es patrimonio de todos los aragoneses\u201d. La colecci\u00f3n de Rodr\u00edguez Xaixo est\u00e1 compuesta por una importante selecci\u00f3n de registros sonoros en distintos formatos, as\u00ed como documentaci\u00f3n original y publicaciones especializadas. Tambi\u00e9n hay publicaciones dedicadas a la presencia e influencia de la jota en la literatura o el teatro costumbrista en su contexto social y cultural. Entre sus tesoros destacan m\u00e1s de 800 discos de pizarra y 13 cilindros de cera en muy buen estado de conservaci\u00f3n, as\u00ed como vinilos, ced\u00e9s, archivos digitales, libros, partituras o carteles, entre otros.<\/p>\n<p>Adem\u00e1s, y como sesi\u00f3n especial, este ciclo tendr\u00e1 el 15 de mayo un recuerdo especial para el tenor aragon\u00e9s Miguel Fleta, con motivo del 80 aniversario de su fallecimiento. La ponencia correr\u00e1 a cargo de Miguel \u00c1ngel Yusta y se centrar\u00e1 en el Fleta jotero, ya que sus inicios fueron en este g\u00e9nero, aunque durante su carrera siempre interpret\u00f3 jotas l\u00edricas.<\/p>\n<p>Las sesiones finalizar\u00e1n el 14 de junio con una conferencia de Alberto Tur\u00f3n, especialista en la m\u00fasica popular de la Comunidad, que llevar\u00e1 a cabo un recorrido a trav\u00e9s de los testimonios fonogr\u00e1ficos de las primeras voces conservadas de la jota: Blas Mora, Isidra Vera, Urbano Gracia, Jos\u00e9 Moreno, Juanito Pardo, Isabel Mu\u00f1oz, Inocencia Sebasti\u00e1n\u2026<\/p>\n<p>Todas las charlas se celebrar\u00e1n en el sal\u00f3n de actos de la Biblioteca de Arag\u00f3n, a las 19.30 de la tarde. Tras estas primeras sesiones, la Fonoteca de la Jota reanudar\u00e1 en septiembre su actividad a trav\u00e9s de monogr\u00e1ficos de grandes int\u00e9rpretes, con curiosidades de su propio cat\u00e1logo y con sesiones de escucha y acad\u00e9micas. A trav\u00e9s de todas estas actuaciones, el director de la fonoteca espera que se convierta en un punto de encuentro para los amantes de la jota. \u201cNuestra intenci\u00f3n es que sea un n\u00facleo para debatir, para aprender, para compartir y, por qu\u00e9 no, para evolucionar\u201d, concluye Nacho del R\u00edo.<\/p>\n<p><strong>Un lugar de reuni\u00f3n<\/strong><\/p>\n<p>La Fonoteca de la Jota se ha puesto en marcha durante esta legislatura como un organismo encargado de recopilar, catalogar y digitalizar los fondos sonoros, documentales, bibliogr\u00e1ficos y gr\u00e1ficos recopilados en torno a la jota. Para lograr este fin, el Gobierno de Arag\u00f3n ha adquirido al coleccionista C\u00e9sar Rodr\u00edguez Xaixo m\u00e1s de 2.000 archivos que se configuran como el grueso de la colecci\u00f3n, que se encuentra en proceso de inventariado y catalogaci\u00f3n para posteriormente procederse a su digitalizaci\u00f3n. Adem\u00e1s de la direcci\u00f3n de Nacho del R\u00edo, cuenta con el conocimiento y la asesor\u00eda de Pepe Melero y Javier Barreiro.<\/p>\n<p>La Fonoteca de la Jota sali\u00f3 del seno del Consejo de la Cultura, como record\u00f3 la consejera de Educaci\u00f3n, Cultura y Deporte, Mayte P\u00e9rez, \u201cpor el manifiesto inter\u00e9s del propio sector cultural\u201d. El Departamento que dirige ha invertido ya 100.000 euros en la adecuaci\u00f3n de espacios para la apertura de este espacio en la Biblioteca de Arag\u00f3n y para la adquisici\u00f3n de fondos y destina este a\u00f1o otros 70.000, dedicados a la conversi\u00f3n y digitalizaci\u00f3n de archivos, la puesta en marcha de actividades y nuevas adquisiciones.<\/p>\n<p>El espacio de la Fonoteca est\u00e1 ubicado en la segunda planta de la Biblioteca de Arag\u00f3n y es de acceso gratuito. Esta sala est\u00e1 dedicada en exclusiva al estudio de fondos con usos diversos como la atenci\u00f3n a investigadores y al p\u00fablico general, consulta directa de fondos sonoros digitalizados a trav\u00e9s de puntos de escucha y de fondos bibliogr\u00e1ficos de materiales afines a la jota, lugar de lectura y de reuniones de grupos de trabajo vinculados a la jota. En definitiva, todo un conjunto de aportes que sirvan para salvaguardar una parte sustancial de nuestro Patrimonio Cultural Inmaterial y, con \u00e9l, su transmisi\u00f3n a las siguientes generaciones.<\/p>\n","protected":false},"excerpt":{"rendered":"<p>Los jueves ser\u00e1n jornadas con jota en la fonoteca dedicada a este g\u00e9nero musical, cuyas dependencias se encuentran en la Biblioteca de Arag\u00f3n. La pr\u00f3xima semana se inicia una serie de conferencias que promete ser solo el primer ciclo de actividades que se desarrollan en su seno. El estreno de estas charlas ser\u00e1 el pr\u00f3ximo [&hellip;]<\/p>\n","protected":false},"author":1,"featured_media":979267,"comment_status":"closed","ping_status":"closed","sticky":false,"template":"","format":"standard","meta":{"footnotes":""},"categories":[1],"tags":[],"class_list":["post-979266","post","type-post","status-publish","format-standard","has-post-thumbnail","hentry","category-actualidad"],"aioseo_notices":[],"aioseo_head":"\n\t\t<!-- All in One SEO Pro 5.0.1 - aioseo.com -->\n\t<meta name=\"description\" content=\"Los jueves ser\u00e1n jornadas con jota en la fonoteca dedicada a este g\u00e9nero musical, cuyas dependencias se encuentran en la Biblioteca de Arag\u00f3n. La pr\u00f3xima semana se inicia una serie de conferencias que promete ser solo el primer ciclo de actividades que se desarrollan en su seno. El estreno de estas charlas ser\u00e1 el pr\u00f3ximo\" \/>\n\t<meta name=\"robots\" content=\"max-image-preview:large\" \/>\n\t<meta name=\"author\" content=\"El Digital de Asturias\"\/>\n\t<meta name=\"google-site-verification\" content=\"UA-38556648-1\" \/>\n\t<meta name=\"msvalidate.01\" content=\"7dfe9f3f1b24437ab69f4f2559babe99\" \/>\n\t<meta name=\"keywords\" content=\"actualidad\" \/>\n\t<link rel=\"canonical\" href=\"https:\/\/www.eldigitaldeasturias.com\/noticias\/la-fonoteca-de-la-jota-inicia-su-primer-ciclo-de-actividades\/\" \/>\n\t<meta name=\"generator\" content=\"All in One SEO Pro (AIOSEO) 5.0.1\" \/>\n\t\t<meta property=\"og:locale\" content=\"es_ES\" \/>\n\t\t<meta property=\"og:site_name\" content=\"El Digital de Asturias\" \/>\n\t\t<meta property=\"og:type\" content=\"article\" \/>\n\t\t<meta property=\"og:title\" content=\"La Fonoteca de la Jota inicia su primer ciclo de actividades - El Digital de Asturias\" \/>\n\t\t<meta property=\"og:description\" content=\"Los jueves ser\u00e1n jornadas con jota en la fonoteca dedicada a este g\u00e9nero musical, cuyas dependencias se encuentran en la Biblioteca de Arag\u00f3n. La pr\u00f3xima semana se inicia una serie de conferencias que promete ser solo el primer ciclo de actividades que se desarrollan en su seno. El estreno de estas charlas ser\u00e1 el pr\u00f3ximo\" \/>\n\t\t<meta property=\"og:url\" content=\"https:\/\/www.eldigitaldeasturias.com\/noticias\/la-fonoteca-de-la-jota-inicia-su-primer-ciclo-de-actividades\/\" \/>\n\t\t<meta property=\"article:tag\" content=\"actualidad\" \/>\n\t\t<meta property=\"article:published_time\" content=\"2018-05-06T19:07:44+00:00\" \/>\n\t\t<meta property=\"article:modified_time\" content=\"2018-05-06T19:07:44+00:00\" \/>\n\t\t<meta property=\"article:publisher\" content=\"https:\/\/facebook.com\/eldigitaldeasturias\" \/>\n\t\t<meta name=\"twitter:card\" content=\"summary_large_image\" \/>\n\t\t<meta name=\"twitter:title\" content=\"La Fonoteca de la Jota inicia su primer ciclo de actividades - El Digital de Asturias\" \/>\n\t\t<meta name=\"twitter:description\" content=\"Los jueves ser\u00e1n jornadas con jota en la fonoteca dedicada a este g\u00e9nero musical, cuyas dependencias se encuentran en la Biblioteca de Arag\u00f3n. La pr\u00f3xima semana se inicia una serie de conferencias que promete ser solo el primer ciclo de actividades que se desarrollan en su seno. El estreno de estas charlas ser\u00e1 el pr\u00f3ximo\" \/>\n\t\t<meta name=\"twitter:image\" content=\"https:\/\/www.eldigitaldeasturias.com\/noticias\/wp-content\/uploads\/2020\/12\/EDA-1.jpg\" \/>\n\t\t<meta name=\"twitter:label1\" content=\"Escrito por\" \/>\n\t\t<meta name=\"twitter:data1\" content=\"El Digital de Asturias\" \/>\n\t\t<meta name=\"twitter:label2\" content=\"Tiempo de lectura estimado\" \/>\n\t\t<meta name=\"twitter:data2\" content=\"4 minutos\" \/>\n\t\t<script type=\"application\/ld+json\" class=\"aioseo-schema\">\n\t\t\t{\"@context\":\"https:\\\/\\\/schema.org\",\"@graph\":[{\"@type\":\"BlogPosting\",\"@id\":\"https:\\\/\\\/www.eldigitaldeasturias.com\\\/noticias\\\/la-fonoteca-de-la-jota-inicia-su-primer-ciclo-de-actividades\\\/#blogposting\",\"name\":\"La Fonoteca de la Jota inicia su primer ciclo de actividades - El Digital de Asturias\",\"headline\":\"La Fonoteca de la Jota inicia su primer ciclo de actividades\",\"author\":{\"@id\":\"https:\\\/\\\/www.eldigitaldeasturias.com\\\/noticias\\\/author\\\/admin\\\/#author\"},\"publisher\":{\"@id\":\"https:\\\/\\\/www.eldigitaldeasturias.com\\\/noticias\\\/#organization\"},\"image\":{\"@type\":\"ImageObject\",\"url\":979267},\"datePublished\":\"2018-05-06T19:07:44+02:00\",\"dateModified\":\"2018-05-06T19:07:44+02:00\",\"inLanguage\":\"es-ES\",\"mainEntityOfPage\":{\"@id\":\"https:\\\/\\\/www.eldigitaldeasturias.com\\\/noticias\\\/la-fonoteca-de-la-jota-inicia-su-primer-ciclo-de-actividades\\\/#webpage\"},\"isPartOf\":{\"@id\":\"https:\\\/\\\/www.eldigitaldeasturias.com\\\/noticias\\\/la-fonoteca-de-la-jota-inicia-su-primer-ciclo-de-actividades\\\/#webpage\"},\"articleSection\":\"Actualidad\"},{\"@type\":\"BreadcrumbList\",\"@id\":\"https:\\\/\\\/www.eldigitaldeasturias.com\\\/noticias\\\/la-fonoteca-de-la-jota-inicia-su-primer-ciclo-de-actividades\\\/#breadcrumblist\",\"itemListElement\":[{\"@type\":\"ListItem\",\"@id\":\"https:\\\/\\\/www.eldigitaldeasturias.com\\\/noticias#listItem\",\"position\":1,\"name\":\"Home\",\"item\":\"https:\\\/\\\/www.eldigitaldeasturias.com\\\/noticias\",\"nextItem\":{\"@type\":\"ListItem\",\"@id\":\"https:\\\/\\\/www.eldigitaldeasturias.com\\\/noticias\\\/category\\\/actualidad\\\/#listItem\",\"name\":\"Actualidad\"}},{\"@type\":\"ListItem\",\"@id\":\"https:\\\/\\\/www.eldigitaldeasturias.com\\\/noticias\\\/category\\\/actualidad\\\/#listItem\",\"position\":2,\"name\":\"Actualidad\",\"item\":\"https:\\\/\\\/www.eldigitaldeasturias.com\\\/noticias\\\/category\\\/actualidad\\\/\",\"nextItem\":{\"@type\":\"ListItem\",\"@id\":\"https:\\\/\\\/www.eldigitaldeasturias.com\\\/noticias\\\/la-fonoteca-de-la-jota-inicia-su-primer-ciclo-de-actividades\\\/#listItem\",\"name\":\"La Fonoteca de la Jota inicia su primer ciclo de actividades\"},\"previousItem\":{\"@type\":\"ListItem\",\"@id\":\"https:\\\/\\\/www.eldigitaldeasturias.com\\\/noticias#listItem\",\"name\":\"Home\"}},{\"@type\":\"ListItem\",\"@id\":\"https:\\\/\\\/www.eldigitaldeasturias.com\\\/noticias\\\/la-fonoteca-de-la-jota-inicia-su-primer-ciclo-de-actividades\\\/#listItem\",\"position\":3,\"name\":\"La Fonoteca de la Jota inicia su primer ciclo de actividades\",\"previousItem\":{\"@type\":\"ListItem\",\"@id\":\"https:\\\/\\\/www.eldigitaldeasturias.com\\\/noticias\\\/category\\\/actualidad\\\/#listItem\",\"name\":\"Actualidad\"}}]},{\"@type\":\"Organization\",\"@id\":\"https:\\\/\\\/www.eldigitaldeasturias.com\\\/noticias\\\/#organization\",\"name\":\"El Digital de Asturias\",\"description\":\"Hemeroteca\",\"url\":\"https:\\\/\\\/www.eldigitaldeasturias.com\\\/noticias\\\/\",\"email\":\"info@eldigitaldeasturias.com\",\"telephone\":\"+34652131393\",\"logo\":{\"@type\":\"ImageObject\",\"url\":\"https:\\\/\\\/www.eldigitaldeasturias.com\\\/noticias\\\/wp-content\\\/uploads\\\/2020\\\/12\\\/EDA.jpg\",\"@id\":\"https:\\\/\\\/www.eldigitaldeasturias.com\\\/noticias\\\/la-fonoteca-de-la-jota-inicia-su-primer-ciclo-de-actividades\\\/#organizationLogo\"},\"image\":{\"@id\":\"https:\\\/\\\/www.eldigitaldeasturias.com\\\/noticias\\\/la-fonoteca-de-la-jota-inicia-su-primer-ciclo-de-actividades\\\/#organizationLogo\"},\"sameAs\":[\"https:\\\/\\\/facebook.com\\\/eldigitaldeasturias\",\"https:\\\/\\\/www.youtube.com\\\/channel\\\/UCZP-2wLEB9Rv6erhFmqVnvg\"],\"address\":{\"@id\":\"https:\\\/\\\/www.eldigitaldeasturias.com\\\/noticias\\\/#postaladdress\",\"@type\":\"PostalAddress\",\"streetAddress\":\"san antonio 4\",\"postalCode\":\"33430\",\"addressLocality\":\"Cand\\u00e1s\",\"addressRegion\":\"Asturias\",\"addressCountry\":\"ES\"}},{\"@type\":\"Person\",\"@id\":\"https:\\\/\\\/www.eldigitaldeasturias.com\\\/noticias\\\/author\\\/admin\\\/#author\",\"url\":\"https:\\\/\\\/www.eldigitaldeasturias.com\\\/noticias\\\/author\\\/admin\\\/\",\"name\":\"El Digital de Asturias\",\"image\":{\"@type\":\"ImageObject\",\"@id\":\"https:\\\/\\\/www.eldigitaldeasturias.com\\\/noticias\\\/la-fonoteca-de-la-jota-inicia-su-primer-ciclo-de-actividades\\\/#authorImage\",\"url\":\"https:\\\/\\\/secure.gravatar.com\\\/avatar\\\/df2aeffc32bcd13f8d26072ef8a91b623d677766deac7f97ca815868cd41bf5e?s=96&d=mm&r=g\",\"width\":96,\"height\":96,\"caption\":\"El Digital de Asturias\"}},{\"@type\":\"WebPage\",\"@id\":\"https:\\\/\\\/www.eldigitaldeasturias.com\\\/noticias\\\/la-fonoteca-de-la-jota-inicia-su-primer-ciclo-de-actividades\\\/#webpage\",\"url\":\"https:\\\/\\\/www.eldigitaldeasturias.com\\\/noticias\\\/la-fonoteca-de-la-jota-inicia-su-primer-ciclo-de-actividades\\\/\",\"name\":\"La Fonoteca de la Jota inicia su primer ciclo de actividades - El Digital de Asturias\",\"description\":\"Los jueves ser\\u00e1n jornadas con jota en la fonoteca dedicada a este g\\u00e9nero musical, cuyas dependencias se encuentran en la Biblioteca de Arag\\u00f3n. La pr\\u00f3xima semana se inicia una serie de conferencias que promete ser solo el primer ciclo de actividades que se desarrollan en su seno. El estreno de estas charlas ser\\u00e1 el pr\\u00f3ximo\",\"inLanguage\":\"es-ES\",\"isPartOf\":{\"@id\":\"https:\\\/\\\/www.eldigitaldeasturias.com\\\/noticias\\\/#website\"},\"breadcrumb\":{\"@id\":\"https:\\\/\\\/www.eldigitaldeasturias.com\\\/noticias\\\/la-fonoteca-de-la-jota-inicia-su-primer-ciclo-de-actividades\\\/#breadcrumblist\"},\"author\":{\"@id\":\"https:\\\/\\\/www.eldigitaldeasturias.com\\\/noticias\\\/author\\\/admin\\\/#author\"},\"creator\":{\"@id\":\"https:\\\/\\\/www.eldigitaldeasturias.com\\\/noticias\\\/author\\\/admin\\\/#author\"},\"image\":{\"@type\":\"ImageObject\",\"url\":979267,\"@id\":\"https:\\\/\\\/www.eldigitaldeasturias.com\\\/noticias\\\/la-fonoteca-de-la-jota-inicia-su-primer-ciclo-de-actividades\\\/#mainImage\"},\"primaryImageOfPage\":{\"@id\":\"https:\\\/\\\/www.eldigitaldeasturias.com\\\/noticias\\\/la-fonoteca-de-la-jota-inicia-su-primer-ciclo-de-actividades\\\/#mainImage\"},\"datePublished\":\"2018-05-06T19:07:44+02:00\",\"dateModified\":\"2018-05-06T19:07:44+02:00\"},{\"@type\":\"WebSite\",\"@id\":\"https:\\\/\\\/www.eldigitaldeasturias.com\\\/noticias\\\/#website\",\"url\":\"https:\\\/\\\/www.eldigitaldeasturias.com\\\/noticias\\\/\",\"name\":\"El Digital de Asturias - Diario de actualidad y noticias\",\"alternateName\":\"El Digital de Asturias - Diario de actualidad y noticias\",\"description\":\"Hemeroteca\",\"inLanguage\":\"es-ES\",\"publisher\":{\"@id\":\"https:\\\/\\\/www.eldigitaldeasturias.com\\\/noticias\\\/#organization\"}}]}\n\t\t<\/script>\n\t\t<!-- All in One SEO Pro -->\r\n\t\t<title>La Fonoteca de la Jota inicia su primer ciclo de actividades - El Digital de Asturias<\/title>\n\n","aioseo_head_json":{"title":"La Fonoteca de la Jota inicia su primer ciclo de actividades - El Digital de Asturias","description":"Los jueves ser\u00e1n jornadas con jota en la fonoteca dedicada a este g\u00e9nero musical, cuyas dependencias se encuentran en la Biblioteca de Arag\u00f3n. La pr\u00f3xima semana se inicia una serie de conferencias que promete ser solo el primer ciclo de actividades que se desarrollan en su seno. El estreno de estas charlas ser\u00e1 el pr\u00f3ximo","canonical_url":"https:\/\/www.eldigitaldeasturias.com\/noticias\/la-fonoteca-de-la-jota-inicia-su-primer-ciclo-de-actividades\/","robots":"max-image-preview:large","keywords":"actualidad","webmasterTools":{"google-site-verification":"UA-38556648-1","msvalidate.01":"7dfe9f3f1b24437ab69f4f2559babe99","miscellaneous":""},"schema":{"@context":"https:\/\/schema.org","@graph":[{"@type":"BlogPosting","@id":"https:\/\/www.eldigitaldeasturias.com\/noticias\/la-fonoteca-de-la-jota-inicia-su-primer-ciclo-de-actividades\/#blogposting","name":"La Fonoteca de la Jota inicia su primer ciclo de actividades - El Digital de Asturias","headline":"La Fonoteca de la Jota inicia su primer ciclo de actividades","author":{"@id":"https:\/\/www.eldigitaldeasturias.com\/noticias\/author\/admin\/#author"},"publisher":{"@id":"https:\/\/www.eldigitaldeasturias.com\/noticias\/#organization"},"image":{"@type":"ImageObject","url":979267},"datePublished":"2018-05-06T19:07:44+02:00","dateModified":"2018-05-06T19:07:44+02:00","inLanguage":"es-ES","mainEntityOfPage":{"@id":"https:\/\/www.eldigitaldeasturias.com\/noticias\/la-fonoteca-de-la-jota-inicia-su-primer-ciclo-de-actividades\/#webpage"},"isPartOf":{"@id":"https:\/\/www.eldigitaldeasturias.com\/noticias\/la-fonoteca-de-la-jota-inicia-su-primer-ciclo-de-actividades\/#webpage"},"articleSection":"Actualidad"},{"@type":"BreadcrumbList","@id":"https:\/\/www.eldigitaldeasturias.com\/noticias\/la-fonoteca-de-la-jota-inicia-su-primer-ciclo-de-actividades\/#breadcrumblist","itemListElement":[{"@type":"ListItem","@id":"https:\/\/www.eldigitaldeasturias.com\/noticias#listItem","position":1,"name":"Home","item":"https:\/\/www.eldigitaldeasturias.com\/noticias","nextItem":{"@type":"ListItem","@id":"https:\/\/www.eldigitaldeasturias.com\/noticias\/category\/actualidad\/#listItem","name":"Actualidad"}},{"@type":"ListItem","@id":"https:\/\/www.eldigitaldeasturias.com\/noticias\/category\/actualidad\/#listItem","position":2,"name":"Actualidad","item":"https:\/\/www.eldigitaldeasturias.com\/noticias\/category\/actualidad\/","nextItem":{"@type":"ListItem","@id":"https:\/\/www.eldigitaldeasturias.com\/noticias\/la-fonoteca-de-la-jota-inicia-su-primer-ciclo-de-actividades\/#listItem","name":"La Fonoteca de la Jota inicia su primer ciclo de actividades"},"previousItem":{"@type":"ListItem","@id":"https:\/\/www.eldigitaldeasturias.com\/noticias#listItem","name":"Home"}},{"@type":"ListItem","@id":"https:\/\/www.eldigitaldeasturias.com\/noticias\/la-fonoteca-de-la-jota-inicia-su-primer-ciclo-de-actividades\/#listItem","position":3,"name":"La Fonoteca de la Jota inicia su primer ciclo de actividades","previousItem":{"@type":"ListItem","@id":"https:\/\/www.eldigitaldeasturias.com\/noticias\/category\/actualidad\/#listItem","name":"Actualidad"}}]},{"@type":"Organization","@id":"https:\/\/www.eldigitaldeasturias.com\/noticias\/#organization","name":"El Digital de Asturias","description":"Hemeroteca","url":"https:\/\/www.eldigitaldeasturias.com\/noticias\/","email":"info@eldigitaldeasturias.com","telephone":"+34652131393","logo":{"@type":"ImageObject","url":"https:\/\/www.eldigitaldeasturias.com\/noticias\/wp-content\/uploads\/2020\/12\/EDA.jpg","@id":"https:\/\/www.eldigitaldeasturias.com\/noticias\/la-fonoteca-de-la-jota-inicia-su-primer-ciclo-de-actividades\/#organizationLogo"},"image":{"@id":"https:\/\/www.eldigitaldeasturias.com\/noticias\/la-fonoteca-de-la-jota-inicia-su-primer-ciclo-de-actividades\/#organizationLogo"},"sameAs":["https:\/\/facebook.com\/eldigitaldeasturias","https:\/\/www.youtube.com\/channel\/UCZP-2wLEB9Rv6erhFmqVnvg"],"address":{"@id":"https:\/\/www.eldigitaldeasturias.com\/noticias\/#postaladdress","@type":"PostalAddress","streetAddress":"san antonio 4","postalCode":"33430","addressLocality":"Cand\u00e1s","addressRegion":"Asturias","addressCountry":"ES"}},{"@type":"Person","@id":"https:\/\/www.eldigitaldeasturias.com\/noticias\/author\/admin\/#author","url":"https:\/\/www.eldigitaldeasturias.com\/noticias\/author\/admin\/","name":"El Digital de Asturias","image":{"@type":"ImageObject","@id":"https:\/\/www.eldigitaldeasturias.com\/noticias\/la-fonoteca-de-la-jota-inicia-su-primer-ciclo-de-actividades\/#authorImage","url":"https:\/\/secure.gravatar.com\/avatar\/df2aeffc32bcd13f8d26072ef8a91b623d677766deac7f97ca815868cd41bf5e?s=96&d=mm&r=g","width":96,"height":96,"caption":"El Digital de Asturias"}},{"@type":"WebPage","@id":"https:\/\/www.eldigitaldeasturias.com\/noticias\/la-fonoteca-de-la-jota-inicia-su-primer-ciclo-de-actividades\/#webpage","url":"https:\/\/www.eldigitaldeasturias.com\/noticias\/la-fonoteca-de-la-jota-inicia-su-primer-ciclo-de-actividades\/","name":"La Fonoteca de la Jota inicia su primer ciclo de actividades - El Digital de Asturias","description":"Los jueves ser\u00e1n jornadas con jota en la fonoteca dedicada a este g\u00e9nero musical, cuyas dependencias se encuentran en la Biblioteca de Arag\u00f3n. La pr\u00f3xima semana se inicia una serie de conferencias que promete ser solo el primer ciclo de actividades que se desarrollan en su seno. El estreno de estas charlas ser\u00e1 el pr\u00f3ximo","inLanguage":"es-ES","isPartOf":{"@id":"https:\/\/www.eldigitaldeasturias.com\/noticias\/#website"},"breadcrumb":{"@id":"https:\/\/www.eldigitaldeasturias.com\/noticias\/la-fonoteca-de-la-jota-inicia-su-primer-ciclo-de-actividades\/#breadcrumblist"},"author":{"@id":"https:\/\/www.eldigitaldeasturias.com\/noticias\/author\/admin\/#author"},"creator":{"@id":"https:\/\/www.eldigitaldeasturias.com\/noticias\/author\/admin\/#author"},"image":{"@type":"ImageObject","url":979267,"@id":"https:\/\/www.eldigitaldeasturias.com\/noticias\/la-fonoteca-de-la-jota-inicia-su-primer-ciclo-de-actividades\/#mainImage"},"primaryImageOfPage":{"@id":"https:\/\/www.eldigitaldeasturias.com\/noticias\/la-fonoteca-de-la-jota-inicia-su-primer-ciclo-de-actividades\/#mainImage"},"datePublished":"2018-05-06T19:07:44+02:00","dateModified":"2018-05-06T19:07:44+02:00"},{"@type":"WebSite","@id":"https:\/\/www.eldigitaldeasturias.com\/noticias\/#website","url":"https:\/\/www.eldigitaldeasturias.com\/noticias\/","name":"El Digital de Asturias - Diario de actualidad y noticias","alternateName":"El Digital de Asturias - Diario de actualidad y noticias","description":"Hemeroteca","inLanguage":"es-ES","publisher":{"@id":"https:\/\/www.eldigitaldeasturias.com\/noticias\/#organization"}}]},"og:locale":"es_ES","og:site_name":"El Digital de Asturias","og:type":"article","og:title":"La Fonoteca de la Jota inicia su primer ciclo de actividades - El Digital de Asturias","og:description":"Los jueves ser\u00e1n jornadas con jota en la fonoteca dedicada a este g\u00e9nero musical, cuyas dependencias se encuentran en la Biblioteca de Arag\u00f3n. La pr\u00f3xima semana se inicia una serie de conferencias que promete ser solo el primer ciclo de actividades que se desarrollan en su seno. El estreno de estas charlas ser\u00e1 el pr\u00f3ximo","og:url":"https:\/\/www.eldigitaldeasturias.com\/noticias\/la-fonoteca-de-la-jota-inicia-su-primer-ciclo-de-actividades\/","article:tag":["actualidad"],"article:published_time":"2018-05-06T19:07:44+00:00","article:modified_time":"2018-05-06T19:07:44+00:00","article:publisher":"https:\/\/facebook.com\/eldigitaldeasturias","twitter:card":"summary_large_image","twitter:title":"La Fonoteca de la Jota inicia su primer ciclo de actividades - El Digital de Asturias","twitter:description":"Los jueves ser\u00e1n jornadas con jota en la fonoteca dedicada a este g\u00e9nero musical, cuyas dependencias se encuentran en la Biblioteca de Arag\u00f3n. La pr\u00f3xima semana se inicia una serie de conferencias que promete ser solo el primer ciclo de actividades que se desarrollan en su seno. El estreno de estas charlas ser\u00e1 el pr\u00f3ximo","twitter:image":"https:\/\/www.eldigitaldeasturias.com\/noticias\/wp-content\/uploads\/2020\/12\/EDA-1.jpg","twitter:label1":"Escrito por","twitter:data1":"El Digital de Asturias","twitter:label2":"Tiempo de lectura estimado","twitter:data2":"4 minutos"},"aioseo_meta_data":{"post_id":"979266","title":null,"description":null,"keywords":null,"keyphrases":null,"primary_term":null,"canonical_url":null,"og_title":null,"og_description":null,"og_object_type":"default","og_image_type":"default","og_image_url":null,"og_image_width":null,"og_image_height":null,"og_image_custom_url":null,"og_image_custom_fields":null,"og_video":null,"og_custom_url":null,"og_article_section":null,"og_article_tags":null,"twitter_use_og":false,"twitter_card":"default","twitter_image_type":"default","twitter_image_url":null,"twitter_image_custom_url":null,"twitter_image_custom_fields":null,"twitter_title":null,"twitter_description":null,"schema":{"blockGraphs":[],"customGraphs":[],"default":{"data":{"Article":[],"Course":[],"Dataset":[],"FAQPage":[],"Movie":[],"Person":[],"Product":[],"ProductReview":[],"Car":[],"Recipe":[],"Service":[],"SoftwareApplication":[],"WebPage":[]},"graphName":"","isEnabled":true},"graphs":[],"defaultGraph":"","defaultPostTypeGraph":""},"schema_type":null,"schema_type_options":null,"pillar_content":false,"robots_default":true,"robots_noindex":false,"robots_noarchive":false,"robots_nosnippet":false,"robots_nofollow":false,"robots_noimageindex":false,"robots_noodp":false,"robots_notranslate":false,"robots_max_snippet":null,"robots_max_videopreview":null,"robots_max_imagepreview":"large","priority":null,"frequency":null,"local_seo":null,"seo_analyzer_scan_date":"2025-10-08 13:45:13","breadcrumb_settings":null,"limit_modified_date":false,"open_ai":null,"ai":null,"created":"2020-12-21 12:00:36","updated":"2025-10-08 13:45:13","focus_keyword":null,"additional_keywords":null,"truseo_locale":null},"aioseo_breadcrumb":"<div class=\"aioseo-breadcrumbs\"><span class=\"aioseo-breadcrumb\">\n\t<a href=\"https:\/\/www.eldigitaldeasturias.com\/noticias\" title=\"Home\">Home<\/a>\n<\/span><span class=\"aioseo-breadcrumb-separator\">\u2013<\/span><span class=\"aioseo-breadcrumb\">\n\t<a href=\"https:\/\/www.eldigitaldeasturias.com\/noticias\/category\/actualidad\/\" title=\"Actualidad\">Actualidad<\/a>\n<\/span><span class=\"aioseo-breadcrumb-separator\">\u2013<\/span><span class=\"aioseo-breadcrumb\">\n\t<a href=\"https:\/\/www.eldigitaldeasturias.com\/noticias\/la-fonoteca-de-la-jota-inicia-su-primer-ciclo-de-actividades\/\" title=\"La Fonoteca de la Jota inicia su primer ciclo de actividades\">La Fonoteca de la Jota inicia su primer ciclo de actividades<\/a>\n<\/span><\/div>","aioseo_breadcrumb_json":[{"label":"Home","link":"https:\/\/www.eldigitaldeasturias.com\/noticias"},{"label":"Actualidad","link":"https:\/\/www.eldigitaldeasturias.com\/noticias\/category\/actualidad\/"},{"label":"La Fonoteca de la Jota inicia su primer ciclo de actividades","link":"https:\/\/www.eldigitaldeasturias.com\/noticias\/la-fonoteca-de-la-jota-inicia-su-primer-ciclo-de-actividades\/"}],"_links":{"self":[{"href":"https:\/\/www.eldigitaldeasturias.com\/noticias\/wp-json\/wp\/v2\/posts\/979266","targetHints":{"allow":["GET"]}}],"collection":[{"href":"https:\/\/www.eldigitaldeasturias.com\/noticias\/wp-json\/wp\/v2\/posts"}],"about":[{"href":"https:\/\/www.eldigitaldeasturias.com\/noticias\/wp-json\/wp\/v2\/types\/post"}],"author":[{"embeddable":true,"href":"https:\/\/www.eldigitaldeasturias.com\/noticias\/wp-json\/wp\/v2\/users\/1"}],"replies":[{"embeddable":true,"href":"https:\/\/www.eldigitaldeasturias.com\/noticias\/wp-json\/wp\/v2\/comments?post=979266"}],"version-history":[{"count":0,"href":"https:\/\/www.eldigitaldeasturias.com\/noticias\/wp-json\/wp\/v2\/posts\/979266\/revisions"}],"wp:attachment":[{"href":"https:\/\/www.eldigitaldeasturias.com\/noticias\/wp-json\/wp\/v2\/media?parent=979266"}],"wp:term":[{"taxonomy":"category","embeddable":true,"href":"https:\/\/www.eldigitaldeasturias.com\/noticias\/wp-json\/wp\/v2\/categories?post=979266"},{"taxonomy":"post_tag","embeddable":true,"href":"https:\/\/www.eldigitaldeasturias.com\/noticias\/wp-json\/wp\/v2\/tags?post=979266"}],"curies":[{"name":"wp","href":"https:\/\/api.w.org\/{rel}","templated":true}]}}