{"id":979222,"date":"2018-05-06T15:58:40","date_gmt":"2018-05-06T15:58:40","guid":{"rendered":"http:\/\/www.eldigitaldeasturias.com\/noticias\/?p=979222"},"modified":"2018-05-06T15:58:40","modified_gmt":"2018-05-06T15:58:40","slug":"la-sexta-marcha-aspace-huesca-reune-a-mas-de-7-800-personas","status":"publish","type":"post","link":"https:\/\/www.eldigitaldeasturias.com\/noticias\/la-sexta-marcha-aspace-huesca-reune-a-mas-de-7-800-personas\/","title":{"rendered":"La Sexta Marcha Aspace-Huesca re\u00fane a m\u00e1s de 7.800 personas"},"content":{"rendered":"<p><img loading=\"lazy\" decoding=\"async\" class=\"alignleft size-medium wp-image-979223\" src=\"https:\/\/www.eldigitaldeasturias.com\/noticias\/wp-content\/uploads\/2018\/05\/6c40c20c-360x159.jpg\" alt=\"\" width=\"360\" height=\"159\" \/>La consejera de Ciudadan\u00eda y Derechos Sociales, Mar\u00eda Victoria Broto, ha mostrado su \u201corgullo\u201d por la masiva participaci\u00f3n en la 6\u00aa Marcha Aspace-Huesca, en la que hoy se han congregado m\u00e1s de 7.800 personas. \u201cLa marea azul \u2013en referencia al color de las camisetas de los participantes- que hoy recorre Huesca demuestra una vez m\u00e1s la solidaridad de la sociedad altoaragonesa\u201d, ha asegurado la consejera.<\/p>\n<p>Ha recordado Broto a los medios de comunicaci\u00f3n el compromiso del Gobierno de Arag\u00f3n con las personas con discapacidad, pero ha querido insistir en la importancia de la implicaci\u00f3n de toda la sociedad en el apoyo a las entidades sociales.<\/p>\n<p>La consejera ha destacado \u201cel gran trabajo\u201d que lleva a cabo Aspace-Huesca con las personas con par\u00e1lisis cerebral y \u201cla gran tranquilidad\u201d que esto supone para sus familias.<\/p>\n<p>La marcha ha sido organizada por Aspace-Huesca, el ayuntamiento de esta ciudad y la Comarca Hoya de Huesca. Asimismo, han colaborado en la misma el Gobierno de Arag\u00f3n, 128 empresas y 600 voluntarios, adem\u00e1s de Polic\u00eda Local, Bomberos y Protecci\u00f3n Civil.<\/p>\n<p>En el pistoletazo de salida han estado presentes el presidente y el gerente de Aspace Huesca, Luis Mart\u00ednez Samitier y Francisco Rata, respectivamente; el alcalde de Huesca, Luis Felipe, la diputada de Servicios Sociales de la Diputaci\u00f3n de Huesca, Susana Blanes; el secretario general t\u00e9cnico de Ciudadan\u00eda y Derechos Sociales, Jos\u00e9 Antonio Jim\u00e9nez, y la directora general de Protecci\u00f3n de Consumidores y Usuarios, Ros Cihuelo.<\/p>\n<p>Aspace-Huesca atiende a 157 usuarios de toda la provincia en sus diferentes servicios: atenci\u00f3n temprana, adultos, residencia\u2026. El dinero recaudado en la marcha de hoy se destinar\u00e1 a la ampliaci\u00f3n del comedor y diferentes servicios para los adultos.<\/p>\n","protected":false},"excerpt":{"rendered":"<p>La consejera de Ciudadan\u00eda y Derechos Sociales, Mar\u00eda Victoria Broto, ha mostrado su \u201corgullo\u201d por la masiva participaci\u00f3n en la 6\u00aa Marcha Aspace-Huesca, en la que hoy se han congregado m\u00e1s de 7.800 personas. \u201cLa marea azul \u2013en referencia al color de las camisetas de los participantes- que hoy recorre Huesca demuestra una vez m\u00e1s [&hellip;]<\/p>\n","protected":false},"author":1,"featured_media":979223,"comment_status":"closed","ping_status":"closed","sticky":false,"template":"","format":"standard","meta":{"footnotes":""},"categories":[1],"tags":[],"class_list":["post-979222","post","type-post","status-publish","format-standard","has-post-thumbnail","hentry","category-actualidad"],"aioseo_notices":[],"aioseo_head":"\n\t\t<!-- All in One SEO Pro 5.0.1 - aioseo.com -->\n\t<meta name=\"description\" content=\"La consejera de Ciudadan\u00eda y Derechos Sociales, Mar\u00eda Victoria Broto, ha mostrado su \u201corgullo\u201d por la masiva participaci\u00f3n en la 6\u00aa Marcha Aspace-Huesca, en la que hoy se han congregado m\u00e1s de 7.800 personas. \u201cLa marea azul \u2013en referencia al color de las camisetas de los participantes- que hoy recorre Huesca demuestra una vez m\u00e1s\" \/>\n\t<meta name=\"robots\" content=\"max-image-preview:large\" \/>\n\t<meta name=\"author\" content=\"El Digital de Asturias\"\/>\n\t<meta name=\"google-site-verification\" content=\"UA-38556648-1\" \/>\n\t<meta name=\"msvalidate.01\" content=\"7dfe9f3f1b24437ab69f4f2559babe99\" \/>\n\t<meta name=\"keywords\" content=\"actualidad\" \/>\n\t<link rel=\"canonical\" href=\"https:\/\/www.eldigitaldeasturias.com\/noticias\/la-sexta-marcha-aspace-huesca-reune-a-mas-de-7-800-personas\/\" \/>\n\t<meta name=\"generator\" content=\"All in One SEO Pro (AIOSEO) 5.0.1\" \/>\n\t\t<meta property=\"og:locale\" content=\"es_ES\" \/>\n\t\t<meta property=\"og:site_name\" content=\"El Digital de Asturias\" \/>\n\t\t<meta property=\"og:type\" content=\"article\" \/>\n\t\t<meta property=\"og:title\" content=\"La Sexta Marcha Aspace-Huesca re\u00fane a m\u00e1s de 7.800 personas - El Digital de Asturias\" \/>\n\t\t<meta property=\"og:description\" content=\"La consejera de Ciudadan\u00eda y Derechos Sociales, Mar\u00eda Victoria Broto, ha mostrado su \u201corgullo\u201d por la masiva participaci\u00f3n en la 6\u00aa Marcha Aspace-Huesca, en la que hoy se han congregado m\u00e1s de 7.800 personas. \u201cLa marea azul \u2013en referencia al color de las camisetas de los participantes- que hoy recorre Huesca demuestra una vez m\u00e1s\" \/>\n\t\t<meta property=\"og:url\" content=\"https:\/\/www.eldigitaldeasturias.com\/noticias\/la-sexta-marcha-aspace-huesca-reune-a-mas-de-7-800-personas\/\" \/>\n\t\t<meta property=\"article:tag\" content=\"actualidad\" \/>\n\t\t<meta property=\"article:published_time\" content=\"2018-05-06T15:58:40+00:00\" \/>\n\t\t<meta property=\"article:modified_time\" content=\"2018-05-06T15:58:40+00:00\" \/>\n\t\t<meta property=\"article:publisher\" content=\"https:\/\/facebook.com\/eldigitaldeasturias\" \/>\n\t\t<meta name=\"twitter:card\" content=\"summary_large_image\" \/>\n\t\t<meta name=\"twitter:title\" content=\"La Sexta Marcha Aspace-Huesca re\u00fane a m\u00e1s de 7.800 personas - El Digital de Asturias\" \/>\n\t\t<meta name=\"twitter:description\" content=\"La consejera de Ciudadan\u00eda y Derechos Sociales, Mar\u00eda Victoria Broto, ha mostrado su \u201corgullo\u201d por la masiva participaci\u00f3n en la 6\u00aa Marcha Aspace-Huesca, en la que hoy se han congregado m\u00e1s de 7.800 personas. \u201cLa marea azul \u2013en referencia al color de las camisetas de los participantes- que hoy recorre Huesca demuestra una vez m\u00e1s\" \/>\n\t\t<meta name=\"twitter:image\" content=\"https:\/\/www.eldigitaldeasturias.com\/noticias\/wp-content\/uploads\/2020\/12\/EDA-1.jpg\" \/>\n\t\t<meta name=\"twitter:label1\" content=\"Escrito por\" \/>\n\t\t<meta name=\"twitter:data1\" content=\"El Digital de Asturias\" \/>\n\t\t<meta name=\"twitter:label2\" content=\"Tiempo de lectura estimado\" \/>\n\t\t<meta name=\"twitter:data2\" content=\"1 minuto\" \/>\n\t\t<script type=\"application\/ld+json\" class=\"aioseo-schema\">\n\t\t\t{\"@context\":\"https:\\\/\\\/schema.org\",\"@graph\":[{\"@type\":\"BlogPosting\",\"@id\":\"https:\\\/\\\/www.eldigitaldeasturias.com\\\/noticias\\\/la-sexta-marcha-aspace-huesca-reune-a-mas-de-7-800-personas\\\/#blogposting\",\"name\":\"La Sexta Marcha Aspace-Huesca re\\u00fane a m\\u00e1s de 7.800 personas - El Digital de Asturias\",\"headline\":\"La Sexta Marcha Aspace-Huesca re\\u00fane a m\\u00e1s de 7.800 personas\",\"author\":{\"@id\":\"https:\\\/\\\/www.eldigitaldeasturias.com\\\/noticias\\\/author\\\/admin\\\/#author\"},\"publisher\":{\"@id\":\"https:\\\/\\\/www.eldigitaldeasturias.com\\\/noticias\\\/#organization\"},\"image\":{\"@type\":\"ImageObject\",\"url\":979223},\"datePublished\":\"2018-05-06T15:58:40+02:00\",\"dateModified\":\"2018-05-06T15:58:40+02:00\",\"inLanguage\":\"es-ES\",\"mainEntityOfPage\":{\"@id\":\"https:\\\/\\\/www.eldigitaldeasturias.com\\\/noticias\\\/la-sexta-marcha-aspace-huesca-reune-a-mas-de-7-800-personas\\\/#webpage\"},\"isPartOf\":{\"@id\":\"https:\\\/\\\/www.eldigitaldeasturias.com\\\/noticias\\\/la-sexta-marcha-aspace-huesca-reune-a-mas-de-7-800-personas\\\/#webpage\"},\"articleSection\":\"Actualidad\"},{\"@type\":\"BreadcrumbList\",\"@id\":\"https:\\\/\\\/www.eldigitaldeasturias.com\\\/noticias\\\/la-sexta-marcha-aspace-huesca-reune-a-mas-de-7-800-personas\\\/#breadcrumblist\",\"itemListElement\":[{\"@type\":\"ListItem\",\"@id\":\"https:\\\/\\\/www.eldigitaldeasturias.com\\\/noticias#listItem\",\"position\":1,\"name\":\"Home\",\"item\":\"https:\\\/\\\/www.eldigitaldeasturias.com\\\/noticias\",\"nextItem\":{\"@type\":\"ListItem\",\"@id\":\"https:\\\/\\\/www.eldigitaldeasturias.com\\\/noticias\\\/category\\\/actualidad\\\/#listItem\",\"name\":\"Actualidad\"}},{\"@type\":\"ListItem\",\"@id\":\"https:\\\/\\\/www.eldigitaldeasturias.com\\\/noticias\\\/category\\\/actualidad\\\/#listItem\",\"position\":2,\"name\":\"Actualidad\",\"item\":\"https:\\\/\\\/www.eldigitaldeasturias.com\\\/noticias\\\/category\\\/actualidad\\\/\",\"nextItem\":{\"@type\":\"ListItem\",\"@id\":\"https:\\\/\\\/www.eldigitaldeasturias.com\\\/noticias\\\/la-sexta-marcha-aspace-huesca-reune-a-mas-de-7-800-personas\\\/#listItem\",\"name\":\"La Sexta Marcha Aspace-Huesca re\\u00fane a m\\u00e1s de 7.800 personas\"},\"previousItem\":{\"@type\":\"ListItem\",\"@id\":\"https:\\\/\\\/www.eldigitaldeasturias.com\\\/noticias#listItem\",\"name\":\"Home\"}},{\"@type\":\"ListItem\",\"@id\":\"https:\\\/\\\/www.eldigitaldeasturias.com\\\/noticias\\\/la-sexta-marcha-aspace-huesca-reune-a-mas-de-7-800-personas\\\/#listItem\",\"position\":3,\"name\":\"La Sexta Marcha Aspace-Huesca re\\u00fane a m\\u00e1s de 7.800 personas\",\"previousItem\":{\"@type\":\"ListItem\",\"@id\":\"https:\\\/\\\/www.eldigitaldeasturias.com\\\/noticias\\\/category\\\/actualidad\\\/#listItem\",\"name\":\"Actualidad\"}}]},{\"@type\":\"Organization\",\"@id\":\"https:\\\/\\\/www.eldigitaldeasturias.com\\\/noticias\\\/#organization\",\"name\":\"El Digital de Asturias\",\"description\":\"Hemeroteca\",\"url\":\"https:\\\/\\\/www.eldigitaldeasturias.com\\\/noticias\\\/\",\"email\":\"info@eldigitaldeasturias.com\",\"telephone\":\"+34652131393\",\"logo\":{\"@type\":\"ImageObject\",\"url\":\"https:\\\/\\\/www.eldigitaldeasturias.com\\\/noticias\\\/wp-content\\\/uploads\\\/2020\\\/12\\\/EDA.jpg\",\"@id\":\"https:\\\/\\\/www.eldigitaldeasturias.com\\\/noticias\\\/la-sexta-marcha-aspace-huesca-reune-a-mas-de-7-800-personas\\\/#organizationLogo\"},\"image\":{\"@id\":\"https:\\\/\\\/www.eldigitaldeasturias.com\\\/noticias\\\/la-sexta-marcha-aspace-huesca-reune-a-mas-de-7-800-personas\\\/#organizationLogo\"},\"sameAs\":[\"https:\\\/\\\/facebook.com\\\/eldigitaldeasturias\",\"https:\\\/\\\/www.youtube.com\\\/channel\\\/UCZP-2wLEB9Rv6erhFmqVnvg\"],\"address\":{\"@id\":\"https:\\\/\\\/www.eldigitaldeasturias.com\\\/noticias\\\/#postaladdress\",\"@type\":\"PostalAddress\",\"streetAddress\":\"san antonio 4\",\"postalCode\":\"33430\",\"addressLocality\":\"Cand\\u00e1s\",\"addressRegion\":\"Asturias\",\"addressCountry\":\"ES\"}},{\"@type\":\"Person\",\"@id\":\"https:\\\/\\\/www.eldigitaldeasturias.com\\\/noticias\\\/author\\\/admin\\\/#author\",\"url\":\"https:\\\/\\\/www.eldigitaldeasturias.com\\\/noticias\\\/author\\\/admin\\\/\",\"name\":\"El Digital de Asturias\",\"image\":{\"@type\":\"ImageObject\",\"@id\":\"https:\\\/\\\/www.eldigitaldeasturias.com\\\/noticias\\\/la-sexta-marcha-aspace-huesca-reune-a-mas-de-7-800-personas\\\/#authorImage\",\"url\":\"https:\\\/\\\/secure.gravatar.com\\\/avatar\\\/df2aeffc32bcd13f8d26072ef8a91b623d677766deac7f97ca815868cd41bf5e?s=96&d=mm&r=g\",\"width\":96,\"height\":96,\"caption\":\"El Digital de Asturias\"}},{\"@type\":\"WebPage\",\"@id\":\"https:\\\/\\\/www.eldigitaldeasturias.com\\\/noticias\\\/la-sexta-marcha-aspace-huesca-reune-a-mas-de-7-800-personas\\\/#webpage\",\"url\":\"https:\\\/\\\/www.eldigitaldeasturias.com\\\/noticias\\\/la-sexta-marcha-aspace-huesca-reune-a-mas-de-7-800-personas\\\/\",\"name\":\"La Sexta Marcha Aspace-Huesca re\\u00fane a m\\u00e1s de 7.800 personas - El Digital de Asturias\",\"description\":\"La consejera de Ciudadan\\u00eda y Derechos Sociales, Mar\\u00eda Victoria Broto, ha mostrado su \\u201corgullo\\u201d por la masiva participaci\\u00f3n en la 6\\u00aa Marcha Aspace-Huesca, en la que hoy se han congregado m\\u00e1s de 7.800 personas. \\u201cLa marea azul \\u2013en referencia al color de las camisetas de los participantes- que hoy recorre Huesca demuestra una vez m\\u00e1s\",\"inLanguage\":\"es-ES\",\"isPartOf\":{\"@id\":\"https:\\\/\\\/www.eldigitaldeasturias.com\\\/noticias\\\/#website\"},\"breadcrumb\":{\"@id\":\"https:\\\/\\\/www.eldigitaldeasturias.com\\\/noticias\\\/la-sexta-marcha-aspace-huesca-reune-a-mas-de-7-800-personas\\\/#breadcrumblist\"},\"author\":{\"@id\":\"https:\\\/\\\/www.eldigitaldeasturias.com\\\/noticias\\\/author\\\/admin\\\/#author\"},\"creator\":{\"@id\":\"https:\\\/\\\/www.eldigitaldeasturias.com\\\/noticias\\\/author\\\/admin\\\/#author\"},\"image\":{\"@type\":\"ImageObject\",\"url\":979223,\"@id\":\"https:\\\/\\\/www.eldigitaldeasturias.com\\\/noticias\\\/la-sexta-marcha-aspace-huesca-reune-a-mas-de-7-800-personas\\\/#mainImage\"},\"primaryImageOfPage\":{\"@id\":\"https:\\\/\\\/www.eldigitaldeasturias.com\\\/noticias\\\/la-sexta-marcha-aspace-huesca-reune-a-mas-de-7-800-personas\\\/#mainImage\"},\"datePublished\":\"2018-05-06T15:58:40+02:00\",\"dateModified\":\"2018-05-06T15:58:40+02:00\"},{\"@type\":\"WebSite\",\"@id\":\"https:\\\/\\\/www.eldigitaldeasturias.com\\\/noticias\\\/#website\",\"url\":\"https:\\\/\\\/www.eldigitaldeasturias.com\\\/noticias\\\/\",\"name\":\"El Digital de Asturias - Diario de actualidad y noticias\",\"alternateName\":\"El Digital de Asturias - Diario de actualidad y noticias\",\"description\":\"Hemeroteca\",\"inLanguage\":\"es-ES\",\"publisher\":{\"@id\":\"https:\\\/\\\/www.eldigitaldeasturias.com\\\/noticias\\\/#organization\"}}]}\n\t\t<\/script>\n\t\t<!-- All in One SEO Pro -->\r\n\t\t<title>La Sexta Marcha Aspace-Huesca re\u00fane a m\u00e1s de 7.800 personas - El Digital de Asturias<\/title>\n\n","aioseo_head_json":{"title":"La Sexta Marcha Aspace-Huesca re\u00fane a m\u00e1s de 7.800 personas - El Digital de Asturias","description":"La consejera de Ciudadan\u00eda y Derechos Sociales, Mar\u00eda Victoria Broto, ha mostrado su \u201corgullo\u201d por la masiva participaci\u00f3n en la 6\u00aa Marcha Aspace-Huesca, en la que hoy se han congregado m\u00e1s de 7.800 personas. \u201cLa marea azul \u2013en referencia al color de las camisetas de los participantes- que hoy recorre Huesca demuestra una vez m\u00e1s","canonical_url":"https:\/\/www.eldigitaldeasturias.com\/noticias\/la-sexta-marcha-aspace-huesca-reune-a-mas-de-7-800-personas\/","robots":"max-image-preview:large","keywords":"actualidad","webmasterTools":{"google-site-verification":"UA-38556648-1","msvalidate.01":"7dfe9f3f1b24437ab69f4f2559babe99","miscellaneous":""},"schema":{"@context":"https:\/\/schema.org","@graph":[{"@type":"BlogPosting","@id":"https:\/\/www.eldigitaldeasturias.com\/noticias\/la-sexta-marcha-aspace-huesca-reune-a-mas-de-7-800-personas\/#blogposting","name":"La Sexta Marcha Aspace-Huesca re\u00fane a m\u00e1s de 7.800 personas - El Digital de Asturias","headline":"La Sexta Marcha Aspace-Huesca re\u00fane a m\u00e1s de 7.800 personas","author":{"@id":"https:\/\/www.eldigitaldeasturias.com\/noticias\/author\/admin\/#author"},"publisher":{"@id":"https:\/\/www.eldigitaldeasturias.com\/noticias\/#organization"},"image":{"@type":"ImageObject","url":979223},"datePublished":"2018-05-06T15:58:40+02:00","dateModified":"2018-05-06T15:58:40+02:00","inLanguage":"es-ES","mainEntityOfPage":{"@id":"https:\/\/www.eldigitaldeasturias.com\/noticias\/la-sexta-marcha-aspace-huesca-reune-a-mas-de-7-800-personas\/#webpage"},"isPartOf":{"@id":"https:\/\/www.eldigitaldeasturias.com\/noticias\/la-sexta-marcha-aspace-huesca-reune-a-mas-de-7-800-personas\/#webpage"},"articleSection":"Actualidad"},{"@type":"BreadcrumbList","@id":"https:\/\/www.eldigitaldeasturias.com\/noticias\/la-sexta-marcha-aspace-huesca-reune-a-mas-de-7-800-personas\/#breadcrumblist","itemListElement":[{"@type":"ListItem","@id":"https:\/\/www.eldigitaldeasturias.com\/noticias#listItem","position":1,"name":"Home","item":"https:\/\/www.eldigitaldeasturias.com\/noticias","nextItem":{"@type":"ListItem","@id":"https:\/\/www.eldigitaldeasturias.com\/noticias\/category\/actualidad\/#listItem","name":"Actualidad"}},{"@type":"ListItem","@id":"https:\/\/www.eldigitaldeasturias.com\/noticias\/category\/actualidad\/#listItem","position":2,"name":"Actualidad","item":"https:\/\/www.eldigitaldeasturias.com\/noticias\/category\/actualidad\/","nextItem":{"@type":"ListItem","@id":"https:\/\/www.eldigitaldeasturias.com\/noticias\/la-sexta-marcha-aspace-huesca-reune-a-mas-de-7-800-personas\/#listItem","name":"La Sexta Marcha Aspace-Huesca re\u00fane a m\u00e1s de 7.800 personas"},"previousItem":{"@type":"ListItem","@id":"https:\/\/www.eldigitaldeasturias.com\/noticias#listItem","name":"Home"}},{"@type":"ListItem","@id":"https:\/\/www.eldigitaldeasturias.com\/noticias\/la-sexta-marcha-aspace-huesca-reune-a-mas-de-7-800-personas\/#listItem","position":3,"name":"La Sexta Marcha Aspace-Huesca re\u00fane a m\u00e1s de 7.800 personas","previousItem":{"@type":"ListItem","@id":"https:\/\/www.eldigitaldeasturias.com\/noticias\/category\/actualidad\/#listItem","name":"Actualidad"}}]},{"@type":"Organization","@id":"https:\/\/www.eldigitaldeasturias.com\/noticias\/#organization","name":"El Digital de Asturias","description":"Hemeroteca","url":"https:\/\/www.eldigitaldeasturias.com\/noticias\/","email":"info@eldigitaldeasturias.com","telephone":"+34652131393","logo":{"@type":"ImageObject","url":"https:\/\/www.eldigitaldeasturias.com\/noticias\/wp-content\/uploads\/2020\/12\/EDA.jpg","@id":"https:\/\/www.eldigitaldeasturias.com\/noticias\/la-sexta-marcha-aspace-huesca-reune-a-mas-de-7-800-personas\/#organizationLogo"},"image":{"@id":"https:\/\/www.eldigitaldeasturias.com\/noticias\/la-sexta-marcha-aspace-huesca-reune-a-mas-de-7-800-personas\/#organizationLogo"},"sameAs":["https:\/\/facebook.com\/eldigitaldeasturias","https:\/\/www.youtube.com\/channel\/UCZP-2wLEB9Rv6erhFmqVnvg"],"address":{"@id":"https:\/\/www.eldigitaldeasturias.com\/noticias\/#postaladdress","@type":"PostalAddress","streetAddress":"san antonio 4","postalCode":"33430","addressLocality":"Cand\u00e1s","addressRegion":"Asturias","addressCountry":"ES"}},{"@type":"Person","@id":"https:\/\/www.eldigitaldeasturias.com\/noticias\/author\/admin\/#author","url":"https:\/\/www.eldigitaldeasturias.com\/noticias\/author\/admin\/","name":"El Digital de Asturias","image":{"@type":"ImageObject","@id":"https:\/\/www.eldigitaldeasturias.com\/noticias\/la-sexta-marcha-aspace-huesca-reune-a-mas-de-7-800-personas\/#authorImage","url":"https:\/\/secure.gravatar.com\/avatar\/df2aeffc32bcd13f8d26072ef8a91b623d677766deac7f97ca815868cd41bf5e?s=96&d=mm&r=g","width":96,"height":96,"caption":"El Digital de Asturias"}},{"@type":"WebPage","@id":"https:\/\/www.eldigitaldeasturias.com\/noticias\/la-sexta-marcha-aspace-huesca-reune-a-mas-de-7-800-personas\/#webpage","url":"https:\/\/www.eldigitaldeasturias.com\/noticias\/la-sexta-marcha-aspace-huesca-reune-a-mas-de-7-800-personas\/","name":"La Sexta Marcha Aspace-Huesca re\u00fane a m\u00e1s de 7.800 personas - El Digital de Asturias","description":"La consejera de Ciudadan\u00eda y Derechos Sociales, Mar\u00eda Victoria Broto, ha mostrado su \u201corgullo\u201d por la masiva participaci\u00f3n en la 6\u00aa Marcha Aspace-Huesca, en la que hoy se han congregado m\u00e1s de 7.800 personas. \u201cLa marea azul \u2013en referencia al color de las camisetas de los participantes- que hoy recorre Huesca demuestra una vez m\u00e1s","inLanguage":"es-ES","isPartOf":{"@id":"https:\/\/www.eldigitaldeasturias.com\/noticias\/#website"},"breadcrumb":{"@id":"https:\/\/www.eldigitaldeasturias.com\/noticias\/la-sexta-marcha-aspace-huesca-reune-a-mas-de-7-800-personas\/#breadcrumblist"},"author":{"@id":"https:\/\/www.eldigitaldeasturias.com\/noticias\/author\/admin\/#author"},"creator":{"@id":"https:\/\/www.eldigitaldeasturias.com\/noticias\/author\/admin\/#author"},"image":{"@type":"ImageObject","url":979223,"@id":"https:\/\/www.eldigitaldeasturias.com\/noticias\/la-sexta-marcha-aspace-huesca-reune-a-mas-de-7-800-personas\/#mainImage"},"primaryImageOfPage":{"@id":"https:\/\/www.eldigitaldeasturias.com\/noticias\/la-sexta-marcha-aspace-huesca-reune-a-mas-de-7-800-personas\/#mainImage"},"datePublished":"2018-05-06T15:58:40+02:00","dateModified":"2018-05-06T15:58:40+02:00"},{"@type":"WebSite","@id":"https:\/\/www.eldigitaldeasturias.com\/noticias\/#website","url":"https:\/\/www.eldigitaldeasturias.com\/noticias\/","name":"El Digital de Asturias - Diario de actualidad y noticias","alternateName":"El Digital de Asturias - Diario de actualidad y noticias","description":"Hemeroteca","inLanguage":"es-ES","publisher":{"@id":"https:\/\/www.eldigitaldeasturias.com\/noticias\/#organization"}}]},"og:locale":"es_ES","og:site_name":"El Digital de Asturias","og:type":"article","og:title":"La Sexta Marcha Aspace-Huesca re\u00fane a m\u00e1s de 7.800 personas - El Digital de Asturias","og:description":"La consejera de Ciudadan\u00eda y Derechos Sociales, Mar\u00eda Victoria Broto, ha mostrado su \u201corgullo\u201d por la masiva participaci\u00f3n en la 6\u00aa Marcha Aspace-Huesca, en la que hoy se han congregado m\u00e1s de 7.800 personas. \u201cLa marea azul \u2013en referencia al color de las camisetas de los participantes- que hoy recorre Huesca demuestra una vez m\u00e1s","og:url":"https:\/\/www.eldigitaldeasturias.com\/noticias\/la-sexta-marcha-aspace-huesca-reune-a-mas-de-7-800-personas\/","article:tag":["actualidad"],"article:published_time":"2018-05-06T15:58:40+00:00","article:modified_time":"2018-05-06T15:58:40+00:00","article:publisher":"https:\/\/facebook.com\/eldigitaldeasturias","twitter:card":"summary_large_image","twitter:title":"La Sexta Marcha Aspace-Huesca re\u00fane a m\u00e1s de 7.800 personas - El Digital de Asturias","twitter:description":"La consejera de Ciudadan\u00eda y Derechos Sociales, Mar\u00eda Victoria Broto, ha mostrado su \u201corgullo\u201d por la masiva participaci\u00f3n en la 6\u00aa Marcha Aspace-Huesca, en la que hoy se han congregado m\u00e1s de 7.800 personas. \u201cLa marea azul \u2013en referencia al color de las camisetas de los participantes- que hoy recorre Huesca demuestra una vez m\u00e1s","twitter:image":"https:\/\/www.eldigitaldeasturias.com\/noticias\/wp-content\/uploads\/2020\/12\/EDA-1.jpg","twitter:label1":"Escrito por","twitter:data1":"El Digital de Asturias","twitter:label2":"Tiempo de lectura estimado","twitter:data2":"1 minuto"},"aioseo_meta_data":{"post_id":"979222","title":null,"description":null,"keywords":null,"keyphrases":null,"primary_term":null,"canonical_url":null,"og_title":null,"og_description":null,"og_object_type":"default","og_image_type":"default","og_image_url":null,"og_image_width":null,"og_image_height":null,"og_image_custom_url":null,"og_image_custom_fields":null,"og_video":null,"og_custom_url":null,"og_article_section":null,"og_article_tags":null,"twitter_use_og":false,"twitter_card":"default","twitter_image_type":"default","twitter_image_url":null,"twitter_image_custom_url":null,"twitter_image_custom_fields":null,"twitter_title":null,"twitter_description":null,"schema":{"blockGraphs":[],"customGraphs":[],"default":{"data":{"Article":[],"Course":[],"Dataset":[],"FAQPage":[],"Movie":[],"Person":[],"Product":[],"ProductReview":[],"Car":[],"Recipe":[],"Service":[],"SoftwareApplication":[],"WebPage":[]},"graphName":"","isEnabled":true},"graphs":[],"defaultGraph":"","defaultPostTypeGraph":""},"schema_type":null,"schema_type_options":null,"pillar_content":false,"robots_default":true,"robots_noindex":false,"robots_noarchive":false,"robots_nosnippet":false,"robots_nofollow":false,"robots_noimageindex":false,"robots_noodp":false,"robots_notranslate":false,"robots_max_snippet":null,"robots_max_videopreview":null,"robots_max_imagepreview":"large","priority":null,"frequency":null,"local_seo":null,"seo_analyzer_scan_date":"2025-10-08 13:35:03","breadcrumb_settings":null,"limit_modified_date":false,"open_ai":null,"ai":null,"created":"2020-12-21 12:00:37","updated":"2025-10-08 13:35:03","focus_keyword":null,"additional_keywords":null,"truseo_locale":null},"aioseo_breadcrumb":"<div class=\"aioseo-breadcrumbs\"><span class=\"aioseo-breadcrumb\">\n\t<a href=\"https:\/\/www.eldigitaldeasturias.com\/noticias\" title=\"Home\">Home<\/a>\n<\/span><span class=\"aioseo-breadcrumb-separator\">\u2013<\/span><span class=\"aioseo-breadcrumb\">\n\t<a href=\"https:\/\/www.eldigitaldeasturias.com\/noticias\/category\/actualidad\/\" title=\"Actualidad\">Actualidad<\/a>\n<\/span><span class=\"aioseo-breadcrumb-separator\">\u2013<\/span><span class=\"aioseo-breadcrumb\">\n\t<a href=\"https:\/\/www.eldigitaldeasturias.com\/noticias\/la-sexta-marcha-aspace-huesca-reune-a-mas-de-7-800-personas\/\" title=\"La Sexta Marcha Aspace-Huesca re\u00fane a m\u00e1s de 7.800 personas\">La Sexta Marcha Aspace-Huesca re\u00fane a m\u00e1s de 7.800 personas<\/a>\n<\/span><\/div>","aioseo_breadcrumb_json":[{"label":"Home","link":"https:\/\/www.eldigitaldeasturias.com\/noticias"},{"label":"Actualidad","link":"https:\/\/www.eldigitaldeasturias.com\/noticias\/category\/actualidad\/"},{"label":"La Sexta Marcha Aspace-Huesca re\u00fane a m\u00e1s de 7.800 personas","link":"https:\/\/www.eldigitaldeasturias.com\/noticias\/la-sexta-marcha-aspace-huesca-reune-a-mas-de-7-800-personas\/"}],"_links":{"self":[{"href":"https:\/\/www.eldigitaldeasturias.com\/noticias\/wp-json\/wp\/v2\/posts\/979222","targetHints":{"allow":["GET"]}}],"collection":[{"href":"https:\/\/www.eldigitaldeasturias.com\/noticias\/wp-json\/wp\/v2\/posts"}],"about":[{"href":"https:\/\/www.eldigitaldeasturias.com\/noticias\/wp-json\/wp\/v2\/types\/post"}],"author":[{"embeddable":true,"href":"https:\/\/www.eldigitaldeasturias.com\/noticias\/wp-json\/wp\/v2\/users\/1"}],"replies":[{"embeddable":true,"href":"https:\/\/www.eldigitaldeasturias.com\/noticias\/wp-json\/wp\/v2\/comments?post=979222"}],"version-history":[{"count":0,"href":"https:\/\/www.eldigitaldeasturias.com\/noticias\/wp-json\/wp\/v2\/posts\/979222\/revisions"}],"wp:attachment":[{"href":"https:\/\/www.eldigitaldeasturias.com\/noticias\/wp-json\/wp\/v2\/media?parent=979222"}],"wp:term":[{"taxonomy":"category","embeddable":true,"href":"https:\/\/www.eldigitaldeasturias.com\/noticias\/wp-json\/wp\/v2\/categories?post=979222"},{"taxonomy":"post_tag","embeddable":true,"href":"https:\/\/www.eldigitaldeasturias.com\/noticias\/wp-json\/wp\/v2\/tags?post=979222"}],"curies":[{"name":"wp","href":"https:\/\/api.w.org\/{rel}","templated":true}]}}