{"id":979208,"date":"2018-05-05T22:35:15","date_gmt":"2018-05-05T22:35:15","guid":{"rendered":"http:\/\/www.eldigitaldeasturias.com\/noticias\/?p=979208"},"modified":"2018-05-05T22:35:15","modified_gmt":"2018-05-05T22:35:15","slug":"la-negociacion-entre-gobierno-colombiano-y-el-eln-se-reanudara-en-cuba","status":"publish","type":"post","link":"https:\/\/www.eldigitaldeasturias.com\/noticias\/la-negociacion-entre-gobierno-colombiano-y-el-eln-se-reanudara-en-cuba\/","title":{"rendered":"La negociaci\u00f3n entre Gobierno colombiano y el ELN se reanudar\u00e1 en Cuba"},"content":{"rendered":"<p><img loading=\"lazy\" decoding=\"async\" class=\"alignleft size-medium wp-image-979209\" src=\"https:\/\/www.eldigitaldeasturias.com\/noticias\/wp-content\/uploads\/2018\/05\/havana-1613263_960_720-360x190.jpg\" alt=\"\" width=\"360\" height=\"190\" \/>Bogot\u00e1, 5 may (dpa) &#8211; Cuba se convertir\u00e1 desde la pr\u00f3xima semana en la nueva sede de las negociaciones entre el Gobierno colombiano y la guerrilla del ELN, un a\u00f1o y medio despu\u00e9s del final del proceso de paz con las FARC en La Habana, que culmin\u00f3 con la firma de un acuerdo que permiti\u00f3 la desmovilizaci\u00f3n y desarme de ese grupo.<\/p>\n<p>El anuncio fue hecho hoy por el Gobierno y el ELN (Ej\u00e9rcito de Liberaci\u00f3n Nacional) en un comunicado que puso fin a la incertidumbre que se apoder\u00f3 de las conversaciones entre las partes despu\u00e9s de que Ecuador renunciara a ser garante y sede del di\u00e1logo.<\/p>\n<p>\u00abLuego de examinar conjuntamente las opciones para reanudar los di\u00e1logos lo m\u00e1s pronto posible, hemos decidido continuar el quinto ciclo en la ciudad de La Habana (Cuba) a partir de la pr\u00f3xima semana\u00bb, indicaron el Gobierno y el grupo guerrillero.<\/p>\n<p>Las partes agregaron que el di\u00e1logo continuar\u00e1 en el punto que se estaba tratando en Quito antes de la suspensi\u00f3n temporal, referente a un segundo cese del fuego, despu\u00e9s de una tregua bilateral que se cumpli\u00f3 entre octubre de 2017 y enero pasado.<\/p>\n<p>\u00abAgradecemos las manifestaciones de apoyo por parte de diversas organizaciones de la sociedad y de la comunidad internacional, en especial a los gobiernos que han ofrecido albergar la Mesa de Di\u00e1logos, apoyo que valoramos y que tendremos en cuenta en el futuro inmediato\u00bb, concluy\u00f3 el comunicado.<\/p>\n<p>El presidente Juan Manuel Santos destac\u00f3 el acuerdo entre las partes para trasladar las negociaciones y dijo que espera que las delegaciones avancen r\u00e1pido.<\/p>\n<p>\u00abHoy se decidi\u00f3 que la semana entrante se reanudan las negociaciones con el ELN para buscar un cese al fuego y para buscar avanzar lo m\u00e1ximo posible en ese proceso\u00bb, dijo Santos.<\/p>\n<p>Por su parte, el jefe del equipo negociador del Gobierno ante el ELN, Gustavo Bell, dijo que la pronta reanudaci\u00f3n de las conversaciones demuestra una voluntad de ambas partes por continuar el proceso de paz.<\/p>\n<p>\u00abEste anuncio reitera la firme voluntad de la mesa (de negociaciones) de seguir trabajando por el desarrollo de la agenda que nos permita suscribir un acuerdo final para terminar el conflicto armado, y nos sit\u00fae en la senda de la paz que anhelan los colombianos\u00bb, expres\u00f3 Bell.<\/p>\n<p>Las negociaciones entre el Gobierno y el ELN empezaron en febrero del a\u00f1o pasado en Quito y sufrieron un fuerte tropiezo a comienzos de enero, cuando finaliz\u00f3 el alto el fuego sin un acuerdo para reanudarlo.<\/p>\n<p>El ELN reanud\u00f3 entonces sus acciones ofensivas, que incluyeron ataques contra objetivos militares, policiales y de la infraestructura petrolera, por lo que el presidente Santos suspendi\u00f3 indefinidamente las negociaciones.<\/p>\n<p>El proceso de paz se reanud\u00f3 semanas despu\u00e9s, pero el presidente de Ecuador, Len\u00edn Moreno, decidi\u00f3 retirar a su pa\u00eds como garante y sede de las conversaciones el 18 de abril en medio de las dificultades vividas en la frontera con Colombia por los ataques de un grupo disidente de la ex guerrilla de las FARC (Fuerzas Armadas Revolucionarias de Colombia).<\/p>\n<p>Dicho grupo, denominado \u00abOliver Sinisterra\u00bb, al mando del ecuatoriano Walter Arizala, alias \u00abGuacho\u00bb, secuestr\u00f3 el 26 de marzo a tres integrantes de un equipo period\u00edstico del diario \u00abEl Comercio\u00bb de Quito que realizaban reportajes en la frontera.<\/p>\n<p>El grupo armado anunci\u00f3 que los tres ecuatorianos murieron durante el secuestro, aunque sus cuerpos siguen sin ser entregados. Despu\u00e9s de eso, un matrimonio ecuatoriano fue secuestrado en la misma zona, sin que se tengan noticias de la pareja.<\/p>\n<p>Cuba ya tiene experiencia en el intento colombiano por terminar con un conflicto armado que agobia al pa\u00eds desde los a\u00f1os 60, pues entre 2012 y 2016 fue sede del proceso de paz entre el Gobierno de Santos y las FARC, cuyas negociaciones culminaron con la firma de un acuerdo de paz.<\/p>\n<p>Las FARC se desmovilizaron, entregaron las armas a las Naciones Unidas y ahora act\u00faan en la vida pol\u00edtica legal a trav\u00e9s de un partido que conserva sus siglas, la Fuerza Alternativa Revolucionaria del Com\u00fan.<\/p>\n","protected":false},"excerpt":{"rendered":"<p>Bogot\u00e1, 5 may (dpa) &#8211; Cuba se convertir\u00e1 desde la pr\u00f3xima semana en la nueva sede de las negociaciones entre el Gobierno colombiano y la guerrilla del ELN, un a\u00f1o y medio despu\u00e9s del final del proceso de paz con las FARC en La Habana, que culmin\u00f3 con la firma de un acuerdo que permiti\u00f3 [&hellip;]<\/p>\n","protected":false},"author":1,"featured_media":979209,"comment_status":"closed","ping_status":"closed","sticky":false,"template":"","format":"standard","meta":{"footnotes":""},"categories":[1],"tags":[],"class_list":["post-979208","post","type-post","status-publish","format-standard","has-post-thumbnail","hentry","category-actualidad"],"aioseo_notices":[],"aioseo_head":"\n\t\t<!-- All in One SEO Pro 5.0.1 - aioseo.com -->\n\t<meta name=\"description\" content=\"Bogot\u00e1, 5 may (dpa) - Cuba se convertir\u00e1 desde la pr\u00f3xima semana en la nueva sede de las negociaciones entre el Gobierno colombiano y la guerrilla del ELN, un a\u00f1o y medio despu\u00e9s del final del proceso de paz con las FARC en La Habana, que culmin\u00f3 con la firma de un acuerdo que permiti\u00f3\" \/>\n\t<meta name=\"robots\" content=\"max-image-preview:large\" \/>\n\t<meta name=\"author\" content=\"El Digital de Asturias\"\/>\n\t<meta name=\"google-site-verification\" content=\"UA-38556648-1\" \/>\n\t<meta name=\"msvalidate.01\" content=\"7dfe9f3f1b24437ab69f4f2559babe99\" \/>\n\t<meta name=\"keywords\" content=\"actualidad\" \/>\n\t<link rel=\"canonical\" href=\"https:\/\/www.eldigitaldeasturias.com\/noticias\/la-negociacion-entre-gobierno-colombiano-y-el-eln-se-reanudara-en-cuba\/\" \/>\n\t<meta name=\"generator\" content=\"All in One SEO Pro (AIOSEO) 5.0.1\" \/>\n\t\t<meta property=\"og:locale\" content=\"es_ES\" \/>\n\t\t<meta property=\"og:site_name\" content=\"El Digital de Asturias\" \/>\n\t\t<meta property=\"og:type\" content=\"article\" \/>\n\t\t<meta property=\"og:title\" content=\"La negociaci\u00f3n entre Gobierno colombiano y el ELN se reanudar\u00e1 en Cuba - El Digital de Asturias\" \/>\n\t\t<meta property=\"og:description\" content=\"Bogot\u00e1, 5 may (dpa) - Cuba se convertir\u00e1 desde la pr\u00f3xima semana en la nueva sede de las negociaciones entre el Gobierno colombiano y la guerrilla del ELN, un a\u00f1o y medio despu\u00e9s del final del proceso de paz con las FARC en La Habana, que culmin\u00f3 con la firma de un acuerdo que permiti\u00f3\" \/>\n\t\t<meta property=\"og:url\" content=\"https:\/\/www.eldigitaldeasturias.com\/noticias\/la-negociacion-entre-gobierno-colombiano-y-el-eln-se-reanudara-en-cuba\/\" \/>\n\t\t<meta property=\"article:tag\" content=\"actualidad\" \/>\n\t\t<meta property=\"article:published_time\" content=\"2018-05-05T22:35:15+00:00\" \/>\n\t\t<meta property=\"article:modified_time\" content=\"2018-05-05T22:35:15+00:00\" \/>\n\t\t<meta property=\"article:publisher\" content=\"https:\/\/facebook.com\/eldigitaldeasturias\" \/>\n\t\t<meta name=\"twitter:card\" content=\"summary_large_image\" \/>\n\t\t<meta name=\"twitter:title\" content=\"La negociaci\u00f3n entre Gobierno colombiano y el ELN se reanudar\u00e1 en Cuba - El Digital de Asturias\" \/>\n\t\t<meta name=\"twitter:description\" content=\"Bogot\u00e1, 5 may (dpa) - Cuba se convertir\u00e1 desde la pr\u00f3xima semana en la nueva sede de las negociaciones entre el Gobierno colombiano y la guerrilla del ELN, un a\u00f1o y medio despu\u00e9s del final del proceso de paz con las FARC en La Habana, que culmin\u00f3 con la firma de un acuerdo que permiti\u00f3\" \/>\n\t\t<meta name=\"twitter:image\" content=\"https:\/\/www.eldigitaldeasturias.com\/noticias\/wp-content\/uploads\/2020\/12\/EDA-1.jpg\" \/>\n\t\t<meta name=\"twitter:label1\" content=\"Escrito por\" \/>\n\t\t<meta name=\"twitter:data1\" content=\"El Digital de Asturias\" \/>\n\t\t<meta name=\"twitter:label2\" content=\"Tiempo de lectura estimado\" \/>\n\t\t<meta name=\"twitter:data2\" content=\"3 minutos\" \/>\n\t\t<script type=\"application\/ld+json\" class=\"aioseo-schema\">\n\t\t\t{\"@context\":\"https:\\\/\\\/schema.org\",\"@graph\":[{\"@type\":\"BlogPosting\",\"@id\":\"https:\\\/\\\/www.eldigitaldeasturias.com\\\/noticias\\\/la-negociacion-entre-gobierno-colombiano-y-el-eln-se-reanudara-en-cuba\\\/#blogposting\",\"name\":\"La negociaci\\u00f3n entre Gobierno colombiano y el ELN se reanudar\\u00e1 en Cuba - El Digital de Asturias\",\"headline\":\"La negociaci\\u00f3n entre Gobierno colombiano y el ELN se reanudar\\u00e1 en Cuba\",\"author\":{\"@id\":\"https:\\\/\\\/www.eldigitaldeasturias.com\\\/noticias\\\/author\\\/admin\\\/#author\"},\"publisher\":{\"@id\":\"https:\\\/\\\/www.eldigitaldeasturias.com\\\/noticias\\\/#organization\"},\"image\":{\"@type\":\"ImageObject\",\"url\":979209},\"datePublished\":\"2018-05-05T22:35:15+02:00\",\"dateModified\":\"2018-05-05T22:35:15+02:00\",\"inLanguage\":\"es-ES\",\"mainEntityOfPage\":{\"@id\":\"https:\\\/\\\/www.eldigitaldeasturias.com\\\/noticias\\\/la-negociacion-entre-gobierno-colombiano-y-el-eln-se-reanudara-en-cuba\\\/#webpage\"},\"isPartOf\":{\"@id\":\"https:\\\/\\\/www.eldigitaldeasturias.com\\\/noticias\\\/la-negociacion-entre-gobierno-colombiano-y-el-eln-se-reanudara-en-cuba\\\/#webpage\"},\"articleSection\":\"Actualidad\"},{\"@type\":\"BreadcrumbList\",\"@id\":\"https:\\\/\\\/www.eldigitaldeasturias.com\\\/noticias\\\/la-negociacion-entre-gobierno-colombiano-y-el-eln-se-reanudara-en-cuba\\\/#breadcrumblist\",\"itemListElement\":[{\"@type\":\"ListItem\",\"@id\":\"https:\\\/\\\/www.eldigitaldeasturias.com\\\/noticias#listItem\",\"position\":1,\"name\":\"Home\",\"item\":\"https:\\\/\\\/www.eldigitaldeasturias.com\\\/noticias\",\"nextItem\":{\"@type\":\"ListItem\",\"@id\":\"https:\\\/\\\/www.eldigitaldeasturias.com\\\/noticias\\\/category\\\/actualidad\\\/#listItem\",\"name\":\"Actualidad\"}},{\"@type\":\"ListItem\",\"@id\":\"https:\\\/\\\/www.eldigitaldeasturias.com\\\/noticias\\\/category\\\/actualidad\\\/#listItem\",\"position\":2,\"name\":\"Actualidad\",\"item\":\"https:\\\/\\\/www.eldigitaldeasturias.com\\\/noticias\\\/category\\\/actualidad\\\/\",\"nextItem\":{\"@type\":\"ListItem\",\"@id\":\"https:\\\/\\\/www.eldigitaldeasturias.com\\\/noticias\\\/la-negociacion-entre-gobierno-colombiano-y-el-eln-se-reanudara-en-cuba\\\/#listItem\",\"name\":\"La negociaci\\u00f3n entre Gobierno colombiano y el ELN se reanudar\\u00e1 en Cuba\"},\"previousItem\":{\"@type\":\"ListItem\",\"@id\":\"https:\\\/\\\/www.eldigitaldeasturias.com\\\/noticias#listItem\",\"name\":\"Home\"}},{\"@type\":\"ListItem\",\"@id\":\"https:\\\/\\\/www.eldigitaldeasturias.com\\\/noticias\\\/la-negociacion-entre-gobierno-colombiano-y-el-eln-se-reanudara-en-cuba\\\/#listItem\",\"position\":3,\"name\":\"La negociaci\\u00f3n entre Gobierno colombiano y el ELN se reanudar\\u00e1 en Cuba\",\"previousItem\":{\"@type\":\"ListItem\",\"@id\":\"https:\\\/\\\/www.eldigitaldeasturias.com\\\/noticias\\\/category\\\/actualidad\\\/#listItem\",\"name\":\"Actualidad\"}}]},{\"@type\":\"Organization\",\"@id\":\"https:\\\/\\\/www.eldigitaldeasturias.com\\\/noticias\\\/#organization\",\"name\":\"El Digital de Asturias\",\"description\":\"Hemeroteca\",\"url\":\"https:\\\/\\\/www.eldigitaldeasturias.com\\\/noticias\\\/\",\"email\":\"info@eldigitaldeasturias.com\",\"telephone\":\"+34652131393\",\"logo\":{\"@type\":\"ImageObject\",\"url\":\"https:\\\/\\\/www.eldigitaldeasturias.com\\\/noticias\\\/wp-content\\\/uploads\\\/2020\\\/12\\\/EDA.jpg\",\"@id\":\"https:\\\/\\\/www.eldigitaldeasturias.com\\\/noticias\\\/la-negociacion-entre-gobierno-colombiano-y-el-eln-se-reanudara-en-cuba\\\/#organizationLogo\"},\"image\":{\"@id\":\"https:\\\/\\\/www.eldigitaldeasturias.com\\\/noticias\\\/la-negociacion-entre-gobierno-colombiano-y-el-eln-se-reanudara-en-cuba\\\/#organizationLogo\"},\"sameAs\":[\"https:\\\/\\\/facebook.com\\\/eldigitaldeasturias\",\"https:\\\/\\\/www.youtube.com\\\/channel\\\/UCZP-2wLEB9Rv6erhFmqVnvg\"],\"address\":{\"@id\":\"https:\\\/\\\/www.eldigitaldeasturias.com\\\/noticias\\\/#postaladdress\",\"@type\":\"PostalAddress\",\"streetAddress\":\"san antonio 4\",\"postalCode\":\"33430\",\"addressLocality\":\"Cand\\u00e1s\",\"addressRegion\":\"Asturias\",\"addressCountry\":\"ES\"}},{\"@type\":\"Person\",\"@id\":\"https:\\\/\\\/www.eldigitaldeasturias.com\\\/noticias\\\/author\\\/admin\\\/#author\",\"url\":\"https:\\\/\\\/www.eldigitaldeasturias.com\\\/noticias\\\/author\\\/admin\\\/\",\"name\":\"El Digital de Asturias\",\"image\":{\"@type\":\"ImageObject\",\"@id\":\"https:\\\/\\\/www.eldigitaldeasturias.com\\\/noticias\\\/la-negociacion-entre-gobierno-colombiano-y-el-eln-se-reanudara-en-cuba\\\/#authorImage\",\"url\":\"https:\\\/\\\/secure.gravatar.com\\\/avatar\\\/df2aeffc32bcd13f8d26072ef8a91b623d677766deac7f97ca815868cd41bf5e?s=96&d=mm&r=g\",\"width\":96,\"height\":96,\"caption\":\"El Digital de Asturias\"}},{\"@type\":\"WebPage\",\"@id\":\"https:\\\/\\\/www.eldigitaldeasturias.com\\\/noticias\\\/la-negociacion-entre-gobierno-colombiano-y-el-eln-se-reanudara-en-cuba\\\/#webpage\",\"url\":\"https:\\\/\\\/www.eldigitaldeasturias.com\\\/noticias\\\/la-negociacion-entre-gobierno-colombiano-y-el-eln-se-reanudara-en-cuba\\\/\",\"name\":\"La negociaci\\u00f3n entre Gobierno colombiano y el ELN se reanudar\\u00e1 en Cuba - El Digital de Asturias\",\"description\":\"Bogot\\u00e1, 5 may (dpa) - Cuba se convertir\\u00e1 desde la pr\\u00f3xima semana en la nueva sede de las negociaciones entre el Gobierno colombiano y la guerrilla del ELN, un a\\u00f1o y medio despu\\u00e9s del final del proceso de paz con las FARC en La Habana, que culmin\\u00f3 con la firma de un acuerdo que permiti\\u00f3\",\"inLanguage\":\"es-ES\",\"isPartOf\":{\"@id\":\"https:\\\/\\\/www.eldigitaldeasturias.com\\\/noticias\\\/#website\"},\"breadcrumb\":{\"@id\":\"https:\\\/\\\/www.eldigitaldeasturias.com\\\/noticias\\\/la-negociacion-entre-gobierno-colombiano-y-el-eln-se-reanudara-en-cuba\\\/#breadcrumblist\"},\"author\":{\"@id\":\"https:\\\/\\\/www.eldigitaldeasturias.com\\\/noticias\\\/author\\\/admin\\\/#author\"},\"creator\":{\"@id\":\"https:\\\/\\\/www.eldigitaldeasturias.com\\\/noticias\\\/author\\\/admin\\\/#author\"},\"image\":{\"@type\":\"ImageObject\",\"url\":979209,\"@id\":\"https:\\\/\\\/www.eldigitaldeasturias.com\\\/noticias\\\/la-negociacion-entre-gobierno-colombiano-y-el-eln-se-reanudara-en-cuba\\\/#mainImage\"},\"primaryImageOfPage\":{\"@id\":\"https:\\\/\\\/www.eldigitaldeasturias.com\\\/noticias\\\/la-negociacion-entre-gobierno-colombiano-y-el-eln-se-reanudara-en-cuba\\\/#mainImage\"},\"datePublished\":\"2018-05-05T22:35:15+02:00\",\"dateModified\":\"2018-05-05T22:35:15+02:00\"},{\"@type\":\"WebSite\",\"@id\":\"https:\\\/\\\/www.eldigitaldeasturias.com\\\/noticias\\\/#website\",\"url\":\"https:\\\/\\\/www.eldigitaldeasturias.com\\\/noticias\\\/\",\"name\":\"El Digital de Asturias - Diario de actualidad y noticias\",\"alternateName\":\"El Digital de Asturias - Diario de actualidad y noticias\",\"description\":\"Hemeroteca\",\"inLanguage\":\"es-ES\",\"publisher\":{\"@id\":\"https:\\\/\\\/www.eldigitaldeasturias.com\\\/noticias\\\/#organization\"}}]}\n\t\t<\/script>\n\t\t<!-- All in One SEO Pro -->\r\n\t\t<title>La negociaci\u00f3n entre Gobierno colombiano y el ELN se reanudar\u00e1 en Cuba - El Digital de Asturias<\/title>\n\n","aioseo_head_json":{"title":"La negociaci\u00f3n entre Gobierno colombiano y el ELN se reanudar\u00e1 en Cuba - El Digital de Asturias","description":"Bogot\u00e1, 5 may (dpa) - Cuba se convertir\u00e1 desde la pr\u00f3xima semana en la nueva sede de las negociaciones entre el Gobierno colombiano y la guerrilla del ELN, un a\u00f1o y medio despu\u00e9s del final del proceso de paz con las FARC en La Habana, que culmin\u00f3 con la firma de un acuerdo que permiti\u00f3","canonical_url":"https:\/\/www.eldigitaldeasturias.com\/noticias\/la-negociacion-entre-gobierno-colombiano-y-el-eln-se-reanudara-en-cuba\/","robots":"max-image-preview:large","keywords":"actualidad","webmasterTools":{"google-site-verification":"UA-38556648-1","msvalidate.01":"7dfe9f3f1b24437ab69f4f2559babe99","miscellaneous":""},"schema":{"@context":"https:\/\/schema.org","@graph":[{"@type":"BlogPosting","@id":"https:\/\/www.eldigitaldeasturias.com\/noticias\/la-negociacion-entre-gobierno-colombiano-y-el-eln-se-reanudara-en-cuba\/#blogposting","name":"La negociaci\u00f3n entre Gobierno colombiano y el ELN se reanudar\u00e1 en Cuba - El Digital de Asturias","headline":"La negociaci\u00f3n entre Gobierno colombiano y el ELN se reanudar\u00e1 en Cuba","author":{"@id":"https:\/\/www.eldigitaldeasturias.com\/noticias\/author\/admin\/#author"},"publisher":{"@id":"https:\/\/www.eldigitaldeasturias.com\/noticias\/#organization"},"image":{"@type":"ImageObject","url":979209},"datePublished":"2018-05-05T22:35:15+02:00","dateModified":"2018-05-05T22:35:15+02:00","inLanguage":"es-ES","mainEntityOfPage":{"@id":"https:\/\/www.eldigitaldeasturias.com\/noticias\/la-negociacion-entre-gobierno-colombiano-y-el-eln-se-reanudara-en-cuba\/#webpage"},"isPartOf":{"@id":"https:\/\/www.eldigitaldeasturias.com\/noticias\/la-negociacion-entre-gobierno-colombiano-y-el-eln-se-reanudara-en-cuba\/#webpage"},"articleSection":"Actualidad"},{"@type":"BreadcrumbList","@id":"https:\/\/www.eldigitaldeasturias.com\/noticias\/la-negociacion-entre-gobierno-colombiano-y-el-eln-se-reanudara-en-cuba\/#breadcrumblist","itemListElement":[{"@type":"ListItem","@id":"https:\/\/www.eldigitaldeasturias.com\/noticias#listItem","position":1,"name":"Home","item":"https:\/\/www.eldigitaldeasturias.com\/noticias","nextItem":{"@type":"ListItem","@id":"https:\/\/www.eldigitaldeasturias.com\/noticias\/category\/actualidad\/#listItem","name":"Actualidad"}},{"@type":"ListItem","@id":"https:\/\/www.eldigitaldeasturias.com\/noticias\/category\/actualidad\/#listItem","position":2,"name":"Actualidad","item":"https:\/\/www.eldigitaldeasturias.com\/noticias\/category\/actualidad\/","nextItem":{"@type":"ListItem","@id":"https:\/\/www.eldigitaldeasturias.com\/noticias\/la-negociacion-entre-gobierno-colombiano-y-el-eln-se-reanudara-en-cuba\/#listItem","name":"La negociaci\u00f3n entre Gobierno colombiano y el ELN se reanudar\u00e1 en Cuba"},"previousItem":{"@type":"ListItem","@id":"https:\/\/www.eldigitaldeasturias.com\/noticias#listItem","name":"Home"}},{"@type":"ListItem","@id":"https:\/\/www.eldigitaldeasturias.com\/noticias\/la-negociacion-entre-gobierno-colombiano-y-el-eln-se-reanudara-en-cuba\/#listItem","position":3,"name":"La negociaci\u00f3n entre Gobierno colombiano y el ELN se reanudar\u00e1 en Cuba","previousItem":{"@type":"ListItem","@id":"https:\/\/www.eldigitaldeasturias.com\/noticias\/category\/actualidad\/#listItem","name":"Actualidad"}}]},{"@type":"Organization","@id":"https:\/\/www.eldigitaldeasturias.com\/noticias\/#organization","name":"El Digital de Asturias","description":"Hemeroteca","url":"https:\/\/www.eldigitaldeasturias.com\/noticias\/","email":"info@eldigitaldeasturias.com","telephone":"+34652131393","logo":{"@type":"ImageObject","url":"https:\/\/www.eldigitaldeasturias.com\/noticias\/wp-content\/uploads\/2020\/12\/EDA.jpg","@id":"https:\/\/www.eldigitaldeasturias.com\/noticias\/la-negociacion-entre-gobierno-colombiano-y-el-eln-se-reanudara-en-cuba\/#organizationLogo"},"image":{"@id":"https:\/\/www.eldigitaldeasturias.com\/noticias\/la-negociacion-entre-gobierno-colombiano-y-el-eln-se-reanudara-en-cuba\/#organizationLogo"},"sameAs":["https:\/\/facebook.com\/eldigitaldeasturias","https:\/\/www.youtube.com\/channel\/UCZP-2wLEB9Rv6erhFmqVnvg"],"address":{"@id":"https:\/\/www.eldigitaldeasturias.com\/noticias\/#postaladdress","@type":"PostalAddress","streetAddress":"san antonio 4","postalCode":"33430","addressLocality":"Cand\u00e1s","addressRegion":"Asturias","addressCountry":"ES"}},{"@type":"Person","@id":"https:\/\/www.eldigitaldeasturias.com\/noticias\/author\/admin\/#author","url":"https:\/\/www.eldigitaldeasturias.com\/noticias\/author\/admin\/","name":"El Digital de Asturias","image":{"@type":"ImageObject","@id":"https:\/\/www.eldigitaldeasturias.com\/noticias\/la-negociacion-entre-gobierno-colombiano-y-el-eln-se-reanudara-en-cuba\/#authorImage","url":"https:\/\/secure.gravatar.com\/avatar\/df2aeffc32bcd13f8d26072ef8a91b623d677766deac7f97ca815868cd41bf5e?s=96&d=mm&r=g","width":96,"height":96,"caption":"El Digital de Asturias"}},{"@type":"WebPage","@id":"https:\/\/www.eldigitaldeasturias.com\/noticias\/la-negociacion-entre-gobierno-colombiano-y-el-eln-se-reanudara-en-cuba\/#webpage","url":"https:\/\/www.eldigitaldeasturias.com\/noticias\/la-negociacion-entre-gobierno-colombiano-y-el-eln-se-reanudara-en-cuba\/","name":"La negociaci\u00f3n entre Gobierno colombiano y el ELN se reanudar\u00e1 en Cuba - El Digital de Asturias","description":"Bogot\u00e1, 5 may (dpa) - Cuba se convertir\u00e1 desde la pr\u00f3xima semana en la nueva sede de las negociaciones entre el Gobierno colombiano y la guerrilla del ELN, un a\u00f1o y medio despu\u00e9s del final del proceso de paz con las FARC en La Habana, que culmin\u00f3 con la firma de un acuerdo que permiti\u00f3","inLanguage":"es-ES","isPartOf":{"@id":"https:\/\/www.eldigitaldeasturias.com\/noticias\/#website"},"breadcrumb":{"@id":"https:\/\/www.eldigitaldeasturias.com\/noticias\/la-negociacion-entre-gobierno-colombiano-y-el-eln-se-reanudara-en-cuba\/#breadcrumblist"},"author":{"@id":"https:\/\/www.eldigitaldeasturias.com\/noticias\/author\/admin\/#author"},"creator":{"@id":"https:\/\/www.eldigitaldeasturias.com\/noticias\/author\/admin\/#author"},"image":{"@type":"ImageObject","url":979209,"@id":"https:\/\/www.eldigitaldeasturias.com\/noticias\/la-negociacion-entre-gobierno-colombiano-y-el-eln-se-reanudara-en-cuba\/#mainImage"},"primaryImageOfPage":{"@id":"https:\/\/www.eldigitaldeasturias.com\/noticias\/la-negociacion-entre-gobierno-colombiano-y-el-eln-se-reanudara-en-cuba\/#mainImage"},"datePublished":"2018-05-05T22:35:15+02:00","dateModified":"2018-05-05T22:35:15+02:00"},{"@type":"WebSite","@id":"https:\/\/www.eldigitaldeasturias.com\/noticias\/#website","url":"https:\/\/www.eldigitaldeasturias.com\/noticias\/","name":"El Digital de Asturias - Diario de actualidad y noticias","alternateName":"El Digital de Asturias - Diario de actualidad y noticias","description":"Hemeroteca","inLanguage":"es-ES","publisher":{"@id":"https:\/\/www.eldigitaldeasturias.com\/noticias\/#organization"}}]},"og:locale":"es_ES","og:site_name":"El Digital de Asturias","og:type":"article","og:title":"La negociaci\u00f3n entre Gobierno colombiano y el ELN se reanudar\u00e1 en Cuba - El Digital de Asturias","og:description":"Bogot\u00e1, 5 may (dpa) - Cuba se convertir\u00e1 desde la pr\u00f3xima semana en la nueva sede de las negociaciones entre el Gobierno colombiano y la guerrilla del ELN, un a\u00f1o y medio despu\u00e9s del final del proceso de paz con las FARC en La Habana, que culmin\u00f3 con la firma de un acuerdo que permiti\u00f3","og:url":"https:\/\/www.eldigitaldeasturias.com\/noticias\/la-negociacion-entre-gobierno-colombiano-y-el-eln-se-reanudara-en-cuba\/","article:tag":["actualidad"],"article:published_time":"2018-05-05T22:35:15+00:00","article:modified_time":"2018-05-05T22:35:15+00:00","article:publisher":"https:\/\/facebook.com\/eldigitaldeasturias","twitter:card":"summary_large_image","twitter:title":"La negociaci\u00f3n entre Gobierno colombiano y el ELN se reanudar\u00e1 en Cuba - El Digital de Asturias","twitter:description":"Bogot\u00e1, 5 may (dpa) - Cuba se convertir\u00e1 desde la pr\u00f3xima semana en la nueva sede de las negociaciones entre el Gobierno colombiano y la guerrilla del ELN, un a\u00f1o y medio despu\u00e9s del final del proceso de paz con las FARC en La Habana, que culmin\u00f3 con la firma de un acuerdo que permiti\u00f3","twitter:image":"https:\/\/www.eldigitaldeasturias.com\/noticias\/wp-content\/uploads\/2020\/12\/EDA-1.jpg","twitter:label1":"Escrito por","twitter:data1":"El Digital de Asturias","twitter:label2":"Tiempo de lectura estimado","twitter:data2":"3 minutos"},"aioseo_meta_data":{"post_id":"979208","title":null,"description":null,"keywords":null,"keyphrases":null,"primary_term":null,"canonical_url":null,"og_title":null,"og_description":null,"og_object_type":"default","og_image_type":"default","og_image_url":null,"og_image_width":null,"og_image_height":null,"og_image_custom_url":null,"og_image_custom_fields":null,"og_video":null,"og_custom_url":null,"og_article_section":null,"og_article_tags":null,"twitter_use_og":false,"twitter_card":"default","twitter_image_type":"default","twitter_image_url":null,"twitter_image_custom_url":null,"twitter_image_custom_fields":null,"twitter_title":null,"twitter_description":null,"schema":{"blockGraphs":[],"customGraphs":[],"default":{"data":{"Article":[],"Course":[],"Dataset":[],"FAQPage":[],"Movie":[],"Person":[],"Product":[],"ProductReview":[],"Car":[],"Recipe":[],"Service":[],"SoftwareApplication":[],"WebPage":[]},"graphName":"","isEnabled":true},"graphs":[],"defaultGraph":"","defaultPostTypeGraph":""},"schema_type":null,"schema_type_options":null,"pillar_content":false,"robots_default":true,"robots_noindex":false,"robots_noarchive":false,"robots_nosnippet":false,"robots_nofollow":false,"robots_noimageindex":false,"robots_noodp":false,"robots_notranslate":false,"robots_max_snippet":null,"robots_max_videopreview":null,"robots_max_imagepreview":"large","priority":null,"frequency":null,"local_seo":null,"seo_analyzer_scan_date":"2025-10-08 13:33:08","breadcrumb_settings":null,"limit_modified_date":false,"open_ai":null,"ai":null,"created":"2020-12-21 12:00:37","updated":"2025-10-08 13:33:08","focus_keyword":null,"additional_keywords":null,"truseo_locale":null},"aioseo_breadcrumb":"<div class=\"aioseo-breadcrumbs\"><span class=\"aioseo-breadcrumb\">\n\t<a href=\"https:\/\/www.eldigitaldeasturias.com\/noticias\" title=\"Home\">Home<\/a>\n<\/span><span class=\"aioseo-breadcrumb-separator\">\u2013<\/span><span class=\"aioseo-breadcrumb\">\n\t<a href=\"https:\/\/www.eldigitaldeasturias.com\/noticias\/category\/actualidad\/\" title=\"Actualidad\">Actualidad<\/a>\n<\/span><span class=\"aioseo-breadcrumb-separator\">\u2013<\/span><span class=\"aioseo-breadcrumb\">\n\t<a href=\"https:\/\/www.eldigitaldeasturias.com\/noticias\/la-negociacion-entre-gobierno-colombiano-y-el-eln-se-reanudara-en-cuba\/\" title=\"La negociaci\u00f3n entre Gobierno colombiano y el ELN se reanudar\u00e1 en Cuba\">La negociaci\u00f3n entre Gobierno colombiano y el ELN se reanudar\u00e1 en Cuba<\/a>\n<\/span><\/div>","aioseo_breadcrumb_json":[{"label":"Home","link":"https:\/\/www.eldigitaldeasturias.com\/noticias"},{"label":"Actualidad","link":"https:\/\/www.eldigitaldeasturias.com\/noticias\/category\/actualidad\/"},{"label":"La negociaci\u00f3n entre Gobierno colombiano y el ELN se reanudar\u00e1 en Cuba","link":"https:\/\/www.eldigitaldeasturias.com\/noticias\/la-negociacion-entre-gobierno-colombiano-y-el-eln-se-reanudara-en-cuba\/"}],"_links":{"self":[{"href":"https:\/\/www.eldigitaldeasturias.com\/noticias\/wp-json\/wp\/v2\/posts\/979208","targetHints":{"allow":["GET"]}}],"collection":[{"href":"https:\/\/www.eldigitaldeasturias.com\/noticias\/wp-json\/wp\/v2\/posts"}],"about":[{"href":"https:\/\/www.eldigitaldeasturias.com\/noticias\/wp-json\/wp\/v2\/types\/post"}],"author":[{"embeddable":true,"href":"https:\/\/www.eldigitaldeasturias.com\/noticias\/wp-json\/wp\/v2\/users\/1"}],"replies":[{"embeddable":true,"href":"https:\/\/www.eldigitaldeasturias.com\/noticias\/wp-json\/wp\/v2\/comments?post=979208"}],"version-history":[{"count":0,"href":"https:\/\/www.eldigitaldeasturias.com\/noticias\/wp-json\/wp\/v2\/posts\/979208\/revisions"}],"wp:attachment":[{"href":"https:\/\/www.eldigitaldeasturias.com\/noticias\/wp-json\/wp\/v2\/media?parent=979208"}],"wp:term":[{"taxonomy":"category","embeddable":true,"href":"https:\/\/www.eldigitaldeasturias.com\/noticias\/wp-json\/wp\/v2\/categories?post=979208"},{"taxonomy":"post_tag","embeddable":true,"href":"https:\/\/www.eldigitaldeasturias.com\/noticias\/wp-json\/wp\/v2\/tags?post=979208"}],"curies":[{"name":"wp","href":"https:\/\/api.w.org\/{rel}","templated":true}]}}