{"id":979205,"date":"2018-05-05T22:32:59","date_gmt":"2018-05-05T22:32:59","guid":{"rendered":"http:\/\/www.eldigitaldeasturias.com\/noticias\/?p=979205"},"modified":"2018-05-05T22:32:59","modified_gmt":"2018-05-05T22:32:59","slug":"panama-consultas-para-un-nuevo-orden-constitucional","status":"publish","type":"post","link":"https:\/\/www.eldigitaldeasturias.com\/noticias\/panama-consultas-para-un-nuevo-orden-constitucional\/","title":{"rendered":"Panam\u00e1: \u00bfConsultas para un nuevo orden constitucional?"},"content":{"rendered":"<p><img loading=\"lazy\" decoding=\"async\" class=\"alignleft size-medium wp-image-979206\" src=\"https:\/\/www.eldigitaldeasturias.com\/noticias\/wp-content\/uploads\/2018\/05\/panama-city-2163483_960_720-360x270.jpg\" alt=\"\" width=\"360\" height=\"270\" \/>Ciudad de Panam\u00e1, 5 may (dpa) \u2013 El presidente de Panam\u00e1, Juan Carlos Varela, propuso hoy celebrar una consulta popular para incluir en las elecciones generales del 5 de mayo de 2019 una papeleta que decida el futuro de una Asamblea Constituyente.<\/p>\n<p>En presencia de representantes de \u00f3rganos del Estado, dirigentes de partidos pol\u00edticos legalmente constituidos, precandidatos y representantes de organizaciones sociales, Varela pidi\u00f3 cambiar la Carta Magna a trav\u00e9s de una Constituyente, para fortalecer las bases de la democracia, la institucionalidad y la buena gobernanza.<\/p>\n<p>El mandatario dijo que, tras una reuni\u00f3n realizada con los magistrados del Tribunal Electoral, tom\u00f3 la decisi\u00f3n de iniciar en el \u00e1mbito nacional un \u201cproceso de consultas con vistas a la creaci\u00f3n de un nuevo orden constitucional para el pa\u00eds\u201d.<\/p>\n<p>En ese sentido, instruy\u00f3 al ministro de la Presidencia, \u00c1lvaro Alem\u00e1n, para que emprenda consultas con representantes de gremios, partidos pol\u00edticos y sindicatos, con el objetivo de \u201cexplorar la posibilidad de convocar a una Asamblea Constituyente\u201d, con fundamento en el art\u00edculo constitucional 314.<\/p>\n<p>Sin embargo, el ex magistrado del Tribunal Electoral Gerardo Sol\u00eds calific\u00f3 de \u201cinsulsa\u201d la propuesta presidencial. Adujo que Varela perdi\u00f3 su oportunidad de cumplir esa promesa de campa\u00f1a en el primer a\u00f1o de su mandato, y vaticin\u00f3 que el proyecto jam\u00e1s pasar\u00e1 de la consulta en la v\u00edspera de los comicios generales.<\/p>\n<p>A su vez, el magistrado presidente del Tribunal Electoral, Heriberto Ara\u00faz, convoc\u00f3 oficialmente a las elecciones generales del 5 de mayo de 2019, e hizo un llamado a respetar sus resultados.<\/p>\n<p>El magistrado asever\u00f3 que las reformas electorales apuntan a la democracia que conceb\u00eda Mahatma Gandhi, en la India, \u201cdonde el m\u00e1s d\u00e9bil tenga las mismas oportunidades que el m\u00e1s fuerte\u201d, para que prevalezcan los valores democr\u00e1ticos en vez de \u201cpr\u00e1cticas corruptas y clientelistas\u201d. A\u00f1adi\u00f3 que se busca formalizar un Pacto \u00c9tico Electoral que contribuir\u00e1 a la transparencia de los comicios.<\/p>\n<p>En las pr\u00f3ximas elecciones, estar\u00e1n habilitados para votar 2,7 millones electores, de los 1,4 millones son mujeres y 1,3 millones varones, quienes elegir\u00e1n a trav\u00e9s del voto directo, individual y secreto a 1.722 autoridades (principales y suplentes), por un per\u00edodo de cinco a\u00f1os.<\/p>\n<p>Los comicios, con un costo de 55,9 millones de d\u00f3lares, servir\u00e1n para escoger a un presidente y un vicepresidente, 71 diputados de la Asamblea Nacional, 81 alcaldes, 679 representantes de corregimientos (cantones) y nueve concejales con sus respectivos suplentes, as\u00ed como 20 diputados principales al Parlamento Centroamericano (Parlacen) y sus suplentes.<\/p>\n<p>M\u00e1s del 35 por ciento de la poblaci\u00f3n que figura en el depurado padr\u00f3n electoral paname\u00f1o corresponde a j\u00f3venes de 18 a 35 a\u00f1os de edad, de los cuales el 10,8 por ciento ejercer\u00e1 el derecho a sufragio por primera vez.<\/p>\n<p>Los comicios generales ser\u00e1n realizados en 7.080 mesas y 2.826 centros de votaci\u00f3n en todo el pa\u00eds, donde fueron incorporados 23 nuevos corregimientos, y ser\u00e1n totalmente supervisados por el Tribunal Electoral y observadores internacionales.<\/p>\n","protected":false},"excerpt":{"rendered":"<p>Ciudad de Panam\u00e1, 5 may (dpa) \u2013 El presidente de Panam\u00e1, Juan Carlos Varela, propuso hoy celebrar una consulta popular para incluir en las elecciones generales del 5 de mayo de 2019 una papeleta que decida el futuro de una Asamblea Constituyente. En presencia de representantes de \u00f3rganos del Estado, dirigentes de partidos pol\u00edticos legalmente [&hellip;]<\/p>\n","protected":false},"author":1,"featured_media":979206,"comment_status":"closed","ping_status":"closed","sticky":false,"template":"","format":"standard","meta":{"footnotes":""},"categories":[1],"tags":[],"class_list":["post-979205","post","type-post","status-publish","format-standard","has-post-thumbnail","hentry","category-actualidad"],"aioseo_notices":[],"aioseo_head":"\n\t\t<!-- All in One SEO Pro 5.0.1 - aioseo.com -->\n\t<meta name=\"description\" content=\"Ciudad de Panam\u00e1, 5 may (dpa) \u2013 El presidente de Panam\u00e1, Juan Carlos Varela, propuso hoy celebrar una consulta popular para incluir en las elecciones generales del 5 de mayo de 2019 una papeleta que decida el futuro de una Asamblea Constituyente. En presencia de representantes de \u00f3rganos del Estado, dirigentes de partidos pol\u00edticos legalmente\" \/>\n\t<meta name=\"robots\" content=\"max-image-preview:large\" \/>\n\t<meta name=\"author\" content=\"El Digital de Asturias\"\/>\n\t<meta name=\"google-site-verification\" content=\"UA-38556648-1\" \/>\n\t<meta name=\"msvalidate.01\" content=\"7dfe9f3f1b24437ab69f4f2559babe99\" \/>\n\t<meta name=\"keywords\" content=\"actualidad\" \/>\n\t<link rel=\"canonical\" href=\"https:\/\/www.eldigitaldeasturias.com\/noticias\/panama-consultas-para-un-nuevo-orden-constitucional\/\" \/>\n\t<meta name=\"generator\" content=\"All in One SEO Pro (AIOSEO) 5.0.1\" \/>\n\t\t<meta property=\"og:locale\" content=\"es_ES\" \/>\n\t\t<meta property=\"og:site_name\" content=\"El Digital de Asturias\" \/>\n\t\t<meta property=\"og:type\" content=\"article\" \/>\n\t\t<meta property=\"og:title\" content=\"Panam\u00e1: \u00bfConsultas para un nuevo orden constitucional? - El Digital de Asturias\" \/>\n\t\t<meta property=\"og:description\" content=\"Ciudad de Panam\u00e1, 5 may (dpa) \u2013 El presidente de Panam\u00e1, Juan Carlos Varela, propuso hoy celebrar una consulta popular para incluir en las elecciones generales del 5 de mayo de 2019 una papeleta que decida el futuro de una Asamblea Constituyente. En presencia de representantes de \u00f3rganos del Estado, dirigentes de partidos pol\u00edticos legalmente\" \/>\n\t\t<meta property=\"og:url\" content=\"https:\/\/www.eldigitaldeasturias.com\/noticias\/panama-consultas-para-un-nuevo-orden-constitucional\/\" \/>\n\t\t<meta property=\"article:tag\" content=\"actualidad\" \/>\n\t\t<meta property=\"article:published_time\" content=\"2018-05-05T22:32:59+00:00\" \/>\n\t\t<meta property=\"article:modified_time\" content=\"2018-05-05T22:32:59+00:00\" \/>\n\t\t<meta property=\"article:publisher\" content=\"https:\/\/facebook.com\/eldigitaldeasturias\" \/>\n\t\t<meta name=\"twitter:card\" content=\"summary_large_image\" \/>\n\t\t<meta name=\"twitter:title\" content=\"Panam\u00e1: \u00bfConsultas para un nuevo orden constitucional? - El Digital de Asturias\" \/>\n\t\t<meta name=\"twitter:description\" content=\"Ciudad de Panam\u00e1, 5 may (dpa) \u2013 El presidente de Panam\u00e1, Juan Carlos Varela, propuso hoy celebrar una consulta popular para incluir en las elecciones generales del 5 de mayo de 2019 una papeleta que decida el futuro de una Asamblea Constituyente. En presencia de representantes de \u00f3rganos del Estado, dirigentes de partidos pol\u00edticos legalmente\" \/>\n\t\t<meta name=\"twitter:image\" content=\"https:\/\/www.eldigitaldeasturias.com\/noticias\/wp-content\/uploads\/2020\/12\/EDA-1.jpg\" \/>\n\t\t<meta name=\"twitter:label1\" content=\"Escrito por\" \/>\n\t\t<meta name=\"twitter:data1\" content=\"El Digital de Asturias\" \/>\n\t\t<meta name=\"twitter:label2\" content=\"Tiempo de lectura estimado\" \/>\n\t\t<meta name=\"twitter:data2\" content=\"2 minutos\" \/>\n\t\t<script type=\"application\/ld+json\" class=\"aioseo-schema\">\n\t\t\t{\"@context\":\"https:\\\/\\\/schema.org\",\"@graph\":[{\"@type\":\"BlogPosting\",\"@id\":\"https:\\\/\\\/www.eldigitaldeasturias.com\\\/noticias\\\/panama-consultas-para-un-nuevo-orden-constitucional\\\/#blogposting\",\"name\":\"Panam\\u00e1: \\u00bfConsultas para un nuevo orden constitucional? - El Digital de Asturias\",\"headline\":\"Panam\\u00e1: \\u00bfConsultas para un nuevo orden constitucional?\",\"author\":{\"@id\":\"https:\\\/\\\/www.eldigitaldeasturias.com\\\/noticias\\\/author\\\/admin\\\/#author\"},\"publisher\":{\"@id\":\"https:\\\/\\\/www.eldigitaldeasturias.com\\\/noticias\\\/#organization\"},\"image\":{\"@type\":\"ImageObject\",\"url\":979206},\"datePublished\":\"2018-05-05T22:32:59+02:00\",\"dateModified\":\"2018-05-05T22:32:59+02:00\",\"inLanguage\":\"es-ES\",\"mainEntityOfPage\":{\"@id\":\"https:\\\/\\\/www.eldigitaldeasturias.com\\\/noticias\\\/panama-consultas-para-un-nuevo-orden-constitucional\\\/#webpage\"},\"isPartOf\":{\"@id\":\"https:\\\/\\\/www.eldigitaldeasturias.com\\\/noticias\\\/panama-consultas-para-un-nuevo-orden-constitucional\\\/#webpage\"},\"articleSection\":\"Actualidad\"},{\"@type\":\"BreadcrumbList\",\"@id\":\"https:\\\/\\\/www.eldigitaldeasturias.com\\\/noticias\\\/panama-consultas-para-un-nuevo-orden-constitucional\\\/#breadcrumblist\",\"itemListElement\":[{\"@type\":\"ListItem\",\"@id\":\"https:\\\/\\\/www.eldigitaldeasturias.com\\\/noticias#listItem\",\"position\":1,\"name\":\"Home\",\"item\":\"https:\\\/\\\/www.eldigitaldeasturias.com\\\/noticias\",\"nextItem\":{\"@type\":\"ListItem\",\"@id\":\"https:\\\/\\\/www.eldigitaldeasturias.com\\\/noticias\\\/category\\\/actualidad\\\/#listItem\",\"name\":\"Actualidad\"}},{\"@type\":\"ListItem\",\"@id\":\"https:\\\/\\\/www.eldigitaldeasturias.com\\\/noticias\\\/category\\\/actualidad\\\/#listItem\",\"position\":2,\"name\":\"Actualidad\",\"item\":\"https:\\\/\\\/www.eldigitaldeasturias.com\\\/noticias\\\/category\\\/actualidad\\\/\",\"nextItem\":{\"@type\":\"ListItem\",\"@id\":\"https:\\\/\\\/www.eldigitaldeasturias.com\\\/noticias\\\/panama-consultas-para-un-nuevo-orden-constitucional\\\/#listItem\",\"name\":\"Panam\\u00e1: \\u00bfConsultas para un nuevo orden constitucional?\"},\"previousItem\":{\"@type\":\"ListItem\",\"@id\":\"https:\\\/\\\/www.eldigitaldeasturias.com\\\/noticias#listItem\",\"name\":\"Home\"}},{\"@type\":\"ListItem\",\"@id\":\"https:\\\/\\\/www.eldigitaldeasturias.com\\\/noticias\\\/panama-consultas-para-un-nuevo-orden-constitucional\\\/#listItem\",\"position\":3,\"name\":\"Panam\\u00e1: \\u00bfConsultas para un nuevo orden constitucional?\",\"previousItem\":{\"@type\":\"ListItem\",\"@id\":\"https:\\\/\\\/www.eldigitaldeasturias.com\\\/noticias\\\/category\\\/actualidad\\\/#listItem\",\"name\":\"Actualidad\"}}]},{\"@type\":\"Organization\",\"@id\":\"https:\\\/\\\/www.eldigitaldeasturias.com\\\/noticias\\\/#organization\",\"name\":\"El Digital de Asturias\",\"description\":\"Hemeroteca\",\"url\":\"https:\\\/\\\/www.eldigitaldeasturias.com\\\/noticias\\\/\",\"email\":\"info@eldigitaldeasturias.com\",\"telephone\":\"+34652131393\",\"logo\":{\"@type\":\"ImageObject\",\"url\":\"https:\\\/\\\/www.eldigitaldeasturias.com\\\/noticias\\\/wp-content\\\/uploads\\\/2020\\\/12\\\/EDA.jpg\",\"@id\":\"https:\\\/\\\/www.eldigitaldeasturias.com\\\/noticias\\\/panama-consultas-para-un-nuevo-orden-constitucional\\\/#organizationLogo\"},\"image\":{\"@id\":\"https:\\\/\\\/www.eldigitaldeasturias.com\\\/noticias\\\/panama-consultas-para-un-nuevo-orden-constitucional\\\/#organizationLogo\"},\"sameAs\":[\"https:\\\/\\\/facebook.com\\\/eldigitaldeasturias\",\"https:\\\/\\\/www.youtube.com\\\/channel\\\/UCZP-2wLEB9Rv6erhFmqVnvg\"],\"address\":{\"@id\":\"https:\\\/\\\/www.eldigitaldeasturias.com\\\/noticias\\\/#postaladdress\",\"@type\":\"PostalAddress\",\"streetAddress\":\"san antonio 4\",\"postalCode\":\"33430\",\"addressLocality\":\"Cand\\u00e1s\",\"addressRegion\":\"Asturias\",\"addressCountry\":\"ES\"}},{\"@type\":\"Person\",\"@id\":\"https:\\\/\\\/www.eldigitaldeasturias.com\\\/noticias\\\/author\\\/admin\\\/#author\",\"url\":\"https:\\\/\\\/www.eldigitaldeasturias.com\\\/noticias\\\/author\\\/admin\\\/\",\"name\":\"El Digital de Asturias\",\"image\":{\"@type\":\"ImageObject\",\"@id\":\"https:\\\/\\\/www.eldigitaldeasturias.com\\\/noticias\\\/panama-consultas-para-un-nuevo-orden-constitucional\\\/#authorImage\",\"url\":\"https:\\\/\\\/secure.gravatar.com\\\/avatar\\\/df2aeffc32bcd13f8d26072ef8a91b623d677766deac7f97ca815868cd41bf5e?s=96&d=mm&r=g\",\"width\":96,\"height\":96,\"caption\":\"El Digital de Asturias\"}},{\"@type\":\"WebPage\",\"@id\":\"https:\\\/\\\/www.eldigitaldeasturias.com\\\/noticias\\\/panama-consultas-para-un-nuevo-orden-constitucional\\\/#webpage\",\"url\":\"https:\\\/\\\/www.eldigitaldeasturias.com\\\/noticias\\\/panama-consultas-para-un-nuevo-orden-constitucional\\\/\",\"name\":\"Panam\\u00e1: \\u00bfConsultas para un nuevo orden constitucional? - El Digital de Asturias\",\"description\":\"Ciudad de Panam\\u00e1, 5 may (dpa) \\u2013 El presidente de Panam\\u00e1, Juan Carlos Varela, propuso hoy celebrar una consulta popular para incluir en las elecciones generales del 5 de mayo de 2019 una papeleta que decida el futuro de una Asamblea Constituyente. En presencia de representantes de \\u00f3rganos del Estado, dirigentes de partidos pol\\u00edticos legalmente\",\"inLanguage\":\"es-ES\",\"isPartOf\":{\"@id\":\"https:\\\/\\\/www.eldigitaldeasturias.com\\\/noticias\\\/#website\"},\"breadcrumb\":{\"@id\":\"https:\\\/\\\/www.eldigitaldeasturias.com\\\/noticias\\\/panama-consultas-para-un-nuevo-orden-constitucional\\\/#breadcrumblist\"},\"author\":{\"@id\":\"https:\\\/\\\/www.eldigitaldeasturias.com\\\/noticias\\\/author\\\/admin\\\/#author\"},\"creator\":{\"@id\":\"https:\\\/\\\/www.eldigitaldeasturias.com\\\/noticias\\\/author\\\/admin\\\/#author\"},\"image\":{\"@type\":\"ImageObject\",\"url\":979206,\"@id\":\"https:\\\/\\\/www.eldigitaldeasturias.com\\\/noticias\\\/panama-consultas-para-un-nuevo-orden-constitucional\\\/#mainImage\"},\"primaryImageOfPage\":{\"@id\":\"https:\\\/\\\/www.eldigitaldeasturias.com\\\/noticias\\\/panama-consultas-para-un-nuevo-orden-constitucional\\\/#mainImage\"},\"datePublished\":\"2018-05-05T22:32:59+02:00\",\"dateModified\":\"2018-05-05T22:32:59+02:00\"},{\"@type\":\"WebSite\",\"@id\":\"https:\\\/\\\/www.eldigitaldeasturias.com\\\/noticias\\\/#website\",\"url\":\"https:\\\/\\\/www.eldigitaldeasturias.com\\\/noticias\\\/\",\"name\":\"El Digital de Asturias - Diario de actualidad y noticias\",\"alternateName\":\"El Digital de Asturias - Diario de actualidad y noticias\",\"description\":\"Hemeroteca\",\"inLanguage\":\"es-ES\",\"publisher\":{\"@id\":\"https:\\\/\\\/www.eldigitaldeasturias.com\\\/noticias\\\/#organization\"}}]}\n\t\t<\/script>\n\t\t<!-- All in One SEO Pro -->\r\n\t\t<title>Panam\u00e1: \u00bfConsultas para un nuevo orden constitucional? - El Digital de Asturias<\/title>\n\n","aioseo_head_json":{"title":"Panam\u00e1: \u00bfConsultas para un nuevo orden constitucional? - El Digital de Asturias","description":"Ciudad de Panam\u00e1, 5 may (dpa) \u2013 El presidente de Panam\u00e1, Juan Carlos Varela, propuso hoy celebrar una consulta popular para incluir en las elecciones generales del 5 de mayo de 2019 una papeleta que decida el futuro de una Asamblea Constituyente. En presencia de representantes de \u00f3rganos del Estado, dirigentes de partidos pol\u00edticos legalmente","canonical_url":"https:\/\/www.eldigitaldeasturias.com\/noticias\/panama-consultas-para-un-nuevo-orden-constitucional\/","robots":"max-image-preview:large","keywords":"actualidad","webmasterTools":{"google-site-verification":"UA-38556648-1","msvalidate.01":"7dfe9f3f1b24437ab69f4f2559babe99","miscellaneous":""},"schema":{"@context":"https:\/\/schema.org","@graph":[{"@type":"BlogPosting","@id":"https:\/\/www.eldigitaldeasturias.com\/noticias\/panama-consultas-para-un-nuevo-orden-constitucional\/#blogposting","name":"Panam\u00e1: \u00bfConsultas para un nuevo orden constitucional? - El Digital de Asturias","headline":"Panam\u00e1: \u00bfConsultas para un nuevo orden constitucional?","author":{"@id":"https:\/\/www.eldigitaldeasturias.com\/noticias\/author\/admin\/#author"},"publisher":{"@id":"https:\/\/www.eldigitaldeasturias.com\/noticias\/#organization"},"image":{"@type":"ImageObject","url":979206},"datePublished":"2018-05-05T22:32:59+02:00","dateModified":"2018-05-05T22:32:59+02:00","inLanguage":"es-ES","mainEntityOfPage":{"@id":"https:\/\/www.eldigitaldeasturias.com\/noticias\/panama-consultas-para-un-nuevo-orden-constitucional\/#webpage"},"isPartOf":{"@id":"https:\/\/www.eldigitaldeasturias.com\/noticias\/panama-consultas-para-un-nuevo-orden-constitucional\/#webpage"},"articleSection":"Actualidad"},{"@type":"BreadcrumbList","@id":"https:\/\/www.eldigitaldeasturias.com\/noticias\/panama-consultas-para-un-nuevo-orden-constitucional\/#breadcrumblist","itemListElement":[{"@type":"ListItem","@id":"https:\/\/www.eldigitaldeasturias.com\/noticias#listItem","position":1,"name":"Home","item":"https:\/\/www.eldigitaldeasturias.com\/noticias","nextItem":{"@type":"ListItem","@id":"https:\/\/www.eldigitaldeasturias.com\/noticias\/category\/actualidad\/#listItem","name":"Actualidad"}},{"@type":"ListItem","@id":"https:\/\/www.eldigitaldeasturias.com\/noticias\/category\/actualidad\/#listItem","position":2,"name":"Actualidad","item":"https:\/\/www.eldigitaldeasturias.com\/noticias\/category\/actualidad\/","nextItem":{"@type":"ListItem","@id":"https:\/\/www.eldigitaldeasturias.com\/noticias\/panama-consultas-para-un-nuevo-orden-constitucional\/#listItem","name":"Panam\u00e1: \u00bfConsultas para un nuevo orden constitucional?"},"previousItem":{"@type":"ListItem","@id":"https:\/\/www.eldigitaldeasturias.com\/noticias#listItem","name":"Home"}},{"@type":"ListItem","@id":"https:\/\/www.eldigitaldeasturias.com\/noticias\/panama-consultas-para-un-nuevo-orden-constitucional\/#listItem","position":3,"name":"Panam\u00e1: \u00bfConsultas para un nuevo orden constitucional?","previousItem":{"@type":"ListItem","@id":"https:\/\/www.eldigitaldeasturias.com\/noticias\/category\/actualidad\/#listItem","name":"Actualidad"}}]},{"@type":"Organization","@id":"https:\/\/www.eldigitaldeasturias.com\/noticias\/#organization","name":"El Digital de Asturias","description":"Hemeroteca","url":"https:\/\/www.eldigitaldeasturias.com\/noticias\/","email":"info@eldigitaldeasturias.com","telephone":"+34652131393","logo":{"@type":"ImageObject","url":"https:\/\/www.eldigitaldeasturias.com\/noticias\/wp-content\/uploads\/2020\/12\/EDA.jpg","@id":"https:\/\/www.eldigitaldeasturias.com\/noticias\/panama-consultas-para-un-nuevo-orden-constitucional\/#organizationLogo"},"image":{"@id":"https:\/\/www.eldigitaldeasturias.com\/noticias\/panama-consultas-para-un-nuevo-orden-constitucional\/#organizationLogo"},"sameAs":["https:\/\/facebook.com\/eldigitaldeasturias","https:\/\/www.youtube.com\/channel\/UCZP-2wLEB9Rv6erhFmqVnvg"],"address":{"@id":"https:\/\/www.eldigitaldeasturias.com\/noticias\/#postaladdress","@type":"PostalAddress","streetAddress":"san antonio 4","postalCode":"33430","addressLocality":"Cand\u00e1s","addressRegion":"Asturias","addressCountry":"ES"}},{"@type":"Person","@id":"https:\/\/www.eldigitaldeasturias.com\/noticias\/author\/admin\/#author","url":"https:\/\/www.eldigitaldeasturias.com\/noticias\/author\/admin\/","name":"El Digital de Asturias","image":{"@type":"ImageObject","@id":"https:\/\/www.eldigitaldeasturias.com\/noticias\/panama-consultas-para-un-nuevo-orden-constitucional\/#authorImage","url":"https:\/\/secure.gravatar.com\/avatar\/df2aeffc32bcd13f8d26072ef8a91b623d677766deac7f97ca815868cd41bf5e?s=96&d=mm&r=g","width":96,"height":96,"caption":"El Digital de Asturias"}},{"@type":"WebPage","@id":"https:\/\/www.eldigitaldeasturias.com\/noticias\/panama-consultas-para-un-nuevo-orden-constitucional\/#webpage","url":"https:\/\/www.eldigitaldeasturias.com\/noticias\/panama-consultas-para-un-nuevo-orden-constitucional\/","name":"Panam\u00e1: \u00bfConsultas para un nuevo orden constitucional? - El Digital de Asturias","description":"Ciudad de Panam\u00e1, 5 may (dpa) \u2013 El presidente de Panam\u00e1, Juan Carlos Varela, propuso hoy celebrar una consulta popular para incluir en las elecciones generales del 5 de mayo de 2019 una papeleta que decida el futuro de una Asamblea Constituyente. En presencia de representantes de \u00f3rganos del Estado, dirigentes de partidos pol\u00edticos legalmente","inLanguage":"es-ES","isPartOf":{"@id":"https:\/\/www.eldigitaldeasturias.com\/noticias\/#website"},"breadcrumb":{"@id":"https:\/\/www.eldigitaldeasturias.com\/noticias\/panama-consultas-para-un-nuevo-orden-constitucional\/#breadcrumblist"},"author":{"@id":"https:\/\/www.eldigitaldeasturias.com\/noticias\/author\/admin\/#author"},"creator":{"@id":"https:\/\/www.eldigitaldeasturias.com\/noticias\/author\/admin\/#author"},"image":{"@type":"ImageObject","url":979206,"@id":"https:\/\/www.eldigitaldeasturias.com\/noticias\/panama-consultas-para-un-nuevo-orden-constitucional\/#mainImage"},"primaryImageOfPage":{"@id":"https:\/\/www.eldigitaldeasturias.com\/noticias\/panama-consultas-para-un-nuevo-orden-constitucional\/#mainImage"},"datePublished":"2018-05-05T22:32:59+02:00","dateModified":"2018-05-05T22:32:59+02:00"},{"@type":"WebSite","@id":"https:\/\/www.eldigitaldeasturias.com\/noticias\/#website","url":"https:\/\/www.eldigitaldeasturias.com\/noticias\/","name":"El Digital de Asturias - Diario de actualidad y noticias","alternateName":"El Digital de Asturias - Diario de actualidad y noticias","description":"Hemeroteca","inLanguage":"es-ES","publisher":{"@id":"https:\/\/www.eldigitaldeasturias.com\/noticias\/#organization"}}]},"og:locale":"es_ES","og:site_name":"El Digital de Asturias","og:type":"article","og:title":"Panam\u00e1: \u00bfConsultas para un nuevo orden constitucional? - El Digital de Asturias","og:description":"Ciudad de Panam\u00e1, 5 may (dpa) \u2013 El presidente de Panam\u00e1, Juan Carlos Varela, propuso hoy celebrar una consulta popular para incluir en las elecciones generales del 5 de mayo de 2019 una papeleta que decida el futuro de una Asamblea Constituyente. En presencia de representantes de \u00f3rganos del Estado, dirigentes de partidos pol\u00edticos legalmente","og:url":"https:\/\/www.eldigitaldeasturias.com\/noticias\/panama-consultas-para-un-nuevo-orden-constitucional\/","article:tag":["actualidad"],"article:published_time":"2018-05-05T22:32:59+00:00","article:modified_time":"2018-05-05T22:32:59+00:00","article:publisher":"https:\/\/facebook.com\/eldigitaldeasturias","twitter:card":"summary_large_image","twitter:title":"Panam\u00e1: \u00bfConsultas para un nuevo orden constitucional? - El Digital de Asturias","twitter:description":"Ciudad de Panam\u00e1, 5 may (dpa) \u2013 El presidente de Panam\u00e1, Juan Carlos Varela, propuso hoy celebrar una consulta popular para incluir en las elecciones generales del 5 de mayo de 2019 una papeleta que decida el futuro de una Asamblea Constituyente. En presencia de representantes de \u00f3rganos del Estado, dirigentes de partidos pol\u00edticos legalmente","twitter:image":"https:\/\/www.eldigitaldeasturias.com\/noticias\/wp-content\/uploads\/2020\/12\/EDA-1.jpg","twitter:label1":"Escrito por","twitter:data1":"El Digital de Asturias","twitter:label2":"Tiempo de lectura estimado","twitter:data2":"2 minutos"},"aioseo_meta_data":{"post_id":"979205","title":null,"description":null,"keywords":null,"keyphrases":null,"primary_term":null,"canonical_url":null,"og_title":null,"og_description":null,"og_object_type":"default","og_image_type":"default","og_image_url":null,"og_image_width":null,"og_image_height":null,"og_image_custom_url":null,"og_image_custom_fields":null,"og_video":null,"og_custom_url":null,"og_article_section":null,"og_article_tags":null,"twitter_use_og":false,"twitter_card":"default","twitter_image_type":"default","twitter_image_url":null,"twitter_image_custom_url":null,"twitter_image_custom_fields":null,"twitter_title":null,"twitter_description":null,"schema":{"blockGraphs":[],"customGraphs":[],"default":{"data":{"Article":[],"Course":[],"Dataset":[],"FAQPage":[],"Movie":[],"Person":[],"Product":[],"ProductReview":[],"Car":[],"Recipe":[],"Service":[],"SoftwareApplication":[],"WebPage":[]},"graphName":"","isEnabled":true},"graphs":[],"defaultGraph":"","defaultPostTypeGraph":""},"schema_type":null,"schema_type_options":null,"pillar_content":false,"robots_default":true,"robots_noindex":false,"robots_noarchive":false,"robots_nosnippet":false,"robots_nofollow":false,"robots_noimageindex":false,"robots_noodp":false,"robots_notranslate":false,"robots_max_snippet":null,"robots_max_videopreview":null,"robots_max_imagepreview":"large","priority":null,"frequency":null,"local_seo":null,"seo_analyzer_scan_date":"2025-10-08 13:33:08","breadcrumb_settings":null,"limit_modified_date":false,"open_ai":null,"ai":null,"created":"2020-12-21 12:00:37","updated":"2025-10-08 13:33:08","focus_keyword":null,"additional_keywords":null,"truseo_locale":null},"aioseo_breadcrumb":"<div class=\"aioseo-breadcrumbs\"><span class=\"aioseo-breadcrumb\">\n\t<a href=\"https:\/\/www.eldigitaldeasturias.com\/noticias\" title=\"Home\">Home<\/a>\n<\/span><span class=\"aioseo-breadcrumb-separator\">\u2013<\/span><span class=\"aioseo-breadcrumb\">\n\t<a href=\"https:\/\/www.eldigitaldeasturias.com\/noticias\/category\/actualidad\/\" title=\"Actualidad\">Actualidad<\/a>\n<\/span><span class=\"aioseo-breadcrumb-separator\">\u2013<\/span><span class=\"aioseo-breadcrumb\">\n\t<a href=\"https:\/\/www.eldigitaldeasturias.com\/noticias\/panama-consultas-para-un-nuevo-orden-constitucional\/\" title=\"Panam\u00e1: \u00bfConsultas para un nuevo orden constitucional?\">Panam\u00e1: \u00bfConsultas para un nuevo orden constitucional?<\/a>\n<\/span><\/div>","aioseo_breadcrumb_json":[{"label":"Home","link":"https:\/\/www.eldigitaldeasturias.com\/noticias"},{"label":"Actualidad","link":"https:\/\/www.eldigitaldeasturias.com\/noticias\/category\/actualidad\/"},{"label":"Panam\u00e1: \u00bfConsultas para un nuevo orden constitucional?","link":"https:\/\/www.eldigitaldeasturias.com\/noticias\/panama-consultas-para-un-nuevo-orden-constitucional\/"}],"_links":{"self":[{"href":"https:\/\/www.eldigitaldeasturias.com\/noticias\/wp-json\/wp\/v2\/posts\/979205","targetHints":{"allow":["GET"]}}],"collection":[{"href":"https:\/\/www.eldigitaldeasturias.com\/noticias\/wp-json\/wp\/v2\/posts"}],"about":[{"href":"https:\/\/www.eldigitaldeasturias.com\/noticias\/wp-json\/wp\/v2\/types\/post"}],"author":[{"embeddable":true,"href":"https:\/\/www.eldigitaldeasturias.com\/noticias\/wp-json\/wp\/v2\/users\/1"}],"replies":[{"embeddable":true,"href":"https:\/\/www.eldigitaldeasturias.com\/noticias\/wp-json\/wp\/v2\/comments?post=979205"}],"version-history":[{"count":0,"href":"https:\/\/www.eldigitaldeasturias.com\/noticias\/wp-json\/wp\/v2\/posts\/979205\/revisions"}],"wp:attachment":[{"href":"https:\/\/www.eldigitaldeasturias.com\/noticias\/wp-json\/wp\/v2\/media?parent=979205"}],"wp:term":[{"taxonomy":"category","embeddable":true,"href":"https:\/\/www.eldigitaldeasturias.com\/noticias\/wp-json\/wp\/v2\/categories?post=979205"},{"taxonomy":"post_tag","embeddable":true,"href":"https:\/\/www.eldigitaldeasturias.com\/noticias\/wp-json\/wp\/v2\/tags?post=979205"}],"curies":[{"name":"wp","href":"https:\/\/api.w.org\/{rel}","templated":true}]}}