{"id":979199,"date":"2018-05-05T22:20:54","date_gmt":"2018-05-05T22:20:54","guid":{"rendered":"http:\/\/www.eldigitaldeasturias.com\/noticias\/?p=979199"},"modified":"2018-05-05T22:20:54","modified_gmt":"2018-05-05T22:20:54","slug":"francia-rehaza-los-comentarios-de-trump-sobre-los-atentados-de-paris","status":"publish","type":"post","link":"https:\/\/www.eldigitaldeasturias.com\/noticias\/francia-rehaza-los-comentarios-de-trump-sobre-los-atentados-de-paris\/","title":{"rendered":"Francia rehaza los comentarios de Trump sobre los atentados de Par\u00eds"},"content":{"rendered":"<p><img loading=\"lazy\" decoding=\"async\" class=\"alignleft size-medium wp-image-977530\" src=\"https:\/\/www.eldigitaldeasturias.com\/noticias\/wp-content\/uploads\/2018\/04\/Los-blancos-votaron-a-Trump-360x240.jpg\" alt=\"\" width=\"360\" height=\"240\" \/>Par\u00eds, 5 may (dpa) &#8211; Francia rechaz\u00f3 hoy las declaraciones del presidente estadounidense, Donald Trump, quien afirm\u00f3 que los atacantes de los atentados de Par\u00eds de noviembre de 2015 podr\u00edan haber sido detenidos antes con leyes m\u00e1s flexibles sobre el uso de armas.<\/p>\n<p>\u00abFrancia est\u00e1 orgullosa de ser un pa\u00eds seguro en el que la compra y posesi\u00f3n de armas de fuego est\u00e1n estrictamente reguladas\u00bb, inform\u00f3 hoy el Ministerio del Exterior franc\u00e9s y pidi\u00f3 m\u00e1s respeto por las v\u00edctimas. Adem\u00e1s, a\u00f1adi\u00f3 que la libre circulaci\u00f3n de armas no representa ninguna protecci\u00f3n ante los ataques terroristas. Por el contrario, puede incluso facilitar la planificaci\u00f3n de este tipo de atentados.<\/p>\n<p>Trump dijo el viernes durante la convenci\u00f3n de la Asociaci\u00f3n Nacional del Rifle (NRA, por su sigla en ingl\u00e9s), en Dallas, estado de Texas, que en los atentados de Par\u00eds se habr\u00edan registrado menos muertos si hubiera habido cerca personas armadas. Si alguien hubiera disparado a los terroristas, \u00abhubiera sido otra historia\u00bb, dijo Trump. De esta forma, en cambio, los atacantes tuvieron tiempo para matar a una persona tras otra.<\/p>\n<p>\u00ab\u00a1P\u00fam! Ven aqu\u00ed. \u00a1P\u00fam! Ven aqu\u00ed\u00bb, ejemplific\u00f3 el mandatario. Trump destac\u00f3 que Francia era uno de los pa\u00edses con leyes m\u00e1s estrictas de armas. \u00abNadie tiene armas en Par\u00eds. Nadie\u00bb, a\u00f1adi\u00f3 el mandatario, quien ya hab\u00eda hecho comentarios similares en 2015.<\/p>\n<p>Los ataques coordinados de extremistas del Estado Isl\u00e1mico (EI) del 13 de noviembre de 2015 en Par\u00eds dejaron 130 muertos. Los extremistas atacaron la sala de conciertos \u00abBataclan\u00bb, donde tocaba la banda \u00abEagles of Death Metal\u00bb, bares y restaurantes.<\/p>\n<p>Adem\u00e1s, atacantes suicidas se hicieron volar por los aires cerca del estadio Stade de France durante el partido amistoso que disputaban las selecciones de f\u00fatbol de Francia y Alemania.<\/p>\n","protected":false},"excerpt":{"rendered":"<p>Par\u00eds, 5 may (dpa) &#8211; Francia rechaz\u00f3 hoy las declaraciones del presidente estadounidense, Donald Trump, quien afirm\u00f3 que los atacantes de los atentados de Par\u00eds de noviembre de 2015 podr\u00edan haber sido detenidos antes con leyes m\u00e1s flexibles sobre el uso de armas. \u00abFrancia est\u00e1 orgullosa de ser un pa\u00eds seguro en el que la [&hellip;]<\/p>\n","protected":false},"author":1,"featured_media":977530,"comment_status":"closed","ping_status":"closed","sticky":false,"template":"","format":"standard","meta":{"footnotes":""},"categories":[1],"tags":[],"class_list":["post-979199","post","type-post","status-publish","format-standard","has-post-thumbnail","hentry","category-actualidad"],"aioseo_notices":[],"aioseo_head":"\n\t\t<!-- All in One SEO Pro 5.0.1 - aioseo.com -->\n\t<meta name=\"description\" content=\"Par\u00eds, 5 may (dpa) - Francia rechaz\u00f3 hoy las declaraciones del presidente estadounidense, Donald Trump, quien afirm\u00f3 que los atacantes de los atentados de Par\u00eds de noviembre de 2015 podr\u00edan haber sido detenidos antes con leyes m\u00e1s flexibles sobre el uso de armas. &quot;Francia est\u00e1 orgullosa de ser un pa\u00eds seguro en el que la\" \/>\n\t<meta name=\"robots\" content=\"max-image-preview:large\" \/>\n\t<meta name=\"author\" content=\"El Digital de Asturias\"\/>\n\t<meta name=\"google-site-verification\" content=\"UA-38556648-1\" \/>\n\t<meta name=\"msvalidate.01\" content=\"7dfe9f3f1b24437ab69f4f2559babe99\" \/>\n\t<meta name=\"keywords\" content=\"actualidad\" \/>\n\t<link rel=\"canonical\" href=\"https:\/\/www.eldigitaldeasturias.com\/noticias\/francia-rehaza-los-comentarios-de-trump-sobre-los-atentados-de-paris\/\" \/>\n\t<meta name=\"generator\" content=\"All in One SEO Pro (AIOSEO) 5.0.1\" \/>\n\t\t<meta property=\"og:locale\" content=\"es_ES\" \/>\n\t\t<meta property=\"og:site_name\" content=\"El Digital de Asturias\" \/>\n\t\t<meta property=\"og:type\" content=\"article\" \/>\n\t\t<meta property=\"og:title\" content=\"Francia rehaza los comentarios de Trump sobre los atentados de Par\u00eds - El Digital de Asturias\" \/>\n\t\t<meta property=\"og:description\" content=\"Par\u00eds, 5 may (dpa) - Francia rechaz\u00f3 hoy las declaraciones del presidente estadounidense, Donald Trump, quien afirm\u00f3 que los atacantes de los atentados de Par\u00eds de noviembre de 2015 podr\u00edan haber sido detenidos antes con leyes m\u00e1s flexibles sobre el uso de armas. &quot;Francia est\u00e1 orgullosa de ser un pa\u00eds seguro en el que la\" \/>\n\t\t<meta property=\"og:url\" content=\"https:\/\/www.eldigitaldeasturias.com\/noticias\/francia-rehaza-los-comentarios-de-trump-sobre-los-atentados-de-paris\/\" \/>\n\t\t<meta property=\"article:tag\" content=\"actualidad\" \/>\n\t\t<meta property=\"article:published_time\" content=\"2018-05-05T22:20:54+00:00\" \/>\n\t\t<meta property=\"article:modified_time\" content=\"2018-05-05T22:20:54+00:00\" \/>\n\t\t<meta property=\"article:publisher\" content=\"https:\/\/facebook.com\/eldigitaldeasturias\" \/>\n\t\t<meta name=\"twitter:card\" content=\"summary_large_image\" \/>\n\t\t<meta name=\"twitter:title\" content=\"Francia rehaza los comentarios de Trump sobre los atentados de Par\u00eds - El Digital de Asturias\" \/>\n\t\t<meta name=\"twitter:description\" content=\"Par\u00eds, 5 may (dpa) - Francia rechaz\u00f3 hoy las declaraciones del presidente estadounidense, Donald Trump, quien afirm\u00f3 que los atacantes de los atentados de Par\u00eds de noviembre de 2015 podr\u00edan haber sido detenidos antes con leyes m\u00e1s flexibles sobre el uso de armas. &quot;Francia est\u00e1 orgullosa de ser un pa\u00eds seguro en el que la\" \/>\n\t\t<meta name=\"twitter:image\" content=\"https:\/\/www.eldigitaldeasturias.com\/noticias\/wp-content\/uploads\/2020\/12\/EDA-1.jpg\" \/>\n\t\t<meta name=\"twitter:label1\" content=\"Escrito por\" \/>\n\t\t<meta name=\"twitter:data1\" content=\"El Digital de Asturias\" \/>\n\t\t<meta name=\"twitter:label2\" content=\"Tiempo de lectura estimado\" \/>\n\t\t<meta name=\"twitter:data2\" content=\"2 minutos\" \/>\n\t\t<script type=\"application\/ld+json\" class=\"aioseo-schema\">\n\t\t\t{\"@context\":\"https:\\\/\\\/schema.org\",\"@graph\":[{\"@type\":\"BlogPosting\",\"@id\":\"https:\\\/\\\/www.eldigitaldeasturias.com\\\/noticias\\\/francia-rehaza-los-comentarios-de-trump-sobre-los-atentados-de-paris\\\/#blogposting\",\"name\":\"Francia rehaza los comentarios de Trump sobre los atentados de Par\\u00eds - El Digital de Asturias\",\"headline\":\"Francia rehaza los comentarios de Trump sobre los atentados de Par\\u00eds\",\"author\":{\"@id\":\"https:\\\/\\\/www.eldigitaldeasturias.com\\\/noticias\\\/author\\\/admin\\\/#author\"},\"publisher\":{\"@id\":\"https:\\\/\\\/www.eldigitaldeasturias.com\\\/noticias\\\/#organization\"},\"image\":{\"@type\":\"ImageObject\",\"url\":977530},\"datePublished\":\"2018-05-05T22:20:54+02:00\",\"dateModified\":\"2018-05-05T22:20:54+02:00\",\"inLanguage\":\"es-ES\",\"mainEntityOfPage\":{\"@id\":\"https:\\\/\\\/www.eldigitaldeasturias.com\\\/noticias\\\/francia-rehaza-los-comentarios-de-trump-sobre-los-atentados-de-paris\\\/#webpage\"},\"isPartOf\":{\"@id\":\"https:\\\/\\\/www.eldigitaldeasturias.com\\\/noticias\\\/francia-rehaza-los-comentarios-de-trump-sobre-los-atentados-de-paris\\\/#webpage\"},\"articleSection\":\"Actualidad\"},{\"@type\":\"BreadcrumbList\",\"@id\":\"https:\\\/\\\/www.eldigitaldeasturias.com\\\/noticias\\\/francia-rehaza-los-comentarios-de-trump-sobre-los-atentados-de-paris\\\/#breadcrumblist\",\"itemListElement\":[{\"@type\":\"ListItem\",\"@id\":\"https:\\\/\\\/www.eldigitaldeasturias.com\\\/noticias#listItem\",\"position\":1,\"name\":\"Home\",\"item\":\"https:\\\/\\\/www.eldigitaldeasturias.com\\\/noticias\",\"nextItem\":{\"@type\":\"ListItem\",\"@id\":\"https:\\\/\\\/www.eldigitaldeasturias.com\\\/noticias\\\/category\\\/actualidad\\\/#listItem\",\"name\":\"Actualidad\"}},{\"@type\":\"ListItem\",\"@id\":\"https:\\\/\\\/www.eldigitaldeasturias.com\\\/noticias\\\/category\\\/actualidad\\\/#listItem\",\"position\":2,\"name\":\"Actualidad\",\"item\":\"https:\\\/\\\/www.eldigitaldeasturias.com\\\/noticias\\\/category\\\/actualidad\\\/\",\"nextItem\":{\"@type\":\"ListItem\",\"@id\":\"https:\\\/\\\/www.eldigitaldeasturias.com\\\/noticias\\\/francia-rehaza-los-comentarios-de-trump-sobre-los-atentados-de-paris\\\/#listItem\",\"name\":\"Francia rehaza los comentarios de Trump sobre los atentados de Par\\u00eds\"},\"previousItem\":{\"@type\":\"ListItem\",\"@id\":\"https:\\\/\\\/www.eldigitaldeasturias.com\\\/noticias#listItem\",\"name\":\"Home\"}},{\"@type\":\"ListItem\",\"@id\":\"https:\\\/\\\/www.eldigitaldeasturias.com\\\/noticias\\\/francia-rehaza-los-comentarios-de-trump-sobre-los-atentados-de-paris\\\/#listItem\",\"position\":3,\"name\":\"Francia rehaza los comentarios de Trump sobre los atentados de Par\\u00eds\",\"previousItem\":{\"@type\":\"ListItem\",\"@id\":\"https:\\\/\\\/www.eldigitaldeasturias.com\\\/noticias\\\/category\\\/actualidad\\\/#listItem\",\"name\":\"Actualidad\"}}]},{\"@type\":\"Organization\",\"@id\":\"https:\\\/\\\/www.eldigitaldeasturias.com\\\/noticias\\\/#organization\",\"name\":\"El Digital de Asturias\",\"description\":\"Hemeroteca\",\"url\":\"https:\\\/\\\/www.eldigitaldeasturias.com\\\/noticias\\\/\",\"email\":\"info@eldigitaldeasturias.com\",\"telephone\":\"+34652131393\",\"logo\":{\"@type\":\"ImageObject\",\"url\":\"https:\\\/\\\/www.eldigitaldeasturias.com\\\/noticias\\\/wp-content\\\/uploads\\\/2020\\\/12\\\/EDA.jpg\",\"@id\":\"https:\\\/\\\/www.eldigitaldeasturias.com\\\/noticias\\\/francia-rehaza-los-comentarios-de-trump-sobre-los-atentados-de-paris\\\/#organizationLogo\"},\"image\":{\"@id\":\"https:\\\/\\\/www.eldigitaldeasturias.com\\\/noticias\\\/francia-rehaza-los-comentarios-de-trump-sobre-los-atentados-de-paris\\\/#organizationLogo\"},\"sameAs\":[\"https:\\\/\\\/facebook.com\\\/eldigitaldeasturias\",\"https:\\\/\\\/www.youtube.com\\\/channel\\\/UCZP-2wLEB9Rv6erhFmqVnvg\"],\"address\":{\"@id\":\"https:\\\/\\\/www.eldigitaldeasturias.com\\\/noticias\\\/#postaladdress\",\"@type\":\"PostalAddress\",\"streetAddress\":\"san antonio 4\",\"postalCode\":\"33430\",\"addressLocality\":\"Cand\\u00e1s\",\"addressRegion\":\"Asturias\",\"addressCountry\":\"ES\"}},{\"@type\":\"Person\",\"@id\":\"https:\\\/\\\/www.eldigitaldeasturias.com\\\/noticias\\\/author\\\/admin\\\/#author\",\"url\":\"https:\\\/\\\/www.eldigitaldeasturias.com\\\/noticias\\\/author\\\/admin\\\/\",\"name\":\"El Digital de Asturias\",\"image\":{\"@type\":\"ImageObject\",\"@id\":\"https:\\\/\\\/www.eldigitaldeasturias.com\\\/noticias\\\/francia-rehaza-los-comentarios-de-trump-sobre-los-atentados-de-paris\\\/#authorImage\",\"url\":\"https:\\\/\\\/secure.gravatar.com\\\/avatar\\\/df2aeffc32bcd13f8d26072ef8a91b623d677766deac7f97ca815868cd41bf5e?s=96&d=mm&r=g\",\"width\":96,\"height\":96,\"caption\":\"El Digital de Asturias\"}},{\"@type\":\"WebPage\",\"@id\":\"https:\\\/\\\/www.eldigitaldeasturias.com\\\/noticias\\\/francia-rehaza-los-comentarios-de-trump-sobre-los-atentados-de-paris\\\/#webpage\",\"url\":\"https:\\\/\\\/www.eldigitaldeasturias.com\\\/noticias\\\/francia-rehaza-los-comentarios-de-trump-sobre-los-atentados-de-paris\\\/\",\"name\":\"Francia rehaza los comentarios de Trump sobre los atentados de Par\\u00eds - El Digital de Asturias\",\"description\":\"Par\\u00eds, 5 may (dpa) - Francia rechaz\\u00f3 hoy las declaraciones del presidente estadounidense, Donald Trump, quien afirm\\u00f3 que los atacantes de los atentados de Par\\u00eds de noviembre de 2015 podr\\u00edan haber sido detenidos antes con leyes m\\u00e1s flexibles sobre el uso de armas. \\\"Francia est\\u00e1 orgullosa de ser un pa\\u00eds seguro en el que la\",\"inLanguage\":\"es-ES\",\"isPartOf\":{\"@id\":\"https:\\\/\\\/www.eldigitaldeasturias.com\\\/noticias\\\/#website\"},\"breadcrumb\":{\"@id\":\"https:\\\/\\\/www.eldigitaldeasturias.com\\\/noticias\\\/francia-rehaza-los-comentarios-de-trump-sobre-los-atentados-de-paris\\\/#breadcrumblist\"},\"author\":{\"@id\":\"https:\\\/\\\/www.eldigitaldeasturias.com\\\/noticias\\\/author\\\/admin\\\/#author\"},\"creator\":{\"@id\":\"https:\\\/\\\/www.eldigitaldeasturias.com\\\/noticias\\\/author\\\/admin\\\/#author\"},\"image\":{\"@type\":\"ImageObject\",\"url\":977530,\"@id\":\"https:\\\/\\\/www.eldigitaldeasturias.com\\\/noticias\\\/francia-rehaza-los-comentarios-de-trump-sobre-los-atentados-de-paris\\\/#mainImage\"},\"primaryImageOfPage\":{\"@id\":\"https:\\\/\\\/www.eldigitaldeasturias.com\\\/noticias\\\/francia-rehaza-los-comentarios-de-trump-sobre-los-atentados-de-paris\\\/#mainImage\"},\"datePublished\":\"2018-05-05T22:20:54+02:00\",\"dateModified\":\"2018-05-05T22:20:54+02:00\"},{\"@type\":\"WebSite\",\"@id\":\"https:\\\/\\\/www.eldigitaldeasturias.com\\\/noticias\\\/#website\",\"url\":\"https:\\\/\\\/www.eldigitaldeasturias.com\\\/noticias\\\/\",\"name\":\"El Digital de Asturias - Diario de actualidad y noticias\",\"alternateName\":\"El Digital de Asturias - Diario de actualidad y noticias\",\"description\":\"Hemeroteca\",\"inLanguage\":\"es-ES\",\"publisher\":{\"@id\":\"https:\\\/\\\/www.eldigitaldeasturias.com\\\/noticias\\\/#organization\"}}]}\n\t\t<\/script>\n\t\t<!-- All in One SEO Pro -->\r\n\t\t<title>Francia rehaza los comentarios de Trump sobre los atentados de Par\u00eds - El Digital de Asturias<\/title>\n\n","aioseo_head_json":{"title":"Francia rehaza los comentarios de Trump sobre los atentados de Par\u00eds - El Digital de Asturias","description":"Par\u00eds, 5 may (dpa) - Francia rechaz\u00f3 hoy las declaraciones del presidente estadounidense, Donald Trump, quien afirm\u00f3 que los atacantes de los atentados de Par\u00eds de noviembre de 2015 podr\u00edan haber sido detenidos antes con leyes m\u00e1s flexibles sobre el uso de armas. \"Francia est\u00e1 orgullosa de ser un pa\u00eds seguro en el que la","canonical_url":"https:\/\/www.eldigitaldeasturias.com\/noticias\/francia-rehaza-los-comentarios-de-trump-sobre-los-atentados-de-paris\/","robots":"max-image-preview:large","keywords":"actualidad","webmasterTools":{"google-site-verification":"UA-38556648-1","msvalidate.01":"7dfe9f3f1b24437ab69f4f2559babe99","miscellaneous":""},"schema":{"@context":"https:\/\/schema.org","@graph":[{"@type":"BlogPosting","@id":"https:\/\/www.eldigitaldeasturias.com\/noticias\/francia-rehaza-los-comentarios-de-trump-sobre-los-atentados-de-paris\/#blogposting","name":"Francia rehaza los comentarios de Trump sobre los atentados de Par\u00eds - El Digital de Asturias","headline":"Francia rehaza los comentarios de Trump sobre los atentados de Par\u00eds","author":{"@id":"https:\/\/www.eldigitaldeasturias.com\/noticias\/author\/admin\/#author"},"publisher":{"@id":"https:\/\/www.eldigitaldeasturias.com\/noticias\/#organization"},"image":{"@type":"ImageObject","url":977530},"datePublished":"2018-05-05T22:20:54+02:00","dateModified":"2018-05-05T22:20:54+02:00","inLanguage":"es-ES","mainEntityOfPage":{"@id":"https:\/\/www.eldigitaldeasturias.com\/noticias\/francia-rehaza-los-comentarios-de-trump-sobre-los-atentados-de-paris\/#webpage"},"isPartOf":{"@id":"https:\/\/www.eldigitaldeasturias.com\/noticias\/francia-rehaza-los-comentarios-de-trump-sobre-los-atentados-de-paris\/#webpage"},"articleSection":"Actualidad"},{"@type":"BreadcrumbList","@id":"https:\/\/www.eldigitaldeasturias.com\/noticias\/francia-rehaza-los-comentarios-de-trump-sobre-los-atentados-de-paris\/#breadcrumblist","itemListElement":[{"@type":"ListItem","@id":"https:\/\/www.eldigitaldeasturias.com\/noticias#listItem","position":1,"name":"Home","item":"https:\/\/www.eldigitaldeasturias.com\/noticias","nextItem":{"@type":"ListItem","@id":"https:\/\/www.eldigitaldeasturias.com\/noticias\/category\/actualidad\/#listItem","name":"Actualidad"}},{"@type":"ListItem","@id":"https:\/\/www.eldigitaldeasturias.com\/noticias\/category\/actualidad\/#listItem","position":2,"name":"Actualidad","item":"https:\/\/www.eldigitaldeasturias.com\/noticias\/category\/actualidad\/","nextItem":{"@type":"ListItem","@id":"https:\/\/www.eldigitaldeasturias.com\/noticias\/francia-rehaza-los-comentarios-de-trump-sobre-los-atentados-de-paris\/#listItem","name":"Francia rehaza los comentarios de Trump sobre los atentados de Par\u00eds"},"previousItem":{"@type":"ListItem","@id":"https:\/\/www.eldigitaldeasturias.com\/noticias#listItem","name":"Home"}},{"@type":"ListItem","@id":"https:\/\/www.eldigitaldeasturias.com\/noticias\/francia-rehaza-los-comentarios-de-trump-sobre-los-atentados-de-paris\/#listItem","position":3,"name":"Francia rehaza los comentarios de Trump sobre los atentados de Par\u00eds","previousItem":{"@type":"ListItem","@id":"https:\/\/www.eldigitaldeasturias.com\/noticias\/category\/actualidad\/#listItem","name":"Actualidad"}}]},{"@type":"Organization","@id":"https:\/\/www.eldigitaldeasturias.com\/noticias\/#organization","name":"El Digital de Asturias","description":"Hemeroteca","url":"https:\/\/www.eldigitaldeasturias.com\/noticias\/","email":"info@eldigitaldeasturias.com","telephone":"+34652131393","logo":{"@type":"ImageObject","url":"https:\/\/www.eldigitaldeasturias.com\/noticias\/wp-content\/uploads\/2020\/12\/EDA.jpg","@id":"https:\/\/www.eldigitaldeasturias.com\/noticias\/francia-rehaza-los-comentarios-de-trump-sobre-los-atentados-de-paris\/#organizationLogo"},"image":{"@id":"https:\/\/www.eldigitaldeasturias.com\/noticias\/francia-rehaza-los-comentarios-de-trump-sobre-los-atentados-de-paris\/#organizationLogo"},"sameAs":["https:\/\/facebook.com\/eldigitaldeasturias","https:\/\/www.youtube.com\/channel\/UCZP-2wLEB9Rv6erhFmqVnvg"],"address":{"@id":"https:\/\/www.eldigitaldeasturias.com\/noticias\/#postaladdress","@type":"PostalAddress","streetAddress":"san antonio 4","postalCode":"33430","addressLocality":"Cand\u00e1s","addressRegion":"Asturias","addressCountry":"ES"}},{"@type":"Person","@id":"https:\/\/www.eldigitaldeasturias.com\/noticias\/author\/admin\/#author","url":"https:\/\/www.eldigitaldeasturias.com\/noticias\/author\/admin\/","name":"El Digital de Asturias","image":{"@type":"ImageObject","@id":"https:\/\/www.eldigitaldeasturias.com\/noticias\/francia-rehaza-los-comentarios-de-trump-sobre-los-atentados-de-paris\/#authorImage","url":"https:\/\/secure.gravatar.com\/avatar\/df2aeffc32bcd13f8d26072ef8a91b623d677766deac7f97ca815868cd41bf5e?s=96&d=mm&r=g","width":96,"height":96,"caption":"El Digital de Asturias"}},{"@type":"WebPage","@id":"https:\/\/www.eldigitaldeasturias.com\/noticias\/francia-rehaza-los-comentarios-de-trump-sobre-los-atentados-de-paris\/#webpage","url":"https:\/\/www.eldigitaldeasturias.com\/noticias\/francia-rehaza-los-comentarios-de-trump-sobre-los-atentados-de-paris\/","name":"Francia rehaza los comentarios de Trump sobre los atentados de Par\u00eds - El Digital de Asturias","description":"Par\u00eds, 5 may (dpa) - Francia rechaz\u00f3 hoy las declaraciones del presidente estadounidense, Donald Trump, quien afirm\u00f3 que los atacantes de los atentados de Par\u00eds de noviembre de 2015 podr\u00edan haber sido detenidos antes con leyes m\u00e1s flexibles sobre el uso de armas. \"Francia est\u00e1 orgullosa de ser un pa\u00eds seguro en el que la","inLanguage":"es-ES","isPartOf":{"@id":"https:\/\/www.eldigitaldeasturias.com\/noticias\/#website"},"breadcrumb":{"@id":"https:\/\/www.eldigitaldeasturias.com\/noticias\/francia-rehaza-los-comentarios-de-trump-sobre-los-atentados-de-paris\/#breadcrumblist"},"author":{"@id":"https:\/\/www.eldigitaldeasturias.com\/noticias\/author\/admin\/#author"},"creator":{"@id":"https:\/\/www.eldigitaldeasturias.com\/noticias\/author\/admin\/#author"},"image":{"@type":"ImageObject","url":977530,"@id":"https:\/\/www.eldigitaldeasturias.com\/noticias\/francia-rehaza-los-comentarios-de-trump-sobre-los-atentados-de-paris\/#mainImage"},"primaryImageOfPage":{"@id":"https:\/\/www.eldigitaldeasturias.com\/noticias\/francia-rehaza-los-comentarios-de-trump-sobre-los-atentados-de-paris\/#mainImage"},"datePublished":"2018-05-05T22:20:54+02:00","dateModified":"2018-05-05T22:20:54+02:00"},{"@type":"WebSite","@id":"https:\/\/www.eldigitaldeasturias.com\/noticias\/#website","url":"https:\/\/www.eldigitaldeasturias.com\/noticias\/","name":"El Digital de Asturias - Diario de actualidad y noticias","alternateName":"El Digital de Asturias - Diario de actualidad y noticias","description":"Hemeroteca","inLanguage":"es-ES","publisher":{"@id":"https:\/\/www.eldigitaldeasturias.com\/noticias\/#organization"}}]},"og:locale":"es_ES","og:site_name":"El Digital de Asturias","og:type":"article","og:title":"Francia rehaza los comentarios de Trump sobre los atentados de Par\u00eds - El Digital de Asturias","og:description":"Par\u00eds, 5 may (dpa) - Francia rechaz\u00f3 hoy las declaraciones del presidente estadounidense, Donald Trump, quien afirm\u00f3 que los atacantes de los atentados de Par\u00eds de noviembre de 2015 podr\u00edan haber sido detenidos antes con leyes m\u00e1s flexibles sobre el uso de armas. &quot;Francia est\u00e1 orgullosa de ser un pa\u00eds seguro en el que la","og:url":"https:\/\/www.eldigitaldeasturias.com\/noticias\/francia-rehaza-los-comentarios-de-trump-sobre-los-atentados-de-paris\/","article:tag":["actualidad"],"article:published_time":"2018-05-05T22:20:54+00:00","article:modified_time":"2018-05-05T22:20:54+00:00","article:publisher":"https:\/\/facebook.com\/eldigitaldeasturias","twitter:card":"summary_large_image","twitter:title":"Francia rehaza los comentarios de Trump sobre los atentados de Par\u00eds - El Digital de Asturias","twitter:description":"Par\u00eds, 5 may (dpa) - Francia rechaz\u00f3 hoy las declaraciones del presidente estadounidense, Donald Trump, quien afirm\u00f3 que los atacantes de los atentados de Par\u00eds de noviembre de 2015 podr\u00edan haber sido detenidos antes con leyes m\u00e1s flexibles sobre el uso de armas. &quot;Francia est\u00e1 orgullosa de ser un pa\u00eds seguro en el que la","twitter:image":"https:\/\/www.eldigitaldeasturias.com\/noticias\/wp-content\/uploads\/2020\/12\/EDA-1.jpg","twitter:label1":"Escrito por","twitter:data1":"El Digital de Asturias","twitter:label2":"Tiempo de lectura estimado","twitter:data2":"2 minutos"},"aioseo_meta_data":{"post_id":"979199","title":null,"description":null,"keywords":null,"keyphrases":null,"primary_term":null,"canonical_url":null,"og_title":null,"og_description":null,"og_object_type":"default","og_image_type":"default","og_image_url":null,"og_image_width":null,"og_image_height":null,"og_image_custom_url":null,"og_image_custom_fields":null,"og_video":null,"og_custom_url":null,"og_article_section":null,"og_article_tags":null,"twitter_use_og":false,"twitter_card":"default","twitter_image_type":"default","twitter_image_url":null,"twitter_image_custom_url":null,"twitter_image_custom_fields":null,"twitter_title":null,"twitter_description":null,"schema":{"blockGraphs":[],"customGraphs":[],"default":{"data":{"Article":[],"Course":[],"Dataset":[],"FAQPage":[],"Movie":[],"Person":[],"Product":[],"ProductReview":[],"Car":[],"Recipe":[],"Service":[],"SoftwareApplication":[],"WebPage":[]},"graphName":"","isEnabled":true},"graphs":[],"defaultGraph":"","defaultPostTypeGraph":""},"schema_type":null,"schema_type_options":null,"pillar_content":false,"robots_default":true,"robots_noindex":false,"robots_noarchive":false,"robots_nosnippet":false,"robots_nofollow":false,"robots_noimageindex":false,"robots_noodp":false,"robots_notranslate":false,"robots_max_snippet":null,"robots_max_videopreview":null,"robots_max_imagepreview":"large","priority":null,"frequency":null,"local_seo":null,"seo_analyzer_scan_date":"2025-10-08 13:31:07","breadcrumb_settings":null,"limit_modified_date":false,"open_ai":null,"ai":null,"created":"2020-12-21 12:00:37","updated":"2025-10-08 13:31:07","focus_keyword":null,"additional_keywords":null,"truseo_locale":null},"aioseo_breadcrumb":"<div class=\"aioseo-breadcrumbs\"><span class=\"aioseo-breadcrumb\">\n\t<a href=\"https:\/\/www.eldigitaldeasturias.com\/noticias\" title=\"Home\">Home<\/a>\n<\/span><span class=\"aioseo-breadcrumb-separator\">\u2013<\/span><span class=\"aioseo-breadcrumb\">\n\t<a href=\"https:\/\/www.eldigitaldeasturias.com\/noticias\/category\/actualidad\/\" title=\"Actualidad\">Actualidad<\/a>\n<\/span><span class=\"aioseo-breadcrumb-separator\">\u2013<\/span><span class=\"aioseo-breadcrumb\">\n\t<a href=\"https:\/\/www.eldigitaldeasturias.com\/noticias\/francia-rehaza-los-comentarios-de-trump-sobre-los-atentados-de-paris\/\" title=\"Francia rehaza los comentarios de Trump sobre los atentados de Par\u00eds\">Francia rehaza los comentarios de Trump sobre los atentados de Par\u00eds<\/a>\n<\/span><\/div>","aioseo_breadcrumb_json":[{"label":"Home","link":"https:\/\/www.eldigitaldeasturias.com\/noticias"},{"label":"Actualidad","link":"https:\/\/www.eldigitaldeasturias.com\/noticias\/category\/actualidad\/"},{"label":"Francia rehaza los comentarios de Trump sobre los atentados de Par\u00eds","link":"https:\/\/www.eldigitaldeasturias.com\/noticias\/francia-rehaza-los-comentarios-de-trump-sobre-los-atentados-de-paris\/"}],"_links":{"self":[{"href":"https:\/\/www.eldigitaldeasturias.com\/noticias\/wp-json\/wp\/v2\/posts\/979199","targetHints":{"allow":["GET"]}}],"collection":[{"href":"https:\/\/www.eldigitaldeasturias.com\/noticias\/wp-json\/wp\/v2\/posts"}],"about":[{"href":"https:\/\/www.eldigitaldeasturias.com\/noticias\/wp-json\/wp\/v2\/types\/post"}],"author":[{"embeddable":true,"href":"https:\/\/www.eldigitaldeasturias.com\/noticias\/wp-json\/wp\/v2\/users\/1"}],"replies":[{"embeddable":true,"href":"https:\/\/www.eldigitaldeasturias.com\/noticias\/wp-json\/wp\/v2\/comments?post=979199"}],"version-history":[{"count":0,"href":"https:\/\/www.eldigitaldeasturias.com\/noticias\/wp-json\/wp\/v2\/posts\/979199\/revisions"}],"wp:attachment":[{"href":"https:\/\/www.eldigitaldeasturias.com\/noticias\/wp-json\/wp\/v2\/media?parent=979199"}],"wp:term":[{"taxonomy":"category","embeddable":true,"href":"https:\/\/www.eldigitaldeasturias.com\/noticias\/wp-json\/wp\/v2\/categories?post=979199"},{"taxonomy":"post_tag","embeddable":true,"href":"https:\/\/www.eldigitaldeasturias.com\/noticias\/wp-json\/wp\/v2\/tags?post=979199"}],"curies":[{"name":"wp","href":"https:\/\/api.w.org\/{rel}","templated":true}]}}