{"id":979196,"date":"2018-05-05T22:19:10","date_gmt":"2018-05-05T22:19:10","guid":{"rendered":"http:\/\/www.eldigitaldeasturias.com\/noticias\/?p=979196"},"modified":"2018-05-05T22:19:10","modified_gmt":"2018-05-05T22:19:10","slug":"cuelgan-una-bandera-anticomunista-al-lado-del-cristo-redentor","status":"publish","type":"post","link":"https:\/\/www.eldigitaldeasturias.com\/noticias\/cuelgan-una-bandera-anticomunista-al-lado-del-cristo-redentor\/","title":{"rendered":"Cuelgan una bandera anticomunista al lado del Cristo Redentor"},"content":{"rendered":"<p><img loading=\"lazy\" decoding=\"async\" class=\"alignleft size-medium wp-image-979197\" src=\"https:\/\/www.eldigitaldeasturias.com\/noticias\/wp-content\/uploads\/2018\/05\/christ-the-redeemer-2663841_960_720-360x270.jpg\" alt=\"\" width=\"360\" height=\"270\" \/>R\u00edo de Janeiro, 5 may (dpa) &#8211; Una bandera con leyendas anticomunistas fue colocada hoy en una de las laderas del morro de Corcovado, en R\u00edo de Janeiro, muy cerca de donde se ubica el famoso monumento del Cristo Redentor.<\/p>\n<p>La bandera exhibe el s\u00edmbolo comunista de la hoz y el martillo con el texto \u00abBrasil jam\u00e1s ser\u00e1 rojo. Fuera el comunismo\u00bb. Adem\u00e1s, en su parte inferior, se leen los nombres de los ex presidentes Luiz In\u00e1cio Lula da Silva, Dilma Rousseff (ambos de izquierda) y Fernando Henrique Cardoso (de centroderecha).<\/p>\n<p>Seg\u00fan public\u00f3 el diario \u00abO Globo\u00bb, la oficina de prensa del Santuario del Cristo Redentor, considerado Patrimonio de la Humanidad por la UNESCO, avis\u00f3 que la bandera ser\u00e1 retirada hoy. Se presume que fue colocada durante la madrugada, probablemente por alg\u00fan escalador.<\/p>\n<p>La manifestaci\u00f3n anticomunista en uno de los lugares m\u00e1s tur\u00edsticos del mundo ocurre en el d\u00eda en que se cumplen 200 a\u00f1os del natalicio de Karl Marx, considerado el gran te\u00f3rico comunista.<\/p>\n","protected":false},"excerpt":{"rendered":"<p>R\u00edo de Janeiro, 5 may (dpa) &#8211; Una bandera con leyendas anticomunistas fue colocada hoy en una de las laderas del morro de Corcovado, en R\u00edo de Janeiro, muy cerca de donde se ubica el famoso monumento del Cristo Redentor. La bandera exhibe el s\u00edmbolo comunista de la hoz y el martillo con el texto [&hellip;]<\/p>\n","protected":false},"author":1,"featured_media":979197,"comment_status":"closed","ping_status":"closed","sticky":false,"template":"","format":"standard","meta":{"footnotes":""},"categories":[1],"tags":[],"class_list":["post-979196","post","type-post","status-publish","format-standard","has-post-thumbnail","hentry","category-actualidad"],"aioseo_notices":[],"aioseo_head":"\n\t\t<!-- All in One SEO Pro 5.0.1 - aioseo.com -->\n\t<meta name=\"description\" content=\"R\u00edo de Janeiro, 5 may (dpa) - Una bandera con leyendas anticomunistas fue colocada hoy en una de las laderas del morro de Corcovado, en R\u00edo de Janeiro, muy cerca de donde se ubica el famoso monumento del Cristo Redentor. La bandera exhibe el s\u00edmbolo comunista de la hoz y el martillo con el texto\" \/>\n\t<meta name=\"robots\" content=\"max-image-preview:large\" \/>\n\t<meta name=\"author\" content=\"El Digital de Asturias\"\/>\n\t<meta name=\"google-site-verification\" content=\"UA-38556648-1\" \/>\n\t<meta name=\"msvalidate.01\" content=\"7dfe9f3f1b24437ab69f4f2559babe99\" \/>\n\t<meta name=\"keywords\" content=\"actualidad\" \/>\n\t<link rel=\"canonical\" href=\"https:\/\/www.eldigitaldeasturias.com\/noticias\/cuelgan-una-bandera-anticomunista-al-lado-del-cristo-redentor\/\" \/>\n\t<meta name=\"generator\" content=\"All in One SEO Pro (AIOSEO) 5.0.1\" \/>\n\t\t<meta property=\"og:locale\" content=\"es_ES\" \/>\n\t\t<meta property=\"og:site_name\" content=\"El Digital de Asturias\" \/>\n\t\t<meta property=\"og:type\" content=\"article\" \/>\n\t\t<meta property=\"og:title\" content=\"Cuelgan una bandera anticomunista al lado del Cristo Redentor - El Digital de Asturias\" \/>\n\t\t<meta property=\"og:description\" content=\"R\u00edo de Janeiro, 5 may (dpa) - Una bandera con leyendas anticomunistas fue colocada hoy en una de las laderas del morro de Corcovado, en R\u00edo de Janeiro, muy cerca de donde se ubica el famoso monumento del Cristo Redentor. La bandera exhibe el s\u00edmbolo comunista de la hoz y el martillo con el texto\" \/>\n\t\t<meta property=\"og:url\" content=\"https:\/\/www.eldigitaldeasturias.com\/noticias\/cuelgan-una-bandera-anticomunista-al-lado-del-cristo-redentor\/\" \/>\n\t\t<meta property=\"article:tag\" content=\"actualidad\" \/>\n\t\t<meta property=\"article:published_time\" content=\"2018-05-05T22:19:10+00:00\" \/>\n\t\t<meta property=\"article:modified_time\" content=\"2018-05-05T22:19:10+00:00\" \/>\n\t\t<meta property=\"article:publisher\" content=\"https:\/\/facebook.com\/eldigitaldeasturias\" \/>\n\t\t<meta name=\"twitter:card\" content=\"summary_large_image\" \/>\n\t\t<meta name=\"twitter:title\" content=\"Cuelgan una bandera anticomunista al lado del Cristo Redentor - El Digital de Asturias\" \/>\n\t\t<meta name=\"twitter:description\" content=\"R\u00edo de Janeiro, 5 may (dpa) - Una bandera con leyendas anticomunistas fue colocada hoy en una de las laderas del morro de Corcovado, en R\u00edo de Janeiro, muy cerca de donde se ubica el famoso monumento del Cristo Redentor. La bandera exhibe el s\u00edmbolo comunista de la hoz y el martillo con el texto\" \/>\n\t\t<meta name=\"twitter:image\" content=\"https:\/\/www.eldigitaldeasturias.com\/noticias\/wp-content\/uploads\/2020\/12\/EDA-1.jpg\" \/>\n\t\t<meta name=\"twitter:label1\" content=\"Escrito por\" \/>\n\t\t<meta name=\"twitter:data1\" content=\"El Digital de Asturias\" \/>\n\t\t<meta name=\"twitter:label2\" content=\"Tiempo de lectura estimado\" \/>\n\t\t<meta name=\"twitter:data2\" content=\"1 minuto\" \/>\n\t\t<script type=\"application\/ld+json\" class=\"aioseo-schema\">\n\t\t\t{\"@context\":\"https:\\\/\\\/schema.org\",\"@graph\":[{\"@type\":\"BlogPosting\",\"@id\":\"https:\\\/\\\/www.eldigitaldeasturias.com\\\/noticias\\\/cuelgan-una-bandera-anticomunista-al-lado-del-cristo-redentor\\\/#blogposting\",\"name\":\"Cuelgan una bandera anticomunista al lado del Cristo Redentor - El Digital de Asturias\",\"headline\":\"Cuelgan una bandera anticomunista al lado del Cristo Redentor\",\"author\":{\"@id\":\"https:\\\/\\\/www.eldigitaldeasturias.com\\\/noticias\\\/author\\\/admin\\\/#author\"},\"publisher\":{\"@id\":\"https:\\\/\\\/www.eldigitaldeasturias.com\\\/noticias\\\/#organization\"},\"image\":{\"@type\":\"ImageObject\",\"url\":979197},\"datePublished\":\"2018-05-05T22:19:10+02:00\",\"dateModified\":\"2018-05-05T22:19:10+02:00\",\"inLanguage\":\"es-ES\",\"mainEntityOfPage\":{\"@id\":\"https:\\\/\\\/www.eldigitaldeasturias.com\\\/noticias\\\/cuelgan-una-bandera-anticomunista-al-lado-del-cristo-redentor\\\/#webpage\"},\"isPartOf\":{\"@id\":\"https:\\\/\\\/www.eldigitaldeasturias.com\\\/noticias\\\/cuelgan-una-bandera-anticomunista-al-lado-del-cristo-redentor\\\/#webpage\"},\"articleSection\":\"Actualidad\"},{\"@type\":\"BreadcrumbList\",\"@id\":\"https:\\\/\\\/www.eldigitaldeasturias.com\\\/noticias\\\/cuelgan-una-bandera-anticomunista-al-lado-del-cristo-redentor\\\/#breadcrumblist\",\"itemListElement\":[{\"@type\":\"ListItem\",\"@id\":\"https:\\\/\\\/www.eldigitaldeasturias.com\\\/noticias#listItem\",\"position\":1,\"name\":\"Home\",\"item\":\"https:\\\/\\\/www.eldigitaldeasturias.com\\\/noticias\",\"nextItem\":{\"@type\":\"ListItem\",\"@id\":\"https:\\\/\\\/www.eldigitaldeasturias.com\\\/noticias\\\/category\\\/actualidad\\\/#listItem\",\"name\":\"Actualidad\"}},{\"@type\":\"ListItem\",\"@id\":\"https:\\\/\\\/www.eldigitaldeasturias.com\\\/noticias\\\/category\\\/actualidad\\\/#listItem\",\"position\":2,\"name\":\"Actualidad\",\"item\":\"https:\\\/\\\/www.eldigitaldeasturias.com\\\/noticias\\\/category\\\/actualidad\\\/\",\"nextItem\":{\"@type\":\"ListItem\",\"@id\":\"https:\\\/\\\/www.eldigitaldeasturias.com\\\/noticias\\\/cuelgan-una-bandera-anticomunista-al-lado-del-cristo-redentor\\\/#listItem\",\"name\":\"Cuelgan una bandera anticomunista al lado del Cristo Redentor\"},\"previousItem\":{\"@type\":\"ListItem\",\"@id\":\"https:\\\/\\\/www.eldigitaldeasturias.com\\\/noticias#listItem\",\"name\":\"Home\"}},{\"@type\":\"ListItem\",\"@id\":\"https:\\\/\\\/www.eldigitaldeasturias.com\\\/noticias\\\/cuelgan-una-bandera-anticomunista-al-lado-del-cristo-redentor\\\/#listItem\",\"position\":3,\"name\":\"Cuelgan una bandera anticomunista al lado del Cristo Redentor\",\"previousItem\":{\"@type\":\"ListItem\",\"@id\":\"https:\\\/\\\/www.eldigitaldeasturias.com\\\/noticias\\\/category\\\/actualidad\\\/#listItem\",\"name\":\"Actualidad\"}}]},{\"@type\":\"Organization\",\"@id\":\"https:\\\/\\\/www.eldigitaldeasturias.com\\\/noticias\\\/#organization\",\"name\":\"El Digital de Asturias\",\"description\":\"Hemeroteca\",\"url\":\"https:\\\/\\\/www.eldigitaldeasturias.com\\\/noticias\\\/\",\"email\":\"info@eldigitaldeasturias.com\",\"telephone\":\"+34652131393\",\"logo\":{\"@type\":\"ImageObject\",\"url\":\"https:\\\/\\\/www.eldigitaldeasturias.com\\\/noticias\\\/wp-content\\\/uploads\\\/2020\\\/12\\\/EDA.jpg\",\"@id\":\"https:\\\/\\\/www.eldigitaldeasturias.com\\\/noticias\\\/cuelgan-una-bandera-anticomunista-al-lado-del-cristo-redentor\\\/#organizationLogo\"},\"image\":{\"@id\":\"https:\\\/\\\/www.eldigitaldeasturias.com\\\/noticias\\\/cuelgan-una-bandera-anticomunista-al-lado-del-cristo-redentor\\\/#organizationLogo\"},\"sameAs\":[\"https:\\\/\\\/facebook.com\\\/eldigitaldeasturias\",\"https:\\\/\\\/www.youtube.com\\\/channel\\\/UCZP-2wLEB9Rv6erhFmqVnvg\"],\"address\":{\"@id\":\"https:\\\/\\\/www.eldigitaldeasturias.com\\\/noticias\\\/#postaladdress\",\"@type\":\"PostalAddress\",\"streetAddress\":\"san antonio 4\",\"postalCode\":\"33430\",\"addressLocality\":\"Cand\\u00e1s\",\"addressRegion\":\"Asturias\",\"addressCountry\":\"ES\"}},{\"@type\":\"Person\",\"@id\":\"https:\\\/\\\/www.eldigitaldeasturias.com\\\/noticias\\\/author\\\/admin\\\/#author\",\"url\":\"https:\\\/\\\/www.eldigitaldeasturias.com\\\/noticias\\\/author\\\/admin\\\/\",\"name\":\"El Digital de Asturias\",\"image\":{\"@type\":\"ImageObject\",\"@id\":\"https:\\\/\\\/www.eldigitaldeasturias.com\\\/noticias\\\/cuelgan-una-bandera-anticomunista-al-lado-del-cristo-redentor\\\/#authorImage\",\"url\":\"https:\\\/\\\/secure.gravatar.com\\\/avatar\\\/df2aeffc32bcd13f8d26072ef8a91b623d677766deac7f97ca815868cd41bf5e?s=96&d=mm&r=g\",\"width\":96,\"height\":96,\"caption\":\"El Digital de Asturias\"}},{\"@type\":\"WebPage\",\"@id\":\"https:\\\/\\\/www.eldigitaldeasturias.com\\\/noticias\\\/cuelgan-una-bandera-anticomunista-al-lado-del-cristo-redentor\\\/#webpage\",\"url\":\"https:\\\/\\\/www.eldigitaldeasturias.com\\\/noticias\\\/cuelgan-una-bandera-anticomunista-al-lado-del-cristo-redentor\\\/\",\"name\":\"Cuelgan una bandera anticomunista al lado del Cristo Redentor - El Digital de Asturias\",\"description\":\"R\\u00edo de Janeiro, 5 may (dpa) - Una bandera con leyendas anticomunistas fue colocada hoy en una de las laderas del morro de Corcovado, en R\\u00edo de Janeiro, muy cerca de donde se ubica el famoso monumento del Cristo Redentor. La bandera exhibe el s\\u00edmbolo comunista de la hoz y el martillo con el texto\",\"inLanguage\":\"es-ES\",\"isPartOf\":{\"@id\":\"https:\\\/\\\/www.eldigitaldeasturias.com\\\/noticias\\\/#website\"},\"breadcrumb\":{\"@id\":\"https:\\\/\\\/www.eldigitaldeasturias.com\\\/noticias\\\/cuelgan-una-bandera-anticomunista-al-lado-del-cristo-redentor\\\/#breadcrumblist\"},\"author\":{\"@id\":\"https:\\\/\\\/www.eldigitaldeasturias.com\\\/noticias\\\/author\\\/admin\\\/#author\"},\"creator\":{\"@id\":\"https:\\\/\\\/www.eldigitaldeasturias.com\\\/noticias\\\/author\\\/admin\\\/#author\"},\"image\":{\"@type\":\"ImageObject\",\"url\":979197,\"@id\":\"https:\\\/\\\/www.eldigitaldeasturias.com\\\/noticias\\\/cuelgan-una-bandera-anticomunista-al-lado-del-cristo-redentor\\\/#mainImage\"},\"primaryImageOfPage\":{\"@id\":\"https:\\\/\\\/www.eldigitaldeasturias.com\\\/noticias\\\/cuelgan-una-bandera-anticomunista-al-lado-del-cristo-redentor\\\/#mainImage\"},\"datePublished\":\"2018-05-05T22:19:10+02:00\",\"dateModified\":\"2018-05-05T22:19:10+02:00\"},{\"@type\":\"WebSite\",\"@id\":\"https:\\\/\\\/www.eldigitaldeasturias.com\\\/noticias\\\/#website\",\"url\":\"https:\\\/\\\/www.eldigitaldeasturias.com\\\/noticias\\\/\",\"name\":\"El Digital de Asturias - Diario de actualidad y noticias\",\"alternateName\":\"El Digital de Asturias - Diario de actualidad y noticias\",\"description\":\"Hemeroteca\",\"inLanguage\":\"es-ES\",\"publisher\":{\"@id\":\"https:\\\/\\\/www.eldigitaldeasturias.com\\\/noticias\\\/#organization\"}}]}\n\t\t<\/script>\n\t\t<!-- All in One SEO Pro -->\r\n\t\t<title>Cuelgan una bandera anticomunista al lado del Cristo Redentor - El Digital de Asturias<\/title>\n\n","aioseo_head_json":{"title":"Cuelgan una bandera anticomunista al lado del Cristo Redentor - El Digital de Asturias","description":"R\u00edo de Janeiro, 5 may (dpa) - Una bandera con leyendas anticomunistas fue colocada hoy en una de las laderas del morro de Corcovado, en R\u00edo de Janeiro, muy cerca de donde se ubica el famoso monumento del Cristo Redentor. La bandera exhibe el s\u00edmbolo comunista de la hoz y el martillo con el texto","canonical_url":"https:\/\/www.eldigitaldeasturias.com\/noticias\/cuelgan-una-bandera-anticomunista-al-lado-del-cristo-redentor\/","robots":"max-image-preview:large","keywords":"actualidad","webmasterTools":{"google-site-verification":"UA-38556648-1","msvalidate.01":"7dfe9f3f1b24437ab69f4f2559babe99","miscellaneous":""},"schema":{"@context":"https:\/\/schema.org","@graph":[{"@type":"BlogPosting","@id":"https:\/\/www.eldigitaldeasturias.com\/noticias\/cuelgan-una-bandera-anticomunista-al-lado-del-cristo-redentor\/#blogposting","name":"Cuelgan una bandera anticomunista al lado del Cristo Redentor - El Digital de Asturias","headline":"Cuelgan una bandera anticomunista al lado del Cristo Redentor","author":{"@id":"https:\/\/www.eldigitaldeasturias.com\/noticias\/author\/admin\/#author"},"publisher":{"@id":"https:\/\/www.eldigitaldeasturias.com\/noticias\/#organization"},"image":{"@type":"ImageObject","url":979197},"datePublished":"2018-05-05T22:19:10+02:00","dateModified":"2018-05-05T22:19:10+02:00","inLanguage":"es-ES","mainEntityOfPage":{"@id":"https:\/\/www.eldigitaldeasturias.com\/noticias\/cuelgan-una-bandera-anticomunista-al-lado-del-cristo-redentor\/#webpage"},"isPartOf":{"@id":"https:\/\/www.eldigitaldeasturias.com\/noticias\/cuelgan-una-bandera-anticomunista-al-lado-del-cristo-redentor\/#webpage"},"articleSection":"Actualidad"},{"@type":"BreadcrumbList","@id":"https:\/\/www.eldigitaldeasturias.com\/noticias\/cuelgan-una-bandera-anticomunista-al-lado-del-cristo-redentor\/#breadcrumblist","itemListElement":[{"@type":"ListItem","@id":"https:\/\/www.eldigitaldeasturias.com\/noticias#listItem","position":1,"name":"Home","item":"https:\/\/www.eldigitaldeasturias.com\/noticias","nextItem":{"@type":"ListItem","@id":"https:\/\/www.eldigitaldeasturias.com\/noticias\/category\/actualidad\/#listItem","name":"Actualidad"}},{"@type":"ListItem","@id":"https:\/\/www.eldigitaldeasturias.com\/noticias\/category\/actualidad\/#listItem","position":2,"name":"Actualidad","item":"https:\/\/www.eldigitaldeasturias.com\/noticias\/category\/actualidad\/","nextItem":{"@type":"ListItem","@id":"https:\/\/www.eldigitaldeasturias.com\/noticias\/cuelgan-una-bandera-anticomunista-al-lado-del-cristo-redentor\/#listItem","name":"Cuelgan una bandera anticomunista al lado del Cristo Redentor"},"previousItem":{"@type":"ListItem","@id":"https:\/\/www.eldigitaldeasturias.com\/noticias#listItem","name":"Home"}},{"@type":"ListItem","@id":"https:\/\/www.eldigitaldeasturias.com\/noticias\/cuelgan-una-bandera-anticomunista-al-lado-del-cristo-redentor\/#listItem","position":3,"name":"Cuelgan una bandera anticomunista al lado del Cristo Redentor","previousItem":{"@type":"ListItem","@id":"https:\/\/www.eldigitaldeasturias.com\/noticias\/category\/actualidad\/#listItem","name":"Actualidad"}}]},{"@type":"Organization","@id":"https:\/\/www.eldigitaldeasturias.com\/noticias\/#organization","name":"El Digital de Asturias","description":"Hemeroteca","url":"https:\/\/www.eldigitaldeasturias.com\/noticias\/","email":"info@eldigitaldeasturias.com","telephone":"+34652131393","logo":{"@type":"ImageObject","url":"https:\/\/www.eldigitaldeasturias.com\/noticias\/wp-content\/uploads\/2020\/12\/EDA.jpg","@id":"https:\/\/www.eldigitaldeasturias.com\/noticias\/cuelgan-una-bandera-anticomunista-al-lado-del-cristo-redentor\/#organizationLogo"},"image":{"@id":"https:\/\/www.eldigitaldeasturias.com\/noticias\/cuelgan-una-bandera-anticomunista-al-lado-del-cristo-redentor\/#organizationLogo"},"sameAs":["https:\/\/facebook.com\/eldigitaldeasturias","https:\/\/www.youtube.com\/channel\/UCZP-2wLEB9Rv6erhFmqVnvg"],"address":{"@id":"https:\/\/www.eldigitaldeasturias.com\/noticias\/#postaladdress","@type":"PostalAddress","streetAddress":"san antonio 4","postalCode":"33430","addressLocality":"Cand\u00e1s","addressRegion":"Asturias","addressCountry":"ES"}},{"@type":"Person","@id":"https:\/\/www.eldigitaldeasturias.com\/noticias\/author\/admin\/#author","url":"https:\/\/www.eldigitaldeasturias.com\/noticias\/author\/admin\/","name":"El Digital de Asturias","image":{"@type":"ImageObject","@id":"https:\/\/www.eldigitaldeasturias.com\/noticias\/cuelgan-una-bandera-anticomunista-al-lado-del-cristo-redentor\/#authorImage","url":"https:\/\/secure.gravatar.com\/avatar\/df2aeffc32bcd13f8d26072ef8a91b623d677766deac7f97ca815868cd41bf5e?s=96&d=mm&r=g","width":96,"height":96,"caption":"El Digital de Asturias"}},{"@type":"WebPage","@id":"https:\/\/www.eldigitaldeasturias.com\/noticias\/cuelgan-una-bandera-anticomunista-al-lado-del-cristo-redentor\/#webpage","url":"https:\/\/www.eldigitaldeasturias.com\/noticias\/cuelgan-una-bandera-anticomunista-al-lado-del-cristo-redentor\/","name":"Cuelgan una bandera anticomunista al lado del Cristo Redentor - El Digital de Asturias","description":"R\u00edo de Janeiro, 5 may (dpa) - Una bandera con leyendas anticomunistas fue colocada hoy en una de las laderas del morro de Corcovado, en R\u00edo de Janeiro, muy cerca de donde se ubica el famoso monumento del Cristo Redentor. La bandera exhibe el s\u00edmbolo comunista de la hoz y el martillo con el texto","inLanguage":"es-ES","isPartOf":{"@id":"https:\/\/www.eldigitaldeasturias.com\/noticias\/#website"},"breadcrumb":{"@id":"https:\/\/www.eldigitaldeasturias.com\/noticias\/cuelgan-una-bandera-anticomunista-al-lado-del-cristo-redentor\/#breadcrumblist"},"author":{"@id":"https:\/\/www.eldigitaldeasturias.com\/noticias\/author\/admin\/#author"},"creator":{"@id":"https:\/\/www.eldigitaldeasturias.com\/noticias\/author\/admin\/#author"},"image":{"@type":"ImageObject","url":979197,"@id":"https:\/\/www.eldigitaldeasturias.com\/noticias\/cuelgan-una-bandera-anticomunista-al-lado-del-cristo-redentor\/#mainImage"},"primaryImageOfPage":{"@id":"https:\/\/www.eldigitaldeasturias.com\/noticias\/cuelgan-una-bandera-anticomunista-al-lado-del-cristo-redentor\/#mainImage"},"datePublished":"2018-05-05T22:19:10+02:00","dateModified":"2018-05-05T22:19:10+02:00"},{"@type":"WebSite","@id":"https:\/\/www.eldigitaldeasturias.com\/noticias\/#website","url":"https:\/\/www.eldigitaldeasturias.com\/noticias\/","name":"El Digital de Asturias - Diario de actualidad y noticias","alternateName":"El Digital de Asturias - Diario de actualidad y noticias","description":"Hemeroteca","inLanguage":"es-ES","publisher":{"@id":"https:\/\/www.eldigitaldeasturias.com\/noticias\/#organization"}}]},"og:locale":"es_ES","og:site_name":"El Digital de Asturias","og:type":"article","og:title":"Cuelgan una bandera anticomunista al lado del Cristo Redentor - El Digital de Asturias","og:description":"R\u00edo de Janeiro, 5 may (dpa) - Una bandera con leyendas anticomunistas fue colocada hoy en una de las laderas del morro de Corcovado, en R\u00edo de Janeiro, muy cerca de donde se ubica el famoso monumento del Cristo Redentor. La bandera exhibe el s\u00edmbolo comunista de la hoz y el martillo con el texto","og:url":"https:\/\/www.eldigitaldeasturias.com\/noticias\/cuelgan-una-bandera-anticomunista-al-lado-del-cristo-redentor\/","article:tag":["actualidad"],"article:published_time":"2018-05-05T22:19:10+00:00","article:modified_time":"2018-05-05T22:19:10+00:00","article:publisher":"https:\/\/facebook.com\/eldigitaldeasturias","twitter:card":"summary_large_image","twitter:title":"Cuelgan una bandera anticomunista al lado del Cristo Redentor - El Digital de Asturias","twitter:description":"R\u00edo de Janeiro, 5 may (dpa) - Una bandera con leyendas anticomunistas fue colocada hoy en una de las laderas del morro de Corcovado, en R\u00edo de Janeiro, muy cerca de donde se ubica el famoso monumento del Cristo Redentor. La bandera exhibe el s\u00edmbolo comunista de la hoz y el martillo con el texto","twitter:image":"https:\/\/www.eldigitaldeasturias.com\/noticias\/wp-content\/uploads\/2020\/12\/EDA-1.jpg","twitter:label1":"Escrito por","twitter:data1":"El Digital de Asturias","twitter:label2":"Tiempo de lectura estimado","twitter:data2":"1 minuto"},"aioseo_meta_data":{"post_id":"979196","title":null,"description":null,"keywords":null,"keyphrases":null,"primary_term":null,"canonical_url":null,"og_title":null,"og_description":null,"og_object_type":"default","og_image_type":"default","og_image_url":null,"og_image_width":null,"og_image_height":null,"og_image_custom_url":null,"og_image_custom_fields":null,"og_video":null,"og_custom_url":null,"og_article_section":null,"og_article_tags":null,"twitter_use_og":false,"twitter_card":"default","twitter_image_type":"default","twitter_image_url":null,"twitter_image_custom_url":null,"twitter_image_custom_fields":null,"twitter_title":null,"twitter_description":null,"schema":{"blockGraphs":[],"customGraphs":[],"default":{"data":{"Article":[],"Course":[],"Dataset":[],"FAQPage":[],"Movie":[],"Person":[],"Product":[],"ProductReview":[],"Car":[],"Recipe":[],"Service":[],"SoftwareApplication":[],"WebPage":[]},"graphName":"","isEnabled":true},"graphs":[]},"schema_type":null,"schema_type_options":null,"pillar_content":false,"robots_default":true,"robots_noindex":false,"robots_noarchive":false,"robots_nosnippet":false,"robots_nofollow":false,"robots_noimageindex":false,"robots_noodp":false,"robots_notranslate":false,"robots_max_snippet":null,"robots_max_videopreview":null,"robots_max_imagepreview":"large","priority":null,"frequency":null,"local_seo":null,"seo_analyzer_scan_date":"2025-10-08 13:31:06","breadcrumb_settings":null,"limit_modified_date":false,"open_ai":null,"ai":null,"created":"2020-12-21 12:00:37","updated":"2025-10-08 13:31:06","focus_keyword":null,"additional_keywords":null,"truseo_locale":null},"aioseo_breadcrumb":"<div class=\"aioseo-breadcrumbs\"><span class=\"aioseo-breadcrumb\">\n\t<a href=\"https:\/\/www.eldigitaldeasturias.com\/noticias\" title=\"Home\">Home<\/a>\n<\/span><span class=\"aioseo-breadcrumb-separator\">\u2013<\/span><span class=\"aioseo-breadcrumb\">\n\t<a href=\"https:\/\/www.eldigitaldeasturias.com\/noticias\/category\/actualidad\/\" title=\"Actualidad\">Actualidad<\/a>\n<\/span><span class=\"aioseo-breadcrumb-separator\">\u2013<\/span><span class=\"aioseo-breadcrumb\">\n\t<a href=\"https:\/\/www.eldigitaldeasturias.com\/noticias\/cuelgan-una-bandera-anticomunista-al-lado-del-cristo-redentor\/\" title=\"Cuelgan una bandera anticomunista al lado del Cristo Redentor\">Cuelgan una bandera anticomunista al lado del Cristo Redentor<\/a>\n<\/span><\/div>","aioseo_breadcrumb_json":[{"label":"Home","link":"https:\/\/www.eldigitaldeasturias.com\/noticias"},{"label":"Actualidad","link":"https:\/\/www.eldigitaldeasturias.com\/noticias\/category\/actualidad\/"},{"label":"Cuelgan una bandera anticomunista al lado del Cristo Redentor","link":"https:\/\/www.eldigitaldeasturias.com\/noticias\/cuelgan-una-bandera-anticomunista-al-lado-del-cristo-redentor\/"}],"_links":{"self":[{"href":"https:\/\/www.eldigitaldeasturias.com\/noticias\/wp-json\/wp\/v2\/posts\/979196","targetHints":{"allow":["GET"]}}],"collection":[{"href":"https:\/\/www.eldigitaldeasturias.com\/noticias\/wp-json\/wp\/v2\/posts"}],"about":[{"href":"https:\/\/www.eldigitaldeasturias.com\/noticias\/wp-json\/wp\/v2\/types\/post"}],"author":[{"embeddable":true,"href":"https:\/\/www.eldigitaldeasturias.com\/noticias\/wp-json\/wp\/v2\/users\/1"}],"replies":[{"embeddable":true,"href":"https:\/\/www.eldigitaldeasturias.com\/noticias\/wp-json\/wp\/v2\/comments?post=979196"}],"version-history":[{"count":0,"href":"https:\/\/www.eldigitaldeasturias.com\/noticias\/wp-json\/wp\/v2\/posts\/979196\/revisions"}],"wp:attachment":[{"href":"https:\/\/www.eldigitaldeasturias.com\/noticias\/wp-json\/wp\/v2\/media?parent=979196"}],"wp:term":[{"taxonomy":"category","embeddable":true,"href":"https:\/\/www.eldigitaldeasturias.com\/noticias\/wp-json\/wp\/v2\/categories?post=979196"},{"taxonomy":"post_tag","embeddable":true,"href":"https:\/\/www.eldigitaldeasturias.com\/noticias\/wp-json\/wp\/v2\/tags?post=979196"}],"curies":[{"name":"wp","href":"https:\/\/api.w.org\/{rel}","templated":true}]}}