{"id":979177,"date":"2018-05-05T21:47:04","date_gmt":"2018-05-05T21:47:04","guid":{"rendered":"http:\/\/www.eldigitaldeasturias.com\/noticias\/?p=979177"},"modified":"2018-05-05T21:47:04","modified_gmt":"2018-05-05T21:47:04","slug":"detenido-alexei-navalny-en-una-manifestacion-contra-putin","status":"publish","type":"post","link":"https:\/\/www.eldigitaldeasturias.com\/noticias\/detenido-alexei-navalny-en-una-manifestacion-contra-putin\/","title":{"rendered":"Detenido Alexei Navalny en una manifestaci\u00f3n contra Putin"},"content":{"rendered":"<p><img loading=\"lazy\" decoding=\"async\" class=\"alignleft size-medium wp-image-969687\" src=\"https:\/\/www.eldigitaldeasturias.com\/noticias\/wp-content\/uploads\/2018\/02\/putin-2847423_1280-360x238.jpg\" alt=\"\" width=\"360\" height=\"238\" \/>Mosc\u00fa, 5 may (dpa) &#8211; El pol\u00edtico opositor ruso Alexei Navalny fue detenido hoy junto con otras 1.600 personas aproximadamente durante manifestaciones de protesta contra el presidente Vladimir Putin, quien asumir\u00e1 el lunes un nuevo mandato de seis a\u00f1os, informaron las agencias de noticias rusas.<\/p>\n<p>Navalny, quien fue arrestado durante una manifestaci\u00f3n en el centro de Mosc\u00fa, hab\u00eda convocado las protestas en toda Rusia bajo el lema \u00abNo es un zar para nosotros\u00bb, en alusi\u00f3n a Putin, de 65 a\u00f1os. La Polic\u00eda de Mosc\u00fa arremeti\u00f3 con bastones contra los manifestantes.<\/p>\n<p>El portal defensor de los derechos civiles \u00abOVO-Info\u00bb asegur\u00f3 que hab\u00edan sido detenidas m\u00e1s de 1.600 personas, de ellas casi 700 tan solo en Mosc\u00fa. La Polic\u00eda mencion\u00f3 la cifra de solo 300 detenidos en la capital rusa y unos 200 en San Petersburgo. Los arrestados se enfrentan a varios d\u00edas de detenci\u00f3n.<\/p>\n<p>Navalny, un activista anticorrupci\u00f3n de 41 a\u00f1os, acudi\u00f3 a la plaza Pushkin de Mosc\u00fa, donde se hab\u00edan congregado, seg\u00fan testigos, miles de seguidores suyos, en su mayor\u00eda j\u00f3venes. La Polic\u00eda cifr\u00f3 en 1.500 el n\u00famero de manifestantes. Sin embargo, al igual que durante otras manifestaciones anteriores, la Polic\u00eda sac\u00f3 al l\u00edder opositor de entre la multitud y se lo llev\u00f3.<\/p>\n<p>Las manifestaciones de este s\u00e1bado se llevaron a cabo en unas 90 ciudades rusas e iban dirigidas contra la prolongada permanencia en el poder de Putin (18 a\u00f1os), as\u00ed como contra la corrupci\u00f3n y la censura en Internet en Rusia.<\/p>\n<p>Con estas manifestaciones Navalny pretend\u00eda reeditar las masivas protestas realizadas en 2012 contra la investidura de Putin. El entonces primer ministro hab\u00eda pactado un intercambio de cargos con el presidente Dmitri Medvedev para volver a la jefatura del Estado. Putin reprimi\u00f3 las protestas de entonces e impuso duros castigos a los organizadores.<\/p>\n<p>Las protestas de este s\u00e1bado fueron menos multitudinarias y tambi\u00e9n movilizaron a menos participantes que en las manifestaciones convocadas por Navalny el a\u00f1o pasado. Debido a un pol\u00e9mico antecedente penal, Navalny fue inhabilitado para presentarse como candidato a las elecciones presidenciales del pasado 18 de marzo, que Putin gan\u00f3 con un r\u00e9cord de casi el 77 por ciento de los votos.<\/p>\n<p>De acuerdo con el portal \u00abOVD-Info\u00bb, tambi\u00e9n hubo muchas detenciones en San Petersburgo (230) y en la ciudad siberiana de Cheliabinsk (164). En Mosc\u00fa y San Petersburgo, las autoridades hab\u00edan prohibido que los manifestantes se congregaran en los puntos de encuentro previamente anunciados.<\/p>\n<p>La portavoz de la encargada de Pol\u00edtica Exterior de la Uni\u00f3n Europea, Federica Mogherini, dijo en Bruselas que las detenciones ponen en riesgo la libertad de opini\u00f3n y reuni\u00f3n en Rusia. \u00abEstos derechos fundamentales est\u00e1n en la Constituci\u00f3n rusa y esperamos que sean protegidos y no vaciados\u00bb, se\u00f1al\u00f3.<\/p>\n","protected":false},"excerpt":{"rendered":"<p>Mosc\u00fa, 5 may (dpa) &#8211; El pol\u00edtico opositor ruso Alexei Navalny fue detenido hoy junto con otras 1.600 personas aproximadamente durante manifestaciones de protesta contra el presidente Vladimir Putin, quien asumir\u00e1 el lunes un nuevo mandato de seis a\u00f1os, informaron las agencias de noticias rusas. Navalny, quien fue arrestado durante una manifestaci\u00f3n en el centro [&hellip;]<\/p>\n","protected":false},"author":1,"featured_media":969687,"comment_status":"closed","ping_status":"closed","sticky":false,"template":"","format":"standard","meta":{"footnotes":""},"categories":[1],"tags":[],"class_list":["post-979177","post","type-post","status-publish","format-standard","has-post-thumbnail","hentry","category-actualidad"],"aioseo_notices":[],"aioseo_head":"\n\t\t<!-- All in One SEO Pro 5.0.1 - aioseo.com -->\n\t<meta name=\"description\" content=\"Mosc\u00fa, 5 may (dpa) - El pol\u00edtico opositor ruso Alexei Navalny fue detenido hoy junto con otras 1.600 personas aproximadamente durante manifestaciones de protesta contra el presidente Vladimir Putin, quien asumir\u00e1 el lunes un nuevo mandato de seis a\u00f1os, informaron las agencias de noticias rusas. Navalny, quien fue arrestado durante una manifestaci\u00f3n en el centro\" \/>\n\t<meta name=\"robots\" content=\"max-image-preview:large\" \/>\n\t<meta name=\"author\" content=\"El Digital de Asturias\"\/>\n\t<meta name=\"google-site-verification\" content=\"UA-38556648-1\" \/>\n\t<meta name=\"msvalidate.01\" content=\"7dfe9f3f1b24437ab69f4f2559babe99\" \/>\n\t<meta name=\"keywords\" content=\"actualidad\" \/>\n\t<link rel=\"canonical\" href=\"https:\/\/www.eldigitaldeasturias.com\/noticias\/detenido-alexei-navalny-en-una-manifestacion-contra-putin\/\" \/>\n\t<meta name=\"generator\" content=\"All in One SEO Pro (AIOSEO) 5.0.1\" \/>\n\t\t<meta property=\"og:locale\" content=\"es_ES\" \/>\n\t\t<meta property=\"og:site_name\" content=\"El Digital de Asturias\" \/>\n\t\t<meta property=\"og:type\" content=\"article\" \/>\n\t\t<meta property=\"og:title\" content=\"Detenido Alexei Navalny en una manifestaci\u00f3n contra Putin - El Digital de Asturias\" \/>\n\t\t<meta property=\"og:description\" content=\"Mosc\u00fa, 5 may (dpa) - El pol\u00edtico opositor ruso Alexei Navalny fue detenido hoy junto con otras 1.600 personas aproximadamente durante manifestaciones de protesta contra el presidente Vladimir Putin, quien asumir\u00e1 el lunes un nuevo mandato de seis a\u00f1os, informaron las agencias de noticias rusas. Navalny, quien fue arrestado durante una manifestaci\u00f3n en el centro\" \/>\n\t\t<meta property=\"og:url\" content=\"https:\/\/www.eldigitaldeasturias.com\/noticias\/detenido-alexei-navalny-en-una-manifestacion-contra-putin\/\" \/>\n\t\t<meta property=\"article:tag\" content=\"actualidad\" \/>\n\t\t<meta property=\"article:published_time\" content=\"2018-05-05T21:47:04+00:00\" \/>\n\t\t<meta property=\"article:modified_time\" content=\"2018-05-05T21:47:04+00:00\" \/>\n\t\t<meta property=\"article:publisher\" content=\"https:\/\/facebook.com\/eldigitaldeasturias\" \/>\n\t\t<meta name=\"twitter:card\" content=\"summary_large_image\" \/>\n\t\t<meta name=\"twitter:title\" content=\"Detenido Alexei Navalny en una manifestaci\u00f3n contra Putin - El Digital de Asturias\" \/>\n\t\t<meta name=\"twitter:description\" content=\"Mosc\u00fa, 5 may (dpa) - El pol\u00edtico opositor ruso Alexei Navalny fue detenido hoy junto con otras 1.600 personas aproximadamente durante manifestaciones de protesta contra el presidente Vladimir Putin, quien asumir\u00e1 el lunes un nuevo mandato de seis a\u00f1os, informaron las agencias de noticias rusas. Navalny, quien fue arrestado durante una manifestaci\u00f3n en el centro\" \/>\n\t\t<meta name=\"twitter:image\" content=\"https:\/\/www.eldigitaldeasturias.com\/noticias\/wp-content\/uploads\/2020\/12\/EDA-1.jpg\" \/>\n\t\t<meta name=\"twitter:label1\" content=\"Escrito por\" \/>\n\t\t<meta name=\"twitter:data1\" content=\"El Digital de Asturias\" \/>\n\t\t<meta name=\"twitter:label2\" content=\"Tiempo de lectura estimado\" \/>\n\t\t<meta name=\"twitter:data2\" content=\"2 minutos\" \/>\n\t\t<script type=\"application\/ld+json\" class=\"aioseo-schema\">\n\t\t\t{\"@context\":\"https:\\\/\\\/schema.org\",\"@graph\":[{\"@type\":\"BlogPosting\",\"@id\":\"https:\\\/\\\/www.eldigitaldeasturias.com\\\/noticias\\\/detenido-alexei-navalny-en-una-manifestacion-contra-putin\\\/#blogposting\",\"name\":\"Detenido Alexei Navalny en una manifestaci\\u00f3n contra Putin - El Digital de Asturias\",\"headline\":\"Detenido Alexei Navalny en una manifestaci\\u00f3n contra Putin\",\"author\":{\"@id\":\"https:\\\/\\\/www.eldigitaldeasturias.com\\\/noticias\\\/author\\\/admin\\\/#author\"},\"publisher\":{\"@id\":\"https:\\\/\\\/www.eldigitaldeasturias.com\\\/noticias\\\/#organization\"},\"image\":{\"@type\":\"ImageObject\",\"url\":969687},\"datePublished\":\"2018-05-05T21:47:04+02:00\",\"dateModified\":\"2018-05-05T21:47:04+02:00\",\"inLanguage\":\"es-ES\",\"mainEntityOfPage\":{\"@id\":\"https:\\\/\\\/www.eldigitaldeasturias.com\\\/noticias\\\/detenido-alexei-navalny-en-una-manifestacion-contra-putin\\\/#webpage\"},\"isPartOf\":{\"@id\":\"https:\\\/\\\/www.eldigitaldeasturias.com\\\/noticias\\\/detenido-alexei-navalny-en-una-manifestacion-contra-putin\\\/#webpage\"},\"articleSection\":\"Actualidad\"},{\"@type\":\"BreadcrumbList\",\"@id\":\"https:\\\/\\\/www.eldigitaldeasturias.com\\\/noticias\\\/detenido-alexei-navalny-en-una-manifestacion-contra-putin\\\/#breadcrumblist\",\"itemListElement\":[{\"@type\":\"ListItem\",\"@id\":\"https:\\\/\\\/www.eldigitaldeasturias.com\\\/noticias#listItem\",\"position\":1,\"name\":\"Home\",\"item\":\"https:\\\/\\\/www.eldigitaldeasturias.com\\\/noticias\",\"nextItem\":{\"@type\":\"ListItem\",\"@id\":\"https:\\\/\\\/www.eldigitaldeasturias.com\\\/noticias\\\/category\\\/actualidad\\\/#listItem\",\"name\":\"Actualidad\"}},{\"@type\":\"ListItem\",\"@id\":\"https:\\\/\\\/www.eldigitaldeasturias.com\\\/noticias\\\/category\\\/actualidad\\\/#listItem\",\"position\":2,\"name\":\"Actualidad\",\"item\":\"https:\\\/\\\/www.eldigitaldeasturias.com\\\/noticias\\\/category\\\/actualidad\\\/\",\"nextItem\":{\"@type\":\"ListItem\",\"@id\":\"https:\\\/\\\/www.eldigitaldeasturias.com\\\/noticias\\\/detenido-alexei-navalny-en-una-manifestacion-contra-putin\\\/#listItem\",\"name\":\"Detenido Alexei Navalny en una manifestaci\\u00f3n contra Putin\"},\"previousItem\":{\"@type\":\"ListItem\",\"@id\":\"https:\\\/\\\/www.eldigitaldeasturias.com\\\/noticias#listItem\",\"name\":\"Home\"}},{\"@type\":\"ListItem\",\"@id\":\"https:\\\/\\\/www.eldigitaldeasturias.com\\\/noticias\\\/detenido-alexei-navalny-en-una-manifestacion-contra-putin\\\/#listItem\",\"position\":3,\"name\":\"Detenido Alexei Navalny en una manifestaci\\u00f3n contra Putin\",\"previousItem\":{\"@type\":\"ListItem\",\"@id\":\"https:\\\/\\\/www.eldigitaldeasturias.com\\\/noticias\\\/category\\\/actualidad\\\/#listItem\",\"name\":\"Actualidad\"}}]},{\"@type\":\"Organization\",\"@id\":\"https:\\\/\\\/www.eldigitaldeasturias.com\\\/noticias\\\/#organization\",\"name\":\"El Digital de Asturias\",\"description\":\"Hemeroteca\",\"url\":\"https:\\\/\\\/www.eldigitaldeasturias.com\\\/noticias\\\/\",\"email\":\"info@eldigitaldeasturias.com\",\"telephone\":\"+34652131393\",\"logo\":{\"@type\":\"ImageObject\",\"url\":\"https:\\\/\\\/www.eldigitaldeasturias.com\\\/noticias\\\/wp-content\\\/uploads\\\/2020\\\/12\\\/EDA.jpg\",\"@id\":\"https:\\\/\\\/www.eldigitaldeasturias.com\\\/noticias\\\/detenido-alexei-navalny-en-una-manifestacion-contra-putin\\\/#organizationLogo\"},\"image\":{\"@id\":\"https:\\\/\\\/www.eldigitaldeasturias.com\\\/noticias\\\/detenido-alexei-navalny-en-una-manifestacion-contra-putin\\\/#organizationLogo\"},\"sameAs\":[\"https:\\\/\\\/facebook.com\\\/eldigitaldeasturias\",\"https:\\\/\\\/www.youtube.com\\\/channel\\\/UCZP-2wLEB9Rv6erhFmqVnvg\"],\"address\":{\"@id\":\"https:\\\/\\\/www.eldigitaldeasturias.com\\\/noticias\\\/#postaladdress\",\"@type\":\"PostalAddress\",\"streetAddress\":\"san antonio 4\",\"postalCode\":\"33430\",\"addressLocality\":\"Cand\\u00e1s\",\"addressRegion\":\"Asturias\",\"addressCountry\":\"ES\"}},{\"@type\":\"Person\",\"@id\":\"https:\\\/\\\/www.eldigitaldeasturias.com\\\/noticias\\\/author\\\/admin\\\/#author\",\"url\":\"https:\\\/\\\/www.eldigitaldeasturias.com\\\/noticias\\\/author\\\/admin\\\/\",\"name\":\"El Digital de Asturias\",\"image\":{\"@type\":\"ImageObject\",\"@id\":\"https:\\\/\\\/www.eldigitaldeasturias.com\\\/noticias\\\/detenido-alexei-navalny-en-una-manifestacion-contra-putin\\\/#authorImage\",\"url\":\"https:\\\/\\\/secure.gravatar.com\\\/avatar\\\/df2aeffc32bcd13f8d26072ef8a91b623d677766deac7f97ca815868cd41bf5e?s=96&d=mm&r=g\",\"width\":96,\"height\":96,\"caption\":\"El Digital de Asturias\"}},{\"@type\":\"WebPage\",\"@id\":\"https:\\\/\\\/www.eldigitaldeasturias.com\\\/noticias\\\/detenido-alexei-navalny-en-una-manifestacion-contra-putin\\\/#webpage\",\"url\":\"https:\\\/\\\/www.eldigitaldeasturias.com\\\/noticias\\\/detenido-alexei-navalny-en-una-manifestacion-contra-putin\\\/\",\"name\":\"Detenido Alexei Navalny en una manifestaci\\u00f3n contra Putin - El Digital de Asturias\",\"description\":\"Mosc\\u00fa, 5 may (dpa) - El pol\\u00edtico opositor ruso Alexei Navalny fue detenido hoy junto con otras 1.600 personas aproximadamente durante manifestaciones de protesta contra el presidente Vladimir Putin, quien asumir\\u00e1 el lunes un nuevo mandato de seis a\\u00f1os, informaron las agencias de noticias rusas. Navalny, quien fue arrestado durante una manifestaci\\u00f3n en el centro\",\"inLanguage\":\"es-ES\",\"isPartOf\":{\"@id\":\"https:\\\/\\\/www.eldigitaldeasturias.com\\\/noticias\\\/#website\"},\"breadcrumb\":{\"@id\":\"https:\\\/\\\/www.eldigitaldeasturias.com\\\/noticias\\\/detenido-alexei-navalny-en-una-manifestacion-contra-putin\\\/#breadcrumblist\"},\"author\":{\"@id\":\"https:\\\/\\\/www.eldigitaldeasturias.com\\\/noticias\\\/author\\\/admin\\\/#author\"},\"creator\":{\"@id\":\"https:\\\/\\\/www.eldigitaldeasturias.com\\\/noticias\\\/author\\\/admin\\\/#author\"},\"image\":{\"@type\":\"ImageObject\",\"url\":969687,\"@id\":\"https:\\\/\\\/www.eldigitaldeasturias.com\\\/noticias\\\/detenido-alexei-navalny-en-una-manifestacion-contra-putin\\\/#mainImage\"},\"primaryImageOfPage\":{\"@id\":\"https:\\\/\\\/www.eldigitaldeasturias.com\\\/noticias\\\/detenido-alexei-navalny-en-una-manifestacion-contra-putin\\\/#mainImage\"},\"datePublished\":\"2018-05-05T21:47:04+02:00\",\"dateModified\":\"2018-05-05T21:47:04+02:00\"},{\"@type\":\"WebSite\",\"@id\":\"https:\\\/\\\/www.eldigitaldeasturias.com\\\/noticias\\\/#website\",\"url\":\"https:\\\/\\\/www.eldigitaldeasturias.com\\\/noticias\\\/\",\"name\":\"El Digital de Asturias - Diario de actualidad y noticias\",\"alternateName\":\"El Digital de Asturias - Diario de actualidad y noticias\",\"description\":\"Hemeroteca\",\"inLanguage\":\"es-ES\",\"publisher\":{\"@id\":\"https:\\\/\\\/www.eldigitaldeasturias.com\\\/noticias\\\/#organization\"}}]}\n\t\t<\/script>\n\t\t<!-- All in One SEO Pro -->\r\n\t\t<title>Detenido Alexei Navalny en una manifestaci\u00f3n contra Putin - El Digital de Asturias<\/title>\n\n","aioseo_head_json":{"title":"Detenido Alexei Navalny en una manifestaci\u00f3n contra Putin - El Digital de Asturias","description":"Mosc\u00fa, 5 may (dpa) - El pol\u00edtico opositor ruso Alexei Navalny fue detenido hoy junto con otras 1.600 personas aproximadamente durante manifestaciones de protesta contra el presidente Vladimir Putin, quien asumir\u00e1 el lunes un nuevo mandato de seis a\u00f1os, informaron las agencias de noticias rusas. Navalny, quien fue arrestado durante una manifestaci\u00f3n en el centro","canonical_url":"https:\/\/www.eldigitaldeasturias.com\/noticias\/detenido-alexei-navalny-en-una-manifestacion-contra-putin\/","robots":"max-image-preview:large","keywords":"actualidad","webmasterTools":{"google-site-verification":"UA-38556648-1","msvalidate.01":"7dfe9f3f1b24437ab69f4f2559babe99","miscellaneous":""},"schema":{"@context":"https:\/\/schema.org","@graph":[{"@type":"BlogPosting","@id":"https:\/\/www.eldigitaldeasturias.com\/noticias\/detenido-alexei-navalny-en-una-manifestacion-contra-putin\/#blogposting","name":"Detenido Alexei Navalny en una manifestaci\u00f3n contra Putin - El Digital de Asturias","headline":"Detenido Alexei Navalny en una manifestaci\u00f3n contra Putin","author":{"@id":"https:\/\/www.eldigitaldeasturias.com\/noticias\/author\/admin\/#author"},"publisher":{"@id":"https:\/\/www.eldigitaldeasturias.com\/noticias\/#organization"},"image":{"@type":"ImageObject","url":969687},"datePublished":"2018-05-05T21:47:04+02:00","dateModified":"2018-05-05T21:47:04+02:00","inLanguage":"es-ES","mainEntityOfPage":{"@id":"https:\/\/www.eldigitaldeasturias.com\/noticias\/detenido-alexei-navalny-en-una-manifestacion-contra-putin\/#webpage"},"isPartOf":{"@id":"https:\/\/www.eldigitaldeasturias.com\/noticias\/detenido-alexei-navalny-en-una-manifestacion-contra-putin\/#webpage"},"articleSection":"Actualidad"},{"@type":"BreadcrumbList","@id":"https:\/\/www.eldigitaldeasturias.com\/noticias\/detenido-alexei-navalny-en-una-manifestacion-contra-putin\/#breadcrumblist","itemListElement":[{"@type":"ListItem","@id":"https:\/\/www.eldigitaldeasturias.com\/noticias#listItem","position":1,"name":"Home","item":"https:\/\/www.eldigitaldeasturias.com\/noticias","nextItem":{"@type":"ListItem","@id":"https:\/\/www.eldigitaldeasturias.com\/noticias\/category\/actualidad\/#listItem","name":"Actualidad"}},{"@type":"ListItem","@id":"https:\/\/www.eldigitaldeasturias.com\/noticias\/category\/actualidad\/#listItem","position":2,"name":"Actualidad","item":"https:\/\/www.eldigitaldeasturias.com\/noticias\/category\/actualidad\/","nextItem":{"@type":"ListItem","@id":"https:\/\/www.eldigitaldeasturias.com\/noticias\/detenido-alexei-navalny-en-una-manifestacion-contra-putin\/#listItem","name":"Detenido Alexei Navalny en una manifestaci\u00f3n contra Putin"},"previousItem":{"@type":"ListItem","@id":"https:\/\/www.eldigitaldeasturias.com\/noticias#listItem","name":"Home"}},{"@type":"ListItem","@id":"https:\/\/www.eldigitaldeasturias.com\/noticias\/detenido-alexei-navalny-en-una-manifestacion-contra-putin\/#listItem","position":3,"name":"Detenido Alexei Navalny en una manifestaci\u00f3n contra Putin","previousItem":{"@type":"ListItem","@id":"https:\/\/www.eldigitaldeasturias.com\/noticias\/category\/actualidad\/#listItem","name":"Actualidad"}}]},{"@type":"Organization","@id":"https:\/\/www.eldigitaldeasturias.com\/noticias\/#organization","name":"El Digital de Asturias","description":"Hemeroteca","url":"https:\/\/www.eldigitaldeasturias.com\/noticias\/","email":"info@eldigitaldeasturias.com","telephone":"+34652131393","logo":{"@type":"ImageObject","url":"https:\/\/www.eldigitaldeasturias.com\/noticias\/wp-content\/uploads\/2020\/12\/EDA.jpg","@id":"https:\/\/www.eldigitaldeasturias.com\/noticias\/detenido-alexei-navalny-en-una-manifestacion-contra-putin\/#organizationLogo"},"image":{"@id":"https:\/\/www.eldigitaldeasturias.com\/noticias\/detenido-alexei-navalny-en-una-manifestacion-contra-putin\/#organizationLogo"},"sameAs":["https:\/\/facebook.com\/eldigitaldeasturias","https:\/\/www.youtube.com\/channel\/UCZP-2wLEB9Rv6erhFmqVnvg"],"address":{"@id":"https:\/\/www.eldigitaldeasturias.com\/noticias\/#postaladdress","@type":"PostalAddress","streetAddress":"san antonio 4","postalCode":"33430","addressLocality":"Cand\u00e1s","addressRegion":"Asturias","addressCountry":"ES"}},{"@type":"Person","@id":"https:\/\/www.eldigitaldeasturias.com\/noticias\/author\/admin\/#author","url":"https:\/\/www.eldigitaldeasturias.com\/noticias\/author\/admin\/","name":"El Digital de Asturias","image":{"@type":"ImageObject","@id":"https:\/\/www.eldigitaldeasturias.com\/noticias\/detenido-alexei-navalny-en-una-manifestacion-contra-putin\/#authorImage","url":"https:\/\/secure.gravatar.com\/avatar\/df2aeffc32bcd13f8d26072ef8a91b623d677766deac7f97ca815868cd41bf5e?s=96&d=mm&r=g","width":96,"height":96,"caption":"El Digital de Asturias"}},{"@type":"WebPage","@id":"https:\/\/www.eldigitaldeasturias.com\/noticias\/detenido-alexei-navalny-en-una-manifestacion-contra-putin\/#webpage","url":"https:\/\/www.eldigitaldeasturias.com\/noticias\/detenido-alexei-navalny-en-una-manifestacion-contra-putin\/","name":"Detenido Alexei Navalny en una manifestaci\u00f3n contra Putin - El Digital de Asturias","description":"Mosc\u00fa, 5 may (dpa) - El pol\u00edtico opositor ruso Alexei Navalny fue detenido hoy junto con otras 1.600 personas aproximadamente durante manifestaciones de protesta contra el presidente Vladimir Putin, quien asumir\u00e1 el lunes un nuevo mandato de seis a\u00f1os, informaron las agencias de noticias rusas. Navalny, quien fue arrestado durante una manifestaci\u00f3n en el centro","inLanguage":"es-ES","isPartOf":{"@id":"https:\/\/www.eldigitaldeasturias.com\/noticias\/#website"},"breadcrumb":{"@id":"https:\/\/www.eldigitaldeasturias.com\/noticias\/detenido-alexei-navalny-en-una-manifestacion-contra-putin\/#breadcrumblist"},"author":{"@id":"https:\/\/www.eldigitaldeasturias.com\/noticias\/author\/admin\/#author"},"creator":{"@id":"https:\/\/www.eldigitaldeasturias.com\/noticias\/author\/admin\/#author"},"image":{"@type":"ImageObject","url":969687,"@id":"https:\/\/www.eldigitaldeasturias.com\/noticias\/detenido-alexei-navalny-en-una-manifestacion-contra-putin\/#mainImage"},"primaryImageOfPage":{"@id":"https:\/\/www.eldigitaldeasturias.com\/noticias\/detenido-alexei-navalny-en-una-manifestacion-contra-putin\/#mainImage"},"datePublished":"2018-05-05T21:47:04+02:00","dateModified":"2018-05-05T21:47:04+02:00"},{"@type":"WebSite","@id":"https:\/\/www.eldigitaldeasturias.com\/noticias\/#website","url":"https:\/\/www.eldigitaldeasturias.com\/noticias\/","name":"El Digital de Asturias - Diario de actualidad y noticias","alternateName":"El Digital de Asturias - Diario de actualidad y noticias","description":"Hemeroteca","inLanguage":"es-ES","publisher":{"@id":"https:\/\/www.eldigitaldeasturias.com\/noticias\/#organization"}}]},"og:locale":"es_ES","og:site_name":"El Digital de Asturias","og:type":"article","og:title":"Detenido Alexei Navalny en una manifestaci\u00f3n contra Putin - El Digital de Asturias","og:description":"Mosc\u00fa, 5 may (dpa) - El pol\u00edtico opositor ruso Alexei Navalny fue detenido hoy junto con otras 1.600 personas aproximadamente durante manifestaciones de protesta contra el presidente Vladimir Putin, quien asumir\u00e1 el lunes un nuevo mandato de seis a\u00f1os, informaron las agencias de noticias rusas. Navalny, quien fue arrestado durante una manifestaci\u00f3n en el centro","og:url":"https:\/\/www.eldigitaldeasturias.com\/noticias\/detenido-alexei-navalny-en-una-manifestacion-contra-putin\/","article:tag":["actualidad"],"article:published_time":"2018-05-05T21:47:04+00:00","article:modified_time":"2018-05-05T21:47:04+00:00","article:publisher":"https:\/\/facebook.com\/eldigitaldeasturias","twitter:card":"summary_large_image","twitter:title":"Detenido Alexei Navalny en una manifestaci\u00f3n contra Putin - El Digital de Asturias","twitter:description":"Mosc\u00fa, 5 may (dpa) - El pol\u00edtico opositor ruso Alexei Navalny fue detenido hoy junto con otras 1.600 personas aproximadamente durante manifestaciones de protesta contra el presidente Vladimir Putin, quien asumir\u00e1 el lunes un nuevo mandato de seis a\u00f1os, informaron las agencias de noticias rusas. Navalny, quien fue arrestado durante una manifestaci\u00f3n en el centro","twitter:image":"https:\/\/www.eldigitaldeasturias.com\/noticias\/wp-content\/uploads\/2020\/12\/EDA-1.jpg","twitter:label1":"Escrito por","twitter:data1":"El Digital de Asturias","twitter:label2":"Tiempo de lectura estimado","twitter:data2":"2 minutos"},"aioseo_meta_data":{"post_id":"979177","title":null,"description":null,"keywords":null,"keyphrases":null,"primary_term":null,"canonical_url":null,"og_title":null,"og_description":null,"og_object_type":"default","og_image_type":"default","og_image_url":null,"og_image_width":null,"og_image_height":null,"og_image_custom_url":null,"og_image_custom_fields":null,"og_video":null,"og_custom_url":null,"og_article_section":null,"og_article_tags":null,"twitter_use_og":false,"twitter_card":"default","twitter_image_type":"default","twitter_image_url":null,"twitter_image_custom_url":null,"twitter_image_custom_fields":null,"twitter_title":null,"twitter_description":null,"schema":{"blockGraphs":[],"customGraphs":[],"default":{"data":{"Article":[],"Course":[],"Dataset":[],"FAQPage":[],"Movie":[],"Person":[],"Product":[],"ProductReview":[],"Car":[],"Recipe":[],"Service":[],"SoftwareApplication":[],"WebPage":[]},"graphName":"","isEnabled":true},"graphs":[],"defaultGraph":"","defaultPostTypeGraph":""},"schema_type":null,"schema_type_options":null,"pillar_content":false,"robots_default":true,"robots_noindex":false,"robots_noarchive":false,"robots_nosnippet":false,"robots_nofollow":false,"robots_noimageindex":false,"robots_noodp":false,"robots_notranslate":false,"robots_max_snippet":null,"robots_max_videopreview":null,"robots_max_imagepreview":"large","priority":null,"frequency":null,"local_seo":null,"seo_analyzer_scan_date":"2025-10-08 13:27:03","breadcrumb_settings":null,"limit_modified_date":false,"open_ai":null,"ai":null,"created":"2020-12-21 12:00:37","updated":"2025-10-08 13:27:03","focus_keyword":null,"additional_keywords":null,"truseo_locale":null},"aioseo_breadcrumb":"<div class=\"aioseo-breadcrumbs\"><span class=\"aioseo-breadcrumb\">\n\t<a href=\"https:\/\/www.eldigitaldeasturias.com\/noticias\" title=\"Home\">Home<\/a>\n<\/span><span class=\"aioseo-breadcrumb-separator\">\u2013<\/span><span class=\"aioseo-breadcrumb\">\n\t<a href=\"https:\/\/www.eldigitaldeasturias.com\/noticias\/category\/actualidad\/\" title=\"Actualidad\">Actualidad<\/a>\n<\/span><span class=\"aioseo-breadcrumb-separator\">\u2013<\/span><span class=\"aioseo-breadcrumb\">\n\t<a href=\"https:\/\/www.eldigitaldeasturias.com\/noticias\/detenido-alexei-navalny-en-una-manifestacion-contra-putin\/\" title=\"Detenido Alexei Navalny en una manifestaci\u00f3n contra Putin\">Detenido Alexei Navalny en una manifestaci\u00f3n contra Putin<\/a>\n<\/span><\/div>","aioseo_breadcrumb_json":[{"label":"Home","link":"https:\/\/www.eldigitaldeasturias.com\/noticias"},{"label":"Actualidad","link":"https:\/\/www.eldigitaldeasturias.com\/noticias\/category\/actualidad\/"},{"label":"Detenido Alexei Navalny en una manifestaci\u00f3n contra Putin","link":"https:\/\/www.eldigitaldeasturias.com\/noticias\/detenido-alexei-navalny-en-una-manifestacion-contra-putin\/"}],"_links":{"self":[{"href":"https:\/\/www.eldigitaldeasturias.com\/noticias\/wp-json\/wp\/v2\/posts\/979177","targetHints":{"allow":["GET"]}}],"collection":[{"href":"https:\/\/www.eldigitaldeasturias.com\/noticias\/wp-json\/wp\/v2\/posts"}],"about":[{"href":"https:\/\/www.eldigitaldeasturias.com\/noticias\/wp-json\/wp\/v2\/types\/post"}],"author":[{"embeddable":true,"href":"https:\/\/www.eldigitaldeasturias.com\/noticias\/wp-json\/wp\/v2\/users\/1"}],"replies":[{"embeddable":true,"href":"https:\/\/www.eldigitaldeasturias.com\/noticias\/wp-json\/wp\/v2\/comments?post=979177"}],"version-history":[{"count":0,"href":"https:\/\/www.eldigitaldeasturias.com\/noticias\/wp-json\/wp\/v2\/posts\/979177\/revisions"}],"wp:attachment":[{"href":"https:\/\/www.eldigitaldeasturias.com\/noticias\/wp-json\/wp\/v2\/media?parent=979177"}],"wp:term":[{"taxonomy":"category","embeddable":true,"href":"https:\/\/www.eldigitaldeasturias.com\/noticias\/wp-json\/wp\/v2\/categories?post=979177"},{"taxonomy":"post_tag","embeddable":true,"href":"https:\/\/www.eldigitaldeasturias.com\/noticias\/wp-json\/wp\/v2\/tags?post=979177"}],"curies":[{"name":"wp","href":"https:\/\/api.w.org\/{rel}","templated":true}]}}