{"id":979173,"date":"2018-05-05T21:39:18","date_gmt":"2018-05-05T21:39:18","guid":{"rendered":"http:\/\/www.eldigitaldeasturias.com\/noticias\/?p=979173"},"modified":"2018-05-05T21:39:18","modified_gmt":"2018-05-05T21:39:18","slug":"las-redes-sociales-en-nicaragua-un-espejo-de-la-crisis-politica","status":"publish","type":"post","link":"https:\/\/www.eldigitaldeasturias.com\/noticias\/las-redes-sociales-en-nicaragua-un-espejo-de-la-crisis-politica\/","title":{"rendered":"Las redes sociales en Nicaragua, un espejo de la crisis pol\u00edtica"},"content":{"rendered":"<p><img loading=\"lazy\" decoding=\"async\" class=\"alignleft size-medium wp-image-978359\" src=\"https:\/\/www.eldigitaldeasturias.com\/noticias\/wp-content\/uploads\/2018\/04\/internet-3113279_960_720-1-360x240.jpg\" alt=\"\" width=\"360\" height=\"240\" \/>Managua, 5 may (dpa) &#8211; La ira se ha desatado en las redes sociales en Nicaragua, que no hacen m\u00e1s que reflejar la crisis pol\u00edtica que se vive en el pa\u00eds centromericano desde hace m\u00e1s de dos semanas, cuando comenzaron las protestas de lo estudiantes contra una reforma al Seguro Social y que se trasladaron luego a otros sectores.<\/p>\n<p>Insultos, amenazas y ciberamistades rotas son el resultado del intenso enfrentamiento en las redes entre los simpatizantes del Gobierno sandinista de Daniel Ortega y quienes apoyan a los estudiantes universitarios que se rebelaron en contra de la administraci\u00f3n.<\/p>\n<p>Reconocidos artistas, \u00abinfluencers\u00bb y otras personalidades de la vida nacional que utilizan las redes sociales no han escapado a la polarizaci\u00f3n pol\u00edtica, exacerbada por la actuaci\u00f3n policial en contra de los j\u00f3venes durante las protestas, que seg\u00fan organismos de derechos humanos dejaron m\u00e1s de 50 muertos. No hay medias tintas.<\/p>\n<p>En declaraciones al canal de TV internacional CNN, el cantautor y compositor nicarag\u00fcense Carlos Mej\u00eda Gody afirm\u00f3: \u00abNo veo a mi Nicaragua nuevamente ba\u00f1ada en sangre\u00bb. Luego a\u00f1adi\u00f3 que cre\u00eda que los nicarag\u00fcenses eran \u00abcapaces de salir de esta situaci\u00f3n\u00bb de manera pac\u00edfica.<\/p>\n<p>Despu\u00e9s de que le llovieran las cr\u00edticas, Mej\u00eda Godoy admiti\u00f3 en su p\u00e1gina en Facebook: \u00abNo se justifica mi discurso fr\u00e1gil, ambiguo, muy lejos de las expectativas que \u2013posiblemente- ustedes ten\u00edan de mis declaraciones (period\u00edsticas). Fui inconsistente y reiterativo. Yo mismo no me reconoc\u00ed al verme totalmente fuera de foco\u00bb.<\/p>\n<p>De esta forma, reconoc\u00eda su descontento con sus propias declaraciones, que calific\u00f3 como \u00abuna lamentable experiencia\u00bb. \u00abTengan la certeza que no los volver\u00e9 a defraudar\u201d, dijo a sus seguidores.<\/p>\n<p>El bajista de la agrupaci\u00f3n musical La Cuneta Son Mach\u00edn, que fusiona m\u00fasica nacional con pop rock, Augusto Mej\u00eda, hijo del cantautor Carlos Mej\u00eda Godoy, anunci\u00f3 que elimin\u00f3 sus perfiles en las redes sociales por los mensajes de odio en su p\u00e1gina en Facebook.<\/p>\n<p>Augusto Mej\u00eda, tambi\u00e9n emprendedor y propietario de una marca de ropa juvenil, afirm\u00f3 haber sido obligado a abandonar la marcha antigubernamental del pasado 23 de abril por \u00ablos gritos y amenazas de un grupo de gente\u00bb. Adem\u00e1s, se vio obligado a cerrar sus redes sociales \u00abpor las muchas amenazas\u00bb recibidas. \u00abInsultos y odio motivados por una rabia mal dirigida, expres\u00f3 hoy en \u00abEl Nuevo Diario\u00bb.<\/p>\n<p>Un comentario del salsero nicarag\u00fcense Luis Enrique, quien reside en Miami, Estados Unidos, sobrino de Carlos Mej\u00eda Godoy, desat\u00f3 reacciones encontradas en su p\u00e1gina en Facebook, el viernes.<\/p>\n<p>\u00abNo puedes decirle a una madre que perdi\u00f3 a su hijo, que fue a manifestarse pac\u00edficamente, que no pas\u00f3 nada&#8230;En Nicaragua debemos olvidarnos del partidismo, unirnos como hermanos y buscar juntos la paz y la justicia\u00bb, expres\u00f3. Pocos minutos despu\u00e9s le llovieron comentarios de todo tipo.<\/p>\n<p>El comediante JR INN desactiv\u00f3 sus p\u00e1ginas p\u00fablicas para evitar la presi\u00f3n de sus miles de seguidores que ped\u00edan el apoyo a los estudiantes. Una decisi\u00f3n similar adaptaron las presentadoras de canales de televisi\u00f3n local Karly Fornos, Xiomara Blandino y Anabella Galeano.<\/p>\n<p>En el marco de la crisis, la Asamblea Nacional (congreso unicameral) anunciar\u00e1 ma\u00f1ana domingo a los integrantes de la Comisi\u00f3n de la Verdad, que investigar\u00e1 la muerte de los j\u00f3venes en las protestas estudiantiles.<\/p>\n<p>El gobierno de Nicaragua ha reconocido diez fallecidos. El Centro Nicarag\u00fcense de Derechos Humanos (Cenidh) ha confirmado 45 muertes y m\u00e1s de 400 lesiones entre el 19 de abril y el 3 de mayo, seg\u00fan un informe preliminar. La Comisi\u00f3n Permanente de Derechos Humanos (CPDH) registra 54 muertos y la Asociaci\u00f3n Pro Derechos Humanos (APDH) 63, mientras el Gobierno s\u00f3lo report\u00f3 diez.<\/p>\n<p>Las protestas iniciaron el 17 de abril contra una reforma al Seguro cial, que aumentaba las cuotas de trabajadores y empresas. Aunque Ortega revoc\u00f3 la reforma, las manifestaciones se multiplicaron tras la violenta acci\u00f3n de la Polic\u00eda y grupos de choque del Gobierno.<\/p>\n<p><i class=\"lang-es\"><span class=\" readonly\" title=\"\">Por Sonia Gonzalez (dpa)<\/span><\/i><\/p>\n","protected":false},"excerpt":{"rendered":"<p>Managua, 5 may (dpa) &#8211; La ira se ha desatado en las redes sociales en Nicaragua, que no hacen m\u00e1s que reflejar la crisis pol\u00edtica que se vive en el pa\u00eds centromericano desde hace m\u00e1s de dos semanas, cuando comenzaron las protestas de lo estudiantes contra una reforma al Seguro Social y que se trasladaron [&hellip;]<\/p>\n","protected":false},"author":1,"featured_media":978359,"comment_status":"closed","ping_status":"closed","sticky":false,"template":"","format":"standard","meta":{"footnotes":""},"categories":[1],"tags":[],"class_list":["post-979173","post","type-post","status-publish","format-standard","has-post-thumbnail","hentry","category-actualidad"],"aioseo_notices":[],"aioseo_head":"\n\t\t<!-- All in One SEO Pro 5.0.1 - aioseo.com -->\n\t<meta name=\"description\" content=\"Managua, 5 may (dpa) - La ira se ha desatado en las redes sociales en Nicaragua, que no hacen m\u00e1s que reflejar la crisis pol\u00edtica que se vive en el pa\u00eds centromericano desde hace m\u00e1s de dos semanas, cuando comenzaron las protestas de lo estudiantes contra una reforma al Seguro Social y que se trasladaron\" \/>\n\t<meta name=\"robots\" content=\"max-image-preview:large\" \/>\n\t<meta name=\"author\" content=\"El Digital de Asturias\"\/>\n\t<meta name=\"google-site-verification\" content=\"UA-38556648-1\" \/>\n\t<meta name=\"msvalidate.01\" content=\"7dfe9f3f1b24437ab69f4f2559babe99\" \/>\n\t<meta name=\"keywords\" content=\"actualidad\" \/>\n\t<link rel=\"canonical\" href=\"https:\/\/www.eldigitaldeasturias.com\/noticias\/las-redes-sociales-en-nicaragua-un-espejo-de-la-crisis-politica\/\" \/>\n\t<meta name=\"generator\" content=\"All in One SEO Pro (AIOSEO) 5.0.1\" \/>\n\t\t<meta property=\"og:locale\" content=\"es_ES\" \/>\n\t\t<meta property=\"og:site_name\" content=\"El Digital de Asturias\" \/>\n\t\t<meta property=\"og:type\" content=\"article\" \/>\n\t\t<meta property=\"og:title\" content=\"Las redes sociales en Nicaragua, un espejo de la crisis pol\u00edtica - El Digital de Asturias\" \/>\n\t\t<meta property=\"og:description\" content=\"Managua, 5 may (dpa) - La ira se ha desatado en las redes sociales en Nicaragua, que no hacen m\u00e1s que reflejar la crisis pol\u00edtica que se vive en el pa\u00eds centromericano desde hace m\u00e1s de dos semanas, cuando comenzaron las protestas de lo estudiantes contra una reforma al Seguro Social y que se trasladaron\" \/>\n\t\t<meta property=\"og:url\" content=\"https:\/\/www.eldigitaldeasturias.com\/noticias\/las-redes-sociales-en-nicaragua-un-espejo-de-la-crisis-politica\/\" \/>\n\t\t<meta property=\"article:tag\" content=\"actualidad\" \/>\n\t\t<meta property=\"article:published_time\" content=\"2018-05-05T21:39:18+00:00\" \/>\n\t\t<meta property=\"article:modified_time\" content=\"2018-05-05T21:39:18+00:00\" \/>\n\t\t<meta property=\"article:publisher\" content=\"https:\/\/facebook.com\/eldigitaldeasturias\" \/>\n\t\t<meta name=\"twitter:card\" content=\"summary_large_image\" \/>\n\t\t<meta name=\"twitter:title\" content=\"Las redes sociales en Nicaragua, un espejo de la crisis pol\u00edtica - El Digital de Asturias\" \/>\n\t\t<meta name=\"twitter:description\" content=\"Managua, 5 may (dpa) - La ira se ha desatado en las redes sociales en Nicaragua, que no hacen m\u00e1s que reflejar la crisis pol\u00edtica que se vive en el pa\u00eds centromericano desde hace m\u00e1s de dos semanas, cuando comenzaron las protestas de lo estudiantes contra una reforma al Seguro Social y que se trasladaron\" \/>\n\t\t<meta name=\"twitter:image\" content=\"https:\/\/www.eldigitaldeasturias.com\/noticias\/wp-content\/uploads\/2020\/12\/EDA-1.jpg\" \/>\n\t\t<meta name=\"twitter:label1\" content=\"Escrito por\" \/>\n\t\t<meta name=\"twitter:data1\" content=\"El Digital de Asturias\" \/>\n\t\t<meta name=\"twitter:label2\" content=\"Tiempo de lectura estimado\" \/>\n\t\t<meta name=\"twitter:data2\" content=\"3 minutos\" \/>\n\t\t<script type=\"application\/ld+json\" class=\"aioseo-schema\">\n\t\t\t{\"@context\":\"https:\\\/\\\/schema.org\",\"@graph\":[{\"@type\":\"BlogPosting\",\"@id\":\"https:\\\/\\\/www.eldigitaldeasturias.com\\\/noticias\\\/las-redes-sociales-en-nicaragua-un-espejo-de-la-crisis-politica\\\/#blogposting\",\"name\":\"Las redes sociales en Nicaragua, un espejo de la crisis pol\\u00edtica - El Digital de Asturias\",\"headline\":\"Las redes sociales en Nicaragua, un espejo de la crisis pol\\u00edtica\",\"author\":{\"@id\":\"https:\\\/\\\/www.eldigitaldeasturias.com\\\/noticias\\\/author\\\/admin\\\/#author\"},\"publisher\":{\"@id\":\"https:\\\/\\\/www.eldigitaldeasturias.com\\\/noticias\\\/#organization\"},\"image\":{\"@type\":\"ImageObject\",\"url\":978359},\"datePublished\":\"2018-05-05T21:39:18+02:00\",\"dateModified\":\"2018-05-05T21:39:18+02:00\",\"inLanguage\":\"es-ES\",\"mainEntityOfPage\":{\"@id\":\"https:\\\/\\\/www.eldigitaldeasturias.com\\\/noticias\\\/las-redes-sociales-en-nicaragua-un-espejo-de-la-crisis-politica\\\/#webpage\"},\"isPartOf\":{\"@id\":\"https:\\\/\\\/www.eldigitaldeasturias.com\\\/noticias\\\/las-redes-sociales-en-nicaragua-un-espejo-de-la-crisis-politica\\\/#webpage\"},\"articleSection\":\"Actualidad\"},{\"@type\":\"BreadcrumbList\",\"@id\":\"https:\\\/\\\/www.eldigitaldeasturias.com\\\/noticias\\\/las-redes-sociales-en-nicaragua-un-espejo-de-la-crisis-politica\\\/#breadcrumblist\",\"itemListElement\":[{\"@type\":\"ListItem\",\"@id\":\"https:\\\/\\\/www.eldigitaldeasturias.com\\\/noticias#listItem\",\"position\":1,\"name\":\"Home\",\"item\":\"https:\\\/\\\/www.eldigitaldeasturias.com\\\/noticias\",\"nextItem\":{\"@type\":\"ListItem\",\"@id\":\"https:\\\/\\\/www.eldigitaldeasturias.com\\\/noticias\\\/category\\\/actualidad\\\/#listItem\",\"name\":\"Actualidad\"}},{\"@type\":\"ListItem\",\"@id\":\"https:\\\/\\\/www.eldigitaldeasturias.com\\\/noticias\\\/category\\\/actualidad\\\/#listItem\",\"position\":2,\"name\":\"Actualidad\",\"item\":\"https:\\\/\\\/www.eldigitaldeasturias.com\\\/noticias\\\/category\\\/actualidad\\\/\",\"nextItem\":{\"@type\":\"ListItem\",\"@id\":\"https:\\\/\\\/www.eldigitaldeasturias.com\\\/noticias\\\/las-redes-sociales-en-nicaragua-un-espejo-de-la-crisis-politica\\\/#listItem\",\"name\":\"Las redes sociales en Nicaragua, un espejo de la crisis pol\\u00edtica\"},\"previousItem\":{\"@type\":\"ListItem\",\"@id\":\"https:\\\/\\\/www.eldigitaldeasturias.com\\\/noticias#listItem\",\"name\":\"Home\"}},{\"@type\":\"ListItem\",\"@id\":\"https:\\\/\\\/www.eldigitaldeasturias.com\\\/noticias\\\/las-redes-sociales-en-nicaragua-un-espejo-de-la-crisis-politica\\\/#listItem\",\"position\":3,\"name\":\"Las redes sociales en Nicaragua, un espejo de la crisis pol\\u00edtica\",\"previousItem\":{\"@type\":\"ListItem\",\"@id\":\"https:\\\/\\\/www.eldigitaldeasturias.com\\\/noticias\\\/category\\\/actualidad\\\/#listItem\",\"name\":\"Actualidad\"}}]},{\"@type\":\"Organization\",\"@id\":\"https:\\\/\\\/www.eldigitaldeasturias.com\\\/noticias\\\/#organization\",\"name\":\"El Digital de Asturias\",\"description\":\"Hemeroteca\",\"url\":\"https:\\\/\\\/www.eldigitaldeasturias.com\\\/noticias\\\/\",\"email\":\"info@eldigitaldeasturias.com\",\"telephone\":\"+34652131393\",\"logo\":{\"@type\":\"ImageObject\",\"url\":\"https:\\\/\\\/www.eldigitaldeasturias.com\\\/noticias\\\/wp-content\\\/uploads\\\/2020\\\/12\\\/EDA.jpg\",\"@id\":\"https:\\\/\\\/www.eldigitaldeasturias.com\\\/noticias\\\/las-redes-sociales-en-nicaragua-un-espejo-de-la-crisis-politica\\\/#organizationLogo\"},\"image\":{\"@id\":\"https:\\\/\\\/www.eldigitaldeasturias.com\\\/noticias\\\/las-redes-sociales-en-nicaragua-un-espejo-de-la-crisis-politica\\\/#organizationLogo\"},\"sameAs\":[\"https:\\\/\\\/facebook.com\\\/eldigitaldeasturias\",\"https:\\\/\\\/www.youtube.com\\\/channel\\\/UCZP-2wLEB9Rv6erhFmqVnvg\"],\"address\":{\"@id\":\"https:\\\/\\\/www.eldigitaldeasturias.com\\\/noticias\\\/#postaladdress\",\"@type\":\"PostalAddress\",\"streetAddress\":\"san antonio 4\",\"postalCode\":\"33430\",\"addressLocality\":\"Cand\\u00e1s\",\"addressRegion\":\"Asturias\",\"addressCountry\":\"ES\"}},{\"@type\":\"Person\",\"@id\":\"https:\\\/\\\/www.eldigitaldeasturias.com\\\/noticias\\\/author\\\/admin\\\/#author\",\"url\":\"https:\\\/\\\/www.eldigitaldeasturias.com\\\/noticias\\\/author\\\/admin\\\/\",\"name\":\"El Digital de Asturias\",\"image\":{\"@type\":\"ImageObject\",\"@id\":\"https:\\\/\\\/www.eldigitaldeasturias.com\\\/noticias\\\/las-redes-sociales-en-nicaragua-un-espejo-de-la-crisis-politica\\\/#authorImage\",\"url\":\"https:\\\/\\\/secure.gravatar.com\\\/avatar\\\/df2aeffc32bcd13f8d26072ef8a91b623d677766deac7f97ca815868cd41bf5e?s=96&d=mm&r=g\",\"width\":96,\"height\":96,\"caption\":\"El Digital de Asturias\"}},{\"@type\":\"WebPage\",\"@id\":\"https:\\\/\\\/www.eldigitaldeasturias.com\\\/noticias\\\/las-redes-sociales-en-nicaragua-un-espejo-de-la-crisis-politica\\\/#webpage\",\"url\":\"https:\\\/\\\/www.eldigitaldeasturias.com\\\/noticias\\\/las-redes-sociales-en-nicaragua-un-espejo-de-la-crisis-politica\\\/\",\"name\":\"Las redes sociales en Nicaragua, un espejo de la crisis pol\\u00edtica - El Digital de Asturias\",\"description\":\"Managua, 5 may (dpa) - La ira se ha desatado en las redes sociales en Nicaragua, que no hacen m\\u00e1s que reflejar la crisis pol\\u00edtica que se vive en el pa\\u00eds centromericano desde hace m\\u00e1s de dos semanas, cuando comenzaron las protestas de lo estudiantes contra una reforma al Seguro Social y que se trasladaron\",\"inLanguage\":\"es-ES\",\"isPartOf\":{\"@id\":\"https:\\\/\\\/www.eldigitaldeasturias.com\\\/noticias\\\/#website\"},\"breadcrumb\":{\"@id\":\"https:\\\/\\\/www.eldigitaldeasturias.com\\\/noticias\\\/las-redes-sociales-en-nicaragua-un-espejo-de-la-crisis-politica\\\/#breadcrumblist\"},\"author\":{\"@id\":\"https:\\\/\\\/www.eldigitaldeasturias.com\\\/noticias\\\/author\\\/admin\\\/#author\"},\"creator\":{\"@id\":\"https:\\\/\\\/www.eldigitaldeasturias.com\\\/noticias\\\/author\\\/admin\\\/#author\"},\"image\":{\"@type\":\"ImageObject\",\"url\":978359,\"@id\":\"https:\\\/\\\/www.eldigitaldeasturias.com\\\/noticias\\\/las-redes-sociales-en-nicaragua-un-espejo-de-la-crisis-politica\\\/#mainImage\"},\"primaryImageOfPage\":{\"@id\":\"https:\\\/\\\/www.eldigitaldeasturias.com\\\/noticias\\\/las-redes-sociales-en-nicaragua-un-espejo-de-la-crisis-politica\\\/#mainImage\"},\"datePublished\":\"2018-05-05T21:39:18+02:00\",\"dateModified\":\"2018-05-05T21:39:18+02:00\"},{\"@type\":\"WebSite\",\"@id\":\"https:\\\/\\\/www.eldigitaldeasturias.com\\\/noticias\\\/#website\",\"url\":\"https:\\\/\\\/www.eldigitaldeasturias.com\\\/noticias\\\/\",\"name\":\"El Digital de Asturias - Diario de actualidad y noticias\",\"alternateName\":\"El Digital de Asturias - Diario de actualidad y noticias\",\"description\":\"Hemeroteca\",\"inLanguage\":\"es-ES\",\"publisher\":{\"@id\":\"https:\\\/\\\/www.eldigitaldeasturias.com\\\/noticias\\\/#organization\"}}]}\n\t\t<\/script>\n\t\t<!-- All in One SEO Pro -->\r\n\t\t<title>Las redes sociales en Nicaragua, un espejo de la crisis pol\u00edtica - El Digital de Asturias<\/title>\n\n","aioseo_head_json":{"title":"Las redes sociales en Nicaragua, un espejo de la crisis pol\u00edtica - El Digital de Asturias","description":"Managua, 5 may (dpa) - La ira se ha desatado en las redes sociales en Nicaragua, que no hacen m\u00e1s que reflejar la crisis pol\u00edtica que se vive en el pa\u00eds centromericano desde hace m\u00e1s de dos semanas, cuando comenzaron las protestas de lo estudiantes contra una reforma al Seguro Social y que se trasladaron","canonical_url":"https:\/\/www.eldigitaldeasturias.com\/noticias\/las-redes-sociales-en-nicaragua-un-espejo-de-la-crisis-politica\/","robots":"max-image-preview:large","keywords":"actualidad","webmasterTools":{"google-site-verification":"UA-38556648-1","msvalidate.01":"7dfe9f3f1b24437ab69f4f2559babe99","miscellaneous":""},"schema":{"@context":"https:\/\/schema.org","@graph":[{"@type":"BlogPosting","@id":"https:\/\/www.eldigitaldeasturias.com\/noticias\/las-redes-sociales-en-nicaragua-un-espejo-de-la-crisis-politica\/#blogposting","name":"Las redes sociales en Nicaragua, un espejo de la crisis pol\u00edtica - El Digital de Asturias","headline":"Las redes sociales en Nicaragua, un espejo de la crisis pol\u00edtica","author":{"@id":"https:\/\/www.eldigitaldeasturias.com\/noticias\/author\/admin\/#author"},"publisher":{"@id":"https:\/\/www.eldigitaldeasturias.com\/noticias\/#organization"},"image":{"@type":"ImageObject","url":978359},"datePublished":"2018-05-05T21:39:18+02:00","dateModified":"2018-05-05T21:39:18+02:00","inLanguage":"es-ES","mainEntityOfPage":{"@id":"https:\/\/www.eldigitaldeasturias.com\/noticias\/las-redes-sociales-en-nicaragua-un-espejo-de-la-crisis-politica\/#webpage"},"isPartOf":{"@id":"https:\/\/www.eldigitaldeasturias.com\/noticias\/las-redes-sociales-en-nicaragua-un-espejo-de-la-crisis-politica\/#webpage"},"articleSection":"Actualidad"},{"@type":"BreadcrumbList","@id":"https:\/\/www.eldigitaldeasturias.com\/noticias\/las-redes-sociales-en-nicaragua-un-espejo-de-la-crisis-politica\/#breadcrumblist","itemListElement":[{"@type":"ListItem","@id":"https:\/\/www.eldigitaldeasturias.com\/noticias#listItem","position":1,"name":"Home","item":"https:\/\/www.eldigitaldeasturias.com\/noticias","nextItem":{"@type":"ListItem","@id":"https:\/\/www.eldigitaldeasturias.com\/noticias\/category\/actualidad\/#listItem","name":"Actualidad"}},{"@type":"ListItem","@id":"https:\/\/www.eldigitaldeasturias.com\/noticias\/category\/actualidad\/#listItem","position":2,"name":"Actualidad","item":"https:\/\/www.eldigitaldeasturias.com\/noticias\/category\/actualidad\/","nextItem":{"@type":"ListItem","@id":"https:\/\/www.eldigitaldeasturias.com\/noticias\/las-redes-sociales-en-nicaragua-un-espejo-de-la-crisis-politica\/#listItem","name":"Las redes sociales en Nicaragua, un espejo de la crisis pol\u00edtica"},"previousItem":{"@type":"ListItem","@id":"https:\/\/www.eldigitaldeasturias.com\/noticias#listItem","name":"Home"}},{"@type":"ListItem","@id":"https:\/\/www.eldigitaldeasturias.com\/noticias\/las-redes-sociales-en-nicaragua-un-espejo-de-la-crisis-politica\/#listItem","position":3,"name":"Las redes sociales en Nicaragua, un espejo de la crisis pol\u00edtica","previousItem":{"@type":"ListItem","@id":"https:\/\/www.eldigitaldeasturias.com\/noticias\/category\/actualidad\/#listItem","name":"Actualidad"}}]},{"@type":"Organization","@id":"https:\/\/www.eldigitaldeasturias.com\/noticias\/#organization","name":"El Digital de Asturias","description":"Hemeroteca","url":"https:\/\/www.eldigitaldeasturias.com\/noticias\/","email":"info@eldigitaldeasturias.com","telephone":"+34652131393","logo":{"@type":"ImageObject","url":"https:\/\/www.eldigitaldeasturias.com\/noticias\/wp-content\/uploads\/2020\/12\/EDA.jpg","@id":"https:\/\/www.eldigitaldeasturias.com\/noticias\/las-redes-sociales-en-nicaragua-un-espejo-de-la-crisis-politica\/#organizationLogo"},"image":{"@id":"https:\/\/www.eldigitaldeasturias.com\/noticias\/las-redes-sociales-en-nicaragua-un-espejo-de-la-crisis-politica\/#organizationLogo"},"sameAs":["https:\/\/facebook.com\/eldigitaldeasturias","https:\/\/www.youtube.com\/channel\/UCZP-2wLEB9Rv6erhFmqVnvg"],"address":{"@id":"https:\/\/www.eldigitaldeasturias.com\/noticias\/#postaladdress","@type":"PostalAddress","streetAddress":"san antonio 4","postalCode":"33430","addressLocality":"Cand\u00e1s","addressRegion":"Asturias","addressCountry":"ES"}},{"@type":"Person","@id":"https:\/\/www.eldigitaldeasturias.com\/noticias\/author\/admin\/#author","url":"https:\/\/www.eldigitaldeasturias.com\/noticias\/author\/admin\/","name":"El Digital de Asturias","image":{"@type":"ImageObject","@id":"https:\/\/www.eldigitaldeasturias.com\/noticias\/las-redes-sociales-en-nicaragua-un-espejo-de-la-crisis-politica\/#authorImage","url":"https:\/\/secure.gravatar.com\/avatar\/df2aeffc32bcd13f8d26072ef8a91b623d677766deac7f97ca815868cd41bf5e?s=96&d=mm&r=g","width":96,"height":96,"caption":"El Digital de Asturias"}},{"@type":"WebPage","@id":"https:\/\/www.eldigitaldeasturias.com\/noticias\/las-redes-sociales-en-nicaragua-un-espejo-de-la-crisis-politica\/#webpage","url":"https:\/\/www.eldigitaldeasturias.com\/noticias\/las-redes-sociales-en-nicaragua-un-espejo-de-la-crisis-politica\/","name":"Las redes sociales en Nicaragua, un espejo de la crisis pol\u00edtica - El Digital de Asturias","description":"Managua, 5 may (dpa) - La ira se ha desatado en las redes sociales en Nicaragua, que no hacen m\u00e1s que reflejar la crisis pol\u00edtica que se vive en el pa\u00eds centromericano desde hace m\u00e1s de dos semanas, cuando comenzaron las protestas de lo estudiantes contra una reforma al Seguro Social y que se trasladaron","inLanguage":"es-ES","isPartOf":{"@id":"https:\/\/www.eldigitaldeasturias.com\/noticias\/#website"},"breadcrumb":{"@id":"https:\/\/www.eldigitaldeasturias.com\/noticias\/las-redes-sociales-en-nicaragua-un-espejo-de-la-crisis-politica\/#breadcrumblist"},"author":{"@id":"https:\/\/www.eldigitaldeasturias.com\/noticias\/author\/admin\/#author"},"creator":{"@id":"https:\/\/www.eldigitaldeasturias.com\/noticias\/author\/admin\/#author"},"image":{"@type":"ImageObject","url":978359,"@id":"https:\/\/www.eldigitaldeasturias.com\/noticias\/las-redes-sociales-en-nicaragua-un-espejo-de-la-crisis-politica\/#mainImage"},"primaryImageOfPage":{"@id":"https:\/\/www.eldigitaldeasturias.com\/noticias\/las-redes-sociales-en-nicaragua-un-espejo-de-la-crisis-politica\/#mainImage"},"datePublished":"2018-05-05T21:39:18+02:00","dateModified":"2018-05-05T21:39:18+02:00"},{"@type":"WebSite","@id":"https:\/\/www.eldigitaldeasturias.com\/noticias\/#website","url":"https:\/\/www.eldigitaldeasturias.com\/noticias\/","name":"El Digital de Asturias - Diario de actualidad y noticias","alternateName":"El Digital de Asturias - Diario de actualidad y noticias","description":"Hemeroteca","inLanguage":"es-ES","publisher":{"@id":"https:\/\/www.eldigitaldeasturias.com\/noticias\/#organization"}}]},"og:locale":"es_ES","og:site_name":"El Digital de Asturias","og:type":"article","og:title":"Las redes sociales en Nicaragua, un espejo de la crisis pol\u00edtica - El Digital de Asturias","og:description":"Managua, 5 may (dpa) - La ira se ha desatado en las redes sociales en Nicaragua, que no hacen m\u00e1s que reflejar la crisis pol\u00edtica que se vive en el pa\u00eds centromericano desde hace m\u00e1s de dos semanas, cuando comenzaron las protestas de lo estudiantes contra una reforma al Seguro Social y que se trasladaron","og:url":"https:\/\/www.eldigitaldeasturias.com\/noticias\/las-redes-sociales-en-nicaragua-un-espejo-de-la-crisis-politica\/","article:tag":["actualidad"],"article:published_time":"2018-05-05T21:39:18+00:00","article:modified_time":"2018-05-05T21:39:18+00:00","article:publisher":"https:\/\/facebook.com\/eldigitaldeasturias","twitter:card":"summary_large_image","twitter:title":"Las redes sociales en Nicaragua, un espejo de la crisis pol\u00edtica - El Digital de Asturias","twitter:description":"Managua, 5 may (dpa) - La ira se ha desatado en las redes sociales en Nicaragua, que no hacen m\u00e1s que reflejar la crisis pol\u00edtica que se vive en el pa\u00eds centromericano desde hace m\u00e1s de dos semanas, cuando comenzaron las protestas de lo estudiantes contra una reforma al Seguro Social y que se trasladaron","twitter:image":"https:\/\/www.eldigitaldeasturias.com\/noticias\/wp-content\/uploads\/2020\/12\/EDA-1.jpg","twitter:label1":"Escrito por","twitter:data1":"El Digital de Asturias","twitter:label2":"Tiempo de lectura estimado","twitter:data2":"3 minutos"},"aioseo_meta_data":{"post_id":"979173","title":null,"description":null,"keywords":null,"keyphrases":null,"primary_term":null,"canonical_url":null,"og_title":null,"og_description":null,"og_object_type":"default","og_image_type":"default","og_image_url":null,"og_image_width":null,"og_image_height":null,"og_image_custom_url":null,"og_image_custom_fields":null,"og_video":null,"og_custom_url":null,"og_article_section":null,"og_article_tags":null,"twitter_use_og":false,"twitter_card":"default","twitter_image_type":"default","twitter_image_url":null,"twitter_image_custom_url":null,"twitter_image_custom_fields":null,"twitter_title":null,"twitter_description":null,"schema":{"blockGraphs":[],"customGraphs":[],"default":{"data":{"Article":[],"Course":[],"Dataset":[],"FAQPage":[],"Movie":[],"Person":[],"Product":[],"ProductReview":[],"Car":[],"Recipe":[],"Service":[],"SoftwareApplication":[],"WebPage":[]},"graphName":"","isEnabled":true},"graphs":[],"defaultGraph":"","defaultPostTypeGraph":""},"schema_type":null,"schema_type_options":null,"pillar_content":false,"robots_default":true,"robots_noindex":false,"robots_noarchive":false,"robots_nosnippet":false,"robots_nofollow":false,"robots_noimageindex":false,"robots_noodp":false,"robots_notranslate":false,"robots_max_snippet":null,"robots_max_videopreview":null,"robots_max_imagepreview":"large","priority":null,"frequency":null,"local_seo":null,"seo_analyzer_scan_date":"2025-10-08 13:25:03","breadcrumb_settings":null,"limit_modified_date":false,"open_ai":null,"ai":null,"created":"2020-12-21 12:00:37","updated":"2025-10-08 13:25:03","focus_keyword":null,"additional_keywords":null,"truseo_locale":null},"aioseo_breadcrumb":"<div class=\"aioseo-breadcrumbs\"><span class=\"aioseo-breadcrumb\">\n\t<a href=\"https:\/\/www.eldigitaldeasturias.com\/noticias\" title=\"Home\">Home<\/a>\n<\/span><span class=\"aioseo-breadcrumb-separator\">\u2013<\/span><span class=\"aioseo-breadcrumb\">\n\t<a href=\"https:\/\/www.eldigitaldeasturias.com\/noticias\/category\/actualidad\/\" title=\"Actualidad\">Actualidad<\/a>\n<\/span><span class=\"aioseo-breadcrumb-separator\">\u2013<\/span><span class=\"aioseo-breadcrumb\">\n\t<a href=\"https:\/\/www.eldigitaldeasturias.com\/noticias\/las-redes-sociales-en-nicaragua-un-espejo-de-la-crisis-politica\/\" title=\"Las redes sociales en Nicaragua, un espejo de la crisis pol\u00edtica\">Las redes sociales en Nicaragua, un espejo de la crisis pol\u00edtica<\/a>\n<\/span><\/div>","aioseo_breadcrumb_json":[{"label":"Home","link":"https:\/\/www.eldigitaldeasturias.com\/noticias"},{"label":"Actualidad","link":"https:\/\/www.eldigitaldeasturias.com\/noticias\/category\/actualidad\/"},{"label":"Las redes sociales en Nicaragua, un espejo de la crisis pol\u00edtica","link":"https:\/\/www.eldigitaldeasturias.com\/noticias\/las-redes-sociales-en-nicaragua-un-espejo-de-la-crisis-politica\/"}],"_links":{"self":[{"href":"https:\/\/www.eldigitaldeasturias.com\/noticias\/wp-json\/wp\/v2\/posts\/979173","targetHints":{"allow":["GET"]}}],"collection":[{"href":"https:\/\/www.eldigitaldeasturias.com\/noticias\/wp-json\/wp\/v2\/posts"}],"about":[{"href":"https:\/\/www.eldigitaldeasturias.com\/noticias\/wp-json\/wp\/v2\/types\/post"}],"author":[{"embeddable":true,"href":"https:\/\/www.eldigitaldeasturias.com\/noticias\/wp-json\/wp\/v2\/users\/1"}],"replies":[{"embeddable":true,"href":"https:\/\/www.eldigitaldeasturias.com\/noticias\/wp-json\/wp\/v2\/comments?post=979173"}],"version-history":[{"count":0,"href":"https:\/\/www.eldigitaldeasturias.com\/noticias\/wp-json\/wp\/v2\/posts\/979173\/revisions"}],"wp:attachment":[{"href":"https:\/\/www.eldigitaldeasturias.com\/noticias\/wp-json\/wp\/v2\/media?parent=979173"}],"wp:term":[{"taxonomy":"category","embeddable":true,"href":"https:\/\/www.eldigitaldeasturias.com\/noticias\/wp-json\/wp\/v2\/categories?post=979173"},{"taxonomy":"post_tag","embeddable":true,"href":"https:\/\/www.eldigitaldeasturias.com\/noticias\/wp-json\/wp\/v2\/tags?post=979173"}],"curies":[{"name":"wp","href":"https:\/\/api.w.org\/{rel}","templated":true}]}}