{"id":979153,"date":"2018-05-05T14:30:57","date_gmt":"2018-05-05T14:30:57","guid":{"rendered":"http:\/\/www.eldigitaldeasturias.com\/noticias\/?p=979153"},"modified":"2018-05-05T14:30:57","modified_gmt":"2018-05-05T14:30:57","slug":"puigdemont-rechaza-ser-candidato-en-las-europeas-con-el-dzp","status":"publish","type":"post","link":"https:\/\/www.eldigitaldeasturias.com\/noticias\/puigdemont-rechaza-ser-candidato-en-las-europeas-con-el-dzp\/","title":{"rendered":"Puigdemont rechaza ser candidato en las europeas con el DZP"},"content":{"rendered":"<p><img loading=\"lazy\" decoding=\"async\" class=\"alignleft size-medium wp-image-973532\" src=\"https:\/\/www.eldigitaldeasturias.com\/noticias\/wp-content\/uploads\/2018\/03\/Puigdemont-360x202.jpg\" alt=\"\" width=\"360\" height=\"202\" \/>Barcelona\/Berl\u00edn, 5 may (dpa) &#8211; Carles Puigdemont rechazar\u00e1 la candidatura a las elecciones europeas de 2019 que le ofreci\u00f3 ayer un peque\u00f1o partido alem\u00e1n, seg\u00fan adelant\u00f3 la formaci\u00f3n del ex presidente catal\u00e1n, Junts per Catalunya (JxCat).<\/p>\n<p>Fuentes de la formaci\u00f3n independentista aclararon que la oferta del Partido Alem\u00e1n de Centro (DZP) fue una iniciativa \u00absin notificaci\u00f3n previa\u00bb y que Puigdemont no habl\u00f3 ni con el DZP ni con ning\u00fan otro partido sobre una posible participaci\u00f3n en las elecciones europeas.<\/p>\n<p>\u00abEn caso de que hubiera una oferta oficial, el presidente la desestimar\u00e1 porque su prioridad no son las elecciones europeas, sino la recuperaci\u00f3n de las instituciones catalanas\u00bb, a\u00f1adi\u00f3 JxCat.<\/p>\n<p>La reacci\u00f3n de la plataforma de Puigdemont lleg\u00f3 poco despu\u00e9s de que el secretario general del DZP, Christian Otte, confirmara a la agencia dpa el ofrecimiento a Puigdemont para ser su cabeza de lista en las elecciones europeas de mayo de 2019.<\/p>\n<p>La c\u00fapula de la peque\u00f1a formaci\u00f3n, fundada en 1870 y que se autodenomina como \u00abel partido m\u00e1s antiguo de Alemania\u00bb, tom\u00f3 la decisi\u00f3n este lunes.<\/p>\n<p>\u00abSeg\u00fan expertos en derecho, Puigdemont puede presentar su candidatura al Parlamento Europeo, ya que que la ley electoral establece que un ciudadano de la UE puede hacerlo en otro Estado miembro cuando tiene all\u00ed su residencia\u00bb, dice la nota de prensa del DZP en la que anuncia su decisi\u00f3n.<\/p>\n<p>El Partido Alem\u00e1n de Centro se considera una formaci\u00f3n conservadora en lo pol\u00edtico y liberal en lo econ\u00f3mico, situada a la derecha de la Uni\u00f3n Cristiano Social b\u00e1vara (CSU, partido hermano de la formaci\u00f3n de la canciller Angela Merkel en Baviera) y a la izquierda de la ultraderechista Alternativa para Alemania (AfD).<\/p>\n<p>Pese a su importancia hist\u00f3rica, el DZP tiene ahora un caudal de votos muy limitado que en las comicios europeos de 2014 lo dej\u00f3 estad\u00edsticamente encuadrado en el 1,7 por ciento de votantes que apostaron por fuerzas minoritarias.<\/p>\n","protected":false},"excerpt":{"rendered":"<p>Barcelona\/Berl\u00edn, 5 may (dpa) &#8211; Carles Puigdemont rechazar\u00e1 la candidatura a las elecciones europeas de 2019 que le ofreci\u00f3 ayer un peque\u00f1o partido alem\u00e1n, seg\u00fan adelant\u00f3 la formaci\u00f3n del ex presidente catal\u00e1n, Junts per Catalunya (JxCat). Fuentes de la formaci\u00f3n independentista aclararon que la oferta del Partido Alem\u00e1n de Centro (DZP) fue una iniciativa \u00absin [&hellip;]<\/p>\n","protected":false},"author":1,"featured_media":973532,"comment_status":"closed","ping_status":"closed","sticky":false,"template":"","format":"standard","meta":{"footnotes":""},"categories":[1],"tags":[],"class_list":["post-979153","post","type-post","status-publish","format-standard","has-post-thumbnail","hentry","category-actualidad"],"aioseo_notices":[],"aioseo_head":"\n\t\t<!-- All in One SEO Pro 5.0.1 - aioseo.com -->\n\t<meta name=\"description\" content=\"Barcelona\/Berl\u00edn, 5 may (dpa) - Carles Puigdemont rechazar\u00e1 la candidatura a las elecciones europeas de 2019 que le ofreci\u00f3 ayer un peque\u00f1o partido alem\u00e1n, seg\u00fan adelant\u00f3 la formaci\u00f3n del ex presidente catal\u00e1n, Junts per Catalunya (JxCat). Fuentes de la formaci\u00f3n independentista aclararon que la oferta del Partido Alem\u00e1n de Centro (DZP) fue una iniciativa &quot;sin\" \/>\n\t<meta name=\"robots\" content=\"max-image-preview:large\" \/>\n\t<meta name=\"author\" content=\"El Digital de Asturias\"\/>\n\t<meta name=\"google-site-verification\" content=\"UA-38556648-1\" \/>\n\t<meta name=\"msvalidate.01\" content=\"7dfe9f3f1b24437ab69f4f2559babe99\" \/>\n\t<meta name=\"keywords\" content=\"actualidad\" \/>\n\t<link rel=\"canonical\" href=\"https:\/\/www.eldigitaldeasturias.com\/noticias\/puigdemont-rechaza-ser-candidato-en-las-europeas-con-el-dzp\/\" \/>\n\t<meta name=\"generator\" content=\"All in One SEO Pro (AIOSEO) 5.0.1\" \/>\n\t\t<meta property=\"og:locale\" content=\"es_ES\" \/>\n\t\t<meta property=\"og:site_name\" content=\"El Digital de Asturias\" \/>\n\t\t<meta property=\"og:type\" content=\"article\" \/>\n\t\t<meta property=\"og:title\" content=\"Puigdemont rechaza ser candidato en las europeas con el DZP - El Digital de Asturias\" \/>\n\t\t<meta property=\"og:description\" content=\"Barcelona\/Berl\u00edn, 5 may (dpa) - Carles Puigdemont rechazar\u00e1 la candidatura a las elecciones europeas de 2019 que le ofreci\u00f3 ayer un peque\u00f1o partido alem\u00e1n, seg\u00fan adelant\u00f3 la formaci\u00f3n del ex presidente catal\u00e1n, Junts per Catalunya (JxCat). Fuentes de la formaci\u00f3n independentista aclararon que la oferta del Partido Alem\u00e1n de Centro (DZP) fue una iniciativa &quot;sin\" \/>\n\t\t<meta property=\"og:url\" content=\"https:\/\/www.eldigitaldeasturias.com\/noticias\/puigdemont-rechaza-ser-candidato-en-las-europeas-con-el-dzp\/\" \/>\n\t\t<meta property=\"article:tag\" content=\"actualidad\" \/>\n\t\t<meta property=\"article:published_time\" content=\"2018-05-05T14:30:57+00:00\" \/>\n\t\t<meta property=\"article:modified_time\" content=\"2018-05-05T14:30:57+00:00\" \/>\n\t\t<meta property=\"article:publisher\" content=\"https:\/\/facebook.com\/eldigitaldeasturias\" \/>\n\t\t<meta name=\"twitter:card\" content=\"summary_large_image\" \/>\n\t\t<meta name=\"twitter:title\" content=\"Puigdemont rechaza ser candidato en las europeas con el DZP - El Digital de Asturias\" \/>\n\t\t<meta name=\"twitter:description\" content=\"Barcelona\/Berl\u00edn, 5 may (dpa) - Carles Puigdemont rechazar\u00e1 la candidatura a las elecciones europeas de 2019 que le ofreci\u00f3 ayer un peque\u00f1o partido alem\u00e1n, seg\u00fan adelant\u00f3 la formaci\u00f3n del ex presidente catal\u00e1n, Junts per Catalunya (JxCat). Fuentes de la formaci\u00f3n independentista aclararon que la oferta del Partido Alem\u00e1n de Centro (DZP) fue una iniciativa &quot;sin\" \/>\n\t\t<meta name=\"twitter:image\" content=\"https:\/\/www.eldigitaldeasturias.com\/noticias\/wp-content\/uploads\/2020\/12\/EDA-1.jpg\" \/>\n\t\t<meta name=\"twitter:label1\" content=\"Escrito por\" \/>\n\t\t<meta name=\"twitter:data1\" content=\"El Digital de Asturias\" \/>\n\t\t<meta name=\"twitter:label2\" content=\"Tiempo de lectura estimado\" \/>\n\t\t<meta name=\"twitter:data2\" content=\"2 minutos\" \/>\n\t\t<script type=\"application\/ld+json\" class=\"aioseo-schema\">\n\t\t\t{\"@context\":\"https:\\\/\\\/schema.org\",\"@graph\":[{\"@type\":\"BlogPosting\",\"@id\":\"https:\\\/\\\/www.eldigitaldeasturias.com\\\/noticias\\\/puigdemont-rechaza-ser-candidato-en-las-europeas-con-el-dzp\\\/#blogposting\",\"name\":\"Puigdemont rechaza ser candidato en las europeas con el DZP - El Digital de Asturias\",\"headline\":\"Puigdemont rechaza ser candidato en las europeas con el DZP\",\"author\":{\"@id\":\"https:\\\/\\\/www.eldigitaldeasturias.com\\\/noticias\\\/author\\\/admin\\\/#author\"},\"publisher\":{\"@id\":\"https:\\\/\\\/www.eldigitaldeasturias.com\\\/noticias\\\/#organization\"},\"image\":{\"@type\":\"ImageObject\",\"url\":973532},\"datePublished\":\"2018-05-05T14:30:57+02:00\",\"dateModified\":\"2018-05-05T14:30:57+02:00\",\"inLanguage\":\"es-ES\",\"mainEntityOfPage\":{\"@id\":\"https:\\\/\\\/www.eldigitaldeasturias.com\\\/noticias\\\/puigdemont-rechaza-ser-candidato-en-las-europeas-con-el-dzp\\\/#webpage\"},\"isPartOf\":{\"@id\":\"https:\\\/\\\/www.eldigitaldeasturias.com\\\/noticias\\\/puigdemont-rechaza-ser-candidato-en-las-europeas-con-el-dzp\\\/#webpage\"},\"articleSection\":\"Actualidad\"},{\"@type\":\"BreadcrumbList\",\"@id\":\"https:\\\/\\\/www.eldigitaldeasturias.com\\\/noticias\\\/puigdemont-rechaza-ser-candidato-en-las-europeas-con-el-dzp\\\/#breadcrumblist\",\"itemListElement\":[{\"@type\":\"ListItem\",\"@id\":\"https:\\\/\\\/www.eldigitaldeasturias.com\\\/noticias#listItem\",\"position\":1,\"name\":\"Home\",\"item\":\"https:\\\/\\\/www.eldigitaldeasturias.com\\\/noticias\",\"nextItem\":{\"@type\":\"ListItem\",\"@id\":\"https:\\\/\\\/www.eldigitaldeasturias.com\\\/noticias\\\/category\\\/actualidad\\\/#listItem\",\"name\":\"Actualidad\"}},{\"@type\":\"ListItem\",\"@id\":\"https:\\\/\\\/www.eldigitaldeasturias.com\\\/noticias\\\/category\\\/actualidad\\\/#listItem\",\"position\":2,\"name\":\"Actualidad\",\"item\":\"https:\\\/\\\/www.eldigitaldeasturias.com\\\/noticias\\\/category\\\/actualidad\\\/\",\"nextItem\":{\"@type\":\"ListItem\",\"@id\":\"https:\\\/\\\/www.eldigitaldeasturias.com\\\/noticias\\\/puigdemont-rechaza-ser-candidato-en-las-europeas-con-el-dzp\\\/#listItem\",\"name\":\"Puigdemont rechaza ser candidato en las europeas con el DZP\"},\"previousItem\":{\"@type\":\"ListItem\",\"@id\":\"https:\\\/\\\/www.eldigitaldeasturias.com\\\/noticias#listItem\",\"name\":\"Home\"}},{\"@type\":\"ListItem\",\"@id\":\"https:\\\/\\\/www.eldigitaldeasturias.com\\\/noticias\\\/puigdemont-rechaza-ser-candidato-en-las-europeas-con-el-dzp\\\/#listItem\",\"position\":3,\"name\":\"Puigdemont rechaza ser candidato en las europeas con el DZP\",\"previousItem\":{\"@type\":\"ListItem\",\"@id\":\"https:\\\/\\\/www.eldigitaldeasturias.com\\\/noticias\\\/category\\\/actualidad\\\/#listItem\",\"name\":\"Actualidad\"}}]},{\"@type\":\"Organization\",\"@id\":\"https:\\\/\\\/www.eldigitaldeasturias.com\\\/noticias\\\/#organization\",\"name\":\"El Digital de Asturias\",\"description\":\"Hemeroteca\",\"url\":\"https:\\\/\\\/www.eldigitaldeasturias.com\\\/noticias\\\/\",\"email\":\"info@eldigitaldeasturias.com\",\"telephone\":\"+34652131393\",\"logo\":{\"@type\":\"ImageObject\",\"url\":\"https:\\\/\\\/www.eldigitaldeasturias.com\\\/noticias\\\/wp-content\\\/uploads\\\/2020\\\/12\\\/EDA.jpg\",\"@id\":\"https:\\\/\\\/www.eldigitaldeasturias.com\\\/noticias\\\/puigdemont-rechaza-ser-candidato-en-las-europeas-con-el-dzp\\\/#organizationLogo\"},\"image\":{\"@id\":\"https:\\\/\\\/www.eldigitaldeasturias.com\\\/noticias\\\/puigdemont-rechaza-ser-candidato-en-las-europeas-con-el-dzp\\\/#organizationLogo\"},\"sameAs\":[\"https:\\\/\\\/facebook.com\\\/eldigitaldeasturias\",\"https:\\\/\\\/www.youtube.com\\\/channel\\\/UCZP-2wLEB9Rv6erhFmqVnvg\"],\"address\":{\"@id\":\"https:\\\/\\\/www.eldigitaldeasturias.com\\\/noticias\\\/#postaladdress\",\"@type\":\"PostalAddress\",\"streetAddress\":\"san antonio 4\",\"postalCode\":\"33430\",\"addressLocality\":\"Cand\\u00e1s\",\"addressRegion\":\"Asturias\",\"addressCountry\":\"ES\"}},{\"@type\":\"Person\",\"@id\":\"https:\\\/\\\/www.eldigitaldeasturias.com\\\/noticias\\\/author\\\/admin\\\/#author\",\"url\":\"https:\\\/\\\/www.eldigitaldeasturias.com\\\/noticias\\\/author\\\/admin\\\/\",\"name\":\"El Digital de Asturias\",\"image\":{\"@type\":\"ImageObject\",\"@id\":\"https:\\\/\\\/www.eldigitaldeasturias.com\\\/noticias\\\/puigdemont-rechaza-ser-candidato-en-las-europeas-con-el-dzp\\\/#authorImage\",\"url\":\"https:\\\/\\\/secure.gravatar.com\\\/avatar\\\/df2aeffc32bcd13f8d26072ef8a91b623d677766deac7f97ca815868cd41bf5e?s=96&d=mm&r=g\",\"width\":96,\"height\":96,\"caption\":\"El Digital de Asturias\"}},{\"@type\":\"WebPage\",\"@id\":\"https:\\\/\\\/www.eldigitaldeasturias.com\\\/noticias\\\/puigdemont-rechaza-ser-candidato-en-las-europeas-con-el-dzp\\\/#webpage\",\"url\":\"https:\\\/\\\/www.eldigitaldeasturias.com\\\/noticias\\\/puigdemont-rechaza-ser-candidato-en-las-europeas-con-el-dzp\\\/\",\"name\":\"Puigdemont rechaza ser candidato en las europeas con el DZP - El Digital de Asturias\",\"description\":\"Barcelona\\\/Berl\\u00edn, 5 may (dpa) - Carles Puigdemont rechazar\\u00e1 la candidatura a las elecciones europeas de 2019 que le ofreci\\u00f3 ayer un peque\\u00f1o partido alem\\u00e1n, seg\\u00fan adelant\\u00f3 la formaci\\u00f3n del ex presidente catal\\u00e1n, Junts per Catalunya (JxCat). Fuentes de la formaci\\u00f3n independentista aclararon que la oferta del Partido Alem\\u00e1n de Centro (DZP) fue una iniciativa \\\"sin\",\"inLanguage\":\"es-ES\",\"isPartOf\":{\"@id\":\"https:\\\/\\\/www.eldigitaldeasturias.com\\\/noticias\\\/#website\"},\"breadcrumb\":{\"@id\":\"https:\\\/\\\/www.eldigitaldeasturias.com\\\/noticias\\\/puigdemont-rechaza-ser-candidato-en-las-europeas-con-el-dzp\\\/#breadcrumblist\"},\"author\":{\"@id\":\"https:\\\/\\\/www.eldigitaldeasturias.com\\\/noticias\\\/author\\\/admin\\\/#author\"},\"creator\":{\"@id\":\"https:\\\/\\\/www.eldigitaldeasturias.com\\\/noticias\\\/author\\\/admin\\\/#author\"},\"image\":{\"@type\":\"ImageObject\",\"url\":973532,\"@id\":\"https:\\\/\\\/www.eldigitaldeasturias.com\\\/noticias\\\/puigdemont-rechaza-ser-candidato-en-las-europeas-con-el-dzp\\\/#mainImage\"},\"primaryImageOfPage\":{\"@id\":\"https:\\\/\\\/www.eldigitaldeasturias.com\\\/noticias\\\/puigdemont-rechaza-ser-candidato-en-las-europeas-con-el-dzp\\\/#mainImage\"},\"datePublished\":\"2018-05-05T14:30:57+02:00\",\"dateModified\":\"2018-05-05T14:30:57+02:00\"},{\"@type\":\"WebSite\",\"@id\":\"https:\\\/\\\/www.eldigitaldeasturias.com\\\/noticias\\\/#website\",\"url\":\"https:\\\/\\\/www.eldigitaldeasturias.com\\\/noticias\\\/\",\"name\":\"El Digital de Asturias - Diario de actualidad y noticias\",\"alternateName\":\"El Digital de Asturias - Diario de actualidad y noticias\",\"description\":\"Hemeroteca\",\"inLanguage\":\"es-ES\",\"publisher\":{\"@id\":\"https:\\\/\\\/www.eldigitaldeasturias.com\\\/noticias\\\/#organization\"}}]}\n\t\t<\/script>\n\t\t<!-- All in One SEO Pro -->\r\n\t\t<title>Puigdemont rechaza ser candidato en las europeas con el DZP - El Digital de Asturias<\/title>\n\n","aioseo_head_json":{"title":"Puigdemont rechaza ser candidato en las europeas con el DZP - El Digital de Asturias","description":"Barcelona\/Berl\u00edn, 5 may (dpa) - Carles Puigdemont rechazar\u00e1 la candidatura a las elecciones europeas de 2019 que le ofreci\u00f3 ayer un peque\u00f1o partido alem\u00e1n, seg\u00fan adelant\u00f3 la formaci\u00f3n del ex presidente catal\u00e1n, Junts per Catalunya (JxCat). Fuentes de la formaci\u00f3n independentista aclararon que la oferta del Partido Alem\u00e1n de Centro (DZP) fue una iniciativa \"sin","canonical_url":"https:\/\/www.eldigitaldeasturias.com\/noticias\/puigdemont-rechaza-ser-candidato-en-las-europeas-con-el-dzp\/","robots":"max-image-preview:large","keywords":"actualidad","webmasterTools":{"google-site-verification":"UA-38556648-1","msvalidate.01":"7dfe9f3f1b24437ab69f4f2559babe99","miscellaneous":""},"schema":{"@context":"https:\/\/schema.org","@graph":[{"@type":"BlogPosting","@id":"https:\/\/www.eldigitaldeasturias.com\/noticias\/puigdemont-rechaza-ser-candidato-en-las-europeas-con-el-dzp\/#blogposting","name":"Puigdemont rechaza ser candidato en las europeas con el DZP - El Digital de Asturias","headline":"Puigdemont rechaza ser candidato en las europeas con el DZP","author":{"@id":"https:\/\/www.eldigitaldeasturias.com\/noticias\/author\/admin\/#author"},"publisher":{"@id":"https:\/\/www.eldigitaldeasturias.com\/noticias\/#organization"},"image":{"@type":"ImageObject","url":973532},"datePublished":"2018-05-05T14:30:57+02:00","dateModified":"2018-05-05T14:30:57+02:00","inLanguage":"es-ES","mainEntityOfPage":{"@id":"https:\/\/www.eldigitaldeasturias.com\/noticias\/puigdemont-rechaza-ser-candidato-en-las-europeas-con-el-dzp\/#webpage"},"isPartOf":{"@id":"https:\/\/www.eldigitaldeasturias.com\/noticias\/puigdemont-rechaza-ser-candidato-en-las-europeas-con-el-dzp\/#webpage"},"articleSection":"Actualidad"},{"@type":"BreadcrumbList","@id":"https:\/\/www.eldigitaldeasturias.com\/noticias\/puigdemont-rechaza-ser-candidato-en-las-europeas-con-el-dzp\/#breadcrumblist","itemListElement":[{"@type":"ListItem","@id":"https:\/\/www.eldigitaldeasturias.com\/noticias#listItem","position":1,"name":"Home","item":"https:\/\/www.eldigitaldeasturias.com\/noticias","nextItem":{"@type":"ListItem","@id":"https:\/\/www.eldigitaldeasturias.com\/noticias\/category\/actualidad\/#listItem","name":"Actualidad"}},{"@type":"ListItem","@id":"https:\/\/www.eldigitaldeasturias.com\/noticias\/category\/actualidad\/#listItem","position":2,"name":"Actualidad","item":"https:\/\/www.eldigitaldeasturias.com\/noticias\/category\/actualidad\/","nextItem":{"@type":"ListItem","@id":"https:\/\/www.eldigitaldeasturias.com\/noticias\/puigdemont-rechaza-ser-candidato-en-las-europeas-con-el-dzp\/#listItem","name":"Puigdemont rechaza ser candidato en las europeas con el DZP"},"previousItem":{"@type":"ListItem","@id":"https:\/\/www.eldigitaldeasturias.com\/noticias#listItem","name":"Home"}},{"@type":"ListItem","@id":"https:\/\/www.eldigitaldeasturias.com\/noticias\/puigdemont-rechaza-ser-candidato-en-las-europeas-con-el-dzp\/#listItem","position":3,"name":"Puigdemont rechaza ser candidato en las europeas con el DZP","previousItem":{"@type":"ListItem","@id":"https:\/\/www.eldigitaldeasturias.com\/noticias\/category\/actualidad\/#listItem","name":"Actualidad"}}]},{"@type":"Organization","@id":"https:\/\/www.eldigitaldeasturias.com\/noticias\/#organization","name":"El Digital de Asturias","description":"Hemeroteca","url":"https:\/\/www.eldigitaldeasturias.com\/noticias\/","email":"info@eldigitaldeasturias.com","telephone":"+34652131393","logo":{"@type":"ImageObject","url":"https:\/\/www.eldigitaldeasturias.com\/noticias\/wp-content\/uploads\/2020\/12\/EDA.jpg","@id":"https:\/\/www.eldigitaldeasturias.com\/noticias\/puigdemont-rechaza-ser-candidato-en-las-europeas-con-el-dzp\/#organizationLogo"},"image":{"@id":"https:\/\/www.eldigitaldeasturias.com\/noticias\/puigdemont-rechaza-ser-candidato-en-las-europeas-con-el-dzp\/#organizationLogo"},"sameAs":["https:\/\/facebook.com\/eldigitaldeasturias","https:\/\/www.youtube.com\/channel\/UCZP-2wLEB9Rv6erhFmqVnvg"],"address":{"@id":"https:\/\/www.eldigitaldeasturias.com\/noticias\/#postaladdress","@type":"PostalAddress","streetAddress":"san antonio 4","postalCode":"33430","addressLocality":"Cand\u00e1s","addressRegion":"Asturias","addressCountry":"ES"}},{"@type":"Person","@id":"https:\/\/www.eldigitaldeasturias.com\/noticias\/author\/admin\/#author","url":"https:\/\/www.eldigitaldeasturias.com\/noticias\/author\/admin\/","name":"El Digital de Asturias","image":{"@type":"ImageObject","@id":"https:\/\/www.eldigitaldeasturias.com\/noticias\/puigdemont-rechaza-ser-candidato-en-las-europeas-con-el-dzp\/#authorImage","url":"https:\/\/secure.gravatar.com\/avatar\/df2aeffc32bcd13f8d26072ef8a91b623d677766deac7f97ca815868cd41bf5e?s=96&d=mm&r=g","width":96,"height":96,"caption":"El Digital de Asturias"}},{"@type":"WebPage","@id":"https:\/\/www.eldigitaldeasturias.com\/noticias\/puigdemont-rechaza-ser-candidato-en-las-europeas-con-el-dzp\/#webpage","url":"https:\/\/www.eldigitaldeasturias.com\/noticias\/puigdemont-rechaza-ser-candidato-en-las-europeas-con-el-dzp\/","name":"Puigdemont rechaza ser candidato en las europeas con el DZP - El Digital de Asturias","description":"Barcelona\/Berl\u00edn, 5 may (dpa) - Carles Puigdemont rechazar\u00e1 la candidatura a las elecciones europeas de 2019 que le ofreci\u00f3 ayer un peque\u00f1o partido alem\u00e1n, seg\u00fan adelant\u00f3 la formaci\u00f3n del ex presidente catal\u00e1n, Junts per Catalunya (JxCat). Fuentes de la formaci\u00f3n independentista aclararon que la oferta del Partido Alem\u00e1n de Centro (DZP) fue una iniciativa \"sin","inLanguage":"es-ES","isPartOf":{"@id":"https:\/\/www.eldigitaldeasturias.com\/noticias\/#website"},"breadcrumb":{"@id":"https:\/\/www.eldigitaldeasturias.com\/noticias\/puigdemont-rechaza-ser-candidato-en-las-europeas-con-el-dzp\/#breadcrumblist"},"author":{"@id":"https:\/\/www.eldigitaldeasturias.com\/noticias\/author\/admin\/#author"},"creator":{"@id":"https:\/\/www.eldigitaldeasturias.com\/noticias\/author\/admin\/#author"},"image":{"@type":"ImageObject","url":973532,"@id":"https:\/\/www.eldigitaldeasturias.com\/noticias\/puigdemont-rechaza-ser-candidato-en-las-europeas-con-el-dzp\/#mainImage"},"primaryImageOfPage":{"@id":"https:\/\/www.eldigitaldeasturias.com\/noticias\/puigdemont-rechaza-ser-candidato-en-las-europeas-con-el-dzp\/#mainImage"},"datePublished":"2018-05-05T14:30:57+02:00","dateModified":"2018-05-05T14:30:57+02:00"},{"@type":"WebSite","@id":"https:\/\/www.eldigitaldeasturias.com\/noticias\/#website","url":"https:\/\/www.eldigitaldeasturias.com\/noticias\/","name":"El Digital de Asturias - Diario de actualidad y noticias","alternateName":"El Digital de Asturias - Diario de actualidad y noticias","description":"Hemeroteca","inLanguage":"es-ES","publisher":{"@id":"https:\/\/www.eldigitaldeasturias.com\/noticias\/#organization"}}]},"og:locale":"es_ES","og:site_name":"El Digital de Asturias","og:type":"article","og:title":"Puigdemont rechaza ser candidato en las europeas con el DZP - El Digital de Asturias","og:description":"Barcelona\/Berl\u00edn, 5 may (dpa) - Carles Puigdemont rechazar\u00e1 la candidatura a las elecciones europeas de 2019 que le ofreci\u00f3 ayer un peque\u00f1o partido alem\u00e1n, seg\u00fan adelant\u00f3 la formaci\u00f3n del ex presidente catal\u00e1n, Junts per Catalunya (JxCat). Fuentes de la formaci\u00f3n independentista aclararon que la oferta del Partido Alem\u00e1n de Centro (DZP) fue una iniciativa &quot;sin","og:url":"https:\/\/www.eldigitaldeasturias.com\/noticias\/puigdemont-rechaza-ser-candidato-en-las-europeas-con-el-dzp\/","article:tag":["actualidad"],"article:published_time":"2018-05-05T14:30:57+00:00","article:modified_time":"2018-05-05T14:30:57+00:00","article:publisher":"https:\/\/facebook.com\/eldigitaldeasturias","twitter:card":"summary_large_image","twitter:title":"Puigdemont rechaza ser candidato en las europeas con el DZP - El Digital de Asturias","twitter:description":"Barcelona\/Berl\u00edn, 5 may (dpa) - Carles Puigdemont rechazar\u00e1 la candidatura a las elecciones europeas de 2019 que le ofreci\u00f3 ayer un peque\u00f1o partido alem\u00e1n, seg\u00fan adelant\u00f3 la formaci\u00f3n del ex presidente catal\u00e1n, Junts per Catalunya (JxCat). Fuentes de la formaci\u00f3n independentista aclararon que la oferta del Partido Alem\u00e1n de Centro (DZP) fue una iniciativa &quot;sin","twitter:image":"https:\/\/www.eldigitaldeasturias.com\/noticias\/wp-content\/uploads\/2020\/12\/EDA-1.jpg","twitter:label1":"Escrito por","twitter:data1":"El Digital de Asturias","twitter:label2":"Tiempo de lectura estimado","twitter:data2":"2 minutos"},"aioseo_meta_data":{"post_id":"979153","title":null,"description":null,"keywords":null,"keyphrases":null,"primary_term":null,"canonical_url":null,"og_title":null,"og_description":null,"og_object_type":"default","og_image_type":"default","og_image_url":null,"og_image_width":null,"og_image_height":null,"og_image_custom_url":null,"og_image_custom_fields":null,"og_video":null,"og_custom_url":null,"og_article_section":null,"og_article_tags":null,"twitter_use_og":false,"twitter_card":"default","twitter_image_type":"default","twitter_image_url":null,"twitter_image_custom_url":null,"twitter_image_custom_fields":null,"twitter_title":null,"twitter_description":null,"schema":{"blockGraphs":[],"customGraphs":[],"default":{"data":{"Article":[],"Course":[],"Dataset":[],"FAQPage":[],"Movie":[],"Person":[],"Product":[],"ProductReview":[],"Car":[],"Recipe":[],"Service":[],"SoftwareApplication":[],"WebPage":[]},"graphName":"","isEnabled":true},"graphs":[],"defaultGraph":"","defaultPostTypeGraph":""},"schema_type":null,"schema_type_options":null,"pillar_content":false,"robots_default":true,"robots_noindex":false,"robots_noarchive":false,"robots_nosnippet":false,"robots_nofollow":false,"robots_noimageindex":false,"robots_noodp":false,"robots_notranslate":false,"robots_max_snippet":null,"robots_max_videopreview":null,"robots_max_imagepreview":"large","priority":null,"frequency":null,"local_seo":null,"seo_analyzer_scan_date":"2025-10-08 13:21:11","breadcrumb_settings":null,"limit_modified_date":false,"open_ai":null,"ai":null,"created":"2020-12-21 12:00:37","updated":"2025-10-08 13:21:11","focus_keyword":null,"additional_keywords":null,"truseo_locale":null},"aioseo_breadcrumb":"<div class=\"aioseo-breadcrumbs\"><span class=\"aioseo-breadcrumb\">\n\t<a href=\"https:\/\/www.eldigitaldeasturias.com\/noticias\" title=\"Home\">Home<\/a>\n<\/span><span class=\"aioseo-breadcrumb-separator\">\u2013<\/span><span class=\"aioseo-breadcrumb\">\n\t<a href=\"https:\/\/www.eldigitaldeasturias.com\/noticias\/category\/actualidad\/\" title=\"Actualidad\">Actualidad<\/a>\n<\/span><span class=\"aioseo-breadcrumb-separator\">\u2013<\/span><span class=\"aioseo-breadcrumb\">\n\t<a href=\"https:\/\/www.eldigitaldeasturias.com\/noticias\/puigdemont-rechaza-ser-candidato-en-las-europeas-con-el-dzp\/\" title=\"Puigdemont rechaza ser candidato en las europeas con el DZP\">Puigdemont rechaza ser candidato en las europeas con el DZP<\/a>\n<\/span><\/div>","aioseo_breadcrumb_json":[{"label":"Home","link":"https:\/\/www.eldigitaldeasturias.com\/noticias"},{"label":"Actualidad","link":"https:\/\/www.eldigitaldeasturias.com\/noticias\/category\/actualidad\/"},{"label":"Puigdemont rechaza ser candidato en las europeas con el DZP","link":"https:\/\/www.eldigitaldeasturias.com\/noticias\/puigdemont-rechaza-ser-candidato-en-las-europeas-con-el-dzp\/"}],"_links":{"self":[{"href":"https:\/\/www.eldigitaldeasturias.com\/noticias\/wp-json\/wp\/v2\/posts\/979153","targetHints":{"allow":["GET"]}}],"collection":[{"href":"https:\/\/www.eldigitaldeasturias.com\/noticias\/wp-json\/wp\/v2\/posts"}],"about":[{"href":"https:\/\/www.eldigitaldeasturias.com\/noticias\/wp-json\/wp\/v2\/types\/post"}],"author":[{"embeddable":true,"href":"https:\/\/www.eldigitaldeasturias.com\/noticias\/wp-json\/wp\/v2\/users\/1"}],"replies":[{"embeddable":true,"href":"https:\/\/www.eldigitaldeasturias.com\/noticias\/wp-json\/wp\/v2\/comments?post=979153"}],"version-history":[{"count":0,"href":"https:\/\/www.eldigitaldeasturias.com\/noticias\/wp-json\/wp\/v2\/posts\/979153\/revisions"}],"wp:attachment":[{"href":"https:\/\/www.eldigitaldeasturias.com\/noticias\/wp-json\/wp\/v2\/media?parent=979153"}],"wp:term":[{"taxonomy":"category","embeddable":true,"href":"https:\/\/www.eldigitaldeasturias.com\/noticias\/wp-json\/wp\/v2\/categories?post=979153"},{"taxonomy":"post_tag","embeddable":true,"href":"https:\/\/www.eldigitaldeasturias.com\/noticias\/wp-json\/wp\/v2\/tags?post=979153"}],"curies":[{"name":"wp","href":"https:\/\/api.w.org\/{rel}","templated":true}]}}