{"id":979004,"date":"2018-05-04T23:32:26","date_gmt":"2018-05-04T23:32:26","guid":{"rendered":"http:\/\/www.eldigitaldeasturias.com\/noticias\/?p=979004"},"modified":"2018-05-04T23:32:26","modified_gmt":"2018-05-04T23:32:26","slug":"acusan-a-daniel-ortega-de-fomentar-la-represion-y-la-incertidumbre","status":"publish","type":"post","link":"https:\/\/www.eldigitaldeasturias.com\/noticias\/acusan-a-daniel-ortega-de-fomentar-la-represion-y-la-incertidumbre\/","title":{"rendered":"Acusan a Daniel Ortega de fomentar la represi\u00f3n y la incertidumbre"},"content":{"rendered":"<p><img loading=\"lazy\" decoding=\"async\" class=\"alignleft size-medium wp-image-581461\" src=\"https:\/\/www.eldigitaldeasturias.com\/noticias\/wp-content\/uploads\/2014\/08\/6555334w-360x241.jpg\" alt=\"\" width=\"360\" height=\"241\" \/>Managua, 4 may (dpa) &#8211; El Centro Nicarag\u00fcense de Derechos Humanos (Cenidh) acus\u00f3 hoy al presidente Daniel Ortega de fomentar la represi\u00f3n y la incertidumbre para impedir el \u00e9xito de un di\u00e1logo que frene la crisis pol\u00edtica en el pa\u00eds, tras las protestas que dejaron decenas de muertos, seg\u00fan datos no oficiales.<\/p>\n<p>\u00abDaniel Ortega no est\u00e1 creando las condiciones para un di\u00e1logo nacional (&#8230;) sigue con la represi\u00f3n y mantiene una atm\u00f3sfera de zozobra e incertidumbre\u00bb, dijo en rueda de prensa la presidenta del Cenidh, Vilma N\u00fa\u00f1ez.<\/p>\n<p>La activista denunci\u00f3 que en las \u00faltimas horas fuerzas de choque del Gobierno protegidas por la polic\u00eda siguen hostigando a manifestantes y hace dos d\u00edas atacaron a tiros la Universidad Polit\u00e9cnica de Managua, donde seis estudiantes resultaron heridos.<\/p>\n<p>\u00abEl que obstaculiza el di\u00e1logo se llama Daniel Ortega, (que) sigue ejerciendo la represi\u00f3n y sigue aferrado al poder\u00bb, expres\u00f3 N\u00fa\u00f1ez.<\/p>\n<p>La abogada present\u00f3 un informe preliminar del Cenidh, que registra un total de 45 muertes confirmadas y m\u00e1s de 400 personas lesionadas en el pa\u00eds entre el 19 de abril y el pasado 3 de mayo. Adem\u00e1s, un n\u00famero no precisado de heridos est\u00e1n a\u00fan en hospitales, se indic\u00f3.<\/p>\n<p>La cifra de v\u00edctimas durante los disturbios no coinciden. La Comisi\u00f3n Permanente de Derechos Humanos (CPDH) y la Asociaci\u00f3n Pro Derechos Humanos (APDH) registran 54 y 63 fallecidos respectivamente, mientras que el Gobierno s\u00f3lo report\u00f3 diez.<\/p>\n<p>La crisis estall\u00f3 en 17 de abril con una protesta de estudiantes contra una pol\u00e9mica al Seguro Social que pretend\u00eda aumentar las cuotas de trabajadores y empresas. Las protestas se multiplicaron en varias ciudades debido a la acci\u00f3n violenta de la polic\u00eda.<\/p>\n<p>N\u00fa\u00f1ez dijo que Nicaragua vive \u00abuna situaci\u00f3n muy dif\u00edcil\u00bb y que el di\u00e1logo previsto a iniciar con mediaci\u00f3n de la Iglesia cat\u00f3lica \u00abno bastar\u00e1\u00bb para resolver la crisis, cuya soluci\u00f3n parece incierta.<\/p>\n<p>Opin\u00f3 que no ve \u00abuna salida jur\u00eddica\u00bb aceptable, ya que si Ortega fuese obligado a renunciar asumir\u00eda su esposa, la vicepresidenta Rosario Murillo. Y si dimitiera Murillo, la Presidencia quedar\u00eda en manos del sandinista Gustavo Porras, titular del Parlamento.<\/p>\n<p>Tampoco conviene convocar a elecciones anticipadas, como algunos opositores han propuesto, \u00abporque no tenemos un Consejo Supremo Electoral cre\u00edble\u00bb y podr\u00eda haber fraude a favor del oficialismo, razon\u00f3 N\u00fa\u00f1ez.<\/p>\n<p>A su juicio, lo primero debe ser crear una Comisi\u00f3n de la Verdad integrada por personas honorables y figuras de prestigio internacional, y rechaz\u00f3 la entidad formada por el Parlamento, dominado por el oficialismo.<\/p>\n<p>\u00abLo primero ser\u00e1 hacer justicia con los muertos y sus familias\u00bb, porque \u00abno se puede hacer un cambio sobre un charco de sangre, no puede haber borr\u00f3n y cuenta nueva\u00bb, asever\u00f3.<\/p>\n<p>Este viernes, el titular del Parlamento anunci\u00f3 que el pr\u00f3ximo domingo se conocer\u00e1n los nombres de los miembros de la Comisi\u00f3n de la Verdad. N\u00fa\u00f1ez afirm\u00f3 que esa instancia \u00abno es garant\u00eda de justicia, pues el Poder Legislativo y el Judicial est\u00e1n sometidos a Ortega\u00bb.<\/p>\n<p>Al presentar el informe preliminar del Cenidh, la asesora jur\u00eddica Wendy Flores dijo que contiene \u00abuna cadena de violaciones a todos los derechos humanos\u00bb y que las denuncias contra la Polic\u00eda y las fuerzas de choque del Gobierno est\u00e1n documentadas y respaldadas por testimonios, videos e im\u00e1genes.<\/p>\n","protected":false},"excerpt":{"rendered":"<p>Managua, 4 may (dpa) &#8211; El Centro Nicarag\u00fcense de Derechos Humanos (Cenidh) acus\u00f3 hoy al presidente Daniel Ortega de fomentar la represi\u00f3n y la incertidumbre para impedir el \u00e9xito de un di\u00e1logo que frene la crisis pol\u00edtica en el pa\u00eds, tras las protestas que dejaron decenas de muertos, seg\u00fan datos no oficiales. \u00abDaniel Ortega no [&hellip;]<\/p>\n","protected":false},"author":1,"featured_media":581461,"comment_status":"closed","ping_status":"closed","sticky":false,"template":"","format":"standard","meta":{"footnotes":""},"categories":[1],"tags":[],"class_list":["post-979004","post","type-post","status-publish","format-standard","has-post-thumbnail","hentry","category-actualidad"],"aioseo_notices":[],"aioseo_head":"\n\t\t<!-- All in One SEO Pro 5.0.1 - aioseo.com -->\n\t<meta name=\"description\" content=\"Managua, 4 may (dpa) - El Centro Nicarag\u00fcense de Derechos Humanos (Cenidh) acus\u00f3 hoy al presidente Daniel Ortega de fomentar la represi\u00f3n y la incertidumbre para impedir el \u00e9xito de un di\u00e1logo que frene la crisis pol\u00edtica en el pa\u00eds, tras las protestas que dejaron decenas de muertos, seg\u00fan datos no oficiales. &quot;Daniel Ortega no\" \/>\n\t<meta name=\"robots\" content=\"max-image-preview:large\" \/>\n\t<meta name=\"author\" content=\"El Digital de Asturias\"\/>\n\t<meta name=\"google-site-verification\" content=\"UA-38556648-1\" \/>\n\t<meta name=\"msvalidate.01\" content=\"7dfe9f3f1b24437ab69f4f2559babe99\" \/>\n\t<meta name=\"keywords\" content=\"actualidad\" \/>\n\t<link rel=\"canonical\" href=\"https:\/\/www.eldigitaldeasturias.com\/noticias\/acusan-a-daniel-ortega-de-fomentar-la-represion-y-la-incertidumbre\/\" \/>\n\t<meta name=\"generator\" content=\"All in One SEO Pro (AIOSEO) 5.0.1\" \/>\n\t\t<meta property=\"og:locale\" content=\"es_ES\" \/>\n\t\t<meta property=\"og:site_name\" content=\"El Digital de Asturias\" \/>\n\t\t<meta property=\"og:type\" content=\"article\" \/>\n\t\t<meta property=\"og:title\" content=\"Acusan a Daniel Ortega de fomentar la represi\u00f3n y la incertidumbre - El Digital de Asturias\" \/>\n\t\t<meta property=\"og:description\" content=\"Managua, 4 may (dpa) - El Centro Nicarag\u00fcense de Derechos Humanos (Cenidh) acus\u00f3 hoy al presidente Daniel Ortega de fomentar la represi\u00f3n y la incertidumbre para impedir el \u00e9xito de un di\u00e1logo que frene la crisis pol\u00edtica en el pa\u00eds, tras las protestas que dejaron decenas de muertos, seg\u00fan datos no oficiales. &quot;Daniel Ortega no\" \/>\n\t\t<meta property=\"og:url\" content=\"https:\/\/www.eldigitaldeasturias.com\/noticias\/acusan-a-daniel-ortega-de-fomentar-la-represion-y-la-incertidumbre\/\" \/>\n\t\t<meta property=\"article:tag\" content=\"actualidad\" \/>\n\t\t<meta property=\"article:published_time\" content=\"2018-05-04T23:32:26+00:00\" \/>\n\t\t<meta property=\"article:modified_time\" content=\"2018-05-04T23:32:26+00:00\" \/>\n\t\t<meta property=\"article:publisher\" content=\"https:\/\/facebook.com\/eldigitaldeasturias\" \/>\n\t\t<meta name=\"twitter:card\" content=\"summary_large_image\" \/>\n\t\t<meta name=\"twitter:title\" content=\"Acusan a Daniel Ortega de fomentar la represi\u00f3n y la incertidumbre - El Digital de Asturias\" \/>\n\t\t<meta name=\"twitter:description\" content=\"Managua, 4 may (dpa) - El Centro Nicarag\u00fcense de Derechos Humanos (Cenidh) acus\u00f3 hoy al presidente Daniel Ortega de fomentar la represi\u00f3n y la incertidumbre para impedir el \u00e9xito de un di\u00e1logo que frene la crisis pol\u00edtica en el pa\u00eds, tras las protestas que dejaron decenas de muertos, seg\u00fan datos no oficiales. &quot;Daniel Ortega no\" \/>\n\t\t<meta name=\"twitter:image\" content=\"https:\/\/www.eldigitaldeasturias.com\/noticias\/wp-content\/uploads\/2020\/12\/EDA-1.jpg\" \/>\n\t\t<meta name=\"twitter:label1\" content=\"Escrito por\" \/>\n\t\t<meta name=\"twitter:data1\" content=\"El Digital de Asturias\" \/>\n\t\t<meta name=\"twitter:label2\" content=\"Tiempo de lectura estimado\" \/>\n\t\t<meta name=\"twitter:data2\" content=\"3 minutos\" \/>\n\t\t<script type=\"application\/ld+json\" class=\"aioseo-schema\">\n\t\t\t{\"@context\":\"https:\\\/\\\/schema.org\",\"@graph\":[{\"@type\":\"BlogPosting\",\"@id\":\"https:\\\/\\\/www.eldigitaldeasturias.com\\\/noticias\\\/acusan-a-daniel-ortega-de-fomentar-la-represion-y-la-incertidumbre\\\/#blogposting\",\"name\":\"Acusan a Daniel Ortega de fomentar la represi\\u00f3n y la incertidumbre - El Digital de Asturias\",\"headline\":\"Acusan a Daniel Ortega de fomentar la represi\\u00f3n y la incertidumbre\",\"author\":{\"@id\":\"https:\\\/\\\/www.eldigitaldeasturias.com\\\/noticias\\\/author\\\/admin\\\/#author\"},\"publisher\":{\"@id\":\"https:\\\/\\\/www.eldigitaldeasturias.com\\\/noticias\\\/#organization\"},\"image\":{\"@type\":\"ImageObject\",\"url\":581461},\"datePublished\":\"2018-05-04T23:32:26+02:00\",\"dateModified\":\"2018-05-04T23:32:26+02:00\",\"inLanguage\":\"es-ES\",\"mainEntityOfPage\":{\"@id\":\"https:\\\/\\\/www.eldigitaldeasturias.com\\\/noticias\\\/acusan-a-daniel-ortega-de-fomentar-la-represion-y-la-incertidumbre\\\/#webpage\"},\"isPartOf\":{\"@id\":\"https:\\\/\\\/www.eldigitaldeasturias.com\\\/noticias\\\/acusan-a-daniel-ortega-de-fomentar-la-represion-y-la-incertidumbre\\\/#webpage\"},\"articleSection\":\"Actualidad\"},{\"@type\":\"BreadcrumbList\",\"@id\":\"https:\\\/\\\/www.eldigitaldeasturias.com\\\/noticias\\\/acusan-a-daniel-ortega-de-fomentar-la-represion-y-la-incertidumbre\\\/#breadcrumblist\",\"itemListElement\":[{\"@type\":\"ListItem\",\"@id\":\"https:\\\/\\\/www.eldigitaldeasturias.com\\\/noticias#listItem\",\"position\":1,\"name\":\"Home\",\"item\":\"https:\\\/\\\/www.eldigitaldeasturias.com\\\/noticias\",\"nextItem\":{\"@type\":\"ListItem\",\"@id\":\"https:\\\/\\\/www.eldigitaldeasturias.com\\\/noticias\\\/category\\\/actualidad\\\/#listItem\",\"name\":\"Actualidad\"}},{\"@type\":\"ListItem\",\"@id\":\"https:\\\/\\\/www.eldigitaldeasturias.com\\\/noticias\\\/category\\\/actualidad\\\/#listItem\",\"position\":2,\"name\":\"Actualidad\",\"item\":\"https:\\\/\\\/www.eldigitaldeasturias.com\\\/noticias\\\/category\\\/actualidad\\\/\",\"nextItem\":{\"@type\":\"ListItem\",\"@id\":\"https:\\\/\\\/www.eldigitaldeasturias.com\\\/noticias\\\/acusan-a-daniel-ortega-de-fomentar-la-represion-y-la-incertidumbre\\\/#listItem\",\"name\":\"Acusan a Daniel Ortega de fomentar la represi\\u00f3n y la incertidumbre\"},\"previousItem\":{\"@type\":\"ListItem\",\"@id\":\"https:\\\/\\\/www.eldigitaldeasturias.com\\\/noticias#listItem\",\"name\":\"Home\"}},{\"@type\":\"ListItem\",\"@id\":\"https:\\\/\\\/www.eldigitaldeasturias.com\\\/noticias\\\/acusan-a-daniel-ortega-de-fomentar-la-represion-y-la-incertidumbre\\\/#listItem\",\"position\":3,\"name\":\"Acusan a Daniel Ortega de fomentar la represi\\u00f3n y la incertidumbre\",\"previousItem\":{\"@type\":\"ListItem\",\"@id\":\"https:\\\/\\\/www.eldigitaldeasturias.com\\\/noticias\\\/category\\\/actualidad\\\/#listItem\",\"name\":\"Actualidad\"}}]},{\"@type\":\"Organization\",\"@id\":\"https:\\\/\\\/www.eldigitaldeasturias.com\\\/noticias\\\/#organization\",\"name\":\"El Digital de Asturias\",\"description\":\"Hemeroteca\",\"url\":\"https:\\\/\\\/www.eldigitaldeasturias.com\\\/noticias\\\/\",\"email\":\"info@eldigitaldeasturias.com\",\"telephone\":\"+34652131393\",\"logo\":{\"@type\":\"ImageObject\",\"url\":\"https:\\\/\\\/www.eldigitaldeasturias.com\\\/noticias\\\/wp-content\\\/uploads\\\/2020\\\/12\\\/EDA.jpg\",\"@id\":\"https:\\\/\\\/www.eldigitaldeasturias.com\\\/noticias\\\/acusan-a-daniel-ortega-de-fomentar-la-represion-y-la-incertidumbre\\\/#organizationLogo\"},\"image\":{\"@id\":\"https:\\\/\\\/www.eldigitaldeasturias.com\\\/noticias\\\/acusan-a-daniel-ortega-de-fomentar-la-represion-y-la-incertidumbre\\\/#organizationLogo\"},\"sameAs\":[\"https:\\\/\\\/facebook.com\\\/eldigitaldeasturias\",\"https:\\\/\\\/www.youtube.com\\\/channel\\\/UCZP-2wLEB9Rv6erhFmqVnvg\"],\"address\":{\"@id\":\"https:\\\/\\\/www.eldigitaldeasturias.com\\\/noticias\\\/#postaladdress\",\"@type\":\"PostalAddress\",\"streetAddress\":\"san antonio 4\",\"postalCode\":\"33430\",\"addressLocality\":\"Cand\\u00e1s\",\"addressRegion\":\"Asturias\",\"addressCountry\":\"ES\"}},{\"@type\":\"Person\",\"@id\":\"https:\\\/\\\/www.eldigitaldeasturias.com\\\/noticias\\\/author\\\/admin\\\/#author\",\"url\":\"https:\\\/\\\/www.eldigitaldeasturias.com\\\/noticias\\\/author\\\/admin\\\/\",\"name\":\"El Digital de Asturias\",\"image\":{\"@type\":\"ImageObject\",\"@id\":\"https:\\\/\\\/www.eldigitaldeasturias.com\\\/noticias\\\/acusan-a-daniel-ortega-de-fomentar-la-represion-y-la-incertidumbre\\\/#authorImage\",\"url\":\"https:\\\/\\\/secure.gravatar.com\\\/avatar\\\/df2aeffc32bcd13f8d26072ef8a91b623d677766deac7f97ca815868cd41bf5e?s=96&d=mm&r=g\",\"width\":96,\"height\":96,\"caption\":\"El Digital de Asturias\"}},{\"@type\":\"WebPage\",\"@id\":\"https:\\\/\\\/www.eldigitaldeasturias.com\\\/noticias\\\/acusan-a-daniel-ortega-de-fomentar-la-represion-y-la-incertidumbre\\\/#webpage\",\"url\":\"https:\\\/\\\/www.eldigitaldeasturias.com\\\/noticias\\\/acusan-a-daniel-ortega-de-fomentar-la-represion-y-la-incertidumbre\\\/\",\"name\":\"Acusan a Daniel Ortega de fomentar la represi\\u00f3n y la incertidumbre - El Digital de Asturias\",\"description\":\"Managua, 4 may (dpa) - El Centro Nicarag\\u00fcense de Derechos Humanos (Cenidh) acus\\u00f3 hoy al presidente Daniel Ortega de fomentar la represi\\u00f3n y la incertidumbre para impedir el \\u00e9xito de un di\\u00e1logo que frene la crisis pol\\u00edtica en el pa\\u00eds, tras las protestas que dejaron decenas de muertos, seg\\u00fan datos no oficiales. \\\"Daniel Ortega no\",\"inLanguage\":\"es-ES\",\"isPartOf\":{\"@id\":\"https:\\\/\\\/www.eldigitaldeasturias.com\\\/noticias\\\/#website\"},\"breadcrumb\":{\"@id\":\"https:\\\/\\\/www.eldigitaldeasturias.com\\\/noticias\\\/acusan-a-daniel-ortega-de-fomentar-la-represion-y-la-incertidumbre\\\/#breadcrumblist\"},\"author\":{\"@id\":\"https:\\\/\\\/www.eldigitaldeasturias.com\\\/noticias\\\/author\\\/admin\\\/#author\"},\"creator\":{\"@id\":\"https:\\\/\\\/www.eldigitaldeasturias.com\\\/noticias\\\/author\\\/admin\\\/#author\"},\"image\":{\"@type\":\"ImageObject\",\"url\":581461,\"@id\":\"https:\\\/\\\/www.eldigitaldeasturias.com\\\/noticias\\\/acusan-a-daniel-ortega-de-fomentar-la-represion-y-la-incertidumbre\\\/#mainImage\"},\"primaryImageOfPage\":{\"@id\":\"https:\\\/\\\/www.eldigitaldeasturias.com\\\/noticias\\\/acusan-a-daniel-ortega-de-fomentar-la-represion-y-la-incertidumbre\\\/#mainImage\"},\"datePublished\":\"2018-05-04T23:32:26+02:00\",\"dateModified\":\"2018-05-04T23:32:26+02:00\"},{\"@type\":\"WebSite\",\"@id\":\"https:\\\/\\\/www.eldigitaldeasturias.com\\\/noticias\\\/#website\",\"url\":\"https:\\\/\\\/www.eldigitaldeasturias.com\\\/noticias\\\/\",\"name\":\"El Digital de Asturias - Diario de actualidad y noticias\",\"alternateName\":\"El Digital de Asturias - Diario de actualidad y noticias\",\"description\":\"Hemeroteca\",\"inLanguage\":\"es-ES\",\"publisher\":{\"@id\":\"https:\\\/\\\/www.eldigitaldeasturias.com\\\/noticias\\\/#organization\"}}]}\n\t\t<\/script>\n\t\t<!-- All in One SEO Pro -->\r\n\t\t<title>Acusan a Daniel Ortega de fomentar la represi\u00f3n y la incertidumbre - El Digital de Asturias<\/title>\n\n","aioseo_head_json":{"title":"Acusan a Daniel Ortega de fomentar la represi\u00f3n y la incertidumbre - El Digital de Asturias","description":"Managua, 4 may (dpa) - El Centro Nicarag\u00fcense de Derechos Humanos (Cenidh) acus\u00f3 hoy al presidente Daniel Ortega de fomentar la represi\u00f3n y la incertidumbre para impedir el \u00e9xito de un di\u00e1logo que frene la crisis pol\u00edtica en el pa\u00eds, tras las protestas que dejaron decenas de muertos, seg\u00fan datos no oficiales. \"Daniel Ortega no","canonical_url":"https:\/\/www.eldigitaldeasturias.com\/noticias\/acusan-a-daniel-ortega-de-fomentar-la-represion-y-la-incertidumbre\/","robots":"max-image-preview:large","keywords":"actualidad","webmasterTools":{"google-site-verification":"UA-38556648-1","msvalidate.01":"7dfe9f3f1b24437ab69f4f2559babe99","miscellaneous":""},"schema":{"@context":"https:\/\/schema.org","@graph":[{"@type":"BlogPosting","@id":"https:\/\/www.eldigitaldeasturias.com\/noticias\/acusan-a-daniel-ortega-de-fomentar-la-represion-y-la-incertidumbre\/#blogposting","name":"Acusan a Daniel Ortega de fomentar la represi\u00f3n y la incertidumbre - El Digital de Asturias","headline":"Acusan a Daniel Ortega de fomentar la represi\u00f3n y la incertidumbre","author":{"@id":"https:\/\/www.eldigitaldeasturias.com\/noticias\/author\/admin\/#author"},"publisher":{"@id":"https:\/\/www.eldigitaldeasturias.com\/noticias\/#organization"},"image":{"@type":"ImageObject","url":581461},"datePublished":"2018-05-04T23:32:26+02:00","dateModified":"2018-05-04T23:32:26+02:00","inLanguage":"es-ES","mainEntityOfPage":{"@id":"https:\/\/www.eldigitaldeasturias.com\/noticias\/acusan-a-daniel-ortega-de-fomentar-la-represion-y-la-incertidumbre\/#webpage"},"isPartOf":{"@id":"https:\/\/www.eldigitaldeasturias.com\/noticias\/acusan-a-daniel-ortega-de-fomentar-la-represion-y-la-incertidumbre\/#webpage"},"articleSection":"Actualidad"},{"@type":"BreadcrumbList","@id":"https:\/\/www.eldigitaldeasturias.com\/noticias\/acusan-a-daniel-ortega-de-fomentar-la-represion-y-la-incertidumbre\/#breadcrumblist","itemListElement":[{"@type":"ListItem","@id":"https:\/\/www.eldigitaldeasturias.com\/noticias#listItem","position":1,"name":"Home","item":"https:\/\/www.eldigitaldeasturias.com\/noticias","nextItem":{"@type":"ListItem","@id":"https:\/\/www.eldigitaldeasturias.com\/noticias\/category\/actualidad\/#listItem","name":"Actualidad"}},{"@type":"ListItem","@id":"https:\/\/www.eldigitaldeasturias.com\/noticias\/category\/actualidad\/#listItem","position":2,"name":"Actualidad","item":"https:\/\/www.eldigitaldeasturias.com\/noticias\/category\/actualidad\/","nextItem":{"@type":"ListItem","@id":"https:\/\/www.eldigitaldeasturias.com\/noticias\/acusan-a-daniel-ortega-de-fomentar-la-represion-y-la-incertidumbre\/#listItem","name":"Acusan a Daniel Ortega de fomentar la represi\u00f3n y la incertidumbre"},"previousItem":{"@type":"ListItem","@id":"https:\/\/www.eldigitaldeasturias.com\/noticias#listItem","name":"Home"}},{"@type":"ListItem","@id":"https:\/\/www.eldigitaldeasturias.com\/noticias\/acusan-a-daniel-ortega-de-fomentar-la-represion-y-la-incertidumbre\/#listItem","position":3,"name":"Acusan a Daniel Ortega de fomentar la represi\u00f3n y la incertidumbre","previousItem":{"@type":"ListItem","@id":"https:\/\/www.eldigitaldeasturias.com\/noticias\/category\/actualidad\/#listItem","name":"Actualidad"}}]},{"@type":"Organization","@id":"https:\/\/www.eldigitaldeasturias.com\/noticias\/#organization","name":"El Digital de Asturias","description":"Hemeroteca","url":"https:\/\/www.eldigitaldeasturias.com\/noticias\/","email":"info@eldigitaldeasturias.com","telephone":"+34652131393","logo":{"@type":"ImageObject","url":"https:\/\/www.eldigitaldeasturias.com\/noticias\/wp-content\/uploads\/2020\/12\/EDA.jpg","@id":"https:\/\/www.eldigitaldeasturias.com\/noticias\/acusan-a-daniel-ortega-de-fomentar-la-represion-y-la-incertidumbre\/#organizationLogo"},"image":{"@id":"https:\/\/www.eldigitaldeasturias.com\/noticias\/acusan-a-daniel-ortega-de-fomentar-la-represion-y-la-incertidumbre\/#organizationLogo"},"sameAs":["https:\/\/facebook.com\/eldigitaldeasturias","https:\/\/www.youtube.com\/channel\/UCZP-2wLEB9Rv6erhFmqVnvg"],"address":{"@id":"https:\/\/www.eldigitaldeasturias.com\/noticias\/#postaladdress","@type":"PostalAddress","streetAddress":"san antonio 4","postalCode":"33430","addressLocality":"Cand\u00e1s","addressRegion":"Asturias","addressCountry":"ES"}},{"@type":"Person","@id":"https:\/\/www.eldigitaldeasturias.com\/noticias\/author\/admin\/#author","url":"https:\/\/www.eldigitaldeasturias.com\/noticias\/author\/admin\/","name":"El Digital de Asturias","image":{"@type":"ImageObject","@id":"https:\/\/www.eldigitaldeasturias.com\/noticias\/acusan-a-daniel-ortega-de-fomentar-la-represion-y-la-incertidumbre\/#authorImage","url":"https:\/\/secure.gravatar.com\/avatar\/df2aeffc32bcd13f8d26072ef8a91b623d677766deac7f97ca815868cd41bf5e?s=96&d=mm&r=g","width":96,"height":96,"caption":"El Digital de Asturias"}},{"@type":"WebPage","@id":"https:\/\/www.eldigitaldeasturias.com\/noticias\/acusan-a-daniel-ortega-de-fomentar-la-represion-y-la-incertidumbre\/#webpage","url":"https:\/\/www.eldigitaldeasturias.com\/noticias\/acusan-a-daniel-ortega-de-fomentar-la-represion-y-la-incertidumbre\/","name":"Acusan a Daniel Ortega de fomentar la represi\u00f3n y la incertidumbre - El Digital de Asturias","description":"Managua, 4 may (dpa) - El Centro Nicarag\u00fcense de Derechos Humanos (Cenidh) acus\u00f3 hoy al presidente Daniel Ortega de fomentar la represi\u00f3n y la incertidumbre para impedir el \u00e9xito de un di\u00e1logo que frene la crisis pol\u00edtica en el pa\u00eds, tras las protestas que dejaron decenas de muertos, seg\u00fan datos no oficiales. \"Daniel Ortega no","inLanguage":"es-ES","isPartOf":{"@id":"https:\/\/www.eldigitaldeasturias.com\/noticias\/#website"},"breadcrumb":{"@id":"https:\/\/www.eldigitaldeasturias.com\/noticias\/acusan-a-daniel-ortega-de-fomentar-la-represion-y-la-incertidumbre\/#breadcrumblist"},"author":{"@id":"https:\/\/www.eldigitaldeasturias.com\/noticias\/author\/admin\/#author"},"creator":{"@id":"https:\/\/www.eldigitaldeasturias.com\/noticias\/author\/admin\/#author"},"image":{"@type":"ImageObject","url":581461,"@id":"https:\/\/www.eldigitaldeasturias.com\/noticias\/acusan-a-daniel-ortega-de-fomentar-la-represion-y-la-incertidumbre\/#mainImage"},"primaryImageOfPage":{"@id":"https:\/\/www.eldigitaldeasturias.com\/noticias\/acusan-a-daniel-ortega-de-fomentar-la-represion-y-la-incertidumbre\/#mainImage"},"datePublished":"2018-05-04T23:32:26+02:00","dateModified":"2018-05-04T23:32:26+02:00"},{"@type":"WebSite","@id":"https:\/\/www.eldigitaldeasturias.com\/noticias\/#website","url":"https:\/\/www.eldigitaldeasturias.com\/noticias\/","name":"El Digital de Asturias - Diario de actualidad y noticias","alternateName":"El Digital de Asturias - Diario de actualidad y noticias","description":"Hemeroteca","inLanguage":"es-ES","publisher":{"@id":"https:\/\/www.eldigitaldeasturias.com\/noticias\/#organization"}}]},"og:locale":"es_ES","og:site_name":"El Digital de Asturias","og:type":"article","og:title":"Acusan a Daniel Ortega de fomentar la represi\u00f3n y la incertidumbre - El Digital de Asturias","og:description":"Managua, 4 may (dpa) - El Centro Nicarag\u00fcense de Derechos Humanos (Cenidh) acus\u00f3 hoy al presidente Daniel Ortega de fomentar la represi\u00f3n y la incertidumbre para impedir el \u00e9xito de un di\u00e1logo que frene la crisis pol\u00edtica en el pa\u00eds, tras las protestas que dejaron decenas de muertos, seg\u00fan datos no oficiales. &quot;Daniel Ortega no","og:url":"https:\/\/www.eldigitaldeasturias.com\/noticias\/acusan-a-daniel-ortega-de-fomentar-la-represion-y-la-incertidumbre\/","article:tag":["actualidad"],"article:published_time":"2018-05-04T23:32:26+00:00","article:modified_time":"2018-05-04T23:32:26+00:00","article:publisher":"https:\/\/facebook.com\/eldigitaldeasturias","twitter:card":"summary_large_image","twitter:title":"Acusan a Daniel Ortega de fomentar la represi\u00f3n y la incertidumbre - El Digital de Asturias","twitter:description":"Managua, 4 may (dpa) - El Centro Nicarag\u00fcense de Derechos Humanos (Cenidh) acus\u00f3 hoy al presidente Daniel Ortega de fomentar la represi\u00f3n y la incertidumbre para impedir el \u00e9xito de un di\u00e1logo que frene la crisis pol\u00edtica en el pa\u00eds, tras las protestas que dejaron decenas de muertos, seg\u00fan datos no oficiales. &quot;Daniel Ortega no","twitter:image":"https:\/\/www.eldigitaldeasturias.com\/noticias\/wp-content\/uploads\/2020\/12\/EDA-1.jpg","twitter:label1":"Escrito por","twitter:data1":"El Digital de Asturias","twitter:label2":"Tiempo de lectura estimado","twitter:data2":"3 minutos"},"aioseo_meta_data":{"post_id":"979004","title":null,"description":null,"keywords":null,"keyphrases":null,"primary_term":null,"canonical_url":null,"og_title":null,"og_description":null,"og_object_type":"default","og_image_type":"default","og_image_url":null,"og_image_width":null,"og_image_height":null,"og_image_custom_url":null,"og_image_custom_fields":null,"og_video":null,"og_custom_url":null,"og_article_section":null,"og_article_tags":null,"twitter_use_og":false,"twitter_card":"default","twitter_image_type":"default","twitter_image_url":null,"twitter_image_custom_url":null,"twitter_image_custom_fields":null,"twitter_title":null,"twitter_description":null,"schema":{"blockGraphs":[],"customGraphs":[],"default":{"data":{"Article":[],"Course":[],"Dataset":[],"FAQPage":[],"Movie":[],"Person":[],"Product":[],"ProductReview":[],"Car":[],"Recipe":[],"Service":[],"SoftwareApplication":[],"WebPage":[]},"graphName":"","isEnabled":true},"graphs":[],"defaultGraph":"","defaultPostTypeGraph":""},"schema_type":null,"schema_type_options":null,"pillar_content":false,"robots_default":true,"robots_noindex":false,"robots_noarchive":false,"robots_nosnippet":false,"robots_nofollow":false,"robots_noimageindex":false,"robots_noodp":false,"robots_notranslate":false,"robots_max_snippet":null,"robots_max_videopreview":null,"robots_max_imagepreview":"large","priority":null,"frequency":null,"local_seo":null,"seo_analyzer_scan_date":"2025-10-08 12:49:06","breadcrumb_settings":null,"limit_modified_date":false,"open_ai":null,"ai":null,"created":"2020-12-21 12:00:38","updated":"2025-10-08 12:49:06","focus_keyword":null,"additional_keywords":null,"truseo_locale":null},"aioseo_breadcrumb":"<div class=\"aioseo-breadcrumbs\"><span class=\"aioseo-breadcrumb\">\n\t<a href=\"https:\/\/www.eldigitaldeasturias.com\/noticias\" title=\"Home\">Home<\/a>\n<\/span><span class=\"aioseo-breadcrumb-separator\">\u2013<\/span><span class=\"aioseo-breadcrumb\">\n\t<a href=\"https:\/\/www.eldigitaldeasturias.com\/noticias\/category\/actualidad\/\" title=\"Actualidad\">Actualidad<\/a>\n<\/span><span class=\"aioseo-breadcrumb-separator\">\u2013<\/span><span class=\"aioseo-breadcrumb\">\n\t<a href=\"https:\/\/www.eldigitaldeasturias.com\/noticias\/acusan-a-daniel-ortega-de-fomentar-la-represion-y-la-incertidumbre\/\" title=\"Acusan a Daniel Ortega de fomentar la represi\u00f3n y la incertidumbre\">Acusan a Daniel Ortega de fomentar la represi\u00f3n y la incertidumbre<\/a>\n<\/span><\/div>","aioseo_breadcrumb_json":[{"label":"Home","link":"https:\/\/www.eldigitaldeasturias.com\/noticias"},{"label":"Actualidad","link":"https:\/\/www.eldigitaldeasturias.com\/noticias\/category\/actualidad\/"},{"label":"Acusan a Daniel Ortega de fomentar la represi\u00f3n y la incertidumbre","link":"https:\/\/www.eldigitaldeasturias.com\/noticias\/acusan-a-daniel-ortega-de-fomentar-la-represion-y-la-incertidumbre\/"}],"_links":{"self":[{"href":"https:\/\/www.eldigitaldeasturias.com\/noticias\/wp-json\/wp\/v2\/posts\/979004","targetHints":{"allow":["GET"]}}],"collection":[{"href":"https:\/\/www.eldigitaldeasturias.com\/noticias\/wp-json\/wp\/v2\/posts"}],"about":[{"href":"https:\/\/www.eldigitaldeasturias.com\/noticias\/wp-json\/wp\/v2\/types\/post"}],"author":[{"embeddable":true,"href":"https:\/\/www.eldigitaldeasturias.com\/noticias\/wp-json\/wp\/v2\/users\/1"}],"replies":[{"embeddable":true,"href":"https:\/\/www.eldigitaldeasturias.com\/noticias\/wp-json\/wp\/v2\/comments?post=979004"}],"version-history":[{"count":0,"href":"https:\/\/www.eldigitaldeasturias.com\/noticias\/wp-json\/wp\/v2\/posts\/979004\/revisions"}],"wp:attachment":[{"href":"https:\/\/www.eldigitaldeasturias.com\/noticias\/wp-json\/wp\/v2\/media?parent=979004"}],"wp:term":[{"taxonomy":"category","embeddable":true,"href":"https:\/\/www.eldigitaldeasturias.com\/noticias\/wp-json\/wp\/v2\/categories?post=979004"},{"taxonomy":"post_tag","embeddable":true,"href":"https:\/\/www.eldigitaldeasturias.com\/noticias\/wp-json\/wp\/v2\/tags?post=979004"}],"curies":[{"name":"wp","href":"https:\/\/api.w.org\/{rel}","templated":true}]}}