{"id":979002,"date":"2018-05-04T23:30:27","date_gmt":"2018-05-04T23:30:27","guid":{"rendered":"http:\/\/www.eldigitaldeasturias.com\/noticias\/?p=979002"},"modified":"2018-05-04T23:30:27","modified_gmt":"2018-05-04T23:30:27","slug":"paez-bravo-la-emigracion-de-venezuela-crece-a-ritmo-de-vertigo","status":"publish","type":"post","link":"https:\/\/www.eldigitaldeasturias.com\/noticias\/paez-bravo-la-emigracion-de-venezuela-crece-a-ritmo-de-vertigo\/","title":{"rendered":"P\u00e1ez Bravo: \u00abLa emigraci\u00f3n de Venezuela crece a ritmo de v\u00e9rtigo\u00bb"},"content":{"rendered":"<p><img loading=\"lazy\" decoding=\"async\" class=\"alignleft size-medium wp-image-977059\" src=\"https:\/\/www.eldigitaldeasturias.com\/noticias\/wp-content\/uploads\/2018\/04\/flag-2530554_960_720-360x270.jpg\" alt=\"\" width=\"360\" height=\"270\" \/>Madrid, 4 may (dpa) &#8211; La crisis que vive Venezuela a pocas semanas de las elecciones del 20 de mayo se refleja en una ola de emigrantes sin precedentes para un pa\u00eds m\u00e1s bien acostumbrado, durante d\u00e9cadas, a recibir inmigrantes. Casi un diez por ciento de la poblaci\u00f3n vive en el exterior, seg\u00fan el soci\u00f3logo Tom\u00e1s P\u00e1ez Bravo, autor de libros de referencia sobre el tema.<\/p>\n<p>Y en un panorama de hiperinflaci\u00f3n, deterioro econ\u00f3mico, escasez de alimentos y medicinas e inseguridad, el fen\u00f3meno est\u00e1 lejos de acabar, afirma. \u00abSigue creciendo a ritmo de v\u00e9rtigo, acelerado y adem\u00e1s imparable. La migraci\u00f3n no se puede parar\u00bb, explica el autor de \u00abLa voz de la di\u00e1spora venezolana\u00bb en una entrevista con la agencia dpa en Madrid.<\/p>\n<p>La investigaci\u00f3n de P\u00e1ez cifra ya en unos 3,3 millones el n\u00famero de venezolanos emigrados sobre todo a Colombia, Estados Unidos, Espa\u00f1a y otros pa\u00edses latinoamericanos como Argentina, Brasil, Per\u00fa o Chile. Pero tambi\u00e9n traza el perfil del emigrante: qui\u00e9n es, por qu\u00e9 dej\u00f3 Venezuela, qu\u00e9 busca en su nuevo destino.<\/p>\n<p>dpa: \u00bfQu\u00e9 datos reunieron para su investigaci\u00f3n sobre la \u00abdi\u00e1spora\u00bb venezolana y c\u00f3mo los consiguieron?<\/p>\n<p>P\u00e1ez: En Venezuela no hay datos de la di\u00e1spora. El instituto de estad\u00edstica no los lleva de manera deliberada. Es algo indignante. As\u00ed que con un amigo en Francia nos propusimos hacer un estudio.<\/p>\n<p>El primer punto fue levantar la informaci\u00f3n de forma indirecta, a trav\u00e9s de los institutos estad\u00edsticos de los pa\u00edses de acogida. Tambi\u00e9n consultamos las organizaciones de venezolanos que tienen acceso a datos. Tambi\u00e9n quisimos darles voz a quienes el Gobierno silencia y recogimos decenas de entrevistas e historias de vida.<\/p>\n<p>dpa: \u00bfCu\u00e1les son las cifras m\u00e1s recientes que manejan?<\/p>\n<p>P\u00e1ez: Hacemos un seguimiento casi diario de c\u00f3mo va aumentando la emigraci\u00f3n, hacia d\u00f3nde se dirige, qu\u00e9 organizaciones que se est\u00e1n creando en 90 pa\u00edses y unas 400 ciudades.<\/p>\n<p>Nuestro recuento global en este momento es de 3,3 millones de venezolanos emigrados. En los \u00faltimos dos a\u00f1os aument\u00f3 m\u00e1s de un ciento por ciento de lo que hab\u00eda sido en los 15 o 16 a\u00f1os previos.<\/p>\n<p>dpa: \u00bfQu\u00e9 tendencias actuales ve en la \u00abdi\u00e1spora\u00bb venezolana?<\/p>\n<p>P\u00e1ez: La tendencia es que sigue creciendo a ritmo de v\u00e9rtigo, acelerado y adem\u00e1s imparable. La migraci\u00f3n no se puede parar.<\/p>\n<p>Otra tendencia es que la gente ya no sale en avi\u00f3n por los pasajes tan caros en un contexto hiperinflacionario y tras desaparecer l\u00edneas a\u00e9reas que antes viajaban a Venezuela. La gente est\u00e1 viajando fundamentalmente a pie, en autob\u00fas, en \u00abpe\u00f1eros\u00bb, lanchas peque\u00f1as con las cuales van a Curazao o Trinidad y Tobago.<\/p>\n<p>Por eso la tendencia a crecer es hacia Latinoam\u00e9rica. Los destinos fundamentales son Colombia por la v\u00eda a pie y por otro lado Brasil: ahora en Boa Vista el 10 por ciento de la poblaci\u00f3n es venezolana. Tambi\u00e9n aumenta a un ritmo vertiginoso en Argentina, Chile, Ecuador y Per\u00fa.<\/p>\n<p>dpa: Espa\u00f1a es otro destino central. \u00bfHay una diferencia cualitativa en comparaci\u00f3n con el emigrante a pa\u00edses latinoamericanos?<\/p>\n<p>P\u00e1ez: No hay diferencia en el nivel de formaci\u00f3n. En los \u00faltimos a\u00f1os, la poblaci\u00f3n venezolana se ha empobrecido entera. La escasez de comida o medicinas no afecta solo a los m\u00e1s pobres, sino casi a todo el mundo. El hecho de que algunos se vayan en autob\u00fas en lugar de en avi\u00f3n no los hace menos preparados, sino m\u00e1s pobres, que es la realidad de Venezuela.<\/p>\n<p>dpa: \u00bfQu\u00e9 hitos marcaron el inicio y el aumento de la \u00abdi\u00e1spora\u00bb?<\/p>\n<p>P\u00e1ez: La emigraci\u00f3n como proceso comenz\u00f3 con el chavismo, en el a\u00f1o 1999. Antes hab\u00eda gente que se hab\u00eda ido, pero hablamos de un porcentaje insignificante. El 94 o 95 por ciento de la emigraci\u00f3n se ha producido en los \u00faltimos 18 a\u00f1os.<\/p>\n<p>La magnitud no fue siempre igual. Hay una primera oleada asociada a impactos pol\u00edticos importantes que impulsaron a mucha gente a irse.<\/p>\n<p>Hasta 2011 esa emigraci\u00f3n fue sostenida, pero a partir de ese a\u00f1o el fen\u00f3meno se dispar\u00f3 porque acab\u00f3 el periodo de bonanza de Venezuela: hay que pensar que el pa\u00eds recibi\u00f3 en estos 18 a\u00f1os el mayor ingreso de su historia.<\/p>\n<p>Finalmente, en los \u00faltimos dos a\u00f1os comenz\u00f3 una tercera etapa. Hasta el a\u00f1o 2015, cuando hicimos el estudio, el noventa y tanto por ciento de emigrantes ten\u00edan un grado acad\u00e9mico. En los \u00faltimos a\u00f1os se ha diversificado y se ha expandido a gente con menor nivel acad\u00e9mico. Es la oleada de la desesperanza, la de la gente que se va porque tiene que resolver el tema de la medicina o de la comida.<\/p>\n<p>dpa: Siguiendo con aspectos cualitativos: \u00bfcu\u00e1les son los motivos con los que los venezolanos justifican su emigraci\u00f3n?<\/p>\n<p>P\u00e1ez: Las dos razones fundamentales por las que se van son la inseguridad, que es el ataque al m\u00e1s importante derecho de propiedad que es la propiedad sobre la vida misma, y el deterioro econ\u00f3mico, que ha sido progresivo.<\/p>\n<p>dpa: Junto a esa gran masa, emigraron tambi\u00e9n muchos ex funcionarios o grandes fortunas del pa\u00eds&#8230;<\/p>\n<p>P\u00e1ez: S\u00ed, se han ido funcionarios y los amigos de los funcionarios. Unos que han ca\u00eddo en desgracia, otros que despu\u00e9s de haber logrado lo que quer\u00edan han decidido guarecerse en el exterior. Tambi\u00e9n empresarios sanguijuela que han crecido alrededor del Estado y que se han instalado fuera tras obtener los recursos.<\/p>\n<p>dpa: \u00bfEl emigrante venezolano piensa en volver alguna vez al pa\u00eds?<\/p>\n<p>P\u00e1ez: Ante esa pregunta, muchos dijeron: si me fui por la inseguridad y el deterioro econ\u00f3mico, no voy a regresar porque no solo permanecen, sino que se han agravado. Preguntamos qu\u00e9 deber\u00eda cambiar para que volvieran, y la respuesta m\u00e1s com\u00fan fue: lo que quiero es que me garanticen seguridad.<\/p>\n<p><i class=\"lang-es\"><span class=\" readonly\" title=\"\">Por Pablo Sanguinetti (dpa)<\/span><\/i><\/p>\n","protected":false},"excerpt":{"rendered":"<p>Madrid, 4 may (dpa) &#8211; La crisis que vive Venezuela a pocas semanas de las elecciones del 20 de mayo se refleja en una ola de emigrantes sin precedentes para un pa\u00eds m\u00e1s bien acostumbrado, durante d\u00e9cadas, a recibir inmigrantes. Casi un diez por ciento de la poblaci\u00f3n vive en el exterior, seg\u00fan el soci\u00f3logo [&hellip;]<\/p>\n","protected":false},"author":1,"featured_media":977059,"comment_status":"closed","ping_status":"closed","sticky":false,"template":"","format":"standard","meta":{"footnotes":""},"categories":[1],"tags":[],"class_list":["post-979002","post","type-post","status-publish","format-standard","has-post-thumbnail","hentry","category-actualidad"],"aioseo_notices":[],"aioseo_head":"\n\t\t<!-- All in One SEO Pro 5.0.1 - aioseo.com -->\n\t<meta name=\"description\" content=\"Madrid, 4 may (dpa) - La crisis que vive Venezuela a pocas semanas de las elecciones del 20 de mayo se refleja en una ola de emigrantes sin precedentes para un pa\u00eds m\u00e1s bien acostumbrado, durante d\u00e9cadas, a recibir inmigrantes. Casi un diez por ciento de la poblaci\u00f3n vive en el exterior, seg\u00fan el soci\u00f3logo\" \/>\n\t<meta name=\"robots\" content=\"max-image-preview:large\" \/>\n\t<meta name=\"author\" content=\"El Digital de Asturias\"\/>\n\t<meta name=\"google-site-verification\" content=\"UA-38556648-1\" \/>\n\t<meta name=\"msvalidate.01\" content=\"7dfe9f3f1b24437ab69f4f2559babe99\" \/>\n\t<meta name=\"keywords\" content=\"actualidad\" \/>\n\t<link rel=\"canonical\" href=\"https:\/\/www.eldigitaldeasturias.com\/noticias\/paez-bravo-la-emigracion-de-venezuela-crece-a-ritmo-de-vertigo\/\" \/>\n\t<meta name=\"generator\" content=\"All in One SEO Pro (AIOSEO) 5.0.1\" \/>\n\t\t<meta property=\"og:locale\" content=\"es_ES\" \/>\n\t\t<meta property=\"og:site_name\" content=\"El Digital de Asturias\" \/>\n\t\t<meta property=\"og:type\" content=\"article\" \/>\n\t\t<meta property=\"og:title\" content=\"P\u00e1ez Bravo: \u00abLa emigraci\u00f3n de Venezuela crece a ritmo de v\u00e9rtigo\u00bb - El Digital de Asturias\" \/>\n\t\t<meta property=\"og:description\" content=\"Madrid, 4 may (dpa) - La crisis que vive Venezuela a pocas semanas de las elecciones del 20 de mayo se refleja en una ola de emigrantes sin precedentes para un pa\u00eds m\u00e1s bien acostumbrado, durante d\u00e9cadas, a recibir inmigrantes. Casi un diez por ciento de la poblaci\u00f3n vive en el exterior, seg\u00fan el soci\u00f3logo\" \/>\n\t\t<meta property=\"og:url\" content=\"https:\/\/www.eldigitaldeasturias.com\/noticias\/paez-bravo-la-emigracion-de-venezuela-crece-a-ritmo-de-vertigo\/\" \/>\n\t\t<meta property=\"article:tag\" content=\"actualidad\" \/>\n\t\t<meta property=\"article:published_time\" content=\"2018-05-04T23:30:27+00:00\" \/>\n\t\t<meta property=\"article:modified_time\" content=\"2018-05-04T23:30:27+00:00\" \/>\n\t\t<meta property=\"article:publisher\" content=\"https:\/\/facebook.com\/eldigitaldeasturias\" \/>\n\t\t<meta name=\"twitter:card\" content=\"summary_large_image\" \/>\n\t\t<meta name=\"twitter:title\" content=\"P\u00e1ez Bravo: \u00abLa emigraci\u00f3n de Venezuela crece a ritmo de v\u00e9rtigo\u00bb - El Digital de Asturias\" \/>\n\t\t<meta name=\"twitter:description\" content=\"Madrid, 4 may (dpa) - La crisis que vive Venezuela a pocas semanas de las elecciones del 20 de mayo se refleja en una ola de emigrantes sin precedentes para un pa\u00eds m\u00e1s bien acostumbrado, durante d\u00e9cadas, a recibir inmigrantes. Casi un diez por ciento de la poblaci\u00f3n vive en el exterior, seg\u00fan el soci\u00f3logo\" \/>\n\t\t<meta name=\"twitter:image\" content=\"https:\/\/www.eldigitaldeasturias.com\/noticias\/wp-content\/uploads\/2020\/12\/EDA-1.jpg\" \/>\n\t\t<meta name=\"twitter:label1\" content=\"Escrito por\" \/>\n\t\t<meta name=\"twitter:data1\" content=\"El Digital de Asturias\" \/>\n\t\t<meta name=\"twitter:label2\" content=\"Tiempo de lectura estimado\" \/>\n\t\t<meta name=\"twitter:data2\" content=\"5 minutos\" \/>\n\t\t<script type=\"application\/ld+json\" class=\"aioseo-schema\">\n\t\t\t{\"@context\":\"https:\\\/\\\/schema.org\",\"@graph\":[{\"@type\":\"BlogPosting\",\"@id\":\"https:\\\/\\\/www.eldigitaldeasturias.com\\\/noticias\\\/paez-bravo-la-emigracion-de-venezuela-crece-a-ritmo-de-vertigo\\\/#blogposting\",\"name\":\"P\\u00e1ez Bravo: \\u00abLa emigraci\\u00f3n de Venezuela crece a ritmo de v\\u00e9rtigo\\u00bb - El Digital de Asturias\",\"headline\":\"P\\u00e1ez Bravo: \\u00abLa emigraci\\u00f3n de Venezuela crece a ritmo de v\\u00e9rtigo\\u00bb\",\"author\":{\"@id\":\"https:\\\/\\\/www.eldigitaldeasturias.com\\\/noticias\\\/author\\\/admin\\\/#author\"},\"publisher\":{\"@id\":\"https:\\\/\\\/www.eldigitaldeasturias.com\\\/noticias\\\/#organization\"},\"image\":{\"@type\":\"ImageObject\",\"url\":977059},\"datePublished\":\"2018-05-04T23:30:27+02:00\",\"dateModified\":\"2018-05-04T23:30:27+02:00\",\"inLanguage\":\"es-ES\",\"mainEntityOfPage\":{\"@id\":\"https:\\\/\\\/www.eldigitaldeasturias.com\\\/noticias\\\/paez-bravo-la-emigracion-de-venezuela-crece-a-ritmo-de-vertigo\\\/#webpage\"},\"isPartOf\":{\"@id\":\"https:\\\/\\\/www.eldigitaldeasturias.com\\\/noticias\\\/paez-bravo-la-emigracion-de-venezuela-crece-a-ritmo-de-vertigo\\\/#webpage\"},\"articleSection\":\"Actualidad\"},{\"@type\":\"BreadcrumbList\",\"@id\":\"https:\\\/\\\/www.eldigitaldeasturias.com\\\/noticias\\\/paez-bravo-la-emigracion-de-venezuela-crece-a-ritmo-de-vertigo\\\/#breadcrumblist\",\"itemListElement\":[{\"@type\":\"ListItem\",\"@id\":\"https:\\\/\\\/www.eldigitaldeasturias.com\\\/noticias#listItem\",\"position\":1,\"name\":\"Home\",\"item\":\"https:\\\/\\\/www.eldigitaldeasturias.com\\\/noticias\",\"nextItem\":{\"@type\":\"ListItem\",\"@id\":\"https:\\\/\\\/www.eldigitaldeasturias.com\\\/noticias\\\/category\\\/actualidad\\\/#listItem\",\"name\":\"Actualidad\"}},{\"@type\":\"ListItem\",\"@id\":\"https:\\\/\\\/www.eldigitaldeasturias.com\\\/noticias\\\/category\\\/actualidad\\\/#listItem\",\"position\":2,\"name\":\"Actualidad\",\"item\":\"https:\\\/\\\/www.eldigitaldeasturias.com\\\/noticias\\\/category\\\/actualidad\\\/\",\"nextItem\":{\"@type\":\"ListItem\",\"@id\":\"https:\\\/\\\/www.eldigitaldeasturias.com\\\/noticias\\\/paez-bravo-la-emigracion-de-venezuela-crece-a-ritmo-de-vertigo\\\/#listItem\",\"name\":\"P\\u00e1ez Bravo: \\u00abLa emigraci\\u00f3n de Venezuela crece a ritmo de v\\u00e9rtigo\\u00bb\"},\"previousItem\":{\"@type\":\"ListItem\",\"@id\":\"https:\\\/\\\/www.eldigitaldeasturias.com\\\/noticias#listItem\",\"name\":\"Home\"}},{\"@type\":\"ListItem\",\"@id\":\"https:\\\/\\\/www.eldigitaldeasturias.com\\\/noticias\\\/paez-bravo-la-emigracion-de-venezuela-crece-a-ritmo-de-vertigo\\\/#listItem\",\"position\":3,\"name\":\"P\\u00e1ez Bravo: \\u00abLa emigraci\\u00f3n de Venezuela crece a ritmo de v\\u00e9rtigo\\u00bb\",\"previousItem\":{\"@type\":\"ListItem\",\"@id\":\"https:\\\/\\\/www.eldigitaldeasturias.com\\\/noticias\\\/category\\\/actualidad\\\/#listItem\",\"name\":\"Actualidad\"}}]},{\"@type\":\"Organization\",\"@id\":\"https:\\\/\\\/www.eldigitaldeasturias.com\\\/noticias\\\/#organization\",\"name\":\"El Digital de Asturias\",\"description\":\"Hemeroteca\",\"url\":\"https:\\\/\\\/www.eldigitaldeasturias.com\\\/noticias\\\/\",\"email\":\"info@eldigitaldeasturias.com\",\"telephone\":\"+34652131393\",\"logo\":{\"@type\":\"ImageObject\",\"url\":\"https:\\\/\\\/www.eldigitaldeasturias.com\\\/noticias\\\/wp-content\\\/uploads\\\/2020\\\/12\\\/EDA.jpg\",\"@id\":\"https:\\\/\\\/www.eldigitaldeasturias.com\\\/noticias\\\/paez-bravo-la-emigracion-de-venezuela-crece-a-ritmo-de-vertigo\\\/#organizationLogo\"},\"image\":{\"@id\":\"https:\\\/\\\/www.eldigitaldeasturias.com\\\/noticias\\\/paez-bravo-la-emigracion-de-venezuela-crece-a-ritmo-de-vertigo\\\/#organizationLogo\"},\"sameAs\":[\"https:\\\/\\\/facebook.com\\\/eldigitaldeasturias\",\"https:\\\/\\\/www.youtube.com\\\/channel\\\/UCZP-2wLEB9Rv6erhFmqVnvg\"],\"address\":{\"@id\":\"https:\\\/\\\/www.eldigitaldeasturias.com\\\/noticias\\\/#postaladdress\",\"@type\":\"PostalAddress\",\"streetAddress\":\"san antonio 4\",\"postalCode\":\"33430\",\"addressLocality\":\"Cand\\u00e1s\",\"addressRegion\":\"Asturias\",\"addressCountry\":\"ES\"}},{\"@type\":\"Person\",\"@id\":\"https:\\\/\\\/www.eldigitaldeasturias.com\\\/noticias\\\/author\\\/admin\\\/#author\",\"url\":\"https:\\\/\\\/www.eldigitaldeasturias.com\\\/noticias\\\/author\\\/admin\\\/\",\"name\":\"El Digital de Asturias\",\"image\":{\"@type\":\"ImageObject\",\"@id\":\"https:\\\/\\\/www.eldigitaldeasturias.com\\\/noticias\\\/paez-bravo-la-emigracion-de-venezuela-crece-a-ritmo-de-vertigo\\\/#authorImage\",\"url\":\"https:\\\/\\\/secure.gravatar.com\\\/avatar\\\/df2aeffc32bcd13f8d26072ef8a91b623d677766deac7f97ca815868cd41bf5e?s=96&d=mm&r=g\",\"width\":96,\"height\":96,\"caption\":\"El Digital de Asturias\"}},{\"@type\":\"WebPage\",\"@id\":\"https:\\\/\\\/www.eldigitaldeasturias.com\\\/noticias\\\/paez-bravo-la-emigracion-de-venezuela-crece-a-ritmo-de-vertigo\\\/#webpage\",\"url\":\"https:\\\/\\\/www.eldigitaldeasturias.com\\\/noticias\\\/paez-bravo-la-emigracion-de-venezuela-crece-a-ritmo-de-vertigo\\\/\",\"name\":\"P\\u00e1ez Bravo: \\u00abLa emigraci\\u00f3n de Venezuela crece a ritmo de v\\u00e9rtigo\\u00bb - El Digital de Asturias\",\"description\":\"Madrid, 4 may (dpa) - La crisis que vive Venezuela a pocas semanas de las elecciones del 20 de mayo se refleja en una ola de emigrantes sin precedentes para un pa\\u00eds m\\u00e1s bien acostumbrado, durante d\\u00e9cadas, a recibir inmigrantes. Casi un diez por ciento de la poblaci\\u00f3n vive en el exterior, seg\\u00fan el soci\\u00f3logo\",\"inLanguage\":\"es-ES\",\"isPartOf\":{\"@id\":\"https:\\\/\\\/www.eldigitaldeasturias.com\\\/noticias\\\/#website\"},\"breadcrumb\":{\"@id\":\"https:\\\/\\\/www.eldigitaldeasturias.com\\\/noticias\\\/paez-bravo-la-emigracion-de-venezuela-crece-a-ritmo-de-vertigo\\\/#breadcrumblist\"},\"author\":{\"@id\":\"https:\\\/\\\/www.eldigitaldeasturias.com\\\/noticias\\\/author\\\/admin\\\/#author\"},\"creator\":{\"@id\":\"https:\\\/\\\/www.eldigitaldeasturias.com\\\/noticias\\\/author\\\/admin\\\/#author\"},\"image\":{\"@type\":\"ImageObject\",\"url\":977059,\"@id\":\"https:\\\/\\\/www.eldigitaldeasturias.com\\\/noticias\\\/paez-bravo-la-emigracion-de-venezuela-crece-a-ritmo-de-vertigo\\\/#mainImage\"},\"primaryImageOfPage\":{\"@id\":\"https:\\\/\\\/www.eldigitaldeasturias.com\\\/noticias\\\/paez-bravo-la-emigracion-de-venezuela-crece-a-ritmo-de-vertigo\\\/#mainImage\"},\"datePublished\":\"2018-05-04T23:30:27+02:00\",\"dateModified\":\"2018-05-04T23:30:27+02:00\"},{\"@type\":\"WebSite\",\"@id\":\"https:\\\/\\\/www.eldigitaldeasturias.com\\\/noticias\\\/#website\",\"url\":\"https:\\\/\\\/www.eldigitaldeasturias.com\\\/noticias\\\/\",\"name\":\"El Digital de Asturias - Diario de actualidad y noticias\",\"alternateName\":\"El Digital de Asturias - Diario de actualidad y noticias\",\"description\":\"Hemeroteca\",\"inLanguage\":\"es-ES\",\"publisher\":{\"@id\":\"https:\\\/\\\/www.eldigitaldeasturias.com\\\/noticias\\\/#organization\"}}]}\n\t\t<\/script>\n\t\t<!-- All in One SEO Pro -->\r\n\t\t<title>P\u00e1ez Bravo: \u00abLa emigraci\u00f3n de Venezuela crece a ritmo de v\u00e9rtigo\u00bb - El Digital de Asturias<\/title>\n\n","aioseo_head_json":{"title":"P\u00e1ez Bravo: \u00abLa emigraci\u00f3n de Venezuela crece a ritmo de v\u00e9rtigo\u00bb - El Digital de Asturias","description":"Madrid, 4 may (dpa) - La crisis que vive Venezuela a pocas semanas de las elecciones del 20 de mayo se refleja en una ola de emigrantes sin precedentes para un pa\u00eds m\u00e1s bien acostumbrado, durante d\u00e9cadas, a recibir inmigrantes. Casi un diez por ciento de la poblaci\u00f3n vive en el exterior, seg\u00fan el soci\u00f3logo","canonical_url":"https:\/\/www.eldigitaldeasturias.com\/noticias\/paez-bravo-la-emigracion-de-venezuela-crece-a-ritmo-de-vertigo\/","robots":"max-image-preview:large","keywords":"actualidad","webmasterTools":{"google-site-verification":"UA-38556648-1","msvalidate.01":"7dfe9f3f1b24437ab69f4f2559babe99","miscellaneous":""},"schema":{"@context":"https:\/\/schema.org","@graph":[{"@type":"BlogPosting","@id":"https:\/\/www.eldigitaldeasturias.com\/noticias\/paez-bravo-la-emigracion-de-venezuela-crece-a-ritmo-de-vertigo\/#blogposting","name":"P\u00e1ez Bravo: \u00abLa emigraci\u00f3n de Venezuela crece a ritmo de v\u00e9rtigo\u00bb - El Digital de Asturias","headline":"P\u00e1ez Bravo: \u00abLa emigraci\u00f3n de Venezuela crece a ritmo de v\u00e9rtigo\u00bb","author":{"@id":"https:\/\/www.eldigitaldeasturias.com\/noticias\/author\/admin\/#author"},"publisher":{"@id":"https:\/\/www.eldigitaldeasturias.com\/noticias\/#organization"},"image":{"@type":"ImageObject","url":977059},"datePublished":"2018-05-04T23:30:27+02:00","dateModified":"2018-05-04T23:30:27+02:00","inLanguage":"es-ES","mainEntityOfPage":{"@id":"https:\/\/www.eldigitaldeasturias.com\/noticias\/paez-bravo-la-emigracion-de-venezuela-crece-a-ritmo-de-vertigo\/#webpage"},"isPartOf":{"@id":"https:\/\/www.eldigitaldeasturias.com\/noticias\/paez-bravo-la-emigracion-de-venezuela-crece-a-ritmo-de-vertigo\/#webpage"},"articleSection":"Actualidad"},{"@type":"BreadcrumbList","@id":"https:\/\/www.eldigitaldeasturias.com\/noticias\/paez-bravo-la-emigracion-de-venezuela-crece-a-ritmo-de-vertigo\/#breadcrumblist","itemListElement":[{"@type":"ListItem","@id":"https:\/\/www.eldigitaldeasturias.com\/noticias#listItem","position":1,"name":"Home","item":"https:\/\/www.eldigitaldeasturias.com\/noticias","nextItem":{"@type":"ListItem","@id":"https:\/\/www.eldigitaldeasturias.com\/noticias\/category\/actualidad\/#listItem","name":"Actualidad"}},{"@type":"ListItem","@id":"https:\/\/www.eldigitaldeasturias.com\/noticias\/category\/actualidad\/#listItem","position":2,"name":"Actualidad","item":"https:\/\/www.eldigitaldeasturias.com\/noticias\/category\/actualidad\/","nextItem":{"@type":"ListItem","@id":"https:\/\/www.eldigitaldeasturias.com\/noticias\/paez-bravo-la-emigracion-de-venezuela-crece-a-ritmo-de-vertigo\/#listItem","name":"P\u00e1ez Bravo: \u00abLa emigraci\u00f3n de Venezuela crece a ritmo de v\u00e9rtigo\u00bb"},"previousItem":{"@type":"ListItem","@id":"https:\/\/www.eldigitaldeasturias.com\/noticias#listItem","name":"Home"}},{"@type":"ListItem","@id":"https:\/\/www.eldigitaldeasturias.com\/noticias\/paez-bravo-la-emigracion-de-venezuela-crece-a-ritmo-de-vertigo\/#listItem","position":3,"name":"P\u00e1ez Bravo: \u00abLa emigraci\u00f3n de Venezuela crece a ritmo de v\u00e9rtigo\u00bb","previousItem":{"@type":"ListItem","@id":"https:\/\/www.eldigitaldeasturias.com\/noticias\/category\/actualidad\/#listItem","name":"Actualidad"}}]},{"@type":"Organization","@id":"https:\/\/www.eldigitaldeasturias.com\/noticias\/#organization","name":"El Digital de Asturias","description":"Hemeroteca","url":"https:\/\/www.eldigitaldeasturias.com\/noticias\/","email":"info@eldigitaldeasturias.com","telephone":"+34652131393","logo":{"@type":"ImageObject","url":"https:\/\/www.eldigitaldeasturias.com\/noticias\/wp-content\/uploads\/2020\/12\/EDA.jpg","@id":"https:\/\/www.eldigitaldeasturias.com\/noticias\/paez-bravo-la-emigracion-de-venezuela-crece-a-ritmo-de-vertigo\/#organizationLogo"},"image":{"@id":"https:\/\/www.eldigitaldeasturias.com\/noticias\/paez-bravo-la-emigracion-de-venezuela-crece-a-ritmo-de-vertigo\/#organizationLogo"},"sameAs":["https:\/\/facebook.com\/eldigitaldeasturias","https:\/\/www.youtube.com\/channel\/UCZP-2wLEB9Rv6erhFmqVnvg"],"address":{"@id":"https:\/\/www.eldigitaldeasturias.com\/noticias\/#postaladdress","@type":"PostalAddress","streetAddress":"san antonio 4","postalCode":"33430","addressLocality":"Cand\u00e1s","addressRegion":"Asturias","addressCountry":"ES"}},{"@type":"Person","@id":"https:\/\/www.eldigitaldeasturias.com\/noticias\/author\/admin\/#author","url":"https:\/\/www.eldigitaldeasturias.com\/noticias\/author\/admin\/","name":"El Digital de Asturias","image":{"@type":"ImageObject","@id":"https:\/\/www.eldigitaldeasturias.com\/noticias\/paez-bravo-la-emigracion-de-venezuela-crece-a-ritmo-de-vertigo\/#authorImage","url":"https:\/\/secure.gravatar.com\/avatar\/df2aeffc32bcd13f8d26072ef8a91b623d677766deac7f97ca815868cd41bf5e?s=96&d=mm&r=g","width":96,"height":96,"caption":"El Digital de Asturias"}},{"@type":"WebPage","@id":"https:\/\/www.eldigitaldeasturias.com\/noticias\/paez-bravo-la-emigracion-de-venezuela-crece-a-ritmo-de-vertigo\/#webpage","url":"https:\/\/www.eldigitaldeasturias.com\/noticias\/paez-bravo-la-emigracion-de-venezuela-crece-a-ritmo-de-vertigo\/","name":"P\u00e1ez Bravo: \u00abLa emigraci\u00f3n de Venezuela crece a ritmo de v\u00e9rtigo\u00bb - El Digital de Asturias","description":"Madrid, 4 may (dpa) - La crisis que vive Venezuela a pocas semanas de las elecciones del 20 de mayo se refleja en una ola de emigrantes sin precedentes para un pa\u00eds m\u00e1s bien acostumbrado, durante d\u00e9cadas, a recibir inmigrantes. Casi un diez por ciento de la poblaci\u00f3n vive en el exterior, seg\u00fan el soci\u00f3logo","inLanguage":"es-ES","isPartOf":{"@id":"https:\/\/www.eldigitaldeasturias.com\/noticias\/#website"},"breadcrumb":{"@id":"https:\/\/www.eldigitaldeasturias.com\/noticias\/paez-bravo-la-emigracion-de-venezuela-crece-a-ritmo-de-vertigo\/#breadcrumblist"},"author":{"@id":"https:\/\/www.eldigitaldeasturias.com\/noticias\/author\/admin\/#author"},"creator":{"@id":"https:\/\/www.eldigitaldeasturias.com\/noticias\/author\/admin\/#author"},"image":{"@type":"ImageObject","url":977059,"@id":"https:\/\/www.eldigitaldeasturias.com\/noticias\/paez-bravo-la-emigracion-de-venezuela-crece-a-ritmo-de-vertigo\/#mainImage"},"primaryImageOfPage":{"@id":"https:\/\/www.eldigitaldeasturias.com\/noticias\/paez-bravo-la-emigracion-de-venezuela-crece-a-ritmo-de-vertigo\/#mainImage"},"datePublished":"2018-05-04T23:30:27+02:00","dateModified":"2018-05-04T23:30:27+02:00"},{"@type":"WebSite","@id":"https:\/\/www.eldigitaldeasturias.com\/noticias\/#website","url":"https:\/\/www.eldigitaldeasturias.com\/noticias\/","name":"El Digital de Asturias - Diario de actualidad y noticias","alternateName":"El Digital de Asturias - Diario de actualidad y noticias","description":"Hemeroteca","inLanguage":"es-ES","publisher":{"@id":"https:\/\/www.eldigitaldeasturias.com\/noticias\/#organization"}}]},"og:locale":"es_ES","og:site_name":"El Digital de Asturias","og:type":"article","og:title":"P\u00e1ez Bravo: \u00abLa emigraci\u00f3n de Venezuela crece a ritmo de v\u00e9rtigo\u00bb - El Digital de Asturias","og:description":"Madrid, 4 may (dpa) - La crisis que vive Venezuela a pocas semanas de las elecciones del 20 de mayo se refleja en una ola de emigrantes sin precedentes para un pa\u00eds m\u00e1s bien acostumbrado, durante d\u00e9cadas, a recibir inmigrantes. Casi un diez por ciento de la poblaci\u00f3n vive en el exterior, seg\u00fan el soci\u00f3logo","og:url":"https:\/\/www.eldigitaldeasturias.com\/noticias\/paez-bravo-la-emigracion-de-venezuela-crece-a-ritmo-de-vertigo\/","article:tag":["actualidad"],"article:published_time":"2018-05-04T23:30:27+00:00","article:modified_time":"2018-05-04T23:30:27+00:00","article:publisher":"https:\/\/facebook.com\/eldigitaldeasturias","twitter:card":"summary_large_image","twitter:title":"P\u00e1ez Bravo: \u00abLa emigraci\u00f3n de Venezuela crece a ritmo de v\u00e9rtigo\u00bb - El Digital de Asturias","twitter:description":"Madrid, 4 may (dpa) - La crisis que vive Venezuela a pocas semanas de las elecciones del 20 de mayo se refleja en una ola de emigrantes sin precedentes para un pa\u00eds m\u00e1s bien acostumbrado, durante d\u00e9cadas, a recibir inmigrantes. Casi un diez por ciento de la poblaci\u00f3n vive en el exterior, seg\u00fan el soci\u00f3logo","twitter:image":"https:\/\/www.eldigitaldeasturias.com\/noticias\/wp-content\/uploads\/2020\/12\/EDA-1.jpg","twitter:label1":"Escrito por","twitter:data1":"El Digital de Asturias","twitter:label2":"Tiempo de lectura estimado","twitter:data2":"5 minutos"},"aioseo_meta_data":{"post_id":"979002","title":null,"description":null,"keywords":null,"keyphrases":null,"primary_term":null,"canonical_url":null,"og_title":null,"og_description":null,"og_object_type":"default","og_image_type":"default","og_image_url":null,"og_image_width":null,"og_image_height":null,"og_image_custom_url":null,"og_image_custom_fields":null,"og_video":null,"og_custom_url":null,"og_article_section":null,"og_article_tags":null,"twitter_use_og":false,"twitter_card":"default","twitter_image_type":"default","twitter_image_url":null,"twitter_image_custom_url":null,"twitter_image_custom_fields":null,"twitter_title":null,"twitter_description":null,"schema":{"blockGraphs":[],"customGraphs":[],"default":{"data":{"Article":[],"Course":[],"Dataset":[],"FAQPage":[],"Movie":[],"Person":[],"Product":[],"ProductReview":[],"Car":[],"Recipe":[],"Service":[],"SoftwareApplication":[],"WebPage":[]},"graphName":"","isEnabled":true},"graphs":[],"defaultGraph":"","defaultPostTypeGraph":""},"schema_type":null,"schema_type_options":null,"pillar_content":false,"robots_default":true,"robots_noindex":false,"robots_noarchive":false,"robots_nosnippet":false,"robots_nofollow":false,"robots_noimageindex":false,"robots_noodp":false,"robots_notranslate":false,"robots_max_snippet":null,"robots_max_videopreview":null,"robots_max_imagepreview":"large","priority":null,"frequency":null,"local_seo":null,"seo_analyzer_scan_date":"2025-10-08 12:49:05","breadcrumb_settings":null,"limit_modified_date":false,"open_ai":null,"ai":null,"created":"2020-12-21 12:00:38","updated":"2025-10-08 12:49:05","focus_keyword":null,"additional_keywords":null,"truseo_locale":null},"aioseo_breadcrumb":"<div class=\"aioseo-breadcrumbs\"><span class=\"aioseo-breadcrumb\">\n\t<a href=\"https:\/\/www.eldigitaldeasturias.com\/noticias\" title=\"Home\">Home<\/a>\n<\/span><span class=\"aioseo-breadcrumb-separator\">\u2013<\/span><span class=\"aioseo-breadcrumb\">\n\t<a href=\"https:\/\/www.eldigitaldeasturias.com\/noticias\/category\/actualidad\/\" title=\"Actualidad\">Actualidad<\/a>\n<\/span><span class=\"aioseo-breadcrumb-separator\">\u2013<\/span><span class=\"aioseo-breadcrumb\">\n\t<a href=\"https:\/\/www.eldigitaldeasturias.com\/noticias\/paez-bravo-la-emigracion-de-venezuela-crece-a-ritmo-de-vertigo\/\" title=\"P\u00e1ez Bravo: \u00abLa emigraci\u00f3n de Venezuela crece a ritmo de v\u00e9rtigo\u00bb\">P\u00e1ez Bravo: \u00abLa emigraci\u00f3n de Venezuela crece a ritmo de v\u00e9rtigo\u00bb<\/a>\n<\/span><\/div>","aioseo_breadcrumb_json":[{"label":"Home","link":"https:\/\/www.eldigitaldeasturias.com\/noticias"},{"label":"Actualidad","link":"https:\/\/www.eldigitaldeasturias.com\/noticias\/category\/actualidad\/"},{"label":"P\u00e1ez Bravo: \u00abLa emigraci\u00f3n de Venezuela crece a ritmo de v\u00e9rtigo\u00bb","link":"https:\/\/www.eldigitaldeasturias.com\/noticias\/paez-bravo-la-emigracion-de-venezuela-crece-a-ritmo-de-vertigo\/"}],"_links":{"self":[{"href":"https:\/\/www.eldigitaldeasturias.com\/noticias\/wp-json\/wp\/v2\/posts\/979002","targetHints":{"allow":["GET"]}}],"collection":[{"href":"https:\/\/www.eldigitaldeasturias.com\/noticias\/wp-json\/wp\/v2\/posts"}],"about":[{"href":"https:\/\/www.eldigitaldeasturias.com\/noticias\/wp-json\/wp\/v2\/types\/post"}],"author":[{"embeddable":true,"href":"https:\/\/www.eldigitaldeasturias.com\/noticias\/wp-json\/wp\/v2\/users\/1"}],"replies":[{"embeddable":true,"href":"https:\/\/www.eldigitaldeasturias.com\/noticias\/wp-json\/wp\/v2\/comments?post=979002"}],"version-history":[{"count":0,"href":"https:\/\/www.eldigitaldeasturias.com\/noticias\/wp-json\/wp\/v2\/posts\/979002\/revisions"}],"wp:attachment":[{"href":"https:\/\/www.eldigitaldeasturias.com\/noticias\/wp-json\/wp\/v2\/media?parent=979002"}],"wp:term":[{"taxonomy":"category","embeddable":true,"href":"https:\/\/www.eldigitaldeasturias.com\/noticias\/wp-json\/wp\/v2\/categories?post=979002"},{"taxonomy":"post_tag","embeddable":true,"href":"https:\/\/www.eldigitaldeasturias.com\/noticias\/wp-json\/wp\/v2\/tags?post=979002"}],"curies":[{"name":"wp","href":"https:\/\/api.w.org\/{rel}","templated":true}]}}