{"id":978990,"date":"2018-05-04T23:09:44","date_gmt":"2018-05-04T23:09:44","guid":{"rendered":"http:\/\/www.eldigitaldeasturias.com\/noticias\/?p=978990"},"modified":"2018-05-04T23:09:44","modified_gmt":"2018-05-04T23:09:44","slug":"la-reunion-entre-trump-y-kim-jong-un-ya-tiene-fecha-y-lugar","status":"publish","type":"post","link":"https:\/\/www.eldigitaldeasturias.com\/noticias\/la-reunion-entre-trump-y-kim-jong-un-ya-tiene-fecha-y-lugar\/","title":{"rendered":"La reuni\u00f3n entre Trump y Kim Jong-un ya tiene fecha y lugar"},"content":{"rendered":"<p><img loading=\"lazy\" decoding=\"async\" class=\"alignleft size-medium wp-image-977530\" src=\"https:\/\/www.eldigitaldeasturias.com\/noticias\/wp-content\/uploads\/2018\/04\/Los-blancos-votaron-a-Trump-360x240.jpg\" alt=\"\" width=\"360\" height=\"240\" \/>Washington, 4 may (dpa) &#8211; El presidente estadounidense, Donald Trump, dijo hoy que ya se estableci\u00f3 la fecha y el lugar para su encuentro con el l\u00edder norcoreano, Kim Jong-un, y prometi\u00f3 revelar pronto los detalles.<\/p>\n<p>En los \u00faltimos d\u00edas, Trump hab\u00eda sugerido p\u00fablicamente diversas locaciones para la reuni\u00f3n, entre ellas en otros pa\u00edses como Singapur, as\u00ed como lugares en la frontera entre las dos Coreas.<\/p>\n<p>Trump y Kim dialogar\u00e1n en busca de un acuerdo para distender la situaci\u00f3n en la pen\u00ednsula coreana y en pos de la desnuclearizaci\u00f3n de la regi\u00f3n.<\/p>\n<p>El mandatario estadounidense hab\u00eda dicho antes que el encuentro ser\u00eda a fines de mayo o principios de junio.<\/p>\n<p>Kim mantuvo la semana pasada una reuni\u00f3n hist\u00f3rica con el presidente surcoreano, Moon Jae-in, en la frontera com\u00fan. El Gobierno surcoreano indic\u00f3 luego que Kim expres\u00f3 su voluntad de desmantelar totalmente el programa nuclear de su pa\u00eds, una meta declarada de Estados Unidos.<\/p>\n<p>\u00abSigan conectados, creo que ver\u00e1n cosas muy, muy buenas\u00bb, dijo hoy Trump en Washington, en referencia a la posible liberaci\u00f3n de tres estadounidenses detenidos en Corea del Norte.<\/p>\n<p>El l\u00edder norcoreano recibi\u00f3 esta semana al ministro chino de Exteriores, Wang Yi, en Pyongyang. Uno de los objetivos de la visita era preparar la cumbre entre Kim y Trump. China considera que en las negociaciones se debe garantizar que se respeten las necesidades de seguridad de Corea del Norte.<\/p>\n<p>En tanto, la Casa Blanca rechaz\u00f3 hoy una historia publicada en \u00abThe New York Times\u00bb que aseguraba que Trump estaba sondeando las posibilidades de reducir la presencia militar de su pa\u00eds en Corea del Sur. El informe es una \u00abtonter\u00eda total\u00bb, dijo el asesor de Seguridad Nacional John Bolton.<\/p>\n<p>\u00abEl presidente no le pidi\u00f3 al Pent\u00e1gono que presente planes para la reducci\u00f3n de las fuerzas estadounidenses estacionadas en Corea del Sur\u00bb, a\u00f1adi\u00f3. Trump incluso dijo que la reducci\u00f3n de tropas \u00abno est\u00e1 sobre la mesa\u00bb.<\/p>\n<p>Actualmente hay unos 28.500 soldados desplegados en Corea del Sur. El l\u00edder norcoreano hab\u00eda declarado que la retirada de las tropas estadounidenses era una condici\u00f3n previa para los di\u00e1logos de paz.<\/p>\n<p>Por su parte, el presidente surcoreano manifest\u00f3 recientemente que la presencia de esas tropas forma parte de una decisi\u00f3n de seguridad de su pa\u00eds y no est\u00e1 relacionada con las negociaciones de paz.<\/p>\n","protected":false},"excerpt":{"rendered":"<p>Washington, 4 may (dpa) &#8211; El presidente estadounidense, Donald Trump, dijo hoy que ya se estableci\u00f3 la fecha y el lugar para su encuentro con el l\u00edder norcoreano, Kim Jong-un, y prometi\u00f3 revelar pronto los detalles. En los \u00faltimos d\u00edas, Trump hab\u00eda sugerido p\u00fablicamente diversas locaciones para la reuni\u00f3n, entre ellas en otros pa\u00edses como [&hellip;]<\/p>\n","protected":false},"author":1,"featured_media":977530,"comment_status":"closed","ping_status":"closed","sticky":false,"template":"","format":"standard","meta":{"footnotes":""},"categories":[1],"tags":[],"class_list":["post-978990","post","type-post","status-publish","format-standard","has-post-thumbnail","hentry","category-actualidad"],"aioseo_notices":[],"aioseo_head":"\n\t\t<!-- All in One SEO Pro 5.0.1 - aioseo.com -->\n\t<meta name=\"description\" content=\"Washington, 4 may (dpa) - El presidente estadounidense, Donald Trump, dijo hoy que ya se estableci\u00f3 la fecha y el lugar para su encuentro con el l\u00edder norcoreano, Kim Jong-un, y prometi\u00f3 revelar pronto los detalles. En los \u00faltimos d\u00edas, Trump hab\u00eda sugerido p\u00fablicamente diversas locaciones para la reuni\u00f3n, entre ellas en otros pa\u00edses como\" \/>\n\t<meta name=\"robots\" content=\"max-image-preview:large\" \/>\n\t<meta name=\"author\" content=\"El Digital de Asturias\"\/>\n\t<meta name=\"google-site-verification\" content=\"UA-38556648-1\" \/>\n\t<meta name=\"msvalidate.01\" content=\"7dfe9f3f1b24437ab69f4f2559babe99\" \/>\n\t<meta name=\"keywords\" content=\"actualidad\" \/>\n\t<link rel=\"canonical\" href=\"https:\/\/www.eldigitaldeasturias.com\/noticias\/la-reunion-entre-trump-y-kim-jong-un-ya-tiene-fecha-y-lugar\/\" \/>\n\t<meta name=\"generator\" content=\"All in One SEO Pro (AIOSEO) 5.0.1\" \/>\n\t\t<meta property=\"og:locale\" content=\"es_ES\" \/>\n\t\t<meta property=\"og:site_name\" content=\"El Digital de Asturias\" \/>\n\t\t<meta property=\"og:type\" content=\"article\" \/>\n\t\t<meta property=\"og:title\" content=\"La reuni\u00f3n entre Trump y Kim Jong-un ya tiene fecha y lugar - El Digital de Asturias\" \/>\n\t\t<meta property=\"og:description\" content=\"Washington, 4 may (dpa) - El presidente estadounidense, Donald Trump, dijo hoy que ya se estableci\u00f3 la fecha y el lugar para su encuentro con el l\u00edder norcoreano, Kim Jong-un, y prometi\u00f3 revelar pronto los detalles. En los \u00faltimos d\u00edas, Trump hab\u00eda sugerido p\u00fablicamente diversas locaciones para la reuni\u00f3n, entre ellas en otros pa\u00edses como\" \/>\n\t\t<meta property=\"og:url\" content=\"https:\/\/www.eldigitaldeasturias.com\/noticias\/la-reunion-entre-trump-y-kim-jong-un-ya-tiene-fecha-y-lugar\/\" \/>\n\t\t<meta property=\"article:tag\" content=\"actualidad\" \/>\n\t\t<meta property=\"article:published_time\" content=\"2018-05-04T23:09:44+00:00\" \/>\n\t\t<meta property=\"article:modified_time\" content=\"2018-05-04T23:09:44+00:00\" \/>\n\t\t<meta property=\"article:publisher\" content=\"https:\/\/facebook.com\/eldigitaldeasturias\" \/>\n\t\t<meta name=\"twitter:card\" content=\"summary_large_image\" \/>\n\t\t<meta name=\"twitter:title\" content=\"La reuni\u00f3n entre Trump y Kim Jong-un ya tiene fecha y lugar - El Digital de Asturias\" \/>\n\t\t<meta name=\"twitter:description\" content=\"Washington, 4 may (dpa) - El presidente estadounidense, Donald Trump, dijo hoy que ya se estableci\u00f3 la fecha y el lugar para su encuentro con el l\u00edder norcoreano, Kim Jong-un, y prometi\u00f3 revelar pronto los detalles. En los \u00faltimos d\u00edas, Trump hab\u00eda sugerido p\u00fablicamente diversas locaciones para la reuni\u00f3n, entre ellas en otros pa\u00edses como\" \/>\n\t\t<meta name=\"twitter:image\" content=\"https:\/\/www.eldigitaldeasturias.com\/noticias\/wp-content\/uploads\/2020\/12\/EDA-1.jpg\" \/>\n\t\t<meta name=\"twitter:label1\" content=\"Escrito por\" \/>\n\t\t<meta name=\"twitter:data1\" content=\"El Digital de Asturias\" \/>\n\t\t<meta name=\"twitter:label2\" content=\"Tiempo de lectura estimado\" \/>\n\t\t<meta name=\"twitter:data2\" content=\"2 minutos\" \/>\n\t\t<script type=\"application\/ld+json\" class=\"aioseo-schema\">\n\t\t\t{\"@context\":\"https:\\\/\\\/schema.org\",\"@graph\":[{\"@type\":\"BlogPosting\",\"@id\":\"https:\\\/\\\/www.eldigitaldeasturias.com\\\/noticias\\\/la-reunion-entre-trump-y-kim-jong-un-ya-tiene-fecha-y-lugar\\\/#blogposting\",\"name\":\"La reuni\\u00f3n entre Trump y Kim Jong-un ya tiene fecha y lugar - El Digital de Asturias\",\"headline\":\"La reuni\\u00f3n entre Trump y Kim Jong-un ya tiene fecha y lugar\",\"author\":{\"@id\":\"https:\\\/\\\/www.eldigitaldeasturias.com\\\/noticias\\\/author\\\/admin\\\/#author\"},\"publisher\":{\"@id\":\"https:\\\/\\\/www.eldigitaldeasturias.com\\\/noticias\\\/#organization\"},\"image\":{\"@type\":\"ImageObject\",\"url\":977530},\"datePublished\":\"2018-05-04T23:09:44+02:00\",\"dateModified\":\"2018-05-04T23:09:44+02:00\",\"inLanguage\":\"es-ES\",\"mainEntityOfPage\":{\"@id\":\"https:\\\/\\\/www.eldigitaldeasturias.com\\\/noticias\\\/la-reunion-entre-trump-y-kim-jong-un-ya-tiene-fecha-y-lugar\\\/#webpage\"},\"isPartOf\":{\"@id\":\"https:\\\/\\\/www.eldigitaldeasturias.com\\\/noticias\\\/la-reunion-entre-trump-y-kim-jong-un-ya-tiene-fecha-y-lugar\\\/#webpage\"},\"articleSection\":\"Actualidad\"},{\"@type\":\"BreadcrumbList\",\"@id\":\"https:\\\/\\\/www.eldigitaldeasturias.com\\\/noticias\\\/la-reunion-entre-trump-y-kim-jong-un-ya-tiene-fecha-y-lugar\\\/#breadcrumblist\",\"itemListElement\":[{\"@type\":\"ListItem\",\"@id\":\"https:\\\/\\\/www.eldigitaldeasturias.com\\\/noticias#listItem\",\"position\":1,\"name\":\"Home\",\"item\":\"https:\\\/\\\/www.eldigitaldeasturias.com\\\/noticias\",\"nextItem\":{\"@type\":\"ListItem\",\"@id\":\"https:\\\/\\\/www.eldigitaldeasturias.com\\\/noticias\\\/category\\\/actualidad\\\/#listItem\",\"name\":\"Actualidad\"}},{\"@type\":\"ListItem\",\"@id\":\"https:\\\/\\\/www.eldigitaldeasturias.com\\\/noticias\\\/category\\\/actualidad\\\/#listItem\",\"position\":2,\"name\":\"Actualidad\",\"item\":\"https:\\\/\\\/www.eldigitaldeasturias.com\\\/noticias\\\/category\\\/actualidad\\\/\",\"nextItem\":{\"@type\":\"ListItem\",\"@id\":\"https:\\\/\\\/www.eldigitaldeasturias.com\\\/noticias\\\/la-reunion-entre-trump-y-kim-jong-un-ya-tiene-fecha-y-lugar\\\/#listItem\",\"name\":\"La reuni\\u00f3n entre Trump y Kim Jong-un ya tiene fecha y lugar\"},\"previousItem\":{\"@type\":\"ListItem\",\"@id\":\"https:\\\/\\\/www.eldigitaldeasturias.com\\\/noticias#listItem\",\"name\":\"Home\"}},{\"@type\":\"ListItem\",\"@id\":\"https:\\\/\\\/www.eldigitaldeasturias.com\\\/noticias\\\/la-reunion-entre-trump-y-kim-jong-un-ya-tiene-fecha-y-lugar\\\/#listItem\",\"position\":3,\"name\":\"La reuni\\u00f3n entre Trump y Kim Jong-un ya tiene fecha y lugar\",\"previousItem\":{\"@type\":\"ListItem\",\"@id\":\"https:\\\/\\\/www.eldigitaldeasturias.com\\\/noticias\\\/category\\\/actualidad\\\/#listItem\",\"name\":\"Actualidad\"}}]},{\"@type\":\"Organization\",\"@id\":\"https:\\\/\\\/www.eldigitaldeasturias.com\\\/noticias\\\/#organization\",\"name\":\"El Digital de Asturias\",\"description\":\"Hemeroteca\",\"url\":\"https:\\\/\\\/www.eldigitaldeasturias.com\\\/noticias\\\/\",\"email\":\"info@eldigitaldeasturias.com\",\"telephone\":\"+34652131393\",\"logo\":{\"@type\":\"ImageObject\",\"url\":\"https:\\\/\\\/www.eldigitaldeasturias.com\\\/noticias\\\/wp-content\\\/uploads\\\/2020\\\/12\\\/EDA.jpg\",\"@id\":\"https:\\\/\\\/www.eldigitaldeasturias.com\\\/noticias\\\/la-reunion-entre-trump-y-kim-jong-un-ya-tiene-fecha-y-lugar\\\/#organizationLogo\"},\"image\":{\"@id\":\"https:\\\/\\\/www.eldigitaldeasturias.com\\\/noticias\\\/la-reunion-entre-trump-y-kim-jong-un-ya-tiene-fecha-y-lugar\\\/#organizationLogo\"},\"sameAs\":[\"https:\\\/\\\/facebook.com\\\/eldigitaldeasturias\",\"https:\\\/\\\/www.youtube.com\\\/channel\\\/UCZP-2wLEB9Rv6erhFmqVnvg\"],\"address\":{\"@id\":\"https:\\\/\\\/www.eldigitaldeasturias.com\\\/noticias\\\/#postaladdress\",\"@type\":\"PostalAddress\",\"streetAddress\":\"san antonio 4\",\"postalCode\":\"33430\",\"addressLocality\":\"Cand\\u00e1s\",\"addressRegion\":\"Asturias\",\"addressCountry\":\"ES\"}},{\"@type\":\"Person\",\"@id\":\"https:\\\/\\\/www.eldigitaldeasturias.com\\\/noticias\\\/author\\\/admin\\\/#author\",\"url\":\"https:\\\/\\\/www.eldigitaldeasturias.com\\\/noticias\\\/author\\\/admin\\\/\",\"name\":\"El Digital de Asturias\",\"image\":{\"@type\":\"ImageObject\",\"@id\":\"https:\\\/\\\/www.eldigitaldeasturias.com\\\/noticias\\\/la-reunion-entre-trump-y-kim-jong-un-ya-tiene-fecha-y-lugar\\\/#authorImage\",\"url\":\"https:\\\/\\\/secure.gravatar.com\\\/avatar\\\/df2aeffc32bcd13f8d26072ef8a91b623d677766deac7f97ca815868cd41bf5e?s=96&d=mm&r=g\",\"width\":96,\"height\":96,\"caption\":\"El Digital de Asturias\"}},{\"@type\":\"WebPage\",\"@id\":\"https:\\\/\\\/www.eldigitaldeasturias.com\\\/noticias\\\/la-reunion-entre-trump-y-kim-jong-un-ya-tiene-fecha-y-lugar\\\/#webpage\",\"url\":\"https:\\\/\\\/www.eldigitaldeasturias.com\\\/noticias\\\/la-reunion-entre-trump-y-kim-jong-un-ya-tiene-fecha-y-lugar\\\/\",\"name\":\"La reuni\\u00f3n entre Trump y Kim Jong-un ya tiene fecha y lugar - El Digital de Asturias\",\"description\":\"Washington, 4 may (dpa) - El presidente estadounidense, Donald Trump, dijo hoy que ya se estableci\\u00f3 la fecha y el lugar para su encuentro con el l\\u00edder norcoreano, Kim Jong-un, y prometi\\u00f3 revelar pronto los detalles. En los \\u00faltimos d\\u00edas, Trump hab\\u00eda sugerido p\\u00fablicamente diversas locaciones para la reuni\\u00f3n, entre ellas en otros pa\\u00edses como\",\"inLanguage\":\"es-ES\",\"isPartOf\":{\"@id\":\"https:\\\/\\\/www.eldigitaldeasturias.com\\\/noticias\\\/#website\"},\"breadcrumb\":{\"@id\":\"https:\\\/\\\/www.eldigitaldeasturias.com\\\/noticias\\\/la-reunion-entre-trump-y-kim-jong-un-ya-tiene-fecha-y-lugar\\\/#breadcrumblist\"},\"author\":{\"@id\":\"https:\\\/\\\/www.eldigitaldeasturias.com\\\/noticias\\\/author\\\/admin\\\/#author\"},\"creator\":{\"@id\":\"https:\\\/\\\/www.eldigitaldeasturias.com\\\/noticias\\\/author\\\/admin\\\/#author\"},\"image\":{\"@type\":\"ImageObject\",\"url\":977530,\"@id\":\"https:\\\/\\\/www.eldigitaldeasturias.com\\\/noticias\\\/la-reunion-entre-trump-y-kim-jong-un-ya-tiene-fecha-y-lugar\\\/#mainImage\"},\"primaryImageOfPage\":{\"@id\":\"https:\\\/\\\/www.eldigitaldeasturias.com\\\/noticias\\\/la-reunion-entre-trump-y-kim-jong-un-ya-tiene-fecha-y-lugar\\\/#mainImage\"},\"datePublished\":\"2018-05-04T23:09:44+02:00\",\"dateModified\":\"2018-05-04T23:09:44+02:00\"},{\"@type\":\"WebSite\",\"@id\":\"https:\\\/\\\/www.eldigitaldeasturias.com\\\/noticias\\\/#website\",\"url\":\"https:\\\/\\\/www.eldigitaldeasturias.com\\\/noticias\\\/\",\"name\":\"El Digital de Asturias - Diario de actualidad y noticias\",\"alternateName\":\"El Digital de Asturias - Diario de actualidad y noticias\",\"description\":\"Hemeroteca\",\"inLanguage\":\"es-ES\",\"publisher\":{\"@id\":\"https:\\\/\\\/www.eldigitaldeasturias.com\\\/noticias\\\/#organization\"}}]}\n\t\t<\/script>\n\t\t<!-- All in One SEO Pro -->\r\n\t\t<title>La reuni\u00f3n entre Trump y Kim Jong-un ya tiene fecha y lugar - El Digital de Asturias<\/title>\n\n","aioseo_head_json":{"title":"La reuni\u00f3n entre Trump y Kim Jong-un ya tiene fecha y lugar - El Digital de Asturias","description":"Washington, 4 may (dpa) - El presidente estadounidense, Donald Trump, dijo hoy que ya se estableci\u00f3 la fecha y el lugar para su encuentro con el l\u00edder norcoreano, Kim Jong-un, y prometi\u00f3 revelar pronto los detalles. En los \u00faltimos d\u00edas, Trump hab\u00eda sugerido p\u00fablicamente diversas locaciones para la reuni\u00f3n, entre ellas en otros pa\u00edses como","canonical_url":"https:\/\/www.eldigitaldeasturias.com\/noticias\/la-reunion-entre-trump-y-kim-jong-un-ya-tiene-fecha-y-lugar\/","robots":"max-image-preview:large","keywords":"actualidad","webmasterTools":{"google-site-verification":"UA-38556648-1","msvalidate.01":"7dfe9f3f1b24437ab69f4f2559babe99","miscellaneous":""},"schema":{"@context":"https:\/\/schema.org","@graph":[{"@type":"BlogPosting","@id":"https:\/\/www.eldigitaldeasturias.com\/noticias\/la-reunion-entre-trump-y-kim-jong-un-ya-tiene-fecha-y-lugar\/#blogposting","name":"La reuni\u00f3n entre Trump y Kim Jong-un ya tiene fecha y lugar - El Digital de Asturias","headline":"La reuni\u00f3n entre Trump y Kim Jong-un ya tiene fecha y lugar","author":{"@id":"https:\/\/www.eldigitaldeasturias.com\/noticias\/author\/admin\/#author"},"publisher":{"@id":"https:\/\/www.eldigitaldeasturias.com\/noticias\/#organization"},"image":{"@type":"ImageObject","url":977530},"datePublished":"2018-05-04T23:09:44+02:00","dateModified":"2018-05-04T23:09:44+02:00","inLanguage":"es-ES","mainEntityOfPage":{"@id":"https:\/\/www.eldigitaldeasturias.com\/noticias\/la-reunion-entre-trump-y-kim-jong-un-ya-tiene-fecha-y-lugar\/#webpage"},"isPartOf":{"@id":"https:\/\/www.eldigitaldeasturias.com\/noticias\/la-reunion-entre-trump-y-kim-jong-un-ya-tiene-fecha-y-lugar\/#webpage"},"articleSection":"Actualidad"},{"@type":"BreadcrumbList","@id":"https:\/\/www.eldigitaldeasturias.com\/noticias\/la-reunion-entre-trump-y-kim-jong-un-ya-tiene-fecha-y-lugar\/#breadcrumblist","itemListElement":[{"@type":"ListItem","@id":"https:\/\/www.eldigitaldeasturias.com\/noticias#listItem","position":1,"name":"Home","item":"https:\/\/www.eldigitaldeasturias.com\/noticias","nextItem":{"@type":"ListItem","@id":"https:\/\/www.eldigitaldeasturias.com\/noticias\/category\/actualidad\/#listItem","name":"Actualidad"}},{"@type":"ListItem","@id":"https:\/\/www.eldigitaldeasturias.com\/noticias\/category\/actualidad\/#listItem","position":2,"name":"Actualidad","item":"https:\/\/www.eldigitaldeasturias.com\/noticias\/category\/actualidad\/","nextItem":{"@type":"ListItem","@id":"https:\/\/www.eldigitaldeasturias.com\/noticias\/la-reunion-entre-trump-y-kim-jong-un-ya-tiene-fecha-y-lugar\/#listItem","name":"La reuni\u00f3n entre Trump y Kim Jong-un ya tiene fecha y lugar"},"previousItem":{"@type":"ListItem","@id":"https:\/\/www.eldigitaldeasturias.com\/noticias#listItem","name":"Home"}},{"@type":"ListItem","@id":"https:\/\/www.eldigitaldeasturias.com\/noticias\/la-reunion-entre-trump-y-kim-jong-un-ya-tiene-fecha-y-lugar\/#listItem","position":3,"name":"La reuni\u00f3n entre Trump y Kim Jong-un ya tiene fecha y lugar","previousItem":{"@type":"ListItem","@id":"https:\/\/www.eldigitaldeasturias.com\/noticias\/category\/actualidad\/#listItem","name":"Actualidad"}}]},{"@type":"Organization","@id":"https:\/\/www.eldigitaldeasturias.com\/noticias\/#organization","name":"El Digital de Asturias","description":"Hemeroteca","url":"https:\/\/www.eldigitaldeasturias.com\/noticias\/","email":"info@eldigitaldeasturias.com","telephone":"+34652131393","logo":{"@type":"ImageObject","url":"https:\/\/www.eldigitaldeasturias.com\/noticias\/wp-content\/uploads\/2020\/12\/EDA.jpg","@id":"https:\/\/www.eldigitaldeasturias.com\/noticias\/la-reunion-entre-trump-y-kim-jong-un-ya-tiene-fecha-y-lugar\/#organizationLogo"},"image":{"@id":"https:\/\/www.eldigitaldeasturias.com\/noticias\/la-reunion-entre-trump-y-kim-jong-un-ya-tiene-fecha-y-lugar\/#organizationLogo"},"sameAs":["https:\/\/facebook.com\/eldigitaldeasturias","https:\/\/www.youtube.com\/channel\/UCZP-2wLEB9Rv6erhFmqVnvg"],"address":{"@id":"https:\/\/www.eldigitaldeasturias.com\/noticias\/#postaladdress","@type":"PostalAddress","streetAddress":"san antonio 4","postalCode":"33430","addressLocality":"Cand\u00e1s","addressRegion":"Asturias","addressCountry":"ES"}},{"@type":"Person","@id":"https:\/\/www.eldigitaldeasturias.com\/noticias\/author\/admin\/#author","url":"https:\/\/www.eldigitaldeasturias.com\/noticias\/author\/admin\/","name":"El Digital de Asturias","image":{"@type":"ImageObject","@id":"https:\/\/www.eldigitaldeasturias.com\/noticias\/la-reunion-entre-trump-y-kim-jong-un-ya-tiene-fecha-y-lugar\/#authorImage","url":"https:\/\/secure.gravatar.com\/avatar\/df2aeffc32bcd13f8d26072ef8a91b623d677766deac7f97ca815868cd41bf5e?s=96&d=mm&r=g","width":96,"height":96,"caption":"El Digital de Asturias"}},{"@type":"WebPage","@id":"https:\/\/www.eldigitaldeasturias.com\/noticias\/la-reunion-entre-trump-y-kim-jong-un-ya-tiene-fecha-y-lugar\/#webpage","url":"https:\/\/www.eldigitaldeasturias.com\/noticias\/la-reunion-entre-trump-y-kim-jong-un-ya-tiene-fecha-y-lugar\/","name":"La reuni\u00f3n entre Trump y Kim Jong-un ya tiene fecha y lugar - El Digital de Asturias","description":"Washington, 4 may (dpa) - El presidente estadounidense, Donald Trump, dijo hoy que ya se estableci\u00f3 la fecha y el lugar para su encuentro con el l\u00edder norcoreano, Kim Jong-un, y prometi\u00f3 revelar pronto los detalles. En los \u00faltimos d\u00edas, Trump hab\u00eda sugerido p\u00fablicamente diversas locaciones para la reuni\u00f3n, entre ellas en otros pa\u00edses como","inLanguage":"es-ES","isPartOf":{"@id":"https:\/\/www.eldigitaldeasturias.com\/noticias\/#website"},"breadcrumb":{"@id":"https:\/\/www.eldigitaldeasturias.com\/noticias\/la-reunion-entre-trump-y-kim-jong-un-ya-tiene-fecha-y-lugar\/#breadcrumblist"},"author":{"@id":"https:\/\/www.eldigitaldeasturias.com\/noticias\/author\/admin\/#author"},"creator":{"@id":"https:\/\/www.eldigitaldeasturias.com\/noticias\/author\/admin\/#author"},"image":{"@type":"ImageObject","url":977530,"@id":"https:\/\/www.eldigitaldeasturias.com\/noticias\/la-reunion-entre-trump-y-kim-jong-un-ya-tiene-fecha-y-lugar\/#mainImage"},"primaryImageOfPage":{"@id":"https:\/\/www.eldigitaldeasturias.com\/noticias\/la-reunion-entre-trump-y-kim-jong-un-ya-tiene-fecha-y-lugar\/#mainImage"},"datePublished":"2018-05-04T23:09:44+02:00","dateModified":"2018-05-04T23:09:44+02:00"},{"@type":"WebSite","@id":"https:\/\/www.eldigitaldeasturias.com\/noticias\/#website","url":"https:\/\/www.eldigitaldeasturias.com\/noticias\/","name":"El Digital de Asturias - Diario de actualidad y noticias","alternateName":"El Digital de Asturias - Diario de actualidad y noticias","description":"Hemeroteca","inLanguage":"es-ES","publisher":{"@id":"https:\/\/www.eldigitaldeasturias.com\/noticias\/#organization"}}]},"og:locale":"es_ES","og:site_name":"El Digital de Asturias","og:type":"article","og:title":"La reuni\u00f3n entre Trump y Kim Jong-un ya tiene fecha y lugar - El Digital de Asturias","og:description":"Washington, 4 may (dpa) - El presidente estadounidense, Donald Trump, dijo hoy que ya se estableci\u00f3 la fecha y el lugar para su encuentro con el l\u00edder norcoreano, Kim Jong-un, y prometi\u00f3 revelar pronto los detalles. En los \u00faltimos d\u00edas, Trump hab\u00eda sugerido p\u00fablicamente diversas locaciones para la reuni\u00f3n, entre ellas en otros pa\u00edses como","og:url":"https:\/\/www.eldigitaldeasturias.com\/noticias\/la-reunion-entre-trump-y-kim-jong-un-ya-tiene-fecha-y-lugar\/","article:tag":["actualidad"],"article:published_time":"2018-05-04T23:09:44+00:00","article:modified_time":"2018-05-04T23:09:44+00:00","article:publisher":"https:\/\/facebook.com\/eldigitaldeasturias","twitter:card":"summary_large_image","twitter:title":"La reuni\u00f3n entre Trump y Kim Jong-un ya tiene fecha y lugar - El Digital de Asturias","twitter:description":"Washington, 4 may (dpa) - El presidente estadounidense, Donald Trump, dijo hoy que ya se estableci\u00f3 la fecha y el lugar para su encuentro con el l\u00edder norcoreano, Kim Jong-un, y prometi\u00f3 revelar pronto los detalles. En los \u00faltimos d\u00edas, Trump hab\u00eda sugerido p\u00fablicamente diversas locaciones para la reuni\u00f3n, entre ellas en otros pa\u00edses como","twitter:image":"https:\/\/www.eldigitaldeasturias.com\/noticias\/wp-content\/uploads\/2020\/12\/EDA-1.jpg","twitter:label1":"Escrito por","twitter:data1":"El Digital de Asturias","twitter:label2":"Tiempo de lectura estimado","twitter:data2":"2 minutos"},"aioseo_meta_data":{"post_id":"978990","title":null,"description":null,"keywords":null,"keyphrases":null,"primary_term":null,"canonical_url":null,"og_title":null,"og_description":null,"og_object_type":"default","og_image_type":"default","og_image_url":null,"og_image_width":null,"og_image_height":null,"og_image_custom_url":null,"og_image_custom_fields":null,"og_video":null,"og_custom_url":null,"og_article_section":null,"og_article_tags":null,"twitter_use_og":false,"twitter_card":"default","twitter_image_type":"default","twitter_image_url":null,"twitter_image_custom_url":null,"twitter_image_custom_fields":null,"twitter_title":null,"twitter_description":null,"schema":{"blockGraphs":[],"customGraphs":[],"default":{"data":{"Article":[],"Course":[],"Dataset":[],"FAQPage":[],"Movie":[],"Person":[],"Product":[],"ProductReview":[],"Car":[],"Recipe":[],"Service":[],"SoftwareApplication":[],"WebPage":[]},"graphName":"","isEnabled":true},"graphs":[],"defaultGraph":"","defaultPostTypeGraph":""},"schema_type":null,"schema_type_options":null,"pillar_content":false,"robots_default":true,"robots_noindex":false,"robots_noarchive":false,"robots_nosnippet":false,"robots_nofollow":false,"robots_noimageindex":false,"robots_noodp":false,"robots_notranslate":false,"robots_max_snippet":null,"robots_max_videopreview":null,"robots_max_imagepreview":"large","priority":null,"frequency":null,"local_seo":null,"seo_analyzer_scan_date":"2025-10-08 12:45:10","breadcrumb_settings":null,"limit_modified_date":false,"open_ai":null,"ai":null,"created":"2020-12-21 12:00:38","updated":"2025-10-08 12:45:10","focus_keyword":null,"additional_keywords":null,"truseo_locale":null},"aioseo_breadcrumb":"<div class=\"aioseo-breadcrumbs\"><span class=\"aioseo-breadcrumb\">\n\t<a href=\"https:\/\/www.eldigitaldeasturias.com\/noticias\" title=\"Home\">Home<\/a>\n<\/span><span class=\"aioseo-breadcrumb-separator\">\u2013<\/span><span class=\"aioseo-breadcrumb\">\n\t<a href=\"https:\/\/www.eldigitaldeasturias.com\/noticias\/category\/actualidad\/\" title=\"Actualidad\">Actualidad<\/a>\n<\/span><span class=\"aioseo-breadcrumb-separator\">\u2013<\/span><span class=\"aioseo-breadcrumb\">\n\t<a href=\"https:\/\/www.eldigitaldeasturias.com\/noticias\/la-reunion-entre-trump-y-kim-jong-un-ya-tiene-fecha-y-lugar\/\" title=\"La reuni\u00f3n entre Trump y Kim Jong-un ya tiene fecha y lugar\">La reuni\u00f3n entre Trump y Kim Jong-un ya tiene fecha y lugar<\/a>\n<\/span><\/div>","aioseo_breadcrumb_json":[{"label":"Home","link":"https:\/\/www.eldigitaldeasturias.com\/noticias"},{"label":"Actualidad","link":"https:\/\/www.eldigitaldeasturias.com\/noticias\/category\/actualidad\/"},{"label":"La reuni\u00f3n entre Trump y Kim Jong-un ya tiene fecha y lugar","link":"https:\/\/www.eldigitaldeasturias.com\/noticias\/la-reunion-entre-trump-y-kim-jong-un-ya-tiene-fecha-y-lugar\/"}],"_links":{"self":[{"href":"https:\/\/www.eldigitaldeasturias.com\/noticias\/wp-json\/wp\/v2\/posts\/978990","targetHints":{"allow":["GET"]}}],"collection":[{"href":"https:\/\/www.eldigitaldeasturias.com\/noticias\/wp-json\/wp\/v2\/posts"}],"about":[{"href":"https:\/\/www.eldigitaldeasturias.com\/noticias\/wp-json\/wp\/v2\/types\/post"}],"author":[{"embeddable":true,"href":"https:\/\/www.eldigitaldeasturias.com\/noticias\/wp-json\/wp\/v2\/users\/1"}],"replies":[{"embeddable":true,"href":"https:\/\/www.eldigitaldeasturias.com\/noticias\/wp-json\/wp\/v2\/comments?post=978990"}],"version-history":[{"count":0,"href":"https:\/\/www.eldigitaldeasturias.com\/noticias\/wp-json\/wp\/v2\/posts\/978990\/revisions"}],"wp:attachment":[{"href":"https:\/\/www.eldigitaldeasturias.com\/noticias\/wp-json\/wp\/v2\/media?parent=978990"}],"wp:term":[{"taxonomy":"category","embeddable":true,"href":"https:\/\/www.eldigitaldeasturias.com\/noticias\/wp-json\/wp\/v2\/categories?post=978990"},{"taxonomy":"post_tag","embeddable":true,"href":"https:\/\/www.eldigitaldeasturias.com\/noticias\/wp-json\/wp\/v2\/tags?post=978990"}],"curies":[{"name":"wp","href":"https:\/\/api.w.org\/{rel}","templated":true}]}}