{"id":978979,"date":"2018-05-04T22:54:39","date_gmt":"2018-05-04T22:54:39","guid":{"rendered":"http:\/\/www.eldigitaldeasturias.com\/noticias\/?p=978979"},"modified":"2018-05-04T22:54:39","modified_gmt":"2018-05-04T22:54:39","slug":"mas-de-1-100-palestinos-heridos-en-la-franja-de-gaza","status":"publish","type":"post","link":"https:\/\/www.eldigitaldeasturias.com\/noticias\/mas-de-1-100-palestinos-heridos-en-la-franja-de-gaza\/","title":{"rendered":"M\u00e1s de 1.100 palestinos heridos en la Franja de Gaza"},"content":{"rendered":"<p><img loading=\"lazy\" decoding=\"async\" class=\"alignleft size-medium wp-image-974234\" src=\"https:\/\/www.eldigitaldeasturias.com\/noticias\/wp-content\/uploads\/2018\/03\/gaza-678979_1280-360x240.jpg\" alt=\"\" width=\"360\" height=\"240\" \/>Gaza, 4 may (dpa) &#8211; M\u00e1s de 1.100 palestinos resultaron heridos hoy por disparos de soldados israel\u00edes, 83 de ellos por fuego real, en nuevas protestas en la frontera de la Franja de Gaza con Israel, inform\u00f3 el Ministerio de Salud palestino en Ciudad de Gaza.<\/p>\n<p>El Ej\u00e9rcito israel\u00ed habl\u00f3 de unos 10.000 palestinos desplegados en cinco puntos a lo largo de la frontera que lanzaban neum\u00e1ticos en llamas y piedras a los soldados. Los militares israel\u00edes han declarado varias veces que los francotiradores posicionados en la frontera tienen \u00f3rdenes claras de disparar s\u00f3lo a las piernas y \u00fanicamente despu\u00e9s de repetidas advertencias.<\/p>\n<p>En un comunicado, aseguraron que un grupo de palestinos trat\u00f3 de derribar la valla de seguridad sin \u00e9xito y que fueron abatidos dos drones israel\u00edes de reconocimiento. Poco antes, testigos presenciales hab\u00edan contado que los drones cayeron por pedradas de los palestinos.<\/p>\n<p>Adem\u00e1s, indicaron que cientos de palestinos prendieron fuego el paso fronterizo de Kerem-Shalom y da\u00f1aron los ductos que transportan gas y combustible de Israel hacia la Franja de Gaza.<\/p>\n<p>Desde finales de marzo han muerto 50 palestinos en enfrentamientos con las fuerzas de seguridad israel\u00edes. Seg\u00fan el Ministerio de Salud, otros 7.000 resultaron heridos, 2.000 de ellos por munici\u00f3n real israel\u00ed.<\/p>\n<p>El detonante de las manifestaciones, que se prolongar\u00e1n hasta el 15 de mayo, es el 70 aniversario de la creaci\u00f3n del Estado de Israel, que los palestinos consideran una cat\u00e1strofe.<\/p>\n<p>Los palestinos reclaman con su denominada \u00abMarcha del Retorno\u00bb el derecho de regresar a las tierras de las que sus antepasados tuvieron que huir o fueron expulsados a ra\u00edz de la creaci\u00f3n del Estado de Israel.<\/p>\n<p>El n\u00famero de participantes en las protestas volvi\u00f3 a disminuir hoy. Al principio, decenas de miles de personas acudieron a la zona fronteriza con Israel mientras que ahora, seg\u00fan los organizadores, eran miles. Las im\u00e1genes mostraron a muchos j\u00f3venes palestinos y neum\u00e1ticos ardiendo, de los que se elevaban columnas de humo.<\/p>\n<p>Activistas palestinos enviaron hoy 300 cometas con material incendiario a Israel. Seg\u00fan medios israel\u00edes, varios campos se incendiaron en las \u00faltimas semanas por el lanzamiento de tales cometas. El peri\u00f3dico israel\u00ed \u00abYediot Ajronot\u00bb calcul\u00f3 esta semana los da\u00f1os totales causados en una cantidad equivalente a m\u00e1s 100.000 euros.<\/p>\n<p>Israel acusa a la organizaci\u00f3n radical Hamas, que gobierna en la Franja, de usar a civiles como escudos humanos y poner en peligro a menores.<\/p>\n","protected":false},"excerpt":{"rendered":"<p>Gaza, 4 may (dpa) &#8211; M\u00e1s de 1.100 palestinos resultaron heridos hoy por disparos de soldados israel\u00edes, 83 de ellos por fuego real, en nuevas protestas en la frontera de la Franja de Gaza con Israel, inform\u00f3 el Ministerio de Salud palestino en Ciudad de Gaza. El Ej\u00e9rcito israel\u00ed habl\u00f3 de unos 10.000 palestinos desplegados [&hellip;]<\/p>\n","protected":false},"author":1,"featured_media":974234,"comment_status":"closed","ping_status":"closed","sticky":false,"template":"","format":"standard","meta":{"footnotes":""},"categories":[1],"tags":[],"class_list":["post-978979","post","type-post","status-publish","format-standard","has-post-thumbnail","hentry","category-actualidad"],"aioseo_notices":[],"aioseo_head":"\n\t\t<!-- All in One SEO Pro 5.0.1 - aioseo.com -->\n\t<meta name=\"description\" content=\"Gaza, 4 may (dpa) - M\u00e1s de 1.100 palestinos resultaron heridos hoy por disparos de soldados israel\u00edes, 83 de ellos por fuego real, en nuevas protestas en la frontera de la Franja de Gaza con Israel, inform\u00f3 el Ministerio de Salud palestino en Ciudad de Gaza. El Ej\u00e9rcito israel\u00ed habl\u00f3 de unos 10.000 palestinos desplegados\" \/>\n\t<meta name=\"robots\" content=\"max-image-preview:large\" \/>\n\t<meta name=\"author\" content=\"El Digital de Asturias\"\/>\n\t<meta name=\"google-site-verification\" content=\"UA-38556648-1\" \/>\n\t<meta name=\"msvalidate.01\" content=\"7dfe9f3f1b24437ab69f4f2559babe99\" \/>\n\t<meta name=\"keywords\" content=\"actualidad\" \/>\n\t<link rel=\"canonical\" href=\"https:\/\/www.eldigitaldeasturias.com\/noticias\/mas-de-1-100-palestinos-heridos-en-la-franja-de-gaza\/\" \/>\n\t<meta name=\"generator\" content=\"All in One SEO Pro (AIOSEO) 5.0.1\" \/>\n\t\t<meta property=\"og:locale\" content=\"es_ES\" \/>\n\t\t<meta property=\"og:site_name\" content=\"El Digital de Asturias\" \/>\n\t\t<meta property=\"og:type\" content=\"article\" \/>\n\t\t<meta property=\"og:title\" content=\"M\u00e1s de 1.100 palestinos heridos en la Franja de Gaza - El Digital de Asturias\" \/>\n\t\t<meta property=\"og:description\" content=\"Gaza, 4 may (dpa) - M\u00e1s de 1.100 palestinos resultaron heridos hoy por disparos de soldados israel\u00edes, 83 de ellos por fuego real, en nuevas protestas en la frontera de la Franja de Gaza con Israel, inform\u00f3 el Ministerio de Salud palestino en Ciudad de Gaza. El Ej\u00e9rcito israel\u00ed habl\u00f3 de unos 10.000 palestinos desplegados\" \/>\n\t\t<meta property=\"og:url\" content=\"https:\/\/www.eldigitaldeasturias.com\/noticias\/mas-de-1-100-palestinos-heridos-en-la-franja-de-gaza\/\" \/>\n\t\t<meta property=\"article:tag\" content=\"actualidad\" \/>\n\t\t<meta property=\"article:published_time\" content=\"2018-05-04T22:54:39+00:00\" \/>\n\t\t<meta property=\"article:modified_time\" content=\"2018-05-04T22:54:39+00:00\" \/>\n\t\t<meta property=\"article:publisher\" content=\"https:\/\/facebook.com\/eldigitaldeasturias\" \/>\n\t\t<meta name=\"twitter:card\" content=\"summary_large_image\" \/>\n\t\t<meta name=\"twitter:title\" content=\"M\u00e1s de 1.100 palestinos heridos en la Franja de Gaza - El Digital de Asturias\" \/>\n\t\t<meta name=\"twitter:description\" content=\"Gaza, 4 may (dpa) - M\u00e1s de 1.100 palestinos resultaron heridos hoy por disparos de soldados israel\u00edes, 83 de ellos por fuego real, en nuevas protestas en la frontera de la Franja de Gaza con Israel, inform\u00f3 el Ministerio de Salud palestino en Ciudad de Gaza. El Ej\u00e9rcito israel\u00ed habl\u00f3 de unos 10.000 palestinos desplegados\" \/>\n\t\t<meta name=\"twitter:image\" content=\"https:\/\/www.eldigitaldeasturias.com\/noticias\/wp-content\/uploads\/2020\/12\/EDA-1.jpg\" \/>\n\t\t<meta name=\"twitter:label1\" content=\"Escrito por\" \/>\n\t\t<meta name=\"twitter:data1\" content=\"El Digital de Asturias\" \/>\n\t\t<meta name=\"twitter:label2\" content=\"Tiempo de lectura estimado\" \/>\n\t\t<meta name=\"twitter:data2\" content=\"2 minutos\" \/>\n\t\t<script type=\"application\/ld+json\" class=\"aioseo-schema\">\n\t\t\t{\"@context\":\"https:\\\/\\\/schema.org\",\"@graph\":[{\"@type\":\"BlogPosting\",\"@id\":\"https:\\\/\\\/www.eldigitaldeasturias.com\\\/noticias\\\/mas-de-1-100-palestinos-heridos-en-la-franja-de-gaza\\\/#blogposting\",\"name\":\"M\\u00e1s de 1.100 palestinos heridos en la Franja de Gaza - El Digital de Asturias\",\"headline\":\"M\\u00e1s de 1.100 palestinos heridos en la Franja de Gaza\",\"author\":{\"@id\":\"https:\\\/\\\/www.eldigitaldeasturias.com\\\/noticias\\\/author\\\/admin\\\/#author\"},\"publisher\":{\"@id\":\"https:\\\/\\\/www.eldigitaldeasturias.com\\\/noticias\\\/#organization\"},\"image\":{\"@type\":\"ImageObject\",\"url\":974234},\"datePublished\":\"2018-05-04T22:54:39+02:00\",\"dateModified\":\"2018-05-04T22:54:39+02:00\",\"inLanguage\":\"es-ES\",\"mainEntityOfPage\":{\"@id\":\"https:\\\/\\\/www.eldigitaldeasturias.com\\\/noticias\\\/mas-de-1-100-palestinos-heridos-en-la-franja-de-gaza\\\/#webpage\"},\"isPartOf\":{\"@id\":\"https:\\\/\\\/www.eldigitaldeasturias.com\\\/noticias\\\/mas-de-1-100-palestinos-heridos-en-la-franja-de-gaza\\\/#webpage\"},\"articleSection\":\"Actualidad\"},{\"@type\":\"BreadcrumbList\",\"@id\":\"https:\\\/\\\/www.eldigitaldeasturias.com\\\/noticias\\\/mas-de-1-100-palestinos-heridos-en-la-franja-de-gaza\\\/#breadcrumblist\",\"itemListElement\":[{\"@type\":\"ListItem\",\"@id\":\"https:\\\/\\\/www.eldigitaldeasturias.com\\\/noticias#listItem\",\"position\":1,\"name\":\"Home\",\"item\":\"https:\\\/\\\/www.eldigitaldeasturias.com\\\/noticias\",\"nextItem\":{\"@type\":\"ListItem\",\"@id\":\"https:\\\/\\\/www.eldigitaldeasturias.com\\\/noticias\\\/category\\\/actualidad\\\/#listItem\",\"name\":\"Actualidad\"}},{\"@type\":\"ListItem\",\"@id\":\"https:\\\/\\\/www.eldigitaldeasturias.com\\\/noticias\\\/category\\\/actualidad\\\/#listItem\",\"position\":2,\"name\":\"Actualidad\",\"item\":\"https:\\\/\\\/www.eldigitaldeasturias.com\\\/noticias\\\/category\\\/actualidad\\\/\",\"nextItem\":{\"@type\":\"ListItem\",\"@id\":\"https:\\\/\\\/www.eldigitaldeasturias.com\\\/noticias\\\/mas-de-1-100-palestinos-heridos-en-la-franja-de-gaza\\\/#listItem\",\"name\":\"M\\u00e1s de 1.100 palestinos heridos en la Franja de Gaza\"},\"previousItem\":{\"@type\":\"ListItem\",\"@id\":\"https:\\\/\\\/www.eldigitaldeasturias.com\\\/noticias#listItem\",\"name\":\"Home\"}},{\"@type\":\"ListItem\",\"@id\":\"https:\\\/\\\/www.eldigitaldeasturias.com\\\/noticias\\\/mas-de-1-100-palestinos-heridos-en-la-franja-de-gaza\\\/#listItem\",\"position\":3,\"name\":\"M\\u00e1s de 1.100 palestinos heridos en la Franja de Gaza\",\"previousItem\":{\"@type\":\"ListItem\",\"@id\":\"https:\\\/\\\/www.eldigitaldeasturias.com\\\/noticias\\\/category\\\/actualidad\\\/#listItem\",\"name\":\"Actualidad\"}}]},{\"@type\":\"Organization\",\"@id\":\"https:\\\/\\\/www.eldigitaldeasturias.com\\\/noticias\\\/#organization\",\"name\":\"El Digital de Asturias\",\"description\":\"Hemeroteca\",\"url\":\"https:\\\/\\\/www.eldigitaldeasturias.com\\\/noticias\\\/\",\"email\":\"info@eldigitaldeasturias.com\",\"telephone\":\"+34652131393\",\"logo\":{\"@type\":\"ImageObject\",\"url\":\"https:\\\/\\\/www.eldigitaldeasturias.com\\\/noticias\\\/wp-content\\\/uploads\\\/2020\\\/12\\\/EDA.jpg\",\"@id\":\"https:\\\/\\\/www.eldigitaldeasturias.com\\\/noticias\\\/mas-de-1-100-palestinos-heridos-en-la-franja-de-gaza\\\/#organizationLogo\"},\"image\":{\"@id\":\"https:\\\/\\\/www.eldigitaldeasturias.com\\\/noticias\\\/mas-de-1-100-palestinos-heridos-en-la-franja-de-gaza\\\/#organizationLogo\"},\"sameAs\":[\"https:\\\/\\\/facebook.com\\\/eldigitaldeasturias\",\"https:\\\/\\\/www.youtube.com\\\/channel\\\/UCZP-2wLEB9Rv6erhFmqVnvg\"],\"address\":{\"@id\":\"https:\\\/\\\/www.eldigitaldeasturias.com\\\/noticias\\\/#postaladdress\",\"@type\":\"PostalAddress\",\"streetAddress\":\"san antonio 4\",\"postalCode\":\"33430\",\"addressLocality\":\"Cand\\u00e1s\",\"addressRegion\":\"Asturias\",\"addressCountry\":\"ES\"}},{\"@type\":\"Person\",\"@id\":\"https:\\\/\\\/www.eldigitaldeasturias.com\\\/noticias\\\/author\\\/admin\\\/#author\",\"url\":\"https:\\\/\\\/www.eldigitaldeasturias.com\\\/noticias\\\/author\\\/admin\\\/\",\"name\":\"El Digital de Asturias\",\"image\":{\"@type\":\"ImageObject\",\"@id\":\"https:\\\/\\\/www.eldigitaldeasturias.com\\\/noticias\\\/mas-de-1-100-palestinos-heridos-en-la-franja-de-gaza\\\/#authorImage\",\"url\":\"https:\\\/\\\/secure.gravatar.com\\\/avatar\\\/df2aeffc32bcd13f8d26072ef8a91b623d677766deac7f97ca815868cd41bf5e?s=96&d=mm&r=g\",\"width\":96,\"height\":96,\"caption\":\"El Digital de Asturias\"}},{\"@type\":\"WebPage\",\"@id\":\"https:\\\/\\\/www.eldigitaldeasturias.com\\\/noticias\\\/mas-de-1-100-palestinos-heridos-en-la-franja-de-gaza\\\/#webpage\",\"url\":\"https:\\\/\\\/www.eldigitaldeasturias.com\\\/noticias\\\/mas-de-1-100-palestinos-heridos-en-la-franja-de-gaza\\\/\",\"name\":\"M\\u00e1s de 1.100 palestinos heridos en la Franja de Gaza - El Digital de Asturias\",\"description\":\"Gaza, 4 may (dpa) - M\\u00e1s de 1.100 palestinos resultaron heridos hoy por disparos de soldados israel\\u00edes, 83 de ellos por fuego real, en nuevas protestas en la frontera de la Franja de Gaza con Israel, inform\\u00f3 el Ministerio de Salud palestino en Ciudad de Gaza. El Ej\\u00e9rcito israel\\u00ed habl\\u00f3 de unos 10.000 palestinos desplegados\",\"inLanguage\":\"es-ES\",\"isPartOf\":{\"@id\":\"https:\\\/\\\/www.eldigitaldeasturias.com\\\/noticias\\\/#website\"},\"breadcrumb\":{\"@id\":\"https:\\\/\\\/www.eldigitaldeasturias.com\\\/noticias\\\/mas-de-1-100-palestinos-heridos-en-la-franja-de-gaza\\\/#breadcrumblist\"},\"author\":{\"@id\":\"https:\\\/\\\/www.eldigitaldeasturias.com\\\/noticias\\\/author\\\/admin\\\/#author\"},\"creator\":{\"@id\":\"https:\\\/\\\/www.eldigitaldeasturias.com\\\/noticias\\\/author\\\/admin\\\/#author\"},\"image\":{\"@type\":\"ImageObject\",\"url\":974234,\"@id\":\"https:\\\/\\\/www.eldigitaldeasturias.com\\\/noticias\\\/mas-de-1-100-palestinos-heridos-en-la-franja-de-gaza\\\/#mainImage\"},\"primaryImageOfPage\":{\"@id\":\"https:\\\/\\\/www.eldigitaldeasturias.com\\\/noticias\\\/mas-de-1-100-palestinos-heridos-en-la-franja-de-gaza\\\/#mainImage\"},\"datePublished\":\"2018-05-04T22:54:39+02:00\",\"dateModified\":\"2018-05-04T22:54:39+02:00\"},{\"@type\":\"WebSite\",\"@id\":\"https:\\\/\\\/www.eldigitaldeasturias.com\\\/noticias\\\/#website\",\"url\":\"https:\\\/\\\/www.eldigitaldeasturias.com\\\/noticias\\\/\",\"name\":\"El Digital de Asturias - Diario de actualidad y noticias\",\"alternateName\":\"El Digital de Asturias - Diario de actualidad y noticias\",\"description\":\"Hemeroteca\",\"inLanguage\":\"es-ES\",\"publisher\":{\"@id\":\"https:\\\/\\\/www.eldigitaldeasturias.com\\\/noticias\\\/#organization\"}}]}\n\t\t<\/script>\n\t\t<!-- All in One SEO Pro -->\r\n\t\t<title>M\u00e1s de 1.100 palestinos heridos en la Franja de Gaza - El Digital de Asturias<\/title>\n\n","aioseo_head_json":{"title":"M\u00e1s de 1.100 palestinos heridos en la Franja de Gaza - El Digital de Asturias","description":"Gaza, 4 may (dpa) - M\u00e1s de 1.100 palestinos resultaron heridos hoy por disparos de soldados israel\u00edes, 83 de ellos por fuego real, en nuevas protestas en la frontera de la Franja de Gaza con Israel, inform\u00f3 el Ministerio de Salud palestino en Ciudad de Gaza. El Ej\u00e9rcito israel\u00ed habl\u00f3 de unos 10.000 palestinos desplegados","canonical_url":"https:\/\/www.eldigitaldeasturias.com\/noticias\/mas-de-1-100-palestinos-heridos-en-la-franja-de-gaza\/","robots":"max-image-preview:large","keywords":"actualidad","webmasterTools":{"google-site-verification":"UA-38556648-1","msvalidate.01":"7dfe9f3f1b24437ab69f4f2559babe99","miscellaneous":""},"schema":{"@context":"https:\/\/schema.org","@graph":[{"@type":"BlogPosting","@id":"https:\/\/www.eldigitaldeasturias.com\/noticias\/mas-de-1-100-palestinos-heridos-en-la-franja-de-gaza\/#blogposting","name":"M\u00e1s de 1.100 palestinos heridos en la Franja de Gaza - El Digital de Asturias","headline":"M\u00e1s de 1.100 palestinos heridos en la Franja de Gaza","author":{"@id":"https:\/\/www.eldigitaldeasturias.com\/noticias\/author\/admin\/#author"},"publisher":{"@id":"https:\/\/www.eldigitaldeasturias.com\/noticias\/#organization"},"image":{"@type":"ImageObject","url":974234},"datePublished":"2018-05-04T22:54:39+02:00","dateModified":"2018-05-04T22:54:39+02:00","inLanguage":"es-ES","mainEntityOfPage":{"@id":"https:\/\/www.eldigitaldeasturias.com\/noticias\/mas-de-1-100-palestinos-heridos-en-la-franja-de-gaza\/#webpage"},"isPartOf":{"@id":"https:\/\/www.eldigitaldeasturias.com\/noticias\/mas-de-1-100-palestinos-heridos-en-la-franja-de-gaza\/#webpage"},"articleSection":"Actualidad"},{"@type":"BreadcrumbList","@id":"https:\/\/www.eldigitaldeasturias.com\/noticias\/mas-de-1-100-palestinos-heridos-en-la-franja-de-gaza\/#breadcrumblist","itemListElement":[{"@type":"ListItem","@id":"https:\/\/www.eldigitaldeasturias.com\/noticias#listItem","position":1,"name":"Home","item":"https:\/\/www.eldigitaldeasturias.com\/noticias","nextItem":{"@type":"ListItem","@id":"https:\/\/www.eldigitaldeasturias.com\/noticias\/category\/actualidad\/#listItem","name":"Actualidad"}},{"@type":"ListItem","@id":"https:\/\/www.eldigitaldeasturias.com\/noticias\/category\/actualidad\/#listItem","position":2,"name":"Actualidad","item":"https:\/\/www.eldigitaldeasturias.com\/noticias\/category\/actualidad\/","nextItem":{"@type":"ListItem","@id":"https:\/\/www.eldigitaldeasturias.com\/noticias\/mas-de-1-100-palestinos-heridos-en-la-franja-de-gaza\/#listItem","name":"M\u00e1s de 1.100 palestinos heridos en la Franja de Gaza"},"previousItem":{"@type":"ListItem","@id":"https:\/\/www.eldigitaldeasturias.com\/noticias#listItem","name":"Home"}},{"@type":"ListItem","@id":"https:\/\/www.eldigitaldeasturias.com\/noticias\/mas-de-1-100-palestinos-heridos-en-la-franja-de-gaza\/#listItem","position":3,"name":"M\u00e1s de 1.100 palestinos heridos en la Franja de Gaza","previousItem":{"@type":"ListItem","@id":"https:\/\/www.eldigitaldeasturias.com\/noticias\/category\/actualidad\/#listItem","name":"Actualidad"}}]},{"@type":"Organization","@id":"https:\/\/www.eldigitaldeasturias.com\/noticias\/#organization","name":"El Digital de Asturias","description":"Hemeroteca","url":"https:\/\/www.eldigitaldeasturias.com\/noticias\/","email":"info@eldigitaldeasturias.com","telephone":"+34652131393","logo":{"@type":"ImageObject","url":"https:\/\/www.eldigitaldeasturias.com\/noticias\/wp-content\/uploads\/2020\/12\/EDA.jpg","@id":"https:\/\/www.eldigitaldeasturias.com\/noticias\/mas-de-1-100-palestinos-heridos-en-la-franja-de-gaza\/#organizationLogo"},"image":{"@id":"https:\/\/www.eldigitaldeasturias.com\/noticias\/mas-de-1-100-palestinos-heridos-en-la-franja-de-gaza\/#organizationLogo"},"sameAs":["https:\/\/facebook.com\/eldigitaldeasturias","https:\/\/www.youtube.com\/channel\/UCZP-2wLEB9Rv6erhFmqVnvg"],"address":{"@id":"https:\/\/www.eldigitaldeasturias.com\/noticias\/#postaladdress","@type":"PostalAddress","streetAddress":"san antonio 4","postalCode":"33430","addressLocality":"Cand\u00e1s","addressRegion":"Asturias","addressCountry":"ES"}},{"@type":"Person","@id":"https:\/\/www.eldigitaldeasturias.com\/noticias\/author\/admin\/#author","url":"https:\/\/www.eldigitaldeasturias.com\/noticias\/author\/admin\/","name":"El Digital de Asturias","image":{"@type":"ImageObject","@id":"https:\/\/www.eldigitaldeasturias.com\/noticias\/mas-de-1-100-palestinos-heridos-en-la-franja-de-gaza\/#authorImage","url":"https:\/\/secure.gravatar.com\/avatar\/df2aeffc32bcd13f8d26072ef8a91b623d677766deac7f97ca815868cd41bf5e?s=96&d=mm&r=g","width":96,"height":96,"caption":"El Digital de Asturias"}},{"@type":"WebPage","@id":"https:\/\/www.eldigitaldeasturias.com\/noticias\/mas-de-1-100-palestinos-heridos-en-la-franja-de-gaza\/#webpage","url":"https:\/\/www.eldigitaldeasturias.com\/noticias\/mas-de-1-100-palestinos-heridos-en-la-franja-de-gaza\/","name":"M\u00e1s de 1.100 palestinos heridos en la Franja de Gaza - El Digital de Asturias","description":"Gaza, 4 may (dpa) - M\u00e1s de 1.100 palestinos resultaron heridos hoy por disparos de soldados israel\u00edes, 83 de ellos por fuego real, en nuevas protestas en la frontera de la Franja de Gaza con Israel, inform\u00f3 el Ministerio de Salud palestino en Ciudad de Gaza. El Ej\u00e9rcito israel\u00ed habl\u00f3 de unos 10.000 palestinos desplegados","inLanguage":"es-ES","isPartOf":{"@id":"https:\/\/www.eldigitaldeasturias.com\/noticias\/#website"},"breadcrumb":{"@id":"https:\/\/www.eldigitaldeasturias.com\/noticias\/mas-de-1-100-palestinos-heridos-en-la-franja-de-gaza\/#breadcrumblist"},"author":{"@id":"https:\/\/www.eldigitaldeasturias.com\/noticias\/author\/admin\/#author"},"creator":{"@id":"https:\/\/www.eldigitaldeasturias.com\/noticias\/author\/admin\/#author"},"image":{"@type":"ImageObject","url":974234,"@id":"https:\/\/www.eldigitaldeasturias.com\/noticias\/mas-de-1-100-palestinos-heridos-en-la-franja-de-gaza\/#mainImage"},"primaryImageOfPage":{"@id":"https:\/\/www.eldigitaldeasturias.com\/noticias\/mas-de-1-100-palestinos-heridos-en-la-franja-de-gaza\/#mainImage"},"datePublished":"2018-05-04T22:54:39+02:00","dateModified":"2018-05-04T22:54:39+02:00"},{"@type":"WebSite","@id":"https:\/\/www.eldigitaldeasturias.com\/noticias\/#website","url":"https:\/\/www.eldigitaldeasturias.com\/noticias\/","name":"El Digital de Asturias - Diario de actualidad y noticias","alternateName":"El Digital de Asturias - Diario de actualidad y noticias","description":"Hemeroteca","inLanguage":"es-ES","publisher":{"@id":"https:\/\/www.eldigitaldeasturias.com\/noticias\/#organization"}}]},"og:locale":"es_ES","og:site_name":"El Digital de Asturias","og:type":"article","og:title":"M\u00e1s de 1.100 palestinos heridos en la Franja de Gaza - El Digital de Asturias","og:description":"Gaza, 4 may (dpa) - M\u00e1s de 1.100 palestinos resultaron heridos hoy por disparos de soldados israel\u00edes, 83 de ellos por fuego real, en nuevas protestas en la frontera de la Franja de Gaza con Israel, inform\u00f3 el Ministerio de Salud palestino en Ciudad de Gaza. El Ej\u00e9rcito israel\u00ed habl\u00f3 de unos 10.000 palestinos desplegados","og:url":"https:\/\/www.eldigitaldeasturias.com\/noticias\/mas-de-1-100-palestinos-heridos-en-la-franja-de-gaza\/","article:tag":["actualidad"],"article:published_time":"2018-05-04T22:54:39+00:00","article:modified_time":"2018-05-04T22:54:39+00:00","article:publisher":"https:\/\/facebook.com\/eldigitaldeasturias","twitter:card":"summary_large_image","twitter:title":"M\u00e1s de 1.100 palestinos heridos en la Franja de Gaza - El Digital de Asturias","twitter:description":"Gaza, 4 may (dpa) - M\u00e1s de 1.100 palestinos resultaron heridos hoy por disparos de soldados israel\u00edes, 83 de ellos por fuego real, en nuevas protestas en la frontera de la Franja de Gaza con Israel, inform\u00f3 el Ministerio de Salud palestino en Ciudad de Gaza. El Ej\u00e9rcito israel\u00ed habl\u00f3 de unos 10.000 palestinos desplegados","twitter:image":"https:\/\/www.eldigitaldeasturias.com\/noticias\/wp-content\/uploads\/2020\/12\/EDA-1.jpg","twitter:label1":"Escrito por","twitter:data1":"El Digital de Asturias","twitter:label2":"Tiempo de lectura estimado","twitter:data2":"2 minutos"},"aioseo_meta_data":{"post_id":"978979","title":null,"description":null,"keywords":null,"keyphrases":null,"primary_term":null,"canonical_url":null,"og_title":null,"og_description":null,"og_object_type":"default","og_image_type":"default","og_image_url":null,"og_image_width":null,"og_image_height":null,"og_image_custom_url":null,"og_image_custom_fields":null,"og_video":null,"og_custom_url":null,"og_article_section":null,"og_article_tags":null,"twitter_use_og":false,"twitter_card":"default","twitter_image_type":"default","twitter_image_url":null,"twitter_image_custom_url":null,"twitter_image_custom_fields":null,"twitter_title":null,"twitter_description":null,"schema":{"blockGraphs":[],"customGraphs":[],"default":{"data":{"Article":[],"Course":[],"Dataset":[],"FAQPage":[],"Movie":[],"Person":[],"Product":[],"ProductReview":[],"Car":[],"Recipe":[],"Service":[],"SoftwareApplication":[],"WebPage":[]},"graphName":"","isEnabled":true},"graphs":[],"defaultGraph":"","defaultPostTypeGraph":""},"schema_type":null,"schema_type_options":null,"pillar_content":false,"robots_default":true,"robots_noindex":false,"robots_noarchive":false,"robots_nosnippet":false,"robots_nofollow":false,"robots_noimageindex":false,"robots_noodp":false,"robots_notranslate":false,"robots_max_snippet":null,"robots_max_videopreview":null,"robots_max_imagepreview":"large","priority":null,"frequency":null,"local_seo":null,"seo_analyzer_scan_date":"2025-10-08 12:43:04","breadcrumb_settings":null,"limit_modified_date":false,"open_ai":null,"ai":null,"created":"2020-12-21 12:00:38","updated":"2025-10-08 12:43:04","focus_keyword":null,"additional_keywords":null,"truseo_locale":null},"aioseo_breadcrumb":"<div class=\"aioseo-breadcrumbs\"><span class=\"aioseo-breadcrumb\">\n\t<a href=\"https:\/\/www.eldigitaldeasturias.com\/noticias\" title=\"Home\">Home<\/a>\n<\/span><span class=\"aioseo-breadcrumb-separator\">\u2013<\/span><span class=\"aioseo-breadcrumb\">\n\t<a href=\"https:\/\/www.eldigitaldeasturias.com\/noticias\/category\/actualidad\/\" title=\"Actualidad\">Actualidad<\/a>\n<\/span><span class=\"aioseo-breadcrumb-separator\">\u2013<\/span><span class=\"aioseo-breadcrumb\">\n\t<a href=\"https:\/\/www.eldigitaldeasturias.com\/noticias\/mas-de-1-100-palestinos-heridos-en-la-franja-de-gaza\/\" title=\"M\u00e1s de 1.100 palestinos heridos en la Franja de Gaza\">M\u00e1s de 1.100 palestinos heridos en la Franja de Gaza<\/a>\n<\/span><\/div>","aioseo_breadcrumb_json":[{"label":"Home","link":"https:\/\/www.eldigitaldeasturias.com\/noticias"},{"label":"Actualidad","link":"https:\/\/www.eldigitaldeasturias.com\/noticias\/category\/actualidad\/"},{"label":"M\u00e1s de 1.100 palestinos heridos en la Franja de Gaza","link":"https:\/\/www.eldigitaldeasturias.com\/noticias\/mas-de-1-100-palestinos-heridos-en-la-franja-de-gaza\/"}],"_links":{"self":[{"href":"https:\/\/www.eldigitaldeasturias.com\/noticias\/wp-json\/wp\/v2\/posts\/978979","targetHints":{"allow":["GET"]}}],"collection":[{"href":"https:\/\/www.eldigitaldeasturias.com\/noticias\/wp-json\/wp\/v2\/posts"}],"about":[{"href":"https:\/\/www.eldigitaldeasturias.com\/noticias\/wp-json\/wp\/v2\/types\/post"}],"author":[{"embeddable":true,"href":"https:\/\/www.eldigitaldeasturias.com\/noticias\/wp-json\/wp\/v2\/users\/1"}],"replies":[{"embeddable":true,"href":"https:\/\/www.eldigitaldeasturias.com\/noticias\/wp-json\/wp\/v2\/comments?post=978979"}],"version-history":[{"count":0,"href":"https:\/\/www.eldigitaldeasturias.com\/noticias\/wp-json\/wp\/v2\/posts\/978979\/revisions"}],"wp:attachment":[{"href":"https:\/\/www.eldigitaldeasturias.com\/noticias\/wp-json\/wp\/v2\/media?parent=978979"}],"wp:term":[{"taxonomy":"category","embeddable":true,"href":"https:\/\/www.eldigitaldeasturias.com\/noticias\/wp-json\/wp\/v2\/categories?post=978979"},{"taxonomy":"post_tag","embeddable":true,"href":"https:\/\/www.eldigitaldeasturias.com\/noticias\/wp-json\/wp\/v2\/tags?post=978979"}],"curies":[{"name":"wp","href":"https:\/\/api.w.org\/{rel}","templated":true}]}}