{"id":978977,"date":"2018-05-04T22:52:59","date_gmt":"2018-05-04T22:52:59","guid":{"rendered":"http:\/\/www.eldigitaldeasturias.com\/noticias\/?p=978977"},"modified":"2018-05-04T22:52:59","modified_gmt":"2018-05-04T22:52:59","slug":"estados-unidos-quita-la-proteccion-migratoria-a-57-000-hondurenos","status":"publish","type":"post","link":"https:\/\/www.eldigitaldeasturias.com\/noticias\/estados-unidos-quita-la-proteccion-migratoria-a-57-000-hondurenos\/","title":{"rendered":"Estados Unidos quita la protecci\u00f3n migratoria a 57.000 hondure\u00f1os"},"content":{"rendered":"<p><img loading=\"lazy\" decoding=\"async\" class=\"alignleft size-medium wp-image-971860\" src=\"https:\/\/www.eldigitaldeasturias.com\/noticias\/wp-content\/uploads\/2018\/03\/administration-1846270_1280-360x270.jpg\" alt=\"\" width=\"360\" height=\"270\" \/>Washington, 4 may (dpa) &#8211; El Gobierno de Donald Trump anunci\u00f3 hoy el final de la protecci\u00f3n migratoria especial conocida como TPS a la que est\u00e1n acogidos unos 57.000 ciudadanos de Honduras desde que el hurac\u00e1n \u00abMitch\u00bb devast\u00f3 el pa\u00eds centroamericano en 1998.<\/p>\n<p>El Departamento de Seguridad Nacional les dio de plazo hasta el 5 de enero de 2020 para que abandonen Estados Unidos o regularicen su situaci\u00f3n por otros cauces. Quienes no lo hagan, se convertir\u00e1n entonces en indocumentados y quedar\u00e1n expuestos a ser deportados a Honduras, uno de los pa\u00edses m\u00e1s violentos del mundo.<\/p>\n<p>La medida es un nuevo paso en el marco de las pol\u00edticas migratorias restrictivas que Trump ha convertido en uno de los pilares de su acci\u00f3n de gobierno. En los \u00faltimos meses, llegado el momento de decidir sobre la renovaci\u00f3n, cancel\u00f3 entre otros el TPS de los salvadore\u00f1os, haitianos y nicarag\u00fcenses. Son ya m\u00e1s de 300.000 inmigrantes los que se van a quedar sin protecci\u00f3n.<\/p>\n<p>El Gobierno de Honduras, que en los \u00faltimos meses despleg\u00f3 una gran actividad diplom\u00e1tica en Washington para intentar convencer al Gobierno republicano de mantener el TPS, lament\u00f3 \u00abprofundamente\u00bb la cancelaci\u00f3n del TPS, que enmarc\u00f3 en una \u00abpol\u00edtica de Estado de la administraci\u00f3n Trump\u00bb.<\/p>\n<p>En Estados Unidos, la decisi\u00f3n fue inmediatamente criticada como \u00abdespiadada y maliciosa\u00bb por organizaciones de derechos civiles, colectivos inmigrantes y pol\u00edticos dem\u00f3cratas.<\/p>\n<p>Muchos de sus beneficiarios llevan 20 a\u00f1os en el pa\u00eds, tienen trabajos, han abierto negocios y han echado ra\u00edces. De hecho, son padres de 53.000 hijos nacidos en Estados Unidos, que por ello tienen la nacionalidad norteamericana.<\/p>\n<p>El TPS funciona como un programa de protecci\u00f3n humanitaria. Permite obtener refugio en Estados Unidos a ciudadanos de pa\u00edses con circunstancias que dificultan la vida, como un conflicto armado, un desastre natural o una epidemia. Da permisos de residencia y trabajo. Sus beneficiarios son sometidos a un estricto examen para comprobar entre otras cosas que carecen de antecedentes criminales.<\/p>\n<p>A Honduras se lo concedi\u00f3 la administraci\u00f3n del dem\u00f3crata Bill Clinton despu\u00e9s del paso de \u00abMitch\u00bb, un cicl\u00f3n que en palabras del entonces presidente hondure\u00f1o, Carlos Flores, destruy\u00f3 50 a\u00f1os de progreso en el pa\u00eds. Solo en ese pa\u00eds mat\u00f3 a unas 7.000 personas.<\/p>\n<p>El TPS ha llegado a beneficiar a hasta 86.000 hondure\u00f1os. Y a d\u00eda de hoy son 57.000 los registrados, seg\u00fan las cifras del Servicio de Estudios del Congreso estadounidense (CRS, por sus siglas en ingl\u00e9s).<\/p>\n<p>Constituyen el segundo gran grupo protegido por el programa, tras los 195.000 salvadore\u00f1os. Estos tienen hasta septiembre de 2019 para dejar el pa\u00eds o arreglar sus papeles.<\/p>\n<p>Desde 1999, todas las administraciones, tanto republicanas como dem\u00f3cratas, han ido renovando cada 18 meses el TPS de los hondure\u00f1os. Pero el Gobierno de Trump ha considerado que ya no existe la situaci\u00f3n que motiv\u00f3 su concesi\u00f3n.<\/p>\n<p>\u00abLas condiciones de alteraci\u00f3n de la vida causadas por el hurac\u00e1n han descendido hasta un grado que ya no se considera como una alteraci\u00f3n sustancial\u00bb, dijo la secretaria de Seguridad Nacional, Kirjsten Nielsen, en el comunicado en el que oficializ\u00f3 la decisi\u00f3n. El Gobierno estadounidense se compromete a trabajar con el de Honduras para \u00abfacilitar una transici\u00f3n ordenada\u00bb, asegur\u00f3.<\/p>\n<p>Pese a las llamadas de legisladores, l\u00edderes religiosos y organizaciones empresariales, entre otros, la administraci\u00f3n no ha tenido en cuenta la situaci\u00f3n de violencia y pobreza que se vive en Honduras. Nielsen considera que el plazo que ha concedido, hasta enero de 2020, da tiempo al Gobierno hondure\u00f1o para \u00abprepararse para el retorno y la reintegraci\u00f3n de sus ciudadanos\u00bb.<\/p>\n<p>\u00abUna vez m\u00e1s reiteramos a nuestros compatriotas que actualmente est\u00e1n fuera del pa\u00eds, que son y ser\u00e1n siempre bienvenidos en su patria donde se les recibir\u00e1 con los brazos abiertos\u00bb, manifest\u00f3 en Tegucigalpa el vicecanciller hondure\u00f1o, Jos\u00e9 Isa\u00edas Barahona.<\/p>\n<p>Honduras es uno de los pa\u00edses m\u00e1s violentos del mundo. La tasa de asesinatos es de 60 por cada 100.000 personas, una de las m\u00e1s altas del mundo. El pa\u00eds encabeza adem\u00e1s la tasa de feminicidios de Centroam\u00e9rica, con una de las m\u00e1s elevadas del globo.<\/p>\n<p>Las maras se extienden y amenazan a familias y negocios y son uno de sus principales problemas de seguridad. M\u00e1s all\u00e1 de la violencia, m\u00e1s de dos terceras partes de la poblaci\u00f3n hondure\u00f1a vive en la pobreza.<\/p>\n<p>Esta decisi\u00f3n pondr\u00e1 a los beneficiarios hondure\u00f1os del TPS \u00aben gran riesgo de inseguridad alimentaria, sanitaria y de vivienda\u00bb, manifest\u00f3 el Caucus Hispano del Congreso estadounidense, integrado por legisladores dem\u00f3cratas.<\/p>\n<p>\u00abEs una decisi\u00f3n cruel y maliciosa\u00bb, critic\u00f3 Frank Sharry, director ejecutivo de la organizaci\u00f3n de derechos civiles America&#8217;s Voice. \u00abEs insensato y antiestadounidense forzarlos cruelmente a volver a Honduras\u00bb.<\/p>\n<p><i class=\"lang-es\"><span class=\" readonly\" title=\"\">Por Sara Barderas (dpa)<\/span><\/i><\/p>\n","protected":false},"excerpt":{"rendered":"<p>Washington, 4 may (dpa) &#8211; El Gobierno de Donald Trump anunci\u00f3 hoy el final de la protecci\u00f3n migratoria especial conocida como TPS a la que est\u00e1n acogidos unos 57.000 ciudadanos de Honduras desde que el hurac\u00e1n \u00abMitch\u00bb devast\u00f3 el pa\u00eds centroamericano en 1998. El Departamento de Seguridad Nacional les dio de plazo hasta el 5 [&hellip;]<\/p>\n","protected":false},"author":1,"featured_media":971860,"comment_status":"closed","ping_status":"closed","sticky":false,"template":"","format":"standard","meta":{"footnotes":""},"categories":[1],"tags":[],"class_list":["post-978977","post","type-post","status-publish","format-standard","has-post-thumbnail","hentry","category-actualidad"],"aioseo_notices":[],"aioseo_head":"\n\t\t<!-- All in One SEO Pro 5.0.1 - aioseo.com -->\n\t<meta name=\"description\" content=\"Washington, 4 may (dpa) - El Gobierno de Donald Trump anunci\u00f3 hoy el final de la protecci\u00f3n migratoria especial conocida como TPS a la que est\u00e1n acogidos unos 57.000 ciudadanos de Honduras desde que el hurac\u00e1n &quot;Mitch&quot; devast\u00f3 el pa\u00eds centroamericano en 1998. El Departamento de Seguridad Nacional les dio de plazo hasta el 5\" \/>\n\t<meta name=\"robots\" content=\"max-image-preview:large\" \/>\n\t<meta name=\"author\" content=\"El Digital de Asturias\"\/>\n\t<meta name=\"google-site-verification\" content=\"UA-38556648-1\" \/>\n\t<meta name=\"msvalidate.01\" content=\"7dfe9f3f1b24437ab69f4f2559babe99\" \/>\n\t<meta name=\"keywords\" content=\"actualidad\" \/>\n\t<link rel=\"canonical\" href=\"https:\/\/www.eldigitaldeasturias.com\/noticias\/estados-unidos-quita-la-proteccion-migratoria-a-57-000-hondurenos\/\" \/>\n\t<meta name=\"generator\" content=\"All in One SEO Pro (AIOSEO) 5.0.1\" \/>\n\t\t<meta property=\"og:locale\" content=\"es_ES\" \/>\n\t\t<meta property=\"og:site_name\" content=\"El Digital de Asturias\" \/>\n\t\t<meta property=\"og:type\" content=\"article\" \/>\n\t\t<meta property=\"og:title\" content=\"Estados Unidos quita la protecci\u00f3n migratoria a 57.000 hondure\u00f1os - El Digital de Asturias\" \/>\n\t\t<meta property=\"og:description\" content=\"Washington, 4 may (dpa) - El Gobierno de Donald Trump anunci\u00f3 hoy el final de la protecci\u00f3n migratoria especial conocida como TPS a la que est\u00e1n acogidos unos 57.000 ciudadanos de Honduras desde que el hurac\u00e1n &quot;Mitch&quot; devast\u00f3 el pa\u00eds centroamericano en 1998. El Departamento de Seguridad Nacional les dio de plazo hasta el 5\" \/>\n\t\t<meta property=\"og:url\" content=\"https:\/\/www.eldigitaldeasturias.com\/noticias\/estados-unidos-quita-la-proteccion-migratoria-a-57-000-hondurenos\/\" \/>\n\t\t<meta property=\"article:tag\" content=\"actualidad\" \/>\n\t\t<meta property=\"article:published_time\" content=\"2018-05-04T22:52:59+00:00\" \/>\n\t\t<meta property=\"article:modified_time\" content=\"2018-05-04T22:52:59+00:00\" \/>\n\t\t<meta property=\"article:publisher\" content=\"https:\/\/facebook.com\/eldigitaldeasturias\" \/>\n\t\t<meta name=\"twitter:card\" content=\"summary_large_image\" \/>\n\t\t<meta name=\"twitter:title\" content=\"Estados Unidos quita la protecci\u00f3n migratoria a 57.000 hondure\u00f1os - El Digital de Asturias\" \/>\n\t\t<meta name=\"twitter:description\" content=\"Washington, 4 may (dpa) - El Gobierno de Donald Trump anunci\u00f3 hoy el final de la protecci\u00f3n migratoria especial conocida como TPS a la que est\u00e1n acogidos unos 57.000 ciudadanos de Honduras desde que el hurac\u00e1n &quot;Mitch&quot; devast\u00f3 el pa\u00eds centroamericano en 1998. El Departamento de Seguridad Nacional les dio de plazo hasta el 5\" \/>\n\t\t<meta name=\"twitter:image\" content=\"https:\/\/www.eldigitaldeasturias.com\/noticias\/wp-content\/uploads\/2020\/12\/EDA-1.jpg\" \/>\n\t\t<meta name=\"twitter:label1\" content=\"Escrito por\" \/>\n\t\t<meta name=\"twitter:data1\" content=\"El Digital de Asturias\" \/>\n\t\t<meta name=\"twitter:label2\" content=\"Tiempo de lectura estimado\" \/>\n\t\t<meta name=\"twitter:data2\" content=\"4 minutos\" \/>\n\t\t<script type=\"application\/ld+json\" class=\"aioseo-schema\">\n\t\t\t{\"@context\":\"https:\\\/\\\/schema.org\",\"@graph\":[{\"@type\":\"BlogPosting\",\"@id\":\"https:\\\/\\\/www.eldigitaldeasturias.com\\\/noticias\\\/estados-unidos-quita-la-proteccion-migratoria-a-57-000-hondurenos\\\/#blogposting\",\"name\":\"Estados Unidos quita la protecci\\u00f3n migratoria a 57.000 hondure\\u00f1os - El Digital de Asturias\",\"headline\":\"Estados Unidos quita la protecci\\u00f3n migratoria a 57.000 hondure\\u00f1os\",\"author\":{\"@id\":\"https:\\\/\\\/www.eldigitaldeasturias.com\\\/noticias\\\/author\\\/admin\\\/#author\"},\"publisher\":{\"@id\":\"https:\\\/\\\/www.eldigitaldeasturias.com\\\/noticias\\\/#organization\"},\"image\":{\"@type\":\"ImageObject\",\"url\":971860},\"datePublished\":\"2018-05-04T22:52:59+02:00\",\"dateModified\":\"2018-05-04T22:52:59+02:00\",\"inLanguage\":\"es-ES\",\"mainEntityOfPage\":{\"@id\":\"https:\\\/\\\/www.eldigitaldeasturias.com\\\/noticias\\\/estados-unidos-quita-la-proteccion-migratoria-a-57-000-hondurenos\\\/#webpage\"},\"isPartOf\":{\"@id\":\"https:\\\/\\\/www.eldigitaldeasturias.com\\\/noticias\\\/estados-unidos-quita-la-proteccion-migratoria-a-57-000-hondurenos\\\/#webpage\"},\"articleSection\":\"Actualidad\"},{\"@type\":\"BreadcrumbList\",\"@id\":\"https:\\\/\\\/www.eldigitaldeasturias.com\\\/noticias\\\/estados-unidos-quita-la-proteccion-migratoria-a-57-000-hondurenos\\\/#breadcrumblist\",\"itemListElement\":[{\"@type\":\"ListItem\",\"@id\":\"https:\\\/\\\/www.eldigitaldeasturias.com\\\/noticias#listItem\",\"position\":1,\"name\":\"Home\",\"item\":\"https:\\\/\\\/www.eldigitaldeasturias.com\\\/noticias\",\"nextItem\":{\"@type\":\"ListItem\",\"@id\":\"https:\\\/\\\/www.eldigitaldeasturias.com\\\/noticias\\\/category\\\/actualidad\\\/#listItem\",\"name\":\"Actualidad\"}},{\"@type\":\"ListItem\",\"@id\":\"https:\\\/\\\/www.eldigitaldeasturias.com\\\/noticias\\\/category\\\/actualidad\\\/#listItem\",\"position\":2,\"name\":\"Actualidad\",\"item\":\"https:\\\/\\\/www.eldigitaldeasturias.com\\\/noticias\\\/category\\\/actualidad\\\/\",\"nextItem\":{\"@type\":\"ListItem\",\"@id\":\"https:\\\/\\\/www.eldigitaldeasturias.com\\\/noticias\\\/estados-unidos-quita-la-proteccion-migratoria-a-57-000-hondurenos\\\/#listItem\",\"name\":\"Estados Unidos quita la protecci\\u00f3n migratoria a 57.000 hondure\\u00f1os\"},\"previousItem\":{\"@type\":\"ListItem\",\"@id\":\"https:\\\/\\\/www.eldigitaldeasturias.com\\\/noticias#listItem\",\"name\":\"Home\"}},{\"@type\":\"ListItem\",\"@id\":\"https:\\\/\\\/www.eldigitaldeasturias.com\\\/noticias\\\/estados-unidos-quita-la-proteccion-migratoria-a-57-000-hondurenos\\\/#listItem\",\"position\":3,\"name\":\"Estados Unidos quita la protecci\\u00f3n migratoria a 57.000 hondure\\u00f1os\",\"previousItem\":{\"@type\":\"ListItem\",\"@id\":\"https:\\\/\\\/www.eldigitaldeasturias.com\\\/noticias\\\/category\\\/actualidad\\\/#listItem\",\"name\":\"Actualidad\"}}]},{\"@type\":\"Organization\",\"@id\":\"https:\\\/\\\/www.eldigitaldeasturias.com\\\/noticias\\\/#organization\",\"name\":\"El Digital de Asturias\",\"description\":\"Hemeroteca\",\"url\":\"https:\\\/\\\/www.eldigitaldeasturias.com\\\/noticias\\\/\",\"email\":\"info@eldigitaldeasturias.com\",\"telephone\":\"+34652131393\",\"logo\":{\"@type\":\"ImageObject\",\"url\":\"https:\\\/\\\/www.eldigitaldeasturias.com\\\/noticias\\\/wp-content\\\/uploads\\\/2020\\\/12\\\/EDA.jpg\",\"@id\":\"https:\\\/\\\/www.eldigitaldeasturias.com\\\/noticias\\\/estados-unidos-quita-la-proteccion-migratoria-a-57-000-hondurenos\\\/#organizationLogo\"},\"image\":{\"@id\":\"https:\\\/\\\/www.eldigitaldeasturias.com\\\/noticias\\\/estados-unidos-quita-la-proteccion-migratoria-a-57-000-hondurenos\\\/#organizationLogo\"},\"sameAs\":[\"https:\\\/\\\/facebook.com\\\/eldigitaldeasturias\",\"https:\\\/\\\/www.youtube.com\\\/channel\\\/UCZP-2wLEB9Rv6erhFmqVnvg\"],\"address\":{\"@id\":\"https:\\\/\\\/www.eldigitaldeasturias.com\\\/noticias\\\/#postaladdress\",\"@type\":\"PostalAddress\",\"streetAddress\":\"san antonio 4\",\"postalCode\":\"33430\",\"addressLocality\":\"Cand\\u00e1s\",\"addressRegion\":\"Asturias\",\"addressCountry\":\"ES\"}},{\"@type\":\"Person\",\"@id\":\"https:\\\/\\\/www.eldigitaldeasturias.com\\\/noticias\\\/author\\\/admin\\\/#author\",\"url\":\"https:\\\/\\\/www.eldigitaldeasturias.com\\\/noticias\\\/author\\\/admin\\\/\",\"name\":\"El Digital de Asturias\",\"image\":{\"@type\":\"ImageObject\",\"@id\":\"https:\\\/\\\/www.eldigitaldeasturias.com\\\/noticias\\\/estados-unidos-quita-la-proteccion-migratoria-a-57-000-hondurenos\\\/#authorImage\",\"url\":\"https:\\\/\\\/secure.gravatar.com\\\/avatar\\\/df2aeffc32bcd13f8d26072ef8a91b623d677766deac7f97ca815868cd41bf5e?s=96&d=mm&r=g\",\"width\":96,\"height\":96,\"caption\":\"El Digital de Asturias\"}},{\"@type\":\"WebPage\",\"@id\":\"https:\\\/\\\/www.eldigitaldeasturias.com\\\/noticias\\\/estados-unidos-quita-la-proteccion-migratoria-a-57-000-hondurenos\\\/#webpage\",\"url\":\"https:\\\/\\\/www.eldigitaldeasturias.com\\\/noticias\\\/estados-unidos-quita-la-proteccion-migratoria-a-57-000-hondurenos\\\/\",\"name\":\"Estados Unidos quita la protecci\\u00f3n migratoria a 57.000 hondure\\u00f1os - El Digital de Asturias\",\"description\":\"Washington, 4 may (dpa) - El Gobierno de Donald Trump anunci\\u00f3 hoy el final de la protecci\\u00f3n migratoria especial conocida como TPS a la que est\\u00e1n acogidos unos 57.000 ciudadanos de Honduras desde que el hurac\\u00e1n \\\"Mitch\\\" devast\\u00f3 el pa\\u00eds centroamericano en 1998. El Departamento de Seguridad Nacional les dio de plazo hasta el 5\",\"inLanguage\":\"es-ES\",\"isPartOf\":{\"@id\":\"https:\\\/\\\/www.eldigitaldeasturias.com\\\/noticias\\\/#website\"},\"breadcrumb\":{\"@id\":\"https:\\\/\\\/www.eldigitaldeasturias.com\\\/noticias\\\/estados-unidos-quita-la-proteccion-migratoria-a-57-000-hondurenos\\\/#breadcrumblist\"},\"author\":{\"@id\":\"https:\\\/\\\/www.eldigitaldeasturias.com\\\/noticias\\\/author\\\/admin\\\/#author\"},\"creator\":{\"@id\":\"https:\\\/\\\/www.eldigitaldeasturias.com\\\/noticias\\\/author\\\/admin\\\/#author\"},\"image\":{\"@type\":\"ImageObject\",\"url\":971860,\"@id\":\"https:\\\/\\\/www.eldigitaldeasturias.com\\\/noticias\\\/estados-unidos-quita-la-proteccion-migratoria-a-57-000-hondurenos\\\/#mainImage\"},\"primaryImageOfPage\":{\"@id\":\"https:\\\/\\\/www.eldigitaldeasturias.com\\\/noticias\\\/estados-unidos-quita-la-proteccion-migratoria-a-57-000-hondurenos\\\/#mainImage\"},\"datePublished\":\"2018-05-04T22:52:59+02:00\",\"dateModified\":\"2018-05-04T22:52:59+02:00\"},{\"@type\":\"WebSite\",\"@id\":\"https:\\\/\\\/www.eldigitaldeasturias.com\\\/noticias\\\/#website\",\"url\":\"https:\\\/\\\/www.eldigitaldeasturias.com\\\/noticias\\\/\",\"name\":\"El Digital de Asturias - Diario de actualidad y noticias\",\"alternateName\":\"El Digital de Asturias - Diario de actualidad y noticias\",\"description\":\"Hemeroteca\",\"inLanguage\":\"es-ES\",\"publisher\":{\"@id\":\"https:\\\/\\\/www.eldigitaldeasturias.com\\\/noticias\\\/#organization\"}}]}\n\t\t<\/script>\n\t\t<!-- All in One SEO Pro -->\r\n\t\t<title>Estados Unidos quita la protecci\u00f3n migratoria a 57.000 hondure\u00f1os - El Digital de Asturias<\/title>\n\n","aioseo_head_json":{"title":"Estados Unidos quita la protecci\u00f3n migratoria a 57.000 hondure\u00f1os - El Digital de Asturias","description":"Washington, 4 may (dpa) - El Gobierno de Donald Trump anunci\u00f3 hoy el final de la protecci\u00f3n migratoria especial conocida como TPS a la que est\u00e1n acogidos unos 57.000 ciudadanos de Honduras desde que el hurac\u00e1n \"Mitch\" devast\u00f3 el pa\u00eds centroamericano en 1998. El Departamento de Seguridad Nacional les dio de plazo hasta el 5","canonical_url":"https:\/\/www.eldigitaldeasturias.com\/noticias\/estados-unidos-quita-la-proteccion-migratoria-a-57-000-hondurenos\/","robots":"max-image-preview:large","keywords":"actualidad","webmasterTools":{"google-site-verification":"UA-38556648-1","msvalidate.01":"7dfe9f3f1b24437ab69f4f2559babe99","miscellaneous":""},"schema":{"@context":"https:\/\/schema.org","@graph":[{"@type":"BlogPosting","@id":"https:\/\/www.eldigitaldeasturias.com\/noticias\/estados-unidos-quita-la-proteccion-migratoria-a-57-000-hondurenos\/#blogposting","name":"Estados Unidos quita la protecci\u00f3n migratoria a 57.000 hondure\u00f1os - El Digital de Asturias","headline":"Estados Unidos quita la protecci\u00f3n migratoria a 57.000 hondure\u00f1os","author":{"@id":"https:\/\/www.eldigitaldeasturias.com\/noticias\/author\/admin\/#author"},"publisher":{"@id":"https:\/\/www.eldigitaldeasturias.com\/noticias\/#organization"},"image":{"@type":"ImageObject","url":971860},"datePublished":"2018-05-04T22:52:59+02:00","dateModified":"2018-05-04T22:52:59+02:00","inLanguage":"es-ES","mainEntityOfPage":{"@id":"https:\/\/www.eldigitaldeasturias.com\/noticias\/estados-unidos-quita-la-proteccion-migratoria-a-57-000-hondurenos\/#webpage"},"isPartOf":{"@id":"https:\/\/www.eldigitaldeasturias.com\/noticias\/estados-unidos-quita-la-proteccion-migratoria-a-57-000-hondurenos\/#webpage"},"articleSection":"Actualidad"},{"@type":"BreadcrumbList","@id":"https:\/\/www.eldigitaldeasturias.com\/noticias\/estados-unidos-quita-la-proteccion-migratoria-a-57-000-hondurenos\/#breadcrumblist","itemListElement":[{"@type":"ListItem","@id":"https:\/\/www.eldigitaldeasturias.com\/noticias#listItem","position":1,"name":"Home","item":"https:\/\/www.eldigitaldeasturias.com\/noticias","nextItem":{"@type":"ListItem","@id":"https:\/\/www.eldigitaldeasturias.com\/noticias\/category\/actualidad\/#listItem","name":"Actualidad"}},{"@type":"ListItem","@id":"https:\/\/www.eldigitaldeasturias.com\/noticias\/category\/actualidad\/#listItem","position":2,"name":"Actualidad","item":"https:\/\/www.eldigitaldeasturias.com\/noticias\/category\/actualidad\/","nextItem":{"@type":"ListItem","@id":"https:\/\/www.eldigitaldeasturias.com\/noticias\/estados-unidos-quita-la-proteccion-migratoria-a-57-000-hondurenos\/#listItem","name":"Estados Unidos quita la protecci\u00f3n migratoria a 57.000 hondure\u00f1os"},"previousItem":{"@type":"ListItem","@id":"https:\/\/www.eldigitaldeasturias.com\/noticias#listItem","name":"Home"}},{"@type":"ListItem","@id":"https:\/\/www.eldigitaldeasturias.com\/noticias\/estados-unidos-quita-la-proteccion-migratoria-a-57-000-hondurenos\/#listItem","position":3,"name":"Estados Unidos quita la protecci\u00f3n migratoria a 57.000 hondure\u00f1os","previousItem":{"@type":"ListItem","@id":"https:\/\/www.eldigitaldeasturias.com\/noticias\/category\/actualidad\/#listItem","name":"Actualidad"}}]},{"@type":"Organization","@id":"https:\/\/www.eldigitaldeasturias.com\/noticias\/#organization","name":"El Digital de Asturias","description":"Hemeroteca","url":"https:\/\/www.eldigitaldeasturias.com\/noticias\/","email":"info@eldigitaldeasturias.com","telephone":"+34652131393","logo":{"@type":"ImageObject","url":"https:\/\/www.eldigitaldeasturias.com\/noticias\/wp-content\/uploads\/2020\/12\/EDA.jpg","@id":"https:\/\/www.eldigitaldeasturias.com\/noticias\/estados-unidos-quita-la-proteccion-migratoria-a-57-000-hondurenos\/#organizationLogo"},"image":{"@id":"https:\/\/www.eldigitaldeasturias.com\/noticias\/estados-unidos-quita-la-proteccion-migratoria-a-57-000-hondurenos\/#organizationLogo"},"sameAs":["https:\/\/facebook.com\/eldigitaldeasturias","https:\/\/www.youtube.com\/channel\/UCZP-2wLEB9Rv6erhFmqVnvg"],"address":{"@id":"https:\/\/www.eldigitaldeasturias.com\/noticias\/#postaladdress","@type":"PostalAddress","streetAddress":"san antonio 4","postalCode":"33430","addressLocality":"Cand\u00e1s","addressRegion":"Asturias","addressCountry":"ES"}},{"@type":"Person","@id":"https:\/\/www.eldigitaldeasturias.com\/noticias\/author\/admin\/#author","url":"https:\/\/www.eldigitaldeasturias.com\/noticias\/author\/admin\/","name":"El Digital de Asturias","image":{"@type":"ImageObject","@id":"https:\/\/www.eldigitaldeasturias.com\/noticias\/estados-unidos-quita-la-proteccion-migratoria-a-57-000-hondurenos\/#authorImage","url":"https:\/\/secure.gravatar.com\/avatar\/df2aeffc32bcd13f8d26072ef8a91b623d677766deac7f97ca815868cd41bf5e?s=96&d=mm&r=g","width":96,"height":96,"caption":"El Digital de Asturias"}},{"@type":"WebPage","@id":"https:\/\/www.eldigitaldeasturias.com\/noticias\/estados-unidos-quita-la-proteccion-migratoria-a-57-000-hondurenos\/#webpage","url":"https:\/\/www.eldigitaldeasturias.com\/noticias\/estados-unidos-quita-la-proteccion-migratoria-a-57-000-hondurenos\/","name":"Estados Unidos quita la protecci\u00f3n migratoria a 57.000 hondure\u00f1os - El Digital de Asturias","description":"Washington, 4 may (dpa) - El Gobierno de Donald Trump anunci\u00f3 hoy el final de la protecci\u00f3n migratoria especial conocida como TPS a la que est\u00e1n acogidos unos 57.000 ciudadanos de Honduras desde que el hurac\u00e1n \"Mitch\" devast\u00f3 el pa\u00eds centroamericano en 1998. El Departamento de Seguridad Nacional les dio de plazo hasta el 5","inLanguage":"es-ES","isPartOf":{"@id":"https:\/\/www.eldigitaldeasturias.com\/noticias\/#website"},"breadcrumb":{"@id":"https:\/\/www.eldigitaldeasturias.com\/noticias\/estados-unidos-quita-la-proteccion-migratoria-a-57-000-hondurenos\/#breadcrumblist"},"author":{"@id":"https:\/\/www.eldigitaldeasturias.com\/noticias\/author\/admin\/#author"},"creator":{"@id":"https:\/\/www.eldigitaldeasturias.com\/noticias\/author\/admin\/#author"},"image":{"@type":"ImageObject","url":971860,"@id":"https:\/\/www.eldigitaldeasturias.com\/noticias\/estados-unidos-quita-la-proteccion-migratoria-a-57-000-hondurenos\/#mainImage"},"primaryImageOfPage":{"@id":"https:\/\/www.eldigitaldeasturias.com\/noticias\/estados-unidos-quita-la-proteccion-migratoria-a-57-000-hondurenos\/#mainImage"},"datePublished":"2018-05-04T22:52:59+02:00","dateModified":"2018-05-04T22:52:59+02:00"},{"@type":"WebSite","@id":"https:\/\/www.eldigitaldeasturias.com\/noticias\/#website","url":"https:\/\/www.eldigitaldeasturias.com\/noticias\/","name":"El Digital de Asturias - Diario de actualidad y noticias","alternateName":"El Digital de Asturias - Diario de actualidad y noticias","description":"Hemeroteca","inLanguage":"es-ES","publisher":{"@id":"https:\/\/www.eldigitaldeasturias.com\/noticias\/#organization"}}]},"og:locale":"es_ES","og:site_name":"El Digital de Asturias","og:type":"article","og:title":"Estados Unidos quita la protecci\u00f3n migratoria a 57.000 hondure\u00f1os - El Digital de Asturias","og:description":"Washington, 4 may (dpa) - El Gobierno de Donald Trump anunci\u00f3 hoy el final de la protecci\u00f3n migratoria especial conocida como TPS a la que est\u00e1n acogidos unos 57.000 ciudadanos de Honduras desde que el hurac\u00e1n &quot;Mitch&quot; devast\u00f3 el pa\u00eds centroamericano en 1998. El Departamento de Seguridad Nacional les dio de plazo hasta el 5","og:url":"https:\/\/www.eldigitaldeasturias.com\/noticias\/estados-unidos-quita-la-proteccion-migratoria-a-57-000-hondurenos\/","article:tag":["actualidad"],"article:published_time":"2018-05-04T22:52:59+00:00","article:modified_time":"2018-05-04T22:52:59+00:00","article:publisher":"https:\/\/facebook.com\/eldigitaldeasturias","twitter:card":"summary_large_image","twitter:title":"Estados Unidos quita la protecci\u00f3n migratoria a 57.000 hondure\u00f1os - El Digital de Asturias","twitter:description":"Washington, 4 may (dpa) - El Gobierno de Donald Trump anunci\u00f3 hoy el final de la protecci\u00f3n migratoria especial conocida como TPS a la que est\u00e1n acogidos unos 57.000 ciudadanos de Honduras desde que el hurac\u00e1n &quot;Mitch&quot; devast\u00f3 el pa\u00eds centroamericano en 1998. El Departamento de Seguridad Nacional les dio de plazo hasta el 5","twitter:image":"https:\/\/www.eldigitaldeasturias.com\/noticias\/wp-content\/uploads\/2020\/12\/EDA-1.jpg","twitter:label1":"Escrito por","twitter:data1":"El Digital de Asturias","twitter:label2":"Tiempo de lectura estimado","twitter:data2":"4 minutos"},"aioseo_meta_data":{"post_id":"978977","title":null,"description":null,"keywords":null,"keyphrases":null,"primary_term":null,"canonical_url":null,"og_title":null,"og_description":null,"og_object_type":"default","og_image_type":"default","og_image_url":null,"og_image_width":null,"og_image_height":null,"og_image_custom_url":null,"og_image_custom_fields":null,"og_video":null,"og_custom_url":null,"og_article_section":null,"og_article_tags":null,"twitter_use_og":false,"twitter_card":"default","twitter_image_type":"default","twitter_image_url":null,"twitter_image_custom_url":null,"twitter_image_custom_fields":null,"twitter_title":null,"twitter_description":null,"schema":{"blockGraphs":[],"customGraphs":[],"default":{"data":{"Article":[],"Course":[],"Dataset":[],"FAQPage":[],"Movie":[],"Person":[],"Product":[],"ProductReview":[],"Car":[],"Recipe":[],"Service":[],"SoftwareApplication":[],"WebPage":[]},"graphName":"","isEnabled":true},"graphs":[],"defaultGraph":"","defaultPostTypeGraph":""},"schema_type":null,"schema_type_options":null,"pillar_content":false,"robots_default":true,"robots_noindex":false,"robots_noarchive":false,"robots_nosnippet":false,"robots_nofollow":false,"robots_noimageindex":false,"robots_noodp":false,"robots_notranslate":false,"robots_max_snippet":null,"robots_max_videopreview":null,"robots_max_imagepreview":"large","priority":null,"frequency":null,"local_seo":null,"seo_analyzer_scan_date":"2025-10-08 12:43:03","breadcrumb_settings":null,"limit_modified_date":false,"open_ai":null,"ai":null,"created":"2020-12-21 12:00:38","updated":"2025-10-08 12:43:03","focus_keyword":null,"additional_keywords":null,"truseo_locale":null},"aioseo_breadcrumb":"<div class=\"aioseo-breadcrumbs\"><span class=\"aioseo-breadcrumb\">\n\t<a href=\"https:\/\/www.eldigitaldeasturias.com\/noticias\" title=\"Home\">Home<\/a>\n<\/span><span class=\"aioseo-breadcrumb-separator\">\u2013<\/span><span class=\"aioseo-breadcrumb\">\n\t<a href=\"https:\/\/www.eldigitaldeasturias.com\/noticias\/category\/actualidad\/\" title=\"Actualidad\">Actualidad<\/a>\n<\/span><span class=\"aioseo-breadcrumb-separator\">\u2013<\/span><span class=\"aioseo-breadcrumb\">\n\t<a href=\"https:\/\/www.eldigitaldeasturias.com\/noticias\/estados-unidos-quita-la-proteccion-migratoria-a-57-000-hondurenos\/\" title=\"Estados Unidos quita la protecci\u00f3n migratoria a 57.000 hondure\u00f1os\">Estados Unidos quita la protecci\u00f3n migratoria a 57.000 hondure\u00f1os<\/a>\n<\/span><\/div>","aioseo_breadcrumb_json":[{"label":"Home","link":"https:\/\/www.eldigitaldeasturias.com\/noticias"},{"label":"Actualidad","link":"https:\/\/www.eldigitaldeasturias.com\/noticias\/category\/actualidad\/"},{"label":"Estados Unidos quita la protecci\u00f3n migratoria a 57.000 hondure\u00f1os","link":"https:\/\/www.eldigitaldeasturias.com\/noticias\/estados-unidos-quita-la-proteccion-migratoria-a-57-000-hondurenos\/"}],"_links":{"self":[{"href":"https:\/\/www.eldigitaldeasturias.com\/noticias\/wp-json\/wp\/v2\/posts\/978977","targetHints":{"allow":["GET"]}}],"collection":[{"href":"https:\/\/www.eldigitaldeasturias.com\/noticias\/wp-json\/wp\/v2\/posts"}],"about":[{"href":"https:\/\/www.eldigitaldeasturias.com\/noticias\/wp-json\/wp\/v2\/types\/post"}],"author":[{"embeddable":true,"href":"https:\/\/www.eldigitaldeasturias.com\/noticias\/wp-json\/wp\/v2\/users\/1"}],"replies":[{"embeddable":true,"href":"https:\/\/www.eldigitaldeasturias.com\/noticias\/wp-json\/wp\/v2\/comments?post=978977"}],"version-history":[{"count":0,"href":"https:\/\/www.eldigitaldeasturias.com\/noticias\/wp-json\/wp\/v2\/posts\/978977\/revisions"}],"wp:attachment":[{"href":"https:\/\/www.eldigitaldeasturias.com\/noticias\/wp-json\/wp\/v2\/media?parent=978977"}],"wp:term":[{"taxonomy":"category","embeddable":true,"href":"https:\/\/www.eldigitaldeasturias.com\/noticias\/wp-json\/wp\/v2\/categories?post=978977"},{"taxonomy":"post_tag","embeddable":true,"href":"https:\/\/www.eldigitaldeasturias.com\/noticias\/wp-json\/wp\/v2\/tags?post=978977"}],"curies":[{"name":"wp","href":"https:\/\/api.w.org\/{rel}","templated":true}]}}