{"id":978954,"date":"2018-05-04T21:57:05","date_gmt":"2018-05-04T21:57:05","guid":{"rendered":"http:\/\/www.eldigitaldeasturias.com\/noticias\/?p=978954"},"modified":"2018-05-04T21:57:05","modified_gmt":"2018-05-04T21:57:05","slug":"beatriz-corredor-el-pp-se-esta-cebando-con-los-jovenes","status":"publish","type":"post","link":"https:\/\/www.eldigitaldeasturias.com\/noticias\/beatriz-corredor-el-pp-se-esta-cebando-con-los-jovenes\/","title":{"rendered":"Beatriz Corredor: \u201cEl PP se est\u00e1 cebando con los j\u00f3venes\u201d"},"content":{"rendered":"<p><img loading=\"lazy\" decoding=\"async\" class=\"alignleft size-medium wp-image-791625\" src=\"https:\/\/www.eldigitaldeasturias.com\/noticias\/wp-content\/uploads\/2015\/06\/congreso-360x240.jpg\" alt=\"\" width=\"360\" height=\"240\" \/>La Secretaria de Ordenaci\u00f3n Territorial y Pol\u00edticas P\u00fablicas de Vivienda, Beatriz Corredor, ha lamentado hoy que el Gobierno haya ejercido su prerrogativa de veto a la proposici\u00f3n que el PSOE present\u00f3 el pasado mes de marzo para reformar el mercado de alquiler.<\/p>\n<p>Corredor ha denunciado que \u201ccon su veto, el Gobierno prefiere no entrar siquiera al debate de un problema de primer orden para la sociedad espa\u00f1ola, muestra una insensibilidad total del Ejecutivo con un problema que toda la ciudadan\u00eda ve acuciante, una cuesti\u00f3n donde la sociedad es consciente de que se est\u00e1n disparando los precios, especialmente en las grandes ciudades\u201d.<\/p>\n<p>La dirigente socialista ha destacado que \u201cla proposici\u00f3n socialista, registrada el 15 de marzo, es una reforma integral, no s\u00f3lo de la Ley de Arrendamientos Urbanos, sino adem\u00e1s de la Ley del Suelo, de la Ley de Enjuiciamiento Civil y con diferentes medidas de incentivo fiscal tanto para arrendadores como para arrendatarios\u201d. \u201cEs una proposici\u00f3n \u2013 ha remarcado Corredor \u2013 que buscaba proteger al inquilino a la vez que incentivaba al arrendador, movilizando la oferta de alquiler para reducir los precios, terminando con los efectos perniciosos de la reforma del PP de 2013 y buscando que la regulaci\u00f3n del mercado de alquiler se adaptase a las necesidades de la sociedad.\u201d<\/p>\n<p>\u201cEl PSOE ha cumplido con creces su actual funci\u00f3n de alternativa al Gobierno del PP: ante un Ejecutivo sin iniciativa, hemos sido los socialistas quienes hemos puesto sobre la mesa una proposici\u00f3n meditada, seria, completa y contundente, donde hemos contado con el apoyo de destacados expertos, juristas y personas del mundo acad\u00e9mico\u201d, a\u00f1adi\u00f3.<\/p>\n<p>\u201cLa respuesta del Gobierno \u2013 ha remarcado &#8211; es la de quien no tiene tomado el pulso al pa\u00eds, la de un Ejecutivo desconectado que elude sus responsabilidades. Los precios del alquiler se est\u00e1n disparando, dejando fuera de una vivienda asequible a miles de personas, precisamente por la pol\u00edtica de devaluaci\u00f3n salarial y de precariedad en el empleo del propio Partido Popular, que se est\u00e1 cebando especialmente en los j\u00f3venes, los cuales, con salarios \u00ednfimos y viviendas por las nubes, ven frenados sus proyectos de vida\u201d.<\/p>\n<p><strong>Un veto basado en datos err\u00f3neos<\/strong><\/p>\n<p>Asimismo, Corredor ha mostrado su disconformidad con los argumentos empleados por el Ejecutivo para vetar la proposici\u00f3n del PSOE: \u201cparece que han elaborado un veto deprisa y corriendo, en el \u00faltimo d\u00eda de plazo y sin leerse la proposici\u00f3n, ya que han aportado cifras que se basan en el actual sistema de beneficios fiscales y no en el que propone la medida vetada\u201d. \u201cAs\u00ed \u2013 ha apuntado\u2013 han engordado el coste de las medidas sobre bases err\u00f3neas, lo que hace que, a lo desacertado del veto, se sume la falacia de los argumentos empleados por el Ejecutivo\u201d.<\/p>\n<p>La responsable socialista ha asegurado que \u201clas cifras de disminuci\u00f3n de los ingresos p\u00fablicos que maneja el Ejecutivo para ejercer el veto se han tomado como un mero corta y pega, a la ligera y no se corresponden con la propuesta del PSOE\u201d.<\/p>\n<p>\u201cEl Ejecutivo no ha comprendido el paso adelante que supon\u00eda la proposici\u00f3n socialista, se niega siquiera a considerarla y desarrolla un veto sin fundamento que s\u00f3lo supone un castigo para los millones de espa\u00f1oles que est\u00e1n esperando medidas que contengan los precios del alquiler y les den certeza y seguridad a la hora de acceder a una vivienda\u201d, concluy\u00f3.<\/p>\n","protected":false},"excerpt":{"rendered":"<p>La Secretaria de Ordenaci\u00f3n Territorial y Pol\u00edticas P\u00fablicas de Vivienda, Beatriz Corredor, ha lamentado hoy que el Gobierno haya ejercido su prerrogativa de veto a la proposici\u00f3n que el PSOE present\u00f3 el pasado mes de marzo para reformar el mercado de alquiler. Corredor ha denunciado que \u201ccon su veto, el Gobierno prefiere no entrar siquiera [&hellip;]<\/p>\n","protected":false},"author":1,"featured_media":791625,"comment_status":"closed","ping_status":"closed","sticky":false,"template":"","format":"standard","meta":{"footnotes":""},"categories":[1],"tags":[],"class_list":["post-978954","post","type-post","status-publish","format-standard","has-post-thumbnail","hentry","category-actualidad"],"aioseo_notices":[],"aioseo_head":"\n\t\t<!-- All in One SEO Pro 5.0.1 - aioseo.com -->\n\t<meta name=\"description\" content=\"La Secretaria de Ordenaci\u00f3n Territorial y Pol\u00edticas P\u00fablicas de Vivienda, Beatriz Corredor, ha lamentado hoy que el Gobierno haya ejercido su prerrogativa de veto a la proposici\u00f3n que el PSOE present\u00f3 el pasado mes de marzo para reformar el mercado de alquiler. Corredor ha denunciado que \u201ccon su veto, el Gobierno prefiere no entrar siquiera\" \/>\n\t<meta name=\"robots\" content=\"max-image-preview:large\" \/>\n\t<meta name=\"author\" content=\"El Digital de Asturias\"\/>\n\t<meta name=\"google-site-verification\" content=\"UA-38556648-1\" \/>\n\t<meta name=\"msvalidate.01\" content=\"7dfe9f3f1b24437ab69f4f2559babe99\" \/>\n\t<meta name=\"keywords\" content=\"actualidad\" \/>\n\t<link rel=\"canonical\" href=\"https:\/\/www.eldigitaldeasturias.com\/noticias\/beatriz-corredor-el-pp-se-esta-cebando-con-los-jovenes\/\" \/>\n\t<meta name=\"generator\" content=\"All in One SEO Pro (AIOSEO) 5.0.1\" \/>\n\t\t<meta property=\"og:locale\" content=\"es_ES\" \/>\n\t\t<meta property=\"og:site_name\" content=\"El Digital de Asturias\" \/>\n\t\t<meta property=\"og:type\" content=\"article\" \/>\n\t\t<meta property=\"og:title\" content=\"Beatriz Corredor: \u201cEl PP se est\u00e1 cebando con los j\u00f3venes\u201d - El Digital de Asturias\" \/>\n\t\t<meta property=\"og:description\" content=\"La Secretaria de Ordenaci\u00f3n Territorial y Pol\u00edticas P\u00fablicas de Vivienda, Beatriz Corredor, ha lamentado hoy que el Gobierno haya ejercido su prerrogativa de veto a la proposici\u00f3n que el PSOE present\u00f3 el pasado mes de marzo para reformar el mercado de alquiler. Corredor ha denunciado que \u201ccon su veto, el Gobierno prefiere no entrar siquiera\" \/>\n\t\t<meta property=\"og:url\" content=\"https:\/\/www.eldigitaldeasturias.com\/noticias\/beatriz-corredor-el-pp-se-esta-cebando-con-los-jovenes\/\" \/>\n\t\t<meta property=\"article:tag\" content=\"actualidad\" \/>\n\t\t<meta property=\"article:published_time\" content=\"2018-05-04T21:57:05+00:00\" \/>\n\t\t<meta property=\"article:modified_time\" content=\"2018-05-04T21:57:05+00:00\" \/>\n\t\t<meta property=\"article:publisher\" content=\"https:\/\/facebook.com\/eldigitaldeasturias\" \/>\n\t\t<meta name=\"twitter:card\" content=\"summary_large_image\" \/>\n\t\t<meta name=\"twitter:title\" content=\"Beatriz Corredor: \u201cEl PP se est\u00e1 cebando con los j\u00f3venes\u201d - El Digital de Asturias\" \/>\n\t\t<meta name=\"twitter:description\" content=\"La Secretaria de Ordenaci\u00f3n Territorial y Pol\u00edticas P\u00fablicas de Vivienda, Beatriz Corredor, ha lamentado hoy que el Gobierno haya ejercido su prerrogativa de veto a la proposici\u00f3n que el PSOE present\u00f3 el pasado mes de marzo para reformar el mercado de alquiler. Corredor ha denunciado que \u201ccon su veto, el Gobierno prefiere no entrar siquiera\" \/>\n\t\t<meta name=\"twitter:image\" content=\"https:\/\/www.eldigitaldeasturias.com\/noticias\/wp-content\/uploads\/2020\/12\/EDA-1.jpg\" \/>\n\t\t<meta name=\"twitter:label1\" content=\"Escrito por\" \/>\n\t\t<meta name=\"twitter:data1\" content=\"El Digital de Asturias\" \/>\n\t\t<meta name=\"twitter:label2\" content=\"Tiempo de lectura estimado\" \/>\n\t\t<meta name=\"twitter:data2\" content=\"3 minutos\" \/>\n\t\t<script type=\"application\/ld+json\" class=\"aioseo-schema\">\n\t\t\t{\"@context\":\"https:\\\/\\\/schema.org\",\"@graph\":[{\"@type\":\"BlogPosting\",\"@id\":\"https:\\\/\\\/www.eldigitaldeasturias.com\\\/noticias\\\/beatriz-corredor-el-pp-se-esta-cebando-con-los-jovenes\\\/#blogposting\",\"name\":\"Beatriz Corredor: \\u201cEl PP se est\\u00e1 cebando con los j\\u00f3venes\\u201d - El Digital de Asturias\",\"headline\":\"Beatriz Corredor: \\u201cEl PP se est\\u00e1 cebando con los j\\u00f3venes\\u201d\",\"author\":{\"@id\":\"https:\\\/\\\/www.eldigitaldeasturias.com\\\/noticias\\\/author\\\/admin\\\/#author\"},\"publisher\":{\"@id\":\"https:\\\/\\\/www.eldigitaldeasturias.com\\\/noticias\\\/#organization\"},\"image\":{\"@type\":\"ImageObject\",\"url\":791625},\"datePublished\":\"2018-05-04T21:57:05+02:00\",\"dateModified\":\"2018-05-04T21:57:05+02:00\",\"inLanguage\":\"es-ES\",\"mainEntityOfPage\":{\"@id\":\"https:\\\/\\\/www.eldigitaldeasturias.com\\\/noticias\\\/beatriz-corredor-el-pp-se-esta-cebando-con-los-jovenes\\\/#webpage\"},\"isPartOf\":{\"@id\":\"https:\\\/\\\/www.eldigitaldeasturias.com\\\/noticias\\\/beatriz-corredor-el-pp-se-esta-cebando-con-los-jovenes\\\/#webpage\"},\"articleSection\":\"Actualidad\"},{\"@type\":\"BreadcrumbList\",\"@id\":\"https:\\\/\\\/www.eldigitaldeasturias.com\\\/noticias\\\/beatriz-corredor-el-pp-se-esta-cebando-con-los-jovenes\\\/#breadcrumblist\",\"itemListElement\":[{\"@type\":\"ListItem\",\"@id\":\"https:\\\/\\\/www.eldigitaldeasturias.com\\\/noticias#listItem\",\"position\":1,\"name\":\"Home\",\"item\":\"https:\\\/\\\/www.eldigitaldeasturias.com\\\/noticias\",\"nextItem\":{\"@type\":\"ListItem\",\"@id\":\"https:\\\/\\\/www.eldigitaldeasturias.com\\\/noticias\\\/category\\\/actualidad\\\/#listItem\",\"name\":\"Actualidad\"}},{\"@type\":\"ListItem\",\"@id\":\"https:\\\/\\\/www.eldigitaldeasturias.com\\\/noticias\\\/category\\\/actualidad\\\/#listItem\",\"position\":2,\"name\":\"Actualidad\",\"item\":\"https:\\\/\\\/www.eldigitaldeasturias.com\\\/noticias\\\/category\\\/actualidad\\\/\",\"nextItem\":{\"@type\":\"ListItem\",\"@id\":\"https:\\\/\\\/www.eldigitaldeasturias.com\\\/noticias\\\/beatriz-corredor-el-pp-se-esta-cebando-con-los-jovenes\\\/#listItem\",\"name\":\"Beatriz Corredor: \\u201cEl PP se est\\u00e1 cebando con los j\\u00f3venes\\u201d\"},\"previousItem\":{\"@type\":\"ListItem\",\"@id\":\"https:\\\/\\\/www.eldigitaldeasturias.com\\\/noticias#listItem\",\"name\":\"Home\"}},{\"@type\":\"ListItem\",\"@id\":\"https:\\\/\\\/www.eldigitaldeasturias.com\\\/noticias\\\/beatriz-corredor-el-pp-se-esta-cebando-con-los-jovenes\\\/#listItem\",\"position\":3,\"name\":\"Beatriz Corredor: \\u201cEl PP se est\\u00e1 cebando con los j\\u00f3venes\\u201d\",\"previousItem\":{\"@type\":\"ListItem\",\"@id\":\"https:\\\/\\\/www.eldigitaldeasturias.com\\\/noticias\\\/category\\\/actualidad\\\/#listItem\",\"name\":\"Actualidad\"}}]},{\"@type\":\"Organization\",\"@id\":\"https:\\\/\\\/www.eldigitaldeasturias.com\\\/noticias\\\/#organization\",\"name\":\"El Digital de Asturias\",\"description\":\"Hemeroteca\",\"url\":\"https:\\\/\\\/www.eldigitaldeasturias.com\\\/noticias\\\/\",\"email\":\"info@eldigitaldeasturias.com\",\"telephone\":\"+34652131393\",\"logo\":{\"@type\":\"ImageObject\",\"url\":\"https:\\\/\\\/www.eldigitaldeasturias.com\\\/noticias\\\/wp-content\\\/uploads\\\/2020\\\/12\\\/EDA.jpg\",\"@id\":\"https:\\\/\\\/www.eldigitaldeasturias.com\\\/noticias\\\/beatriz-corredor-el-pp-se-esta-cebando-con-los-jovenes\\\/#organizationLogo\"},\"image\":{\"@id\":\"https:\\\/\\\/www.eldigitaldeasturias.com\\\/noticias\\\/beatriz-corredor-el-pp-se-esta-cebando-con-los-jovenes\\\/#organizationLogo\"},\"sameAs\":[\"https:\\\/\\\/facebook.com\\\/eldigitaldeasturias\",\"https:\\\/\\\/www.youtube.com\\\/channel\\\/UCZP-2wLEB9Rv6erhFmqVnvg\"],\"address\":{\"@id\":\"https:\\\/\\\/www.eldigitaldeasturias.com\\\/noticias\\\/#postaladdress\",\"@type\":\"PostalAddress\",\"streetAddress\":\"san antonio 4\",\"postalCode\":\"33430\",\"addressLocality\":\"Cand\\u00e1s\",\"addressRegion\":\"Asturias\",\"addressCountry\":\"ES\"}},{\"@type\":\"Person\",\"@id\":\"https:\\\/\\\/www.eldigitaldeasturias.com\\\/noticias\\\/author\\\/admin\\\/#author\",\"url\":\"https:\\\/\\\/www.eldigitaldeasturias.com\\\/noticias\\\/author\\\/admin\\\/\",\"name\":\"El Digital de Asturias\",\"image\":{\"@type\":\"ImageObject\",\"@id\":\"https:\\\/\\\/www.eldigitaldeasturias.com\\\/noticias\\\/beatriz-corredor-el-pp-se-esta-cebando-con-los-jovenes\\\/#authorImage\",\"url\":\"https:\\\/\\\/secure.gravatar.com\\\/avatar\\\/df2aeffc32bcd13f8d26072ef8a91b623d677766deac7f97ca815868cd41bf5e?s=96&d=mm&r=g\",\"width\":96,\"height\":96,\"caption\":\"El Digital de Asturias\"}},{\"@type\":\"WebPage\",\"@id\":\"https:\\\/\\\/www.eldigitaldeasturias.com\\\/noticias\\\/beatriz-corredor-el-pp-se-esta-cebando-con-los-jovenes\\\/#webpage\",\"url\":\"https:\\\/\\\/www.eldigitaldeasturias.com\\\/noticias\\\/beatriz-corredor-el-pp-se-esta-cebando-con-los-jovenes\\\/\",\"name\":\"Beatriz Corredor: \\u201cEl PP se est\\u00e1 cebando con los j\\u00f3venes\\u201d - El Digital de Asturias\",\"description\":\"La Secretaria de Ordenaci\\u00f3n Territorial y Pol\\u00edticas P\\u00fablicas de Vivienda, Beatriz Corredor, ha lamentado hoy que el Gobierno haya ejercido su prerrogativa de veto a la proposici\\u00f3n que el PSOE present\\u00f3 el pasado mes de marzo para reformar el mercado de alquiler. Corredor ha denunciado que \\u201ccon su veto, el Gobierno prefiere no entrar siquiera\",\"inLanguage\":\"es-ES\",\"isPartOf\":{\"@id\":\"https:\\\/\\\/www.eldigitaldeasturias.com\\\/noticias\\\/#website\"},\"breadcrumb\":{\"@id\":\"https:\\\/\\\/www.eldigitaldeasturias.com\\\/noticias\\\/beatriz-corredor-el-pp-se-esta-cebando-con-los-jovenes\\\/#breadcrumblist\"},\"author\":{\"@id\":\"https:\\\/\\\/www.eldigitaldeasturias.com\\\/noticias\\\/author\\\/admin\\\/#author\"},\"creator\":{\"@id\":\"https:\\\/\\\/www.eldigitaldeasturias.com\\\/noticias\\\/author\\\/admin\\\/#author\"},\"image\":{\"@type\":\"ImageObject\",\"url\":791625,\"@id\":\"https:\\\/\\\/www.eldigitaldeasturias.com\\\/noticias\\\/beatriz-corredor-el-pp-se-esta-cebando-con-los-jovenes\\\/#mainImage\"},\"primaryImageOfPage\":{\"@id\":\"https:\\\/\\\/www.eldigitaldeasturias.com\\\/noticias\\\/beatriz-corredor-el-pp-se-esta-cebando-con-los-jovenes\\\/#mainImage\"},\"datePublished\":\"2018-05-04T21:57:05+02:00\",\"dateModified\":\"2018-05-04T21:57:05+02:00\"},{\"@type\":\"WebSite\",\"@id\":\"https:\\\/\\\/www.eldigitaldeasturias.com\\\/noticias\\\/#website\",\"url\":\"https:\\\/\\\/www.eldigitaldeasturias.com\\\/noticias\\\/\",\"name\":\"El Digital de Asturias - Diario de actualidad y noticias\",\"alternateName\":\"El Digital de Asturias - Diario de actualidad y noticias\",\"description\":\"Hemeroteca\",\"inLanguage\":\"es-ES\",\"publisher\":{\"@id\":\"https:\\\/\\\/www.eldigitaldeasturias.com\\\/noticias\\\/#organization\"}}]}\n\t\t<\/script>\n\t\t<!-- All in One SEO Pro -->\r\n\t\t<title>Beatriz Corredor: \u201cEl PP se est\u00e1 cebando con los j\u00f3venes\u201d - El Digital de Asturias<\/title>\n\n","aioseo_head_json":{"title":"Beatriz Corredor: \u201cEl PP se est\u00e1 cebando con los j\u00f3venes\u201d - El Digital de Asturias","description":"La Secretaria de Ordenaci\u00f3n Territorial y Pol\u00edticas P\u00fablicas de Vivienda, Beatriz Corredor, ha lamentado hoy que el Gobierno haya ejercido su prerrogativa de veto a la proposici\u00f3n que el PSOE present\u00f3 el pasado mes de marzo para reformar el mercado de alquiler. Corredor ha denunciado que \u201ccon su veto, el Gobierno prefiere no entrar siquiera","canonical_url":"https:\/\/www.eldigitaldeasturias.com\/noticias\/beatriz-corredor-el-pp-se-esta-cebando-con-los-jovenes\/","robots":"max-image-preview:large","keywords":"actualidad","webmasterTools":{"google-site-verification":"UA-38556648-1","msvalidate.01":"7dfe9f3f1b24437ab69f4f2559babe99","miscellaneous":""},"schema":{"@context":"https:\/\/schema.org","@graph":[{"@type":"BlogPosting","@id":"https:\/\/www.eldigitaldeasturias.com\/noticias\/beatriz-corredor-el-pp-se-esta-cebando-con-los-jovenes\/#blogposting","name":"Beatriz Corredor: \u201cEl PP se est\u00e1 cebando con los j\u00f3venes\u201d - El Digital de Asturias","headline":"Beatriz Corredor: \u201cEl PP se est\u00e1 cebando con los j\u00f3venes\u201d","author":{"@id":"https:\/\/www.eldigitaldeasturias.com\/noticias\/author\/admin\/#author"},"publisher":{"@id":"https:\/\/www.eldigitaldeasturias.com\/noticias\/#organization"},"image":{"@type":"ImageObject","url":791625},"datePublished":"2018-05-04T21:57:05+02:00","dateModified":"2018-05-04T21:57:05+02:00","inLanguage":"es-ES","mainEntityOfPage":{"@id":"https:\/\/www.eldigitaldeasturias.com\/noticias\/beatriz-corredor-el-pp-se-esta-cebando-con-los-jovenes\/#webpage"},"isPartOf":{"@id":"https:\/\/www.eldigitaldeasturias.com\/noticias\/beatriz-corredor-el-pp-se-esta-cebando-con-los-jovenes\/#webpage"},"articleSection":"Actualidad"},{"@type":"BreadcrumbList","@id":"https:\/\/www.eldigitaldeasturias.com\/noticias\/beatriz-corredor-el-pp-se-esta-cebando-con-los-jovenes\/#breadcrumblist","itemListElement":[{"@type":"ListItem","@id":"https:\/\/www.eldigitaldeasturias.com\/noticias#listItem","position":1,"name":"Home","item":"https:\/\/www.eldigitaldeasturias.com\/noticias","nextItem":{"@type":"ListItem","@id":"https:\/\/www.eldigitaldeasturias.com\/noticias\/category\/actualidad\/#listItem","name":"Actualidad"}},{"@type":"ListItem","@id":"https:\/\/www.eldigitaldeasturias.com\/noticias\/category\/actualidad\/#listItem","position":2,"name":"Actualidad","item":"https:\/\/www.eldigitaldeasturias.com\/noticias\/category\/actualidad\/","nextItem":{"@type":"ListItem","@id":"https:\/\/www.eldigitaldeasturias.com\/noticias\/beatriz-corredor-el-pp-se-esta-cebando-con-los-jovenes\/#listItem","name":"Beatriz Corredor: \u201cEl PP se est\u00e1 cebando con los j\u00f3venes\u201d"},"previousItem":{"@type":"ListItem","@id":"https:\/\/www.eldigitaldeasturias.com\/noticias#listItem","name":"Home"}},{"@type":"ListItem","@id":"https:\/\/www.eldigitaldeasturias.com\/noticias\/beatriz-corredor-el-pp-se-esta-cebando-con-los-jovenes\/#listItem","position":3,"name":"Beatriz Corredor: \u201cEl PP se est\u00e1 cebando con los j\u00f3venes\u201d","previousItem":{"@type":"ListItem","@id":"https:\/\/www.eldigitaldeasturias.com\/noticias\/category\/actualidad\/#listItem","name":"Actualidad"}}]},{"@type":"Organization","@id":"https:\/\/www.eldigitaldeasturias.com\/noticias\/#organization","name":"El Digital de Asturias","description":"Hemeroteca","url":"https:\/\/www.eldigitaldeasturias.com\/noticias\/","email":"info@eldigitaldeasturias.com","telephone":"+34652131393","logo":{"@type":"ImageObject","url":"https:\/\/www.eldigitaldeasturias.com\/noticias\/wp-content\/uploads\/2020\/12\/EDA.jpg","@id":"https:\/\/www.eldigitaldeasturias.com\/noticias\/beatriz-corredor-el-pp-se-esta-cebando-con-los-jovenes\/#organizationLogo"},"image":{"@id":"https:\/\/www.eldigitaldeasturias.com\/noticias\/beatriz-corredor-el-pp-se-esta-cebando-con-los-jovenes\/#organizationLogo"},"sameAs":["https:\/\/facebook.com\/eldigitaldeasturias","https:\/\/www.youtube.com\/channel\/UCZP-2wLEB9Rv6erhFmqVnvg"],"address":{"@id":"https:\/\/www.eldigitaldeasturias.com\/noticias\/#postaladdress","@type":"PostalAddress","streetAddress":"san antonio 4","postalCode":"33430","addressLocality":"Cand\u00e1s","addressRegion":"Asturias","addressCountry":"ES"}},{"@type":"Person","@id":"https:\/\/www.eldigitaldeasturias.com\/noticias\/author\/admin\/#author","url":"https:\/\/www.eldigitaldeasturias.com\/noticias\/author\/admin\/","name":"El Digital de Asturias","image":{"@type":"ImageObject","@id":"https:\/\/www.eldigitaldeasturias.com\/noticias\/beatriz-corredor-el-pp-se-esta-cebando-con-los-jovenes\/#authorImage","url":"https:\/\/secure.gravatar.com\/avatar\/df2aeffc32bcd13f8d26072ef8a91b623d677766deac7f97ca815868cd41bf5e?s=96&d=mm&r=g","width":96,"height":96,"caption":"El Digital de Asturias"}},{"@type":"WebPage","@id":"https:\/\/www.eldigitaldeasturias.com\/noticias\/beatriz-corredor-el-pp-se-esta-cebando-con-los-jovenes\/#webpage","url":"https:\/\/www.eldigitaldeasturias.com\/noticias\/beatriz-corredor-el-pp-se-esta-cebando-con-los-jovenes\/","name":"Beatriz Corredor: \u201cEl PP se est\u00e1 cebando con los j\u00f3venes\u201d - El Digital de Asturias","description":"La Secretaria de Ordenaci\u00f3n Territorial y Pol\u00edticas P\u00fablicas de Vivienda, Beatriz Corredor, ha lamentado hoy que el Gobierno haya ejercido su prerrogativa de veto a la proposici\u00f3n que el PSOE present\u00f3 el pasado mes de marzo para reformar el mercado de alquiler. Corredor ha denunciado que \u201ccon su veto, el Gobierno prefiere no entrar siquiera","inLanguage":"es-ES","isPartOf":{"@id":"https:\/\/www.eldigitaldeasturias.com\/noticias\/#website"},"breadcrumb":{"@id":"https:\/\/www.eldigitaldeasturias.com\/noticias\/beatriz-corredor-el-pp-se-esta-cebando-con-los-jovenes\/#breadcrumblist"},"author":{"@id":"https:\/\/www.eldigitaldeasturias.com\/noticias\/author\/admin\/#author"},"creator":{"@id":"https:\/\/www.eldigitaldeasturias.com\/noticias\/author\/admin\/#author"},"image":{"@type":"ImageObject","url":791625,"@id":"https:\/\/www.eldigitaldeasturias.com\/noticias\/beatriz-corredor-el-pp-se-esta-cebando-con-los-jovenes\/#mainImage"},"primaryImageOfPage":{"@id":"https:\/\/www.eldigitaldeasturias.com\/noticias\/beatriz-corredor-el-pp-se-esta-cebando-con-los-jovenes\/#mainImage"},"datePublished":"2018-05-04T21:57:05+02:00","dateModified":"2018-05-04T21:57:05+02:00"},{"@type":"WebSite","@id":"https:\/\/www.eldigitaldeasturias.com\/noticias\/#website","url":"https:\/\/www.eldigitaldeasturias.com\/noticias\/","name":"El Digital de Asturias - Diario de actualidad y noticias","alternateName":"El Digital de Asturias - Diario de actualidad y noticias","description":"Hemeroteca","inLanguage":"es-ES","publisher":{"@id":"https:\/\/www.eldigitaldeasturias.com\/noticias\/#organization"}}]},"og:locale":"es_ES","og:site_name":"El Digital de Asturias","og:type":"article","og:title":"Beatriz Corredor: \u201cEl PP se est\u00e1 cebando con los j\u00f3venes\u201d - El Digital de Asturias","og:description":"La Secretaria de Ordenaci\u00f3n Territorial y Pol\u00edticas P\u00fablicas de Vivienda, Beatriz Corredor, ha lamentado hoy que el Gobierno haya ejercido su prerrogativa de veto a la proposici\u00f3n que el PSOE present\u00f3 el pasado mes de marzo para reformar el mercado de alquiler. Corredor ha denunciado que \u201ccon su veto, el Gobierno prefiere no entrar siquiera","og:url":"https:\/\/www.eldigitaldeasturias.com\/noticias\/beatriz-corredor-el-pp-se-esta-cebando-con-los-jovenes\/","article:tag":["actualidad"],"article:published_time":"2018-05-04T21:57:05+00:00","article:modified_time":"2018-05-04T21:57:05+00:00","article:publisher":"https:\/\/facebook.com\/eldigitaldeasturias","twitter:card":"summary_large_image","twitter:title":"Beatriz Corredor: \u201cEl PP se est\u00e1 cebando con los j\u00f3venes\u201d - El Digital de Asturias","twitter:description":"La Secretaria de Ordenaci\u00f3n Territorial y Pol\u00edticas P\u00fablicas de Vivienda, Beatriz Corredor, ha lamentado hoy que el Gobierno haya ejercido su prerrogativa de veto a la proposici\u00f3n que el PSOE present\u00f3 el pasado mes de marzo para reformar el mercado de alquiler. Corredor ha denunciado que \u201ccon su veto, el Gobierno prefiere no entrar siquiera","twitter:image":"https:\/\/www.eldigitaldeasturias.com\/noticias\/wp-content\/uploads\/2020\/12\/EDA-1.jpg","twitter:label1":"Escrito por","twitter:data1":"El Digital de Asturias","twitter:label2":"Tiempo de lectura estimado","twitter:data2":"3 minutos"},"aioseo_meta_data":{"post_id":"978954","title":null,"description":null,"keywords":null,"keyphrases":null,"primary_term":null,"canonical_url":null,"og_title":null,"og_description":null,"og_object_type":"default","og_image_type":"default","og_image_url":null,"og_image_width":null,"og_image_height":null,"og_image_custom_url":null,"og_image_custom_fields":null,"og_video":null,"og_custom_url":null,"og_article_section":null,"og_article_tags":null,"twitter_use_og":false,"twitter_card":"default","twitter_image_type":"default","twitter_image_url":null,"twitter_image_custom_url":null,"twitter_image_custom_fields":null,"twitter_title":null,"twitter_description":null,"schema":{"blockGraphs":[],"customGraphs":[],"default":{"data":{"Article":[],"Course":[],"Dataset":[],"FAQPage":[],"Movie":[],"Person":[],"Product":[],"ProductReview":[],"Car":[],"Recipe":[],"Service":[],"SoftwareApplication":[],"WebPage":[]},"graphName":"","isEnabled":true},"graphs":[],"defaultGraph":"","defaultPostTypeGraph":""},"schema_type":null,"schema_type_options":null,"pillar_content":false,"robots_default":true,"robots_noindex":false,"robots_noarchive":false,"robots_nosnippet":false,"robots_nofollow":false,"robots_noimageindex":false,"robots_noodp":false,"robots_notranslate":false,"robots_max_snippet":null,"robots_max_videopreview":null,"robots_max_imagepreview":"large","priority":null,"frequency":null,"local_seo":null,"seo_analyzer_scan_date":"2025-10-08 12:37:03","breadcrumb_settings":null,"limit_modified_date":false,"open_ai":null,"ai":null,"created":"2020-12-21 12:00:38","updated":"2025-10-08 12:37:03","focus_keyword":null,"additional_keywords":null,"truseo_locale":null},"aioseo_breadcrumb":"<div class=\"aioseo-breadcrumbs\"><span class=\"aioseo-breadcrumb\">\n\t<a href=\"https:\/\/www.eldigitaldeasturias.com\/noticias\" title=\"Home\">Home<\/a>\n<\/span><span class=\"aioseo-breadcrumb-separator\">\u2013<\/span><span class=\"aioseo-breadcrumb\">\n\t<a href=\"https:\/\/www.eldigitaldeasturias.com\/noticias\/category\/actualidad\/\" title=\"Actualidad\">Actualidad<\/a>\n<\/span><span class=\"aioseo-breadcrumb-separator\">\u2013<\/span><span class=\"aioseo-breadcrumb\">\n\t<a href=\"https:\/\/www.eldigitaldeasturias.com\/noticias\/beatriz-corredor-el-pp-se-esta-cebando-con-los-jovenes\/\" title=\"Beatriz Corredor: \u201cEl PP se est\u00e1 cebando con los j\u00f3venes\u201d\">Beatriz Corredor: \u201cEl PP se est\u00e1 cebando con los j\u00f3venes\u201d<\/a>\n<\/span><\/div>","aioseo_breadcrumb_json":[{"label":"Home","link":"https:\/\/www.eldigitaldeasturias.com\/noticias"},{"label":"Actualidad","link":"https:\/\/www.eldigitaldeasturias.com\/noticias\/category\/actualidad\/"},{"label":"Beatriz Corredor: \u201cEl PP se est\u00e1 cebando con los j\u00f3venes\u201d","link":"https:\/\/www.eldigitaldeasturias.com\/noticias\/beatriz-corredor-el-pp-se-esta-cebando-con-los-jovenes\/"}],"_links":{"self":[{"href":"https:\/\/www.eldigitaldeasturias.com\/noticias\/wp-json\/wp\/v2\/posts\/978954","targetHints":{"allow":["GET"]}}],"collection":[{"href":"https:\/\/www.eldigitaldeasturias.com\/noticias\/wp-json\/wp\/v2\/posts"}],"about":[{"href":"https:\/\/www.eldigitaldeasturias.com\/noticias\/wp-json\/wp\/v2\/types\/post"}],"author":[{"embeddable":true,"href":"https:\/\/www.eldigitaldeasturias.com\/noticias\/wp-json\/wp\/v2\/users\/1"}],"replies":[{"embeddable":true,"href":"https:\/\/www.eldigitaldeasturias.com\/noticias\/wp-json\/wp\/v2\/comments?post=978954"}],"version-history":[{"count":0,"href":"https:\/\/www.eldigitaldeasturias.com\/noticias\/wp-json\/wp\/v2\/posts\/978954\/revisions"}],"wp:attachment":[{"href":"https:\/\/www.eldigitaldeasturias.com\/noticias\/wp-json\/wp\/v2\/media?parent=978954"}],"wp:term":[{"taxonomy":"category","embeddable":true,"href":"https:\/\/www.eldigitaldeasturias.com\/noticias\/wp-json\/wp\/v2\/categories?post=978954"},{"taxonomy":"post_tag","embeddable":true,"href":"https:\/\/www.eldigitaldeasturias.com\/noticias\/wp-json\/wp\/v2\/tags?post=978954"}],"curies":[{"name":"wp","href":"https:\/\/api.w.org\/{rel}","templated":true}]}}