{"id":978948,"date":"2018-05-04T21:47:40","date_gmt":"2018-05-04T21:47:40","guid":{"rendered":"http:\/\/www.eldigitaldeasturias.com\/noticias\/?p=978948"},"modified":"2018-05-04T21:47:40","modified_gmt":"2018-05-04T21:47:40","slug":"pedro-sanchez-no-hay-que-permitir-que-el-entorno-etarra-imponga-su-relato","status":"publish","type":"post","link":"https:\/\/www.eldigitaldeasturias.com\/noticias\/pedro-sanchez-no-hay-que-permitir-que-el-entorno-etarra-imponga-su-relato\/","title":{"rendered":"Pedro S\u00e1nchez: \u201cNo hay que permitir que el entorno etarra imponga su relato\u201d"},"content":{"rendered":"<p><img loading=\"lazy\" decoding=\"async\" class=\"alignleft size-medium wp-image-793321\" src=\"https:\/\/www.eldigitaldeasturias.com\/noticias\/wp-content\/uploads\/2015\/07\/pedro-sanchez-360x240.jpg\" alt=\"\" width=\"360\" height=\"240\" \/>Ante el anuncio y escenificaci\u00f3n de la disoluci\u00f3n de la organizaci\u00f3n terrorista ETA, el secretario general del PSOE, Pedro S\u00e1nchez, ha asegurado hoy que el principal mensaje que debe quedar es que \u201cla democracia espa\u00f1ola derrot\u00f3 a ETA, sin que la banda lograra ninguno de sus objetivos pol\u00edticos\u201d.<\/p>\n<p>En declaraciones a los medios en Londres, tras mantener una reuni\u00f3n de trabajo con el ex primer ministro brit\u00e1nico, Gordon Brown, S\u00e1nchez se\u00f1al\u00f3 que \u201choy no hay nada que celebrar, pero s\u00ed recordar y homenajear a aquellas personas que sufrieron en primera persona la violencia de ETA: a los asesinados, a sus familiares, y a los que todav\u00eda hoy sufren las consecuencias psicol\u00f3gicas y f\u00edsicas de los atentados\u201d. \u201cQue sepan que nunca les vamos a olvidar y que vamos a estar siempre pendientes de ellos\u201d, de manera que \u201ctodas las decisiones y acciones pol\u00edticas van a tener sobre todo y ante todo muy presentes la memoria y el homenaje merecido que tienen\u201d.<\/p>\n<p>Asimismo, S\u00e1nchez tuvo palabras de reconocimiento y homenaje para las Fuerzas y Cuerpos de Seguridad del Estado que \u201cdefendieron la democracia\u201d; para los jueces y fiscales \u201cque persiguieron a la banda terrorista\u201d; para los empresarios y empresarias que fueron extorsionados; para las personas que fueron secuestradas durante los a\u00f1os de actuaci\u00f3n de ETA, y para los afiliados y afiliadas de todos los partidos pol\u00edticos, concejales y concejalas que sufrieron en primera persona la presi\u00f3n, la amenaza y los asesinatos de la banda criminal\u201d. \u201cTodos ellos defendieron los valores que nos unen, que tienen que ver con la convivencia, con la libertad, con la democracia y con la paz\u201d, dijo.<\/p>\n<p>A partir de ah\u00ed, continu\u00f3, \u201chay que mirar hacia adelante\u201d y \u201csacar los dem\u00f3cratas algunas lecciones\u201d como que, adem\u00e1s de \u201cno olvidar\u201d, hay que \u201ccontar la verdad y no permitir\u201d que el entorno etarra \u201cimponga su relato\u201d, pues aqu\u00ed \u201cno hubo ning\u00fan conflicto sino una persecuci\u00f3n por el totalitarismo a una democracia\u201d \u2013la espa\u00f1ola- a la que se atac\u00f3 y caus\u00f3 mucho dolor.<\/p>\n<p>Adem\u00e1s de imponerse ese \u201crelato de la verdad\u201d, la otra lecci\u00f3n que debemos sacar \u201ces que los dem\u00f3cratas debemos permanecer unidos para hacer frente al al desaf\u00edo del terrorismo\u201d, que ahora a nivel global representa el yihadismo.<\/p>\n<p><strong>Catalu\u00f1a<\/strong><\/p>\n<p>Respecto a Catalu\u00f1a, Pedro S\u00e1nchez se ha referido a la aprobaci\u00f3n hoy en el Parlament de la ley que permitir\u00eda la investidura telem\u00e1tica de Puigdemont y ha denunciado que los independentistas \u201clo hacen, de nuevo, salt\u00e1ndose cualquier tipo de informe jur\u00eddico como el de la Comisi\u00f3n de Garant\u00edas Estatutarias que dice claramente que no es legal\u201d.<\/p>\n<p>El l\u00edder socialista subray\u00f3 que \u201cla soluci\u00f3n en Catalu\u00f1a tiene dos planos\u201d, por un lado \u201cel bloque independentista debe ser consciente de que tiene que formar un gobierno que sirva al 100% de la ciudadan\u00eda y no solo al 47% que le vot\u00f3\u201d. \u201cTiene, por tanto, que haber una conciliaci\u00f3n entre catalanes y esa debe ser la principal tarea del pr\u00f3ximo presidente o presidenta de la Generalitat\u201d.<\/p>\n<p>Y en segundo lugar, \u201cla pol\u00edtica espa\u00f1ola debe hacer tambi\u00e9n su tarea\u201d y de ah\u00ed la importancia de que la Comisi\u00f3n de evaluaci\u00f3n de nuestro modelo territorial, puesta en marcha en el Congreso tras el acuerdo del PSOE con el Gobierno, cuente con la participaci\u00f3n del resto de formaciones pol\u00edticas, pues \u201chay debilidades de nuestro modelo auton\u00f3mico que debemos de corregir\u201d y \u201csi queremos resolver la crisis territorial que vive nuestro pa\u00eds, necesitamos del concurso de todos\u201d.<\/p>\n","protected":false},"excerpt":{"rendered":"<p>Ante el anuncio y escenificaci\u00f3n de la disoluci\u00f3n de la organizaci\u00f3n terrorista ETA, el secretario general del PSOE, Pedro S\u00e1nchez, ha asegurado hoy que el principal mensaje que debe quedar es que \u201cla democracia espa\u00f1ola derrot\u00f3 a ETA, sin que la banda lograra ninguno de sus objetivos pol\u00edticos\u201d. En declaraciones a los medios en Londres, [&hellip;]<\/p>\n","protected":false},"author":1,"featured_media":793321,"comment_status":"closed","ping_status":"closed","sticky":false,"template":"","format":"standard","meta":{"footnotes":""},"categories":[1],"tags":[],"class_list":["post-978948","post","type-post","status-publish","format-standard","has-post-thumbnail","hentry","category-actualidad"],"aioseo_notices":[],"aioseo_head":"\n\t\t<!-- All in One SEO Pro 5.0.1 - aioseo.com -->\n\t<meta name=\"description\" content=\"Ante el anuncio y escenificaci\u00f3n de la disoluci\u00f3n de la organizaci\u00f3n terrorista ETA, el secretario general del PSOE, Pedro S\u00e1nchez, ha asegurado hoy que el principal mensaje que debe quedar es que \u201cla democracia espa\u00f1ola derrot\u00f3 a ETA, sin que la banda lograra ninguno de sus objetivos pol\u00edticos\u201d. En declaraciones a los medios en Londres,\" \/>\n\t<meta name=\"robots\" content=\"max-image-preview:large\" \/>\n\t<meta name=\"author\" content=\"El Digital de Asturias\"\/>\n\t<meta name=\"google-site-verification\" content=\"UA-38556648-1\" \/>\n\t<meta name=\"msvalidate.01\" content=\"7dfe9f3f1b24437ab69f4f2559babe99\" \/>\n\t<meta name=\"keywords\" content=\"actualidad\" \/>\n\t<link rel=\"canonical\" href=\"https:\/\/www.eldigitaldeasturias.com\/noticias\/pedro-sanchez-no-hay-que-permitir-que-el-entorno-etarra-imponga-su-relato\/\" \/>\n\t<meta name=\"generator\" content=\"All in One SEO Pro (AIOSEO) 5.0.1\" \/>\n\t\t<meta property=\"og:locale\" content=\"es_ES\" \/>\n\t\t<meta property=\"og:site_name\" content=\"El Digital de Asturias\" \/>\n\t\t<meta property=\"og:type\" content=\"article\" \/>\n\t\t<meta property=\"og:title\" content=\"Pedro S\u00e1nchez: \u201cNo hay que permitir que el entorno etarra imponga su relato\u201d - El Digital de Asturias\" \/>\n\t\t<meta property=\"og:description\" content=\"Ante el anuncio y escenificaci\u00f3n de la disoluci\u00f3n de la organizaci\u00f3n terrorista ETA, el secretario general del PSOE, Pedro S\u00e1nchez, ha asegurado hoy que el principal mensaje que debe quedar es que \u201cla democracia espa\u00f1ola derrot\u00f3 a ETA, sin que la banda lograra ninguno de sus objetivos pol\u00edticos\u201d. En declaraciones a los medios en Londres,\" \/>\n\t\t<meta property=\"og:url\" content=\"https:\/\/www.eldigitaldeasturias.com\/noticias\/pedro-sanchez-no-hay-que-permitir-que-el-entorno-etarra-imponga-su-relato\/\" \/>\n\t\t<meta property=\"article:tag\" content=\"actualidad\" \/>\n\t\t<meta property=\"article:published_time\" content=\"2018-05-04T21:47:40+00:00\" \/>\n\t\t<meta property=\"article:modified_time\" content=\"2018-05-04T21:47:40+00:00\" \/>\n\t\t<meta property=\"article:publisher\" content=\"https:\/\/facebook.com\/eldigitaldeasturias\" \/>\n\t\t<meta name=\"twitter:card\" content=\"summary_large_image\" \/>\n\t\t<meta name=\"twitter:title\" content=\"Pedro S\u00e1nchez: \u201cNo hay que permitir que el entorno etarra imponga su relato\u201d - El Digital de Asturias\" \/>\n\t\t<meta name=\"twitter:description\" content=\"Ante el anuncio y escenificaci\u00f3n de la disoluci\u00f3n de la organizaci\u00f3n terrorista ETA, el secretario general del PSOE, Pedro S\u00e1nchez, ha asegurado hoy que el principal mensaje que debe quedar es que \u201cla democracia espa\u00f1ola derrot\u00f3 a ETA, sin que la banda lograra ninguno de sus objetivos pol\u00edticos\u201d. En declaraciones a los medios en Londres,\" \/>\n\t\t<meta name=\"twitter:image\" content=\"https:\/\/www.eldigitaldeasturias.com\/noticias\/wp-content\/uploads\/2020\/12\/EDA-1.jpg\" \/>\n\t\t<meta name=\"twitter:label1\" content=\"Escrito por\" \/>\n\t\t<meta name=\"twitter:data1\" content=\"El Digital de Asturias\" \/>\n\t\t<meta name=\"twitter:label2\" content=\"Tiempo de lectura estimado\" \/>\n\t\t<meta name=\"twitter:data2\" content=\"3 minutos\" \/>\n\t\t<script type=\"application\/ld+json\" class=\"aioseo-schema\">\n\t\t\t{\"@context\":\"https:\\\/\\\/schema.org\",\"@graph\":[{\"@type\":\"BlogPosting\",\"@id\":\"https:\\\/\\\/www.eldigitaldeasturias.com\\\/noticias\\\/pedro-sanchez-no-hay-que-permitir-que-el-entorno-etarra-imponga-su-relato\\\/#blogposting\",\"name\":\"Pedro S\\u00e1nchez: \\u201cNo hay que permitir que el entorno etarra imponga su relato\\u201d - El Digital de Asturias\",\"headline\":\"Pedro S\\u00e1nchez: \\u201cNo hay que permitir que el entorno etarra imponga su relato\\u201d\",\"author\":{\"@id\":\"https:\\\/\\\/www.eldigitaldeasturias.com\\\/noticias\\\/author\\\/admin\\\/#author\"},\"publisher\":{\"@id\":\"https:\\\/\\\/www.eldigitaldeasturias.com\\\/noticias\\\/#organization\"},\"image\":{\"@type\":\"ImageObject\",\"url\":793321},\"datePublished\":\"2018-05-04T21:47:40+02:00\",\"dateModified\":\"2018-05-04T21:47:40+02:00\",\"inLanguage\":\"es-ES\",\"mainEntityOfPage\":{\"@id\":\"https:\\\/\\\/www.eldigitaldeasturias.com\\\/noticias\\\/pedro-sanchez-no-hay-que-permitir-que-el-entorno-etarra-imponga-su-relato\\\/#webpage\"},\"isPartOf\":{\"@id\":\"https:\\\/\\\/www.eldigitaldeasturias.com\\\/noticias\\\/pedro-sanchez-no-hay-que-permitir-que-el-entorno-etarra-imponga-su-relato\\\/#webpage\"},\"articleSection\":\"Actualidad\"},{\"@type\":\"BreadcrumbList\",\"@id\":\"https:\\\/\\\/www.eldigitaldeasturias.com\\\/noticias\\\/pedro-sanchez-no-hay-que-permitir-que-el-entorno-etarra-imponga-su-relato\\\/#breadcrumblist\",\"itemListElement\":[{\"@type\":\"ListItem\",\"@id\":\"https:\\\/\\\/www.eldigitaldeasturias.com\\\/noticias#listItem\",\"position\":1,\"name\":\"Home\",\"item\":\"https:\\\/\\\/www.eldigitaldeasturias.com\\\/noticias\",\"nextItem\":{\"@type\":\"ListItem\",\"@id\":\"https:\\\/\\\/www.eldigitaldeasturias.com\\\/noticias\\\/category\\\/actualidad\\\/#listItem\",\"name\":\"Actualidad\"}},{\"@type\":\"ListItem\",\"@id\":\"https:\\\/\\\/www.eldigitaldeasturias.com\\\/noticias\\\/category\\\/actualidad\\\/#listItem\",\"position\":2,\"name\":\"Actualidad\",\"item\":\"https:\\\/\\\/www.eldigitaldeasturias.com\\\/noticias\\\/category\\\/actualidad\\\/\",\"nextItem\":{\"@type\":\"ListItem\",\"@id\":\"https:\\\/\\\/www.eldigitaldeasturias.com\\\/noticias\\\/pedro-sanchez-no-hay-que-permitir-que-el-entorno-etarra-imponga-su-relato\\\/#listItem\",\"name\":\"Pedro S\\u00e1nchez: \\u201cNo hay que permitir que el entorno etarra imponga su relato\\u201d\"},\"previousItem\":{\"@type\":\"ListItem\",\"@id\":\"https:\\\/\\\/www.eldigitaldeasturias.com\\\/noticias#listItem\",\"name\":\"Home\"}},{\"@type\":\"ListItem\",\"@id\":\"https:\\\/\\\/www.eldigitaldeasturias.com\\\/noticias\\\/pedro-sanchez-no-hay-que-permitir-que-el-entorno-etarra-imponga-su-relato\\\/#listItem\",\"position\":3,\"name\":\"Pedro S\\u00e1nchez: \\u201cNo hay que permitir que el entorno etarra imponga su relato\\u201d\",\"previousItem\":{\"@type\":\"ListItem\",\"@id\":\"https:\\\/\\\/www.eldigitaldeasturias.com\\\/noticias\\\/category\\\/actualidad\\\/#listItem\",\"name\":\"Actualidad\"}}]},{\"@type\":\"Organization\",\"@id\":\"https:\\\/\\\/www.eldigitaldeasturias.com\\\/noticias\\\/#organization\",\"name\":\"El Digital de Asturias\",\"description\":\"Hemeroteca\",\"url\":\"https:\\\/\\\/www.eldigitaldeasturias.com\\\/noticias\\\/\",\"email\":\"info@eldigitaldeasturias.com\",\"telephone\":\"+34652131393\",\"logo\":{\"@type\":\"ImageObject\",\"url\":\"https:\\\/\\\/www.eldigitaldeasturias.com\\\/noticias\\\/wp-content\\\/uploads\\\/2020\\\/12\\\/EDA.jpg\",\"@id\":\"https:\\\/\\\/www.eldigitaldeasturias.com\\\/noticias\\\/pedro-sanchez-no-hay-que-permitir-que-el-entorno-etarra-imponga-su-relato\\\/#organizationLogo\"},\"image\":{\"@id\":\"https:\\\/\\\/www.eldigitaldeasturias.com\\\/noticias\\\/pedro-sanchez-no-hay-que-permitir-que-el-entorno-etarra-imponga-su-relato\\\/#organizationLogo\"},\"sameAs\":[\"https:\\\/\\\/facebook.com\\\/eldigitaldeasturias\",\"https:\\\/\\\/www.youtube.com\\\/channel\\\/UCZP-2wLEB9Rv6erhFmqVnvg\"],\"address\":{\"@id\":\"https:\\\/\\\/www.eldigitaldeasturias.com\\\/noticias\\\/#postaladdress\",\"@type\":\"PostalAddress\",\"streetAddress\":\"san antonio 4\",\"postalCode\":\"33430\",\"addressLocality\":\"Cand\\u00e1s\",\"addressRegion\":\"Asturias\",\"addressCountry\":\"ES\"}},{\"@type\":\"Person\",\"@id\":\"https:\\\/\\\/www.eldigitaldeasturias.com\\\/noticias\\\/author\\\/admin\\\/#author\",\"url\":\"https:\\\/\\\/www.eldigitaldeasturias.com\\\/noticias\\\/author\\\/admin\\\/\",\"name\":\"El Digital de Asturias\",\"image\":{\"@type\":\"ImageObject\",\"@id\":\"https:\\\/\\\/www.eldigitaldeasturias.com\\\/noticias\\\/pedro-sanchez-no-hay-que-permitir-que-el-entorno-etarra-imponga-su-relato\\\/#authorImage\",\"url\":\"https:\\\/\\\/secure.gravatar.com\\\/avatar\\\/df2aeffc32bcd13f8d26072ef8a91b623d677766deac7f97ca815868cd41bf5e?s=96&d=mm&r=g\",\"width\":96,\"height\":96,\"caption\":\"El Digital de Asturias\"}},{\"@type\":\"WebPage\",\"@id\":\"https:\\\/\\\/www.eldigitaldeasturias.com\\\/noticias\\\/pedro-sanchez-no-hay-que-permitir-que-el-entorno-etarra-imponga-su-relato\\\/#webpage\",\"url\":\"https:\\\/\\\/www.eldigitaldeasturias.com\\\/noticias\\\/pedro-sanchez-no-hay-que-permitir-que-el-entorno-etarra-imponga-su-relato\\\/\",\"name\":\"Pedro S\\u00e1nchez: \\u201cNo hay que permitir que el entorno etarra imponga su relato\\u201d - El Digital de Asturias\",\"description\":\"Ante el anuncio y escenificaci\\u00f3n de la disoluci\\u00f3n de la organizaci\\u00f3n terrorista ETA, el secretario general del PSOE, Pedro S\\u00e1nchez, ha asegurado hoy que el principal mensaje que debe quedar es que \\u201cla democracia espa\\u00f1ola derrot\\u00f3 a ETA, sin que la banda lograra ninguno de sus objetivos pol\\u00edticos\\u201d. En declaraciones a los medios en Londres,\",\"inLanguage\":\"es-ES\",\"isPartOf\":{\"@id\":\"https:\\\/\\\/www.eldigitaldeasturias.com\\\/noticias\\\/#website\"},\"breadcrumb\":{\"@id\":\"https:\\\/\\\/www.eldigitaldeasturias.com\\\/noticias\\\/pedro-sanchez-no-hay-que-permitir-que-el-entorno-etarra-imponga-su-relato\\\/#breadcrumblist\"},\"author\":{\"@id\":\"https:\\\/\\\/www.eldigitaldeasturias.com\\\/noticias\\\/author\\\/admin\\\/#author\"},\"creator\":{\"@id\":\"https:\\\/\\\/www.eldigitaldeasturias.com\\\/noticias\\\/author\\\/admin\\\/#author\"},\"image\":{\"@type\":\"ImageObject\",\"url\":793321,\"@id\":\"https:\\\/\\\/www.eldigitaldeasturias.com\\\/noticias\\\/pedro-sanchez-no-hay-que-permitir-que-el-entorno-etarra-imponga-su-relato\\\/#mainImage\"},\"primaryImageOfPage\":{\"@id\":\"https:\\\/\\\/www.eldigitaldeasturias.com\\\/noticias\\\/pedro-sanchez-no-hay-que-permitir-que-el-entorno-etarra-imponga-su-relato\\\/#mainImage\"},\"datePublished\":\"2018-05-04T21:47:40+02:00\",\"dateModified\":\"2018-05-04T21:47:40+02:00\"},{\"@type\":\"WebSite\",\"@id\":\"https:\\\/\\\/www.eldigitaldeasturias.com\\\/noticias\\\/#website\",\"url\":\"https:\\\/\\\/www.eldigitaldeasturias.com\\\/noticias\\\/\",\"name\":\"El Digital de Asturias - Diario de actualidad y noticias\",\"alternateName\":\"El Digital de Asturias - Diario de actualidad y noticias\",\"description\":\"Hemeroteca\",\"inLanguage\":\"es-ES\",\"publisher\":{\"@id\":\"https:\\\/\\\/www.eldigitaldeasturias.com\\\/noticias\\\/#organization\"}}]}\n\t\t<\/script>\n\t\t<!-- All in One SEO Pro -->\r\n\t\t<title>Pedro S\u00e1nchez: \u201cNo hay que permitir que el entorno etarra imponga su relato\u201d - El Digital de Asturias<\/title>\n\n","aioseo_head_json":{"title":"Pedro S\u00e1nchez: \u201cNo hay que permitir que el entorno etarra imponga su relato\u201d - El Digital de Asturias","description":"Ante el anuncio y escenificaci\u00f3n de la disoluci\u00f3n de la organizaci\u00f3n terrorista ETA, el secretario general del PSOE, Pedro S\u00e1nchez, ha asegurado hoy que el principal mensaje que debe quedar es que \u201cla democracia espa\u00f1ola derrot\u00f3 a ETA, sin que la banda lograra ninguno de sus objetivos pol\u00edticos\u201d. En declaraciones a los medios en Londres,","canonical_url":"https:\/\/www.eldigitaldeasturias.com\/noticias\/pedro-sanchez-no-hay-que-permitir-que-el-entorno-etarra-imponga-su-relato\/","robots":"max-image-preview:large","keywords":"actualidad","webmasterTools":{"google-site-verification":"UA-38556648-1","msvalidate.01":"7dfe9f3f1b24437ab69f4f2559babe99","miscellaneous":""},"schema":{"@context":"https:\/\/schema.org","@graph":[{"@type":"BlogPosting","@id":"https:\/\/www.eldigitaldeasturias.com\/noticias\/pedro-sanchez-no-hay-que-permitir-que-el-entorno-etarra-imponga-su-relato\/#blogposting","name":"Pedro S\u00e1nchez: \u201cNo hay que permitir que el entorno etarra imponga su relato\u201d - El Digital de Asturias","headline":"Pedro S\u00e1nchez: \u201cNo hay que permitir que el entorno etarra imponga su relato\u201d","author":{"@id":"https:\/\/www.eldigitaldeasturias.com\/noticias\/author\/admin\/#author"},"publisher":{"@id":"https:\/\/www.eldigitaldeasturias.com\/noticias\/#organization"},"image":{"@type":"ImageObject","url":793321},"datePublished":"2018-05-04T21:47:40+02:00","dateModified":"2018-05-04T21:47:40+02:00","inLanguage":"es-ES","mainEntityOfPage":{"@id":"https:\/\/www.eldigitaldeasturias.com\/noticias\/pedro-sanchez-no-hay-que-permitir-que-el-entorno-etarra-imponga-su-relato\/#webpage"},"isPartOf":{"@id":"https:\/\/www.eldigitaldeasturias.com\/noticias\/pedro-sanchez-no-hay-que-permitir-que-el-entorno-etarra-imponga-su-relato\/#webpage"},"articleSection":"Actualidad"},{"@type":"BreadcrumbList","@id":"https:\/\/www.eldigitaldeasturias.com\/noticias\/pedro-sanchez-no-hay-que-permitir-que-el-entorno-etarra-imponga-su-relato\/#breadcrumblist","itemListElement":[{"@type":"ListItem","@id":"https:\/\/www.eldigitaldeasturias.com\/noticias#listItem","position":1,"name":"Home","item":"https:\/\/www.eldigitaldeasturias.com\/noticias","nextItem":{"@type":"ListItem","@id":"https:\/\/www.eldigitaldeasturias.com\/noticias\/category\/actualidad\/#listItem","name":"Actualidad"}},{"@type":"ListItem","@id":"https:\/\/www.eldigitaldeasturias.com\/noticias\/category\/actualidad\/#listItem","position":2,"name":"Actualidad","item":"https:\/\/www.eldigitaldeasturias.com\/noticias\/category\/actualidad\/","nextItem":{"@type":"ListItem","@id":"https:\/\/www.eldigitaldeasturias.com\/noticias\/pedro-sanchez-no-hay-que-permitir-que-el-entorno-etarra-imponga-su-relato\/#listItem","name":"Pedro S\u00e1nchez: \u201cNo hay que permitir que el entorno etarra imponga su relato\u201d"},"previousItem":{"@type":"ListItem","@id":"https:\/\/www.eldigitaldeasturias.com\/noticias#listItem","name":"Home"}},{"@type":"ListItem","@id":"https:\/\/www.eldigitaldeasturias.com\/noticias\/pedro-sanchez-no-hay-que-permitir-que-el-entorno-etarra-imponga-su-relato\/#listItem","position":3,"name":"Pedro S\u00e1nchez: \u201cNo hay que permitir que el entorno etarra imponga su relato\u201d","previousItem":{"@type":"ListItem","@id":"https:\/\/www.eldigitaldeasturias.com\/noticias\/category\/actualidad\/#listItem","name":"Actualidad"}}]},{"@type":"Organization","@id":"https:\/\/www.eldigitaldeasturias.com\/noticias\/#organization","name":"El Digital de Asturias","description":"Hemeroteca","url":"https:\/\/www.eldigitaldeasturias.com\/noticias\/","email":"info@eldigitaldeasturias.com","telephone":"+34652131393","logo":{"@type":"ImageObject","url":"https:\/\/www.eldigitaldeasturias.com\/noticias\/wp-content\/uploads\/2020\/12\/EDA.jpg","@id":"https:\/\/www.eldigitaldeasturias.com\/noticias\/pedro-sanchez-no-hay-que-permitir-que-el-entorno-etarra-imponga-su-relato\/#organizationLogo"},"image":{"@id":"https:\/\/www.eldigitaldeasturias.com\/noticias\/pedro-sanchez-no-hay-que-permitir-que-el-entorno-etarra-imponga-su-relato\/#organizationLogo"},"sameAs":["https:\/\/facebook.com\/eldigitaldeasturias","https:\/\/www.youtube.com\/channel\/UCZP-2wLEB9Rv6erhFmqVnvg"],"address":{"@id":"https:\/\/www.eldigitaldeasturias.com\/noticias\/#postaladdress","@type":"PostalAddress","streetAddress":"san antonio 4","postalCode":"33430","addressLocality":"Cand\u00e1s","addressRegion":"Asturias","addressCountry":"ES"}},{"@type":"Person","@id":"https:\/\/www.eldigitaldeasturias.com\/noticias\/author\/admin\/#author","url":"https:\/\/www.eldigitaldeasturias.com\/noticias\/author\/admin\/","name":"El Digital de Asturias","image":{"@type":"ImageObject","@id":"https:\/\/www.eldigitaldeasturias.com\/noticias\/pedro-sanchez-no-hay-que-permitir-que-el-entorno-etarra-imponga-su-relato\/#authorImage","url":"https:\/\/secure.gravatar.com\/avatar\/df2aeffc32bcd13f8d26072ef8a91b623d677766deac7f97ca815868cd41bf5e?s=96&d=mm&r=g","width":96,"height":96,"caption":"El Digital de Asturias"}},{"@type":"WebPage","@id":"https:\/\/www.eldigitaldeasturias.com\/noticias\/pedro-sanchez-no-hay-que-permitir-que-el-entorno-etarra-imponga-su-relato\/#webpage","url":"https:\/\/www.eldigitaldeasturias.com\/noticias\/pedro-sanchez-no-hay-que-permitir-que-el-entorno-etarra-imponga-su-relato\/","name":"Pedro S\u00e1nchez: \u201cNo hay que permitir que el entorno etarra imponga su relato\u201d - El Digital de Asturias","description":"Ante el anuncio y escenificaci\u00f3n de la disoluci\u00f3n de la organizaci\u00f3n terrorista ETA, el secretario general del PSOE, Pedro S\u00e1nchez, ha asegurado hoy que el principal mensaje que debe quedar es que \u201cla democracia espa\u00f1ola derrot\u00f3 a ETA, sin que la banda lograra ninguno de sus objetivos pol\u00edticos\u201d. En declaraciones a los medios en Londres,","inLanguage":"es-ES","isPartOf":{"@id":"https:\/\/www.eldigitaldeasturias.com\/noticias\/#website"},"breadcrumb":{"@id":"https:\/\/www.eldigitaldeasturias.com\/noticias\/pedro-sanchez-no-hay-que-permitir-que-el-entorno-etarra-imponga-su-relato\/#breadcrumblist"},"author":{"@id":"https:\/\/www.eldigitaldeasturias.com\/noticias\/author\/admin\/#author"},"creator":{"@id":"https:\/\/www.eldigitaldeasturias.com\/noticias\/author\/admin\/#author"},"image":{"@type":"ImageObject","url":793321,"@id":"https:\/\/www.eldigitaldeasturias.com\/noticias\/pedro-sanchez-no-hay-que-permitir-que-el-entorno-etarra-imponga-su-relato\/#mainImage"},"primaryImageOfPage":{"@id":"https:\/\/www.eldigitaldeasturias.com\/noticias\/pedro-sanchez-no-hay-que-permitir-que-el-entorno-etarra-imponga-su-relato\/#mainImage"},"datePublished":"2018-05-04T21:47:40+02:00","dateModified":"2018-05-04T21:47:40+02:00"},{"@type":"WebSite","@id":"https:\/\/www.eldigitaldeasturias.com\/noticias\/#website","url":"https:\/\/www.eldigitaldeasturias.com\/noticias\/","name":"El Digital de Asturias - Diario de actualidad y noticias","alternateName":"El Digital de Asturias - Diario de actualidad y noticias","description":"Hemeroteca","inLanguage":"es-ES","publisher":{"@id":"https:\/\/www.eldigitaldeasturias.com\/noticias\/#organization"}}]},"og:locale":"es_ES","og:site_name":"El Digital de Asturias","og:type":"article","og:title":"Pedro S\u00e1nchez: \u201cNo hay que permitir que el entorno etarra imponga su relato\u201d - El Digital de Asturias","og:description":"Ante el anuncio y escenificaci\u00f3n de la disoluci\u00f3n de la organizaci\u00f3n terrorista ETA, el secretario general del PSOE, Pedro S\u00e1nchez, ha asegurado hoy que el principal mensaje que debe quedar es que \u201cla democracia espa\u00f1ola derrot\u00f3 a ETA, sin que la banda lograra ninguno de sus objetivos pol\u00edticos\u201d. En declaraciones a los medios en Londres,","og:url":"https:\/\/www.eldigitaldeasturias.com\/noticias\/pedro-sanchez-no-hay-que-permitir-que-el-entorno-etarra-imponga-su-relato\/","article:tag":["actualidad"],"article:published_time":"2018-05-04T21:47:40+00:00","article:modified_time":"2018-05-04T21:47:40+00:00","article:publisher":"https:\/\/facebook.com\/eldigitaldeasturias","twitter:card":"summary_large_image","twitter:title":"Pedro S\u00e1nchez: \u201cNo hay que permitir que el entorno etarra imponga su relato\u201d - El Digital de Asturias","twitter:description":"Ante el anuncio y escenificaci\u00f3n de la disoluci\u00f3n de la organizaci\u00f3n terrorista ETA, el secretario general del PSOE, Pedro S\u00e1nchez, ha asegurado hoy que el principal mensaje que debe quedar es que \u201cla democracia espa\u00f1ola derrot\u00f3 a ETA, sin que la banda lograra ninguno de sus objetivos pol\u00edticos\u201d. En declaraciones a los medios en Londres,","twitter:image":"https:\/\/www.eldigitaldeasturias.com\/noticias\/wp-content\/uploads\/2020\/12\/EDA-1.jpg","twitter:label1":"Escrito por","twitter:data1":"El Digital de Asturias","twitter:label2":"Tiempo de lectura estimado","twitter:data2":"3 minutos"},"aioseo_meta_data":{"post_id":"978948","title":null,"description":null,"keywords":null,"keyphrases":null,"primary_term":null,"canonical_url":null,"og_title":null,"og_description":null,"og_object_type":"default","og_image_type":"default","og_image_url":null,"og_image_width":null,"og_image_height":null,"og_image_custom_url":null,"og_image_custom_fields":null,"og_video":null,"og_custom_url":null,"og_article_section":null,"og_article_tags":null,"twitter_use_og":false,"twitter_card":"default","twitter_image_type":"default","twitter_image_url":null,"twitter_image_custom_url":null,"twitter_image_custom_fields":null,"twitter_title":null,"twitter_description":null,"schema":{"blockGraphs":[],"customGraphs":[],"default":{"data":{"Article":[],"Course":[],"Dataset":[],"FAQPage":[],"Movie":[],"Person":[],"Product":[],"ProductReview":[],"Car":[],"Recipe":[],"Service":[],"SoftwareApplication":[],"WebPage":[]},"graphName":"","isEnabled":true},"graphs":[],"defaultGraph":"","defaultPostTypeGraph":""},"schema_type":null,"schema_type_options":null,"pillar_content":false,"robots_default":true,"robots_noindex":false,"robots_noarchive":false,"robots_nosnippet":false,"robots_nofollow":false,"robots_noimageindex":false,"robots_noodp":false,"robots_notranslate":false,"robots_max_snippet":null,"robots_max_videopreview":null,"robots_max_imagepreview":"large","priority":null,"frequency":null,"local_seo":null,"seo_analyzer_scan_date":"2025-10-08 12:37:01","breadcrumb_settings":null,"limit_modified_date":false,"open_ai":null,"ai":null,"created":"2020-12-21 12:00:38","updated":"2025-10-08 12:37:01","focus_keyword":null,"additional_keywords":null,"truseo_locale":null},"aioseo_breadcrumb":"<div class=\"aioseo-breadcrumbs\"><span class=\"aioseo-breadcrumb\">\n\t<a href=\"https:\/\/www.eldigitaldeasturias.com\/noticias\" title=\"Home\">Home<\/a>\n<\/span><span class=\"aioseo-breadcrumb-separator\">\u2013<\/span><span class=\"aioseo-breadcrumb\">\n\t<a href=\"https:\/\/www.eldigitaldeasturias.com\/noticias\/category\/actualidad\/\" title=\"Actualidad\">Actualidad<\/a>\n<\/span><span class=\"aioseo-breadcrumb-separator\">\u2013<\/span><span class=\"aioseo-breadcrumb\">\n\t<a href=\"https:\/\/www.eldigitaldeasturias.com\/noticias\/pedro-sanchez-no-hay-que-permitir-que-el-entorno-etarra-imponga-su-relato\/\" title=\"Pedro S\u00e1nchez: \u201cNo hay que permitir que el entorno etarra imponga su relato\u201d\">Pedro S\u00e1nchez: \u201cNo hay que permitir que el entorno etarra imponga su relato\u201d<\/a>\n<\/span><\/div>","aioseo_breadcrumb_json":[{"label":"Home","link":"https:\/\/www.eldigitaldeasturias.com\/noticias"},{"label":"Actualidad","link":"https:\/\/www.eldigitaldeasturias.com\/noticias\/category\/actualidad\/"},{"label":"Pedro S\u00e1nchez: \u201cNo hay que permitir que el entorno etarra imponga su relato\u201d","link":"https:\/\/www.eldigitaldeasturias.com\/noticias\/pedro-sanchez-no-hay-que-permitir-que-el-entorno-etarra-imponga-su-relato\/"}],"_links":{"self":[{"href":"https:\/\/www.eldigitaldeasturias.com\/noticias\/wp-json\/wp\/v2\/posts\/978948","targetHints":{"allow":["GET"]}}],"collection":[{"href":"https:\/\/www.eldigitaldeasturias.com\/noticias\/wp-json\/wp\/v2\/posts"}],"about":[{"href":"https:\/\/www.eldigitaldeasturias.com\/noticias\/wp-json\/wp\/v2\/types\/post"}],"author":[{"embeddable":true,"href":"https:\/\/www.eldigitaldeasturias.com\/noticias\/wp-json\/wp\/v2\/users\/1"}],"replies":[{"embeddable":true,"href":"https:\/\/www.eldigitaldeasturias.com\/noticias\/wp-json\/wp\/v2\/comments?post=978948"}],"version-history":[{"count":0,"href":"https:\/\/www.eldigitaldeasturias.com\/noticias\/wp-json\/wp\/v2\/posts\/978948\/revisions"}],"wp:attachment":[{"href":"https:\/\/www.eldigitaldeasturias.com\/noticias\/wp-json\/wp\/v2\/media?parent=978948"}],"wp:term":[{"taxonomy":"category","embeddable":true,"href":"https:\/\/www.eldigitaldeasturias.com\/noticias\/wp-json\/wp\/v2\/categories?post=978948"},{"taxonomy":"post_tag","embeddable":true,"href":"https:\/\/www.eldigitaldeasturias.com\/noticias\/wp-json\/wp\/v2\/tags?post=978948"}],"curies":[{"name":"wp","href":"https:\/\/api.w.org\/{rel}","templated":true}]}}