{"id":978937,"date":"2018-05-04T21:18:43","date_gmt":"2018-05-04T21:18:43","guid":{"rendered":"http:\/\/www.eldigitaldeasturias.com\/noticias\/?p=978937"},"modified":"2018-05-04T21:18:43","modified_gmt":"2018-05-04T21:18:43","slug":"el-dzp-ofrece-a-puigdemont-liderar-la-lista-para-las-europeas","status":"publish","type":"post","link":"https:\/\/www.eldigitaldeasturias.com\/noticias\/el-dzp-ofrece-a-puigdemont-liderar-la-lista-para-las-europeas\/","title":{"rendered":"El DZP ofrece a Puigdemont liderar la lista para las europeas"},"content":{"rendered":"<p><img loading=\"lazy\" decoding=\"async\" class=\"alignleft size-medium wp-image-973532\" src=\"https:\/\/www.eldigitaldeasturias.com\/noticias\/wp-content\/uploads\/2018\/03\/Puigdemont-360x202.jpg\" alt=\"\" width=\"360\" height=\"202\" \/>Berl\u00edn, 4 may (dpa) &#8211; El Partido Alem\u00e1n de Centro (DZP) ofreci\u00f3 al ex presidente catal\u00e1n Carles Puigdemont ser cabeza de lista para las elecciones europeas de mayo del pr\u00f3ximo a\u00f1o, como confirm\u00f3 hoy a dpa su secretario general, Christian Otte.<\/p>\n<p>La c\u00fapula de esta peque\u00f1a formaci\u00f3n, fundada en 1870 y que se autodenomina como \u00abel partido m\u00e1s antiguo de Alemania\u00bb, tom\u00f3 la decisi\u00f3n el lunes de esta semana.<\/p>\n<p>\u00abSeg\u00fan expertos en derecho, Puigdemont puede presentar su candidatura al Parlamento Europeo, ya que que la ley electoral establece que un ciudadano de la UE puede hacerlo en otro Estado miembro cuando tiene all\u00ed su residencia\u00bb, dice la nota de prensa del DZP en la que anuncia su decisi\u00f3n.<\/p>\n<p>Puigdemont fue detenido en Alemania el 25 de marzo en virtud de una orden europea de arresto emitida por la Justicia espa\u00f1ola cuando intentaba volver a Bruselas procedente de Finlandia.<\/p>\n<p>Un tribunal alem\u00e1n descart\u00f3 el delito de rebeli\u00f3n, imputado a Puigdemont en Espa\u00f1a, y puso en libertad al pol\u00edtico catal\u00e1n a cambio de una fianza de 75.000 euros.<\/p>\n<p>Por su parte, los parlamentarios del partido soberanista de Puigdemont, Junts per Catalunya (JxCat), se re\u00fanen ma\u00f1ana s\u00e1bado en Berl\u00edn para intentar desbloquear la investidura de un nuevo presidente por el Parlamento aut\u00f3nomico y evitar as\u00ed la convocatoria de nuevas elecciones.<\/p>\n<p>El encuentro de la fracci\u00f3n parlamentaria de JxCat en la capital alemana llega sin un orden del d\u00eda oficial, pero con todos los escenarios posibles sobre la mesa, reconocieron a dpa fuentes de la fracci\u00f3n parlamentaria.<\/p>\n<p>En la \u00faltima reuni\u00f3n de JxCat en Berl\u00edn el 18 de abril, el portavoz parlamentario adjunto del partido, Eduard Pujol, insisti\u00f3 en que todas las candidaturas, incluida la de Puigdemont, segu\u00edan siendo posibles y que su principal objetivo era evitar elecciones, que se convocar\u00e1n autom\u00e1ticamente si Catalu\u00f1a sigue sin nuevo gobierno el pr\u00f3ximo d\u00eda 22 de mayo.<\/p>\n<p>El hecho de que JxCat admita ahora \u00abtodos los escenarios\u00bb, sumado a las voces procedentes desde la misma bancada de Puigdemont que hablaban esta semana de una posible presidencia provisional, deja entrever que el l\u00edder independentista podr\u00eda dar un paso al costado y dejar as\u00ed v\u00eda libre a un candidato sin causas judiciales abiertas.<\/p>\n<p>El entorno de Puigdemont, que sigue consider\u00e1ndolo el \u00abpresident\u00bb leg\u00edtimo de Catalu\u00f1a, insisti\u00f3 las \u00faltimas semanas en que su intenci\u00f3n sigue siendo presentarse a la reelecci\u00f3n presidencial ante el Parlamento catal\u00e1n, pese al bloqueo que mantiene el Tribunal Constitucional espa\u00f1ol a su candidatura.<\/p>\n<p>La reforma de la Ley de presidencia aprobada hoy por el Parlamento catal\u00e1n prev\u00e9 una eventual investidura a distancia de Puigdemont, posibilidad que ya fue bloqueada por el Constitucional en enero y que el Gobierno central volver\u00e1 impugnar con toda probabilidad.<\/p>\n<p>\u00abLa semana que viene podr\u00eda haber un debate de investidura\u00bb, declar\u00f3 el pasado martes a la radio p\u00fablica catalana Pere Aragon\u00e8s, presidente adjunto de Esquerra Republicana de Catalunya (ERC), el otro gran partido independentista catal\u00e1n cuyos votos necesita JxCat para elegir nuevo presidente y formar gobierno.<\/p>\n<p>Tanto JxCat como ERC subrayan que su objetivo fundamental es evitar la convocatoria de nuevos comicios, punto en el que coinciden con el ex presidente Puigdemont.<\/p>\n<p>Si la reuni\u00f3n de este fin de semana en Berl\u00edn permite un desbloqueo, las hasta ahora principales candidaturas, la de Puigdemont y las de Jordi S\u00e1nchez y Jordi Turull (ambos en prisi\u00f3n preventiva como procesados por delitos vinculados al plan independentista), podr\u00edan dejar paso a otros nombres como el de Elsa Artadi, primera portavoz parlamentaria de JxCat.<\/p>\n<p>En todo caso, y como apuntaron fuentes de JxCat a diversos medios catalanes, la elecci\u00f3n del nuevo nombre deber\u00eda contar con el benepl\u00e1cito de Puigdemont en la reuni\u00f3n que se celebra este fin de semana en Berl\u00edn.<\/p>\n<p>En caso de desbloqueo y si se celebra con \u00e9xito una sesi\u00f3n de investidura la pr\u00f3xima semana, la regi\u00f3n volver\u00eda a tener presidente y ejecutivo propios por primera vez desde el 27 de octubre, d\u00eda en que el Gobierno central intervino la autonom\u00eda de Catalu\u00f1a despu\u00e9s de que el Parlamento regional aprobara crear una rep\u00fablica independiente.<\/p>\n","protected":false},"excerpt":{"rendered":"<p>Berl\u00edn, 4 may (dpa) &#8211; El Partido Alem\u00e1n de Centro (DZP) ofreci\u00f3 al ex presidente catal\u00e1n Carles Puigdemont ser cabeza de lista para las elecciones europeas de mayo del pr\u00f3ximo a\u00f1o, como confirm\u00f3 hoy a dpa su secretario general, Christian Otte. La c\u00fapula de esta peque\u00f1a formaci\u00f3n, fundada en 1870 y que se autodenomina como [&hellip;]<\/p>\n","protected":false},"author":1,"featured_media":973532,"comment_status":"closed","ping_status":"closed","sticky":false,"template":"","format":"standard","meta":{"footnotes":""},"categories":[1],"tags":[],"class_list":["post-978937","post","type-post","status-publish","format-standard","has-post-thumbnail","hentry","category-actualidad"],"aioseo_notices":[],"aioseo_head":"\n\t\t<!-- All in One SEO Pro 5.0.1 - aioseo.com -->\n\t<meta name=\"description\" content=\"Berl\u00edn, 4 may (dpa) - El Partido Alem\u00e1n de Centro (DZP) ofreci\u00f3 al ex presidente catal\u00e1n Carles Puigdemont ser cabeza de lista para las elecciones europeas de mayo del pr\u00f3ximo a\u00f1o, como confirm\u00f3 hoy a dpa su secretario general, Christian Otte. La c\u00fapula de esta peque\u00f1a formaci\u00f3n, fundada en 1870 y que se autodenomina como\" \/>\n\t<meta name=\"robots\" content=\"max-image-preview:large\" \/>\n\t<meta name=\"author\" content=\"El Digital de Asturias\"\/>\n\t<meta name=\"google-site-verification\" content=\"UA-38556648-1\" \/>\n\t<meta name=\"msvalidate.01\" content=\"7dfe9f3f1b24437ab69f4f2559babe99\" \/>\n\t<meta name=\"keywords\" content=\"actualidad\" \/>\n\t<link rel=\"canonical\" href=\"https:\/\/www.eldigitaldeasturias.com\/noticias\/el-dzp-ofrece-a-puigdemont-liderar-la-lista-para-las-europeas\/\" \/>\n\t<meta name=\"generator\" content=\"All in One SEO Pro (AIOSEO) 5.0.1\" \/>\n\t\t<meta property=\"og:locale\" content=\"es_ES\" \/>\n\t\t<meta property=\"og:site_name\" content=\"El Digital de Asturias\" \/>\n\t\t<meta property=\"og:type\" content=\"article\" \/>\n\t\t<meta property=\"og:title\" content=\"El DZP ofrece a Puigdemont liderar la lista para las europeas - El Digital de Asturias\" \/>\n\t\t<meta property=\"og:description\" content=\"Berl\u00edn, 4 may (dpa) - El Partido Alem\u00e1n de Centro (DZP) ofreci\u00f3 al ex presidente catal\u00e1n Carles Puigdemont ser cabeza de lista para las elecciones europeas de mayo del pr\u00f3ximo a\u00f1o, como confirm\u00f3 hoy a dpa su secretario general, Christian Otte. La c\u00fapula de esta peque\u00f1a formaci\u00f3n, fundada en 1870 y que se autodenomina como\" \/>\n\t\t<meta property=\"og:url\" content=\"https:\/\/www.eldigitaldeasturias.com\/noticias\/el-dzp-ofrece-a-puigdemont-liderar-la-lista-para-las-europeas\/\" \/>\n\t\t<meta property=\"article:tag\" content=\"actualidad\" \/>\n\t\t<meta property=\"article:published_time\" content=\"2018-05-04T21:18:43+00:00\" \/>\n\t\t<meta property=\"article:modified_time\" content=\"2018-05-04T21:18:43+00:00\" \/>\n\t\t<meta property=\"article:publisher\" content=\"https:\/\/facebook.com\/eldigitaldeasturias\" \/>\n\t\t<meta name=\"twitter:card\" content=\"summary_large_image\" \/>\n\t\t<meta name=\"twitter:title\" content=\"El DZP ofrece a Puigdemont liderar la lista para las europeas - El Digital de Asturias\" \/>\n\t\t<meta name=\"twitter:description\" content=\"Berl\u00edn, 4 may (dpa) - El Partido Alem\u00e1n de Centro (DZP) ofreci\u00f3 al ex presidente catal\u00e1n Carles Puigdemont ser cabeza de lista para las elecciones europeas de mayo del pr\u00f3ximo a\u00f1o, como confirm\u00f3 hoy a dpa su secretario general, Christian Otte. La c\u00fapula de esta peque\u00f1a formaci\u00f3n, fundada en 1870 y que se autodenomina como\" \/>\n\t\t<meta name=\"twitter:image\" content=\"https:\/\/www.eldigitaldeasturias.com\/noticias\/wp-content\/uploads\/2020\/12\/EDA-1.jpg\" \/>\n\t\t<meta name=\"twitter:label1\" content=\"Escrito por\" \/>\n\t\t<meta name=\"twitter:data1\" content=\"El Digital de Asturias\" \/>\n\t\t<meta name=\"twitter:label2\" content=\"Tiempo de lectura estimado\" \/>\n\t\t<meta name=\"twitter:data2\" content=\"4 minutos\" \/>\n\t\t<script type=\"application\/ld+json\" class=\"aioseo-schema\">\n\t\t\t{\"@context\":\"https:\\\/\\\/schema.org\",\"@graph\":[{\"@type\":\"BlogPosting\",\"@id\":\"https:\\\/\\\/www.eldigitaldeasturias.com\\\/noticias\\\/el-dzp-ofrece-a-puigdemont-liderar-la-lista-para-las-europeas\\\/#blogposting\",\"name\":\"El DZP ofrece a Puigdemont liderar la lista para las europeas - El Digital de Asturias\",\"headline\":\"El DZP ofrece a Puigdemont liderar la lista para las europeas\",\"author\":{\"@id\":\"https:\\\/\\\/www.eldigitaldeasturias.com\\\/noticias\\\/author\\\/admin\\\/#author\"},\"publisher\":{\"@id\":\"https:\\\/\\\/www.eldigitaldeasturias.com\\\/noticias\\\/#organization\"},\"image\":{\"@type\":\"ImageObject\",\"url\":973532},\"datePublished\":\"2018-05-04T21:18:43+02:00\",\"dateModified\":\"2018-05-04T21:18:43+02:00\",\"inLanguage\":\"es-ES\",\"mainEntityOfPage\":{\"@id\":\"https:\\\/\\\/www.eldigitaldeasturias.com\\\/noticias\\\/el-dzp-ofrece-a-puigdemont-liderar-la-lista-para-las-europeas\\\/#webpage\"},\"isPartOf\":{\"@id\":\"https:\\\/\\\/www.eldigitaldeasturias.com\\\/noticias\\\/el-dzp-ofrece-a-puigdemont-liderar-la-lista-para-las-europeas\\\/#webpage\"},\"articleSection\":\"Actualidad\"},{\"@type\":\"BreadcrumbList\",\"@id\":\"https:\\\/\\\/www.eldigitaldeasturias.com\\\/noticias\\\/el-dzp-ofrece-a-puigdemont-liderar-la-lista-para-las-europeas\\\/#breadcrumblist\",\"itemListElement\":[{\"@type\":\"ListItem\",\"@id\":\"https:\\\/\\\/www.eldigitaldeasturias.com\\\/noticias#listItem\",\"position\":1,\"name\":\"Home\",\"item\":\"https:\\\/\\\/www.eldigitaldeasturias.com\\\/noticias\",\"nextItem\":{\"@type\":\"ListItem\",\"@id\":\"https:\\\/\\\/www.eldigitaldeasturias.com\\\/noticias\\\/category\\\/actualidad\\\/#listItem\",\"name\":\"Actualidad\"}},{\"@type\":\"ListItem\",\"@id\":\"https:\\\/\\\/www.eldigitaldeasturias.com\\\/noticias\\\/category\\\/actualidad\\\/#listItem\",\"position\":2,\"name\":\"Actualidad\",\"item\":\"https:\\\/\\\/www.eldigitaldeasturias.com\\\/noticias\\\/category\\\/actualidad\\\/\",\"nextItem\":{\"@type\":\"ListItem\",\"@id\":\"https:\\\/\\\/www.eldigitaldeasturias.com\\\/noticias\\\/el-dzp-ofrece-a-puigdemont-liderar-la-lista-para-las-europeas\\\/#listItem\",\"name\":\"El DZP ofrece a Puigdemont liderar la lista para las europeas\"},\"previousItem\":{\"@type\":\"ListItem\",\"@id\":\"https:\\\/\\\/www.eldigitaldeasturias.com\\\/noticias#listItem\",\"name\":\"Home\"}},{\"@type\":\"ListItem\",\"@id\":\"https:\\\/\\\/www.eldigitaldeasturias.com\\\/noticias\\\/el-dzp-ofrece-a-puigdemont-liderar-la-lista-para-las-europeas\\\/#listItem\",\"position\":3,\"name\":\"El DZP ofrece a Puigdemont liderar la lista para las europeas\",\"previousItem\":{\"@type\":\"ListItem\",\"@id\":\"https:\\\/\\\/www.eldigitaldeasturias.com\\\/noticias\\\/category\\\/actualidad\\\/#listItem\",\"name\":\"Actualidad\"}}]},{\"@type\":\"Organization\",\"@id\":\"https:\\\/\\\/www.eldigitaldeasturias.com\\\/noticias\\\/#organization\",\"name\":\"El Digital de Asturias\",\"description\":\"Hemeroteca\",\"url\":\"https:\\\/\\\/www.eldigitaldeasturias.com\\\/noticias\\\/\",\"email\":\"info@eldigitaldeasturias.com\",\"telephone\":\"+34652131393\",\"logo\":{\"@type\":\"ImageObject\",\"url\":\"https:\\\/\\\/www.eldigitaldeasturias.com\\\/noticias\\\/wp-content\\\/uploads\\\/2020\\\/12\\\/EDA.jpg\",\"@id\":\"https:\\\/\\\/www.eldigitaldeasturias.com\\\/noticias\\\/el-dzp-ofrece-a-puigdemont-liderar-la-lista-para-las-europeas\\\/#organizationLogo\"},\"image\":{\"@id\":\"https:\\\/\\\/www.eldigitaldeasturias.com\\\/noticias\\\/el-dzp-ofrece-a-puigdemont-liderar-la-lista-para-las-europeas\\\/#organizationLogo\"},\"sameAs\":[\"https:\\\/\\\/facebook.com\\\/eldigitaldeasturias\",\"https:\\\/\\\/www.youtube.com\\\/channel\\\/UCZP-2wLEB9Rv6erhFmqVnvg\"],\"address\":{\"@id\":\"https:\\\/\\\/www.eldigitaldeasturias.com\\\/noticias\\\/#postaladdress\",\"@type\":\"PostalAddress\",\"streetAddress\":\"san antonio 4\",\"postalCode\":\"33430\",\"addressLocality\":\"Cand\\u00e1s\",\"addressRegion\":\"Asturias\",\"addressCountry\":\"ES\"}},{\"@type\":\"Person\",\"@id\":\"https:\\\/\\\/www.eldigitaldeasturias.com\\\/noticias\\\/author\\\/admin\\\/#author\",\"url\":\"https:\\\/\\\/www.eldigitaldeasturias.com\\\/noticias\\\/author\\\/admin\\\/\",\"name\":\"El Digital de Asturias\",\"image\":{\"@type\":\"ImageObject\",\"@id\":\"https:\\\/\\\/www.eldigitaldeasturias.com\\\/noticias\\\/el-dzp-ofrece-a-puigdemont-liderar-la-lista-para-las-europeas\\\/#authorImage\",\"url\":\"https:\\\/\\\/secure.gravatar.com\\\/avatar\\\/df2aeffc32bcd13f8d26072ef8a91b623d677766deac7f97ca815868cd41bf5e?s=96&d=mm&r=g\",\"width\":96,\"height\":96,\"caption\":\"El Digital de Asturias\"}},{\"@type\":\"WebPage\",\"@id\":\"https:\\\/\\\/www.eldigitaldeasturias.com\\\/noticias\\\/el-dzp-ofrece-a-puigdemont-liderar-la-lista-para-las-europeas\\\/#webpage\",\"url\":\"https:\\\/\\\/www.eldigitaldeasturias.com\\\/noticias\\\/el-dzp-ofrece-a-puigdemont-liderar-la-lista-para-las-europeas\\\/\",\"name\":\"El DZP ofrece a Puigdemont liderar la lista para las europeas - El Digital de Asturias\",\"description\":\"Berl\\u00edn, 4 may (dpa) - El Partido Alem\\u00e1n de Centro (DZP) ofreci\\u00f3 al ex presidente catal\\u00e1n Carles Puigdemont ser cabeza de lista para las elecciones europeas de mayo del pr\\u00f3ximo a\\u00f1o, como confirm\\u00f3 hoy a dpa su secretario general, Christian Otte. La c\\u00fapula de esta peque\\u00f1a formaci\\u00f3n, fundada en 1870 y que se autodenomina como\",\"inLanguage\":\"es-ES\",\"isPartOf\":{\"@id\":\"https:\\\/\\\/www.eldigitaldeasturias.com\\\/noticias\\\/#website\"},\"breadcrumb\":{\"@id\":\"https:\\\/\\\/www.eldigitaldeasturias.com\\\/noticias\\\/el-dzp-ofrece-a-puigdemont-liderar-la-lista-para-las-europeas\\\/#breadcrumblist\"},\"author\":{\"@id\":\"https:\\\/\\\/www.eldigitaldeasturias.com\\\/noticias\\\/author\\\/admin\\\/#author\"},\"creator\":{\"@id\":\"https:\\\/\\\/www.eldigitaldeasturias.com\\\/noticias\\\/author\\\/admin\\\/#author\"},\"image\":{\"@type\":\"ImageObject\",\"url\":973532,\"@id\":\"https:\\\/\\\/www.eldigitaldeasturias.com\\\/noticias\\\/el-dzp-ofrece-a-puigdemont-liderar-la-lista-para-las-europeas\\\/#mainImage\"},\"primaryImageOfPage\":{\"@id\":\"https:\\\/\\\/www.eldigitaldeasturias.com\\\/noticias\\\/el-dzp-ofrece-a-puigdemont-liderar-la-lista-para-las-europeas\\\/#mainImage\"},\"datePublished\":\"2018-05-04T21:18:43+02:00\",\"dateModified\":\"2018-05-04T21:18:43+02:00\"},{\"@type\":\"WebSite\",\"@id\":\"https:\\\/\\\/www.eldigitaldeasturias.com\\\/noticias\\\/#website\",\"url\":\"https:\\\/\\\/www.eldigitaldeasturias.com\\\/noticias\\\/\",\"name\":\"El Digital de Asturias - Diario de actualidad y noticias\",\"alternateName\":\"El Digital de Asturias - Diario de actualidad y noticias\",\"description\":\"Hemeroteca\",\"inLanguage\":\"es-ES\",\"publisher\":{\"@id\":\"https:\\\/\\\/www.eldigitaldeasturias.com\\\/noticias\\\/#organization\"}}]}\n\t\t<\/script>\n\t\t<!-- All in One SEO Pro -->\r\n\t\t<title>El DZP ofrece a Puigdemont liderar la lista para las europeas - El Digital de Asturias<\/title>\n\n","aioseo_head_json":{"title":"El DZP ofrece a Puigdemont liderar la lista para las europeas - El Digital de Asturias","description":"Berl\u00edn, 4 may (dpa) - El Partido Alem\u00e1n de Centro (DZP) ofreci\u00f3 al ex presidente catal\u00e1n Carles Puigdemont ser cabeza de lista para las elecciones europeas de mayo del pr\u00f3ximo a\u00f1o, como confirm\u00f3 hoy a dpa su secretario general, Christian Otte. La c\u00fapula de esta peque\u00f1a formaci\u00f3n, fundada en 1870 y que se autodenomina como","canonical_url":"https:\/\/www.eldigitaldeasturias.com\/noticias\/el-dzp-ofrece-a-puigdemont-liderar-la-lista-para-las-europeas\/","robots":"max-image-preview:large","keywords":"actualidad","webmasterTools":{"google-site-verification":"UA-38556648-1","msvalidate.01":"7dfe9f3f1b24437ab69f4f2559babe99","miscellaneous":""},"schema":{"@context":"https:\/\/schema.org","@graph":[{"@type":"BlogPosting","@id":"https:\/\/www.eldigitaldeasturias.com\/noticias\/el-dzp-ofrece-a-puigdemont-liderar-la-lista-para-las-europeas\/#blogposting","name":"El DZP ofrece a Puigdemont liderar la lista para las europeas - El Digital de Asturias","headline":"El DZP ofrece a Puigdemont liderar la lista para las europeas","author":{"@id":"https:\/\/www.eldigitaldeasturias.com\/noticias\/author\/admin\/#author"},"publisher":{"@id":"https:\/\/www.eldigitaldeasturias.com\/noticias\/#organization"},"image":{"@type":"ImageObject","url":973532},"datePublished":"2018-05-04T21:18:43+02:00","dateModified":"2018-05-04T21:18:43+02:00","inLanguage":"es-ES","mainEntityOfPage":{"@id":"https:\/\/www.eldigitaldeasturias.com\/noticias\/el-dzp-ofrece-a-puigdemont-liderar-la-lista-para-las-europeas\/#webpage"},"isPartOf":{"@id":"https:\/\/www.eldigitaldeasturias.com\/noticias\/el-dzp-ofrece-a-puigdemont-liderar-la-lista-para-las-europeas\/#webpage"},"articleSection":"Actualidad"},{"@type":"BreadcrumbList","@id":"https:\/\/www.eldigitaldeasturias.com\/noticias\/el-dzp-ofrece-a-puigdemont-liderar-la-lista-para-las-europeas\/#breadcrumblist","itemListElement":[{"@type":"ListItem","@id":"https:\/\/www.eldigitaldeasturias.com\/noticias#listItem","position":1,"name":"Home","item":"https:\/\/www.eldigitaldeasturias.com\/noticias","nextItem":{"@type":"ListItem","@id":"https:\/\/www.eldigitaldeasturias.com\/noticias\/category\/actualidad\/#listItem","name":"Actualidad"}},{"@type":"ListItem","@id":"https:\/\/www.eldigitaldeasturias.com\/noticias\/category\/actualidad\/#listItem","position":2,"name":"Actualidad","item":"https:\/\/www.eldigitaldeasturias.com\/noticias\/category\/actualidad\/","nextItem":{"@type":"ListItem","@id":"https:\/\/www.eldigitaldeasturias.com\/noticias\/el-dzp-ofrece-a-puigdemont-liderar-la-lista-para-las-europeas\/#listItem","name":"El DZP ofrece a Puigdemont liderar la lista para las europeas"},"previousItem":{"@type":"ListItem","@id":"https:\/\/www.eldigitaldeasturias.com\/noticias#listItem","name":"Home"}},{"@type":"ListItem","@id":"https:\/\/www.eldigitaldeasturias.com\/noticias\/el-dzp-ofrece-a-puigdemont-liderar-la-lista-para-las-europeas\/#listItem","position":3,"name":"El DZP ofrece a Puigdemont liderar la lista para las europeas","previousItem":{"@type":"ListItem","@id":"https:\/\/www.eldigitaldeasturias.com\/noticias\/category\/actualidad\/#listItem","name":"Actualidad"}}]},{"@type":"Organization","@id":"https:\/\/www.eldigitaldeasturias.com\/noticias\/#organization","name":"El Digital de Asturias","description":"Hemeroteca","url":"https:\/\/www.eldigitaldeasturias.com\/noticias\/","email":"info@eldigitaldeasturias.com","telephone":"+34652131393","logo":{"@type":"ImageObject","url":"https:\/\/www.eldigitaldeasturias.com\/noticias\/wp-content\/uploads\/2020\/12\/EDA.jpg","@id":"https:\/\/www.eldigitaldeasturias.com\/noticias\/el-dzp-ofrece-a-puigdemont-liderar-la-lista-para-las-europeas\/#organizationLogo"},"image":{"@id":"https:\/\/www.eldigitaldeasturias.com\/noticias\/el-dzp-ofrece-a-puigdemont-liderar-la-lista-para-las-europeas\/#organizationLogo"},"sameAs":["https:\/\/facebook.com\/eldigitaldeasturias","https:\/\/www.youtube.com\/channel\/UCZP-2wLEB9Rv6erhFmqVnvg"],"address":{"@id":"https:\/\/www.eldigitaldeasturias.com\/noticias\/#postaladdress","@type":"PostalAddress","streetAddress":"san antonio 4","postalCode":"33430","addressLocality":"Cand\u00e1s","addressRegion":"Asturias","addressCountry":"ES"}},{"@type":"Person","@id":"https:\/\/www.eldigitaldeasturias.com\/noticias\/author\/admin\/#author","url":"https:\/\/www.eldigitaldeasturias.com\/noticias\/author\/admin\/","name":"El Digital de Asturias","image":{"@type":"ImageObject","@id":"https:\/\/www.eldigitaldeasturias.com\/noticias\/el-dzp-ofrece-a-puigdemont-liderar-la-lista-para-las-europeas\/#authorImage","url":"https:\/\/secure.gravatar.com\/avatar\/df2aeffc32bcd13f8d26072ef8a91b623d677766deac7f97ca815868cd41bf5e?s=96&d=mm&r=g","width":96,"height":96,"caption":"El Digital de Asturias"}},{"@type":"WebPage","@id":"https:\/\/www.eldigitaldeasturias.com\/noticias\/el-dzp-ofrece-a-puigdemont-liderar-la-lista-para-las-europeas\/#webpage","url":"https:\/\/www.eldigitaldeasturias.com\/noticias\/el-dzp-ofrece-a-puigdemont-liderar-la-lista-para-las-europeas\/","name":"El DZP ofrece a Puigdemont liderar la lista para las europeas - El Digital de Asturias","description":"Berl\u00edn, 4 may (dpa) - El Partido Alem\u00e1n de Centro (DZP) ofreci\u00f3 al ex presidente catal\u00e1n Carles Puigdemont ser cabeza de lista para las elecciones europeas de mayo del pr\u00f3ximo a\u00f1o, como confirm\u00f3 hoy a dpa su secretario general, Christian Otte. La c\u00fapula de esta peque\u00f1a formaci\u00f3n, fundada en 1870 y que se autodenomina como","inLanguage":"es-ES","isPartOf":{"@id":"https:\/\/www.eldigitaldeasturias.com\/noticias\/#website"},"breadcrumb":{"@id":"https:\/\/www.eldigitaldeasturias.com\/noticias\/el-dzp-ofrece-a-puigdemont-liderar-la-lista-para-las-europeas\/#breadcrumblist"},"author":{"@id":"https:\/\/www.eldigitaldeasturias.com\/noticias\/author\/admin\/#author"},"creator":{"@id":"https:\/\/www.eldigitaldeasturias.com\/noticias\/author\/admin\/#author"},"image":{"@type":"ImageObject","url":973532,"@id":"https:\/\/www.eldigitaldeasturias.com\/noticias\/el-dzp-ofrece-a-puigdemont-liderar-la-lista-para-las-europeas\/#mainImage"},"primaryImageOfPage":{"@id":"https:\/\/www.eldigitaldeasturias.com\/noticias\/el-dzp-ofrece-a-puigdemont-liderar-la-lista-para-las-europeas\/#mainImage"},"datePublished":"2018-05-04T21:18:43+02:00","dateModified":"2018-05-04T21:18:43+02:00"},{"@type":"WebSite","@id":"https:\/\/www.eldigitaldeasturias.com\/noticias\/#website","url":"https:\/\/www.eldigitaldeasturias.com\/noticias\/","name":"El Digital de Asturias - Diario de actualidad y noticias","alternateName":"El Digital de Asturias - Diario de actualidad y noticias","description":"Hemeroteca","inLanguage":"es-ES","publisher":{"@id":"https:\/\/www.eldigitaldeasturias.com\/noticias\/#organization"}}]},"og:locale":"es_ES","og:site_name":"El Digital de Asturias","og:type":"article","og:title":"El DZP ofrece a Puigdemont liderar la lista para las europeas - El Digital de Asturias","og:description":"Berl\u00edn, 4 may (dpa) - El Partido Alem\u00e1n de Centro (DZP) ofreci\u00f3 al ex presidente catal\u00e1n Carles Puigdemont ser cabeza de lista para las elecciones europeas de mayo del pr\u00f3ximo a\u00f1o, como confirm\u00f3 hoy a dpa su secretario general, Christian Otte. La c\u00fapula de esta peque\u00f1a formaci\u00f3n, fundada en 1870 y que se autodenomina como","og:url":"https:\/\/www.eldigitaldeasturias.com\/noticias\/el-dzp-ofrece-a-puigdemont-liderar-la-lista-para-las-europeas\/","article:tag":["actualidad"],"article:published_time":"2018-05-04T21:18:43+00:00","article:modified_time":"2018-05-04T21:18:43+00:00","article:publisher":"https:\/\/facebook.com\/eldigitaldeasturias","twitter:card":"summary_large_image","twitter:title":"El DZP ofrece a Puigdemont liderar la lista para las europeas - El Digital de Asturias","twitter:description":"Berl\u00edn, 4 may (dpa) - El Partido Alem\u00e1n de Centro (DZP) ofreci\u00f3 al ex presidente catal\u00e1n Carles Puigdemont ser cabeza de lista para las elecciones europeas de mayo del pr\u00f3ximo a\u00f1o, como confirm\u00f3 hoy a dpa su secretario general, Christian Otte. La c\u00fapula de esta peque\u00f1a formaci\u00f3n, fundada en 1870 y que se autodenomina como","twitter:image":"https:\/\/www.eldigitaldeasturias.com\/noticias\/wp-content\/uploads\/2020\/12\/EDA-1.jpg","twitter:label1":"Escrito por","twitter:data1":"El Digital de Asturias","twitter:label2":"Tiempo de lectura estimado","twitter:data2":"4 minutos"},"aioseo_meta_data":{"post_id":"978937","title":null,"description":null,"keywords":null,"keyphrases":null,"primary_term":null,"canonical_url":null,"og_title":null,"og_description":null,"og_object_type":"default","og_image_type":"default","og_image_url":null,"og_image_width":null,"og_image_height":null,"og_image_custom_url":null,"og_image_custom_fields":null,"og_video":null,"og_custom_url":null,"og_article_section":null,"og_article_tags":null,"twitter_use_og":false,"twitter_card":"default","twitter_image_type":"default","twitter_image_url":null,"twitter_image_custom_url":null,"twitter_image_custom_fields":null,"twitter_title":null,"twitter_description":null,"schema":{"blockGraphs":[],"customGraphs":[],"default":{"data":{"Article":[],"Course":[],"Dataset":[],"FAQPage":[],"Movie":[],"Person":[],"Product":[],"ProductReview":[],"Car":[],"Recipe":[],"Service":[],"SoftwareApplication":[],"WebPage":[]},"graphName":"","isEnabled":true},"graphs":[],"defaultGraph":"","defaultPostTypeGraph":""},"schema_type":null,"schema_type_options":null,"pillar_content":false,"robots_default":true,"robots_noindex":false,"robots_noarchive":false,"robots_nosnippet":false,"robots_nofollow":false,"robots_noimageindex":false,"robots_noodp":false,"robots_notranslate":false,"robots_max_snippet":null,"robots_max_videopreview":null,"robots_max_imagepreview":"large","priority":null,"frequency":null,"local_seo":null,"seo_analyzer_scan_date":"2025-10-08 12:35:07","breadcrumb_settings":null,"limit_modified_date":false,"open_ai":null,"ai":null,"created":"2020-12-21 12:00:38","updated":"2025-10-08 12:35:07","focus_keyword":null,"additional_keywords":null,"truseo_locale":null},"aioseo_breadcrumb":"<div class=\"aioseo-breadcrumbs\"><span class=\"aioseo-breadcrumb\">\n\t<a href=\"https:\/\/www.eldigitaldeasturias.com\/noticias\" title=\"Home\">Home<\/a>\n<\/span><span class=\"aioseo-breadcrumb-separator\">\u2013<\/span><span class=\"aioseo-breadcrumb\">\n\t<a href=\"https:\/\/www.eldigitaldeasturias.com\/noticias\/category\/actualidad\/\" title=\"Actualidad\">Actualidad<\/a>\n<\/span><span class=\"aioseo-breadcrumb-separator\">\u2013<\/span><span class=\"aioseo-breadcrumb\">\n\t<a href=\"https:\/\/www.eldigitaldeasturias.com\/noticias\/el-dzp-ofrece-a-puigdemont-liderar-la-lista-para-las-europeas\/\" title=\"El DZP ofrece a Puigdemont liderar la lista para las europeas\">El DZP ofrece a Puigdemont liderar la lista para las europeas<\/a>\n<\/span><\/div>","aioseo_breadcrumb_json":[{"label":"Home","link":"https:\/\/www.eldigitaldeasturias.com\/noticias"},{"label":"Actualidad","link":"https:\/\/www.eldigitaldeasturias.com\/noticias\/category\/actualidad\/"},{"label":"El DZP ofrece a Puigdemont liderar la lista para las europeas","link":"https:\/\/www.eldigitaldeasturias.com\/noticias\/el-dzp-ofrece-a-puigdemont-liderar-la-lista-para-las-europeas\/"}],"_links":{"self":[{"href":"https:\/\/www.eldigitaldeasturias.com\/noticias\/wp-json\/wp\/v2\/posts\/978937","targetHints":{"allow":["GET"]}}],"collection":[{"href":"https:\/\/www.eldigitaldeasturias.com\/noticias\/wp-json\/wp\/v2\/posts"}],"about":[{"href":"https:\/\/www.eldigitaldeasturias.com\/noticias\/wp-json\/wp\/v2\/types\/post"}],"author":[{"embeddable":true,"href":"https:\/\/www.eldigitaldeasturias.com\/noticias\/wp-json\/wp\/v2\/users\/1"}],"replies":[{"embeddable":true,"href":"https:\/\/www.eldigitaldeasturias.com\/noticias\/wp-json\/wp\/v2\/comments?post=978937"}],"version-history":[{"count":0,"href":"https:\/\/www.eldigitaldeasturias.com\/noticias\/wp-json\/wp\/v2\/posts\/978937\/revisions"}],"wp:attachment":[{"href":"https:\/\/www.eldigitaldeasturias.com\/noticias\/wp-json\/wp\/v2\/media?parent=978937"}],"wp:term":[{"taxonomy":"category","embeddable":true,"href":"https:\/\/www.eldigitaldeasturias.com\/noticias\/wp-json\/wp\/v2\/categories?post=978937"},{"taxonomy":"post_tag","embeddable":true,"href":"https:\/\/www.eldigitaldeasturias.com\/noticias\/wp-json\/wp\/v2\/tags?post=978937"}],"curies":[{"name":"wp","href":"https:\/\/api.w.org\/{rel}","templated":true}]}}