{"id":978922,"date":"2018-05-04T20:22:56","date_gmt":"2018-05-04T20:22:56","guid":{"rendered":"http:\/\/www.eldigitaldeasturias.com\/noticias\/?p=978922"},"modified":"2018-05-04T20:22:56","modified_gmt":"2018-05-04T20:22:56","slug":"pilar-alegria-asiste-a-la-graduacion-de-350-alumnos-de-la-universidad-san-jorge","status":"publish","type":"post","link":"https:\/\/www.eldigitaldeasturias.com\/noticias\/pilar-alegria-asiste-a-la-graduacion-de-350-alumnos-de-la-universidad-san-jorge\/","title":{"rendered":"Pilar Alegr\u00eda asiste a la graduaci\u00f3n de 350 alumnos de la Universidad San Jorge"},"content":{"rendered":"<p><img loading=\"lazy\" decoding=\"async\" class=\"alignleft size-medium wp-image-978923\" src=\"https:\/\/www.eldigitaldeasturias.com\/noticias\/wp-content\/uploads\/2018\/05\/20180504_201115-360x159.jpg\" alt=\"\" width=\"360\" height=\"159\" \/>La consejera de Innovaci\u00f3n, Investigaci\u00f3n y Universidad, Pilar Alegr\u00eda, ha participado esta tarde en la graduaci\u00f3n de la Universidad San Jorge, celebrada en el Auditorio de Zaragoza. En esta promoci\u00f3n son 350 alumnos, de distintas especialidades, los que recogen su t\u00edtulo de graduado. El padrino de la promoci\u00f3n del a\u00f1o 2018 ha sido Mateo Valero.<\/p>\n<p>Pilar Alegr\u00eda ha agradecido el esfuerzo personal de los alumnos, pero tambi\u00e9n el realizado por las familias de los ya graduados. \u201cVuestra graduaci\u00f3n marca un hito en vuestras vidas: de realizaci\u00f3n personal, desarrollo profesional y control sobre aquello que aspir\u00e1is a vivir\u201d, ha dicho y les recordaba que \u201cten\u00e9is motivos de sobra para sentiros orgullosos\u201d.<\/p>\n<p>As\u00ed mismo, la consejera ha destacado que la Universidad San Jorge, pese a su juventud, es un proyecto ya \u201cplenamente consolidado\u201d. Una consolidaci\u00f3n que ha permitido que desde la San Jorge se contribuya \u201cal desarrollo econ\u00f3mico, social y cultural de Arag\u00f3n\u201d. La actividad de la universidad San Jorge permite generar un foco m\u00e1s de atracci\u00f3n de talento, \u201cla mejor virtud de la que puede presumir una instituci\u00f3n que se dedica a la producci\u00f3n de conocimiento\u201d explicaba Alegr\u00eda. De hecho, la consejera ha puesto de ejemplo esa captaci\u00f3n junto con el crecimiento de la oferta educativa o los proyectos de investigaci\u00f3n y de colaboraci\u00f3n con empresas como indicadores del buen trabajo realizado por la instituci\u00f3n. Y recordaba la colaboraci\u00f3n del Gobierno de Arag\u00f3n para que la sociedad aragonesa salga \u201cenriquecida\u201d. \u201cLo hacemos con la convicci\u00f3n de que los retos que debemos encarar para construir un futuro mejor para todos se afrontan mejor de manera colectiva, sumando ideas, voluntades y esfuerzos\u201d ha dicho Pilar Alegr\u00eda que defend\u00eda, tambi\u00e9n, que la generaci\u00f3n de conocimiento a trav\u00e9s de las universidades sirve para que la sociedad tenga mejores oportunidades para todos.<\/p>\n<p>Adem\u00e1s, la consejera Pilar Alegr\u00eda ha recordado que la colaboraci\u00f3n entre Gobierno de Arag\u00f3n y Universidad San Jorge se ha dado, por ejemplo, en el Pacto por la Ciencia y lo har\u00e1 con la reforma de la Ley de Ordenaci\u00f3n del Sistema Universitario de Arag\u00f3n. Alegr\u00eda se\u00f1alaba que se comparte el principal objetivo: \u201cmejorar la calidad del sistema universitario aragon\u00e9s\u201d y les agradec\u00eda las aportaciones que puedan realizar para llevarlo a cabo.<\/p>\n<p>La consejera, junto con el director general de Universidades, Jos\u00e9 Antonio Beltr\u00e1n, ha estado acompa\u00f1ada por el rector de la Universidad San Jorge, Carlos P\u00e9rez Caseiras; el presidente del Patronato de la USJ y Grupo San Valero, \u00c1ngel Garc\u00eda de Jal\u00f3n; y el Arzobispo de Zaragoza, Vicente Jim\u00e9nez.<\/p>\n","protected":false},"excerpt":{"rendered":"<p>La consejera de Innovaci\u00f3n, Investigaci\u00f3n y Universidad, Pilar Alegr\u00eda, ha participado esta tarde en la graduaci\u00f3n de la Universidad San Jorge, celebrada en el Auditorio de Zaragoza. En esta promoci\u00f3n son 350 alumnos, de distintas especialidades, los que recogen su t\u00edtulo de graduado. El padrino de la promoci\u00f3n del a\u00f1o 2018 ha sido Mateo Valero. [&hellip;]<\/p>\n","protected":false},"author":1,"featured_media":978923,"comment_status":"closed","ping_status":"closed","sticky":false,"template":"","format":"standard","meta":{"footnotes":""},"categories":[1],"tags":[],"class_list":["post-978922","post","type-post","status-publish","format-standard","has-post-thumbnail","hentry","category-actualidad"],"aioseo_notices":[],"aioseo_head":"\n\t\t<!-- All in One SEO Pro 5.0.1 - aioseo.com -->\n\t<meta name=\"description\" content=\"La consejera de Innovaci\u00f3n, Investigaci\u00f3n y Universidad, Pilar Alegr\u00eda, ha participado esta tarde en la graduaci\u00f3n de la Universidad San Jorge, celebrada en el Auditorio de Zaragoza. En esta promoci\u00f3n son 350 alumnos, de distintas especialidades, los que recogen su t\u00edtulo de graduado. El padrino de la promoci\u00f3n del a\u00f1o 2018 ha sido Mateo Valero.\" \/>\n\t<meta name=\"robots\" content=\"max-image-preview:large\" \/>\n\t<meta name=\"author\" content=\"El Digital de Asturias\"\/>\n\t<meta name=\"google-site-verification\" content=\"UA-38556648-1\" \/>\n\t<meta name=\"msvalidate.01\" content=\"7dfe9f3f1b24437ab69f4f2559babe99\" \/>\n\t<meta name=\"keywords\" content=\"actualidad\" \/>\n\t<link rel=\"canonical\" href=\"https:\/\/www.eldigitaldeasturias.com\/noticias\/pilar-alegria-asiste-a-la-graduacion-de-350-alumnos-de-la-universidad-san-jorge\/\" \/>\n\t<meta name=\"generator\" content=\"All in One SEO Pro (AIOSEO) 5.0.1\" \/>\n\t\t<meta property=\"og:locale\" content=\"es_ES\" \/>\n\t\t<meta property=\"og:site_name\" content=\"El Digital de Asturias\" \/>\n\t\t<meta property=\"og:type\" content=\"article\" \/>\n\t\t<meta property=\"og:title\" content=\"Pilar Alegr\u00eda asiste a la graduaci\u00f3n de 350 alumnos de la Universidad San Jorge - El Digital de Asturias\" \/>\n\t\t<meta property=\"og:description\" content=\"La consejera de Innovaci\u00f3n, Investigaci\u00f3n y Universidad, Pilar Alegr\u00eda, ha participado esta tarde en la graduaci\u00f3n de la Universidad San Jorge, celebrada en el Auditorio de Zaragoza. En esta promoci\u00f3n son 350 alumnos, de distintas especialidades, los que recogen su t\u00edtulo de graduado. El padrino de la promoci\u00f3n del a\u00f1o 2018 ha sido Mateo Valero.\" \/>\n\t\t<meta property=\"og:url\" content=\"https:\/\/www.eldigitaldeasturias.com\/noticias\/pilar-alegria-asiste-a-la-graduacion-de-350-alumnos-de-la-universidad-san-jorge\/\" \/>\n\t\t<meta property=\"article:tag\" content=\"actualidad\" \/>\n\t\t<meta property=\"article:published_time\" content=\"2018-05-04T20:22:56+00:00\" \/>\n\t\t<meta property=\"article:modified_time\" content=\"2018-05-04T20:22:56+00:00\" \/>\n\t\t<meta property=\"article:publisher\" content=\"https:\/\/facebook.com\/eldigitaldeasturias\" \/>\n\t\t<meta name=\"twitter:card\" content=\"summary_large_image\" \/>\n\t\t<meta name=\"twitter:title\" content=\"Pilar Alegr\u00eda asiste a la graduaci\u00f3n de 350 alumnos de la Universidad San Jorge - El Digital de Asturias\" \/>\n\t\t<meta name=\"twitter:description\" content=\"La consejera de Innovaci\u00f3n, Investigaci\u00f3n y Universidad, Pilar Alegr\u00eda, ha participado esta tarde en la graduaci\u00f3n de la Universidad San Jorge, celebrada en el Auditorio de Zaragoza. En esta promoci\u00f3n son 350 alumnos, de distintas especialidades, los que recogen su t\u00edtulo de graduado. El padrino de la promoci\u00f3n del a\u00f1o 2018 ha sido Mateo Valero.\" \/>\n\t\t<meta name=\"twitter:image\" content=\"https:\/\/www.eldigitaldeasturias.com\/noticias\/wp-content\/uploads\/2020\/12\/EDA-1.jpg\" \/>\n\t\t<meta name=\"twitter:label1\" content=\"Escrito por\" \/>\n\t\t<meta name=\"twitter:data1\" content=\"El Digital de Asturias\" \/>\n\t\t<meta name=\"twitter:label2\" content=\"Tiempo de lectura estimado\" \/>\n\t\t<meta name=\"twitter:data2\" content=\"2 minutos\" \/>\n\t\t<script type=\"application\/ld+json\" class=\"aioseo-schema\">\n\t\t\t{\"@context\":\"https:\\\/\\\/schema.org\",\"@graph\":[{\"@type\":\"BlogPosting\",\"@id\":\"https:\\\/\\\/www.eldigitaldeasturias.com\\\/noticias\\\/pilar-alegria-asiste-a-la-graduacion-de-350-alumnos-de-la-universidad-san-jorge\\\/#blogposting\",\"name\":\"Pilar Alegr\\u00eda asiste a la graduaci\\u00f3n de 350 alumnos de la Universidad San Jorge - El Digital de Asturias\",\"headline\":\"Pilar Alegr\\u00eda asiste a la graduaci\\u00f3n de 350 alumnos de la Universidad San Jorge\",\"author\":{\"@id\":\"https:\\\/\\\/www.eldigitaldeasturias.com\\\/noticias\\\/author\\\/admin\\\/#author\"},\"publisher\":{\"@id\":\"https:\\\/\\\/www.eldigitaldeasturias.com\\\/noticias\\\/#organization\"},\"image\":{\"@type\":\"ImageObject\",\"url\":978923},\"datePublished\":\"2018-05-04T20:22:56+02:00\",\"dateModified\":\"2018-05-04T20:22:56+02:00\",\"inLanguage\":\"es-ES\",\"mainEntityOfPage\":{\"@id\":\"https:\\\/\\\/www.eldigitaldeasturias.com\\\/noticias\\\/pilar-alegria-asiste-a-la-graduacion-de-350-alumnos-de-la-universidad-san-jorge\\\/#webpage\"},\"isPartOf\":{\"@id\":\"https:\\\/\\\/www.eldigitaldeasturias.com\\\/noticias\\\/pilar-alegria-asiste-a-la-graduacion-de-350-alumnos-de-la-universidad-san-jorge\\\/#webpage\"},\"articleSection\":\"Actualidad\"},{\"@type\":\"BreadcrumbList\",\"@id\":\"https:\\\/\\\/www.eldigitaldeasturias.com\\\/noticias\\\/pilar-alegria-asiste-a-la-graduacion-de-350-alumnos-de-la-universidad-san-jorge\\\/#breadcrumblist\",\"itemListElement\":[{\"@type\":\"ListItem\",\"@id\":\"https:\\\/\\\/www.eldigitaldeasturias.com\\\/noticias#listItem\",\"position\":1,\"name\":\"Home\",\"item\":\"https:\\\/\\\/www.eldigitaldeasturias.com\\\/noticias\",\"nextItem\":{\"@type\":\"ListItem\",\"@id\":\"https:\\\/\\\/www.eldigitaldeasturias.com\\\/noticias\\\/category\\\/actualidad\\\/#listItem\",\"name\":\"Actualidad\"}},{\"@type\":\"ListItem\",\"@id\":\"https:\\\/\\\/www.eldigitaldeasturias.com\\\/noticias\\\/category\\\/actualidad\\\/#listItem\",\"position\":2,\"name\":\"Actualidad\",\"item\":\"https:\\\/\\\/www.eldigitaldeasturias.com\\\/noticias\\\/category\\\/actualidad\\\/\",\"nextItem\":{\"@type\":\"ListItem\",\"@id\":\"https:\\\/\\\/www.eldigitaldeasturias.com\\\/noticias\\\/pilar-alegria-asiste-a-la-graduacion-de-350-alumnos-de-la-universidad-san-jorge\\\/#listItem\",\"name\":\"Pilar Alegr\\u00eda asiste a la graduaci\\u00f3n de 350 alumnos de la Universidad San Jorge\"},\"previousItem\":{\"@type\":\"ListItem\",\"@id\":\"https:\\\/\\\/www.eldigitaldeasturias.com\\\/noticias#listItem\",\"name\":\"Home\"}},{\"@type\":\"ListItem\",\"@id\":\"https:\\\/\\\/www.eldigitaldeasturias.com\\\/noticias\\\/pilar-alegria-asiste-a-la-graduacion-de-350-alumnos-de-la-universidad-san-jorge\\\/#listItem\",\"position\":3,\"name\":\"Pilar Alegr\\u00eda asiste a la graduaci\\u00f3n de 350 alumnos de la Universidad San Jorge\",\"previousItem\":{\"@type\":\"ListItem\",\"@id\":\"https:\\\/\\\/www.eldigitaldeasturias.com\\\/noticias\\\/category\\\/actualidad\\\/#listItem\",\"name\":\"Actualidad\"}}]},{\"@type\":\"Organization\",\"@id\":\"https:\\\/\\\/www.eldigitaldeasturias.com\\\/noticias\\\/#organization\",\"name\":\"El Digital de Asturias\",\"description\":\"Hemeroteca\",\"url\":\"https:\\\/\\\/www.eldigitaldeasturias.com\\\/noticias\\\/\",\"email\":\"info@eldigitaldeasturias.com\",\"telephone\":\"+34652131393\",\"logo\":{\"@type\":\"ImageObject\",\"url\":\"https:\\\/\\\/www.eldigitaldeasturias.com\\\/noticias\\\/wp-content\\\/uploads\\\/2020\\\/12\\\/EDA.jpg\",\"@id\":\"https:\\\/\\\/www.eldigitaldeasturias.com\\\/noticias\\\/pilar-alegria-asiste-a-la-graduacion-de-350-alumnos-de-la-universidad-san-jorge\\\/#organizationLogo\"},\"image\":{\"@id\":\"https:\\\/\\\/www.eldigitaldeasturias.com\\\/noticias\\\/pilar-alegria-asiste-a-la-graduacion-de-350-alumnos-de-la-universidad-san-jorge\\\/#organizationLogo\"},\"sameAs\":[\"https:\\\/\\\/facebook.com\\\/eldigitaldeasturias\",\"https:\\\/\\\/www.youtube.com\\\/channel\\\/UCZP-2wLEB9Rv6erhFmqVnvg\"],\"address\":{\"@id\":\"https:\\\/\\\/www.eldigitaldeasturias.com\\\/noticias\\\/#postaladdress\",\"@type\":\"PostalAddress\",\"streetAddress\":\"san antonio 4\",\"postalCode\":\"33430\",\"addressLocality\":\"Cand\\u00e1s\",\"addressRegion\":\"Asturias\",\"addressCountry\":\"ES\"}},{\"@type\":\"Person\",\"@id\":\"https:\\\/\\\/www.eldigitaldeasturias.com\\\/noticias\\\/author\\\/admin\\\/#author\",\"url\":\"https:\\\/\\\/www.eldigitaldeasturias.com\\\/noticias\\\/author\\\/admin\\\/\",\"name\":\"El Digital de Asturias\",\"image\":{\"@type\":\"ImageObject\",\"@id\":\"https:\\\/\\\/www.eldigitaldeasturias.com\\\/noticias\\\/pilar-alegria-asiste-a-la-graduacion-de-350-alumnos-de-la-universidad-san-jorge\\\/#authorImage\",\"url\":\"https:\\\/\\\/secure.gravatar.com\\\/avatar\\\/df2aeffc32bcd13f8d26072ef8a91b623d677766deac7f97ca815868cd41bf5e?s=96&d=mm&r=g\",\"width\":96,\"height\":96,\"caption\":\"El Digital de Asturias\"}},{\"@type\":\"WebPage\",\"@id\":\"https:\\\/\\\/www.eldigitaldeasturias.com\\\/noticias\\\/pilar-alegria-asiste-a-la-graduacion-de-350-alumnos-de-la-universidad-san-jorge\\\/#webpage\",\"url\":\"https:\\\/\\\/www.eldigitaldeasturias.com\\\/noticias\\\/pilar-alegria-asiste-a-la-graduacion-de-350-alumnos-de-la-universidad-san-jorge\\\/\",\"name\":\"Pilar Alegr\\u00eda asiste a la graduaci\\u00f3n de 350 alumnos de la Universidad San Jorge - El Digital de Asturias\",\"description\":\"La consejera de Innovaci\\u00f3n, Investigaci\\u00f3n y Universidad, Pilar Alegr\\u00eda, ha participado esta tarde en la graduaci\\u00f3n de la Universidad San Jorge, celebrada en el Auditorio de Zaragoza. En esta promoci\\u00f3n son 350 alumnos, de distintas especialidades, los que recogen su t\\u00edtulo de graduado. El padrino de la promoci\\u00f3n del a\\u00f1o 2018 ha sido Mateo Valero.\",\"inLanguage\":\"es-ES\",\"isPartOf\":{\"@id\":\"https:\\\/\\\/www.eldigitaldeasturias.com\\\/noticias\\\/#website\"},\"breadcrumb\":{\"@id\":\"https:\\\/\\\/www.eldigitaldeasturias.com\\\/noticias\\\/pilar-alegria-asiste-a-la-graduacion-de-350-alumnos-de-la-universidad-san-jorge\\\/#breadcrumblist\"},\"author\":{\"@id\":\"https:\\\/\\\/www.eldigitaldeasturias.com\\\/noticias\\\/author\\\/admin\\\/#author\"},\"creator\":{\"@id\":\"https:\\\/\\\/www.eldigitaldeasturias.com\\\/noticias\\\/author\\\/admin\\\/#author\"},\"image\":{\"@type\":\"ImageObject\",\"url\":978923,\"@id\":\"https:\\\/\\\/www.eldigitaldeasturias.com\\\/noticias\\\/pilar-alegria-asiste-a-la-graduacion-de-350-alumnos-de-la-universidad-san-jorge\\\/#mainImage\"},\"primaryImageOfPage\":{\"@id\":\"https:\\\/\\\/www.eldigitaldeasturias.com\\\/noticias\\\/pilar-alegria-asiste-a-la-graduacion-de-350-alumnos-de-la-universidad-san-jorge\\\/#mainImage\"},\"datePublished\":\"2018-05-04T20:22:56+02:00\",\"dateModified\":\"2018-05-04T20:22:56+02:00\"},{\"@type\":\"WebSite\",\"@id\":\"https:\\\/\\\/www.eldigitaldeasturias.com\\\/noticias\\\/#website\",\"url\":\"https:\\\/\\\/www.eldigitaldeasturias.com\\\/noticias\\\/\",\"name\":\"El Digital de Asturias - Diario de actualidad y noticias\",\"alternateName\":\"El Digital de Asturias - Diario de actualidad y noticias\",\"description\":\"Hemeroteca\",\"inLanguage\":\"es-ES\",\"publisher\":{\"@id\":\"https:\\\/\\\/www.eldigitaldeasturias.com\\\/noticias\\\/#organization\"}}]}\n\t\t<\/script>\n\t\t<!-- All in One SEO Pro -->\r\n\t\t<title>Pilar Alegr\u00eda asiste a la graduaci\u00f3n de 350 alumnos de la Universidad San Jorge - El Digital de Asturias<\/title>\n\n","aioseo_head_json":{"title":"Pilar Alegr\u00eda asiste a la graduaci\u00f3n de 350 alumnos de la Universidad San Jorge - El Digital de Asturias","description":"La consejera de Innovaci\u00f3n, Investigaci\u00f3n y Universidad, Pilar Alegr\u00eda, ha participado esta tarde en la graduaci\u00f3n de la Universidad San Jorge, celebrada en el Auditorio de Zaragoza. En esta promoci\u00f3n son 350 alumnos, de distintas especialidades, los que recogen su t\u00edtulo de graduado. El padrino de la promoci\u00f3n del a\u00f1o 2018 ha sido Mateo Valero.","canonical_url":"https:\/\/www.eldigitaldeasturias.com\/noticias\/pilar-alegria-asiste-a-la-graduacion-de-350-alumnos-de-la-universidad-san-jorge\/","robots":"max-image-preview:large","keywords":"actualidad","webmasterTools":{"google-site-verification":"UA-38556648-1","msvalidate.01":"7dfe9f3f1b24437ab69f4f2559babe99","miscellaneous":""},"schema":{"@context":"https:\/\/schema.org","@graph":[{"@type":"BlogPosting","@id":"https:\/\/www.eldigitaldeasturias.com\/noticias\/pilar-alegria-asiste-a-la-graduacion-de-350-alumnos-de-la-universidad-san-jorge\/#blogposting","name":"Pilar Alegr\u00eda asiste a la graduaci\u00f3n de 350 alumnos de la Universidad San Jorge - El Digital de Asturias","headline":"Pilar Alegr\u00eda asiste a la graduaci\u00f3n de 350 alumnos de la Universidad San Jorge","author":{"@id":"https:\/\/www.eldigitaldeasturias.com\/noticias\/author\/admin\/#author"},"publisher":{"@id":"https:\/\/www.eldigitaldeasturias.com\/noticias\/#organization"},"image":{"@type":"ImageObject","url":978923},"datePublished":"2018-05-04T20:22:56+02:00","dateModified":"2018-05-04T20:22:56+02:00","inLanguage":"es-ES","mainEntityOfPage":{"@id":"https:\/\/www.eldigitaldeasturias.com\/noticias\/pilar-alegria-asiste-a-la-graduacion-de-350-alumnos-de-la-universidad-san-jorge\/#webpage"},"isPartOf":{"@id":"https:\/\/www.eldigitaldeasturias.com\/noticias\/pilar-alegria-asiste-a-la-graduacion-de-350-alumnos-de-la-universidad-san-jorge\/#webpage"},"articleSection":"Actualidad"},{"@type":"BreadcrumbList","@id":"https:\/\/www.eldigitaldeasturias.com\/noticias\/pilar-alegria-asiste-a-la-graduacion-de-350-alumnos-de-la-universidad-san-jorge\/#breadcrumblist","itemListElement":[{"@type":"ListItem","@id":"https:\/\/www.eldigitaldeasturias.com\/noticias#listItem","position":1,"name":"Home","item":"https:\/\/www.eldigitaldeasturias.com\/noticias","nextItem":{"@type":"ListItem","@id":"https:\/\/www.eldigitaldeasturias.com\/noticias\/category\/actualidad\/#listItem","name":"Actualidad"}},{"@type":"ListItem","@id":"https:\/\/www.eldigitaldeasturias.com\/noticias\/category\/actualidad\/#listItem","position":2,"name":"Actualidad","item":"https:\/\/www.eldigitaldeasturias.com\/noticias\/category\/actualidad\/","nextItem":{"@type":"ListItem","@id":"https:\/\/www.eldigitaldeasturias.com\/noticias\/pilar-alegria-asiste-a-la-graduacion-de-350-alumnos-de-la-universidad-san-jorge\/#listItem","name":"Pilar Alegr\u00eda asiste a la graduaci\u00f3n de 350 alumnos de la Universidad San Jorge"},"previousItem":{"@type":"ListItem","@id":"https:\/\/www.eldigitaldeasturias.com\/noticias#listItem","name":"Home"}},{"@type":"ListItem","@id":"https:\/\/www.eldigitaldeasturias.com\/noticias\/pilar-alegria-asiste-a-la-graduacion-de-350-alumnos-de-la-universidad-san-jorge\/#listItem","position":3,"name":"Pilar Alegr\u00eda asiste a la graduaci\u00f3n de 350 alumnos de la Universidad San Jorge","previousItem":{"@type":"ListItem","@id":"https:\/\/www.eldigitaldeasturias.com\/noticias\/category\/actualidad\/#listItem","name":"Actualidad"}}]},{"@type":"Organization","@id":"https:\/\/www.eldigitaldeasturias.com\/noticias\/#organization","name":"El Digital de Asturias","description":"Hemeroteca","url":"https:\/\/www.eldigitaldeasturias.com\/noticias\/","email":"info@eldigitaldeasturias.com","telephone":"+34652131393","logo":{"@type":"ImageObject","url":"https:\/\/www.eldigitaldeasturias.com\/noticias\/wp-content\/uploads\/2020\/12\/EDA.jpg","@id":"https:\/\/www.eldigitaldeasturias.com\/noticias\/pilar-alegria-asiste-a-la-graduacion-de-350-alumnos-de-la-universidad-san-jorge\/#organizationLogo"},"image":{"@id":"https:\/\/www.eldigitaldeasturias.com\/noticias\/pilar-alegria-asiste-a-la-graduacion-de-350-alumnos-de-la-universidad-san-jorge\/#organizationLogo"},"sameAs":["https:\/\/facebook.com\/eldigitaldeasturias","https:\/\/www.youtube.com\/channel\/UCZP-2wLEB9Rv6erhFmqVnvg"],"address":{"@id":"https:\/\/www.eldigitaldeasturias.com\/noticias\/#postaladdress","@type":"PostalAddress","streetAddress":"san antonio 4","postalCode":"33430","addressLocality":"Cand\u00e1s","addressRegion":"Asturias","addressCountry":"ES"}},{"@type":"Person","@id":"https:\/\/www.eldigitaldeasturias.com\/noticias\/author\/admin\/#author","url":"https:\/\/www.eldigitaldeasturias.com\/noticias\/author\/admin\/","name":"El Digital de Asturias","image":{"@type":"ImageObject","@id":"https:\/\/www.eldigitaldeasturias.com\/noticias\/pilar-alegria-asiste-a-la-graduacion-de-350-alumnos-de-la-universidad-san-jorge\/#authorImage","url":"https:\/\/secure.gravatar.com\/avatar\/df2aeffc32bcd13f8d26072ef8a91b623d677766deac7f97ca815868cd41bf5e?s=96&d=mm&r=g","width":96,"height":96,"caption":"El Digital de Asturias"}},{"@type":"WebPage","@id":"https:\/\/www.eldigitaldeasturias.com\/noticias\/pilar-alegria-asiste-a-la-graduacion-de-350-alumnos-de-la-universidad-san-jorge\/#webpage","url":"https:\/\/www.eldigitaldeasturias.com\/noticias\/pilar-alegria-asiste-a-la-graduacion-de-350-alumnos-de-la-universidad-san-jorge\/","name":"Pilar Alegr\u00eda asiste a la graduaci\u00f3n de 350 alumnos de la Universidad San Jorge - El Digital de Asturias","description":"La consejera de Innovaci\u00f3n, Investigaci\u00f3n y Universidad, Pilar Alegr\u00eda, ha participado esta tarde en la graduaci\u00f3n de la Universidad San Jorge, celebrada en el Auditorio de Zaragoza. En esta promoci\u00f3n son 350 alumnos, de distintas especialidades, los que recogen su t\u00edtulo de graduado. El padrino de la promoci\u00f3n del a\u00f1o 2018 ha sido Mateo Valero.","inLanguage":"es-ES","isPartOf":{"@id":"https:\/\/www.eldigitaldeasturias.com\/noticias\/#website"},"breadcrumb":{"@id":"https:\/\/www.eldigitaldeasturias.com\/noticias\/pilar-alegria-asiste-a-la-graduacion-de-350-alumnos-de-la-universidad-san-jorge\/#breadcrumblist"},"author":{"@id":"https:\/\/www.eldigitaldeasturias.com\/noticias\/author\/admin\/#author"},"creator":{"@id":"https:\/\/www.eldigitaldeasturias.com\/noticias\/author\/admin\/#author"},"image":{"@type":"ImageObject","url":978923,"@id":"https:\/\/www.eldigitaldeasturias.com\/noticias\/pilar-alegria-asiste-a-la-graduacion-de-350-alumnos-de-la-universidad-san-jorge\/#mainImage"},"primaryImageOfPage":{"@id":"https:\/\/www.eldigitaldeasturias.com\/noticias\/pilar-alegria-asiste-a-la-graduacion-de-350-alumnos-de-la-universidad-san-jorge\/#mainImage"},"datePublished":"2018-05-04T20:22:56+02:00","dateModified":"2018-05-04T20:22:56+02:00"},{"@type":"WebSite","@id":"https:\/\/www.eldigitaldeasturias.com\/noticias\/#website","url":"https:\/\/www.eldigitaldeasturias.com\/noticias\/","name":"El Digital de Asturias - Diario de actualidad y noticias","alternateName":"El Digital de Asturias - Diario de actualidad y noticias","description":"Hemeroteca","inLanguage":"es-ES","publisher":{"@id":"https:\/\/www.eldigitaldeasturias.com\/noticias\/#organization"}}]},"og:locale":"es_ES","og:site_name":"El Digital de Asturias","og:type":"article","og:title":"Pilar Alegr\u00eda asiste a la graduaci\u00f3n de 350 alumnos de la Universidad San Jorge - El Digital de Asturias","og:description":"La consejera de Innovaci\u00f3n, Investigaci\u00f3n y Universidad, Pilar Alegr\u00eda, ha participado esta tarde en la graduaci\u00f3n de la Universidad San Jorge, celebrada en el Auditorio de Zaragoza. En esta promoci\u00f3n son 350 alumnos, de distintas especialidades, los que recogen su t\u00edtulo de graduado. El padrino de la promoci\u00f3n del a\u00f1o 2018 ha sido Mateo Valero.","og:url":"https:\/\/www.eldigitaldeasturias.com\/noticias\/pilar-alegria-asiste-a-la-graduacion-de-350-alumnos-de-la-universidad-san-jorge\/","article:tag":["actualidad"],"article:published_time":"2018-05-04T20:22:56+00:00","article:modified_time":"2018-05-04T20:22:56+00:00","article:publisher":"https:\/\/facebook.com\/eldigitaldeasturias","twitter:card":"summary_large_image","twitter:title":"Pilar Alegr\u00eda asiste a la graduaci\u00f3n de 350 alumnos de la Universidad San Jorge - El Digital de Asturias","twitter:description":"La consejera de Innovaci\u00f3n, Investigaci\u00f3n y Universidad, Pilar Alegr\u00eda, ha participado esta tarde en la graduaci\u00f3n de la Universidad San Jorge, celebrada en el Auditorio de Zaragoza. En esta promoci\u00f3n son 350 alumnos, de distintas especialidades, los que recogen su t\u00edtulo de graduado. El padrino de la promoci\u00f3n del a\u00f1o 2018 ha sido Mateo Valero.","twitter:image":"https:\/\/www.eldigitaldeasturias.com\/noticias\/wp-content\/uploads\/2020\/12\/EDA-1.jpg","twitter:label1":"Escrito por","twitter:data1":"El Digital de Asturias","twitter:label2":"Tiempo de lectura estimado","twitter:data2":"2 minutos"},"aioseo_meta_data":{"post_id":"978922","title":null,"description":null,"keywords":null,"keyphrases":null,"primary_term":null,"canonical_url":null,"og_title":null,"og_description":null,"og_object_type":"default","og_image_type":"default","og_image_url":null,"og_image_width":null,"og_image_height":null,"og_image_custom_url":null,"og_image_custom_fields":null,"og_video":null,"og_custom_url":null,"og_article_section":null,"og_article_tags":null,"twitter_use_og":false,"twitter_card":"default","twitter_image_type":"default","twitter_image_url":null,"twitter_image_custom_url":null,"twitter_image_custom_fields":null,"twitter_title":null,"twitter_description":null,"schema":{"blockGraphs":[],"customGraphs":[],"default":{"data":{"Article":[],"Course":[],"Dataset":[],"FAQPage":[],"Movie":[],"Person":[],"Product":[],"ProductReview":[],"Car":[],"Recipe":[],"Service":[],"SoftwareApplication":[],"WebPage":[]},"graphName":"","isEnabled":true},"graphs":[],"defaultGraph":"","defaultPostTypeGraph":""},"schema_type":null,"schema_type_options":null,"pillar_content":false,"robots_default":true,"robots_noindex":false,"robots_noarchive":false,"robots_nosnippet":false,"robots_nofollow":false,"robots_noimageindex":false,"robots_noodp":false,"robots_notranslate":false,"robots_max_snippet":null,"robots_max_videopreview":null,"robots_max_imagepreview":"large","priority":null,"frequency":null,"local_seo":null,"seo_analyzer_scan_date":"2025-10-08 12:31:05","breadcrumb_settings":null,"limit_modified_date":false,"open_ai":null,"ai":null,"created":"2020-12-21 12:01:36","updated":"2025-10-08 12:31:05","focus_keyword":null,"additional_keywords":null,"truseo_locale":null},"aioseo_breadcrumb":"<div class=\"aioseo-breadcrumbs\"><span class=\"aioseo-breadcrumb\">\n\t<a href=\"https:\/\/www.eldigitaldeasturias.com\/noticias\" title=\"Home\">Home<\/a>\n<\/span><span class=\"aioseo-breadcrumb-separator\">\u2013<\/span><span class=\"aioseo-breadcrumb\">\n\t<a href=\"https:\/\/www.eldigitaldeasturias.com\/noticias\/category\/actualidad\/\" title=\"Actualidad\">Actualidad<\/a>\n<\/span><span class=\"aioseo-breadcrumb-separator\">\u2013<\/span><span class=\"aioseo-breadcrumb\">\n\t<a href=\"https:\/\/www.eldigitaldeasturias.com\/noticias\/pilar-alegria-asiste-a-la-graduacion-de-350-alumnos-de-la-universidad-san-jorge\/\" title=\"Pilar Alegr\u00eda asiste a la graduaci\u00f3n de 350 alumnos de la Universidad San Jorge\">Pilar Alegr\u00eda asiste a la graduaci\u00f3n de 350 alumnos de la Universidad San Jorge<\/a>\n<\/span><\/div>","aioseo_breadcrumb_json":[{"label":"Home","link":"https:\/\/www.eldigitaldeasturias.com\/noticias"},{"label":"Actualidad","link":"https:\/\/www.eldigitaldeasturias.com\/noticias\/category\/actualidad\/"},{"label":"Pilar Alegr\u00eda asiste a la graduaci\u00f3n de 350 alumnos de la Universidad San Jorge","link":"https:\/\/www.eldigitaldeasturias.com\/noticias\/pilar-alegria-asiste-a-la-graduacion-de-350-alumnos-de-la-universidad-san-jorge\/"}],"_links":{"self":[{"href":"https:\/\/www.eldigitaldeasturias.com\/noticias\/wp-json\/wp\/v2\/posts\/978922","targetHints":{"allow":["GET"]}}],"collection":[{"href":"https:\/\/www.eldigitaldeasturias.com\/noticias\/wp-json\/wp\/v2\/posts"}],"about":[{"href":"https:\/\/www.eldigitaldeasturias.com\/noticias\/wp-json\/wp\/v2\/types\/post"}],"author":[{"embeddable":true,"href":"https:\/\/www.eldigitaldeasturias.com\/noticias\/wp-json\/wp\/v2\/users\/1"}],"replies":[{"embeddable":true,"href":"https:\/\/www.eldigitaldeasturias.com\/noticias\/wp-json\/wp\/v2\/comments?post=978922"}],"version-history":[{"count":0,"href":"https:\/\/www.eldigitaldeasturias.com\/noticias\/wp-json\/wp\/v2\/posts\/978922\/revisions"}],"wp:attachment":[{"href":"https:\/\/www.eldigitaldeasturias.com\/noticias\/wp-json\/wp\/v2\/media?parent=978922"}],"wp:term":[{"taxonomy":"category","embeddable":true,"href":"https:\/\/www.eldigitaldeasturias.com\/noticias\/wp-json\/wp\/v2\/categories?post=978922"},{"taxonomy":"post_tag","embeddable":true,"href":"https:\/\/www.eldigitaldeasturias.com\/noticias\/wp-json\/wp\/v2\/tags?post=978922"}],"curies":[{"name":"wp","href":"https:\/\/api.w.org\/{rel}","templated":true}]}}