{"id":978908,"date":"2018-05-04T19:22:20","date_gmt":"2018-05-04T19:22:20","guid":{"rendered":"http:\/\/www.eldigitaldeasturias.com\/noticias\/?p=978908"},"modified":"2018-05-04T19:22:20","modified_gmt":"2018-05-04T19:22:20","slug":"olona-critica-el-recorte-presupuestario-de-la-pac","status":"publish","type":"post","link":"https:\/\/www.eldigitaldeasturias.com\/noticias\/olona-critica-el-recorte-presupuestario-de-la-pac\/","title":{"rendered":"Olona critica el recorte presupuestario de la PAC"},"content":{"rendered":"<p><img loading=\"lazy\" decoding=\"async\" class=\"alignleft size-medium wp-image-978909\" src=\"https:\/\/www.eldigitaldeasturias.com\/noticias\/wp-content\/uploads\/2018\/05\/20171025-360x159.jpg\" alt=\"\" width=\"360\" height=\"159\" \/>Para el consejero de Desarrollo Rural y Sostenibilidad del Gobierno de Arag\u00f3n, Joaqu\u00edn Olona, el recorte en el presupuesto de la PAC propuesto por la Comisi\u00f3n Europea para la nueva etapa 2021-2027 supone \u201cun nuevo varapalo a los agricultores y al mundo rural\u201d. Una \u201cmala noticia\u201d que se suma a la decepcionante propuesta de Reforma de la PAC tambi\u00e9n planteada por la Comisi\u00f3n en el borrador de Reglamento que pudo conocerse el pasado 26 de abril.<\/p>\n<p>El presupuesto de la PAC en el seno del Marco Financiero Plurianual 2014-2020, dotado con 1,08 billones euros, se modific\u00f3 en 2015 mediante el Reglamento de Ejecuci\u00f3n (UE) n.\u00ba 2015\/141; DO L 24, quedando establecido en 408.313 millones euros, de los que 308.726 millones euros correspond\u00edan a pagos directos y medidas de mercado (OCM) mientras que los 99.587 millones euros restantes se destinaron a desarrollo rural. Las negociaciones del denominado \u00abReglamento \u00f3mnibus\u00bb concluyeron en octubre de 2017 si bien los importes relativos a la PAC no se vieron afectados.<\/p>\n<p>El Marco Financiero Plurianual propuesto para la nueva etapa 2021-2027 aumenta hasta los 1,27 billones de euros (en precios corrientes). Sin embargo, la dotaci\u00f3n para la PAC se reduce a 365.005 millones euros, destin\u00e1ndose 286.195 millones euros a pagos directos y medidas de mercado (Primer Pilar) y 78.811 millones euros a desarrollo rural (Segundo Pilar).<\/p>\n<p>De acuerdo con estas referencias, Olona ha calculado que el presupuesto total de la PAC sufrir\u00eda un recorte del 10,61% y no del 5% como se hab\u00eda barajado. En este sentido la reducci\u00f3n del Primer Pilar ser\u00eda de un 7,30 % y la del Segundo un 20,86 %.<\/p>\n<p>Mientras que en el periodo 2014-2020 la PAC representa el 37,96 % del presupuesto total de la UE, en el nuevo periodo 2021-2027 dicho peso se ver\u00eda reducido en 9,22 puntos porcentuales pasando al 28,74 %. Seg\u00fan el consejero, \u201cesto da una idea m\u00e1s cabal del deterioro presupuestario que est\u00e1 sufriendo la que sigue siendo la \u00fanica pol\u00edtica verdaderamente com\u00fan de la UE en favor de otras pol\u00edticas cuya necesidad no se discute pero que no deber\u00edan ser a costa del apoyo que necesitan los agricultores y nuestro mundo rural\u201d.<\/p>\n<p>Pero para Olona, el deterioro no solo es consecuencia de la continua p\u00e9rdida de recursos financieros en t\u00e9rminos reales, sino sobre todo por \u201cel persistente empe\u00f1o en eludir las reformas de calado que se necesitan para lograr una PAC mucho m\u00e1s justa y eficaz, as\u00ed como por poner en peligro su verdadero car\u00e1cter comunitario aumentando la tasa de cofinanciaci\u00f3n nacional\u201d. Considera que la propuesta presupuestaria de la Comisi\u00f3n Europea sobre la PAC \u201cabre la puerta de par en par a dicho aumento de cofinanciaci\u00f3n nacional en la medida que contempla la posibilidad de que los Estados miembros, adem\u00e1s de cofinanciar con fondos propios los pagos directos destinados a los peque\u00f1os agricultores, tambi\u00e9n puedan destinar parte de los pagos directos al desarrollo rural y viceversa\u201d.<\/p>\n<p>Por ello, el consejero aragon\u00e9s cree que frenar el deterioro de la PAC no solo exige frenar los recortes presupuestarios. \u201cEs imprescindible, y quiz\u00e1s m\u00e1s importante, impulsar las reformas estrat\u00e9gicas de fondo, que no solo de forma y de arquitectura, en favor del modelo de agricultura familiar, es decir, de los agricultores profesionales que m\u00e1s dependen de la actividad agraria y m\u00e1s y mejor contribuyen a la mejora de la agricultura en el seno de un mundo rural vivo y sostenible\u201d, concluye Olona.<\/p>\n","protected":false},"excerpt":{"rendered":"<p>Para el consejero de Desarrollo Rural y Sostenibilidad del Gobierno de Arag\u00f3n, Joaqu\u00edn Olona, el recorte en el presupuesto de la PAC propuesto por la Comisi\u00f3n Europea para la nueva etapa 2021-2027 supone \u201cun nuevo varapalo a los agricultores y al mundo rural\u201d. Una \u201cmala noticia\u201d que se suma a la decepcionante propuesta de Reforma [&hellip;]<\/p>\n","protected":false},"author":1,"featured_media":978909,"comment_status":"closed","ping_status":"closed","sticky":false,"template":"","format":"standard","meta":{"footnotes":""},"categories":[1],"tags":[],"class_list":["post-978908","post","type-post","status-publish","format-standard","has-post-thumbnail","hentry","category-actualidad"],"aioseo_notices":[],"aioseo_head":"\n\t\t<!-- All in One SEO Pro 5.0.1 - aioseo.com -->\n\t<meta name=\"description\" content=\"Para el consejero de Desarrollo Rural y Sostenibilidad del Gobierno de Arag\u00f3n, Joaqu\u00edn Olona, el recorte en el presupuesto de la PAC propuesto por la Comisi\u00f3n Europea para la nueva etapa 2021-2027 supone \u201cun nuevo varapalo a los agricultores y al mundo rural\u201d. Una \u201cmala noticia\u201d que se suma a la decepcionante propuesta de Reforma\" \/>\n\t<meta name=\"robots\" content=\"max-image-preview:large\" \/>\n\t<meta name=\"author\" content=\"El Digital de Asturias\"\/>\n\t<meta name=\"google-site-verification\" content=\"UA-38556648-1\" \/>\n\t<meta name=\"msvalidate.01\" content=\"7dfe9f3f1b24437ab69f4f2559babe99\" \/>\n\t<meta name=\"keywords\" content=\"actualidad\" \/>\n\t<link rel=\"canonical\" href=\"https:\/\/www.eldigitaldeasturias.com\/noticias\/olona-critica-el-recorte-presupuestario-de-la-pac\/\" \/>\n\t<meta name=\"generator\" content=\"All in One SEO Pro (AIOSEO) 5.0.1\" \/>\n\t\t<meta property=\"og:locale\" content=\"es_ES\" \/>\n\t\t<meta property=\"og:site_name\" content=\"El Digital de Asturias\" \/>\n\t\t<meta property=\"og:type\" content=\"article\" \/>\n\t\t<meta property=\"og:title\" content=\"Olona critica el recorte presupuestario de la PAC - El Digital de Asturias\" \/>\n\t\t<meta property=\"og:description\" content=\"Para el consejero de Desarrollo Rural y Sostenibilidad del Gobierno de Arag\u00f3n, Joaqu\u00edn Olona, el recorte en el presupuesto de la PAC propuesto por la Comisi\u00f3n Europea para la nueva etapa 2021-2027 supone \u201cun nuevo varapalo a los agricultores y al mundo rural\u201d. Una \u201cmala noticia\u201d que se suma a la decepcionante propuesta de Reforma\" \/>\n\t\t<meta property=\"og:url\" content=\"https:\/\/www.eldigitaldeasturias.com\/noticias\/olona-critica-el-recorte-presupuestario-de-la-pac\/\" \/>\n\t\t<meta property=\"article:tag\" content=\"actualidad\" \/>\n\t\t<meta property=\"article:published_time\" content=\"2018-05-04T19:22:20+00:00\" \/>\n\t\t<meta property=\"article:modified_time\" content=\"2018-05-04T19:22:20+00:00\" \/>\n\t\t<meta property=\"article:publisher\" content=\"https:\/\/facebook.com\/eldigitaldeasturias\" \/>\n\t\t<meta name=\"twitter:card\" content=\"summary_large_image\" \/>\n\t\t<meta name=\"twitter:title\" content=\"Olona critica el recorte presupuestario de la PAC - El Digital de Asturias\" \/>\n\t\t<meta name=\"twitter:description\" content=\"Para el consejero de Desarrollo Rural y Sostenibilidad del Gobierno de Arag\u00f3n, Joaqu\u00edn Olona, el recorte en el presupuesto de la PAC propuesto por la Comisi\u00f3n Europea para la nueva etapa 2021-2027 supone \u201cun nuevo varapalo a los agricultores y al mundo rural\u201d. Una \u201cmala noticia\u201d que se suma a la decepcionante propuesta de Reforma\" \/>\n\t\t<meta name=\"twitter:image\" content=\"https:\/\/www.eldigitaldeasturias.com\/noticias\/wp-content\/uploads\/2020\/12\/EDA-1.jpg\" \/>\n\t\t<meta name=\"twitter:label1\" content=\"Escrito por\" \/>\n\t\t<meta name=\"twitter:data1\" content=\"El Digital de Asturias\" \/>\n\t\t<meta name=\"twitter:label2\" content=\"Tiempo de lectura estimado\" \/>\n\t\t<meta name=\"twitter:data2\" content=\"3 minutos\" \/>\n\t\t<script type=\"application\/ld+json\" class=\"aioseo-schema\">\n\t\t\t{\"@context\":\"https:\\\/\\\/schema.org\",\"@graph\":[{\"@type\":\"BlogPosting\",\"@id\":\"https:\\\/\\\/www.eldigitaldeasturias.com\\\/noticias\\\/olona-critica-el-recorte-presupuestario-de-la-pac\\\/#blogposting\",\"name\":\"Olona critica el recorte presupuestario de la PAC - El Digital de Asturias\",\"headline\":\"Olona critica el recorte presupuestario de la PAC\",\"author\":{\"@id\":\"https:\\\/\\\/www.eldigitaldeasturias.com\\\/noticias\\\/author\\\/admin\\\/#author\"},\"publisher\":{\"@id\":\"https:\\\/\\\/www.eldigitaldeasturias.com\\\/noticias\\\/#organization\"},\"image\":{\"@type\":\"ImageObject\",\"url\":978909},\"datePublished\":\"2018-05-04T19:22:20+02:00\",\"dateModified\":\"2018-05-04T19:22:20+02:00\",\"inLanguage\":\"es-ES\",\"mainEntityOfPage\":{\"@id\":\"https:\\\/\\\/www.eldigitaldeasturias.com\\\/noticias\\\/olona-critica-el-recorte-presupuestario-de-la-pac\\\/#webpage\"},\"isPartOf\":{\"@id\":\"https:\\\/\\\/www.eldigitaldeasturias.com\\\/noticias\\\/olona-critica-el-recorte-presupuestario-de-la-pac\\\/#webpage\"},\"articleSection\":\"Actualidad\"},{\"@type\":\"BreadcrumbList\",\"@id\":\"https:\\\/\\\/www.eldigitaldeasturias.com\\\/noticias\\\/olona-critica-el-recorte-presupuestario-de-la-pac\\\/#breadcrumblist\",\"itemListElement\":[{\"@type\":\"ListItem\",\"@id\":\"https:\\\/\\\/www.eldigitaldeasturias.com\\\/noticias#listItem\",\"position\":1,\"name\":\"Home\",\"item\":\"https:\\\/\\\/www.eldigitaldeasturias.com\\\/noticias\",\"nextItem\":{\"@type\":\"ListItem\",\"@id\":\"https:\\\/\\\/www.eldigitaldeasturias.com\\\/noticias\\\/category\\\/actualidad\\\/#listItem\",\"name\":\"Actualidad\"}},{\"@type\":\"ListItem\",\"@id\":\"https:\\\/\\\/www.eldigitaldeasturias.com\\\/noticias\\\/category\\\/actualidad\\\/#listItem\",\"position\":2,\"name\":\"Actualidad\",\"item\":\"https:\\\/\\\/www.eldigitaldeasturias.com\\\/noticias\\\/category\\\/actualidad\\\/\",\"nextItem\":{\"@type\":\"ListItem\",\"@id\":\"https:\\\/\\\/www.eldigitaldeasturias.com\\\/noticias\\\/olona-critica-el-recorte-presupuestario-de-la-pac\\\/#listItem\",\"name\":\"Olona critica el recorte presupuestario de la PAC\"},\"previousItem\":{\"@type\":\"ListItem\",\"@id\":\"https:\\\/\\\/www.eldigitaldeasturias.com\\\/noticias#listItem\",\"name\":\"Home\"}},{\"@type\":\"ListItem\",\"@id\":\"https:\\\/\\\/www.eldigitaldeasturias.com\\\/noticias\\\/olona-critica-el-recorte-presupuestario-de-la-pac\\\/#listItem\",\"position\":3,\"name\":\"Olona critica el recorte presupuestario de la PAC\",\"previousItem\":{\"@type\":\"ListItem\",\"@id\":\"https:\\\/\\\/www.eldigitaldeasturias.com\\\/noticias\\\/category\\\/actualidad\\\/#listItem\",\"name\":\"Actualidad\"}}]},{\"@type\":\"Organization\",\"@id\":\"https:\\\/\\\/www.eldigitaldeasturias.com\\\/noticias\\\/#organization\",\"name\":\"El Digital de Asturias\",\"description\":\"Hemeroteca\",\"url\":\"https:\\\/\\\/www.eldigitaldeasturias.com\\\/noticias\\\/\",\"email\":\"info@eldigitaldeasturias.com\",\"telephone\":\"+34652131393\",\"logo\":{\"@type\":\"ImageObject\",\"url\":\"https:\\\/\\\/www.eldigitaldeasturias.com\\\/noticias\\\/wp-content\\\/uploads\\\/2020\\\/12\\\/EDA.jpg\",\"@id\":\"https:\\\/\\\/www.eldigitaldeasturias.com\\\/noticias\\\/olona-critica-el-recorte-presupuestario-de-la-pac\\\/#organizationLogo\"},\"image\":{\"@id\":\"https:\\\/\\\/www.eldigitaldeasturias.com\\\/noticias\\\/olona-critica-el-recorte-presupuestario-de-la-pac\\\/#organizationLogo\"},\"sameAs\":[\"https:\\\/\\\/facebook.com\\\/eldigitaldeasturias\",\"https:\\\/\\\/www.youtube.com\\\/channel\\\/UCZP-2wLEB9Rv6erhFmqVnvg\"],\"address\":{\"@id\":\"https:\\\/\\\/www.eldigitaldeasturias.com\\\/noticias\\\/#postaladdress\",\"@type\":\"PostalAddress\",\"streetAddress\":\"san antonio 4\",\"postalCode\":\"33430\",\"addressLocality\":\"Cand\\u00e1s\",\"addressRegion\":\"Asturias\",\"addressCountry\":\"ES\"}},{\"@type\":\"Person\",\"@id\":\"https:\\\/\\\/www.eldigitaldeasturias.com\\\/noticias\\\/author\\\/admin\\\/#author\",\"url\":\"https:\\\/\\\/www.eldigitaldeasturias.com\\\/noticias\\\/author\\\/admin\\\/\",\"name\":\"El Digital de Asturias\",\"image\":{\"@type\":\"ImageObject\",\"@id\":\"https:\\\/\\\/www.eldigitaldeasturias.com\\\/noticias\\\/olona-critica-el-recorte-presupuestario-de-la-pac\\\/#authorImage\",\"url\":\"https:\\\/\\\/secure.gravatar.com\\\/avatar\\\/df2aeffc32bcd13f8d26072ef8a91b623d677766deac7f97ca815868cd41bf5e?s=96&d=mm&r=g\",\"width\":96,\"height\":96,\"caption\":\"El Digital de Asturias\"}},{\"@type\":\"WebPage\",\"@id\":\"https:\\\/\\\/www.eldigitaldeasturias.com\\\/noticias\\\/olona-critica-el-recorte-presupuestario-de-la-pac\\\/#webpage\",\"url\":\"https:\\\/\\\/www.eldigitaldeasturias.com\\\/noticias\\\/olona-critica-el-recorte-presupuestario-de-la-pac\\\/\",\"name\":\"Olona critica el recorte presupuestario de la PAC - El Digital de Asturias\",\"description\":\"Para el consejero de Desarrollo Rural y Sostenibilidad del Gobierno de Arag\\u00f3n, Joaqu\\u00edn Olona, el recorte en el presupuesto de la PAC propuesto por la Comisi\\u00f3n Europea para la nueva etapa 2021-2027 supone \\u201cun nuevo varapalo a los agricultores y al mundo rural\\u201d. Una \\u201cmala noticia\\u201d que se suma a la decepcionante propuesta de Reforma\",\"inLanguage\":\"es-ES\",\"isPartOf\":{\"@id\":\"https:\\\/\\\/www.eldigitaldeasturias.com\\\/noticias\\\/#website\"},\"breadcrumb\":{\"@id\":\"https:\\\/\\\/www.eldigitaldeasturias.com\\\/noticias\\\/olona-critica-el-recorte-presupuestario-de-la-pac\\\/#breadcrumblist\"},\"author\":{\"@id\":\"https:\\\/\\\/www.eldigitaldeasturias.com\\\/noticias\\\/author\\\/admin\\\/#author\"},\"creator\":{\"@id\":\"https:\\\/\\\/www.eldigitaldeasturias.com\\\/noticias\\\/author\\\/admin\\\/#author\"},\"image\":{\"@type\":\"ImageObject\",\"url\":978909,\"@id\":\"https:\\\/\\\/www.eldigitaldeasturias.com\\\/noticias\\\/olona-critica-el-recorte-presupuestario-de-la-pac\\\/#mainImage\"},\"primaryImageOfPage\":{\"@id\":\"https:\\\/\\\/www.eldigitaldeasturias.com\\\/noticias\\\/olona-critica-el-recorte-presupuestario-de-la-pac\\\/#mainImage\"},\"datePublished\":\"2018-05-04T19:22:20+02:00\",\"dateModified\":\"2018-05-04T19:22:20+02:00\"},{\"@type\":\"WebSite\",\"@id\":\"https:\\\/\\\/www.eldigitaldeasturias.com\\\/noticias\\\/#website\",\"url\":\"https:\\\/\\\/www.eldigitaldeasturias.com\\\/noticias\\\/\",\"name\":\"El Digital de Asturias - Diario de actualidad y noticias\",\"alternateName\":\"El Digital de Asturias - Diario de actualidad y noticias\",\"description\":\"Hemeroteca\",\"inLanguage\":\"es-ES\",\"publisher\":{\"@id\":\"https:\\\/\\\/www.eldigitaldeasturias.com\\\/noticias\\\/#organization\"}}]}\n\t\t<\/script>\n\t\t<!-- All in One SEO Pro -->\r\n\t\t<title>Olona critica el recorte presupuestario de la PAC - El Digital de Asturias<\/title>\n\n","aioseo_head_json":{"title":"Olona critica el recorte presupuestario de la PAC - El Digital de Asturias","description":"Para el consejero de Desarrollo Rural y Sostenibilidad del Gobierno de Arag\u00f3n, Joaqu\u00edn Olona, el recorte en el presupuesto de la PAC propuesto por la Comisi\u00f3n Europea para la nueva etapa 2021-2027 supone \u201cun nuevo varapalo a los agricultores y al mundo rural\u201d. Una \u201cmala noticia\u201d que se suma a la decepcionante propuesta de Reforma","canonical_url":"https:\/\/www.eldigitaldeasturias.com\/noticias\/olona-critica-el-recorte-presupuestario-de-la-pac\/","robots":"max-image-preview:large","keywords":"actualidad","webmasterTools":{"google-site-verification":"UA-38556648-1","msvalidate.01":"7dfe9f3f1b24437ab69f4f2559babe99","miscellaneous":""},"schema":{"@context":"https:\/\/schema.org","@graph":[{"@type":"BlogPosting","@id":"https:\/\/www.eldigitaldeasturias.com\/noticias\/olona-critica-el-recorte-presupuestario-de-la-pac\/#blogposting","name":"Olona critica el recorte presupuestario de la PAC - El Digital de Asturias","headline":"Olona critica el recorte presupuestario de la PAC","author":{"@id":"https:\/\/www.eldigitaldeasturias.com\/noticias\/author\/admin\/#author"},"publisher":{"@id":"https:\/\/www.eldigitaldeasturias.com\/noticias\/#organization"},"image":{"@type":"ImageObject","url":978909},"datePublished":"2018-05-04T19:22:20+02:00","dateModified":"2018-05-04T19:22:20+02:00","inLanguage":"es-ES","mainEntityOfPage":{"@id":"https:\/\/www.eldigitaldeasturias.com\/noticias\/olona-critica-el-recorte-presupuestario-de-la-pac\/#webpage"},"isPartOf":{"@id":"https:\/\/www.eldigitaldeasturias.com\/noticias\/olona-critica-el-recorte-presupuestario-de-la-pac\/#webpage"},"articleSection":"Actualidad"},{"@type":"BreadcrumbList","@id":"https:\/\/www.eldigitaldeasturias.com\/noticias\/olona-critica-el-recorte-presupuestario-de-la-pac\/#breadcrumblist","itemListElement":[{"@type":"ListItem","@id":"https:\/\/www.eldigitaldeasturias.com\/noticias#listItem","position":1,"name":"Home","item":"https:\/\/www.eldigitaldeasturias.com\/noticias","nextItem":{"@type":"ListItem","@id":"https:\/\/www.eldigitaldeasturias.com\/noticias\/category\/actualidad\/#listItem","name":"Actualidad"}},{"@type":"ListItem","@id":"https:\/\/www.eldigitaldeasturias.com\/noticias\/category\/actualidad\/#listItem","position":2,"name":"Actualidad","item":"https:\/\/www.eldigitaldeasturias.com\/noticias\/category\/actualidad\/","nextItem":{"@type":"ListItem","@id":"https:\/\/www.eldigitaldeasturias.com\/noticias\/olona-critica-el-recorte-presupuestario-de-la-pac\/#listItem","name":"Olona critica el recorte presupuestario de la PAC"},"previousItem":{"@type":"ListItem","@id":"https:\/\/www.eldigitaldeasturias.com\/noticias#listItem","name":"Home"}},{"@type":"ListItem","@id":"https:\/\/www.eldigitaldeasturias.com\/noticias\/olona-critica-el-recorte-presupuestario-de-la-pac\/#listItem","position":3,"name":"Olona critica el recorte presupuestario de la PAC","previousItem":{"@type":"ListItem","@id":"https:\/\/www.eldigitaldeasturias.com\/noticias\/category\/actualidad\/#listItem","name":"Actualidad"}}]},{"@type":"Organization","@id":"https:\/\/www.eldigitaldeasturias.com\/noticias\/#organization","name":"El Digital de Asturias","description":"Hemeroteca","url":"https:\/\/www.eldigitaldeasturias.com\/noticias\/","email":"info@eldigitaldeasturias.com","telephone":"+34652131393","logo":{"@type":"ImageObject","url":"https:\/\/www.eldigitaldeasturias.com\/noticias\/wp-content\/uploads\/2020\/12\/EDA.jpg","@id":"https:\/\/www.eldigitaldeasturias.com\/noticias\/olona-critica-el-recorte-presupuestario-de-la-pac\/#organizationLogo"},"image":{"@id":"https:\/\/www.eldigitaldeasturias.com\/noticias\/olona-critica-el-recorte-presupuestario-de-la-pac\/#organizationLogo"},"sameAs":["https:\/\/facebook.com\/eldigitaldeasturias","https:\/\/www.youtube.com\/channel\/UCZP-2wLEB9Rv6erhFmqVnvg"],"address":{"@id":"https:\/\/www.eldigitaldeasturias.com\/noticias\/#postaladdress","@type":"PostalAddress","streetAddress":"san antonio 4","postalCode":"33430","addressLocality":"Cand\u00e1s","addressRegion":"Asturias","addressCountry":"ES"}},{"@type":"Person","@id":"https:\/\/www.eldigitaldeasturias.com\/noticias\/author\/admin\/#author","url":"https:\/\/www.eldigitaldeasturias.com\/noticias\/author\/admin\/","name":"El Digital de Asturias","image":{"@type":"ImageObject","@id":"https:\/\/www.eldigitaldeasturias.com\/noticias\/olona-critica-el-recorte-presupuestario-de-la-pac\/#authorImage","url":"https:\/\/secure.gravatar.com\/avatar\/df2aeffc32bcd13f8d26072ef8a91b623d677766deac7f97ca815868cd41bf5e?s=96&d=mm&r=g","width":96,"height":96,"caption":"El Digital de Asturias"}},{"@type":"WebPage","@id":"https:\/\/www.eldigitaldeasturias.com\/noticias\/olona-critica-el-recorte-presupuestario-de-la-pac\/#webpage","url":"https:\/\/www.eldigitaldeasturias.com\/noticias\/olona-critica-el-recorte-presupuestario-de-la-pac\/","name":"Olona critica el recorte presupuestario de la PAC - El Digital de Asturias","description":"Para el consejero de Desarrollo Rural y Sostenibilidad del Gobierno de Arag\u00f3n, Joaqu\u00edn Olona, el recorte en el presupuesto de la PAC propuesto por la Comisi\u00f3n Europea para la nueva etapa 2021-2027 supone \u201cun nuevo varapalo a los agricultores y al mundo rural\u201d. Una \u201cmala noticia\u201d que se suma a la decepcionante propuesta de Reforma","inLanguage":"es-ES","isPartOf":{"@id":"https:\/\/www.eldigitaldeasturias.com\/noticias\/#website"},"breadcrumb":{"@id":"https:\/\/www.eldigitaldeasturias.com\/noticias\/olona-critica-el-recorte-presupuestario-de-la-pac\/#breadcrumblist"},"author":{"@id":"https:\/\/www.eldigitaldeasturias.com\/noticias\/author\/admin\/#author"},"creator":{"@id":"https:\/\/www.eldigitaldeasturias.com\/noticias\/author\/admin\/#author"},"image":{"@type":"ImageObject","url":978909,"@id":"https:\/\/www.eldigitaldeasturias.com\/noticias\/olona-critica-el-recorte-presupuestario-de-la-pac\/#mainImage"},"primaryImageOfPage":{"@id":"https:\/\/www.eldigitaldeasturias.com\/noticias\/olona-critica-el-recorte-presupuestario-de-la-pac\/#mainImage"},"datePublished":"2018-05-04T19:22:20+02:00","dateModified":"2018-05-04T19:22:20+02:00"},{"@type":"WebSite","@id":"https:\/\/www.eldigitaldeasturias.com\/noticias\/#website","url":"https:\/\/www.eldigitaldeasturias.com\/noticias\/","name":"El Digital de Asturias - Diario de actualidad y noticias","alternateName":"El Digital de Asturias - Diario de actualidad y noticias","description":"Hemeroteca","inLanguage":"es-ES","publisher":{"@id":"https:\/\/www.eldigitaldeasturias.com\/noticias\/#organization"}}]},"og:locale":"es_ES","og:site_name":"El Digital de Asturias","og:type":"article","og:title":"Olona critica el recorte presupuestario de la PAC - El Digital de Asturias","og:description":"Para el consejero de Desarrollo Rural y Sostenibilidad del Gobierno de Arag\u00f3n, Joaqu\u00edn Olona, el recorte en el presupuesto de la PAC propuesto por la Comisi\u00f3n Europea para la nueva etapa 2021-2027 supone \u201cun nuevo varapalo a los agricultores y al mundo rural\u201d. Una \u201cmala noticia\u201d que se suma a la decepcionante propuesta de Reforma","og:url":"https:\/\/www.eldigitaldeasturias.com\/noticias\/olona-critica-el-recorte-presupuestario-de-la-pac\/","article:tag":["actualidad"],"article:published_time":"2018-05-04T19:22:20+00:00","article:modified_time":"2018-05-04T19:22:20+00:00","article:publisher":"https:\/\/facebook.com\/eldigitaldeasturias","twitter:card":"summary_large_image","twitter:title":"Olona critica el recorte presupuestario de la PAC - El Digital de Asturias","twitter:description":"Para el consejero de Desarrollo Rural y Sostenibilidad del Gobierno de Arag\u00f3n, Joaqu\u00edn Olona, el recorte en el presupuesto de la PAC propuesto por la Comisi\u00f3n Europea para la nueva etapa 2021-2027 supone \u201cun nuevo varapalo a los agricultores y al mundo rural\u201d. Una \u201cmala noticia\u201d que se suma a la decepcionante propuesta de Reforma","twitter:image":"https:\/\/www.eldigitaldeasturias.com\/noticias\/wp-content\/uploads\/2020\/12\/EDA-1.jpg","twitter:label1":"Escrito por","twitter:data1":"El Digital de Asturias","twitter:label2":"Tiempo de lectura estimado","twitter:data2":"3 minutos"},"aioseo_meta_data":{"post_id":"978908","title":null,"description":null,"keywords":null,"keyphrases":null,"primary_term":null,"canonical_url":null,"og_title":null,"og_description":null,"og_object_type":"default","og_image_type":"default","og_image_url":null,"og_image_width":null,"og_image_height":null,"og_image_custom_url":null,"og_image_custom_fields":null,"og_video":null,"og_custom_url":null,"og_article_section":null,"og_article_tags":null,"twitter_use_og":false,"twitter_card":"default","twitter_image_type":"default","twitter_image_url":null,"twitter_image_custom_url":null,"twitter_image_custom_fields":null,"twitter_title":null,"twitter_description":null,"schema":{"blockGraphs":[],"customGraphs":[],"default":{"data":{"Article":[],"Course":[],"Dataset":[],"FAQPage":[],"Movie":[],"Person":[],"Product":[],"ProductReview":[],"Car":[],"Recipe":[],"Service":[],"SoftwareApplication":[],"WebPage":[]},"graphName":"","isEnabled":true},"graphs":[],"defaultGraph":"","defaultPostTypeGraph":""},"schema_type":null,"schema_type_options":null,"pillar_content":false,"robots_default":true,"robots_noindex":false,"robots_noarchive":false,"robots_nosnippet":false,"robots_nofollow":false,"robots_noimageindex":false,"robots_noodp":false,"robots_notranslate":false,"robots_max_snippet":null,"robots_max_videopreview":null,"robots_max_imagepreview":"large","priority":null,"frequency":null,"local_seo":null,"seo_analyzer_scan_date":"2025-10-08 12:29:07","breadcrumb_settings":null,"limit_modified_date":false,"open_ai":null,"ai":null,"created":"2020-12-21 12:01:36","updated":"2025-10-08 12:29:07","focus_keyword":null,"additional_keywords":null,"truseo_locale":null},"aioseo_breadcrumb":"<div class=\"aioseo-breadcrumbs\"><span class=\"aioseo-breadcrumb\">\n\t<a href=\"https:\/\/www.eldigitaldeasturias.com\/noticias\" title=\"Home\">Home<\/a>\n<\/span><span class=\"aioseo-breadcrumb-separator\">\u2013<\/span><span class=\"aioseo-breadcrumb\">\n\t<a href=\"https:\/\/www.eldigitaldeasturias.com\/noticias\/category\/actualidad\/\" title=\"Actualidad\">Actualidad<\/a>\n<\/span><span class=\"aioseo-breadcrumb-separator\">\u2013<\/span><span class=\"aioseo-breadcrumb\">\n\t<a href=\"https:\/\/www.eldigitaldeasturias.com\/noticias\/olona-critica-el-recorte-presupuestario-de-la-pac\/\" title=\"Olona critica el recorte presupuestario de la PAC\">Olona critica el recorte presupuestario de la PAC<\/a>\n<\/span><\/div>","aioseo_breadcrumb_json":[{"label":"Home","link":"https:\/\/www.eldigitaldeasturias.com\/noticias"},{"label":"Actualidad","link":"https:\/\/www.eldigitaldeasturias.com\/noticias\/category\/actualidad\/"},{"label":"Olona critica el recorte presupuestario de la PAC","link":"https:\/\/www.eldigitaldeasturias.com\/noticias\/olona-critica-el-recorte-presupuestario-de-la-pac\/"}],"_links":{"self":[{"href":"https:\/\/www.eldigitaldeasturias.com\/noticias\/wp-json\/wp\/v2\/posts\/978908","targetHints":{"allow":["GET"]}}],"collection":[{"href":"https:\/\/www.eldigitaldeasturias.com\/noticias\/wp-json\/wp\/v2\/posts"}],"about":[{"href":"https:\/\/www.eldigitaldeasturias.com\/noticias\/wp-json\/wp\/v2\/types\/post"}],"author":[{"embeddable":true,"href":"https:\/\/www.eldigitaldeasturias.com\/noticias\/wp-json\/wp\/v2\/users\/1"}],"replies":[{"embeddable":true,"href":"https:\/\/www.eldigitaldeasturias.com\/noticias\/wp-json\/wp\/v2\/comments?post=978908"}],"version-history":[{"count":0,"href":"https:\/\/www.eldigitaldeasturias.com\/noticias\/wp-json\/wp\/v2\/posts\/978908\/revisions"}],"wp:attachment":[{"href":"https:\/\/www.eldigitaldeasturias.com\/noticias\/wp-json\/wp\/v2\/media?parent=978908"}],"wp:term":[{"taxonomy":"category","embeddable":true,"href":"https:\/\/www.eldigitaldeasturias.com\/noticias\/wp-json\/wp\/v2\/categories?post=978908"},{"taxonomy":"post_tag","embeddable":true,"href":"https:\/\/www.eldigitaldeasturias.com\/noticias\/wp-json\/wp\/v2\/tags?post=978908"}],"curies":[{"name":"wp","href":"https:\/\/api.w.org\/{rel}","templated":true}]}}