{"id":978896,"date":"2018-05-04T18:58:36","date_gmt":"2018-05-04T18:58:36","guid":{"rendered":"http:\/\/www.eldigitaldeasturias.com\/noticias\/?p=978896"},"modified":"2018-05-04T18:58:36","modified_gmt":"2018-05-04T18:58:36","slug":"dia-mundial-de-la-higiene-de-manos-en-aragon","status":"publish","type":"post","link":"https:\/\/www.eldigitaldeasturias.com\/noticias\/dia-mundial-de-la-higiene-de-manos-en-aragon\/","title":{"rendered":"D\u00eda Mundial de la Higiene de Manos, en Arag\u00f3n"},"content":{"rendered":"<p><img loading=\"lazy\" decoding=\"async\" class=\"alignleft size-medium wp-image-978897\" src=\"https:\/\/www.eldigitaldeasturias.com\/noticias\/wp-content\/uploads\/2018\/05\/wash-hands-360x251.jpg\" alt=\"\" width=\"360\" height=\"251\" \/>El D\u00eda Mundial de la Higiene de Manos, que se celebra cada 5 de mayo, se dedica en esta ocasi\u00f3n a la prevenci\u00f3n de la sepsis. Esta celebraci\u00f3n est\u00e1 incluida dentro de la estrategia de la Organizaci\u00f3n Mundial de la Salud (OMS) SAVE LIVES: CLEAN YOUR HANDS, ya que la prevenci\u00f3n de las infecciones asociadas a la asistencia sanitaria, la reducci\u00f3n del da\u00f1o para el paciente y la carga que suponen para el funcionamiento de los sistemas sanitarios son cuestiones cr\u00edticas en todo el mundo.<\/p>\n<p>Seg\u00fan indica la OMS, la higiene de manos es el m\u00e9todo m\u00e1s sencillo para reducir la transmisi\u00f3n de las infecciones en los centros sanitarios, por lo que una atenci\u00f3n con manos limpias es compromiso de todos, profesionales y pacientes. Con el fin de promover acciones encaminadas a mejorar la higiene de manos en los centros sanitarios, el Ministerio de Sanidad, Servicios Sociales e Igualdad y el Servicio Aragon\u00e9s de Salud apoyan la campa\u00f1a \u201cEst\u00e1 en tus manos prevenir la sepsis en la atenci\u00f3n sanitaria\u201d.<\/p>\n<p>Dicha campa\u00f1a se basa en recordar la importancia de una correcta higiene de manos en varios momentos concretos: antes y despu\u00e9s del contacto con el paciente, por ejemplo, al darle la mano para saludar; antes de realizar una tarea as\u00e9ptica, como la cura de heridas; despu\u00e9s del riesgo de exposici\u00f3n a fluidos corporales y tras quitarse los guantes; y despu\u00e9s del contacto con el entorno del paciente, por ejemplo, tras la toma de constantes.<\/p>\n","protected":false},"excerpt":{"rendered":"<p>El D\u00eda Mundial de la Higiene de Manos, que se celebra cada 5 de mayo, se dedica en esta ocasi\u00f3n a la prevenci\u00f3n de la sepsis. Esta celebraci\u00f3n est\u00e1 incluida dentro de la estrategia de la Organizaci\u00f3n Mundial de la Salud (OMS) SAVE LIVES: CLEAN YOUR HANDS, ya que la prevenci\u00f3n de las infecciones asociadas [&hellip;]<\/p>\n","protected":false},"author":1,"featured_media":978897,"comment_status":"closed","ping_status":"closed","sticky":false,"template":"","format":"standard","meta":{"footnotes":""},"categories":[1],"tags":[],"class_list":["post-978896","post","type-post","status-publish","format-standard","has-post-thumbnail","hentry","category-actualidad"],"aioseo_notices":[],"aioseo_head":"\n\t\t<!-- All in One SEO Pro 5.0.1 - aioseo.com -->\n\t<meta name=\"description\" content=\"El D\u00eda Mundial de la Higiene de Manos, que se celebra cada 5 de mayo, se dedica en esta ocasi\u00f3n a la prevenci\u00f3n de la sepsis. Esta celebraci\u00f3n est\u00e1 incluida dentro de la estrategia de la Organizaci\u00f3n Mundial de la Salud (OMS) SAVE LIVES: CLEAN YOUR HANDS, ya que la prevenci\u00f3n de las infecciones asociadas\" \/>\n\t<meta name=\"robots\" content=\"max-image-preview:large\" \/>\n\t<meta name=\"author\" content=\"El Digital de Asturias\"\/>\n\t<meta name=\"google-site-verification\" content=\"UA-38556648-1\" \/>\n\t<meta name=\"msvalidate.01\" content=\"7dfe9f3f1b24437ab69f4f2559babe99\" \/>\n\t<meta name=\"keywords\" content=\"actualidad\" \/>\n\t<link rel=\"canonical\" href=\"https:\/\/www.eldigitaldeasturias.com\/noticias\/dia-mundial-de-la-higiene-de-manos-en-aragon\/\" \/>\n\t<meta name=\"generator\" content=\"All in One SEO Pro (AIOSEO) 5.0.1\" \/>\n\t\t<meta property=\"og:locale\" content=\"es_ES\" \/>\n\t\t<meta property=\"og:site_name\" content=\"El Digital de Asturias\" \/>\n\t\t<meta property=\"og:type\" content=\"article\" \/>\n\t\t<meta property=\"og:title\" content=\"D\u00eda Mundial de la Higiene de Manos, en Arag\u00f3n - El Digital de Asturias\" \/>\n\t\t<meta property=\"og:description\" content=\"El D\u00eda Mundial de la Higiene de Manos, que se celebra cada 5 de mayo, se dedica en esta ocasi\u00f3n a la prevenci\u00f3n de la sepsis. Esta celebraci\u00f3n est\u00e1 incluida dentro de la estrategia de la Organizaci\u00f3n Mundial de la Salud (OMS) SAVE LIVES: CLEAN YOUR HANDS, ya que la prevenci\u00f3n de las infecciones asociadas\" \/>\n\t\t<meta property=\"og:url\" content=\"https:\/\/www.eldigitaldeasturias.com\/noticias\/dia-mundial-de-la-higiene-de-manos-en-aragon\/\" \/>\n\t\t<meta property=\"article:tag\" content=\"actualidad\" \/>\n\t\t<meta property=\"article:published_time\" content=\"2018-05-04T18:58:36+00:00\" \/>\n\t\t<meta property=\"article:modified_time\" content=\"2018-05-04T18:58:36+00:00\" \/>\n\t\t<meta property=\"article:publisher\" content=\"https:\/\/facebook.com\/eldigitaldeasturias\" \/>\n\t\t<meta name=\"twitter:card\" content=\"summary_large_image\" \/>\n\t\t<meta name=\"twitter:title\" content=\"D\u00eda Mundial de la Higiene de Manos, en Arag\u00f3n - El Digital de Asturias\" \/>\n\t\t<meta name=\"twitter:description\" content=\"El D\u00eda Mundial de la Higiene de Manos, que se celebra cada 5 de mayo, se dedica en esta ocasi\u00f3n a la prevenci\u00f3n de la sepsis. Esta celebraci\u00f3n est\u00e1 incluida dentro de la estrategia de la Organizaci\u00f3n Mundial de la Salud (OMS) SAVE LIVES: CLEAN YOUR HANDS, ya que la prevenci\u00f3n de las infecciones asociadas\" \/>\n\t\t<meta name=\"twitter:image\" content=\"https:\/\/www.eldigitaldeasturias.com\/noticias\/wp-content\/uploads\/2020\/12\/EDA-1.jpg\" \/>\n\t\t<meta name=\"twitter:label1\" content=\"Escrito por\" \/>\n\t\t<meta name=\"twitter:data1\" content=\"El Digital de Asturias\" \/>\n\t\t<meta name=\"twitter:label2\" content=\"Tiempo de lectura estimado\" \/>\n\t\t<meta name=\"twitter:data2\" content=\"1 minuto\" \/>\n\t\t<script type=\"application\/ld+json\" class=\"aioseo-schema\">\n\t\t\t{\"@context\":\"https:\\\/\\\/schema.org\",\"@graph\":[{\"@type\":\"BlogPosting\",\"@id\":\"https:\\\/\\\/www.eldigitaldeasturias.com\\\/noticias\\\/dia-mundial-de-la-higiene-de-manos-en-aragon\\\/#blogposting\",\"name\":\"D\\u00eda Mundial de la Higiene de Manos, en Arag\\u00f3n - El Digital de Asturias\",\"headline\":\"D\\u00eda Mundial de la Higiene de Manos, en Arag\\u00f3n\",\"author\":{\"@id\":\"https:\\\/\\\/www.eldigitaldeasturias.com\\\/noticias\\\/author\\\/admin\\\/#author\"},\"publisher\":{\"@id\":\"https:\\\/\\\/www.eldigitaldeasturias.com\\\/noticias\\\/#organization\"},\"image\":{\"@type\":\"ImageObject\",\"url\":978897},\"datePublished\":\"2018-05-04T18:58:36+02:00\",\"dateModified\":\"2018-05-04T18:58:36+02:00\",\"inLanguage\":\"es-ES\",\"mainEntityOfPage\":{\"@id\":\"https:\\\/\\\/www.eldigitaldeasturias.com\\\/noticias\\\/dia-mundial-de-la-higiene-de-manos-en-aragon\\\/#webpage\"},\"isPartOf\":{\"@id\":\"https:\\\/\\\/www.eldigitaldeasturias.com\\\/noticias\\\/dia-mundial-de-la-higiene-de-manos-en-aragon\\\/#webpage\"},\"articleSection\":\"Actualidad\"},{\"@type\":\"BreadcrumbList\",\"@id\":\"https:\\\/\\\/www.eldigitaldeasturias.com\\\/noticias\\\/dia-mundial-de-la-higiene-de-manos-en-aragon\\\/#breadcrumblist\",\"itemListElement\":[{\"@type\":\"ListItem\",\"@id\":\"https:\\\/\\\/www.eldigitaldeasturias.com\\\/noticias#listItem\",\"position\":1,\"name\":\"Home\",\"item\":\"https:\\\/\\\/www.eldigitaldeasturias.com\\\/noticias\",\"nextItem\":{\"@type\":\"ListItem\",\"@id\":\"https:\\\/\\\/www.eldigitaldeasturias.com\\\/noticias\\\/category\\\/actualidad\\\/#listItem\",\"name\":\"Actualidad\"}},{\"@type\":\"ListItem\",\"@id\":\"https:\\\/\\\/www.eldigitaldeasturias.com\\\/noticias\\\/category\\\/actualidad\\\/#listItem\",\"position\":2,\"name\":\"Actualidad\",\"item\":\"https:\\\/\\\/www.eldigitaldeasturias.com\\\/noticias\\\/category\\\/actualidad\\\/\",\"nextItem\":{\"@type\":\"ListItem\",\"@id\":\"https:\\\/\\\/www.eldigitaldeasturias.com\\\/noticias\\\/dia-mundial-de-la-higiene-de-manos-en-aragon\\\/#listItem\",\"name\":\"D\\u00eda Mundial de la Higiene de Manos, en Arag\\u00f3n\"},\"previousItem\":{\"@type\":\"ListItem\",\"@id\":\"https:\\\/\\\/www.eldigitaldeasturias.com\\\/noticias#listItem\",\"name\":\"Home\"}},{\"@type\":\"ListItem\",\"@id\":\"https:\\\/\\\/www.eldigitaldeasturias.com\\\/noticias\\\/dia-mundial-de-la-higiene-de-manos-en-aragon\\\/#listItem\",\"position\":3,\"name\":\"D\\u00eda Mundial de la Higiene de Manos, en Arag\\u00f3n\",\"previousItem\":{\"@type\":\"ListItem\",\"@id\":\"https:\\\/\\\/www.eldigitaldeasturias.com\\\/noticias\\\/category\\\/actualidad\\\/#listItem\",\"name\":\"Actualidad\"}}]},{\"@type\":\"Organization\",\"@id\":\"https:\\\/\\\/www.eldigitaldeasturias.com\\\/noticias\\\/#organization\",\"name\":\"El Digital de Asturias\",\"description\":\"Hemeroteca\",\"url\":\"https:\\\/\\\/www.eldigitaldeasturias.com\\\/noticias\\\/\",\"email\":\"info@eldigitaldeasturias.com\",\"telephone\":\"+34652131393\",\"logo\":{\"@type\":\"ImageObject\",\"url\":\"https:\\\/\\\/www.eldigitaldeasturias.com\\\/noticias\\\/wp-content\\\/uploads\\\/2020\\\/12\\\/EDA.jpg\",\"@id\":\"https:\\\/\\\/www.eldigitaldeasturias.com\\\/noticias\\\/dia-mundial-de-la-higiene-de-manos-en-aragon\\\/#organizationLogo\"},\"image\":{\"@id\":\"https:\\\/\\\/www.eldigitaldeasturias.com\\\/noticias\\\/dia-mundial-de-la-higiene-de-manos-en-aragon\\\/#organizationLogo\"},\"sameAs\":[\"https:\\\/\\\/facebook.com\\\/eldigitaldeasturias\",\"https:\\\/\\\/www.youtube.com\\\/channel\\\/UCZP-2wLEB9Rv6erhFmqVnvg\"],\"address\":{\"@id\":\"https:\\\/\\\/www.eldigitaldeasturias.com\\\/noticias\\\/#postaladdress\",\"@type\":\"PostalAddress\",\"streetAddress\":\"san antonio 4\",\"postalCode\":\"33430\",\"addressLocality\":\"Cand\\u00e1s\",\"addressRegion\":\"Asturias\",\"addressCountry\":\"ES\"}},{\"@type\":\"Person\",\"@id\":\"https:\\\/\\\/www.eldigitaldeasturias.com\\\/noticias\\\/author\\\/admin\\\/#author\",\"url\":\"https:\\\/\\\/www.eldigitaldeasturias.com\\\/noticias\\\/author\\\/admin\\\/\",\"name\":\"El Digital de Asturias\",\"image\":{\"@type\":\"ImageObject\",\"@id\":\"https:\\\/\\\/www.eldigitaldeasturias.com\\\/noticias\\\/dia-mundial-de-la-higiene-de-manos-en-aragon\\\/#authorImage\",\"url\":\"https:\\\/\\\/secure.gravatar.com\\\/avatar\\\/df2aeffc32bcd13f8d26072ef8a91b623d677766deac7f97ca815868cd41bf5e?s=96&d=mm&r=g\",\"width\":96,\"height\":96,\"caption\":\"El Digital de Asturias\"}},{\"@type\":\"WebPage\",\"@id\":\"https:\\\/\\\/www.eldigitaldeasturias.com\\\/noticias\\\/dia-mundial-de-la-higiene-de-manos-en-aragon\\\/#webpage\",\"url\":\"https:\\\/\\\/www.eldigitaldeasturias.com\\\/noticias\\\/dia-mundial-de-la-higiene-de-manos-en-aragon\\\/\",\"name\":\"D\\u00eda Mundial de la Higiene de Manos, en Arag\\u00f3n - El Digital de Asturias\",\"description\":\"El D\\u00eda Mundial de la Higiene de Manos, que se celebra cada 5 de mayo, se dedica en esta ocasi\\u00f3n a la prevenci\\u00f3n de la sepsis. Esta celebraci\\u00f3n est\\u00e1 incluida dentro de la estrategia de la Organizaci\\u00f3n Mundial de la Salud (OMS) SAVE LIVES: CLEAN YOUR HANDS, ya que la prevenci\\u00f3n de las infecciones asociadas\",\"inLanguage\":\"es-ES\",\"isPartOf\":{\"@id\":\"https:\\\/\\\/www.eldigitaldeasturias.com\\\/noticias\\\/#website\"},\"breadcrumb\":{\"@id\":\"https:\\\/\\\/www.eldigitaldeasturias.com\\\/noticias\\\/dia-mundial-de-la-higiene-de-manos-en-aragon\\\/#breadcrumblist\"},\"author\":{\"@id\":\"https:\\\/\\\/www.eldigitaldeasturias.com\\\/noticias\\\/author\\\/admin\\\/#author\"},\"creator\":{\"@id\":\"https:\\\/\\\/www.eldigitaldeasturias.com\\\/noticias\\\/author\\\/admin\\\/#author\"},\"image\":{\"@type\":\"ImageObject\",\"url\":978897,\"@id\":\"https:\\\/\\\/www.eldigitaldeasturias.com\\\/noticias\\\/dia-mundial-de-la-higiene-de-manos-en-aragon\\\/#mainImage\"},\"primaryImageOfPage\":{\"@id\":\"https:\\\/\\\/www.eldigitaldeasturias.com\\\/noticias\\\/dia-mundial-de-la-higiene-de-manos-en-aragon\\\/#mainImage\"},\"datePublished\":\"2018-05-04T18:58:36+02:00\",\"dateModified\":\"2018-05-04T18:58:36+02:00\"},{\"@type\":\"WebSite\",\"@id\":\"https:\\\/\\\/www.eldigitaldeasturias.com\\\/noticias\\\/#website\",\"url\":\"https:\\\/\\\/www.eldigitaldeasturias.com\\\/noticias\\\/\",\"name\":\"El Digital de Asturias - Diario de actualidad y noticias\",\"alternateName\":\"El Digital de Asturias - Diario de actualidad y noticias\",\"description\":\"Hemeroteca\",\"inLanguage\":\"es-ES\",\"publisher\":{\"@id\":\"https:\\\/\\\/www.eldigitaldeasturias.com\\\/noticias\\\/#organization\"}}]}\n\t\t<\/script>\n\t\t<!-- All in One SEO Pro -->\r\n\t\t<title>D\u00eda Mundial de la Higiene de Manos, en Arag\u00f3n - El Digital de Asturias<\/title>\n\n","aioseo_head_json":{"title":"D\u00eda Mundial de la Higiene de Manos, en Arag\u00f3n - El Digital de Asturias","description":"El D\u00eda Mundial de la Higiene de Manos, que se celebra cada 5 de mayo, se dedica en esta ocasi\u00f3n a la prevenci\u00f3n de la sepsis. Esta celebraci\u00f3n est\u00e1 incluida dentro de la estrategia de la Organizaci\u00f3n Mundial de la Salud (OMS) SAVE LIVES: CLEAN YOUR HANDS, ya que la prevenci\u00f3n de las infecciones asociadas","canonical_url":"https:\/\/www.eldigitaldeasturias.com\/noticias\/dia-mundial-de-la-higiene-de-manos-en-aragon\/","robots":"max-image-preview:large","keywords":"actualidad","webmasterTools":{"google-site-verification":"UA-38556648-1","msvalidate.01":"7dfe9f3f1b24437ab69f4f2559babe99","miscellaneous":""},"schema":{"@context":"https:\/\/schema.org","@graph":[{"@type":"BlogPosting","@id":"https:\/\/www.eldigitaldeasturias.com\/noticias\/dia-mundial-de-la-higiene-de-manos-en-aragon\/#blogposting","name":"D\u00eda Mundial de la Higiene de Manos, en Arag\u00f3n - El Digital de Asturias","headline":"D\u00eda Mundial de la Higiene de Manos, en Arag\u00f3n","author":{"@id":"https:\/\/www.eldigitaldeasturias.com\/noticias\/author\/admin\/#author"},"publisher":{"@id":"https:\/\/www.eldigitaldeasturias.com\/noticias\/#organization"},"image":{"@type":"ImageObject","url":978897},"datePublished":"2018-05-04T18:58:36+02:00","dateModified":"2018-05-04T18:58:36+02:00","inLanguage":"es-ES","mainEntityOfPage":{"@id":"https:\/\/www.eldigitaldeasturias.com\/noticias\/dia-mundial-de-la-higiene-de-manos-en-aragon\/#webpage"},"isPartOf":{"@id":"https:\/\/www.eldigitaldeasturias.com\/noticias\/dia-mundial-de-la-higiene-de-manos-en-aragon\/#webpage"},"articleSection":"Actualidad"},{"@type":"BreadcrumbList","@id":"https:\/\/www.eldigitaldeasturias.com\/noticias\/dia-mundial-de-la-higiene-de-manos-en-aragon\/#breadcrumblist","itemListElement":[{"@type":"ListItem","@id":"https:\/\/www.eldigitaldeasturias.com\/noticias#listItem","position":1,"name":"Home","item":"https:\/\/www.eldigitaldeasturias.com\/noticias","nextItem":{"@type":"ListItem","@id":"https:\/\/www.eldigitaldeasturias.com\/noticias\/category\/actualidad\/#listItem","name":"Actualidad"}},{"@type":"ListItem","@id":"https:\/\/www.eldigitaldeasturias.com\/noticias\/category\/actualidad\/#listItem","position":2,"name":"Actualidad","item":"https:\/\/www.eldigitaldeasturias.com\/noticias\/category\/actualidad\/","nextItem":{"@type":"ListItem","@id":"https:\/\/www.eldigitaldeasturias.com\/noticias\/dia-mundial-de-la-higiene-de-manos-en-aragon\/#listItem","name":"D\u00eda Mundial de la Higiene de Manos, en Arag\u00f3n"},"previousItem":{"@type":"ListItem","@id":"https:\/\/www.eldigitaldeasturias.com\/noticias#listItem","name":"Home"}},{"@type":"ListItem","@id":"https:\/\/www.eldigitaldeasturias.com\/noticias\/dia-mundial-de-la-higiene-de-manos-en-aragon\/#listItem","position":3,"name":"D\u00eda Mundial de la Higiene de Manos, en Arag\u00f3n","previousItem":{"@type":"ListItem","@id":"https:\/\/www.eldigitaldeasturias.com\/noticias\/category\/actualidad\/#listItem","name":"Actualidad"}}]},{"@type":"Organization","@id":"https:\/\/www.eldigitaldeasturias.com\/noticias\/#organization","name":"El Digital de Asturias","description":"Hemeroteca","url":"https:\/\/www.eldigitaldeasturias.com\/noticias\/","email":"info@eldigitaldeasturias.com","telephone":"+34652131393","logo":{"@type":"ImageObject","url":"https:\/\/www.eldigitaldeasturias.com\/noticias\/wp-content\/uploads\/2020\/12\/EDA.jpg","@id":"https:\/\/www.eldigitaldeasturias.com\/noticias\/dia-mundial-de-la-higiene-de-manos-en-aragon\/#organizationLogo"},"image":{"@id":"https:\/\/www.eldigitaldeasturias.com\/noticias\/dia-mundial-de-la-higiene-de-manos-en-aragon\/#organizationLogo"},"sameAs":["https:\/\/facebook.com\/eldigitaldeasturias","https:\/\/www.youtube.com\/channel\/UCZP-2wLEB9Rv6erhFmqVnvg"],"address":{"@id":"https:\/\/www.eldigitaldeasturias.com\/noticias\/#postaladdress","@type":"PostalAddress","streetAddress":"san antonio 4","postalCode":"33430","addressLocality":"Cand\u00e1s","addressRegion":"Asturias","addressCountry":"ES"}},{"@type":"Person","@id":"https:\/\/www.eldigitaldeasturias.com\/noticias\/author\/admin\/#author","url":"https:\/\/www.eldigitaldeasturias.com\/noticias\/author\/admin\/","name":"El Digital de Asturias","image":{"@type":"ImageObject","@id":"https:\/\/www.eldigitaldeasturias.com\/noticias\/dia-mundial-de-la-higiene-de-manos-en-aragon\/#authorImage","url":"https:\/\/secure.gravatar.com\/avatar\/df2aeffc32bcd13f8d26072ef8a91b623d677766deac7f97ca815868cd41bf5e?s=96&d=mm&r=g","width":96,"height":96,"caption":"El Digital de Asturias"}},{"@type":"WebPage","@id":"https:\/\/www.eldigitaldeasturias.com\/noticias\/dia-mundial-de-la-higiene-de-manos-en-aragon\/#webpage","url":"https:\/\/www.eldigitaldeasturias.com\/noticias\/dia-mundial-de-la-higiene-de-manos-en-aragon\/","name":"D\u00eda Mundial de la Higiene de Manos, en Arag\u00f3n - El Digital de Asturias","description":"El D\u00eda Mundial de la Higiene de Manos, que se celebra cada 5 de mayo, se dedica en esta ocasi\u00f3n a la prevenci\u00f3n de la sepsis. Esta celebraci\u00f3n est\u00e1 incluida dentro de la estrategia de la Organizaci\u00f3n Mundial de la Salud (OMS) SAVE LIVES: CLEAN YOUR HANDS, ya que la prevenci\u00f3n de las infecciones asociadas","inLanguage":"es-ES","isPartOf":{"@id":"https:\/\/www.eldigitaldeasturias.com\/noticias\/#website"},"breadcrumb":{"@id":"https:\/\/www.eldigitaldeasturias.com\/noticias\/dia-mundial-de-la-higiene-de-manos-en-aragon\/#breadcrumblist"},"author":{"@id":"https:\/\/www.eldigitaldeasturias.com\/noticias\/author\/admin\/#author"},"creator":{"@id":"https:\/\/www.eldigitaldeasturias.com\/noticias\/author\/admin\/#author"},"image":{"@type":"ImageObject","url":978897,"@id":"https:\/\/www.eldigitaldeasturias.com\/noticias\/dia-mundial-de-la-higiene-de-manos-en-aragon\/#mainImage"},"primaryImageOfPage":{"@id":"https:\/\/www.eldigitaldeasturias.com\/noticias\/dia-mundial-de-la-higiene-de-manos-en-aragon\/#mainImage"},"datePublished":"2018-05-04T18:58:36+02:00","dateModified":"2018-05-04T18:58:36+02:00"},{"@type":"WebSite","@id":"https:\/\/www.eldigitaldeasturias.com\/noticias\/#website","url":"https:\/\/www.eldigitaldeasturias.com\/noticias\/","name":"El Digital de Asturias - Diario de actualidad y noticias","alternateName":"El Digital de Asturias - Diario de actualidad y noticias","description":"Hemeroteca","inLanguage":"es-ES","publisher":{"@id":"https:\/\/www.eldigitaldeasturias.com\/noticias\/#organization"}}]},"og:locale":"es_ES","og:site_name":"El Digital de Asturias","og:type":"article","og:title":"D\u00eda Mundial de la Higiene de Manos, en Arag\u00f3n - El Digital de Asturias","og:description":"El D\u00eda Mundial de la Higiene de Manos, que se celebra cada 5 de mayo, se dedica en esta ocasi\u00f3n a la prevenci\u00f3n de la sepsis. Esta celebraci\u00f3n est\u00e1 incluida dentro de la estrategia de la Organizaci\u00f3n Mundial de la Salud (OMS) SAVE LIVES: CLEAN YOUR HANDS, ya que la prevenci\u00f3n de las infecciones asociadas","og:url":"https:\/\/www.eldigitaldeasturias.com\/noticias\/dia-mundial-de-la-higiene-de-manos-en-aragon\/","article:tag":["actualidad"],"article:published_time":"2018-05-04T18:58:36+00:00","article:modified_time":"2018-05-04T18:58:36+00:00","article:publisher":"https:\/\/facebook.com\/eldigitaldeasturias","twitter:card":"summary_large_image","twitter:title":"D\u00eda Mundial de la Higiene de Manos, en Arag\u00f3n - El Digital de Asturias","twitter:description":"El D\u00eda Mundial de la Higiene de Manos, que se celebra cada 5 de mayo, se dedica en esta ocasi\u00f3n a la prevenci\u00f3n de la sepsis. Esta celebraci\u00f3n est\u00e1 incluida dentro de la estrategia de la Organizaci\u00f3n Mundial de la Salud (OMS) SAVE LIVES: CLEAN YOUR HANDS, ya que la prevenci\u00f3n de las infecciones asociadas","twitter:image":"https:\/\/www.eldigitaldeasturias.com\/noticias\/wp-content\/uploads\/2020\/12\/EDA-1.jpg","twitter:label1":"Escrito por","twitter:data1":"El Digital de Asturias","twitter:label2":"Tiempo de lectura estimado","twitter:data2":"1 minuto"},"aioseo_meta_data":{"post_id":"978896","title":null,"description":null,"keywords":null,"keyphrases":null,"primary_term":null,"canonical_url":null,"og_title":null,"og_description":null,"og_object_type":"default","og_image_type":"default","og_image_url":null,"og_image_width":null,"og_image_height":null,"og_image_custom_url":null,"og_image_custom_fields":null,"og_video":null,"og_custom_url":null,"og_article_section":null,"og_article_tags":null,"twitter_use_og":false,"twitter_card":"default","twitter_image_type":"default","twitter_image_url":null,"twitter_image_custom_url":null,"twitter_image_custom_fields":null,"twitter_title":null,"twitter_description":null,"schema":{"blockGraphs":[],"customGraphs":[],"default":{"data":{"Article":[],"Course":[],"Dataset":[],"FAQPage":[],"Movie":[],"Person":[],"Product":[],"ProductReview":[],"Car":[],"Recipe":[],"Service":[],"SoftwareApplication":[],"WebPage":[]},"graphName":"","isEnabled":true},"graphs":[],"defaultGraph":"","defaultPostTypeGraph":""},"schema_type":null,"schema_type_options":null,"pillar_content":false,"robots_default":true,"robots_noindex":false,"robots_noarchive":false,"robots_nosnippet":false,"robots_nofollow":false,"robots_noimageindex":false,"robots_noodp":false,"robots_notranslate":false,"robots_max_snippet":null,"robots_max_videopreview":null,"robots_max_imagepreview":"large","priority":null,"frequency":null,"local_seo":null,"seo_analyzer_scan_date":"2025-10-08 12:27:01","breadcrumb_settings":null,"limit_modified_date":false,"open_ai":null,"ai":null,"created":"2020-12-21 12:01:36","updated":"2025-10-08 12:27:01","focus_keyword":null,"additional_keywords":null,"truseo_locale":null},"aioseo_breadcrumb":"<div class=\"aioseo-breadcrumbs\"><span class=\"aioseo-breadcrumb\">\n\t<a href=\"https:\/\/www.eldigitaldeasturias.com\/noticias\" title=\"Home\">Home<\/a>\n<\/span><span class=\"aioseo-breadcrumb-separator\">\u2013<\/span><span class=\"aioseo-breadcrumb\">\n\t<a href=\"https:\/\/www.eldigitaldeasturias.com\/noticias\/category\/actualidad\/\" title=\"Actualidad\">Actualidad<\/a>\n<\/span><span class=\"aioseo-breadcrumb-separator\">\u2013<\/span><span class=\"aioseo-breadcrumb\">\n\t<a href=\"https:\/\/www.eldigitaldeasturias.com\/noticias\/dia-mundial-de-la-higiene-de-manos-en-aragon\/\" title=\"D\u00eda Mundial de la Higiene de Manos, en Arag\u00f3n\">D\u00eda Mundial de la Higiene de Manos, en Arag\u00f3n<\/a>\n<\/span><\/div>","aioseo_breadcrumb_json":[{"label":"Home","link":"https:\/\/www.eldigitaldeasturias.com\/noticias"},{"label":"Actualidad","link":"https:\/\/www.eldigitaldeasturias.com\/noticias\/category\/actualidad\/"},{"label":"D\u00eda Mundial de la Higiene de Manos, en Arag\u00f3n","link":"https:\/\/www.eldigitaldeasturias.com\/noticias\/dia-mundial-de-la-higiene-de-manos-en-aragon\/"}],"_links":{"self":[{"href":"https:\/\/www.eldigitaldeasturias.com\/noticias\/wp-json\/wp\/v2\/posts\/978896","targetHints":{"allow":["GET"]}}],"collection":[{"href":"https:\/\/www.eldigitaldeasturias.com\/noticias\/wp-json\/wp\/v2\/posts"}],"about":[{"href":"https:\/\/www.eldigitaldeasturias.com\/noticias\/wp-json\/wp\/v2\/types\/post"}],"author":[{"embeddable":true,"href":"https:\/\/www.eldigitaldeasturias.com\/noticias\/wp-json\/wp\/v2\/users\/1"}],"replies":[{"embeddable":true,"href":"https:\/\/www.eldigitaldeasturias.com\/noticias\/wp-json\/wp\/v2\/comments?post=978896"}],"version-history":[{"count":0,"href":"https:\/\/www.eldigitaldeasturias.com\/noticias\/wp-json\/wp\/v2\/posts\/978896\/revisions"}],"wp:attachment":[{"href":"https:\/\/www.eldigitaldeasturias.com\/noticias\/wp-json\/wp\/v2\/media?parent=978896"}],"wp:term":[{"taxonomy":"category","embeddable":true,"href":"https:\/\/www.eldigitaldeasturias.com\/noticias\/wp-json\/wp\/v2\/categories?post=978896"},{"taxonomy":"post_tag","embeddable":true,"href":"https:\/\/www.eldigitaldeasturias.com\/noticias\/wp-json\/wp\/v2\/tags?post=978896"}],"curies":[{"name":"wp","href":"https:\/\/api.w.org\/{rel}","templated":true}]}}