{"id":978845,"date":"2018-05-04T13:28:48","date_gmt":"2018-05-04T13:28:48","guid":{"rendered":"http:\/\/www.eldigitaldeasturias.com\/noticias\/?p=978845"},"modified":"2018-05-04T13:28:48","modified_gmt":"2018-05-04T13:28:48","slug":"aprobado-el-ii-plan-de-desarrollo-sostenible-de-la-sierra-de-aracena","status":"publish","type":"post","link":"https:\/\/www.eldigitaldeasturias.com\/noticias\/aprobado-el-ii-plan-de-desarrollo-sostenible-de-la-sierra-de-aracena\/","title":{"rendered":"Aprobado el II Plan de Desarrollo Sostenible de la Sierra de Aracena"},"content":{"rendered":"<p><img loading=\"lazy\" decoding=\"async\" class=\"alignleft size-medium wp-image-978846\" src=\"https:\/\/www.eldigitaldeasturias.com\/noticias\/wp-content\/uploads\/2018\/05\/aracena-360x212.jpg\" alt=\"\" width=\"360\" height=\"212\" \/>El Consejo de Gobierno ha aprobado el II Plan de Desarrollo Sostenible (PDS) del Parque Natural de la Sierra de Aracena y Picos de Aroche (Huelva), que contribuir\u00e1 a la mejora socioecon\u00f3mica de este espacio protegido y su \u00e1rea de influencia con unas inversiones de 34,2 millones de euros en sus tres primeros a\u00f1os de aplicaci\u00f3n.<\/p>\n<p>La nueva planificaci\u00f3n, que sustituye a la vigente desde 2004, beneficiar\u00e1 a una poblaci\u00f3n de 37.000 habitantes repartida en 28 municipios: Al\u00e1jar, Almonaster la Real, Aracena, Aroche, Arroyomolinos de Le\u00f3n, Cala, Ca\u00f1averal de Le\u00f3n, Casta\u00f1o del Robledo, Corteconcepci\u00f3n, Cortegana, Cortelazor, Cumbres de Enmedio, Cumbres de San Bartolom\u00e9, Cumbres Mayores, Encinasola, Fuenteheridos, Galaroza, Higuera de la Sierra, Hinojales, Jabugo, Linares de la Sierra, Los Marines, La Nava, Puerto Moral, Santa Ana la Real, Santa Olalla de Cala, Valdelarco y Zufre.<\/p>\n<p>El PDS, cofinanciado por los fondos europeos Feader y Feder, se desarrollar\u00e1 a trav\u00e9s de programas operativos trianuales, revisables cada a\u00f1o y orientados a integrar los procesos productivos y naturales con iniciativas locales generadoras de riqueza y compatibles con la conservaci\u00f3n de los ecosistemas.<\/p>\n<p>El documento, elaborado en colaboraci\u00f3n con empresas, trabajadores, administraciones p\u00fablicas y otras entidades, recoge 40 medidas agrupadas en seis grandes objetivos: mejorar conservaci\u00f3n y el aprovechamiento sostenible de los recursos naturales; fortalecer las estructuras productivas bajo criterios de sostenibilidad, innovaci\u00f3n y calidad en el empleo; preservar y difundir el patrimonio natural y cultural; promover la formaci\u00f3n y el empleo; desarrollar las infraestructuras y equipamientos b\u00e1sicos, e impulsar la coordinaci\u00f3n entre las instituciones y la participaci\u00f3n ciudadana.<\/p>\n<p>En el primero de estos cap\u00edtulos, adem\u00e1s de la protecci\u00f3n de los h\u00e1bitats y especies de la fauna y de la flora, el plan establece la elaboraci\u00f3n de un plan estrat\u00e9gico del casta\u00f1ar y otorga especial atenci\u00f3n a las medidas para el mantenimiento de la dehesa como el principal sistema de explotaci\u00f3n sostenible de los recursos naturales de la comarca.<\/p>\n<p>El bloque de medidas para el fortalecimiento de las estructuras productivas se centrar\u00e1 tambi\u00e9n en estos dos ecosistemas y en los aprovechamientos forestales, la reactivaci\u00f3n del mercado del corcho, el desarrollo tur\u00edstico, la industria agroalimentaria y la mejora de la rentabilidad y competitividad de cultivos tradicionales como el olivar.<\/p>\n<p>Para dar un mayor valor al patrimonio natural y cultural, el PDS recoge iniciativas de fortalecimiento y divulgaci\u00f3n de la Marca Parque Natural en el exterior; adecuaci\u00f3n de nuevos espacios recreativos y de uso p\u00fablico; mejora de la comunicaci\u00f3n a trav\u00e9s de internet, y fomento de los productos agroalimentarios y la gastronom\u00eda como atractivo tur\u00edstico, especialmente la vinculada al cerdo ib\u00e9rico.<\/p>\n<p>En el \u00e1mbito de la profesionalizaci\u00f3n y el empleo, las principales medidas se dirigen al fomento del teletrabajo y la teleeducaci\u00f3n; el apoyo a la creaci\u00f3n de peque\u00f1as empresas y al asociacionismo empresarial, y el fomento de la producci\u00f3n ecol\u00f3gica agr\u00edcola y ganadera, mientras que en materia de infraestructuras y equipamientos se desarrollar\u00e1n sistemas de generaci\u00f3n de energ\u00eda renovables, con especial atenci\u00f3n al uso de la biomasa para usos finales t\u00e9rmicos.<\/p>\n<p><strong>Destino de turismo interior<\/strong><\/p>\n<p>La estrategia aprobada por el Consejo dar\u00e1 continuidad al primer PDS aplicado desde 2004. Durante su periodo de vigencia, destac\u00f3 la creaci\u00f3n de nuevos parques empresariales e industriales en varios municipios de la comarca, el Centro de Defensa Forestal de Galaroza, el Punto de Informaci\u00f3n Micol\u00f3gica del Parque Natural, el Centro de Interpretaci\u00f3n del Cerdo Ib\u00e9rico, el Centro Tecnol\u00f3gico Andaluz del Sector C\u00e1rnico, el Mercado Artesanal del Queso y la red de miradores.<\/p>\n<p>El respaldo al tejido productivo ha tenido un especial reflejo en el aumento de la oferta tur\u00edstica y la consolidaci\u00f3n de la Sierra de Aracena como uno de los principales destinos andaluces de interior y naturaleza. Actualmente est\u00e1n registradas en la zona 113 casas rurales y 35 establecimientos hoteleros, entre otros alojamientos.<\/p>\n<p>El Parque Natural de la Sierra de Aracena y Picos de Aroche, declarado en 1989, ocupa la franja norte de la provincia de Huelva y es el segundo de Andaluc\u00eda por su extensi\u00f3n, con un total de 186.827 hect\u00e1reas.<\/p>\n<p>Situado en el extremo occidental de Sierra Morena y atravesado por tres cuencas hidrogr\u00e1ficas (Guadalquivir, Guadiana y Odiel), este territorio se caracteriza por la presencia de amplias dehesas de alcornoques y encinas, que durante siglos han configurado un modelo de equilibrio entre actividad humana y conservaci\u00f3n del medio. Su diversidad vegetal se completa con una amplia representaci\u00f3n del matorral mediterr\u00e1neo noble y del bosque de ribera, adem\u00e1s de numerosos olivares, casta\u00f1ares, pastizales, huertos, frutales y \u00e1reas forestales de pinos pi\u00f1oneros y mar\u00edtimos.<\/p>\n<p>Esta riqueza de ecosistemas favorece la existencia de una gran variedad de especies de la fauna silvestre. Las rapaces est\u00e1n representadas principalmente por el milano real, el b\u00faho real, el azor, el halc\u00f3n y las \u00e1guilas real, culebrera, calzada y perdicera. Entre los mam\u00edferos, figuran la nutria, el tej\u00f3n, el tur\u00f3n, el meloncillo, la gardu\u00f1a, la gineta, el jabal\u00ed, el ciervo y el gato mont\u00e9s. La Sierra de Aracena es el principal enclave de nidificaci\u00f3n de la cig\u00fce\u00f1a negra en Andaluc\u00eda y sus riberas y embalses acogen a nueve especies pisc\u00edcolas end\u00e9micas.<\/p>\n<p>Desde el punto de vista socioecon\u00f3mico, este espacio protegido ha destacado tradicionalmente por el aprovechamiento ganadero de la dehesa, basado en la cr\u00eda en montanera de una selecta y abundante caba\u00f1a porcina, actividad que ha permitido la creaci\u00f3n de importantes industrias agroalimentarias en localidades como Jabugo, Cortegana y Cumbres Mayores. El corcho, la casta\u00f1a y las huertas y frutales, que ocupan las vegas m\u00e1s h\u00famedas, dan lugar a otros tantos aprovechamientos tradicionales. Durante las \u00faltimas d\u00e9cadas, coincidiendo con su reconocimiento como parque natural, la comarca ha experimentado tambi\u00e9n una creciente demanda tur\u00edstica.<\/p>\n","protected":false},"excerpt":{"rendered":"<p>El Consejo de Gobierno ha aprobado el II Plan de Desarrollo Sostenible (PDS) del Parque Natural de la Sierra de Aracena y Picos de Aroche (Huelva), que contribuir\u00e1 a la mejora socioecon\u00f3mica de este espacio protegido y su \u00e1rea de influencia con unas inversiones de 34,2 millones de euros en sus tres primeros a\u00f1os de [&hellip;]<\/p>\n","protected":false},"author":1,"featured_media":978846,"comment_status":"closed","ping_status":"closed","sticky":false,"template":"","format":"standard","meta":{"footnotes":""},"categories":[1],"tags":[],"class_list":["post-978845","post","type-post","status-publish","format-standard","has-post-thumbnail","hentry","category-actualidad"],"aioseo_notices":[],"aioseo_head":"\n\t\t<!-- All in One SEO Pro 5.0.1 - aioseo.com -->\n\t<meta name=\"description\" content=\"El Consejo de Gobierno ha aprobado el II Plan de Desarrollo Sostenible (PDS) del Parque Natural de la Sierra de Aracena y Picos de Aroche (Huelva), que contribuir\u00e1 a la mejora socioecon\u00f3mica de este espacio protegido y su \u00e1rea de influencia con unas inversiones de 34,2 millones de euros en sus tres primeros a\u00f1os de\" \/>\n\t<meta name=\"robots\" content=\"max-image-preview:large\" \/>\n\t<meta name=\"author\" content=\"El Digital de Asturias\"\/>\n\t<meta name=\"google-site-verification\" content=\"UA-38556648-1\" \/>\n\t<meta name=\"msvalidate.01\" content=\"7dfe9f3f1b24437ab69f4f2559babe99\" \/>\n\t<meta name=\"keywords\" content=\"actualidad\" \/>\n\t<link rel=\"canonical\" href=\"https:\/\/www.eldigitaldeasturias.com\/noticias\/aprobado-el-ii-plan-de-desarrollo-sostenible-de-la-sierra-de-aracena\/\" \/>\n\t<meta name=\"generator\" content=\"All in One SEO Pro (AIOSEO) 5.0.1\" \/>\n\t\t<meta property=\"og:locale\" content=\"es_ES\" \/>\n\t\t<meta property=\"og:site_name\" content=\"El Digital de Asturias\" \/>\n\t\t<meta property=\"og:type\" content=\"article\" \/>\n\t\t<meta property=\"og:title\" content=\"Aprobado el II Plan de Desarrollo Sostenible de la Sierra de Aracena - El Digital de Asturias\" \/>\n\t\t<meta property=\"og:description\" content=\"El Consejo de Gobierno ha aprobado el II Plan de Desarrollo Sostenible (PDS) del Parque Natural de la Sierra de Aracena y Picos de Aroche (Huelva), que contribuir\u00e1 a la mejora socioecon\u00f3mica de este espacio protegido y su \u00e1rea de influencia con unas inversiones de 34,2 millones de euros en sus tres primeros a\u00f1os de\" \/>\n\t\t<meta property=\"og:url\" content=\"https:\/\/www.eldigitaldeasturias.com\/noticias\/aprobado-el-ii-plan-de-desarrollo-sostenible-de-la-sierra-de-aracena\/\" \/>\n\t\t<meta property=\"article:tag\" content=\"actualidad\" \/>\n\t\t<meta property=\"article:published_time\" content=\"2018-05-04T13:28:48+00:00\" \/>\n\t\t<meta property=\"article:modified_time\" content=\"2018-05-04T13:28:48+00:00\" \/>\n\t\t<meta property=\"article:publisher\" content=\"https:\/\/facebook.com\/eldigitaldeasturias\" \/>\n\t\t<meta name=\"twitter:card\" content=\"summary_large_image\" \/>\n\t\t<meta name=\"twitter:title\" content=\"Aprobado el II Plan de Desarrollo Sostenible de la Sierra de Aracena - El Digital de Asturias\" \/>\n\t\t<meta name=\"twitter:description\" content=\"El Consejo de Gobierno ha aprobado el II Plan de Desarrollo Sostenible (PDS) del Parque Natural de la Sierra de Aracena y Picos de Aroche (Huelva), que contribuir\u00e1 a la mejora socioecon\u00f3mica de este espacio protegido y su \u00e1rea de influencia con unas inversiones de 34,2 millones de euros en sus tres primeros a\u00f1os de\" \/>\n\t\t<meta name=\"twitter:image\" content=\"https:\/\/www.eldigitaldeasturias.com\/noticias\/wp-content\/uploads\/2020\/12\/EDA-1.jpg\" \/>\n\t\t<meta name=\"twitter:label1\" content=\"Escrito por\" \/>\n\t\t<meta name=\"twitter:data1\" content=\"El Digital de Asturias\" \/>\n\t\t<meta name=\"twitter:label2\" content=\"Tiempo de lectura estimado\" \/>\n\t\t<meta name=\"twitter:data2\" content=\"5 minutos\" \/>\n\t\t<script type=\"application\/ld+json\" class=\"aioseo-schema\">\n\t\t\t{\"@context\":\"https:\\\/\\\/schema.org\",\"@graph\":[{\"@type\":\"BlogPosting\",\"@id\":\"https:\\\/\\\/www.eldigitaldeasturias.com\\\/noticias\\\/aprobado-el-ii-plan-de-desarrollo-sostenible-de-la-sierra-de-aracena\\\/#blogposting\",\"name\":\"Aprobado el II Plan de Desarrollo Sostenible de la Sierra de Aracena - El Digital de Asturias\",\"headline\":\"Aprobado el II Plan de Desarrollo Sostenible de la Sierra de Aracena\",\"author\":{\"@id\":\"https:\\\/\\\/www.eldigitaldeasturias.com\\\/noticias\\\/author\\\/admin\\\/#author\"},\"publisher\":{\"@id\":\"https:\\\/\\\/www.eldigitaldeasturias.com\\\/noticias\\\/#organization\"},\"image\":{\"@type\":\"ImageObject\",\"url\":978846},\"datePublished\":\"2018-05-04T13:28:48+02:00\",\"dateModified\":\"2018-05-04T13:28:48+02:00\",\"inLanguage\":\"es-ES\",\"mainEntityOfPage\":{\"@id\":\"https:\\\/\\\/www.eldigitaldeasturias.com\\\/noticias\\\/aprobado-el-ii-plan-de-desarrollo-sostenible-de-la-sierra-de-aracena\\\/#webpage\"},\"isPartOf\":{\"@id\":\"https:\\\/\\\/www.eldigitaldeasturias.com\\\/noticias\\\/aprobado-el-ii-plan-de-desarrollo-sostenible-de-la-sierra-de-aracena\\\/#webpage\"},\"articleSection\":\"Actualidad\"},{\"@type\":\"BreadcrumbList\",\"@id\":\"https:\\\/\\\/www.eldigitaldeasturias.com\\\/noticias\\\/aprobado-el-ii-plan-de-desarrollo-sostenible-de-la-sierra-de-aracena\\\/#breadcrumblist\",\"itemListElement\":[{\"@type\":\"ListItem\",\"@id\":\"https:\\\/\\\/www.eldigitaldeasturias.com\\\/noticias#listItem\",\"position\":1,\"name\":\"Home\",\"item\":\"https:\\\/\\\/www.eldigitaldeasturias.com\\\/noticias\",\"nextItem\":{\"@type\":\"ListItem\",\"@id\":\"https:\\\/\\\/www.eldigitaldeasturias.com\\\/noticias\\\/category\\\/actualidad\\\/#listItem\",\"name\":\"Actualidad\"}},{\"@type\":\"ListItem\",\"@id\":\"https:\\\/\\\/www.eldigitaldeasturias.com\\\/noticias\\\/category\\\/actualidad\\\/#listItem\",\"position\":2,\"name\":\"Actualidad\",\"item\":\"https:\\\/\\\/www.eldigitaldeasturias.com\\\/noticias\\\/category\\\/actualidad\\\/\",\"nextItem\":{\"@type\":\"ListItem\",\"@id\":\"https:\\\/\\\/www.eldigitaldeasturias.com\\\/noticias\\\/aprobado-el-ii-plan-de-desarrollo-sostenible-de-la-sierra-de-aracena\\\/#listItem\",\"name\":\"Aprobado el II Plan de Desarrollo Sostenible de la Sierra de Aracena\"},\"previousItem\":{\"@type\":\"ListItem\",\"@id\":\"https:\\\/\\\/www.eldigitaldeasturias.com\\\/noticias#listItem\",\"name\":\"Home\"}},{\"@type\":\"ListItem\",\"@id\":\"https:\\\/\\\/www.eldigitaldeasturias.com\\\/noticias\\\/aprobado-el-ii-plan-de-desarrollo-sostenible-de-la-sierra-de-aracena\\\/#listItem\",\"position\":3,\"name\":\"Aprobado el II Plan de Desarrollo Sostenible de la Sierra de Aracena\",\"previousItem\":{\"@type\":\"ListItem\",\"@id\":\"https:\\\/\\\/www.eldigitaldeasturias.com\\\/noticias\\\/category\\\/actualidad\\\/#listItem\",\"name\":\"Actualidad\"}}]},{\"@type\":\"Organization\",\"@id\":\"https:\\\/\\\/www.eldigitaldeasturias.com\\\/noticias\\\/#organization\",\"name\":\"El Digital de Asturias\",\"description\":\"Hemeroteca\",\"url\":\"https:\\\/\\\/www.eldigitaldeasturias.com\\\/noticias\\\/\",\"email\":\"info@eldigitaldeasturias.com\",\"telephone\":\"+34652131393\",\"logo\":{\"@type\":\"ImageObject\",\"url\":\"https:\\\/\\\/www.eldigitaldeasturias.com\\\/noticias\\\/wp-content\\\/uploads\\\/2020\\\/12\\\/EDA.jpg\",\"@id\":\"https:\\\/\\\/www.eldigitaldeasturias.com\\\/noticias\\\/aprobado-el-ii-plan-de-desarrollo-sostenible-de-la-sierra-de-aracena\\\/#organizationLogo\"},\"image\":{\"@id\":\"https:\\\/\\\/www.eldigitaldeasturias.com\\\/noticias\\\/aprobado-el-ii-plan-de-desarrollo-sostenible-de-la-sierra-de-aracena\\\/#organizationLogo\"},\"sameAs\":[\"https:\\\/\\\/facebook.com\\\/eldigitaldeasturias\",\"https:\\\/\\\/www.youtube.com\\\/channel\\\/UCZP-2wLEB9Rv6erhFmqVnvg\"],\"address\":{\"@id\":\"https:\\\/\\\/www.eldigitaldeasturias.com\\\/noticias\\\/#postaladdress\",\"@type\":\"PostalAddress\",\"streetAddress\":\"san antonio 4\",\"postalCode\":\"33430\",\"addressLocality\":\"Cand\\u00e1s\",\"addressRegion\":\"Asturias\",\"addressCountry\":\"ES\"}},{\"@type\":\"Person\",\"@id\":\"https:\\\/\\\/www.eldigitaldeasturias.com\\\/noticias\\\/author\\\/admin\\\/#author\",\"url\":\"https:\\\/\\\/www.eldigitaldeasturias.com\\\/noticias\\\/author\\\/admin\\\/\",\"name\":\"El Digital de Asturias\",\"image\":{\"@type\":\"ImageObject\",\"@id\":\"https:\\\/\\\/www.eldigitaldeasturias.com\\\/noticias\\\/aprobado-el-ii-plan-de-desarrollo-sostenible-de-la-sierra-de-aracena\\\/#authorImage\",\"url\":\"https:\\\/\\\/secure.gravatar.com\\\/avatar\\\/df2aeffc32bcd13f8d26072ef8a91b623d677766deac7f97ca815868cd41bf5e?s=96&d=mm&r=g\",\"width\":96,\"height\":96,\"caption\":\"El Digital de Asturias\"}},{\"@type\":\"WebPage\",\"@id\":\"https:\\\/\\\/www.eldigitaldeasturias.com\\\/noticias\\\/aprobado-el-ii-plan-de-desarrollo-sostenible-de-la-sierra-de-aracena\\\/#webpage\",\"url\":\"https:\\\/\\\/www.eldigitaldeasturias.com\\\/noticias\\\/aprobado-el-ii-plan-de-desarrollo-sostenible-de-la-sierra-de-aracena\\\/\",\"name\":\"Aprobado el II Plan de Desarrollo Sostenible de la Sierra de Aracena - El Digital de Asturias\",\"description\":\"El Consejo de Gobierno ha aprobado el II Plan de Desarrollo Sostenible (PDS) del Parque Natural de la Sierra de Aracena y Picos de Aroche (Huelva), que contribuir\\u00e1 a la mejora socioecon\\u00f3mica de este espacio protegido y su \\u00e1rea de influencia con unas inversiones de 34,2 millones de euros en sus tres primeros a\\u00f1os de\",\"inLanguage\":\"es-ES\",\"isPartOf\":{\"@id\":\"https:\\\/\\\/www.eldigitaldeasturias.com\\\/noticias\\\/#website\"},\"breadcrumb\":{\"@id\":\"https:\\\/\\\/www.eldigitaldeasturias.com\\\/noticias\\\/aprobado-el-ii-plan-de-desarrollo-sostenible-de-la-sierra-de-aracena\\\/#breadcrumblist\"},\"author\":{\"@id\":\"https:\\\/\\\/www.eldigitaldeasturias.com\\\/noticias\\\/author\\\/admin\\\/#author\"},\"creator\":{\"@id\":\"https:\\\/\\\/www.eldigitaldeasturias.com\\\/noticias\\\/author\\\/admin\\\/#author\"},\"image\":{\"@type\":\"ImageObject\",\"url\":978846,\"@id\":\"https:\\\/\\\/www.eldigitaldeasturias.com\\\/noticias\\\/aprobado-el-ii-plan-de-desarrollo-sostenible-de-la-sierra-de-aracena\\\/#mainImage\"},\"primaryImageOfPage\":{\"@id\":\"https:\\\/\\\/www.eldigitaldeasturias.com\\\/noticias\\\/aprobado-el-ii-plan-de-desarrollo-sostenible-de-la-sierra-de-aracena\\\/#mainImage\"},\"datePublished\":\"2018-05-04T13:28:48+02:00\",\"dateModified\":\"2018-05-04T13:28:48+02:00\"},{\"@type\":\"WebSite\",\"@id\":\"https:\\\/\\\/www.eldigitaldeasturias.com\\\/noticias\\\/#website\",\"url\":\"https:\\\/\\\/www.eldigitaldeasturias.com\\\/noticias\\\/\",\"name\":\"El Digital de Asturias - Diario de actualidad y noticias\",\"alternateName\":\"El Digital de Asturias - Diario de actualidad y noticias\",\"description\":\"Hemeroteca\",\"inLanguage\":\"es-ES\",\"publisher\":{\"@id\":\"https:\\\/\\\/www.eldigitaldeasturias.com\\\/noticias\\\/#organization\"}}]}\n\t\t<\/script>\n\t\t<!-- All in One SEO Pro -->\r\n\t\t<title>Aprobado el II Plan de Desarrollo Sostenible de la Sierra de Aracena - El Digital de Asturias<\/title>\n\n","aioseo_head_json":{"title":"Aprobado el II Plan de Desarrollo Sostenible de la Sierra de Aracena - El Digital de Asturias","description":"El Consejo de Gobierno ha aprobado el II Plan de Desarrollo Sostenible (PDS) del Parque Natural de la Sierra de Aracena y Picos de Aroche (Huelva), que contribuir\u00e1 a la mejora socioecon\u00f3mica de este espacio protegido y su \u00e1rea de influencia con unas inversiones de 34,2 millones de euros en sus tres primeros a\u00f1os de","canonical_url":"https:\/\/www.eldigitaldeasturias.com\/noticias\/aprobado-el-ii-plan-de-desarrollo-sostenible-de-la-sierra-de-aracena\/","robots":"max-image-preview:large","keywords":"actualidad","webmasterTools":{"google-site-verification":"UA-38556648-1","msvalidate.01":"7dfe9f3f1b24437ab69f4f2559babe99","miscellaneous":""},"schema":{"@context":"https:\/\/schema.org","@graph":[{"@type":"BlogPosting","@id":"https:\/\/www.eldigitaldeasturias.com\/noticias\/aprobado-el-ii-plan-de-desarrollo-sostenible-de-la-sierra-de-aracena\/#blogposting","name":"Aprobado el II Plan de Desarrollo Sostenible de la Sierra de Aracena - El Digital de Asturias","headline":"Aprobado el II Plan de Desarrollo Sostenible de la Sierra de Aracena","author":{"@id":"https:\/\/www.eldigitaldeasturias.com\/noticias\/author\/admin\/#author"},"publisher":{"@id":"https:\/\/www.eldigitaldeasturias.com\/noticias\/#organization"},"image":{"@type":"ImageObject","url":978846},"datePublished":"2018-05-04T13:28:48+02:00","dateModified":"2018-05-04T13:28:48+02:00","inLanguage":"es-ES","mainEntityOfPage":{"@id":"https:\/\/www.eldigitaldeasturias.com\/noticias\/aprobado-el-ii-plan-de-desarrollo-sostenible-de-la-sierra-de-aracena\/#webpage"},"isPartOf":{"@id":"https:\/\/www.eldigitaldeasturias.com\/noticias\/aprobado-el-ii-plan-de-desarrollo-sostenible-de-la-sierra-de-aracena\/#webpage"},"articleSection":"Actualidad"},{"@type":"BreadcrumbList","@id":"https:\/\/www.eldigitaldeasturias.com\/noticias\/aprobado-el-ii-plan-de-desarrollo-sostenible-de-la-sierra-de-aracena\/#breadcrumblist","itemListElement":[{"@type":"ListItem","@id":"https:\/\/www.eldigitaldeasturias.com\/noticias#listItem","position":1,"name":"Home","item":"https:\/\/www.eldigitaldeasturias.com\/noticias","nextItem":{"@type":"ListItem","@id":"https:\/\/www.eldigitaldeasturias.com\/noticias\/category\/actualidad\/#listItem","name":"Actualidad"}},{"@type":"ListItem","@id":"https:\/\/www.eldigitaldeasturias.com\/noticias\/category\/actualidad\/#listItem","position":2,"name":"Actualidad","item":"https:\/\/www.eldigitaldeasturias.com\/noticias\/category\/actualidad\/","nextItem":{"@type":"ListItem","@id":"https:\/\/www.eldigitaldeasturias.com\/noticias\/aprobado-el-ii-plan-de-desarrollo-sostenible-de-la-sierra-de-aracena\/#listItem","name":"Aprobado el II Plan de Desarrollo Sostenible de la Sierra de Aracena"},"previousItem":{"@type":"ListItem","@id":"https:\/\/www.eldigitaldeasturias.com\/noticias#listItem","name":"Home"}},{"@type":"ListItem","@id":"https:\/\/www.eldigitaldeasturias.com\/noticias\/aprobado-el-ii-plan-de-desarrollo-sostenible-de-la-sierra-de-aracena\/#listItem","position":3,"name":"Aprobado el II Plan de Desarrollo Sostenible de la Sierra de Aracena","previousItem":{"@type":"ListItem","@id":"https:\/\/www.eldigitaldeasturias.com\/noticias\/category\/actualidad\/#listItem","name":"Actualidad"}}]},{"@type":"Organization","@id":"https:\/\/www.eldigitaldeasturias.com\/noticias\/#organization","name":"El Digital de Asturias","description":"Hemeroteca","url":"https:\/\/www.eldigitaldeasturias.com\/noticias\/","email":"info@eldigitaldeasturias.com","telephone":"+34652131393","logo":{"@type":"ImageObject","url":"https:\/\/www.eldigitaldeasturias.com\/noticias\/wp-content\/uploads\/2020\/12\/EDA.jpg","@id":"https:\/\/www.eldigitaldeasturias.com\/noticias\/aprobado-el-ii-plan-de-desarrollo-sostenible-de-la-sierra-de-aracena\/#organizationLogo"},"image":{"@id":"https:\/\/www.eldigitaldeasturias.com\/noticias\/aprobado-el-ii-plan-de-desarrollo-sostenible-de-la-sierra-de-aracena\/#organizationLogo"},"sameAs":["https:\/\/facebook.com\/eldigitaldeasturias","https:\/\/www.youtube.com\/channel\/UCZP-2wLEB9Rv6erhFmqVnvg"],"address":{"@id":"https:\/\/www.eldigitaldeasturias.com\/noticias\/#postaladdress","@type":"PostalAddress","streetAddress":"san antonio 4","postalCode":"33430","addressLocality":"Cand\u00e1s","addressRegion":"Asturias","addressCountry":"ES"}},{"@type":"Person","@id":"https:\/\/www.eldigitaldeasturias.com\/noticias\/author\/admin\/#author","url":"https:\/\/www.eldigitaldeasturias.com\/noticias\/author\/admin\/","name":"El Digital de Asturias","image":{"@type":"ImageObject","@id":"https:\/\/www.eldigitaldeasturias.com\/noticias\/aprobado-el-ii-plan-de-desarrollo-sostenible-de-la-sierra-de-aracena\/#authorImage","url":"https:\/\/secure.gravatar.com\/avatar\/df2aeffc32bcd13f8d26072ef8a91b623d677766deac7f97ca815868cd41bf5e?s=96&d=mm&r=g","width":96,"height":96,"caption":"El Digital de Asturias"}},{"@type":"WebPage","@id":"https:\/\/www.eldigitaldeasturias.com\/noticias\/aprobado-el-ii-plan-de-desarrollo-sostenible-de-la-sierra-de-aracena\/#webpage","url":"https:\/\/www.eldigitaldeasturias.com\/noticias\/aprobado-el-ii-plan-de-desarrollo-sostenible-de-la-sierra-de-aracena\/","name":"Aprobado el II Plan de Desarrollo Sostenible de la Sierra de Aracena - El Digital de Asturias","description":"El Consejo de Gobierno ha aprobado el II Plan de Desarrollo Sostenible (PDS) del Parque Natural de la Sierra de Aracena y Picos de Aroche (Huelva), que contribuir\u00e1 a la mejora socioecon\u00f3mica de este espacio protegido y su \u00e1rea de influencia con unas inversiones de 34,2 millones de euros en sus tres primeros a\u00f1os de","inLanguage":"es-ES","isPartOf":{"@id":"https:\/\/www.eldigitaldeasturias.com\/noticias\/#website"},"breadcrumb":{"@id":"https:\/\/www.eldigitaldeasturias.com\/noticias\/aprobado-el-ii-plan-de-desarrollo-sostenible-de-la-sierra-de-aracena\/#breadcrumblist"},"author":{"@id":"https:\/\/www.eldigitaldeasturias.com\/noticias\/author\/admin\/#author"},"creator":{"@id":"https:\/\/www.eldigitaldeasturias.com\/noticias\/author\/admin\/#author"},"image":{"@type":"ImageObject","url":978846,"@id":"https:\/\/www.eldigitaldeasturias.com\/noticias\/aprobado-el-ii-plan-de-desarrollo-sostenible-de-la-sierra-de-aracena\/#mainImage"},"primaryImageOfPage":{"@id":"https:\/\/www.eldigitaldeasturias.com\/noticias\/aprobado-el-ii-plan-de-desarrollo-sostenible-de-la-sierra-de-aracena\/#mainImage"},"datePublished":"2018-05-04T13:28:48+02:00","dateModified":"2018-05-04T13:28:48+02:00"},{"@type":"WebSite","@id":"https:\/\/www.eldigitaldeasturias.com\/noticias\/#website","url":"https:\/\/www.eldigitaldeasturias.com\/noticias\/","name":"El Digital de Asturias - Diario de actualidad y noticias","alternateName":"El Digital de Asturias - Diario de actualidad y noticias","description":"Hemeroteca","inLanguage":"es-ES","publisher":{"@id":"https:\/\/www.eldigitaldeasturias.com\/noticias\/#organization"}}]},"og:locale":"es_ES","og:site_name":"El Digital de Asturias","og:type":"article","og:title":"Aprobado el II Plan de Desarrollo Sostenible de la Sierra de Aracena - El Digital de Asturias","og:description":"El Consejo de Gobierno ha aprobado el II Plan de Desarrollo Sostenible (PDS) del Parque Natural de la Sierra de Aracena y Picos de Aroche (Huelva), que contribuir\u00e1 a la mejora socioecon\u00f3mica de este espacio protegido y su \u00e1rea de influencia con unas inversiones de 34,2 millones de euros en sus tres primeros a\u00f1os de","og:url":"https:\/\/www.eldigitaldeasturias.com\/noticias\/aprobado-el-ii-plan-de-desarrollo-sostenible-de-la-sierra-de-aracena\/","article:tag":["actualidad"],"article:published_time":"2018-05-04T13:28:48+00:00","article:modified_time":"2018-05-04T13:28:48+00:00","article:publisher":"https:\/\/facebook.com\/eldigitaldeasturias","twitter:card":"summary_large_image","twitter:title":"Aprobado el II Plan de Desarrollo Sostenible de la Sierra de Aracena - El Digital de Asturias","twitter:description":"El Consejo de Gobierno ha aprobado el II Plan de Desarrollo Sostenible (PDS) del Parque Natural de la Sierra de Aracena y Picos de Aroche (Huelva), que contribuir\u00e1 a la mejora socioecon\u00f3mica de este espacio protegido y su \u00e1rea de influencia con unas inversiones de 34,2 millones de euros en sus tres primeros a\u00f1os de","twitter:image":"https:\/\/www.eldigitaldeasturias.com\/noticias\/wp-content\/uploads\/2020\/12\/EDA-1.jpg","twitter:label1":"Escrito por","twitter:data1":"El Digital de Asturias","twitter:label2":"Tiempo de lectura estimado","twitter:data2":"5 minutos"},"aioseo_meta_data":{"post_id":"978845","title":null,"description":null,"keywords":null,"keyphrases":null,"primary_term":null,"canonical_url":null,"og_title":null,"og_description":null,"og_object_type":"default","og_image_type":"default","og_image_url":null,"og_image_width":null,"og_image_height":null,"og_image_custom_url":null,"og_image_custom_fields":null,"og_video":null,"og_custom_url":null,"og_article_section":null,"og_article_tags":null,"twitter_use_og":false,"twitter_card":"default","twitter_image_type":"default","twitter_image_url":null,"twitter_image_custom_url":null,"twitter_image_custom_fields":null,"twitter_title":null,"twitter_description":null,"schema":{"blockGraphs":[],"customGraphs":[],"default":{"data":{"Article":[],"Course":[],"Dataset":[],"FAQPage":[],"Movie":[],"Person":[],"Product":[],"ProductReview":[],"Car":[],"Recipe":[],"Service":[],"SoftwareApplication":[],"WebPage":[]},"graphName":"","isEnabled":true},"graphs":[],"defaultGraph":"","defaultPostTypeGraph":""},"schema_type":null,"schema_type_options":null,"pillar_content":false,"robots_default":true,"robots_noindex":false,"robots_noarchive":false,"robots_nosnippet":false,"robots_nofollow":false,"robots_noimageindex":false,"robots_noodp":false,"robots_notranslate":false,"robots_max_snippet":null,"robots_max_videopreview":null,"robots_max_imagepreview":"large","priority":null,"frequency":null,"local_seo":null,"seo_analyzer_scan_date":"2025-10-08 12:17:12","breadcrumb_settings":null,"limit_modified_date":false,"open_ai":null,"ai":null,"created":"2020-12-21 12:01:36","updated":"2025-10-08 12:17:12","focus_keyword":null,"additional_keywords":null,"truseo_locale":null},"aioseo_breadcrumb":"<div class=\"aioseo-breadcrumbs\"><span class=\"aioseo-breadcrumb\">\n\t<a href=\"https:\/\/www.eldigitaldeasturias.com\/noticias\" title=\"Home\">Home<\/a>\n<\/span><span class=\"aioseo-breadcrumb-separator\">\u2013<\/span><span class=\"aioseo-breadcrumb\">\n\t<a href=\"https:\/\/www.eldigitaldeasturias.com\/noticias\/category\/actualidad\/\" title=\"Actualidad\">Actualidad<\/a>\n<\/span><span class=\"aioseo-breadcrumb-separator\">\u2013<\/span><span class=\"aioseo-breadcrumb\">\n\t<a href=\"https:\/\/www.eldigitaldeasturias.com\/noticias\/aprobado-el-ii-plan-de-desarrollo-sostenible-de-la-sierra-de-aracena\/\" title=\"Aprobado el II Plan de Desarrollo Sostenible de la Sierra de Aracena\">Aprobado el II Plan de Desarrollo Sostenible de la Sierra de Aracena<\/a>\n<\/span><\/div>","aioseo_breadcrumb_json":[{"label":"Home","link":"https:\/\/www.eldigitaldeasturias.com\/noticias"},{"label":"Actualidad","link":"https:\/\/www.eldigitaldeasturias.com\/noticias\/category\/actualidad\/"},{"label":"Aprobado el II Plan de Desarrollo Sostenible de la Sierra de Aracena","link":"https:\/\/www.eldigitaldeasturias.com\/noticias\/aprobado-el-ii-plan-de-desarrollo-sostenible-de-la-sierra-de-aracena\/"}],"_links":{"self":[{"href":"https:\/\/www.eldigitaldeasturias.com\/noticias\/wp-json\/wp\/v2\/posts\/978845","targetHints":{"allow":["GET"]}}],"collection":[{"href":"https:\/\/www.eldigitaldeasturias.com\/noticias\/wp-json\/wp\/v2\/posts"}],"about":[{"href":"https:\/\/www.eldigitaldeasturias.com\/noticias\/wp-json\/wp\/v2\/types\/post"}],"author":[{"embeddable":true,"href":"https:\/\/www.eldigitaldeasturias.com\/noticias\/wp-json\/wp\/v2\/users\/1"}],"replies":[{"embeddable":true,"href":"https:\/\/www.eldigitaldeasturias.com\/noticias\/wp-json\/wp\/v2\/comments?post=978845"}],"version-history":[{"count":0,"href":"https:\/\/www.eldigitaldeasturias.com\/noticias\/wp-json\/wp\/v2\/posts\/978845\/revisions"}],"wp:attachment":[{"href":"https:\/\/www.eldigitaldeasturias.com\/noticias\/wp-json\/wp\/v2\/media?parent=978845"}],"wp:term":[{"taxonomy":"category","embeddable":true,"href":"https:\/\/www.eldigitaldeasturias.com\/noticias\/wp-json\/wp\/v2\/categories?post=978845"},{"taxonomy":"post_tag","embeddable":true,"href":"https:\/\/www.eldigitaldeasturias.com\/noticias\/wp-json\/wp\/v2\/tags?post=978845"}],"curies":[{"name":"wp","href":"https:\/\/api.w.org\/{rel}","templated":true}]}}