{"id":978839,"date":"2018-05-04T13:23:39","date_gmt":"2018-05-04T13:23:39","guid":{"rendered":"http:\/\/www.eldigitaldeasturias.com\/noticias\/?p=978839"},"modified":"2018-05-04T13:23:39","modified_gmt":"2018-05-04T13:23:39","slug":"andalucia-destinara-155-millones-para-crear-empleo-joven-en-el-campo","status":"publish","type":"post","link":"https:\/\/www.eldigitaldeasturias.com\/noticias\/andalucia-destinara-155-millones-para-crear-empleo-joven-en-el-campo\/","title":{"rendered":"Andaluc\u00eda destinar\u00e1 155 millones para crear empleo joven en el campo"},"content":{"rendered":"<p><img loading=\"lazy\" decoding=\"async\" class=\"alignleft size-medium wp-image-978840\" src=\"https:\/\/www.eldigitaldeasturias.com\/noticias\/wp-content\/uploads\/2018\/05\/Haro-360x212.jpg\" alt=\"\" width=\"360\" height=\"212\" \/>El consejero de Agricultura, Pesca y Desarrollo Rural, Rodrigo S\u00e1nchez Haro, ha situado a Andaluc\u00eda como \u00abreferente en Espa\u00f1a y Europa\u00bb en la apuesta por la incorporaci\u00f3n de j\u00f3venes al campo. El responsable del Gobierno auton\u00f3mico ha recordado durante su comparecencia en comisi\u00f3n parlamentaria que el departamento que dirige ha puesto en marcha en el presente marco comunitario dos convocatorias de ayudas dirigidas al relevo generacional con un presupuesto de 155 millones de euros que favorecer\u00e1n la creaci\u00f3n de m\u00e1s de 2.500 empresas, \u00abcon un nivel de ejecuci\u00f3n de pagos diez puntos por encima de la media nacional\u00bb.<\/p>\n<p>Este apoyo \u00abdecidido\u00bb se gestiona, a juicio de S\u00e1nchez Haro, \u00abcon la m\u00e1xima agilidad dentro de nuestro objetivo de poner cuanto antes los recursos al servicio del desarrollo de nuestro medio rural\u00bb, algo para lo que, ha continuado, se ha reforzado el personal destinado al estudio de los expedientes de ayudas, se han desarrollado nuevas herramientas inform\u00e1ticas, se han unificado sistemas de control y se trabaja en la telematizaci\u00f3n. Los fondos dirigidos a la incorporaci\u00f3n de j\u00f3venes a la actividad agraria son una prueba. \u00abHemos puesto al servicio de esta prioridad la pr\u00e1ctica totalidad de los recursos asignados para todo el periodo comunitario 2014-2020, cuya ejecuci\u00f3n finaliza en 2023\u00bb. El consejero ha subrayado que, seg\u00fan los datos del propio Gobierno central, Andaluc\u00eda ha formalizado ya un 31% de los pagos previstos, \u00abfrente al 21% del conjunto del pa\u00eds\u00bb.<\/p>\n<p>S\u00e1nchez Haro ha sentenciado, en este sentido, que \u00abhemos hecho un esfuerzo sin precedentes, concretado en esos 155 millones de euros, para impulsar el rejuvenecimiento del campo, con m\u00e1s recursos que ninguna comunidad aut\u00f3noma y con el dise\u00f1o de proyectos como Agri-Hebe 2020, que cuenta con otros 65 millones de euros m\u00e1s\u00bb. El consejero ha apostillado que as\u00ed lo considera hasta el propio comisario de Agricultura y Desarrollo Rural de la Uni\u00f3n Europea (UE), Phil Hogan, quien ha reconocido \u00abuna apuesta por el relevo generacional que va m\u00e1s all\u00e1 de la de otras regiones y estados miembro\u00bb.<\/p>\n<p><strong>Por el buen camino<\/strong><\/p>\n<p>Rodrigo S\u00e1nchez ha avanzado que Andaluc\u00eda va, en definitiva, \u00abpor el buen camino\u00bb. No en vano, \u00abcon ese 31%, somos la tercera regi\u00f3n espa\u00f1ola m\u00e1s cumplidora, muy cerca de Arag\u00f3n y La Rioja, de un tama\u00f1o mucho menor y con un volumen de ayudas por gestionar mucho m\u00e1s bajo\u00bb. Esto, ha concluido, tiene su reflejo en los resultados, un punto en el que ha expuesto que \u00abdesde 2008, nuestra comunidad tiene un 6,5% m\u00e1s de j\u00f3venes ocupados en la agricultura, mientras que Espa\u00f1a y Europa han perdido el 15 y el 21%, respectivamente\u00bb.<\/p>\n","protected":false},"excerpt":{"rendered":"<p>El consejero de Agricultura, Pesca y Desarrollo Rural, Rodrigo S\u00e1nchez Haro, ha situado a Andaluc\u00eda como \u00abreferente en Espa\u00f1a y Europa\u00bb en la apuesta por la incorporaci\u00f3n de j\u00f3venes al campo. El responsable del Gobierno auton\u00f3mico ha recordado durante su comparecencia en comisi\u00f3n parlamentaria que el departamento que dirige ha puesto en marcha en el [&hellip;]<\/p>\n","protected":false},"author":1,"featured_media":978840,"comment_status":"closed","ping_status":"closed","sticky":false,"template":"","format":"standard","meta":{"footnotes":""},"categories":[1],"tags":[],"class_list":["post-978839","post","type-post","status-publish","format-standard","has-post-thumbnail","hentry","category-actualidad"],"aioseo_notices":[],"aioseo_head":"\n\t\t<!-- All in One SEO Pro 5.0.1 - aioseo.com -->\n\t<meta name=\"description\" content=\"El consejero de Agricultura, Pesca y Desarrollo Rural, Rodrigo S\u00e1nchez Haro, ha situado a Andaluc\u00eda como &quot;referente en Espa\u00f1a y Europa&quot; en la apuesta por la incorporaci\u00f3n de j\u00f3venes al campo. El responsable del Gobierno auton\u00f3mico ha recordado durante su comparecencia en comisi\u00f3n parlamentaria que el departamento que dirige ha puesto en marcha en el\" \/>\n\t<meta name=\"robots\" content=\"max-image-preview:large\" \/>\n\t<meta name=\"author\" content=\"El Digital de Asturias\"\/>\n\t<meta name=\"google-site-verification\" content=\"UA-38556648-1\" \/>\n\t<meta name=\"msvalidate.01\" content=\"7dfe9f3f1b24437ab69f4f2559babe99\" \/>\n\t<meta name=\"keywords\" content=\"actualidad\" \/>\n\t<link rel=\"canonical\" href=\"https:\/\/www.eldigitaldeasturias.com\/noticias\/andalucia-destinara-155-millones-para-crear-empleo-joven-en-el-campo\/\" \/>\n\t<meta name=\"generator\" content=\"All in One SEO Pro (AIOSEO) 5.0.1\" \/>\n\t\t<meta property=\"og:locale\" content=\"es_ES\" \/>\n\t\t<meta property=\"og:site_name\" content=\"El Digital de Asturias\" \/>\n\t\t<meta property=\"og:type\" content=\"article\" \/>\n\t\t<meta property=\"og:title\" content=\"Andaluc\u00eda destinar\u00e1 155 millones para crear empleo joven en el campo - El Digital de Asturias\" \/>\n\t\t<meta property=\"og:description\" content=\"El consejero de Agricultura, Pesca y Desarrollo Rural, Rodrigo S\u00e1nchez Haro, ha situado a Andaluc\u00eda como &quot;referente en Espa\u00f1a y Europa&quot; en la apuesta por la incorporaci\u00f3n de j\u00f3venes al campo. El responsable del Gobierno auton\u00f3mico ha recordado durante su comparecencia en comisi\u00f3n parlamentaria que el departamento que dirige ha puesto en marcha en el\" \/>\n\t\t<meta property=\"og:url\" content=\"https:\/\/www.eldigitaldeasturias.com\/noticias\/andalucia-destinara-155-millones-para-crear-empleo-joven-en-el-campo\/\" \/>\n\t\t<meta property=\"article:tag\" content=\"actualidad\" \/>\n\t\t<meta property=\"article:published_time\" content=\"2018-05-04T13:23:39+00:00\" \/>\n\t\t<meta property=\"article:modified_time\" content=\"2018-05-04T13:23:39+00:00\" \/>\n\t\t<meta property=\"article:publisher\" content=\"https:\/\/facebook.com\/eldigitaldeasturias\" \/>\n\t\t<meta name=\"twitter:card\" content=\"summary_large_image\" \/>\n\t\t<meta name=\"twitter:title\" content=\"Andaluc\u00eda destinar\u00e1 155 millones para crear empleo joven en el campo - El Digital de Asturias\" \/>\n\t\t<meta name=\"twitter:description\" content=\"El consejero de Agricultura, Pesca y Desarrollo Rural, Rodrigo S\u00e1nchez Haro, ha situado a Andaluc\u00eda como &quot;referente en Espa\u00f1a y Europa&quot; en la apuesta por la incorporaci\u00f3n de j\u00f3venes al campo. El responsable del Gobierno auton\u00f3mico ha recordado durante su comparecencia en comisi\u00f3n parlamentaria que el departamento que dirige ha puesto en marcha en el\" \/>\n\t\t<meta name=\"twitter:image\" content=\"https:\/\/www.eldigitaldeasturias.com\/noticias\/wp-content\/uploads\/2020\/12\/EDA-1.jpg\" \/>\n\t\t<meta name=\"twitter:label1\" content=\"Escrito por\" \/>\n\t\t<meta name=\"twitter:data1\" content=\"El Digital de Asturias\" \/>\n\t\t<meta name=\"twitter:label2\" content=\"Tiempo de lectura estimado\" \/>\n\t\t<meta name=\"twitter:data2\" content=\"2 minutos\" \/>\n\t\t<script type=\"application\/ld+json\" class=\"aioseo-schema\">\n\t\t\t{\"@context\":\"https:\\\/\\\/schema.org\",\"@graph\":[{\"@type\":\"BlogPosting\",\"@id\":\"https:\\\/\\\/www.eldigitaldeasturias.com\\\/noticias\\\/andalucia-destinara-155-millones-para-crear-empleo-joven-en-el-campo\\\/#blogposting\",\"name\":\"Andaluc\\u00eda destinar\\u00e1 155 millones para crear empleo joven en el campo - El Digital de Asturias\",\"headline\":\"Andaluc\\u00eda destinar\\u00e1 155 millones para crear empleo joven en el campo\",\"author\":{\"@id\":\"https:\\\/\\\/www.eldigitaldeasturias.com\\\/noticias\\\/author\\\/admin\\\/#author\"},\"publisher\":{\"@id\":\"https:\\\/\\\/www.eldigitaldeasturias.com\\\/noticias\\\/#organization\"},\"image\":{\"@type\":\"ImageObject\",\"url\":978840},\"datePublished\":\"2018-05-04T13:23:39+02:00\",\"dateModified\":\"2018-05-04T13:23:39+02:00\",\"inLanguage\":\"es-ES\",\"mainEntityOfPage\":{\"@id\":\"https:\\\/\\\/www.eldigitaldeasturias.com\\\/noticias\\\/andalucia-destinara-155-millones-para-crear-empleo-joven-en-el-campo\\\/#webpage\"},\"isPartOf\":{\"@id\":\"https:\\\/\\\/www.eldigitaldeasturias.com\\\/noticias\\\/andalucia-destinara-155-millones-para-crear-empleo-joven-en-el-campo\\\/#webpage\"},\"articleSection\":\"Actualidad\"},{\"@type\":\"BreadcrumbList\",\"@id\":\"https:\\\/\\\/www.eldigitaldeasturias.com\\\/noticias\\\/andalucia-destinara-155-millones-para-crear-empleo-joven-en-el-campo\\\/#breadcrumblist\",\"itemListElement\":[{\"@type\":\"ListItem\",\"@id\":\"https:\\\/\\\/www.eldigitaldeasturias.com\\\/noticias#listItem\",\"position\":1,\"name\":\"Home\",\"item\":\"https:\\\/\\\/www.eldigitaldeasturias.com\\\/noticias\",\"nextItem\":{\"@type\":\"ListItem\",\"@id\":\"https:\\\/\\\/www.eldigitaldeasturias.com\\\/noticias\\\/category\\\/actualidad\\\/#listItem\",\"name\":\"Actualidad\"}},{\"@type\":\"ListItem\",\"@id\":\"https:\\\/\\\/www.eldigitaldeasturias.com\\\/noticias\\\/category\\\/actualidad\\\/#listItem\",\"position\":2,\"name\":\"Actualidad\",\"item\":\"https:\\\/\\\/www.eldigitaldeasturias.com\\\/noticias\\\/category\\\/actualidad\\\/\",\"nextItem\":{\"@type\":\"ListItem\",\"@id\":\"https:\\\/\\\/www.eldigitaldeasturias.com\\\/noticias\\\/andalucia-destinara-155-millones-para-crear-empleo-joven-en-el-campo\\\/#listItem\",\"name\":\"Andaluc\\u00eda destinar\\u00e1 155 millones para crear empleo joven en el campo\"},\"previousItem\":{\"@type\":\"ListItem\",\"@id\":\"https:\\\/\\\/www.eldigitaldeasturias.com\\\/noticias#listItem\",\"name\":\"Home\"}},{\"@type\":\"ListItem\",\"@id\":\"https:\\\/\\\/www.eldigitaldeasturias.com\\\/noticias\\\/andalucia-destinara-155-millones-para-crear-empleo-joven-en-el-campo\\\/#listItem\",\"position\":3,\"name\":\"Andaluc\\u00eda destinar\\u00e1 155 millones para crear empleo joven en el campo\",\"previousItem\":{\"@type\":\"ListItem\",\"@id\":\"https:\\\/\\\/www.eldigitaldeasturias.com\\\/noticias\\\/category\\\/actualidad\\\/#listItem\",\"name\":\"Actualidad\"}}]},{\"@type\":\"Organization\",\"@id\":\"https:\\\/\\\/www.eldigitaldeasturias.com\\\/noticias\\\/#organization\",\"name\":\"El Digital de Asturias\",\"description\":\"Hemeroteca\",\"url\":\"https:\\\/\\\/www.eldigitaldeasturias.com\\\/noticias\\\/\",\"email\":\"info@eldigitaldeasturias.com\",\"telephone\":\"+34652131393\",\"logo\":{\"@type\":\"ImageObject\",\"url\":\"https:\\\/\\\/www.eldigitaldeasturias.com\\\/noticias\\\/wp-content\\\/uploads\\\/2020\\\/12\\\/EDA.jpg\",\"@id\":\"https:\\\/\\\/www.eldigitaldeasturias.com\\\/noticias\\\/andalucia-destinara-155-millones-para-crear-empleo-joven-en-el-campo\\\/#organizationLogo\"},\"image\":{\"@id\":\"https:\\\/\\\/www.eldigitaldeasturias.com\\\/noticias\\\/andalucia-destinara-155-millones-para-crear-empleo-joven-en-el-campo\\\/#organizationLogo\"},\"sameAs\":[\"https:\\\/\\\/facebook.com\\\/eldigitaldeasturias\",\"https:\\\/\\\/www.youtube.com\\\/channel\\\/UCZP-2wLEB9Rv6erhFmqVnvg\"],\"address\":{\"@id\":\"https:\\\/\\\/www.eldigitaldeasturias.com\\\/noticias\\\/#postaladdress\",\"@type\":\"PostalAddress\",\"streetAddress\":\"san antonio 4\",\"postalCode\":\"33430\",\"addressLocality\":\"Cand\\u00e1s\",\"addressRegion\":\"Asturias\",\"addressCountry\":\"ES\"}},{\"@type\":\"Person\",\"@id\":\"https:\\\/\\\/www.eldigitaldeasturias.com\\\/noticias\\\/author\\\/admin\\\/#author\",\"url\":\"https:\\\/\\\/www.eldigitaldeasturias.com\\\/noticias\\\/author\\\/admin\\\/\",\"name\":\"El Digital de Asturias\",\"image\":{\"@type\":\"ImageObject\",\"@id\":\"https:\\\/\\\/www.eldigitaldeasturias.com\\\/noticias\\\/andalucia-destinara-155-millones-para-crear-empleo-joven-en-el-campo\\\/#authorImage\",\"url\":\"https:\\\/\\\/secure.gravatar.com\\\/avatar\\\/df2aeffc32bcd13f8d26072ef8a91b623d677766deac7f97ca815868cd41bf5e?s=96&d=mm&r=g\",\"width\":96,\"height\":96,\"caption\":\"El Digital de Asturias\"}},{\"@type\":\"WebPage\",\"@id\":\"https:\\\/\\\/www.eldigitaldeasturias.com\\\/noticias\\\/andalucia-destinara-155-millones-para-crear-empleo-joven-en-el-campo\\\/#webpage\",\"url\":\"https:\\\/\\\/www.eldigitaldeasturias.com\\\/noticias\\\/andalucia-destinara-155-millones-para-crear-empleo-joven-en-el-campo\\\/\",\"name\":\"Andaluc\\u00eda destinar\\u00e1 155 millones para crear empleo joven en el campo - El Digital de Asturias\",\"description\":\"El consejero de Agricultura, Pesca y Desarrollo Rural, Rodrigo S\\u00e1nchez Haro, ha situado a Andaluc\\u00eda como \\\"referente en Espa\\u00f1a y Europa\\\" en la apuesta por la incorporaci\\u00f3n de j\\u00f3venes al campo. El responsable del Gobierno auton\\u00f3mico ha recordado durante su comparecencia en comisi\\u00f3n parlamentaria que el departamento que dirige ha puesto en marcha en el\",\"inLanguage\":\"es-ES\",\"isPartOf\":{\"@id\":\"https:\\\/\\\/www.eldigitaldeasturias.com\\\/noticias\\\/#website\"},\"breadcrumb\":{\"@id\":\"https:\\\/\\\/www.eldigitaldeasturias.com\\\/noticias\\\/andalucia-destinara-155-millones-para-crear-empleo-joven-en-el-campo\\\/#breadcrumblist\"},\"author\":{\"@id\":\"https:\\\/\\\/www.eldigitaldeasturias.com\\\/noticias\\\/author\\\/admin\\\/#author\"},\"creator\":{\"@id\":\"https:\\\/\\\/www.eldigitaldeasturias.com\\\/noticias\\\/author\\\/admin\\\/#author\"},\"image\":{\"@type\":\"ImageObject\",\"url\":978840,\"@id\":\"https:\\\/\\\/www.eldigitaldeasturias.com\\\/noticias\\\/andalucia-destinara-155-millones-para-crear-empleo-joven-en-el-campo\\\/#mainImage\"},\"primaryImageOfPage\":{\"@id\":\"https:\\\/\\\/www.eldigitaldeasturias.com\\\/noticias\\\/andalucia-destinara-155-millones-para-crear-empleo-joven-en-el-campo\\\/#mainImage\"},\"datePublished\":\"2018-05-04T13:23:39+02:00\",\"dateModified\":\"2018-05-04T13:23:39+02:00\"},{\"@type\":\"WebSite\",\"@id\":\"https:\\\/\\\/www.eldigitaldeasturias.com\\\/noticias\\\/#website\",\"url\":\"https:\\\/\\\/www.eldigitaldeasturias.com\\\/noticias\\\/\",\"name\":\"El Digital de Asturias - Diario de actualidad y noticias\",\"alternateName\":\"El Digital de Asturias - Diario de actualidad y noticias\",\"description\":\"Hemeroteca\",\"inLanguage\":\"es-ES\",\"publisher\":{\"@id\":\"https:\\\/\\\/www.eldigitaldeasturias.com\\\/noticias\\\/#organization\"}}]}\n\t\t<\/script>\n\t\t<!-- All in One SEO Pro -->\r\n\t\t<title>Andaluc\u00eda destinar\u00e1 155 millones para crear empleo joven en el campo - El Digital de Asturias<\/title>\n\n","aioseo_head_json":{"title":"Andaluc\u00eda destinar\u00e1 155 millones para crear empleo joven en el campo - El Digital de Asturias","description":"El consejero de Agricultura, Pesca y Desarrollo Rural, Rodrigo S\u00e1nchez Haro, ha situado a Andaluc\u00eda como \"referente en Espa\u00f1a y Europa\" en la apuesta por la incorporaci\u00f3n de j\u00f3venes al campo. El responsable del Gobierno auton\u00f3mico ha recordado durante su comparecencia en comisi\u00f3n parlamentaria que el departamento que dirige ha puesto en marcha en el","canonical_url":"https:\/\/www.eldigitaldeasturias.com\/noticias\/andalucia-destinara-155-millones-para-crear-empleo-joven-en-el-campo\/","robots":"max-image-preview:large","keywords":"actualidad","webmasterTools":{"google-site-verification":"UA-38556648-1","msvalidate.01":"7dfe9f3f1b24437ab69f4f2559babe99","miscellaneous":""},"schema":{"@context":"https:\/\/schema.org","@graph":[{"@type":"BlogPosting","@id":"https:\/\/www.eldigitaldeasturias.com\/noticias\/andalucia-destinara-155-millones-para-crear-empleo-joven-en-el-campo\/#blogposting","name":"Andaluc\u00eda destinar\u00e1 155 millones para crear empleo joven en el campo - El Digital de Asturias","headline":"Andaluc\u00eda destinar\u00e1 155 millones para crear empleo joven en el campo","author":{"@id":"https:\/\/www.eldigitaldeasturias.com\/noticias\/author\/admin\/#author"},"publisher":{"@id":"https:\/\/www.eldigitaldeasturias.com\/noticias\/#organization"},"image":{"@type":"ImageObject","url":978840},"datePublished":"2018-05-04T13:23:39+02:00","dateModified":"2018-05-04T13:23:39+02:00","inLanguage":"es-ES","mainEntityOfPage":{"@id":"https:\/\/www.eldigitaldeasturias.com\/noticias\/andalucia-destinara-155-millones-para-crear-empleo-joven-en-el-campo\/#webpage"},"isPartOf":{"@id":"https:\/\/www.eldigitaldeasturias.com\/noticias\/andalucia-destinara-155-millones-para-crear-empleo-joven-en-el-campo\/#webpage"},"articleSection":"Actualidad"},{"@type":"BreadcrumbList","@id":"https:\/\/www.eldigitaldeasturias.com\/noticias\/andalucia-destinara-155-millones-para-crear-empleo-joven-en-el-campo\/#breadcrumblist","itemListElement":[{"@type":"ListItem","@id":"https:\/\/www.eldigitaldeasturias.com\/noticias#listItem","position":1,"name":"Home","item":"https:\/\/www.eldigitaldeasturias.com\/noticias","nextItem":{"@type":"ListItem","@id":"https:\/\/www.eldigitaldeasturias.com\/noticias\/category\/actualidad\/#listItem","name":"Actualidad"}},{"@type":"ListItem","@id":"https:\/\/www.eldigitaldeasturias.com\/noticias\/category\/actualidad\/#listItem","position":2,"name":"Actualidad","item":"https:\/\/www.eldigitaldeasturias.com\/noticias\/category\/actualidad\/","nextItem":{"@type":"ListItem","@id":"https:\/\/www.eldigitaldeasturias.com\/noticias\/andalucia-destinara-155-millones-para-crear-empleo-joven-en-el-campo\/#listItem","name":"Andaluc\u00eda destinar\u00e1 155 millones para crear empleo joven en el campo"},"previousItem":{"@type":"ListItem","@id":"https:\/\/www.eldigitaldeasturias.com\/noticias#listItem","name":"Home"}},{"@type":"ListItem","@id":"https:\/\/www.eldigitaldeasturias.com\/noticias\/andalucia-destinara-155-millones-para-crear-empleo-joven-en-el-campo\/#listItem","position":3,"name":"Andaluc\u00eda destinar\u00e1 155 millones para crear empleo joven en el campo","previousItem":{"@type":"ListItem","@id":"https:\/\/www.eldigitaldeasturias.com\/noticias\/category\/actualidad\/#listItem","name":"Actualidad"}}]},{"@type":"Organization","@id":"https:\/\/www.eldigitaldeasturias.com\/noticias\/#organization","name":"El Digital de Asturias","description":"Hemeroteca","url":"https:\/\/www.eldigitaldeasturias.com\/noticias\/","email":"info@eldigitaldeasturias.com","telephone":"+34652131393","logo":{"@type":"ImageObject","url":"https:\/\/www.eldigitaldeasturias.com\/noticias\/wp-content\/uploads\/2020\/12\/EDA.jpg","@id":"https:\/\/www.eldigitaldeasturias.com\/noticias\/andalucia-destinara-155-millones-para-crear-empleo-joven-en-el-campo\/#organizationLogo"},"image":{"@id":"https:\/\/www.eldigitaldeasturias.com\/noticias\/andalucia-destinara-155-millones-para-crear-empleo-joven-en-el-campo\/#organizationLogo"},"sameAs":["https:\/\/facebook.com\/eldigitaldeasturias","https:\/\/www.youtube.com\/channel\/UCZP-2wLEB9Rv6erhFmqVnvg"],"address":{"@id":"https:\/\/www.eldigitaldeasturias.com\/noticias\/#postaladdress","@type":"PostalAddress","streetAddress":"san antonio 4","postalCode":"33430","addressLocality":"Cand\u00e1s","addressRegion":"Asturias","addressCountry":"ES"}},{"@type":"Person","@id":"https:\/\/www.eldigitaldeasturias.com\/noticias\/author\/admin\/#author","url":"https:\/\/www.eldigitaldeasturias.com\/noticias\/author\/admin\/","name":"El Digital de Asturias","image":{"@type":"ImageObject","@id":"https:\/\/www.eldigitaldeasturias.com\/noticias\/andalucia-destinara-155-millones-para-crear-empleo-joven-en-el-campo\/#authorImage","url":"https:\/\/secure.gravatar.com\/avatar\/df2aeffc32bcd13f8d26072ef8a91b623d677766deac7f97ca815868cd41bf5e?s=96&d=mm&r=g","width":96,"height":96,"caption":"El Digital de Asturias"}},{"@type":"WebPage","@id":"https:\/\/www.eldigitaldeasturias.com\/noticias\/andalucia-destinara-155-millones-para-crear-empleo-joven-en-el-campo\/#webpage","url":"https:\/\/www.eldigitaldeasturias.com\/noticias\/andalucia-destinara-155-millones-para-crear-empleo-joven-en-el-campo\/","name":"Andaluc\u00eda destinar\u00e1 155 millones para crear empleo joven en el campo - El Digital de Asturias","description":"El consejero de Agricultura, Pesca y Desarrollo Rural, Rodrigo S\u00e1nchez Haro, ha situado a Andaluc\u00eda como \"referente en Espa\u00f1a y Europa\" en la apuesta por la incorporaci\u00f3n de j\u00f3venes al campo. El responsable del Gobierno auton\u00f3mico ha recordado durante su comparecencia en comisi\u00f3n parlamentaria que el departamento que dirige ha puesto en marcha en el","inLanguage":"es-ES","isPartOf":{"@id":"https:\/\/www.eldigitaldeasturias.com\/noticias\/#website"},"breadcrumb":{"@id":"https:\/\/www.eldigitaldeasturias.com\/noticias\/andalucia-destinara-155-millones-para-crear-empleo-joven-en-el-campo\/#breadcrumblist"},"author":{"@id":"https:\/\/www.eldigitaldeasturias.com\/noticias\/author\/admin\/#author"},"creator":{"@id":"https:\/\/www.eldigitaldeasturias.com\/noticias\/author\/admin\/#author"},"image":{"@type":"ImageObject","url":978840,"@id":"https:\/\/www.eldigitaldeasturias.com\/noticias\/andalucia-destinara-155-millones-para-crear-empleo-joven-en-el-campo\/#mainImage"},"primaryImageOfPage":{"@id":"https:\/\/www.eldigitaldeasturias.com\/noticias\/andalucia-destinara-155-millones-para-crear-empleo-joven-en-el-campo\/#mainImage"},"datePublished":"2018-05-04T13:23:39+02:00","dateModified":"2018-05-04T13:23:39+02:00"},{"@type":"WebSite","@id":"https:\/\/www.eldigitaldeasturias.com\/noticias\/#website","url":"https:\/\/www.eldigitaldeasturias.com\/noticias\/","name":"El Digital de Asturias - Diario de actualidad y noticias","alternateName":"El Digital de Asturias - Diario de actualidad y noticias","description":"Hemeroteca","inLanguage":"es-ES","publisher":{"@id":"https:\/\/www.eldigitaldeasturias.com\/noticias\/#organization"}}]},"og:locale":"es_ES","og:site_name":"El Digital de Asturias","og:type":"article","og:title":"Andaluc\u00eda destinar\u00e1 155 millones para crear empleo joven en el campo - El Digital de Asturias","og:description":"El consejero de Agricultura, Pesca y Desarrollo Rural, Rodrigo S\u00e1nchez Haro, ha situado a Andaluc\u00eda como &quot;referente en Espa\u00f1a y Europa&quot; en la apuesta por la incorporaci\u00f3n de j\u00f3venes al campo. El responsable del Gobierno auton\u00f3mico ha recordado durante su comparecencia en comisi\u00f3n parlamentaria que el departamento que dirige ha puesto en marcha en el","og:url":"https:\/\/www.eldigitaldeasturias.com\/noticias\/andalucia-destinara-155-millones-para-crear-empleo-joven-en-el-campo\/","article:tag":["actualidad"],"article:published_time":"2018-05-04T13:23:39+00:00","article:modified_time":"2018-05-04T13:23:39+00:00","article:publisher":"https:\/\/facebook.com\/eldigitaldeasturias","twitter:card":"summary_large_image","twitter:title":"Andaluc\u00eda destinar\u00e1 155 millones para crear empleo joven en el campo - El Digital de Asturias","twitter:description":"El consejero de Agricultura, Pesca y Desarrollo Rural, Rodrigo S\u00e1nchez Haro, ha situado a Andaluc\u00eda como &quot;referente en Espa\u00f1a y Europa&quot; en la apuesta por la incorporaci\u00f3n de j\u00f3venes al campo. El responsable del Gobierno auton\u00f3mico ha recordado durante su comparecencia en comisi\u00f3n parlamentaria que el departamento que dirige ha puesto en marcha en el","twitter:image":"https:\/\/www.eldigitaldeasturias.com\/noticias\/wp-content\/uploads\/2020\/12\/EDA-1.jpg","twitter:label1":"Escrito por","twitter:data1":"El Digital de Asturias","twitter:label2":"Tiempo de lectura estimado","twitter:data2":"2 minutos"},"aioseo_meta_data":{"post_id":"978839","title":null,"description":null,"keywords":null,"keyphrases":null,"primary_term":null,"canonical_url":null,"og_title":null,"og_description":null,"og_object_type":"default","og_image_type":"default","og_image_url":null,"og_image_width":null,"og_image_height":null,"og_image_custom_url":null,"og_image_custom_fields":null,"og_video":null,"og_custom_url":null,"og_article_section":null,"og_article_tags":null,"twitter_use_og":false,"twitter_card":"default","twitter_image_type":"default","twitter_image_url":null,"twitter_image_custom_url":null,"twitter_image_custom_fields":null,"twitter_title":null,"twitter_description":null,"schema":{"blockGraphs":[],"customGraphs":[],"default":{"data":{"Article":[],"Course":[],"Dataset":[],"FAQPage":[],"Movie":[],"Person":[],"Product":[],"ProductReview":[],"Car":[],"Recipe":[],"Service":[],"SoftwareApplication":[],"WebPage":[]},"graphName":"","isEnabled":true},"graphs":[],"defaultGraph":"","defaultPostTypeGraph":""},"schema_type":null,"schema_type_options":null,"pillar_content":false,"robots_default":true,"robots_noindex":false,"robots_noarchive":false,"robots_nosnippet":false,"robots_nofollow":false,"robots_noimageindex":false,"robots_noodp":false,"robots_notranslate":false,"robots_max_snippet":null,"robots_max_videopreview":null,"robots_max_imagepreview":"large","priority":null,"frequency":null,"local_seo":null,"seo_analyzer_scan_date":"2025-10-08 12:17:11","breadcrumb_settings":null,"limit_modified_date":false,"open_ai":null,"ai":null,"created":"2020-12-21 12:01:36","updated":"2025-10-08 12:17:11","focus_keyword":null,"additional_keywords":null,"truseo_locale":null},"aioseo_breadcrumb":"<div class=\"aioseo-breadcrumbs\"><span class=\"aioseo-breadcrumb\">\n\t<a href=\"https:\/\/www.eldigitaldeasturias.com\/noticias\" title=\"Home\">Home<\/a>\n<\/span><span class=\"aioseo-breadcrumb-separator\">\u2013<\/span><span class=\"aioseo-breadcrumb\">\n\t<a href=\"https:\/\/www.eldigitaldeasturias.com\/noticias\/category\/actualidad\/\" title=\"Actualidad\">Actualidad<\/a>\n<\/span><span class=\"aioseo-breadcrumb-separator\">\u2013<\/span><span class=\"aioseo-breadcrumb\">\n\t<a href=\"https:\/\/www.eldigitaldeasturias.com\/noticias\/andalucia-destinara-155-millones-para-crear-empleo-joven-en-el-campo\/\" title=\"Andaluc\u00eda destinar\u00e1 155 millones para crear empleo joven en el campo\">Andaluc\u00eda destinar\u00e1 155 millones para crear empleo joven en el campo<\/a>\n<\/span><\/div>","aioseo_breadcrumb_json":[{"label":"Home","link":"https:\/\/www.eldigitaldeasturias.com\/noticias"},{"label":"Actualidad","link":"https:\/\/www.eldigitaldeasturias.com\/noticias\/category\/actualidad\/"},{"label":"Andaluc\u00eda destinar\u00e1 155 millones para crear empleo joven en el campo","link":"https:\/\/www.eldigitaldeasturias.com\/noticias\/andalucia-destinara-155-millones-para-crear-empleo-joven-en-el-campo\/"}],"_links":{"self":[{"href":"https:\/\/www.eldigitaldeasturias.com\/noticias\/wp-json\/wp\/v2\/posts\/978839","targetHints":{"allow":["GET"]}}],"collection":[{"href":"https:\/\/www.eldigitaldeasturias.com\/noticias\/wp-json\/wp\/v2\/posts"}],"about":[{"href":"https:\/\/www.eldigitaldeasturias.com\/noticias\/wp-json\/wp\/v2\/types\/post"}],"author":[{"embeddable":true,"href":"https:\/\/www.eldigitaldeasturias.com\/noticias\/wp-json\/wp\/v2\/users\/1"}],"replies":[{"embeddable":true,"href":"https:\/\/www.eldigitaldeasturias.com\/noticias\/wp-json\/wp\/v2\/comments?post=978839"}],"version-history":[{"count":0,"href":"https:\/\/www.eldigitaldeasturias.com\/noticias\/wp-json\/wp\/v2\/posts\/978839\/revisions"}],"wp:attachment":[{"href":"https:\/\/www.eldigitaldeasturias.com\/noticias\/wp-json\/wp\/v2\/media?parent=978839"}],"wp:term":[{"taxonomy":"category","embeddable":true,"href":"https:\/\/www.eldigitaldeasturias.com\/noticias\/wp-json\/wp\/v2\/categories?post=978839"},{"taxonomy":"post_tag","embeddable":true,"href":"https:\/\/www.eldigitaldeasturias.com\/noticias\/wp-json\/wp\/v2\/tags?post=978839"}],"curies":[{"name":"wp","href":"https:\/\/api.w.org\/{rel}","templated":true}]}}