{"id":978802,"date":"2018-05-04T12:10:17","date_gmt":"2018-05-04T12:10:17","guid":{"rendered":"http:\/\/www.eldigitaldeasturias.com\/noticias\/?p=978802"},"modified":"2018-05-04T12:10:17","modified_gmt":"2018-05-04T12:10:17","slug":"colonias-de-verano-2018-en-aragon","status":"publish","type":"post","link":"https:\/\/www.eldigitaldeasturias.com\/noticias\/colonias-de-verano-2018-en-aragon\/","title":{"rendered":"Colonias de verano 2018 en Arag\u00f3n"},"content":{"rendered":"<p><img loading=\"lazy\" decoding=\"async\" class=\"alignleft size-medium wp-image-978803\" src=\"https:\/\/www.eldigitaldeasturias.com\/noticias\/wp-content\/uploads\/2018\/05\/ecab9928-360x159.jpg\" alt=\"\" width=\"360\" height=\"159\" \/>El Instituto Aragon\u00e9s de la Juventud (IAJ), lanza por segundo a\u00f1o consecutivo su oferta de actividades juveniles en modalidad de Colonia para 2018, en la que se incluyen 213 plazas.<\/p>\n<p>Este a\u00f1o hay un total de ocho colonias (una m\u00e1s que en 2017), de las cuales, cuatro se realizan en diversos puntos de Arag\u00f3n (Albarrac\u00edn, Alquezar, el Pueyo de Jaca y Mequinenza) y otras cuatro repartidas en Castilla La Mancha, Comunidad Valenciana y Pa\u00eds Vasco. Al participar en el intercambio de plazas, j\u00f3venes de estas comunidades pueden asistir tambi\u00e9n a las actividades que se realizan en Arag\u00f3n.<\/p>\n<p>\u201cDesde el IAJ, seguimos apostando por ofrecer un ocio alternativo a nuestros j\u00f3venes y por eso, por segundo a\u00f1o consecutivo, lanzamos nuestro programa de actividades en vacaciones\u201d, explica el director del IAJ, Adri\u00e1n Gimeno. Este a\u00f1o \u201caumenta el n\u00famero de plazas y actividades ofertadas con una amplia variedad: actividades de monta\u00f1a, acu\u00e1ticas, campamentos en ingl\u00e9s o de interpretaci\u00f3n\u201d, a\u00f1ade Gimeno.<\/p>\n<p>Como novedad, se ha ampliado la franja de edad y este a\u00f1o una de las actividades va destinada a j\u00f3venes de entre 12 y 15 a\u00f1os, mientras que el resto est\u00e1n orientadas a chavales de entre 14 y 17 a\u00f1os.<\/p>\n<p><strong>Proceso de solicitud<\/strong><\/p>\n<p>La preinscripci\u00f3n se puede realizar entre el 4 y 17 de mayo de forma telem\u00e1tica. La solicitud ser\u00e1 \u00fanica y en ella se deben hacer constar, por orden de preferencia, hasta un m\u00e1ximo de tres actividades, de modo que, si no se consigue plaza en la primera, se intentar\u00e1 adjudicar la plaza en la segunda y, en caso de no poderse adjudicar esta, en la tercera.<\/p>\n<p>El sorteo de las plazas ser\u00e1 p\u00fablico y se realizar\u00e1 el viernes 25 de mayo a las 11 horas en la sede del IAJ (Calle Franco y L\u00f3pez, 4, en Zaragoza). La formalizaci\u00f3n de las plazas adjudicadas se llevar\u00e1 a cabo los d\u00edas 28, 29 y 30 de mayo. A partir del 5 de junio habr\u00e1 turno libre de reparto de vacantes y el cierre definitivo del proceso de inscripci\u00f3n para estas actividades finalizar\u00e1 el 14 de junio.<\/p>\n<p><strong>Colonias en Arag\u00f3n<\/strong><\/p>\n<p>Se ofertan un total de cuatro actividades en la Comunidad Aut\u00f3noma aragonesa y que se detallan a continuaci\u00f3n:<\/p>\n<p>\u201cActividad de cine: Rodeno Films\u201d cuenta con 25 plazas para j\u00f3venes de entre 14 y 17 a\u00f1os y se celebrar\u00e1 en el Albergue Juvenil de Albarrac\u00edn (Teruel) del 1 al 10 de julio. El precio es de 260 euros (234 euros para poseedores del Carn\u00e9 Joven Europeo). Incluye actividades que giran en torno al cine y al mundo audiovisual, la realizaci\u00f3n de talleres para trabajar el guion, procesos de producci\u00f3n, fotograf\u00eda, interpretaci\u00f3n, direcci\u00f3n y montaje de la pel\u00edcula. Contar\u00e1 tambi\u00e9n con juegos, veladas, gymkanas de orientaci\u00f3n, piscina, actividades medioambientales, t\u00e9cnicas de especialistas en Boulder y excursiones, entre otras.<\/p>\n<p>\u201cEl Pueyo Aventura\u201d ofrece 16 plazas para j\u00f3venes de entre 14 y 17 a\u00f1os y se celebrar\u00e1 en el Albergue Juvenil de El Pueyo de Jaca (Huesca) del 1 al 10 de julio. Su precio es de 260 euros (234 euros si se presenta el Carn\u00e9 Joven Europeo). Incluye actividades deportivas y de aventuras tales como descenso de barrancos, v\u00eda ferrata, rapel, puente tibetano sirga, slackline, traves\u00eda, noche de vivac y orientaci\u00f3n, entre otras. Todo ello combinado con actividades de ocio educativo, talleres, din\u00e1micas, juegos, veladas y concursos. Para participar en esta colonia es imprescindible saber nadar.<\/p>\n<p>\u201cMultiaventura en Alqu\u00e9zar\u201d cuenta con 25 plazas para j\u00f3venes de entre 14 y 17 a\u00f1os y tendr\u00e1 lugar en el Refugio Escuela de Monta\u00f1a en Alqu\u00e9zar (Huesca) del 11 al 20 de julio. Tiene un precio de 260 euros (que ser\u00e1 de 234 euros presentando el Carn\u00e9 Joven Europeo). Incluye actividades deportivas en la naturaleza como escapadas, barranquismo, rapel, senderismo, orientaci\u00f3n, slackline, tiro con arco, v\u00eda ferrata, senderismo, actividades acu\u00e1ticas, adem\u00e1s de talleres, juegos, veladas, visitas y actividades culturales. Es imprescindible saber nadar.<\/p>\n<p>\u201cEnglish camp: Sport &amp; Adventure\u201d ofrece 50 plazas para j\u00f3venes de 12 a 15 a\u00f1os y se celebrar\u00e1 en el Albergue Juvenil de Mequinenza (Zaragoza) del 11 al 20 de julio. Tiene un precio de 280 euros (que con Carn\u00e9 Joven Europeo se reduce a 252 euros). Incluye actividades acu\u00e1ticas en el embalse (pirag\u00fcismo, paddle surf y remo) y actividades deportivas en la naturaleza (rutas en BTT, marcha n\u00f3rdica, h\u00edpica, caminatas, tiro con arco, carreras de orientaci\u00f3n tem\u00e1ticas). Se realizar\u00e1n tambi\u00e9n talleres, juegos, veladas, visitas y actividades culturales. Todas las actividades incluidas se realizar\u00e1n en ingl\u00e9s. Es imprescindible saber nadar.<\/p>\n<p><strong>Colonias en otras Comunidades Aut\u00f3nomas<\/strong><\/p>\n<p>\u201cN\u00e1utica en Lagunas de Ruidera\u201d se celebrar\u00e1 del 21 al 30 de julio en Ossa de Montiel (Albacete) y cuenta con 25 plazas para j\u00f3venes de entre 14 y 17 a\u00f1os. El precio es de 280 euros y 252 euros si se dispone de Carn\u00e9 Joven Europeo. Incluye actividades n\u00e1uticas como pirag\u00fcismo, vela ligera, windsurf y otros deportes alternativos, as\u00ed como senderismo, gymkanas, veladas y juegos. Para asistir es imprescindible saber nadar.<\/p>\n<p>\u201cPlaya y n\u00e1utica\u201d tendr\u00e1 lugar en Benicarl\u00f3 (Castell\u00f3n), del 2 al 11 de julio, y se ofertan 25 plazas para j\u00f3venes de entre 14 y 17 a\u00f1os con un precio de 280 euros, que ser\u00e1n 252 euros para quienes posean Carn\u00e9 Joven Europeo. Contar\u00e1 con actividades n\u00e1uticas y multiaventura, ingl\u00e9s, talleres, juegos, animaciones y veladas nocturnas. Es imprescindible que los participantes sepan nadar. Esta misma colonia se volver\u00e1 a celebrar, con las mismas condiciones, del 12 al 21 de julio.<\/p>\n<p>\u201cN\u00e1utica en la isla de Zuhaza\u201d est\u00e1 dirigido a j\u00f3venes de entre 14 y 17 a\u00f1os, para los que se ponen a disposici\u00f3n 22 plazas. Tendr\u00e1 lugar en la Isla de Zuhaza (Vitoria), del 1 al 11 de agosto, y el alojamiento se llevar\u00e1 a cabo en caba\u00f1as de madera con literas. El precio de esta colonia es de 280 euros (252 euros con Carn\u00e9 Joven Europeo). Incluye n\u00e1utica en el embalse Ullibarri-Gamboa con actividades como piragua, remo, pedal\u00f3n y windsurf. Es un campamento pensado para el conocimiento interpersonal, pues acudir\u00e1n m\u00e1s de 200 chicos y chicas de diversas procedencias. Adem\u00e1s de actividades acu\u00e1ticas y otras relacionadas con la educaci\u00f3n en el tiempo libre, talleres, juegos y veladas, se har\u00e1n excursiones a Vitoria y a San Sebasti\u00e1n o a Urdaibai (en la Costa Vasca). Es imprescindible saber nadar.<\/p>\n","protected":false},"excerpt":{"rendered":"<p>El Instituto Aragon\u00e9s de la Juventud (IAJ), lanza por segundo a\u00f1o consecutivo su oferta de actividades juveniles en modalidad de Colonia para 2018, en la que se incluyen 213 plazas. Este a\u00f1o hay un total de ocho colonias (una m\u00e1s que en 2017), de las cuales, cuatro se realizan en diversos puntos de Arag\u00f3n (Albarrac\u00edn, [&hellip;]<\/p>\n","protected":false},"author":1,"featured_media":978803,"comment_status":"closed","ping_status":"closed","sticky":false,"template":"","format":"standard","meta":{"footnotes":""},"categories":[1],"tags":[],"class_list":["post-978802","post","type-post","status-publish","format-standard","has-post-thumbnail","hentry","category-actualidad"],"aioseo_notices":[],"aioseo_head":"\n\t\t<!-- All in One SEO Pro 5.0.1 - aioseo.com -->\n\t<meta name=\"description\" content=\"El Instituto Aragon\u00e9s de la Juventud (IAJ), lanza por segundo a\u00f1o consecutivo su oferta de actividades juveniles en modalidad de Colonia para 2018, en la que se incluyen 213 plazas. Este a\u00f1o hay un total de ocho colonias (una m\u00e1s que en 2017), de las cuales, cuatro se realizan en diversos puntos de Arag\u00f3n (Albarrac\u00edn,\" \/>\n\t<meta name=\"robots\" content=\"max-image-preview:large\" \/>\n\t<meta name=\"author\" content=\"El Digital de Asturias\"\/>\n\t<meta name=\"google-site-verification\" content=\"UA-38556648-1\" \/>\n\t<meta name=\"msvalidate.01\" content=\"7dfe9f3f1b24437ab69f4f2559babe99\" \/>\n\t<meta name=\"keywords\" content=\"actualidad\" \/>\n\t<link rel=\"canonical\" href=\"https:\/\/www.eldigitaldeasturias.com\/noticias\/colonias-de-verano-2018-en-aragon\/\" \/>\n\t<meta name=\"generator\" content=\"All in One SEO Pro (AIOSEO) 5.0.1\" \/>\n\t\t<meta property=\"og:locale\" content=\"es_ES\" \/>\n\t\t<meta property=\"og:site_name\" content=\"El Digital de Asturias\" \/>\n\t\t<meta property=\"og:type\" content=\"article\" \/>\n\t\t<meta property=\"og:title\" content=\"Colonias de verano 2018 en Arag\u00f3n - El Digital de Asturias\" \/>\n\t\t<meta property=\"og:description\" content=\"El Instituto Aragon\u00e9s de la Juventud (IAJ), lanza por segundo a\u00f1o consecutivo su oferta de actividades juveniles en modalidad de Colonia para 2018, en la que se incluyen 213 plazas. Este a\u00f1o hay un total de ocho colonias (una m\u00e1s que en 2017), de las cuales, cuatro se realizan en diversos puntos de Arag\u00f3n (Albarrac\u00edn,\" \/>\n\t\t<meta property=\"og:url\" content=\"https:\/\/www.eldigitaldeasturias.com\/noticias\/colonias-de-verano-2018-en-aragon\/\" \/>\n\t\t<meta property=\"article:tag\" content=\"actualidad\" \/>\n\t\t<meta property=\"article:published_time\" content=\"2018-05-04T12:10:17+00:00\" \/>\n\t\t<meta property=\"article:modified_time\" content=\"2018-05-04T12:10:17+00:00\" \/>\n\t\t<meta property=\"article:publisher\" content=\"https:\/\/facebook.com\/eldigitaldeasturias\" \/>\n\t\t<meta name=\"twitter:card\" content=\"summary_large_image\" \/>\n\t\t<meta name=\"twitter:title\" content=\"Colonias de verano 2018 en Arag\u00f3n - El Digital de Asturias\" \/>\n\t\t<meta name=\"twitter:description\" content=\"El Instituto Aragon\u00e9s de la Juventud (IAJ), lanza por segundo a\u00f1o consecutivo su oferta de actividades juveniles en modalidad de Colonia para 2018, en la que se incluyen 213 plazas. Este a\u00f1o hay un total de ocho colonias (una m\u00e1s que en 2017), de las cuales, cuatro se realizan en diversos puntos de Arag\u00f3n (Albarrac\u00edn,\" \/>\n\t\t<meta name=\"twitter:image\" content=\"https:\/\/www.eldigitaldeasturias.com\/noticias\/wp-content\/uploads\/2020\/12\/EDA-1.jpg\" \/>\n\t\t<meta name=\"twitter:label1\" content=\"Escrito por\" \/>\n\t\t<meta name=\"twitter:data1\" content=\"El Digital de Asturias\" \/>\n\t\t<meta name=\"twitter:label2\" content=\"Tiempo de lectura estimado\" \/>\n\t\t<meta name=\"twitter:data2\" content=\"5 minutos\" \/>\n\t\t<script type=\"application\/ld+json\" class=\"aioseo-schema\">\n\t\t\t{\"@context\":\"https:\\\/\\\/schema.org\",\"@graph\":[{\"@type\":\"BlogPosting\",\"@id\":\"https:\\\/\\\/www.eldigitaldeasturias.com\\\/noticias\\\/colonias-de-verano-2018-en-aragon\\\/#blogposting\",\"name\":\"Colonias de verano 2018 en Arag\\u00f3n - El Digital de Asturias\",\"headline\":\"Colonias de verano 2018 en Arag\\u00f3n\",\"author\":{\"@id\":\"https:\\\/\\\/www.eldigitaldeasturias.com\\\/noticias\\\/author\\\/admin\\\/#author\"},\"publisher\":{\"@id\":\"https:\\\/\\\/www.eldigitaldeasturias.com\\\/noticias\\\/#organization\"},\"image\":{\"@type\":\"ImageObject\",\"url\":978803},\"datePublished\":\"2018-05-04T12:10:17+02:00\",\"dateModified\":\"2018-05-04T12:10:17+02:00\",\"inLanguage\":\"es-ES\",\"mainEntityOfPage\":{\"@id\":\"https:\\\/\\\/www.eldigitaldeasturias.com\\\/noticias\\\/colonias-de-verano-2018-en-aragon\\\/#webpage\"},\"isPartOf\":{\"@id\":\"https:\\\/\\\/www.eldigitaldeasturias.com\\\/noticias\\\/colonias-de-verano-2018-en-aragon\\\/#webpage\"},\"articleSection\":\"Actualidad\"},{\"@type\":\"BreadcrumbList\",\"@id\":\"https:\\\/\\\/www.eldigitaldeasturias.com\\\/noticias\\\/colonias-de-verano-2018-en-aragon\\\/#breadcrumblist\",\"itemListElement\":[{\"@type\":\"ListItem\",\"@id\":\"https:\\\/\\\/www.eldigitaldeasturias.com\\\/noticias#listItem\",\"position\":1,\"name\":\"Home\",\"item\":\"https:\\\/\\\/www.eldigitaldeasturias.com\\\/noticias\",\"nextItem\":{\"@type\":\"ListItem\",\"@id\":\"https:\\\/\\\/www.eldigitaldeasturias.com\\\/noticias\\\/category\\\/actualidad\\\/#listItem\",\"name\":\"Actualidad\"}},{\"@type\":\"ListItem\",\"@id\":\"https:\\\/\\\/www.eldigitaldeasturias.com\\\/noticias\\\/category\\\/actualidad\\\/#listItem\",\"position\":2,\"name\":\"Actualidad\",\"item\":\"https:\\\/\\\/www.eldigitaldeasturias.com\\\/noticias\\\/category\\\/actualidad\\\/\",\"nextItem\":{\"@type\":\"ListItem\",\"@id\":\"https:\\\/\\\/www.eldigitaldeasturias.com\\\/noticias\\\/colonias-de-verano-2018-en-aragon\\\/#listItem\",\"name\":\"Colonias de verano 2018 en Arag\\u00f3n\"},\"previousItem\":{\"@type\":\"ListItem\",\"@id\":\"https:\\\/\\\/www.eldigitaldeasturias.com\\\/noticias#listItem\",\"name\":\"Home\"}},{\"@type\":\"ListItem\",\"@id\":\"https:\\\/\\\/www.eldigitaldeasturias.com\\\/noticias\\\/colonias-de-verano-2018-en-aragon\\\/#listItem\",\"position\":3,\"name\":\"Colonias de verano 2018 en Arag\\u00f3n\",\"previousItem\":{\"@type\":\"ListItem\",\"@id\":\"https:\\\/\\\/www.eldigitaldeasturias.com\\\/noticias\\\/category\\\/actualidad\\\/#listItem\",\"name\":\"Actualidad\"}}]},{\"@type\":\"Organization\",\"@id\":\"https:\\\/\\\/www.eldigitaldeasturias.com\\\/noticias\\\/#organization\",\"name\":\"El Digital de Asturias\",\"description\":\"Hemeroteca\",\"url\":\"https:\\\/\\\/www.eldigitaldeasturias.com\\\/noticias\\\/\",\"email\":\"info@eldigitaldeasturias.com\",\"telephone\":\"+34652131393\",\"logo\":{\"@type\":\"ImageObject\",\"url\":\"https:\\\/\\\/www.eldigitaldeasturias.com\\\/noticias\\\/wp-content\\\/uploads\\\/2020\\\/12\\\/EDA.jpg\",\"@id\":\"https:\\\/\\\/www.eldigitaldeasturias.com\\\/noticias\\\/colonias-de-verano-2018-en-aragon\\\/#organizationLogo\"},\"image\":{\"@id\":\"https:\\\/\\\/www.eldigitaldeasturias.com\\\/noticias\\\/colonias-de-verano-2018-en-aragon\\\/#organizationLogo\"},\"sameAs\":[\"https:\\\/\\\/facebook.com\\\/eldigitaldeasturias\",\"https:\\\/\\\/www.youtube.com\\\/channel\\\/UCZP-2wLEB9Rv6erhFmqVnvg\"],\"address\":{\"@id\":\"https:\\\/\\\/www.eldigitaldeasturias.com\\\/noticias\\\/#postaladdress\",\"@type\":\"PostalAddress\",\"streetAddress\":\"san antonio 4\",\"postalCode\":\"33430\",\"addressLocality\":\"Cand\\u00e1s\",\"addressRegion\":\"Asturias\",\"addressCountry\":\"ES\"}},{\"@type\":\"Person\",\"@id\":\"https:\\\/\\\/www.eldigitaldeasturias.com\\\/noticias\\\/author\\\/admin\\\/#author\",\"url\":\"https:\\\/\\\/www.eldigitaldeasturias.com\\\/noticias\\\/author\\\/admin\\\/\",\"name\":\"El Digital de Asturias\",\"image\":{\"@type\":\"ImageObject\",\"@id\":\"https:\\\/\\\/www.eldigitaldeasturias.com\\\/noticias\\\/colonias-de-verano-2018-en-aragon\\\/#authorImage\",\"url\":\"https:\\\/\\\/secure.gravatar.com\\\/avatar\\\/df2aeffc32bcd13f8d26072ef8a91b623d677766deac7f97ca815868cd41bf5e?s=96&d=mm&r=g\",\"width\":96,\"height\":96,\"caption\":\"El Digital de Asturias\"}},{\"@type\":\"WebPage\",\"@id\":\"https:\\\/\\\/www.eldigitaldeasturias.com\\\/noticias\\\/colonias-de-verano-2018-en-aragon\\\/#webpage\",\"url\":\"https:\\\/\\\/www.eldigitaldeasturias.com\\\/noticias\\\/colonias-de-verano-2018-en-aragon\\\/\",\"name\":\"Colonias de verano 2018 en Arag\\u00f3n - El Digital de Asturias\",\"description\":\"El Instituto Aragon\\u00e9s de la Juventud (IAJ), lanza por segundo a\\u00f1o consecutivo su oferta de actividades juveniles en modalidad de Colonia para 2018, en la que se incluyen 213 plazas. Este a\\u00f1o hay un total de ocho colonias (una m\\u00e1s que en 2017), de las cuales, cuatro se realizan en diversos puntos de Arag\\u00f3n (Albarrac\\u00edn,\",\"inLanguage\":\"es-ES\",\"isPartOf\":{\"@id\":\"https:\\\/\\\/www.eldigitaldeasturias.com\\\/noticias\\\/#website\"},\"breadcrumb\":{\"@id\":\"https:\\\/\\\/www.eldigitaldeasturias.com\\\/noticias\\\/colonias-de-verano-2018-en-aragon\\\/#breadcrumblist\"},\"author\":{\"@id\":\"https:\\\/\\\/www.eldigitaldeasturias.com\\\/noticias\\\/author\\\/admin\\\/#author\"},\"creator\":{\"@id\":\"https:\\\/\\\/www.eldigitaldeasturias.com\\\/noticias\\\/author\\\/admin\\\/#author\"},\"image\":{\"@type\":\"ImageObject\",\"url\":978803,\"@id\":\"https:\\\/\\\/www.eldigitaldeasturias.com\\\/noticias\\\/colonias-de-verano-2018-en-aragon\\\/#mainImage\"},\"primaryImageOfPage\":{\"@id\":\"https:\\\/\\\/www.eldigitaldeasturias.com\\\/noticias\\\/colonias-de-verano-2018-en-aragon\\\/#mainImage\"},\"datePublished\":\"2018-05-04T12:10:17+02:00\",\"dateModified\":\"2018-05-04T12:10:17+02:00\"},{\"@type\":\"WebSite\",\"@id\":\"https:\\\/\\\/www.eldigitaldeasturias.com\\\/noticias\\\/#website\",\"url\":\"https:\\\/\\\/www.eldigitaldeasturias.com\\\/noticias\\\/\",\"name\":\"El Digital de Asturias - Diario de actualidad y noticias\",\"alternateName\":\"El Digital de Asturias - Diario de actualidad y noticias\",\"description\":\"Hemeroteca\",\"inLanguage\":\"es-ES\",\"publisher\":{\"@id\":\"https:\\\/\\\/www.eldigitaldeasturias.com\\\/noticias\\\/#organization\"}}]}\n\t\t<\/script>\n\t\t<!-- All in One SEO Pro -->\r\n\t\t<title>Colonias de verano 2018 en Arag\u00f3n - El Digital de Asturias<\/title>\n\n","aioseo_head_json":{"title":"Colonias de verano 2018 en Arag\u00f3n - El Digital de Asturias","description":"El Instituto Aragon\u00e9s de la Juventud (IAJ), lanza por segundo a\u00f1o consecutivo su oferta de actividades juveniles en modalidad de Colonia para 2018, en la que se incluyen 213 plazas. Este a\u00f1o hay un total de ocho colonias (una m\u00e1s que en 2017), de las cuales, cuatro se realizan en diversos puntos de Arag\u00f3n (Albarrac\u00edn,","canonical_url":"https:\/\/www.eldigitaldeasturias.com\/noticias\/colonias-de-verano-2018-en-aragon\/","robots":"max-image-preview:large","keywords":"actualidad","webmasterTools":{"google-site-verification":"UA-38556648-1","msvalidate.01":"7dfe9f3f1b24437ab69f4f2559babe99","miscellaneous":""},"schema":{"@context":"https:\/\/schema.org","@graph":[{"@type":"BlogPosting","@id":"https:\/\/www.eldigitaldeasturias.com\/noticias\/colonias-de-verano-2018-en-aragon\/#blogposting","name":"Colonias de verano 2018 en Arag\u00f3n - El Digital de Asturias","headline":"Colonias de verano 2018 en Arag\u00f3n","author":{"@id":"https:\/\/www.eldigitaldeasturias.com\/noticias\/author\/admin\/#author"},"publisher":{"@id":"https:\/\/www.eldigitaldeasturias.com\/noticias\/#organization"},"image":{"@type":"ImageObject","url":978803},"datePublished":"2018-05-04T12:10:17+02:00","dateModified":"2018-05-04T12:10:17+02:00","inLanguage":"es-ES","mainEntityOfPage":{"@id":"https:\/\/www.eldigitaldeasturias.com\/noticias\/colonias-de-verano-2018-en-aragon\/#webpage"},"isPartOf":{"@id":"https:\/\/www.eldigitaldeasturias.com\/noticias\/colonias-de-verano-2018-en-aragon\/#webpage"},"articleSection":"Actualidad"},{"@type":"BreadcrumbList","@id":"https:\/\/www.eldigitaldeasturias.com\/noticias\/colonias-de-verano-2018-en-aragon\/#breadcrumblist","itemListElement":[{"@type":"ListItem","@id":"https:\/\/www.eldigitaldeasturias.com\/noticias#listItem","position":1,"name":"Home","item":"https:\/\/www.eldigitaldeasturias.com\/noticias","nextItem":{"@type":"ListItem","@id":"https:\/\/www.eldigitaldeasturias.com\/noticias\/category\/actualidad\/#listItem","name":"Actualidad"}},{"@type":"ListItem","@id":"https:\/\/www.eldigitaldeasturias.com\/noticias\/category\/actualidad\/#listItem","position":2,"name":"Actualidad","item":"https:\/\/www.eldigitaldeasturias.com\/noticias\/category\/actualidad\/","nextItem":{"@type":"ListItem","@id":"https:\/\/www.eldigitaldeasturias.com\/noticias\/colonias-de-verano-2018-en-aragon\/#listItem","name":"Colonias de verano 2018 en Arag\u00f3n"},"previousItem":{"@type":"ListItem","@id":"https:\/\/www.eldigitaldeasturias.com\/noticias#listItem","name":"Home"}},{"@type":"ListItem","@id":"https:\/\/www.eldigitaldeasturias.com\/noticias\/colonias-de-verano-2018-en-aragon\/#listItem","position":3,"name":"Colonias de verano 2018 en Arag\u00f3n","previousItem":{"@type":"ListItem","@id":"https:\/\/www.eldigitaldeasturias.com\/noticias\/category\/actualidad\/#listItem","name":"Actualidad"}}]},{"@type":"Organization","@id":"https:\/\/www.eldigitaldeasturias.com\/noticias\/#organization","name":"El Digital de Asturias","description":"Hemeroteca","url":"https:\/\/www.eldigitaldeasturias.com\/noticias\/","email":"info@eldigitaldeasturias.com","telephone":"+34652131393","logo":{"@type":"ImageObject","url":"https:\/\/www.eldigitaldeasturias.com\/noticias\/wp-content\/uploads\/2020\/12\/EDA.jpg","@id":"https:\/\/www.eldigitaldeasturias.com\/noticias\/colonias-de-verano-2018-en-aragon\/#organizationLogo"},"image":{"@id":"https:\/\/www.eldigitaldeasturias.com\/noticias\/colonias-de-verano-2018-en-aragon\/#organizationLogo"},"sameAs":["https:\/\/facebook.com\/eldigitaldeasturias","https:\/\/www.youtube.com\/channel\/UCZP-2wLEB9Rv6erhFmqVnvg"],"address":{"@id":"https:\/\/www.eldigitaldeasturias.com\/noticias\/#postaladdress","@type":"PostalAddress","streetAddress":"san antonio 4","postalCode":"33430","addressLocality":"Cand\u00e1s","addressRegion":"Asturias","addressCountry":"ES"}},{"@type":"Person","@id":"https:\/\/www.eldigitaldeasturias.com\/noticias\/author\/admin\/#author","url":"https:\/\/www.eldigitaldeasturias.com\/noticias\/author\/admin\/","name":"El Digital de Asturias","image":{"@type":"ImageObject","@id":"https:\/\/www.eldigitaldeasturias.com\/noticias\/colonias-de-verano-2018-en-aragon\/#authorImage","url":"https:\/\/secure.gravatar.com\/avatar\/df2aeffc32bcd13f8d26072ef8a91b623d677766deac7f97ca815868cd41bf5e?s=96&d=mm&r=g","width":96,"height":96,"caption":"El Digital de Asturias"}},{"@type":"WebPage","@id":"https:\/\/www.eldigitaldeasturias.com\/noticias\/colonias-de-verano-2018-en-aragon\/#webpage","url":"https:\/\/www.eldigitaldeasturias.com\/noticias\/colonias-de-verano-2018-en-aragon\/","name":"Colonias de verano 2018 en Arag\u00f3n - El Digital de Asturias","description":"El Instituto Aragon\u00e9s de la Juventud (IAJ), lanza por segundo a\u00f1o consecutivo su oferta de actividades juveniles en modalidad de Colonia para 2018, en la que se incluyen 213 plazas. Este a\u00f1o hay un total de ocho colonias (una m\u00e1s que en 2017), de las cuales, cuatro se realizan en diversos puntos de Arag\u00f3n (Albarrac\u00edn,","inLanguage":"es-ES","isPartOf":{"@id":"https:\/\/www.eldigitaldeasturias.com\/noticias\/#website"},"breadcrumb":{"@id":"https:\/\/www.eldigitaldeasturias.com\/noticias\/colonias-de-verano-2018-en-aragon\/#breadcrumblist"},"author":{"@id":"https:\/\/www.eldigitaldeasturias.com\/noticias\/author\/admin\/#author"},"creator":{"@id":"https:\/\/www.eldigitaldeasturias.com\/noticias\/author\/admin\/#author"},"image":{"@type":"ImageObject","url":978803,"@id":"https:\/\/www.eldigitaldeasturias.com\/noticias\/colonias-de-verano-2018-en-aragon\/#mainImage"},"primaryImageOfPage":{"@id":"https:\/\/www.eldigitaldeasturias.com\/noticias\/colonias-de-verano-2018-en-aragon\/#mainImage"},"datePublished":"2018-05-04T12:10:17+02:00","dateModified":"2018-05-04T12:10:17+02:00"},{"@type":"WebSite","@id":"https:\/\/www.eldigitaldeasturias.com\/noticias\/#website","url":"https:\/\/www.eldigitaldeasturias.com\/noticias\/","name":"El Digital de Asturias - Diario de actualidad y noticias","alternateName":"El Digital de Asturias - Diario de actualidad y noticias","description":"Hemeroteca","inLanguage":"es-ES","publisher":{"@id":"https:\/\/www.eldigitaldeasturias.com\/noticias\/#organization"}}]},"og:locale":"es_ES","og:site_name":"El Digital de Asturias","og:type":"article","og:title":"Colonias de verano 2018 en Arag\u00f3n - El Digital de Asturias","og:description":"El Instituto Aragon\u00e9s de la Juventud (IAJ), lanza por segundo a\u00f1o consecutivo su oferta de actividades juveniles en modalidad de Colonia para 2018, en la que se incluyen 213 plazas. Este a\u00f1o hay un total de ocho colonias (una m\u00e1s que en 2017), de las cuales, cuatro se realizan en diversos puntos de Arag\u00f3n (Albarrac\u00edn,","og:url":"https:\/\/www.eldigitaldeasturias.com\/noticias\/colonias-de-verano-2018-en-aragon\/","article:tag":["actualidad"],"article:published_time":"2018-05-04T12:10:17+00:00","article:modified_time":"2018-05-04T12:10:17+00:00","article:publisher":"https:\/\/facebook.com\/eldigitaldeasturias","twitter:card":"summary_large_image","twitter:title":"Colonias de verano 2018 en Arag\u00f3n - El Digital de Asturias","twitter:description":"El Instituto Aragon\u00e9s de la Juventud (IAJ), lanza por segundo a\u00f1o consecutivo su oferta de actividades juveniles en modalidad de Colonia para 2018, en la que se incluyen 213 plazas. Este a\u00f1o hay un total de ocho colonias (una m\u00e1s que en 2017), de las cuales, cuatro se realizan en diversos puntos de Arag\u00f3n (Albarrac\u00edn,","twitter:image":"https:\/\/www.eldigitaldeasturias.com\/noticias\/wp-content\/uploads\/2020\/12\/EDA-1.jpg","twitter:label1":"Escrito por","twitter:data1":"El Digital de Asturias","twitter:label2":"Tiempo de lectura estimado","twitter:data2":"5 minutos"},"aioseo_meta_data":{"post_id":"978802","title":null,"description":null,"keywords":null,"keyphrases":null,"primary_term":null,"canonical_url":null,"og_title":null,"og_description":null,"og_object_type":"default","og_image_type":"default","og_image_url":null,"og_image_width":null,"og_image_height":null,"og_image_custom_url":null,"og_image_custom_fields":null,"og_video":null,"og_custom_url":null,"og_article_section":null,"og_article_tags":null,"twitter_use_og":false,"twitter_card":"default","twitter_image_type":"default","twitter_image_url":null,"twitter_image_custom_url":null,"twitter_image_custom_fields":null,"twitter_title":null,"twitter_description":null,"schema":{"blockGraphs":[],"customGraphs":[],"default":{"data":{"Article":[],"Course":[],"Dataset":[],"FAQPage":[],"Movie":[],"Person":[],"Product":[],"ProductReview":[],"Car":[],"Recipe":[],"Service":[],"SoftwareApplication":[],"WebPage":[]},"graphName":"","isEnabled":true},"graphs":[],"defaultGraph":"","defaultPostTypeGraph":""},"schema_type":null,"schema_type_options":null,"pillar_content":false,"robots_default":true,"robots_noindex":false,"robots_noarchive":false,"robots_nosnippet":false,"robots_nofollow":false,"robots_noimageindex":false,"robots_noodp":false,"robots_notranslate":false,"robots_max_snippet":null,"robots_max_videopreview":null,"robots_max_imagepreview":"large","priority":null,"frequency":null,"local_seo":null,"seo_analyzer_scan_date":"2025-10-08 12:08:09","breadcrumb_settings":null,"limit_modified_date":false,"open_ai":null,"ai":null,"created":"2020-12-21 12:01:36","updated":"2025-10-08 12:08:09","focus_keyword":null,"additional_keywords":null,"truseo_locale":null},"aioseo_breadcrumb":"<div class=\"aioseo-breadcrumbs\"><span class=\"aioseo-breadcrumb\">\n\t<a href=\"https:\/\/www.eldigitaldeasturias.com\/noticias\" title=\"Home\">Home<\/a>\n<\/span><span class=\"aioseo-breadcrumb-separator\">\u2013<\/span><span class=\"aioseo-breadcrumb\">\n\t<a href=\"https:\/\/www.eldigitaldeasturias.com\/noticias\/category\/actualidad\/\" title=\"Actualidad\">Actualidad<\/a>\n<\/span><span class=\"aioseo-breadcrumb-separator\">\u2013<\/span><span class=\"aioseo-breadcrumb\">\n\t<a href=\"https:\/\/www.eldigitaldeasturias.com\/noticias\/colonias-de-verano-2018-en-aragon\/\" title=\"Colonias de verano 2018 en Arag\u00f3n\">Colonias de verano 2018 en Arag\u00f3n<\/a>\n<\/span><\/div>","aioseo_breadcrumb_json":[{"label":"Home","link":"https:\/\/www.eldigitaldeasturias.com\/noticias"},{"label":"Actualidad","link":"https:\/\/www.eldigitaldeasturias.com\/noticias\/category\/actualidad\/"},{"label":"Colonias de verano 2018 en Arag\u00f3n","link":"https:\/\/www.eldigitaldeasturias.com\/noticias\/colonias-de-verano-2018-en-aragon\/"}],"_links":{"self":[{"href":"https:\/\/www.eldigitaldeasturias.com\/noticias\/wp-json\/wp\/v2\/posts\/978802","targetHints":{"allow":["GET"]}}],"collection":[{"href":"https:\/\/www.eldigitaldeasturias.com\/noticias\/wp-json\/wp\/v2\/posts"}],"about":[{"href":"https:\/\/www.eldigitaldeasturias.com\/noticias\/wp-json\/wp\/v2\/types\/post"}],"author":[{"embeddable":true,"href":"https:\/\/www.eldigitaldeasturias.com\/noticias\/wp-json\/wp\/v2\/users\/1"}],"replies":[{"embeddable":true,"href":"https:\/\/www.eldigitaldeasturias.com\/noticias\/wp-json\/wp\/v2\/comments?post=978802"}],"version-history":[{"count":0,"href":"https:\/\/www.eldigitaldeasturias.com\/noticias\/wp-json\/wp\/v2\/posts\/978802\/revisions"}],"wp:attachment":[{"href":"https:\/\/www.eldigitaldeasturias.com\/noticias\/wp-json\/wp\/v2\/media?parent=978802"}],"wp:term":[{"taxonomy":"category","embeddable":true,"href":"https:\/\/www.eldigitaldeasturias.com\/noticias\/wp-json\/wp\/v2\/categories?post=978802"},{"taxonomy":"post_tag","embeddable":true,"href":"https:\/\/www.eldigitaldeasturias.com\/noticias\/wp-json\/wp\/v2\/tags?post=978802"}],"curies":[{"name":"wp","href":"https:\/\/api.w.org\/{rel}","templated":true}]}}