{"id":978800,"date":"2018-05-04T12:05:48","date_gmt":"2018-05-04T12:05:48","guid":{"rendered":"http:\/\/www.eldigitaldeasturias.com\/noticias\/?p=978800"},"modified":"2018-05-04T12:05:48","modified_gmt":"2018-05-04T12:05:48","slug":"las-nuevas-normas-de-ciberseguridad-a-escala-de-la-ue","status":"publish","type":"post","link":"https:\/\/www.eldigitaldeasturias.com\/noticias\/las-nuevas-normas-de-ciberseguridad-a-escala-de-la-ue\/","title":{"rendered":"Las nuevas normas de ciberseguridad a escala de la UE"},"content":{"rendered":"<p><img loading=\"lazy\" decoding=\"async\" class=\"alignleft size-medium wp-image-969030\" src=\"https:\/\/www.eldigitaldeasturias.com\/noticias\/wp-content\/uploads\/2018\/02\/macbook-577758_1280-1-360x239.jpg\" alt=\"\" width=\"360\" height=\"239\" \/>Andrus Ansip, el vicepresidente de la Comisi\u00f3n Europea responsable del Mercado \u00danico Digital, Dimitris Avramopoulos, el comisario responsable de Migraci\u00f3n, Asuntos de Interior y Ciudadan\u00eda, Julian King, el comisario responsable de la Uni\u00f3n de la Seguridad, y Mariya Gabriel, la comisaria responsable de Econom\u00eda y Sociedad Digitales, han emitido una declaraci\u00f3n acerca de la primera legislaci\u00f3n sobre ciberseguridad a escala de la UE, la Directiva sobre la seguridad de las redes y sistemas de informaci\u00f3n (Directiva SRI), que se aplicar\u00e1 a partir del 9 de mayo de 2018 en toda la UE:<\/p>\n<p>\u00abLa adopci\u00f3n de la Directiva SRI hace dos a\u00f1os fue un punto de inflexi\u00f3n en los esfuerzos de la UE por incrementar sus capacidades en materia de ciberseguridad. Gracias a esta primera ley sobre ciberseguridad de la UE, los Estados miembros han reforzado su cooperaci\u00f3n para establecer una pol\u00edtica europea de ciberseguridad y est\u00e1n coordinando sus esfuerzos a fin de desarrollar sus capacidades de respuesta. La Comisi\u00f3n est\u00e1 colaborando estrechamente con los Estados miembros para asistirles en la transposici\u00f3n de la Directiva.<\/p>\n<p>Con el fin de seguir reforzando la ciberseguridad de la Uni\u00f3n, la UE deber\u00eda dar r\u00e1pidamente un mandato s\u00f3lido y permanente a su Agencia de Ciberseguridad, la Agencia de Seguridad de las Redes y de la Informaci\u00f3n de la Uni\u00f3n Europea (ENISA), y establecer un marco de la UE para la certificaci\u00f3n de la ciberseguridad. En colaboraci\u00f3n con los Estados miembros, tambi\u00e9n deber\u00edamos completar el trabajo conjunto sobre la arquitectura de la cooperaci\u00f3n en caso de incidentes y crisis de ciberseguridad transfronterizos a gran escala, que integra la ciberseguridad en los mecanismos existentes de gesti\u00f3n de crisis a nivel de la UE.<\/p>\n<p>A fin de ayudar a los Estados miembros a transponer r\u00e1pidamente la Directiva SRI y a desarrollar sus capacidades, el Mecanismo \u00abConectar Europa\u00bb (MCE) aporta 38 millones de euros de financiaci\u00f3n hasta 2020 para apoyar a los CSIRT nacionales as\u00ed como a otras partes interesadas de la Directiva SRI, tales como los operadores de servicios esenciales y los proveedores de servicios digitales. Los Estados miembros deber\u00edan utilizar las oportunidades que les ofrece esta fuente de financiaci\u00f3n al m\u00e1ximo.\u00bb<\/p>\n","protected":false},"excerpt":{"rendered":"<p>Andrus Ansip, el vicepresidente de la Comisi\u00f3n Europea responsable del Mercado \u00danico Digital, Dimitris Avramopoulos, el comisario responsable de Migraci\u00f3n, Asuntos de Interior y Ciudadan\u00eda, Julian King, el comisario responsable de la Uni\u00f3n de la Seguridad, y Mariya Gabriel, la comisaria responsable de Econom\u00eda y Sociedad Digitales, han emitido una declaraci\u00f3n acerca de la primera [&hellip;]<\/p>\n","protected":false},"author":1,"featured_media":969030,"comment_status":"closed","ping_status":"closed","sticky":false,"template":"","format":"standard","meta":{"footnotes":""},"categories":[1],"tags":[],"class_list":["post-978800","post","type-post","status-publish","format-standard","has-post-thumbnail","hentry","category-actualidad"],"aioseo_notices":[],"aioseo_head":"\n\t\t<!-- All in One SEO Pro 5.0.1 - aioseo.com -->\n\t<meta name=\"description\" content=\"Andrus Ansip, el vicepresidente de la Comisi\u00f3n Europea responsable del Mercado \u00danico Digital, Dimitris Avramopoulos, el comisario responsable de Migraci\u00f3n, Asuntos de Interior y Ciudadan\u00eda, Julian King, el comisario responsable de la Uni\u00f3n de la Seguridad, y Mariya Gabriel, la comisaria responsable de Econom\u00eda y Sociedad Digitales, han emitido una declaraci\u00f3n acerca de la primera\" \/>\n\t<meta name=\"robots\" content=\"max-image-preview:large\" \/>\n\t<meta name=\"author\" content=\"El Digital de Asturias\"\/>\n\t<meta name=\"google-site-verification\" content=\"UA-38556648-1\" \/>\n\t<meta name=\"msvalidate.01\" content=\"7dfe9f3f1b24437ab69f4f2559babe99\" \/>\n\t<meta name=\"keywords\" content=\"actualidad\" \/>\n\t<link rel=\"canonical\" href=\"https:\/\/www.eldigitaldeasturias.com\/noticias\/las-nuevas-normas-de-ciberseguridad-a-escala-de-la-ue\/\" \/>\n\t<meta name=\"generator\" content=\"All in One SEO Pro (AIOSEO) 5.0.1\" \/>\n\t\t<meta property=\"og:locale\" content=\"es_ES\" \/>\n\t\t<meta property=\"og:site_name\" content=\"El Digital de Asturias\" \/>\n\t\t<meta property=\"og:type\" content=\"article\" \/>\n\t\t<meta property=\"og:title\" content=\"Las nuevas normas de ciberseguridad a escala de la UE - El Digital de Asturias\" \/>\n\t\t<meta property=\"og:description\" content=\"Andrus Ansip, el vicepresidente de la Comisi\u00f3n Europea responsable del Mercado \u00danico Digital, Dimitris Avramopoulos, el comisario responsable de Migraci\u00f3n, Asuntos de Interior y Ciudadan\u00eda, Julian King, el comisario responsable de la Uni\u00f3n de la Seguridad, y Mariya Gabriel, la comisaria responsable de Econom\u00eda y Sociedad Digitales, han emitido una declaraci\u00f3n acerca de la primera\" \/>\n\t\t<meta property=\"og:url\" content=\"https:\/\/www.eldigitaldeasturias.com\/noticias\/las-nuevas-normas-de-ciberseguridad-a-escala-de-la-ue\/\" \/>\n\t\t<meta property=\"article:tag\" content=\"actualidad\" \/>\n\t\t<meta property=\"article:published_time\" content=\"2018-05-04T12:05:48+00:00\" \/>\n\t\t<meta property=\"article:modified_time\" content=\"2018-05-04T12:05:48+00:00\" \/>\n\t\t<meta property=\"article:publisher\" content=\"https:\/\/facebook.com\/eldigitaldeasturias\" \/>\n\t\t<meta name=\"twitter:card\" content=\"summary_large_image\" \/>\n\t\t<meta name=\"twitter:title\" content=\"Las nuevas normas de ciberseguridad a escala de la UE - El Digital de Asturias\" \/>\n\t\t<meta name=\"twitter:description\" content=\"Andrus Ansip, el vicepresidente de la Comisi\u00f3n Europea responsable del Mercado \u00danico Digital, Dimitris Avramopoulos, el comisario responsable de Migraci\u00f3n, Asuntos de Interior y Ciudadan\u00eda, Julian King, el comisario responsable de la Uni\u00f3n de la Seguridad, y Mariya Gabriel, la comisaria responsable de Econom\u00eda y Sociedad Digitales, han emitido una declaraci\u00f3n acerca de la primera\" \/>\n\t\t<meta name=\"twitter:image\" content=\"https:\/\/www.eldigitaldeasturias.com\/noticias\/wp-content\/uploads\/2020\/12\/EDA-1.jpg\" \/>\n\t\t<meta name=\"twitter:label1\" content=\"Escrito por\" \/>\n\t\t<meta name=\"twitter:data1\" content=\"El Digital de Asturias\" \/>\n\t\t<meta name=\"twitter:label2\" content=\"Tiempo de lectura estimado\" \/>\n\t\t<meta name=\"twitter:data2\" content=\"2 minutos\" \/>\n\t\t<script type=\"application\/ld+json\" class=\"aioseo-schema\">\n\t\t\t{\"@context\":\"https:\\\/\\\/schema.org\",\"@graph\":[{\"@type\":\"BlogPosting\",\"@id\":\"https:\\\/\\\/www.eldigitaldeasturias.com\\\/noticias\\\/las-nuevas-normas-de-ciberseguridad-a-escala-de-la-ue\\\/#blogposting\",\"name\":\"Las nuevas normas de ciberseguridad a escala de la UE - El Digital de Asturias\",\"headline\":\"Las nuevas normas de ciberseguridad a escala de la UE\",\"author\":{\"@id\":\"https:\\\/\\\/www.eldigitaldeasturias.com\\\/noticias\\\/author\\\/admin\\\/#author\"},\"publisher\":{\"@id\":\"https:\\\/\\\/www.eldigitaldeasturias.com\\\/noticias\\\/#organization\"},\"image\":{\"@type\":\"ImageObject\",\"url\":969030},\"datePublished\":\"2018-05-04T12:05:48+02:00\",\"dateModified\":\"2018-05-04T12:05:48+02:00\",\"inLanguage\":\"es-ES\",\"mainEntityOfPage\":{\"@id\":\"https:\\\/\\\/www.eldigitaldeasturias.com\\\/noticias\\\/las-nuevas-normas-de-ciberseguridad-a-escala-de-la-ue\\\/#webpage\"},\"isPartOf\":{\"@id\":\"https:\\\/\\\/www.eldigitaldeasturias.com\\\/noticias\\\/las-nuevas-normas-de-ciberseguridad-a-escala-de-la-ue\\\/#webpage\"},\"articleSection\":\"Actualidad\"},{\"@type\":\"BreadcrumbList\",\"@id\":\"https:\\\/\\\/www.eldigitaldeasturias.com\\\/noticias\\\/las-nuevas-normas-de-ciberseguridad-a-escala-de-la-ue\\\/#breadcrumblist\",\"itemListElement\":[{\"@type\":\"ListItem\",\"@id\":\"https:\\\/\\\/www.eldigitaldeasturias.com\\\/noticias#listItem\",\"position\":1,\"name\":\"Home\",\"item\":\"https:\\\/\\\/www.eldigitaldeasturias.com\\\/noticias\",\"nextItem\":{\"@type\":\"ListItem\",\"@id\":\"https:\\\/\\\/www.eldigitaldeasturias.com\\\/noticias\\\/category\\\/actualidad\\\/#listItem\",\"name\":\"Actualidad\"}},{\"@type\":\"ListItem\",\"@id\":\"https:\\\/\\\/www.eldigitaldeasturias.com\\\/noticias\\\/category\\\/actualidad\\\/#listItem\",\"position\":2,\"name\":\"Actualidad\",\"item\":\"https:\\\/\\\/www.eldigitaldeasturias.com\\\/noticias\\\/category\\\/actualidad\\\/\",\"nextItem\":{\"@type\":\"ListItem\",\"@id\":\"https:\\\/\\\/www.eldigitaldeasturias.com\\\/noticias\\\/las-nuevas-normas-de-ciberseguridad-a-escala-de-la-ue\\\/#listItem\",\"name\":\"Las nuevas normas de ciberseguridad a escala de la UE\"},\"previousItem\":{\"@type\":\"ListItem\",\"@id\":\"https:\\\/\\\/www.eldigitaldeasturias.com\\\/noticias#listItem\",\"name\":\"Home\"}},{\"@type\":\"ListItem\",\"@id\":\"https:\\\/\\\/www.eldigitaldeasturias.com\\\/noticias\\\/las-nuevas-normas-de-ciberseguridad-a-escala-de-la-ue\\\/#listItem\",\"position\":3,\"name\":\"Las nuevas normas de ciberseguridad a escala de la UE\",\"previousItem\":{\"@type\":\"ListItem\",\"@id\":\"https:\\\/\\\/www.eldigitaldeasturias.com\\\/noticias\\\/category\\\/actualidad\\\/#listItem\",\"name\":\"Actualidad\"}}]},{\"@type\":\"Organization\",\"@id\":\"https:\\\/\\\/www.eldigitaldeasturias.com\\\/noticias\\\/#organization\",\"name\":\"El Digital de Asturias\",\"description\":\"Hemeroteca\",\"url\":\"https:\\\/\\\/www.eldigitaldeasturias.com\\\/noticias\\\/\",\"email\":\"info@eldigitaldeasturias.com\",\"telephone\":\"+34652131393\",\"logo\":{\"@type\":\"ImageObject\",\"url\":\"https:\\\/\\\/www.eldigitaldeasturias.com\\\/noticias\\\/wp-content\\\/uploads\\\/2020\\\/12\\\/EDA.jpg\",\"@id\":\"https:\\\/\\\/www.eldigitaldeasturias.com\\\/noticias\\\/las-nuevas-normas-de-ciberseguridad-a-escala-de-la-ue\\\/#organizationLogo\"},\"image\":{\"@id\":\"https:\\\/\\\/www.eldigitaldeasturias.com\\\/noticias\\\/las-nuevas-normas-de-ciberseguridad-a-escala-de-la-ue\\\/#organizationLogo\"},\"sameAs\":[\"https:\\\/\\\/facebook.com\\\/eldigitaldeasturias\",\"https:\\\/\\\/www.youtube.com\\\/channel\\\/UCZP-2wLEB9Rv6erhFmqVnvg\"],\"address\":{\"@id\":\"https:\\\/\\\/www.eldigitaldeasturias.com\\\/noticias\\\/#postaladdress\",\"@type\":\"PostalAddress\",\"streetAddress\":\"san antonio 4\",\"postalCode\":\"33430\",\"addressLocality\":\"Cand\\u00e1s\",\"addressRegion\":\"Asturias\",\"addressCountry\":\"ES\"}},{\"@type\":\"Person\",\"@id\":\"https:\\\/\\\/www.eldigitaldeasturias.com\\\/noticias\\\/author\\\/admin\\\/#author\",\"url\":\"https:\\\/\\\/www.eldigitaldeasturias.com\\\/noticias\\\/author\\\/admin\\\/\",\"name\":\"El Digital de Asturias\",\"image\":{\"@type\":\"ImageObject\",\"@id\":\"https:\\\/\\\/www.eldigitaldeasturias.com\\\/noticias\\\/las-nuevas-normas-de-ciberseguridad-a-escala-de-la-ue\\\/#authorImage\",\"url\":\"https:\\\/\\\/secure.gravatar.com\\\/avatar\\\/df2aeffc32bcd13f8d26072ef8a91b623d677766deac7f97ca815868cd41bf5e?s=96&d=mm&r=g\",\"width\":96,\"height\":96,\"caption\":\"El Digital de Asturias\"}},{\"@type\":\"WebPage\",\"@id\":\"https:\\\/\\\/www.eldigitaldeasturias.com\\\/noticias\\\/las-nuevas-normas-de-ciberseguridad-a-escala-de-la-ue\\\/#webpage\",\"url\":\"https:\\\/\\\/www.eldigitaldeasturias.com\\\/noticias\\\/las-nuevas-normas-de-ciberseguridad-a-escala-de-la-ue\\\/\",\"name\":\"Las nuevas normas de ciberseguridad a escala de la UE - El Digital de Asturias\",\"description\":\"Andrus Ansip, el vicepresidente de la Comisi\\u00f3n Europea responsable del Mercado \\u00danico Digital, Dimitris Avramopoulos, el comisario responsable de Migraci\\u00f3n, Asuntos de Interior y Ciudadan\\u00eda, Julian King, el comisario responsable de la Uni\\u00f3n de la Seguridad, y Mariya Gabriel, la comisaria responsable de Econom\\u00eda y Sociedad Digitales, han emitido una declaraci\\u00f3n acerca de la primera\",\"inLanguage\":\"es-ES\",\"isPartOf\":{\"@id\":\"https:\\\/\\\/www.eldigitaldeasturias.com\\\/noticias\\\/#website\"},\"breadcrumb\":{\"@id\":\"https:\\\/\\\/www.eldigitaldeasturias.com\\\/noticias\\\/las-nuevas-normas-de-ciberseguridad-a-escala-de-la-ue\\\/#breadcrumblist\"},\"author\":{\"@id\":\"https:\\\/\\\/www.eldigitaldeasturias.com\\\/noticias\\\/author\\\/admin\\\/#author\"},\"creator\":{\"@id\":\"https:\\\/\\\/www.eldigitaldeasturias.com\\\/noticias\\\/author\\\/admin\\\/#author\"},\"image\":{\"@type\":\"ImageObject\",\"url\":969030,\"@id\":\"https:\\\/\\\/www.eldigitaldeasturias.com\\\/noticias\\\/las-nuevas-normas-de-ciberseguridad-a-escala-de-la-ue\\\/#mainImage\"},\"primaryImageOfPage\":{\"@id\":\"https:\\\/\\\/www.eldigitaldeasturias.com\\\/noticias\\\/las-nuevas-normas-de-ciberseguridad-a-escala-de-la-ue\\\/#mainImage\"},\"datePublished\":\"2018-05-04T12:05:48+02:00\",\"dateModified\":\"2018-05-04T12:05:48+02:00\"},{\"@type\":\"WebSite\",\"@id\":\"https:\\\/\\\/www.eldigitaldeasturias.com\\\/noticias\\\/#website\",\"url\":\"https:\\\/\\\/www.eldigitaldeasturias.com\\\/noticias\\\/\",\"name\":\"El Digital de Asturias - Diario de actualidad y noticias\",\"alternateName\":\"El Digital de Asturias - Diario de actualidad y noticias\",\"description\":\"Hemeroteca\",\"inLanguage\":\"es-ES\",\"publisher\":{\"@id\":\"https:\\\/\\\/www.eldigitaldeasturias.com\\\/noticias\\\/#organization\"}}]}\n\t\t<\/script>\n\t\t<!-- All in One SEO Pro -->\r\n\t\t<title>Las nuevas normas de ciberseguridad a escala de la UE - El Digital de Asturias<\/title>\n\n","aioseo_head_json":{"title":"Las nuevas normas de ciberseguridad a escala de la UE - El Digital de Asturias","description":"Andrus Ansip, el vicepresidente de la Comisi\u00f3n Europea responsable del Mercado \u00danico Digital, Dimitris Avramopoulos, el comisario responsable de Migraci\u00f3n, Asuntos de Interior y Ciudadan\u00eda, Julian King, el comisario responsable de la Uni\u00f3n de la Seguridad, y Mariya Gabriel, la comisaria responsable de Econom\u00eda y Sociedad Digitales, han emitido una declaraci\u00f3n acerca de la primera","canonical_url":"https:\/\/www.eldigitaldeasturias.com\/noticias\/las-nuevas-normas-de-ciberseguridad-a-escala-de-la-ue\/","robots":"max-image-preview:large","keywords":"actualidad","webmasterTools":{"google-site-verification":"UA-38556648-1","msvalidate.01":"7dfe9f3f1b24437ab69f4f2559babe99","miscellaneous":""},"schema":{"@context":"https:\/\/schema.org","@graph":[{"@type":"BlogPosting","@id":"https:\/\/www.eldigitaldeasturias.com\/noticias\/las-nuevas-normas-de-ciberseguridad-a-escala-de-la-ue\/#blogposting","name":"Las nuevas normas de ciberseguridad a escala de la UE - El Digital de Asturias","headline":"Las nuevas normas de ciberseguridad a escala de la UE","author":{"@id":"https:\/\/www.eldigitaldeasturias.com\/noticias\/author\/admin\/#author"},"publisher":{"@id":"https:\/\/www.eldigitaldeasturias.com\/noticias\/#organization"},"image":{"@type":"ImageObject","url":969030},"datePublished":"2018-05-04T12:05:48+02:00","dateModified":"2018-05-04T12:05:48+02:00","inLanguage":"es-ES","mainEntityOfPage":{"@id":"https:\/\/www.eldigitaldeasturias.com\/noticias\/las-nuevas-normas-de-ciberseguridad-a-escala-de-la-ue\/#webpage"},"isPartOf":{"@id":"https:\/\/www.eldigitaldeasturias.com\/noticias\/las-nuevas-normas-de-ciberseguridad-a-escala-de-la-ue\/#webpage"},"articleSection":"Actualidad"},{"@type":"BreadcrumbList","@id":"https:\/\/www.eldigitaldeasturias.com\/noticias\/las-nuevas-normas-de-ciberseguridad-a-escala-de-la-ue\/#breadcrumblist","itemListElement":[{"@type":"ListItem","@id":"https:\/\/www.eldigitaldeasturias.com\/noticias#listItem","position":1,"name":"Home","item":"https:\/\/www.eldigitaldeasturias.com\/noticias","nextItem":{"@type":"ListItem","@id":"https:\/\/www.eldigitaldeasturias.com\/noticias\/category\/actualidad\/#listItem","name":"Actualidad"}},{"@type":"ListItem","@id":"https:\/\/www.eldigitaldeasturias.com\/noticias\/category\/actualidad\/#listItem","position":2,"name":"Actualidad","item":"https:\/\/www.eldigitaldeasturias.com\/noticias\/category\/actualidad\/","nextItem":{"@type":"ListItem","@id":"https:\/\/www.eldigitaldeasturias.com\/noticias\/las-nuevas-normas-de-ciberseguridad-a-escala-de-la-ue\/#listItem","name":"Las nuevas normas de ciberseguridad a escala de la UE"},"previousItem":{"@type":"ListItem","@id":"https:\/\/www.eldigitaldeasturias.com\/noticias#listItem","name":"Home"}},{"@type":"ListItem","@id":"https:\/\/www.eldigitaldeasturias.com\/noticias\/las-nuevas-normas-de-ciberseguridad-a-escala-de-la-ue\/#listItem","position":3,"name":"Las nuevas normas de ciberseguridad a escala de la UE","previousItem":{"@type":"ListItem","@id":"https:\/\/www.eldigitaldeasturias.com\/noticias\/category\/actualidad\/#listItem","name":"Actualidad"}}]},{"@type":"Organization","@id":"https:\/\/www.eldigitaldeasturias.com\/noticias\/#organization","name":"El Digital de Asturias","description":"Hemeroteca","url":"https:\/\/www.eldigitaldeasturias.com\/noticias\/","email":"info@eldigitaldeasturias.com","telephone":"+34652131393","logo":{"@type":"ImageObject","url":"https:\/\/www.eldigitaldeasturias.com\/noticias\/wp-content\/uploads\/2020\/12\/EDA.jpg","@id":"https:\/\/www.eldigitaldeasturias.com\/noticias\/las-nuevas-normas-de-ciberseguridad-a-escala-de-la-ue\/#organizationLogo"},"image":{"@id":"https:\/\/www.eldigitaldeasturias.com\/noticias\/las-nuevas-normas-de-ciberseguridad-a-escala-de-la-ue\/#organizationLogo"},"sameAs":["https:\/\/facebook.com\/eldigitaldeasturias","https:\/\/www.youtube.com\/channel\/UCZP-2wLEB9Rv6erhFmqVnvg"],"address":{"@id":"https:\/\/www.eldigitaldeasturias.com\/noticias\/#postaladdress","@type":"PostalAddress","streetAddress":"san antonio 4","postalCode":"33430","addressLocality":"Cand\u00e1s","addressRegion":"Asturias","addressCountry":"ES"}},{"@type":"Person","@id":"https:\/\/www.eldigitaldeasturias.com\/noticias\/author\/admin\/#author","url":"https:\/\/www.eldigitaldeasturias.com\/noticias\/author\/admin\/","name":"El Digital de Asturias","image":{"@type":"ImageObject","@id":"https:\/\/www.eldigitaldeasturias.com\/noticias\/las-nuevas-normas-de-ciberseguridad-a-escala-de-la-ue\/#authorImage","url":"https:\/\/secure.gravatar.com\/avatar\/df2aeffc32bcd13f8d26072ef8a91b623d677766deac7f97ca815868cd41bf5e?s=96&d=mm&r=g","width":96,"height":96,"caption":"El Digital de Asturias"}},{"@type":"WebPage","@id":"https:\/\/www.eldigitaldeasturias.com\/noticias\/las-nuevas-normas-de-ciberseguridad-a-escala-de-la-ue\/#webpage","url":"https:\/\/www.eldigitaldeasturias.com\/noticias\/las-nuevas-normas-de-ciberseguridad-a-escala-de-la-ue\/","name":"Las nuevas normas de ciberseguridad a escala de la UE - El Digital de Asturias","description":"Andrus Ansip, el vicepresidente de la Comisi\u00f3n Europea responsable del Mercado \u00danico Digital, Dimitris Avramopoulos, el comisario responsable de Migraci\u00f3n, Asuntos de Interior y Ciudadan\u00eda, Julian King, el comisario responsable de la Uni\u00f3n de la Seguridad, y Mariya Gabriel, la comisaria responsable de Econom\u00eda y Sociedad Digitales, han emitido una declaraci\u00f3n acerca de la primera","inLanguage":"es-ES","isPartOf":{"@id":"https:\/\/www.eldigitaldeasturias.com\/noticias\/#website"},"breadcrumb":{"@id":"https:\/\/www.eldigitaldeasturias.com\/noticias\/las-nuevas-normas-de-ciberseguridad-a-escala-de-la-ue\/#breadcrumblist"},"author":{"@id":"https:\/\/www.eldigitaldeasturias.com\/noticias\/author\/admin\/#author"},"creator":{"@id":"https:\/\/www.eldigitaldeasturias.com\/noticias\/author\/admin\/#author"},"image":{"@type":"ImageObject","url":969030,"@id":"https:\/\/www.eldigitaldeasturias.com\/noticias\/las-nuevas-normas-de-ciberseguridad-a-escala-de-la-ue\/#mainImage"},"primaryImageOfPage":{"@id":"https:\/\/www.eldigitaldeasturias.com\/noticias\/las-nuevas-normas-de-ciberseguridad-a-escala-de-la-ue\/#mainImage"},"datePublished":"2018-05-04T12:05:48+02:00","dateModified":"2018-05-04T12:05:48+02:00"},{"@type":"WebSite","@id":"https:\/\/www.eldigitaldeasturias.com\/noticias\/#website","url":"https:\/\/www.eldigitaldeasturias.com\/noticias\/","name":"El Digital de Asturias - Diario de actualidad y noticias","alternateName":"El Digital de Asturias - Diario de actualidad y noticias","description":"Hemeroteca","inLanguage":"es-ES","publisher":{"@id":"https:\/\/www.eldigitaldeasturias.com\/noticias\/#organization"}}]},"og:locale":"es_ES","og:site_name":"El Digital de Asturias","og:type":"article","og:title":"Las nuevas normas de ciberseguridad a escala de la UE - El Digital de Asturias","og:description":"Andrus Ansip, el vicepresidente de la Comisi\u00f3n Europea responsable del Mercado \u00danico Digital, Dimitris Avramopoulos, el comisario responsable de Migraci\u00f3n, Asuntos de Interior y Ciudadan\u00eda, Julian King, el comisario responsable de la Uni\u00f3n de la Seguridad, y Mariya Gabriel, la comisaria responsable de Econom\u00eda y Sociedad Digitales, han emitido una declaraci\u00f3n acerca de la primera","og:url":"https:\/\/www.eldigitaldeasturias.com\/noticias\/las-nuevas-normas-de-ciberseguridad-a-escala-de-la-ue\/","article:tag":["actualidad"],"article:published_time":"2018-05-04T12:05:48+00:00","article:modified_time":"2018-05-04T12:05:48+00:00","article:publisher":"https:\/\/facebook.com\/eldigitaldeasturias","twitter:card":"summary_large_image","twitter:title":"Las nuevas normas de ciberseguridad a escala de la UE - El Digital de Asturias","twitter:description":"Andrus Ansip, el vicepresidente de la Comisi\u00f3n Europea responsable del Mercado \u00danico Digital, Dimitris Avramopoulos, el comisario responsable de Migraci\u00f3n, Asuntos de Interior y Ciudadan\u00eda, Julian King, el comisario responsable de la Uni\u00f3n de la Seguridad, y Mariya Gabriel, la comisaria responsable de Econom\u00eda y Sociedad Digitales, han emitido una declaraci\u00f3n acerca de la primera","twitter:image":"https:\/\/www.eldigitaldeasturias.com\/noticias\/wp-content\/uploads\/2020\/12\/EDA-1.jpg","twitter:label1":"Escrito por","twitter:data1":"El Digital de Asturias","twitter:label2":"Tiempo de lectura estimado","twitter:data2":"2 minutos"},"aioseo_meta_data":{"post_id":"978800","title":null,"description":null,"keywords":null,"keyphrases":null,"primary_term":null,"canonical_url":null,"og_title":null,"og_description":null,"og_object_type":"default","og_image_type":"default","og_image_url":null,"og_image_width":null,"og_image_height":null,"og_image_custom_url":null,"og_image_custom_fields":null,"og_video":null,"og_custom_url":null,"og_article_section":null,"og_article_tags":null,"twitter_use_og":false,"twitter_card":"default","twitter_image_type":"default","twitter_image_url":null,"twitter_image_custom_url":null,"twitter_image_custom_fields":null,"twitter_title":null,"twitter_description":null,"schema":{"blockGraphs":[],"customGraphs":[],"default":{"data":{"Article":[],"Course":[],"Dataset":[],"FAQPage":[],"Movie":[],"Person":[],"Product":[],"ProductReview":[],"Car":[],"Recipe":[],"Service":[],"SoftwareApplication":[],"WebPage":[]},"graphName":"","isEnabled":true},"graphs":[],"defaultGraph":"","defaultPostTypeGraph":""},"schema_type":null,"schema_type_options":null,"pillar_content":false,"robots_default":true,"robots_noindex":false,"robots_noarchive":false,"robots_nosnippet":false,"robots_nofollow":false,"robots_noimageindex":false,"robots_noodp":false,"robots_notranslate":false,"robots_max_snippet":null,"robots_max_videopreview":null,"robots_max_imagepreview":"large","priority":null,"frequency":null,"local_seo":null,"seo_analyzer_scan_date":"2025-10-08 12:06:11","breadcrumb_settings":null,"limit_modified_date":false,"open_ai":null,"ai":null,"created":"2020-12-21 12:01:36","updated":"2025-10-08 12:06:11","focus_keyword":null,"additional_keywords":null,"truseo_locale":null},"aioseo_breadcrumb":"<div class=\"aioseo-breadcrumbs\"><span class=\"aioseo-breadcrumb\">\n\t<a href=\"https:\/\/www.eldigitaldeasturias.com\/noticias\" title=\"Home\">Home<\/a>\n<\/span><span class=\"aioseo-breadcrumb-separator\">\u2013<\/span><span class=\"aioseo-breadcrumb\">\n\t<a href=\"https:\/\/www.eldigitaldeasturias.com\/noticias\/category\/actualidad\/\" title=\"Actualidad\">Actualidad<\/a>\n<\/span><span class=\"aioseo-breadcrumb-separator\">\u2013<\/span><span class=\"aioseo-breadcrumb\">\n\t<a href=\"https:\/\/www.eldigitaldeasturias.com\/noticias\/las-nuevas-normas-de-ciberseguridad-a-escala-de-la-ue\/\" title=\"Las nuevas normas de ciberseguridad a escala de la UE\">Las nuevas normas de ciberseguridad a escala de la UE<\/a>\n<\/span><\/div>","aioseo_breadcrumb_json":[{"label":"Home","link":"https:\/\/www.eldigitaldeasturias.com\/noticias"},{"label":"Actualidad","link":"https:\/\/www.eldigitaldeasturias.com\/noticias\/category\/actualidad\/"},{"label":"Las nuevas normas de ciberseguridad a escala de la UE","link":"https:\/\/www.eldigitaldeasturias.com\/noticias\/las-nuevas-normas-de-ciberseguridad-a-escala-de-la-ue\/"}],"_links":{"self":[{"href":"https:\/\/www.eldigitaldeasturias.com\/noticias\/wp-json\/wp\/v2\/posts\/978800","targetHints":{"allow":["GET"]}}],"collection":[{"href":"https:\/\/www.eldigitaldeasturias.com\/noticias\/wp-json\/wp\/v2\/posts"}],"about":[{"href":"https:\/\/www.eldigitaldeasturias.com\/noticias\/wp-json\/wp\/v2\/types\/post"}],"author":[{"embeddable":true,"href":"https:\/\/www.eldigitaldeasturias.com\/noticias\/wp-json\/wp\/v2\/users\/1"}],"replies":[{"embeddable":true,"href":"https:\/\/www.eldigitaldeasturias.com\/noticias\/wp-json\/wp\/v2\/comments?post=978800"}],"version-history":[{"count":0,"href":"https:\/\/www.eldigitaldeasturias.com\/noticias\/wp-json\/wp\/v2\/posts\/978800\/revisions"}],"wp:attachment":[{"href":"https:\/\/www.eldigitaldeasturias.com\/noticias\/wp-json\/wp\/v2\/media?parent=978800"}],"wp:term":[{"taxonomy":"category","embeddable":true,"href":"https:\/\/www.eldigitaldeasturias.com\/noticias\/wp-json\/wp\/v2\/categories?post=978800"},{"taxonomy":"post_tag","embeddable":true,"href":"https:\/\/www.eldigitaldeasturias.com\/noticias\/wp-json\/wp\/v2\/tags?post=978800"}],"curies":[{"name":"wp","href":"https:\/\/api.w.org\/{rel}","templated":true}]}}