{"id":978767,"date":"2018-05-03T23:45:28","date_gmt":"2018-05-03T23:45:28","guid":{"rendered":"http:\/\/www.eldigitaldeasturias.com\/noticias\/?p=978767"},"modified":"2018-05-03T23:45:28","modified_gmt":"2018-05-03T23:45:28","slug":"estados-unidos-busca-una-resolucion-de-condena-a-maduro-en-la-asamblea-de-la-oea","status":"publish","type":"post","link":"https:\/\/www.eldigitaldeasturias.com\/noticias\/estados-unidos-busca-una-resolucion-de-condena-a-maduro-en-la-asamblea-de-la-oea\/","title":{"rendered":"Estados Unidos busca una resoluci\u00f3n de condena a Maduro en la Asamblea de la OEA"},"content":{"rendered":"<p><img loading=\"lazy\" decoding=\"async\" class=\"alignleft size-medium wp-image-977059\" src=\"https:\/\/www.eldigitaldeasturias.com\/noticias\/wp-content\/uploads\/2018\/04\/flag-2530554_960_720-360x270.jpg\" alt=\"\" width=\"360\" height=\"270\" \/>Washington, 3 may (dpa) &#8211; Estados Unidos busca que la Asamblea General que la OEA celebrar\u00e1 en junio en Washington apruebe una resoluci\u00f3n de condena al Gobierno venezolano de Nicol\u00e1s Maduro, seg\u00fan dijo hoy el nuevo embajador del pa\u00eds ante la organizaci\u00f3n panamericana, Carlos Trujillo.<\/p>\n<p>\u00abEl Gobierno venezolano es ileg\u00edtimo y lo queremos votar (en la Asamblea)\u00bb, se\u00f1al\u00f3 Trujillo ante un reducido grupo de periodistas tras protagonizar una charla en un \u00abthink tank\u00bb de Washington un d\u00eda despu\u00e9s de jurar el cargo ante el vicepresidente de Estados Unidos, Mike Pence.<\/p>\n<p>El diplom\u00e1tico asegur\u00f3 adem\u00e1s que Venezuela no deber\u00eda ser invitada a la Asamblea General, despu\u00e9s de haber dicho la v\u00edspera que no deber\u00eda estar en la Organizaci\u00f3n de Estados Americanos (OEA).<\/p>\n<p>El ente panamericano aprob\u00f3 el mi\u00e9rcoles incluir la situaci\u00f3n de Venezuela entre los temas a tratar en la Asamblea General, que este a\u00f1o se celebrar\u00e1 el 4 y 5 de junio en Washington.<\/p>\n<p>La del a\u00f1o pasado, en el balneario mexicano de Canc\u00fan, termin\u00f3 sin una sola menci\u00f3n al pa\u00eds latinoamericano en los documentos aprobados, pese a que el tema centr\u00f3 la reuni\u00f3n, ya que un grupo de pa\u00edses aliados de Caracas bloque\u00f3 la aprobaci\u00f3n de toda condena o cr\u00edtica.<\/p>\n<p>Trujillo asegur\u00f3 hoy que varios pa\u00edses coinciden con Estados Unidos en la necesidad de incluir una condena a Maduro y su Gobierno en una resoluci\u00f3n en la Asamblea General, pero no dijo cu\u00e1les ni cu\u00e1ntos. \u00abLas cosas tienen que cambiar y no vamos a seguir aceptando que pase el tiempo\u00bb, indic\u00f3.<\/p>\n<p>El pr\u00f3ximo lunes se dirigir\u00e1 a la OEA Mike Pence, en el primer discurso de un vicepresidente de Estados Unidos pronunciado en la organizaci\u00f3n desde 1994. Se espera que pida un incremento de la presi\u00f3n sobre Maduro.<\/p>\n<p>Trujillo indic\u00f3 hoy que cree que es posible que haya una condena en la OEA tras las elecciones presidenciales del 20 de mayo en Venezuela, previa a esa otra condena que busca su pa\u00eds en la Asamblea.<\/p>\n<p>La presi\u00f3n sobre Venezuela en la OEA se centra en los \u00faltimos d\u00edas en intentar lograr que Maduro permita la entrada de ayuda humanitaria en el pa\u00eds. El presidente venezolano y su Gobierno niegan una crisis humanitaria y rechazan aceptarla.<\/p>\n<p>\u00abLos Estados Unidos y varios pa\u00edses dicen que no es opcional en este momento: tienen que aceptar la ayuda humanitaria\u00bb, inst\u00f3 el embajador norteamericano.<\/p>\n<p>Trujillo, de 35 a\u00f1os e hijo de padres cubanos, es el vig\u00e9simo embajador estadounidense ante la OEA.<\/p>\n","protected":false},"excerpt":{"rendered":"<p>Washington, 3 may (dpa) &#8211; Estados Unidos busca que la Asamblea General que la OEA celebrar\u00e1 en junio en Washington apruebe una resoluci\u00f3n de condena al Gobierno venezolano de Nicol\u00e1s Maduro, seg\u00fan dijo hoy el nuevo embajador del pa\u00eds ante la organizaci\u00f3n panamericana, Carlos Trujillo. \u00abEl Gobierno venezolano es ileg\u00edtimo y lo queremos votar (en [&hellip;]<\/p>\n","protected":false},"author":1,"featured_media":977059,"comment_status":"closed","ping_status":"closed","sticky":false,"template":"","format":"standard","meta":{"footnotes":""},"categories":[1],"tags":[],"class_list":["post-978767","post","type-post","status-publish","format-standard","has-post-thumbnail","hentry","category-actualidad"],"aioseo_notices":[],"aioseo_head":"\n\t\t<!-- All in One SEO Pro 5.0.1 - aioseo.com -->\n\t<meta name=\"description\" content=\"Washington, 3 may (dpa) - Estados Unidos busca que la Asamblea General que la OEA celebrar\u00e1 en junio en Washington apruebe una resoluci\u00f3n de condena al Gobierno venezolano de Nicol\u00e1s Maduro, seg\u00fan dijo hoy el nuevo embajador del pa\u00eds ante la organizaci\u00f3n panamericana, Carlos Trujillo. &quot;El Gobierno venezolano es ileg\u00edtimo y lo queremos votar (en\" \/>\n\t<meta name=\"robots\" content=\"max-image-preview:large\" \/>\n\t<meta name=\"author\" content=\"El Digital de Asturias\"\/>\n\t<meta name=\"google-site-verification\" content=\"UA-38556648-1\" \/>\n\t<meta name=\"msvalidate.01\" content=\"7dfe9f3f1b24437ab69f4f2559babe99\" \/>\n\t<meta name=\"keywords\" content=\"actualidad\" \/>\n\t<link rel=\"canonical\" href=\"https:\/\/www.eldigitaldeasturias.com\/noticias\/estados-unidos-busca-una-resolucion-de-condena-a-maduro-en-la-asamblea-de-la-oea\/\" \/>\n\t<meta name=\"generator\" content=\"All in One SEO Pro (AIOSEO) 5.0.1\" \/>\n\t\t<meta property=\"og:locale\" content=\"es_ES\" \/>\n\t\t<meta property=\"og:site_name\" content=\"El Digital de Asturias\" \/>\n\t\t<meta property=\"og:type\" content=\"article\" \/>\n\t\t<meta property=\"og:title\" content=\"Estados Unidos busca una resoluci\u00f3n de condena a Maduro en la Asamblea de la OEA - El Digital de Asturias\" \/>\n\t\t<meta property=\"og:description\" content=\"Washington, 3 may (dpa) - Estados Unidos busca que la Asamblea General que la OEA celebrar\u00e1 en junio en Washington apruebe una resoluci\u00f3n de condena al Gobierno venezolano de Nicol\u00e1s Maduro, seg\u00fan dijo hoy el nuevo embajador del pa\u00eds ante la organizaci\u00f3n panamericana, Carlos Trujillo. &quot;El Gobierno venezolano es ileg\u00edtimo y lo queremos votar (en\" \/>\n\t\t<meta property=\"og:url\" content=\"https:\/\/www.eldigitaldeasturias.com\/noticias\/estados-unidos-busca-una-resolucion-de-condena-a-maduro-en-la-asamblea-de-la-oea\/\" \/>\n\t\t<meta property=\"article:tag\" content=\"actualidad\" \/>\n\t\t<meta property=\"article:published_time\" content=\"2018-05-03T23:45:28+00:00\" \/>\n\t\t<meta property=\"article:modified_time\" content=\"2018-05-03T23:45:28+00:00\" \/>\n\t\t<meta property=\"article:publisher\" content=\"https:\/\/facebook.com\/eldigitaldeasturias\" \/>\n\t\t<meta name=\"twitter:card\" content=\"summary_large_image\" \/>\n\t\t<meta name=\"twitter:title\" content=\"Estados Unidos busca una resoluci\u00f3n de condena a Maduro en la Asamblea de la OEA - El Digital de Asturias\" \/>\n\t\t<meta name=\"twitter:description\" content=\"Washington, 3 may (dpa) - Estados Unidos busca que la Asamblea General que la OEA celebrar\u00e1 en junio en Washington apruebe una resoluci\u00f3n de condena al Gobierno venezolano de Nicol\u00e1s Maduro, seg\u00fan dijo hoy el nuevo embajador del pa\u00eds ante la organizaci\u00f3n panamericana, Carlos Trujillo. &quot;El Gobierno venezolano es ileg\u00edtimo y lo queremos votar (en\" \/>\n\t\t<meta name=\"twitter:image\" content=\"https:\/\/www.eldigitaldeasturias.com\/noticias\/wp-content\/uploads\/2020\/12\/EDA-1.jpg\" \/>\n\t\t<meta name=\"twitter:label1\" content=\"Escrito por\" \/>\n\t\t<meta name=\"twitter:data1\" content=\"El Digital de Asturias\" \/>\n\t\t<meta name=\"twitter:label2\" content=\"Tiempo de lectura estimado\" \/>\n\t\t<meta name=\"twitter:data2\" content=\"2 minutos\" \/>\n\t\t<script type=\"application\/ld+json\" class=\"aioseo-schema\">\n\t\t\t{\"@context\":\"https:\\\/\\\/schema.org\",\"@graph\":[{\"@type\":\"BlogPosting\",\"@id\":\"https:\\\/\\\/www.eldigitaldeasturias.com\\\/noticias\\\/estados-unidos-busca-una-resolucion-de-condena-a-maduro-en-la-asamblea-de-la-oea\\\/#blogposting\",\"name\":\"Estados Unidos busca una resoluci\\u00f3n de condena a Maduro en la Asamblea de la OEA - El Digital de Asturias\",\"headline\":\"Estados Unidos busca una resoluci\\u00f3n de condena a Maduro en la Asamblea de la OEA\",\"author\":{\"@id\":\"https:\\\/\\\/www.eldigitaldeasturias.com\\\/noticias\\\/author\\\/admin\\\/#author\"},\"publisher\":{\"@id\":\"https:\\\/\\\/www.eldigitaldeasturias.com\\\/noticias\\\/#organization\"},\"image\":{\"@type\":\"ImageObject\",\"url\":977059},\"datePublished\":\"2018-05-03T23:45:28+02:00\",\"dateModified\":\"2018-05-03T23:45:28+02:00\",\"inLanguage\":\"es-ES\",\"mainEntityOfPage\":{\"@id\":\"https:\\\/\\\/www.eldigitaldeasturias.com\\\/noticias\\\/estados-unidos-busca-una-resolucion-de-condena-a-maduro-en-la-asamblea-de-la-oea\\\/#webpage\"},\"isPartOf\":{\"@id\":\"https:\\\/\\\/www.eldigitaldeasturias.com\\\/noticias\\\/estados-unidos-busca-una-resolucion-de-condena-a-maduro-en-la-asamblea-de-la-oea\\\/#webpage\"},\"articleSection\":\"Actualidad\"},{\"@type\":\"BreadcrumbList\",\"@id\":\"https:\\\/\\\/www.eldigitaldeasturias.com\\\/noticias\\\/estados-unidos-busca-una-resolucion-de-condena-a-maduro-en-la-asamblea-de-la-oea\\\/#breadcrumblist\",\"itemListElement\":[{\"@type\":\"ListItem\",\"@id\":\"https:\\\/\\\/www.eldigitaldeasturias.com\\\/noticias#listItem\",\"position\":1,\"name\":\"Home\",\"item\":\"https:\\\/\\\/www.eldigitaldeasturias.com\\\/noticias\",\"nextItem\":{\"@type\":\"ListItem\",\"@id\":\"https:\\\/\\\/www.eldigitaldeasturias.com\\\/noticias\\\/category\\\/actualidad\\\/#listItem\",\"name\":\"Actualidad\"}},{\"@type\":\"ListItem\",\"@id\":\"https:\\\/\\\/www.eldigitaldeasturias.com\\\/noticias\\\/category\\\/actualidad\\\/#listItem\",\"position\":2,\"name\":\"Actualidad\",\"item\":\"https:\\\/\\\/www.eldigitaldeasturias.com\\\/noticias\\\/category\\\/actualidad\\\/\",\"nextItem\":{\"@type\":\"ListItem\",\"@id\":\"https:\\\/\\\/www.eldigitaldeasturias.com\\\/noticias\\\/estados-unidos-busca-una-resolucion-de-condena-a-maduro-en-la-asamblea-de-la-oea\\\/#listItem\",\"name\":\"Estados Unidos busca una resoluci\\u00f3n de condena a Maduro en la Asamblea de la OEA\"},\"previousItem\":{\"@type\":\"ListItem\",\"@id\":\"https:\\\/\\\/www.eldigitaldeasturias.com\\\/noticias#listItem\",\"name\":\"Home\"}},{\"@type\":\"ListItem\",\"@id\":\"https:\\\/\\\/www.eldigitaldeasturias.com\\\/noticias\\\/estados-unidos-busca-una-resolucion-de-condena-a-maduro-en-la-asamblea-de-la-oea\\\/#listItem\",\"position\":3,\"name\":\"Estados Unidos busca una resoluci\\u00f3n de condena a Maduro en la Asamblea de la OEA\",\"previousItem\":{\"@type\":\"ListItem\",\"@id\":\"https:\\\/\\\/www.eldigitaldeasturias.com\\\/noticias\\\/category\\\/actualidad\\\/#listItem\",\"name\":\"Actualidad\"}}]},{\"@type\":\"Organization\",\"@id\":\"https:\\\/\\\/www.eldigitaldeasturias.com\\\/noticias\\\/#organization\",\"name\":\"El Digital de Asturias\",\"description\":\"Hemeroteca\",\"url\":\"https:\\\/\\\/www.eldigitaldeasturias.com\\\/noticias\\\/\",\"email\":\"info@eldigitaldeasturias.com\",\"telephone\":\"+34652131393\",\"logo\":{\"@type\":\"ImageObject\",\"url\":\"https:\\\/\\\/www.eldigitaldeasturias.com\\\/noticias\\\/wp-content\\\/uploads\\\/2020\\\/12\\\/EDA.jpg\",\"@id\":\"https:\\\/\\\/www.eldigitaldeasturias.com\\\/noticias\\\/estados-unidos-busca-una-resolucion-de-condena-a-maduro-en-la-asamblea-de-la-oea\\\/#organizationLogo\"},\"image\":{\"@id\":\"https:\\\/\\\/www.eldigitaldeasturias.com\\\/noticias\\\/estados-unidos-busca-una-resolucion-de-condena-a-maduro-en-la-asamblea-de-la-oea\\\/#organizationLogo\"},\"sameAs\":[\"https:\\\/\\\/facebook.com\\\/eldigitaldeasturias\",\"https:\\\/\\\/www.youtube.com\\\/channel\\\/UCZP-2wLEB9Rv6erhFmqVnvg\"],\"address\":{\"@id\":\"https:\\\/\\\/www.eldigitaldeasturias.com\\\/noticias\\\/#postaladdress\",\"@type\":\"PostalAddress\",\"streetAddress\":\"san antonio 4\",\"postalCode\":\"33430\",\"addressLocality\":\"Cand\\u00e1s\",\"addressRegion\":\"Asturias\",\"addressCountry\":\"ES\"}},{\"@type\":\"Person\",\"@id\":\"https:\\\/\\\/www.eldigitaldeasturias.com\\\/noticias\\\/author\\\/admin\\\/#author\",\"url\":\"https:\\\/\\\/www.eldigitaldeasturias.com\\\/noticias\\\/author\\\/admin\\\/\",\"name\":\"El Digital de Asturias\",\"image\":{\"@type\":\"ImageObject\",\"@id\":\"https:\\\/\\\/www.eldigitaldeasturias.com\\\/noticias\\\/estados-unidos-busca-una-resolucion-de-condena-a-maduro-en-la-asamblea-de-la-oea\\\/#authorImage\",\"url\":\"https:\\\/\\\/secure.gravatar.com\\\/avatar\\\/df2aeffc32bcd13f8d26072ef8a91b623d677766deac7f97ca815868cd41bf5e?s=96&d=mm&r=g\",\"width\":96,\"height\":96,\"caption\":\"El Digital de Asturias\"}},{\"@type\":\"WebPage\",\"@id\":\"https:\\\/\\\/www.eldigitaldeasturias.com\\\/noticias\\\/estados-unidos-busca-una-resolucion-de-condena-a-maduro-en-la-asamblea-de-la-oea\\\/#webpage\",\"url\":\"https:\\\/\\\/www.eldigitaldeasturias.com\\\/noticias\\\/estados-unidos-busca-una-resolucion-de-condena-a-maduro-en-la-asamblea-de-la-oea\\\/\",\"name\":\"Estados Unidos busca una resoluci\\u00f3n de condena a Maduro en la Asamblea de la OEA - El Digital de Asturias\",\"description\":\"Washington, 3 may (dpa) - Estados Unidos busca que la Asamblea General que la OEA celebrar\\u00e1 en junio en Washington apruebe una resoluci\\u00f3n de condena al Gobierno venezolano de Nicol\\u00e1s Maduro, seg\\u00fan dijo hoy el nuevo embajador del pa\\u00eds ante la organizaci\\u00f3n panamericana, Carlos Trujillo. \\\"El Gobierno venezolano es ileg\\u00edtimo y lo queremos votar (en\",\"inLanguage\":\"es-ES\",\"isPartOf\":{\"@id\":\"https:\\\/\\\/www.eldigitaldeasturias.com\\\/noticias\\\/#website\"},\"breadcrumb\":{\"@id\":\"https:\\\/\\\/www.eldigitaldeasturias.com\\\/noticias\\\/estados-unidos-busca-una-resolucion-de-condena-a-maduro-en-la-asamblea-de-la-oea\\\/#breadcrumblist\"},\"author\":{\"@id\":\"https:\\\/\\\/www.eldigitaldeasturias.com\\\/noticias\\\/author\\\/admin\\\/#author\"},\"creator\":{\"@id\":\"https:\\\/\\\/www.eldigitaldeasturias.com\\\/noticias\\\/author\\\/admin\\\/#author\"},\"image\":{\"@type\":\"ImageObject\",\"url\":977059,\"@id\":\"https:\\\/\\\/www.eldigitaldeasturias.com\\\/noticias\\\/estados-unidos-busca-una-resolucion-de-condena-a-maduro-en-la-asamblea-de-la-oea\\\/#mainImage\"},\"primaryImageOfPage\":{\"@id\":\"https:\\\/\\\/www.eldigitaldeasturias.com\\\/noticias\\\/estados-unidos-busca-una-resolucion-de-condena-a-maduro-en-la-asamblea-de-la-oea\\\/#mainImage\"},\"datePublished\":\"2018-05-03T23:45:28+02:00\",\"dateModified\":\"2018-05-03T23:45:28+02:00\"},{\"@type\":\"WebSite\",\"@id\":\"https:\\\/\\\/www.eldigitaldeasturias.com\\\/noticias\\\/#website\",\"url\":\"https:\\\/\\\/www.eldigitaldeasturias.com\\\/noticias\\\/\",\"name\":\"El Digital de Asturias - Diario de actualidad y noticias\",\"alternateName\":\"El Digital de Asturias - Diario de actualidad y noticias\",\"description\":\"Hemeroteca\",\"inLanguage\":\"es-ES\",\"publisher\":{\"@id\":\"https:\\\/\\\/www.eldigitaldeasturias.com\\\/noticias\\\/#organization\"}}]}\n\t\t<\/script>\n\t\t<!-- All in One SEO Pro -->\r\n\t\t<title>Estados Unidos busca una resoluci\u00f3n de condena a Maduro en la Asamblea de la OEA - El Digital de Asturias<\/title>\n\n","aioseo_head_json":{"title":"Estados Unidos busca una resoluci\u00f3n de condena a Maduro en la Asamblea de la OEA - El Digital de Asturias","description":"Washington, 3 may (dpa) - Estados Unidos busca que la Asamblea General que la OEA celebrar\u00e1 en junio en Washington apruebe una resoluci\u00f3n de condena al Gobierno venezolano de Nicol\u00e1s Maduro, seg\u00fan dijo hoy el nuevo embajador del pa\u00eds ante la organizaci\u00f3n panamericana, Carlos Trujillo. \"El Gobierno venezolano es ileg\u00edtimo y lo queremos votar (en","canonical_url":"https:\/\/www.eldigitaldeasturias.com\/noticias\/estados-unidos-busca-una-resolucion-de-condena-a-maduro-en-la-asamblea-de-la-oea\/","robots":"max-image-preview:large","keywords":"actualidad","webmasterTools":{"google-site-verification":"UA-38556648-1","msvalidate.01":"7dfe9f3f1b24437ab69f4f2559babe99","miscellaneous":""},"schema":{"@context":"https:\/\/schema.org","@graph":[{"@type":"BlogPosting","@id":"https:\/\/www.eldigitaldeasturias.com\/noticias\/estados-unidos-busca-una-resolucion-de-condena-a-maduro-en-la-asamblea-de-la-oea\/#blogposting","name":"Estados Unidos busca una resoluci\u00f3n de condena a Maduro en la Asamblea de la OEA - El Digital de Asturias","headline":"Estados Unidos busca una resoluci\u00f3n de condena a Maduro en la Asamblea de la OEA","author":{"@id":"https:\/\/www.eldigitaldeasturias.com\/noticias\/author\/admin\/#author"},"publisher":{"@id":"https:\/\/www.eldigitaldeasturias.com\/noticias\/#organization"},"image":{"@type":"ImageObject","url":977059},"datePublished":"2018-05-03T23:45:28+02:00","dateModified":"2018-05-03T23:45:28+02:00","inLanguage":"es-ES","mainEntityOfPage":{"@id":"https:\/\/www.eldigitaldeasturias.com\/noticias\/estados-unidos-busca-una-resolucion-de-condena-a-maduro-en-la-asamblea-de-la-oea\/#webpage"},"isPartOf":{"@id":"https:\/\/www.eldigitaldeasturias.com\/noticias\/estados-unidos-busca-una-resolucion-de-condena-a-maduro-en-la-asamblea-de-la-oea\/#webpage"},"articleSection":"Actualidad"},{"@type":"BreadcrumbList","@id":"https:\/\/www.eldigitaldeasturias.com\/noticias\/estados-unidos-busca-una-resolucion-de-condena-a-maduro-en-la-asamblea-de-la-oea\/#breadcrumblist","itemListElement":[{"@type":"ListItem","@id":"https:\/\/www.eldigitaldeasturias.com\/noticias#listItem","position":1,"name":"Home","item":"https:\/\/www.eldigitaldeasturias.com\/noticias","nextItem":{"@type":"ListItem","@id":"https:\/\/www.eldigitaldeasturias.com\/noticias\/category\/actualidad\/#listItem","name":"Actualidad"}},{"@type":"ListItem","@id":"https:\/\/www.eldigitaldeasturias.com\/noticias\/category\/actualidad\/#listItem","position":2,"name":"Actualidad","item":"https:\/\/www.eldigitaldeasturias.com\/noticias\/category\/actualidad\/","nextItem":{"@type":"ListItem","@id":"https:\/\/www.eldigitaldeasturias.com\/noticias\/estados-unidos-busca-una-resolucion-de-condena-a-maduro-en-la-asamblea-de-la-oea\/#listItem","name":"Estados Unidos busca una resoluci\u00f3n de condena a Maduro en la Asamblea de la OEA"},"previousItem":{"@type":"ListItem","@id":"https:\/\/www.eldigitaldeasturias.com\/noticias#listItem","name":"Home"}},{"@type":"ListItem","@id":"https:\/\/www.eldigitaldeasturias.com\/noticias\/estados-unidos-busca-una-resolucion-de-condena-a-maduro-en-la-asamblea-de-la-oea\/#listItem","position":3,"name":"Estados Unidos busca una resoluci\u00f3n de condena a Maduro en la Asamblea de la OEA","previousItem":{"@type":"ListItem","@id":"https:\/\/www.eldigitaldeasturias.com\/noticias\/category\/actualidad\/#listItem","name":"Actualidad"}}]},{"@type":"Organization","@id":"https:\/\/www.eldigitaldeasturias.com\/noticias\/#organization","name":"El Digital de Asturias","description":"Hemeroteca","url":"https:\/\/www.eldigitaldeasturias.com\/noticias\/","email":"info@eldigitaldeasturias.com","telephone":"+34652131393","logo":{"@type":"ImageObject","url":"https:\/\/www.eldigitaldeasturias.com\/noticias\/wp-content\/uploads\/2020\/12\/EDA.jpg","@id":"https:\/\/www.eldigitaldeasturias.com\/noticias\/estados-unidos-busca-una-resolucion-de-condena-a-maduro-en-la-asamblea-de-la-oea\/#organizationLogo"},"image":{"@id":"https:\/\/www.eldigitaldeasturias.com\/noticias\/estados-unidos-busca-una-resolucion-de-condena-a-maduro-en-la-asamblea-de-la-oea\/#organizationLogo"},"sameAs":["https:\/\/facebook.com\/eldigitaldeasturias","https:\/\/www.youtube.com\/channel\/UCZP-2wLEB9Rv6erhFmqVnvg"],"address":{"@id":"https:\/\/www.eldigitaldeasturias.com\/noticias\/#postaladdress","@type":"PostalAddress","streetAddress":"san antonio 4","postalCode":"33430","addressLocality":"Cand\u00e1s","addressRegion":"Asturias","addressCountry":"ES"}},{"@type":"Person","@id":"https:\/\/www.eldigitaldeasturias.com\/noticias\/author\/admin\/#author","url":"https:\/\/www.eldigitaldeasturias.com\/noticias\/author\/admin\/","name":"El Digital de Asturias","image":{"@type":"ImageObject","@id":"https:\/\/www.eldigitaldeasturias.com\/noticias\/estados-unidos-busca-una-resolucion-de-condena-a-maduro-en-la-asamblea-de-la-oea\/#authorImage","url":"https:\/\/secure.gravatar.com\/avatar\/df2aeffc32bcd13f8d26072ef8a91b623d677766deac7f97ca815868cd41bf5e?s=96&d=mm&r=g","width":96,"height":96,"caption":"El Digital de Asturias"}},{"@type":"WebPage","@id":"https:\/\/www.eldigitaldeasturias.com\/noticias\/estados-unidos-busca-una-resolucion-de-condena-a-maduro-en-la-asamblea-de-la-oea\/#webpage","url":"https:\/\/www.eldigitaldeasturias.com\/noticias\/estados-unidos-busca-una-resolucion-de-condena-a-maduro-en-la-asamblea-de-la-oea\/","name":"Estados Unidos busca una resoluci\u00f3n de condena a Maduro en la Asamblea de la OEA - El Digital de Asturias","description":"Washington, 3 may (dpa) - Estados Unidos busca que la Asamblea General que la OEA celebrar\u00e1 en junio en Washington apruebe una resoluci\u00f3n de condena al Gobierno venezolano de Nicol\u00e1s Maduro, seg\u00fan dijo hoy el nuevo embajador del pa\u00eds ante la organizaci\u00f3n panamericana, Carlos Trujillo. \"El Gobierno venezolano es ileg\u00edtimo y lo queremos votar (en","inLanguage":"es-ES","isPartOf":{"@id":"https:\/\/www.eldigitaldeasturias.com\/noticias\/#website"},"breadcrumb":{"@id":"https:\/\/www.eldigitaldeasturias.com\/noticias\/estados-unidos-busca-una-resolucion-de-condena-a-maduro-en-la-asamblea-de-la-oea\/#breadcrumblist"},"author":{"@id":"https:\/\/www.eldigitaldeasturias.com\/noticias\/author\/admin\/#author"},"creator":{"@id":"https:\/\/www.eldigitaldeasturias.com\/noticias\/author\/admin\/#author"},"image":{"@type":"ImageObject","url":977059,"@id":"https:\/\/www.eldigitaldeasturias.com\/noticias\/estados-unidos-busca-una-resolucion-de-condena-a-maduro-en-la-asamblea-de-la-oea\/#mainImage"},"primaryImageOfPage":{"@id":"https:\/\/www.eldigitaldeasturias.com\/noticias\/estados-unidos-busca-una-resolucion-de-condena-a-maduro-en-la-asamblea-de-la-oea\/#mainImage"},"datePublished":"2018-05-03T23:45:28+02:00","dateModified":"2018-05-03T23:45:28+02:00"},{"@type":"WebSite","@id":"https:\/\/www.eldigitaldeasturias.com\/noticias\/#website","url":"https:\/\/www.eldigitaldeasturias.com\/noticias\/","name":"El Digital de Asturias - Diario de actualidad y noticias","alternateName":"El Digital de Asturias - Diario de actualidad y noticias","description":"Hemeroteca","inLanguage":"es-ES","publisher":{"@id":"https:\/\/www.eldigitaldeasturias.com\/noticias\/#organization"}}]},"og:locale":"es_ES","og:site_name":"El Digital de Asturias","og:type":"article","og:title":"Estados Unidos busca una resoluci\u00f3n de condena a Maduro en la Asamblea de la OEA - El Digital de Asturias","og:description":"Washington, 3 may (dpa) - Estados Unidos busca que la Asamblea General que la OEA celebrar\u00e1 en junio en Washington apruebe una resoluci\u00f3n de condena al Gobierno venezolano de Nicol\u00e1s Maduro, seg\u00fan dijo hoy el nuevo embajador del pa\u00eds ante la organizaci\u00f3n panamericana, Carlos Trujillo. &quot;El Gobierno venezolano es ileg\u00edtimo y lo queremos votar (en","og:url":"https:\/\/www.eldigitaldeasturias.com\/noticias\/estados-unidos-busca-una-resolucion-de-condena-a-maduro-en-la-asamblea-de-la-oea\/","article:tag":["actualidad"],"article:published_time":"2018-05-03T23:45:28+00:00","article:modified_time":"2018-05-03T23:45:28+00:00","article:publisher":"https:\/\/facebook.com\/eldigitaldeasturias","twitter:card":"summary_large_image","twitter:title":"Estados Unidos busca una resoluci\u00f3n de condena a Maduro en la Asamblea de la OEA - El Digital de Asturias","twitter:description":"Washington, 3 may (dpa) - Estados Unidos busca que la Asamblea General que la OEA celebrar\u00e1 en junio en Washington apruebe una resoluci\u00f3n de condena al Gobierno venezolano de Nicol\u00e1s Maduro, seg\u00fan dijo hoy el nuevo embajador del pa\u00eds ante la organizaci\u00f3n panamericana, Carlos Trujillo. &quot;El Gobierno venezolano es ileg\u00edtimo y lo queremos votar (en","twitter:image":"https:\/\/www.eldigitaldeasturias.com\/noticias\/wp-content\/uploads\/2020\/12\/EDA-1.jpg","twitter:label1":"Escrito por","twitter:data1":"El Digital de Asturias","twitter:label2":"Tiempo de lectura estimado","twitter:data2":"2 minutos"},"aioseo_meta_data":{"post_id":"978767","title":null,"description":null,"keywords":null,"keyphrases":null,"primary_term":null,"canonical_url":null,"og_title":null,"og_description":null,"og_object_type":"default","og_image_type":"default","og_image_url":null,"og_image_width":null,"og_image_height":null,"og_image_custom_url":null,"og_image_custom_fields":null,"og_video":null,"og_custom_url":null,"og_article_section":null,"og_article_tags":null,"twitter_use_og":false,"twitter_card":"default","twitter_image_type":"default","twitter_image_url":null,"twitter_image_custom_url":null,"twitter_image_custom_fields":null,"twitter_title":null,"twitter_description":null,"schema":{"blockGraphs":[],"customGraphs":[],"default":{"data":{"Article":[],"Course":[],"Dataset":[],"FAQPage":[],"Movie":[],"Person":[],"Product":[],"ProductReview":[],"Car":[],"Recipe":[],"Service":[],"SoftwareApplication":[],"WebPage":[]},"graphName":"","isEnabled":true},"graphs":[],"defaultGraph":"","defaultPostTypeGraph":""},"schema_type":null,"schema_type_options":null,"pillar_content":false,"robots_default":true,"robots_noindex":false,"robots_noarchive":false,"robots_nosnippet":false,"robots_nofollow":false,"robots_noimageindex":false,"robots_noodp":false,"robots_notranslate":false,"robots_max_snippet":null,"robots_max_videopreview":null,"robots_max_imagepreview":"large","priority":null,"frequency":null,"local_seo":null,"seo_analyzer_scan_date":"2025-10-08 12:00:30","breadcrumb_settings":null,"limit_modified_date":false,"open_ai":null,"ai":null,"created":"2020-12-21 12:01:36","updated":"2025-10-08 12:00:30","focus_keyword":null,"additional_keywords":null,"truseo_locale":null},"aioseo_breadcrumb":"<div class=\"aioseo-breadcrumbs\"><span class=\"aioseo-breadcrumb\">\n\t<a href=\"https:\/\/www.eldigitaldeasturias.com\/noticias\" title=\"Home\">Home<\/a>\n<\/span><span class=\"aioseo-breadcrumb-separator\">\u2013<\/span><span class=\"aioseo-breadcrumb\">\n\t<a href=\"https:\/\/www.eldigitaldeasturias.com\/noticias\/category\/actualidad\/\" title=\"Actualidad\">Actualidad<\/a>\n<\/span><span class=\"aioseo-breadcrumb-separator\">\u2013<\/span><span class=\"aioseo-breadcrumb\">\n\t<a href=\"https:\/\/www.eldigitaldeasturias.com\/noticias\/estados-unidos-busca-una-resolucion-de-condena-a-maduro-en-la-asamblea-de-la-oea\/\" title=\"Estados Unidos busca una resoluci\u00f3n de condena a Maduro en la Asamblea de la OEA\">Estados Unidos busca una resoluci\u00f3n de condena a Maduro en la Asamblea de la OEA<\/a>\n<\/span><\/div>","aioseo_breadcrumb_json":[{"label":"Home","link":"https:\/\/www.eldigitaldeasturias.com\/noticias"},{"label":"Actualidad","link":"https:\/\/www.eldigitaldeasturias.com\/noticias\/category\/actualidad\/"},{"label":"Estados Unidos busca una resoluci\u00f3n de condena a Maduro en la Asamblea de la OEA","link":"https:\/\/www.eldigitaldeasturias.com\/noticias\/estados-unidos-busca-una-resolucion-de-condena-a-maduro-en-la-asamblea-de-la-oea\/"}],"_links":{"self":[{"href":"https:\/\/www.eldigitaldeasturias.com\/noticias\/wp-json\/wp\/v2\/posts\/978767","targetHints":{"allow":["GET"]}}],"collection":[{"href":"https:\/\/www.eldigitaldeasturias.com\/noticias\/wp-json\/wp\/v2\/posts"}],"about":[{"href":"https:\/\/www.eldigitaldeasturias.com\/noticias\/wp-json\/wp\/v2\/types\/post"}],"author":[{"embeddable":true,"href":"https:\/\/www.eldigitaldeasturias.com\/noticias\/wp-json\/wp\/v2\/users\/1"}],"replies":[{"embeddable":true,"href":"https:\/\/www.eldigitaldeasturias.com\/noticias\/wp-json\/wp\/v2\/comments?post=978767"}],"version-history":[{"count":0,"href":"https:\/\/www.eldigitaldeasturias.com\/noticias\/wp-json\/wp\/v2\/posts\/978767\/revisions"}],"wp:attachment":[{"href":"https:\/\/www.eldigitaldeasturias.com\/noticias\/wp-json\/wp\/v2\/media?parent=978767"}],"wp:term":[{"taxonomy":"category","embeddable":true,"href":"https:\/\/www.eldigitaldeasturias.com\/noticias\/wp-json\/wp\/v2\/categories?post=978767"},{"taxonomy":"post_tag","embeddable":true,"href":"https:\/\/www.eldigitaldeasturias.com\/noticias\/wp-json\/wp\/v2\/tags?post=978767"}],"curies":[{"name":"wp","href":"https:\/\/api.w.org\/{rel}","templated":true}]}}