{"id":978704,"date":"2018-05-03T19:15:03","date_gmt":"2018-05-03T19:15:03","guid":{"rendered":"http:\/\/www.eldigitaldeasturias.com\/noticias\/?p=978704"},"modified":"2018-05-03T19:15:03","modified_gmt":"2018-05-03T19:15:03","slug":"pilar-alegria-visita-kuhnel-talent-day","status":"publish","type":"post","link":"https:\/\/www.eldigitaldeasturias.com\/noticias\/pilar-alegria-visita-kuhnel-talent-day\/","title":{"rendered":"Pilar Alegr\u00eda visita \u201cK\u00fchnel Talent Day\u201d"},"content":{"rendered":"<p><img loading=\"lazy\" decoding=\"async\" class=\"alignleft size-medium wp-image-978705\" src=\"https:\/\/www.eldigitaldeasturias.com\/noticias\/wp-content\/uploads\/2018\/05\/20180503_125636-360x159.jpg\" alt=\"\" width=\"360\" height=\"159\" \/>La consejera de Innovaci\u00f3n, Investigaci\u00f3n y Universidad, Pilar Alegr\u00eda, ha participado hoy en la XIII edici\u00f3n de K\u00fchnel Talent Day, un sal\u00f3n de empleo que re\u00fane presencialmente a m\u00e1s de treinta empresas en el Gran Hotel de Zaragoza. Adem\u00e1s, otra treintena de firmas participan de modo on line.<\/p>\n<p>Pilar Alegr\u00eda ha destacado la \u201csolvencia\u201d de esta iniciativa que, adem\u00e1s, oferta este a\u00f1o 1200 empleos y la posibilidad de conseguir 275 becas o postgrados. La consejera resaltaba la oportunidad de \u201cfusionar en un mismo espacio dos piezas claves: el mundo empresarial con el talento de los j\u00f3venes universitarios o de formaci\u00f3n profesional\u201d. Alegr\u00eda recordaba que de los centros de educaci\u00f3n superior aragoneses y de formaci\u00f3n profesional emana un \u201cmagn\u00edfico talento\u201d que deben conocer las empresas aragonesas y tambi\u00e9n las multinacionales. As\u00ed mismo, ha se\u00f1alado la puesta en marcha por el Gobierno de Arag\u00f3n de un plan de empleo dedicado a los menores de 35 a\u00f1os. La consejera ha estado acompa\u00f1ada por el secretario general t\u00e9cnico, Fernando Beltr\u00e1n, y el presidente de K\u00fchnel, Javier K\u00fchnel<\/p>\n","protected":false},"excerpt":{"rendered":"<p>La consejera de Innovaci\u00f3n, Investigaci\u00f3n y Universidad, Pilar Alegr\u00eda, ha participado hoy en la XIII edici\u00f3n de K\u00fchnel Talent Day, un sal\u00f3n de empleo que re\u00fane presencialmente a m\u00e1s de treinta empresas en el Gran Hotel de Zaragoza. Adem\u00e1s, otra treintena de firmas participan de modo on line. Pilar Alegr\u00eda ha destacado la \u201csolvencia\u201d de [&hellip;]<\/p>\n","protected":false},"author":1,"featured_media":978705,"comment_status":"closed","ping_status":"closed","sticky":false,"template":"","format":"standard","meta":{"footnotes":""},"categories":[1],"tags":[],"class_list":["post-978704","post","type-post","status-publish","format-standard","has-post-thumbnail","hentry","category-actualidad"],"aioseo_notices":[],"aioseo_head":"\n\t\t<!-- All in One SEO Pro 5.0.1 - aioseo.com -->\n\t<meta name=\"description\" content=\"La consejera de Innovaci\u00f3n, Investigaci\u00f3n y Universidad, Pilar Alegr\u00eda, ha participado hoy en la XIII edici\u00f3n de K\u00fchnel Talent Day, un sal\u00f3n de empleo que re\u00fane presencialmente a m\u00e1s de treinta empresas en el Gran Hotel de Zaragoza. Adem\u00e1s, otra treintena de firmas participan de modo on line. Pilar Alegr\u00eda ha destacado la \u201csolvencia\u201d de\" \/>\n\t<meta name=\"robots\" content=\"max-image-preview:large\" \/>\n\t<meta name=\"author\" content=\"El Digital de Asturias\"\/>\n\t<meta name=\"google-site-verification\" content=\"UA-38556648-1\" \/>\n\t<meta name=\"msvalidate.01\" content=\"7dfe9f3f1b24437ab69f4f2559babe99\" \/>\n\t<meta name=\"keywords\" content=\"actualidad\" \/>\n\t<link rel=\"canonical\" href=\"https:\/\/www.eldigitaldeasturias.com\/noticias\/pilar-alegria-visita-kuhnel-talent-day\/\" \/>\n\t<meta name=\"generator\" content=\"All in One SEO Pro (AIOSEO) 5.0.1\" \/>\n\t\t<meta property=\"og:locale\" content=\"es_ES\" \/>\n\t\t<meta property=\"og:site_name\" content=\"El Digital de Asturias\" \/>\n\t\t<meta property=\"og:type\" content=\"article\" \/>\n\t\t<meta property=\"og:title\" content=\"Pilar Alegr\u00eda visita \u201cK\u00fchnel Talent Day\u201d - El Digital de Asturias\" \/>\n\t\t<meta property=\"og:description\" content=\"La consejera de Innovaci\u00f3n, Investigaci\u00f3n y Universidad, Pilar Alegr\u00eda, ha participado hoy en la XIII edici\u00f3n de K\u00fchnel Talent Day, un sal\u00f3n de empleo que re\u00fane presencialmente a m\u00e1s de treinta empresas en el Gran Hotel de Zaragoza. Adem\u00e1s, otra treintena de firmas participan de modo on line. Pilar Alegr\u00eda ha destacado la \u201csolvencia\u201d de\" \/>\n\t\t<meta property=\"og:url\" content=\"https:\/\/www.eldigitaldeasturias.com\/noticias\/pilar-alegria-visita-kuhnel-talent-day\/\" \/>\n\t\t<meta property=\"article:tag\" content=\"actualidad\" \/>\n\t\t<meta property=\"article:published_time\" content=\"2018-05-03T19:15:03+00:00\" \/>\n\t\t<meta property=\"article:modified_time\" content=\"2018-05-03T19:15:03+00:00\" \/>\n\t\t<meta property=\"article:publisher\" content=\"https:\/\/facebook.com\/eldigitaldeasturias\" \/>\n\t\t<meta name=\"twitter:card\" content=\"summary_large_image\" \/>\n\t\t<meta name=\"twitter:title\" content=\"Pilar Alegr\u00eda visita \u201cK\u00fchnel Talent Day\u201d - El Digital de Asturias\" \/>\n\t\t<meta name=\"twitter:description\" content=\"La consejera de Innovaci\u00f3n, Investigaci\u00f3n y Universidad, Pilar Alegr\u00eda, ha participado hoy en la XIII edici\u00f3n de K\u00fchnel Talent Day, un sal\u00f3n de empleo que re\u00fane presencialmente a m\u00e1s de treinta empresas en el Gran Hotel de Zaragoza. Adem\u00e1s, otra treintena de firmas participan de modo on line. Pilar Alegr\u00eda ha destacado la \u201csolvencia\u201d de\" \/>\n\t\t<meta name=\"twitter:image\" content=\"https:\/\/www.eldigitaldeasturias.com\/noticias\/wp-content\/uploads\/2020\/12\/EDA-1.jpg\" \/>\n\t\t<meta name=\"twitter:label1\" content=\"Escrito por\" \/>\n\t\t<meta name=\"twitter:data1\" content=\"El Digital de Asturias\" \/>\n\t\t<meta name=\"twitter:label2\" content=\"Tiempo de lectura estimado\" \/>\n\t\t<meta name=\"twitter:data2\" content=\"1 minuto\" \/>\n\t\t<script type=\"application\/ld+json\" class=\"aioseo-schema\">\n\t\t\t{\"@context\":\"https:\\\/\\\/schema.org\",\"@graph\":[{\"@type\":\"BlogPosting\",\"@id\":\"https:\\\/\\\/www.eldigitaldeasturias.com\\\/noticias\\\/pilar-alegria-visita-kuhnel-talent-day\\\/#blogposting\",\"name\":\"Pilar Alegr\\u00eda visita \\u201cK\\u00fchnel Talent Day\\u201d - El Digital de Asturias\",\"headline\":\"Pilar Alegr\\u00eda visita \\u201cK\\u00fchnel Talent Day\\u201d\",\"author\":{\"@id\":\"https:\\\/\\\/www.eldigitaldeasturias.com\\\/noticias\\\/author\\\/admin\\\/#author\"},\"publisher\":{\"@id\":\"https:\\\/\\\/www.eldigitaldeasturias.com\\\/noticias\\\/#organization\"},\"image\":{\"@type\":\"ImageObject\",\"url\":978705},\"datePublished\":\"2018-05-03T19:15:03+02:00\",\"dateModified\":\"2018-05-03T19:15:03+02:00\",\"inLanguage\":\"es-ES\",\"mainEntityOfPage\":{\"@id\":\"https:\\\/\\\/www.eldigitaldeasturias.com\\\/noticias\\\/pilar-alegria-visita-kuhnel-talent-day\\\/#webpage\"},\"isPartOf\":{\"@id\":\"https:\\\/\\\/www.eldigitaldeasturias.com\\\/noticias\\\/pilar-alegria-visita-kuhnel-talent-day\\\/#webpage\"},\"articleSection\":\"Actualidad\"},{\"@type\":\"BreadcrumbList\",\"@id\":\"https:\\\/\\\/www.eldigitaldeasturias.com\\\/noticias\\\/pilar-alegria-visita-kuhnel-talent-day\\\/#breadcrumblist\",\"itemListElement\":[{\"@type\":\"ListItem\",\"@id\":\"https:\\\/\\\/www.eldigitaldeasturias.com\\\/noticias#listItem\",\"position\":1,\"name\":\"Home\",\"item\":\"https:\\\/\\\/www.eldigitaldeasturias.com\\\/noticias\",\"nextItem\":{\"@type\":\"ListItem\",\"@id\":\"https:\\\/\\\/www.eldigitaldeasturias.com\\\/noticias\\\/category\\\/actualidad\\\/#listItem\",\"name\":\"Actualidad\"}},{\"@type\":\"ListItem\",\"@id\":\"https:\\\/\\\/www.eldigitaldeasturias.com\\\/noticias\\\/category\\\/actualidad\\\/#listItem\",\"position\":2,\"name\":\"Actualidad\",\"item\":\"https:\\\/\\\/www.eldigitaldeasturias.com\\\/noticias\\\/category\\\/actualidad\\\/\",\"nextItem\":{\"@type\":\"ListItem\",\"@id\":\"https:\\\/\\\/www.eldigitaldeasturias.com\\\/noticias\\\/pilar-alegria-visita-kuhnel-talent-day\\\/#listItem\",\"name\":\"Pilar Alegr\\u00eda visita \\u201cK\\u00fchnel Talent Day\\u201d\"},\"previousItem\":{\"@type\":\"ListItem\",\"@id\":\"https:\\\/\\\/www.eldigitaldeasturias.com\\\/noticias#listItem\",\"name\":\"Home\"}},{\"@type\":\"ListItem\",\"@id\":\"https:\\\/\\\/www.eldigitaldeasturias.com\\\/noticias\\\/pilar-alegria-visita-kuhnel-talent-day\\\/#listItem\",\"position\":3,\"name\":\"Pilar Alegr\\u00eda visita \\u201cK\\u00fchnel Talent Day\\u201d\",\"previousItem\":{\"@type\":\"ListItem\",\"@id\":\"https:\\\/\\\/www.eldigitaldeasturias.com\\\/noticias\\\/category\\\/actualidad\\\/#listItem\",\"name\":\"Actualidad\"}}]},{\"@type\":\"Organization\",\"@id\":\"https:\\\/\\\/www.eldigitaldeasturias.com\\\/noticias\\\/#organization\",\"name\":\"El Digital de Asturias\",\"description\":\"Hemeroteca\",\"url\":\"https:\\\/\\\/www.eldigitaldeasturias.com\\\/noticias\\\/\",\"email\":\"info@eldigitaldeasturias.com\",\"telephone\":\"+34652131393\",\"logo\":{\"@type\":\"ImageObject\",\"url\":\"https:\\\/\\\/www.eldigitaldeasturias.com\\\/noticias\\\/wp-content\\\/uploads\\\/2020\\\/12\\\/EDA.jpg\",\"@id\":\"https:\\\/\\\/www.eldigitaldeasturias.com\\\/noticias\\\/pilar-alegria-visita-kuhnel-talent-day\\\/#organizationLogo\"},\"image\":{\"@id\":\"https:\\\/\\\/www.eldigitaldeasturias.com\\\/noticias\\\/pilar-alegria-visita-kuhnel-talent-day\\\/#organizationLogo\"},\"sameAs\":[\"https:\\\/\\\/facebook.com\\\/eldigitaldeasturias\",\"https:\\\/\\\/www.youtube.com\\\/channel\\\/UCZP-2wLEB9Rv6erhFmqVnvg\"],\"address\":{\"@id\":\"https:\\\/\\\/www.eldigitaldeasturias.com\\\/noticias\\\/#postaladdress\",\"@type\":\"PostalAddress\",\"streetAddress\":\"san antonio 4\",\"postalCode\":\"33430\",\"addressLocality\":\"Cand\\u00e1s\",\"addressRegion\":\"Asturias\",\"addressCountry\":\"ES\"}},{\"@type\":\"Person\",\"@id\":\"https:\\\/\\\/www.eldigitaldeasturias.com\\\/noticias\\\/author\\\/admin\\\/#author\",\"url\":\"https:\\\/\\\/www.eldigitaldeasturias.com\\\/noticias\\\/author\\\/admin\\\/\",\"name\":\"El Digital de Asturias\",\"image\":{\"@type\":\"ImageObject\",\"@id\":\"https:\\\/\\\/www.eldigitaldeasturias.com\\\/noticias\\\/pilar-alegria-visita-kuhnel-talent-day\\\/#authorImage\",\"url\":\"https:\\\/\\\/secure.gravatar.com\\\/avatar\\\/df2aeffc32bcd13f8d26072ef8a91b623d677766deac7f97ca815868cd41bf5e?s=96&d=mm&r=g\",\"width\":96,\"height\":96,\"caption\":\"El Digital de Asturias\"}},{\"@type\":\"WebPage\",\"@id\":\"https:\\\/\\\/www.eldigitaldeasturias.com\\\/noticias\\\/pilar-alegria-visita-kuhnel-talent-day\\\/#webpage\",\"url\":\"https:\\\/\\\/www.eldigitaldeasturias.com\\\/noticias\\\/pilar-alegria-visita-kuhnel-talent-day\\\/\",\"name\":\"Pilar Alegr\\u00eda visita \\u201cK\\u00fchnel Talent Day\\u201d - El Digital de Asturias\",\"description\":\"La consejera de Innovaci\\u00f3n, Investigaci\\u00f3n y Universidad, Pilar Alegr\\u00eda, ha participado hoy en la XIII edici\\u00f3n de K\\u00fchnel Talent Day, un sal\\u00f3n de empleo que re\\u00fane presencialmente a m\\u00e1s de treinta empresas en el Gran Hotel de Zaragoza. Adem\\u00e1s, otra treintena de firmas participan de modo on line. Pilar Alegr\\u00eda ha destacado la \\u201csolvencia\\u201d de\",\"inLanguage\":\"es-ES\",\"isPartOf\":{\"@id\":\"https:\\\/\\\/www.eldigitaldeasturias.com\\\/noticias\\\/#website\"},\"breadcrumb\":{\"@id\":\"https:\\\/\\\/www.eldigitaldeasturias.com\\\/noticias\\\/pilar-alegria-visita-kuhnel-talent-day\\\/#breadcrumblist\"},\"author\":{\"@id\":\"https:\\\/\\\/www.eldigitaldeasturias.com\\\/noticias\\\/author\\\/admin\\\/#author\"},\"creator\":{\"@id\":\"https:\\\/\\\/www.eldigitaldeasturias.com\\\/noticias\\\/author\\\/admin\\\/#author\"},\"image\":{\"@type\":\"ImageObject\",\"url\":978705,\"@id\":\"https:\\\/\\\/www.eldigitaldeasturias.com\\\/noticias\\\/pilar-alegria-visita-kuhnel-talent-day\\\/#mainImage\"},\"primaryImageOfPage\":{\"@id\":\"https:\\\/\\\/www.eldigitaldeasturias.com\\\/noticias\\\/pilar-alegria-visita-kuhnel-talent-day\\\/#mainImage\"},\"datePublished\":\"2018-05-03T19:15:03+02:00\",\"dateModified\":\"2018-05-03T19:15:03+02:00\"},{\"@type\":\"WebSite\",\"@id\":\"https:\\\/\\\/www.eldigitaldeasturias.com\\\/noticias\\\/#website\",\"url\":\"https:\\\/\\\/www.eldigitaldeasturias.com\\\/noticias\\\/\",\"name\":\"El Digital de Asturias - Diario de actualidad y noticias\",\"alternateName\":\"El Digital de Asturias - Diario de actualidad y noticias\",\"description\":\"Hemeroteca\",\"inLanguage\":\"es-ES\",\"publisher\":{\"@id\":\"https:\\\/\\\/www.eldigitaldeasturias.com\\\/noticias\\\/#organization\"}}]}\n\t\t<\/script>\n\t\t<!-- All in One SEO Pro -->\r\n\t\t<title>Pilar Alegr\u00eda visita \u201cK\u00fchnel Talent Day\u201d - El Digital de Asturias<\/title>\n\n","aioseo_head_json":{"title":"Pilar Alegr\u00eda visita \u201cK\u00fchnel Talent Day\u201d - El Digital de Asturias","description":"La consejera de Innovaci\u00f3n, Investigaci\u00f3n y Universidad, Pilar Alegr\u00eda, ha participado hoy en la XIII edici\u00f3n de K\u00fchnel Talent Day, un sal\u00f3n de empleo que re\u00fane presencialmente a m\u00e1s de treinta empresas en el Gran Hotel de Zaragoza. Adem\u00e1s, otra treintena de firmas participan de modo on line. Pilar Alegr\u00eda ha destacado la \u201csolvencia\u201d de","canonical_url":"https:\/\/www.eldigitaldeasturias.com\/noticias\/pilar-alegria-visita-kuhnel-talent-day\/","robots":"max-image-preview:large","keywords":"actualidad","webmasterTools":{"google-site-verification":"UA-38556648-1","msvalidate.01":"7dfe9f3f1b24437ab69f4f2559babe99","miscellaneous":""},"schema":{"@context":"https:\/\/schema.org","@graph":[{"@type":"BlogPosting","@id":"https:\/\/www.eldigitaldeasturias.com\/noticias\/pilar-alegria-visita-kuhnel-talent-day\/#blogposting","name":"Pilar Alegr\u00eda visita \u201cK\u00fchnel Talent Day\u201d - El Digital de Asturias","headline":"Pilar Alegr\u00eda visita \u201cK\u00fchnel Talent Day\u201d","author":{"@id":"https:\/\/www.eldigitaldeasturias.com\/noticias\/author\/admin\/#author"},"publisher":{"@id":"https:\/\/www.eldigitaldeasturias.com\/noticias\/#organization"},"image":{"@type":"ImageObject","url":978705},"datePublished":"2018-05-03T19:15:03+02:00","dateModified":"2018-05-03T19:15:03+02:00","inLanguage":"es-ES","mainEntityOfPage":{"@id":"https:\/\/www.eldigitaldeasturias.com\/noticias\/pilar-alegria-visita-kuhnel-talent-day\/#webpage"},"isPartOf":{"@id":"https:\/\/www.eldigitaldeasturias.com\/noticias\/pilar-alegria-visita-kuhnel-talent-day\/#webpage"},"articleSection":"Actualidad"},{"@type":"BreadcrumbList","@id":"https:\/\/www.eldigitaldeasturias.com\/noticias\/pilar-alegria-visita-kuhnel-talent-day\/#breadcrumblist","itemListElement":[{"@type":"ListItem","@id":"https:\/\/www.eldigitaldeasturias.com\/noticias#listItem","position":1,"name":"Home","item":"https:\/\/www.eldigitaldeasturias.com\/noticias","nextItem":{"@type":"ListItem","@id":"https:\/\/www.eldigitaldeasturias.com\/noticias\/category\/actualidad\/#listItem","name":"Actualidad"}},{"@type":"ListItem","@id":"https:\/\/www.eldigitaldeasturias.com\/noticias\/category\/actualidad\/#listItem","position":2,"name":"Actualidad","item":"https:\/\/www.eldigitaldeasturias.com\/noticias\/category\/actualidad\/","nextItem":{"@type":"ListItem","@id":"https:\/\/www.eldigitaldeasturias.com\/noticias\/pilar-alegria-visita-kuhnel-talent-day\/#listItem","name":"Pilar Alegr\u00eda visita \u201cK\u00fchnel Talent Day\u201d"},"previousItem":{"@type":"ListItem","@id":"https:\/\/www.eldigitaldeasturias.com\/noticias#listItem","name":"Home"}},{"@type":"ListItem","@id":"https:\/\/www.eldigitaldeasturias.com\/noticias\/pilar-alegria-visita-kuhnel-talent-day\/#listItem","position":3,"name":"Pilar Alegr\u00eda visita \u201cK\u00fchnel Talent Day\u201d","previousItem":{"@type":"ListItem","@id":"https:\/\/www.eldigitaldeasturias.com\/noticias\/category\/actualidad\/#listItem","name":"Actualidad"}}]},{"@type":"Organization","@id":"https:\/\/www.eldigitaldeasturias.com\/noticias\/#organization","name":"El Digital de Asturias","description":"Hemeroteca","url":"https:\/\/www.eldigitaldeasturias.com\/noticias\/","email":"info@eldigitaldeasturias.com","telephone":"+34652131393","logo":{"@type":"ImageObject","url":"https:\/\/www.eldigitaldeasturias.com\/noticias\/wp-content\/uploads\/2020\/12\/EDA.jpg","@id":"https:\/\/www.eldigitaldeasturias.com\/noticias\/pilar-alegria-visita-kuhnel-talent-day\/#organizationLogo"},"image":{"@id":"https:\/\/www.eldigitaldeasturias.com\/noticias\/pilar-alegria-visita-kuhnel-talent-day\/#organizationLogo"},"sameAs":["https:\/\/facebook.com\/eldigitaldeasturias","https:\/\/www.youtube.com\/channel\/UCZP-2wLEB9Rv6erhFmqVnvg"],"address":{"@id":"https:\/\/www.eldigitaldeasturias.com\/noticias\/#postaladdress","@type":"PostalAddress","streetAddress":"san antonio 4","postalCode":"33430","addressLocality":"Cand\u00e1s","addressRegion":"Asturias","addressCountry":"ES"}},{"@type":"Person","@id":"https:\/\/www.eldigitaldeasturias.com\/noticias\/author\/admin\/#author","url":"https:\/\/www.eldigitaldeasturias.com\/noticias\/author\/admin\/","name":"El Digital de Asturias","image":{"@type":"ImageObject","@id":"https:\/\/www.eldigitaldeasturias.com\/noticias\/pilar-alegria-visita-kuhnel-talent-day\/#authorImage","url":"https:\/\/secure.gravatar.com\/avatar\/df2aeffc32bcd13f8d26072ef8a91b623d677766deac7f97ca815868cd41bf5e?s=96&d=mm&r=g","width":96,"height":96,"caption":"El Digital de Asturias"}},{"@type":"WebPage","@id":"https:\/\/www.eldigitaldeasturias.com\/noticias\/pilar-alegria-visita-kuhnel-talent-day\/#webpage","url":"https:\/\/www.eldigitaldeasturias.com\/noticias\/pilar-alegria-visita-kuhnel-talent-day\/","name":"Pilar Alegr\u00eda visita \u201cK\u00fchnel Talent Day\u201d - El Digital de Asturias","description":"La consejera de Innovaci\u00f3n, Investigaci\u00f3n y Universidad, Pilar Alegr\u00eda, ha participado hoy en la XIII edici\u00f3n de K\u00fchnel Talent Day, un sal\u00f3n de empleo que re\u00fane presencialmente a m\u00e1s de treinta empresas en el Gran Hotel de Zaragoza. Adem\u00e1s, otra treintena de firmas participan de modo on line. Pilar Alegr\u00eda ha destacado la \u201csolvencia\u201d de","inLanguage":"es-ES","isPartOf":{"@id":"https:\/\/www.eldigitaldeasturias.com\/noticias\/#website"},"breadcrumb":{"@id":"https:\/\/www.eldigitaldeasturias.com\/noticias\/pilar-alegria-visita-kuhnel-talent-day\/#breadcrumblist"},"author":{"@id":"https:\/\/www.eldigitaldeasturias.com\/noticias\/author\/admin\/#author"},"creator":{"@id":"https:\/\/www.eldigitaldeasturias.com\/noticias\/author\/admin\/#author"},"image":{"@type":"ImageObject","url":978705,"@id":"https:\/\/www.eldigitaldeasturias.com\/noticias\/pilar-alegria-visita-kuhnel-talent-day\/#mainImage"},"primaryImageOfPage":{"@id":"https:\/\/www.eldigitaldeasturias.com\/noticias\/pilar-alegria-visita-kuhnel-talent-day\/#mainImage"},"datePublished":"2018-05-03T19:15:03+02:00","dateModified":"2018-05-03T19:15:03+02:00"},{"@type":"WebSite","@id":"https:\/\/www.eldigitaldeasturias.com\/noticias\/#website","url":"https:\/\/www.eldigitaldeasturias.com\/noticias\/","name":"El Digital de Asturias - Diario de actualidad y noticias","alternateName":"El Digital de Asturias - Diario de actualidad y noticias","description":"Hemeroteca","inLanguage":"es-ES","publisher":{"@id":"https:\/\/www.eldigitaldeasturias.com\/noticias\/#organization"}}]},"og:locale":"es_ES","og:site_name":"El Digital de Asturias","og:type":"article","og:title":"Pilar Alegr\u00eda visita \u201cK\u00fchnel Talent Day\u201d - El Digital de Asturias","og:description":"La consejera de Innovaci\u00f3n, Investigaci\u00f3n y Universidad, Pilar Alegr\u00eda, ha participado hoy en la XIII edici\u00f3n de K\u00fchnel Talent Day, un sal\u00f3n de empleo que re\u00fane presencialmente a m\u00e1s de treinta empresas en el Gran Hotel de Zaragoza. Adem\u00e1s, otra treintena de firmas participan de modo on line. Pilar Alegr\u00eda ha destacado la \u201csolvencia\u201d de","og:url":"https:\/\/www.eldigitaldeasturias.com\/noticias\/pilar-alegria-visita-kuhnel-talent-day\/","article:tag":["actualidad"],"article:published_time":"2018-05-03T19:15:03+00:00","article:modified_time":"2018-05-03T19:15:03+00:00","article:publisher":"https:\/\/facebook.com\/eldigitaldeasturias","twitter:card":"summary_large_image","twitter:title":"Pilar Alegr\u00eda visita \u201cK\u00fchnel Talent Day\u201d - El Digital de Asturias","twitter:description":"La consejera de Innovaci\u00f3n, Investigaci\u00f3n y Universidad, Pilar Alegr\u00eda, ha participado hoy en la XIII edici\u00f3n de K\u00fchnel Talent Day, un sal\u00f3n de empleo que re\u00fane presencialmente a m\u00e1s de treinta empresas en el Gran Hotel de Zaragoza. Adem\u00e1s, otra treintena de firmas participan de modo on line. Pilar Alegr\u00eda ha destacado la \u201csolvencia\u201d de","twitter:image":"https:\/\/www.eldigitaldeasturias.com\/noticias\/wp-content\/uploads\/2020\/12\/EDA-1.jpg","twitter:label1":"Escrito por","twitter:data1":"El Digital de Asturias","twitter:label2":"Tiempo de lectura estimado","twitter:data2":"1 minuto"},"aioseo_meta_data":{"post_id":"978704","title":null,"description":null,"keywords":null,"keyphrases":null,"primary_term":null,"canonical_url":null,"og_title":null,"og_description":null,"og_object_type":"default","og_image_type":"default","og_image_url":null,"og_image_width":null,"og_image_height":null,"og_image_custom_url":null,"og_image_custom_fields":null,"og_video":null,"og_custom_url":null,"og_article_section":null,"og_article_tags":null,"twitter_use_og":false,"twitter_card":"default","twitter_image_type":"default","twitter_image_url":null,"twitter_image_custom_url":null,"twitter_image_custom_fields":null,"twitter_title":null,"twitter_description":null,"schema":{"blockGraphs":[],"customGraphs":[],"default":{"data":{"Article":[],"Course":[],"Dataset":[],"FAQPage":[],"Movie":[],"Person":[],"Product":[],"ProductReview":[],"Car":[],"Recipe":[],"Service":[],"SoftwareApplication":[],"WebPage":[]},"graphName":"","isEnabled":true},"graphs":[],"defaultGraph":"","defaultPostTypeGraph":""},"schema_type":null,"schema_type_options":null,"pillar_content":false,"robots_default":true,"robots_noindex":false,"robots_noarchive":false,"robots_nosnippet":false,"robots_nofollow":false,"robots_noimageindex":false,"robots_noodp":false,"robots_notranslate":false,"robots_max_snippet":null,"robots_max_videopreview":null,"robots_max_imagepreview":"large","priority":null,"frequency":null,"local_seo":null,"seo_analyzer_scan_date":"2025-10-08 11:46:06","breadcrumb_settings":null,"limit_modified_date":false,"open_ai":null,"ai":null,"created":"2020-12-21 12:01:37","updated":"2025-10-08 11:46:06","focus_keyword":null,"additional_keywords":null,"truseo_locale":null},"aioseo_breadcrumb":"<div class=\"aioseo-breadcrumbs\"><span class=\"aioseo-breadcrumb\">\n\t<a href=\"https:\/\/www.eldigitaldeasturias.com\/noticias\" title=\"Home\">Home<\/a>\n<\/span><span class=\"aioseo-breadcrumb-separator\">\u2013<\/span><span class=\"aioseo-breadcrumb\">\n\t<a href=\"https:\/\/www.eldigitaldeasturias.com\/noticias\/category\/actualidad\/\" title=\"Actualidad\">Actualidad<\/a>\n<\/span><span class=\"aioseo-breadcrumb-separator\">\u2013<\/span><span class=\"aioseo-breadcrumb\">\n\t<a href=\"https:\/\/www.eldigitaldeasturias.com\/noticias\/pilar-alegria-visita-kuhnel-talent-day\/\" title=\"Pilar Alegr\u00eda visita \u201cK\u00fchnel Talent Day\u201d\">Pilar Alegr\u00eda visita \u201cK\u00fchnel Talent Day\u201d<\/a>\n<\/span><\/div>","aioseo_breadcrumb_json":[{"label":"Home","link":"https:\/\/www.eldigitaldeasturias.com\/noticias"},{"label":"Actualidad","link":"https:\/\/www.eldigitaldeasturias.com\/noticias\/category\/actualidad\/"},{"label":"Pilar Alegr\u00eda visita \u201cK\u00fchnel Talent Day\u201d","link":"https:\/\/www.eldigitaldeasturias.com\/noticias\/pilar-alegria-visita-kuhnel-talent-day\/"}],"_links":{"self":[{"href":"https:\/\/www.eldigitaldeasturias.com\/noticias\/wp-json\/wp\/v2\/posts\/978704","targetHints":{"allow":["GET"]}}],"collection":[{"href":"https:\/\/www.eldigitaldeasturias.com\/noticias\/wp-json\/wp\/v2\/posts"}],"about":[{"href":"https:\/\/www.eldigitaldeasturias.com\/noticias\/wp-json\/wp\/v2\/types\/post"}],"author":[{"embeddable":true,"href":"https:\/\/www.eldigitaldeasturias.com\/noticias\/wp-json\/wp\/v2\/users\/1"}],"replies":[{"embeddable":true,"href":"https:\/\/www.eldigitaldeasturias.com\/noticias\/wp-json\/wp\/v2\/comments?post=978704"}],"version-history":[{"count":0,"href":"https:\/\/www.eldigitaldeasturias.com\/noticias\/wp-json\/wp\/v2\/posts\/978704\/revisions"}],"wp:attachment":[{"href":"https:\/\/www.eldigitaldeasturias.com\/noticias\/wp-json\/wp\/v2\/media?parent=978704"}],"wp:term":[{"taxonomy":"category","embeddable":true,"href":"https:\/\/www.eldigitaldeasturias.com\/noticias\/wp-json\/wp\/v2\/categories?post=978704"},{"taxonomy":"post_tag","embeddable":true,"href":"https:\/\/www.eldigitaldeasturias.com\/noticias\/wp-json\/wp\/v2\/tags?post=978704"}],"curies":[{"name":"wp","href":"https:\/\/api.w.org\/{rel}","templated":true}]}}