{"id":978701,"date":"2018-05-03T19:11:01","date_gmt":"2018-05-03T19:11:01","guid":{"rendered":"http:\/\/www.eldigitaldeasturias.com\/noticias\/?p=978701"},"modified":"2018-05-03T19:11:01","modified_gmt":"2018-05-03T19:11:01","slug":"comienza-la-cuarta-edicion-de-mentorizaje","status":"publish","type":"post","link":"https:\/\/www.eldigitaldeasturias.com\/noticias\/comienza-la-cuarta-edicion-de-mentorizaje\/","title":{"rendered":"Comienza la cuarta edici\u00f3n de MentorizAJE"},"content":{"rendered":"<p><img loading=\"lazy\" decoding=\"async\" class=\"alignleft size-medium wp-image-978702\" src=\"https:\/\/www.eldigitaldeasturias.com\/noticias\/wp-content\/uploads\/2018\/05\/20180503_141208-360x159.jpg\" alt=\"\" width=\"360\" height=\"159\" \/>El Instituto Aragon\u00e9s de Empleo (INAEM) y la Asociaci\u00f3n de J\u00f3venes Empresarios (AJE) han puesto en marcha la cuarta edici\u00f3n del programa MentorizAJE. La consejera de Econom\u00eda, Industria y Empleo, Marta Gast\u00f3n, ha inaugurado este jueves la jornada con la que comienza la cuarta edici\u00f3n de este programa que permite que j\u00f3venes empresarios reciban tutorizaci\u00f3n y entrenamiento de manos de reconocidos empresarios de nuestra Comunidad Aut\u00f3noma. Este a\u00f1o, 36 j\u00f3venes empresarios y 32 empresas consolidadas se han sumado a esta iniciativa.<\/p>\n<p>\u201cLa gente con talento de nuestro territorio se preocupa no solo de sus proyectos, sino que, adem\u00e1s y de forma generosa, lleva a cabo iniciativas para respaldar a quien quiere emprender y est\u00e1 dando los primeros pasos\u201d, ha subrayado Gast\u00f3n. La consejera de Econom\u00eda, Industria y Empleo ha agradecido la implicaci\u00f3n de las empresas aragonesas que \u201cuna vez m\u00e1s brindan su saber hacer y toda su experiencia\u201d para tutorizar a los que j\u00f3venes empresarios cuyos proyectos acaban \u201caportando riqueza y empleo en nuestra Comunidad\u201d.<\/p>\n<p>Marta Gast\u00f3n ha asegurado que la Asociaci\u00f3n de J\u00f3venes Empresarios va a continuar contando con el apoyo del Gobierno de Arag\u00f3n en \u201cesta iniciativa y en todas aquellas que benefician a la sociedad en su conjunto\u201d y ha recordado que el ejecutivo auton\u00f3mico trabaja con el objetivo de apoyar \u201cel emprendimiento y en especial el emprendimiento joven\u201d. En este sentido, ha recordado que, como ya anunci\u00f3 el Presidente de Arag\u00f3n, este pr\u00f3ximo martes se dar\u00e1 a conocer el texto del proyecto de Ley para el Fomento del Emprendimiento y el Trabajo Aut\u00f3nomo en Arag\u00f3n.<\/p>\n<p>Tras las palabras de la Consejera, 36 j\u00f3venes empresarios han participado en el \u201cElevator pitch\u201d en el que han tenido que describir su idea de negocio en tan solo 90 segundos para conseguir ser elegidos por un mentor. En esta edici\u00f3n, participan como mentores representantes de 32 empresas aragonesas. Entre ellas, figuran nombres como ARPA, BSH, DKV, Eboca, Futbol Emotion, HMY Yudigar S.L., Mann Hummel, Schmitz Cargobull Ib\u00e9rica o Mart\u00edn Mart\u00edn, entre otros.<\/p>\n<p>MentorizAJE es una herramienta destinada a desarrollar el potencial de los j\u00f3venes empresarios seleccionados desde AJE Zaragoza, basada en la transferencia de conocimientos y en el aprendizaje a trav\u00e9s de la experiencia. Todo ello dentro de un proceso predominantemente intuitivo en el que se establece una relaci\u00f3n personal y de confianza entre un tutor que gu\u00eda, estimula, desaf\u00eda y alienta al joven empresario seg\u00fan sus necesidades para que d\u00e9 lo mejor de s\u00ed mismo a nivel personal y profesional. De esta forma, la misi\u00f3n del mentor es compartir su experiencia y ayudar al joven empresario para potenciar el desarrollo de sus conocimientos y habilidades, mientras que el joven empresario le aporta una visi\u00f3n distinta del negocio en el que est\u00e1 trabajando, con ideas creativas e innovadoras.<\/p>\n","protected":false},"excerpt":{"rendered":"<p>El Instituto Aragon\u00e9s de Empleo (INAEM) y la Asociaci\u00f3n de J\u00f3venes Empresarios (AJE) han puesto en marcha la cuarta edici\u00f3n del programa MentorizAJE. La consejera de Econom\u00eda, Industria y Empleo, Marta Gast\u00f3n, ha inaugurado este jueves la jornada con la que comienza la cuarta edici\u00f3n de este programa que permite que j\u00f3venes empresarios reciban tutorizaci\u00f3n [&hellip;]<\/p>\n","protected":false},"author":1,"featured_media":978702,"comment_status":"closed","ping_status":"closed","sticky":false,"template":"","format":"standard","meta":{"footnotes":""},"categories":[1],"tags":[],"class_list":["post-978701","post","type-post","status-publish","format-standard","has-post-thumbnail","hentry","category-actualidad"],"aioseo_notices":[],"aioseo_head":"\n\t\t<!-- All in One SEO Pro 5.0.1 - aioseo.com -->\n\t<meta name=\"description\" content=\"El Instituto Aragon\u00e9s de Empleo (INAEM) y la Asociaci\u00f3n de J\u00f3venes Empresarios (AJE) han puesto en marcha la cuarta edici\u00f3n del programa MentorizAJE. La consejera de Econom\u00eda, Industria y Empleo, Marta Gast\u00f3n, ha inaugurado este jueves la jornada con la que comienza la cuarta edici\u00f3n de este programa que permite que j\u00f3venes empresarios reciban tutorizaci\u00f3n\" \/>\n\t<meta name=\"robots\" content=\"max-image-preview:large\" \/>\n\t<meta name=\"author\" content=\"El Digital de Asturias\"\/>\n\t<meta name=\"google-site-verification\" content=\"UA-38556648-1\" \/>\n\t<meta name=\"msvalidate.01\" content=\"7dfe9f3f1b24437ab69f4f2559babe99\" \/>\n\t<meta name=\"keywords\" content=\"actualidad\" \/>\n\t<link rel=\"canonical\" href=\"https:\/\/www.eldigitaldeasturias.com\/noticias\/comienza-la-cuarta-edicion-de-mentorizaje\/\" \/>\n\t<meta name=\"generator\" content=\"All in One SEO Pro (AIOSEO) 5.0.1\" \/>\n\t\t<meta property=\"og:locale\" content=\"es_ES\" \/>\n\t\t<meta property=\"og:site_name\" content=\"El Digital de Asturias\" \/>\n\t\t<meta property=\"og:type\" content=\"article\" \/>\n\t\t<meta property=\"og:title\" content=\"Comienza la cuarta edici\u00f3n de MentorizAJE - El Digital de Asturias\" \/>\n\t\t<meta property=\"og:description\" content=\"El Instituto Aragon\u00e9s de Empleo (INAEM) y la Asociaci\u00f3n de J\u00f3venes Empresarios (AJE) han puesto en marcha la cuarta edici\u00f3n del programa MentorizAJE. La consejera de Econom\u00eda, Industria y Empleo, Marta Gast\u00f3n, ha inaugurado este jueves la jornada con la que comienza la cuarta edici\u00f3n de este programa que permite que j\u00f3venes empresarios reciban tutorizaci\u00f3n\" \/>\n\t\t<meta property=\"og:url\" content=\"https:\/\/www.eldigitaldeasturias.com\/noticias\/comienza-la-cuarta-edicion-de-mentorizaje\/\" \/>\n\t\t<meta property=\"article:tag\" content=\"actualidad\" \/>\n\t\t<meta property=\"article:published_time\" content=\"2018-05-03T19:11:01+00:00\" \/>\n\t\t<meta property=\"article:modified_time\" content=\"2018-05-03T19:11:01+00:00\" \/>\n\t\t<meta property=\"article:publisher\" content=\"https:\/\/facebook.com\/eldigitaldeasturias\" \/>\n\t\t<meta name=\"twitter:card\" content=\"summary_large_image\" \/>\n\t\t<meta name=\"twitter:title\" content=\"Comienza la cuarta edici\u00f3n de MentorizAJE - El Digital de Asturias\" \/>\n\t\t<meta name=\"twitter:description\" content=\"El Instituto Aragon\u00e9s de Empleo (INAEM) y la Asociaci\u00f3n de J\u00f3venes Empresarios (AJE) han puesto en marcha la cuarta edici\u00f3n del programa MentorizAJE. La consejera de Econom\u00eda, Industria y Empleo, Marta Gast\u00f3n, ha inaugurado este jueves la jornada con la que comienza la cuarta edici\u00f3n de este programa que permite que j\u00f3venes empresarios reciban tutorizaci\u00f3n\" \/>\n\t\t<meta name=\"twitter:image\" content=\"https:\/\/www.eldigitaldeasturias.com\/noticias\/wp-content\/uploads\/2020\/12\/EDA-1.jpg\" \/>\n\t\t<meta name=\"twitter:label1\" content=\"Escrito por\" \/>\n\t\t<meta name=\"twitter:data1\" content=\"El Digital de Asturias\" \/>\n\t\t<meta name=\"twitter:label2\" content=\"Tiempo de lectura estimado\" \/>\n\t\t<meta name=\"twitter:data2\" content=\"2 minutos\" \/>\n\t\t<script type=\"application\/ld+json\" class=\"aioseo-schema\">\n\t\t\t{\"@context\":\"https:\\\/\\\/schema.org\",\"@graph\":[{\"@type\":\"BlogPosting\",\"@id\":\"https:\\\/\\\/www.eldigitaldeasturias.com\\\/noticias\\\/comienza-la-cuarta-edicion-de-mentorizaje\\\/#blogposting\",\"name\":\"Comienza la cuarta edici\\u00f3n de MentorizAJE - El Digital de Asturias\",\"headline\":\"Comienza la cuarta edici\\u00f3n de MentorizAJE\",\"author\":{\"@id\":\"https:\\\/\\\/www.eldigitaldeasturias.com\\\/noticias\\\/author\\\/admin\\\/#author\"},\"publisher\":{\"@id\":\"https:\\\/\\\/www.eldigitaldeasturias.com\\\/noticias\\\/#organization\"},\"image\":{\"@type\":\"ImageObject\",\"url\":978702},\"datePublished\":\"2018-05-03T19:11:01+02:00\",\"dateModified\":\"2018-05-03T19:11:01+02:00\",\"inLanguage\":\"es-ES\",\"mainEntityOfPage\":{\"@id\":\"https:\\\/\\\/www.eldigitaldeasturias.com\\\/noticias\\\/comienza-la-cuarta-edicion-de-mentorizaje\\\/#webpage\"},\"isPartOf\":{\"@id\":\"https:\\\/\\\/www.eldigitaldeasturias.com\\\/noticias\\\/comienza-la-cuarta-edicion-de-mentorizaje\\\/#webpage\"},\"articleSection\":\"Actualidad\"},{\"@type\":\"BreadcrumbList\",\"@id\":\"https:\\\/\\\/www.eldigitaldeasturias.com\\\/noticias\\\/comienza-la-cuarta-edicion-de-mentorizaje\\\/#breadcrumblist\",\"itemListElement\":[{\"@type\":\"ListItem\",\"@id\":\"https:\\\/\\\/www.eldigitaldeasturias.com\\\/noticias#listItem\",\"position\":1,\"name\":\"Home\",\"item\":\"https:\\\/\\\/www.eldigitaldeasturias.com\\\/noticias\",\"nextItem\":{\"@type\":\"ListItem\",\"@id\":\"https:\\\/\\\/www.eldigitaldeasturias.com\\\/noticias\\\/category\\\/actualidad\\\/#listItem\",\"name\":\"Actualidad\"}},{\"@type\":\"ListItem\",\"@id\":\"https:\\\/\\\/www.eldigitaldeasturias.com\\\/noticias\\\/category\\\/actualidad\\\/#listItem\",\"position\":2,\"name\":\"Actualidad\",\"item\":\"https:\\\/\\\/www.eldigitaldeasturias.com\\\/noticias\\\/category\\\/actualidad\\\/\",\"nextItem\":{\"@type\":\"ListItem\",\"@id\":\"https:\\\/\\\/www.eldigitaldeasturias.com\\\/noticias\\\/comienza-la-cuarta-edicion-de-mentorizaje\\\/#listItem\",\"name\":\"Comienza la cuarta edici\\u00f3n de MentorizAJE\"},\"previousItem\":{\"@type\":\"ListItem\",\"@id\":\"https:\\\/\\\/www.eldigitaldeasturias.com\\\/noticias#listItem\",\"name\":\"Home\"}},{\"@type\":\"ListItem\",\"@id\":\"https:\\\/\\\/www.eldigitaldeasturias.com\\\/noticias\\\/comienza-la-cuarta-edicion-de-mentorizaje\\\/#listItem\",\"position\":3,\"name\":\"Comienza la cuarta edici\\u00f3n de MentorizAJE\",\"previousItem\":{\"@type\":\"ListItem\",\"@id\":\"https:\\\/\\\/www.eldigitaldeasturias.com\\\/noticias\\\/category\\\/actualidad\\\/#listItem\",\"name\":\"Actualidad\"}}]},{\"@type\":\"Organization\",\"@id\":\"https:\\\/\\\/www.eldigitaldeasturias.com\\\/noticias\\\/#organization\",\"name\":\"El Digital de Asturias\",\"description\":\"Hemeroteca\",\"url\":\"https:\\\/\\\/www.eldigitaldeasturias.com\\\/noticias\\\/\",\"email\":\"info@eldigitaldeasturias.com\",\"telephone\":\"+34652131393\",\"logo\":{\"@type\":\"ImageObject\",\"url\":\"https:\\\/\\\/www.eldigitaldeasturias.com\\\/noticias\\\/wp-content\\\/uploads\\\/2020\\\/12\\\/EDA.jpg\",\"@id\":\"https:\\\/\\\/www.eldigitaldeasturias.com\\\/noticias\\\/comienza-la-cuarta-edicion-de-mentorizaje\\\/#organizationLogo\"},\"image\":{\"@id\":\"https:\\\/\\\/www.eldigitaldeasturias.com\\\/noticias\\\/comienza-la-cuarta-edicion-de-mentorizaje\\\/#organizationLogo\"},\"sameAs\":[\"https:\\\/\\\/facebook.com\\\/eldigitaldeasturias\",\"https:\\\/\\\/www.youtube.com\\\/channel\\\/UCZP-2wLEB9Rv6erhFmqVnvg\"],\"address\":{\"@id\":\"https:\\\/\\\/www.eldigitaldeasturias.com\\\/noticias\\\/#postaladdress\",\"@type\":\"PostalAddress\",\"streetAddress\":\"san antonio 4\",\"postalCode\":\"33430\",\"addressLocality\":\"Cand\\u00e1s\",\"addressRegion\":\"Asturias\",\"addressCountry\":\"ES\"}},{\"@type\":\"Person\",\"@id\":\"https:\\\/\\\/www.eldigitaldeasturias.com\\\/noticias\\\/author\\\/admin\\\/#author\",\"url\":\"https:\\\/\\\/www.eldigitaldeasturias.com\\\/noticias\\\/author\\\/admin\\\/\",\"name\":\"El Digital de Asturias\",\"image\":{\"@type\":\"ImageObject\",\"@id\":\"https:\\\/\\\/www.eldigitaldeasturias.com\\\/noticias\\\/comienza-la-cuarta-edicion-de-mentorizaje\\\/#authorImage\",\"url\":\"https:\\\/\\\/secure.gravatar.com\\\/avatar\\\/df2aeffc32bcd13f8d26072ef8a91b623d677766deac7f97ca815868cd41bf5e?s=96&d=mm&r=g\",\"width\":96,\"height\":96,\"caption\":\"El Digital de Asturias\"}},{\"@type\":\"WebPage\",\"@id\":\"https:\\\/\\\/www.eldigitaldeasturias.com\\\/noticias\\\/comienza-la-cuarta-edicion-de-mentorizaje\\\/#webpage\",\"url\":\"https:\\\/\\\/www.eldigitaldeasturias.com\\\/noticias\\\/comienza-la-cuarta-edicion-de-mentorizaje\\\/\",\"name\":\"Comienza la cuarta edici\\u00f3n de MentorizAJE - El Digital de Asturias\",\"description\":\"El Instituto Aragon\\u00e9s de Empleo (INAEM) y la Asociaci\\u00f3n de J\\u00f3venes Empresarios (AJE) han puesto en marcha la cuarta edici\\u00f3n del programa MentorizAJE. La consejera de Econom\\u00eda, Industria y Empleo, Marta Gast\\u00f3n, ha inaugurado este jueves la jornada con la que comienza la cuarta edici\\u00f3n de este programa que permite que j\\u00f3venes empresarios reciban tutorizaci\\u00f3n\",\"inLanguage\":\"es-ES\",\"isPartOf\":{\"@id\":\"https:\\\/\\\/www.eldigitaldeasturias.com\\\/noticias\\\/#website\"},\"breadcrumb\":{\"@id\":\"https:\\\/\\\/www.eldigitaldeasturias.com\\\/noticias\\\/comienza-la-cuarta-edicion-de-mentorizaje\\\/#breadcrumblist\"},\"author\":{\"@id\":\"https:\\\/\\\/www.eldigitaldeasturias.com\\\/noticias\\\/author\\\/admin\\\/#author\"},\"creator\":{\"@id\":\"https:\\\/\\\/www.eldigitaldeasturias.com\\\/noticias\\\/author\\\/admin\\\/#author\"},\"image\":{\"@type\":\"ImageObject\",\"url\":978702,\"@id\":\"https:\\\/\\\/www.eldigitaldeasturias.com\\\/noticias\\\/comienza-la-cuarta-edicion-de-mentorizaje\\\/#mainImage\"},\"primaryImageOfPage\":{\"@id\":\"https:\\\/\\\/www.eldigitaldeasturias.com\\\/noticias\\\/comienza-la-cuarta-edicion-de-mentorizaje\\\/#mainImage\"},\"datePublished\":\"2018-05-03T19:11:01+02:00\",\"dateModified\":\"2018-05-03T19:11:01+02:00\"},{\"@type\":\"WebSite\",\"@id\":\"https:\\\/\\\/www.eldigitaldeasturias.com\\\/noticias\\\/#website\",\"url\":\"https:\\\/\\\/www.eldigitaldeasturias.com\\\/noticias\\\/\",\"name\":\"El Digital de Asturias - Diario de actualidad y noticias\",\"alternateName\":\"El Digital de Asturias - Diario de actualidad y noticias\",\"description\":\"Hemeroteca\",\"inLanguage\":\"es-ES\",\"publisher\":{\"@id\":\"https:\\\/\\\/www.eldigitaldeasturias.com\\\/noticias\\\/#organization\"}}]}\n\t\t<\/script>\n\t\t<!-- All in One SEO Pro -->\r\n\t\t<title>Comienza la cuarta edici\u00f3n de MentorizAJE - El Digital de Asturias<\/title>\n\n","aioseo_head_json":{"title":"Comienza la cuarta edici\u00f3n de MentorizAJE - El Digital de Asturias","description":"El Instituto Aragon\u00e9s de Empleo (INAEM) y la Asociaci\u00f3n de J\u00f3venes Empresarios (AJE) han puesto en marcha la cuarta edici\u00f3n del programa MentorizAJE. La consejera de Econom\u00eda, Industria y Empleo, Marta Gast\u00f3n, ha inaugurado este jueves la jornada con la que comienza la cuarta edici\u00f3n de este programa que permite que j\u00f3venes empresarios reciban tutorizaci\u00f3n","canonical_url":"https:\/\/www.eldigitaldeasturias.com\/noticias\/comienza-la-cuarta-edicion-de-mentorizaje\/","robots":"max-image-preview:large","keywords":"actualidad","webmasterTools":{"google-site-verification":"UA-38556648-1","msvalidate.01":"7dfe9f3f1b24437ab69f4f2559babe99","miscellaneous":""},"schema":{"@context":"https:\/\/schema.org","@graph":[{"@type":"BlogPosting","@id":"https:\/\/www.eldigitaldeasturias.com\/noticias\/comienza-la-cuarta-edicion-de-mentorizaje\/#blogposting","name":"Comienza la cuarta edici\u00f3n de MentorizAJE - El Digital de Asturias","headline":"Comienza la cuarta edici\u00f3n de MentorizAJE","author":{"@id":"https:\/\/www.eldigitaldeasturias.com\/noticias\/author\/admin\/#author"},"publisher":{"@id":"https:\/\/www.eldigitaldeasturias.com\/noticias\/#organization"},"image":{"@type":"ImageObject","url":978702},"datePublished":"2018-05-03T19:11:01+02:00","dateModified":"2018-05-03T19:11:01+02:00","inLanguage":"es-ES","mainEntityOfPage":{"@id":"https:\/\/www.eldigitaldeasturias.com\/noticias\/comienza-la-cuarta-edicion-de-mentorizaje\/#webpage"},"isPartOf":{"@id":"https:\/\/www.eldigitaldeasturias.com\/noticias\/comienza-la-cuarta-edicion-de-mentorizaje\/#webpage"},"articleSection":"Actualidad"},{"@type":"BreadcrumbList","@id":"https:\/\/www.eldigitaldeasturias.com\/noticias\/comienza-la-cuarta-edicion-de-mentorizaje\/#breadcrumblist","itemListElement":[{"@type":"ListItem","@id":"https:\/\/www.eldigitaldeasturias.com\/noticias#listItem","position":1,"name":"Home","item":"https:\/\/www.eldigitaldeasturias.com\/noticias","nextItem":{"@type":"ListItem","@id":"https:\/\/www.eldigitaldeasturias.com\/noticias\/category\/actualidad\/#listItem","name":"Actualidad"}},{"@type":"ListItem","@id":"https:\/\/www.eldigitaldeasturias.com\/noticias\/category\/actualidad\/#listItem","position":2,"name":"Actualidad","item":"https:\/\/www.eldigitaldeasturias.com\/noticias\/category\/actualidad\/","nextItem":{"@type":"ListItem","@id":"https:\/\/www.eldigitaldeasturias.com\/noticias\/comienza-la-cuarta-edicion-de-mentorizaje\/#listItem","name":"Comienza la cuarta edici\u00f3n de MentorizAJE"},"previousItem":{"@type":"ListItem","@id":"https:\/\/www.eldigitaldeasturias.com\/noticias#listItem","name":"Home"}},{"@type":"ListItem","@id":"https:\/\/www.eldigitaldeasturias.com\/noticias\/comienza-la-cuarta-edicion-de-mentorizaje\/#listItem","position":3,"name":"Comienza la cuarta edici\u00f3n de MentorizAJE","previousItem":{"@type":"ListItem","@id":"https:\/\/www.eldigitaldeasturias.com\/noticias\/category\/actualidad\/#listItem","name":"Actualidad"}}]},{"@type":"Organization","@id":"https:\/\/www.eldigitaldeasturias.com\/noticias\/#organization","name":"El Digital de Asturias","description":"Hemeroteca","url":"https:\/\/www.eldigitaldeasturias.com\/noticias\/","email":"info@eldigitaldeasturias.com","telephone":"+34652131393","logo":{"@type":"ImageObject","url":"https:\/\/www.eldigitaldeasturias.com\/noticias\/wp-content\/uploads\/2020\/12\/EDA.jpg","@id":"https:\/\/www.eldigitaldeasturias.com\/noticias\/comienza-la-cuarta-edicion-de-mentorizaje\/#organizationLogo"},"image":{"@id":"https:\/\/www.eldigitaldeasturias.com\/noticias\/comienza-la-cuarta-edicion-de-mentorizaje\/#organizationLogo"},"sameAs":["https:\/\/facebook.com\/eldigitaldeasturias","https:\/\/www.youtube.com\/channel\/UCZP-2wLEB9Rv6erhFmqVnvg"],"address":{"@id":"https:\/\/www.eldigitaldeasturias.com\/noticias\/#postaladdress","@type":"PostalAddress","streetAddress":"san antonio 4","postalCode":"33430","addressLocality":"Cand\u00e1s","addressRegion":"Asturias","addressCountry":"ES"}},{"@type":"Person","@id":"https:\/\/www.eldigitaldeasturias.com\/noticias\/author\/admin\/#author","url":"https:\/\/www.eldigitaldeasturias.com\/noticias\/author\/admin\/","name":"El Digital de Asturias","image":{"@type":"ImageObject","@id":"https:\/\/www.eldigitaldeasturias.com\/noticias\/comienza-la-cuarta-edicion-de-mentorizaje\/#authorImage","url":"https:\/\/secure.gravatar.com\/avatar\/df2aeffc32bcd13f8d26072ef8a91b623d677766deac7f97ca815868cd41bf5e?s=96&d=mm&r=g","width":96,"height":96,"caption":"El Digital de Asturias"}},{"@type":"WebPage","@id":"https:\/\/www.eldigitaldeasturias.com\/noticias\/comienza-la-cuarta-edicion-de-mentorizaje\/#webpage","url":"https:\/\/www.eldigitaldeasturias.com\/noticias\/comienza-la-cuarta-edicion-de-mentorizaje\/","name":"Comienza la cuarta edici\u00f3n de MentorizAJE - El Digital de Asturias","description":"El Instituto Aragon\u00e9s de Empleo (INAEM) y la Asociaci\u00f3n de J\u00f3venes Empresarios (AJE) han puesto en marcha la cuarta edici\u00f3n del programa MentorizAJE. La consejera de Econom\u00eda, Industria y Empleo, Marta Gast\u00f3n, ha inaugurado este jueves la jornada con la que comienza la cuarta edici\u00f3n de este programa que permite que j\u00f3venes empresarios reciban tutorizaci\u00f3n","inLanguage":"es-ES","isPartOf":{"@id":"https:\/\/www.eldigitaldeasturias.com\/noticias\/#website"},"breadcrumb":{"@id":"https:\/\/www.eldigitaldeasturias.com\/noticias\/comienza-la-cuarta-edicion-de-mentorizaje\/#breadcrumblist"},"author":{"@id":"https:\/\/www.eldigitaldeasturias.com\/noticias\/author\/admin\/#author"},"creator":{"@id":"https:\/\/www.eldigitaldeasturias.com\/noticias\/author\/admin\/#author"},"image":{"@type":"ImageObject","url":978702,"@id":"https:\/\/www.eldigitaldeasturias.com\/noticias\/comienza-la-cuarta-edicion-de-mentorizaje\/#mainImage"},"primaryImageOfPage":{"@id":"https:\/\/www.eldigitaldeasturias.com\/noticias\/comienza-la-cuarta-edicion-de-mentorizaje\/#mainImage"},"datePublished":"2018-05-03T19:11:01+02:00","dateModified":"2018-05-03T19:11:01+02:00"},{"@type":"WebSite","@id":"https:\/\/www.eldigitaldeasturias.com\/noticias\/#website","url":"https:\/\/www.eldigitaldeasturias.com\/noticias\/","name":"El Digital de Asturias - Diario de actualidad y noticias","alternateName":"El Digital de Asturias - Diario de actualidad y noticias","description":"Hemeroteca","inLanguage":"es-ES","publisher":{"@id":"https:\/\/www.eldigitaldeasturias.com\/noticias\/#organization"}}]},"og:locale":"es_ES","og:site_name":"El Digital de Asturias","og:type":"article","og:title":"Comienza la cuarta edici\u00f3n de MentorizAJE - El Digital de Asturias","og:description":"El Instituto Aragon\u00e9s de Empleo (INAEM) y la Asociaci\u00f3n de J\u00f3venes Empresarios (AJE) han puesto en marcha la cuarta edici\u00f3n del programa MentorizAJE. La consejera de Econom\u00eda, Industria y Empleo, Marta Gast\u00f3n, ha inaugurado este jueves la jornada con la que comienza la cuarta edici\u00f3n de este programa que permite que j\u00f3venes empresarios reciban tutorizaci\u00f3n","og:url":"https:\/\/www.eldigitaldeasturias.com\/noticias\/comienza-la-cuarta-edicion-de-mentorizaje\/","article:tag":["actualidad"],"article:published_time":"2018-05-03T19:11:01+00:00","article:modified_time":"2018-05-03T19:11:01+00:00","article:publisher":"https:\/\/facebook.com\/eldigitaldeasturias","twitter:card":"summary_large_image","twitter:title":"Comienza la cuarta edici\u00f3n de MentorizAJE - El Digital de Asturias","twitter:description":"El Instituto Aragon\u00e9s de Empleo (INAEM) y la Asociaci\u00f3n de J\u00f3venes Empresarios (AJE) han puesto en marcha la cuarta edici\u00f3n del programa MentorizAJE. La consejera de Econom\u00eda, Industria y Empleo, Marta Gast\u00f3n, ha inaugurado este jueves la jornada con la que comienza la cuarta edici\u00f3n de este programa que permite que j\u00f3venes empresarios reciban tutorizaci\u00f3n","twitter:image":"https:\/\/www.eldigitaldeasturias.com\/noticias\/wp-content\/uploads\/2020\/12\/EDA-1.jpg","twitter:label1":"Escrito por","twitter:data1":"El Digital de Asturias","twitter:label2":"Tiempo de lectura estimado","twitter:data2":"2 minutos"},"aioseo_meta_data":{"post_id":"978701","title":null,"description":null,"keywords":null,"keyphrases":null,"primary_term":null,"canonical_url":null,"og_title":null,"og_description":null,"og_object_type":"default","og_image_type":"default","og_image_url":null,"og_image_width":null,"og_image_height":null,"og_image_custom_url":null,"og_image_custom_fields":null,"og_video":null,"og_custom_url":null,"og_article_section":null,"og_article_tags":null,"twitter_use_og":false,"twitter_card":"default","twitter_image_type":"default","twitter_image_url":null,"twitter_image_custom_url":null,"twitter_image_custom_fields":null,"twitter_title":null,"twitter_description":null,"schema":{"blockGraphs":[],"customGraphs":[],"default":{"data":{"Article":[],"Course":[],"Dataset":[],"FAQPage":[],"Movie":[],"Person":[],"Product":[],"ProductReview":[],"Car":[],"Recipe":[],"Service":[],"SoftwareApplication":[],"WebPage":[]},"graphName":"","isEnabled":true},"graphs":[],"defaultGraph":"","defaultPostTypeGraph":""},"schema_type":null,"schema_type_options":null,"pillar_content":false,"robots_default":true,"robots_noindex":false,"robots_noarchive":false,"robots_nosnippet":false,"robots_nofollow":false,"robots_noimageindex":false,"robots_noodp":false,"robots_notranslate":false,"robots_max_snippet":null,"robots_max_videopreview":null,"robots_max_imagepreview":"large","priority":null,"frequency":null,"local_seo":null,"seo_analyzer_scan_date":"2025-10-08 11:46:06","breadcrumb_settings":null,"limit_modified_date":false,"open_ai":null,"ai":null,"created":"2020-12-21 12:01:37","updated":"2025-10-08 11:46:06","focus_keyword":null,"additional_keywords":null,"truseo_locale":null},"aioseo_breadcrumb":"<div class=\"aioseo-breadcrumbs\"><span class=\"aioseo-breadcrumb\">\n\t<a href=\"https:\/\/www.eldigitaldeasturias.com\/noticias\" title=\"Home\">Home<\/a>\n<\/span><span class=\"aioseo-breadcrumb-separator\">\u2013<\/span><span class=\"aioseo-breadcrumb\">\n\t<a href=\"https:\/\/www.eldigitaldeasturias.com\/noticias\/category\/actualidad\/\" title=\"Actualidad\">Actualidad<\/a>\n<\/span><span class=\"aioseo-breadcrumb-separator\">\u2013<\/span><span class=\"aioseo-breadcrumb\">\n\t<a href=\"https:\/\/www.eldigitaldeasturias.com\/noticias\/comienza-la-cuarta-edicion-de-mentorizaje\/\" title=\"Comienza la cuarta edici\u00f3n de MentorizAJE\">Comienza la cuarta edici\u00f3n de MentorizAJE<\/a>\n<\/span><\/div>","aioseo_breadcrumb_json":[{"label":"Home","link":"https:\/\/www.eldigitaldeasturias.com\/noticias"},{"label":"Actualidad","link":"https:\/\/www.eldigitaldeasturias.com\/noticias\/category\/actualidad\/"},{"label":"Comienza la cuarta edici\u00f3n de MentorizAJE","link":"https:\/\/www.eldigitaldeasturias.com\/noticias\/comienza-la-cuarta-edicion-de-mentorizaje\/"}],"_links":{"self":[{"href":"https:\/\/www.eldigitaldeasturias.com\/noticias\/wp-json\/wp\/v2\/posts\/978701","targetHints":{"allow":["GET"]}}],"collection":[{"href":"https:\/\/www.eldigitaldeasturias.com\/noticias\/wp-json\/wp\/v2\/posts"}],"about":[{"href":"https:\/\/www.eldigitaldeasturias.com\/noticias\/wp-json\/wp\/v2\/types\/post"}],"author":[{"embeddable":true,"href":"https:\/\/www.eldigitaldeasturias.com\/noticias\/wp-json\/wp\/v2\/users\/1"}],"replies":[{"embeddable":true,"href":"https:\/\/www.eldigitaldeasturias.com\/noticias\/wp-json\/wp\/v2\/comments?post=978701"}],"version-history":[{"count":0,"href":"https:\/\/www.eldigitaldeasturias.com\/noticias\/wp-json\/wp\/v2\/posts\/978701\/revisions"}],"wp:attachment":[{"href":"https:\/\/www.eldigitaldeasturias.com\/noticias\/wp-json\/wp\/v2\/media?parent=978701"}],"wp:term":[{"taxonomy":"category","embeddable":true,"href":"https:\/\/www.eldigitaldeasturias.com\/noticias\/wp-json\/wp\/v2\/categories?post=978701"},{"taxonomy":"post_tag","embeddable":true,"href":"https:\/\/www.eldigitaldeasturias.com\/noticias\/wp-json\/wp\/v2\/tags?post=978701"}],"curies":[{"name":"wp","href":"https:\/\/api.w.org\/{rel}","templated":true}]}}