{"id":978699,"date":"2018-05-03T19:06:54","date_gmt":"2018-05-03T19:06:54","guid":{"rendered":"http:\/\/www.eldigitaldeasturias.com\/noticias\/?p=978699"},"modified":"2018-05-03T19:06:54","modified_gmt":"2018-05-03T19:06:54","slug":"frank-walter-steinmeier-ensalza-la-figura-de-karl-marx","status":"publish","type":"post","link":"https:\/\/www.eldigitaldeasturias.com\/noticias\/frank-walter-steinmeier-ensalza-la-figura-de-karl-marx\/","title":{"rendered":"Frank-Walter Steinmeier ensalza la figura de Karl Marx"},"content":{"rendered":"<p><img loading=\"lazy\" decoding=\"async\" class=\"alignleft size-medium wp-image-970727\" src=\"https:\/\/www.eldigitaldeasturias.com\/noticias\/wp-content\/uploads\/2018\/03\/bundestag-2463231_1280-360x240.jpg\" alt=\"\" width=\"360\" height=\"240\" \/>Berl\u00edn, 3 May (dpa) &#8211; El presidente federal de Alemania, Frank-Walter Steinmeier, ensalz\u00f3 hoy la figura del fil\u00f3sofo y ide\u00f3logo revolucionario Karl Marx, al que calific\u00f3 de \u00abgran pensador alem\u00e1n\u00bb.<\/p>\n<p>Steinmeier hizo estas declaraciones durante una mesa redonda celebrada en el Palacio de Bellevue con motivo del bicentenario del nacimiento del autor de \u00abEl capital\u00bb, que se conmemora el pr\u00f3ximo s\u00e1bado 5 de mayo.<\/p>\n<p>Pese al abierto reconocimiento, el presidente alem\u00e1n tambi\u00e9n subray\u00f3 las contradicciones que rodean a la figura de Marx, al que consider\u00f3 un \u00abpensador categ\u00f3rico\u00bb, cuyas clasificaciones eran, por consiguiente, \u00abr\u00edgidas\u00bb.<\/p>\n<p>Seg\u00fan Steinmeier, el pensamiento de Marx estaba en concordancia con la realidad de su tiempo: \u00abLe preocupaba la superaci\u00f3n de la miseria de las masas, su liberaci\u00f3n de la pobreza y el paternalismo, y de la mano de hierro del estado autoritario\u00bb.<\/p>\n<p>El presidente federal apunt\u00f3 que la obra del fil\u00f3sofo est\u00e1 marcada por un apasionado humanismo que, sin embargo, no puede ser separada de sus consecuencias. \u00abNosotros, los alemanes, no deber\u00edamos elevar a Karl Marx ni desterrarlo de nuestra historia. No podemos tenerle miedo ni tampoco dedicarle estatuas de oro\u00bb, a\u00f1adi\u00f3.<\/p>\n<p>Karl Marx naci\u00f3 el 5 de mayo de 1818 en la ciudad alemana de Tr\u00e9veris. Con su \u00abManifiesto comunista\u00bb, que escribi\u00f3 a cuatro manos con Friedrich Engels, se convirti\u00f3 en el te\u00f3rico de referencia de los posteriores sistemas socialistas y comunistas.<\/p>\n","protected":false},"excerpt":{"rendered":"<p>Berl\u00edn, 3 May (dpa) &#8211; El presidente federal de Alemania, Frank-Walter Steinmeier, ensalz\u00f3 hoy la figura del fil\u00f3sofo y ide\u00f3logo revolucionario Karl Marx, al que calific\u00f3 de \u00abgran pensador alem\u00e1n\u00bb. Steinmeier hizo estas declaraciones durante una mesa redonda celebrada en el Palacio de Bellevue con motivo del bicentenario del nacimiento del autor de \u00abEl capital\u00bb, [&hellip;]<\/p>\n","protected":false},"author":1,"featured_media":970727,"comment_status":"closed","ping_status":"closed","sticky":false,"template":"","format":"standard","meta":{"footnotes":""},"categories":[1],"tags":[],"class_list":["post-978699","post","type-post","status-publish","format-standard","has-post-thumbnail","hentry","category-actualidad"],"aioseo_notices":[],"aioseo_head":"\n\t\t<!-- All in One SEO Pro 5.0.1 - aioseo.com -->\n\t<meta name=\"description\" content=\"Berl\u00edn, 3 May (dpa) - El presidente federal de Alemania, Frank-Walter Steinmeier, ensalz\u00f3 hoy la figura del fil\u00f3sofo y ide\u00f3logo revolucionario Karl Marx, al que calific\u00f3 de &quot;gran pensador alem\u00e1n&quot;. Steinmeier hizo estas declaraciones durante una mesa redonda celebrada en el Palacio de Bellevue con motivo del bicentenario del nacimiento del autor de &quot;El capital&quot;,\" \/>\n\t<meta name=\"robots\" content=\"max-image-preview:large\" \/>\n\t<meta name=\"author\" content=\"El Digital de Asturias\"\/>\n\t<meta name=\"google-site-verification\" content=\"UA-38556648-1\" \/>\n\t<meta name=\"msvalidate.01\" content=\"7dfe9f3f1b24437ab69f4f2559babe99\" \/>\n\t<meta name=\"keywords\" content=\"actualidad\" \/>\n\t<link rel=\"canonical\" href=\"https:\/\/www.eldigitaldeasturias.com\/noticias\/frank-walter-steinmeier-ensalza-la-figura-de-karl-marx\/\" \/>\n\t<meta name=\"generator\" content=\"All in One SEO Pro (AIOSEO) 5.0.1\" \/>\n\t\t<meta property=\"og:locale\" content=\"es_ES\" \/>\n\t\t<meta property=\"og:site_name\" content=\"El Digital de Asturias\" \/>\n\t\t<meta property=\"og:type\" content=\"article\" \/>\n\t\t<meta property=\"og:title\" content=\"Frank-Walter Steinmeier ensalza la figura de Karl Marx - El Digital de Asturias\" \/>\n\t\t<meta property=\"og:description\" content=\"Berl\u00edn, 3 May (dpa) - El presidente federal de Alemania, Frank-Walter Steinmeier, ensalz\u00f3 hoy la figura del fil\u00f3sofo y ide\u00f3logo revolucionario Karl Marx, al que calific\u00f3 de &quot;gran pensador alem\u00e1n&quot;. Steinmeier hizo estas declaraciones durante una mesa redonda celebrada en el Palacio de Bellevue con motivo del bicentenario del nacimiento del autor de &quot;El capital&quot;,\" \/>\n\t\t<meta property=\"og:url\" content=\"https:\/\/www.eldigitaldeasturias.com\/noticias\/frank-walter-steinmeier-ensalza-la-figura-de-karl-marx\/\" \/>\n\t\t<meta property=\"article:tag\" content=\"actualidad\" \/>\n\t\t<meta property=\"article:published_time\" content=\"2018-05-03T19:06:54+00:00\" \/>\n\t\t<meta property=\"article:modified_time\" content=\"2018-05-03T19:06:54+00:00\" \/>\n\t\t<meta property=\"article:publisher\" content=\"https:\/\/facebook.com\/eldigitaldeasturias\" \/>\n\t\t<meta name=\"twitter:card\" content=\"summary_large_image\" \/>\n\t\t<meta name=\"twitter:title\" content=\"Frank-Walter Steinmeier ensalza la figura de Karl Marx - El Digital de Asturias\" \/>\n\t\t<meta name=\"twitter:description\" content=\"Berl\u00edn, 3 May (dpa) - El presidente federal de Alemania, Frank-Walter Steinmeier, ensalz\u00f3 hoy la figura del fil\u00f3sofo y ide\u00f3logo revolucionario Karl Marx, al que calific\u00f3 de &quot;gran pensador alem\u00e1n&quot;. Steinmeier hizo estas declaraciones durante una mesa redonda celebrada en el Palacio de Bellevue con motivo del bicentenario del nacimiento del autor de &quot;El capital&quot;,\" \/>\n\t\t<meta name=\"twitter:image\" content=\"https:\/\/www.eldigitaldeasturias.com\/noticias\/wp-content\/uploads\/2020\/12\/EDA-1.jpg\" \/>\n\t\t<meta name=\"twitter:label1\" content=\"Escrito por\" \/>\n\t\t<meta name=\"twitter:data1\" content=\"El Digital de Asturias\" \/>\n\t\t<meta name=\"twitter:label2\" content=\"Tiempo de lectura estimado\" \/>\n\t\t<meta name=\"twitter:data2\" content=\"1 minuto\" \/>\n\t\t<script type=\"application\/ld+json\" class=\"aioseo-schema\">\n\t\t\t{\"@context\":\"https:\\\/\\\/schema.org\",\"@graph\":[{\"@type\":\"BlogPosting\",\"@id\":\"https:\\\/\\\/www.eldigitaldeasturias.com\\\/noticias\\\/frank-walter-steinmeier-ensalza-la-figura-de-karl-marx\\\/#blogposting\",\"name\":\"Frank-Walter Steinmeier ensalza la figura de Karl Marx - El Digital de Asturias\",\"headline\":\"Frank-Walter Steinmeier ensalza la figura de Karl Marx\",\"author\":{\"@id\":\"https:\\\/\\\/www.eldigitaldeasturias.com\\\/noticias\\\/author\\\/admin\\\/#author\"},\"publisher\":{\"@id\":\"https:\\\/\\\/www.eldigitaldeasturias.com\\\/noticias\\\/#organization\"},\"image\":{\"@type\":\"ImageObject\",\"url\":970727},\"datePublished\":\"2018-05-03T19:06:54+02:00\",\"dateModified\":\"2018-05-03T19:06:54+02:00\",\"inLanguage\":\"es-ES\",\"mainEntityOfPage\":{\"@id\":\"https:\\\/\\\/www.eldigitaldeasturias.com\\\/noticias\\\/frank-walter-steinmeier-ensalza-la-figura-de-karl-marx\\\/#webpage\"},\"isPartOf\":{\"@id\":\"https:\\\/\\\/www.eldigitaldeasturias.com\\\/noticias\\\/frank-walter-steinmeier-ensalza-la-figura-de-karl-marx\\\/#webpage\"},\"articleSection\":\"Actualidad\"},{\"@type\":\"BreadcrumbList\",\"@id\":\"https:\\\/\\\/www.eldigitaldeasturias.com\\\/noticias\\\/frank-walter-steinmeier-ensalza-la-figura-de-karl-marx\\\/#breadcrumblist\",\"itemListElement\":[{\"@type\":\"ListItem\",\"@id\":\"https:\\\/\\\/www.eldigitaldeasturias.com\\\/noticias#listItem\",\"position\":1,\"name\":\"Home\",\"item\":\"https:\\\/\\\/www.eldigitaldeasturias.com\\\/noticias\",\"nextItem\":{\"@type\":\"ListItem\",\"@id\":\"https:\\\/\\\/www.eldigitaldeasturias.com\\\/noticias\\\/category\\\/actualidad\\\/#listItem\",\"name\":\"Actualidad\"}},{\"@type\":\"ListItem\",\"@id\":\"https:\\\/\\\/www.eldigitaldeasturias.com\\\/noticias\\\/category\\\/actualidad\\\/#listItem\",\"position\":2,\"name\":\"Actualidad\",\"item\":\"https:\\\/\\\/www.eldigitaldeasturias.com\\\/noticias\\\/category\\\/actualidad\\\/\",\"nextItem\":{\"@type\":\"ListItem\",\"@id\":\"https:\\\/\\\/www.eldigitaldeasturias.com\\\/noticias\\\/frank-walter-steinmeier-ensalza-la-figura-de-karl-marx\\\/#listItem\",\"name\":\"Frank-Walter Steinmeier ensalza la figura de Karl Marx\"},\"previousItem\":{\"@type\":\"ListItem\",\"@id\":\"https:\\\/\\\/www.eldigitaldeasturias.com\\\/noticias#listItem\",\"name\":\"Home\"}},{\"@type\":\"ListItem\",\"@id\":\"https:\\\/\\\/www.eldigitaldeasturias.com\\\/noticias\\\/frank-walter-steinmeier-ensalza-la-figura-de-karl-marx\\\/#listItem\",\"position\":3,\"name\":\"Frank-Walter Steinmeier ensalza la figura de Karl Marx\",\"previousItem\":{\"@type\":\"ListItem\",\"@id\":\"https:\\\/\\\/www.eldigitaldeasturias.com\\\/noticias\\\/category\\\/actualidad\\\/#listItem\",\"name\":\"Actualidad\"}}]},{\"@type\":\"Organization\",\"@id\":\"https:\\\/\\\/www.eldigitaldeasturias.com\\\/noticias\\\/#organization\",\"name\":\"El Digital de Asturias\",\"description\":\"Hemeroteca\",\"url\":\"https:\\\/\\\/www.eldigitaldeasturias.com\\\/noticias\\\/\",\"email\":\"info@eldigitaldeasturias.com\",\"telephone\":\"+34652131393\",\"logo\":{\"@type\":\"ImageObject\",\"url\":\"https:\\\/\\\/www.eldigitaldeasturias.com\\\/noticias\\\/wp-content\\\/uploads\\\/2020\\\/12\\\/EDA.jpg\",\"@id\":\"https:\\\/\\\/www.eldigitaldeasturias.com\\\/noticias\\\/frank-walter-steinmeier-ensalza-la-figura-de-karl-marx\\\/#organizationLogo\"},\"image\":{\"@id\":\"https:\\\/\\\/www.eldigitaldeasturias.com\\\/noticias\\\/frank-walter-steinmeier-ensalza-la-figura-de-karl-marx\\\/#organizationLogo\"},\"sameAs\":[\"https:\\\/\\\/facebook.com\\\/eldigitaldeasturias\",\"https:\\\/\\\/www.youtube.com\\\/channel\\\/UCZP-2wLEB9Rv6erhFmqVnvg\"],\"address\":{\"@id\":\"https:\\\/\\\/www.eldigitaldeasturias.com\\\/noticias\\\/#postaladdress\",\"@type\":\"PostalAddress\",\"streetAddress\":\"san antonio 4\",\"postalCode\":\"33430\",\"addressLocality\":\"Cand\\u00e1s\",\"addressRegion\":\"Asturias\",\"addressCountry\":\"ES\"}},{\"@type\":\"Person\",\"@id\":\"https:\\\/\\\/www.eldigitaldeasturias.com\\\/noticias\\\/author\\\/admin\\\/#author\",\"url\":\"https:\\\/\\\/www.eldigitaldeasturias.com\\\/noticias\\\/author\\\/admin\\\/\",\"name\":\"El Digital de Asturias\",\"image\":{\"@type\":\"ImageObject\",\"@id\":\"https:\\\/\\\/www.eldigitaldeasturias.com\\\/noticias\\\/frank-walter-steinmeier-ensalza-la-figura-de-karl-marx\\\/#authorImage\",\"url\":\"https:\\\/\\\/secure.gravatar.com\\\/avatar\\\/df2aeffc32bcd13f8d26072ef8a91b623d677766deac7f97ca815868cd41bf5e?s=96&d=mm&r=g\",\"width\":96,\"height\":96,\"caption\":\"El Digital de Asturias\"}},{\"@type\":\"WebPage\",\"@id\":\"https:\\\/\\\/www.eldigitaldeasturias.com\\\/noticias\\\/frank-walter-steinmeier-ensalza-la-figura-de-karl-marx\\\/#webpage\",\"url\":\"https:\\\/\\\/www.eldigitaldeasturias.com\\\/noticias\\\/frank-walter-steinmeier-ensalza-la-figura-de-karl-marx\\\/\",\"name\":\"Frank-Walter Steinmeier ensalza la figura de Karl Marx - El Digital de Asturias\",\"description\":\"Berl\\u00edn, 3 May (dpa) - El presidente federal de Alemania, Frank-Walter Steinmeier, ensalz\\u00f3 hoy la figura del fil\\u00f3sofo y ide\\u00f3logo revolucionario Karl Marx, al que calific\\u00f3 de \\\"gran pensador alem\\u00e1n\\\". Steinmeier hizo estas declaraciones durante una mesa redonda celebrada en el Palacio de Bellevue con motivo del bicentenario del nacimiento del autor de \\\"El capital\\\",\",\"inLanguage\":\"es-ES\",\"isPartOf\":{\"@id\":\"https:\\\/\\\/www.eldigitaldeasturias.com\\\/noticias\\\/#website\"},\"breadcrumb\":{\"@id\":\"https:\\\/\\\/www.eldigitaldeasturias.com\\\/noticias\\\/frank-walter-steinmeier-ensalza-la-figura-de-karl-marx\\\/#breadcrumblist\"},\"author\":{\"@id\":\"https:\\\/\\\/www.eldigitaldeasturias.com\\\/noticias\\\/author\\\/admin\\\/#author\"},\"creator\":{\"@id\":\"https:\\\/\\\/www.eldigitaldeasturias.com\\\/noticias\\\/author\\\/admin\\\/#author\"},\"image\":{\"@type\":\"ImageObject\",\"url\":970727,\"@id\":\"https:\\\/\\\/www.eldigitaldeasturias.com\\\/noticias\\\/frank-walter-steinmeier-ensalza-la-figura-de-karl-marx\\\/#mainImage\"},\"primaryImageOfPage\":{\"@id\":\"https:\\\/\\\/www.eldigitaldeasturias.com\\\/noticias\\\/frank-walter-steinmeier-ensalza-la-figura-de-karl-marx\\\/#mainImage\"},\"datePublished\":\"2018-05-03T19:06:54+02:00\",\"dateModified\":\"2018-05-03T19:06:54+02:00\"},{\"@type\":\"WebSite\",\"@id\":\"https:\\\/\\\/www.eldigitaldeasturias.com\\\/noticias\\\/#website\",\"url\":\"https:\\\/\\\/www.eldigitaldeasturias.com\\\/noticias\\\/\",\"name\":\"El Digital de Asturias - Diario de actualidad y noticias\",\"alternateName\":\"El Digital de Asturias - Diario de actualidad y noticias\",\"description\":\"Hemeroteca\",\"inLanguage\":\"es-ES\",\"publisher\":{\"@id\":\"https:\\\/\\\/www.eldigitaldeasturias.com\\\/noticias\\\/#organization\"}}]}\n\t\t<\/script>\n\t\t<!-- All in One SEO Pro -->\r\n\t\t<title>Frank-Walter Steinmeier ensalza la figura de Karl Marx - El Digital de Asturias<\/title>\n\n","aioseo_head_json":{"title":"Frank-Walter Steinmeier ensalza la figura de Karl Marx - El Digital de Asturias","description":"Berl\u00edn, 3 May (dpa) - El presidente federal de Alemania, Frank-Walter Steinmeier, ensalz\u00f3 hoy la figura del fil\u00f3sofo y ide\u00f3logo revolucionario Karl Marx, al que calific\u00f3 de \"gran pensador alem\u00e1n\". Steinmeier hizo estas declaraciones durante una mesa redonda celebrada en el Palacio de Bellevue con motivo del bicentenario del nacimiento del autor de \"El capital\",","canonical_url":"https:\/\/www.eldigitaldeasturias.com\/noticias\/frank-walter-steinmeier-ensalza-la-figura-de-karl-marx\/","robots":"max-image-preview:large","keywords":"actualidad","webmasterTools":{"google-site-verification":"UA-38556648-1","msvalidate.01":"7dfe9f3f1b24437ab69f4f2559babe99","miscellaneous":""},"schema":{"@context":"https:\/\/schema.org","@graph":[{"@type":"BlogPosting","@id":"https:\/\/www.eldigitaldeasturias.com\/noticias\/frank-walter-steinmeier-ensalza-la-figura-de-karl-marx\/#blogposting","name":"Frank-Walter Steinmeier ensalza la figura de Karl Marx - El Digital de Asturias","headline":"Frank-Walter Steinmeier ensalza la figura de Karl Marx","author":{"@id":"https:\/\/www.eldigitaldeasturias.com\/noticias\/author\/admin\/#author"},"publisher":{"@id":"https:\/\/www.eldigitaldeasturias.com\/noticias\/#organization"},"image":{"@type":"ImageObject","url":970727},"datePublished":"2018-05-03T19:06:54+02:00","dateModified":"2018-05-03T19:06:54+02:00","inLanguage":"es-ES","mainEntityOfPage":{"@id":"https:\/\/www.eldigitaldeasturias.com\/noticias\/frank-walter-steinmeier-ensalza-la-figura-de-karl-marx\/#webpage"},"isPartOf":{"@id":"https:\/\/www.eldigitaldeasturias.com\/noticias\/frank-walter-steinmeier-ensalza-la-figura-de-karl-marx\/#webpage"},"articleSection":"Actualidad"},{"@type":"BreadcrumbList","@id":"https:\/\/www.eldigitaldeasturias.com\/noticias\/frank-walter-steinmeier-ensalza-la-figura-de-karl-marx\/#breadcrumblist","itemListElement":[{"@type":"ListItem","@id":"https:\/\/www.eldigitaldeasturias.com\/noticias#listItem","position":1,"name":"Home","item":"https:\/\/www.eldigitaldeasturias.com\/noticias","nextItem":{"@type":"ListItem","@id":"https:\/\/www.eldigitaldeasturias.com\/noticias\/category\/actualidad\/#listItem","name":"Actualidad"}},{"@type":"ListItem","@id":"https:\/\/www.eldigitaldeasturias.com\/noticias\/category\/actualidad\/#listItem","position":2,"name":"Actualidad","item":"https:\/\/www.eldigitaldeasturias.com\/noticias\/category\/actualidad\/","nextItem":{"@type":"ListItem","@id":"https:\/\/www.eldigitaldeasturias.com\/noticias\/frank-walter-steinmeier-ensalza-la-figura-de-karl-marx\/#listItem","name":"Frank-Walter Steinmeier ensalza la figura de Karl Marx"},"previousItem":{"@type":"ListItem","@id":"https:\/\/www.eldigitaldeasturias.com\/noticias#listItem","name":"Home"}},{"@type":"ListItem","@id":"https:\/\/www.eldigitaldeasturias.com\/noticias\/frank-walter-steinmeier-ensalza-la-figura-de-karl-marx\/#listItem","position":3,"name":"Frank-Walter Steinmeier ensalza la figura de Karl Marx","previousItem":{"@type":"ListItem","@id":"https:\/\/www.eldigitaldeasturias.com\/noticias\/category\/actualidad\/#listItem","name":"Actualidad"}}]},{"@type":"Organization","@id":"https:\/\/www.eldigitaldeasturias.com\/noticias\/#organization","name":"El Digital de Asturias","description":"Hemeroteca","url":"https:\/\/www.eldigitaldeasturias.com\/noticias\/","email":"info@eldigitaldeasturias.com","telephone":"+34652131393","logo":{"@type":"ImageObject","url":"https:\/\/www.eldigitaldeasturias.com\/noticias\/wp-content\/uploads\/2020\/12\/EDA.jpg","@id":"https:\/\/www.eldigitaldeasturias.com\/noticias\/frank-walter-steinmeier-ensalza-la-figura-de-karl-marx\/#organizationLogo"},"image":{"@id":"https:\/\/www.eldigitaldeasturias.com\/noticias\/frank-walter-steinmeier-ensalza-la-figura-de-karl-marx\/#organizationLogo"},"sameAs":["https:\/\/facebook.com\/eldigitaldeasturias","https:\/\/www.youtube.com\/channel\/UCZP-2wLEB9Rv6erhFmqVnvg"],"address":{"@id":"https:\/\/www.eldigitaldeasturias.com\/noticias\/#postaladdress","@type":"PostalAddress","streetAddress":"san antonio 4","postalCode":"33430","addressLocality":"Cand\u00e1s","addressRegion":"Asturias","addressCountry":"ES"}},{"@type":"Person","@id":"https:\/\/www.eldigitaldeasturias.com\/noticias\/author\/admin\/#author","url":"https:\/\/www.eldigitaldeasturias.com\/noticias\/author\/admin\/","name":"El Digital de Asturias","image":{"@type":"ImageObject","@id":"https:\/\/www.eldigitaldeasturias.com\/noticias\/frank-walter-steinmeier-ensalza-la-figura-de-karl-marx\/#authorImage","url":"https:\/\/secure.gravatar.com\/avatar\/df2aeffc32bcd13f8d26072ef8a91b623d677766deac7f97ca815868cd41bf5e?s=96&d=mm&r=g","width":96,"height":96,"caption":"El Digital de Asturias"}},{"@type":"WebPage","@id":"https:\/\/www.eldigitaldeasturias.com\/noticias\/frank-walter-steinmeier-ensalza-la-figura-de-karl-marx\/#webpage","url":"https:\/\/www.eldigitaldeasturias.com\/noticias\/frank-walter-steinmeier-ensalza-la-figura-de-karl-marx\/","name":"Frank-Walter Steinmeier ensalza la figura de Karl Marx - El Digital de Asturias","description":"Berl\u00edn, 3 May (dpa) - El presidente federal de Alemania, Frank-Walter Steinmeier, ensalz\u00f3 hoy la figura del fil\u00f3sofo y ide\u00f3logo revolucionario Karl Marx, al que calific\u00f3 de \"gran pensador alem\u00e1n\". Steinmeier hizo estas declaraciones durante una mesa redonda celebrada en el Palacio de Bellevue con motivo del bicentenario del nacimiento del autor de \"El capital\",","inLanguage":"es-ES","isPartOf":{"@id":"https:\/\/www.eldigitaldeasturias.com\/noticias\/#website"},"breadcrumb":{"@id":"https:\/\/www.eldigitaldeasturias.com\/noticias\/frank-walter-steinmeier-ensalza-la-figura-de-karl-marx\/#breadcrumblist"},"author":{"@id":"https:\/\/www.eldigitaldeasturias.com\/noticias\/author\/admin\/#author"},"creator":{"@id":"https:\/\/www.eldigitaldeasturias.com\/noticias\/author\/admin\/#author"},"image":{"@type":"ImageObject","url":970727,"@id":"https:\/\/www.eldigitaldeasturias.com\/noticias\/frank-walter-steinmeier-ensalza-la-figura-de-karl-marx\/#mainImage"},"primaryImageOfPage":{"@id":"https:\/\/www.eldigitaldeasturias.com\/noticias\/frank-walter-steinmeier-ensalza-la-figura-de-karl-marx\/#mainImage"},"datePublished":"2018-05-03T19:06:54+02:00","dateModified":"2018-05-03T19:06:54+02:00"},{"@type":"WebSite","@id":"https:\/\/www.eldigitaldeasturias.com\/noticias\/#website","url":"https:\/\/www.eldigitaldeasturias.com\/noticias\/","name":"El Digital de Asturias - Diario de actualidad y noticias","alternateName":"El Digital de Asturias - Diario de actualidad y noticias","description":"Hemeroteca","inLanguage":"es-ES","publisher":{"@id":"https:\/\/www.eldigitaldeasturias.com\/noticias\/#organization"}}]},"og:locale":"es_ES","og:site_name":"El Digital de Asturias","og:type":"article","og:title":"Frank-Walter Steinmeier ensalza la figura de Karl Marx - El Digital de Asturias","og:description":"Berl\u00edn, 3 May (dpa) - El presidente federal de Alemania, Frank-Walter Steinmeier, ensalz\u00f3 hoy la figura del fil\u00f3sofo y ide\u00f3logo revolucionario Karl Marx, al que calific\u00f3 de &quot;gran pensador alem\u00e1n&quot;. Steinmeier hizo estas declaraciones durante una mesa redonda celebrada en el Palacio de Bellevue con motivo del bicentenario del nacimiento del autor de &quot;El capital&quot;,","og:url":"https:\/\/www.eldigitaldeasturias.com\/noticias\/frank-walter-steinmeier-ensalza-la-figura-de-karl-marx\/","article:tag":["actualidad"],"article:published_time":"2018-05-03T19:06:54+00:00","article:modified_time":"2018-05-03T19:06:54+00:00","article:publisher":"https:\/\/facebook.com\/eldigitaldeasturias","twitter:card":"summary_large_image","twitter:title":"Frank-Walter Steinmeier ensalza la figura de Karl Marx - El Digital de Asturias","twitter:description":"Berl\u00edn, 3 May (dpa) - El presidente federal de Alemania, Frank-Walter Steinmeier, ensalz\u00f3 hoy la figura del fil\u00f3sofo y ide\u00f3logo revolucionario Karl Marx, al que calific\u00f3 de &quot;gran pensador alem\u00e1n&quot;. Steinmeier hizo estas declaraciones durante una mesa redonda celebrada en el Palacio de Bellevue con motivo del bicentenario del nacimiento del autor de &quot;El capital&quot;,","twitter:image":"https:\/\/www.eldigitaldeasturias.com\/noticias\/wp-content\/uploads\/2020\/12\/EDA-1.jpg","twitter:label1":"Escrito por","twitter:data1":"El Digital de Asturias","twitter:label2":"Tiempo de lectura estimado","twitter:data2":"1 minuto"},"aioseo_meta_data":{"post_id":"978699","title":null,"description":null,"keywords":null,"keyphrases":null,"primary_term":null,"canonical_url":null,"og_title":null,"og_description":null,"og_object_type":"default","og_image_type":"default","og_image_url":null,"og_image_width":null,"og_image_height":null,"og_image_custom_url":null,"og_image_custom_fields":null,"og_video":null,"og_custom_url":null,"og_article_section":null,"og_article_tags":null,"twitter_use_og":false,"twitter_card":"default","twitter_image_type":"default","twitter_image_url":null,"twitter_image_custom_url":null,"twitter_image_custom_fields":null,"twitter_title":null,"twitter_description":null,"schema":{"blockGraphs":[],"customGraphs":[],"default":{"data":{"Article":[],"Course":[],"Dataset":[],"FAQPage":[],"Movie":[],"Person":[],"Product":[],"ProductReview":[],"Car":[],"Recipe":[],"Service":[],"SoftwareApplication":[],"WebPage":[]},"graphName":"","isEnabled":true},"graphs":[],"defaultGraph":"","defaultPostTypeGraph":""},"schema_type":null,"schema_type_options":null,"pillar_content":false,"robots_default":true,"robots_noindex":false,"robots_noarchive":false,"robots_nosnippet":false,"robots_nofollow":false,"robots_noimageindex":false,"robots_noodp":false,"robots_notranslate":false,"robots_max_snippet":null,"robots_max_videopreview":null,"robots_max_imagepreview":"large","priority":null,"frequency":null,"local_seo":null,"seo_analyzer_scan_date":"2025-10-08 11:46:05","breadcrumb_settings":null,"limit_modified_date":false,"open_ai":null,"ai":null,"created":"2020-12-21 12:01:37","updated":"2025-10-08 11:46:05","focus_keyword":null,"additional_keywords":null,"truseo_locale":null},"aioseo_breadcrumb":"<div class=\"aioseo-breadcrumbs\"><span class=\"aioseo-breadcrumb\">\n\t<a href=\"https:\/\/www.eldigitaldeasturias.com\/noticias\" title=\"Home\">Home<\/a>\n<\/span><span class=\"aioseo-breadcrumb-separator\">\u2013<\/span><span class=\"aioseo-breadcrumb\">\n\t<a href=\"https:\/\/www.eldigitaldeasturias.com\/noticias\/category\/actualidad\/\" title=\"Actualidad\">Actualidad<\/a>\n<\/span><span class=\"aioseo-breadcrumb-separator\">\u2013<\/span><span class=\"aioseo-breadcrumb\">\n\t<a href=\"https:\/\/www.eldigitaldeasturias.com\/noticias\/frank-walter-steinmeier-ensalza-la-figura-de-karl-marx\/\" title=\"Frank-Walter Steinmeier ensalza la figura de Karl Marx\">Frank-Walter Steinmeier ensalza la figura de Karl Marx<\/a>\n<\/span><\/div>","aioseo_breadcrumb_json":[{"label":"Home","link":"https:\/\/www.eldigitaldeasturias.com\/noticias"},{"label":"Actualidad","link":"https:\/\/www.eldigitaldeasturias.com\/noticias\/category\/actualidad\/"},{"label":"Frank-Walter Steinmeier ensalza la figura de Karl Marx","link":"https:\/\/www.eldigitaldeasturias.com\/noticias\/frank-walter-steinmeier-ensalza-la-figura-de-karl-marx\/"}],"_links":{"self":[{"href":"https:\/\/www.eldigitaldeasturias.com\/noticias\/wp-json\/wp\/v2\/posts\/978699","targetHints":{"allow":["GET"]}}],"collection":[{"href":"https:\/\/www.eldigitaldeasturias.com\/noticias\/wp-json\/wp\/v2\/posts"}],"about":[{"href":"https:\/\/www.eldigitaldeasturias.com\/noticias\/wp-json\/wp\/v2\/types\/post"}],"author":[{"embeddable":true,"href":"https:\/\/www.eldigitaldeasturias.com\/noticias\/wp-json\/wp\/v2\/users\/1"}],"replies":[{"embeddable":true,"href":"https:\/\/www.eldigitaldeasturias.com\/noticias\/wp-json\/wp\/v2\/comments?post=978699"}],"version-history":[{"count":0,"href":"https:\/\/www.eldigitaldeasturias.com\/noticias\/wp-json\/wp\/v2\/posts\/978699\/revisions"}],"wp:attachment":[{"href":"https:\/\/www.eldigitaldeasturias.com\/noticias\/wp-json\/wp\/v2\/media?parent=978699"}],"wp:term":[{"taxonomy":"category","embeddable":true,"href":"https:\/\/www.eldigitaldeasturias.com\/noticias\/wp-json\/wp\/v2\/categories?post=978699"},{"taxonomy":"post_tag","embeddable":true,"href":"https:\/\/www.eldigitaldeasturias.com\/noticias\/wp-json\/wp\/v2\/tags?post=978699"}],"curies":[{"name":"wp","href":"https:\/\/api.w.org\/{rel}","templated":true}]}}