{"id":978694,"date":"2018-05-03T18:30:36","date_gmt":"2018-05-03T18:30:36","guid":{"rendered":"http:\/\/www.eldigitaldeasturias.com\/noticias\/?p=978694"},"modified":"2018-05-03T18:30:36","modified_gmt":"2018-05-03T18:30:36","slug":"aragon-pide-que-se-tenga-en-cuenta-a-las-comunidades-en-los-asuntos-europeos","status":"publish","type":"post","link":"https:\/\/www.eldigitaldeasturias.com\/noticias\/aragon-pide-que-se-tenga-en-cuenta-a-las-comunidades-en-los-asuntos-europeos\/","title":{"rendered":"Arag\u00f3n pide que se tenga en cuenta a las Comunidades en los asuntos europeos"},"content":{"rendered":"<p><img loading=\"lazy\" decoding=\"async\" class=\"alignleft size-medium wp-image-978695\" src=\"https:\/\/www.eldigitaldeasturias.com\/noticias\/wp-content\/uploads\/2018\/05\/IMG-20180503-360x159.jpg\" alt=\"\" width=\"360\" height=\"159\" \/>El director general de Relaciones Institucionales y Desarrollo Estatutario, Julio Embid, ha participado hoy en Madrid en la Comisi\u00f3n de Coordinadores de la Conferencia para Asuntos Relacionados con la Uni\u00f3n Europea (CARUE), donde ha manifestado la preocupaci\u00f3n de Arag\u00f3n por el hecho de no haber visto atendidas por ahora las sugerencias y aportaciones globales de las Comunidades Aut\u00f3nomas para reforzar su participaci\u00f3n en los asuntos europeos.<\/p>\n<p>La CARUE es un \u00f3rgano de cooperaci\u00f3n entre el Estado y las Comunidades Aut\u00f3nomas para articular adecuadamente la concurrencia de \u00e9stas en las cuestiones propias de su \u00e1mbito competencial en los asuntos comunitarios europeos. Est\u00e1 integrado por el Ministerio de la Presidencia y para las Administraciones Territoriales y los consejeros designados por cada Comunidad Aut\u00f3noma.<\/p>\n<p>La Conferencia se articula en torno a dos Comisiones. La primera, a la que ha asistido hoy Julio Embid, es la Comisi\u00f3n de Coordinadores, integrada por los directores generales de las CC.AA. junto al secretario de Estado para las Administraciones Territoriales, Roberto Berm\u00fadez de Castro -ausente en la reuni\u00f3n de hoy-, y el director general de Relaciones con las CC.AA. y Entes Locales del Ministerio de la Presidencia y para las Administraciones Territoriales, Enrique Lasso.<\/p>\n<p>La segunda es la Comisi\u00f3n de Representantes, integrada por los consejeros auton\u00f3micos y la vicepresidenta y ministra de la Presidencia y para las Administraciones Territoriales, Soraya S\u00e1enz de Santamar\u00eda, y el ministro de Asuntos Exteriores y Cooperaci\u00f3n, Alfonso Mar\u00eda Dastis.<\/p>\n<p>El grupo de trabajo formado por las CC.AA. y la Administraci\u00f3n del Estado se reactiv\u00f3 a principios del a\u00f1o pasado, a ra\u00edz de la \u00faltima Conferencia de Presidentes, entre otros objetivos para ganar eficacia y agilidad en la toma de decisiones sobre pol\u00edticas europeas, as\u00ed como en el reparto de los fondos de la Uni\u00f3n Europea destinados a las Comunidades Aut\u00f3nomas.<\/p>\n<p>Precisamente la Comisi\u00f3n de Coordinadores de la CARUE ha analizado hoy, entre otros asuntos, el documento de trabajo para la evaluaci\u00f3n de los acuerdos de participaci\u00f3n de las Comunidades Aut\u00f3nomas concretamente en el Consejo de Ministros de la Uni\u00f3n Europea, instituci\u00f3n comunitaria que comparte con el Parlamento Europeo funciones legislativa y presupuestaria y que define determinadas pol\u00edticas a instancias de la Comisi\u00f3n Europea, el \u00f3rgano ejecutivo de la UE.<\/p>\n<p>El representante de Arag\u00f3n ha expresado su preocupaci\u00f3n al no apreciar en el documento la reivindicaci\u00f3n general de las Comunidades espa\u00f1olas, con independencia de su color pol\u00edtico, de reforzar su participaci\u00f3n en la toma de decisiones en los \u00f3rganos de la Uni\u00f3n en los asuntos que les afectan.<\/p>\n<p>S\u00ed que han sido recogidas la mayor\u00eda de sugerencias espec\u00edficas que ha hecho Arag\u00f3n a lo largo de los \u00faltimos meses en el seno del grupo de trabajo de la CARUE desde el Departamento de Desarrollo Rural y Sostenibilidad y desde otras Consejer\u00edas como Sanidad y Deporte.<\/p>\n<p>Sin embargo, Julio Embid ha lamentado que no ocurra lo mismo con demandas generales que tambi\u00e9n comparte la Comunidad aragonesa como una presencia activa en los Consejos de Ministros de la UE, el conocimiento anticipado de las posiciones estatales sobre los asuntos a tratar a efectos de poder elaborar una Posici\u00f3n Com\u00fan y de la propia forma de elaboraci\u00f3n de las posiciones comunes del Estado.<\/p>\n<p>En este sentido, el director general de Relaciones Institucionales ha reiterado la lealtad institucional de Arag\u00f3n y su disposici\u00f3n absoluta a la colaboraci\u00f3n, si bien ha insistido junto a otros representantes auton\u00f3micos en la demanda general de que se facilite la intervenci\u00f3n de las Comunidades en el Consejo de Ministros de la UE, se refuerce su papel en la toma de decisiones en \u00e9ste y otros \u00f3rganos comunitarios, y que las CC.AA adquieran o ampl\u00eden su participaci\u00f3n en el Consejo sobre asuntos como Competitividad o Fondos de Cohesi\u00f3n.<\/p>\n<p>&nbsp;<\/p>\n","protected":false},"excerpt":{"rendered":"<p>El director general de Relaciones Institucionales y Desarrollo Estatutario, Julio Embid, ha participado hoy en Madrid en la Comisi\u00f3n de Coordinadores de la Conferencia para Asuntos Relacionados con la Uni\u00f3n Europea (CARUE), donde ha manifestado la preocupaci\u00f3n de Arag\u00f3n por el hecho de no haber visto atendidas por ahora las sugerencias y aportaciones globales de [&hellip;]<\/p>\n","protected":false},"author":1,"featured_media":978695,"comment_status":"closed","ping_status":"closed","sticky":false,"template":"","format":"standard","meta":{"footnotes":""},"categories":[1],"tags":[],"class_list":["post-978694","post","type-post","status-publish","format-standard","has-post-thumbnail","hentry","category-actualidad"],"aioseo_notices":[],"aioseo_head":"\n\t\t<!-- All in One SEO Pro 5.0.1 - aioseo.com -->\n\t<meta name=\"description\" content=\"El director general de Relaciones Institucionales y Desarrollo Estatutario, Julio Embid, ha participado hoy en Madrid en la Comisi\u00f3n de Coordinadores de la Conferencia para Asuntos Relacionados con la Uni\u00f3n Europea (CARUE), donde ha manifestado la preocupaci\u00f3n de Arag\u00f3n por el hecho de no haber visto atendidas por ahora las sugerencias y aportaciones globales de\" \/>\n\t<meta name=\"robots\" content=\"max-image-preview:large\" \/>\n\t<meta name=\"author\" content=\"El Digital de Asturias\"\/>\n\t<meta name=\"google-site-verification\" content=\"UA-38556648-1\" \/>\n\t<meta name=\"msvalidate.01\" content=\"7dfe9f3f1b24437ab69f4f2559babe99\" \/>\n\t<meta name=\"keywords\" content=\"actualidad\" \/>\n\t<link rel=\"canonical\" href=\"https:\/\/www.eldigitaldeasturias.com\/noticias\/aragon-pide-que-se-tenga-en-cuenta-a-las-comunidades-en-los-asuntos-europeos\/\" \/>\n\t<meta name=\"generator\" content=\"All in One SEO Pro (AIOSEO) 5.0.1\" \/>\n\t\t<meta property=\"og:locale\" content=\"es_ES\" \/>\n\t\t<meta property=\"og:site_name\" content=\"El Digital de Asturias\" \/>\n\t\t<meta property=\"og:type\" content=\"article\" \/>\n\t\t<meta property=\"og:title\" content=\"Arag\u00f3n pide que se tenga en cuenta a las Comunidades en los asuntos europeos - El Digital de Asturias\" \/>\n\t\t<meta property=\"og:description\" content=\"El director general de Relaciones Institucionales y Desarrollo Estatutario, Julio Embid, ha participado hoy en Madrid en la Comisi\u00f3n de Coordinadores de la Conferencia para Asuntos Relacionados con la Uni\u00f3n Europea (CARUE), donde ha manifestado la preocupaci\u00f3n de Arag\u00f3n por el hecho de no haber visto atendidas por ahora las sugerencias y aportaciones globales de\" \/>\n\t\t<meta property=\"og:url\" content=\"https:\/\/www.eldigitaldeasturias.com\/noticias\/aragon-pide-que-se-tenga-en-cuenta-a-las-comunidades-en-los-asuntos-europeos\/\" \/>\n\t\t<meta property=\"article:tag\" content=\"actualidad\" \/>\n\t\t<meta property=\"article:published_time\" content=\"2018-05-03T18:30:36+00:00\" \/>\n\t\t<meta property=\"article:modified_time\" content=\"2018-05-03T18:30:36+00:00\" \/>\n\t\t<meta property=\"article:publisher\" content=\"https:\/\/facebook.com\/eldigitaldeasturias\" \/>\n\t\t<meta name=\"twitter:card\" content=\"summary_large_image\" \/>\n\t\t<meta name=\"twitter:title\" content=\"Arag\u00f3n pide que se tenga en cuenta a las Comunidades en los asuntos europeos - El Digital de Asturias\" \/>\n\t\t<meta name=\"twitter:description\" content=\"El director general de Relaciones Institucionales y Desarrollo Estatutario, Julio Embid, ha participado hoy en Madrid en la Comisi\u00f3n de Coordinadores de la Conferencia para Asuntos Relacionados con la Uni\u00f3n Europea (CARUE), donde ha manifestado la preocupaci\u00f3n de Arag\u00f3n por el hecho de no haber visto atendidas por ahora las sugerencias y aportaciones globales de\" \/>\n\t\t<meta name=\"twitter:image\" content=\"https:\/\/www.eldigitaldeasturias.com\/noticias\/wp-content\/uploads\/2020\/12\/EDA-1.jpg\" \/>\n\t\t<meta name=\"twitter:label1\" content=\"Escrito por\" \/>\n\t\t<meta name=\"twitter:data1\" content=\"El Digital de Asturias\" \/>\n\t\t<meta name=\"twitter:label2\" content=\"Tiempo de lectura estimado\" \/>\n\t\t<meta name=\"twitter:data2\" content=\"3 minutos\" \/>\n\t\t<script type=\"application\/ld+json\" class=\"aioseo-schema\">\n\t\t\t{\"@context\":\"https:\\\/\\\/schema.org\",\"@graph\":[{\"@type\":\"BlogPosting\",\"@id\":\"https:\\\/\\\/www.eldigitaldeasturias.com\\\/noticias\\\/aragon-pide-que-se-tenga-en-cuenta-a-las-comunidades-en-los-asuntos-europeos\\\/#blogposting\",\"name\":\"Arag\\u00f3n pide que se tenga en cuenta a las Comunidades en los asuntos europeos - El Digital de Asturias\",\"headline\":\"Arag\\u00f3n pide que se tenga en cuenta a las Comunidades en los asuntos europeos\",\"author\":{\"@id\":\"https:\\\/\\\/www.eldigitaldeasturias.com\\\/noticias\\\/author\\\/admin\\\/#author\"},\"publisher\":{\"@id\":\"https:\\\/\\\/www.eldigitaldeasturias.com\\\/noticias\\\/#organization\"},\"image\":{\"@type\":\"ImageObject\",\"url\":978695},\"datePublished\":\"2018-05-03T18:30:36+02:00\",\"dateModified\":\"2018-05-03T18:30:36+02:00\",\"inLanguage\":\"es-ES\",\"mainEntityOfPage\":{\"@id\":\"https:\\\/\\\/www.eldigitaldeasturias.com\\\/noticias\\\/aragon-pide-que-se-tenga-en-cuenta-a-las-comunidades-en-los-asuntos-europeos\\\/#webpage\"},\"isPartOf\":{\"@id\":\"https:\\\/\\\/www.eldigitaldeasturias.com\\\/noticias\\\/aragon-pide-que-se-tenga-en-cuenta-a-las-comunidades-en-los-asuntos-europeos\\\/#webpage\"},\"articleSection\":\"Actualidad\"},{\"@type\":\"BreadcrumbList\",\"@id\":\"https:\\\/\\\/www.eldigitaldeasturias.com\\\/noticias\\\/aragon-pide-que-se-tenga-en-cuenta-a-las-comunidades-en-los-asuntos-europeos\\\/#breadcrumblist\",\"itemListElement\":[{\"@type\":\"ListItem\",\"@id\":\"https:\\\/\\\/www.eldigitaldeasturias.com\\\/noticias#listItem\",\"position\":1,\"name\":\"Home\",\"item\":\"https:\\\/\\\/www.eldigitaldeasturias.com\\\/noticias\",\"nextItem\":{\"@type\":\"ListItem\",\"@id\":\"https:\\\/\\\/www.eldigitaldeasturias.com\\\/noticias\\\/category\\\/actualidad\\\/#listItem\",\"name\":\"Actualidad\"}},{\"@type\":\"ListItem\",\"@id\":\"https:\\\/\\\/www.eldigitaldeasturias.com\\\/noticias\\\/category\\\/actualidad\\\/#listItem\",\"position\":2,\"name\":\"Actualidad\",\"item\":\"https:\\\/\\\/www.eldigitaldeasturias.com\\\/noticias\\\/category\\\/actualidad\\\/\",\"nextItem\":{\"@type\":\"ListItem\",\"@id\":\"https:\\\/\\\/www.eldigitaldeasturias.com\\\/noticias\\\/aragon-pide-que-se-tenga-en-cuenta-a-las-comunidades-en-los-asuntos-europeos\\\/#listItem\",\"name\":\"Arag\\u00f3n pide que se tenga en cuenta a las Comunidades en los asuntos europeos\"},\"previousItem\":{\"@type\":\"ListItem\",\"@id\":\"https:\\\/\\\/www.eldigitaldeasturias.com\\\/noticias#listItem\",\"name\":\"Home\"}},{\"@type\":\"ListItem\",\"@id\":\"https:\\\/\\\/www.eldigitaldeasturias.com\\\/noticias\\\/aragon-pide-que-se-tenga-en-cuenta-a-las-comunidades-en-los-asuntos-europeos\\\/#listItem\",\"position\":3,\"name\":\"Arag\\u00f3n pide que se tenga en cuenta a las Comunidades en los asuntos europeos\",\"previousItem\":{\"@type\":\"ListItem\",\"@id\":\"https:\\\/\\\/www.eldigitaldeasturias.com\\\/noticias\\\/category\\\/actualidad\\\/#listItem\",\"name\":\"Actualidad\"}}]},{\"@type\":\"Organization\",\"@id\":\"https:\\\/\\\/www.eldigitaldeasturias.com\\\/noticias\\\/#organization\",\"name\":\"El Digital de Asturias\",\"description\":\"Hemeroteca\",\"url\":\"https:\\\/\\\/www.eldigitaldeasturias.com\\\/noticias\\\/\",\"email\":\"info@eldigitaldeasturias.com\",\"telephone\":\"+34652131393\",\"logo\":{\"@type\":\"ImageObject\",\"url\":\"https:\\\/\\\/www.eldigitaldeasturias.com\\\/noticias\\\/wp-content\\\/uploads\\\/2020\\\/12\\\/EDA.jpg\",\"@id\":\"https:\\\/\\\/www.eldigitaldeasturias.com\\\/noticias\\\/aragon-pide-que-se-tenga-en-cuenta-a-las-comunidades-en-los-asuntos-europeos\\\/#organizationLogo\"},\"image\":{\"@id\":\"https:\\\/\\\/www.eldigitaldeasturias.com\\\/noticias\\\/aragon-pide-que-se-tenga-en-cuenta-a-las-comunidades-en-los-asuntos-europeos\\\/#organizationLogo\"},\"sameAs\":[\"https:\\\/\\\/facebook.com\\\/eldigitaldeasturias\",\"https:\\\/\\\/www.youtube.com\\\/channel\\\/UCZP-2wLEB9Rv6erhFmqVnvg\"],\"address\":{\"@id\":\"https:\\\/\\\/www.eldigitaldeasturias.com\\\/noticias\\\/#postaladdress\",\"@type\":\"PostalAddress\",\"streetAddress\":\"san antonio 4\",\"postalCode\":\"33430\",\"addressLocality\":\"Cand\\u00e1s\",\"addressRegion\":\"Asturias\",\"addressCountry\":\"ES\"}},{\"@type\":\"Person\",\"@id\":\"https:\\\/\\\/www.eldigitaldeasturias.com\\\/noticias\\\/author\\\/admin\\\/#author\",\"url\":\"https:\\\/\\\/www.eldigitaldeasturias.com\\\/noticias\\\/author\\\/admin\\\/\",\"name\":\"El Digital de Asturias\",\"image\":{\"@type\":\"ImageObject\",\"@id\":\"https:\\\/\\\/www.eldigitaldeasturias.com\\\/noticias\\\/aragon-pide-que-se-tenga-en-cuenta-a-las-comunidades-en-los-asuntos-europeos\\\/#authorImage\",\"url\":\"https:\\\/\\\/secure.gravatar.com\\\/avatar\\\/df2aeffc32bcd13f8d26072ef8a91b623d677766deac7f97ca815868cd41bf5e?s=96&d=mm&r=g\",\"width\":96,\"height\":96,\"caption\":\"El Digital de Asturias\"}},{\"@type\":\"WebPage\",\"@id\":\"https:\\\/\\\/www.eldigitaldeasturias.com\\\/noticias\\\/aragon-pide-que-se-tenga-en-cuenta-a-las-comunidades-en-los-asuntos-europeos\\\/#webpage\",\"url\":\"https:\\\/\\\/www.eldigitaldeasturias.com\\\/noticias\\\/aragon-pide-que-se-tenga-en-cuenta-a-las-comunidades-en-los-asuntos-europeos\\\/\",\"name\":\"Arag\\u00f3n pide que se tenga en cuenta a las Comunidades en los asuntos europeos - El Digital de Asturias\",\"description\":\"El director general de Relaciones Institucionales y Desarrollo Estatutario, Julio Embid, ha participado hoy en Madrid en la Comisi\\u00f3n de Coordinadores de la Conferencia para Asuntos Relacionados con la Uni\\u00f3n Europea (CARUE), donde ha manifestado la preocupaci\\u00f3n de Arag\\u00f3n por el hecho de no haber visto atendidas por ahora las sugerencias y aportaciones globales de\",\"inLanguage\":\"es-ES\",\"isPartOf\":{\"@id\":\"https:\\\/\\\/www.eldigitaldeasturias.com\\\/noticias\\\/#website\"},\"breadcrumb\":{\"@id\":\"https:\\\/\\\/www.eldigitaldeasturias.com\\\/noticias\\\/aragon-pide-que-se-tenga-en-cuenta-a-las-comunidades-en-los-asuntos-europeos\\\/#breadcrumblist\"},\"author\":{\"@id\":\"https:\\\/\\\/www.eldigitaldeasturias.com\\\/noticias\\\/author\\\/admin\\\/#author\"},\"creator\":{\"@id\":\"https:\\\/\\\/www.eldigitaldeasturias.com\\\/noticias\\\/author\\\/admin\\\/#author\"},\"image\":{\"@type\":\"ImageObject\",\"url\":978695,\"@id\":\"https:\\\/\\\/www.eldigitaldeasturias.com\\\/noticias\\\/aragon-pide-que-se-tenga-en-cuenta-a-las-comunidades-en-los-asuntos-europeos\\\/#mainImage\"},\"primaryImageOfPage\":{\"@id\":\"https:\\\/\\\/www.eldigitaldeasturias.com\\\/noticias\\\/aragon-pide-que-se-tenga-en-cuenta-a-las-comunidades-en-los-asuntos-europeos\\\/#mainImage\"},\"datePublished\":\"2018-05-03T18:30:36+02:00\",\"dateModified\":\"2018-05-03T18:30:36+02:00\"},{\"@type\":\"WebSite\",\"@id\":\"https:\\\/\\\/www.eldigitaldeasturias.com\\\/noticias\\\/#website\",\"url\":\"https:\\\/\\\/www.eldigitaldeasturias.com\\\/noticias\\\/\",\"name\":\"El Digital de Asturias - Diario de actualidad y noticias\",\"alternateName\":\"El Digital de Asturias - Diario de actualidad y noticias\",\"description\":\"Hemeroteca\",\"inLanguage\":\"es-ES\",\"publisher\":{\"@id\":\"https:\\\/\\\/www.eldigitaldeasturias.com\\\/noticias\\\/#organization\"}}]}\n\t\t<\/script>\n\t\t<!-- All in One SEO Pro -->\r\n\t\t<title>Arag\u00f3n pide que se tenga en cuenta a las Comunidades en los asuntos europeos - El Digital de Asturias<\/title>\n\n","aioseo_head_json":{"title":"Arag\u00f3n pide que se tenga en cuenta a las Comunidades en los asuntos europeos - El Digital de Asturias","description":"El director general de Relaciones Institucionales y Desarrollo Estatutario, Julio Embid, ha participado hoy en Madrid en la Comisi\u00f3n de Coordinadores de la Conferencia para Asuntos Relacionados con la Uni\u00f3n Europea (CARUE), donde ha manifestado la preocupaci\u00f3n de Arag\u00f3n por el hecho de no haber visto atendidas por ahora las sugerencias y aportaciones globales de","canonical_url":"https:\/\/www.eldigitaldeasturias.com\/noticias\/aragon-pide-que-se-tenga-en-cuenta-a-las-comunidades-en-los-asuntos-europeos\/","robots":"max-image-preview:large","keywords":"actualidad","webmasterTools":{"google-site-verification":"UA-38556648-1","msvalidate.01":"7dfe9f3f1b24437ab69f4f2559babe99","miscellaneous":""},"schema":{"@context":"https:\/\/schema.org","@graph":[{"@type":"BlogPosting","@id":"https:\/\/www.eldigitaldeasturias.com\/noticias\/aragon-pide-que-se-tenga-en-cuenta-a-las-comunidades-en-los-asuntos-europeos\/#blogposting","name":"Arag\u00f3n pide que se tenga en cuenta a las Comunidades en los asuntos europeos - El Digital de Asturias","headline":"Arag\u00f3n pide que se tenga en cuenta a las Comunidades en los asuntos europeos","author":{"@id":"https:\/\/www.eldigitaldeasturias.com\/noticias\/author\/admin\/#author"},"publisher":{"@id":"https:\/\/www.eldigitaldeasturias.com\/noticias\/#organization"},"image":{"@type":"ImageObject","url":978695},"datePublished":"2018-05-03T18:30:36+02:00","dateModified":"2018-05-03T18:30:36+02:00","inLanguage":"es-ES","mainEntityOfPage":{"@id":"https:\/\/www.eldigitaldeasturias.com\/noticias\/aragon-pide-que-se-tenga-en-cuenta-a-las-comunidades-en-los-asuntos-europeos\/#webpage"},"isPartOf":{"@id":"https:\/\/www.eldigitaldeasturias.com\/noticias\/aragon-pide-que-se-tenga-en-cuenta-a-las-comunidades-en-los-asuntos-europeos\/#webpage"},"articleSection":"Actualidad"},{"@type":"BreadcrumbList","@id":"https:\/\/www.eldigitaldeasturias.com\/noticias\/aragon-pide-que-se-tenga-en-cuenta-a-las-comunidades-en-los-asuntos-europeos\/#breadcrumblist","itemListElement":[{"@type":"ListItem","@id":"https:\/\/www.eldigitaldeasturias.com\/noticias#listItem","position":1,"name":"Home","item":"https:\/\/www.eldigitaldeasturias.com\/noticias","nextItem":{"@type":"ListItem","@id":"https:\/\/www.eldigitaldeasturias.com\/noticias\/category\/actualidad\/#listItem","name":"Actualidad"}},{"@type":"ListItem","@id":"https:\/\/www.eldigitaldeasturias.com\/noticias\/category\/actualidad\/#listItem","position":2,"name":"Actualidad","item":"https:\/\/www.eldigitaldeasturias.com\/noticias\/category\/actualidad\/","nextItem":{"@type":"ListItem","@id":"https:\/\/www.eldigitaldeasturias.com\/noticias\/aragon-pide-que-se-tenga-en-cuenta-a-las-comunidades-en-los-asuntos-europeos\/#listItem","name":"Arag\u00f3n pide que se tenga en cuenta a las Comunidades en los asuntos europeos"},"previousItem":{"@type":"ListItem","@id":"https:\/\/www.eldigitaldeasturias.com\/noticias#listItem","name":"Home"}},{"@type":"ListItem","@id":"https:\/\/www.eldigitaldeasturias.com\/noticias\/aragon-pide-que-se-tenga-en-cuenta-a-las-comunidades-en-los-asuntos-europeos\/#listItem","position":3,"name":"Arag\u00f3n pide que se tenga en cuenta a las Comunidades en los asuntos europeos","previousItem":{"@type":"ListItem","@id":"https:\/\/www.eldigitaldeasturias.com\/noticias\/category\/actualidad\/#listItem","name":"Actualidad"}}]},{"@type":"Organization","@id":"https:\/\/www.eldigitaldeasturias.com\/noticias\/#organization","name":"El Digital de Asturias","description":"Hemeroteca","url":"https:\/\/www.eldigitaldeasturias.com\/noticias\/","email":"info@eldigitaldeasturias.com","telephone":"+34652131393","logo":{"@type":"ImageObject","url":"https:\/\/www.eldigitaldeasturias.com\/noticias\/wp-content\/uploads\/2020\/12\/EDA.jpg","@id":"https:\/\/www.eldigitaldeasturias.com\/noticias\/aragon-pide-que-se-tenga-en-cuenta-a-las-comunidades-en-los-asuntos-europeos\/#organizationLogo"},"image":{"@id":"https:\/\/www.eldigitaldeasturias.com\/noticias\/aragon-pide-que-se-tenga-en-cuenta-a-las-comunidades-en-los-asuntos-europeos\/#organizationLogo"},"sameAs":["https:\/\/facebook.com\/eldigitaldeasturias","https:\/\/www.youtube.com\/channel\/UCZP-2wLEB9Rv6erhFmqVnvg"],"address":{"@id":"https:\/\/www.eldigitaldeasturias.com\/noticias\/#postaladdress","@type":"PostalAddress","streetAddress":"san antonio 4","postalCode":"33430","addressLocality":"Cand\u00e1s","addressRegion":"Asturias","addressCountry":"ES"}},{"@type":"Person","@id":"https:\/\/www.eldigitaldeasturias.com\/noticias\/author\/admin\/#author","url":"https:\/\/www.eldigitaldeasturias.com\/noticias\/author\/admin\/","name":"El Digital de Asturias","image":{"@type":"ImageObject","@id":"https:\/\/www.eldigitaldeasturias.com\/noticias\/aragon-pide-que-se-tenga-en-cuenta-a-las-comunidades-en-los-asuntos-europeos\/#authorImage","url":"https:\/\/secure.gravatar.com\/avatar\/df2aeffc32bcd13f8d26072ef8a91b623d677766deac7f97ca815868cd41bf5e?s=96&d=mm&r=g","width":96,"height":96,"caption":"El Digital de Asturias"}},{"@type":"WebPage","@id":"https:\/\/www.eldigitaldeasturias.com\/noticias\/aragon-pide-que-se-tenga-en-cuenta-a-las-comunidades-en-los-asuntos-europeos\/#webpage","url":"https:\/\/www.eldigitaldeasturias.com\/noticias\/aragon-pide-que-se-tenga-en-cuenta-a-las-comunidades-en-los-asuntos-europeos\/","name":"Arag\u00f3n pide que se tenga en cuenta a las Comunidades en los asuntos europeos - El Digital de Asturias","description":"El director general de Relaciones Institucionales y Desarrollo Estatutario, Julio Embid, ha participado hoy en Madrid en la Comisi\u00f3n de Coordinadores de la Conferencia para Asuntos Relacionados con la Uni\u00f3n Europea (CARUE), donde ha manifestado la preocupaci\u00f3n de Arag\u00f3n por el hecho de no haber visto atendidas por ahora las sugerencias y aportaciones globales de","inLanguage":"es-ES","isPartOf":{"@id":"https:\/\/www.eldigitaldeasturias.com\/noticias\/#website"},"breadcrumb":{"@id":"https:\/\/www.eldigitaldeasturias.com\/noticias\/aragon-pide-que-se-tenga-en-cuenta-a-las-comunidades-en-los-asuntos-europeos\/#breadcrumblist"},"author":{"@id":"https:\/\/www.eldigitaldeasturias.com\/noticias\/author\/admin\/#author"},"creator":{"@id":"https:\/\/www.eldigitaldeasturias.com\/noticias\/author\/admin\/#author"},"image":{"@type":"ImageObject","url":978695,"@id":"https:\/\/www.eldigitaldeasturias.com\/noticias\/aragon-pide-que-se-tenga-en-cuenta-a-las-comunidades-en-los-asuntos-europeos\/#mainImage"},"primaryImageOfPage":{"@id":"https:\/\/www.eldigitaldeasturias.com\/noticias\/aragon-pide-que-se-tenga-en-cuenta-a-las-comunidades-en-los-asuntos-europeos\/#mainImage"},"datePublished":"2018-05-03T18:30:36+02:00","dateModified":"2018-05-03T18:30:36+02:00"},{"@type":"WebSite","@id":"https:\/\/www.eldigitaldeasturias.com\/noticias\/#website","url":"https:\/\/www.eldigitaldeasturias.com\/noticias\/","name":"El Digital de Asturias - Diario de actualidad y noticias","alternateName":"El Digital de Asturias - Diario de actualidad y noticias","description":"Hemeroteca","inLanguage":"es-ES","publisher":{"@id":"https:\/\/www.eldigitaldeasturias.com\/noticias\/#organization"}}]},"og:locale":"es_ES","og:site_name":"El Digital de Asturias","og:type":"article","og:title":"Arag\u00f3n pide que se tenga en cuenta a las Comunidades en los asuntos europeos - El Digital de Asturias","og:description":"El director general de Relaciones Institucionales y Desarrollo Estatutario, Julio Embid, ha participado hoy en Madrid en la Comisi\u00f3n de Coordinadores de la Conferencia para Asuntos Relacionados con la Uni\u00f3n Europea (CARUE), donde ha manifestado la preocupaci\u00f3n de Arag\u00f3n por el hecho de no haber visto atendidas por ahora las sugerencias y aportaciones globales de","og:url":"https:\/\/www.eldigitaldeasturias.com\/noticias\/aragon-pide-que-se-tenga-en-cuenta-a-las-comunidades-en-los-asuntos-europeos\/","article:tag":["actualidad"],"article:published_time":"2018-05-03T18:30:36+00:00","article:modified_time":"2018-05-03T18:30:36+00:00","article:publisher":"https:\/\/facebook.com\/eldigitaldeasturias","twitter:card":"summary_large_image","twitter:title":"Arag\u00f3n pide que se tenga en cuenta a las Comunidades en los asuntos europeos - El Digital de Asturias","twitter:description":"El director general de Relaciones Institucionales y Desarrollo Estatutario, Julio Embid, ha participado hoy en Madrid en la Comisi\u00f3n de Coordinadores de la Conferencia para Asuntos Relacionados con la Uni\u00f3n Europea (CARUE), donde ha manifestado la preocupaci\u00f3n de Arag\u00f3n por el hecho de no haber visto atendidas por ahora las sugerencias y aportaciones globales de","twitter:image":"https:\/\/www.eldigitaldeasturias.com\/noticias\/wp-content\/uploads\/2020\/12\/EDA-1.jpg","twitter:label1":"Escrito por","twitter:data1":"El Digital de Asturias","twitter:label2":"Tiempo de lectura estimado","twitter:data2":"3 minutos"},"aioseo_meta_data":{"post_id":"978694","title":null,"description":null,"keywords":null,"keyphrases":null,"primary_term":null,"canonical_url":null,"og_title":null,"og_description":null,"og_object_type":"default","og_image_type":"default","og_image_url":null,"og_image_width":null,"og_image_height":null,"og_image_custom_url":null,"og_image_custom_fields":null,"og_video":null,"og_custom_url":null,"og_article_section":null,"og_article_tags":null,"twitter_use_og":false,"twitter_card":"default","twitter_image_type":"default","twitter_image_url":null,"twitter_image_custom_url":null,"twitter_image_custom_fields":null,"twitter_title":null,"twitter_description":null,"schema":{"blockGraphs":[],"customGraphs":[],"default":{"data":{"Article":[],"Course":[],"Dataset":[],"FAQPage":[],"Movie":[],"Person":[],"Product":[],"ProductReview":[],"Car":[],"Recipe":[],"Service":[],"SoftwareApplication":[],"WebPage":[]},"graphName":"","isEnabled":true},"graphs":[],"defaultGraph":"","defaultPostTypeGraph":""},"schema_type":null,"schema_type_options":null,"pillar_content":false,"robots_default":true,"robots_noindex":false,"robots_noarchive":false,"robots_nosnippet":false,"robots_nofollow":false,"robots_noimageindex":false,"robots_noodp":false,"robots_notranslate":false,"robots_max_snippet":null,"robots_max_videopreview":null,"robots_max_imagepreview":"large","priority":null,"frequency":null,"local_seo":null,"seo_analyzer_scan_date":"2025-10-08 11:44:10","breadcrumb_settings":null,"limit_modified_date":false,"open_ai":null,"ai":null,"created":"2020-12-21 12:01:37","updated":"2025-10-08 11:44:10","focus_keyword":null,"additional_keywords":null,"truseo_locale":null},"aioseo_breadcrumb":"<div class=\"aioseo-breadcrumbs\"><span class=\"aioseo-breadcrumb\">\n\t<a href=\"https:\/\/www.eldigitaldeasturias.com\/noticias\" title=\"Home\">Home<\/a>\n<\/span><span class=\"aioseo-breadcrumb-separator\">\u2013<\/span><span class=\"aioseo-breadcrumb\">\n\t<a href=\"https:\/\/www.eldigitaldeasturias.com\/noticias\/category\/actualidad\/\" title=\"Actualidad\">Actualidad<\/a>\n<\/span><span class=\"aioseo-breadcrumb-separator\">\u2013<\/span><span class=\"aioseo-breadcrumb\">\n\t<a href=\"https:\/\/www.eldigitaldeasturias.com\/noticias\/aragon-pide-que-se-tenga-en-cuenta-a-las-comunidades-en-los-asuntos-europeos\/\" title=\"Arag\u00f3n pide que se tenga en cuenta a las Comunidades en los asuntos europeos\">Arag\u00f3n pide que se tenga en cuenta a las Comunidades en los asuntos europeos<\/a>\n<\/span><\/div>","aioseo_breadcrumb_json":[{"label":"Home","link":"https:\/\/www.eldigitaldeasturias.com\/noticias"},{"label":"Actualidad","link":"https:\/\/www.eldigitaldeasturias.com\/noticias\/category\/actualidad\/"},{"label":"Arag\u00f3n pide que se tenga en cuenta a las Comunidades en los asuntos europeos","link":"https:\/\/www.eldigitaldeasturias.com\/noticias\/aragon-pide-que-se-tenga-en-cuenta-a-las-comunidades-en-los-asuntos-europeos\/"}],"_links":{"self":[{"href":"https:\/\/www.eldigitaldeasturias.com\/noticias\/wp-json\/wp\/v2\/posts\/978694","targetHints":{"allow":["GET"]}}],"collection":[{"href":"https:\/\/www.eldigitaldeasturias.com\/noticias\/wp-json\/wp\/v2\/posts"}],"about":[{"href":"https:\/\/www.eldigitaldeasturias.com\/noticias\/wp-json\/wp\/v2\/types\/post"}],"author":[{"embeddable":true,"href":"https:\/\/www.eldigitaldeasturias.com\/noticias\/wp-json\/wp\/v2\/users\/1"}],"replies":[{"embeddable":true,"href":"https:\/\/www.eldigitaldeasturias.com\/noticias\/wp-json\/wp\/v2\/comments?post=978694"}],"version-history":[{"count":0,"href":"https:\/\/www.eldigitaldeasturias.com\/noticias\/wp-json\/wp\/v2\/posts\/978694\/revisions"}],"wp:attachment":[{"href":"https:\/\/www.eldigitaldeasturias.com\/noticias\/wp-json\/wp\/v2\/media?parent=978694"}],"wp:term":[{"taxonomy":"category","embeddable":true,"href":"https:\/\/www.eldigitaldeasturias.com\/noticias\/wp-json\/wp\/v2\/categories?post=978694"},{"taxonomy":"post_tag","embeddable":true,"href":"https:\/\/www.eldigitaldeasturias.com\/noticias\/wp-json\/wp\/v2\/tags?post=978694"}],"curies":[{"name":"wp","href":"https:\/\/api.w.org\/{rel}","templated":true}]}}