{"id":978691,"date":"2018-05-03T18:27:42","date_gmt":"2018-05-03T18:27:42","guid":{"rendered":"http:\/\/www.eldigitaldeasturias.com\/noticias\/?p=978691"},"modified":"2018-05-03T18:27:42","modified_gmt":"2018-05-03T18:27:42","slug":"el-servet-instalara-un-ascensor-para-personas-con-movilidad-reducida","status":"publish","type":"post","link":"https:\/\/www.eldigitaldeasturias.com\/noticias\/el-servet-instalara-un-ascensor-para-personas-con-movilidad-reducida\/","title":{"rendered":"El Servet instalar\u00e1 un ascensor para personas con movilidad reducida"},"content":{"rendered":"<p><img loading=\"lazy\" decoding=\"async\" class=\"alignleft size-medium wp-image-978692\" src=\"https:\/\/www.eldigitaldeasturias.com\/noticias\/wp-content\/uploads\/2018\/05\/asensor-servet-360x159.jpeg\" alt=\"\" width=\"360\" height=\"159\" \/>El Hospital Universitario Miguel Servet de Zaragoza ha instalado un nuevo ascensor en la entrada principal que supone una importante mejora para las numerosas personas que diariamente recibe el centro sanitario con movilidad reducida. Este nuevo equipamiento, que entrar\u00e1 en funcionamiento la pr\u00f3xima semana, es fruto de un convenio firmado por la Fundaci\u00f3n Ibercaja y el Hospital, por el cual Ia Fundaci\u00f3n ha financiado el coste del elevador con 30.000 euros. El centro, por su parte, ha sufragado los costes de obra y adecuaci\u00f3n de espacios con 49.900 euros, y para su concepci\u00f3n y posterior ejecuci\u00f3n se ha contado con el asesoramiento t\u00e9cnico de CERMI.<\/p>\n<p>En el acto de inauguraci\u00f3n han participado Pablo Mart\u00ednez, director general de Derechos y Garant\u00edas; Javier Mari\u00f3n Buen, gerente del SALUD; Juan Ram\u00f3n Portillo del Olmo, director del Hospital Universitario Miguel Servet; Jos\u00e9 Luis Rodrigo Escrig, director general de la Fundaci\u00f3n Ibercaja; Juan Carlos S\u00e1nchez Bielsa, director de la Obra Social de Fundaci\u00f3n Ibercaja; y Marta Valencia, presidenta de Fundaci\u00f3n DFA y CERMI.<\/p>\n<p>El ascensor, que se sit\u00faa en la fachada principal del Hospital, une la planta calle con la planta baja del centro sanitario, tiene capacidad para 9 personas, dispone de dos entradas, botonadura de cabina a media altura con c\u00f3digo braille y est\u00e1 dise\u00f1ado para ser energ\u00e9ticamente eficiente reduciendo al m\u00ednimo la contaminaci\u00f3n ac\u00fastica. Para su ubicaci\u00f3n se ha aprovechado un hueco entre la rampa de acceso y el edificio, de forma que no se ha alterado la fachada. En el acondicionamiento exterior con jard\u00edn ha trabajado Gardeniers, centro especial de empleo de Atades dedicado a la jardiner\u00eda y la agricultura ecol\u00f3gica en el que trabajan 42 personas, 34 de ellas con discapacidad.<\/p>\n<p>La puesta en marcha de esta infraestructura se suma a otras colaboraciones que Fundaci\u00f3n Ibercaja mantiene con el Servicio Aragon\u00e9s de Salud dirigidas al \u00e1mbito asistencial o de acompa\u00f1amiento de las personas. En este sentido se desarrolla el programa \u201cAcomp\u00e1\u00f1ame\u201d en el Hospital Provincial de Nuestra Se\u00f1ora de Gracia de Zaragoza, en el que colabora el voluntariado Ibercaja, que tiene como objetivo informar y orientar a los pacientes ambulantes, familiares y usuarios de la ubicaci\u00f3n y se\u00f1alizaci\u00f3n de los diferentes servicio, acompa\u00f1\u00e1ndolos en los casos que sea necesario. Adem\u00e1s, recientemente se ha iniciado una iniciativa con el \u201cAula Hospitalaria: La Escuela\u201d del Hospital materno infantil, que por primera vez traslada los talleres de Ibercaja Clip fuera de su entorno habitual en Etopia. Se trata de una propuesta que completa la formaci\u00f3n de los ni\u00f1os en tecnolog\u00edas digitales y de la imagen, cuenta con la colaboraci\u00f3n del voluntariado de Ibercaja y tendr\u00e1 una periodicidad trimestral.<\/p>\n","protected":false},"excerpt":{"rendered":"<p>El Hospital Universitario Miguel Servet de Zaragoza ha instalado un nuevo ascensor en la entrada principal que supone una importante mejora para las numerosas personas que diariamente recibe el centro sanitario con movilidad reducida. Este nuevo equipamiento, que entrar\u00e1 en funcionamiento la pr\u00f3xima semana, es fruto de un convenio firmado por la Fundaci\u00f3n Ibercaja y [&hellip;]<\/p>\n","protected":false},"author":1,"featured_media":978692,"comment_status":"closed","ping_status":"closed","sticky":false,"template":"","format":"standard","meta":{"footnotes":""},"categories":[1],"tags":[],"class_list":["post-978691","post","type-post","status-publish","format-standard","has-post-thumbnail","hentry","category-actualidad"],"aioseo_notices":[],"aioseo_head":"\n\t\t<!-- All in One SEO Pro 5.0.1 - aioseo.com -->\n\t<meta name=\"description\" content=\"El Hospital Universitario Miguel Servet de Zaragoza ha instalado un nuevo ascensor en la entrada principal que supone una importante mejora para las numerosas personas que diariamente recibe el centro sanitario con movilidad reducida. Este nuevo equipamiento, que entrar\u00e1 en funcionamiento la pr\u00f3xima semana, es fruto de un convenio firmado por la Fundaci\u00f3n Ibercaja y\" \/>\n\t<meta name=\"robots\" content=\"max-image-preview:large\" \/>\n\t<meta name=\"author\" content=\"El Digital de Asturias\"\/>\n\t<meta name=\"google-site-verification\" content=\"UA-38556648-1\" \/>\n\t<meta name=\"msvalidate.01\" content=\"7dfe9f3f1b24437ab69f4f2559babe99\" \/>\n\t<meta name=\"keywords\" content=\"actualidad\" \/>\n\t<link rel=\"canonical\" href=\"https:\/\/www.eldigitaldeasturias.com\/noticias\/el-servet-instalara-un-ascensor-para-personas-con-movilidad-reducida\/\" \/>\n\t<meta name=\"generator\" content=\"All in One SEO Pro (AIOSEO) 5.0.1\" \/>\n\t\t<meta property=\"og:locale\" content=\"es_ES\" \/>\n\t\t<meta property=\"og:site_name\" content=\"El Digital de Asturias\" \/>\n\t\t<meta property=\"og:type\" content=\"article\" \/>\n\t\t<meta property=\"og:title\" content=\"El Servet instalar\u00e1 un ascensor para personas con movilidad reducida - El Digital de Asturias\" \/>\n\t\t<meta property=\"og:description\" content=\"El Hospital Universitario Miguel Servet de Zaragoza ha instalado un nuevo ascensor en la entrada principal que supone una importante mejora para las numerosas personas que diariamente recibe el centro sanitario con movilidad reducida. Este nuevo equipamiento, que entrar\u00e1 en funcionamiento la pr\u00f3xima semana, es fruto de un convenio firmado por la Fundaci\u00f3n Ibercaja y\" \/>\n\t\t<meta property=\"og:url\" content=\"https:\/\/www.eldigitaldeasturias.com\/noticias\/el-servet-instalara-un-ascensor-para-personas-con-movilidad-reducida\/\" \/>\n\t\t<meta property=\"article:tag\" content=\"actualidad\" \/>\n\t\t<meta property=\"article:published_time\" content=\"2018-05-03T18:27:42+00:00\" \/>\n\t\t<meta property=\"article:modified_time\" content=\"2018-05-03T18:27:42+00:00\" \/>\n\t\t<meta property=\"article:publisher\" content=\"https:\/\/facebook.com\/eldigitaldeasturias\" \/>\n\t\t<meta name=\"twitter:card\" content=\"summary_large_image\" \/>\n\t\t<meta name=\"twitter:title\" content=\"El Servet instalar\u00e1 un ascensor para personas con movilidad reducida - El Digital de Asturias\" \/>\n\t\t<meta name=\"twitter:description\" content=\"El Hospital Universitario Miguel Servet de Zaragoza ha instalado un nuevo ascensor en la entrada principal que supone una importante mejora para las numerosas personas que diariamente recibe el centro sanitario con movilidad reducida. Este nuevo equipamiento, que entrar\u00e1 en funcionamiento la pr\u00f3xima semana, es fruto de un convenio firmado por la Fundaci\u00f3n Ibercaja y\" \/>\n\t\t<meta name=\"twitter:image\" content=\"https:\/\/www.eldigitaldeasturias.com\/noticias\/wp-content\/uploads\/2020\/12\/EDA-1.jpg\" \/>\n\t\t<meta name=\"twitter:label1\" content=\"Escrito por\" \/>\n\t\t<meta name=\"twitter:data1\" content=\"El Digital de Asturias\" \/>\n\t\t<meta name=\"twitter:label2\" content=\"Tiempo de lectura estimado\" \/>\n\t\t<meta name=\"twitter:data2\" content=\"2 minutos\" \/>\n\t\t<script type=\"application\/ld+json\" class=\"aioseo-schema\">\n\t\t\t{\"@context\":\"https:\\\/\\\/schema.org\",\"@graph\":[{\"@type\":\"BlogPosting\",\"@id\":\"https:\\\/\\\/www.eldigitaldeasturias.com\\\/noticias\\\/el-servet-instalara-un-ascensor-para-personas-con-movilidad-reducida\\\/#blogposting\",\"name\":\"El Servet instalar\\u00e1 un ascensor para personas con movilidad reducida - El Digital de Asturias\",\"headline\":\"El Servet instalar\\u00e1 un ascensor para personas con movilidad reducida\",\"author\":{\"@id\":\"https:\\\/\\\/www.eldigitaldeasturias.com\\\/noticias\\\/author\\\/admin\\\/#author\"},\"publisher\":{\"@id\":\"https:\\\/\\\/www.eldigitaldeasturias.com\\\/noticias\\\/#organization\"},\"image\":{\"@type\":\"ImageObject\",\"url\":978692},\"datePublished\":\"2018-05-03T18:27:42+02:00\",\"dateModified\":\"2018-05-03T18:27:42+02:00\",\"inLanguage\":\"es-ES\",\"mainEntityOfPage\":{\"@id\":\"https:\\\/\\\/www.eldigitaldeasturias.com\\\/noticias\\\/el-servet-instalara-un-ascensor-para-personas-con-movilidad-reducida\\\/#webpage\"},\"isPartOf\":{\"@id\":\"https:\\\/\\\/www.eldigitaldeasturias.com\\\/noticias\\\/el-servet-instalara-un-ascensor-para-personas-con-movilidad-reducida\\\/#webpage\"},\"articleSection\":\"Actualidad\"},{\"@type\":\"BreadcrumbList\",\"@id\":\"https:\\\/\\\/www.eldigitaldeasturias.com\\\/noticias\\\/el-servet-instalara-un-ascensor-para-personas-con-movilidad-reducida\\\/#breadcrumblist\",\"itemListElement\":[{\"@type\":\"ListItem\",\"@id\":\"https:\\\/\\\/www.eldigitaldeasturias.com\\\/noticias#listItem\",\"position\":1,\"name\":\"Home\",\"item\":\"https:\\\/\\\/www.eldigitaldeasturias.com\\\/noticias\",\"nextItem\":{\"@type\":\"ListItem\",\"@id\":\"https:\\\/\\\/www.eldigitaldeasturias.com\\\/noticias\\\/category\\\/actualidad\\\/#listItem\",\"name\":\"Actualidad\"}},{\"@type\":\"ListItem\",\"@id\":\"https:\\\/\\\/www.eldigitaldeasturias.com\\\/noticias\\\/category\\\/actualidad\\\/#listItem\",\"position\":2,\"name\":\"Actualidad\",\"item\":\"https:\\\/\\\/www.eldigitaldeasturias.com\\\/noticias\\\/category\\\/actualidad\\\/\",\"nextItem\":{\"@type\":\"ListItem\",\"@id\":\"https:\\\/\\\/www.eldigitaldeasturias.com\\\/noticias\\\/el-servet-instalara-un-ascensor-para-personas-con-movilidad-reducida\\\/#listItem\",\"name\":\"El Servet instalar\\u00e1 un ascensor para personas con movilidad reducida\"},\"previousItem\":{\"@type\":\"ListItem\",\"@id\":\"https:\\\/\\\/www.eldigitaldeasturias.com\\\/noticias#listItem\",\"name\":\"Home\"}},{\"@type\":\"ListItem\",\"@id\":\"https:\\\/\\\/www.eldigitaldeasturias.com\\\/noticias\\\/el-servet-instalara-un-ascensor-para-personas-con-movilidad-reducida\\\/#listItem\",\"position\":3,\"name\":\"El Servet instalar\\u00e1 un ascensor para personas con movilidad reducida\",\"previousItem\":{\"@type\":\"ListItem\",\"@id\":\"https:\\\/\\\/www.eldigitaldeasturias.com\\\/noticias\\\/category\\\/actualidad\\\/#listItem\",\"name\":\"Actualidad\"}}]},{\"@type\":\"Organization\",\"@id\":\"https:\\\/\\\/www.eldigitaldeasturias.com\\\/noticias\\\/#organization\",\"name\":\"El Digital de Asturias\",\"description\":\"Hemeroteca\",\"url\":\"https:\\\/\\\/www.eldigitaldeasturias.com\\\/noticias\\\/\",\"email\":\"info@eldigitaldeasturias.com\",\"telephone\":\"+34652131393\",\"logo\":{\"@type\":\"ImageObject\",\"url\":\"https:\\\/\\\/www.eldigitaldeasturias.com\\\/noticias\\\/wp-content\\\/uploads\\\/2020\\\/12\\\/EDA.jpg\",\"@id\":\"https:\\\/\\\/www.eldigitaldeasturias.com\\\/noticias\\\/el-servet-instalara-un-ascensor-para-personas-con-movilidad-reducida\\\/#organizationLogo\"},\"image\":{\"@id\":\"https:\\\/\\\/www.eldigitaldeasturias.com\\\/noticias\\\/el-servet-instalara-un-ascensor-para-personas-con-movilidad-reducida\\\/#organizationLogo\"},\"sameAs\":[\"https:\\\/\\\/facebook.com\\\/eldigitaldeasturias\",\"https:\\\/\\\/www.youtube.com\\\/channel\\\/UCZP-2wLEB9Rv6erhFmqVnvg\"],\"address\":{\"@id\":\"https:\\\/\\\/www.eldigitaldeasturias.com\\\/noticias\\\/#postaladdress\",\"@type\":\"PostalAddress\",\"streetAddress\":\"san antonio 4\",\"postalCode\":\"33430\",\"addressLocality\":\"Cand\\u00e1s\",\"addressRegion\":\"Asturias\",\"addressCountry\":\"ES\"}},{\"@type\":\"Person\",\"@id\":\"https:\\\/\\\/www.eldigitaldeasturias.com\\\/noticias\\\/author\\\/admin\\\/#author\",\"url\":\"https:\\\/\\\/www.eldigitaldeasturias.com\\\/noticias\\\/author\\\/admin\\\/\",\"name\":\"El Digital de Asturias\",\"image\":{\"@type\":\"ImageObject\",\"@id\":\"https:\\\/\\\/www.eldigitaldeasturias.com\\\/noticias\\\/el-servet-instalara-un-ascensor-para-personas-con-movilidad-reducida\\\/#authorImage\",\"url\":\"https:\\\/\\\/secure.gravatar.com\\\/avatar\\\/df2aeffc32bcd13f8d26072ef8a91b623d677766deac7f97ca815868cd41bf5e?s=96&d=mm&r=g\",\"width\":96,\"height\":96,\"caption\":\"El Digital de Asturias\"}},{\"@type\":\"WebPage\",\"@id\":\"https:\\\/\\\/www.eldigitaldeasturias.com\\\/noticias\\\/el-servet-instalara-un-ascensor-para-personas-con-movilidad-reducida\\\/#webpage\",\"url\":\"https:\\\/\\\/www.eldigitaldeasturias.com\\\/noticias\\\/el-servet-instalara-un-ascensor-para-personas-con-movilidad-reducida\\\/\",\"name\":\"El Servet instalar\\u00e1 un ascensor para personas con movilidad reducida - El Digital de Asturias\",\"description\":\"El Hospital Universitario Miguel Servet de Zaragoza ha instalado un nuevo ascensor en la entrada principal que supone una importante mejora para las numerosas personas que diariamente recibe el centro sanitario con movilidad reducida. Este nuevo equipamiento, que entrar\\u00e1 en funcionamiento la pr\\u00f3xima semana, es fruto de un convenio firmado por la Fundaci\\u00f3n Ibercaja y\",\"inLanguage\":\"es-ES\",\"isPartOf\":{\"@id\":\"https:\\\/\\\/www.eldigitaldeasturias.com\\\/noticias\\\/#website\"},\"breadcrumb\":{\"@id\":\"https:\\\/\\\/www.eldigitaldeasturias.com\\\/noticias\\\/el-servet-instalara-un-ascensor-para-personas-con-movilidad-reducida\\\/#breadcrumblist\"},\"author\":{\"@id\":\"https:\\\/\\\/www.eldigitaldeasturias.com\\\/noticias\\\/author\\\/admin\\\/#author\"},\"creator\":{\"@id\":\"https:\\\/\\\/www.eldigitaldeasturias.com\\\/noticias\\\/author\\\/admin\\\/#author\"},\"image\":{\"@type\":\"ImageObject\",\"url\":978692,\"@id\":\"https:\\\/\\\/www.eldigitaldeasturias.com\\\/noticias\\\/el-servet-instalara-un-ascensor-para-personas-con-movilidad-reducida\\\/#mainImage\"},\"primaryImageOfPage\":{\"@id\":\"https:\\\/\\\/www.eldigitaldeasturias.com\\\/noticias\\\/el-servet-instalara-un-ascensor-para-personas-con-movilidad-reducida\\\/#mainImage\"},\"datePublished\":\"2018-05-03T18:27:42+02:00\",\"dateModified\":\"2018-05-03T18:27:42+02:00\"},{\"@type\":\"WebSite\",\"@id\":\"https:\\\/\\\/www.eldigitaldeasturias.com\\\/noticias\\\/#website\",\"url\":\"https:\\\/\\\/www.eldigitaldeasturias.com\\\/noticias\\\/\",\"name\":\"El Digital de Asturias - Diario de actualidad y noticias\",\"alternateName\":\"El Digital de Asturias - Diario de actualidad y noticias\",\"description\":\"Hemeroteca\",\"inLanguage\":\"es-ES\",\"publisher\":{\"@id\":\"https:\\\/\\\/www.eldigitaldeasturias.com\\\/noticias\\\/#organization\"}}]}\n\t\t<\/script>\n\t\t<!-- All in One SEO Pro -->\r\n\t\t<title>El Servet instalar\u00e1 un ascensor para personas con movilidad reducida - El Digital de Asturias<\/title>\n\n","aioseo_head_json":{"title":"El Servet instalar\u00e1 un ascensor para personas con movilidad reducida - El Digital de Asturias","description":"El Hospital Universitario Miguel Servet de Zaragoza ha instalado un nuevo ascensor en la entrada principal que supone una importante mejora para las numerosas personas que diariamente recibe el centro sanitario con movilidad reducida. Este nuevo equipamiento, que entrar\u00e1 en funcionamiento la pr\u00f3xima semana, es fruto de un convenio firmado por la Fundaci\u00f3n Ibercaja y","canonical_url":"https:\/\/www.eldigitaldeasturias.com\/noticias\/el-servet-instalara-un-ascensor-para-personas-con-movilidad-reducida\/","robots":"max-image-preview:large","keywords":"actualidad","webmasterTools":{"google-site-verification":"UA-38556648-1","msvalidate.01":"7dfe9f3f1b24437ab69f4f2559babe99","miscellaneous":""},"schema":{"@context":"https:\/\/schema.org","@graph":[{"@type":"BlogPosting","@id":"https:\/\/www.eldigitaldeasturias.com\/noticias\/el-servet-instalara-un-ascensor-para-personas-con-movilidad-reducida\/#blogposting","name":"El Servet instalar\u00e1 un ascensor para personas con movilidad reducida - El Digital de Asturias","headline":"El Servet instalar\u00e1 un ascensor para personas con movilidad reducida","author":{"@id":"https:\/\/www.eldigitaldeasturias.com\/noticias\/author\/admin\/#author"},"publisher":{"@id":"https:\/\/www.eldigitaldeasturias.com\/noticias\/#organization"},"image":{"@type":"ImageObject","url":978692},"datePublished":"2018-05-03T18:27:42+02:00","dateModified":"2018-05-03T18:27:42+02:00","inLanguage":"es-ES","mainEntityOfPage":{"@id":"https:\/\/www.eldigitaldeasturias.com\/noticias\/el-servet-instalara-un-ascensor-para-personas-con-movilidad-reducida\/#webpage"},"isPartOf":{"@id":"https:\/\/www.eldigitaldeasturias.com\/noticias\/el-servet-instalara-un-ascensor-para-personas-con-movilidad-reducida\/#webpage"},"articleSection":"Actualidad"},{"@type":"BreadcrumbList","@id":"https:\/\/www.eldigitaldeasturias.com\/noticias\/el-servet-instalara-un-ascensor-para-personas-con-movilidad-reducida\/#breadcrumblist","itemListElement":[{"@type":"ListItem","@id":"https:\/\/www.eldigitaldeasturias.com\/noticias#listItem","position":1,"name":"Home","item":"https:\/\/www.eldigitaldeasturias.com\/noticias","nextItem":{"@type":"ListItem","@id":"https:\/\/www.eldigitaldeasturias.com\/noticias\/category\/actualidad\/#listItem","name":"Actualidad"}},{"@type":"ListItem","@id":"https:\/\/www.eldigitaldeasturias.com\/noticias\/category\/actualidad\/#listItem","position":2,"name":"Actualidad","item":"https:\/\/www.eldigitaldeasturias.com\/noticias\/category\/actualidad\/","nextItem":{"@type":"ListItem","@id":"https:\/\/www.eldigitaldeasturias.com\/noticias\/el-servet-instalara-un-ascensor-para-personas-con-movilidad-reducida\/#listItem","name":"El Servet instalar\u00e1 un ascensor para personas con movilidad reducida"},"previousItem":{"@type":"ListItem","@id":"https:\/\/www.eldigitaldeasturias.com\/noticias#listItem","name":"Home"}},{"@type":"ListItem","@id":"https:\/\/www.eldigitaldeasturias.com\/noticias\/el-servet-instalara-un-ascensor-para-personas-con-movilidad-reducida\/#listItem","position":3,"name":"El Servet instalar\u00e1 un ascensor para personas con movilidad reducida","previousItem":{"@type":"ListItem","@id":"https:\/\/www.eldigitaldeasturias.com\/noticias\/category\/actualidad\/#listItem","name":"Actualidad"}}]},{"@type":"Organization","@id":"https:\/\/www.eldigitaldeasturias.com\/noticias\/#organization","name":"El Digital de Asturias","description":"Hemeroteca","url":"https:\/\/www.eldigitaldeasturias.com\/noticias\/","email":"info@eldigitaldeasturias.com","telephone":"+34652131393","logo":{"@type":"ImageObject","url":"https:\/\/www.eldigitaldeasturias.com\/noticias\/wp-content\/uploads\/2020\/12\/EDA.jpg","@id":"https:\/\/www.eldigitaldeasturias.com\/noticias\/el-servet-instalara-un-ascensor-para-personas-con-movilidad-reducida\/#organizationLogo"},"image":{"@id":"https:\/\/www.eldigitaldeasturias.com\/noticias\/el-servet-instalara-un-ascensor-para-personas-con-movilidad-reducida\/#organizationLogo"},"sameAs":["https:\/\/facebook.com\/eldigitaldeasturias","https:\/\/www.youtube.com\/channel\/UCZP-2wLEB9Rv6erhFmqVnvg"],"address":{"@id":"https:\/\/www.eldigitaldeasturias.com\/noticias\/#postaladdress","@type":"PostalAddress","streetAddress":"san antonio 4","postalCode":"33430","addressLocality":"Cand\u00e1s","addressRegion":"Asturias","addressCountry":"ES"}},{"@type":"Person","@id":"https:\/\/www.eldigitaldeasturias.com\/noticias\/author\/admin\/#author","url":"https:\/\/www.eldigitaldeasturias.com\/noticias\/author\/admin\/","name":"El Digital de Asturias","image":{"@type":"ImageObject","@id":"https:\/\/www.eldigitaldeasturias.com\/noticias\/el-servet-instalara-un-ascensor-para-personas-con-movilidad-reducida\/#authorImage","url":"https:\/\/secure.gravatar.com\/avatar\/df2aeffc32bcd13f8d26072ef8a91b623d677766deac7f97ca815868cd41bf5e?s=96&d=mm&r=g","width":96,"height":96,"caption":"El Digital de Asturias"}},{"@type":"WebPage","@id":"https:\/\/www.eldigitaldeasturias.com\/noticias\/el-servet-instalara-un-ascensor-para-personas-con-movilidad-reducida\/#webpage","url":"https:\/\/www.eldigitaldeasturias.com\/noticias\/el-servet-instalara-un-ascensor-para-personas-con-movilidad-reducida\/","name":"El Servet instalar\u00e1 un ascensor para personas con movilidad reducida - El Digital de Asturias","description":"El Hospital Universitario Miguel Servet de Zaragoza ha instalado un nuevo ascensor en la entrada principal que supone una importante mejora para las numerosas personas que diariamente recibe el centro sanitario con movilidad reducida. Este nuevo equipamiento, que entrar\u00e1 en funcionamiento la pr\u00f3xima semana, es fruto de un convenio firmado por la Fundaci\u00f3n Ibercaja y","inLanguage":"es-ES","isPartOf":{"@id":"https:\/\/www.eldigitaldeasturias.com\/noticias\/#website"},"breadcrumb":{"@id":"https:\/\/www.eldigitaldeasturias.com\/noticias\/el-servet-instalara-un-ascensor-para-personas-con-movilidad-reducida\/#breadcrumblist"},"author":{"@id":"https:\/\/www.eldigitaldeasturias.com\/noticias\/author\/admin\/#author"},"creator":{"@id":"https:\/\/www.eldigitaldeasturias.com\/noticias\/author\/admin\/#author"},"image":{"@type":"ImageObject","url":978692,"@id":"https:\/\/www.eldigitaldeasturias.com\/noticias\/el-servet-instalara-un-ascensor-para-personas-con-movilidad-reducida\/#mainImage"},"primaryImageOfPage":{"@id":"https:\/\/www.eldigitaldeasturias.com\/noticias\/el-servet-instalara-un-ascensor-para-personas-con-movilidad-reducida\/#mainImage"},"datePublished":"2018-05-03T18:27:42+02:00","dateModified":"2018-05-03T18:27:42+02:00"},{"@type":"WebSite","@id":"https:\/\/www.eldigitaldeasturias.com\/noticias\/#website","url":"https:\/\/www.eldigitaldeasturias.com\/noticias\/","name":"El Digital de Asturias - Diario de actualidad y noticias","alternateName":"El Digital de Asturias - Diario de actualidad y noticias","description":"Hemeroteca","inLanguage":"es-ES","publisher":{"@id":"https:\/\/www.eldigitaldeasturias.com\/noticias\/#organization"}}]},"og:locale":"es_ES","og:site_name":"El Digital de Asturias","og:type":"article","og:title":"El Servet instalar\u00e1 un ascensor para personas con movilidad reducida - El Digital de Asturias","og:description":"El Hospital Universitario Miguel Servet de Zaragoza ha instalado un nuevo ascensor en la entrada principal que supone una importante mejora para las numerosas personas que diariamente recibe el centro sanitario con movilidad reducida. Este nuevo equipamiento, que entrar\u00e1 en funcionamiento la pr\u00f3xima semana, es fruto de un convenio firmado por la Fundaci\u00f3n Ibercaja y","og:url":"https:\/\/www.eldigitaldeasturias.com\/noticias\/el-servet-instalara-un-ascensor-para-personas-con-movilidad-reducida\/","article:tag":["actualidad"],"article:published_time":"2018-05-03T18:27:42+00:00","article:modified_time":"2018-05-03T18:27:42+00:00","article:publisher":"https:\/\/facebook.com\/eldigitaldeasturias","twitter:card":"summary_large_image","twitter:title":"El Servet instalar\u00e1 un ascensor para personas con movilidad reducida - El Digital de Asturias","twitter:description":"El Hospital Universitario Miguel Servet de Zaragoza ha instalado un nuevo ascensor en la entrada principal que supone una importante mejora para las numerosas personas que diariamente recibe el centro sanitario con movilidad reducida. Este nuevo equipamiento, que entrar\u00e1 en funcionamiento la pr\u00f3xima semana, es fruto de un convenio firmado por la Fundaci\u00f3n Ibercaja y","twitter:image":"https:\/\/www.eldigitaldeasturias.com\/noticias\/wp-content\/uploads\/2020\/12\/EDA-1.jpg","twitter:label1":"Escrito por","twitter:data1":"El Digital de Asturias","twitter:label2":"Tiempo de lectura estimado","twitter:data2":"2 minutos"},"aioseo_meta_data":{"post_id":"978691","title":null,"description":null,"keywords":null,"keyphrases":null,"primary_term":null,"canonical_url":null,"og_title":null,"og_description":null,"og_object_type":"default","og_image_type":"default","og_image_url":null,"og_image_width":null,"og_image_height":null,"og_image_custom_url":null,"og_image_custom_fields":null,"og_video":null,"og_custom_url":null,"og_article_section":null,"og_article_tags":null,"twitter_use_og":false,"twitter_card":"default","twitter_image_type":"default","twitter_image_url":null,"twitter_image_custom_url":null,"twitter_image_custom_fields":null,"twitter_title":null,"twitter_description":null,"schema":{"blockGraphs":[],"customGraphs":[],"default":{"data":{"Article":[],"Course":[],"Dataset":[],"FAQPage":[],"Movie":[],"Person":[],"Product":[],"ProductReview":[],"Car":[],"Recipe":[],"Service":[],"SoftwareApplication":[],"WebPage":[]},"graphName":"","isEnabled":true},"graphs":[],"defaultGraph":"","defaultPostTypeGraph":""},"schema_type":null,"schema_type_options":null,"pillar_content":false,"robots_default":true,"robots_noindex":false,"robots_noarchive":false,"robots_nosnippet":false,"robots_nofollow":false,"robots_noimageindex":false,"robots_noodp":false,"robots_notranslate":false,"robots_max_snippet":null,"robots_max_videopreview":null,"robots_max_imagepreview":"large","priority":null,"frequency":null,"local_seo":null,"seo_analyzer_scan_date":"2025-10-08 11:44:09","breadcrumb_settings":null,"limit_modified_date":false,"open_ai":null,"ai":null,"created":"2020-12-21 12:01:37","updated":"2025-10-08 11:44:09","focus_keyword":null,"additional_keywords":null,"truseo_locale":null},"aioseo_breadcrumb":"<div class=\"aioseo-breadcrumbs\"><span class=\"aioseo-breadcrumb\">\n\t<a href=\"https:\/\/www.eldigitaldeasturias.com\/noticias\" title=\"Home\">Home<\/a>\n<\/span><span class=\"aioseo-breadcrumb-separator\">\u2013<\/span><span class=\"aioseo-breadcrumb\">\n\t<a href=\"https:\/\/www.eldigitaldeasturias.com\/noticias\/category\/actualidad\/\" title=\"Actualidad\">Actualidad<\/a>\n<\/span><span class=\"aioseo-breadcrumb-separator\">\u2013<\/span><span class=\"aioseo-breadcrumb\">\n\t<a href=\"https:\/\/www.eldigitaldeasturias.com\/noticias\/el-servet-instalara-un-ascensor-para-personas-con-movilidad-reducida\/\" title=\"El Servet instalar\u00e1 un ascensor para personas con movilidad reducida\">El Servet instalar\u00e1 un ascensor para personas con movilidad reducida<\/a>\n<\/span><\/div>","aioseo_breadcrumb_json":[{"label":"Home","link":"https:\/\/www.eldigitaldeasturias.com\/noticias"},{"label":"Actualidad","link":"https:\/\/www.eldigitaldeasturias.com\/noticias\/category\/actualidad\/"},{"label":"El Servet instalar\u00e1 un ascensor para personas con movilidad reducida","link":"https:\/\/www.eldigitaldeasturias.com\/noticias\/el-servet-instalara-un-ascensor-para-personas-con-movilidad-reducida\/"}],"_links":{"self":[{"href":"https:\/\/www.eldigitaldeasturias.com\/noticias\/wp-json\/wp\/v2\/posts\/978691","targetHints":{"allow":["GET"]}}],"collection":[{"href":"https:\/\/www.eldigitaldeasturias.com\/noticias\/wp-json\/wp\/v2\/posts"}],"about":[{"href":"https:\/\/www.eldigitaldeasturias.com\/noticias\/wp-json\/wp\/v2\/types\/post"}],"author":[{"embeddable":true,"href":"https:\/\/www.eldigitaldeasturias.com\/noticias\/wp-json\/wp\/v2\/users\/1"}],"replies":[{"embeddable":true,"href":"https:\/\/www.eldigitaldeasturias.com\/noticias\/wp-json\/wp\/v2\/comments?post=978691"}],"version-history":[{"count":0,"href":"https:\/\/www.eldigitaldeasturias.com\/noticias\/wp-json\/wp\/v2\/posts\/978691\/revisions"}],"wp:attachment":[{"href":"https:\/\/www.eldigitaldeasturias.com\/noticias\/wp-json\/wp\/v2\/media?parent=978691"}],"wp:term":[{"taxonomy":"category","embeddable":true,"href":"https:\/\/www.eldigitaldeasturias.com\/noticias\/wp-json\/wp\/v2\/categories?post=978691"},{"taxonomy":"post_tag","embeddable":true,"href":"https:\/\/www.eldigitaldeasturias.com\/noticias\/wp-json\/wp\/v2\/tags?post=978691"}],"curies":[{"name":"wp","href":"https:\/\/api.w.org\/{rel}","templated":true}]}}