{"id":978688,"date":"2018-05-03T18:25:18","date_gmt":"2018-05-03T18:25:18","guid":{"rendered":"http:\/\/www.eldigitaldeasturias.com\/noticias\/?p=978688"},"modified":"2018-05-03T18:25:18","modified_gmt":"2018-05-03T18:25:18","slug":"jornadas-solidarias-en-dinopolis","status":"publish","type":"post","link":"https:\/\/www.eldigitaldeasturias.com\/noticias\/jornadas-solidarias-en-dinopolis\/","title":{"rendered":"Jornadas Solidarias en Din\u00f3polis"},"content":{"rendered":"<p><img loading=\"lazy\" decoding=\"async\" class=\"alignleft size-medium wp-image-978689\" src=\"https:\/\/www.eldigitaldeasturias.com\/noticias\/wp-content\/uploads\/2018\/05\/IMG_20180430-360x159.jpg\" alt=\"\" width=\"360\" height=\"159\" \/>Din\u00f3polis ha organizado por und\u00e9cimo a\u00f1o consecutivo sus \u2018Jornadas de Puertas Abiertas Solidarias\u2019 (JPAS), dirigidas a los turolenses con un fin solidario. Estas jornadas tendr\u00e1n lugar durante los s\u00e1bados y domingos de los meses de mayo, junio y julio, comenzando el s\u00e1bado 12 de mayo y concluyendo el domingo 29 de julio (a excepci\u00f3n del fin de semana 7 y 8 de julio con motivo de la celebraci\u00f3n de las Fiestas de La Vaquilla).<\/p>\n<p>Para ello, Din\u00f3polis pondr\u00e1 a la venta 7.000 entradas a un precio simb\u00f3lico de 4 euros y cuya recaudaci\u00f3n se destinar\u00e1 \u00edntegramente a la Asociaci\u00f3n de Padres de Ni\u00f1os Oncol\u00f3gicos de Arag\u00f3n (Aspanoa) por un lado, y a la Asociaci\u00f3n S\u00edndrome de Angelman (ASA), por otro. En el primer caso, Aspanoa lo destinar\u00e1 a su nuevo proyecto para mejorar la atenci\u00f3n que reciben las familias afectadas de Huesca y de Teruel. Y en el caso de ASA se destinar\u00e1 a financiar las investigaciones en curso sobre el S\u00edndrome de Angelman (SA), para seguir mejorando la atenci\u00f3n y calidad de las personas con SA y sus familias.<\/p>\n<p>\u201cCada a\u00f1o colaboramos con asociaciones cuya labor es fundamental para el colectivo por el que trabajan d\u00eda a d\u00eda, lo que hace que esta iniciativa sea muy gratificante para todos los que trabajamos en Din\u00f3polis y para todos aquellos que adquieren dichas entradas, en su mayor\u00eda turolenses, quienes tambi\u00e9n aprovechan para conocer a\u00f1o tras a\u00f1o las novedades del parque y disfrutar de una estupenda jornada con familia y amigos\u201d, ha destacado Higinia Navarro, directora-gerente de Din\u00f3polis.<\/p>\n<p><strong>Compra previa de las entradas<\/strong><\/p>\n<p>Aquellos que quieran visitar Din\u00f3polis durante la celebraci\u00f3n de la XI edici\u00f3n de las Jornadas de Puertas Abiertas Solidarias, podr\u00e1n adquirir sus entradas en las taquillas del parque a partir del martes 8 de mayo, todos los d\u00edas entre semana en horario de 10 a 14 h y de 16 a 19 h, exceptuando los d\u00edas de apertura al p\u00fablico, hasta agotar existencias. Es importante se\u00f1alar que al adquirir las entradas se deber\u00e1 elegir la fecha de la visita, como m\u00e1ximo se podr\u00e1n adquirir 15 entradas por persona y d\u00eda, y no se podr\u00e1n efectuar cambios ni devoluciones de entradas una vez adquiridas.<\/p>\n<p><strong>Nuevo proyecto de Aspanoa<\/strong><\/p>\n<p>Aspanoa es la Asociaci\u00f3n de Padres de Ni\u00f1os Oncol\u00f3gicos de Arag\u00f3n. Fundada en 1988 y declarada de Utilidad P\u00fablica por el Ministerio de Sanidad, su objetivo es mejorar la calidad de vida de los ni\u00f1os con c\u00e1ncer de Arag\u00f3n, apoyar a sus familias e impulsar la investigaci\u00f3n contra el c\u00e1ncer infantil.<\/p>\n<p>De este modo, atiende a todos los menores afectados por esta enfermedad en la Comunidad. Todos ellos son tratados en el Hospital Infantil Miguel Servet de Zaragoza al ser el \u00fanico centro con Oncopediatr\u00eda de Arag\u00f3n. El a\u00f1o pasado, Aspanoa atendi\u00f3 a 197 ni\u00f1os y adolescentes con c\u00e1ncer en las distintas fases del tratamiento, de los que 13 eran de la provincia de Teruel.<\/p>\n<p>Entre los servicios que dicha asociaci\u00f3n presta a estos ni\u00f1os y sus familias, siempre de forma completamente gratuita, est\u00e1n apoyo psicol\u00f3gico y social, fisioterapia, musicoterapia, actividades de ocio y tiempo libre, rehabilitaci\u00f3n de las secuelas que dejan los tumores cerebrales, campamentos, etc\u00e9tera. Tambi\u00e9n dispone de un piso de acogida junto al Hospital Infantil, donde pueden alojarse de forma gratuita todas aquellas familias que tienen que desplazarse hasta Zaragoza para recibir tratamiento.<\/p>\n<p>De esta manera, Aspanoa destinar\u00e1 la recaudaci\u00f3n de la XI edici\u00f3n de las Jornadas de Puertas Abiertas de Dinop\u00f3lis a su nuevo proyecto para mejorar la atenci\u00f3n que reciben las familias afectadas de Huesca y de Teruel. Aunque es cierto que todos los ni\u00f1os con c\u00e1ncer de Arag\u00f3n son tratados en Zaragoza, despu\u00e9s de la \u00e9poca hospitalaria los ni\u00f1os y la familia siguen precisando de apoyo especializado desde el punto de vista psicol\u00f3gico, de rehabilitaci\u00f3n de secuelas y de orientaci\u00f3n para volver al colegio. Dicha entidad presta estos servicios en Zaragoza, pero debido al importante territorio que tiene Arag\u00f3n hay familias que deben desplazarse en ocasiones m\u00e1s de 150 kil\u00f3metros para recibir este apoyo especializado. El objetivo consiste precisamente en eliminar este h\u00e1ndicap mediante la descentralizaci\u00f3n del servicio de postratamiento, evitando estos largos desplazamiento a familias de Huesca y de Teruel. Est\u00e1 previsto que el servicio empiece a dar sus primeros pasos en 2019; pero ya este a\u00f1o, en septiembre de 2018, se va a comenzar a formar a un psic\u00f3logo en Zaragoza para que posteriormente pueda iniciar este nuevo servicio en las provincias de Huesca y de Teruel.<\/p>\n<p>M\u00e1s informaci\u00f3n en <span style=\"color: #ff6600;\"><strong>aspanoa.org<\/strong><\/span><\/p>\n<p><strong>Investigaciones sonre la enfermedad del s\u00edndrome de Angelman<\/strong><\/p>\n<p>La Asociaci\u00f3n S\u00edndrome de Angelman (ASA) es una entidad sin \u00e1nimo de lucro que se constituy\u00f3 en Barcelona en Octubre de 1996, por la iniciativa de un grupo de padres con hijos\/as afectados por este s\u00edndrome. Desde diciembre de 2014 la asociaci\u00f3n est\u00e1 declarada entidad de utilidad p\u00fablica. Dicha asociaci\u00f3n est\u00e1 formada por unas 200 familias de todo el pa\u00eds. Desde sus comienzos, ASA ha trabajado para avanzar en el conocimiento y la divulgaci\u00f3n del s\u00edndrome. La diversidad geogr\u00e1fica, el hecho de ser un s\u00edndrome tan \u00abjoven\u00bb, desconocido y minoritario son dificultades que han tenido que ir sorteando de la mejor manera posible.<\/p>\n<p>Los objetivos de ASA son: facilitar la comunicaci\u00f3n entre las familias dando soporte, asesoramiento e informaci\u00f3n, profundizar en el conocimiento del SA estimulando la investigaci\u00f3n a todos los niveles y conseguir una mayor calidad de vida para las personas afectadas.<\/p>\n<p>La Asociaci\u00f3n del S\u00edndrome de Angelman destinar\u00e1 los fondos recaudados en las jornadas solidarias de Din\u00f3polis a financiar las investigaciones en curso sobre el S\u00edndrome de Angelman: la del Doctor Ugo Mayor (Universidad del Pa\u00eds Vasco) y a la Foundation for Angelman Syndrome Therapeutics, que financia a varios grupos de investigadores en todo el mundo.<\/p>\n<p>El S\u00edndrome de Angelman (SA) es un trastorno neurogen\u00e9tico de caracter\u00edsticas cl\u00ednicas bien definidas que afecta al cromosoma 15. Fue descrita por el Dr. Harry Angelman el a\u00f1o 1965 y afecta a uno de cada 20.000 reci\u00e9n nacidos, por lo que es considerada una enfermedad rara.<\/p>\n","protected":false},"excerpt":{"rendered":"<p>Din\u00f3polis ha organizado por und\u00e9cimo a\u00f1o consecutivo sus \u2018Jornadas de Puertas Abiertas Solidarias\u2019 (JPAS), dirigidas a los turolenses con un fin solidario. Estas jornadas tendr\u00e1n lugar durante los s\u00e1bados y domingos de los meses de mayo, junio y julio, comenzando el s\u00e1bado 12 de mayo y concluyendo el domingo 29 de julio (a excepci\u00f3n del [&hellip;]<\/p>\n","protected":false},"author":1,"featured_media":978689,"comment_status":"closed","ping_status":"closed","sticky":false,"template":"","format":"standard","meta":{"footnotes":""},"categories":[1],"tags":[],"class_list":["post-978688","post","type-post","status-publish","format-standard","has-post-thumbnail","hentry","category-actualidad"],"aioseo_notices":[],"aioseo_head":"\n\t\t<!-- All in One SEO Pro 5.0.1 - aioseo.com -->\n\t<meta name=\"description\" content=\"Din\u00f3polis ha organizado por und\u00e9cimo a\u00f1o consecutivo sus \u2018Jornadas de Puertas Abiertas Solidarias\u2019 (JPAS), dirigidas a los turolenses con un fin solidario. Estas jornadas tendr\u00e1n lugar durante los s\u00e1bados y domingos de los meses de mayo, junio y julio, comenzando el s\u00e1bado 12 de mayo y concluyendo el domingo 29 de julio (a excepci\u00f3n del\" \/>\n\t<meta name=\"robots\" content=\"max-image-preview:large\" \/>\n\t<meta name=\"author\" content=\"El Digital de Asturias\"\/>\n\t<meta name=\"google-site-verification\" content=\"UA-38556648-1\" \/>\n\t<meta name=\"msvalidate.01\" content=\"7dfe9f3f1b24437ab69f4f2559babe99\" \/>\n\t<meta name=\"keywords\" content=\"actualidad\" \/>\n\t<link rel=\"canonical\" href=\"https:\/\/www.eldigitaldeasturias.com\/noticias\/jornadas-solidarias-en-dinopolis\/\" \/>\n\t<meta name=\"generator\" content=\"All in One SEO Pro (AIOSEO) 5.0.1\" \/>\n\t\t<meta property=\"og:locale\" content=\"es_ES\" \/>\n\t\t<meta property=\"og:site_name\" content=\"El Digital de Asturias\" \/>\n\t\t<meta property=\"og:type\" content=\"article\" \/>\n\t\t<meta property=\"og:title\" content=\"Jornadas Solidarias en Din\u00f3polis - El Digital de Asturias\" \/>\n\t\t<meta property=\"og:description\" content=\"Din\u00f3polis ha organizado por und\u00e9cimo a\u00f1o consecutivo sus \u2018Jornadas de Puertas Abiertas Solidarias\u2019 (JPAS), dirigidas a los turolenses con un fin solidario. Estas jornadas tendr\u00e1n lugar durante los s\u00e1bados y domingos de los meses de mayo, junio y julio, comenzando el s\u00e1bado 12 de mayo y concluyendo el domingo 29 de julio (a excepci\u00f3n del\" \/>\n\t\t<meta property=\"og:url\" content=\"https:\/\/www.eldigitaldeasturias.com\/noticias\/jornadas-solidarias-en-dinopolis\/\" \/>\n\t\t<meta property=\"article:tag\" content=\"actualidad\" \/>\n\t\t<meta property=\"article:published_time\" content=\"2018-05-03T18:25:18+00:00\" \/>\n\t\t<meta property=\"article:modified_time\" content=\"2018-05-03T18:25:18+00:00\" \/>\n\t\t<meta property=\"article:publisher\" content=\"https:\/\/facebook.com\/eldigitaldeasturias\" \/>\n\t\t<meta name=\"twitter:card\" content=\"summary_large_image\" \/>\n\t\t<meta name=\"twitter:title\" content=\"Jornadas Solidarias en Din\u00f3polis - El Digital de Asturias\" \/>\n\t\t<meta name=\"twitter:description\" content=\"Din\u00f3polis ha organizado por und\u00e9cimo a\u00f1o consecutivo sus \u2018Jornadas de Puertas Abiertas Solidarias\u2019 (JPAS), dirigidas a los turolenses con un fin solidario. Estas jornadas tendr\u00e1n lugar durante los s\u00e1bados y domingos de los meses de mayo, junio y julio, comenzando el s\u00e1bado 12 de mayo y concluyendo el domingo 29 de julio (a excepci\u00f3n del\" \/>\n\t\t<meta name=\"twitter:image\" content=\"https:\/\/www.eldigitaldeasturias.com\/noticias\/wp-content\/uploads\/2020\/12\/EDA-1.jpg\" \/>\n\t\t<meta name=\"twitter:label1\" content=\"Escrito por\" \/>\n\t\t<meta name=\"twitter:data1\" content=\"El Digital de Asturias\" \/>\n\t\t<meta name=\"twitter:label2\" content=\"Tiempo de lectura estimado\" \/>\n\t\t<meta name=\"twitter:data2\" content=\"5 minutos\" \/>\n\t\t<script type=\"application\/ld+json\" class=\"aioseo-schema\">\n\t\t\t{\"@context\":\"https:\\\/\\\/schema.org\",\"@graph\":[{\"@type\":\"BlogPosting\",\"@id\":\"https:\\\/\\\/www.eldigitaldeasturias.com\\\/noticias\\\/jornadas-solidarias-en-dinopolis\\\/#blogposting\",\"name\":\"Jornadas Solidarias en Din\\u00f3polis - El Digital de Asturias\",\"headline\":\"Jornadas Solidarias en Din\\u00f3polis\",\"author\":{\"@id\":\"https:\\\/\\\/www.eldigitaldeasturias.com\\\/noticias\\\/author\\\/admin\\\/#author\"},\"publisher\":{\"@id\":\"https:\\\/\\\/www.eldigitaldeasturias.com\\\/noticias\\\/#organization\"},\"image\":{\"@type\":\"ImageObject\",\"url\":978689},\"datePublished\":\"2018-05-03T18:25:18+02:00\",\"dateModified\":\"2018-05-03T18:25:18+02:00\",\"inLanguage\":\"es-ES\",\"mainEntityOfPage\":{\"@id\":\"https:\\\/\\\/www.eldigitaldeasturias.com\\\/noticias\\\/jornadas-solidarias-en-dinopolis\\\/#webpage\"},\"isPartOf\":{\"@id\":\"https:\\\/\\\/www.eldigitaldeasturias.com\\\/noticias\\\/jornadas-solidarias-en-dinopolis\\\/#webpage\"},\"articleSection\":\"Actualidad\"},{\"@type\":\"BreadcrumbList\",\"@id\":\"https:\\\/\\\/www.eldigitaldeasturias.com\\\/noticias\\\/jornadas-solidarias-en-dinopolis\\\/#breadcrumblist\",\"itemListElement\":[{\"@type\":\"ListItem\",\"@id\":\"https:\\\/\\\/www.eldigitaldeasturias.com\\\/noticias#listItem\",\"position\":1,\"name\":\"Home\",\"item\":\"https:\\\/\\\/www.eldigitaldeasturias.com\\\/noticias\",\"nextItem\":{\"@type\":\"ListItem\",\"@id\":\"https:\\\/\\\/www.eldigitaldeasturias.com\\\/noticias\\\/category\\\/actualidad\\\/#listItem\",\"name\":\"Actualidad\"}},{\"@type\":\"ListItem\",\"@id\":\"https:\\\/\\\/www.eldigitaldeasturias.com\\\/noticias\\\/category\\\/actualidad\\\/#listItem\",\"position\":2,\"name\":\"Actualidad\",\"item\":\"https:\\\/\\\/www.eldigitaldeasturias.com\\\/noticias\\\/category\\\/actualidad\\\/\",\"nextItem\":{\"@type\":\"ListItem\",\"@id\":\"https:\\\/\\\/www.eldigitaldeasturias.com\\\/noticias\\\/jornadas-solidarias-en-dinopolis\\\/#listItem\",\"name\":\"Jornadas Solidarias en Din\\u00f3polis\"},\"previousItem\":{\"@type\":\"ListItem\",\"@id\":\"https:\\\/\\\/www.eldigitaldeasturias.com\\\/noticias#listItem\",\"name\":\"Home\"}},{\"@type\":\"ListItem\",\"@id\":\"https:\\\/\\\/www.eldigitaldeasturias.com\\\/noticias\\\/jornadas-solidarias-en-dinopolis\\\/#listItem\",\"position\":3,\"name\":\"Jornadas Solidarias en Din\\u00f3polis\",\"previousItem\":{\"@type\":\"ListItem\",\"@id\":\"https:\\\/\\\/www.eldigitaldeasturias.com\\\/noticias\\\/category\\\/actualidad\\\/#listItem\",\"name\":\"Actualidad\"}}]},{\"@type\":\"Organization\",\"@id\":\"https:\\\/\\\/www.eldigitaldeasturias.com\\\/noticias\\\/#organization\",\"name\":\"El Digital de Asturias\",\"description\":\"Hemeroteca\",\"url\":\"https:\\\/\\\/www.eldigitaldeasturias.com\\\/noticias\\\/\",\"email\":\"info@eldigitaldeasturias.com\",\"telephone\":\"+34652131393\",\"logo\":{\"@type\":\"ImageObject\",\"url\":\"https:\\\/\\\/www.eldigitaldeasturias.com\\\/noticias\\\/wp-content\\\/uploads\\\/2020\\\/12\\\/EDA.jpg\",\"@id\":\"https:\\\/\\\/www.eldigitaldeasturias.com\\\/noticias\\\/jornadas-solidarias-en-dinopolis\\\/#organizationLogo\"},\"image\":{\"@id\":\"https:\\\/\\\/www.eldigitaldeasturias.com\\\/noticias\\\/jornadas-solidarias-en-dinopolis\\\/#organizationLogo\"},\"sameAs\":[\"https:\\\/\\\/facebook.com\\\/eldigitaldeasturias\",\"https:\\\/\\\/www.youtube.com\\\/channel\\\/UCZP-2wLEB9Rv6erhFmqVnvg\"],\"address\":{\"@id\":\"https:\\\/\\\/www.eldigitaldeasturias.com\\\/noticias\\\/#postaladdress\",\"@type\":\"PostalAddress\",\"streetAddress\":\"san antonio 4\",\"postalCode\":\"33430\",\"addressLocality\":\"Cand\\u00e1s\",\"addressRegion\":\"Asturias\",\"addressCountry\":\"ES\"}},{\"@type\":\"Person\",\"@id\":\"https:\\\/\\\/www.eldigitaldeasturias.com\\\/noticias\\\/author\\\/admin\\\/#author\",\"url\":\"https:\\\/\\\/www.eldigitaldeasturias.com\\\/noticias\\\/author\\\/admin\\\/\",\"name\":\"El Digital de Asturias\",\"image\":{\"@type\":\"ImageObject\",\"@id\":\"https:\\\/\\\/www.eldigitaldeasturias.com\\\/noticias\\\/jornadas-solidarias-en-dinopolis\\\/#authorImage\",\"url\":\"https:\\\/\\\/secure.gravatar.com\\\/avatar\\\/df2aeffc32bcd13f8d26072ef8a91b623d677766deac7f97ca815868cd41bf5e?s=96&d=mm&r=g\",\"width\":96,\"height\":96,\"caption\":\"El Digital de Asturias\"}},{\"@type\":\"WebPage\",\"@id\":\"https:\\\/\\\/www.eldigitaldeasturias.com\\\/noticias\\\/jornadas-solidarias-en-dinopolis\\\/#webpage\",\"url\":\"https:\\\/\\\/www.eldigitaldeasturias.com\\\/noticias\\\/jornadas-solidarias-en-dinopolis\\\/\",\"name\":\"Jornadas Solidarias en Din\\u00f3polis - El Digital de Asturias\",\"description\":\"Din\\u00f3polis ha organizado por und\\u00e9cimo a\\u00f1o consecutivo sus \\u2018Jornadas de Puertas Abiertas Solidarias\\u2019 (JPAS), dirigidas a los turolenses con un fin solidario. Estas jornadas tendr\\u00e1n lugar durante los s\\u00e1bados y domingos de los meses de mayo, junio y julio, comenzando el s\\u00e1bado 12 de mayo y concluyendo el domingo 29 de julio (a excepci\\u00f3n del\",\"inLanguage\":\"es-ES\",\"isPartOf\":{\"@id\":\"https:\\\/\\\/www.eldigitaldeasturias.com\\\/noticias\\\/#website\"},\"breadcrumb\":{\"@id\":\"https:\\\/\\\/www.eldigitaldeasturias.com\\\/noticias\\\/jornadas-solidarias-en-dinopolis\\\/#breadcrumblist\"},\"author\":{\"@id\":\"https:\\\/\\\/www.eldigitaldeasturias.com\\\/noticias\\\/author\\\/admin\\\/#author\"},\"creator\":{\"@id\":\"https:\\\/\\\/www.eldigitaldeasturias.com\\\/noticias\\\/author\\\/admin\\\/#author\"},\"image\":{\"@type\":\"ImageObject\",\"url\":978689,\"@id\":\"https:\\\/\\\/www.eldigitaldeasturias.com\\\/noticias\\\/jornadas-solidarias-en-dinopolis\\\/#mainImage\"},\"primaryImageOfPage\":{\"@id\":\"https:\\\/\\\/www.eldigitaldeasturias.com\\\/noticias\\\/jornadas-solidarias-en-dinopolis\\\/#mainImage\"},\"datePublished\":\"2018-05-03T18:25:18+02:00\",\"dateModified\":\"2018-05-03T18:25:18+02:00\"},{\"@type\":\"WebSite\",\"@id\":\"https:\\\/\\\/www.eldigitaldeasturias.com\\\/noticias\\\/#website\",\"url\":\"https:\\\/\\\/www.eldigitaldeasturias.com\\\/noticias\\\/\",\"name\":\"El Digital de Asturias - Diario de actualidad y noticias\",\"alternateName\":\"El Digital de Asturias - Diario de actualidad y noticias\",\"description\":\"Hemeroteca\",\"inLanguage\":\"es-ES\",\"publisher\":{\"@id\":\"https:\\\/\\\/www.eldigitaldeasturias.com\\\/noticias\\\/#organization\"}}]}\n\t\t<\/script>\n\t\t<!-- All in One SEO Pro -->\r\n\t\t<title>Jornadas Solidarias en Din\u00f3polis - El Digital de Asturias<\/title>\n\n","aioseo_head_json":{"title":"Jornadas Solidarias en Din\u00f3polis - El Digital de Asturias","description":"Din\u00f3polis ha organizado por und\u00e9cimo a\u00f1o consecutivo sus \u2018Jornadas de Puertas Abiertas Solidarias\u2019 (JPAS), dirigidas a los turolenses con un fin solidario. Estas jornadas tendr\u00e1n lugar durante los s\u00e1bados y domingos de los meses de mayo, junio y julio, comenzando el s\u00e1bado 12 de mayo y concluyendo el domingo 29 de julio (a excepci\u00f3n del","canonical_url":"https:\/\/www.eldigitaldeasturias.com\/noticias\/jornadas-solidarias-en-dinopolis\/","robots":"max-image-preview:large","keywords":"actualidad","webmasterTools":{"google-site-verification":"UA-38556648-1","msvalidate.01":"7dfe9f3f1b24437ab69f4f2559babe99","miscellaneous":""},"schema":{"@context":"https:\/\/schema.org","@graph":[{"@type":"BlogPosting","@id":"https:\/\/www.eldigitaldeasturias.com\/noticias\/jornadas-solidarias-en-dinopolis\/#blogposting","name":"Jornadas Solidarias en Din\u00f3polis - El Digital de Asturias","headline":"Jornadas Solidarias en Din\u00f3polis","author":{"@id":"https:\/\/www.eldigitaldeasturias.com\/noticias\/author\/admin\/#author"},"publisher":{"@id":"https:\/\/www.eldigitaldeasturias.com\/noticias\/#organization"},"image":{"@type":"ImageObject","url":978689},"datePublished":"2018-05-03T18:25:18+02:00","dateModified":"2018-05-03T18:25:18+02:00","inLanguage":"es-ES","mainEntityOfPage":{"@id":"https:\/\/www.eldigitaldeasturias.com\/noticias\/jornadas-solidarias-en-dinopolis\/#webpage"},"isPartOf":{"@id":"https:\/\/www.eldigitaldeasturias.com\/noticias\/jornadas-solidarias-en-dinopolis\/#webpage"},"articleSection":"Actualidad"},{"@type":"BreadcrumbList","@id":"https:\/\/www.eldigitaldeasturias.com\/noticias\/jornadas-solidarias-en-dinopolis\/#breadcrumblist","itemListElement":[{"@type":"ListItem","@id":"https:\/\/www.eldigitaldeasturias.com\/noticias#listItem","position":1,"name":"Home","item":"https:\/\/www.eldigitaldeasturias.com\/noticias","nextItem":{"@type":"ListItem","@id":"https:\/\/www.eldigitaldeasturias.com\/noticias\/category\/actualidad\/#listItem","name":"Actualidad"}},{"@type":"ListItem","@id":"https:\/\/www.eldigitaldeasturias.com\/noticias\/category\/actualidad\/#listItem","position":2,"name":"Actualidad","item":"https:\/\/www.eldigitaldeasturias.com\/noticias\/category\/actualidad\/","nextItem":{"@type":"ListItem","@id":"https:\/\/www.eldigitaldeasturias.com\/noticias\/jornadas-solidarias-en-dinopolis\/#listItem","name":"Jornadas Solidarias en Din\u00f3polis"},"previousItem":{"@type":"ListItem","@id":"https:\/\/www.eldigitaldeasturias.com\/noticias#listItem","name":"Home"}},{"@type":"ListItem","@id":"https:\/\/www.eldigitaldeasturias.com\/noticias\/jornadas-solidarias-en-dinopolis\/#listItem","position":3,"name":"Jornadas Solidarias en Din\u00f3polis","previousItem":{"@type":"ListItem","@id":"https:\/\/www.eldigitaldeasturias.com\/noticias\/category\/actualidad\/#listItem","name":"Actualidad"}}]},{"@type":"Organization","@id":"https:\/\/www.eldigitaldeasturias.com\/noticias\/#organization","name":"El Digital de Asturias","description":"Hemeroteca","url":"https:\/\/www.eldigitaldeasturias.com\/noticias\/","email":"info@eldigitaldeasturias.com","telephone":"+34652131393","logo":{"@type":"ImageObject","url":"https:\/\/www.eldigitaldeasturias.com\/noticias\/wp-content\/uploads\/2020\/12\/EDA.jpg","@id":"https:\/\/www.eldigitaldeasturias.com\/noticias\/jornadas-solidarias-en-dinopolis\/#organizationLogo"},"image":{"@id":"https:\/\/www.eldigitaldeasturias.com\/noticias\/jornadas-solidarias-en-dinopolis\/#organizationLogo"},"sameAs":["https:\/\/facebook.com\/eldigitaldeasturias","https:\/\/www.youtube.com\/channel\/UCZP-2wLEB9Rv6erhFmqVnvg"],"address":{"@id":"https:\/\/www.eldigitaldeasturias.com\/noticias\/#postaladdress","@type":"PostalAddress","streetAddress":"san antonio 4","postalCode":"33430","addressLocality":"Cand\u00e1s","addressRegion":"Asturias","addressCountry":"ES"}},{"@type":"Person","@id":"https:\/\/www.eldigitaldeasturias.com\/noticias\/author\/admin\/#author","url":"https:\/\/www.eldigitaldeasturias.com\/noticias\/author\/admin\/","name":"El Digital de Asturias","image":{"@type":"ImageObject","@id":"https:\/\/www.eldigitaldeasturias.com\/noticias\/jornadas-solidarias-en-dinopolis\/#authorImage","url":"https:\/\/secure.gravatar.com\/avatar\/df2aeffc32bcd13f8d26072ef8a91b623d677766deac7f97ca815868cd41bf5e?s=96&d=mm&r=g","width":96,"height":96,"caption":"El Digital de Asturias"}},{"@type":"WebPage","@id":"https:\/\/www.eldigitaldeasturias.com\/noticias\/jornadas-solidarias-en-dinopolis\/#webpage","url":"https:\/\/www.eldigitaldeasturias.com\/noticias\/jornadas-solidarias-en-dinopolis\/","name":"Jornadas Solidarias en Din\u00f3polis - El Digital de Asturias","description":"Din\u00f3polis ha organizado por und\u00e9cimo a\u00f1o consecutivo sus \u2018Jornadas de Puertas Abiertas Solidarias\u2019 (JPAS), dirigidas a los turolenses con un fin solidario. Estas jornadas tendr\u00e1n lugar durante los s\u00e1bados y domingos de los meses de mayo, junio y julio, comenzando el s\u00e1bado 12 de mayo y concluyendo el domingo 29 de julio (a excepci\u00f3n del","inLanguage":"es-ES","isPartOf":{"@id":"https:\/\/www.eldigitaldeasturias.com\/noticias\/#website"},"breadcrumb":{"@id":"https:\/\/www.eldigitaldeasturias.com\/noticias\/jornadas-solidarias-en-dinopolis\/#breadcrumblist"},"author":{"@id":"https:\/\/www.eldigitaldeasturias.com\/noticias\/author\/admin\/#author"},"creator":{"@id":"https:\/\/www.eldigitaldeasturias.com\/noticias\/author\/admin\/#author"},"image":{"@type":"ImageObject","url":978689,"@id":"https:\/\/www.eldigitaldeasturias.com\/noticias\/jornadas-solidarias-en-dinopolis\/#mainImage"},"primaryImageOfPage":{"@id":"https:\/\/www.eldigitaldeasturias.com\/noticias\/jornadas-solidarias-en-dinopolis\/#mainImage"},"datePublished":"2018-05-03T18:25:18+02:00","dateModified":"2018-05-03T18:25:18+02:00"},{"@type":"WebSite","@id":"https:\/\/www.eldigitaldeasturias.com\/noticias\/#website","url":"https:\/\/www.eldigitaldeasturias.com\/noticias\/","name":"El Digital de Asturias - Diario de actualidad y noticias","alternateName":"El Digital de Asturias - Diario de actualidad y noticias","description":"Hemeroteca","inLanguage":"es-ES","publisher":{"@id":"https:\/\/www.eldigitaldeasturias.com\/noticias\/#organization"}}]},"og:locale":"es_ES","og:site_name":"El Digital de Asturias","og:type":"article","og:title":"Jornadas Solidarias en Din\u00f3polis - El Digital de Asturias","og:description":"Din\u00f3polis ha organizado por und\u00e9cimo a\u00f1o consecutivo sus \u2018Jornadas de Puertas Abiertas Solidarias\u2019 (JPAS), dirigidas a los turolenses con un fin solidario. Estas jornadas tendr\u00e1n lugar durante los s\u00e1bados y domingos de los meses de mayo, junio y julio, comenzando el s\u00e1bado 12 de mayo y concluyendo el domingo 29 de julio (a excepci\u00f3n del","og:url":"https:\/\/www.eldigitaldeasturias.com\/noticias\/jornadas-solidarias-en-dinopolis\/","article:tag":["actualidad"],"article:published_time":"2018-05-03T18:25:18+00:00","article:modified_time":"2018-05-03T18:25:18+00:00","article:publisher":"https:\/\/facebook.com\/eldigitaldeasturias","twitter:card":"summary_large_image","twitter:title":"Jornadas Solidarias en Din\u00f3polis - El Digital de Asturias","twitter:description":"Din\u00f3polis ha organizado por und\u00e9cimo a\u00f1o consecutivo sus \u2018Jornadas de Puertas Abiertas Solidarias\u2019 (JPAS), dirigidas a los turolenses con un fin solidario. Estas jornadas tendr\u00e1n lugar durante los s\u00e1bados y domingos de los meses de mayo, junio y julio, comenzando el s\u00e1bado 12 de mayo y concluyendo el domingo 29 de julio (a excepci\u00f3n del","twitter:image":"https:\/\/www.eldigitaldeasturias.com\/noticias\/wp-content\/uploads\/2020\/12\/EDA-1.jpg","twitter:label1":"Escrito por","twitter:data1":"El Digital de Asturias","twitter:label2":"Tiempo de lectura estimado","twitter:data2":"5 minutos"},"aioseo_meta_data":{"post_id":"978688","title":null,"description":null,"keywords":null,"keyphrases":null,"primary_term":null,"canonical_url":null,"og_title":null,"og_description":null,"og_object_type":"default","og_image_type":"default","og_image_url":null,"og_image_width":null,"og_image_height":null,"og_image_custom_url":null,"og_image_custom_fields":null,"og_video":null,"og_custom_url":null,"og_article_section":null,"og_article_tags":null,"twitter_use_og":false,"twitter_card":"default","twitter_image_type":"default","twitter_image_url":null,"twitter_image_custom_url":null,"twitter_image_custom_fields":null,"twitter_title":null,"twitter_description":null,"schema":{"blockGraphs":[],"customGraphs":[],"default":{"data":{"Article":[],"Course":[],"Dataset":[],"FAQPage":[],"Movie":[],"Person":[],"Product":[],"ProductReview":[],"Car":[],"Recipe":[],"Service":[],"SoftwareApplication":[],"WebPage":[]},"graphName":"","isEnabled":true},"graphs":[],"defaultGraph":"","defaultPostTypeGraph":""},"schema_type":null,"schema_type_options":null,"pillar_content":false,"robots_default":true,"robots_noindex":false,"robots_noarchive":false,"robots_nosnippet":false,"robots_nofollow":false,"robots_noimageindex":false,"robots_noodp":false,"robots_notranslate":false,"robots_max_snippet":null,"robots_max_videopreview":null,"robots_max_imagepreview":"large","priority":null,"frequency":null,"local_seo":null,"seo_analyzer_scan_date":"2025-10-08 11:44:08","breadcrumb_settings":null,"limit_modified_date":false,"open_ai":null,"ai":null,"created":"2020-12-21 12:01:37","updated":"2025-10-08 11:44:08","focus_keyword":null,"additional_keywords":null,"truseo_locale":null},"aioseo_breadcrumb":"<div class=\"aioseo-breadcrumbs\"><span class=\"aioseo-breadcrumb\">\n\t<a href=\"https:\/\/www.eldigitaldeasturias.com\/noticias\" title=\"Home\">Home<\/a>\n<\/span><span class=\"aioseo-breadcrumb-separator\">\u2013<\/span><span class=\"aioseo-breadcrumb\">\n\t<a href=\"https:\/\/www.eldigitaldeasturias.com\/noticias\/category\/actualidad\/\" title=\"Actualidad\">Actualidad<\/a>\n<\/span><span class=\"aioseo-breadcrumb-separator\">\u2013<\/span><span class=\"aioseo-breadcrumb\">\n\t<a href=\"https:\/\/www.eldigitaldeasturias.com\/noticias\/jornadas-solidarias-en-dinopolis\/\" title=\"Jornadas Solidarias en Din\u00f3polis\">Jornadas Solidarias en Din\u00f3polis<\/a>\n<\/span><\/div>","aioseo_breadcrumb_json":[{"label":"Home","link":"https:\/\/www.eldigitaldeasturias.com\/noticias"},{"label":"Actualidad","link":"https:\/\/www.eldigitaldeasturias.com\/noticias\/category\/actualidad\/"},{"label":"Jornadas Solidarias en Din\u00f3polis","link":"https:\/\/www.eldigitaldeasturias.com\/noticias\/jornadas-solidarias-en-dinopolis\/"}],"_links":{"self":[{"href":"https:\/\/www.eldigitaldeasturias.com\/noticias\/wp-json\/wp\/v2\/posts\/978688","targetHints":{"allow":["GET"]}}],"collection":[{"href":"https:\/\/www.eldigitaldeasturias.com\/noticias\/wp-json\/wp\/v2\/posts"}],"about":[{"href":"https:\/\/www.eldigitaldeasturias.com\/noticias\/wp-json\/wp\/v2\/types\/post"}],"author":[{"embeddable":true,"href":"https:\/\/www.eldigitaldeasturias.com\/noticias\/wp-json\/wp\/v2\/users\/1"}],"replies":[{"embeddable":true,"href":"https:\/\/www.eldigitaldeasturias.com\/noticias\/wp-json\/wp\/v2\/comments?post=978688"}],"version-history":[{"count":0,"href":"https:\/\/www.eldigitaldeasturias.com\/noticias\/wp-json\/wp\/v2\/posts\/978688\/revisions"}],"wp:attachment":[{"href":"https:\/\/www.eldigitaldeasturias.com\/noticias\/wp-json\/wp\/v2\/media?parent=978688"}],"wp:term":[{"taxonomy":"category","embeddable":true,"href":"https:\/\/www.eldigitaldeasturias.com\/noticias\/wp-json\/wp\/v2\/categories?post=978688"},{"taxonomy":"post_tag","embeddable":true,"href":"https:\/\/www.eldigitaldeasturias.com\/noticias\/wp-json\/wp\/v2\/tags?post=978688"}],"curies":[{"name":"wp","href":"https:\/\/api.w.org\/{rel}","templated":true}]}}