{"id":978683,"date":"2018-05-03T18:20:03","date_gmt":"2018-05-03T18:20:03","guid":{"rendered":"http:\/\/www.eldigitaldeasturias.com\/noticias\/?p=978683"},"modified":"2018-05-03T18:20:03","modified_gmt":"2018-05-03T18:20:03","slug":"merkel-se-muestra-partidaria-de-dialogar-con-el-gobierno-irani","status":"publish","type":"post","link":"https:\/\/www.eldigitaldeasturias.com\/noticias\/merkel-se-muestra-partidaria-de-dialogar-con-el-gobierno-irani\/","title":{"rendered":"Merkel se muestra partidaria de dialogar con el gobierno iran\u00ed"},"content":{"rendered":"<p><img loading=\"lazy\" decoding=\"async\" class=\"alignleft size-medium wp-image-970727\" src=\"https:\/\/www.eldigitaldeasturias.com\/noticias\/wp-content\/uploads\/2018\/03\/bundestag-2463231_1280-360x240.jpg\" alt=\"\" width=\"360\" height=\"240\" \/>Berl\u00edn, 3 may (dpa) &#8211; La canciller alemana, Angela Merkel, defendi\u00f3 el acuerdo nuclear con Ir\u00e1n, al tiempo que apost\u00f3 por celebrar nuevas conversaciones con Teher\u00e1n sobre asuntos problem\u00e1ticos de la regi\u00f3n.<\/p>\n<p>Merkel subray\u00f3 la posibilidad de dialogar con el gobierno iran\u00ed de la situaci\u00f3n en Siria -donde Teher\u00e1n apoya al presidente Bashar al Assad- as\u00ed como sobre su programa de misiles bal\u00edsticos.<\/p>\n<p>La canciller insisti\u00f3 adem\u00e1s en el di\u00e1logo como v\u00eda de soluci\u00f3n, al ser preguntada sobre el acuerdo firmado entre Ir\u00e1n y varias potencias internacionales en 2015 y que ahora amenaza con abandonar el presidente estadounidense, Donald Trump.<\/p>\n<p>Y en cuanto a las recientes acusaciones de Israel de que Ir\u00e1n ocult\u00f3 informaci\u00f3n sobre un programa secreto para fabricar una bomba nuclear, Merkel dijo las informaciones deben ser puestas \u00abmuy r\u00e1pidamente\u00bb a disposici\u00f3n del Organismo Internacional de la Energ\u00eda At\u00f3mica (OIEA).<\/p>\n<p>El organismo es el encargado de vigilar el cumplimiento del acuerdo y hasta el momento ha constatado el cumplimiento de los compromisos por parte de Teher\u00e1n.<\/p>\n","protected":false},"excerpt":{"rendered":"<p>Berl\u00edn, 3 may (dpa) &#8211; La canciller alemana, Angela Merkel, defendi\u00f3 el acuerdo nuclear con Ir\u00e1n, al tiempo que apost\u00f3 por celebrar nuevas conversaciones con Teher\u00e1n sobre asuntos problem\u00e1ticos de la regi\u00f3n. Merkel subray\u00f3 la posibilidad de dialogar con el gobierno iran\u00ed de la situaci\u00f3n en Siria -donde Teher\u00e1n apoya al presidente Bashar al Assad- [&hellip;]<\/p>\n","protected":false},"author":1,"featured_media":970727,"comment_status":"closed","ping_status":"closed","sticky":false,"template":"","format":"standard","meta":{"footnotes":""},"categories":[1],"tags":[],"class_list":["post-978683","post","type-post","status-publish","format-standard","has-post-thumbnail","hentry","category-actualidad"],"aioseo_notices":[],"aioseo_head":"\n\t\t<!-- All in One SEO Pro 5.0.1 - aioseo.com -->\n\t<meta name=\"description\" content=\"Berl\u00edn, 3 may (dpa) - La canciller alemana, Angela Merkel, defendi\u00f3 el acuerdo nuclear con Ir\u00e1n, al tiempo que apost\u00f3 por celebrar nuevas conversaciones con Teher\u00e1n sobre asuntos problem\u00e1ticos de la regi\u00f3n. Merkel subray\u00f3 la posibilidad de dialogar con el gobierno iran\u00ed de la situaci\u00f3n en Siria -donde Teher\u00e1n apoya al presidente Bashar al Assad-\" \/>\n\t<meta name=\"robots\" content=\"max-image-preview:large\" \/>\n\t<meta name=\"author\" content=\"El Digital de Asturias\"\/>\n\t<meta name=\"google-site-verification\" content=\"UA-38556648-1\" \/>\n\t<meta name=\"msvalidate.01\" content=\"7dfe9f3f1b24437ab69f4f2559babe99\" \/>\n\t<meta name=\"keywords\" content=\"actualidad\" \/>\n\t<link rel=\"canonical\" href=\"https:\/\/www.eldigitaldeasturias.com\/noticias\/merkel-se-muestra-partidaria-de-dialogar-con-el-gobierno-irani\/\" \/>\n\t<meta name=\"generator\" content=\"All in One SEO Pro (AIOSEO) 5.0.1\" \/>\n\t\t<meta property=\"og:locale\" content=\"es_ES\" \/>\n\t\t<meta property=\"og:site_name\" content=\"El Digital de Asturias\" \/>\n\t\t<meta property=\"og:type\" content=\"article\" \/>\n\t\t<meta property=\"og:title\" content=\"Merkel se muestra partidaria de dialogar con el gobierno iran\u00ed - El Digital de Asturias\" \/>\n\t\t<meta property=\"og:description\" content=\"Berl\u00edn, 3 may (dpa) - La canciller alemana, Angela Merkel, defendi\u00f3 el acuerdo nuclear con Ir\u00e1n, al tiempo que apost\u00f3 por celebrar nuevas conversaciones con Teher\u00e1n sobre asuntos problem\u00e1ticos de la regi\u00f3n. Merkel subray\u00f3 la posibilidad de dialogar con el gobierno iran\u00ed de la situaci\u00f3n en Siria -donde Teher\u00e1n apoya al presidente Bashar al Assad-\" \/>\n\t\t<meta property=\"og:url\" content=\"https:\/\/www.eldigitaldeasturias.com\/noticias\/merkel-se-muestra-partidaria-de-dialogar-con-el-gobierno-irani\/\" \/>\n\t\t<meta property=\"article:tag\" content=\"actualidad\" \/>\n\t\t<meta property=\"article:published_time\" content=\"2018-05-03T18:20:03+00:00\" \/>\n\t\t<meta property=\"article:modified_time\" content=\"2018-05-03T18:20:03+00:00\" \/>\n\t\t<meta property=\"article:publisher\" content=\"https:\/\/facebook.com\/eldigitaldeasturias\" \/>\n\t\t<meta name=\"twitter:card\" content=\"summary_large_image\" \/>\n\t\t<meta name=\"twitter:title\" content=\"Merkel se muestra partidaria de dialogar con el gobierno iran\u00ed - El Digital de Asturias\" \/>\n\t\t<meta name=\"twitter:description\" content=\"Berl\u00edn, 3 may (dpa) - La canciller alemana, Angela Merkel, defendi\u00f3 el acuerdo nuclear con Ir\u00e1n, al tiempo que apost\u00f3 por celebrar nuevas conversaciones con Teher\u00e1n sobre asuntos problem\u00e1ticos de la regi\u00f3n. Merkel subray\u00f3 la posibilidad de dialogar con el gobierno iran\u00ed de la situaci\u00f3n en Siria -donde Teher\u00e1n apoya al presidente Bashar al Assad-\" \/>\n\t\t<meta name=\"twitter:image\" content=\"https:\/\/www.eldigitaldeasturias.com\/noticias\/wp-content\/uploads\/2020\/12\/EDA-1.jpg\" \/>\n\t\t<meta name=\"twitter:label1\" content=\"Escrito por\" \/>\n\t\t<meta name=\"twitter:data1\" content=\"El Digital de Asturias\" \/>\n\t\t<meta name=\"twitter:label2\" content=\"Tiempo de lectura estimado\" \/>\n\t\t<meta name=\"twitter:data2\" content=\"1 minuto\" \/>\n\t\t<script type=\"application\/ld+json\" class=\"aioseo-schema\">\n\t\t\t{\"@context\":\"https:\\\/\\\/schema.org\",\"@graph\":[{\"@type\":\"BlogPosting\",\"@id\":\"https:\\\/\\\/www.eldigitaldeasturias.com\\\/noticias\\\/merkel-se-muestra-partidaria-de-dialogar-con-el-gobierno-irani\\\/#blogposting\",\"name\":\"Merkel se muestra partidaria de dialogar con el gobierno iran\\u00ed - El Digital de Asturias\",\"headline\":\"Merkel se muestra partidaria de dialogar con el gobierno iran\\u00ed\",\"author\":{\"@id\":\"https:\\\/\\\/www.eldigitaldeasturias.com\\\/noticias\\\/author\\\/admin\\\/#author\"},\"publisher\":{\"@id\":\"https:\\\/\\\/www.eldigitaldeasturias.com\\\/noticias\\\/#organization\"},\"image\":{\"@type\":\"ImageObject\",\"url\":970727},\"datePublished\":\"2018-05-03T18:20:03+02:00\",\"dateModified\":\"2018-05-03T18:20:03+02:00\",\"inLanguage\":\"es-ES\",\"mainEntityOfPage\":{\"@id\":\"https:\\\/\\\/www.eldigitaldeasturias.com\\\/noticias\\\/merkel-se-muestra-partidaria-de-dialogar-con-el-gobierno-irani\\\/#webpage\"},\"isPartOf\":{\"@id\":\"https:\\\/\\\/www.eldigitaldeasturias.com\\\/noticias\\\/merkel-se-muestra-partidaria-de-dialogar-con-el-gobierno-irani\\\/#webpage\"},\"articleSection\":\"Actualidad\"},{\"@type\":\"BreadcrumbList\",\"@id\":\"https:\\\/\\\/www.eldigitaldeasturias.com\\\/noticias\\\/merkel-se-muestra-partidaria-de-dialogar-con-el-gobierno-irani\\\/#breadcrumblist\",\"itemListElement\":[{\"@type\":\"ListItem\",\"@id\":\"https:\\\/\\\/www.eldigitaldeasturias.com\\\/noticias#listItem\",\"position\":1,\"name\":\"Home\",\"item\":\"https:\\\/\\\/www.eldigitaldeasturias.com\\\/noticias\",\"nextItem\":{\"@type\":\"ListItem\",\"@id\":\"https:\\\/\\\/www.eldigitaldeasturias.com\\\/noticias\\\/category\\\/actualidad\\\/#listItem\",\"name\":\"Actualidad\"}},{\"@type\":\"ListItem\",\"@id\":\"https:\\\/\\\/www.eldigitaldeasturias.com\\\/noticias\\\/category\\\/actualidad\\\/#listItem\",\"position\":2,\"name\":\"Actualidad\",\"item\":\"https:\\\/\\\/www.eldigitaldeasturias.com\\\/noticias\\\/category\\\/actualidad\\\/\",\"nextItem\":{\"@type\":\"ListItem\",\"@id\":\"https:\\\/\\\/www.eldigitaldeasturias.com\\\/noticias\\\/merkel-se-muestra-partidaria-de-dialogar-con-el-gobierno-irani\\\/#listItem\",\"name\":\"Merkel se muestra partidaria de dialogar con el gobierno iran\\u00ed\"},\"previousItem\":{\"@type\":\"ListItem\",\"@id\":\"https:\\\/\\\/www.eldigitaldeasturias.com\\\/noticias#listItem\",\"name\":\"Home\"}},{\"@type\":\"ListItem\",\"@id\":\"https:\\\/\\\/www.eldigitaldeasturias.com\\\/noticias\\\/merkel-se-muestra-partidaria-de-dialogar-con-el-gobierno-irani\\\/#listItem\",\"position\":3,\"name\":\"Merkel se muestra partidaria de dialogar con el gobierno iran\\u00ed\",\"previousItem\":{\"@type\":\"ListItem\",\"@id\":\"https:\\\/\\\/www.eldigitaldeasturias.com\\\/noticias\\\/category\\\/actualidad\\\/#listItem\",\"name\":\"Actualidad\"}}]},{\"@type\":\"Organization\",\"@id\":\"https:\\\/\\\/www.eldigitaldeasturias.com\\\/noticias\\\/#organization\",\"name\":\"El Digital de Asturias\",\"description\":\"Hemeroteca\",\"url\":\"https:\\\/\\\/www.eldigitaldeasturias.com\\\/noticias\\\/\",\"email\":\"info@eldigitaldeasturias.com\",\"telephone\":\"+34652131393\",\"logo\":{\"@type\":\"ImageObject\",\"url\":\"https:\\\/\\\/www.eldigitaldeasturias.com\\\/noticias\\\/wp-content\\\/uploads\\\/2020\\\/12\\\/EDA.jpg\",\"@id\":\"https:\\\/\\\/www.eldigitaldeasturias.com\\\/noticias\\\/merkel-se-muestra-partidaria-de-dialogar-con-el-gobierno-irani\\\/#organizationLogo\"},\"image\":{\"@id\":\"https:\\\/\\\/www.eldigitaldeasturias.com\\\/noticias\\\/merkel-se-muestra-partidaria-de-dialogar-con-el-gobierno-irani\\\/#organizationLogo\"},\"sameAs\":[\"https:\\\/\\\/facebook.com\\\/eldigitaldeasturias\",\"https:\\\/\\\/www.youtube.com\\\/channel\\\/UCZP-2wLEB9Rv6erhFmqVnvg\"],\"address\":{\"@id\":\"https:\\\/\\\/www.eldigitaldeasturias.com\\\/noticias\\\/#postaladdress\",\"@type\":\"PostalAddress\",\"streetAddress\":\"san antonio 4\",\"postalCode\":\"33430\",\"addressLocality\":\"Cand\\u00e1s\",\"addressRegion\":\"Asturias\",\"addressCountry\":\"ES\"}},{\"@type\":\"Person\",\"@id\":\"https:\\\/\\\/www.eldigitaldeasturias.com\\\/noticias\\\/author\\\/admin\\\/#author\",\"url\":\"https:\\\/\\\/www.eldigitaldeasturias.com\\\/noticias\\\/author\\\/admin\\\/\",\"name\":\"El Digital de Asturias\",\"image\":{\"@type\":\"ImageObject\",\"@id\":\"https:\\\/\\\/www.eldigitaldeasturias.com\\\/noticias\\\/merkel-se-muestra-partidaria-de-dialogar-con-el-gobierno-irani\\\/#authorImage\",\"url\":\"https:\\\/\\\/secure.gravatar.com\\\/avatar\\\/df2aeffc32bcd13f8d26072ef8a91b623d677766deac7f97ca815868cd41bf5e?s=96&d=mm&r=g\",\"width\":96,\"height\":96,\"caption\":\"El Digital de Asturias\"}},{\"@type\":\"WebPage\",\"@id\":\"https:\\\/\\\/www.eldigitaldeasturias.com\\\/noticias\\\/merkel-se-muestra-partidaria-de-dialogar-con-el-gobierno-irani\\\/#webpage\",\"url\":\"https:\\\/\\\/www.eldigitaldeasturias.com\\\/noticias\\\/merkel-se-muestra-partidaria-de-dialogar-con-el-gobierno-irani\\\/\",\"name\":\"Merkel se muestra partidaria de dialogar con el gobierno iran\\u00ed - El Digital de Asturias\",\"description\":\"Berl\\u00edn, 3 may (dpa) - La canciller alemana, Angela Merkel, defendi\\u00f3 el acuerdo nuclear con Ir\\u00e1n, al tiempo que apost\\u00f3 por celebrar nuevas conversaciones con Teher\\u00e1n sobre asuntos problem\\u00e1ticos de la regi\\u00f3n. Merkel subray\\u00f3 la posibilidad de dialogar con el gobierno iran\\u00ed de la situaci\\u00f3n en Siria -donde Teher\\u00e1n apoya al presidente Bashar al Assad-\",\"inLanguage\":\"es-ES\",\"isPartOf\":{\"@id\":\"https:\\\/\\\/www.eldigitaldeasturias.com\\\/noticias\\\/#website\"},\"breadcrumb\":{\"@id\":\"https:\\\/\\\/www.eldigitaldeasturias.com\\\/noticias\\\/merkel-se-muestra-partidaria-de-dialogar-con-el-gobierno-irani\\\/#breadcrumblist\"},\"author\":{\"@id\":\"https:\\\/\\\/www.eldigitaldeasturias.com\\\/noticias\\\/author\\\/admin\\\/#author\"},\"creator\":{\"@id\":\"https:\\\/\\\/www.eldigitaldeasturias.com\\\/noticias\\\/author\\\/admin\\\/#author\"},\"image\":{\"@type\":\"ImageObject\",\"url\":970727,\"@id\":\"https:\\\/\\\/www.eldigitaldeasturias.com\\\/noticias\\\/merkel-se-muestra-partidaria-de-dialogar-con-el-gobierno-irani\\\/#mainImage\"},\"primaryImageOfPage\":{\"@id\":\"https:\\\/\\\/www.eldigitaldeasturias.com\\\/noticias\\\/merkel-se-muestra-partidaria-de-dialogar-con-el-gobierno-irani\\\/#mainImage\"},\"datePublished\":\"2018-05-03T18:20:03+02:00\",\"dateModified\":\"2018-05-03T18:20:03+02:00\"},{\"@type\":\"WebSite\",\"@id\":\"https:\\\/\\\/www.eldigitaldeasturias.com\\\/noticias\\\/#website\",\"url\":\"https:\\\/\\\/www.eldigitaldeasturias.com\\\/noticias\\\/\",\"name\":\"El Digital de Asturias - Diario de actualidad y noticias\",\"alternateName\":\"El Digital de Asturias - Diario de actualidad y noticias\",\"description\":\"Hemeroteca\",\"inLanguage\":\"es-ES\",\"publisher\":{\"@id\":\"https:\\\/\\\/www.eldigitaldeasturias.com\\\/noticias\\\/#organization\"}}]}\n\t\t<\/script>\n\t\t<!-- All in One SEO Pro -->\r\n\t\t<title>Merkel se muestra partidaria de dialogar con el gobierno iran\u00ed - El Digital de Asturias<\/title>\n\n","aioseo_head_json":{"title":"Merkel se muestra partidaria de dialogar con el gobierno iran\u00ed - El Digital de Asturias","description":"Berl\u00edn, 3 may (dpa) - La canciller alemana, Angela Merkel, defendi\u00f3 el acuerdo nuclear con Ir\u00e1n, al tiempo que apost\u00f3 por celebrar nuevas conversaciones con Teher\u00e1n sobre asuntos problem\u00e1ticos de la regi\u00f3n. Merkel subray\u00f3 la posibilidad de dialogar con el gobierno iran\u00ed de la situaci\u00f3n en Siria -donde Teher\u00e1n apoya al presidente Bashar al Assad-","canonical_url":"https:\/\/www.eldigitaldeasturias.com\/noticias\/merkel-se-muestra-partidaria-de-dialogar-con-el-gobierno-irani\/","robots":"max-image-preview:large","keywords":"actualidad","webmasterTools":{"google-site-verification":"UA-38556648-1","msvalidate.01":"7dfe9f3f1b24437ab69f4f2559babe99","miscellaneous":""},"schema":{"@context":"https:\/\/schema.org","@graph":[{"@type":"BlogPosting","@id":"https:\/\/www.eldigitaldeasturias.com\/noticias\/merkel-se-muestra-partidaria-de-dialogar-con-el-gobierno-irani\/#blogposting","name":"Merkel se muestra partidaria de dialogar con el gobierno iran\u00ed - El Digital de Asturias","headline":"Merkel se muestra partidaria de dialogar con el gobierno iran\u00ed","author":{"@id":"https:\/\/www.eldigitaldeasturias.com\/noticias\/author\/admin\/#author"},"publisher":{"@id":"https:\/\/www.eldigitaldeasturias.com\/noticias\/#organization"},"image":{"@type":"ImageObject","url":970727},"datePublished":"2018-05-03T18:20:03+02:00","dateModified":"2018-05-03T18:20:03+02:00","inLanguage":"es-ES","mainEntityOfPage":{"@id":"https:\/\/www.eldigitaldeasturias.com\/noticias\/merkel-se-muestra-partidaria-de-dialogar-con-el-gobierno-irani\/#webpage"},"isPartOf":{"@id":"https:\/\/www.eldigitaldeasturias.com\/noticias\/merkel-se-muestra-partidaria-de-dialogar-con-el-gobierno-irani\/#webpage"},"articleSection":"Actualidad"},{"@type":"BreadcrumbList","@id":"https:\/\/www.eldigitaldeasturias.com\/noticias\/merkel-se-muestra-partidaria-de-dialogar-con-el-gobierno-irani\/#breadcrumblist","itemListElement":[{"@type":"ListItem","@id":"https:\/\/www.eldigitaldeasturias.com\/noticias#listItem","position":1,"name":"Home","item":"https:\/\/www.eldigitaldeasturias.com\/noticias","nextItem":{"@type":"ListItem","@id":"https:\/\/www.eldigitaldeasturias.com\/noticias\/category\/actualidad\/#listItem","name":"Actualidad"}},{"@type":"ListItem","@id":"https:\/\/www.eldigitaldeasturias.com\/noticias\/category\/actualidad\/#listItem","position":2,"name":"Actualidad","item":"https:\/\/www.eldigitaldeasturias.com\/noticias\/category\/actualidad\/","nextItem":{"@type":"ListItem","@id":"https:\/\/www.eldigitaldeasturias.com\/noticias\/merkel-se-muestra-partidaria-de-dialogar-con-el-gobierno-irani\/#listItem","name":"Merkel se muestra partidaria de dialogar con el gobierno iran\u00ed"},"previousItem":{"@type":"ListItem","@id":"https:\/\/www.eldigitaldeasturias.com\/noticias#listItem","name":"Home"}},{"@type":"ListItem","@id":"https:\/\/www.eldigitaldeasturias.com\/noticias\/merkel-se-muestra-partidaria-de-dialogar-con-el-gobierno-irani\/#listItem","position":3,"name":"Merkel se muestra partidaria de dialogar con el gobierno iran\u00ed","previousItem":{"@type":"ListItem","@id":"https:\/\/www.eldigitaldeasturias.com\/noticias\/category\/actualidad\/#listItem","name":"Actualidad"}}]},{"@type":"Organization","@id":"https:\/\/www.eldigitaldeasturias.com\/noticias\/#organization","name":"El Digital de Asturias","description":"Hemeroteca","url":"https:\/\/www.eldigitaldeasturias.com\/noticias\/","email":"info@eldigitaldeasturias.com","telephone":"+34652131393","logo":{"@type":"ImageObject","url":"https:\/\/www.eldigitaldeasturias.com\/noticias\/wp-content\/uploads\/2020\/12\/EDA.jpg","@id":"https:\/\/www.eldigitaldeasturias.com\/noticias\/merkel-se-muestra-partidaria-de-dialogar-con-el-gobierno-irani\/#organizationLogo"},"image":{"@id":"https:\/\/www.eldigitaldeasturias.com\/noticias\/merkel-se-muestra-partidaria-de-dialogar-con-el-gobierno-irani\/#organizationLogo"},"sameAs":["https:\/\/facebook.com\/eldigitaldeasturias","https:\/\/www.youtube.com\/channel\/UCZP-2wLEB9Rv6erhFmqVnvg"],"address":{"@id":"https:\/\/www.eldigitaldeasturias.com\/noticias\/#postaladdress","@type":"PostalAddress","streetAddress":"san antonio 4","postalCode":"33430","addressLocality":"Cand\u00e1s","addressRegion":"Asturias","addressCountry":"ES"}},{"@type":"Person","@id":"https:\/\/www.eldigitaldeasturias.com\/noticias\/author\/admin\/#author","url":"https:\/\/www.eldigitaldeasturias.com\/noticias\/author\/admin\/","name":"El Digital de Asturias","image":{"@type":"ImageObject","@id":"https:\/\/www.eldigitaldeasturias.com\/noticias\/merkel-se-muestra-partidaria-de-dialogar-con-el-gobierno-irani\/#authorImage","url":"https:\/\/secure.gravatar.com\/avatar\/df2aeffc32bcd13f8d26072ef8a91b623d677766deac7f97ca815868cd41bf5e?s=96&d=mm&r=g","width":96,"height":96,"caption":"El Digital de Asturias"}},{"@type":"WebPage","@id":"https:\/\/www.eldigitaldeasturias.com\/noticias\/merkel-se-muestra-partidaria-de-dialogar-con-el-gobierno-irani\/#webpage","url":"https:\/\/www.eldigitaldeasturias.com\/noticias\/merkel-se-muestra-partidaria-de-dialogar-con-el-gobierno-irani\/","name":"Merkel se muestra partidaria de dialogar con el gobierno iran\u00ed - El Digital de Asturias","description":"Berl\u00edn, 3 may (dpa) - La canciller alemana, Angela Merkel, defendi\u00f3 el acuerdo nuclear con Ir\u00e1n, al tiempo que apost\u00f3 por celebrar nuevas conversaciones con Teher\u00e1n sobre asuntos problem\u00e1ticos de la regi\u00f3n. Merkel subray\u00f3 la posibilidad de dialogar con el gobierno iran\u00ed de la situaci\u00f3n en Siria -donde Teher\u00e1n apoya al presidente Bashar al Assad-","inLanguage":"es-ES","isPartOf":{"@id":"https:\/\/www.eldigitaldeasturias.com\/noticias\/#website"},"breadcrumb":{"@id":"https:\/\/www.eldigitaldeasturias.com\/noticias\/merkel-se-muestra-partidaria-de-dialogar-con-el-gobierno-irani\/#breadcrumblist"},"author":{"@id":"https:\/\/www.eldigitaldeasturias.com\/noticias\/author\/admin\/#author"},"creator":{"@id":"https:\/\/www.eldigitaldeasturias.com\/noticias\/author\/admin\/#author"},"image":{"@type":"ImageObject","url":970727,"@id":"https:\/\/www.eldigitaldeasturias.com\/noticias\/merkel-se-muestra-partidaria-de-dialogar-con-el-gobierno-irani\/#mainImage"},"primaryImageOfPage":{"@id":"https:\/\/www.eldigitaldeasturias.com\/noticias\/merkel-se-muestra-partidaria-de-dialogar-con-el-gobierno-irani\/#mainImage"},"datePublished":"2018-05-03T18:20:03+02:00","dateModified":"2018-05-03T18:20:03+02:00"},{"@type":"WebSite","@id":"https:\/\/www.eldigitaldeasturias.com\/noticias\/#website","url":"https:\/\/www.eldigitaldeasturias.com\/noticias\/","name":"El Digital de Asturias - Diario de actualidad y noticias","alternateName":"El Digital de Asturias - Diario de actualidad y noticias","description":"Hemeroteca","inLanguage":"es-ES","publisher":{"@id":"https:\/\/www.eldigitaldeasturias.com\/noticias\/#organization"}}]},"og:locale":"es_ES","og:site_name":"El Digital de Asturias","og:type":"article","og:title":"Merkel se muestra partidaria de dialogar con el gobierno iran\u00ed - El Digital de Asturias","og:description":"Berl\u00edn, 3 may (dpa) - La canciller alemana, Angela Merkel, defendi\u00f3 el acuerdo nuclear con Ir\u00e1n, al tiempo que apost\u00f3 por celebrar nuevas conversaciones con Teher\u00e1n sobre asuntos problem\u00e1ticos de la regi\u00f3n. Merkel subray\u00f3 la posibilidad de dialogar con el gobierno iran\u00ed de la situaci\u00f3n en Siria -donde Teher\u00e1n apoya al presidente Bashar al Assad-","og:url":"https:\/\/www.eldigitaldeasturias.com\/noticias\/merkel-se-muestra-partidaria-de-dialogar-con-el-gobierno-irani\/","article:tag":["actualidad"],"article:published_time":"2018-05-03T18:20:03+00:00","article:modified_time":"2018-05-03T18:20:03+00:00","article:publisher":"https:\/\/facebook.com\/eldigitaldeasturias","twitter:card":"summary_large_image","twitter:title":"Merkel se muestra partidaria de dialogar con el gobierno iran\u00ed - El Digital de Asturias","twitter:description":"Berl\u00edn, 3 may (dpa) - La canciller alemana, Angela Merkel, defendi\u00f3 el acuerdo nuclear con Ir\u00e1n, al tiempo que apost\u00f3 por celebrar nuevas conversaciones con Teher\u00e1n sobre asuntos problem\u00e1ticos de la regi\u00f3n. Merkel subray\u00f3 la posibilidad de dialogar con el gobierno iran\u00ed de la situaci\u00f3n en Siria -donde Teher\u00e1n apoya al presidente Bashar al Assad-","twitter:image":"https:\/\/www.eldigitaldeasturias.com\/noticias\/wp-content\/uploads\/2020\/12\/EDA-1.jpg","twitter:label1":"Escrito por","twitter:data1":"El Digital de Asturias","twitter:label2":"Tiempo de lectura estimado","twitter:data2":"1 minuto"},"aioseo_meta_data":{"post_id":"978683","title":null,"description":null,"keywords":null,"keyphrases":null,"primary_term":null,"canonical_url":null,"og_title":null,"og_description":null,"og_object_type":"default","og_image_type":"default","og_image_url":null,"og_image_width":null,"og_image_height":null,"og_image_custom_url":null,"og_image_custom_fields":null,"og_video":null,"og_custom_url":null,"og_article_section":null,"og_article_tags":null,"twitter_use_og":false,"twitter_card":"default","twitter_image_type":"default","twitter_image_url":null,"twitter_image_custom_url":null,"twitter_image_custom_fields":null,"twitter_title":null,"twitter_description":null,"schema":{"blockGraphs":[],"customGraphs":[],"default":{"data":{"Article":[],"Course":[],"Dataset":[],"FAQPage":[],"Movie":[],"Person":[],"Product":[],"ProductReview":[],"Car":[],"Recipe":[],"Service":[],"SoftwareApplication":[],"WebPage":[]},"graphName":"","isEnabled":true},"graphs":[],"defaultGraph":"","defaultPostTypeGraph":""},"schema_type":null,"schema_type_options":null,"pillar_content":false,"robots_default":true,"robots_noindex":false,"robots_noarchive":false,"robots_nosnippet":false,"robots_nofollow":false,"robots_noimageindex":false,"robots_noodp":false,"robots_notranslate":false,"robots_max_snippet":null,"robots_max_videopreview":null,"robots_max_imagepreview":"large","priority":null,"frequency":null,"local_seo":null,"seo_analyzer_scan_date":"2025-10-08 11:42:13","breadcrumb_settings":null,"limit_modified_date":false,"open_ai":null,"ai":null,"created":"2020-12-21 12:01:37","updated":"2025-10-08 11:42:13","focus_keyword":null,"additional_keywords":null,"truseo_locale":null},"aioseo_breadcrumb":"<div class=\"aioseo-breadcrumbs\"><span class=\"aioseo-breadcrumb\">\n\t<a href=\"https:\/\/www.eldigitaldeasturias.com\/noticias\" title=\"Home\">Home<\/a>\n<\/span><span class=\"aioseo-breadcrumb-separator\">\u2013<\/span><span class=\"aioseo-breadcrumb\">\n\t<a href=\"https:\/\/www.eldigitaldeasturias.com\/noticias\/category\/actualidad\/\" title=\"Actualidad\">Actualidad<\/a>\n<\/span><span class=\"aioseo-breadcrumb-separator\">\u2013<\/span><span class=\"aioseo-breadcrumb\">\n\t<a href=\"https:\/\/www.eldigitaldeasturias.com\/noticias\/merkel-se-muestra-partidaria-de-dialogar-con-el-gobierno-irani\/\" title=\"Merkel se muestra partidaria de dialogar con el gobierno iran\u00ed\">Merkel se muestra partidaria de dialogar con el gobierno iran\u00ed<\/a>\n<\/span><\/div>","aioseo_breadcrumb_json":[{"label":"Home","link":"https:\/\/www.eldigitaldeasturias.com\/noticias"},{"label":"Actualidad","link":"https:\/\/www.eldigitaldeasturias.com\/noticias\/category\/actualidad\/"},{"label":"Merkel se muestra partidaria de dialogar con el gobierno iran\u00ed","link":"https:\/\/www.eldigitaldeasturias.com\/noticias\/merkel-se-muestra-partidaria-de-dialogar-con-el-gobierno-irani\/"}],"_links":{"self":[{"href":"https:\/\/www.eldigitaldeasturias.com\/noticias\/wp-json\/wp\/v2\/posts\/978683","targetHints":{"allow":["GET"]}}],"collection":[{"href":"https:\/\/www.eldigitaldeasturias.com\/noticias\/wp-json\/wp\/v2\/posts"}],"about":[{"href":"https:\/\/www.eldigitaldeasturias.com\/noticias\/wp-json\/wp\/v2\/types\/post"}],"author":[{"embeddable":true,"href":"https:\/\/www.eldigitaldeasturias.com\/noticias\/wp-json\/wp\/v2\/users\/1"}],"replies":[{"embeddable":true,"href":"https:\/\/www.eldigitaldeasturias.com\/noticias\/wp-json\/wp\/v2\/comments?post=978683"}],"version-history":[{"count":0,"href":"https:\/\/www.eldigitaldeasturias.com\/noticias\/wp-json\/wp\/v2\/posts\/978683\/revisions"}],"wp:attachment":[{"href":"https:\/\/www.eldigitaldeasturias.com\/noticias\/wp-json\/wp\/v2\/media?parent=978683"}],"wp:term":[{"taxonomy":"category","embeddable":true,"href":"https:\/\/www.eldigitaldeasturias.com\/noticias\/wp-json\/wp\/v2\/categories?post=978683"},{"taxonomy":"post_tag","embeddable":true,"href":"https:\/\/www.eldigitaldeasturias.com\/noticias\/wp-json\/wp\/v2\/tags?post=978683"}],"curies":[{"name":"wp","href":"https:\/\/api.w.org\/{rel}","templated":true}]}}