{"id":978653,"date":"2018-05-03T15:46:40","date_gmt":"2018-05-03T15:46:40","guid":{"rendered":"http:\/\/www.eldigitaldeasturias.com\/noticias\/?p=978653"},"modified":"2018-05-03T15:46:40","modified_gmt":"2018-05-03T15:46:40","slug":"el-psoe-presenta-una-proposicion-de-ley-de-regulacion-de-la-eutanasia","status":"publish","type":"post","link":"https:\/\/www.eldigitaldeasturias.com\/noticias\/el-psoe-presenta-una-proposicion-de-ley-de-regulacion-de-la-eutanasia\/","title":{"rendered":"El PSOE presenta una proposici\u00f3n de ley de regulaci\u00f3n de la eutanasia"},"content":{"rendered":"<p><img loading=\"lazy\" decoding=\"async\" class=\"alignleft size-medium wp-image-791625\" src=\"https:\/\/www.eldigitaldeasturias.com\/noticias\/wp-content\/uploads\/2015\/06\/congreso-360x240.jpg\" alt=\"\" width=\"360\" height=\"240\" \/>El PSOE ha registrado esta ma\u00f1ana en el Congreso de los Diputados una proposici\u00f3n de ley org\u00e1nica de regulaci\u00f3n de la eutanasia, que contempla la eutanasia como un nuevo derecho, porque \u201cde nada sirve tener una vida digna si no tenemos una muerte digna\u201d.<\/p>\n<p>As\u00ed lo asegur\u00f3 el secretario el secretario de Justicia y Nuevos Derechos, Andr\u00e9s Perell\u00f3, durante una rueda de prensa en Ferraz, junto a la secretaria de Sanidad, Luisa Carcedo, y el secretario de Pol\u00edtica Federal, Patxi L\u00f3pez.<\/p>\n<p>Perell\u00f3 ha explicado que los socialistas plantean esta iniciativa, en cumplimiento de su programa electoral y de las resoluciones de su Congreso, para \u201cregular los supuestos en los que una persona con una enfermedad con pron\u00f3stico de no regeneraci\u00f3n y no curaci\u00f3n pueda combinar el derecho a la vida, el derecho a la libertad y tambi\u00e9n a la autonom\u00eda personal y a decidir que quiere poner fin a su vida\u201d. \u201cNo estamos hablando solo de muerte digna, sino de aquellas personas que no teniendo una situaci\u00f3n terminal determinada deciden que no quieren vivir m\u00e1s, porque no est\u00e1n dispuestas a sufrir m\u00e1s\u201d.<\/p>\n<p>El dirigente socialista, que record\u00f3 que el elevado consenso social que existe a favor de la eutanasia, hizo un llamamiento al resto de fuerzas pol\u00edticas para que \u201cfaciliten el debate y podamos hacer un esfuerzo colectivo para llevar al Congreso el consenso pol\u00edtico de lo que ahora es un consenso social\u201d.<\/p>\n<p>Por su parte, Luisa Carcedo, explic\u00f3 que la iniciativa socialista establece un nuevo derecho \u201cque debe ser efectivo y debe responder a un principio de garant\u00eda y de apoyo suficiente para que alcance a todos las personas desde una perspectiva de igualdad de acceso a esa prestaci\u00f3n\u201d. Para ello, avanz\u00f3 que el procedimiento establece una Comisi\u00f3n que establece un control ex ante y ex post al proceso, e incluye la eutanasia \u201ccomo una prestaci\u00f3n m\u00e1s de la cartera de servicios com\u00fan del sistema nacional de salud\u201d.<\/p>\n<p>Adem\u00e1s, Carcedo apunt\u00f3 que a diferencia de las leyes muerte digna, la regulaci\u00f3n de la eutanasia que plantean los socialistas requiere que se modifique el art\u00edculo 143 del C\u00f3digo Penal que tipifica como delito ayudar a las personas a acabar con su vida.<\/p>\n<p><strong>ETA<\/strong><\/p>\n<p>Por su parte, Patxi L\u00f3pez hizo una valoraci\u00f3n de las \u00faltimas noticias en torno a la banda terrorista ETA, insistiendo en la posici\u00f3n que siempre ha mantenido el PSOE: que \u201cETA fue derrotada por la democracia y por los dem\u00f3cratas\u201d y eso es lo que les llev\u00f3 a anunciar el fin de la violencia en 2011 y lo que le lleva ahora a anunciar su disoluci\u00f3n.<\/p>\n<p>\u201cBienvenido sea el anuncio de que desparecen, que era lo \u00fanico que esper\u00e1bamos ya de la banda terrorista, pero los socialistas no vamos a caer en la trampa de jugar su juego, ni hacer caso a sus pretensiones y a su parafernalia\u201d. En este sentido, denunci\u00f3 que \u201clo que busca ETA con todo esto es: primero, aparecer como los que nos han concedido generosamente la paz; segundo, decirnos que su existencia y la violencia y el terrorismo que ejercieron ten\u00edan una justificaci\u00f3n en un supuesto conflicto; tercero, que ellos nacieron del pueblo y defendieron al pueblo, y por \u00faltimo, decirnos que la verdad es la que ellos nos cuenta\u201d. \u201cPero es todo lo contrario\u201d, apunt\u00f3.<\/p>\n<p>A su juicio, \u201clo importante es que ETA ya no existe, porque la derrotamos; seguir recordando a todas las v\u00edctimas del terrorismo, a todos los ciudadanos y ciudadanas que resistieron bajo la amenaza del chantaje y la extorsi\u00f3n; la convivencia entre distintos desterrando odios e intolerancia, y construir un relato veraz de lo ocurrido\u201d.<\/p>\n<p>Por \u00faltimo, L\u00f3pez insisti\u00f3 en que \u201cla izquierda abertzale tiene que asumir su propia responsabilidad, porque si ETA existi\u00f3 durante tanto tiempo en nuestro pa\u00eds era porque ten\u00eda un respaldo social y quien le buscaba el respaldo social y la cobertura pol\u00edtica fue esa izquierda abertzale que tiene que decir de una vez por todas que eso estuvo radicalmente mal y que la violencia nunca tuvo justificaci\u00f3n en nuestro pa\u00eds\u201d.<\/p>\n","protected":false},"excerpt":{"rendered":"<p>El PSOE ha registrado esta ma\u00f1ana en el Congreso de los Diputados una proposici\u00f3n de ley org\u00e1nica de regulaci\u00f3n de la eutanasia, que contempla la eutanasia como un nuevo derecho, porque \u201cde nada sirve tener una vida digna si no tenemos una muerte digna\u201d. As\u00ed lo asegur\u00f3 el secretario el secretario de Justicia y Nuevos [&hellip;]<\/p>\n","protected":false},"author":1,"featured_media":791625,"comment_status":"closed","ping_status":"closed","sticky":false,"template":"","format":"standard","meta":{"footnotes":""},"categories":[1],"tags":[],"class_list":["post-978653","post","type-post","status-publish","format-standard","has-post-thumbnail","hentry","category-actualidad"],"aioseo_notices":[],"aioseo_head":"\n\t\t<!-- All in One SEO Pro 5.0.1 - aioseo.com -->\n\t<meta name=\"description\" content=\"El PSOE ha registrado esta ma\u00f1ana en el Congreso de los Diputados una proposici\u00f3n de ley org\u00e1nica de regulaci\u00f3n de la eutanasia, que contempla la eutanasia como un nuevo derecho, porque \u201cde nada sirve tener una vida digna si no tenemos una muerte digna\u201d. As\u00ed lo asegur\u00f3 el secretario el secretario de Justicia y Nuevos\" \/>\n\t<meta name=\"robots\" content=\"max-image-preview:large\" \/>\n\t<meta name=\"author\" content=\"El Digital de Asturias\"\/>\n\t<meta name=\"google-site-verification\" content=\"UA-38556648-1\" \/>\n\t<meta name=\"msvalidate.01\" content=\"7dfe9f3f1b24437ab69f4f2559babe99\" \/>\n\t<meta name=\"keywords\" content=\"actualidad\" \/>\n\t<link rel=\"canonical\" href=\"https:\/\/www.eldigitaldeasturias.com\/noticias\/el-psoe-presenta-una-proposicion-de-ley-de-regulacion-de-la-eutanasia\/\" \/>\n\t<meta name=\"generator\" content=\"All in One SEO Pro (AIOSEO) 5.0.1\" \/>\n\t\t<meta property=\"og:locale\" content=\"es_ES\" \/>\n\t\t<meta property=\"og:site_name\" content=\"El Digital de Asturias\" \/>\n\t\t<meta property=\"og:type\" content=\"article\" \/>\n\t\t<meta property=\"og:title\" content=\"El PSOE presenta una proposici\u00f3n de ley de regulaci\u00f3n de la eutanasia - El Digital de Asturias\" \/>\n\t\t<meta property=\"og:description\" content=\"El PSOE ha registrado esta ma\u00f1ana en el Congreso de los Diputados una proposici\u00f3n de ley org\u00e1nica de regulaci\u00f3n de la eutanasia, que contempla la eutanasia como un nuevo derecho, porque \u201cde nada sirve tener una vida digna si no tenemos una muerte digna\u201d. As\u00ed lo asegur\u00f3 el secretario el secretario de Justicia y Nuevos\" \/>\n\t\t<meta property=\"og:url\" content=\"https:\/\/www.eldigitaldeasturias.com\/noticias\/el-psoe-presenta-una-proposicion-de-ley-de-regulacion-de-la-eutanasia\/\" \/>\n\t\t<meta property=\"article:tag\" content=\"actualidad\" \/>\n\t\t<meta property=\"article:published_time\" content=\"2018-05-03T15:46:40+00:00\" \/>\n\t\t<meta property=\"article:modified_time\" content=\"2018-05-03T15:46:40+00:00\" \/>\n\t\t<meta property=\"article:publisher\" content=\"https:\/\/facebook.com\/eldigitaldeasturias\" \/>\n\t\t<meta name=\"twitter:card\" content=\"summary_large_image\" \/>\n\t\t<meta name=\"twitter:title\" content=\"El PSOE presenta una proposici\u00f3n de ley de regulaci\u00f3n de la eutanasia - El Digital de Asturias\" \/>\n\t\t<meta name=\"twitter:description\" content=\"El PSOE ha registrado esta ma\u00f1ana en el Congreso de los Diputados una proposici\u00f3n de ley org\u00e1nica de regulaci\u00f3n de la eutanasia, que contempla la eutanasia como un nuevo derecho, porque \u201cde nada sirve tener una vida digna si no tenemos una muerte digna\u201d. As\u00ed lo asegur\u00f3 el secretario el secretario de Justicia y Nuevos\" \/>\n\t\t<meta name=\"twitter:image\" content=\"https:\/\/www.eldigitaldeasturias.com\/noticias\/wp-content\/uploads\/2020\/12\/EDA-1.jpg\" \/>\n\t\t<meta name=\"twitter:label1\" content=\"Escrito por\" \/>\n\t\t<meta name=\"twitter:data1\" content=\"El Digital de Asturias\" \/>\n\t\t<meta name=\"twitter:label2\" content=\"Tiempo de lectura estimado\" \/>\n\t\t<meta name=\"twitter:data2\" content=\"4 minutos\" \/>\n\t\t<script type=\"application\/ld+json\" class=\"aioseo-schema\">\n\t\t\t{\"@context\":\"https:\\\/\\\/schema.org\",\"@graph\":[{\"@type\":\"BlogPosting\",\"@id\":\"https:\\\/\\\/www.eldigitaldeasturias.com\\\/noticias\\\/el-psoe-presenta-una-proposicion-de-ley-de-regulacion-de-la-eutanasia\\\/#blogposting\",\"name\":\"El PSOE presenta una proposici\\u00f3n de ley de regulaci\\u00f3n de la eutanasia - El Digital de Asturias\",\"headline\":\"El PSOE presenta una proposici\\u00f3n de ley de regulaci\\u00f3n de la eutanasia\",\"author\":{\"@id\":\"https:\\\/\\\/www.eldigitaldeasturias.com\\\/noticias\\\/author\\\/admin\\\/#author\"},\"publisher\":{\"@id\":\"https:\\\/\\\/www.eldigitaldeasturias.com\\\/noticias\\\/#organization\"},\"image\":{\"@type\":\"ImageObject\",\"url\":791625},\"datePublished\":\"2018-05-03T15:46:40+02:00\",\"dateModified\":\"2018-05-03T15:46:40+02:00\",\"inLanguage\":\"es-ES\",\"mainEntityOfPage\":{\"@id\":\"https:\\\/\\\/www.eldigitaldeasturias.com\\\/noticias\\\/el-psoe-presenta-una-proposicion-de-ley-de-regulacion-de-la-eutanasia\\\/#webpage\"},\"isPartOf\":{\"@id\":\"https:\\\/\\\/www.eldigitaldeasturias.com\\\/noticias\\\/el-psoe-presenta-una-proposicion-de-ley-de-regulacion-de-la-eutanasia\\\/#webpage\"},\"articleSection\":\"Actualidad\"},{\"@type\":\"BreadcrumbList\",\"@id\":\"https:\\\/\\\/www.eldigitaldeasturias.com\\\/noticias\\\/el-psoe-presenta-una-proposicion-de-ley-de-regulacion-de-la-eutanasia\\\/#breadcrumblist\",\"itemListElement\":[{\"@type\":\"ListItem\",\"@id\":\"https:\\\/\\\/www.eldigitaldeasturias.com\\\/noticias#listItem\",\"position\":1,\"name\":\"Home\",\"item\":\"https:\\\/\\\/www.eldigitaldeasturias.com\\\/noticias\",\"nextItem\":{\"@type\":\"ListItem\",\"@id\":\"https:\\\/\\\/www.eldigitaldeasturias.com\\\/noticias\\\/category\\\/actualidad\\\/#listItem\",\"name\":\"Actualidad\"}},{\"@type\":\"ListItem\",\"@id\":\"https:\\\/\\\/www.eldigitaldeasturias.com\\\/noticias\\\/category\\\/actualidad\\\/#listItem\",\"position\":2,\"name\":\"Actualidad\",\"item\":\"https:\\\/\\\/www.eldigitaldeasturias.com\\\/noticias\\\/category\\\/actualidad\\\/\",\"nextItem\":{\"@type\":\"ListItem\",\"@id\":\"https:\\\/\\\/www.eldigitaldeasturias.com\\\/noticias\\\/el-psoe-presenta-una-proposicion-de-ley-de-regulacion-de-la-eutanasia\\\/#listItem\",\"name\":\"El PSOE presenta una proposici\\u00f3n de ley de regulaci\\u00f3n de la eutanasia\"},\"previousItem\":{\"@type\":\"ListItem\",\"@id\":\"https:\\\/\\\/www.eldigitaldeasturias.com\\\/noticias#listItem\",\"name\":\"Home\"}},{\"@type\":\"ListItem\",\"@id\":\"https:\\\/\\\/www.eldigitaldeasturias.com\\\/noticias\\\/el-psoe-presenta-una-proposicion-de-ley-de-regulacion-de-la-eutanasia\\\/#listItem\",\"position\":3,\"name\":\"El PSOE presenta una proposici\\u00f3n de ley de regulaci\\u00f3n de la eutanasia\",\"previousItem\":{\"@type\":\"ListItem\",\"@id\":\"https:\\\/\\\/www.eldigitaldeasturias.com\\\/noticias\\\/category\\\/actualidad\\\/#listItem\",\"name\":\"Actualidad\"}}]},{\"@type\":\"Organization\",\"@id\":\"https:\\\/\\\/www.eldigitaldeasturias.com\\\/noticias\\\/#organization\",\"name\":\"El Digital de Asturias\",\"description\":\"Hemeroteca\",\"url\":\"https:\\\/\\\/www.eldigitaldeasturias.com\\\/noticias\\\/\",\"email\":\"info@eldigitaldeasturias.com\",\"telephone\":\"+34652131393\",\"logo\":{\"@type\":\"ImageObject\",\"url\":\"https:\\\/\\\/www.eldigitaldeasturias.com\\\/noticias\\\/wp-content\\\/uploads\\\/2020\\\/12\\\/EDA.jpg\",\"@id\":\"https:\\\/\\\/www.eldigitaldeasturias.com\\\/noticias\\\/el-psoe-presenta-una-proposicion-de-ley-de-regulacion-de-la-eutanasia\\\/#organizationLogo\"},\"image\":{\"@id\":\"https:\\\/\\\/www.eldigitaldeasturias.com\\\/noticias\\\/el-psoe-presenta-una-proposicion-de-ley-de-regulacion-de-la-eutanasia\\\/#organizationLogo\"},\"sameAs\":[\"https:\\\/\\\/facebook.com\\\/eldigitaldeasturias\",\"https:\\\/\\\/www.youtube.com\\\/channel\\\/UCZP-2wLEB9Rv6erhFmqVnvg\"],\"address\":{\"@id\":\"https:\\\/\\\/www.eldigitaldeasturias.com\\\/noticias\\\/#postaladdress\",\"@type\":\"PostalAddress\",\"streetAddress\":\"san antonio 4\",\"postalCode\":\"33430\",\"addressLocality\":\"Cand\\u00e1s\",\"addressRegion\":\"Asturias\",\"addressCountry\":\"ES\"}},{\"@type\":\"Person\",\"@id\":\"https:\\\/\\\/www.eldigitaldeasturias.com\\\/noticias\\\/author\\\/admin\\\/#author\",\"url\":\"https:\\\/\\\/www.eldigitaldeasturias.com\\\/noticias\\\/author\\\/admin\\\/\",\"name\":\"El Digital de Asturias\",\"image\":{\"@type\":\"ImageObject\",\"@id\":\"https:\\\/\\\/www.eldigitaldeasturias.com\\\/noticias\\\/el-psoe-presenta-una-proposicion-de-ley-de-regulacion-de-la-eutanasia\\\/#authorImage\",\"url\":\"https:\\\/\\\/secure.gravatar.com\\\/avatar\\\/df2aeffc32bcd13f8d26072ef8a91b623d677766deac7f97ca815868cd41bf5e?s=96&d=mm&r=g\",\"width\":96,\"height\":96,\"caption\":\"El Digital de Asturias\"}},{\"@type\":\"WebPage\",\"@id\":\"https:\\\/\\\/www.eldigitaldeasturias.com\\\/noticias\\\/el-psoe-presenta-una-proposicion-de-ley-de-regulacion-de-la-eutanasia\\\/#webpage\",\"url\":\"https:\\\/\\\/www.eldigitaldeasturias.com\\\/noticias\\\/el-psoe-presenta-una-proposicion-de-ley-de-regulacion-de-la-eutanasia\\\/\",\"name\":\"El PSOE presenta una proposici\\u00f3n de ley de regulaci\\u00f3n de la eutanasia - El Digital de Asturias\",\"description\":\"El PSOE ha registrado esta ma\\u00f1ana en el Congreso de los Diputados una proposici\\u00f3n de ley org\\u00e1nica de regulaci\\u00f3n de la eutanasia, que contempla la eutanasia como un nuevo derecho, porque \\u201cde nada sirve tener una vida digna si no tenemos una muerte digna\\u201d. As\\u00ed lo asegur\\u00f3 el secretario el secretario de Justicia y Nuevos\",\"inLanguage\":\"es-ES\",\"isPartOf\":{\"@id\":\"https:\\\/\\\/www.eldigitaldeasturias.com\\\/noticias\\\/#website\"},\"breadcrumb\":{\"@id\":\"https:\\\/\\\/www.eldigitaldeasturias.com\\\/noticias\\\/el-psoe-presenta-una-proposicion-de-ley-de-regulacion-de-la-eutanasia\\\/#breadcrumblist\"},\"author\":{\"@id\":\"https:\\\/\\\/www.eldigitaldeasturias.com\\\/noticias\\\/author\\\/admin\\\/#author\"},\"creator\":{\"@id\":\"https:\\\/\\\/www.eldigitaldeasturias.com\\\/noticias\\\/author\\\/admin\\\/#author\"},\"image\":{\"@type\":\"ImageObject\",\"url\":791625,\"@id\":\"https:\\\/\\\/www.eldigitaldeasturias.com\\\/noticias\\\/el-psoe-presenta-una-proposicion-de-ley-de-regulacion-de-la-eutanasia\\\/#mainImage\"},\"primaryImageOfPage\":{\"@id\":\"https:\\\/\\\/www.eldigitaldeasturias.com\\\/noticias\\\/el-psoe-presenta-una-proposicion-de-ley-de-regulacion-de-la-eutanasia\\\/#mainImage\"},\"datePublished\":\"2018-05-03T15:46:40+02:00\",\"dateModified\":\"2018-05-03T15:46:40+02:00\"},{\"@type\":\"WebSite\",\"@id\":\"https:\\\/\\\/www.eldigitaldeasturias.com\\\/noticias\\\/#website\",\"url\":\"https:\\\/\\\/www.eldigitaldeasturias.com\\\/noticias\\\/\",\"name\":\"El Digital de Asturias - Diario de actualidad y noticias\",\"alternateName\":\"El Digital de Asturias - Diario de actualidad y noticias\",\"description\":\"Hemeroteca\",\"inLanguage\":\"es-ES\",\"publisher\":{\"@id\":\"https:\\\/\\\/www.eldigitaldeasturias.com\\\/noticias\\\/#organization\"}}]}\n\t\t<\/script>\n\t\t<!-- All in One SEO Pro -->\r\n\t\t<title>El PSOE presenta una proposici\u00f3n de ley de regulaci\u00f3n de la eutanasia - El Digital de Asturias<\/title>\n\n","aioseo_head_json":{"title":"El PSOE presenta una proposici\u00f3n de ley de regulaci\u00f3n de la eutanasia - El Digital de Asturias","description":"El PSOE ha registrado esta ma\u00f1ana en el Congreso de los Diputados una proposici\u00f3n de ley org\u00e1nica de regulaci\u00f3n de la eutanasia, que contempla la eutanasia como un nuevo derecho, porque \u201cde nada sirve tener una vida digna si no tenemos una muerte digna\u201d. As\u00ed lo asegur\u00f3 el secretario el secretario de Justicia y Nuevos","canonical_url":"https:\/\/www.eldigitaldeasturias.com\/noticias\/el-psoe-presenta-una-proposicion-de-ley-de-regulacion-de-la-eutanasia\/","robots":"max-image-preview:large","keywords":"actualidad","webmasterTools":{"google-site-verification":"UA-38556648-1","msvalidate.01":"7dfe9f3f1b24437ab69f4f2559babe99","miscellaneous":""},"schema":{"@context":"https:\/\/schema.org","@graph":[{"@type":"BlogPosting","@id":"https:\/\/www.eldigitaldeasturias.com\/noticias\/el-psoe-presenta-una-proposicion-de-ley-de-regulacion-de-la-eutanasia\/#blogposting","name":"El PSOE presenta una proposici\u00f3n de ley de regulaci\u00f3n de la eutanasia - El Digital de Asturias","headline":"El PSOE presenta una proposici\u00f3n de ley de regulaci\u00f3n de la eutanasia","author":{"@id":"https:\/\/www.eldigitaldeasturias.com\/noticias\/author\/admin\/#author"},"publisher":{"@id":"https:\/\/www.eldigitaldeasturias.com\/noticias\/#organization"},"image":{"@type":"ImageObject","url":791625},"datePublished":"2018-05-03T15:46:40+02:00","dateModified":"2018-05-03T15:46:40+02:00","inLanguage":"es-ES","mainEntityOfPage":{"@id":"https:\/\/www.eldigitaldeasturias.com\/noticias\/el-psoe-presenta-una-proposicion-de-ley-de-regulacion-de-la-eutanasia\/#webpage"},"isPartOf":{"@id":"https:\/\/www.eldigitaldeasturias.com\/noticias\/el-psoe-presenta-una-proposicion-de-ley-de-regulacion-de-la-eutanasia\/#webpage"},"articleSection":"Actualidad"},{"@type":"BreadcrumbList","@id":"https:\/\/www.eldigitaldeasturias.com\/noticias\/el-psoe-presenta-una-proposicion-de-ley-de-regulacion-de-la-eutanasia\/#breadcrumblist","itemListElement":[{"@type":"ListItem","@id":"https:\/\/www.eldigitaldeasturias.com\/noticias#listItem","position":1,"name":"Home","item":"https:\/\/www.eldigitaldeasturias.com\/noticias","nextItem":{"@type":"ListItem","@id":"https:\/\/www.eldigitaldeasturias.com\/noticias\/category\/actualidad\/#listItem","name":"Actualidad"}},{"@type":"ListItem","@id":"https:\/\/www.eldigitaldeasturias.com\/noticias\/category\/actualidad\/#listItem","position":2,"name":"Actualidad","item":"https:\/\/www.eldigitaldeasturias.com\/noticias\/category\/actualidad\/","nextItem":{"@type":"ListItem","@id":"https:\/\/www.eldigitaldeasturias.com\/noticias\/el-psoe-presenta-una-proposicion-de-ley-de-regulacion-de-la-eutanasia\/#listItem","name":"El PSOE presenta una proposici\u00f3n de ley de regulaci\u00f3n de la eutanasia"},"previousItem":{"@type":"ListItem","@id":"https:\/\/www.eldigitaldeasturias.com\/noticias#listItem","name":"Home"}},{"@type":"ListItem","@id":"https:\/\/www.eldigitaldeasturias.com\/noticias\/el-psoe-presenta-una-proposicion-de-ley-de-regulacion-de-la-eutanasia\/#listItem","position":3,"name":"El PSOE presenta una proposici\u00f3n de ley de regulaci\u00f3n de la eutanasia","previousItem":{"@type":"ListItem","@id":"https:\/\/www.eldigitaldeasturias.com\/noticias\/category\/actualidad\/#listItem","name":"Actualidad"}}]},{"@type":"Organization","@id":"https:\/\/www.eldigitaldeasturias.com\/noticias\/#organization","name":"El Digital de Asturias","description":"Hemeroteca","url":"https:\/\/www.eldigitaldeasturias.com\/noticias\/","email":"info@eldigitaldeasturias.com","telephone":"+34652131393","logo":{"@type":"ImageObject","url":"https:\/\/www.eldigitaldeasturias.com\/noticias\/wp-content\/uploads\/2020\/12\/EDA.jpg","@id":"https:\/\/www.eldigitaldeasturias.com\/noticias\/el-psoe-presenta-una-proposicion-de-ley-de-regulacion-de-la-eutanasia\/#organizationLogo"},"image":{"@id":"https:\/\/www.eldigitaldeasturias.com\/noticias\/el-psoe-presenta-una-proposicion-de-ley-de-regulacion-de-la-eutanasia\/#organizationLogo"},"sameAs":["https:\/\/facebook.com\/eldigitaldeasturias","https:\/\/www.youtube.com\/channel\/UCZP-2wLEB9Rv6erhFmqVnvg"],"address":{"@id":"https:\/\/www.eldigitaldeasturias.com\/noticias\/#postaladdress","@type":"PostalAddress","streetAddress":"san antonio 4","postalCode":"33430","addressLocality":"Cand\u00e1s","addressRegion":"Asturias","addressCountry":"ES"}},{"@type":"Person","@id":"https:\/\/www.eldigitaldeasturias.com\/noticias\/author\/admin\/#author","url":"https:\/\/www.eldigitaldeasturias.com\/noticias\/author\/admin\/","name":"El Digital de Asturias","image":{"@type":"ImageObject","@id":"https:\/\/www.eldigitaldeasturias.com\/noticias\/el-psoe-presenta-una-proposicion-de-ley-de-regulacion-de-la-eutanasia\/#authorImage","url":"https:\/\/secure.gravatar.com\/avatar\/df2aeffc32bcd13f8d26072ef8a91b623d677766deac7f97ca815868cd41bf5e?s=96&d=mm&r=g","width":96,"height":96,"caption":"El Digital de Asturias"}},{"@type":"WebPage","@id":"https:\/\/www.eldigitaldeasturias.com\/noticias\/el-psoe-presenta-una-proposicion-de-ley-de-regulacion-de-la-eutanasia\/#webpage","url":"https:\/\/www.eldigitaldeasturias.com\/noticias\/el-psoe-presenta-una-proposicion-de-ley-de-regulacion-de-la-eutanasia\/","name":"El PSOE presenta una proposici\u00f3n de ley de regulaci\u00f3n de la eutanasia - El Digital de Asturias","description":"El PSOE ha registrado esta ma\u00f1ana en el Congreso de los Diputados una proposici\u00f3n de ley org\u00e1nica de regulaci\u00f3n de la eutanasia, que contempla la eutanasia como un nuevo derecho, porque \u201cde nada sirve tener una vida digna si no tenemos una muerte digna\u201d. As\u00ed lo asegur\u00f3 el secretario el secretario de Justicia y Nuevos","inLanguage":"es-ES","isPartOf":{"@id":"https:\/\/www.eldigitaldeasturias.com\/noticias\/#website"},"breadcrumb":{"@id":"https:\/\/www.eldigitaldeasturias.com\/noticias\/el-psoe-presenta-una-proposicion-de-ley-de-regulacion-de-la-eutanasia\/#breadcrumblist"},"author":{"@id":"https:\/\/www.eldigitaldeasturias.com\/noticias\/author\/admin\/#author"},"creator":{"@id":"https:\/\/www.eldigitaldeasturias.com\/noticias\/author\/admin\/#author"},"image":{"@type":"ImageObject","url":791625,"@id":"https:\/\/www.eldigitaldeasturias.com\/noticias\/el-psoe-presenta-una-proposicion-de-ley-de-regulacion-de-la-eutanasia\/#mainImage"},"primaryImageOfPage":{"@id":"https:\/\/www.eldigitaldeasturias.com\/noticias\/el-psoe-presenta-una-proposicion-de-ley-de-regulacion-de-la-eutanasia\/#mainImage"},"datePublished":"2018-05-03T15:46:40+02:00","dateModified":"2018-05-03T15:46:40+02:00"},{"@type":"WebSite","@id":"https:\/\/www.eldigitaldeasturias.com\/noticias\/#website","url":"https:\/\/www.eldigitaldeasturias.com\/noticias\/","name":"El Digital de Asturias - Diario de actualidad y noticias","alternateName":"El Digital de Asturias - Diario de actualidad y noticias","description":"Hemeroteca","inLanguage":"es-ES","publisher":{"@id":"https:\/\/www.eldigitaldeasturias.com\/noticias\/#organization"}}]},"og:locale":"es_ES","og:site_name":"El Digital de Asturias","og:type":"article","og:title":"El PSOE presenta una proposici\u00f3n de ley de regulaci\u00f3n de la eutanasia - El Digital de Asturias","og:description":"El PSOE ha registrado esta ma\u00f1ana en el Congreso de los Diputados una proposici\u00f3n de ley org\u00e1nica de regulaci\u00f3n de la eutanasia, que contempla la eutanasia como un nuevo derecho, porque \u201cde nada sirve tener una vida digna si no tenemos una muerte digna\u201d. As\u00ed lo asegur\u00f3 el secretario el secretario de Justicia y Nuevos","og:url":"https:\/\/www.eldigitaldeasturias.com\/noticias\/el-psoe-presenta-una-proposicion-de-ley-de-regulacion-de-la-eutanasia\/","article:tag":["actualidad"],"article:published_time":"2018-05-03T15:46:40+00:00","article:modified_time":"2018-05-03T15:46:40+00:00","article:publisher":"https:\/\/facebook.com\/eldigitaldeasturias","twitter:card":"summary_large_image","twitter:title":"El PSOE presenta una proposici\u00f3n de ley de regulaci\u00f3n de la eutanasia - El Digital de Asturias","twitter:description":"El PSOE ha registrado esta ma\u00f1ana en el Congreso de los Diputados una proposici\u00f3n de ley org\u00e1nica de regulaci\u00f3n de la eutanasia, que contempla la eutanasia como un nuevo derecho, porque \u201cde nada sirve tener una vida digna si no tenemos una muerte digna\u201d. As\u00ed lo asegur\u00f3 el secretario el secretario de Justicia y Nuevos","twitter:image":"https:\/\/www.eldigitaldeasturias.com\/noticias\/wp-content\/uploads\/2020\/12\/EDA-1.jpg","twitter:label1":"Escrito por","twitter:data1":"El Digital de Asturias","twitter:label2":"Tiempo de lectura estimado","twitter:data2":"4 minutos"},"aioseo_meta_data":{"post_id":"978653","title":null,"description":null,"keywords":null,"keyphrases":null,"primary_term":null,"canonical_url":null,"og_title":null,"og_description":null,"og_object_type":"default","og_image_type":"default","og_image_url":null,"og_image_width":null,"og_image_height":null,"og_image_custom_url":null,"og_image_custom_fields":null,"og_video":null,"og_custom_url":null,"og_article_section":null,"og_article_tags":null,"twitter_use_og":false,"twitter_card":"default","twitter_image_type":"default","twitter_image_url":null,"twitter_image_custom_url":null,"twitter_image_custom_fields":null,"twitter_title":null,"twitter_description":null,"schema":{"blockGraphs":[],"customGraphs":[],"default":{"data":{"Article":[],"Course":[],"Dataset":[],"FAQPage":[],"Movie":[],"Person":[],"Product":[],"ProductReview":[],"Car":[],"Recipe":[],"Service":[],"SoftwareApplication":[],"WebPage":[]},"graphName":"","isEnabled":true},"graphs":[],"defaultGraph":"","defaultPostTypeGraph":""},"schema_type":null,"schema_type_options":null,"pillar_content":false,"robots_default":true,"robots_noindex":false,"robots_noarchive":false,"robots_nosnippet":false,"robots_nofollow":false,"robots_noimageindex":false,"robots_noodp":false,"robots_notranslate":false,"robots_max_snippet":null,"robots_max_videopreview":null,"robots_max_imagepreview":"large","priority":null,"frequency":null,"local_seo":null,"seo_analyzer_scan_date":"2025-10-08 11:35:57","breadcrumb_settings":null,"limit_modified_date":false,"open_ai":null,"ai":null,"created":"2020-12-21 12:01:37","updated":"2025-10-08 11:35:57","focus_keyword":null,"additional_keywords":null,"truseo_locale":null},"aioseo_breadcrumb":"<div class=\"aioseo-breadcrumbs\"><span class=\"aioseo-breadcrumb\">\n\t<a href=\"https:\/\/www.eldigitaldeasturias.com\/noticias\" title=\"Home\">Home<\/a>\n<\/span><span class=\"aioseo-breadcrumb-separator\">\u2013<\/span><span class=\"aioseo-breadcrumb\">\n\t<a href=\"https:\/\/www.eldigitaldeasturias.com\/noticias\/category\/actualidad\/\" title=\"Actualidad\">Actualidad<\/a>\n<\/span><span class=\"aioseo-breadcrumb-separator\">\u2013<\/span><span class=\"aioseo-breadcrumb\">\n\t<a href=\"https:\/\/www.eldigitaldeasturias.com\/noticias\/el-psoe-presenta-una-proposicion-de-ley-de-regulacion-de-la-eutanasia\/\" title=\"El PSOE presenta una proposici\u00f3n de ley de regulaci\u00f3n de la eutanasia\">El PSOE presenta una proposici\u00f3n de ley de regulaci\u00f3n de la eutanasia<\/a>\n<\/span><\/div>","aioseo_breadcrumb_json":[{"label":"Home","link":"https:\/\/www.eldigitaldeasturias.com\/noticias"},{"label":"Actualidad","link":"https:\/\/www.eldigitaldeasturias.com\/noticias\/category\/actualidad\/"},{"label":"El PSOE presenta una proposici\u00f3n de ley de regulaci\u00f3n de la eutanasia","link":"https:\/\/www.eldigitaldeasturias.com\/noticias\/el-psoe-presenta-una-proposicion-de-ley-de-regulacion-de-la-eutanasia\/"}],"_links":{"self":[{"href":"https:\/\/www.eldigitaldeasturias.com\/noticias\/wp-json\/wp\/v2\/posts\/978653","targetHints":{"allow":["GET"]}}],"collection":[{"href":"https:\/\/www.eldigitaldeasturias.com\/noticias\/wp-json\/wp\/v2\/posts"}],"about":[{"href":"https:\/\/www.eldigitaldeasturias.com\/noticias\/wp-json\/wp\/v2\/types\/post"}],"author":[{"embeddable":true,"href":"https:\/\/www.eldigitaldeasturias.com\/noticias\/wp-json\/wp\/v2\/users\/1"}],"replies":[{"embeddable":true,"href":"https:\/\/www.eldigitaldeasturias.com\/noticias\/wp-json\/wp\/v2\/comments?post=978653"}],"version-history":[{"count":0,"href":"https:\/\/www.eldigitaldeasturias.com\/noticias\/wp-json\/wp\/v2\/posts\/978653\/revisions"}],"wp:attachment":[{"href":"https:\/\/www.eldigitaldeasturias.com\/noticias\/wp-json\/wp\/v2\/media?parent=978653"}],"wp:term":[{"taxonomy":"category","embeddable":true,"href":"https:\/\/www.eldigitaldeasturias.com\/noticias\/wp-json\/wp\/v2\/categories?post=978653"},{"taxonomy":"post_tag","embeddable":true,"href":"https:\/\/www.eldigitaldeasturias.com\/noticias\/wp-json\/wp\/v2\/tags?post=978653"}],"curies":[{"name":"wp","href":"https:\/\/api.w.org\/{rel}","templated":true}]}}