{"id":978650,"date":"2018-05-03T15:17:31","date_gmt":"2018-05-03T15:17:31","guid":{"rendered":"http:\/\/www.eldigitaldeasturias.com\/noticias\/?p=978650"},"modified":"2018-05-03T15:17:31","modified_gmt":"2018-05-03T15:17:31","slug":"rajoy-preside-los-actos-de-inauguracion-del-poligono-de-experiencias-para-fuerzas-especiales-de-la-guardia-civil-en-logrono","status":"publish","type":"post","link":"https:\/\/www.eldigitaldeasturias.com\/noticias\/rajoy-preside-los-actos-de-inauguracion-del-poligono-de-experiencias-para-fuerzas-especiales-de-la-guardia-civil-en-logrono\/","title":{"rendered":"Rajoy preside los actos de inauguraci\u00f3n del Pol\u00edgono de Experiencias para Fuerzas Especiales de la Guardia Civil en Logro\u00f1o"},"content":{"rendered":"<p><img loading=\"lazy\" decoding=\"async\" class=\"alignleft size-medium wp-image-978651\" src=\"https:\/\/www.eldigitaldeasturias.com\/noticias\/wp-content\/uploads\/2018\/05\/030518Rajoy_logrono07-360x239.jpg\" alt=\"\" width=\"360\" height=\"239\" \/>El presidente del Gobierno ha presidido en la ma\u00f1ana de hoy en Logro\u00f1o los actos de inauguraci\u00f3n de la primera fase (obra civil) del Pol\u00edgono de Experiencias para Fuerzas Especiales de la Guardia Civil (Proyecto PEFE).<\/p>\n<p>\u200bHa estado acompa\u00f1ado por el ministro del Interior, Juan Ignacio Zoido, el director general de la Guardia Civil, Jos\u00e9 Manuel Holgado, el delegado del Gobierno en La Rioja, Alberto Bret\u00f3n; y el teniente general mando de Operaciones, Laurentino Ce\u00f1a, entre otras autoridades civiles y militares.<\/p>\n<p>El proyecto, que surgi\u00f3 en enero del 2005 en un Congreso Internacional de AGIS al que asistieron representantes de 19 pa\u00edses para definir el modelo ideal de campo de entrenamiento para fuerzas policiales dentro de EUROGENDFOR, sirve para paliar la carencia de una infraestructura propia de entrenamiento de estas caracter\u00edsticas. Contempla dos actuaciones diferenciadas: por un lado, un campo de pr\u00e1cticas que permita diferentes posibilidades de entrenamiento en \u00e1reas como tiro, conducci\u00f3n y urbana, y por otro, un centro de formaci\u00f3n europeo que dinamice este pol\u00edgono de entrenamiento (Centro de Excelencia Europeo).<\/p>\n<p>El campo de pr\u00e1cticas consta de tres espacios para la realizaci\u00f3n de diferentes actividades de entrenamiento. El \u00e1rea de tiro, con campos de tiro para arma corta y larga, ya est\u00e1 operativa y pendiente de ampliaci\u00f3n. El \u00e1rea de conducci\u00f3n se encuentra finalizada en su totalidad y servir\u00e1 para entrenamiento en conducci\u00f3n evasiva y de todo terreno. Por \u00faltimo, el \u00e1rea urbana consiste en una ciudad simulada para entrenamiento y pr\u00e1cticas, y cuya primera fase (obra civil), se ha inaugurado hoy.<\/p>\n<p><strong>\u00abCasa de cristal\u00bb para entrenamientos<\/strong><\/p>\n<p>Quedan completados por tanto el viario, obra hidr\u00e1ulica, instalaciones urbanas, control de acceso y edificio multiusos. Este \u00faltimo es la construcci\u00f3n m\u00e1s relevante del simulador urbano y se organiza como un volumen complejo que alberga varios usos de forma integrada (vest\u00edbulo, enfermer\u00eda, locales t\u00e9cnicos, aseos, simulaci\u00f3n de ambientes y situaciones para entrenamiento, as\u00ed como la \u00abcasa de cristal\u00bb que permitir\u00e1 observar los ejercicios desde la planta superior). Asociado a esta primera fase se encuentra el proyecto tecnol\u00f3gico que se encuentra en su \u00faltima fase de desarrollo.<\/p>\n<p>Con la realizaci\u00f3n de este complejo se trata de conseguir unas instalaciones, dedicadas a la formaci\u00f3n y entrenamiento de las unidades de Guardia Civil y de otros cuerpos policiales, que permitir\u00e1n disponer de una infraestructura en la que realizar tambi\u00e9n ejercicios conjuntos de coordinaci\u00f3n, investigaci\u00f3n operativa, mando y control, tanto en el \u00e1mbito nacional como en el de las organizaciones europeas e internacionales de seguridad y defensa en las que la Guardia Civil participe. Adem\u00e1s servir\u00e1 para experimentar nuevos procedimientos operativos y mejorar la doctrina de actuaci\u00f3n, reforzando la imagen de la Guardia Civil como referente nacional e internacional en materia de intervenci\u00f3n policial operativa y adiestramientos especiales.<\/p>\n<p><strong>Apoyo institucional y convenios<\/strong><\/p>\n<p>El proyecto PEFE-GC cuenta con el apoyo de diversas instituciones. Para su desarrollo se han suscrito convenios con la Comunidad Aut\u00f3noma de La Rioja, el Ayuntamiento de Logro\u00f1o, la Universidad de La Rioja y se cuenta con la colaboraci\u00f3n del Centro Nacional de Entrenamiento de las Fuerzas de Gendarmer\u00eda en Saint Astier (Francia), de la Gendarmer\u00eda Jordana y del \u00f3rgano de formaci\u00f3n de la Uni\u00f3n Europea (ENTRI), que otorga el sello C3MV que habilita para impartir de manera oficial los cursos HEAT dirigidos a personal participante en gesti\u00f3n civil de crisis.<\/p>\n<p><strong>Proyecto GAR-SI Sahel<\/strong><\/p>\n<p>Se ha presentado tambi\u00e9n el proyecto GAR-SI Sahel, aprobado por la Uni\u00f3n Europea y liderado por la Guardia Civil y gestionado por la FIIAPP (Fundaci\u00f3n Internacional para Iberoam\u00e9rica de Administraci\u00f3n y Pol\u00edticas P\u00fablicas), e integrado por Espa\u00f1a, Francia, Italia y Portugal, y que se encuentra actualmente en ejecuci\u00f3n. Este proyecto permitir\u00e1 garantizar la seguridad y estabilidad en los pa\u00edses del G-5 Sahel (Mauritania, Mali, Niger, Burkina Faso y Chad) y Senegal, la mejora de las capacidades operacionales, el refuerzo del control efectivo del territorio y extender la acci\u00f3n del Estado de Derecho al conjunto del Sahel. Para ello, se est\u00e1n creando seis unidades similares a una Compa\u00f1\u00eda GAR, dot\u00e1ndolas de formaci\u00f3n, medios y competencia para ponerse operativamente en marcha.<\/p>\n<p>Se pretende as\u00ed mejorar la acci\u00f3n preventiva y reactiva de las fuerzas de seguridad nacionales del SAHEL, creando las condiciones para una mejor cooperaci\u00f3n transfronteriza y a una lucha m\u00e1s eficaz contra redes terroristas, crimen organizado y otras amenazas transnacionales. Cabe mencionar que el Centro de Adiestramientos Especiales (CAE) de la Guardia Civil, ya form\u00f3 una compa\u00f1\u00eda tipo GAR en Senegal en los a\u00f1os 2011-2012, actualmente desplegada y que ya es referencia para los pa\u00edses del entorno.<\/p>\n<p>En la actualidad se encuentran realizando pr\u00e1cticas y entrenamientos conjuntos en el PEFE junto a componentes del GAR de la Guardia Civil, 56 miembros de las fuerzas de Seguridad de Senegal (28) y de N\u00edger (28).<\/p>\n<p>Posteriormente, el presidente del Gobierno y el resto de autoridades y personal han podido presenciar una exhibici\u00f3n de procedimientos de actuaci\u00f3n de la UAR, presentada por el teniente coronel jefe del GAR y que ha tenido lugar en las inmediaciones del edificio multiusos, disponiendo asimismo de monitores para visionado de medios t\u00e9cnicos de apoyo a la intervenci\u00f3n. La exhibici\u00f3n ha concluido con la simulaci\u00f3n de un asalto a vivienda de terroristas para liberaci\u00f3n de reh\u00e9n, que se ha podido visionar en la Sala acristalada de la 3\u00aa planta (vista por suelo acristalado)<\/p>\n","protected":false},"excerpt":{"rendered":"<p>El presidente del Gobierno ha presidido en la ma\u00f1ana de hoy en Logro\u00f1o los actos de inauguraci\u00f3n de la primera fase (obra civil) del Pol\u00edgono de Experiencias para Fuerzas Especiales de la Guardia Civil (Proyecto PEFE). \u200bHa estado acompa\u00f1ado por el ministro del Interior, Juan Ignacio Zoido, el director general de la Guardia Civil, Jos\u00e9 [&hellip;]<\/p>\n","protected":false},"author":1,"featured_media":978651,"comment_status":"closed","ping_status":"closed","sticky":false,"template":"","format":"standard","meta":{"footnotes":""},"categories":[1],"tags":[],"class_list":["post-978650","post","type-post","status-publish","format-standard","has-post-thumbnail","hentry","category-actualidad"],"aioseo_notices":[],"aioseo_head":"\n\t\t<!-- All in One SEO Pro 5.0.1 - aioseo.com -->\n\t<meta name=\"description\" content=\"El presidente del Gobierno ha presidido en la ma\u00f1ana de hoy en Logro\u00f1o los actos de inauguraci\u00f3n de la primera fase (obra civil) del Pol\u00edgono de Experiencias para Fuerzas Especiales de la Guardia Civil (Proyecto PEFE). \u200bHa estado acompa\u00f1ado por el ministro del Interior, Juan Ignacio Zoido, el director general de la Guardia Civil, Jos\u00e9\" \/>\n\t<meta name=\"robots\" content=\"max-image-preview:large\" \/>\n\t<meta name=\"author\" content=\"El Digital de Asturias\"\/>\n\t<meta name=\"google-site-verification\" content=\"UA-38556648-1\" \/>\n\t<meta name=\"msvalidate.01\" content=\"7dfe9f3f1b24437ab69f4f2559babe99\" \/>\n\t<meta name=\"keywords\" content=\"actualidad\" \/>\n\t<link rel=\"canonical\" href=\"https:\/\/www.eldigitaldeasturias.com\/noticias\/rajoy-preside-los-actos-de-inauguracion-del-poligono-de-experiencias-para-fuerzas-especiales-de-la-guardia-civil-en-logrono\/\" \/>\n\t<meta name=\"generator\" content=\"All in One SEO Pro (AIOSEO) 5.0.1\" \/>\n\t\t<meta property=\"og:locale\" content=\"es_ES\" \/>\n\t\t<meta property=\"og:site_name\" content=\"El Digital de Asturias\" \/>\n\t\t<meta property=\"og:type\" content=\"article\" \/>\n\t\t<meta property=\"og:title\" content=\"Rajoy preside los actos de inauguraci\u00f3n del Pol\u00edgono de Experiencias para Fuerzas Especiales de la Guardia Civil en Logro\u00f1o - El Digital de Asturias\" \/>\n\t\t<meta property=\"og:description\" content=\"El presidente del Gobierno ha presidido en la ma\u00f1ana de hoy en Logro\u00f1o los actos de inauguraci\u00f3n de la primera fase (obra civil) del Pol\u00edgono de Experiencias para Fuerzas Especiales de la Guardia Civil (Proyecto PEFE). \u200bHa estado acompa\u00f1ado por el ministro del Interior, Juan Ignacio Zoido, el director general de la Guardia Civil, Jos\u00e9\" \/>\n\t\t<meta property=\"og:url\" content=\"https:\/\/www.eldigitaldeasturias.com\/noticias\/rajoy-preside-los-actos-de-inauguracion-del-poligono-de-experiencias-para-fuerzas-especiales-de-la-guardia-civil-en-logrono\/\" \/>\n\t\t<meta property=\"article:tag\" content=\"actualidad\" \/>\n\t\t<meta property=\"article:published_time\" content=\"2018-05-03T15:17:31+00:00\" \/>\n\t\t<meta property=\"article:modified_time\" content=\"2018-05-03T15:17:31+00:00\" \/>\n\t\t<meta property=\"article:publisher\" content=\"https:\/\/facebook.com\/eldigitaldeasturias\" \/>\n\t\t<meta name=\"twitter:card\" content=\"summary_large_image\" \/>\n\t\t<meta name=\"twitter:title\" content=\"Rajoy preside los actos de inauguraci\u00f3n del Pol\u00edgono de Experiencias para Fuerzas Especiales de la Guardia Civil en Logro\u00f1o - El Digital de Asturias\" \/>\n\t\t<meta name=\"twitter:description\" content=\"El presidente del Gobierno ha presidido en la ma\u00f1ana de hoy en Logro\u00f1o los actos de inauguraci\u00f3n de la primera fase (obra civil) del Pol\u00edgono de Experiencias para Fuerzas Especiales de la Guardia Civil (Proyecto PEFE). \u200bHa estado acompa\u00f1ado por el ministro del Interior, Juan Ignacio Zoido, el director general de la Guardia Civil, Jos\u00e9\" \/>\n\t\t<meta name=\"twitter:image\" content=\"https:\/\/www.eldigitaldeasturias.com\/noticias\/wp-content\/uploads\/2020\/12\/EDA-1.jpg\" \/>\n\t\t<meta name=\"twitter:label1\" content=\"Escrito por\" \/>\n\t\t<meta name=\"twitter:data1\" content=\"El Digital de Asturias\" \/>\n\t\t<meta name=\"twitter:label2\" content=\"Tiempo de lectura estimado\" \/>\n\t\t<meta name=\"twitter:data2\" content=\"5 minutos\" \/>\n\t\t<script type=\"application\/ld+json\" class=\"aioseo-schema\">\n\t\t\t{\"@context\":\"https:\\\/\\\/schema.org\",\"@graph\":[{\"@type\":\"BlogPosting\",\"@id\":\"https:\\\/\\\/www.eldigitaldeasturias.com\\\/noticias\\\/rajoy-preside-los-actos-de-inauguracion-del-poligono-de-experiencias-para-fuerzas-especiales-de-la-guardia-civil-en-logrono\\\/#blogposting\",\"name\":\"Rajoy preside los actos de inauguraci\\u00f3n del Pol\\u00edgono de Experiencias para Fuerzas Especiales de la Guardia Civil en Logro\\u00f1o - El Digital de Asturias\",\"headline\":\"Rajoy preside los actos de inauguraci\\u00f3n del Pol\\u00edgono de Experiencias para Fuerzas Especiales de la Guardia Civil en Logro\\u00f1o\",\"author\":{\"@id\":\"https:\\\/\\\/www.eldigitaldeasturias.com\\\/noticias\\\/author\\\/admin\\\/#author\"},\"publisher\":{\"@id\":\"https:\\\/\\\/www.eldigitaldeasturias.com\\\/noticias\\\/#organization\"},\"image\":{\"@type\":\"ImageObject\",\"url\":978651},\"datePublished\":\"2018-05-03T15:17:31+02:00\",\"dateModified\":\"2018-05-03T15:17:31+02:00\",\"inLanguage\":\"es-ES\",\"mainEntityOfPage\":{\"@id\":\"https:\\\/\\\/www.eldigitaldeasturias.com\\\/noticias\\\/rajoy-preside-los-actos-de-inauguracion-del-poligono-de-experiencias-para-fuerzas-especiales-de-la-guardia-civil-en-logrono\\\/#webpage\"},\"isPartOf\":{\"@id\":\"https:\\\/\\\/www.eldigitaldeasturias.com\\\/noticias\\\/rajoy-preside-los-actos-de-inauguracion-del-poligono-de-experiencias-para-fuerzas-especiales-de-la-guardia-civil-en-logrono\\\/#webpage\"},\"articleSection\":\"Actualidad\"},{\"@type\":\"BreadcrumbList\",\"@id\":\"https:\\\/\\\/www.eldigitaldeasturias.com\\\/noticias\\\/rajoy-preside-los-actos-de-inauguracion-del-poligono-de-experiencias-para-fuerzas-especiales-de-la-guardia-civil-en-logrono\\\/#breadcrumblist\",\"itemListElement\":[{\"@type\":\"ListItem\",\"@id\":\"https:\\\/\\\/www.eldigitaldeasturias.com\\\/noticias#listItem\",\"position\":1,\"name\":\"Home\",\"item\":\"https:\\\/\\\/www.eldigitaldeasturias.com\\\/noticias\",\"nextItem\":{\"@type\":\"ListItem\",\"@id\":\"https:\\\/\\\/www.eldigitaldeasturias.com\\\/noticias\\\/category\\\/actualidad\\\/#listItem\",\"name\":\"Actualidad\"}},{\"@type\":\"ListItem\",\"@id\":\"https:\\\/\\\/www.eldigitaldeasturias.com\\\/noticias\\\/category\\\/actualidad\\\/#listItem\",\"position\":2,\"name\":\"Actualidad\",\"item\":\"https:\\\/\\\/www.eldigitaldeasturias.com\\\/noticias\\\/category\\\/actualidad\\\/\",\"nextItem\":{\"@type\":\"ListItem\",\"@id\":\"https:\\\/\\\/www.eldigitaldeasturias.com\\\/noticias\\\/rajoy-preside-los-actos-de-inauguracion-del-poligono-de-experiencias-para-fuerzas-especiales-de-la-guardia-civil-en-logrono\\\/#listItem\",\"name\":\"Rajoy preside los actos de inauguraci\\u00f3n del Pol\\u00edgono de Experiencias para Fuerzas Especiales de la Guardia Civil en Logro\\u00f1o\"},\"previousItem\":{\"@type\":\"ListItem\",\"@id\":\"https:\\\/\\\/www.eldigitaldeasturias.com\\\/noticias#listItem\",\"name\":\"Home\"}},{\"@type\":\"ListItem\",\"@id\":\"https:\\\/\\\/www.eldigitaldeasturias.com\\\/noticias\\\/rajoy-preside-los-actos-de-inauguracion-del-poligono-de-experiencias-para-fuerzas-especiales-de-la-guardia-civil-en-logrono\\\/#listItem\",\"position\":3,\"name\":\"Rajoy preside los actos de inauguraci\\u00f3n del Pol\\u00edgono de Experiencias para Fuerzas Especiales de la Guardia Civil en Logro\\u00f1o\",\"previousItem\":{\"@type\":\"ListItem\",\"@id\":\"https:\\\/\\\/www.eldigitaldeasturias.com\\\/noticias\\\/category\\\/actualidad\\\/#listItem\",\"name\":\"Actualidad\"}}]},{\"@type\":\"Organization\",\"@id\":\"https:\\\/\\\/www.eldigitaldeasturias.com\\\/noticias\\\/#organization\",\"name\":\"El Digital de Asturias\",\"description\":\"Hemeroteca\",\"url\":\"https:\\\/\\\/www.eldigitaldeasturias.com\\\/noticias\\\/\",\"email\":\"info@eldigitaldeasturias.com\",\"telephone\":\"+34652131393\",\"logo\":{\"@type\":\"ImageObject\",\"url\":\"https:\\\/\\\/www.eldigitaldeasturias.com\\\/noticias\\\/wp-content\\\/uploads\\\/2020\\\/12\\\/EDA.jpg\",\"@id\":\"https:\\\/\\\/www.eldigitaldeasturias.com\\\/noticias\\\/rajoy-preside-los-actos-de-inauguracion-del-poligono-de-experiencias-para-fuerzas-especiales-de-la-guardia-civil-en-logrono\\\/#organizationLogo\"},\"image\":{\"@id\":\"https:\\\/\\\/www.eldigitaldeasturias.com\\\/noticias\\\/rajoy-preside-los-actos-de-inauguracion-del-poligono-de-experiencias-para-fuerzas-especiales-de-la-guardia-civil-en-logrono\\\/#organizationLogo\"},\"sameAs\":[\"https:\\\/\\\/facebook.com\\\/eldigitaldeasturias\",\"https:\\\/\\\/www.youtube.com\\\/channel\\\/UCZP-2wLEB9Rv6erhFmqVnvg\"],\"address\":{\"@id\":\"https:\\\/\\\/www.eldigitaldeasturias.com\\\/noticias\\\/#postaladdress\",\"@type\":\"PostalAddress\",\"streetAddress\":\"san antonio 4\",\"postalCode\":\"33430\",\"addressLocality\":\"Cand\\u00e1s\",\"addressRegion\":\"Asturias\",\"addressCountry\":\"ES\"}},{\"@type\":\"Person\",\"@id\":\"https:\\\/\\\/www.eldigitaldeasturias.com\\\/noticias\\\/author\\\/admin\\\/#author\",\"url\":\"https:\\\/\\\/www.eldigitaldeasturias.com\\\/noticias\\\/author\\\/admin\\\/\",\"name\":\"El Digital de Asturias\",\"image\":{\"@type\":\"ImageObject\",\"@id\":\"https:\\\/\\\/www.eldigitaldeasturias.com\\\/noticias\\\/rajoy-preside-los-actos-de-inauguracion-del-poligono-de-experiencias-para-fuerzas-especiales-de-la-guardia-civil-en-logrono\\\/#authorImage\",\"url\":\"https:\\\/\\\/secure.gravatar.com\\\/avatar\\\/df2aeffc32bcd13f8d26072ef8a91b623d677766deac7f97ca815868cd41bf5e?s=96&d=mm&r=g\",\"width\":96,\"height\":96,\"caption\":\"El Digital de Asturias\"}},{\"@type\":\"WebPage\",\"@id\":\"https:\\\/\\\/www.eldigitaldeasturias.com\\\/noticias\\\/rajoy-preside-los-actos-de-inauguracion-del-poligono-de-experiencias-para-fuerzas-especiales-de-la-guardia-civil-en-logrono\\\/#webpage\",\"url\":\"https:\\\/\\\/www.eldigitaldeasturias.com\\\/noticias\\\/rajoy-preside-los-actos-de-inauguracion-del-poligono-de-experiencias-para-fuerzas-especiales-de-la-guardia-civil-en-logrono\\\/\",\"name\":\"Rajoy preside los actos de inauguraci\\u00f3n del Pol\\u00edgono de Experiencias para Fuerzas Especiales de la Guardia Civil en Logro\\u00f1o - El Digital de Asturias\",\"description\":\"El presidente del Gobierno ha presidido en la ma\\u00f1ana de hoy en Logro\\u00f1o los actos de inauguraci\\u00f3n de la primera fase (obra civil) del Pol\\u00edgono de Experiencias para Fuerzas Especiales de la Guardia Civil (Proyecto PEFE). \\u200bHa estado acompa\\u00f1ado por el ministro del Interior, Juan Ignacio Zoido, el director general de la Guardia Civil, Jos\\u00e9\",\"inLanguage\":\"es-ES\",\"isPartOf\":{\"@id\":\"https:\\\/\\\/www.eldigitaldeasturias.com\\\/noticias\\\/#website\"},\"breadcrumb\":{\"@id\":\"https:\\\/\\\/www.eldigitaldeasturias.com\\\/noticias\\\/rajoy-preside-los-actos-de-inauguracion-del-poligono-de-experiencias-para-fuerzas-especiales-de-la-guardia-civil-en-logrono\\\/#breadcrumblist\"},\"author\":{\"@id\":\"https:\\\/\\\/www.eldigitaldeasturias.com\\\/noticias\\\/author\\\/admin\\\/#author\"},\"creator\":{\"@id\":\"https:\\\/\\\/www.eldigitaldeasturias.com\\\/noticias\\\/author\\\/admin\\\/#author\"},\"image\":{\"@type\":\"ImageObject\",\"url\":978651,\"@id\":\"https:\\\/\\\/www.eldigitaldeasturias.com\\\/noticias\\\/rajoy-preside-los-actos-de-inauguracion-del-poligono-de-experiencias-para-fuerzas-especiales-de-la-guardia-civil-en-logrono\\\/#mainImage\"},\"primaryImageOfPage\":{\"@id\":\"https:\\\/\\\/www.eldigitaldeasturias.com\\\/noticias\\\/rajoy-preside-los-actos-de-inauguracion-del-poligono-de-experiencias-para-fuerzas-especiales-de-la-guardia-civil-en-logrono\\\/#mainImage\"},\"datePublished\":\"2018-05-03T15:17:31+02:00\",\"dateModified\":\"2018-05-03T15:17:31+02:00\"},{\"@type\":\"WebSite\",\"@id\":\"https:\\\/\\\/www.eldigitaldeasturias.com\\\/noticias\\\/#website\",\"url\":\"https:\\\/\\\/www.eldigitaldeasturias.com\\\/noticias\\\/\",\"name\":\"El Digital de Asturias - Diario de actualidad y noticias\",\"alternateName\":\"El Digital de Asturias - Diario de actualidad y noticias\",\"description\":\"Hemeroteca\",\"inLanguage\":\"es-ES\",\"publisher\":{\"@id\":\"https:\\\/\\\/www.eldigitaldeasturias.com\\\/noticias\\\/#organization\"}}]}\n\t\t<\/script>\n\t\t<!-- All in One SEO Pro -->\r\n\t\t<title>Rajoy preside los actos de inauguraci\u00f3n del Pol\u00edgono de Experiencias para Fuerzas Especiales de la Guardia Civil en Logro\u00f1o - El Digital de Asturias<\/title>\n\n","aioseo_head_json":{"title":"Rajoy preside los actos de inauguraci\u00f3n del Pol\u00edgono de Experiencias para Fuerzas Especiales de la Guardia Civil en Logro\u00f1o - El Digital de Asturias","description":"El presidente del Gobierno ha presidido en la ma\u00f1ana de hoy en Logro\u00f1o los actos de inauguraci\u00f3n de la primera fase (obra civil) del Pol\u00edgono de Experiencias para Fuerzas Especiales de la Guardia Civil (Proyecto PEFE). \u200bHa estado acompa\u00f1ado por el ministro del Interior, Juan Ignacio Zoido, el director general de la Guardia Civil, Jos\u00e9","canonical_url":"https:\/\/www.eldigitaldeasturias.com\/noticias\/rajoy-preside-los-actos-de-inauguracion-del-poligono-de-experiencias-para-fuerzas-especiales-de-la-guardia-civil-en-logrono\/","robots":"max-image-preview:large","keywords":"actualidad","webmasterTools":{"google-site-verification":"UA-38556648-1","msvalidate.01":"7dfe9f3f1b24437ab69f4f2559babe99","miscellaneous":""},"schema":{"@context":"https:\/\/schema.org","@graph":[{"@type":"BlogPosting","@id":"https:\/\/www.eldigitaldeasturias.com\/noticias\/rajoy-preside-los-actos-de-inauguracion-del-poligono-de-experiencias-para-fuerzas-especiales-de-la-guardia-civil-en-logrono\/#blogposting","name":"Rajoy preside los actos de inauguraci\u00f3n del Pol\u00edgono de Experiencias para Fuerzas Especiales de la Guardia Civil en Logro\u00f1o - El Digital de Asturias","headline":"Rajoy preside los actos de inauguraci\u00f3n del Pol\u00edgono de Experiencias para Fuerzas Especiales de la Guardia Civil en Logro\u00f1o","author":{"@id":"https:\/\/www.eldigitaldeasturias.com\/noticias\/author\/admin\/#author"},"publisher":{"@id":"https:\/\/www.eldigitaldeasturias.com\/noticias\/#organization"},"image":{"@type":"ImageObject","url":978651},"datePublished":"2018-05-03T15:17:31+02:00","dateModified":"2018-05-03T15:17:31+02:00","inLanguage":"es-ES","mainEntityOfPage":{"@id":"https:\/\/www.eldigitaldeasturias.com\/noticias\/rajoy-preside-los-actos-de-inauguracion-del-poligono-de-experiencias-para-fuerzas-especiales-de-la-guardia-civil-en-logrono\/#webpage"},"isPartOf":{"@id":"https:\/\/www.eldigitaldeasturias.com\/noticias\/rajoy-preside-los-actos-de-inauguracion-del-poligono-de-experiencias-para-fuerzas-especiales-de-la-guardia-civil-en-logrono\/#webpage"},"articleSection":"Actualidad"},{"@type":"BreadcrumbList","@id":"https:\/\/www.eldigitaldeasturias.com\/noticias\/rajoy-preside-los-actos-de-inauguracion-del-poligono-de-experiencias-para-fuerzas-especiales-de-la-guardia-civil-en-logrono\/#breadcrumblist","itemListElement":[{"@type":"ListItem","@id":"https:\/\/www.eldigitaldeasturias.com\/noticias#listItem","position":1,"name":"Home","item":"https:\/\/www.eldigitaldeasturias.com\/noticias","nextItem":{"@type":"ListItem","@id":"https:\/\/www.eldigitaldeasturias.com\/noticias\/category\/actualidad\/#listItem","name":"Actualidad"}},{"@type":"ListItem","@id":"https:\/\/www.eldigitaldeasturias.com\/noticias\/category\/actualidad\/#listItem","position":2,"name":"Actualidad","item":"https:\/\/www.eldigitaldeasturias.com\/noticias\/category\/actualidad\/","nextItem":{"@type":"ListItem","@id":"https:\/\/www.eldigitaldeasturias.com\/noticias\/rajoy-preside-los-actos-de-inauguracion-del-poligono-de-experiencias-para-fuerzas-especiales-de-la-guardia-civil-en-logrono\/#listItem","name":"Rajoy preside los actos de inauguraci\u00f3n del Pol\u00edgono de Experiencias para Fuerzas Especiales de la Guardia Civil en Logro\u00f1o"},"previousItem":{"@type":"ListItem","@id":"https:\/\/www.eldigitaldeasturias.com\/noticias#listItem","name":"Home"}},{"@type":"ListItem","@id":"https:\/\/www.eldigitaldeasturias.com\/noticias\/rajoy-preside-los-actos-de-inauguracion-del-poligono-de-experiencias-para-fuerzas-especiales-de-la-guardia-civil-en-logrono\/#listItem","position":3,"name":"Rajoy preside los actos de inauguraci\u00f3n del Pol\u00edgono de Experiencias para Fuerzas Especiales de la Guardia Civil en Logro\u00f1o","previousItem":{"@type":"ListItem","@id":"https:\/\/www.eldigitaldeasturias.com\/noticias\/category\/actualidad\/#listItem","name":"Actualidad"}}]},{"@type":"Organization","@id":"https:\/\/www.eldigitaldeasturias.com\/noticias\/#organization","name":"El Digital de Asturias","description":"Hemeroteca","url":"https:\/\/www.eldigitaldeasturias.com\/noticias\/","email":"info@eldigitaldeasturias.com","telephone":"+34652131393","logo":{"@type":"ImageObject","url":"https:\/\/www.eldigitaldeasturias.com\/noticias\/wp-content\/uploads\/2020\/12\/EDA.jpg","@id":"https:\/\/www.eldigitaldeasturias.com\/noticias\/rajoy-preside-los-actos-de-inauguracion-del-poligono-de-experiencias-para-fuerzas-especiales-de-la-guardia-civil-en-logrono\/#organizationLogo"},"image":{"@id":"https:\/\/www.eldigitaldeasturias.com\/noticias\/rajoy-preside-los-actos-de-inauguracion-del-poligono-de-experiencias-para-fuerzas-especiales-de-la-guardia-civil-en-logrono\/#organizationLogo"},"sameAs":["https:\/\/facebook.com\/eldigitaldeasturias","https:\/\/www.youtube.com\/channel\/UCZP-2wLEB9Rv6erhFmqVnvg"],"address":{"@id":"https:\/\/www.eldigitaldeasturias.com\/noticias\/#postaladdress","@type":"PostalAddress","streetAddress":"san antonio 4","postalCode":"33430","addressLocality":"Cand\u00e1s","addressRegion":"Asturias","addressCountry":"ES"}},{"@type":"Person","@id":"https:\/\/www.eldigitaldeasturias.com\/noticias\/author\/admin\/#author","url":"https:\/\/www.eldigitaldeasturias.com\/noticias\/author\/admin\/","name":"El Digital de Asturias","image":{"@type":"ImageObject","@id":"https:\/\/www.eldigitaldeasturias.com\/noticias\/rajoy-preside-los-actos-de-inauguracion-del-poligono-de-experiencias-para-fuerzas-especiales-de-la-guardia-civil-en-logrono\/#authorImage","url":"https:\/\/secure.gravatar.com\/avatar\/df2aeffc32bcd13f8d26072ef8a91b623d677766deac7f97ca815868cd41bf5e?s=96&d=mm&r=g","width":96,"height":96,"caption":"El Digital de Asturias"}},{"@type":"WebPage","@id":"https:\/\/www.eldigitaldeasturias.com\/noticias\/rajoy-preside-los-actos-de-inauguracion-del-poligono-de-experiencias-para-fuerzas-especiales-de-la-guardia-civil-en-logrono\/#webpage","url":"https:\/\/www.eldigitaldeasturias.com\/noticias\/rajoy-preside-los-actos-de-inauguracion-del-poligono-de-experiencias-para-fuerzas-especiales-de-la-guardia-civil-en-logrono\/","name":"Rajoy preside los actos de inauguraci\u00f3n del Pol\u00edgono de Experiencias para Fuerzas Especiales de la Guardia Civil en Logro\u00f1o - El Digital de Asturias","description":"El presidente del Gobierno ha presidido en la ma\u00f1ana de hoy en Logro\u00f1o los actos de inauguraci\u00f3n de la primera fase (obra civil) del Pol\u00edgono de Experiencias para Fuerzas Especiales de la Guardia Civil (Proyecto PEFE). \u200bHa estado acompa\u00f1ado por el ministro del Interior, Juan Ignacio Zoido, el director general de la Guardia Civil, Jos\u00e9","inLanguage":"es-ES","isPartOf":{"@id":"https:\/\/www.eldigitaldeasturias.com\/noticias\/#website"},"breadcrumb":{"@id":"https:\/\/www.eldigitaldeasturias.com\/noticias\/rajoy-preside-los-actos-de-inauguracion-del-poligono-de-experiencias-para-fuerzas-especiales-de-la-guardia-civil-en-logrono\/#breadcrumblist"},"author":{"@id":"https:\/\/www.eldigitaldeasturias.com\/noticias\/author\/admin\/#author"},"creator":{"@id":"https:\/\/www.eldigitaldeasturias.com\/noticias\/author\/admin\/#author"},"image":{"@type":"ImageObject","url":978651,"@id":"https:\/\/www.eldigitaldeasturias.com\/noticias\/rajoy-preside-los-actos-de-inauguracion-del-poligono-de-experiencias-para-fuerzas-especiales-de-la-guardia-civil-en-logrono\/#mainImage"},"primaryImageOfPage":{"@id":"https:\/\/www.eldigitaldeasturias.com\/noticias\/rajoy-preside-los-actos-de-inauguracion-del-poligono-de-experiencias-para-fuerzas-especiales-de-la-guardia-civil-en-logrono\/#mainImage"},"datePublished":"2018-05-03T15:17:31+02:00","dateModified":"2018-05-03T15:17:31+02:00"},{"@type":"WebSite","@id":"https:\/\/www.eldigitaldeasturias.com\/noticias\/#website","url":"https:\/\/www.eldigitaldeasturias.com\/noticias\/","name":"El Digital de Asturias - Diario de actualidad y noticias","alternateName":"El Digital de Asturias - Diario de actualidad y noticias","description":"Hemeroteca","inLanguage":"es-ES","publisher":{"@id":"https:\/\/www.eldigitaldeasturias.com\/noticias\/#organization"}}]},"og:locale":"es_ES","og:site_name":"El Digital de Asturias","og:type":"article","og:title":"Rajoy preside los actos de inauguraci\u00f3n del Pol\u00edgono de Experiencias para Fuerzas Especiales de la Guardia Civil en Logro\u00f1o - El Digital de Asturias","og:description":"El presidente del Gobierno ha presidido en la ma\u00f1ana de hoy en Logro\u00f1o los actos de inauguraci\u00f3n de la primera fase (obra civil) del Pol\u00edgono de Experiencias para Fuerzas Especiales de la Guardia Civil (Proyecto PEFE). \u200bHa estado acompa\u00f1ado por el ministro del Interior, Juan Ignacio Zoido, el director general de la Guardia Civil, Jos\u00e9","og:url":"https:\/\/www.eldigitaldeasturias.com\/noticias\/rajoy-preside-los-actos-de-inauguracion-del-poligono-de-experiencias-para-fuerzas-especiales-de-la-guardia-civil-en-logrono\/","article:tag":["actualidad"],"article:published_time":"2018-05-03T15:17:31+00:00","article:modified_time":"2018-05-03T15:17:31+00:00","article:publisher":"https:\/\/facebook.com\/eldigitaldeasturias","twitter:card":"summary_large_image","twitter:title":"Rajoy preside los actos de inauguraci\u00f3n del Pol\u00edgono de Experiencias para Fuerzas Especiales de la Guardia Civil en Logro\u00f1o - El Digital de Asturias","twitter:description":"El presidente del Gobierno ha presidido en la ma\u00f1ana de hoy en Logro\u00f1o los actos de inauguraci\u00f3n de la primera fase (obra civil) del Pol\u00edgono de Experiencias para Fuerzas Especiales de la Guardia Civil (Proyecto PEFE). \u200bHa estado acompa\u00f1ado por el ministro del Interior, Juan Ignacio Zoido, el director general de la Guardia Civil, Jos\u00e9","twitter:image":"https:\/\/www.eldigitaldeasturias.com\/noticias\/wp-content\/uploads\/2020\/12\/EDA-1.jpg","twitter:label1":"Escrito por","twitter:data1":"El Digital de Asturias","twitter:label2":"Tiempo de lectura estimado","twitter:data2":"5 minutos"},"aioseo_meta_data":{"post_id":"978650","title":null,"description":null,"keywords":null,"keyphrases":null,"primary_term":null,"canonical_url":null,"og_title":null,"og_description":null,"og_object_type":"default","og_image_type":"default","og_image_url":null,"og_image_width":null,"og_image_height":null,"og_image_custom_url":null,"og_image_custom_fields":null,"og_video":null,"og_custom_url":null,"og_article_section":null,"og_article_tags":null,"twitter_use_og":false,"twitter_card":"default","twitter_image_type":"default","twitter_image_url":null,"twitter_image_custom_url":null,"twitter_image_custom_fields":null,"twitter_title":null,"twitter_description":null,"schema":{"blockGraphs":[],"customGraphs":[],"default":{"data":{"Article":[],"Course":[],"Dataset":[],"FAQPage":[],"Movie":[],"Person":[],"Product":[],"ProductReview":[],"Car":[],"Recipe":[],"Service":[],"SoftwareApplication":[],"WebPage":[]},"graphName":"","isEnabled":true},"graphs":[],"defaultGraph":"","defaultPostTypeGraph":""},"schema_type":null,"schema_type_options":null,"pillar_content":false,"robots_default":true,"robots_noindex":false,"robots_noarchive":false,"robots_nosnippet":false,"robots_nofollow":false,"robots_noimageindex":false,"robots_noodp":false,"robots_notranslate":false,"robots_max_snippet":null,"robots_max_videopreview":null,"robots_max_imagepreview":"large","priority":null,"frequency":null,"local_seo":null,"seo_analyzer_scan_date":"2025-10-08 11:35:56","breadcrumb_settings":null,"limit_modified_date":false,"open_ai":null,"ai":null,"created":"2020-12-21 12:01:37","updated":"2025-10-08 11:35:56","focus_keyword":null,"additional_keywords":null,"truseo_locale":null},"aioseo_breadcrumb":"<div class=\"aioseo-breadcrumbs\"><span class=\"aioseo-breadcrumb\">\n\t<a href=\"https:\/\/www.eldigitaldeasturias.com\/noticias\" title=\"Home\">Home<\/a>\n<\/span><span class=\"aioseo-breadcrumb-separator\">\u2013<\/span><span class=\"aioseo-breadcrumb\">\n\t<a href=\"https:\/\/www.eldigitaldeasturias.com\/noticias\/category\/actualidad\/\" title=\"Actualidad\">Actualidad<\/a>\n<\/span><span class=\"aioseo-breadcrumb-separator\">\u2013<\/span><span class=\"aioseo-breadcrumb\">\n\t<a href=\"https:\/\/www.eldigitaldeasturias.com\/noticias\/rajoy-preside-los-actos-de-inauguracion-del-poligono-de-experiencias-para-fuerzas-especiales-de-la-guardia-civil-en-logrono\/\" title=\"Rajoy preside los actos de inauguraci\u00f3n del Pol\u00edgono de Experiencias para Fuerzas Especiales de la Guardia Civil en Logro\u00f1o\">Rajoy preside los actos de inauguraci\u00f3n del Pol\u00edgono de Experiencias para Fuerzas Especiales de la Guardia Civil en Logro\u00f1o<\/a>\n<\/span><\/div>","aioseo_breadcrumb_json":[{"label":"Home","link":"https:\/\/www.eldigitaldeasturias.com\/noticias"},{"label":"Actualidad","link":"https:\/\/www.eldigitaldeasturias.com\/noticias\/category\/actualidad\/"},{"label":"Rajoy preside los actos de inauguraci\u00f3n del Pol\u00edgono de Experiencias para Fuerzas Especiales de la Guardia Civil en Logro\u00f1o","link":"https:\/\/www.eldigitaldeasturias.com\/noticias\/rajoy-preside-los-actos-de-inauguracion-del-poligono-de-experiencias-para-fuerzas-especiales-de-la-guardia-civil-en-logrono\/"}],"_links":{"self":[{"href":"https:\/\/www.eldigitaldeasturias.com\/noticias\/wp-json\/wp\/v2\/posts\/978650","targetHints":{"allow":["GET"]}}],"collection":[{"href":"https:\/\/www.eldigitaldeasturias.com\/noticias\/wp-json\/wp\/v2\/posts"}],"about":[{"href":"https:\/\/www.eldigitaldeasturias.com\/noticias\/wp-json\/wp\/v2\/types\/post"}],"author":[{"embeddable":true,"href":"https:\/\/www.eldigitaldeasturias.com\/noticias\/wp-json\/wp\/v2\/users\/1"}],"replies":[{"embeddable":true,"href":"https:\/\/www.eldigitaldeasturias.com\/noticias\/wp-json\/wp\/v2\/comments?post=978650"}],"version-history":[{"count":0,"href":"https:\/\/www.eldigitaldeasturias.com\/noticias\/wp-json\/wp\/v2\/posts\/978650\/revisions"}],"wp:attachment":[{"href":"https:\/\/www.eldigitaldeasturias.com\/noticias\/wp-json\/wp\/v2\/media?parent=978650"}],"wp:term":[{"taxonomy":"category","embeddable":true,"href":"https:\/\/www.eldigitaldeasturias.com\/noticias\/wp-json\/wp\/v2\/categories?post=978650"},{"taxonomy":"post_tag","embeddable":true,"href":"https:\/\/www.eldigitaldeasturias.com\/noticias\/wp-json\/wp\/v2\/tags?post=978650"}],"curies":[{"name":"wp","href":"https:\/\/api.w.org\/{rel}","templated":true}]}}