{"id":978634,"date":"2018-05-02T22:56:49","date_gmt":"2018-05-02T22:56:49","guid":{"rendered":"http:\/\/www.eldigitaldeasturias.com\/noticias\/?p=978634"},"modified":"2018-05-02T22:56:49","modified_gmt":"2018-05-02T22:56:49","slug":"el-lider-opositor-pashinian-frena-las-protestas-en-armenia","status":"publish","type":"post","link":"https:\/\/www.eldigitaldeasturias.com\/noticias\/el-lider-opositor-pashinian-frena-las-protestas-en-armenia\/","title":{"rendered":"El l\u00edder opositor Pashinian frena las protestas en Armenia"},"content":{"rendered":"<p><img loading=\"lazy\" decoding=\"async\" class=\"alignleft size-medium wp-image-978635\" src=\"https:\/\/www.eldigitaldeasturias.com\/noticias\/wp-content\/uploads\/2018\/05\/armenian-1606853_960_720-360x203.jpg\" alt=\"\" width=\"360\" height=\"203\" \/>Erev\u00e1n, 2 may (dpa) &#8211; El l\u00edder de las protestas en Armenia y aspirante a primer ministro Nikol Pashinian llam\u00f3 hoy a sus seguidores a detener todas las acciones de desobediencia civil, despu\u00e9s de que la oposici\u00f3n volviera a paralizar este mi\u00e9rcoles la capital Erev\u00e1n.<\/p>\n<p>Pashinian hab\u00eda llamado a la desobediencia civil al fracasar su nombramiento como primer ministro el martes en el Parlamento. El pr\u00f3ximo 8 de mayo se celebrar\u00e1 una segunda sesi\u00f3n parlamentaria para elegir a un nuevo jefe de Gobierno.<\/p>\n<p>El anuncio de Pashinian, seg\u00fan report\u00f3 el medio estatal Armenpress, lleg\u00f3 el mismo d\u00eda en que bloqueos de carretera provocaron el caos para transportarse por sectores de la capital.<\/p>\n<p>Los manifestantes bloquearon las principales calles de la ciudad y el metro no circulaba, informan los medios locales. Tambi\u00e9n se vieron afectadas carreteras de otras partes del pa\u00eds, el aeropuerto internacional de Erev\u00e1n, las l\u00edneas de ferrocarril que conectan el pa\u00eds con Georgia y varios pasos fronterizos.<\/p>\n<p>Las protestas en el pa\u00eds del sur del C\u00e1ucaso de 2,9 millones de habitantes, bautizadas como \u00abla revoluci\u00f3n de terciopelo\u00bb, se dirigen desde hace semanas contra la corrupci\u00f3n y el nepotismo.<\/p>\n<p>Los manifestantes ya obligaron a renunciar al primer ministro Serzh Sargsi\u00e1n el pasado 23 de abril, pero su Partido Republicano sigue teniendo mayor\u00eda en el Parlamento. Los diputados del partido votaron el martes siguiendo la l\u00ednea de la agrupaci\u00f3n y ninguno apoy\u00f3 al opositor Pashinian.<\/p>\n<p>A Pashinian le faltaron ocho sufragios para ser elegido, aunque era el \u00fanico candidato. Si no se elige un postulante en la pr\u00f3xima votaci\u00f3n, el Parlamento quedar\u00e1 disuelto, reportaron medios estatales.<\/p>\n<p>Pashinian confirm\u00f3 que volver\u00e1 a candidatearse en la pr\u00f3xima ronda, seg\u00fan estos informes. Mientras llam\u00f3 a un fin de las protestas, urgi\u00f3 de todas maneras a sus seguidores a que se re\u00fanan el d\u00eda de la votaci\u00f3n la pr\u00f3xima semana.<\/p>\n<p>La oposici\u00f3n bloque\u00f3 hoy varios ministerios, incluyendo el de Justicia, y cerr\u00f3 la autopista que conduce al principal aeropuerto del pa\u00eds. Muchos turistas fueron vistos caminando con maletas por la autopista hacia la terminal internacional Zvartnots, report\u00f3 Armenpress.<\/p>\n<p>El partido de Pashinian llam\u00f3 a los manifestantes a que dejaran pasar ambulancias y veh\u00edculos militares por los bloqueos.<\/p>\n<p>Como en las semanas anteriores, las protestas transcurrieron de forma pac\u00edfica e incluso en medio de un ambiente festivo. La mayor\u00eda de j\u00f3venes formaron cadenas humanas y ondearon banderas del pa\u00eds, que llevan los colores rojo, azul y naranja. Mucha gente cantaba y bailaba.<\/p>\n<p>Rusia observa mientras tanto la situaci\u00f3n con cierta desconfianza, pues rechaza los cambios de poder impulsados a partir de la presi\u00f3n callejera. Mosc\u00fa tiene una base militar en Armenia y ejercer como su protector frente Turqu\u00eda y Azerbaiy\u00e1n, con quien se encuentra enemistado.<\/p>\n<p>Por Awet Demurjan, Friedemann Kohler y Peter Spinella (dpa)<\/p>\n","protected":false},"excerpt":{"rendered":"<p>Erev\u00e1n, 2 may (dpa) &#8211; El l\u00edder de las protestas en Armenia y aspirante a primer ministro Nikol Pashinian llam\u00f3 hoy a sus seguidores a detener todas las acciones de desobediencia civil, despu\u00e9s de que la oposici\u00f3n volviera a paralizar este mi\u00e9rcoles la capital Erev\u00e1n. Pashinian hab\u00eda llamado a la desobediencia civil al fracasar su [&hellip;]<\/p>\n","protected":false},"author":1,"featured_media":978635,"comment_status":"closed","ping_status":"closed","sticky":false,"template":"","format":"standard","meta":{"footnotes":""},"categories":[1],"tags":[],"class_list":["post-978634","post","type-post","status-publish","format-standard","has-post-thumbnail","hentry","category-actualidad"],"aioseo_notices":[],"aioseo_head":"\n\t\t<!-- All in One SEO Pro 5.0.1 - aioseo.com -->\n\t<meta name=\"description\" content=\"Erev\u00e1n, 2 may (dpa) - El l\u00edder de las protestas en Armenia y aspirante a primer ministro Nikol Pashinian llam\u00f3 hoy a sus seguidores a detener todas las acciones de desobediencia civil, despu\u00e9s de que la oposici\u00f3n volviera a paralizar este mi\u00e9rcoles la capital Erev\u00e1n. Pashinian hab\u00eda llamado a la desobediencia civil al fracasar su\" \/>\n\t<meta name=\"robots\" content=\"max-image-preview:large\" \/>\n\t<meta name=\"author\" content=\"El Digital de Asturias\"\/>\n\t<meta name=\"google-site-verification\" content=\"UA-38556648-1\" \/>\n\t<meta name=\"msvalidate.01\" content=\"7dfe9f3f1b24437ab69f4f2559babe99\" \/>\n\t<meta name=\"keywords\" content=\"actualidad\" \/>\n\t<link rel=\"canonical\" href=\"https:\/\/www.eldigitaldeasturias.com\/noticias\/el-lider-opositor-pashinian-frena-las-protestas-en-armenia\/\" \/>\n\t<meta name=\"generator\" content=\"All in One SEO Pro (AIOSEO) 5.0.1\" \/>\n\t\t<meta property=\"og:locale\" content=\"es_ES\" \/>\n\t\t<meta property=\"og:site_name\" content=\"El Digital de Asturias\" \/>\n\t\t<meta property=\"og:type\" content=\"article\" \/>\n\t\t<meta property=\"og:title\" content=\"El l\u00edder opositor Pashinian frena las protestas en Armenia - El Digital de Asturias\" \/>\n\t\t<meta property=\"og:description\" content=\"Erev\u00e1n, 2 may (dpa) - El l\u00edder de las protestas en Armenia y aspirante a primer ministro Nikol Pashinian llam\u00f3 hoy a sus seguidores a detener todas las acciones de desobediencia civil, despu\u00e9s de que la oposici\u00f3n volviera a paralizar este mi\u00e9rcoles la capital Erev\u00e1n. Pashinian hab\u00eda llamado a la desobediencia civil al fracasar su\" \/>\n\t\t<meta property=\"og:url\" content=\"https:\/\/www.eldigitaldeasturias.com\/noticias\/el-lider-opositor-pashinian-frena-las-protestas-en-armenia\/\" \/>\n\t\t<meta property=\"article:tag\" content=\"actualidad\" \/>\n\t\t<meta property=\"article:published_time\" content=\"2018-05-02T22:56:49+00:00\" \/>\n\t\t<meta property=\"article:modified_time\" content=\"2018-05-02T22:56:49+00:00\" \/>\n\t\t<meta property=\"article:publisher\" content=\"https:\/\/facebook.com\/eldigitaldeasturias\" \/>\n\t\t<meta name=\"twitter:card\" content=\"summary_large_image\" \/>\n\t\t<meta name=\"twitter:title\" content=\"El l\u00edder opositor Pashinian frena las protestas en Armenia - El Digital de Asturias\" \/>\n\t\t<meta name=\"twitter:description\" content=\"Erev\u00e1n, 2 may (dpa) - El l\u00edder de las protestas en Armenia y aspirante a primer ministro Nikol Pashinian llam\u00f3 hoy a sus seguidores a detener todas las acciones de desobediencia civil, despu\u00e9s de que la oposici\u00f3n volviera a paralizar este mi\u00e9rcoles la capital Erev\u00e1n. Pashinian hab\u00eda llamado a la desobediencia civil al fracasar su\" \/>\n\t\t<meta name=\"twitter:image\" content=\"https:\/\/www.eldigitaldeasturias.com\/noticias\/wp-content\/uploads\/2020\/12\/EDA-1.jpg\" \/>\n\t\t<meta name=\"twitter:label1\" content=\"Escrito por\" \/>\n\t\t<meta name=\"twitter:data1\" content=\"El Digital de Asturias\" \/>\n\t\t<meta name=\"twitter:label2\" content=\"Tiempo de lectura estimado\" \/>\n\t\t<meta name=\"twitter:data2\" content=\"2 minutos\" \/>\n\t\t<script type=\"application\/ld+json\" class=\"aioseo-schema\">\n\t\t\t{\"@context\":\"https:\\\/\\\/schema.org\",\"@graph\":[{\"@type\":\"BlogPosting\",\"@id\":\"https:\\\/\\\/www.eldigitaldeasturias.com\\\/noticias\\\/el-lider-opositor-pashinian-frena-las-protestas-en-armenia\\\/#blogposting\",\"name\":\"El l\\u00edder opositor Pashinian frena las protestas en Armenia - El Digital de Asturias\",\"headline\":\"El l\\u00edder opositor Pashinian frena las protestas en Armenia\",\"author\":{\"@id\":\"https:\\\/\\\/www.eldigitaldeasturias.com\\\/noticias\\\/author\\\/admin\\\/#author\"},\"publisher\":{\"@id\":\"https:\\\/\\\/www.eldigitaldeasturias.com\\\/noticias\\\/#organization\"},\"image\":{\"@type\":\"ImageObject\",\"url\":978635},\"datePublished\":\"2018-05-02T22:56:49+02:00\",\"dateModified\":\"2018-05-02T22:56:49+02:00\",\"inLanguage\":\"es-ES\",\"mainEntityOfPage\":{\"@id\":\"https:\\\/\\\/www.eldigitaldeasturias.com\\\/noticias\\\/el-lider-opositor-pashinian-frena-las-protestas-en-armenia\\\/#webpage\"},\"isPartOf\":{\"@id\":\"https:\\\/\\\/www.eldigitaldeasturias.com\\\/noticias\\\/el-lider-opositor-pashinian-frena-las-protestas-en-armenia\\\/#webpage\"},\"articleSection\":\"Actualidad\"},{\"@type\":\"BreadcrumbList\",\"@id\":\"https:\\\/\\\/www.eldigitaldeasturias.com\\\/noticias\\\/el-lider-opositor-pashinian-frena-las-protestas-en-armenia\\\/#breadcrumblist\",\"itemListElement\":[{\"@type\":\"ListItem\",\"@id\":\"https:\\\/\\\/www.eldigitaldeasturias.com\\\/noticias#listItem\",\"position\":1,\"name\":\"Home\",\"item\":\"https:\\\/\\\/www.eldigitaldeasturias.com\\\/noticias\",\"nextItem\":{\"@type\":\"ListItem\",\"@id\":\"https:\\\/\\\/www.eldigitaldeasturias.com\\\/noticias\\\/category\\\/actualidad\\\/#listItem\",\"name\":\"Actualidad\"}},{\"@type\":\"ListItem\",\"@id\":\"https:\\\/\\\/www.eldigitaldeasturias.com\\\/noticias\\\/category\\\/actualidad\\\/#listItem\",\"position\":2,\"name\":\"Actualidad\",\"item\":\"https:\\\/\\\/www.eldigitaldeasturias.com\\\/noticias\\\/category\\\/actualidad\\\/\",\"nextItem\":{\"@type\":\"ListItem\",\"@id\":\"https:\\\/\\\/www.eldigitaldeasturias.com\\\/noticias\\\/el-lider-opositor-pashinian-frena-las-protestas-en-armenia\\\/#listItem\",\"name\":\"El l\\u00edder opositor Pashinian frena las protestas en Armenia\"},\"previousItem\":{\"@type\":\"ListItem\",\"@id\":\"https:\\\/\\\/www.eldigitaldeasturias.com\\\/noticias#listItem\",\"name\":\"Home\"}},{\"@type\":\"ListItem\",\"@id\":\"https:\\\/\\\/www.eldigitaldeasturias.com\\\/noticias\\\/el-lider-opositor-pashinian-frena-las-protestas-en-armenia\\\/#listItem\",\"position\":3,\"name\":\"El l\\u00edder opositor Pashinian frena las protestas en Armenia\",\"previousItem\":{\"@type\":\"ListItem\",\"@id\":\"https:\\\/\\\/www.eldigitaldeasturias.com\\\/noticias\\\/category\\\/actualidad\\\/#listItem\",\"name\":\"Actualidad\"}}]},{\"@type\":\"Organization\",\"@id\":\"https:\\\/\\\/www.eldigitaldeasturias.com\\\/noticias\\\/#organization\",\"name\":\"El Digital de Asturias\",\"description\":\"Hemeroteca\",\"url\":\"https:\\\/\\\/www.eldigitaldeasturias.com\\\/noticias\\\/\",\"email\":\"info@eldigitaldeasturias.com\",\"telephone\":\"+34652131393\",\"logo\":{\"@type\":\"ImageObject\",\"url\":\"https:\\\/\\\/www.eldigitaldeasturias.com\\\/noticias\\\/wp-content\\\/uploads\\\/2020\\\/12\\\/EDA.jpg\",\"@id\":\"https:\\\/\\\/www.eldigitaldeasturias.com\\\/noticias\\\/el-lider-opositor-pashinian-frena-las-protestas-en-armenia\\\/#organizationLogo\"},\"image\":{\"@id\":\"https:\\\/\\\/www.eldigitaldeasturias.com\\\/noticias\\\/el-lider-opositor-pashinian-frena-las-protestas-en-armenia\\\/#organizationLogo\"},\"sameAs\":[\"https:\\\/\\\/facebook.com\\\/eldigitaldeasturias\",\"https:\\\/\\\/www.youtube.com\\\/channel\\\/UCZP-2wLEB9Rv6erhFmqVnvg\"],\"address\":{\"@id\":\"https:\\\/\\\/www.eldigitaldeasturias.com\\\/noticias\\\/#postaladdress\",\"@type\":\"PostalAddress\",\"streetAddress\":\"san antonio 4\",\"postalCode\":\"33430\",\"addressLocality\":\"Cand\\u00e1s\",\"addressRegion\":\"Asturias\",\"addressCountry\":\"ES\"}},{\"@type\":\"Person\",\"@id\":\"https:\\\/\\\/www.eldigitaldeasturias.com\\\/noticias\\\/author\\\/admin\\\/#author\",\"url\":\"https:\\\/\\\/www.eldigitaldeasturias.com\\\/noticias\\\/author\\\/admin\\\/\",\"name\":\"El Digital de Asturias\",\"image\":{\"@type\":\"ImageObject\",\"@id\":\"https:\\\/\\\/www.eldigitaldeasturias.com\\\/noticias\\\/el-lider-opositor-pashinian-frena-las-protestas-en-armenia\\\/#authorImage\",\"url\":\"https:\\\/\\\/secure.gravatar.com\\\/avatar\\\/df2aeffc32bcd13f8d26072ef8a91b623d677766deac7f97ca815868cd41bf5e?s=96&d=mm&r=g\",\"width\":96,\"height\":96,\"caption\":\"El Digital de Asturias\"}},{\"@type\":\"WebPage\",\"@id\":\"https:\\\/\\\/www.eldigitaldeasturias.com\\\/noticias\\\/el-lider-opositor-pashinian-frena-las-protestas-en-armenia\\\/#webpage\",\"url\":\"https:\\\/\\\/www.eldigitaldeasturias.com\\\/noticias\\\/el-lider-opositor-pashinian-frena-las-protestas-en-armenia\\\/\",\"name\":\"El l\\u00edder opositor Pashinian frena las protestas en Armenia - El Digital de Asturias\",\"description\":\"Erev\\u00e1n, 2 may (dpa) - El l\\u00edder de las protestas en Armenia y aspirante a primer ministro Nikol Pashinian llam\\u00f3 hoy a sus seguidores a detener todas las acciones de desobediencia civil, despu\\u00e9s de que la oposici\\u00f3n volviera a paralizar este mi\\u00e9rcoles la capital Erev\\u00e1n. Pashinian hab\\u00eda llamado a la desobediencia civil al fracasar su\",\"inLanguage\":\"es-ES\",\"isPartOf\":{\"@id\":\"https:\\\/\\\/www.eldigitaldeasturias.com\\\/noticias\\\/#website\"},\"breadcrumb\":{\"@id\":\"https:\\\/\\\/www.eldigitaldeasturias.com\\\/noticias\\\/el-lider-opositor-pashinian-frena-las-protestas-en-armenia\\\/#breadcrumblist\"},\"author\":{\"@id\":\"https:\\\/\\\/www.eldigitaldeasturias.com\\\/noticias\\\/author\\\/admin\\\/#author\"},\"creator\":{\"@id\":\"https:\\\/\\\/www.eldigitaldeasturias.com\\\/noticias\\\/author\\\/admin\\\/#author\"},\"image\":{\"@type\":\"ImageObject\",\"url\":978635,\"@id\":\"https:\\\/\\\/www.eldigitaldeasturias.com\\\/noticias\\\/el-lider-opositor-pashinian-frena-las-protestas-en-armenia\\\/#mainImage\"},\"primaryImageOfPage\":{\"@id\":\"https:\\\/\\\/www.eldigitaldeasturias.com\\\/noticias\\\/el-lider-opositor-pashinian-frena-las-protestas-en-armenia\\\/#mainImage\"},\"datePublished\":\"2018-05-02T22:56:49+02:00\",\"dateModified\":\"2018-05-02T22:56:49+02:00\"},{\"@type\":\"WebSite\",\"@id\":\"https:\\\/\\\/www.eldigitaldeasturias.com\\\/noticias\\\/#website\",\"url\":\"https:\\\/\\\/www.eldigitaldeasturias.com\\\/noticias\\\/\",\"name\":\"El Digital de Asturias - Diario de actualidad y noticias\",\"alternateName\":\"El Digital de Asturias - Diario de actualidad y noticias\",\"description\":\"Hemeroteca\",\"inLanguage\":\"es-ES\",\"publisher\":{\"@id\":\"https:\\\/\\\/www.eldigitaldeasturias.com\\\/noticias\\\/#organization\"}}]}\n\t\t<\/script>\n\t\t<!-- All in One SEO Pro -->\r\n\t\t<title>El l\u00edder opositor Pashinian frena las protestas en Armenia - El Digital de Asturias<\/title>\n\n","aioseo_head_json":{"title":"El l\u00edder opositor Pashinian frena las protestas en Armenia - El Digital de Asturias","description":"Erev\u00e1n, 2 may (dpa) - El l\u00edder de las protestas en Armenia y aspirante a primer ministro Nikol Pashinian llam\u00f3 hoy a sus seguidores a detener todas las acciones de desobediencia civil, despu\u00e9s de que la oposici\u00f3n volviera a paralizar este mi\u00e9rcoles la capital Erev\u00e1n. Pashinian hab\u00eda llamado a la desobediencia civil al fracasar su","canonical_url":"https:\/\/www.eldigitaldeasturias.com\/noticias\/el-lider-opositor-pashinian-frena-las-protestas-en-armenia\/","robots":"max-image-preview:large","keywords":"actualidad","webmasterTools":{"google-site-verification":"UA-38556648-1","msvalidate.01":"7dfe9f3f1b24437ab69f4f2559babe99","miscellaneous":""},"schema":{"@context":"https:\/\/schema.org","@graph":[{"@type":"BlogPosting","@id":"https:\/\/www.eldigitaldeasturias.com\/noticias\/el-lider-opositor-pashinian-frena-las-protestas-en-armenia\/#blogposting","name":"El l\u00edder opositor Pashinian frena las protestas en Armenia - El Digital de Asturias","headline":"El l\u00edder opositor Pashinian frena las protestas en Armenia","author":{"@id":"https:\/\/www.eldigitaldeasturias.com\/noticias\/author\/admin\/#author"},"publisher":{"@id":"https:\/\/www.eldigitaldeasturias.com\/noticias\/#organization"},"image":{"@type":"ImageObject","url":978635},"datePublished":"2018-05-02T22:56:49+02:00","dateModified":"2018-05-02T22:56:49+02:00","inLanguage":"es-ES","mainEntityOfPage":{"@id":"https:\/\/www.eldigitaldeasturias.com\/noticias\/el-lider-opositor-pashinian-frena-las-protestas-en-armenia\/#webpage"},"isPartOf":{"@id":"https:\/\/www.eldigitaldeasturias.com\/noticias\/el-lider-opositor-pashinian-frena-las-protestas-en-armenia\/#webpage"},"articleSection":"Actualidad"},{"@type":"BreadcrumbList","@id":"https:\/\/www.eldigitaldeasturias.com\/noticias\/el-lider-opositor-pashinian-frena-las-protestas-en-armenia\/#breadcrumblist","itemListElement":[{"@type":"ListItem","@id":"https:\/\/www.eldigitaldeasturias.com\/noticias#listItem","position":1,"name":"Home","item":"https:\/\/www.eldigitaldeasturias.com\/noticias","nextItem":{"@type":"ListItem","@id":"https:\/\/www.eldigitaldeasturias.com\/noticias\/category\/actualidad\/#listItem","name":"Actualidad"}},{"@type":"ListItem","@id":"https:\/\/www.eldigitaldeasturias.com\/noticias\/category\/actualidad\/#listItem","position":2,"name":"Actualidad","item":"https:\/\/www.eldigitaldeasturias.com\/noticias\/category\/actualidad\/","nextItem":{"@type":"ListItem","@id":"https:\/\/www.eldigitaldeasturias.com\/noticias\/el-lider-opositor-pashinian-frena-las-protestas-en-armenia\/#listItem","name":"El l\u00edder opositor Pashinian frena las protestas en Armenia"},"previousItem":{"@type":"ListItem","@id":"https:\/\/www.eldigitaldeasturias.com\/noticias#listItem","name":"Home"}},{"@type":"ListItem","@id":"https:\/\/www.eldigitaldeasturias.com\/noticias\/el-lider-opositor-pashinian-frena-las-protestas-en-armenia\/#listItem","position":3,"name":"El l\u00edder opositor Pashinian frena las protestas en Armenia","previousItem":{"@type":"ListItem","@id":"https:\/\/www.eldigitaldeasturias.com\/noticias\/category\/actualidad\/#listItem","name":"Actualidad"}}]},{"@type":"Organization","@id":"https:\/\/www.eldigitaldeasturias.com\/noticias\/#organization","name":"El Digital de Asturias","description":"Hemeroteca","url":"https:\/\/www.eldigitaldeasturias.com\/noticias\/","email":"info@eldigitaldeasturias.com","telephone":"+34652131393","logo":{"@type":"ImageObject","url":"https:\/\/www.eldigitaldeasturias.com\/noticias\/wp-content\/uploads\/2020\/12\/EDA.jpg","@id":"https:\/\/www.eldigitaldeasturias.com\/noticias\/el-lider-opositor-pashinian-frena-las-protestas-en-armenia\/#organizationLogo"},"image":{"@id":"https:\/\/www.eldigitaldeasturias.com\/noticias\/el-lider-opositor-pashinian-frena-las-protestas-en-armenia\/#organizationLogo"},"sameAs":["https:\/\/facebook.com\/eldigitaldeasturias","https:\/\/www.youtube.com\/channel\/UCZP-2wLEB9Rv6erhFmqVnvg"],"address":{"@id":"https:\/\/www.eldigitaldeasturias.com\/noticias\/#postaladdress","@type":"PostalAddress","streetAddress":"san antonio 4","postalCode":"33430","addressLocality":"Cand\u00e1s","addressRegion":"Asturias","addressCountry":"ES"}},{"@type":"Person","@id":"https:\/\/www.eldigitaldeasturias.com\/noticias\/author\/admin\/#author","url":"https:\/\/www.eldigitaldeasturias.com\/noticias\/author\/admin\/","name":"El Digital de Asturias","image":{"@type":"ImageObject","@id":"https:\/\/www.eldigitaldeasturias.com\/noticias\/el-lider-opositor-pashinian-frena-las-protestas-en-armenia\/#authorImage","url":"https:\/\/secure.gravatar.com\/avatar\/df2aeffc32bcd13f8d26072ef8a91b623d677766deac7f97ca815868cd41bf5e?s=96&d=mm&r=g","width":96,"height":96,"caption":"El Digital de Asturias"}},{"@type":"WebPage","@id":"https:\/\/www.eldigitaldeasturias.com\/noticias\/el-lider-opositor-pashinian-frena-las-protestas-en-armenia\/#webpage","url":"https:\/\/www.eldigitaldeasturias.com\/noticias\/el-lider-opositor-pashinian-frena-las-protestas-en-armenia\/","name":"El l\u00edder opositor Pashinian frena las protestas en Armenia - El Digital de Asturias","description":"Erev\u00e1n, 2 may (dpa) - El l\u00edder de las protestas en Armenia y aspirante a primer ministro Nikol Pashinian llam\u00f3 hoy a sus seguidores a detener todas las acciones de desobediencia civil, despu\u00e9s de que la oposici\u00f3n volviera a paralizar este mi\u00e9rcoles la capital Erev\u00e1n. Pashinian hab\u00eda llamado a la desobediencia civil al fracasar su","inLanguage":"es-ES","isPartOf":{"@id":"https:\/\/www.eldigitaldeasturias.com\/noticias\/#website"},"breadcrumb":{"@id":"https:\/\/www.eldigitaldeasturias.com\/noticias\/el-lider-opositor-pashinian-frena-las-protestas-en-armenia\/#breadcrumblist"},"author":{"@id":"https:\/\/www.eldigitaldeasturias.com\/noticias\/author\/admin\/#author"},"creator":{"@id":"https:\/\/www.eldigitaldeasturias.com\/noticias\/author\/admin\/#author"},"image":{"@type":"ImageObject","url":978635,"@id":"https:\/\/www.eldigitaldeasturias.com\/noticias\/el-lider-opositor-pashinian-frena-las-protestas-en-armenia\/#mainImage"},"primaryImageOfPage":{"@id":"https:\/\/www.eldigitaldeasturias.com\/noticias\/el-lider-opositor-pashinian-frena-las-protestas-en-armenia\/#mainImage"},"datePublished":"2018-05-02T22:56:49+02:00","dateModified":"2018-05-02T22:56:49+02:00"},{"@type":"WebSite","@id":"https:\/\/www.eldigitaldeasturias.com\/noticias\/#website","url":"https:\/\/www.eldigitaldeasturias.com\/noticias\/","name":"El Digital de Asturias - Diario de actualidad y noticias","alternateName":"El Digital de Asturias - Diario de actualidad y noticias","description":"Hemeroteca","inLanguage":"es-ES","publisher":{"@id":"https:\/\/www.eldigitaldeasturias.com\/noticias\/#organization"}}]},"og:locale":"es_ES","og:site_name":"El Digital de Asturias","og:type":"article","og:title":"El l\u00edder opositor Pashinian frena las protestas en Armenia - El Digital de Asturias","og:description":"Erev\u00e1n, 2 may (dpa) - El l\u00edder de las protestas en Armenia y aspirante a primer ministro Nikol Pashinian llam\u00f3 hoy a sus seguidores a detener todas las acciones de desobediencia civil, despu\u00e9s de que la oposici\u00f3n volviera a paralizar este mi\u00e9rcoles la capital Erev\u00e1n. Pashinian hab\u00eda llamado a la desobediencia civil al fracasar su","og:url":"https:\/\/www.eldigitaldeasturias.com\/noticias\/el-lider-opositor-pashinian-frena-las-protestas-en-armenia\/","article:tag":["actualidad"],"article:published_time":"2018-05-02T22:56:49+00:00","article:modified_time":"2018-05-02T22:56:49+00:00","article:publisher":"https:\/\/facebook.com\/eldigitaldeasturias","twitter:card":"summary_large_image","twitter:title":"El l\u00edder opositor Pashinian frena las protestas en Armenia - El Digital de Asturias","twitter:description":"Erev\u00e1n, 2 may (dpa) - El l\u00edder de las protestas en Armenia y aspirante a primer ministro Nikol Pashinian llam\u00f3 hoy a sus seguidores a detener todas las acciones de desobediencia civil, despu\u00e9s de que la oposici\u00f3n volviera a paralizar este mi\u00e9rcoles la capital Erev\u00e1n. Pashinian hab\u00eda llamado a la desobediencia civil al fracasar su","twitter:image":"https:\/\/www.eldigitaldeasturias.com\/noticias\/wp-content\/uploads\/2020\/12\/EDA-1.jpg","twitter:label1":"Escrito por","twitter:data1":"El Digital de Asturias","twitter:label2":"Tiempo de lectura estimado","twitter:data2":"2 minutos"},"aioseo_meta_data":{"post_id":"978634","title":null,"description":null,"keywords":null,"keyphrases":null,"primary_term":null,"canonical_url":null,"og_title":null,"og_description":null,"og_object_type":"default","og_image_type":"default","og_image_url":null,"og_image_width":null,"og_image_height":null,"og_image_custom_url":null,"og_image_custom_fields":null,"og_video":null,"og_custom_url":null,"og_article_section":null,"og_article_tags":null,"twitter_use_og":false,"twitter_card":"default","twitter_image_type":"default","twitter_image_url":null,"twitter_image_custom_url":null,"twitter_image_custom_fields":null,"twitter_title":null,"twitter_description":null,"schema":{"blockGraphs":[],"customGraphs":[],"default":{"data":{"Article":[],"Course":[],"Dataset":[],"FAQPage":[],"Movie":[],"Person":[],"Product":[],"ProductReview":[],"Car":[],"Recipe":[],"Service":[],"SoftwareApplication":[],"WebPage":[]},"graphName":"","isEnabled":true},"graphs":[],"defaultGraph":"","defaultPostTypeGraph":""},"schema_type":null,"schema_type_options":null,"pillar_content":false,"robots_default":true,"robots_noindex":false,"robots_noarchive":false,"robots_nosnippet":false,"robots_nofollow":false,"robots_noimageindex":false,"robots_noodp":false,"robots_notranslate":false,"robots_max_snippet":null,"robots_max_videopreview":null,"robots_max_imagepreview":"large","priority":null,"frequency":null,"local_seo":null,"seo_analyzer_scan_date":"2025-10-08 11:32:03","breadcrumb_settings":null,"limit_modified_date":false,"open_ai":null,"ai":null,"created":"2020-12-21 12:01:37","updated":"2025-10-08 11:32:03","focus_keyword":null,"additional_keywords":null,"truseo_locale":null},"aioseo_breadcrumb":"<div class=\"aioseo-breadcrumbs\"><span class=\"aioseo-breadcrumb\">\n\t<a href=\"https:\/\/www.eldigitaldeasturias.com\/noticias\" title=\"Home\">Home<\/a>\n<\/span><span class=\"aioseo-breadcrumb-separator\">\u2013<\/span><span class=\"aioseo-breadcrumb\">\n\t<a href=\"https:\/\/www.eldigitaldeasturias.com\/noticias\/category\/actualidad\/\" title=\"Actualidad\">Actualidad<\/a>\n<\/span><span class=\"aioseo-breadcrumb-separator\">\u2013<\/span><span class=\"aioseo-breadcrumb\">\n\t<a href=\"https:\/\/www.eldigitaldeasturias.com\/noticias\/el-lider-opositor-pashinian-frena-las-protestas-en-armenia\/\" title=\"El l\u00edder opositor Pashinian frena las protestas en Armenia\">El l\u00edder opositor Pashinian frena las protestas en Armenia<\/a>\n<\/span><\/div>","aioseo_breadcrumb_json":[{"label":"Home","link":"https:\/\/www.eldigitaldeasturias.com\/noticias"},{"label":"Actualidad","link":"https:\/\/www.eldigitaldeasturias.com\/noticias\/category\/actualidad\/"},{"label":"El l\u00edder opositor Pashinian frena las protestas en Armenia","link":"https:\/\/www.eldigitaldeasturias.com\/noticias\/el-lider-opositor-pashinian-frena-las-protestas-en-armenia\/"}],"_links":{"self":[{"href":"https:\/\/www.eldigitaldeasturias.com\/noticias\/wp-json\/wp\/v2\/posts\/978634","targetHints":{"allow":["GET"]}}],"collection":[{"href":"https:\/\/www.eldigitaldeasturias.com\/noticias\/wp-json\/wp\/v2\/posts"}],"about":[{"href":"https:\/\/www.eldigitaldeasturias.com\/noticias\/wp-json\/wp\/v2\/types\/post"}],"author":[{"embeddable":true,"href":"https:\/\/www.eldigitaldeasturias.com\/noticias\/wp-json\/wp\/v2\/users\/1"}],"replies":[{"embeddable":true,"href":"https:\/\/www.eldigitaldeasturias.com\/noticias\/wp-json\/wp\/v2\/comments?post=978634"}],"version-history":[{"count":0,"href":"https:\/\/www.eldigitaldeasturias.com\/noticias\/wp-json\/wp\/v2\/posts\/978634\/revisions"}],"wp:attachment":[{"href":"https:\/\/www.eldigitaldeasturias.com\/noticias\/wp-json\/wp\/v2\/media?parent=978634"}],"wp:term":[{"taxonomy":"category","embeddable":true,"href":"https:\/\/www.eldigitaldeasturias.com\/noticias\/wp-json\/wp\/v2\/categories?post=978634"},{"taxonomy":"post_tag","embeddable":true,"href":"https:\/\/www.eldigitaldeasturias.com\/noticias\/wp-json\/wp\/v2\/tags?post=978634"}],"curies":[{"name":"wp","href":"https:\/\/api.w.org\/{rel}","templated":true}]}}