{"id":978614,"date":"2018-05-02T22:26:39","date_gmt":"2018-05-02T22:26:39","guid":{"rendered":"http:\/\/www.eldigitaldeasturias.com\/noticias\/?p=978614"},"modified":"2018-05-02T22:27:05","modified_gmt":"2018-05-02T22:27:05","slug":"facebook-pasa-a-la-ofensiva-tras-los-escandalos","status":"publish","type":"post","link":"https:\/\/www.eldigitaldeasturias.com\/noticias\/facebook-pasa-a-la-ofensiva-tras-los-escandalos\/","title":{"rendered":"Facebook pasa a la ofensiva tras los esc\u00e1ndalos"},"content":{"rendered":"<p><img loading=\"lazy\" decoding=\"async\" class=\"alignleft size-medium wp-image-973365\" src=\"https:\/\/www.eldigitaldeasturias.com\/noticias\/wp-content\/uploads\/2018\/03\/Facebook-tocado-y-hundido_image_380-360x262.jpg\" alt=\"\" width=\"360\" height=\"262\" \/>San Jos\u00e9, 2 may (dpa) &#8211; \u00bfQu\u00e9 hacer cuando se es la mayor red social del mundo y todos le echan en cara haber recopilado demasiados datos y acumulado demasiado poder? La respuesta de Facebook es adentrarse a\u00fan m\u00e1s en el terreno m\u00e1s sensible de las relaciones humanas y aprovechar para recabar a\u00fan m\u00e1s datos.<\/p>\n<p>La creaci\u00f3n de una app de citas, anunciada el martes en la conferencia anual de desarrolladores de software F8, es mucho m\u00e1s que s\u00f3lo una nueva funci\u00f3n. El fundador y director ejecutivo de la compa\u00f1\u00eda, Mark Zuckerberg, quiere demostrar con ello que, aunque Facebook ha cambiado algunas cosas tras el esc\u00e1ndalo de datos, no se va a quedar parado.<\/p>\n<p>En las \u00faltimas semanas Zuckerberg se mostr\u00f3 m\u00e1s bien humilde: primero admiti\u00f3 que Facebook no hab\u00eda reconocido inmediatamente la campa\u00f1a de propaganda rusa en el marco de las elecciones presidenciales en Estados Unidos.<\/p>\n<p>En marzo, tambi\u00e9n sali\u00f3 a la luz un esc\u00e1ndalo de filtraci\u00f3n de datos, al conocerse que el desarrollador de una aplicaci\u00f3n recab\u00f3 hace a\u00f1os informaci\u00f3n de usuarios con una encuesta y la desvi\u00f3 de forma ilegal a la consultora Cambridge Analytica.<\/p>\n<p>La red social, que cuenta con m\u00e1s de 2.000 millones de usuarios, parec\u00eda sumida en una crisis existencial. En las redes se ped\u00eda la dimisi\u00f3n de Zuckerberg, quien se disculp\u00f3 varias veces y super\u00f3 bastante airoso un interrogatorio de 10 horas ante el Congreso estadounidense.<\/p>\n<p>Adem\u00e1s se ajust\u00f3 el \u00abnews feed\u00bb (las informaciones que muestra Facebook al entrar en la aplicaci\u00f3n) para que los usuarios vieran m\u00e1s publicaciones de amigos y familiares que contenidos de empresas medi\u00e1ticas, se limit\u00f3 el acceso de los desarrolladores de software a los datos de usuarios y estos recibieron nuevas herramientas de protecci\u00f3n de datos.<\/p>\n<p>No era la primera vez que Facebook se disculpaba por errores en la protecci\u00f3n de datos, pero nunca antes Zuckerberg se hab\u00eda comprometido a una transformaci\u00f3n tan amplia.<\/p>\n<p>Sin embargo ahora, en la conferencia F8, volvi\u00f3 a la ofensiva. \u00abSi al igual que yo ustedes tambi\u00e9n piensan que es importante dar voz a las personas, que es importante construir relaciones y un sentimiento de comunidad, que es importante trabajar duro para acercar m\u00e1s al mundo, entonces les digo: seguiremos adelante\u00bb, anunci\u00f3 Zuckerberg en un tono inusualmente combativo. \u00abDebemos mantener con vida esta idea\u00bb, dijo y a\u00f1adi\u00f3 que el mundo se se mover\u00e1 solo en esa direcci\u00f3n.<\/p>\n<p>El CEO se\u00f1al\u00f3 adem\u00e1s que Facebook existe para que todo el mundo pueda compartir con otros todo lo que quiera, en cualquier momento y en cualquier parte. Por ello su mensaje despu\u00e9s de estas turbulentas semanas es que los recientes cambios deben contribuir a que todos se sientan seguros al usar la red social.<\/p>\n<p>Por ejemplo, con la b\u00fasqueda de pareja. Aunque no se dieron muchos detalles al respecto, uno se puede hacer a la idea de lo que Facebook podr\u00eda hacer con todo lo que sabe sobre sus usuarios: lo que les gusta, lo que les interesa, c\u00f3mo son, a qui\u00e9n conocen. Un conocimiento basado m\u00e1s en datos de comportamiento real que en la informaci\u00f3n, no siempre sincera, que los propios usuarios ofrecen en sus perfiles.<\/p>\n<p>\u00bfSe atreve la compa\u00f1\u00eda a generar un algoritmo para el amor sobre esta base? \u00bfC\u00f3mo de lejos ir\u00eda a la hora de utilizar los nuevos datos personales recabados de forma an\u00f3nima con fines publicitarios?<\/p>\n<p>La parte m\u00e1s importante de Facebook son las relaciones que se establecen y aquello que se puede hacer en com\u00fan, dijo Zuckerberg. En su discurso de vez en cuando parec\u00eda querer refutar la acusaci\u00f3n de que el verdadero negocio de Facebook consiste en vender a los anunciantes el acceso a los usuarios.<\/p>\n<p>La conclusi\u00f3n de la conferencia F8 es que Zuckerberg todav\u00eda siente el impulso de conectar a unos con otros. La publicidad parece ser s\u00f3lo un medio para lograrlo, ya que de otra manera no es posible mantener un servicio gratuito para millones de personas.<\/p>\n<p>\u00bfLograr\u00e1n Zuckerberg y su equipo encontrar el equilibrio entre la esfera privada y el negocio de los datos tras el reciente esc\u00e1ndalo?<\/p>\n<p>Por Andrej Sokolow (dpa)<\/p>\n","protected":false},"excerpt":{"rendered":"<p>San Jos\u00e9, 2 may (dpa) &#8211; \u00bfQu\u00e9 hacer cuando se es la mayor red social del mundo y todos le echan en cara haber recopilado demasiados datos y acumulado demasiado poder? La respuesta de Facebook es adentrarse a\u00fan m\u00e1s en el terreno m\u00e1s sensible de las relaciones humanas y aprovechar para recabar a\u00fan m\u00e1s datos. [&hellip;]<\/p>\n","protected":false},"author":1,"featured_media":978245,"comment_status":"closed","ping_status":"closed","sticky":false,"template":"","format":"standard","meta":{"footnotes":""},"categories":[1],"tags":[],"class_list":["post-978614","post","type-post","status-publish","format-standard","has-post-thumbnail","hentry","category-actualidad"],"aioseo_notices":[],"aioseo_head":"\n\t\t<!-- All in One SEO Pro 5.0.1 - aioseo.com -->\n\t<meta name=\"description\" content=\"San Jos\u00e9, 2 may (dpa) - \u00bfQu\u00e9 hacer cuando se es la mayor red social del mundo y todos le echan en cara haber recopilado demasiados datos y acumulado demasiado poder? La respuesta de Facebook es adentrarse a\u00fan m\u00e1s en el terreno m\u00e1s sensible de las relaciones humanas y aprovechar para recabar a\u00fan m\u00e1s datos.\" \/>\n\t<meta name=\"robots\" content=\"max-image-preview:large\" \/>\n\t<meta name=\"author\" content=\"El Digital de Asturias\"\/>\n\t<meta name=\"google-site-verification\" content=\"UA-38556648-1\" \/>\n\t<meta name=\"msvalidate.01\" content=\"7dfe9f3f1b24437ab69f4f2559babe99\" \/>\n\t<meta name=\"keywords\" content=\"actualidad\" \/>\n\t<link rel=\"canonical\" href=\"https:\/\/www.eldigitaldeasturias.com\/noticias\/facebook-pasa-a-la-ofensiva-tras-los-escandalos\/\" \/>\n\t<meta name=\"generator\" content=\"All in One SEO Pro (AIOSEO) 5.0.1\" \/>\n\t\t<meta property=\"og:locale\" content=\"es_ES\" \/>\n\t\t<meta property=\"og:site_name\" content=\"El Digital de Asturias\" \/>\n\t\t<meta property=\"og:type\" content=\"article\" \/>\n\t\t<meta property=\"og:title\" content=\"Facebook pasa a la ofensiva tras los esc\u00e1ndalos - El Digital de Asturias\" \/>\n\t\t<meta property=\"og:description\" content=\"San Jos\u00e9, 2 may (dpa) - \u00bfQu\u00e9 hacer cuando se es la mayor red social del mundo y todos le echan en cara haber recopilado demasiados datos y acumulado demasiado poder? La respuesta de Facebook es adentrarse a\u00fan m\u00e1s en el terreno m\u00e1s sensible de las relaciones humanas y aprovechar para recabar a\u00fan m\u00e1s datos.\" \/>\n\t\t<meta property=\"og:url\" content=\"https:\/\/www.eldigitaldeasturias.com\/noticias\/facebook-pasa-a-la-ofensiva-tras-los-escandalos\/\" \/>\n\t\t<meta property=\"article:tag\" content=\"actualidad\" \/>\n\t\t<meta property=\"article:published_time\" content=\"2018-05-02T22:26:39+00:00\" \/>\n\t\t<meta property=\"article:modified_time\" content=\"2018-05-02T22:27:05+00:00\" \/>\n\t\t<meta property=\"article:publisher\" content=\"https:\/\/facebook.com\/eldigitaldeasturias\" \/>\n\t\t<meta name=\"twitter:card\" content=\"summary_large_image\" \/>\n\t\t<meta name=\"twitter:title\" content=\"Facebook pasa a la ofensiva tras los esc\u00e1ndalos - El Digital de Asturias\" \/>\n\t\t<meta name=\"twitter:description\" content=\"San Jos\u00e9, 2 may (dpa) - \u00bfQu\u00e9 hacer cuando se es la mayor red social del mundo y todos le echan en cara haber recopilado demasiados datos y acumulado demasiado poder? La respuesta de Facebook es adentrarse a\u00fan m\u00e1s en el terreno m\u00e1s sensible de las relaciones humanas y aprovechar para recabar a\u00fan m\u00e1s datos.\" \/>\n\t\t<meta name=\"twitter:image\" content=\"https:\/\/www.eldigitaldeasturias.com\/noticias\/wp-content\/uploads\/2020\/12\/EDA-1.jpg\" \/>\n\t\t<meta name=\"twitter:label1\" content=\"Escrito por\" \/>\n\t\t<meta name=\"twitter:data1\" content=\"El Digital de Asturias\" \/>\n\t\t<meta name=\"twitter:label2\" content=\"Tiempo de lectura estimado\" \/>\n\t\t<meta name=\"twitter:data2\" content=\"4 minutos\" \/>\n\t\t<script type=\"application\/ld+json\" class=\"aioseo-schema\">\n\t\t\t{\"@context\":\"https:\\\/\\\/schema.org\",\"@graph\":[{\"@type\":\"BlogPosting\",\"@id\":\"https:\\\/\\\/www.eldigitaldeasturias.com\\\/noticias\\\/facebook-pasa-a-la-ofensiva-tras-los-escandalos\\\/#blogposting\",\"name\":\"Facebook pasa a la ofensiva tras los esc\\u00e1ndalos - El Digital de Asturias\",\"headline\":\"Facebook pasa a la ofensiva tras los esc\\u00e1ndalos\",\"author\":{\"@id\":\"https:\\\/\\\/www.eldigitaldeasturias.com\\\/noticias\\\/author\\\/admin\\\/#author\"},\"publisher\":{\"@id\":\"https:\\\/\\\/www.eldigitaldeasturias.com\\\/noticias\\\/#organization\"},\"image\":{\"@type\":\"ImageObject\",\"url\":978245},\"datePublished\":\"2018-05-02T22:26:39+02:00\",\"dateModified\":\"2018-05-02T22:27:05+02:00\",\"inLanguage\":\"es-ES\",\"mainEntityOfPage\":{\"@id\":\"https:\\\/\\\/www.eldigitaldeasturias.com\\\/noticias\\\/facebook-pasa-a-la-ofensiva-tras-los-escandalos\\\/#webpage\"},\"isPartOf\":{\"@id\":\"https:\\\/\\\/www.eldigitaldeasturias.com\\\/noticias\\\/facebook-pasa-a-la-ofensiva-tras-los-escandalos\\\/#webpage\"},\"articleSection\":\"Actualidad\"},{\"@type\":\"BreadcrumbList\",\"@id\":\"https:\\\/\\\/www.eldigitaldeasturias.com\\\/noticias\\\/facebook-pasa-a-la-ofensiva-tras-los-escandalos\\\/#breadcrumblist\",\"itemListElement\":[{\"@type\":\"ListItem\",\"@id\":\"https:\\\/\\\/www.eldigitaldeasturias.com\\\/noticias#listItem\",\"position\":1,\"name\":\"Home\",\"item\":\"https:\\\/\\\/www.eldigitaldeasturias.com\\\/noticias\",\"nextItem\":{\"@type\":\"ListItem\",\"@id\":\"https:\\\/\\\/www.eldigitaldeasturias.com\\\/noticias\\\/category\\\/actualidad\\\/#listItem\",\"name\":\"Actualidad\"}},{\"@type\":\"ListItem\",\"@id\":\"https:\\\/\\\/www.eldigitaldeasturias.com\\\/noticias\\\/category\\\/actualidad\\\/#listItem\",\"position\":2,\"name\":\"Actualidad\",\"item\":\"https:\\\/\\\/www.eldigitaldeasturias.com\\\/noticias\\\/category\\\/actualidad\\\/\",\"nextItem\":{\"@type\":\"ListItem\",\"@id\":\"https:\\\/\\\/www.eldigitaldeasturias.com\\\/noticias\\\/facebook-pasa-a-la-ofensiva-tras-los-escandalos\\\/#listItem\",\"name\":\"Facebook pasa a la ofensiva tras los esc\\u00e1ndalos\"},\"previousItem\":{\"@type\":\"ListItem\",\"@id\":\"https:\\\/\\\/www.eldigitaldeasturias.com\\\/noticias#listItem\",\"name\":\"Home\"}},{\"@type\":\"ListItem\",\"@id\":\"https:\\\/\\\/www.eldigitaldeasturias.com\\\/noticias\\\/facebook-pasa-a-la-ofensiva-tras-los-escandalos\\\/#listItem\",\"position\":3,\"name\":\"Facebook pasa a la ofensiva tras los esc\\u00e1ndalos\",\"previousItem\":{\"@type\":\"ListItem\",\"@id\":\"https:\\\/\\\/www.eldigitaldeasturias.com\\\/noticias\\\/category\\\/actualidad\\\/#listItem\",\"name\":\"Actualidad\"}}]},{\"@type\":\"Organization\",\"@id\":\"https:\\\/\\\/www.eldigitaldeasturias.com\\\/noticias\\\/#organization\",\"name\":\"El Digital de Asturias\",\"description\":\"Hemeroteca\",\"url\":\"https:\\\/\\\/www.eldigitaldeasturias.com\\\/noticias\\\/\",\"email\":\"info@eldigitaldeasturias.com\",\"telephone\":\"+34652131393\",\"logo\":{\"@type\":\"ImageObject\",\"url\":\"https:\\\/\\\/www.eldigitaldeasturias.com\\\/noticias\\\/wp-content\\\/uploads\\\/2020\\\/12\\\/EDA.jpg\",\"@id\":\"https:\\\/\\\/www.eldigitaldeasturias.com\\\/noticias\\\/facebook-pasa-a-la-ofensiva-tras-los-escandalos\\\/#organizationLogo\"},\"image\":{\"@id\":\"https:\\\/\\\/www.eldigitaldeasturias.com\\\/noticias\\\/facebook-pasa-a-la-ofensiva-tras-los-escandalos\\\/#organizationLogo\"},\"sameAs\":[\"https:\\\/\\\/facebook.com\\\/eldigitaldeasturias\",\"https:\\\/\\\/www.youtube.com\\\/channel\\\/UCZP-2wLEB9Rv6erhFmqVnvg\"],\"address\":{\"@id\":\"https:\\\/\\\/www.eldigitaldeasturias.com\\\/noticias\\\/#postaladdress\",\"@type\":\"PostalAddress\",\"streetAddress\":\"san antonio 4\",\"postalCode\":\"33430\",\"addressLocality\":\"Cand\\u00e1s\",\"addressRegion\":\"Asturias\",\"addressCountry\":\"ES\"}},{\"@type\":\"Person\",\"@id\":\"https:\\\/\\\/www.eldigitaldeasturias.com\\\/noticias\\\/author\\\/admin\\\/#author\",\"url\":\"https:\\\/\\\/www.eldigitaldeasturias.com\\\/noticias\\\/author\\\/admin\\\/\",\"name\":\"El Digital de Asturias\",\"image\":{\"@type\":\"ImageObject\",\"@id\":\"https:\\\/\\\/www.eldigitaldeasturias.com\\\/noticias\\\/facebook-pasa-a-la-ofensiva-tras-los-escandalos\\\/#authorImage\",\"url\":\"https:\\\/\\\/secure.gravatar.com\\\/avatar\\\/df2aeffc32bcd13f8d26072ef8a91b623d677766deac7f97ca815868cd41bf5e?s=96&d=mm&r=g\",\"width\":96,\"height\":96,\"caption\":\"El Digital de Asturias\"}},{\"@type\":\"WebPage\",\"@id\":\"https:\\\/\\\/www.eldigitaldeasturias.com\\\/noticias\\\/facebook-pasa-a-la-ofensiva-tras-los-escandalos\\\/#webpage\",\"url\":\"https:\\\/\\\/www.eldigitaldeasturias.com\\\/noticias\\\/facebook-pasa-a-la-ofensiva-tras-los-escandalos\\\/\",\"name\":\"Facebook pasa a la ofensiva tras los esc\\u00e1ndalos - El Digital de Asturias\",\"description\":\"San Jos\\u00e9, 2 may (dpa) - \\u00bfQu\\u00e9 hacer cuando se es la mayor red social del mundo y todos le echan en cara haber recopilado demasiados datos y acumulado demasiado poder? La respuesta de Facebook es adentrarse a\\u00fan m\\u00e1s en el terreno m\\u00e1s sensible de las relaciones humanas y aprovechar para recabar a\\u00fan m\\u00e1s datos.\",\"inLanguage\":\"es-ES\",\"isPartOf\":{\"@id\":\"https:\\\/\\\/www.eldigitaldeasturias.com\\\/noticias\\\/#website\"},\"breadcrumb\":{\"@id\":\"https:\\\/\\\/www.eldigitaldeasturias.com\\\/noticias\\\/facebook-pasa-a-la-ofensiva-tras-los-escandalos\\\/#breadcrumblist\"},\"author\":{\"@id\":\"https:\\\/\\\/www.eldigitaldeasturias.com\\\/noticias\\\/author\\\/admin\\\/#author\"},\"creator\":{\"@id\":\"https:\\\/\\\/www.eldigitaldeasturias.com\\\/noticias\\\/author\\\/admin\\\/#author\"},\"image\":{\"@type\":\"ImageObject\",\"url\":978245,\"@id\":\"https:\\\/\\\/www.eldigitaldeasturias.com\\\/noticias\\\/facebook-pasa-a-la-ofensiva-tras-los-escandalos\\\/#mainImage\"},\"primaryImageOfPage\":{\"@id\":\"https:\\\/\\\/www.eldigitaldeasturias.com\\\/noticias\\\/facebook-pasa-a-la-ofensiva-tras-los-escandalos\\\/#mainImage\"},\"datePublished\":\"2018-05-02T22:26:39+02:00\",\"dateModified\":\"2018-05-02T22:27:05+02:00\"},{\"@type\":\"WebSite\",\"@id\":\"https:\\\/\\\/www.eldigitaldeasturias.com\\\/noticias\\\/#website\",\"url\":\"https:\\\/\\\/www.eldigitaldeasturias.com\\\/noticias\\\/\",\"name\":\"El Digital de Asturias - Diario de actualidad y noticias\",\"alternateName\":\"El Digital de Asturias - Diario de actualidad y noticias\",\"description\":\"Hemeroteca\",\"inLanguage\":\"es-ES\",\"publisher\":{\"@id\":\"https:\\\/\\\/www.eldigitaldeasturias.com\\\/noticias\\\/#organization\"}}]}\n\t\t<\/script>\n\t\t<!-- All in One SEO Pro -->\r\n\t\t<title>Facebook pasa a la ofensiva tras los esc\u00e1ndalos - El Digital de Asturias<\/title>\n\n","aioseo_head_json":{"title":"Facebook pasa a la ofensiva tras los esc\u00e1ndalos - El Digital de Asturias","description":"San Jos\u00e9, 2 may (dpa) - \u00bfQu\u00e9 hacer cuando se es la mayor red social del mundo y todos le echan en cara haber recopilado demasiados datos y acumulado demasiado poder? La respuesta de Facebook es adentrarse a\u00fan m\u00e1s en el terreno m\u00e1s sensible de las relaciones humanas y aprovechar para recabar a\u00fan m\u00e1s datos.","canonical_url":"https:\/\/www.eldigitaldeasturias.com\/noticias\/facebook-pasa-a-la-ofensiva-tras-los-escandalos\/","robots":"max-image-preview:large","keywords":"actualidad","webmasterTools":{"google-site-verification":"UA-38556648-1","msvalidate.01":"7dfe9f3f1b24437ab69f4f2559babe99","miscellaneous":""},"schema":{"@context":"https:\/\/schema.org","@graph":[{"@type":"BlogPosting","@id":"https:\/\/www.eldigitaldeasturias.com\/noticias\/facebook-pasa-a-la-ofensiva-tras-los-escandalos\/#blogposting","name":"Facebook pasa a la ofensiva tras los esc\u00e1ndalos - El Digital de Asturias","headline":"Facebook pasa a la ofensiva tras los esc\u00e1ndalos","author":{"@id":"https:\/\/www.eldigitaldeasturias.com\/noticias\/author\/admin\/#author"},"publisher":{"@id":"https:\/\/www.eldigitaldeasturias.com\/noticias\/#organization"},"image":{"@type":"ImageObject","url":978245},"datePublished":"2018-05-02T22:26:39+02:00","dateModified":"2018-05-02T22:27:05+02:00","inLanguage":"es-ES","mainEntityOfPage":{"@id":"https:\/\/www.eldigitaldeasturias.com\/noticias\/facebook-pasa-a-la-ofensiva-tras-los-escandalos\/#webpage"},"isPartOf":{"@id":"https:\/\/www.eldigitaldeasturias.com\/noticias\/facebook-pasa-a-la-ofensiva-tras-los-escandalos\/#webpage"},"articleSection":"Actualidad"},{"@type":"BreadcrumbList","@id":"https:\/\/www.eldigitaldeasturias.com\/noticias\/facebook-pasa-a-la-ofensiva-tras-los-escandalos\/#breadcrumblist","itemListElement":[{"@type":"ListItem","@id":"https:\/\/www.eldigitaldeasturias.com\/noticias#listItem","position":1,"name":"Home","item":"https:\/\/www.eldigitaldeasturias.com\/noticias","nextItem":{"@type":"ListItem","@id":"https:\/\/www.eldigitaldeasturias.com\/noticias\/category\/actualidad\/#listItem","name":"Actualidad"}},{"@type":"ListItem","@id":"https:\/\/www.eldigitaldeasturias.com\/noticias\/category\/actualidad\/#listItem","position":2,"name":"Actualidad","item":"https:\/\/www.eldigitaldeasturias.com\/noticias\/category\/actualidad\/","nextItem":{"@type":"ListItem","@id":"https:\/\/www.eldigitaldeasturias.com\/noticias\/facebook-pasa-a-la-ofensiva-tras-los-escandalos\/#listItem","name":"Facebook pasa a la ofensiva tras los esc\u00e1ndalos"},"previousItem":{"@type":"ListItem","@id":"https:\/\/www.eldigitaldeasturias.com\/noticias#listItem","name":"Home"}},{"@type":"ListItem","@id":"https:\/\/www.eldigitaldeasturias.com\/noticias\/facebook-pasa-a-la-ofensiva-tras-los-escandalos\/#listItem","position":3,"name":"Facebook pasa a la ofensiva tras los esc\u00e1ndalos","previousItem":{"@type":"ListItem","@id":"https:\/\/www.eldigitaldeasturias.com\/noticias\/category\/actualidad\/#listItem","name":"Actualidad"}}]},{"@type":"Organization","@id":"https:\/\/www.eldigitaldeasturias.com\/noticias\/#organization","name":"El Digital de Asturias","description":"Hemeroteca","url":"https:\/\/www.eldigitaldeasturias.com\/noticias\/","email":"info@eldigitaldeasturias.com","telephone":"+34652131393","logo":{"@type":"ImageObject","url":"https:\/\/www.eldigitaldeasturias.com\/noticias\/wp-content\/uploads\/2020\/12\/EDA.jpg","@id":"https:\/\/www.eldigitaldeasturias.com\/noticias\/facebook-pasa-a-la-ofensiva-tras-los-escandalos\/#organizationLogo"},"image":{"@id":"https:\/\/www.eldigitaldeasturias.com\/noticias\/facebook-pasa-a-la-ofensiva-tras-los-escandalos\/#organizationLogo"},"sameAs":["https:\/\/facebook.com\/eldigitaldeasturias","https:\/\/www.youtube.com\/channel\/UCZP-2wLEB9Rv6erhFmqVnvg"],"address":{"@id":"https:\/\/www.eldigitaldeasturias.com\/noticias\/#postaladdress","@type":"PostalAddress","streetAddress":"san antonio 4","postalCode":"33430","addressLocality":"Cand\u00e1s","addressRegion":"Asturias","addressCountry":"ES"}},{"@type":"Person","@id":"https:\/\/www.eldigitaldeasturias.com\/noticias\/author\/admin\/#author","url":"https:\/\/www.eldigitaldeasturias.com\/noticias\/author\/admin\/","name":"El Digital de Asturias","image":{"@type":"ImageObject","@id":"https:\/\/www.eldigitaldeasturias.com\/noticias\/facebook-pasa-a-la-ofensiva-tras-los-escandalos\/#authorImage","url":"https:\/\/secure.gravatar.com\/avatar\/df2aeffc32bcd13f8d26072ef8a91b623d677766deac7f97ca815868cd41bf5e?s=96&d=mm&r=g","width":96,"height":96,"caption":"El Digital de Asturias"}},{"@type":"WebPage","@id":"https:\/\/www.eldigitaldeasturias.com\/noticias\/facebook-pasa-a-la-ofensiva-tras-los-escandalos\/#webpage","url":"https:\/\/www.eldigitaldeasturias.com\/noticias\/facebook-pasa-a-la-ofensiva-tras-los-escandalos\/","name":"Facebook pasa a la ofensiva tras los esc\u00e1ndalos - El Digital de Asturias","description":"San Jos\u00e9, 2 may (dpa) - \u00bfQu\u00e9 hacer cuando se es la mayor red social del mundo y todos le echan en cara haber recopilado demasiados datos y acumulado demasiado poder? La respuesta de Facebook es adentrarse a\u00fan m\u00e1s en el terreno m\u00e1s sensible de las relaciones humanas y aprovechar para recabar a\u00fan m\u00e1s datos.","inLanguage":"es-ES","isPartOf":{"@id":"https:\/\/www.eldigitaldeasturias.com\/noticias\/#website"},"breadcrumb":{"@id":"https:\/\/www.eldigitaldeasturias.com\/noticias\/facebook-pasa-a-la-ofensiva-tras-los-escandalos\/#breadcrumblist"},"author":{"@id":"https:\/\/www.eldigitaldeasturias.com\/noticias\/author\/admin\/#author"},"creator":{"@id":"https:\/\/www.eldigitaldeasturias.com\/noticias\/author\/admin\/#author"},"image":{"@type":"ImageObject","url":978245,"@id":"https:\/\/www.eldigitaldeasturias.com\/noticias\/facebook-pasa-a-la-ofensiva-tras-los-escandalos\/#mainImage"},"primaryImageOfPage":{"@id":"https:\/\/www.eldigitaldeasturias.com\/noticias\/facebook-pasa-a-la-ofensiva-tras-los-escandalos\/#mainImage"},"datePublished":"2018-05-02T22:26:39+02:00","dateModified":"2018-05-02T22:27:05+02:00"},{"@type":"WebSite","@id":"https:\/\/www.eldigitaldeasturias.com\/noticias\/#website","url":"https:\/\/www.eldigitaldeasturias.com\/noticias\/","name":"El Digital de Asturias - Diario de actualidad y noticias","alternateName":"El Digital de Asturias - Diario de actualidad y noticias","description":"Hemeroteca","inLanguage":"es-ES","publisher":{"@id":"https:\/\/www.eldigitaldeasturias.com\/noticias\/#organization"}}]},"og:locale":"es_ES","og:site_name":"El Digital de Asturias","og:type":"article","og:title":"Facebook pasa a la ofensiva tras los esc\u00e1ndalos - El Digital de Asturias","og:description":"San Jos\u00e9, 2 may (dpa) - \u00bfQu\u00e9 hacer cuando se es la mayor red social del mundo y todos le echan en cara haber recopilado demasiados datos y acumulado demasiado poder? La respuesta de Facebook es adentrarse a\u00fan m\u00e1s en el terreno m\u00e1s sensible de las relaciones humanas y aprovechar para recabar a\u00fan m\u00e1s datos.","og:url":"https:\/\/www.eldigitaldeasturias.com\/noticias\/facebook-pasa-a-la-ofensiva-tras-los-escandalos\/","article:tag":["actualidad"],"article:published_time":"2018-05-02T22:26:39+00:00","article:modified_time":"2018-05-02T22:27:05+00:00","article:publisher":"https:\/\/facebook.com\/eldigitaldeasturias","twitter:card":"summary_large_image","twitter:title":"Facebook pasa a la ofensiva tras los esc\u00e1ndalos - El Digital de Asturias","twitter:description":"San Jos\u00e9, 2 may (dpa) - \u00bfQu\u00e9 hacer cuando se es la mayor red social del mundo y todos le echan en cara haber recopilado demasiados datos y acumulado demasiado poder? La respuesta de Facebook es adentrarse a\u00fan m\u00e1s en el terreno m\u00e1s sensible de las relaciones humanas y aprovechar para recabar a\u00fan m\u00e1s datos.","twitter:image":"https:\/\/www.eldigitaldeasturias.com\/noticias\/wp-content\/uploads\/2020\/12\/EDA-1.jpg","twitter:label1":"Escrito por","twitter:data1":"El Digital de Asturias","twitter:label2":"Tiempo de lectura estimado","twitter:data2":"4 minutos"},"aioseo_meta_data":{"post_id":"978614","title":null,"description":null,"keywords":null,"keyphrases":null,"primary_term":null,"canonical_url":null,"og_title":null,"og_description":null,"og_object_type":"default","og_image_type":"default","og_image_url":null,"og_image_width":null,"og_image_height":null,"og_image_custom_url":null,"og_image_custom_fields":null,"og_video":null,"og_custom_url":null,"og_article_section":null,"og_article_tags":null,"twitter_use_og":false,"twitter_card":"default","twitter_image_type":"default","twitter_image_url":null,"twitter_image_custom_url":null,"twitter_image_custom_fields":null,"twitter_title":null,"twitter_description":null,"schema":{"blockGraphs":[],"customGraphs":[],"default":{"data":{"Article":[],"Course":[],"Dataset":[],"FAQPage":[],"Movie":[],"Person":[],"Product":[],"ProductReview":[],"Car":[],"Recipe":[],"Service":[],"SoftwareApplication":[],"WebPage":[]},"graphName":"","isEnabled":true},"graphs":[],"defaultGraph":"","defaultPostTypeGraph":""},"schema_type":null,"schema_type_options":null,"pillar_content":false,"robots_default":true,"robots_noindex":false,"robots_noarchive":false,"robots_nosnippet":false,"robots_nofollow":false,"robots_noimageindex":false,"robots_noodp":false,"robots_notranslate":false,"robots_max_snippet":null,"robots_max_videopreview":null,"robots_max_imagepreview":"large","priority":null,"frequency":null,"local_seo":null,"seo_analyzer_scan_date":"2025-10-08 11:28:09","breadcrumb_settings":null,"limit_modified_date":false,"open_ai":null,"ai":null,"created":"2020-12-21 12:01:37","updated":"2025-10-08 11:28:09","focus_keyword":null,"additional_keywords":null,"truseo_locale":null},"aioseo_breadcrumb":"<div class=\"aioseo-breadcrumbs\"><span class=\"aioseo-breadcrumb\">\n\t<a href=\"https:\/\/www.eldigitaldeasturias.com\/noticias\" title=\"Home\">Home<\/a>\n<\/span><span class=\"aioseo-breadcrumb-separator\">\u2013<\/span><span class=\"aioseo-breadcrumb\">\n\t<a href=\"https:\/\/www.eldigitaldeasturias.com\/noticias\/category\/actualidad\/\" title=\"Actualidad\">Actualidad<\/a>\n<\/span><span class=\"aioseo-breadcrumb-separator\">\u2013<\/span><span class=\"aioseo-breadcrumb\">\n\t<a href=\"https:\/\/www.eldigitaldeasturias.com\/noticias\/facebook-pasa-a-la-ofensiva-tras-los-escandalos\/\" title=\"Facebook pasa a la ofensiva tras los esc\u00e1ndalos\">Facebook pasa a la ofensiva tras los esc\u00e1ndalos<\/a>\n<\/span><\/div>","aioseo_breadcrumb_json":[{"label":"Home","link":"https:\/\/www.eldigitaldeasturias.com\/noticias"},{"label":"Actualidad","link":"https:\/\/www.eldigitaldeasturias.com\/noticias\/category\/actualidad\/"},{"label":"Facebook pasa a la ofensiva tras los esc\u00e1ndalos","link":"https:\/\/www.eldigitaldeasturias.com\/noticias\/facebook-pasa-a-la-ofensiva-tras-los-escandalos\/"}],"_links":{"self":[{"href":"https:\/\/www.eldigitaldeasturias.com\/noticias\/wp-json\/wp\/v2\/posts\/978614","targetHints":{"allow":["GET"]}}],"collection":[{"href":"https:\/\/www.eldigitaldeasturias.com\/noticias\/wp-json\/wp\/v2\/posts"}],"about":[{"href":"https:\/\/www.eldigitaldeasturias.com\/noticias\/wp-json\/wp\/v2\/types\/post"}],"author":[{"embeddable":true,"href":"https:\/\/www.eldigitaldeasturias.com\/noticias\/wp-json\/wp\/v2\/users\/1"}],"replies":[{"embeddable":true,"href":"https:\/\/www.eldigitaldeasturias.com\/noticias\/wp-json\/wp\/v2\/comments?post=978614"}],"version-history":[{"count":0,"href":"https:\/\/www.eldigitaldeasturias.com\/noticias\/wp-json\/wp\/v2\/posts\/978614\/revisions"}],"wp:attachment":[{"href":"https:\/\/www.eldigitaldeasturias.com\/noticias\/wp-json\/wp\/v2\/media?parent=978614"}],"wp:term":[{"taxonomy":"category","embeddable":true,"href":"https:\/\/www.eldigitaldeasturias.com\/noticias\/wp-json\/wp\/v2\/categories?post=978614"},{"taxonomy":"post_tag","embeddable":true,"href":"https:\/\/www.eldigitaldeasturias.com\/noticias\/wp-json\/wp\/v2\/tags?post=978614"}],"curies":[{"name":"wp","href":"https:\/\/api.w.org\/{rel}","templated":true}]}}