{"id":978607,"date":"2018-05-02T22:14:26","date_gmt":"2018-05-02T22:14:26","guid":{"rendered":"http:\/\/www.eldigitaldeasturias.com\/noticias\/?p=978607"},"modified":"2018-05-02T22:14:26","modified_gmt":"2018-05-02T22:14:26","slug":"rebelion-en-nicaragua-39-anos-despues-de-somoza","status":"publish","type":"post","link":"https:\/\/www.eldigitaldeasturias.com\/noticias\/rebelion-en-nicaragua-39-anos-despues-de-somoza\/","title":{"rendered":"Rebeli\u00f3n en Nicaragua, 39 a\u00f1os despu\u00e9s de Somoza"},"content":{"rendered":"<p><img loading=\"lazy\" decoding=\"async\" class=\"alignleft size-medium wp-image-977212\" src=\"https:\/\/www.eldigitaldeasturias.com\/noticias\/wp-content\/uploads\/2018\/04\/flag-2528952_960_720-360x270.jpg\" alt=\"\" width=\"360\" height=\"270\" \/>Managua, 2 may (dpa) &#8211; A 11 a\u00f1os de haber regresado al poder, el presidente Daniel Ortega afronta la m\u00e1s importante rebeli\u00f3n que ha vivido Nicaragua en casi cuatro d\u00e9cadas, desde que los sandinistas derrotaron al dictador Anastasio Somoza en 1979.<\/p>\n<p>Ex guerrillero y presidente de 1985 a 1990, Ortega, de hoy 72 a\u00f1os, luch\u00f3 contra la dictadura somocista. La actual revuelta comenz\u00f3 hace 15 d\u00edas con una protesta estudiantil por una reforma al Seguro Social y se extendi\u00f3 a 14 ciudades, tras una violenta acci\u00f3n policial que dej\u00f3 decenas de muertos, heridos y detenidos.<\/p>\n<p>Esta es una cronolog\u00eda de los principales sucesos pol\u00edticos ocurridos en Nicaragua en los \u00faltimos 39 a\u00f1os:<\/p>\n<p>1979: Triunfa la revoluci\u00f3n sandinista, tras derrocar al general Anastasio Somoza. La guerra deja miles de muertos y heridos. Se instala una junta de Gobierno, que luego quedar\u00eda encabezada por el comandante Daniel Ortega.<\/p>\n<p>1980-1981: La cruzada de alfabetizaci\u00f3n reduce en seis meses el \u00edndice de analfabetismo del 56 al 12 por ciento. Los sandinistas reparten tierras a campesinos, nacionalizan las minas y la banca estatal. Comienzan las primeras incursiones de grupos armados desde Honduras.<\/p>\n<p>1982: Surge en Honduras el Frente Democr\u00e1tico Nicarag\u00fcense (FDN) dirigido por ex oficiales somocistas, conocido como \u00abla contra\u00bb y que llegar\u00e1 a tener 40.000 hombres, en su gran mayor\u00eda campesinos.<\/p>\n<p>1984: Estados Unidos apoya a los \u00abcontras\u00bb con financiamiento y decreta un embargo a Nicaragua. Los sandinistas instauran el servicio militar, y m\u00e1s de 100.000 j\u00f3venes marchan a la guerra. El conflicto armado dejar\u00e1 50.000 muertos, seg\u00fan cifras del Gobierno.<\/p>\n<p>1985: Daniel Ortega es elegido presidente por primera vez.<\/p>\n<p>1987: Se firman en Guatemala los acuerdos de paz (Esquipulas II) para la reducci\u00f3n de los ej\u00e9rcitos y el desarme simult\u00e1neo de los grupos insurgentes en la regi\u00f3n.<\/p>\n<p>1988: Los acuerdos de Sapo\u00e1 (Nicaragua) entre el gobierno sandinista y la \u00abcontra\u00bb establecen un cese del fuego en el pa\u00eds.<\/p>\n<p>1989: Se llevan a cabo elecciones libres y Daniel Ortega es derrotado por la Violeta Chamorro, quien encabeza una alianza de la derecha.<\/p>\n<p>1991: Comienza el desarme de la \u00abcontra\u00bb, mientras el Ej\u00e9rcito Sandinista reduce sus efectivos de 98.000 a 11.800.<\/p>\n<p>1992-1994: Ola de huelgas contra los programas econ\u00f3micos. Surgen los \u00abrecompas\u00bb, \u00abrecontras\u00bb y \u00abrevueltos\u00bb.<\/p>\n<p>1996: Daniel Ortega vuelve a perder las elecciones, esta vez frente al liberal cafetalero Arnoldo Alem\u00e1n, alcalde de Managua.<\/p>\n<p>1998: Ortega y Alem\u00e1n negocian un pacto y se reparten el control de los poderes del Estado. Tambi\u00e9n reforman la Ley Electoral y reducen a 35 por ciento el m\u00ednimo de votos para ganar la Presidencia.<\/p>\n<p>1998: Acusado de abuso y violaci\u00f3n sexual por su hijastra Zoilam\u00e9rica, Ortega se ampara en su fuero de diputado y evade una demanda judicial. Su esposa Rosario Murillo, madre biol\u00f3gica de Zoilam\u00e9rica, lo apoya.<\/p>\n<p>2001: El liberal Enrique Bola\u00f1os derrota a Daniel Ortega en las elecciones. Con apoyo sandinista, promueve un juicio contra Alem\u00e1n que recibe una condena ce 20 a\u00f1os de c\u00e1rcel por corrupci\u00f3n, de la que s\u00f3lo cumplir\u00e1 seis, la mayor parte en arresto domiciliario.<\/p>\n<p>2006: Daniel Ortega se postula por quinta vez a elecciones prometiendo \u00abamor, trabajo y paz\u00bb, y derrota al banquero Eduardo Montealegre con 38 por ciento de los votos.<\/p>\n<p>2007: Ortega inicia su segundo mandato. Recibe una millonaria cooperaci\u00f3n petrolera del Gobierno de Venezuela.<\/p>\n<p>2011: Pese a que la Constituci\u00f3n le imped\u00eda volver a postularse, Ortega es reelegido. La oposici\u00f3n, que hab\u00eda denunciado fraude en las municipales de 2008, rechaza el resultado.<\/p>\n<p>2016: Se llevan a cabo elecciones presidenciales sin oposici\u00f3n real ni observadores independientes. Ortega vuelve a ser reelegido, esta vez con Rosario Murillo como vicepresidenta.<\/p>\n<p>2017: Organismos de sociedad civil, activistas de derechos humanos y campesinos opuestos a un proyecto de canal interoce\u00e1nico protagonizan manifestaciones que son reprimidas por la Polic\u00eda.<\/p>\n<p>2018: Estudiantes protestan contra el Gobierno por un incendio en la reserva ecol\u00f3gica Indio Ma\u00edz (sur). D\u00edas despu\u00e9s, una reforma del Seguro Social que aumentaba los aportes de empleados y de la patronal desata una ola de manifestaciones en el pa\u00eds.<\/p>\n","protected":false},"excerpt":{"rendered":"<p>Managua, 2 may (dpa) &#8211; A 11 a\u00f1os de haber regresado al poder, el presidente Daniel Ortega afronta la m\u00e1s importante rebeli\u00f3n que ha vivido Nicaragua en casi cuatro d\u00e9cadas, desde que los sandinistas derrotaron al dictador Anastasio Somoza en 1979. Ex guerrillero y presidente de 1985 a 1990, Ortega, de hoy 72 a\u00f1os, luch\u00f3 [&hellip;]<\/p>\n","protected":false},"author":1,"featured_media":977212,"comment_status":"closed","ping_status":"closed","sticky":false,"template":"","format":"standard","meta":{"footnotes":""},"categories":[1],"tags":[],"class_list":["post-978607","post","type-post","status-publish","format-standard","has-post-thumbnail","hentry","category-actualidad"],"aioseo_notices":[],"aioseo_head":"\n\t\t<!-- All in One SEO Pro 5.0.1 - aioseo.com -->\n\t<meta name=\"description\" content=\"Managua, 2 may (dpa) - A 11 a\u00f1os de haber regresado al poder, el presidente Daniel Ortega afronta la m\u00e1s importante rebeli\u00f3n que ha vivido Nicaragua en casi cuatro d\u00e9cadas, desde que los sandinistas derrotaron al dictador Anastasio Somoza en 1979. Ex guerrillero y presidente de 1985 a 1990, Ortega, de hoy 72 a\u00f1os, luch\u00f3\" \/>\n\t<meta name=\"robots\" content=\"max-image-preview:large\" \/>\n\t<meta name=\"author\" content=\"El Digital de Asturias\"\/>\n\t<meta name=\"google-site-verification\" content=\"UA-38556648-1\" \/>\n\t<meta name=\"msvalidate.01\" content=\"7dfe9f3f1b24437ab69f4f2559babe99\" \/>\n\t<meta name=\"keywords\" content=\"actualidad\" \/>\n\t<link rel=\"canonical\" href=\"https:\/\/www.eldigitaldeasturias.com\/noticias\/rebelion-en-nicaragua-39-anos-despues-de-somoza\/\" \/>\n\t<meta name=\"generator\" content=\"All in One SEO Pro (AIOSEO) 5.0.1\" \/>\n\t\t<meta property=\"og:locale\" content=\"es_ES\" \/>\n\t\t<meta property=\"og:site_name\" content=\"El Digital de Asturias\" \/>\n\t\t<meta property=\"og:type\" content=\"article\" \/>\n\t\t<meta property=\"og:title\" content=\"Rebeli\u00f3n en Nicaragua, 39 a\u00f1os despu\u00e9s de Somoza - El Digital de Asturias\" \/>\n\t\t<meta property=\"og:description\" content=\"Managua, 2 may (dpa) - A 11 a\u00f1os de haber regresado al poder, el presidente Daniel Ortega afronta la m\u00e1s importante rebeli\u00f3n que ha vivido Nicaragua en casi cuatro d\u00e9cadas, desde que los sandinistas derrotaron al dictador Anastasio Somoza en 1979. Ex guerrillero y presidente de 1985 a 1990, Ortega, de hoy 72 a\u00f1os, luch\u00f3\" \/>\n\t\t<meta property=\"og:url\" content=\"https:\/\/www.eldigitaldeasturias.com\/noticias\/rebelion-en-nicaragua-39-anos-despues-de-somoza\/\" \/>\n\t\t<meta property=\"article:tag\" content=\"actualidad\" \/>\n\t\t<meta property=\"article:published_time\" content=\"2018-05-02T22:14:26+00:00\" \/>\n\t\t<meta property=\"article:modified_time\" content=\"2018-05-02T22:14:26+00:00\" \/>\n\t\t<meta property=\"article:publisher\" content=\"https:\/\/facebook.com\/eldigitaldeasturias\" \/>\n\t\t<meta name=\"twitter:card\" content=\"summary_large_image\" \/>\n\t\t<meta name=\"twitter:title\" content=\"Rebeli\u00f3n en Nicaragua, 39 a\u00f1os despu\u00e9s de Somoza - El Digital de Asturias\" \/>\n\t\t<meta name=\"twitter:description\" content=\"Managua, 2 may (dpa) - A 11 a\u00f1os de haber regresado al poder, el presidente Daniel Ortega afronta la m\u00e1s importante rebeli\u00f3n que ha vivido Nicaragua en casi cuatro d\u00e9cadas, desde que los sandinistas derrotaron al dictador Anastasio Somoza en 1979. Ex guerrillero y presidente de 1985 a 1990, Ortega, de hoy 72 a\u00f1os, luch\u00f3\" \/>\n\t\t<meta name=\"twitter:image\" content=\"https:\/\/www.eldigitaldeasturias.com\/noticias\/wp-content\/uploads\/2020\/12\/EDA-1.jpg\" \/>\n\t\t<meta name=\"twitter:label1\" content=\"Escrito por\" \/>\n\t\t<meta name=\"twitter:data1\" content=\"El Digital de Asturias\" \/>\n\t\t<meta name=\"twitter:label2\" content=\"Tiempo de lectura estimado\" \/>\n\t\t<meta name=\"twitter:data2\" content=\"3 minutos\" \/>\n\t\t<script type=\"application\/ld+json\" class=\"aioseo-schema\">\n\t\t\t{\"@context\":\"https:\\\/\\\/schema.org\",\"@graph\":[{\"@type\":\"BlogPosting\",\"@id\":\"https:\\\/\\\/www.eldigitaldeasturias.com\\\/noticias\\\/rebelion-en-nicaragua-39-anos-despues-de-somoza\\\/#blogposting\",\"name\":\"Rebeli\\u00f3n en Nicaragua, 39 a\\u00f1os despu\\u00e9s de Somoza - El Digital de Asturias\",\"headline\":\"Rebeli\\u00f3n en Nicaragua, 39 a\\u00f1os despu\\u00e9s de Somoza\",\"author\":{\"@id\":\"https:\\\/\\\/www.eldigitaldeasturias.com\\\/noticias\\\/author\\\/admin\\\/#author\"},\"publisher\":{\"@id\":\"https:\\\/\\\/www.eldigitaldeasturias.com\\\/noticias\\\/#organization\"},\"image\":{\"@type\":\"ImageObject\",\"url\":977212},\"datePublished\":\"2018-05-02T22:14:26+02:00\",\"dateModified\":\"2018-05-02T22:14:26+02:00\",\"inLanguage\":\"es-ES\",\"mainEntityOfPage\":{\"@id\":\"https:\\\/\\\/www.eldigitaldeasturias.com\\\/noticias\\\/rebelion-en-nicaragua-39-anos-despues-de-somoza\\\/#webpage\"},\"isPartOf\":{\"@id\":\"https:\\\/\\\/www.eldigitaldeasturias.com\\\/noticias\\\/rebelion-en-nicaragua-39-anos-despues-de-somoza\\\/#webpage\"},\"articleSection\":\"Actualidad\"},{\"@type\":\"BreadcrumbList\",\"@id\":\"https:\\\/\\\/www.eldigitaldeasturias.com\\\/noticias\\\/rebelion-en-nicaragua-39-anos-despues-de-somoza\\\/#breadcrumblist\",\"itemListElement\":[{\"@type\":\"ListItem\",\"@id\":\"https:\\\/\\\/www.eldigitaldeasturias.com\\\/noticias#listItem\",\"position\":1,\"name\":\"Home\",\"item\":\"https:\\\/\\\/www.eldigitaldeasturias.com\\\/noticias\",\"nextItem\":{\"@type\":\"ListItem\",\"@id\":\"https:\\\/\\\/www.eldigitaldeasturias.com\\\/noticias\\\/category\\\/actualidad\\\/#listItem\",\"name\":\"Actualidad\"}},{\"@type\":\"ListItem\",\"@id\":\"https:\\\/\\\/www.eldigitaldeasturias.com\\\/noticias\\\/category\\\/actualidad\\\/#listItem\",\"position\":2,\"name\":\"Actualidad\",\"item\":\"https:\\\/\\\/www.eldigitaldeasturias.com\\\/noticias\\\/category\\\/actualidad\\\/\",\"nextItem\":{\"@type\":\"ListItem\",\"@id\":\"https:\\\/\\\/www.eldigitaldeasturias.com\\\/noticias\\\/rebelion-en-nicaragua-39-anos-despues-de-somoza\\\/#listItem\",\"name\":\"Rebeli\\u00f3n en Nicaragua, 39 a\\u00f1os despu\\u00e9s de Somoza\"},\"previousItem\":{\"@type\":\"ListItem\",\"@id\":\"https:\\\/\\\/www.eldigitaldeasturias.com\\\/noticias#listItem\",\"name\":\"Home\"}},{\"@type\":\"ListItem\",\"@id\":\"https:\\\/\\\/www.eldigitaldeasturias.com\\\/noticias\\\/rebelion-en-nicaragua-39-anos-despues-de-somoza\\\/#listItem\",\"position\":3,\"name\":\"Rebeli\\u00f3n en Nicaragua, 39 a\\u00f1os despu\\u00e9s de Somoza\",\"previousItem\":{\"@type\":\"ListItem\",\"@id\":\"https:\\\/\\\/www.eldigitaldeasturias.com\\\/noticias\\\/category\\\/actualidad\\\/#listItem\",\"name\":\"Actualidad\"}}]},{\"@type\":\"Organization\",\"@id\":\"https:\\\/\\\/www.eldigitaldeasturias.com\\\/noticias\\\/#organization\",\"name\":\"El Digital de Asturias\",\"description\":\"Hemeroteca\",\"url\":\"https:\\\/\\\/www.eldigitaldeasturias.com\\\/noticias\\\/\",\"email\":\"info@eldigitaldeasturias.com\",\"telephone\":\"+34652131393\",\"logo\":{\"@type\":\"ImageObject\",\"url\":\"https:\\\/\\\/www.eldigitaldeasturias.com\\\/noticias\\\/wp-content\\\/uploads\\\/2020\\\/12\\\/EDA.jpg\",\"@id\":\"https:\\\/\\\/www.eldigitaldeasturias.com\\\/noticias\\\/rebelion-en-nicaragua-39-anos-despues-de-somoza\\\/#organizationLogo\"},\"image\":{\"@id\":\"https:\\\/\\\/www.eldigitaldeasturias.com\\\/noticias\\\/rebelion-en-nicaragua-39-anos-despues-de-somoza\\\/#organizationLogo\"},\"sameAs\":[\"https:\\\/\\\/facebook.com\\\/eldigitaldeasturias\",\"https:\\\/\\\/www.youtube.com\\\/channel\\\/UCZP-2wLEB9Rv6erhFmqVnvg\"],\"address\":{\"@id\":\"https:\\\/\\\/www.eldigitaldeasturias.com\\\/noticias\\\/#postaladdress\",\"@type\":\"PostalAddress\",\"streetAddress\":\"san antonio 4\",\"postalCode\":\"33430\",\"addressLocality\":\"Cand\\u00e1s\",\"addressRegion\":\"Asturias\",\"addressCountry\":\"ES\"}},{\"@type\":\"Person\",\"@id\":\"https:\\\/\\\/www.eldigitaldeasturias.com\\\/noticias\\\/author\\\/admin\\\/#author\",\"url\":\"https:\\\/\\\/www.eldigitaldeasturias.com\\\/noticias\\\/author\\\/admin\\\/\",\"name\":\"El Digital de Asturias\",\"image\":{\"@type\":\"ImageObject\",\"@id\":\"https:\\\/\\\/www.eldigitaldeasturias.com\\\/noticias\\\/rebelion-en-nicaragua-39-anos-despues-de-somoza\\\/#authorImage\",\"url\":\"https:\\\/\\\/secure.gravatar.com\\\/avatar\\\/df2aeffc32bcd13f8d26072ef8a91b623d677766deac7f97ca815868cd41bf5e?s=96&d=mm&r=g\",\"width\":96,\"height\":96,\"caption\":\"El Digital de Asturias\"}},{\"@type\":\"WebPage\",\"@id\":\"https:\\\/\\\/www.eldigitaldeasturias.com\\\/noticias\\\/rebelion-en-nicaragua-39-anos-despues-de-somoza\\\/#webpage\",\"url\":\"https:\\\/\\\/www.eldigitaldeasturias.com\\\/noticias\\\/rebelion-en-nicaragua-39-anos-despues-de-somoza\\\/\",\"name\":\"Rebeli\\u00f3n en Nicaragua, 39 a\\u00f1os despu\\u00e9s de Somoza - El Digital de Asturias\",\"description\":\"Managua, 2 may (dpa) - A 11 a\\u00f1os de haber regresado al poder, el presidente Daniel Ortega afronta la m\\u00e1s importante rebeli\\u00f3n que ha vivido Nicaragua en casi cuatro d\\u00e9cadas, desde que los sandinistas derrotaron al dictador Anastasio Somoza en 1979. Ex guerrillero y presidente de 1985 a 1990, Ortega, de hoy 72 a\\u00f1os, luch\\u00f3\",\"inLanguage\":\"es-ES\",\"isPartOf\":{\"@id\":\"https:\\\/\\\/www.eldigitaldeasturias.com\\\/noticias\\\/#website\"},\"breadcrumb\":{\"@id\":\"https:\\\/\\\/www.eldigitaldeasturias.com\\\/noticias\\\/rebelion-en-nicaragua-39-anos-despues-de-somoza\\\/#breadcrumblist\"},\"author\":{\"@id\":\"https:\\\/\\\/www.eldigitaldeasturias.com\\\/noticias\\\/author\\\/admin\\\/#author\"},\"creator\":{\"@id\":\"https:\\\/\\\/www.eldigitaldeasturias.com\\\/noticias\\\/author\\\/admin\\\/#author\"},\"image\":{\"@type\":\"ImageObject\",\"url\":977212,\"@id\":\"https:\\\/\\\/www.eldigitaldeasturias.com\\\/noticias\\\/rebelion-en-nicaragua-39-anos-despues-de-somoza\\\/#mainImage\"},\"primaryImageOfPage\":{\"@id\":\"https:\\\/\\\/www.eldigitaldeasturias.com\\\/noticias\\\/rebelion-en-nicaragua-39-anos-despues-de-somoza\\\/#mainImage\"},\"datePublished\":\"2018-05-02T22:14:26+02:00\",\"dateModified\":\"2018-05-02T22:14:26+02:00\"},{\"@type\":\"WebSite\",\"@id\":\"https:\\\/\\\/www.eldigitaldeasturias.com\\\/noticias\\\/#website\",\"url\":\"https:\\\/\\\/www.eldigitaldeasturias.com\\\/noticias\\\/\",\"name\":\"El Digital de Asturias - Diario de actualidad y noticias\",\"alternateName\":\"El Digital de Asturias - Diario de actualidad y noticias\",\"description\":\"Hemeroteca\",\"inLanguage\":\"es-ES\",\"publisher\":{\"@id\":\"https:\\\/\\\/www.eldigitaldeasturias.com\\\/noticias\\\/#organization\"}}]}\n\t\t<\/script>\n\t\t<!-- All in One SEO Pro -->\r\n\t\t<title>Rebeli\u00f3n en Nicaragua, 39 a\u00f1os despu\u00e9s de Somoza - El Digital de Asturias<\/title>\n\n","aioseo_head_json":{"title":"Rebeli\u00f3n en Nicaragua, 39 a\u00f1os despu\u00e9s de Somoza - El Digital de Asturias","description":"Managua, 2 may (dpa) - A 11 a\u00f1os de haber regresado al poder, el presidente Daniel Ortega afronta la m\u00e1s importante rebeli\u00f3n que ha vivido Nicaragua en casi cuatro d\u00e9cadas, desde que los sandinistas derrotaron al dictador Anastasio Somoza en 1979. Ex guerrillero y presidente de 1985 a 1990, Ortega, de hoy 72 a\u00f1os, luch\u00f3","canonical_url":"https:\/\/www.eldigitaldeasturias.com\/noticias\/rebelion-en-nicaragua-39-anos-despues-de-somoza\/","robots":"max-image-preview:large","keywords":"actualidad","webmasterTools":{"google-site-verification":"UA-38556648-1","msvalidate.01":"7dfe9f3f1b24437ab69f4f2559babe99","miscellaneous":""},"schema":{"@context":"https:\/\/schema.org","@graph":[{"@type":"BlogPosting","@id":"https:\/\/www.eldigitaldeasturias.com\/noticias\/rebelion-en-nicaragua-39-anos-despues-de-somoza\/#blogposting","name":"Rebeli\u00f3n en Nicaragua, 39 a\u00f1os despu\u00e9s de Somoza - El Digital de Asturias","headline":"Rebeli\u00f3n en Nicaragua, 39 a\u00f1os despu\u00e9s de Somoza","author":{"@id":"https:\/\/www.eldigitaldeasturias.com\/noticias\/author\/admin\/#author"},"publisher":{"@id":"https:\/\/www.eldigitaldeasturias.com\/noticias\/#organization"},"image":{"@type":"ImageObject","url":977212},"datePublished":"2018-05-02T22:14:26+02:00","dateModified":"2018-05-02T22:14:26+02:00","inLanguage":"es-ES","mainEntityOfPage":{"@id":"https:\/\/www.eldigitaldeasturias.com\/noticias\/rebelion-en-nicaragua-39-anos-despues-de-somoza\/#webpage"},"isPartOf":{"@id":"https:\/\/www.eldigitaldeasturias.com\/noticias\/rebelion-en-nicaragua-39-anos-despues-de-somoza\/#webpage"},"articleSection":"Actualidad"},{"@type":"BreadcrumbList","@id":"https:\/\/www.eldigitaldeasturias.com\/noticias\/rebelion-en-nicaragua-39-anos-despues-de-somoza\/#breadcrumblist","itemListElement":[{"@type":"ListItem","@id":"https:\/\/www.eldigitaldeasturias.com\/noticias#listItem","position":1,"name":"Home","item":"https:\/\/www.eldigitaldeasturias.com\/noticias","nextItem":{"@type":"ListItem","@id":"https:\/\/www.eldigitaldeasturias.com\/noticias\/category\/actualidad\/#listItem","name":"Actualidad"}},{"@type":"ListItem","@id":"https:\/\/www.eldigitaldeasturias.com\/noticias\/category\/actualidad\/#listItem","position":2,"name":"Actualidad","item":"https:\/\/www.eldigitaldeasturias.com\/noticias\/category\/actualidad\/","nextItem":{"@type":"ListItem","@id":"https:\/\/www.eldigitaldeasturias.com\/noticias\/rebelion-en-nicaragua-39-anos-despues-de-somoza\/#listItem","name":"Rebeli\u00f3n en Nicaragua, 39 a\u00f1os despu\u00e9s de Somoza"},"previousItem":{"@type":"ListItem","@id":"https:\/\/www.eldigitaldeasturias.com\/noticias#listItem","name":"Home"}},{"@type":"ListItem","@id":"https:\/\/www.eldigitaldeasturias.com\/noticias\/rebelion-en-nicaragua-39-anos-despues-de-somoza\/#listItem","position":3,"name":"Rebeli\u00f3n en Nicaragua, 39 a\u00f1os despu\u00e9s de Somoza","previousItem":{"@type":"ListItem","@id":"https:\/\/www.eldigitaldeasturias.com\/noticias\/category\/actualidad\/#listItem","name":"Actualidad"}}]},{"@type":"Organization","@id":"https:\/\/www.eldigitaldeasturias.com\/noticias\/#organization","name":"El Digital de Asturias","description":"Hemeroteca","url":"https:\/\/www.eldigitaldeasturias.com\/noticias\/","email":"info@eldigitaldeasturias.com","telephone":"+34652131393","logo":{"@type":"ImageObject","url":"https:\/\/www.eldigitaldeasturias.com\/noticias\/wp-content\/uploads\/2020\/12\/EDA.jpg","@id":"https:\/\/www.eldigitaldeasturias.com\/noticias\/rebelion-en-nicaragua-39-anos-despues-de-somoza\/#organizationLogo"},"image":{"@id":"https:\/\/www.eldigitaldeasturias.com\/noticias\/rebelion-en-nicaragua-39-anos-despues-de-somoza\/#organizationLogo"},"sameAs":["https:\/\/facebook.com\/eldigitaldeasturias","https:\/\/www.youtube.com\/channel\/UCZP-2wLEB9Rv6erhFmqVnvg"],"address":{"@id":"https:\/\/www.eldigitaldeasturias.com\/noticias\/#postaladdress","@type":"PostalAddress","streetAddress":"san antonio 4","postalCode":"33430","addressLocality":"Cand\u00e1s","addressRegion":"Asturias","addressCountry":"ES"}},{"@type":"Person","@id":"https:\/\/www.eldigitaldeasturias.com\/noticias\/author\/admin\/#author","url":"https:\/\/www.eldigitaldeasturias.com\/noticias\/author\/admin\/","name":"El Digital de Asturias","image":{"@type":"ImageObject","@id":"https:\/\/www.eldigitaldeasturias.com\/noticias\/rebelion-en-nicaragua-39-anos-despues-de-somoza\/#authorImage","url":"https:\/\/secure.gravatar.com\/avatar\/df2aeffc32bcd13f8d26072ef8a91b623d677766deac7f97ca815868cd41bf5e?s=96&d=mm&r=g","width":96,"height":96,"caption":"El Digital de Asturias"}},{"@type":"WebPage","@id":"https:\/\/www.eldigitaldeasturias.com\/noticias\/rebelion-en-nicaragua-39-anos-despues-de-somoza\/#webpage","url":"https:\/\/www.eldigitaldeasturias.com\/noticias\/rebelion-en-nicaragua-39-anos-despues-de-somoza\/","name":"Rebeli\u00f3n en Nicaragua, 39 a\u00f1os despu\u00e9s de Somoza - El Digital de Asturias","description":"Managua, 2 may (dpa) - A 11 a\u00f1os de haber regresado al poder, el presidente Daniel Ortega afronta la m\u00e1s importante rebeli\u00f3n que ha vivido Nicaragua en casi cuatro d\u00e9cadas, desde que los sandinistas derrotaron al dictador Anastasio Somoza en 1979. Ex guerrillero y presidente de 1985 a 1990, Ortega, de hoy 72 a\u00f1os, luch\u00f3","inLanguage":"es-ES","isPartOf":{"@id":"https:\/\/www.eldigitaldeasturias.com\/noticias\/#website"},"breadcrumb":{"@id":"https:\/\/www.eldigitaldeasturias.com\/noticias\/rebelion-en-nicaragua-39-anos-despues-de-somoza\/#breadcrumblist"},"author":{"@id":"https:\/\/www.eldigitaldeasturias.com\/noticias\/author\/admin\/#author"},"creator":{"@id":"https:\/\/www.eldigitaldeasturias.com\/noticias\/author\/admin\/#author"},"image":{"@type":"ImageObject","url":977212,"@id":"https:\/\/www.eldigitaldeasturias.com\/noticias\/rebelion-en-nicaragua-39-anos-despues-de-somoza\/#mainImage"},"primaryImageOfPage":{"@id":"https:\/\/www.eldigitaldeasturias.com\/noticias\/rebelion-en-nicaragua-39-anos-despues-de-somoza\/#mainImage"},"datePublished":"2018-05-02T22:14:26+02:00","dateModified":"2018-05-02T22:14:26+02:00"},{"@type":"WebSite","@id":"https:\/\/www.eldigitaldeasturias.com\/noticias\/#website","url":"https:\/\/www.eldigitaldeasturias.com\/noticias\/","name":"El Digital de Asturias - Diario de actualidad y noticias","alternateName":"El Digital de Asturias - Diario de actualidad y noticias","description":"Hemeroteca","inLanguage":"es-ES","publisher":{"@id":"https:\/\/www.eldigitaldeasturias.com\/noticias\/#organization"}}]},"og:locale":"es_ES","og:site_name":"El Digital de Asturias","og:type":"article","og:title":"Rebeli\u00f3n en Nicaragua, 39 a\u00f1os despu\u00e9s de Somoza - El Digital de Asturias","og:description":"Managua, 2 may (dpa) - A 11 a\u00f1os de haber regresado al poder, el presidente Daniel Ortega afronta la m\u00e1s importante rebeli\u00f3n que ha vivido Nicaragua en casi cuatro d\u00e9cadas, desde que los sandinistas derrotaron al dictador Anastasio Somoza en 1979. Ex guerrillero y presidente de 1985 a 1990, Ortega, de hoy 72 a\u00f1os, luch\u00f3","og:url":"https:\/\/www.eldigitaldeasturias.com\/noticias\/rebelion-en-nicaragua-39-anos-despues-de-somoza\/","article:tag":["actualidad"],"article:published_time":"2018-05-02T22:14:26+00:00","article:modified_time":"2018-05-02T22:14:26+00:00","article:publisher":"https:\/\/facebook.com\/eldigitaldeasturias","twitter:card":"summary_large_image","twitter:title":"Rebeli\u00f3n en Nicaragua, 39 a\u00f1os despu\u00e9s de Somoza - El Digital de Asturias","twitter:description":"Managua, 2 may (dpa) - A 11 a\u00f1os de haber regresado al poder, el presidente Daniel Ortega afronta la m\u00e1s importante rebeli\u00f3n que ha vivido Nicaragua en casi cuatro d\u00e9cadas, desde que los sandinistas derrotaron al dictador Anastasio Somoza en 1979. Ex guerrillero y presidente de 1985 a 1990, Ortega, de hoy 72 a\u00f1os, luch\u00f3","twitter:image":"https:\/\/www.eldigitaldeasturias.com\/noticias\/wp-content\/uploads\/2020\/12\/EDA-1.jpg","twitter:label1":"Escrito por","twitter:data1":"El Digital de Asturias","twitter:label2":"Tiempo de lectura estimado","twitter:data2":"3 minutos"},"aioseo_meta_data":{"post_id":"978607","title":null,"description":null,"keywords":null,"keyphrases":null,"primary_term":null,"canonical_url":null,"og_title":null,"og_description":null,"og_object_type":"default","og_image_type":"default","og_image_url":null,"og_image_width":null,"og_image_height":null,"og_image_custom_url":null,"og_image_custom_fields":null,"og_video":null,"og_custom_url":null,"og_article_section":null,"og_article_tags":null,"twitter_use_og":false,"twitter_card":"default","twitter_image_type":"default","twitter_image_url":null,"twitter_image_custom_url":null,"twitter_image_custom_fields":null,"twitter_title":null,"twitter_description":null,"schema":{"blockGraphs":[],"customGraphs":[],"default":{"data":{"Article":[],"Course":[],"Dataset":[],"FAQPage":[],"Movie":[],"Person":[],"Product":[],"ProductReview":[],"Car":[],"Recipe":[],"Service":[],"SoftwareApplication":[],"WebPage":[]},"graphName":"","isEnabled":true},"graphs":[],"defaultGraph":"","defaultPostTypeGraph":""},"schema_type":null,"schema_type_options":null,"pillar_content":false,"robots_default":true,"robots_noindex":false,"robots_noarchive":false,"robots_nosnippet":false,"robots_nofollow":false,"robots_noimageindex":false,"robots_noodp":false,"robots_notranslate":false,"robots_max_snippet":null,"robots_max_videopreview":null,"robots_max_imagepreview":"large","priority":null,"frequency":null,"local_seo":null,"seo_analyzer_scan_date":"2025-10-08 11:26:02","breadcrumb_settings":null,"limit_modified_date":false,"open_ai":null,"ai":null,"created":"2020-12-21 12:01:37","updated":"2025-10-08 11:26:02","focus_keyword":null,"additional_keywords":null,"truseo_locale":null},"aioseo_breadcrumb":"<div class=\"aioseo-breadcrumbs\"><span class=\"aioseo-breadcrumb\">\n\t<a href=\"https:\/\/www.eldigitaldeasturias.com\/noticias\" title=\"Home\">Home<\/a>\n<\/span><span class=\"aioseo-breadcrumb-separator\">\u2013<\/span><span class=\"aioseo-breadcrumb\">\n\t<a href=\"https:\/\/www.eldigitaldeasturias.com\/noticias\/category\/actualidad\/\" title=\"Actualidad\">Actualidad<\/a>\n<\/span><span class=\"aioseo-breadcrumb-separator\">\u2013<\/span><span class=\"aioseo-breadcrumb\">\n\t<a href=\"https:\/\/www.eldigitaldeasturias.com\/noticias\/rebelion-en-nicaragua-39-anos-despues-de-somoza\/\" title=\"Rebeli\u00f3n en Nicaragua, 39 a\u00f1os despu\u00e9s de Somoza\">Rebeli\u00f3n en Nicaragua, 39 a\u00f1os despu\u00e9s de Somoza<\/a>\n<\/span><\/div>","aioseo_breadcrumb_json":[{"label":"Home","link":"https:\/\/www.eldigitaldeasturias.com\/noticias"},{"label":"Actualidad","link":"https:\/\/www.eldigitaldeasturias.com\/noticias\/category\/actualidad\/"},{"label":"Rebeli\u00f3n en Nicaragua, 39 a\u00f1os despu\u00e9s de Somoza","link":"https:\/\/www.eldigitaldeasturias.com\/noticias\/rebelion-en-nicaragua-39-anos-despues-de-somoza\/"}],"_links":{"self":[{"href":"https:\/\/www.eldigitaldeasturias.com\/noticias\/wp-json\/wp\/v2\/posts\/978607","targetHints":{"allow":["GET"]}}],"collection":[{"href":"https:\/\/www.eldigitaldeasturias.com\/noticias\/wp-json\/wp\/v2\/posts"}],"about":[{"href":"https:\/\/www.eldigitaldeasturias.com\/noticias\/wp-json\/wp\/v2\/types\/post"}],"author":[{"embeddable":true,"href":"https:\/\/www.eldigitaldeasturias.com\/noticias\/wp-json\/wp\/v2\/users\/1"}],"replies":[{"embeddable":true,"href":"https:\/\/www.eldigitaldeasturias.com\/noticias\/wp-json\/wp\/v2\/comments?post=978607"}],"version-history":[{"count":0,"href":"https:\/\/www.eldigitaldeasturias.com\/noticias\/wp-json\/wp\/v2\/posts\/978607\/revisions"}],"wp:attachment":[{"href":"https:\/\/www.eldigitaldeasturias.com\/noticias\/wp-json\/wp\/v2\/media?parent=978607"}],"wp:term":[{"taxonomy":"category","embeddable":true,"href":"https:\/\/www.eldigitaldeasturias.com\/noticias\/wp-json\/wp\/v2\/categories?post=978607"},{"taxonomy":"post_tag","embeddable":true,"href":"https:\/\/www.eldigitaldeasturias.com\/noticias\/wp-json\/wp\/v2\/tags?post=978607"}],"curies":[{"name":"wp","href":"https:\/\/api.w.org\/{rel}","templated":true}]}}