{"id":978585,"date":"2018-05-02T21:29:21","date_gmt":"2018-05-02T21:29:21","guid":{"rendered":"http:\/\/www.eldigitaldeasturias.com\/noticias\/?p=978585"},"modified":"2018-05-02T21:29:21","modified_gmt":"2018-05-02T21:29:21","slug":"los-jueves-de-buenas-practicas-llegan-a-lecinena","status":"publish","type":"post","link":"https:\/\/www.eldigitaldeasturias.com\/noticias\/los-jueves-de-buenas-practicas-llegan-a-lecinena\/","title":{"rendered":"Los \u201cJueves de buenas pr\u00e1cticas\u201d llegan a Leci\u00f1ena"},"content":{"rendered":"<p><img loading=\"lazy\" decoding=\"async\" class=\"alignleft size-medium wp-image-978586\" src=\"https:\/\/www.eldigitaldeasturias.com\/noticias\/wp-content\/uploads\/2018\/05\/UNA_MIRADA_A_LA_EDUCACION_INFANTIL-360x159.jpg\" alt=\"\" width=\"360\" height=\"159\" \/>La localidad de Leci\u00f1ena acoger\u00e1 ma\u00f1ana 3 de mayo por primera vez la actividad formativa \u201cJueves de buenas pr\u00e1cticas\u201d promovida por el Departamento de Educaci\u00f3n, Cultura y Deporte del Gobierno de Arag\u00f3n y organizada por el CIFE Juan de Lanuza. Esta actividad, abierta a toda la comunidad educativa, se celebrar\u00e1 en el sal\u00f3n de actos del Ayuntamiento de Leci\u00f1ena desde las 17 hasta las 20 horas.<\/p>\n<p>El encuentro servir\u00e1 para compartir y reflexionar sobre las pr\u00e1cticas educativas de los centros escolares y ser\u00e1 inaugurado por el director general de Personal y Formaci\u00f3n del Profesorado del Departamento de Educaci\u00f3n, Cultura y Deporte, Tom\u00e1s Guajardo.<\/p>\n<p>El \u201cJueves de buenas pr\u00e1cticas\u201d cumple el objetivo de crear un lugar de encuentro de toda la comunidad escolar en el que los docentes comparten sus experiencias educativas con sus compa\u00f1eros, con futuros docentes y tambi\u00e9n con los alumnos y las familias. En esta ocasi\u00f3n la actividad se centrar\u00e1 en la etapa de Educaci\u00f3n Infantil.<\/p>\n<p>En esta actividad formativa se presentar\u00e1n cinco experiencias educativas de los centros adscritos a la UFI de Zuera dependiente del CIFE Juan de Lanuza: \u201cLibre circulaci\u00f3n y provocaciones\u201d (CEIP Florencio Jardiel), \u201cYoga en educaci\u00f3n infantil\u201d (CRA Bajo G\u00e1llego), \u201cLo que yo aprendo, a ti te lo ense\u00f1o\u201d (CRA La Sabina), \u201cReporteros\u201d (CEIP Mariano Castillo) y \u201cNuestras t\u00e9cnicas pl\u00e1sticas\u201d (CEIP Galo Ponte).<\/p>\n<p>Este encuentro pone el broche final al curso de formaci\u00f3n del profesorado titulado \u201cUna mirada a la Educaci\u00f3n Infantil\u201d, que se ha ocupado de las caracter\u00edsticas del primer ciclo de Infantil, los problemas conductuales en el alumnado, el desarrollo psicomotor y multisensorial, metodolog\u00edas activas, rob\u00f3tica y creatividad y arte en el aula. La actividad se podr\u00e1 seguir por Twitter a trav\u00e9s del hashtag #lecinfantil.<\/p>\n","protected":false},"excerpt":{"rendered":"<p>La localidad de Leci\u00f1ena acoger\u00e1 ma\u00f1ana 3 de mayo por primera vez la actividad formativa \u201cJueves de buenas pr\u00e1cticas\u201d promovida por el Departamento de Educaci\u00f3n, Cultura y Deporte del Gobierno de Arag\u00f3n y organizada por el CIFE Juan de Lanuza. Esta actividad, abierta a toda la comunidad educativa, se celebrar\u00e1 en el sal\u00f3n de actos [&hellip;]<\/p>\n","protected":false},"author":1,"featured_media":978586,"comment_status":"closed","ping_status":"closed","sticky":false,"template":"","format":"standard","meta":{"footnotes":""},"categories":[1],"tags":[],"class_list":["post-978585","post","type-post","status-publish","format-standard","has-post-thumbnail","hentry","category-actualidad"],"aioseo_notices":[],"aioseo_head":"\n\t\t<!-- All in One SEO Pro 5.0.1 - aioseo.com -->\n\t<meta name=\"description\" content=\"La localidad de Leci\u00f1ena acoger\u00e1 ma\u00f1ana 3 de mayo por primera vez la actividad formativa \u201cJueves de buenas pr\u00e1cticas\u201d promovida por el Departamento de Educaci\u00f3n, Cultura y Deporte del Gobierno de Arag\u00f3n y organizada por el CIFE Juan de Lanuza. Esta actividad, abierta a toda la comunidad educativa, se celebrar\u00e1 en el sal\u00f3n de actos\" \/>\n\t<meta name=\"robots\" content=\"max-image-preview:large\" \/>\n\t<meta name=\"author\" content=\"El Digital de Asturias\"\/>\n\t<meta name=\"google-site-verification\" content=\"UA-38556648-1\" \/>\n\t<meta name=\"msvalidate.01\" content=\"7dfe9f3f1b24437ab69f4f2559babe99\" \/>\n\t<meta name=\"keywords\" content=\"actualidad\" \/>\n\t<link rel=\"canonical\" href=\"https:\/\/www.eldigitaldeasturias.com\/noticias\/los-jueves-de-buenas-practicas-llegan-a-lecinena\/\" \/>\n\t<meta name=\"generator\" content=\"All in One SEO Pro (AIOSEO) 5.0.1\" \/>\n\t\t<meta property=\"og:locale\" content=\"es_ES\" \/>\n\t\t<meta property=\"og:site_name\" content=\"El Digital de Asturias\" \/>\n\t\t<meta property=\"og:type\" content=\"article\" \/>\n\t\t<meta property=\"og:title\" content=\"Los \u201cJueves de buenas pr\u00e1cticas\u201d llegan a Leci\u00f1ena - El Digital de Asturias\" \/>\n\t\t<meta property=\"og:description\" content=\"La localidad de Leci\u00f1ena acoger\u00e1 ma\u00f1ana 3 de mayo por primera vez la actividad formativa \u201cJueves de buenas pr\u00e1cticas\u201d promovida por el Departamento de Educaci\u00f3n, Cultura y Deporte del Gobierno de Arag\u00f3n y organizada por el CIFE Juan de Lanuza. Esta actividad, abierta a toda la comunidad educativa, se celebrar\u00e1 en el sal\u00f3n de actos\" \/>\n\t\t<meta property=\"og:url\" content=\"https:\/\/www.eldigitaldeasturias.com\/noticias\/los-jueves-de-buenas-practicas-llegan-a-lecinena\/\" \/>\n\t\t<meta property=\"article:tag\" content=\"actualidad\" \/>\n\t\t<meta property=\"article:published_time\" content=\"2018-05-02T21:29:21+00:00\" \/>\n\t\t<meta property=\"article:modified_time\" content=\"2018-05-02T21:29:21+00:00\" \/>\n\t\t<meta property=\"article:publisher\" content=\"https:\/\/facebook.com\/eldigitaldeasturias\" \/>\n\t\t<meta name=\"twitter:card\" content=\"summary_large_image\" \/>\n\t\t<meta name=\"twitter:title\" content=\"Los \u201cJueves de buenas pr\u00e1cticas\u201d llegan a Leci\u00f1ena - El Digital de Asturias\" \/>\n\t\t<meta name=\"twitter:description\" content=\"La localidad de Leci\u00f1ena acoger\u00e1 ma\u00f1ana 3 de mayo por primera vez la actividad formativa \u201cJueves de buenas pr\u00e1cticas\u201d promovida por el Departamento de Educaci\u00f3n, Cultura y Deporte del Gobierno de Arag\u00f3n y organizada por el CIFE Juan de Lanuza. Esta actividad, abierta a toda la comunidad educativa, se celebrar\u00e1 en el sal\u00f3n de actos\" \/>\n\t\t<meta name=\"twitter:image\" content=\"https:\/\/www.eldigitaldeasturias.com\/noticias\/wp-content\/uploads\/2020\/12\/EDA-1.jpg\" \/>\n\t\t<meta name=\"twitter:label1\" content=\"Escrito por\" \/>\n\t\t<meta name=\"twitter:data1\" content=\"El Digital de Asturias\" \/>\n\t\t<meta name=\"twitter:label2\" content=\"Tiempo de lectura estimado\" \/>\n\t\t<meta name=\"twitter:data2\" content=\"2 minutos\" \/>\n\t\t<script type=\"application\/ld+json\" class=\"aioseo-schema\">\n\t\t\t{\"@context\":\"https:\\\/\\\/schema.org\",\"@graph\":[{\"@type\":\"BlogPosting\",\"@id\":\"https:\\\/\\\/www.eldigitaldeasturias.com\\\/noticias\\\/los-jueves-de-buenas-practicas-llegan-a-lecinena\\\/#blogposting\",\"name\":\"Los \\u201cJueves de buenas pr\\u00e1cticas\\u201d llegan a Leci\\u00f1ena - El Digital de Asturias\",\"headline\":\"Los \\u201cJueves de buenas pr\\u00e1cticas\\u201d llegan a Leci\\u00f1ena\",\"author\":{\"@id\":\"https:\\\/\\\/www.eldigitaldeasturias.com\\\/noticias\\\/author\\\/admin\\\/#author\"},\"publisher\":{\"@id\":\"https:\\\/\\\/www.eldigitaldeasturias.com\\\/noticias\\\/#organization\"},\"image\":{\"@type\":\"ImageObject\",\"url\":978586},\"datePublished\":\"2018-05-02T21:29:21+02:00\",\"dateModified\":\"2018-05-02T21:29:21+02:00\",\"inLanguage\":\"es-ES\",\"mainEntityOfPage\":{\"@id\":\"https:\\\/\\\/www.eldigitaldeasturias.com\\\/noticias\\\/los-jueves-de-buenas-practicas-llegan-a-lecinena\\\/#webpage\"},\"isPartOf\":{\"@id\":\"https:\\\/\\\/www.eldigitaldeasturias.com\\\/noticias\\\/los-jueves-de-buenas-practicas-llegan-a-lecinena\\\/#webpage\"},\"articleSection\":\"Actualidad\"},{\"@type\":\"BreadcrumbList\",\"@id\":\"https:\\\/\\\/www.eldigitaldeasturias.com\\\/noticias\\\/los-jueves-de-buenas-practicas-llegan-a-lecinena\\\/#breadcrumblist\",\"itemListElement\":[{\"@type\":\"ListItem\",\"@id\":\"https:\\\/\\\/www.eldigitaldeasturias.com\\\/noticias#listItem\",\"position\":1,\"name\":\"Home\",\"item\":\"https:\\\/\\\/www.eldigitaldeasturias.com\\\/noticias\",\"nextItem\":{\"@type\":\"ListItem\",\"@id\":\"https:\\\/\\\/www.eldigitaldeasturias.com\\\/noticias\\\/category\\\/actualidad\\\/#listItem\",\"name\":\"Actualidad\"}},{\"@type\":\"ListItem\",\"@id\":\"https:\\\/\\\/www.eldigitaldeasturias.com\\\/noticias\\\/category\\\/actualidad\\\/#listItem\",\"position\":2,\"name\":\"Actualidad\",\"item\":\"https:\\\/\\\/www.eldigitaldeasturias.com\\\/noticias\\\/category\\\/actualidad\\\/\",\"nextItem\":{\"@type\":\"ListItem\",\"@id\":\"https:\\\/\\\/www.eldigitaldeasturias.com\\\/noticias\\\/los-jueves-de-buenas-practicas-llegan-a-lecinena\\\/#listItem\",\"name\":\"Los \\u201cJueves de buenas pr\\u00e1cticas\\u201d llegan a Leci\\u00f1ena\"},\"previousItem\":{\"@type\":\"ListItem\",\"@id\":\"https:\\\/\\\/www.eldigitaldeasturias.com\\\/noticias#listItem\",\"name\":\"Home\"}},{\"@type\":\"ListItem\",\"@id\":\"https:\\\/\\\/www.eldigitaldeasturias.com\\\/noticias\\\/los-jueves-de-buenas-practicas-llegan-a-lecinena\\\/#listItem\",\"position\":3,\"name\":\"Los \\u201cJueves de buenas pr\\u00e1cticas\\u201d llegan a Leci\\u00f1ena\",\"previousItem\":{\"@type\":\"ListItem\",\"@id\":\"https:\\\/\\\/www.eldigitaldeasturias.com\\\/noticias\\\/category\\\/actualidad\\\/#listItem\",\"name\":\"Actualidad\"}}]},{\"@type\":\"Organization\",\"@id\":\"https:\\\/\\\/www.eldigitaldeasturias.com\\\/noticias\\\/#organization\",\"name\":\"El Digital de Asturias\",\"description\":\"Hemeroteca\",\"url\":\"https:\\\/\\\/www.eldigitaldeasturias.com\\\/noticias\\\/\",\"email\":\"info@eldigitaldeasturias.com\",\"telephone\":\"+34652131393\",\"logo\":{\"@type\":\"ImageObject\",\"url\":\"https:\\\/\\\/www.eldigitaldeasturias.com\\\/noticias\\\/wp-content\\\/uploads\\\/2020\\\/12\\\/EDA.jpg\",\"@id\":\"https:\\\/\\\/www.eldigitaldeasturias.com\\\/noticias\\\/los-jueves-de-buenas-practicas-llegan-a-lecinena\\\/#organizationLogo\"},\"image\":{\"@id\":\"https:\\\/\\\/www.eldigitaldeasturias.com\\\/noticias\\\/los-jueves-de-buenas-practicas-llegan-a-lecinena\\\/#organizationLogo\"},\"sameAs\":[\"https:\\\/\\\/facebook.com\\\/eldigitaldeasturias\",\"https:\\\/\\\/www.youtube.com\\\/channel\\\/UCZP-2wLEB9Rv6erhFmqVnvg\"],\"address\":{\"@id\":\"https:\\\/\\\/www.eldigitaldeasturias.com\\\/noticias\\\/#postaladdress\",\"@type\":\"PostalAddress\",\"streetAddress\":\"san antonio 4\",\"postalCode\":\"33430\",\"addressLocality\":\"Cand\\u00e1s\",\"addressRegion\":\"Asturias\",\"addressCountry\":\"ES\"}},{\"@type\":\"Person\",\"@id\":\"https:\\\/\\\/www.eldigitaldeasturias.com\\\/noticias\\\/author\\\/admin\\\/#author\",\"url\":\"https:\\\/\\\/www.eldigitaldeasturias.com\\\/noticias\\\/author\\\/admin\\\/\",\"name\":\"El Digital de Asturias\",\"image\":{\"@type\":\"ImageObject\",\"@id\":\"https:\\\/\\\/www.eldigitaldeasturias.com\\\/noticias\\\/los-jueves-de-buenas-practicas-llegan-a-lecinena\\\/#authorImage\",\"url\":\"https:\\\/\\\/secure.gravatar.com\\\/avatar\\\/df2aeffc32bcd13f8d26072ef8a91b623d677766deac7f97ca815868cd41bf5e?s=96&d=mm&r=g\",\"width\":96,\"height\":96,\"caption\":\"El Digital de Asturias\"}},{\"@type\":\"WebPage\",\"@id\":\"https:\\\/\\\/www.eldigitaldeasturias.com\\\/noticias\\\/los-jueves-de-buenas-practicas-llegan-a-lecinena\\\/#webpage\",\"url\":\"https:\\\/\\\/www.eldigitaldeasturias.com\\\/noticias\\\/los-jueves-de-buenas-practicas-llegan-a-lecinena\\\/\",\"name\":\"Los \\u201cJueves de buenas pr\\u00e1cticas\\u201d llegan a Leci\\u00f1ena - El Digital de Asturias\",\"description\":\"La localidad de Leci\\u00f1ena acoger\\u00e1 ma\\u00f1ana 3 de mayo por primera vez la actividad formativa \\u201cJueves de buenas pr\\u00e1cticas\\u201d promovida por el Departamento de Educaci\\u00f3n, Cultura y Deporte del Gobierno de Arag\\u00f3n y organizada por el CIFE Juan de Lanuza. Esta actividad, abierta a toda la comunidad educativa, se celebrar\\u00e1 en el sal\\u00f3n de actos\",\"inLanguage\":\"es-ES\",\"isPartOf\":{\"@id\":\"https:\\\/\\\/www.eldigitaldeasturias.com\\\/noticias\\\/#website\"},\"breadcrumb\":{\"@id\":\"https:\\\/\\\/www.eldigitaldeasturias.com\\\/noticias\\\/los-jueves-de-buenas-practicas-llegan-a-lecinena\\\/#breadcrumblist\"},\"author\":{\"@id\":\"https:\\\/\\\/www.eldigitaldeasturias.com\\\/noticias\\\/author\\\/admin\\\/#author\"},\"creator\":{\"@id\":\"https:\\\/\\\/www.eldigitaldeasturias.com\\\/noticias\\\/author\\\/admin\\\/#author\"},\"image\":{\"@type\":\"ImageObject\",\"url\":978586,\"@id\":\"https:\\\/\\\/www.eldigitaldeasturias.com\\\/noticias\\\/los-jueves-de-buenas-practicas-llegan-a-lecinena\\\/#mainImage\"},\"primaryImageOfPage\":{\"@id\":\"https:\\\/\\\/www.eldigitaldeasturias.com\\\/noticias\\\/los-jueves-de-buenas-practicas-llegan-a-lecinena\\\/#mainImage\"},\"datePublished\":\"2018-05-02T21:29:21+02:00\",\"dateModified\":\"2018-05-02T21:29:21+02:00\"},{\"@type\":\"WebSite\",\"@id\":\"https:\\\/\\\/www.eldigitaldeasturias.com\\\/noticias\\\/#website\",\"url\":\"https:\\\/\\\/www.eldigitaldeasturias.com\\\/noticias\\\/\",\"name\":\"El Digital de Asturias - Diario de actualidad y noticias\",\"alternateName\":\"El Digital de Asturias - Diario de actualidad y noticias\",\"description\":\"Hemeroteca\",\"inLanguage\":\"es-ES\",\"publisher\":{\"@id\":\"https:\\\/\\\/www.eldigitaldeasturias.com\\\/noticias\\\/#organization\"}}]}\n\t\t<\/script>\n\t\t<!-- All in One SEO Pro -->\r\n\t\t<title>Los \u201cJueves de buenas pr\u00e1cticas\u201d llegan a Leci\u00f1ena - El Digital de Asturias<\/title>\n\n","aioseo_head_json":{"title":"Los \u201cJueves de buenas pr\u00e1cticas\u201d llegan a Leci\u00f1ena - El Digital de Asturias","description":"La localidad de Leci\u00f1ena acoger\u00e1 ma\u00f1ana 3 de mayo por primera vez la actividad formativa \u201cJueves de buenas pr\u00e1cticas\u201d promovida por el Departamento de Educaci\u00f3n, Cultura y Deporte del Gobierno de Arag\u00f3n y organizada por el CIFE Juan de Lanuza. Esta actividad, abierta a toda la comunidad educativa, se celebrar\u00e1 en el sal\u00f3n de actos","canonical_url":"https:\/\/www.eldigitaldeasturias.com\/noticias\/los-jueves-de-buenas-practicas-llegan-a-lecinena\/","robots":"max-image-preview:large","keywords":"actualidad","webmasterTools":{"google-site-verification":"UA-38556648-1","msvalidate.01":"7dfe9f3f1b24437ab69f4f2559babe99","miscellaneous":""},"schema":{"@context":"https:\/\/schema.org","@graph":[{"@type":"BlogPosting","@id":"https:\/\/www.eldigitaldeasturias.com\/noticias\/los-jueves-de-buenas-practicas-llegan-a-lecinena\/#blogposting","name":"Los \u201cJueves de buenas pr\u00e1cticas\u201d llegan a Leci\u00f1ena - El Digital de Asturias","headline":"Los \u201cJueves de buenas pr\u00e1cticas\u201d llegan a Leci\u00f1ena","author":{"@id":"https:\/\/www.eldigitaldeasturias.com\/noticias\/author\/admin\/#author"},"publisher":{"@id":"https:\/\/www.eldigitaldeasturias.com\/noticias\/#organization"},"image":{"@type":"ImageObject","url":978586},"datePublished":"2018-05-02T21:29:21+02:00","dateModified":"2018-05-02T21:29:21+02:00","inLanguage":"es-ES","mainEntityOfPage":{"@id":"https:\/\/www.eldigitaldeasturias.com\/noticias\/los-jueves-de-buenas-practicas-llegan-a-lecinena\/#webpage"},"isPartOf":{"@id":"https:\/\/www.eldigitaldeasturias.com\/noticias\/los-jueves-de-buenas-practicas-llegan-a-lecinena\/#webpage"},"articleSection":"Actualidad"},{"@type":"BreadcrumbList","@id":"https:\/\/www.eldigitaldeasturias.com\/noticias\/los-jueves-de-buenas-practicas-llegan-a-lecinena\/#breadcrumblist","itemListElement":[{"@type":"ListItem","@id":"https:\/\/www.eldigitaldeasturias.com\/noticias#listItem","position":1,"name":"Home","item":"https:\/\/www.eldigitaldeasturias.com\/noticias","nextItem":{"@type":"ListItem","@id":"https:\/\/www.eldigitaldeasturias.com\/noticias\/category\/actualidad\/#listItem","name":"Actualidad"}},{"@type":"ListItem","@id":"https:\/\/www.eldigitaldeasturias.com\/noticias\/category\/actualidad\/#listItem","position":2,"name":"Actualidad","item":"https:\/\/www.eldigitaldeasturias.com\/noticias\/category\/actualidad\/","nextItem":{"@type":"ListItem","@id":"https:\/\/www.eldigitaldeasturias.com\/noticias\/los-jueves-de-buenas-practicas-llegan-a-lecinena\/#listItem","name":"Los \u201cJueves de buenas pr\u00e1cticas\u201d llegan a Leci\u00f1ena"},"previousItem":{"@type":"ListItem","@id":"https:\/\/www.eldigitaldeasturias.com\/noticias#listItem","name":"Home"}},{"@type":"ListItem","@id":"https:\/\/www.eldigitaldeasturias.com\/noticias\/los-jueves-de-buenas-practicas-llegan-a-lecinena\/#listItem","position":3,"name":"Los \u201cJueves de buenas pr\u00e1cticas\u201d llegan a Leci\u00f1ena","previousItem":{"@type":"ListItem","@id":"https:\/\/www.eldigitaldeasturias.com\/noticias\/category\/actualidad\/#listItem","name":"Actualidad"}}]},{"@type":"Organization","@id":"https:\/\/www.eldigitaldeasturias.com\/noticias\/#organization","name":"El Digital de Asturias","description":"Hemeroteca","url":"https:\/\/www.eldigitaldeasturias.com\/noticias\/","email":"info@eldigitaldeasturias.com","telephone":"+34652131393","logo":{"@type":"ImageObject","url":"https:\/\/www.eldigitaldeasturias.com\/noticias\/wp-content\/uploads\/2020\/12\/EDA.jpg","@id":"https:\/\/www.eldigitaldeasturias.com\/noticias\/los-jueves-de-buenas-practicas-llegan-a-lecinena\/#organizationLogo"},"image":{"@id":"https:\/\/www.eldigitaldeasturias.com\/noticias\/los-jueves-de-buenas-practicas-llegan-a-lecinena\/#organizationLogo"},"sameAs":["https:\/\/facebook.com\/eldigitaldeasturias","https:\/\/www.youtube.com\/channel\/UCZP-2wLEB9Rv6erhFmqVnvg"],"address":{"@id":"https:\/\/www.eldigitaldeasturias.com\/noticias\/#postaladdress","@type":"PostalAddress","streetAddress":"san antonio 4","postalCode":"33430","addressLocality":"Cand\u00e1s","addressRegion":"Asturias","addressCountry":"ES"}},{"@type":"Person","@id":"https:\/\/www.eldigitaldeasturias.com\/noticias\/author\/admin\/#author","url":"https:\/\/www.eldigitaldeasturias.com\/noticias\/author\/admin\/","name":"El Digital de Asturias","image":{"@type":"ImageObject","@id":"https:\/\/www.eldigitaldeasturias.com\/noticias\/los-jueves-de-buenas-practicas-llegan-a-lecinena\/#authorImage","url":"https:\/\/secure.gravatar.com\/avatar\/df2aeffc32bcd13f8d26072ef8a91b623d677766deac7f97ca815868cd41bf5e?s=96&d=mm&r=g","width":96,"height":96,"caption":"El Digital de Asturias"}},{"@type":"WebPage","@id":"https:\/\/www.eldigitaldeasturias.com\/noticias\/los-jueves-de-buenas-practicas-llegan-a-lecinena\/#webpage","url":"https:\/\/www.eldigitaldeasturias.com\/noticias\/los-jueves-de-buenas-practicas-llegan-a-lecinena\/","name":"Los \u201cJueves de buenas pr\u00e1cticas\u201d llegan a Leci\u00f1ena - El Digital de Asturias","description":"La localidad de Leci\u00f1ena acoger\u00e1 ma\u00f1ana 3 de mayo por primera vez la actividad formativa \u201cJueves de buenas pr\u00e1cticas\u201d promovida por el Departamento de Educaci\u00f3n, Cultura y Deporte del Gobierno de Arag\u00f3n y organizada por el CIFE Juan de Lanuza. Esta actividad, abierta a toda la comunidad educativa, se celebrar\u00e1 en el sal\u00f3n de actos","inLanguage":"es-ES","isPartOf":{"@id":"https:\/\/www.eldigitaldeasturias.com\/noticias\/#website"},"breadcrumb":{"@id":"https:\/\/www.eldigitaldeasturias.com\/noticias\/los-jueves-de-buenas-practicas-llegan-a-lecinena\/#breadcrumblist"},"author":{"@id":"https:\/\/www.eldigitaldeasturias.com\/noticias\/author\/admin\/#author"},"creator":{"@id":"https:\/\/www.eldigitaldeasturias.com\/noticias\/author\/admin\/#author"},"image":{"@type":"ImageObject","url":978586,"@id":"https:\/\/www.eldigitaldeasturias.com\/noticias\/los-jueves-de-buenas-practicas-llegan-a-lecinena\/#mainImage"},"primaryImageOfPage":{"@id":"https:\/\/www.eldigitaldeasturias.com\/noticias\/los-jueves-de-buenas-practicas-llegan-a-lecinena\/#mainImage"},"datePublished":"2018-05-02T21:29:21+02:00","dateModified":"2018-05-02T21:29:21+02:00"},{"@type":"WebSite","@id":"https:\/\/www.eldigitaldeasturias.com\/noticias\/#website","url":"https:\/\/www.eldigitaldeasturias.com\/noticias\/","name":"El Digital de Asturias - Diario de actualidad y noticias","alternateName":"El Digital de Asturias - Diario de actualidad y noticias","description":"Hemeroteca","inLanguage":"es-ES","publisher":{"@id":"https:\/\/www.eldigitaldeasturias.com\/noticias\/#organization"}}]},"og:locale":"es_ES","og:site_name":"El Digital de Asturias","og:type":"article","og:title":"Los \u201cJueves de buenas pr\u00e1cticas\u201d llegan a Leci\u00f1ena - El Digital de Asturias","og:description":"La localidad de Leci\u00f1ena acoger\u00e1 ma\u00f1ana 3 de mayo por primera vez la actividad formativa \u201cJueves de buenas pr\u00e1cticas\u201d promovida por el Departamento de Educaci\u00f3n, Cultura y Deporte del Gobierno de Arag\u00f3n y organizada por el CIFE Juan de Lanuza. Esta actividad, abierta a toda la comunidad educativa, se celebrar\u00e1 en el sal\u00f3n de actos","og:url":"https:\/\/www.eldigitaldeasturias.com\/noticias\/los-jueves-de-buenas-practicas-llegan-a-lecinena\/","article:tag":["actualidad"],"article:published_time":"2018-05-02T21:29:21+00:00","article:modified_time":"2018-05-02T21:29:21+00:00","article:publisher":"https:\/\/facebook.com\/eldigitaldeasturias","twitter:card":"summary_large_image","twitter:title":"Los \u201cJueves de buenas pr\u00e1cticas\u201d llegan a Leci\u00f1ena - El Digital de Asturias","twitter:description":"La localidad de Leci\u00f1ena acoger\u00e1 ma\u00f1ana 3 de mayo por primera vez la actividad formativa \u201cJueves de buenas pr\u00e1cticas\u201d promovida por el Departamento de Educaci\u00f3n, Cultura y Deporte del Gobierno de Arag\u00f3n y organizada por el CIFE Juan de Lanuza. Esta actividad, abierta a toda la comunidad educativa, se celebrar\u00e1 en el sal\u00f3n de actos","twitter:image":"https:\/\/www.eldigitaldeasturias.com\/noticias\/wp-content\/uploads\/2020\/12\/EDA-1.jpg","twitter:label1":"Escrito por","twitter:data1":"El Digital de Asturias","twitter:label2":"Tiempo de lectura estimado","twitter:data2":"2 minutos"},"aioseo_meta_data":{"post_id":"978585","title":null,"description":null,"keywords":null,"keyphrases":null,"primary_term":null,"canonical_url":null,"og_title":null,"og_description":null,"og_object_type":"default","og_image_type":"default","og_image_url":null,"og_image_width":null,"og_image_height":null,"og_image_custom_url":null,"og_image_custom_fields":null,"og_video":null,"og_custom_url":null,"og_article_section":null,"og_article_tags":null,"twitter_use_og":false,"twitter_card":"default","twitter_image_type":"default","twitter_image_url":null,"twitter_image_custom_url":null,"twitter_image_custom_fields":null,"twitter_title":null,"twitter_description":null,"schema":{"blockGraphs":[],"customGraphs":[],"default":{"data":{"Article":[],"Course":[],"Dataset":[],"FAQPage":[],"Movie":[],"Person":[],"Product":[],"ProductReview":[],"Car":[],"Recipe":[],"Service":[],"SoftwareApplication":[],"WebPage":[]},"graphName":"","isEnabled":true},"graphs":[],"defaultGraph":"","defaultPostTypeGraph":""},"schema_type":null,"schema_type_options":null,"pillar_content":false,"robots_default":true,"robots_noindex":false,"robots_noarchive":false,"robots_nosnippet":false,"robots_nofollow":false,"robots_noimageindex":false,"robots_noodp":false,"robots_notranslate":false,"robots_max_snippet":null,"robots_max_videopreview":null,"robots_max_imagepreview":"large","priority":null,"frequency":null,"local_seo":null,"seo_analyzer_scan_date":"2025-10-08 11:22:10","breadcrumb_settings":null,"limit_modified_date":false,"open_ai":null,"ai":null,"created":"2020-12-21 12:01:37","updated":"2025-10-08 11:22:10","focus_keyword":null,"additional_keywords":null,"truseo_locale":null},"aioseo_breadcrumb":"<div class=\"aioseo-breadcrumbs\"><span class=\"aioseo-breadcrumb\">\n\t<a href=\"https:\/\/www.eldigitaldeasturias.com\/noticias\" title=\"Home\">Home<\/a>\n<\/span><span class=\"aioseo-breadcrumb-separator\">\u2013<\/span><span class=\"aioseo-breadcrumb\">\n\t<a href=\"https:\/\/www.eldigitaldeasturias.com\/noticias\/category\/actualidad\/\" title=\"Actualidad\">Actualidad<\/a>\n<\/span><span class=\"aioseo-breadcrumb-separator\">\u2013<\/span><span class=\"aioseo-breadcrumb\">\n\t<a href=\"https:\/\/www.eldigitaldeasturias.com\/noticias\/los-jueves-de-buenas-practicas-llegan-a-lecinena\/\" title=\"Los \u201cJueves de buenas pr\u00e1cticas\u201d llegan a Leci\u00f1ena\">Los \u201cJueves de buenas pr\u00e1cticas\u201d llegan a Leci\u00f1ena<\/a>\n<\/span><\/div>","aioseo_breadcrumb_json":[{"label":"Home","link":"https:\/\/www.eldigitaldeasturias.com\/noticias"},{"label":"Actualidad","link":"https:\/\/www.eldigitaldeasturias.com\/noticias\/category\/actualidad\/"},{"label":"Los \u201cJueves de buenas pr\u00e1cticas\u201d llegan a Leci\u00f1ena","link":"https:\/\/www.eldigitaldeasturias.com\/noticias\/los-jueves-de-buenas-practicas-llegan-a-lecinena\/"}],"_links":{"self":[{"href":"https:\/\/www.eldigitaldeasturias.com\/noticias\/wp-json\/wp\/v2\/posts\/978585","targetHints":{"allow":["GET"]}}],"collection":[{"href":"https:\/\/www.eldigitaldeasturias.com\/noticias\/wp-json\/wp\/v2\/posts"}],"about":[{"href":"https:\/\/www.eldigitaldeasturias.com\/noticias\/wp-json\/wp\/v2\/types\/post"}],"author":[{"embeddable":true,"href":"https:\/\/www.eldigitaldeasturias.com\/noticias\/wp-json\/wp\/v2\/users\/1"}],"replies":[{"embeddable":true,"href":"https:\/\/www.eldigitaldeasturias.com\/noticias\/wp-json\/wp\/v2\/comments?post=978585"}],"version-history":[{"count":0,"href":"https:\/\/www.eldigitaldeasturias.com\/noticias\/wp-json\/wp\/v2\/posts\/978585\/revisions"}],"wp:attachment":[{"href":"https:\/\/www.eldigitaldeasturias.com\/noticias\/wp-json\/wp\/v2\/media?parent=978585"}],"wp:term":[{"taxonomy":"category","embeddable":true,"href":"https:\/\/www.eldigitaldeasturias.com\/noticias\/wp-json\/wp\/v2\/categories?post=978585"},{"taxonomy":"post_tag","embeddable":true,"href":"https:\/\/www.eldigitaldeasturias.com\/noticias\/wp-json\/wp\/v2\/tags?post=978585"}],"curies":[{"name":"wp","href":"https:\/\/api.w.org\/{rel}","templated":true}]}}