{"id":978582,"date":"2018-05-02T21:27:58","date_gmt":"2018-05-02T21:27:58","guid":{"rendered":"http:\/\/www.eldigitaldeasturias.com\/noticias\/?p=978582"},"modified":"2018-05-02T21:27:58","modified_gmt":"2018-05-02T21:27:58","slug":"presentada-la-segunda-ruta-de-aragon-en-la-mochila-paisajes-de-labordeta","status":"publish","type":"post","link":"https:\/\/www.eldigitaldeasturias.com\/noticias\/presentada-la-segunda-ruta-de-aragon-en-la-mochila-paisajes-de-labordeta\/","title":{"rendered":"Presentada la segunda ruta de \u201cArag\u00f3n en la Mochila, Paisajes de Labordeta\u201d"},"content":{"rendered":"<p><img loading=\"lazy\" decoding=\"async\" class=\"alignleft size-medium wp-image-978583\" src=\"https:\/\/www.eldigitaldeasturias.com\/noticias\/wp-content\/uploads\/2018\/05\/Ruta_labordeta_por_Utrillas-360x159.jpeg\" alt=\"\" width=\"360\" height=\"159\" \/>El consejero de Vertebraci\u00f3n del Territorio, Movilidad y Vivienda, Jos\u00e9 Luis Soro, ha presentado en Utrillas la segunda ruta de \u201cArag\u00f3n en la Mochila, Paisajes de Labordeta\u201d. El consejero ha se\u00f1alado que gracias a la iniciativa, \u201cArag\u00f3n en la Mochila, Paisajes de Labordeta\u201d, impulsado por la Fundaci\u00f3n Jos\u00e9 Antonio Labordeta, con la colaboraci\u00f3n del Gobierno de Arag\u00f3n, a trav\u00e9s de la empresa p\u00fablica Turismo de Arag\u00f3n, podremos descubrir y revivir los cuatro paisajes que Labordeta recorri\u00f3 y describi\u00f3 en 1983 en su libro \u201cArag\u00f3n en la mochila\u201d: \u201cZaragoza, plaza a plaza, \u201cPor las tierras del Utrillas\u201d, \u201cRibagorza oriental\u201d y \u201cde Alca\u00f1iz a Rubielos\u201d.<\/p>\n<p>Soro ha destacado que \u201cse trata de una forma muy especial de viajar, porque es la forma que \u00e9l ten\u00eda de entender, vivir y querer Arag\u00f3n, sus paisajes y sus gentes\u201dEl consejero ha se\u00f1alado que \u201ca trav\u00e9s de mapas de cada una de las rutas, completados con la web paisajesdelabordeta.com, se puede encontrar toda la informaci\u00f3n, fotograf\u00edas y curiosidades para revivir, de su mano, las rutas que en su d\u00eda recorri\u00f3 Labordeta, sus vivencias, sus percepciones, esos parajes en los que se deten\u00eda, esos detalles que, a veces, nos pasan desapercibidos\u201d.<\/p>\n<p>Sobre esta ruta en concreto, el consejero ha se\u00f1alado que es \u201cuna ruta que pone en valor el ferrocarril como elemento de vertebraci\u00f3n del territorio, un ferrocarril con vocaci\u00f3n de unir Arag\u00f3n con el Mediterr\u00e1neo, una aspiraci\u00f3n a la que, 35 a\u00f1os despu\u00e9s, no hemos renunciado ni renunciaremos\u201d.<\/p>\n<p>El relato del libro de 1983 que inspira esta ruta \u201ces un texto \u00edntimo y personal, aut\u00e9ntico, un verdadero diario de viaje. Cuando lo lees, oyes la voz de Labordeta; parece que te lo est\u00e1 contando \u00e9l mismo\u201d ha explicado Soro. Y lo ha descrito como \u201cun texto, como el propio Labordeta, cuajado de cr\u00edtica social: a la maldita especulaci\u00f3n de los a\u00f1os sesenta, a la degradaci\u00f3n natural, a la emigraci\u00f3n, a la guerra, al franquismo\u2026\u201d<\/p>\n<p>Esta ruta se ha actualizado en \u201cArag\u00f3n en la Mochila, Paisajes de Labordeta\u201d, y se ha dividido en cinco etapas, siguiendo los pasos de Labordeta: Zaragoza-Belchite; Belchite-Cortes de Arag\u00f3n; Cortes de Arag\u00f3n-Alcaine\/Parque Cultural del R\u00edo Mart\u00edn; Segura de Ba\u00f1os-Cuenca del R\u00edo Mart\u00edn; y Escucha, Montalb\u00e1n, Utrillas.<\/p>\n<p>Por su parte, Juana de Grandes ha destacado que Labordeta recordaba este lugar como un lugar con sabor met\u00e1lico y ha destacado que \u201cson rutas muy personales, que se salen de los entornos tur\u00edsticos y rutas que Labordeta conoc\u00eda muy bien\u201d.<\/p>\n<p>El alcalde de Utrillas ha destacado la necesidad de poner en valor el patrimonio hist\u00f3rico y minero para conocer y visitar la revoluci\u00f3n industrial, algo que ya se puede ver en el Parque de la Miner\u00eda y el Ferrocarril y ha hecho referencia a las ampliaciones de la oferta tur\u00edstica que se muestra con la puesta en marcha de una segunda locomotora.<\/p>\n","protected":false},"excerpt":{"rendered":"<p>El consejero de Vertebraci\u00f3n del Territorio, Movilidad y Vivienda, Jos\u00e9 Luis Soro, ha presentado en Utrillas la segunda ruta de \u201cArag\u00f3n en la Mochila, Paisajes de Labordeta\u201d. El consejero ha se\u00f1alado que gracias a la iniciativa, \u201cArag\u00f3n en la Mochila, Paisajes de Labordeta\u201d, impulsado por la Fundaci\u00f3n Jos\u00e9 Antonio Labordeta, con la colaboraci\u00f3n del Gobierno [&hellip;]<\/p>\n","protected":false},"author":1,"featured_media":978583,"comment_status":"closed","ping_status":"closed","sticky":false,"template":"","format":"standard","meta":{"footnotes":""},"categories":[1],"tags":[],"class_list":["post-978582","post","type-post","status-publish","format-standard","has-post-thumbnail","hentry","category-actualidad"],"aioseo_notices":[],"aioseo_head":"\n\t\t<!-- All in One SEO Pro 5.0.1 - aioseo.com -->\n\t<meta name=\"description\" content=\"El consejero de Vertebraci\u00f3n del Territorio, Movilidad y Vivienda, Jos\u00e9 Luis Soro, ha presentado en Utrillas la segunda ruta de \u201cArag\u00f3n en la Mochila, Paisajes de Labordeta\u201d. El consejero ha se\u00f1alado que gracias a la iniciativa, \u201cArag\u00f3n en la Mochila, Paisajes de Labordeta\u201d, impulsado por la Fundaci\u00f3n Jos\u00e9 Antonio Labordeta, con la colaboraci\u00f3n del Gobierno\" \/>\n\t<meta name=\"robots\" content=\"max-image-preview:large\" \/>\n\t<meta name=\"author\" content=\"El Digital de Asturias\"\/>\n\t<meta name=\"google-site-verification\" content=\"UA-38556648-1\" \/>\n\t<meta name=\"msvalidate.01\" content=\"7dfe9f3f1b24437ab69f4f2559babe99\" \/>\n\t<meta name=\"keywords\" content=\"actualidad\" \/>\n\t<link rel=\"canonical\" href=\"https:\/\/www.eldigitaldeasturias.com\/noticias\/presentada-la-segunda-ruta-de-aragon-en-la-mochila-paisajes-de-labordeta\/\" \/>\n\t<meta name=\"generator\" content=\"All in One SEO Pro (AIOSEO) 5.0.1\" \/>\n\t\t<meta property=\"og:locale\" content=\"es_ES\" \/>\n\t\t<meta property=\"og:site_name\" content=\"El Digital de Asturias\" \/>\n\t\t<meta property=\"og:type\" content=\"article\" \/>\n\t\t<meta property=\"og:title\" content=\"Presentada la segunda ruta de \u201cArag\u00f3n en la Mochila, Paisajes de Labordeta\u201d - El Digital de Asturias\" \/>\n\t\t<meta property=\"og:description\" content=\"El consejero de Vertebraci\u00f3n del Territorio, Movilidad y Vivienda, Jos\u00e9 Luis Soro, ha presentado en Utrillas la segunda ruta de \u201cArag\u00f3n en la Mochila, Paisajes de Labordeta\u201d. El consejero ha se\u00f1alado que gracias a la iniciativa, \u201cArag\u00f3n en la Mochila, Paisajes de Labordeta\u201d, impulsado por la Fundaci\u00f3n Jos\u00e9 Antonio Labordeta, con la colaboraci\u00f3n del Gobierno\" \/>\n\t\t<meta property=\"og:url\" content=\"https:\/\/www.eldigitaldeasturias.com\/noticias\/presentada-la-segunda-ruta-de-aragon-en-la-mochila-paisajes-de-labordeta\/\" \/>\n\t\t<meta property=\"article:tag\" content=\"actualidad\" \/>\n\t\t<meta property=\"article:published_time\" content=\"2018-05-02T21:27:58+00:00\" \/>\n\t\t<meta property=\"article:modified_time\" content=\"2018-05-02T21:27:58+00:00\" \/>\n\t\t<meta property=\"article:publisher\" content=\"https:\/\/facebook.com\/eldigitaldeasturias\" \/>\n\t\t<meta name=\"twitter:card\" content=\"summary_large_image\" \/>\n\t\t<meta name=\"twitter:title\" content=\"Presentada la segunda ruta de \u201cArag\u00f3n en la Mochila, Paisajes de Labordeta\u201d - El Digital de Asturias\" \/>\n\t\t<meta name=\"twitter:description\" content=\"El consejero de Vertebraci\u00f3n del Territorio, Movilidad y Vivienda, Jos\u00e9 Luis Soro, ha presentado en Utrillas la segunda ruta de \u201cArag\u00f3n en la Mochila, Paisajes de Labordeta\u201d. El consejero ha se\u00f1alado que gracias a la iniciativa, \u201cArag\u00f3n en la Mochila, Paisajes de Labordeta\u201d, impulsado por la Fundaci\u00f3n Jos\u00e9 Antonio Labordeta, con la colaboraci\u00f3n del Gobierno\" \/>\n\t\t<meta name=\"twitter:image\" content=\"https:\/\/www.eldigitaldeasturias.com\/noticias\/wp-content\/uploads\/2020\/12\/EDA-1.jpg\" \/>\n\t\t<meta name=\"twitter:label1\" content=\"Escrito por\" \/>\n\t\t<meta name=\"twitter:data1\" content=\"El Digital de Asturias\" \/>\n\t\t<meta name=\"twitter:label2\" content=\"Tiempo de lectura estimado\" \/>\n\t\t<meta name=\"twitter:data2\" content=\"3 minutos\" \/>\n\t\t<script type=\"application\/ld+json\" class=\"aioseo-schema\">\n\t\t\t{\"@context\":\"https:\\\/\\\/schema.org\",\"@graph\":[{\"@type\":\"BlogPosting\",\"@id\":\"https:\\\/\\\/www.eldigitaldeasturias.com\\\/noticias\\\/presentada-la-segunda-ruta-de-aragon-en-la-mochila-paisajes-de-labordeta\\\/#blogposting\",\"name\":\"Presentada la segunda ruta de \\u201cArag\\u00f3n en la Mochila, Paisajes de Labordeta\\u201d - El Digital de Asturias\",\"headline\":\"Presentada la segunda ruta de \\u201cArag\\u00f3n en la Mochila, Paisajes de Labordeta\\u201d\",\"author\":{\"@id\":\"https:\\\/\\\/www.eldigitaldeasturias.com\\\/noticias\\\/author\\\/admin\\\/#author\"},\"publisher\":{\"@id\":\"https:\\\/\\\/www.eldigitaldeasturias.com\\\/noticias\\\/#organization\"},\"image\":{\"@type\":\"ImageObject\",\"url\":978583},\"datePublished\":\"2018-05-02T21:27:58+02:00\",\"dateModified\":\"2018-05-02T21:27:58+02:00\",\"inLanguage\":\"es-ES\",\"mainEntityOfPage\":{\"@id\":\"https:\\\/\\\/www.eldigitaldeasturias.com\\\/noticias\\\/presentada-la-segunda-ruta-de-aragon-en-la-mochila-paisajes-de-labordeta\\\/#webpage\"},\"isPartOf\":{\"@id\":\"https:\\\/\\\/www.eldigitaldeasturias.com\\\/noticias\\\/presentada-la-segunda-ruta-de-aragon-en-la-mochila-paisajes-de-labordeta\\\/#webpage\"},\"articleSection\":\"Actualidad\"},{\"@type\":\"BreadcrumbList\",\"@id\":\"https:\\\/\\\/www.eldigitaldeasturias.com\\\/noticias\\\/presentada-la-segunda-ruta-de-aragon-en-la-mochila-paisajes-de-labordeta\\\/#breadcrumblist\",\"itemListElement\":[{\"@type\":\"ListItem\",\"@id\":\"https:\\\/\\\/www.eldigitaldeasturias.com\\\/noticias#listItem\",\"position\":1,\"name\":\"Home\",\"item\":\"https:\\\/\\\/www.eldigitaldeasturias.com\\\/noticias\",\"nextItem\":{\"@type\":\"ListItem\",\"@id\":\"https:\\\/\\\/www.eldigitaldeasturias.com\\\/noticias\\\/category\\\/actualidad\\\/#listItem\",\"name\":\"Actualidad\"}},{\"@type\":\"ListItem\",\"@id\":\"https:\\\/\\\/www.eldigitaldeasturias.com\\\/noticias\\\/category\\\/actualidad\\\/#listItem\",\"position\":2,\"name\":\"Actualidad\",\"item\":\"https:\\\/\\\/www.eldigitaldeasturias.com\\\/noticias\\\/category\\\/actualidad\\\/\",\"nextItem\":{\"@type\":\"ListItem\",\"@id\":\"https:\\\/\\\/www.eldigitaldeasturias.com\\\/noticias\\\/presentada-la-segunda-ruta-de-aragon-en-la-mochila-paisajes-de-labordeta\\\/#listItem\",\"name\":\"Presentada la segunda ruta de \\u201cArag\\u00f3n en la Mochila, Paisajes de Labordeta\\u201d\"},\"previousItem\":{\"@type\":\"ListItem\",\"@id\":\"https:\\\/\\\/www.eldigitaldeasturias.com\\\/noticias#listItem\",\"name\":\"Home\"}},{\"@type\":\"ListItem\",\"@id\":\"https:\\\/\\\/www.eldigitaldeasturias.com\\\/noticias\\\/presentada-la-segunda-ruta-de-aragon-en-la-mochila-paisajes-de-labordeta\\\/#listItem\",\"position\":3,\"name\":\"Presentada la segunda ruta de \\u201cArag\\u00f3n en la Mochila, Paisajes de Labordeta\\u201d\",\"previousItem\":{\"@type\":\"ListItem\",\"@id\":\"https:\\\/\\\/www.eldigitaldeasturias.com\\\/noticias\\\/category\\\/actualidad\\\/#listItem\",\"name\":\"Actualidad\"}}]},{\"@type\":\"Organization\",\"@id\":\"https:\\\/\\\/www.eldigitaldeasturias.com\\\/noticias\\\/#organization\",\"name\":\"El Digital de Asturias\",\"description\":\"Hemeroteca\",\"url\":\"https:\\\/\\\/www.eldigitaldeasturias.com\\\/noticias\\\/\",\"email\":\"info@eldigitaldeasturias.com\",\"telephone\":\"+34652131393\",\"logo\":{\"@type\":\"ImageObject\",\"url\":\"https:\\\/\\\/www.eldigitaldeasturias.com\\\/noticias\\\/wp-content\\\/uploads\\\/2020\\\/12\\\/EDA.jpg\",\"@id\":\"https:\\\/\\\/www.eldigitaldeasturias.com\\\/noticias\\\/presentada-la-segunda-ruta-de-aragon-en-la-mochila-paisajes-de-labordeta\\\/#organizationLogo\"},\"image\":{\"@id\":\"https:\\\/\\\/www.eldigitaldeasturias.com\\\/noticias\\\/presentada-la-segunda-ruta-de-aragon-en-la-mochila-paisajes-de-labordeta\\\/#organizationLogo\"},\"sameAs\":[\"https:\\\/\\\/facebook.com\\\/eldigitaldeasturias\",\"https:\\\/\\\/www.youtube.com\\\/channel\\\/UCZP-2wLEB9Rv6erhFmqVnvg\"],\"address\":{\"@id\":\"https:\\\/\\\/www.eldigitaldeasturias.com\\\/noticias\\\/#postaladdress\",\"@type\":\"PostalAddress\",\"streetAddress\":\"san antonio 4\",\"postalCode\":\"33430\",\"addressLocality\":\"Cand\\u00e1s\",\"addressRegion\":\"Asturias\",\"addressCountry\":\"ES\"}},{\"@type\":\"Person\",\"@id\":\"https:\\\/\\\/www.eldigitaldeasturias.com\\\/noticias\\\/author\\\/admin\\\/#author\",\"url\":\"https:\\\/\\\/www.eldigitaldeasturias.com\\\/noticias\\\/author\\\/admin\\\/\",\"name\":\"El Digital de Asturias\",\"image\":{\"@type\":\"ImageObject\",\"@id\":\"https:\\\/\\\/www.eldigitaldeasturias.com\\\/noticias\\\/presentada-la-segunda-ruta-de-aragon-en-la-mochila-paisajes-de-labordeta\\\/#authorImage\",\"url\":\"https:\\\/\\\/secure.gravatar.com\\\/avatar\\\/df2aeffc32bcd13f8d26072ef8a91b623d677766deac7f97ca815868cd41bf5e?s=96&d=mm&r=g\",\"width\":96,\"height\":96,\"caption\":\"El Digital de Asturias\"}},{\"@type\":\"WebPage\",\"@id\":\"https:\\\/\\\/www.eldigitaldeasturias.com\\\/noticias\\\/presentada-la-segunda-ruta-de-aragon-en-la-mochila-paisajes-de-labordeta\\\/#webpage\",\"url\":\"https:\\\/\\\/www.eldigitaldeasturias.com\\\/noticias\\\/presentada-la-segunda-ruta-de-aragon-en-la-mochila-paisajes-de-labordeta\\\/\",\"name\":\"Presentada la segunda ruta de \\u201cArag\\u00f3n en la Mochila, Paisajes de Labordeta\\u201d - El Digital de Asturias\",\"description\":\"El consejero de Vertebraci\\u00f3n del Territorio, Movilidad y Vivienda, Jos\\u00e9 Luis Soro, ha presentado en Utrillas la segunda ruta de \\u201cArag\\u00f3n en la Mochila, Paisajes de Labordeta\\u201d. El consejero ha se\\u00f1alado que gracias a la iniciativa, \\u201cArag\\u00f3n en la Mochila, Paisajes de Labordeta\\u201d, impulsado por la Fundaci\\u00f3n Jos\\u00e9 Antonio Labordeta, con la colaboraci\\u00f3n del Gobierno\",\"inLanguage\":\"es-ES\",\"isPartOf\":{\"@id\":\"https:\\\/\\\/www.eldigitaldeasturias.com\\\/noticias\\\/#website\"},\"breadcrumb\":{\"@id\":\"https:\\\/\\\/www.eldigitaldeasturias.com\\\/noticias\\\/presentada-la-segunda-ruta-de-aragon-en-la-mochila-paisajes-de-labordeta\\\/#breadcrumblist\"},\"author\":{\"@id\":\"https:\\\/\\\/www.eldigitaldeasturias.com\\\/noticias\\\/author\\\/admin\\\/#author\"},\"creator\":{\"@id\":\"https:\\\/\\\/www.eldigitaldeasturias.com\\\/noticias\\\/author\\\/admin\\\/#author\"},\"image\":{\"@type\":\"ImageObject\",\"url\":978583,\"@id\":\"https:\\\/\\\/www.eldigitaldeasturias.com\\\/noticias\\\/presentada-la-segunda-ruta-de-aragon-en-la-mochila-paisajes-de-labordeta\\\/#mainImage\"},\"primaryImageOfPage\":{\"@id\":\"https:\\\/\\\/www.eldigitaldeasturias.com\\\/noticias\\\/presentada-la-segunda-ruta-de-aragon-en-la-mochila-paisajes-de-labordeta\\\/#mainImage\"},\"datePublished\":\"2018-05-02T21:27:58+02:00\",\"dateModified\":\"2018-05-02T21:27:58+02:00\"},{\"@type\":\"WebSite\",\"@id\":\"https:\\\/\\\/www.eldigitaldeasturias.com\\\/noticias\\\/#website\",\"url\":\"https:\\\/\\\/www.eldigitaldeasturias.com\\\/noticias\\\/\",\"name\":\"El Digital de Asturias - Diario de actualidad y noticias\",\"alternateName\":\"El Digital de Asturias - Diario de actualidad y noticias\",\"description\":\"Hemeroteca\",\"inLanguage\":\"es-ES\",\"publisher\":{\"@id\":\"https:\\\/\\\/www.eldigitaldeasturias.com\\\/noticias\\\/#organization\"}}]}\n\t\t<\/script>\n\t\t<!-- All in One SEO Pro -->\r\n\t\t<title>Presentada la segunda ruta de \u201cArag\u00f3n en la Mochila, Paisajes de Labordeta\u201d - El Digital de Asturias<\/title>\n\n","aioseo_head_json":{"title":"Presentada la segunda ruta de \u201cArag\u00f3n en la Mochila, Paisajes de Labordeta\u201d - El Digital de Asturias","description":"El consejero de Vertebraci\u00f3n del Territorio, Movilidad y Vivienda, Jos\u00e9 Luis Soro, ha presentado en Utrillas la segunda ruta de \u201cArag\u00f3n en la Mochila, Paisajes de Labordeta\u201d. El consejero ha se\u00f1alado que gracias a la iniciativa, \u201cArag\u00f3n en la Mochila, Paisajes de Labordeta\u201d, impulsado por la Fundaci\u00f3n Jos\u00e9 Antonio Labordeta, con la colaboraci\u00f3n del Gobierno","canonical_url":"https:\/\/www.eldigitaldeasturias.com\/noticias\/presentada-la-segunda-ruta-de-aragon-en-la-mochila-paisajes-de-labordeta\/","robots":"max-image-preview:large","keywords":"actualidad","webmasterTools":{"google-site-verification":"UA-38556648-1","msvalidate.01":"7dfe9f3f1b24437ab69f4f2559babe99","miscellaneous":""},"schema":{"@context":"https:\/\/schema.org","@graph":[{"@type":"BlogPosting","@id":"https:\/\/www.eldigitaldeasturias.com\/noticias\/presentada-la-segunda-ruta-de-aragon-en-la-mochila-paisajes-de-labordeta\/#blogposting","name":"Presentada la segunda ruta de \u201cArag\u00f3n en la Mochila, Paisajes de Labordeta\u201d - El Digital de Asturias","headline":"Presentada la segunda ruta de \u201cArag\u00f3n en la Mochila, Paisajes de Labordeta\u201d","author":{"@id":"https:\/\/www.eldigitaldeasturias.com\/noticias\/author\/admin\/#author"},"publisher":{"@id":"https:\/\/www.eldigitaldeasturias.com\/noticias\/#organization"},"image":{"@type":"ImageObject","url":978583},"datePublished":"2018-05-02T21:27:58+02:00","dateModified":"2018-05-02T21:27:58+02:00","inLanguage":"es-ES","mainEntityOfPage":{"@id":"https:\/\/www.eldigitaldeasturias.com\/noticias\/presentada-la-segunda-ruta-de-aragon-en-la-mochila-paisajes-de-labordeta\/#webpage"},"isPartOf":{"@id":"https:\/\/www.eldigitaldeasturias.com\/noticias\/presentada-la-segunda-ruta-de-aragon-en-la-mochila-paisajes-de-labordeta\/#webpage"},"articleSection":"Actualidad"},{"@type":"BreadcrumbList","@id":"https:\/\/www.eldigitaldeasturias.com\/noticias\/presentada-la-segunda-ruta-de-aragon-en-la-mochila-paisajes-de-labordeta\/#breadcrumblist","itemListElement":[{"@type":"ListItem","@id":"https:\/\/www.eldigitaldeasturias.com\/noticias#listItem","position":1,"name":"Home","item":"https:\/\/www.eldigitaldeasturias.com\/noticias","nextItem":{"@type":"ListItem","@id":"https:\/\/www.eldigitaldeasturias.com\/noticias\/category\/actualidad\/#listItem","name":"Actualidad"}},{"@type":"ListItem","@id":"https:\/\/www.eldigitaldeasturias.com\/noticias\/category\/actualidad\/#listItem","position":2,"name":"Actualidad","item":"https:\/\/www.eldigitaldeasturias.com\/noticias\/category\/actualidad\/","nextItem":{"@type":"ListItem","@id":"https:\/\/www.eldigitaldeasturias.com\/noticias\/presentada-la-segunda-ruta-de-aragon-en-la-mochila-paisajes-de-labordeta\/#listItem","name":"Presentada la segunda ruta de \u201cArag\u00f3n en la Mochila, Paisajes de Labordeta\u201d"},"previousItem":{"@type":"ListItem","@id":"https:\/\/www.eldigitaldeasturias.com\/noticias#listItem","name":"Home"}},{"@type":"ListItem","@id":"https:\/\/www.eldigitaldeasturias.com\/noticias\/presentada-la-segunda-ruta-de-aragon-en-la-mochila-paisajes-de-labordeta\/#listItem","position":3,"name":"Presentada la segunda ruta de \u201cArag\u00f3n en la Mochila, Paisajes de Labordeta\u201d","previousItem":{"@type":"ListItem","@id":"https:\/\/www.eldigitaldeasturias.com\/noticias\/category\/actualidad\/#listItem","name":"Actualidad"}}]},{"@type":"Organization","@id":"https:\/\/www.eldigitaldeasturias.com\/noticias\/#organization","name":"El Digital de Asturias","description":"Hemeroteca","url":"https:\/\/www.eldigitaldeasturias.com\/noticias\/","email":"info@eldigitaldeasturias.com","telephone":"+34652131393","logo":{"@type":"ImageObject","url":"https:\/\/www.eldigitaldeasturias.com\/noticias\/wp-content\/uploads\/2020\/12\/EDA.jpg","@id":"https:\/\/www.eldigitaldeasturias.com\/noticias\/presentada-la-segunda-ruta-de-aragon-en-la-mochila-paisajes-de-labordeta\/#organizationLogo"},"image":{"@id":"https:\/\/www.eldigitaldeasturias.com\/noticias\/presentada-la-segunda-ruta-de-aragon-en-la-mochila-paisajes-de-labordeta\/#organizationLogo"},"sameAs":["https:\/\/facebook.com\/eldigitaldeasturias","https:\/\/www.youtube.com\/channel\/UCZP-2wLEB9Rv6erhFmqVnvg"],"address":{"@id":"https:\/\/www.eldigitaldeasturias.com\/noticias\/#postaladdress","@type":"PostalAddress","streetAddress":"san antonio 4","postalCode":"33430","addressLocality":"Cand\u00e1s","addressRegion":"Asturias","addressCountry":"ES"}},{"@type":"Person","@id":"https:\/\/www.eldigitaldeasturias.com\/noticias\/author\/admin\/#author","url":"https:\/\/www.eldigitaldeasturias.com\/noticias\/author\/admin\/","name":"El Digital de Asturias","image":{"@type":"ImageObject","@id":"https:\/\/www.eldigitaldeasturias.com\/noticias\/presentada-la-segunda-ruta-de-aragon-en-la-mochila-paisajes-de-labordeta\/#authorImage","url":"https:\/\/secure.gravatar.com\/avatar\/df2aeffc32bcd13f8d26072ef8a91b623d677766deac7f97ca815868cd41bf5e?s=96&d=mm&r=g","width":96,"height":96,"caption":"El Digital de Asturias"}},{"@type":"WebPage","@id":"https:\/\/www.eldigitaldeasturias.com\/noticias\/presentada-la-segunda-ruta-de-aragon-en-la-mochila-paisajes-de-labordeta\/#webpage","url":"https:\/\/www.eldigitaldeasturias.com\/noticias\/presentada-la-segunda-ruta-de-aragon-en-la-mochila-paisajes-de-labordeta\/","name":"Presentada la segunda ruta de \u201cArag\u00f3n en la Mochila, Paisajes de Labordeta\u201d - El Digital de Asturias","description":"El consejero de Vertebraci\u00f3n del Territorio, Movilidad y Vivienda, Jos\u00e9 Luis Soro, ha presentado en Utrillas la segunda ruta de \u201cArag\u00f3n en la Mochila, Paisajes de Labordeta\u201d. El consejero ha se\u00f1alado que gracias a la iniciativa, \u201cArag\u00f3n en la Mochila, Paisajes de Labordeta\u201d, impulsado por la Fundaci\u00f3n Jos\u00e9 Antonio Labordeta, con la colaboraci\u00f3n del Gobierno","inLanguage":"es-ES","isPartOf":{"@id":"https:\/\/www.eldigitaldeasturias.com\/noticias\/#website"},"breadcrumb":{"@id":"https:\/\/www.eldigitaldeasturias.com\/noticias\/presentada-la-segunda-ruta-de-aragon-en-la-mochila-paisajes-de-labordeta\/#breadcrumblist"},"author":{"@id":"https:\/\/www.eldigitaldeasturias.com\/noticias\/author\/admin\/#author"},"creator":{"@id":"https:\/\/www.eldigitaldeasturias.com\/noticias\/author\/admin\/#author"},"image":{"@type":"ImageObject","url":978583,"@id":"https:\/\/www.eldigitaldeasturias.com\/noticias\/presentada-la-segunda-ruta-de-aragon-en-la-mochila-paisajes-de-labordeta\/#mainImage"},"primaryImageOfPage":{"@id":"https:\/\/www.eldigitaldeasturias.com\/noticias\/presentada-la-segunda-ruta-de-aragon-en-la-mochila-paisajes-de-labordeta\/#mainImage"},"datePublished":"2018-05-02T21:27:58+02:00","dateModified":"2018-05-02T21:27:58+02:00"},{"@type":"WebSite","@id":"https:\/\/www.eldigitaldeasturias.com\/noticias\/#website","url":"https:\/\/www.eldigitaldeasturias.com\/noticias\/","name":"El Digital de Asturias - Diario de actualidad y noticias","alternateName":"El Digital de Asturias - Diario de actualidad y noticias","description":"Hemeroteca","inLanguage":"es-ES","publisher":{"@id":"https:\/\/www.eldigitaldeasturias.com\/noticias\/#organization"}}]},"og:locale":"es_ES","og:site_name":"El Digital de Asturias","og:type":"article","og:title":"Presentada la segunda ruta de \u201cArag\u00f3n en la Mochila, Paisajes de Labordeta\u201d - El Digital de Asturias","og:description":"El consejero de Vertebraci\u00f3n del Territorio, Movilidad y Vivienda, Jos\u00e9 Luis Soro, ha presentado en Utrillas la segunda ruta de \u201cArag\u00f3n en la Mochila, Paisajes de Labordeta\u201d. El consejero ha se\u00f1alado que gracias a la iniciativa, \u201cArag\u00f3n en la Mochila, Paisajes de Labordeta\u201d, impulsado por la Fundaci\u00f3n Jos\u00e9 Antonio Labordeta, con la colaboraci\u00f3n del Gobierno","og:url":"https:\/\/www.eldigitaldeasturias.com\/noticias\/presentada-la-segunda-ruta-de-aragon-en-la-mochila-paisajes-de-labordeta\/","article:tag":["actualidad"],"article:published_time":"2018-05-02T21:27:58+00:00","article:modified_time":"2018-05-02T21:27:58+00:00","article:publisher":"https:\/\/facebook.com\/eldigitaldeasturias","twitter:card":"summary_large_image","twitter:title":"Presentada la segunda ruta de \u201cArag\u00f3n en la Mochila, Paisajes de Labordeta\u201d - El Digital de Asturias","twitter:description":"El consejero de Vertebraci\u00f3n del Territorio, Movilidad y Vivienda, Jos\u00e9 Luis Soro, ha presentado en Utrillas la segunda ruta de \u201cArag\u00f3n en la Mochila, Paisajes de Labordeta\u201d. El consejero ha se\u00f1alado que gracias a la iniciativa, \u201cArag\u00f3n en la Mochila, Paisajes de Labordeta\u201d, impulsado por la Fundaci\u00f3n Jos\u00e9 Antonio Labordeta, con la colaboraci\u00f3n del Gobierno","twitter:image":"https:\/\/www.eldigitaldeasturias.com\/noticias\/wp-content\/uploads\/2020\/12\/EDA-1.jpg","twitter:label1":"Escrito por","twitter:data1":"El Digital de Asturias","twitter:label2":"Tiempo de lectura estimado","twitter:data2":"3 minutos"},"aioseo_meta_data":{"post_id":"978582","title":null,"description":null,"keywords":null,"keyphrases":null,"primary_term":null,"canonical_url":null,"og_title":null,"og_description":null,"og_object_type":"default","og_image_type":"default","og_image_url":null,"og_image_width":null,"og_image_height":null,"og_image_custom_url":null,"og_image_custom_fields":null,"og_video":null,"og_custom_url":null,"og_article_section":null,"og_article_tags":null,"twitter_use_og":false,"twitter_card":"default","twitter_image_type":"default","twitter_image_url":null,"twitter_image_custom_url":null,"twitter_image_custom_fields":null,"twitter_title":null,"twitter_description":null,"schema":{"blockGraphs":[],"customGraphs":[],"default":{"data":{"Article":[],"Course":[],"Dataset":[],"FAQPage":[],"Movie":[],"Person":[],"Product":[],"ProductReview":[],"Car":[],"Recipe":[],"Service":[],"SoftwareApplication":[],"WebPage":[]},"graphName":"","isEnabled":true},"graphs":[],"defaultGraph":"","defaultPostTypeGraph":""},"schema_type":null,"schema_type_options":null,"pillar_content":false,"robots_default":true,"robots_noindex":false,"robots_noarchive":false,"robots_nosnippet":false,"robots_nofollow":false,"robots_noimageindex":false,"robots_noodp":false,"robots_notranslate":false,"robots_max_snippet":null,"robots_max_videopreview":null,"robots_max_imagepreview":"large","priority":null,"frequency":null,"local_seo":null,"seo_analyzer_scan_date":"2025-10-08 11:22:08","breadcrumb_settings":null,"limit_modified_date":false,"open_ai":null,"ai":null,"created":"2020-12-21 12:01:37","updated":"2025-10-08 11:22:08","focus_keyword":null,"additional_keywords":null,"truseo_locale":null},"aioseo_breadcrumb":"<div class=\"aioseo-breadcrumbs\"><span class=\"aioseo-breadcrumb\">\n\t<a href=\"https:\/\/www.eldigitaldeasturias.com\/noticias\" title=\"Home\">Home<\/a>\n<\/span><span class=\"aioseo-breadcrumb-separator\">\u2013<\/span><span class=\"aioseo-breadcrumb\">\n\t<a href=\"https:\/\/www.eldigitaldeasturias.com\/noticias\/category\/actualidad\/\" title=\"Actualidad\">Actualidad<\/a>\n<\/span><span class=\"aioseo-breadcrumb-separator\">\u2013<\/span><span class=\"aioseo-breadcrumb\">\n\t<a href=\"https:\/\/www.eldigitaldeasturias.com\/noticias\/presentada-la-segunda-ruta-de-aragon-en-la-mochila-paisajes-de-labordeta\/\" title=\"Presentada la segunda ruta de \u201cArag\u00f3n en la Mochila, Paisajes de Labordeta\u201d\">Presentada la segunda ruta de \u201cArag\u00f3n en la Mochila, Paisajes de Labordeta\u201d<\/a>\n<\/span><\/div>","aioseo_breadcrumb_json":[{"label":"Home","link":"https:\/\/www.eldigitaldeasturias.com\/noticias"},{"label":"Actualidad","link":"https:\/\/www.eldigitaldeasturias.com\/noticias\/category\/actualidad\/"},{"label":"Presentada la segunda ruta de \u201cArag\u00f3n en la Mochila, Paisajes de Labordeta\u201d","link":"https:\/\/www.eldigitaldeasturias.com\/noticias\/presentada-la-segunda-ruta-de-aragon-en-la-mochila-paisajes-de-labordeta\/"}],"_links":{"self":[{"href":"https:\/\/www.eldigitaldeasturias.com\/noticias\/wp-json\/wp\/v2\/posts\/978582","targetHints":{"allow":["GET"]}}],"collection":[{"href":"https:\/\/www.eldigitaldeasturias.com\/noticias\/wp-json\/wp\/v2\/posts"}],"about":[{"href":"https:\/\/www.eldigitaldeasturias.com\/noticias\/wp-json\/wp\/v2\/types\/post"}],"author":[{"embeddable":true,"href":"https:\/\/www.eldigitaldeasturias.com\/noticias\/wp-json\/wp\/v2\/users\/1"}],"replies":[{"embeddable":true,"href":"https:\/\/www.eldigitaldeasturias.com\/noticias\/wp-json\/wp\/v2\/comments?post=978582"}],"version-history":[{"count":0,"href":"https:\/\/www.eldigitaldeasturias.com\/noticias\/wp-json\/wp\/v2\/posts\/978582\/revisions"}],"wp:attachment":[{"href":"https:\/\/www.eldigitaldeasturias.com\/noticias\/wp-json\/wp\/v2\/media?parent=978582"}],"wp:term":[{"taxonomy":"category","embeddable":true,"href":"https:\/\/www.eldigitaldeasturias.com\/noticias\/wp-json\/wp\/v2\/categories?post=978582"},{"taxonomy":"post_tag","embeddable":true,"href":"https:\/\/www.eldigitaldeasturias.com\/noticias\/wp-json\/wp\/v2\/tags?post=978582"}],"curies":[{"name":"wp","href":"https:\/\/api.w.org\/{rel}","templated":true}]}}