{"id":978534,"date":"2018-05-02T16:14:19","date_gmt":"2018-05-02T16:14:19","guid":{"rendered":"http:\/\/www.eldigitaldeasturias.com\/noticias\/?p=978534"},"modified":"2018-05-02T16:14:19","modified_gmt":"2018-05-02T16:14:19","slug":"nace-el-laboratorio-aragon-gobierno-abierto","status":"publish","type":"post","link":"https:\/\/www.eldigitaldeasturias.com\/noticias\/nace-el-laboratorio-aragon-gobierno-abierto\/","title":{"rendered":"Nace el Laboratorio Arag\u00f3n Gobierno Abierto"},"content":{"rendered":"<p><img loading=\"lazy\" decoding=\"async\" class=\"alignleft size-medium wp-image-978535\" src=\"https:\/\/www.eldigitaldeasturias.com\/noticias\/wp-content\/uploads\/2018\/05\/1_7404645a-360x243.jpg\" alt=\"\" width=\"360\" height=\"243\" \/>Fomentar la participaci\u00f3n ciudadana en el dise\u00f1o de pol\u00edticas p\u00fablicas. Este es el gran objetivo que persigue el Laboratorio Arag\u00f3n Gobierno Abierto (LAAAB), un proyecto de innovaci\u00f3n democr\u00e1tica que hoy han presentado la consejera de Ciudadan\u00eda y Derechos Sociales, Mar\u00eda Victoria Broto, y el director general de Participaci\u00f3n Ciudadana, Transparencia, Cooperaci\u00f3n y Voluntariado, Ra\u00fal Oliv\u00e1n.<\/p>\n<p>El LAAAB (evoluci\u00f3n de Arag\u00f3n Participa) no solo promover\u00e1 la participaci\u00f3n sino que servir\u00e1 de zona de pruebas de nuevas metodolog\u00edas y t\u00e9cnicas que mejoren el debate y la deliberaci\u00f3n, tanto de forma on-line como en talleres de dinamizaci\u00f3n presenciales. Todo con el objetivo de incrementar y mejorar la involucraci\u00f3n de los ciudadanos en los asuntos p\u00fablicos.<\/p>\n<p>Mar\u00eda Victoria Broto se ha mostrado \u201cmuy satisfecha\u201d de que una vez m\u00e1s \u201cel Gobierno de Arag\u00f3n apueste por la participaci\u00f3n y la transparencia, poniendo a disposici\u00f3n de los ciudadanos unas herramientas modernas y muy meditadas\u201d, ha dicho. Este proyecto, ha a\u00f1adido, \u201cva a suponer un antes y un despu\u00e9s para el Gobierno de Arag\u00f3n y para la ciudadan\u00eda en general\u201d.<\/p>\n<p>Ha reconocido que ya no sirven las herramientas utilizadas hasta ahora en materia de participaci\u00f3n y, por ello, con este nuevo proyecto se sigue \u201cuna l\u00ednea moderna, innovadora, que da respuesta a la ciudadan\u00eda con una metodolog\u00eda diferente\u201d. Con el LAAAB, ha concluido, todo el mundo tendr\u00e1 capacidad para aportar y para preguntar\u201d.<\/p>\n<p><strong>Objetivos<\/strong><\/p>\n<p>Acercar las instituciones a los ciudadanos es el primero de los objetivos de este proyecto, tejiendo relaciones sim\u00e9tricas y transparentes que restituyan la confianza en la democracia. El LAAAB tambi\u00e9n permitir\u00e1 abrir m\u00e1s las instituciones a la sociedad, potenciando espacios de confluencia en donde los aragoneses y administraciones podr\u00e1n cooperar en la resoluci\u00f3n de sus desaf\u00edos comunes.<\/p>\n<p>Explorar, investigar y experimentar nuevos modelos de acci\u00f3n p\u00fablica, especialmente en materia de participaci\u00f3n, es el tercer objetivo de este proyecto que ahora se pone en marcha.<\/p>\n<p>El proyecto se concretar\u00e1 en una nueva metodolog\u00eda para los procesos participativos con cinco fases (mapeo de actores, diagn\u00f3stico, ideaci\u00f3n, implementaci\u00f3n y testeo); un Espacio LAAAB (donde tendr\u00e1n lugar los talleres) y la Red Social Arag\u00f3n Gobierno Abierto, una red social que permitir\u00e1 desarrollar procesos participativos a trav\u00e9s de nuevas herramientas de interacci\u00f3n on-line.<\/p>\n<p>El LAAAB tambi\u00e9n contar\u00e1, a partir de hoy, con un blog que servir\u00e1 de espacio de pensamiento en la red donde expertos, tecn\u00f3logos, juristas y periodistas, entre otros, reflexionar\u00e1n sobre siete \u00e1mbitos diferentes: participaci\u00f3n y derecho a decidir, transparencia y derecho a saber, \u2018tecnopol\u00edtica\u2019, comunicaci\u00f3n clara, metodolog\u00edas para la inteligencia colectiva, aprendizaje y educaci\u00f3n expandida y comunidad, redes y mapas.<\/p>\n<p>A todo ello se sumar\u00e1 un ecosistema de programas que ir\u00e1n m\u00e1s all\u00e1 de los procesos participativos propiamente dichos (cumbre ciudadana, atlas de iniciativas vecinales, escuela de participaci\u00f3n, plataforma de participaci\u00f3n para entidades locales\u2026).<\/p>\n<p>El LAAAB se encuadra dentro de la estrategia que la Direcci\u00f3n General de Participaci\u00f3n Ciudadana, Transparencia, Cooperaci\u00f3n y Voluntariado est\u00e1 llevando a cabo, una parte fundamental de la estrategia del Gobierno de Arag\u00f3n de transici\u00f3n a la sociedad de la informaci\u00f3n y el conocimiento, la modernizaci\u00f3n de los servicios p\u00fablicos, rendici\u00f3n de cuentas y administraci\u00f3n electr\u00f3nica.<\/p>\n","protected":false},"excerpt":{"rendered":"<p>Fomentar la participaci\u00f3n ciudadana en el dise\u00f1o de pol\u00edticas p\u00fablicas. Este es el gran objetivo que persigue el Laboratorio Arag\u00f3n Gobierno Abierto (LAAAB), un proyecto de innovaci\u00f3n democr\u00e1tica que hoy han presentado la consejera de Ciudadan\u00eda y Derechos Sociales, Mar\u00eda Victoria Broto, y el director general de Participaci\u00f3n Ciudadana, Transparencia, Cooperaci\u00f3n y Voluntariado, Ra\u00fal Oliv\u00e1n. [&hellip;]<\/p>\n","protected":false},"author":1,"featured_media":978536,"comment_status":"closed","ping_status":"closed","sticky":false,"template":"","format":"standard","meta":{"footnotes":""},"categories":[1],"tags":[],"class_list":["post-978534","post","type-post","status-publish","format-standard","has-post-thumbnail","hentry","category-actualidad"],"aioseo_notices":[],"aioseo_head":"\n\t\t<!-- All in One SEO Pro 5.0.1 - aioseo.com -->\n\t<meta name=\"description\" content=\"Fomentar la participaci\u00f3n ciudadana en el dise\u00f1o de pol\u00edticas p\u00fablicas. Este es el gran objetivo que persigue el Laboratorio Arag\u00f3n Gobierno Abierto (LAAAB), un proyecto de innovaci\u00f3n democr\u00e1tica que hoy han presentado la consejera de Ciudadan\u00eda y Derechos Sociales, Mar\u00eda Victoria Broto, y el director general de Participaci\u00f3n Ciudadana, Transparencia, Cooperaci\u00f3n y Voluntariado, Ra\u00fal Oliv\u00e1n.\" \/>\n\t<meta name=\"robots\" content=\"max-image-preview:large\" \/>\n\t<meta name=\"author\" content=\"El Digital de Asturias\"\/>\n\t<meta name=\"google-site-verification\" content=\"UA-38556648-1\" \/>\n\t<meta name=\"msvalidate.01\" content=\"7dfe9f3f1b24437ab69f4f2559babe99\" \/>\n\t<meta name=\"keywords\" content=\"actualidad\" \/>\n\t<link rel=\"canonical\" href=\"https:\/\/www.eldigitaldeasturias.com\/noticias\/nace-el-laboratorio-aragon-gobierno-abierto\/\" \/>\n\t<meta name=\"generator\" content=\"All in One SEO Pro (AIOSEO) 5.0.1\" \/>\n\t\t<meta property=\"og:locale\" content=\"es_ES\" \/>\n\t\t<meta property=\"og:site_name\" content=\"El Digital de Asturias\" \/>\n\t\t<meta property=\"og:type\" content=\"article\" \/>\n\t\t<meta property=\"og:title\" content=\"Nace el Laboratorio Arag\u00f3n Gobierno Abierto - El Digital de Asturias\" \/>\n\t\t<meta property=\"og:description\" content=\"Fomentar la participaci\u00f3n ciudadana en el dise\u00f1o de pol\u00edticas p\u00fablicas. Este es el gran objetivo que persigue el Laboratorio Arag\u00f3n Gobierno Abierto (LAAAB), un proyecto de innovaci\u00f3n democr\u00e1tica que hoy han presentado la consejera de Ciudadan\u00eda y Derechos Sociales, Mar\u00eda Victoria Broto, y el director general de Participaci\u00f3n Ciudadana, Transparencia, Cooperaci\u00f3n y Voluntariado, Ra\u00fal Oliv\u00e1n.\" \/>\n\t\t<meta property=\"og:url\" content=\"https:\/\/www.eldigitaldeasturias.com\/noticias\/nace-el-laboratorio-aragon-gobierno-abierto\/\" \/>\n\t\t<meta property=\"article:tag\" content=\"actualidad\" \/>\n\t\t<meta property=\"article:published_time\" content=\"2018-05-02T16:14:19+00:00\" \/>\n\t\t<meta property=\"article:modified_time\" content=\"2018-05-02T16:14:19+00:00\" \/>\n\t\t<meta property=\"article:publisher\" content=\"https:\/\/facebook.com\/eldigitaldeasturias\" \/>\n\t\t<meta name=\"twitter:card\" content=\"summary_large_image\" \/>\n\t\t<meta name=\"twitter:title\" content=\"Nace el Laboratorio Arag\u00f3n Gobierno Abierto - El Digital de Asturias\" \/>\n\t\t<meta name=\"twitter:description\" content=\"Fomentar la participaci\u00f3n ciudadana en el dise\u00f1o de pol\u00edticas p\u00fablicas. Este es el gran objetivo que persigue el Laboratorio Arag\u00f3n Gobierno Abierto (LAAAB), un proyecto de innovaci\u00f3n democr\u00e1tica que hoy han presentado la consejera de Ciudadan\u00eda y Derechos Sociales, Mar\u00eda Victoria Broto, y el director general de Participaci\u00f3n Ciudadana, Transparencia, Cooperaci\u00f3n y Voluntariado, Ra\u00fal Oliv\u00e1n.\" \/>\n\t\t<meta name=\"twitter:image\" content=\"https:\/\/www.eldigitaldeasturias.com\/noticias\/wp-content\/uploads\/2020\/12\/EDA-1.jpg\" \/>\n\t\t<meta name=\"twitter:label1\" content=\"Escrito por\" \/>\n\t\t<meta name=\"twitter:data1\" content=\"El Digital de Asturias\" \/>\n\t\t<meta name=\"twitter:label2\" content=\"Tiempo de lectura estimado\" \/>\n\t\t<meta name=\"twitter:data2\" content=\"3 minutos\" \/>\n\t\t<script type=\"application\/ld+json\" class=\"aioseo-schema\">\n\t\t\t{\"@context\":\"https:\\\/\\\/schema.org\",\"@graph\":[{\"@type\":\"BlogPosting\",\"@id\":\"https:\\\/\\\/www.eldigitaldeasturias.com\\\/noticias\\\/nace-el-laboratorio-aragon-gobierno-abierto\\\/#blogposting\",\"name\":\"Nace el Laboratorio Arag\\u00f3n Gobierno Abierto - El Digital de Asturias\",\"headline\":\"Nace el Laboratorio Arag\\u00f3n Gobierno Abierto\",\"author\":{\"@id\":\"https:\\\/\\\/www.eldigitaldeasturias.com\\\/noticias\\\/author\\\/admin\\\/#author\"},\"publisher\":{\"@id\":\"https:\\\/\\\/www.eldigitaldeasturias.com\\\/noticias\\\/#organization\"},\"image\":{\"@type\":\"ImageObject\",\"url\":978536},\"datePublished\":\"2018-05-02T16:14:19+02:00\",\"dateModified\":\"2018-05-02T16:14:19+02:00\",\"inLanguage\":\"es-ES\",\"mainEntityOfPage\":{\"@id\":\"https:\\\/\\\/www.eldigitaldeasturias.com\\\/noticias\\\/nace-el-laboratorio-aragon-gobierno-abierto\\\/#webpage\"},\"isPartOf\":{\"@id\":\"https:\\\/\\\/www.eldigitaldeasturias.com\\\/noticias\\\/nace-el-laboratorio-aragon-gobierno-abierto\\\/#webpage\"},\"articleSection\":\"Actualidad\"},{\"@type\":\"BreadcrumbList\",\"@id\":\"https:\\\/\\\/www.eldigitaldeasturias.com\\\/noticias\\\/nace-el-laboratorio-aragon-gobierno-abierto\\\/#breadcrumblist\",\"itemListElement\":[{\"@type\":\"ListItem\",\"@id\":\"https:\\\/\\\/www.eldigitaldeasturias.com\\\/noticias#listItem\",\"position\":1,\"name\":\"Home\",\"item\":\"https:\\\/\\\/www.eldigitaldeasturias.com\\\/noticias\",\"nextItem\":{\"@type\":\"ListItem\",\"@id\":\"https:\\\/\\\/www.eldigitaldeasturias.com\\\/noticias\\\/category\\\/actualidad\\\/#listItem\",\"name\":\"Actualidad\"}},{\"@type\":\"ListItem\",\"@id\":\"https:\\\/\\\/www.eldigitaldeasturias.com\\\/noticias\\\/category\\\/actualidad\\\/#listItem\",\"position\":2,\"name\":\"Actualidad\",\"item\":\"https:\\\/\\\/www.eldigitaldeasturias.com\\\/noticias\\\/category\\\/actualidad\\\/\",\"nextItem\":{\"@type\":\"ListItem\",\"@id\":\"https:\\\/\\\/www.eldigitaldeasturias.com\\\/noticias\\\/nace-el-laboratorio-aragon-gobierno-abierto\\\/#listItem\",\"name\":\"Nace el Laboratorio Arag\\u00f3n Gobierno Abierto\"},\"previousItem\":{\"@type\":\"ListItem\",\"@id\":\"https:\\\/\\\/www.eldigitaldeasturias.com\\\/noticias#listItem\",\"name\":\"Home\"}},{\"@type\":\"ListItem\",\"@id\":\"https:\\\/\\\/www.eldigitaldeasturias.com\\\/noticias\\\/nace-el-laboratorio-aragon-gobierno-abierto\\\/#listItem\",\"position\":3,\"name\":\"Nace el Laboratorio Arag\\u00f3n Gobierno Abierto\",\"previousItem\":{\"@type\":\"ListItem\",\"@id\":\"https:\\\/\\\/www.eldigitaldeasturias.com\\\/noticias\\\/category\\\/actualidad\\\/#listItem\",\"name\":\"Actualidad\"}}]},{\"@type\":\"Organization\",\"@id\":\"https:\\\/\\\/www.eldigitaldeasturias.com\\\/noticias\\\/#organization\",\"name\":\"El Digital de Asturias\",\"description\":\"Hemeroteca\",\"url\":\"https:\\\/\\\/www.eldigitaldeasturias.com\\\/noticias\\\/\",\"email\":\"info@eldigitaldeasturias.com\",\"telephone\":\"+34652131393\",\"logo\":{\"@type\":\"ImageObject\",\"url\":\"https:\\\/\\\/www.eldigitaldeasturias.com\\\/noticias\\\/wp-content\\\/uploads\\\/2020\\\/12\\\/EDA.jpg\",\"@id\":\"https:\\\/\\\/www.eldigitaldeasturias.com\\\/noticias\\\/nace-el-laboratorio-aragon-gobierno-abierto\\\/#organizationLogo\"},\"image\":{\"@id\":\"https:\\\/\\\/www.eldigitaldeasturias.com\\\/noticias\\\/nace-el-laboratorio-aragon-gobierno-abierto\\\/#organizationLogo\"},\"sameAs\":[\"https:\\\/\\\/facebook.com\\\/eldigitaldeasturias\",\"https:\\\/\\\/www.youtube.com\\\/channel\\\/UCZP-2wLEB9Rv6erhFmqVnvg\"],\"address\":{\"@id\":\"https:\\\/\\\/www.eldigitaldeasturias.com\\\/noticias\\\/#postaladdress\",\"@type\":\"PostalAddress\",\"streetAddress\":\"san antonio 4\",\"postalCode\":\"33430\",\"addressLocality\":\"Cand\\u00e1s\",\"addressRegion\":\"Asturias\",\"addressCountry\":\"ES\"}},{\"@type\":\"Person\",\"@id\":\"https:\\\/\\\/www.eldigitaldeasturias.com\\\/noticias\\\/author\\\/admin\\\/#author\",\"url\":\"https:\\\/\\\/www.eldigitaldeasturias.com\\\/noticias\\\/author\\\/admin\\\/\",\"name\":\"El Digital de Asturias\",\"image\":{\"@type\":\"ImageObject\",\"@id\":\"https:\\\/\\\/www.eldigitaldeasturias.com\\\/noticias\\\/nace-el-laboratorio-aragon-gobierno-abierto\\\/#authorImage\",\"url\":\"https:\\\/\\\/secure.gravatar.com\\\/avatar\\\/df2aeffc32bcd13f8d26072ef8a91b623d677766deac7f97ca815868cd41bf5e?s=96&d=mm&r=g\",\"width\":96,\"height\":96,\"caption\":\"El Digital de Asturias\"}},{\"@type\":\"WebPage\",\"@id\":\"https:\\\/\\\/www.eldigitaldeasturias.com\\\/noticias\\\/nace-el-laboratorio-aragon-gobierno-abierto\\\/#webpage\",\"url\":\"https:\\\/\\\/www.eldigitaldeasturias.com\\\/noticias\\\/nace-el-laboratorio-aragon-gobierno-abierto\\\/\",\"name\":\"Nace el Laboratorio Arag\\u00f3n Gobierno Abierto - El Digital de Asturias\",\"description\":\"Fomentar la participaci\\u00f3n ciudadana en el dise\\u00f1o de pol\\u00edticas p\\u00fablicas. Este es el gran objetivo que persigue el Laboratorio Arag\\u00f3n Gobierno Abierto (LAAAB), un proyecto de innovaci\\u00f3n democr\\u00e1tica que hoy han presentado la consejera de Ciudadan\\u00eda y Derechos Sociales, Mar\\u00eda Victoria Broto, y el director general de Participaci\\u00f3n Ciudadana, Transparencia, Cooperaci\\u00f3n y Voluntariado, Ra\\u00fal Oliv\\u00e1n.\",\"inLanguage\":\"es-ES\",\"isPartOf\":{\"@id\":\"https:\\\/\\\/www.eldigitaldeasturias.com\\\/noticias\\\/#website\"},\"breadcrumb\":{\"@id\":\"https:\\\/\\\/www.eldigitaldeasturias.com\\\/noticias\\\/nace-el-laboratorio-aragon-gobierno-abierto\\\/#breadcrumblist\"},\"author\":{\"@id\":\"https:\\\/\\\/www.eldigitaldeasturias.com\\\/noticias\\\/author\\\/admin\\\/#author\"},\"creator\":{\"@id\":\"https:\\\/\\\/www.eldigitaldeasturias.com\\\/noticias\\\/author\\\/admin\\\/#author\"},\"image\":{\"@type\":\"ImageObject\",\"url\":978536,\"@id\":\"https:\\\/\\\/www.eldigitaldeasturias.com\\\/noticias\\\/nace-el-laboratorio-aragon-gobierno-abierto\\\/#mainImage\"},\"primaryImageOfPage\":{\"@id\":\"https:\\\/\\\/www.eldigitaldeasturias.com\\\/noticias\\\/nace-el-laboratorio-aragon-gobierno-abierto\\\/#mainImage\"},\"datePublished\":\"2018-05-02T16:14:19+02:00\",\"dateModified\":\"2018-05-02T16:14:19+02:00\"},{\"@type\":\"WebSite\",\"@id\":\"https:\\\/\\\/www.eldigitaldeasturias.com\\\/noticias\\\/#website\",\"url\":\"https:\\\/\\\/www.eldigitaldeasturias.com\\\/noticias\\\/\",\"name\":\"El Digital de Asturias - Diario de actualidad y noticias\",\"alternateName\":\"El Digital de Asturias - Diario de actualidad y noticias\",\"description\":\"Hemeroteca\",\"inLanguage\":\"es-ES\",\"publisher\":{\"@id\":\"https:\\\/\\\/www.eldigitaldeasturias.com\\\/noticias\\\/#organization\"}}]}\n\t\t<\/script>\n\t\t<!-- All in One SEO Pro -->\r\n\t\t<title>Nace el Laboratorio Arag\u00f3n Gobierno Abierto - El Digital de Asturias<\/title>\n\n","aioseo_head_json":{"title":"Nace el Laboratorio Arag\u00f3n Gobierno Abierto - El Digital de Asturias","description":"Fomentar la participaci\u00f3n ciudadana en el dise\u00f1o de pol\u00edticas p\u00fablicas. Este es el gran objetivo que persigue el Laboratorio Arag\u00f3n Gobierno Abierto (LAAAB), un proyecto de innovaci\u00f3n democr\u00e1tica que hoy han presentado la consejera de Ciudadan\u00eda y Derechos Sociales, Mar\u00eda Victoria Broto, y el director general de Participaci\u00f3n Ciudadana, Transparencia, Cooperaci\u00f3n y Voluntariado, Ra\u00fal Oliv\u00e1n.","canonical_url":"https:\/\/www.eldigitaldeasturias.com\/noticias\/nace-el-laboratorio-aragon-gobierno-abierto\/","robots":"max-image-preview:large","keywords":"actualidad","webmasterTools":{"google-site-verification":"UA-38556648-1","msvalidate.01":"7dfe9f3f1b24437ab69f4f2559babe99","miscellaneous":""},"schema":{"@context":"https:\/\/schema.org","@graph":[{"@type":"BlogPosting","@id":"https:\/\/www.eldigitaldeasturias.com\/noticias\/nace-el-laboratorio-aragon-gobierno-abierto\/#blogposting","name":"Nace el Laboratorio Arag\u00f3n Gobierno Abierto - El Digital de Asturias","headline":"Nace el Laboratorio Arag\u00f3n Gobierno Abierto","author":{"@id":"https:\/\/www.eldigitaldeasturias.com\/noticias\/author\/admin\/#author"},"publisher":{"@id":"https:\/\/www.eldigitaldeasturias.com\/noticias\/#organization"},"image":{"@type":"ImageObject","url":978536},"datePublished":"2018-05-02T16:14:19+02:00","dateModified":"2018-05-02T16:14:19+02:00","inLanguage":"es-ES","mainEntityOfPage":{"@id":"https:\/\/www.eldigitaldeasturias.com\/noticias\/nace-el-laboratorio-aragon-gobierno-abierto\/#webpage"},"isPartOf":{"@id":"https:\/\/www.eldigitaldeasturias.com\/noticias\/nace-el-laboratorio-aragon-gobierno-abierto\/#webpage"},"articleSection":"Actualidad"},{"@type":"BreadcrumbList","@id":"https:\/\/www.eldigitaldeasturias.com\/noticias\/nace-el-laboratorio-aragon-gobierno-abierto\/#breadcrumblist","itemListElement":[{"@type":"ListItem","@id":"https:\/\/www.eldigitaldeasturias.com\/noticias#listItem","position":1,"name":"Home","item":"https:\/\/www.eldigitaldeasturias.com\/noticias","nextItem":{"@type":"ListItem","@id":"https:\/\/www.eldigitaldeasturias.com\/noticias\/category\/actualidad\/#listItem","name":"Actualidad"}},{"@type":"ListItem","@id":"https:\/\/www.eldigitaldeasturias.com\/noticias\/category\/actualidad\/#listItem","position":2,"name":"Actualidad","item":"https:\/\/www.eldigitaldeasturias.com\/noticias\/category\/actualidad\/","nextItem":{"@type":"ListItem","@id":"https:\/\/www.eldigitaldeasturias.com\/noticias\/nace-el-laboratorio-aragon-gobierno-abierto\/#listItem","name":"Nace el Laboratorio Arag\u00f3n Gobierno Abierto"},"previousItem":{"@type":"ListItem","@id":"https:\/\/www.eldigitaldeasturias.com\/noticias#listItem","name":"Home"}},{"@type":"ListItem","@id":"https:\/\/www.eldigitaldeasturias.com\/noticias\/nace-el-laboratorio-aragon-gobierno-abierto\/#listItem","position":3,"name":"Nace el Laboratorio Arag\u00f3n Gobierno Abierto","previousItem":{"@type":"ListItem","@id":"https:\/\/www.eldigitaldeasturias.com\/noticias\/category\/actualidad\/#listItem","name":"Actualidad"}}]},{"@type":"Organization","@id":"https:\/\/www.eldigitaldeasturias.com\/noticias\/#organization","name":"El Digital de Asturias","description":"Hemeroteca","url":"https:\/\/www.eldigitaldeasturias.com\/noticias\/","email":"info@eldigitaldeasturias.com","telephone":"+34652131393","logo":{"@type":"ImageObject","url":"https:\/\/www.eldigitaldeasturias.com\/noticias\/wp-content\/uploads\/2020\/12\/EDA.jpg","@id":"https:\/\/www.eldigitaldeasturias.com\/noticias\/nace-el-laboratorio-aragon-gobierno-abierto\/#organizationLogo"},"image":{"@id":"https:\/\/www.eldigitaldeasturias.com\/noticias\/nace-el-laboratorio-aragon-gobierno-abierto\/#organizationLogo"},"sameAs":["https:\/\/facebook.com\/eldigitaldeasturias","https:\/\/www.youtube.com\/channel\/UCZP-2wLEB9Rv6erhFmqVnvg"],"address":{"@id":"https:\/\/www.eldigitaldeasturias.com\/noticias\/#postaladdress","@type":"PostalAddress","streetAddress":"san antonio 4","postalCode":"33430","addressLocality":"Cand\u00e1s","addressRegion":"Asturias","addressCountry":"ES"}},{"@type":"Person","@id":"https:\/\/www.eldigitaldeasturias.com\/noticias\/author\/admin\/#author","url":"https:\/\/www.eldigitaldeasturias.com\/noticias\/author\/admin\/","name":"El Digital de Asturias","image":{"@type":"ImageObject","@id":"https:\/\/www.eldigitaldeasturias.com\/noticias\/nace-el-laboratorio-aragon-gobierno-abierto\/#authorImage","url":"https:\/\/secure.gravatar.com\/avatar\/df2aeffc32bcd13f8d26072ef8a91b623d677766deac7f97ca815868cd41bf5e?s=96&d=mm&r=g","width":96,"height":96,"caption":"El Digital de Asturias"}},{"@type":"WebPage","@id":"https:\/\/www.eldigitaldeasturias.com\/noticias\/nace-el-laboratorio-aragon-gobierno-abierto\/#webpage","url":"https:\/\/www.eldigitaldeasturias.com\/noticias\/nace-el-laboratorio-aragon-gobierno-abierto\/","name":"Nace el Laboratorio Arag\u00f3n Gobierno Abierto - El Digital de Asturias","description":"Fomentar la participaci\u00f3n ciudadana en el dise\u00f1o de pol\u00edticas p\u00fablicas. Este es el gran objetivo que persigue el Laboratorio Arag\u00f3n Gobierno Abierto (LAAAB), un proyecto de innovaci\u00f3n democr\u00e1tica que hoy han presentado la consejera de Ciudadan\u00eda y Derechos Sociales, Mar\u00eda Victoria Broto, y el director general de Participaci\u00f3n Ciudadana, Transparencia, Cooperaci\u00f3n y Voluntariado, Ra\u00fal Oliv\u00e1n.","inLanguage":"es-ES","isPartOf":{"@id":"https:\/\/www.eldigitaldeasturias.com\/noticias\/#website"},"breadcrumb":{"@id":"https:\/\/www.eldigitaldeasturias.com\/noticias\/nace-el-laboratorio-aragon-gobierno-abierto\/#breadcrumblist"},"author":{"@id":"https:\/\/www.eldigitaldeasturias.com\/noticias\/author\/admin\/#author"},"creator":{"@id":"https:\/\/www.eldigitaldeasturias.com\/noticias\/author\/admin\/#author"},"image":{"@type":"ImageObject","url":978536,"@id":"https:\/\/www.eldigitaldeasturias.com\/noticias\/nace-el-laboratorio-aragon-gobierno-abierto\/#mainImage"},"primaryImageOfPage":{"@id":"https:\/\/www.eldigitaldeasturias.com\/noticias\/nace-el-laboratorio-aragon-gobierno-abierto\/#mainImage"},"datePublished":"2018-05-02T16:14:19+02:00","dateModified":"2018-05-02T16:14:19+02:00"},{"@type":"WebSite","@id":"https:\/\/www.eldigitaldeasturias.com\/noticias\/#website","url":"https:\/\/www.eldigitaldeasturias.com\/noticias\/","name":"El Digital de Asturias - Diario de actualidad y noticias","alternateName":"El Digital de Asturias - Diario de actualidad y noticias","description":"Hemeroteca","inLanguage":"es-ES","publisher":{"@id":"https:\/\/www.eldigitaldeasturias.com\/noticias\/#organization"}}]},"og:locale":"es_ES","og:site_name":"El Digital de Asturias","og:type":"article","og:title":"Nace el Laboratorio Arag\u00f3n Gobierno Abierto - El Digital de Asturias","og:description":"Fomentar la participaci\u00f3n ciudadana en el dise\u00f1o de pol\u00edticas p\u00fablicas. Este es el gran objetivo que persigue el Laboratorio Arag\u00f3n Gobierno Abierto (LAAAB), un proyecto de innovaci\u00f3n democr\u00e1tica que hoy han presentado la consejera de Ciudadan\u00eda y Derechos Sociales, Mar\u00eda Victoria Broto, y el director general de Participaci\u00f3n Ciudadana, Transparencia, Cooperaci\u00f3n y Voluntariado, Ra\u00fal Oliv\u00e1n.","og:url":"https:\/\/www.eldigitaldeasturias.com\/noticias\/nace-el-laboratorio-aragon-gobierno-abierto\/","article:tag":["actualidad"],"article:published_time":"2018-05-02T16:14:19+00:00","article:modified_time":"2018-05-02T16:14:19+00:00","article:publisher":"https:\/\/facebook.com\/eldigitaldeasturias","twitter:card":"summary_large_image","twitter:title":"Nace el Laboratorio Arag\u00f3n Gobierno Abierto - El Digital de Asturias","twitter:description":"Fomentar la participaci\u00f3n ciudadana en el dise\u00f1o de pol\u00edticas p\u00fablicas. Este es el gran objetivo que persigue el Laboratorio Arag\u00f3n Gobierno Abierto (LAAAB), un proyecto de innovaci\u00f3n democr\u00e1tica que hoy han presentado la consejera de Ciudadan\u00eda y Derechos Sociales, Mar\u00eda Victoria Broto, y el director general de Participaci\u00f3n Ciudadana, Transparencia, Cooperaci\u00f3n y Voluntariado, Ra\u00fal Oliv\u00e1n.","twitter:image":"https:\/\/www.eldigitaldeasturias.com\/noticias\/wp-content\/uploads\/2020\/12\/EDA-1.jpg","twitter:label1":"Escrito por","twitter:data1":"El Digital de Asturias","twitter:label2":"Tiempo de lectura estimado","twitter:data2":"3 minutos"},"aioseo_meta_data":{"post_id":"978534","title":null,"description":null,"keywords":null,"keyphrases":null,"primary_term":null,"canonical_url":null,"og_title":null,"og_description":null,"og_object_type":"default","og_image_type":"default","og_image_url":null,"og_image_width":null,"og_image_height":null,"og_image_custom_url":null,"og_image_custom_fields":null,"og_video":null,"og_custom_url":null,"og_article_section":null,"og_article_tags":null,"twitter_use_og":false,"twitter_card":"default","twitter_image_type":"default","twitter_image_url":null,"twitter_image_custom_url":null,"twitter_image_custom_fields":null,"twitter_title":null,"twitter_description":null,"schema":{"blockGraphs":[],"customGraphs":[],"default":{"data":{"Article":[],"Course":[],"Dataset":[],"FAQPage":[],"Movie":[],"Person":[],"Product":[],"ProductReview":[],"Car":[],"Recipe":[],"Service":[],"SoftwareApplication":[],"WebPage":[]},"graphName":"","isEnabled":true},"graphs":[],"defaultGraph":"","defaultPostTypeGraph":""},"schema_type":null,"schema_type_options":null,"pillar_content":false,"robots_default":true,"robots_noindex":false,"robots_noarchive":false,"robots_nosnippet":false,"robots_nofollow":false,"robots_noimageindex":false,"robots_noodp":false,"robots_notranslate":false,"robots_max_snippet":null,"robots_max_videopreview":null,"robots_max_imagepreview":"large","priority":null,"frequency":null,"local_seo":null,"seo_analyzer_scan_date":"2025-10-08 11:12:12","breadcrumb_settings":null,"limit_modified_date":false,"open_ai":null,"ai":null,"created":"2020-12-21 12:02:37","updated":"2025-10-08 11:12:13","focus_keyword":null,"additional_keywords":null,"truseo_locale":null},"aioseo_breadcrumb":"<div class=\"aioseo-breadcrumbs\"><span class=\"aioseo-breadcrumb\">\n\t<a href=\"https:\/\/www.eldigitaldeasturias.com\/noticias\" title=\"Home\">Home<\/a>\n<\/span><span class=\"aioseo-breadcrumb-separator\">\u2013<\/span><span class=\"aioseo-breadcrumb\">\n\t<a href=\"https:\/\/www.eldigitaldeasturias.com\/noticias\/category\/actualidad\/\" title=\"Actualidad\">Actualidad<\/a>\n<\/span><span class=\"aioseo-breadcrumb-separator\">\u2013<\/span><span class=\"aioseo-breadcrumb\">\n\t<a href=\"https:\/\/www.eldigitaldeasturias.com\/noticias\/nace-el-laboratorio-aragon-gobierno-abierto\/\" title=\"Nace el Laboratorio Arag\u00f3n Gobierno Abierto\">Nace el Laboratorio Arag\u00f3n Gobierno Abierto<\/a>\n<\/span><\/div>","aioseo_breadcrumb_json":[{"label":"Home","link":"https:\/\/www.eldigitaldeasturias.com\/noticias"},{"label":"Actualidad","link":"https:\/\/www.eldigitaldeasturias.com\/noticias\/category\/actualidad\/"},{"label":"Nace el Laboratorio Arag\u00f3n Gobierno Abierto","link":"https:\/\/www.eldigitaldeasturias.com\/noticias\/nace-el-laboratorio-aragon-gobierno-abierto\/"}],"_links":{"self":[{"href":"https:\/\/www.eldigitaldeasturias.com\/noticias\/wp-json\/wp\/v2\/posts\/978534","targetHints":{"allow":["GET"]}}],"collection":[{"href":"https:\/\/www.eldigitaldeasturias.com\/noticias\/wp-json\/wp\/v2\/posts"}],"about":[{"href":"https:\/\/www.eldigitaldeasturias.com\/noticias\/wp-json\/wp\/v2\/types\/post"}],"author":[{"embeddable":true,"href":"https:\/\/www.eldigitaldeasturias.com\/noticias\/wp-json\/wp\/v2\/users\/1"}],"replies":[{"embeddable":true,"href":"https:\/\/www.eldigitaldeasturias.com\/noticias\/wp-json\/wp\/v2\/comments?post=978534"}],"version-history":[{"count":0,"href":"https:\/\/www.eldigitaldeasturias.com\/noticias\/wp-json\/wp\/v2\/posts\/978534\/revisions"}],"wp:attachment":[{"href":"https:\/\/www.eldigitaldeasturias.com\/noticias\/wp-json\/wp\/v2\/media?parent=978534"}],"wp:term":[{"taxonomy":"category","embeddable":true,"href":"https:\/\/www.eldigitaldeasturias.com\/noticias\/wp-json\/wp\/v2\/categories?post=978534"},{"taxonomy":"post_tag","embeddable":true,"href":"https:\/\/www.eldigitaldeasturias.com\/noticias\/wp-json\/wp\/v2\/tags?post=978534"}],"curies":[{"name":"wp","href":"https:\/\/api.w.org\/{rel}","templated":true}]}}