{"id":978524,"date":"2018-05-02T14:52:02","date_gmt":"2018-05-02T14:52:02","guid":{"rendered":"http:\/\/www.eldigitaldeasturias.com\/noticias\/?p=978524"},"modified":"2018-05-02T14:52:02","modified_gmt":"2018-05-02T14:52:02","slug":"joaquin-olona-los-agricultores-estan-gravemente-amenazados-y-con-ello-nuestro-mundo-rural","status":"publish","type":"post","link":"https:\/\/www.eldigitaldeasturias.com\/noticias\/joaquin-olona-los-agricultores-estan-gravemente-amenazados-y-con-ello-nuestro-mundo-rural\/","title":{"rendered":"Joaqu\u00edn Olona: \u201cLos agricultores est\u00e1n gravemente amenazados y con ello nuestro mundo rural\u201d"},"content":{"rendered":"<p><img loading=\"lazy\" decoding=\"async\" class=\"alignleft size-medium wp-image-978525\" src=\"https:\/\/www.eldigitaldeasturias.com\/noticias\/wp-content\/uploads\/2018\/05\/20160618_173850-360x159.jpg\" alt=\"\" width=\"360\" height=\"159\" \/>El pasado 26 de abril, se filtr\u00f3 un borrador sobre la propuesta de Reglamento sobre la nueva PAC en el que trabaja la Comisi\u00f3n Europea. El borrador, si bien favorece algunos de los planteamientos que hacemos desde el Gobierno de Arag\u00f3n, sorprende por la ausencia de cambios de calado, lo que \u201cnos sit\u00faa de nuevo ante el riesgo de una Reforma tan in\u00fatil como la anterior\u201d, considera el consejero de Desarrollo Rural y Sostenibilidad, Joaqu\u00edn Olona.<\/p>\n<p>Para Olona han fracasado hasta el momento todas las definiciones del supuesto agricultor sobre el que concentrar las ayudas de forma prioritaria y ahora la Comisi\u00f3n Europea insiste con una nueva figura: la del \u201cagricultor genuino\u201d. En realidad, el borrador no lo define sino que dice que \u201cdeber\u00e1 definirse para garantizar que no se conceda ayuda a quienes su actividad agr\u00edcola sea una parte insignificante de su actividad econ\u00f3mica general o cuya actividad comercial principal no sea agr\u00edcola, sin excluir de la ayuda a los agricultores a tiempo parcial\u201d. A\u00f1ade que \u201clos estados miembros definir\u00e1n qu\u00e9 agricultores no se consideran genuinos en funci\u00f3n de condiciones tales como justificantes de ingresos, mano de obra contratada en la explotaci\u00f3n, finalidad de la empresa y\/o inclusi\u00f3n en registros\u201d. En este sentido, el consejero valora que se introduzca la consideraci\u00f3n del peso de la actividad agraria en relaci\u00f3n con la actividad total del beneficiario en l\u00ednea con lo propuesto desde el Gobierno de Arag\u00f3n, si bien considera que \u201cnos encontramos ante un concepto que es lo suficiente ambiguo para que, a los efectos pr\u00e1cticos, resulte tan in\u00fatil o m\u00e1s como la de agricultor activo\u201d.<\/p>\n<p>El borrador deja libertad a los Estados miembros para mantener o eliminar los sistemas de derechos de pago b\u00e1sico, lo que \u201cpermite mantener la asignaci\u00f3n de derechos y de sus importes en base a derechos hist\u00f3ricos\u201d, considera el consejero y lo que es m\u00e1s importante \u201cimpide la necesaria redistribuci\u00f3n de la ayuda en favor de los m\u00e1s j\u00f3venes y profesionales, as\u00ed como de quienes m\u00e1s dependen de la actividad agraria o se sit\u00faan en zonas con menor potencial productivo\u201d.<\/p>\n<p>Las ayudas directas desacopladas mantienen el modelo actualmente vigente basado en el pago por \u201chect\u00e1reas admisibles\u201d. Todo ello con independencia de que, en l\u00ednea con lo propuesto desde el Gobierno de Arag\u00f3n y en el marco de los planes de apoyo estatales abiertos a su establecimiento a escala regional, podr\u00edan ser m\u00e1s coherentes con las pol\u00edticas agrarias auton\u00f3micas mediante el Apoyo a los Ingresos B\u00e1sicos para la Sostenibilidad (BISS), el Apoyo a los Ingresos Redistributivos Complementarios para la Sostenibilidad (CRISS), el Apoyo de Ingresos Complementarios para J\u00f3venes Agricultores (CIS-YF) o el Esquema Voluntario para el clima y el medio ambiente (Echo-scheme).<\/p>\n<p><strong>Las ayudas acopladas mantienen pr\u00e1cticamente la misma estructura actual<\/strong><\/p>\n<p>La posibilidad de financiar el pago a los \u201cpeque\u00f1os agricultores\u201d con fondos propios abre la puerta a la cofinanciaci\u00f3n nacional de los pagos directos manteniendo, adem\u00e1s, las complicaciones administrativas actualmente existentes.<\/p>\n<p>Si bien, establece un l\u00edmite m\u00e1ximo absoluto de ayuda (capping) teniendo en cuenta la remuneraci\u00f3n del trabajo aplicado en la explotaci\u00f3n, da la posibilidad de limitarlo individualmente lo que -con independencia del riesgo de fraccionamiento de explotaciones- puede llevar a que, como ya ha ocurrido con la figura de agricultor activo, no tenga efectos pr\u00e1cticos o sean muy limitados. Por otro lado, Olona considera que la cifra establecida para el l\u00edmite m\u00e1ximo absoluto (60.000 \u20ac) resulta un tanto arbitraria y, a pesar de tener en cuenta la remuneraci\u00f3n del trabajo, \u201cno garantiza una compensaci\u00f3n de rentas justa ni eficaz\u201d.<\/p>\n<p>La condicionalidad incrementa sus \u00e1mbitos de control lo que, unido a las nuevas exigencias en relaci\u00f3n con el capping y la ausencia de nuevos planteamientos en relaci\u00f3n con la gesti\u00f3n, \u201cno s\u00f3lo impedir\u00e1 la prometida simplificaci\u00f3n, sino que introducir\u00e1 m\u00e1s complejidad administrativa y m\u00e1s dificultades burocr\u00e1ticas, sobre todo para los beneficiarios y las Comunidades Aut\u00f3nomas\u201d, seg\u00fan el consejero.<\/p>\n<p>Persisten los enfoques sectoriales y las intervenciones en frutas y hortalizas, vino, aceite o apicultura siguen la misma l\u00ednea que la OCM actual de lo que cabe deducir que los agricultores dedicados a estas actividades, junto con quienes dedican su actividad a otros sectores como el porcino, la avicultura o la cunicultura, seguir\u00e1n excluidos de los pagos directos con independencia de sus dificultades de renta.<\/p>\n<p>Si bien, el capping as\u00ed como del umbral m\u00ednimo establecido para la superficie elegible (art\u00edculo 32) favorecer\u00eda a la agricultura familiar, \u201cno se introducen los cambios necesarios para el apoyo que necesita ante las graves amenazas que afronta en el actual contexto de poblaci\u00f3n agraria muy envejecida, falta de relevo generacional\u201d. Sin que el borrador preste especial atenci\u00f3n a la incorporaci\u00f3n de j\u00f3venes y la fuerte competitividad internacional.<\/p>\n<p>Si bien, se considera positivo que se considere como objetivo el fortalecimiento del tejido socioecon\u00f3mico de las zonas rurales, \u201cel borrador no contempla nuevos mecanismos para lograrlo sin que se aprecien novedades destacables en materia de desarrollo rural\u201d.<\/p>\n<p>Finalmente, aunque de car\u00e1cter marginal, cabe resaltar por su potencial en relaci\u00f3n con la pol\u00edtica agraria nacional, que el borrador incluya como medida contra la volatilidad de la renta de las explotaciones, eximir de la consideraci\u00f3n de Ayuda de Estado el c\u00e1lculo del Impuesto sobre la Renta de las Personas F\u00edsicas sobre una base plurianual.<\/p>\n<p>Ante el car\u00e1cter poco reformador del borrador, Olona impone \u201cla necesidad de promover los cambios de calado que la Comisi\u00f3n Europea, seg\u00fan parece no contempla, porque son los agricultores, y no tanto la agricultura en s\u00ed misma, quienes est\u00e1n gravemente amenazados y, con ello, nuestro mundo rural tal y como lo conocemos\u201d.<\/p>\n","protected":false},"excerpt":{"rendered":"<p>El pasado 26 de abril, se filtr\u00f3 un borrador sobre la propuesta de Reglamento sobre la nueva PAC en el que trabaja la Comisi\u00f3n Europea. El borrador, si bien favorece algunos de los planteamientos que hacemos desde el Gobierno de Arag\u00f3n, sorprende por la ausencia de cambios de calado, lo que \u201cnos sit\u00faa de nuevo [&hellip;]<\/p>\n","protected":false},"author":1,"featured_media":978525,"comment_status":"closed","ping_status":"closed","sticky":false,"template":"","format":"standard","meta":{"footnotes":""},"categories":[1],"tags":[],"class_list":["post-978524","post","type-post","status-publish","format-standard","has-post-thumbnail","hentry","category-actualidad"],"aioseo_notices":[],"aioseo_head":"\n\t\t<!-- All in One SEO Pro 5.0.1 - aioseo.com -->\n\t<meta name=\"description\" content=\"El pasado 26 de abril, se filtr\u00f3 un borrador sobre la propuesta de Reglamento sobre la nueva PAC en el que trabaja la Comisi\u00f3n Europea. El borrador, si bien favorece algunos de los planteamientos que hacemos desde el Gobierno de Arag\u00f3n, sorprende por la ausencia de cambios de calado, lo que \u201cnos sit\u00faa de nuevo\" \/>\n\t<meta name=\"robots\" content=\"max-image-preview:large\" \/>\n\t<meta name=\"author\" content=\"El Digital de Asturias\"\/>\n\t<meta name=\"google-site-verification\" content=\"UA-38556648-1\" \/>\n\t<meta name=\"msvalidate.01\" content=\"7dfe9f3f1b24437ab69f4f2559babe99\" \/>\n\t<meta name=\"keywords\" content=\"actualidad\" \/>\n\t<link rel=\"canonical\" href=\"https:\/\/www.eldigitaldeasturias.com\/noticias\/joaquin-olona-los-agricultores-estan-gravemente-amenazados-y-con-ello-nuestro-mundo-rural\/\" \/>\n\t<meta name=\"generator\" content=\"All in One SEO Pro (AIOSEO) 5.0.1\" \/>\n\t\t<meta property=\"og:locale\" content=\"es_ES\" \/>\n\t\t<meta property=\"og:site_name\" content=\"El Digital de Asturias\" \/>\n\t\t<meta property=\"og:type\" content=\"article\" \/>\n\t\t<meta property=\"og:title\" content=\"Joaqu\u00edn Olona: \u201cLos agricultores est\u00e1n gravemente amenazados y con ello nuestro mundo rural\u201d - El Digital de Asturias\" \/>\n\t\t<meta property=\"og:description\" content=\"El pasado 26 de abril, se filtr\u00f3 un borrador sobre la propuesta de Reglamento sobre la nueva PAC en el que trabaja la Comisi\u00f3n Europea. El borrador, si bien favorece algunos de los planteamientos que hacemos desde el Gobierno de Arag\u00f3n, sorprende por la ausencia de cambios de calado, lo que \u201cnos sit\u00faa de nuevo\" \/>\n\t\t<meta property=\"og:url\" content=\"https:\/\/www.eldigitaldeasturias.com\/noticias\/joaquin-olona-los-agricultores-estan-gravemente-amenazados-y-con-ello-nuestro-mundo-rural\/\" \/>\n\t\t<meta property=\"article:tag\" content=\"actualidad\" \/>\n\t\t<meta property=\"article:published_time\" content=\"2018-05-02T14:52:02+00:00\" \/>\n\t\t<meta property=\"article:modified_time\" content=\"2018-05-02T14:52:02+00:00\" \/>\n\t\t<meta property=\"article:publisher\" content=\"https:\/\/facebook.com\/eldigitaldeasturias\" \/>\n\t\t<meta name=\"twitter:card\" content=\"summary_large_image\" \/>\n\t\t<meta name=\"twitter:title\" content=\"Joaqu\u00edn Olona: \u201cLos agricultores est\u00e1n gravemente amenazados y con ello nuestro mundo rural\u201d - El Digital de Asturias\" \/>\n\t\t<meta name=\"twitter:description\" content=\"El pasado 26 de abril, se filtr\u00f3 un borrador sobre la propuesta de Reglamento sobre la nueva PAC en el que trabaja la Comisi\u00f3n Europea. El borrador, si bien favorece algunos de los planteamientos que hacemos desde el Gobierno de Arag\u00f3n, sorprende por la ausencia de cambios de calado, lo que \u201cnos sit\u00faa de nuevo\" \/>\n\t\t<meta name=\"twitter:image\" content=\"https:\/\/www.eldigitaldeasturias.com\/noticias\/wp-content\/uploads\/2020\/12\/EDA-1.jpg\" \/>\n\t\t<meta name=\"twitter:label1\" content=\"Escrito por\" \/>\n\t\t<meta name=\"twitter:data1\" content=\"El Digital de Asturias\" \/>\n\t\t<meta name=\"twitter:label2\" content=\"Tiempo de lectura estimado\" \/>\n\t\t<meta name=\"twitter:data2\" content=\"5 minutos\" \/>\n\t\t<script type=\"application\/ld+json\" class=\"aioseo-schema\">\n\t\t\t{\"@context\":\"https:\\\/\\\/schema.org\",\"@graph\":[{\"@type\":\"BlogPosting\",\"@id\":\"https:\\\/\\\/www.eldigitaldeasturias.com\\\/noticias\\\/joaquin-olona-los-agricultores-estan-gravemente-amenazados-y-con-ello-nuestro-mundo-rural\\\/#blogposting\",\"name\":\"Joaqu\\u00edn Olona: \\u201cLos agricultores est\\u00e1n gravemente amenazados y con ello nuestro mundo rural\\u201d - El Digital de Asturias\",\"headline\":\"Joaqu\\u00edn Olona: \\u201cLos agricultores est\\u00e1n gravemente amenazados y con ello nuestro mundo rural\\u201d\",\"author\":{\"@id\":\"https:\\\/\\\/www.eldigitaldeasturias.com\\\/noticias\\\/author\\\/admin\\\/#author\"},\"publisher\":{\"@id\":\"https:\\\/\\\/www.eldigitaldeasturias.com\\\/noticias\\\/#organization\"},\"image\":{\"@type\":\"ImageObject\",\"url\":978525},\"datePublished\":\"2018-05-02T14:52:02+02:00\",\"dateModified\":\"2018-05-02T14:52:02+02:00\",\"inLanguage\":\"es-ES\",\"mainEntityOfPage\":{\"@id\":\"https:\\\/\\\/www.eldigitaldeasturias.com\\\/noticias\\\/joaquin-olona-los-agricultores-estan-gravemente-amenazados-y-con-ello-nuestro-mundo-rural\\\/#webpage\"},\"isPartOf\":{\"@id\":\"https:\\\/\\\/www.eldigitaldeasturias.com\\\/noticias\\\/joaquin-olona-los-agricultores-estan-gravemente-amenazados-y-con-ello-nuestro-mundo-rural\\\/#webpage\"},\"articleSection\":\"Actualidad\"},{\"@type\":\"BreadcrumbList\",\"@id\":\"https:\\\/\\\/www.eldigitaldeasturias.com\\\/noticias\\\/joaquin-olona-los-agricultores-estan-gravemente-amenazados-y-con-ello-nuestro-mundo-rural\\\/#breadcrumblist\",\"itemListElement\":[{\"@type\":\"ListItem\",\"@id\":\"https:\\\/\\\/www.eldigitaldeasturias.com\\\/noticias#listItem\",\"position\":1,\"name\":\"Home\",\"item\":\"https:\\\/\\\/www.eldigitaldeasturias.com\\\/noticias\",\"nextItem\":{\"@type\":\"ListItem\",\"@id\":\"https:\\\/\\\/www.eldigitaldeasturias.com\\\/noticias\\\/category\\\/actualidad\\\/#listItem\",\"name\":\"Actualidad\"}},{\"@type\":\"ListItem\",\"@id\":\"https:\\\/\\\/www.eldigitaldeasturias.com\\\/noticias\\\/category\\\/actualidad\\\/#listItem\",\"position\":2,\"name\":\"Actualidad\",\"item\":\"https:\\\/\\\/www.eldigitaldeasturias.com\\\/noticias\\\/category\\\/actualidad\\\/\",\"nextItem\":{\"@type\":\"ListItem\",\"@id\":\"https:\\\/\\\/www.eldigitaldeasturias.com\\\/noticias\\\/joaquin-olona-los-agricultores-estan-gravemente-amenazados-y-con-ello-nuestro-mundo-rural\\\/#listItem\",\"name\":\"Joaqu\\u00edn Olona: \\u201cLos agricultores est\\u00e1n gravemente amenazados y con ello nuestro mundo rural\\u201d\"},\"previousItem\":{\"@type\":\"ListItem\",\"@id\":\"https:\\\/\\\/www.eldigitaldeasturias.com\\\/noticias#listItem\",\"name\":\"Home\"}},{\"@type\":\"ListItem\",\"@id\":\"https:\\\/\\\/www.eldigitaldeasturias.com\\\/noticias\\\/joaquin-olona-los-agricultores-estan-gravemente-amenazados-y-con-ello-nuestro-mundo-rural\\\/#listItem\",\"position\":3,\"name\":\"Joaqu\\u00edn Olona: \\u201cLos agricultores est\\u00e1n gravemente amenazados y con ello nuestro mundo rural\\u201d\",\"previousItem\":{\"@type\":\"ListItem\",\"@id\":\"https:\\\/\\\/www.eldigitaldeasturias.com\\\/noticias\\\/category\\\/actualidad\\\/#listItem\",\"name\":\"Actualidad\"}}]},{\"@type\":\"Organization\",\"@id\":\"https:\\\/\\\/www.eldigitaldeasturias.com\\\/noticias\\\/#organization\",\"name\":\"El Digital de Asturias\",\"description\":\"Hemeroteca\",\"url\":\"https:\\\/\\\/www.eldigitaldeasturias.com\\\/noticias\\\/\",\"email\":\"info@eldigitaldeasturias.com\",\"telephone\":\"+34652131393\",\"logo\":{\"@type\":\"ImageObject\",\"url\":\"https:\\\/\\\/www.eldigitaldeasturias.com\\\/noticias\\\/wp-content\\\/uploads\\\/2020\\\/12\\\/EDA.jpg\",\"@id\":\"https:\\\/\\\/www.eldigitaldeasturias.com\\\/noticias\\\/joaquin-olona-los-agricultores-estan-gravemente-amenazados-y-con-ello-nuestro-mundo-rural\\\/#organizationLogo\"},\"image\":{\"@id\":\"https:\\\/\\\/www.eldigitaldeasturias.com\\\/noticias\\\/joaquin-olona-los-agricultores-estan-gravemente-amenazados-y-con-ello-nuestro-mundo-rural\\\/#organizationLogo\"},\"sameAs\":[\"https:\\\/\\\/facebook.com\\\/eldigitaldeasturias\",\"https:\\\/\\\/www.youtube.com\\\/channel\\\/UCZP-2wLEB9Rv6erhFmqVnvg\"],\"address\":{\"@id\":\"https:\\\/\\\/www.eldigitaldeasturias.com\\\/noticias\\\/#postaladdress\",\"@type\":\"PostalAddress\",\"streetAddress\":\"san antonio 4\",\"postalCode\":\"33430\",\"addressLocality\":\"Cand\\u00e1s\",\"addressRegion\":\"Asturias\",\"addressCountry\":\"ES\"}},{\"@type\":\"Person\",\"@id\":\"https:\\\/\\\/www.eldigitaldeasturias.com\\\/noticias\\\/author\\\/admin\\\/#author\",\"url\":\"https:\\\/\\\/www.eldigitaldeasturias.com\\\/noticias\\\/author\\\/admin\\\/\",\"name\":\"El Digital de Asturias\",\"image\":{\"@type\":\"ImageObject\",\"@id\":\"https:\\\/\\\/www.eldigitaldeasturias.com\\\/noticias\\\/joaquin-olona-los-agricultores-estan-gravemente-amenazados-y-con-ello-nuestro-mundo-rural\\\/#authorImage\",\"url\":\"https:\\\/\\\/secure.gravatar.com\\\/avatar\\\/df2aeffc32bcd13f8d26072ef8a91b623d677766deac7f97ca815868cd41bf5e?s=96&d=mm&r=g\",\"width\":96,\"height\":96,\"caption\":\"El Digital de Asturias\"}},{\"@type\":\"WebPage\",\"@id\":\"https:\\\/\\\/www.eldigitaldeasturias.com\\\/noticias\\\/joaquin-olona-los-agricultores-estan-gravemente-amenazados-y-con-ello-nuestro-mundo-rural\\\/#webpage\",\"url\":\"https:\\\/\\\/www.eldigitaldeasturias.com\\\/noticias\\\/joaquin-olona-los-agricultores-estan-gravemente-amenazados-y-con-ello-nuestro-mundo-rural\\\/\",\"name\":\"Joaqu\\u00edn Olona: \\u201cLos agricultores est\\u00e1n gravemente amenazados y con ello nuestro mundo rural\\u201d - El Digital de Asturias\",\"description\":\"El pasado 26 de abril, se filtr\\u00f3 un borrador sobre la propuesta de Reglamento sobre la nueva PAC en el que trabaja la Comisi\\u00f3n Europea. El borrador, si bien favorece algunos de los planteamientos que hacemos desde el Gobierno de Arag\\u00f3n, sorprende por la ausencia de cambios de calado, lo que \\u201cnos sit\\u00faa de nuevo\",\"inLanguage\":\"es-ES\",\"isPartOf\":{\"@id\":\"https:\\\/\\\/www.eldigitaldeasturias.com\\\/noticias\\\/#website\"},\"breadcrumb\":{\"@id\":\"https:\\\/\\\/www.eldigitaldeasturias.com\\\/noticias\\\/joaquin-olona-los-agricultores-estan-gravemente-amenazados-y-con-ello-nuestro-mundo-rural\\\/#breadcrumblist\"},\"author\":{\"@id\":\"https:\\\/\\\/www.eldigitaldeasturias.com\\\/noticias\\\/author\\\/admin\\\/#author\"},\"creator\":{\"@id\":\"https:\\\/\\\/www.eldigitaldeasturias.com\\\/noticias\\\/author\\\/admin\\\/#author\"},\"image\":{\"@type\":\"ImageObject\",\"url\":978525,\"@id\":\"https:\\\/\\\/www.eldigitaldeasturias.com\\\/noticias\\\/joaquin-olona-los-agricultores-estan-gravemente-amenazados-y-con-ello-nuestro-mundo-rural\\\/#mainImage\"},\"primaryImageOfPage\":{\"@id\":\"https:\\\/\\\/www.eldigitaldeasturias.com\\\/noticias\\\/joaquin-olona-los-agricultores-estan-gravemente-amenazados-y-con-ello-nuestro-mundo-rural\\\/#mainImage\"},\"datePublished\":\"2018-05-02T14:52:02+02:00\",\"dateModified\":\"2018-05-02T14:52:02+02:00\"},{\"@type\":\"WebSite\",\"@id\":\"https:\\\/\\\/www.eldigitaldeasturias.com\\\/noticias\\\/#website\",\"url\":\"https:\\\/\\\/www.eldigitaldeasturias.com\\\/noticias\\\/\",\"name\":\"El Digital de Asturias - Diario de actualidad y noticias\",\"alternateName\":\"El Digital de Asturias - Diario de actualidad y noticias\",\"description\":\"Hemeroteca\",\"inLanguage\":\"es-ES\",\"publisher\":{\"@id\":\"https:\\\/\\\/www.eldigitaldeasturias.com\\\/noticias\\\/#organization\"}}]}\n\t\t<\/script>\n\t\t<!-- All in One SEO Pro -->\r\n\t\t<title>Joaqu\u00edn Olona: \u201cLos agricultores est\u00e1n gravemente amenazados y con ello nuestro mundo rural\u201d - El Digital de Asturias<\/title>\n\n","aioseo_head_json":{"title":"Joaqu\u00edn Olona: \u201cLos agricultores est\u00e1n gravemente amenazados y con ello nuestro mundo rural\u201d - El Digital de Asturias","description":"El pasado 26 de abril, se filtr\u00f3 un borrador sobre la propuesta de Reglamento sobre la nueva PAC en el que trabaja la Comisi\u00f3n Europea. El borrador, si bien favorece algunos de los planteamientos que hacemos desde el Gobierno de Arag\u00f3n, sorprende por la ausencia de cambios de calado, lo que \u201cnos sit\u00faa de nuevo","canonical_url":"https:\/\/www.eldigitaldeasturias.com\/noticias\/joaquin-olona-los-agricultores-estan-gravemente-amenazados-y-con-ello-nuestro-mundo-rural\/","robots":"max-image-preview:large","keywords":"actualidad","webmasterTools":{"google-site-verification":"UA-38556648-1","msvalidate.01":"7dfe9f3f1b24437ab69f4f2559babe99","miscellaneous":""},"schema":{"@context":"https:\/\/schema.org","@graph":[{"@type":"BlogPosting","@id":"https:\/\/www.eldigitaldeasturias.com\/noticias\/joaquin-olona-los-agricultores-estan-gravemente-amenazados-y-con-ello-nuestro-mundo-rural\/#blogposting","name":"Joaqu\u00edn Olona: \u201cLos agricultores est\u00e1n gravemente amenazados y con ello nuestro mundo rural\u201d - El Digital de Asturias","headline":"Joaqu\u00edn Olona: \u201cLos agricultores est\u00e1n gravemente amenazados y con ello nuestro mundo rural\u201d","author":{"@id":"https:\/\/www.eldigitaldeasturias.com\/noticias\/author\/admin\/#author"},"publisher":{"@id":"https:\/\/www.eldigitaldeasturias.com\/noticias\/#organization"},"image":{"@type":"ImageObject","url":978525},"datePublished":"2018-05-02T14:52:02+02:00","dateModified":"2018-05-02T14:52:02+02:00","inLanguage":"es-ES","mainEntityOfPage":{"@id":"https:\/\/www.eldigitaldeasturias.com\/noticias\/joaquin-olona-los-agricultores-estan-gravemente-amenazados-y-con-ello-nuestro-mundo-rural\/#webpage"},"isPartOf":{"@id":"https:\/\/www.eldigitaldeasturias.com\/noticias\/joaquin-olona-los-agricultores-estan-gravemente-amenazados-y-con-ello-nuestro-mundo-rural\/#webpage"},"articleSection":"Actualidad"},{"@type":"BreadcrumbList","@id":"https:\/\/www.eldigitaldeasturias.com\/noticias\/joaquin-olona-los-agricultores-estan-gravemente-amenazados-y-con-ello-nuestro-mundo-rural\/#breadcrumblist","itemListElement":[{"@type":"ListItem","@id":"https:\/\/www.eldigitaldeasturias.com\/noticias#listItem","position":1,"name":"Home","item":"https:\/\/www.eldigitaldeasturias.com\/noticias","nextItem":{"@type":"ListItem","@id":"https:\/\/www.eldigitaldeasturias.com\/noticias\/category\/actualidad\/#listItem","name":"Actualidad"}},{"@type":"ListItem","@id":"https:\/\/www.eldigitaldeasturias.com\/noticias\/category\/actualidad\/#listItem","position":2,"name":"Actualidad","item":"https:\/\/www.eldigitaldeasturias.com\/noticias\/category\/actualidad\/","nextItem":{"@type":"ListItem","@id":"https:\/\/www.eldigitaldeasturias.com\/noticias\/joaquin-olona-los-agricultores-estan-gravemente-amenazados-y-con-ello-nuestro-mundo-rural\/#listItem","name":"Joaqu\u00edn Olona: \u201cLos agricultores est\u00e1n gravemente amenazados y con ello nuestro mundo rural\u201d"},"previousItem":{"@type":"ListItem","@id":"https:\/\/www.eldigitaldeasturias.com\/noticias#listItem","name":"Home"}},{"@type":"ListItem","@id":"https:\/\/www.eldigitaldeasturias.com\/noticias\/joaquin-olona-los-agricultores-estan-gravemente-amenazados-y-con-ello-nuestro-mundo-rural\/#listItem","position":3,"name":"Joaqu\u00edn Olona: \u201cLos agricultores est\u00e1n gravemente amenazados y con ello nuestro mundo rural\u201d","previousItem":{"@type":"ListItem","@id":"https:\/\/www.eldigitaldeasturias.com\/noticias\/category\/actualidad\/#listItem","name":"Actualidad"}}]},{"@type":"Organization","@id":"https:\/\/www.eldigitaldeasturias.com\/noticias\/#organization","name":"El Digital de Asturias","description":"Hemeroteca","url":"https:\/\/www.eldigitaldeasturias.com\/noticias\/","email":"info@eldigitaldeasturias.com","telephone":"+34652131393","logo":{"@type":"ImageObject","url":"https:\/\/www.eldigitaldeasturias.com\/noticias\/wp-content\/uploads\/2020\/12\/EDA.jpg","@id":"https:\/\/www.eldigitaldeasturias.com\/noticias\/joaquin-olona-los-agricultores-estan-gravemente-amenazados-y-con-ello-nuestro-mundo-rural\/#organizationLogo"},"image":{"@id":"https:\/\/www.eldigitaldeasturias.com\/noticias\/joaquin-olona-los-agricultores-estan-gravemente-amenazados-y-con-ello-nuestro-mundo-rural\/#organizationLogo"},"sameAs":["https:\/\/facebook.com\/eldigitaldeasturias","https:\/\/www.youtube.com\/channel\/UCZP-2wLEB9Rv6erhFmqVnvg"],"address":{"@id":"https:\/\/www.eldigitaldeasturias.com\/noticias\/#postaladdress","@type":"PostalAddress","streetAddress":"san antonio 4","postalCode":"33430","addressLocality":"Cand\u00e1s","addressRegion":"Asturias","addressCountry":"ES"}},{"@type":"Person","@id":"https:\/\/www.eldigitaldeasturias.com\/noticias\/author\/admin\/#author","url":"https:\/\/www.eldigitaldeasturias.com\/noticias\/author\/admin\/","name":"El Digital de Asturias","image":{"@type":"ImageObject","@id":"https:\/\/www.eldigitaldeasturias.com\/noticias\/joaquin-olona-los-agricultores-estan-gravemente-amenazados-y-con-ello-nuestro-mundo-rural\/#authorImage","url":"https:\/\/secure.gravatar.com\/avatar\/df2aeffc32bcd13f8d26072ef8a91b623d677766deac7f97ca815868cd41bf5e?s=96&d=mm&r=g","width":96,"height":96,"caption":"El Digital de Asturias"}},{"@type":"WebPage","@id":"https:\/\/www.eldigitaldeasturias.com\/noticias\/joaquin-olona-los-agricultores-estan-gravemente-amenazados-y-con-ello-nuestro-mundo-rural\/#webpage","url":"https:\/\/www.eldigitaldeasturias.com\/noticias\/joaquin-olona-los-agricultores-estan-gravemente-amenazados-y-con-ello-nuestro-mundo-rural\/","name":"Joaqu\u00edn Olona: \u201cLos agricultores est\u00e1n gravemente amenazados y con ello nuestro mundo rural\u201d - El Digital de Asturias","description":"El pasado 26 de abril, se filtr\u00f3 un borrador sobre la propuesta de Reglamento sobre la nueva PAC en el que trabaja la Comisi\u00f3n Europea. El borrador, si bien favorece algunos de los planteamientos que hacemos desde el Gobierno de Arag\u00f3n, sorprende por la ausencia de cambios de calado, lo que \u201cnos sit\u00faa de nuevo","inLanguage":"es-ES","isPartOf":{"@id":"https:\/\/www.eldigitaldeasturias.com\/noticias\/#website"},"breadcrumb":{"@id":"https:\/\/www.eldigitaldeasturias.com\/noticias\/joaquin-olona-los-agricultores-estan-gravemente-amenazados-y-con-ello-nuestro-mundo-rural\/#breadcrumblist"},"author":{"@id":"https:\/\/www.eldigitaldeasturias.com\/noticias\/author\/admin\/#author"},"creator":{"@id":"https:\/\/www.eldigitaldeasturias.com\/noticias\/author\/admin\/#author"},"image":{"@type":"ImageObject","url":978525,"@id":"https:\/\/www.eldigitaldeasturias.com\/noticias\/joaquin-olona-los-agricultores-estan-gravemente-amenazados-y-con-ello-nuestro-mundo-rural\/#mainImage"},"primaryImageOfPage":{"@id":"https:\/\/www.eldigitaldeasturias.com\/noticias\/joaquin-olona-los-agricultores-estan-gravemente-amenazados-y-con-ello-nuestro-mundo-rural\/#mainImage"},"datePublished":"2018-05-02T14:52:02+02:00","dateModified":"2018-05-02T14:52:02+02:00"},{"@type":"WebSite","@id":"https:\/\/www.eldigitaldeasturias.com\/noticias\/#website","url":"https:\/\/www.eldigitaldeasturias.com\/noticias\/","name":"El Digital de Asturias - Diario de actualidad y noticias","alternateName":"El Digital de Asturias - Diario de actualidad y noticias","description":"Hemeroteca","inLanguage":"es-ES","publisher":{"@id":"https:\/\/www.eldigitaldeasturias.com\/noticias\/#organization"}}]},"og:locale":"es_ES","og:site_name":"El Digital de Asturias","og:type":"article","og:title":"Joaqu\u00edn Olona: \u201cLos agricultores est\u00e1n gravemente amenazados y con ello nuestro mundo rural\u201d - El Digital de Asturias","og:description":"El pasado 26 de abril, se filtr\u00f3 un borrador sobre la propuesta de Reglamento sobre la nueva PAC en el que trabaja la Comisi\u00f3n Europea. El borrador, si bien favorece algunos de los planteamientos que hacemos desde el Gobierno de Arag\u00f3n, sorprende por la ausencia de cambios de calado, lo que \u201cnos sit\u00faa de nuevo","og:url":"https:\/\/www.eldigitaldeasturias.com\/noticias\/joaquin-olona-los-agricultores-estan-gravemente-amenazados-y-con-ello-nuestro-mundo-rural\/","article:tag":["actualidad"],"article:published_time":"2018-05-02T14:52:02+00:00","article:modified_time":"2018-05-02T14:52:02+00:00","article:publisher":"https:\/\/facebook.com\/eldigitaldeasturias","twitter:card":"summary_large_image","twitter:title":"Joaqu\u00edn Olona: \u201cLos agricultores est\u00e1n gravemente amenazados y con ello nuestro mundo rural\u201d - El Digital de Asturias","twitter:description":"El pasado 26 de abril, se filtr\u00f3 un borrador sobre la propuesta de Reglamento sobre la nueva PAC en el que trabaja la Comisi\u00f3n Europea. El borrador, si bien favorece algunos de los planteamientos que hacemos desde el Gobierno de Arag\u00f3n, sorprende por la ausencia de cambios de calado, lo que \u201cnos sit\u00faa de nuevo","twitter:image":"https:\/\/www.eldigitaldeasturias.com\/noticias\/wp-content\/uploads\/2020\/12\/EDA-1.jpg","twitter:label1":"Escrito por","twitter:data1":"El Digital de Asturias","twitter:label2":"Tiempo de lectura estimado","twitter:data2":"5 minutos"},"aioseo_meta_data":{"post_id":"978524","title":null,"description":null,"keywords":null,"keyphrases":null,"primary_term":null,"canonical_url":null,"og_title":null,"og_description":null,"og_object_type":"default","og_image_type":"default","og_image_url":null,"og_image_width":null,"og_image_height":null,"og_image_custom_url":null,"og_image_custom_fields":null,"og_video":null,"og_custom_url":null,"og_article_section":null,"og_article_tags":null,"twitter_use_og":false,"twitter_card":"default","twitter_image_type":"default","twitter_image_url":null,"twitter_image_custom_url":null,"twitter_image_custom_fields":null,"twitter_title":null,"twitter_description":null,"schema":{"blockGraphs":[],"customGraphs":[],"default":{"data":{"Article":[],"Course":[],"Dataset":[],"FAQPage":[],"Movie":[],"Person":[],"Product":[],"ProductReview":[],"Car":[],"Recipe":[],"Service":[],"SoftwareApplication":[],"WebPage":[]},"graphName":"","isEnabled":true},"graphs":[],"defaultGraph":"","defaultPostTypeGraph":""},"schema_type":null,"schema_type_options":null,"pillar_content":false,"robots_default":true,"robots_noindex":false,"robots_noarchive":false,"robots_nosnippet":false,"robots_nofollow":false,"robots_noimageindex":false,"robots_noodp":false,"robots_notranslate":false,"robots_max_snippet":null,"robots_max_videopreview":null,"robots_max_imagepreview":"large","priority":null,"frequency":null,"local_seo":null,"seo_analyzer_scan_date":"2025-10-08 11:10:13","breadcrumb_settings":null,"limit_modified_date":false,"open_ai":null,"ai":null,"created":"2020-12-21 12:02:37","updated":"2025-10-08 11:10:13","focus_keyword":null,"additional_keywords":null,"truseo_locale":null},"aioseo_breadcrumb":"<div class=\"aioseo-breadcrumbs\"><span class=\"aioseo-breadcrumb\">\n\t<a href=\"https:\/\/www.eldigitaldeasturias.com\/noticias\" title=\"Home\">Home<\/a>\n<\/span><span class=\"aioseo-breadcrumb-separator\">\u2013<\/span><span class=\"aioseo-breadcrumb\">\n\t<a href=\"https:\/\/www.eldigitaldeasturias.com\/noticias\/category\/actualidad\/\" title=\"Actualidad\">Actualidad<\/a>\n<\/span><span class=\"aioseo-breadcrumb-separator\">\u2013<\/span><span class=\"aioseo-breadcrumb\">\n\t<a href=\"https:\/\/www.eldigitaldeasturias.com\/noticias\/joaquin-olona-los-agricultores-estan-gravemente-amenazados-y-con-ello-nuestro-mundo-rural\/\" title=\"Joaqu\u00edn Olona: \u201cLos agricultores est\u00e1n gravemente amenazados y con ello nuestro mundo rural\u201d\">Joaqu\u00edn Olona: \u201cLos agricultores est\u00e1n gravemente amenazados y con ello nuestro mundo rural\u201d<\/a>\n<\/span><\/div>","aioseo_breadcrumb_json":[{"label":"Home","link":"https:\/\/www.eldigitaldeasturias.com\/noticias"},{"label":"Actualidad","link":"https:\/\/www.eldigitaldeasturias.com\/noticias\/category\/actualidad\/"},{"label":"Joaqu\u00edn Olona: \u201cLos agricultores est\u00e1n gravemente amenazados y con ello nuestro mundo rural\u201d","link":"https:\/\/www.eldigitaldeasturias.com\/noticias\/joaquin-olona-los-agricultores-estan-gravemente-amenazados-y-con-ello-nuestro-mundo-rural\/"}],"_links":{"self":[{"href":"https:\/\/www.eldigitaldeasturias.com\/noticias\/wp-json\/wp\/v2\/posts\/978524","targetHints":{"allow":["GET"]}}],"collection":[{"href":"https:\/\/www.eldigitaldeasturias.com\/noticias\/wp-json\/wp\/v2\/posts"}],"about":[{"href":"https:\/\/www.eldigitaldeasturias.com\/noticias\/wp-json\/wp\/v2\/types\/post"}],"author":[{"embeddable":true,"href":"https:\/\/www.eldigitaldeasturias.com\/noticias\/wp-json\/wp\/v2\/users\/1"}],"replies":[{"embeddable":true,"href":"https:\/\/www.eldigitaldeasturias.com\/noticias\/wp-json\/wp\/v2\/comments?post=978524"}],"version-history":[{"count":0,"href":"https:\/\/www.eldigitaldeasturias.com\/noticias\/wp-json\/wp\/v2\/posts\/978524\/revisions"}],"wp:attachment":[{"href":"https:\/\/www.eldigitaldeasturias.com\/noticias\/wp-json\/wp\/v2\/media?parent=978524"}],"wp:term":[{"taxonomy":"category","embeddable":true,"href":"https:\/\/www.eldigitaldeasturias.com\/noticias\/wp-json\/wp\/v2\/categories?post=978524"},{"taxonomy":"post_tag","embeddable":true,"href":"https:\/\/www.eldigitaldeasturias.com\/noticias\/wp-json\/wp\/v2\/tags?post=978524"}],"curies":[{"name":"wp","href":"https:\/\/api.w.org\/{rel}","templated":true}]}}