{"id":978521,"date":"2018-05-02T14:49:33","date_gmt":"2018-05-02T14:49:33","guid":{"rendered":"http:\/\/www.eldigitaldeasturias.com\/noticias\/?p=978521"},"modified":"2018-05-02T14:49:33","modified_gmt":"2018-05-02T14:49:33","slug":"itainnova-asiste-en-berlin-a-la-presentacion-del-prototipo-a340-blade","status":"publish","type":"post","link":"https:\/\/www.eldigitaldeasturias.com\/noticias\/itainnova-asiste-en-berlin-a-la-presentacion-del-prototipo-a340-blade\/","title":{"rendered":"ITAINNOVA asiste en Berl\u00edn a la presentaci\u00f3n del prototipo A340 BLADE"},"content":{"rendered":"<p><img loading=\"lazy\" decoding=\"async\" class=\"alignleft size-medium wp-image-978522\" src=\"https:\/\/www.eldigitaldeasturias.com\/noticias\/wp-content\/uploads\/2018\/05\/jlnunez_avion_airbus_A340-360x159.jpg\" alt=\"\" width=\"360\" height=\"159\" \/>El Instituto Tecnol\u00f3gico de Arag\u00f3n ITAINNOVA \u2013adscrito al Departamento de Innovaci\u00f3n, Investigaci\u00f3n y Universidad del Gobierno de Arag\u00f3n- ha asistido al ILA Berl\u00edn 2018, invitada por Airbus, para participar en la ceremonia oficial de presentaci\u00f3n del prototipo A340 BLADE, el mayor laboratorio volante desarrollado en Europa.<\/p>\n<p>ITAINNOVA ha sido uno de los 20 socios participantes en el proyecto, en el que ha colaborado adem\u00e1s de con Airbus, con algunos de los principales proveedores a nivel europeo del sector aeron\u00e1utico, como GKN, SAAB, AERNNOVA o SAFRAN, as\u00ed como con prestigiosos centros de investigaci\u00f3n europeos como ONERA o DLR.<\/p>\n<p>Esta presentaci\u00f3n se formaliz\u00f3 mediante la firma simb\u00f3lica de un representante de cada uno de los colaboradores del proyecto en el fuselaje del avi\u00f3n.<\/p>\n<p>El Sal\u00f3n Aeron\u00e1utico de Berl\u00edn ILA 2018, que se ha celebrado hasta el 29 de abril, congrega en parte de las instalaciones del futuro aeropuerto de la ciudad alemana, a unos 1.100 expositores de 41 pa\u00edses, entre ellos Airbus y Boeing, los dos gigantes del sector.<\/p>\n<p>Entre las novedades del encuentro empresarial destaca el prototipo de Airbus A340 BLADE, con sus denominadas alas laminares, que reducen la resistencia al viento y, por tanto, el consumo de combustible y los niveles de contaminaci\u00f3n.<\/p>\n<p>Se trata del primer A340-300, usado por Airbus como avi\u00f3n de desarrollo, dentro del programa europeo Clean Sky, en la que la empresa espa\u00f1ola Aernnova asumi\u00f3 la responsabilidad de algunos de los componentes, as\u00ed como el montaje e integraci\u00f3n completa de las dos alas exteriores. ITAINNOVA ha participado en este proyecto con el desarrollo de soluciones tecnol\u00f3gicas. En concreto, una metodolog\u00eda para la simulaci\u00f3n de ensamblajes que permite predecir las desviaciones geom\u00e9tricas y dimensionales que pueden generarse en un montaje, como consecuencia de las desviaciones de las piezas constituyentes o las deformaciones que puede introducir el propio proceso. Esto permite asistir a las empresas encargadas de los montajes en la definici\u00f3n de sus procesos y determinar los efectos de las condiciones de suministro de los componentes.<\/p>\n<p>El objetivo es analizar la posibilidad de esta tecnolog\u00eda en aviones comerciales para reducir la huella medioambiental de la aviaci\u00f3n con una reducci\u00f3n del 50 por ciento de la resistencia aerodin\u00e1mica de un ala y de hasta un 5 por ciento en las emisiones de di\u00f3xido de carbono.<\/p>\n<p>Esta actuaci\u00f3n de difusi\u00f3n est\u00e1 cofinanciada por el Fondo Europeo de Desarrollo Regional en el marco del Programa Operativo FEDER Arag\u00f3n 2014-2020, cuyo lema es \u00abConstruyendo Europa desde Arag\u00f3n\u00bb.<\/p>\n","protected":false},"excerpt":{"rendered":"<p>El Instituto Tecnol\u00f3gico de Arag\u00f3n ITAINNOVA \u2013adscrito al Departamento de Innovaci\u00f3n, Investigaci\u00f3n y Universidad del Gobierno de Arag\u00f3n- ha asistido al ILA Berl\u00edn 2018, invitada por Airbus, para participar en la ceremonia oficial de presentaci\u00f3n del prototipo A340 BLADE, el mayor laboratorio volante desarrollado en Europa. ITAINNOVA ha sido uno de los 20 socios participantes [&hellip;]<\/p>\n","protected":false},"author":1,"featured_media":978522,"comment_status":"closed","ping_status":"closed","sticky":false,"template":"","format":"standard","meta":{"footnotes":""},"categories":[1],"tags":[],"class_list":["post-978521","post","type-post","status-publish","format-standard","has-post-thumbnail","hentry","category-actualidad"],"aioseo_notices":[],"aioseo_head":"\n\t\t<!-- All in One SEO Pro 5.0.1 - aioseo.com -->\n\t<meta name=\"description\" content=\"El Instituto Tecnol\u00f3gico de Arag\u00f3n ITAINNOVA \u2013adscrito al Departamento de Innovaci\u00f3n, Investigaci\u00f3n y Universidad del Gobierno de Arag\u00f3n- ha asistido al ILA Berl\u00edn 2018, invitada por Airbus, para participar en la ceremonia oficial de presentaci\u00f3n del prototipo A340 BLADE, el mayor laboratorio volante desarrollado en Europa. ITAINNOVA ha sido uno de los 20 socios participantes\" \/>\n\t<meta name=\"robots\" content=\"max-image-preview:large\" \/>\n\t<meta name=\"author\" content=\"El Digital de Asturias\"\/>\n\t<meta name=\"google-site-verification\" content=\"UA-38556648-1\" \/>\n\t<meta name=\"msvalidate.01\" content=\"7dfe9f3f1b24437ab69f4f2559babe99\" \/>\n\t<meta name=\"keywords\" content=\"actualidad\" \/>\n\t<link rel=\"canonical\" href=\"https:\/\/www.eldigitaldeasturias.com\/noticias\/itainnova-asiste-en-berlin-a-la-presentacion-del-prototipo-a340-blade\/\" \/>\n\t<meta name=\"generator\" content=\"All in One SEO Pro (AIOSEO) 5.0.1\" \/>\n\t\t<meta property=\"og:locale\" content=\"es_ES\" \/>\n\t\t<meta property=\"og:site_name\" content=\"El Digital de Asturias\" \/>\n\t\t<meta property=\"og:type\" content=\"article\" \/>\n\t\t<meta property=\"og:title\" content=\"ITAINNOVA asiste en Berl\u00edn a la presentaci\u00f3n del prototipo A340 BLADE - El Digital de Asturias\" \/>\n\t\t<meta property=\"og:description\" content=\"El Instituto Tecnol\u00f3gico de Arag\u00f3n ITAINNOVA \u2013adscrito al Departamento de Innovaci\u00f3n, Investigaci\u00f3n y Universidad del Gobierno de Arag\u00f3n- ha asistido al ILA Berl\u00edn 2018, invitada por Airbus, para participar en la ceremonia oficial de presentaci\u00f3n del prototipo A340 BLADE, el mayor laboratorio volante desarrollado en Europa. ITAINNOVA ha sido uno de los 20 socios participantes\" \/>\n\t\t<meta property=\"og:url\" content=\"https:\/\/www.eldigitaldeasturias.com\/noticias\/itainnova-asiste-en-berlin-a-la-presentacion-del-prototipo-a340-blade\/\" \/>\n\t\t<meta property=\"article:tag\" content=\"actualidad\" \/>\n\t\t<meta property=\"article:published_time\" content=\"2018-05-02T14:49:33+00:00\" \/>\n\t\t<meta property=\"article:modified_time\" content=\"2018-05-02T14:49:33+00:00\" \/>\n\t\t<meta property=\"article:publisher\" content=\"https:\/\/facebook.com\/eldigitaldeasturias\" \/>\n\t\t<meta name=\"twitter:card\" content=\"summary_large_image\" \/>\n\t\t<meta name=\"twitter:title\" content=\"ITAINNOVA asiste en Berl\u00edn a la presentaci\u00f3n del prototipo A340 BLADE - El Digital de Asturias\" \/>\n\t\t<meta name=\"twitter:description\" content=\"El Instituto Tecnol\u00f3gico de Arag\u00f3n ITAINNOVA \u2013adscrito al Departamento de Innovaci\u00f3n, Investigaci\u00f3n y Universidad del Gobierno de Arag\u00f3n- ha asistido al ILA Berl\u00edn 2018, invitada por Airbus, para participar en la ceremonia oficial de presentaci\u00f3n del prototipo A340 BLADE, el mayor laboratorio volante desarrollado en Europa. ITAINNOVA ha sido uno de los 20 socios participantes\" \/>\n\t\t<meta name=\"twitter:image\" content=\"https:\/\/www.eldigitaldeasturias.com\/noticias\/wp-content\/uploads\/2020\/12\/EDA-1.jpg\" \/>\n\t\t<meta name=\"twitter:label1\" content=\"Escrito por\" \/>\n\t\t<meta name=\"twitter:data1\" content=\"El Digital de Asturias\" \/>\n\t\t<meta name=\"twitter:label2\" content=\"Tiempo de lectura estimado\" \/>\n\t\t<meta name=\"twitter:data2\" content=\"2 minutos\" \/>\n\t\t<script type=\"application\/ld+json\" class=\"aioseo-schema\">\n\t\t\t{\"@context\":\"https:\\\/\\\/schema.org\",\"@graph\":[{\"@type\":\"BlogPosting\",\"@id\":\"https:\\\/\\\/www.eldigitaldeasturias.com\\\/noticias\\\/itainnova-asiste-en-berlin-a-la-presentacion-del-prototipo-a340-blade\\\/#blogposting\",\"name\":\"ITAINNOVA asiste en Berl\\u00edn a la presentaci\\u00f3n del prototipo A340 BLADE - El Digital de Asturias\",\"headline\":\"ITAINNOVA asiste en Berl\\u00edn a la presentaci\\u00f3n del prototipo A340 BLADE\",\"author\":{\"@id\":\"https:\\\/\\\/www.eldigitaldeasturias.com\\\/noticias\\\/author\\\/admin\\\/#author\"},\"publisher\":{\"@id\":\"https:\\\/\\\/www.eldigitaldeasturias.com\\\/noticias\\\/#organization\"},\"image\":{\"@type\":\"ImageObject\",\"url\":978522},\"datePublished\":\"2018-05-02T14:49:33+02:00\",\"dateModified\":\"2018-05-02T14:49:33+02:00\",\"inLanguage\":\"es-ES\",\"mainEntityOfPage\":{\"@id\":\"https:\\\/\\\/www.eldigitaldeasturias.com\\\/noticias\\\/itainnova-asiste-en-berlin-a-la-presentacion-del-prototipo-a340-blade\\\/#webpage\"},\"isPartOf\":{\"@id\":\"https:\\\/\\\/www.eldigitaldeasturias.com\\\/noticias\\\/itainnova-asiste-en-berlin-a-la-presentacion-del-prototipo-a340-blade\\\/#webpage\"},\"articleSection\":\"Actualidad\"},{\"@type\":\"BreadcrumbList\",\"@id\":\"https:\\\/\\\/www.eldigitaldeasturias.com\\\/noticias\\\/itainnova-asiste-en-berlin-a-la-presentacion-del-prototipo-a340-blade\\\/#breadcrumblist\",\"itemListElement\":[{\"@type\":\"ListItem\",\"@id\":\"https:\\\/\\\/www.eldigitaldeasturias.com\\\/noticias#listItem\",\"position\":1,\"name\":\"Home\",\"item\":\"https:\\\/\\\/www.eldigitaldeasturias.com\\\/noticias\",\"nextItem\":{\"@type\":\"ListItem\",\"@id\":\"https:\\\/\\\/www.eldigitaldeasturias.com\\\/noticias\\\/category\\\/actualidad\\\/#listItem\",\"name\":\"Actualidad\"}},{\"@type\":\"ListItem\",\"@id\":\"https:\\\/\\\/www.eldigitaldeasturias.com\\\/noticias\\\/category\\\/actualidad\\\/#listItem\",\"position\":2,\"name\":\"Actualidad\",\"item\":\"https:\\\/\\\/www.eldigitaldeasturias.com\\\/noticias\\\/category\\\/actualidad\\\/\",\"nextItem\":{\"@type\":\"ListItem\",\"@id\":\"https:\\\/\\\/www.eldigitaldeasturias.com\\\/noticias\\\/itainnova-asiste-en-berlin-a-la-presentacion-del-prototipo-a340-blade\\\/#listItem\",\"name\":\"ITAINNOVA asiste en Berl\\u00edn a la presentaci\\u00f3n del prototipo A340 BLADE\"},\"previousItem\":{\"@type\":\"ListItem\",\"@id\":\"https:\\\/\\\/www.eldigitaldeasturias.com\\\/noticias#listItem\",\"name\":\"Home\"}},{\"@type\":\"ListItem\",\"@id\":\"https:\\\/\\\/www.eldigitaldeasturias.com\\\/noticias\\\/itainnova-asiste-en-berlin-a-la-presentacion-del-prototipo-a340-blade\\\/#listItem\",\"position\":3,\"name\":\"ITAINNOVA asiste en Berl\\u00edn a la presentaci\\u00f3n del prototipo A340 BLADE\",\"previousItem\":{\"@type\":\"ListItem\",\"@id\":\"https:\\\/\\\/www.eldigitaldeasturias.com\\\/noticias\\\/category\\\/actualidad\\\/#listItem\",\"name\":\"Actualidad\"}}]},{\"@type\":\"Organization\",\"@id\":\"https:\\\/\\\/www.eldigitaldeasturias.com\\\/noticias\\\/#organization\",\"name\":\"El Digital de Asturias\",\"description\":\"Hemeroteca\",\"url\":\"https:\\\/\\\/www.eldigitaldeasturias.com\\\/noticias\\\/\",\"email\":\"info@eldigitaldeasturias.com\",\"telephone\":\"+34652131393\",\"logo\":{\"@type\":\"ImageObject\",\"url\":\"https:\\\/\\\/www.eldigitaldeasturias.com\\\/noticias\\\/wp-content\\\/uploads\\\/2020\\\/12\\\/EDA.jpg\",\"@id\":\"https:\\\/\\\/www.eldigitaldeasturias.com\\\/noticias\\\/itainnova-asiste-en-berlin-a-la-presentacion-del-prototipo-a340-blade\\\/#organizationLogo\"},\"image\":{\"@id\":\"https:\\\/\\\/www.eldigitaldeasturias.com\\\/noticias\\\/itainnova-asiste-en-berlin-a-la-presentacion-del-prototipo-a340-blade\\\/#organizationLogo\"},\"sameAs\":[\"https:\\\/\\\/facebook.com\\\/eldigitaldeasturias\",\"https:\\\/\\\/www.youtube.com\\\/channel\\\/UCZP-2wLEB9Rv6erhFmqVnvg\"],\"address\":{\"@id\":\"https:\\\/\\\/www.eldigitaldeasturias.com\\\/noticias\\\/#postaladdress\",\"@type\":\"PostalAddress\",\"streetAddress\":\"san antonio 4\",\"postalCode\":\"33430\",\"addressLocality\":\"Cand\\u00e1s\",\"addressRegion\":\"Asturias\",\"addressCountry\":\"ES\"}},{\"@type\":\"Person\",\"@id\":\"https:\\\/\\\/www.eldigitaldeasturias.com\\\/noticias\\\/author\\\/admin\\\/#author\",\"url\":\"https:\\\/\\\/www.eldigitaldeasturias.com\\\/noticias\\\/author\\\/admin\\\/\",\"name\":\"El Digital de Asturias\",\"image\":{\"@type\":\"ImageObject\",\"@id\":\"https:\\\/\\\/www.eldigitaldeasturias.com\\\/noticias\\\/itainnova-asiste-en-berlin-a-la-presentacion-del-prototipo-a340-blade\\\/#authorImage\",\"url\":\"https:\\\/\\\/secure.gravatar.com\\\/avatar\\\/df2aeffc32bcd13f8d26072ef8a91b623d677766deac7f97ca815868cd41bf5e?s=96&d=mm&r=g\",\"width\":96,\"height\":96,\"caption\":\"El Digital de Asturias\"}},{\"@type\":\"WebPage\",\"@id\":\"https:\\\/\\\/www.eldigitaldeasturias.com\\\/noticias\\\/itainnova-asiste-en-berlin-a-la-presentacion-del-prototipo-a340-blade\\\/#webpage\",\"url\":\"https:\\\/\\\/www.eldigitaldeasturias.com\\\/noticias\\\/itainnova-asiste-en-berlin-a-la-presentacion-del-prototipo-a340-blade\\\/\",\"name\":\"ITAINNOVA asiste en Berl\\u00edn a la presentaci\\u00f3n del prototipo A340 BLADE - El Digital de Asturias\",\"description\":\"El Instituto Tecnol\\u00f3gico de Arag\\u00f3n ITAINNOVA \\u2013adscrito al Departamento de Innovaci\\u00f3n, Investigaci\\u00f3n y Universidad del Gobierno de Arag\\u00f3n- ha asistido al ILA Berl\\u00edn 2018, invitada por Airbus, para participar en la ceremonia oficial de presentaci\\u00f3n del prototipo A340 BLADE, el mayor laboratorio volante desarrollado en Europa. ITAINNOVA ha sido uno de los 20 socios participantes\",\"inLanguage\":\"es-ES\",\"isPartOf\":{\"@id\":\"https:\\\/\\\/www.eldigitaldeasturias.com\\\/noticias\\\/#website\"},\"breadcrumb\":{\"@id\":\"https:\\\/\\\/www.eldigitaldeasturias.com\\\/noticias\\\/itainnova-asiste-en-berlin-a-la-presentacion-del-prototipo-a340-blade\\\/#breadcrumblist\"},\"author\":{\"@id\":\"https:\\\/\\\/www.eldigitaldeasturias.com\\\/noticias\\\/author\\\/admin\\\/#author\"},\"creator\":{\"@id\":\"https:\\\/\\\/www.eldigitaldeasturias.com\\\/noticias\\\/author\\\/admin\\\/#author\"},\"image\":{\"@type\":\"ImageObject\",\"url\":978522,\"@id\":\"https:\\\/\\\/www.eldigitaldeasturias.com\\\/noticias\\\/itainnova-asiste-en-berlin-a-la-presentacion-del-prototipo-a340-blade\\\/#mainImage\"},\"primaryImageOfPage\":{\"@id\":\"https:\\\/\\\/www.eldigitaldeasturias.com\\\/noticias\\\/itainnova-asiste-en-berlin-a-la-presentacion-del-prototipo-a340-blade\\\/#mainImage\"},\"datePublished\":\"2018-05-02T14:49:33+02:00\",\"dateModified\":\"2018-05-02T14:49:33+02:00\"},{\"@type\":\"WebSite\",\"@id\":\"https:\\\/\\\/www.eldigitaldeasturias.com\\\/noticias\\\/#website\",\"url\":\"https:\\\/\\\/www.eldigitaldeasturias.com\\\/noticias\\\/\",\"name\":\"El Digital de Asturias - Diario de actualidad y noticias\",\"alternateName\":\"El Digital de Asturias - Diario de actualidad y noticias\",\"description\":\"Hemeroteca\",\"inLanguage\":\"es-ES\",\"publisher\":{\"@id\":\"https:\\\/\\\/www.eldigitaldeasturias.com\\\/noticias\\\/#organization\"}}]}\n\t\t<\/script>\n\t\t<!-- All in One SEO Pro -->\r\n\t\t<title>ITAINNOVA asiste en Berl\u00edn a la presentaci\u00f3n del prototipo A340 BLADE - El Digital de Asturias<\/title>\n\n","aioseo_head_json":{"title":"ITAINNOVA asiste en Berl\u00edn a la presentaci\u00f3n del prototipo A340 BLADE - El Digital de Asturias","description":"El Instituto Tecnol\u00f3gico de Arag\u00f3n ITAINNOVA \u2013adscrito al Departamento de Innovaci\u00f3n, Investigaci\u00f3n y Universidad del Gobierno de Arag\u00f3n- ha asistido al ILA Berl\u00edn 2018, invitada por Airbus, para participar en la ceremonia oficial de presentaci\u00f3n del prototipo A340 BLADE, el mayor laboratorio volante desarrollado en Europa. ITAINNOVA ha sido uno de los 20 socios participantes","canonical_url":"https:\/\/www.eldigitaldeasturias.com\/noticias\/itainnova-asiste-en-berlin-a-la-presentacion-del-prototipo-a340-blade\/","robots":"max-image-preview:large","keywords":"actualidad","webmasterTools":{"google-site-verification":"UA-38556648-1","msvalidate.01":"7dfe9f3f1b24437ab69f4f2559babe99","miscellaneous":""},"schema":{"@context":"https:\/\/schema.org","@graph":[{"@type":"BlogPosting","@id":"https:\/\/www.eldigitaldeasturias.com\/noticias\/itainnova-asiste-en-berlin-a-la-presentacion-del-prototipo-a340-blade\/#blogposting","name":"ITAINNOVA asiste en Berl\u00edn a la presentaci\u00f3n del prototipo A340 BLADE - El Digital de Asturias","headline":"ITAINNOVA asiste en Berl\u00edn a la presentaci\u00f3n del prototipo A340 BLADE","author":{"@id":"https:\/\/www.eldigitaldeasturias.com\/noticias\/author\/admin\/#author"},"publisher":{"@id":"https:\/\/www.eldigitaldeasturias.com\/noticias\/#organization"},"image":{"@type":"ImageObject","url":978522},"datePublished":"2018-05-02T14:49:33+02:00","dateModified":"2018-05-02T14:49:33+02:00","inLanguage":"es-ES","mainEntityOfPage":{"@id":"https:\/\/www.eldigitaldeasturias.com\/noticias\/itainnova-asiste-en-berlin-a-la-presentacion-del-prototipo-a340-blade\/#webpage"},"isPartOf":{"@id":"https:\/\/www.eldigitaldeasturias.com\/noticias\/itainnova-asiste-en-berlin-a-la-presentacion-del-prototipo-a340-blade\/#webpage"},"articleSection":"Actualidad"},{"@type":"BreadcrumbList","@id":"https:\/\/www.eldigitaldeasturias.com\/noticias\/itainnova-asiste-en-berlin-a-la-presentacion-del-prototipo-a340-blade\/#breadcrumblist","itemListElement":[{"@type":"ListItem","@id":"https:\/\/www.eldigitaldeasturias.com\/noticias#listItem","position":1,"name":"Home","item":"https:\/\/www.eldigitaldeasturias.com\/noticias","nextItem":{"@type":"ListItem","@id":"https:\/\/www.eldigitaldeasturias.com\/noticias\/category\/actualidad\/#listItem","name":"Actualidad"}},{"@type":"ListItem","@id":"https:\/\/www.eldigitaldeasturias.com\/noticias\/category\/actualidad\/#listItem","position":2,"name":"Actualidad","item":"https:\/\/www.eldigitaldeasturias.com\/noticias\/category\/actualidad\/","nextItem":{"@type":"ListItem","@id":"https:\/\/www.eldigitaldeasturias.com\/noticias\/itainnova-asiste-en-berlin-a-la-presentacion-del-prototipo-a340-blade\/#listItem","name":"ITAINNOVA asiste en Berl\u00edn a la presentaci\u00f3n del prototipo A340 BLADE"},"previousItem":{"@type":"ListItem","@id":"https:\/\/www.eldigitaldeasturias.com\/noticias#listItem","name":"Home"}},{"@type":"ListItem","@id":"https:\/\/www.eldigitaldeasturias.com\/noticias\/itainnova-asiste-en-berlin-a-la-presentacion-del-prototipo-a340-blade\/#listItem","position":3,"name":"ITAINNOVA asiste en Berl\u00edn a la presentaci\u00f3n del prototipo A340 BLADE","previousItem":{"@type":"ListItem","@id":"https:\/\/www.eldigitaldeasturias.com\/noticias\/category\/actualidad\/#listItem","name":"Actualidad"}}]},{"@type":"Organization","@id":"https:\/\/www.eldigitaldeasturias.com\/noticias\/#organization","name":"El Digital de Asturias","description":"Hemeroteca","url":"https:\/\/www.eldigitaldeasturias.com\/noticias\/","email":"info@eldigitaldeasturias.com","telephone":"+34652131393","logo":{"@type":"ImageObject","url":"https:\/\/www.eldigitaldeasturias.com\/noticias\/wp-content\/uploads\/2020\/12\/EDA.jpg","@id":"https:\/\/www.eldigitaldeasturias.com\/noticias\/itainnova-asiste-en-berlin-a-la-presentacion-del-prototipo-a340-blade\/#organizationLogo"},"image":{"@id":"https:\/\/www.eldigitaldeasturias.com\/noticias\/itainnova-asiste-en-berlin-a-la-presentacion-del-prototipo-a340-blade\/#organizationLogo"},"sameAs":["https:\/\/facebook.com\/eldigitaldeasturias","https:\/\/www.youtube.com\/channel\/UCZP-2wLEB9Rv6erhFmqVnvg"],"address":{"@id":"https:\/\/www.eldigitaldeasturias.com\/noticias\/#postaladdress","@type":"PostalAddress","streetAddress":"san antonio 4","postalCode":"33430","addressLocality":"Cand\u00e1s","addressRegion":"Asturias","addressCountry":"ES"}},{"@type":"Person","@id":"https:\/\/www.eldigitaldeasturias.com\/noticias\/author\/admin\/#author","url":"https:\/\/www.eldigitaldeasturias.com\/noticias\/author\/admin\/","name":"El Digital de Asturias","image":{"@type":"ImageObject","@id":"https:\/\/www.eldigitaldeasturias.com\/noticias\/itainnova-asiste-en-berlin-a-la-presentacion-del-prototipo-a340-blade\/#authorImage","url":"https:\/\/secure.gravatar.com\/avatar\/df2aeffc32bcd13f8d26072ef8a91b623d677766deac7f97ca815868cd41bf5e?s=96&d=mm&r=g","width":96,"height":96,"caption":"El Digital de Asturias"}},{"@type":"WebPage","@id":"https:\/\/www.eldigitaldeasturias.com\/noticias\/itainnova-asiste-en-berlin-a-la-presentacion-del-prototipo-a340-blade\/#webpage","url":"https:\/\/www.eldigitaldeasturias.com\/noticias\/itainnova-asiste-en-berlin-a-la-presentacion-del-prototipo-a340-blade\/","name":"ITAINNOVA asiste en Berl\u00edn a la presentaci\u00f3n del prototipo A340 BLADE - El Digital de Asturias","description":"El Instituto Tecnol\u00f3gico de Arag\u00f3n ITAINNOVA \u2013adscrito al Departamento de Innovaci\u00f3n, Investigaci\u00f3n y Universidad del Gobierno de Arag\u00f3n- ha asistido al ILA Berl\u00edn 2018, invitada por Airbus, para participar en la ceremonia oficial de presentaci\u00f3n del prototipo A340 BLADE, el mayor laboratorio volante desarrollado en Europa. ITAINNOVA ha sido uno de los 20 socios participantes","inLanguage":"es-ES","isPartOf":{"@id":"https:\/\/www.eldigitaldeasturias.com\/noticias\/#website"},"breadcrumb":{"@id":"https:\/\/www.eldigitaldeasturias.com\/noticias\/itainnova-asiste-en-berlin-a-la-presentacion-del-prototipo-a340-blade\/#breadcrumblist"},"author":{"@id":"https:\/\/www.eldigitaldeasturias.com\/noticias\/author\/admin\/#author"},"creator":{"@id":"https:\/\/www.eldigitaldeasturias.com\/noticias\/author\/admin\/#author"},"image":{"@type":"ImageObject","url":978522,"@id":"https:\/\/www.eldigitaldeasturias.com\/noticias\/itainnova-asiste-en-berlin-a-la-presentacion-del-prototipo-a340-blade\/#mainImage"},"primaryImageOfPage":{"@id":"https:\/\/www.eldigitaldeasturias.com\/noticias\/itainnova-asiste-en-berlin-a-la-presentacion-del-prototipo-a340-blade\/#mainImage"},"datePublished":"2018-05-02T14:49:33+02:00","dateModified":"2018-05-02T14:49:33+02:00"},{"@type":"WebSite","@id":"https:\/\/www.eldigitaldeasturias.com\/noticias\/#website","url":"https:\/\/www.eldigitaldeasturias.com\/noticias\/","name":"El Digital de Asturias - Diario de actualidad y noticias","alternateName":"El Digital de Asturias - Diario de actualidad y noticias","description":"Hemeroteca","inLanguage":"es-ES","publisher":{"@id":"https:\/\/www.eldigitaldeasturias.com\/noticias\/#organization"}}]},"og:locale":"es_ES","og:site_name":"El Digital de Asturias","og:type":"article","og:title":"ITAINNOVA asiste en Berl\u00edn a la presentaci\u00f3n del prototipo A340 BLADE - El Digital de Asturias","og:description":"El Instituto Tecnol\u00f3gico de Arag\u00f3n ITAINNOVA \u2013adscrito al Departamento de Innovaci\u00f3n, Investigaci\u00f3n y Universidad del Gobierno de Arag\u00f3n- ha asistido al ILA Berl\u00edn 2018, invitada por Airbus, para participar en la ceremonia oficial de presentaci\u00f3n del prototipo A340 BLADE, el mayor laboratorio volante desarrollado en Europa. ITAINNOVA ha sido uno de los 20 socios participantes","og:url":"https:\/\/www.eldigitaldeasturias.com\/noticias\/itainnova-asiste-en-berlin-a-la-presentacion-del-prototipo-a340-blade\/","article:tag":["actualidad"],"article:published_time":"2018-05-02T14:49:33+00:00","article:modified_time":"2018-05-02T14:49:33+00:00","article:publisher":"https:\/\/facebook.com\/eldigitaldeasturias","twitter:card":"summary_large_image","twitter:title":"ITAINNOVA asiste en Berl\u00edn a la presentaci\u00f3n del prototipo A340 BLADE - El Digital de Asturias","twitter:description":"El Instituto Tecnol\u00f3gico de Arag\u00f3n ITAINNOVA \u2013adscrito al Departamento de Innovaci\u00f3n, Investigaci\u00f3n y Universidad del Gobierno de Arag\u00f3n- ha asistido al ILA Berl\u00edn 2018, invitada por Airbus, para participar en la ceremonia oficial de presentaci\u00f3n del prototipo A340 BLADE, el mayor laboratorio volante desarrollado en Europa. ITAINNOVA ha sido uno de los 20 socios participantes","twitter:image":"https:\/\/www.eldigitaldeasturias.com\/noticias\/wp-content\/uploads\/2020\/12\/EDA-1.jpg","twitter:label1":"Escrito por","twitter:data1":"El Digital de Asturias","twitter:label2":"Tiempo de lectura estimado","twitter:data2":"2 minutos"},"aioseo_meta_data":{"post_id":"978521","title":null,"description":null,"keywords":null,"keyphrases":null,"primary_term":null,"canonical_url":null,"og_title":null,"og_description":null,"og_object_type":"default","og_image_type":"default","og_image_url":null,"og_image_width":null,"og_image_height":null,"og_image_custom_url":null,"og_image_custom_fields":null,"og_video":null,"og_custom_url":null,"og_article_section":null,"og_article_tags":null,"twitter_use_og":false,"twitter_card":"default","twitter_image_type":"default","twitter_image_url":null,"twitter_image_custom_url":null,"twitter_image_custom_fields":null,"twitter_title":null,"twitter_description":null,"schema":{"blockGraphs":[],"customGraphs":[],"default":{"data":{"Article":[],"Course":[],"Dataset":[],"FAQPage":[],"Movie":[],"Person":[],"Product":[],"ProductReview":[],"Car":[],"Recipe":[],"Service":[],"SoftwareApplication":[],"WebPage":[]},"graphName":"","isEnabled":true},"graphs":[],"defaultGraph":"","defaultPostTypeGraph":""},"schema_type":null,"schema_type_options":null,"pillar_content":false,"robots_default":true,"robots_noindex":false,"robots_noarchive":false,"robots_nosnippet":false,"robots_nofollow":false,"robots_noimageindex":false,"robots_noodp":false,"robots_notranslate":false,"robots_max_snippet":null,"robots_max_videopreview":null,"robots_max_imagepreview":"large","priority":null,"frequency":null,"local_seo":null,"seo_analyzer_scan_date":"2025-10-08 11:08:14","breadcrumb_settings":null,"limit_modified_date":false,"open_ai":null,"ai":null,"created":"2020-12-21 12:02:37","updated":"2025-10-08 11:08:14","focus_keyword":null,"additional_keywords":null,"truseo_locale":null},"aioseo_breadcrumb":"<div class=\"aioseo-breadcrumbs\"><span class=\"aioseo-breadcrumb\">\n\t<a href=\"https:\/\/www.eldigitaldeasturias.com\/noticias\" title=\"Home\">Home<\/a>\n<\/span><span class=\"aioseo-breadcrumb-separator\">\u2013<\/span><span class=\"aioseo-breadcrumb\">\n\t<a href=\"https:\/\/www.eldigitaldeasturias.com\/noticias\/category\/actualidad\/\" title=\"Actualidad\">Actualidad<\/a>\n<\/span><span class=\"aioseo-breadcrumb-separator\">\u2013<\/span><span class=\"aioseo-breadcrumb\">\n\t<a href=\"https:\/\/www.eldigitaldeasturias.com\/noticias\/itainnova-asiste-en-berlin-a-la-presentacion-del-prototipo-a340-blade\/\" title=\"ITAINNOVA asiste en Berl\u00edn a la presentaci\u00f3n del prototipo A340 BLADE\">ITAINNOVA asiste en Berl\u00edn a la presentaci\u00f3n del prototipo A340 BLADE<\/a>\n<\/span><\/div>","aioseo_breadcrumb_json":[{"label":"Home","link":"https:\/\/www.eldigitaldeasturias.com\/noticias"},{"label":"Actualidad","link":"https:\/\/www.eldigitaldeasturias.com\/noticias\/category\/actualidad\/"},{"label":"ITAINNOVA asiste en Berl\u00edn a la presentaci\u00f3n del prototipo A340 BLADE","link":"https:\/\/www.eldigitaldeasturias.com\/noticias\/itainnova-asiste-en-berlin-a-la-presentacion-del-prototipo-a340-blade\/"}],"_links":{"self":[{"href":"https:\/\/www.eldigitaldeasturias.com\/noticias\/wp-json\/wp\/v2\/posts\/978521","targetHints":{"allow":["GET"]}}],"collection":[{"href":"https:\/\/www.eldigitaldeasturias.com\/noticias\/wp-json\/wp\/v2\/posts"}],"about":[{"href":"https:\/\/www.eldigitaldeasturias.com\/noticias\/wp-json\/wp\/v2\/types\/post"}],"author":[{"embeddable":true,"href":"https:\/\/www.eldigitaldeasturias.com\/noticias\/wp-json\/wp\/v2\/users\/1"}],"replies":[{"embeddable":true,"href":"https:\/\/www.eldigitaldeasturias.com\/noticias\/wp-json\/wp\/v2\/comments?post=978521"}],"version-history":[{"count":0,"href":"https:\/\/www.eldigitaldeasturias.com\/noticias\/wp-json\/wp\/v2\/posts\/978521\/revisions"}],"wp:attachment":[{"href":"https:\/\/www.eldigitaldeasturias.com\/noticias\/wp-json\/wp\/v2\/media?parent=978521"}],"wp:term":[{"taxonomy":"category","embeddable":true,"href":"https:\/\/www.eldigitaldeasturias.com\/noticias\/wp-json\/wp\/v2\/categories?post=978521"},{"taxonomy":"post_tag","embeddable":true,"href":"https:\/\/www.eldigitaldeasturias.com\/noticias\/wp-json\/wp\/v2\/tags?post=978521"}],"curies":[{"name":"wp","href":"https:\/\/api.w.org\/{rel}","templated":true}]}}