{"id":978514,"date":"2018-05-01T23:21:53","date_gmt":"2018-05-01T23:21:53","guid":{"rendered":"http:\/\/www.eldigitaldeasturias.com\/noticias\/?p=978514"},"modified":"2018-05-01T23:21:53","modified_gmt":"2018-05-01T23:21:53","slug":"le-pen-pide-otra-europa-en-la-cumbre-de-niza","status":"publish","type":"post","link":"https:\/\/www.eldigitaldeasturias.com\/noticias\/le-pen-pide-otra-europa-en-la-cumbre-de-niza\/","title":{"rendered":"Le Pen pide \u00abotra Europa\u00bb en la cumbre de Niza"},"content":{"rendered":"<p><img loading=\"lazy\" decoding=\"async\" class=\"alignleft size-medium wp-image-837237\" src=\"https:\/\/www.eldigitaldeasturias.com\/noticias\/wp-content\/uploads\/2015\/12\/fotonoticia_20151217125840_800-360x226.jpg\" alt=\"\" width=\"360\" height=\"226\" \/>Niza, 1 may (dpa) &#8211; La l\u00edder del partido derechista franc\u00e9s Frente Nacional, Marine Le Pen, se mostr\u00f3 optimista con respecto a la posibilidad de un triunfo de los movimientos populistas en Europa, en el marco de la denominada \u00abFiesta de las Naciones\u00bb que se celebra en Niza con la presencia de l\u00edderes derechistas del continente.<\/p>\n<p>\u00abLa perspectiva de lograr una mayor\u00eda para otra Europa no es tan improbable\u00bb, dijo Le Pen durante el acto celebrado en esa localidad francesa, que cont\u00f3 con la presencia de representantes de otros partidos como el partido ultraderechista italiano Liga y el Partido de la Libertad de Austria (FP\u00d6).<\/p>\n<p>Le Pen volvi\u00f3 a atacar duramente a la Uni\u00f3n Europea (UE) y pidi\u00f3 en su lugar una \u00abEuropa de naciones\u00bb. El Frente Nacional integra junto a otros partidos el denominado Movimiento por una Europa de Naciones y Libertad.<\/p>\n<p>Asimismo, se mostr\u00f3 confiada en movilizarse de manera conjunta con partidos aliados bajo \u00abobjetivos comunes\u00bb en el marco de las pr\u00f3ximas elecciones parlamentarias del bloque, en particular con otros legisladores a fin de cambiar \u00abla naturaleza\u00bb de la UE.<\/p>\n<p>El Frente Nacional (FN) es desde hace varias d\u00e9cadas una importante fuerza pol\u00edtica. El partido liderado por Marine Le Pen intenta proyectar una imagen conservadora en vez de ultraderechista. En las presidenciales qued\u00f3 como segunda fuerza por detr\u00e1s de Emmanuel Macron.<\/p>\n","protected":false},"excerpt":{"rendered":"<p>Niza, 1 may (dpa) &#8211; La l\u00edder del partido derechista franc\u00e9s Frente Nacional, Marine Le Pen, se mostr\u00f3 optimista con respecto a la posibilidad de un triunfo de los movimientos populistas en Europa, en el marco de la denominada \u00abFiesta de las Naciones\u00bb que se celebra en Niza con la presencia de l\u00edderes derechistas del [&hellip;]<\/p>\n","protected":false},"author":1,"featured_media":837237,"comment_status":"closed","ping_status":"closed","sticky":false,"template":"","format":"standard","meta":{"footnotes":""},"categories":[1],"tags":[],"class_list":["post-978514","post","type-post","status-publish","format-standard","has-post-thumbnail","hentry","category-actualidad"],"aioseo_notices":[],"aioseo_head":"\n\t\t<!-- All in One SEO Pro 5.0.1 - aioseo.com -->\n\t<meta name=\"description\" content=\"Niza, 1 may (dpa) - La l\u00edder del partido derechista franc\u00e9s Frente Nacional, Marine Le Pen, se mostr\u00f3 optimista con respecto a la posibilidad de un triunfo de los movimientos populistas en Europa, en el marco de la denominada &quot;Fiesta de las Naciones&quot; que se celebra en Niza con la presencia de l\u00edderes derechistas del\" \/>\n\t<meta name=\"robots\" content=\"max-image-preview:large\" \/>\n\t<meta name=\"author\" content=\"El Digital de Asturias\"\/>\n\t<meta name=\"google-site-verification\" content=\"UA-38556648-1\" \/>\n\t<meta name=\"msvalidate.01\" content=\"7dfe9f3f1b24437ab69f4f2559babe99\" \/>\n\t<meta name=\"keywords\" content=\"actualidad\" \/>\n\t<link rel=\"canonical\" href=\"https:\/\/www.eldigitaldeasturias.com\/noticias\/le-pen-pide-otra-europa-en-la-cumbre-de-niza\/\" \/>\n\t<meta name=\"generator\" content=\"All in One SEO Pro (AIOSEO) 5.0.1\" \/>\n\t\t<meta property=\"og:locale\" content=\"es_ES\" \/>\n\t\t<meta property=\"og:site_name\" content=\"El Digital de Asturias\" \/>\n\t\t<meta property=\"og:type\" content=\"article\" \/>\n\t\t<meta property=\"og:title\" content=\"Le Pen pide \u00abotra Europa\u00bb en la cumbre de Niza - El Digital de Asturias\" \/>\n\t\t<meta property=\"og:description\" content=\"Niza, 1 may (dpa) - La l\u00edder del partido derechista franc\u00e9s Frente Nacional, Marine Le Pen, se mostr\u00f3 optimista con respecto a la posibilidad de un triunfo de los movimientos populistas en Europa, en el marco de la denominada &quot;Fiesta de las Naciones&quot; que se celebra en Niza con la presencia de l\u00edderes derechistas del\" \/>\n\t\t<meta property=\"og:url\" content=\"https:\/\/www.eldigitaldeasturias.com\/noticias\/le-pen-pide-otra-europa-en-la-cumbre-de-niza\/\" \/>\n\t\t<meta property=\"article:tag\" content=\"actualidad\" \/>\n\t\t<meta property=\"article:published_time\" content=\"2018-05-01T23:21:53+00:00\" \/>\n\t\t<meta property=\"article:modified_time\" content=\"2018-05-01T23:21:53+00:00\" \/>\n\t\t<meta property=\"article:publisher\" content=\"https:\/\/facebook.com\/eldigitaldeasturias\" \/>\n\t\t<meta name=\"twitter:card\" content=\"summary_large_image\" \/>\n\t\t<meta name=\"twitter:title\" content=\"Le Pen pide \u00abotra Europa\u00bb en la cumbre de Niza - El Digital de Asturias\" \/>\n\t\t<meta name=\"twitter:description\" content=\"Niza, 1 may (dpa) - La l\u00edder del partido derechista franc\u00e9s Frente Nacional, Marine Le Pen, se mostr\u00f3 optimista con respecto a la posibilidad de un triunfo de los movimientos populistas en Europa, en el marco de la denominada &quot;Fiesta de las Naciones&quot; que se celebra en Niza con la presencia de l\u00edderes derechistas del\" \/>\n\t\t<meta name=\"twitter:image\" content=\"https:\/\/www.eldigitaldeasturias.com\/noticias\/wp-content\/uploads\/2020\/12\/EDA-1.jpg\" \/>\n\t\t<meta name=\"twitter:label1\" content=\"Escrito por\" \/>\n\t\t<meta name=\"twitter:data1\" content=\"El Digital de Asturias\" \/>\n\t\t<meta name=\"twitter:label2\" content=\"Tiempo de lectura estimado\" \/>\n\t\t<meta name=\"twitter:data2\" content=\"1 minuto\" \/>\n\t\t<script type=\"application\/ld+json\" class=\"aioseo-schema\">\n\t\t\t{\"@context\":\"https:\\\/\\\/schema.org\",\"@graph\":[{\"@type\":\"BlogPosting\",\"@id\":\"https:\\\/\\\/www.eldigitaldeasturias.com\\\/noticias\\\/le-pen-pide-otra-europa-en-la-cumbre-de-niza\\\/#blogposting\",\"name\":\"Le Pen pide \\u00abotra Europa\\u00bb en la cumbre de Niza - El Digital de Asturias\",\"headline\":\"Le Pen pide \\u00abotra Europa\\u00bb en la cumbre de Niza\",\"author\":{\"@id\":\"https:\\\/\\\/www.eldigitaldeasturias.com\\\/noticias\\\/author\\\/admin\\\/#author\"},\"publisher\":{\"@id\":\"https:\\\/\\\/www.eldigitaldeasturias.com\\\/noticias\\\/#organization\"},\"image\":{\"@type\":\"ImageObject\",\"url\":837237},\"datePublished\":\"2018-05-01T23:21:53+02:00\",\"dateModified\":\"2018-05-01T23:21:53+02:00\",\"inLanguage\":\"es-ES\",\"mainEntityOfPage\":{\"@id\":\"https:\\\/\\\/www.eldigitaldeasturias.com\\\/noticias\\\/le-pen-pide-otra-europa-en-la-cumbre-de-niza\\\/#webpage\"},\"isPartOf\":{\"@id\":\"https:\\\/\\\/www.eldigitaldeasturias.com\\\/noticias\\\/le-pen-pide-otra-europa-en-la-cumbre-de-niza\\\/#webpage\"},\"articleSection\":\"Actualidad\"},{\"@type\":\"BreadcrumbList\",\"@id\":\"https:\\\/\\\/www.eldigitaldeasturias.com\\\/noticias\\\/le-pen-pide-otra-europa-en-la-cumbre-de-niza\\\/#breadcrumblist\",\"itemListElement\":[{\"@type\":\"ListItem\",\"@id\":\"https:\\\/\\\/www.eldigitaldeasturias.com\\\/noticias#listItem\",\"position\":1,\"name\":\"Home\",\"item\":\"https:\\\/\\\/www.eldigitaldeasturias.com\\\/noticias\",\"nextItem\":{\"@type\":\"ListItem\",\"@id\":\"https:\\\/\\\/www.eldigitaldeasturias.com\\\/noticias\\\/category\\\/actualidad\\\/#listItem\",\"name\":\"Actualidad\"}},{\"@type\":\"ListItem\",\"@id\":\"https:\\\/\\\/www.eldigitaldeasturias.com\\\/noticias\\\/category\\\/actualidad\\\/#listItem\",\"position\":2,\"name\":\"Actualidad\",\"item\":\"https:\\\/\\\/www.eldigitaldeasturias.com\\\/noticias\\\/category\\\/actualidad\\\/\",\"nextItem\":{\"@type\":\"ListItem\",\"@id\":\"https:\\\/\\\/www.eldigitaldeasturias.com\\\/noticias\\\/le-pen-pide-otra-europa-en-la-cumbre-de-niza\\\/#listItem\",\"name\":\"Le Pen pide \\u00abotra Europa\\u00bb en la cumbre de Niza\"},\"previousItem\":{\"@type\":\"ListItem\",\"@id\":\"https:\\\/\\\/www.eldigitaldeasturias.com\\\/noticias#listItem\",\"name\":\"Home\"}},{\"@type\":\"ListItem\",\"@id\":\"https:\\\/\\\/www.eldigitaldeasturias.com\\\/noticias\\\/le-pen-pide-otra-europa-en-la-cumbre-de-niza\\\/#listItem\",\"position\":3,\"name\":\"Le Pen pide \\u00abotra Europa\\u00bb en la cumbre de Niza\",\"previousItem\":{\"@type\":\"ListItem\",\"@id\":\"https:\\\/\\\/www.eldigitaldeasturias.com\\\/noticias\\\/category\\\/actualidad\\\/#listItem\",\"name\":\"Actualidad\"}}]},{\"@type\":\"Organization\",\"@id\":\"https:\\\/\\\/www.eldigitaldeasturias.com\\\/noticias\\\/#organization\",\"name\":\"El Digital de Asturias\",\"description\":\"Hemeroteca\",\"url\":\"https:\\\/\\\/www.eldigitaldeasturias.com\\\/noticias\\\/\",\"email\":\"info@eldigitaldeasturias.com\",\"telephone\":\"+34652131393\",\"logo\":{\"@type\":\"ImageObject\",\"url\":\"https:\\\/\\\/www.eldigitaldeasturias.com\\\/noticias\\\/wp-content\\\/uploads\\\/2020\\\/12\\\/EDA.jpg\",\"@id\":\"https:\\\/\\\/www.eldigitaldeasturias.com\\\/noticias\\\/le-pen-pide-otra-europa-en-la-cumbre-de-niza\\\/#organizationLogo\"},\"image\":{\"@id\":\"https:\\\/\\\/www.eldigitaldeasturias.com\\\/noticias\\\/le-pen-pide-otra-europa-en-la-cumbre-de-niza\\\/#organizationLogo\"},\"sameAs\":[\"https:\\\/\\\/facebook.com\\\/eldigitaldeasturias\",\"https:\\\/\\\/www.youtube.com\\\/channel\\\/UCZP-2wLEB9Rv6erhFmqVnvg\"],\"address\":{\"@id\":\"https:\\\/\\\/www.eldigitaldeasturias.com\\\/noticias\\\/#postaladdress\",\"@type\":\"PostalAddress\",\"streetAddress\":\"san antonio 4\",\"postalCode\":\"33430\",\"addressLocality\":\"Cand\\u00e1s\",\"addressRegion\":\"Asturias\",\"addressCountry\":\"ES\"}},{\"@type\":\"Person\",\"@id\":\"https:\\\/\\\/www.eldigitaldeasturias.com\\\/noticias\\\/author\\\/admin\\\/#author\",\"url\":\"https:\\\/\\\/www.eldigitaldeasturias.com\\\/noticias\\\/author\\\/admin\\\/\",\"name\":\"El Digital de Asturias\",\"image\":{\"@type\":\"ImageObject\",\"@id\":\"https:\\\/\\\/www.eldigitaldeasturias.com\\\/noticias\\\/le-pen-pide-otra-europa-en-la-cumbre-de-niza\\\/#authorImage\",\"url\":\"https:\\\/\\\/secure.gravatar.com\\\/avatar\\\/df2aeffc32bcd13f8d26072ef8a91b623d677766deac7f97ca815868cd41bf5e?s=96&d=mm&r=g\",\"width\":96,\"height\":96,\"caption\":\"El Digital de Asturias\"}},{\"@type\":\"WebPage\",\"@id\":\"https:\\\/\\\/www.eldigitaldeasturias.com\\\/noticias\\\/le-pen-pide-otra-europa-en-la-cumbre-de-niza\\\/#webpage\",\"url\":\"https:\\\/\\\/www.eldigitaldeasturias.com\\\/noticias\\\/le-pen-pide-otra-europa-en-la-cumbre-de-niza\\\/\",\"name\":\"Le Pen pide \\u00abotra Europa\\u00bb en la cumbre de Niza - El Digital de Asturias\",\"description\":\"Niza, 1 may (dpa) - La l\\u00edder del partido derechista franc\\u00e9s Frente Nacional, Marine Le Pen, se mostr\\u00f3 optimista con respecto a la posibilidad de un triunfo de los movimientos populistas en Europa, en el marco de la denominada \\\"Fiesta de las Naciones\\\" que se celebra en Niza con la presencia de l\\u00edderes derechistas del\",\"inLanguage\":\"es-ES\",\"isPartOf\":{\"@id\":\"https:\\\/\\\/www.eldigitaldeasturias.com\\\/noticias\\\/#website\"},\"breadcrumb\":{\"@id\":\"https:\\\/\\\/www.eldigitaldeasturias.com\\\/noticias\\\/le-pen-pide-otra-europa-en-la-cumbre-de-niza\\\/#breadcrumblist\"},\"author\":{\"@id\":\"https:\\\/\\\/www.eldigitaldeasturias.com\\\/noticias\\\/author\\\/admin\\\/#author\"},\"creator\":{\"@id\":\"https:\\\/\\\/www.eldigitaldeasturias.com\\\/noticias\\\/author\\\/admin\\\/#author\"},\"image\":{\"@type\":\"ImageObject\",\"url\":837237,\"@id\":\"https:\\\/\\\/www.eldigitaldeasturias.com\\\/noticias\\\/le-pen-pide-otra-europa-en-la-cumbre-de-niza\\\/#mainImage\"},\"primaryImageOfPage\":{\"@id\":\"https:\\\/\\\/www.eldigitaldeasturias.com\\\/noticias\\\/le-pen-pide-otra-europa-en-la-cumbre-de-niza\\\/#mainImage\"},\"datePublished\":\"2018-05-01T23:21:53+02:00\",\"dateModified\":\"2018-05-01T23:21:53+02:00\"},{\"@type\":\"WebSite\",\"@id\":\"https:\\\/\\\/www.eldigitaldeasturias.com\\\/noticias\\\/#website\",\"url\":\"https:\\\/\\\/www.eldigitaldeasturias.com\\\/noticias\\\/\",\"name\":\"El Digital de Asturias - Diario de actualidad y noticias\",\"alternateName\":\"El Digital de Asturias - Diario de actualidad y noticias\",\"description\":\"Hemeroteca\",\"inLanguage\":\"es-ES\",\"publisher\":{\"@id\":\"https:\\\/\\\/www.eldigitaldeasturias.com\\\/noticias\\\/#organization\"}}]}\n\t\t<\/script>\n\t\t<!-- All in One SEO Pro -->\r\n\t\t<title>Le Pen pide \u00abotra Europa\u00bb en la cumbre de Niza - El Digital de Asturias<\/title>\n\n","aioseo_head_json":{"title":"Le Pen pide \u00abotra Europa\u00bb en la cumbre de Niza - El Digital de Asturias","description":"Niza, 1 may (dpa) - La l\u00edder del partido derechista franc\u00e9s Frente Nacional, Marine Le Pen, se mostr\u00f3 optimista con respecto a la posibilidad de un triunfo de los movimientos populistas en Europa, en el marco de la denominada \"Fiesta de las Naciones\" que se celebra en Niza con la presencia de l\u00edderes derechistas del","canonical_url":"https:\/\/www.eldigitaldeasturias.com\/noticias\/le-pen-pide-otra-europa-en-la-cumbre-de-niza\/","robots":"max-image-preview:large","keywords":"actualidad","webmasterTools":{"google-site-verification":"UA-38556648-1","msvalidate.01":"7dfe9f3f1b24437ab69f4f2559babe99","miscellaneous":""},"schema":{"@context":"https:\/\/schema.org","@graph":[{"@type":"BlogPosting","@id":"https:\/\/www.eldigitaldeasturias.com\/noticias\/le-pen-pide-otra-europa-en-la-cumbre-de-niza\/#blogposting","name":"Le Pen pide \u00abotra Europa\u00bb en la cumbre de Niza - El Digital de Asturias","headline":"Le Pen pide \u00abotra Europa\u00bb en la cumbre de Niza","author":{"@id":"https:\/\/www.eldigitaldeasturias.com\/noticias\/author\/admin\/#author"},"publisher":{"@id":"https:\/\/www.eldigitaldeasturias.com\/noticias\/#organization"},"image":{"@type":"ImageObject","url":837237},"datePublished":"2018-05-01T23:21:53+02:00","dateModified":"2018-05-01T23:21:53+02:00","inLanguage":"es-ES","mainEntityOfPage":{"@id":"https:\/\/www.eldigitaldeasturias.com\/noticias\/le-pen-pide-otra-europa-en-la-cumbre-de-niza\/#webpage"},"isPartOf":{"@id":"https:\/\/www.eldigitaldeasturias.com\/noticias\/le-pen-pide-otra-europa-en-la-cumbre-de-niza\/#webpage"},"articleSection":"Actualidad"},{"@type":"BreadcrumbList","@id":"https:\/\/www.eldigitaldeasturias.com\/noticias\/le-pen-pide-otra-europa-en-la-cumbre-de-niza\/#breadcrumblist","itemListElement":[{"@type":"ListItem","@id":"https:\/\/www.eldigitaldeasturias.com\/noticias#listItem","position":1,"name":"Home","item":"https:\/\/www.eldigitaldeasturias.com\/noticias","nextItem":{"@type":"ListItem","@id":"https:\/\/www.eldigitaldeasturias.com\/noticias\/category\/actualidad\/#listItem","name":"Actualidad"}},{"@type":"ListItem","@id":"https:\/\/www.eldigitaldeasturias.com\/noticias\/category\/actualidad\/#listItem","position":2,"name":"Actualidad","item":"https:\/\/www.eldigitaldeasturias.com\/noticias\/category\/actualidad\/","nextItem":{"@type":"ListItem","@id":"https:\/\/www.eldigitaldeasturias.com\/noticias\/le-pen-pide-otra-europa-en-la-cumbre-de-niza\/#listItem","name":"Le Pen pide \u00abotra Europa\u00bb en la cumbre de Niza"},"previousItem":{"@type":"ListItem","@id":"https:\/\/www.eldigitaldeasturias.com\/noticias#listItem","name":"Home"}},{"@type":"ListItem","@id":"https:\/\/www.eldigitaldeasturias.com\/noticias\/le-pen-pide-otra-europa-en-la-cumbre-de-niza\/#listItem","position":3,"name":"Le Pen pide \u00abotra Europa\u00bb en la cumbre de Niza","previousItem":{"@type":"ListItem","@id":"https:\/\/www.eldigitaldeasturias.com\/noticias\/category\/actualidad\/#listItem","name":"Actualidad"}}]},{"@type":"Organization","@id":"https:\/\/www.eldigitaldeasturias.com\/noticias\/#organization","name":"El Digital de Asturias","description":"Hemeroteca","url":"https:\/\/www.eldigitaldeasturias.com\/noticias\/","email":"info@eldigitaldeasturias.com","telephone":"+34652131393","logo":{"@type":"ImageObject","url":"https:\/\/www.eldigitaldeasturias.com\/noticias\/wp-content\/uploads\/2020\/12\/EDA.jpg","@id":"https:\/\/www.eldigitaldeasturias.com\/noticias\/le-pen-pide-otra-europa-en-la-cumbre-de-niza\/#organizationLogo"},"image":{"@id":"https:\/\/www.eldigitaldeasturias.com\/noticias\/le-pen-pide-otra-europa-en-la-cumbre-de-niza\/#organizationLogo"},"sameAs":["https:\/\/facebook.com\/eldigitaldeasturias","https:\/\/www.youtube.com\/channel\/UCZP-2wLEB9Rv6erhFmqVnvg"],"address":{"@id":"https:\/\/www.eldigitaldeasturias.com\/noticias\/#postaladdress","@type":"PostalAddress","streetAddress":"san antonio 4","postalCode":"33430","addressLocality":"Cand\u00e1s","addressRegion":"Asturias","addressCountry":"ES"}},{"@type":"Person","@id":"https:\/\/www.eldigitaldeasturias.com\/noticias\/author\/admin\/#author","url":"https:\/\/www.eldigitaldeasturias.com\/noticias\/author\/admin\/","name":"El Digital de Asturias","image":{"@type":"ImageObject","@id":"https:\/\/www.eldigitaldeasturias.com\/noticias\/le-pen-pide-otra-europa-en-la-cumbre-de-niza\/#authorImage","url":"https:\/\/secure.gravatar.com\/avatar\/df2aeffc32bcd13f8d26072ef8a91b623d677766deac7f97ca815868cd41bf5e?s=96&d=mm&r=g","width":96,"height":96,"caption":"El Digital de Asturias"}},{"@type":"WebPage","@id":"https:\/\/www.eldigitaldeasturias.com\/noticias\/le-pen-pide-otra-europa-en-la-cumbre-de-niza\/#webpage","url":"https:\/\/www.eldigitaldeasturias.com\/noticias\/le-pen-pide-otra-europa-en-la-cumbre-de-niza\/","name":"Le Pen pide \u00abotra Europa\u00bb en la cumbre de Niza - El Digital de Asturias","description":"Niza, 1 may (dpa) - La l\u00edder del partido derechista franc\u00e9s Frente Nacional, Marine Le Pen, se mostr\u00f3 optimista con respecto a la posibilidad de un triunfo de los movimientos populistas en Europa, en el marco de la denominada \"Fiesta de las Naciones\" que se celebra en Niza con la presencia de l\u00edderes derechistas del","inLanguage":"es-ES","isPartOf":{"@id":"https:\/\/www.eldigitaldeasturias.com\/noticias\/#website"},"breadcrumb":{"@id":"https:\/\/www.eldigitaldeasturias.com\/noticias\/le-pen-pide-otra-europa-en-la-cumbre-de-niza\/#breadcrumblist"},"author":{"@id":"https:\/\/www.eldigitaldeasturias.com\/noticias\/author\/admin\/#author"},"creator":{"@id":"https:\/\/www.eldigitaldeasturias.com\/noticias\/author\/admin\/#author"},"image":{"@type":"ImageObject","url":837237,"@id":"https:\/\/www.eldigitaldeasturias.com\/noticias\/le-pen-pide-otra-europa-en-la-cumbre-de-niza\/#mainImage"},"primaryImageOfPage":{"@id":"https:\/\/www.eldigitaldeasturias.com\/noticias\/le-pen-pide-otra-europa-en-la-cumbre-de-niza\/#mainImage"},"datePublished":"2018-05-01T23:21:53+02:00","dateModified":"2018-05-01T23:21:53+02:00"},{"@type":"WebSite","@id":"https:\/\/www.eldigitaldeasturias.com\/noticias\/#website","url":"https:\/\/www.eldigitaldeasturias.com\/noticias\/","name":"El Digital de Asturias - Diario de actualidad y noticias","alternateName":"El Digital de Asturias - Diario de actualidad y noticias","description":"Hemeroteca","inLanguage":"es-ES","publisher":{"@id":"https:\/\/www.eldigitaldeasturias.com\/noticias\/#organization"}}]},"og:locale":"es_ES","og:site_name":"El Digital de Asturias","og:type":"article","og:title":"Le Pen pide \u00abotra Europa\u00bb en la cumbre de Niza - El Digital de Asturias","og:description":"Niza, 1 may (dpa) - La l\u00edder del partido derechista franc\u00e9s Frente Nacional, Marine Le Pen, se mostr\u00f3 optimista con respecto a la posibilidad de un triunfo de los movimientos populistas en Europa, en el marco de la denominada &quot;Fiesta de las Naciones&quot; que se celebra en Niza con la presencia de l\u00edderes derechistas del","og:url":"https:\/\/www.eldigitaldeasturias.com\/noticias\/le-pen-pide-otra-europa-en-la-cumbre-de-niza\/","article:tag":["actualidad"],"article:published_time":"2018-05-01T23:21:53+00:00","article:modified_time":"2018-05-01T23:21:53+00:00","article:publisher":"https:\/\/facebook.com\/eldigitaldeasturias","twitter:card":"summary_large_image","twitter:title":"Le Pen pide \u00abotra Europa\u00bb en la cumbre de Niza - El Digital de Asturias","twitter:description":"Niza, 1 may (dpa) - La l\u00edder del partido derechista franc\u00e9s Frente Nacional, Marine Le Pen, se mostr\u00f3 optimista con respecto a la posibilidad de un triunfo de los movimientos populistas en Europa, en el marco de la denominada &quot;Fiesta de las Naciones&quot; que se celebra en Niza con la presencia de l\u00edderes derechistas del","twitter:image":"https:\/\/www.eldigitaldeasturias.com\/noticias\/wp-content\/uploads\/2020\/12\/EDA-1.jpg","twitter:label1":"Escrito por","twitter:data1":"El Digital de Asturias","twitter:label2":"Tiempo de lectura estimado","twitter:data2":"1 minuto"},"aioseo_meta_data":{"post_id":"978514","title":null,"description":null,"keywords":null,"keyphrases":null,"primary_term":null,"canonical_url":null,"og_title":null,"og_description":null,"og_object_type":"default","og_image_type":"default","og_image_url":null,"og_image_width":null,"og_image_height":null,"og_image_custom_url":null,"og_image_custom_fields":null,"og_video":null,"og_custom_url":null,"og_article_section":null,"og_article_tags":null,"twitter_use_og":false,"twitter_card":"default","twitter_image_type":"default","twitter_image_url":null,"twitter_image_custom_url":null,"twitter_image_custom_fields":null,"twitter_title":null,"twitter_description":null,"schema":{"blockGraphs":[],"customGraphs":[],"default":{"data":{"Article":[],"Course":[],"Dataset":[],"FAQPage":[],"Movie":[],"Person":[],"Product":[],"ProductReview":[],"Car":[],"Recipe":[],"Service":[],"SoftwareApplication":[],"WebPage":[]},"graphName":"","isEnabled":true},"graphs":[],"defaultGraph":"","defaultPostTypeGraph":""},"schema_type":null,"schema_type_options":null,"pillar_content":false,"robots_default":true,"robots_noindex":false,"robots_noarchive":false,"robots_nosnippet":false,"robots_nofollow":false,"robots_noimageindex":false,"robots_noodp":false,"robots_notranslate":false,"robots_max_snippet":null,"robots_max_videopreview":null,"robots_max_imagepreview":"large","priority":null,"frequency":null,"local_seo":null,"seo_analyzer_scan_date":"2025-10-08 11:08:12","breadcrumb_settings":null,"limit_modified_date":false,"open_ai":null,"ai":null,"created":"2020-12-21 12:02:37","updated":"2025-10-08 11:08:12","focus_keyword":null,"additional_keywords":null,"truseo_locale":null},"aioseo_breadcrumb":"<div class=\"aioseo-breadcrumbs\"><span class=\"aioseo-breadcrumb\">\n\t<a href=\"https:\/\/www.eldigitaldeasturias.com\/noticias\" title=\"Home\">Home<\/a>\n<\/span><span class=\"aioseo-breadcrumb-separator\">\u2013<\/span><span class=\"aioseo-breadcrumb\">\n\t<a href=\"https:\/\/www.eldigitaldeasturias.com\/noticias\/category\/actualidad\/\" title=\"Actualidad\">Actualidad<\/a>\n<\/span><span class=\"aioseo-breadcrumb-separator\">\u2013<\/span><span class=\"aioseo-breadcrumb\">\n\t<a href=\"https:\/\/www.eldigitaldeasturias.com\/noticias\/le-pen-pide-otra-europa-en-la-cumbre-de-niza\/\" title=\"Le Pen pide \u00abotra Europa\u00bb en la cumbre de Niza\">Le Pen pide \u00abotra Europa\u00bb en la cumbre de Niza<\/a>\n<\/span><\/div>","aioseo_breadcrumb_json":[{"label":"Home","link":"https:\/\/www.eldigitaldeasturias.com\/noticias"},{"label":"Actualidad","link":"https:\/\/www.eldigitaldeasturias.com\/noticias\/category\/actualidad\/"},{"label":"Le Pen pide \u00abotra Europa\u00bb en la cumbre de Niza","link":"https:\/\/www.eldigitaldeasturias.com\/noticias\/le-pen-pide-otra-europa-en-la-cumbre-de-niza\/"}],"_links":{"self":[{"href":"https:\/\/www.eldigitaldeasturias.com\/noticias\/wp-json\/wp\/v2\/posts\/978514","targetHints":{"allow":["GET"]}}],"collection":[{"href":"https:\/\/www.eldigitaldeasturias.com\/noticias\/wp-json\/wp\/v2\/posts"}],"about":[{"href":"https:\/\/www.eldigitaldeasturias.com\/noticias\/wp-json\/wp\/v2\/types\/post"}],"author":[{"embeddable":true,"href":"https:\/\/www.eldigitaldeasturias.com\/noticias\/wp-json\/wp\/v2\/users\/1"}],"replies":[{"embeddable":true,"href":"https:\/\/www.eldigitaldeasturias.com\/noticias\/wp-json\/wp\/v2\/comments?post=978514"}],"version-history":[{"count":0,"href":"https:\/\/www.eldigitaldeasturias.com\/noticias\/wp-json\/wp\/v2\/posts\/978514\/revisions"}],"wp:attachment":[{"href":"https:\/\/www.eldigitaldeasturias.com\/noticias\/wp-json\/wp\/v2\/media?parent=978514"}],"wp:term":[{"taxonomy":"category","embeddable":true,"href":"https:\/\/www.eldigitaldeasturias.com\/noticias\/wp-json\/wp\/v2\/categories?post=978514"},{"taxonomy":"post_tag","embeddable":true,"href":"https:\/\/www.eldigitaldeasturias.com\/noticias\/wp-json\/wp\/v2\/tags?post=978514"}],"curies":[{"name":"wp","href":"https:\/\/api.w.org\/{rel}","templated":true}]}}