{"id":978495,"date":"2018-05-01T21:51:56","date_gmt":"2018-05-01T21:51:56","guid":{"rendered":"http:\/\/www.eldigitaldeasturias.com\/noticias\/?p=978495"},"modified":"2018-05-01T21:51:56","modified_gmt":"2018-05-01T21:51:56","slug":"raul-castro-y-diaz-canel-presiden-el-desfile-dia-del-trabajo-en-cuba","status":"publish","type":"post","link":"https:\/\/www.eldigitaldeasturias.com\/noticias\/raul-castro-y-diaz-canel-presiden-el-desfile-dia-del-trabajo-en-cuba\/","title":{"rendered":"Ra\u00fal Castro y D\u00edaz-Canel presiden el desfile D\u00eda del Trabajo en Cuba"},"content":{"rendered":"<p><img loading=\"lazy\" decoding=\"async\" class=\"alignleft size-medium wp-image-976323\" src=\"https:\/\/www.eldigitaldeasturias.com\/noticias\/wp-content\/uploads\/2018\/04\/city-3245250_960_720-360x240.jpg\" alt=\"\" width=\"360\" height=\"240\" \/>La Habana, 1 may (dpa) &#8211; El ex presidente cubano Ra\u00fal Castro y el nuevo mandatario, Miguel D\u00edaz-Canel, presidieron hoy el desfile por el D\u00eda Internacional del Trabajo, en la primera aparici\u00f3n conjunta de ambos dirigentes despu\u00e9s de la hist\u00f3rica sucesi\u00f3n gubernamental en la isla.<\/p>\n<p>Ra\u00fal Castro vestido con uniforme militar y D\u00edaz-Canel con camisa blanca y una gorra, estuvieron juntos en la emblem\u00e1tica Plaza de la Revoluci\u00f3n por la que marcharon cientos de miles de personas con carteles con frases en apoyo al sistema socialista.<\/p>\n<p>En la \u00e9poca de Fidel Castro, el l\u00edder cubano sol\u00eda pronunciar el discurso por esta efem\u00e9ride, pero despu\u00e9s Ra\u00fal Castro dej\u00f3 de hacerlo cediendo la palabra al dirigente de la oficialista central sindical cubana, algo que tambi\u00e9n ha mantenido su sucesor Miguel D\u00edaz-Canel.<\/p>\n<p>\u00abEs una demostraci\u00f3n contundente de las s\u00f3lidas bases de nuestra gloriosa revoluci\u00f3n y del respaldo mayoritario de los trabajadores y el pueblo a la actualizaci\u00f3n del modelo econ\u00f3mico y social\u00bb, afirm\u00f3 Ulises Guilarte, secretario de la Central de Trabajadores de Cuba (CTC, sindicato \u00fanico)), que dio las palabras de inicio del desfile.<\/p>\n<p>Los edificios que bordean la Plaza de la Revoluci\u00f3n ten\u00edan sus fachadas cubiertas con grandes lonas en las que aparec\u00edan fotograf\u00edas de los pr\u00f3ceres de la independencia Carlos Manuel de C\u00e9spedes y Jos\u00e9 Mart\u00ed, adem\u00e1s de im\u00e1genes del fallecido expresidente Fidel Castro.<\/p>\n<p>La marcha se inici\u00f3 con una pancarta con el lema \u00abUnidad, Compromiso y Victoria\u00bb portada por trabajadores del sector educativo y el desfiles en La Habana dur\u00f3 unas tres horas.<\/p>\n<p>En todas las capitales del pa\u00eds tambi\u00e9n se realizaron actos por el D\u00eda Internacional del Trabajo.<\/p>\n","protected":false},"excerpt":{"rendered":"<p>La Habana, 1 may (dpa) &#8211; El ex presidente cubano Ra\u00fal Castro y el nuevo mandatario, Miguel D\u00edaz-Canel, presidieron hoy el desfile por el D\u00eda Internacional del Trabajo, en la primera aparici\u00f3n conjunta de ambos dirigentes despu\u00e9s de la hist\u00f3rica sucesi\u00f3n gubernamental en la isla. Ra\u00fal Castro vestido con uniforme militar y D\u00edaz-Canel con camisa [&hellip;]<\/p>\n","protected":false},"author":1,"featured_media":976323,"comment_status":"closed","ping_status":"closed","sticky":false,"template":"","format":"standard","meta":{"footnotes":""},"categories":[1],"tags":[],"class_list":["post-978495","post","type-post","status-publish","format-standard","has-post-thumbnail","hentry","category-actualidad"],"aioseo_notices":[],"aioseo_head":"\n\t\t<!-- All in One SEO Pro 5.0.1 - aioseo.com -->\n\t<meta name=\"description\" content=\"La Habana, 1 may (dpa) - El ex presidente cubano Ra\u00fal Castro y el nuevo mandatario, Miguel D\u00edaz-Canel, presidieron hoy el desfile por el D\u00eda Internacional del Trabajo, en la primera aparici\u00f3n conjunta de ambos dirigentes despu\u00e9s de la hist\u00f3rica sucesi\u00f3n gubernamental en la isla. Ra\u00fal Castro vestido con uniforme militar y D\u00edaz-Canel con camisa\" \/>\n\t<meta name=\"robots\" content=\"max-image-preview:large\" \/>\n\t<meta name=\"author\" content=\"El Digital de Asturias\"\/>\n\t<meta name=\"google-site-verification\" content=\"UA-38556648-1\" \/>\n\t<meta name=\"msvalidate.01\" content=\"7dfe9f3f1b24437ab69f4f2559babe99\" \/>\n\t<meta name=\"keywords\" content=\"actualidad\" \/>\n\t<link rel=\"canonical\" href=\"https:\/\/www.eldigitaldeasturias.com\/noticias\/raul-castro-y-diaz-canel-presiden-el-desfile-dia-del-trabajo-en-cuba\/\" \/>\n\t<meta name=\"generator\" content=\"All in One SEO Pro (AIOSEO) 5.0.1\" \/>\n\t\t<meta property=\"og:locale\" content=\"es_ES\" \/>\n\t\t<meta property=\"og:site_name\" content=\"El Digital de Asturias\" \/>\n\t\t<meta property=\"og:type\" content=\"article\" \/>\n\t\t<meta property=\"og:title\" content=\"Ra\u00fal Castro y D\u00edaz-Canel presiden el desfile D\u00eda del Trabajo en Cuba - El Digital de Asturias\" \/>\n\t\t<meta property=\"og:description\" content=\"La Habana, 1 may (dpa) - El ex presidente cubano Ra\u00fal Castro y el nuevo mandatario, Miguel D\u00edaz-Canel, presidieron hoy el desfile por el D\u00eda Internacional del Trabajo, en la primera aparici\u00f3n conjunta de ambos dirigentes despu\u00e9s de la hist\u00f3rica sucesi\u00f3n gubernamental en la isla. Ra\u00fal Castro vestido con uniforme militar y D\u00edaz-Canel con camisa\" \/>\n\t\t<meta property=\"og:url\" content=\"https:\/\/www.eldigitaldeasturias.com\/noticias\/raul-castro-y-diaz-canel-presiden-el-desfile-dia-del-trabajo-en-cuba\/\" \/>\n\t\t<meta property=\"article:tag\" content=\"actualidad\" \/>\n\t\t<meta property=\"article:published_time\" content=\"2018-05-01T21:51:56+00:00\" \/>\n\t\t<meta property=\"article:modified_time\" content=\"2018-05-01T21:51:56+00:00\" \/>\n\t\t<meta property=\"article:publisher\" content=\"https:\/\/facebook.com\/eldigitaldeasturias\" \/>\n\t\t<meta name=\"twitter:card\" content=\"summary_large_image\" \/>\n\t\t<meta name=\"twitter:title\" content=\"Ra\u00fal Castro y D\u00edaz-Canel presiden el desfile D\u00eda del Trabajo en Cuba - El Digital de Asturias\" \/>\n\t\t<meta name=\"twitter:description\" content=\"La Habana, 1 may (dpa) - El ex presidente cubano Ra\u00fal Castro y el nuevo mandatario, Miguel D\u00edaz-Canel, presidieron hoy el desfile por el D\u00eda Internacional del Trabajo, en la primera aparici\u00f3n conjunta de ambos dirigentes despu\u00e9s de la hist\u00f3rica sucesi\u00f3n gubernamental en la isla. Ra\u00fal Castro vestido con uniforme militar y D\u00edaz-Canel con camisa\" \/>\n\t\t<meta name=\"twitter:image\" content=\"https:\/\/www.eldigitaldeasturias.com\/noticias\/wp-content\/uploads\/2020\/12\/EDA-1.jpg\" \/>\n\t\t<meta name=\"twitter:label1\" content=\"Escrito por\" \/>\n\t\t<meta name=\"twitter:data1\" content=\"El Digital de Asturias\" \/>\n\t\t<meta name=\"twitter:label2\" content=\"Tiempo de lectura estimado\" \/>\n\t\t<meta name=\"twitter:data2\" content=\"2 minutos\" \/>\n\t\t<script type=\"application\/ld+json\" class=\"aioseo-schema\">\n\t\t\t{\"@context\":\"https:\\\/\\\/schema.org\",\"@graph\":[{\"@type\":\"BlogPosting\",\"@id\":\"https:\\\/\\\/www.eldigitaldeasturias.com\\\/noticias\\\/raul-castro-y-diaz-canel-presiden-el-desfile-dia-del-trabajo-en-cuba\\\/#blogposting\",\"name\":\"Ra\\u00fal Castro y D\\u00edaz-Canel presiden el desfile D\\u00eda del Trabajo en Cuba - El Digital de Asturias\",\"headline\":\"Ra\\u00fal Castro y D\\u00edaz-Canel presiden el desfile D\\u00eda del Trabajo en Cuba\",\"author\":{\"@id\":\"https:\\\/\\\/www.eldigitaldeasturias.com\\\/noticias\\\/author\\\/admin\\\/#author\"},\"publisher\":{\"@id\":\"https:\\\/\\\/www.eldigitaldeasturias.com\\\/noticias\\\/#organization\"},\"image\":{\"@type\":\"ImageObject\",\"url\":976323},\"datePublished\":\"2018-05-01T21:51:56+02:00\",\"dateModified\":\"2018-05-01T21:51:56+02:00\",\"inLanguage\":\"es-ES\",\"mainEntityOfPage\":{\"@id\":\"https:\\\/\\\/www.eldigitaldeasturias.com\\\/noticias\\\/raul-castro-y-diaz-canel-presiden-el-desfile-dia-del-trabajo-en-cuba\\\/#webpage\"},\"isPartOf\":{\"@id\":\"https:\\\/\\\/www.eldigitaldeasturias.com\\\/noticias\\\/raul-castro-y-diaz-canel-presiden-el-desfile-dia-del-trabajo-en-cuba\\\/#webpage\"},\"articleSection\":\"Actualidad\"},{\"@type\":\"BreadcrumbList\",\"@id\":\"https:\\\/\\\/www.eldigitaldeasturias.com\\\/noticias\\\/raul-castro-y-diaz-canel-presiden-el-desfile-dia-del-trabajo-en-cuba\\\/#breadcrumblist\",\"itemListElement\":[{\"@type\":\"ListItem\",\"@id\":\"https:\\\/\\\/www.eldigitaldeasturias.com\\\/noticias#listItem\",\"position\":1,\"name\":\"Home\",\"item\":\"https:\\\/\\\/www.eldigitaldeasturias.com\\\/noticias\",\"nextItem\":{\"@type\":\"ListItem\",\"@id\":\"https:\\\/\\\/www.eldigitaldeasturias.com\\\/noticias\\\/category\\\/actualidad\\\/#listItem\",\"name\":\"Actualidad\"}},{\"@type\":\"ListItem\",\"@id\":\"https:\\\/\\\/www.eldigitaldeasturias.com\\\/noticias\\\/category\\\/actualidad\\\/#listItem\",\"position\":2,\"name\":\"Actualidad\",\"item\":\"https:\\\/\\\/www.eldigitaldeasturias.com\\\/noticias\\\/category\\\/actualidad\\\/\",\"nextItem\":{\"@type\":\"ListItem\",\"@id\":\"https:\\\/\\\/www.eldigitaldeasturias.com\\\/noticias\\\/raul-castro-y-diaz-canel-presiden-el-desfile-dia-del-trabajo-en-cuba\\\/#listItem\",\"name\":\"Ra\\u00fal Castro y D\\u00edaz-Canel presiden el desfile D\\u00eda del Trabajo en Cuba\"},\"previousItem\":{\"@type\":\"ListItem\",\"@id\":\"https:\\\/\\\/www.eldigitaldeasturias.com\\\/noticias#listItem\",\"name\":\"Home\"}},{\"@type\":\"ListItem\",\"@id\":\"https:\\\/\\\/www.eldigitaldeasturias.com\\\/noticias\\\/raul-castro-y-diaz-canel-presiden-el-desfile-dia-del-trabajo-en-cuba\\\/#listItem\",\"position\":3,\"name\":\"Ra\\u00fal Castro y D\\u00edaz-Canel presiden el desfile D\\u00eda del Trabajo en Cuba\",\"previousItem\":{\"@type\":\"ListItem\",\"@id\":\"https:\\\/\\\/www.eldigitaldeasturias.com\\\/noticias\\\/category\\\/actualidad\\\/#listItem\",\"name\":\"Actualidad\"}}]},{\"@type\":\"Organization\",\"@id\":\"https:\\\/\\\/www.eldigitaldeasturias.com\\\/noticias\\\/#organization\",\"name\":\"El Digital de Asturias\",\"description\":\"Hemeroteca\",\"url\":\"https:\\\/\\\/www.eldigitaldeasturias.com\\\/noticias\\\/\",\"email\":\"info@eldigitaldeasturias.com\",\"telephone\":\"+34652131393\",\"logo\":{\"@type\":\"ImageObject\",\"url\":\"https:\\\/\\\/www.eldigitaldeasturias.com\\\/noticias\\\/wp-content\\\/uploads\\\/2020\\\/12\\\/EDA.jpg\",\"@id\":\"https:\\\/\\\/www.eldigitaldeasturias.com\\\/noticias\\\/raul-castro-y-diaz-canel-presiden-el-desfile-dia-del-trabajo-en-cuba\\\/#organizationLogo\"},\"image\":{\"@id\":\"https:\\\/\\\/www.eldigitaldeasturias.com\\\/noticias\\\/raul-castro-y-diaz-canel-presiden-el-desfile-dia-del-trabajo-en-cuba\\\/#organizationLogo\"},\"sameAs\":[\"https:\\\/\\\/facebook.com\\\/eldigitaldeasturias\",\"https:\\\/\\\/www.youtube.com\\\/channel\\\/UCZP-2wLEB9Rv6erhFmqVnvg\"],\"address\":{\"@id\":\"https:\\\/\\\/www.eldigitaldeasturias.com\\\/noticias\\\/#postaladdress\",\"@type\":\"PostalAddress\",\"streetAddress\":\"san antonio 4\",\"postalCode\":\"33430\",\"addressLocality\":\"Cand\\u00e1s\",\"addressRegion\":\"Asturias\",\"addressCountry\":\"ES\"}},{\"@type\":\"Person\",\"@id\":\"https:\\\/\\\/www.eldigitaldeasturias.com\\\/noticias\\\/author\\\/admin\\\/#author\",\"url\":\"https:\\\/\\\/www.eldigitaldeasturias.com\\\/noticias\\\/author\\\/admin\\\/\",\"name\":\"El Digital de Asturias\",\"image\":{\"@type\":\"ImageObject\",\"@id\":\"https:\\\/\\\/www.eldigitaldeasturias.com\\\/noticias\\\/raul-castro-y-diaz-canel-presiden-el-desfile-dia-del-trabajo-en-cuba\\\/#authorImage\",\"url\":\"https:\\\/\\\/secure.gravatar.com\\\/avatar\\\/df2aeffc32bcd13f8d26072ef8a91b623d677766deac7f97ca815868cd41bf5e?s=96&d=mm&r=g\",\"width\":96,\"height\":96,\"caption\":\"El Digital de Asturias\"}},{\"@type\":\"WebPage\",\"@id\":\"https:\\\/\\\/www.eldigitaldeasturias.com\\\/noticias\\\/raul-castro-y-diaz-canel-presiden-el-desfile-dia-del-trabajo-en-cuba\\\/#webpage\",\"url\":\"https:\\\/\\\/www.eldigitaldeasturias.com\\\/noticias\\\/raul-castro-y-diaz-canel-presiden-el-desfile-dia-del-trabajo-en-cuba\\\/\",\"name\":\"Ra\\u00fal Castro y D\\u00edaz-Canel presiden el desfile D\\u00eda del Trabajo en Cuba - El Digital de Asturias\",\"description\":\"La Habana, 1 may (dpa) - El ex presidente cubano Ra\\u00fal Castro y el nuevo mandatario, Miguel D\\u00edaz-Canel, presidieron hoy el desfile por el D\\u00eda Internacional del Trabajo, en la primera aparici\\u00f3n conjunta de ambos dirigentes despu\\u00e9s de la hist\\u00f3rica sucesi\\u00f3n gubernamental en la isla. Ra\\u00fal Castro vestido con uniforme militar y D\\u00edaz-Canel con camisa\",\"inLanguage\":\"es-ES\",\"isPartOf\":{\"@id\":\"https:\\\/\\\/www.eldigitaldeasturias.com\\\/noticias\\\/#website\"},\"breadcrumb\":{\"@id\":\"https:\\\/\\\/www.eldigitaldeasturias.com\\\/noticias\\\/raul-castro-y-diaz-canel-presiden-el-desfile-dia-del-trabajo-en-cuba\\\/#breadcrumblist\"},\"author\":{\"@id\":\"https:\\\/\\\/www.eldigitaldeasturias.com\\\/noticias\\\/author\\\/admin\\\/#author\"},\"creator\":{\"@id\":\"https:\\\/\\\/www.eldigitaldeasturias.com\\\/noticias\\\/author\\\/admin\\\/#author\"},\"image\":{\"@type\":\"ImageObject\",\"url\":976323,\"@id\":\"https:\\\/\\\/www.eldigitaldeasturias.com\\\/noticias\\\/raul-castro-y-diaz-canel-presiden-el-desfile-dia-del-trabajo-en-cuba\\\/#mainImage\"},\"primaryImageOfPage\":{\"@id\":\"https:\\\/\\\/www.eldigitaldeasturias.com\\\/noticias\\\/raul-castro-y-diaz-canel-presiden-el-desfile-dia-del-trabajo-en-cuba\\\/#mainImage\"},\"datePublished\":\"2018-05-01T21:51:56+02:00\",\"dateModified\":\"2018-05-01T21:51:56+02:00\"},{\"@type\":\"WebSite\",\"@id\":\"https:\\\/\\\/www.eldigitaldeasturias.com\\\/noticias\\\/#website\",\"url\":\"https:\\\/\\\/www.eldigitaldeasturias.com\\\/noticias\\\/\",\"name\":\"El Digital de Asturias - Diario de actualidad y noticias\",\"alternateName\":\"El Digital de Asturias - Diario de actualidad y noticias\",\"description\":\"Hemeroteca\",\"inLanguage\":\"es-ES\",\"publisher\":{\"@id\":\"https:\\\/\\\/www.eldigitaldeasturias.com\\\/noticias\\\/#organization\"}}]}\n\t\t<\/script>\n\t\t<!-- All in One SEO Pro -->\r\n\t\t<title>Ra\u00fal Castro y D\u00edaz-Canel presiden el desfile D\u00eda del Trabajo en Cuba - El Digital de Asturias<\/title>\n\n","aioseo_head_json":{"title":"Ra\u00fal Castro y D\u00edaz-Canel presiden el desfile D\u00eda del Trabajo en Cuba - El Digital de Asturias","description":"La Habana, 1 may (dpa) - El ex presidente cubano Ra\u00fal Castro y el nuevo mandatario, Miguel D\u00edaz-Canel, presidieron hoy el desfile por el D\u00eda Internacional del Trabajo, en la primera aparici\u00f3n conjunta de ambos dirigentes despu\u00e9s de la hist\u00f3rica sucesi\u00f3n gubernamental en la isla. Ra\u00fal Castro vestido con uniforme militar y D\u00edaz-Canel con camisa","canonical_url":"https:\/\/www.eldigitaldeasturias.com\/noticias\/raul-castro-y-diaz-canel-presiden-el-desfile-dia-del-trabajo-en-cuba\/","robots":"max-image-preview:large","keywords":"actualidad","webmasterTools":{"google-site-verification":"UA-38556648-1","msvalidate.01":"7dfe9f3f1b24437ab69f4f2559babe99","miscellaneous":""},"schema":{"@context":"https:\/\/schema.org","@graph":[{"@type":"BlogPosting","@id":"https:\/\/www.eldigitaldeasturias.com\/noticias\/raul-castro-y-diaz-canel-presiden-el-desfile-dia-del-trabajo-en-cuba\/#blogposting","name":"Ra\u00fal Castro y D\u00edaz-Canel presiden el desfile D\u00eda del Trabajo en Cuba - El Digital de Asturias","headline":"Ra\u00fal Castro y D\u00edaz-Canel presiden el desfile D\u00eda del Trabajo en Cuba","author":{"@id":"https:\/\/www.eldigitaldeasturias.com\/noticias\/author\/admin\/#author"},"publisher":{"@id":"https:\/\/www.eldigitaldeasturias.com\/noticias\/#organization"},"image":{"@type":"ImageObject","url":976323},"datePublished":"2018-05-01T21:51:56+02:00","dateModified":"2018-05-01T21:51:56+02:00","inLanguage":"es-ES","mainEntityOfPage":{"@id":"https:\/\/www.eldigitaldeasturias.com\/noticias\/raul-castro-y-diaz-canel-presiden-el-desfile-dia-del-trabajo-en-cuba\/#webpage"},"isPartOf":{"@id":"https:\/\/www.eldigitaldeasturias.com\/noticias\/raul-castro-y-diaz-canel-presiden-el-desfile-dia-del-trabajo-en-cuba\/#webpage"},"articleSection":"Actualidad"},{"@type":"BreadcrumbList","@id":"https:\/\/www.eldigitaldeasturias.com\/noticias\/raul-castro-y-diaz-canel-presiden-el-desfile-dia-del-trabajo-en-cuba\/#breadcrumblist","itemListElement":[{"@type":"ListItem","@id":"https:\/\/www.eldigitaldeasturias.com\/noticias#listItem","position":1,"name":"Home","item":"https:\/\/www.eldigitaldeasturias.com\/noticias","nextItem":{"@type":"ListItem","@id":"https:\/\/www.eldigitaldeasturias.com\/noticias\/category\/actualidad\/#listItem","name":"Actualidad"}},{"@type":"ListItem","@id":"https:\/\/www.eldigitaldeasturias.com\/noticias\/category\/actualidad\/#listItem","position":2,"name":"Actualidad","item":"https:\/\/www.eldigitaldeasturias.com\/noticias\/category\/actualidad\/","nextItem":{"@type":"ListItem","@id":"https:\/\/www.eldigitaldeasturias.com\/noticias\/raul-castro-y-diaz-canel-presiden-el-desfile-dia-del-trabajo-en-cuba\/#listItem","name":"Ra\u00fal Castro y D\u00edaz-Canel presiden el desfile D\u00eda del Trabajo en Cuba"},"previousItem":{"@type":"ListItem","@id":"https:\/\/www.eldigitaldeasturias.com\/noticias#listItem","name":"Home"}},{"@type":"ListItem","@id":"https:\/\/www.eldigitaldeasturias.com\/noticias\/raul-castro-y-diaz-canel-presiden-el-desfile-dia-del-trabajo-en-cuba\/#listItem","position":3,"name":"Ra\u00fal Castro y D\u00edaz-Canel presiden el desfile D\u00eda del Trabajo en Cuba","previousItem":{"@type":"ListItem","@id":"https:\/\/www.eldigitaldeasturias.com\/noticias\/category\/actualidad\/#listItem","name":"Actualidad"}}]},{"@type":"Organization","@id":"https:\/\/www.eldigitaldeasturias.com\/noticias\/#organization","name":"El Digital de Asturias","description":"Hemeroteca","url":"https:\/\/www.eldigitaldeasturias.com\/noticias\/","email":"info@eldigitaldeasturias.com","telephone":"+34652131393","logo":{"@type":"ImageObject","url":"https:\/\/www.eldigitaldeasturias.com\/noticias\/wp-content\/uploads\/2020\/12\/EDA.jpg","@id":"https:\/\/www.eldigitaldeasturias.com\/noticias\/raul-castro-y-diaz-canel-presiden-el-desfile-dia-del-trabajo-en-cuba\/#organizationLogo"},"image":{"@id":"https:\/\/www.eldigitaldeasturias.com\/noticias\/raul-castro-y-diaz-canel-presiden-el-desfile-dia-del-trabajo-en-cuba\/#organizationLogo"},"sameAs":["https:\/\/facebook.com\/eldigitaldeasturias","https:\/\/www.youtube.com\/channel\/UCZP-2wLEB9Rv6erhFmqVnvg"],"address":{"@id":"https:\/\/www.eldigitaldeasturias.com\/noticias\/#postaladdress","@type":"PostalAddress","streetAddress":"san antonio 4","postalCode":"33430","addressLocality":"Cand\u00e1s","addressRegion":"Asturias","addressCountry":"ES"}},{"@type":"Person","@id":"https:\/\/www.eldigitaldeasturias.com\/noticias\/author\/admin\/#author","url":"https:\/\/www.eldigitaldeasturias.com\/noticias\/author\/admin\/","name":"El Digital de Asturias","image":{"@type":"ImageObject","@id":"https:\/\/www.eldigitaldeasturias.com\/noticias\/raul-castro-y-diaz-canel-presiden-el-desfile-dia-del-trabajo-en-cuba\/#authorImage","url":"https:\/\/secure.gravatar.com\/avatar\/df2aeffc32bcd13f8d26072ef8a91b623d677766deac7f97ca815868cd41bf5e?s=96&d=mm&r=g","width":96,"height":96,"caption":"El Digital de Asturias"}},{"@type":"WebPage","@id":"https:\/\/www.eldigitaldeasturias.com\/noticias\/raul-castro-y-diaz-canel-presiden-el-desfile-dia-del-trabajo-en-cuba\/#webpage","url":"https:\/\/www.eldigitaldeasturias.com\/noticias\/raul-castro-y-diaz-canel-presiden-el-desfile-dia-del-trabajo-en-cuba\/","name":"Ra\u00fal Castro y D\u00edaz-Canel presiden el desfile D\u00eda del Trabajo en Cuba - El Digital de Asturias","description":"La Habana, 1 may (dpa) - El ex presidente cubano Ra\u00fal Castro y el nuevo mandatario, Miguel D\u00edaz-Canel, presidieron hoy el desfile por el D\u00eda Internacional del Trabajo, en la primera aparici\u00f3n conjunta de ambos dirigentes despu\u00e9s de la hist\u00f3rica sucesi\u00f3n gubernamental en la isla. Ra\u00fal Castro vestido con uniforme militar y D\u00edaz-Canel con camisa","inLanguage":"es-ES","isPartOf":{"@id":"https:\/\/www.eldigitaldeasturias.com\/noticias\/#website"},"breadcrumb":{"@id":"https:\/\/www.eldigitaldeasturias.com\/noticias\/raul-castro-y-diaz-canel-presiden-el-desfile-dia-del-trabajo-en-cuba\/#breadcrumblist"},"author":{"@id":"https:\/\/www.eldigitaldeasturias.com\/noticias\/author\/admin\/#author"},"creator":{"@id":"https:\/\/www.eldigitaldeasturias.com\/noticias\/author\/admin\/#author"},"image":{"@type":"ImageObject","url":976323,"@id":"https:\/\/www.eldigitaldeasturias.com\/noticias\/raul-castro-y-diaz-canel-presiden-el-desfile-dia-del-trabajo-en-cuba\/#mainImage"},"primaryImageOfPage":{"@id":"https:\/\/www.eldigitaldeasturias.com\/noticias\/raul-castro-y-diaz-canel-presiden-el-desfile-dia-del-trabajo-en-cuba\/#mainImage"},"datePublished":"2018-05-01T21:51:56+02:00","dateModified":"2018-05-01T21:51:56+02:00"},{"@type":"WebSite","@id":"https:\/\/www.eldigitaldeasturias.com\/noticias\/#website","url":"https:\/\/www.eldigitaldeasturias.com\/noticias\/","name":"El Digital de Asturias - Diario de actualidad y noticias","alternateName":"El Digital de Asturias - Diario de actualidad y noticias","description":"Hemeroteca","inLanguage":"es-ES","publisher":{"@id":"https:\/\/www.eldigitaldeasturias.com\/noticias\/#organization"}}]},"og:locale":"es_ES","og:site_name":"El Digital de Asturias","og:type":"article","og:title":"Ra\u00fal Castro y D\u00edaz-Canel presiden el desfile D\u00eda del Trabajo en Cuba - El Digital de Asturias","og:description":"La Habana, 1 may (dpa) - El ex presidente cubano Ra\u00fal Castro y el nuevo mandatario, Miguel D\u00edaz-Canel, presidieron hoy el desfile por el D\u00eda Internacional del Trabajo, en la primera aparici\u00f3n conjunta de ambos dirigentes despu\u00e9s de la hist\u00f3rica sucesi\u00f3n gubernamental en la isla. Ra\u00fal Castro vestido con uniforme militar y D\u00edaz-Canel con camisa","og:url":"https:\/\/www.eldigitaldeasturias.com\/noticias\/raul-castro-y-diaz-canel-presiden-el-desfile-dia-del-trabajo-en-cuba\/","article:tag":["actualidad"],"article:published_time":"2018-05-01T21:51:56+00:00","article:modified_time":"2018-05-01T21:51:56+00:00","article:publisher":"https:\/\/facebook.com\/eldigitaldeasturias","twitter:card":"summary_large_image","twitter:title":"Ra\u00fal Castro y D\u00edaz-Canel presiden el desfile D\u00eda del Trabajo en Cuba - El Digital de Asturias","twitter:description":"La Habana, 1 may (dpa) - El ex presidente cubano Ra\u00fal Castro y el nuevo mandatario, Miguel D\u00edaz-Canel, presidieron hoy el desfile por el D\u00eda Internacional del Trabajo, en la primera aparici\u00f3n conjunta de ambos dirigentes despu\u00e9s de la hist\u00f3rica sucesi\u00f3n gubernamental en la isla. Ra\u00fal Castro vestido con uniforme militar y D\u00edaz-Canel con camisa","twitter:image":"https:\/\/www.eldigitaldeasturias.com\/noticias\/wp-content\/uploads\/2020\/12\/EDA-1.jpg","twitter:label1":"Escrito por","twitter:data1":"El Digital de Asturias","twitter:label2":"Tiempo de lectura estimado","twitter:data2":"2 minutos"},"aioseo_meta_data":{"post_id":"978495","title":null,"description":null,"keywords":null,"keyphrases":null,"primary_term":null,"canonical_url":null,"og_title":null,"og_description":null,"og_object_type":"default","og_image_type":"default","og_image_url":null,"og_image_width":null,"og_image_height":null,"og_image_custom_url":null,"og_image_custom_fields":null,"og_video":null,"og_custom_url":null,"og_article_section":null,"og_article_tags":null,"twitter_use_og":false,"twitter_card":"default","twitter_image_type":"default","twitter_image_url":null,"twitter_image_custom_url":null,"twitter_image_custom_fields":null,"twitter_title":null,"twitter_description":null,"schema":{"blockGraphs":[],"customGraphs":[],"default":{"data":{"Article":[],"Course":[],"Dataset":[],"FAQPage":[],"Movie":[],"Person":[],"Product":[],"ProductReview":[],"Car":[],"Recipe":[],"Service":[],"SoftwareApplication":[],"WebPage":[]},"graphName":"","isEnabled":true},"graphs":[],"defaultGraph":"","defaultPostTypeGraph":""},"schema_type":null,"schema_type_options":null,"pillar_content":false,"robots_default":true,"robots_noindex":false,"robots_noarchive":false,"robots_nosnippet":false,"robots_nofollow":false,"robots_noimageindex":false,"robots_noodp":false,"robots_notranslate":false,"robots_max_snippet":null,"robots_max_videopreview":null,"robots_max_imagepreview":"large","priority":null,"frequency":null,"local_seo":null,"seo_analyzer_scan_date":"2025-10-08 11:02:11","breadcrumb_settings":null,"limit_modified_date":false,"open_ai":null,"ai":null,"created":"2020-12-21 12:02:37","updated":"2025-10-08 11:02:11","focus_keyword":null,"additional_keywords":null,"truseo_locale":null},"aioseo_breadcrumb":"<div class=\"aioseo-breadcrumbs\"><span class=\"aioseo-breadcrumb\">\n\t<a href=\"https:\/\/www.eldigitaldeasturias.com\/noticias\" title=\"Home\">Home<\/a>\n<\/span><span class=\"aioseo-breadcrumb-separator\">\u2013<\/span><span class=\"aioseo-breadcrumb\">\n\t<a href=\"https:\/\/www.eldigitaldeasturias.com\/noticias\/category\/actualidad\/\" title=\"Actualidad\">Actualidad<\/a>\n<\/span><span class=\"aioseo-breadcrumb-separator\">\u2013<\/span><span class=\"aioseo-breadcrumb\">\n\t<a href=\"https:\/\/www.eldigitaldeasturias.com\/noticias\/raul-castro-y-diaz-canel-presiden-el-desfile-dia-del-trabajo-en-cuba\/\" title=\"Ra\u00fal Castro y D\u00edaz-Canel presiden el desfile D\u00eda del Trabajo en Cuba\">Ra\u00fal Castro y D\u00edaz-Canel presiden el desfile D\u00eda del Trabajo en Cuba<\/a>\n<\/span><\/div>","aioseo_breadcrumb_json":[{"label":"Home","link":"https:\/\/www.eldigitaldeasturias.com\/noticias"},{"label":"Actualidad","link":"https:\/\/www.eldigitaldeasturias.com\/noticias\/category\/actualidad\/"},{"label":"Ra\u00fal Castro y D\u00edaz-Canel presiden el desfile D\u00eda del Trabajo en Cuba","link":"https:\/\/www.eldigitaldeasturias.com\/noticias\/raul-castro-y-diaz-canel-presiden-el-desfile-dia-del-trabajo-en-cuba\/"}],"_links":{"self":[{"href":"https:\/\/www.eldigitaldeasturias.com\/noticias\/wp-json\/wp\/v2\/posts\/978495","targetHints":{"allow":["GET"]}}],"collection":[{"href":"https:\/\/www.eldigitaldeasturias.com\/noticias\/wp-json\/wp\/v2\/posts"}],"about":[{"href":"https:\/\/www.eldigitaldeasturias.com\/noticias\/wp-json\/wp\/v2\/types\/post"}],"author":[{"embeddable":true,"href":"https:\/\/www.eldigitaldeasturias.com\/noticias\/wp-json\/wp\/v2\/users\/1"}],"replies":[{"embeddable":true,"href":"https:\/\/www.eldigitaldeasturias.com\/noticias\/wp-json\/wp\/v2\/comments?post=978495"}],"version-history":[{"count":0,"href":"https:\/\/www.eldigitaldeasturias.com\/noticias\/wp-json\/wp\/v2\/posts\/978495\/revisions"}],"wp:attachment":[{"href":"https:\/\/www.eldigitaldeasturias.com\/noticias\/wp-json\/wp\/v2\/media?parent=978495"}],"wp:term":[{"taxonomy":"category","embeddable":true,"href":"https:\/\/www.eldigitaldeasturias.com\/noticias\/wp-json\/wp\/v2\/categories?post=978495"},{"taxonomy":"post_tag","embeddable":true,"href":"https:\/\/www.eldigitaldeasturias.com\/noticias\/wp-json\/wp\/v2\/tags?post=978495"}],"curies":[{"name":"wp","href":"https:\/\/api.w.org\/{rel}","templated":true}]}}