{"id":978475,"date":"2018-05-01T20:29:23","date_gmt":"2018-05-01T20:29:23","guid":{"rendered":"http:\/\/www.eldigitaldeasturias.com\/noticias\/?p=978475"},"modified":"2018-05-01T20:29:23","modified_gmt":"2018-05-01T20:29:23","slug":"polemica-por-un-proyecto-para-quemar-la-basura-de-buenos-aires","status":"publish","type":"post","link":"https:\/\/www.eldigitaldeasturias.com\/noticias\/polemica-por-un-proyecto-para-quemar-la-basura-de-buenos-aires\/","title":{"rendered":"Pol\u00e9mica por un proyecto para quemar la basura de Buenos Aires"},"content":{"rendered":"<p><img loading=\"lazy\" decoding=\"async\" class=\"alignleft size-medium wp-image-978127\" src=\"https:\/\/www.eldigitaldeasturias.com\/noticias\/wp-content\/uploads\/2018\/04\/buenos-aires-2437858_960_720-360x240.jpg\" alt=\"\" width=\"360\" height=\"240\" \/>Buenos Aires, 1 may (dpa) &#8211; Un proyecto presentado por el alcalde de Buenos Aires, Horacio Rodr\u00edguez Larreta, para incinerar la basura que producen los habitantes fue rechazado por dirigentes de organizaciones sociales y ambientales, que aseguran que la medida causar\u00e1 contaminaci\u00f3n en la capital argentina.<\/p>\n<p>La iniciativa ser\u00e1 debatida este jueves en la Legislatura de Buenos Aires, donde la coalici\u00f3n de gobierno de centroderecha Cambiemos cuenta con la mayor\u00eda de los votos para aprobarla.<\/p>\n<p>El texto que ser\u00e1 debatido por los legisladores propone la implementaci\u00f3n de incineradores que, a partir de la combusti\u00f3n de los residuos, generar\u00e1n energ\u00eda para reutilizar.<\/p>\n<p>El proyecto asegura que la tecnolog\u00eda que se utilizar\u00e1 en la incineraci\u00f3n reducir\u00e1 en un 90 por ciento el volumen de los desechos, y que las cenizas generadas podr\u00e1n ser reutilizadas en la industria de la construcci\u00f3n.<\/p>\n<p>\u00abLos incineradores de basura emiten al ambiente una variedad de sustancias qu\u00edmicas, algunas muy t\u00f3xicas para las personas\u00bb, dijo a dpa Ver\u00f3nica Odriozola, directora ejecutiva de Salud sin Da\u00f1o, una de las organizaciones que se oponen al proyecto.<\/p>\n<p>Odriozola firm\u00f3 una declaraci\u00f3n junto a otros referentes de organizaciones ambientales en la que aseguraron que la iniciativa pretende \u00abtapar la falta de voluntad pol\u00edtica\u00bb en cumplir con la llamada Ley de Basura Cero, que fue aprobada en 2005 y fijaba un descenso en la cantidad de residuos enviada por Buenos Aires a los dep\u00f3sitos situados en la periferia de la ciudad.<\/p>\n<p>En enero pasado la Coordinaci\u00f3n Ecol\u00f3gica \u00c1rea Metropolitana Sociedad del Estado (CEAMSE), la empresa p\u00fablica encargada de la gesti\u00f3n de residuos s\u00f3lidos de la capital argentina y otros 34 distritos bonaerenses, advirti\u00f3 que el \u00faltimo dep\u00f3sito habilitado para recibir basura colapsar\u00e1 en un lustro.<\/p>\n<p>\u00abPor el crecimiento poblacional y econ\u00f3mico, cada vez se generan m\u00e1s residuos\u00bb, dijo al diario \u00abClar\u00edn\u00bb Gustavo Coria, presidente de la CEAMSE, que viaj\u00f3 a Europa para recorrer diferentes plantas de incineraci\u00f3n de basura.<\/p>\n<p>Los llamados \u00abrellenos sanitarios\u00bb recibieron en el \u00faltimo a\u00f1o 18.000 toneladas de basura diaria, unas 2.000 m\u00e1s que en 2016, afirm\u00f3 la CEAMSE.<\/p>\n<p>Seg\u00fan Odriozola, el \u00abargumento\u00bb de que los dep\u00f3sitos de residuos est\u00e1n a punto de colapsar es expuesto por el Gobierno de Buenos Aires como un \u00abfracaso de la Ley de Basura Cero como si la norma tuviera vida propia y los funcionarios no tuvieran que aplicarla\u00bb.<\/p>\n<p>\u00abLa ley obligaba al Gobierno a cumplir un cronograma de reducci\u00f3n de residuos sobre la base de una serie de m\u00faltiples pol\u00edticas p\u00fablicas que no se pusieron en marcha\u00bb, afirm\u00f3 Odriozola.<\/p>\n<p>En ese contexto, la presentaci\u00f3n de un proyecto para incinerar los residuos aparece como una \u00absoluci\u00f3n\u00bb para \u00abuna ciudad ya castigada por los problemas ambientales\u00bb, entre los que se cuenta la contaminaci\u00f3n de la cuenca h\u00eddrica Matanza-Riachuelo, que tiene una extensi\u00f3n de 64 kil\u00f3metros y bordea Buenos Aires.<\/p>\n<p>Andr\u00e9s N\u00e1poli, director ejecutivo de la Fundaci\u00f3n Ambiente y Recursos Naturales (FARN), dijo a la radio AM750 que la incineraci\u00f3n generar\u00e1 emisiones de \u00abcomponentes muy peligrosos, como dioxinas, que son agentes cancer\u00edgenos declarados por la Agencia Internacional de Investigaci\u00f3n del C\u00e1ncer\u00bb.<\/p>\n<p>El proyecto legislativo, adem\u00e1s, pone en riesgo el trabajo que realizan en forma cotidiana miles de recuperadores de residuos para su reciclado, advirti\u00f3 en una carta p\u00fablica un grupo de sacerdotes cat\u00f3licos que se desempe\u00f1an en las villas (favelas) de Buenos Aires.<\/p>\n<p>\u00abEs preocupante si se quema el material reciclable, ya que muchos cartoneros lo necesitan para ganarse su medio de vida\u00bb, indic\u00f3 el documento firmado por los religiosos, entre ellos Gustavo Carrara, nombrado recientemente obispo por el papa Francisco.<\/p>\n<p>En junio de 2017 la Uni\u00f3n Europea (UE) comenz\u00f3 a analizar un informe que recomienda medidas para gestionar los residuos con el objetivo de prepararlos para su reutilizaci\u00f3n y reciclado.<\/p>\n<p>Seg\u00fan el documento evaluado, varios pa\u00edses europeos, como Dinamarca y Suecia, invirtieron \u00abexcesivamente en plantas de residuos para energ\u00eda\u00bb por sobre otros m\u00e9todos de reciclado.<\/p>\n<p><i class=\"lang-es\"><span class=\" readonly\" title=\"\">Por Gabriel Tu\u00f1ez (dpa)<\/span><\/i><\/p>\n<p>&nbsp;<\/p>\n","protected":false},"excerpt":{"rendered":"<p>Buenos Aires, 1 may (dpa) &#8211; Un proyecto presentado por el alcalde de Buenos Aires, Horacio Rodr\u00edguez Larreta, para incinerar la basura que producen los habitantes fue rechazado por dirigentes de organizaciones sociales y ambientales, que aseguran que la medida causar\u00e1 contaminaci\u00f3n en la capital argentina. La iniciativa ser\u00e1 debatida este jueves en la Legislatura [&hellip;]<\/p>\n","protected":false},"author":1,"featured_media":978127,"comment_status":"closed","ping_status":"closed","sticky":false,"template":"","format":"standard","meta":{"footnotes":""},"categories":[1],"tags":[],"class_list":["post-978475","post","type-post","status-publish","format-standard","has-post-thumbnail","hentry","category-actualidad"],"aioseo_notices":[],"aioseo_head":"\n\t\t<!-- All in One SEO Pro 5.0.1 - aioseo.com -->\n\t<meta name=\"description\" content=\"Buenos Aires, 1 may (dpa) - Un proyecto presentado por el alcalde de Buenos Aires, Horacio Rodr\u00edguez Larreta, para incinerar la basura que producen los habitantes fue rechazado por dirigentes de organizaciones sociales y ambientales, que aseguran que la medida causar\u00e1 contaminaci\u00f3n en la capital argentina. La iniciativa ser\u00e1 debatida este jueves en la Legislatura\" \/>\n\t<meta name=\"robots\" content=\"max-image-preview:large\" \/>\n\t<meta name=\"author\" content=\"El Digital de Asturias\"\/>\n\t<meta name=\"google-site-verification\" content=\"UA-38556648-1\" \/>\n\t<meta name=\"msvalidate.01\" content=\"7dfe9f3f1b24437ab69f4f2559babe99\" \/>\n\t<meta name=\"keywords\" content=\"actualidad\" \/>\n\t<link rel=\"canonical\" href=\"https:\/\/www.eldigitaldeasturias.com\/noticias\/polemica-por-un-proyecto-para-quemar-la-basura-de-buenos-aires\/\" \/>\n\t<meta name=\"generator\" content=\"All in One SEO Pro (AIOSEO) 5.0.1\" \/>\n\t\t<meta property=\"og:locale\" content=\"es_ES\" \/>\n\t\t<meta property=\"og:site_name\" content=\"El Digital de Asturias\" \/>\n\t\t<meta property=\"og:type\" content=\"article\" \/>\n\t\t<meta property=\"og:title\" content=\"Pol\u00e9mica por un proyecto para quemar la basura de Buenos Aires - El Digital de Asturias\" \/>\n\t\t<meta property=\"og:description\" content=\"Buenos Aires, 1 may (dpa) - Un proyecto presentado por el alcalde de Buenos Aires, Horacio Rodr\u00edguez Larreta, para incinerar la basura que producen los habitantes fue rechazado por dirigentes de organizaciones sociales y ambientales, que aseguran que la medida causar\u00e1 contaminaci\u00f3n en la capital argentina. La iniciativa ser\u00e1 debatida este jueves en la Legislatura\" \/>\n\t\t<meta property=\"og:url\" content=\"https:\/\/www.eldigitaldeasturias.com\/noticias\/polemica-por-un-proyecto-para-quemar-la-basura-de-buenos-aires\/\" \/>\n\t\t<meta property=\"article:tag\" content=\"actualidad\" \/>\n\t\t<meta property=\"article:published_time\" content=\"2018-05-01T20:29:23+00:00\" \/>\n\t\t<meta property=\"article:modified_time\" content=\"2018-05-01T20:29:23+00:00\" \/>\n\t\t<meta property=\"article:publisher\" content=\"https:\/\/facebook.com\/eldigitaldeasturias\" \/>\n\t\t<meta name=\"twitter:card\" content=\"summary_large_image\" \/>\n\t\t<meta name=\"twitter:title\" content=\"Pol\u00e9mica por un proyecto para quemar la basura de Buenos Aires - El Digital de Asturias\" \/>\n\t\t<meta name=\"twitter:description\" content=\"Buenos Aires, 1 may (dpa) - Un proyecto presentado por el alcalde de Buenos Aires, Horacio Rodr\u00edguez Larreta, para incinerar la basura que producen los habitantes fue rechazado por dirigentes de organizaciones sociales y ambientales, que aseguran que la medida causar\u00e1 contaminaci\u00f3n en la capital argentina. La iniciativa ser\u00e1 debatida este jueves en la Legislatura\" \/>\n\t\t<meta name=\"twitter:image\" content=\"https:\/\/www.eldigitaldeasturias.com\/noticias\/wp-content\/uploads\/2020\/12\/EDA-1.jpg\" \/>\n\t\t<meta name=\"twitter:label1\" content=\"Escrito por\" \/>\n\t\t<meta name=\"twitter:data1\" content=\"El Digital de Asturias\" \/>\n\t\t<meta name=\"twitter:label2\" content=\"Tiempo de lectura estimado\" \/>\n\t\t<meta name=\"twitter:data2\" content=\"3 minutos\" \/>\n\t\t<script type=\"application\/ld+json\" class=\"aioseo-schema\">\n\t\t\t{\"@context\":\"https:\\\/\\\/schema.org\",\"@graph\":[{\"@type\":\"BlogPosting\",\"@id\":\"https:\\\/\\\/www.eldigitaldeasturias.com\\\/noticias\\\/polemica-por-un-proyecto-para-quemar-la-basura-de-buenos-aires\\\/#blogposting\",\"name\":\"Pol\\u00e9mica por un proyecto para quemar la basura de Buenos Aires - El Digital de Asturias\",\"headline\":\"Pol\\u00e9mica por un proyecto para quemar la basura de Buenos Aires\",\"author\":{\"@id\":\"https:\\\/\\\/www.eldigitaldeasturias.com\\\/noticias\\\/author\\\/admin\\\/#author\"},\"publisher\":{\"@id\":\"https:\\\/\\\/www.eldigitaldeasturias.com\\\/noticias\\\/#organization\"},\"image\":{\"@type\":\"ImageObject\",\"url\":978127},\"datePublished\":\"2018-05-01T20:29:23+02:00\",\"dateModified\":\"2018-05-01T20:29:23+02:00\",\"inLanguage\":\"es-ES\",\"mainEntityOfPage\":{\"@id\":\"https:\\\/\\\/www.eldigitaldeasturias.com\\\/noticias\\\/polemica-por-un-proyecto-para-quemar-la-basura-de-buenos-aires\\\/#webpage\"},\"isPartOf\":{\"@id\":\"https:\\\/\\\/www.eldigitaldeasturias.com\\\/noticias\\\/polemica-por-un-proyecto-para-quemar-la-basura-de-buenos-aires\\\/#webpage\"},\"articleSection\":\"Actualidad\"},{\"@type\":\"BreadcrumbList\",\"@id\":\"https:\\\/\\\/www.eldigitaldeasturias.com\\\/noticias\\\/polemica-por-un-proyecto-para-quemar-la-basura-de-buenos-aires\\\/#breadcrumblist\",\"itemListElement\":[{\"@type\":\"ListItem\",\"@id\":\"https:\\\/\\\/www.eldigitaldeasturias.com\\\/noticias#listItem\",\"position\":1,\"name\":\"Home\",\"item\":\"https:\\\/\\\/www.eldigitaldeasturias.com\\\/noticias\",\"nextItem\":{\"@type\":\"ListItem\",\"@id\":\"https:\\\/\\\/www.eldigitaldeasturias.com\\\/noticias\\\/category\\\/actualidad\\\/#listItem\",\"name\":\"Actualidad\"}},{\"@type\":\"ListItem\",\"@id\":\"https:\\\/\\\/www.eldigitaldeasturias.com\\\/noticias\\\/category\\\/actualidad\\\/#listItem\",\"position\":2,\"name\":\"Actualidad\",\"item\":\"https:\\\/\\\/www.eldigitaldeasturias.com\\\/noticias\\\/category\\\/actualidad\\\/\",\"nextItem\":{\"@type\":\"ListItem\",\"@id\":\"https:\\\/\\\/www.eldigitaldeasturias.com\\\/noticias\\\/polemica-por-un-proyecto-para-quemar-la-basura-de-buenos-aires\\\/#listItem\",\"name\":\"Pol\\u00e9mica por un proyecto para quemar la basura de Buenos Aires\"},\"previousItem\":{\"@type\":\"ListItem\",\"@id\":\"https:\\\/\\\/www.eldigitaldeasturias.com\\\/noticias#listItem\",\"name\":\"Home\"}},{\"@type\":\"ListItem\",\"@id\":\"https:\\\/\\\/www.eldigitaldeasturias.com\\\/noticias\\\/polemica-por-un-proyecto-para-quemar-la-basura-de-buenos-aires\\\/#listItem\",\"position\":3,\"name\":\"Pol\\u00e9mica por un proyecto para quemar la basura de Buenos Aires\",\"previousItem\":{\"@type\":\"ListItem\",\"@id\":\"https:\\\/\\\/www.eldigitaldeasturias.com\\\/noticias\\\/category\\\/actualidad\\\/#listItem\",\"name\":\"Actualidad\"}}]},{\"@type\":\"Organization\",\"@id\":\"https:\\\/\\\/www.eldigitaldeasturias.com\\\/noticias\\\/#organization\",\"name\":\"El Digital de Asturias\",\"description\":\"Hemeroteca\",\"url\":\"https:\\\/\\\/www.eldigitaldeasturias.com\\\/noticias\\\/\",\"email\":\"info@eldigitaldeasturias.com\",\"telephone\":\"+34652131393\",\"logo\":{\"@type\":\"ImageObject\",\"url\":\"https:\\\/\\\/www.eldigitaldeasturias.com\\\/noticias\\\/wp-content\\\/uploads\\\/2020\\\/12\\\/EDA.jpg\",\"@id\":\"https:\\\/\\\/www.eldigitaldeasturias.com\\\/noticias\\\/polemica-por-un-proyecto-para-quemar-la-basura-de-buenos-aires\\\/#organizationLogo\"},\"image\":{\"@id\":\"https:\\\/\\\/www.eldigitaldeasturias.com\\\/noticias\\\/polemica-por-un-proyecto-para-quemar-la-basura-de-buenos-aires\\\/#organizationLogo\"},\"sameAs\":[\"https:\\\/\\\/facebook.com\\\/eldigitaldeasturias\",\"https:\\\/\\\/www.youtube.com\\\/channel\\\/UCZP-2wLEB9Rv6erhFmqVnvg\"],\"address\":{\"@id\":\"https:\\\/\\\/www.eldigitaldeasturias.com\\\/noticias\\\/#postaladdress\",\"@type\":\"PostalAddress\",\"streetAddress\":\"san antonio 4\",\"postalCode\":\"33430\",\"addressLocality\":\"Cand\\u00e1s\",\"addressRegion\":\"Asturias\",\"addressCountry\":\"ES\"}},{\"@type\":\"Person\",\"@id\":\"https:\\\/\\\/www.eldigitaldeasturias.com\\\/noticias\\\/author\\\/admin\\\/#author\",\"url\":\"https:\\\/\\\/www.eldigitaldeasturias.com\\\/noticias\\\/author\\\/admin\\\/\",\"name\":\"El Digital de Asturias\",\"image\":{\"@type\":\"ImageObject\",\"@id\":\"https:\\\/\\\/www.eldigitaldeasturias.com\\\/noticias\\\/polemica-por-un-proyecto-para-quemar-la-basura-de-buenos-aires\\\/#authorImage\",\"url\":\"https:\\\/\\\/secure.gravatar.com\\\/avatar\\\/df2aeffc32bcd13f8d26072ef8a91b623d677766deac7f97ca815868cd41bf5e?s=96&d=mm&r=g\",\"width\":96,\"height\":96,\"caption\":\"El Digital de Asturias\"}},{\"@type\":\"WebPage\",\"@id\":\"https:\\\/\\\/www.eldigitaldeasturias.com\\\/noticias\\\/polemica-por-un-proyecto-para-quemar-la-basura-de-buenos-aires\\\/#webpage\",\"url\":\"https:\\\/\\\/www.eldigitaldeasturias.com\\\/noticias\\\/polemica-por-un-proyecto-para-quemar-la-basura-de-buenos-aires\\\/\",\"name\":\"Pol\\u00e9mica por un proyecto para quemar la basura de Buenos Aires - El Digital de Asturias\",\"description\":\"Buenos Aires, 1 may (dpa) - Un proyecto presentado por el alcalde de Buenos Aires, Horacio Rodr\\u00edguez Larreta, para incinerar la basura que producen los habitantes fue rechazado por dirigentes de organizaciones sociales y ambientales, que aseguran que la medida causar\\u00e1 contaminaci\\u00f3n en la capital argentina. La iniciativa ser\\u00e1 debatida este jueves en la Legislatura\",\"inLanguage\":\"es-ES\",\"isPartOf\":{\"@id\":\"https:\\\/\\\/www.eldigitaldeasturias.com\\\/noticias\\\/#website\"},\"breadcrumb\":{\"@id\":\"https:\\\/\\\/www.eldigitaldeasturias.com\\\/noticias\\\/polemica-por-un-proyecto-para-quemar-la-basura-de-buenos-aires\\\/#breadcrumblist\"},\"author\":{\"@id\":\"https:\\\/\\\/www.eldigitaldeasturias.com\\\/noticias\\\/author\\\/admin\\\/#author\"},\"creator\":{\"@id\":\"https:\\\/\\\/www.eldigitaldeasturias.com\\\/noticias\\\/author\\\/admin\\\/#author\"},\"image\":{\"@type\":\"ImageObject\",\"url\":978127,\"@id\":\"https:\\\/\\\/www.eldigitaldeasturias.com\\\/noticias\\\/polemica-por-un-proyecto-para-quemar-la-basura-de-buenos-aires\\\/#mainImage\"},\"primaryImageOfPage\":{\"@id\":\"https:\\\/\\\/www.eldigitaldeasturias.com\\\/noticias\\\/polemica-por-un-proyecto-para-quemar-la-basura-de-buenos-aires\\\/#mainImage\"},\"datePublished\":\"2018-05-01T20:29:23+02:00\",\"dateModified\":\"2018-05-01T20:29:23+02:00\"},{\"@type\":\"WebSite\",\"@id\":\"https:\\\/\\\/www.eldigitaldeasturias.com\\\/noticias\\\/#website\",\"url\":\"https:\\\/\\\/www.eldigitaldeasturias.com\\\/noticias\\\/\",\"name\":\"El Digital de Asturias - Diario de actualidad y noticias\",\"alternateName\":\"El Digital de Asturias - Diario de actualidad y noticias\",\"description\":\"Hemeroteca\",\"inLanguage\":\"es-ES\",\"publisher\":{\"@id\":\"https:\\\/\\\/www.eldigitaldeasturias.com\\\/noticias\\\/#organization\"}}]}\n\t\t<\/script>\n\t\t<!-- All in One SEO Pro -->\r\n\t\t<title>Pol\u00e9mica por un proyecto para quemar la basura de Buenos Aires - El Digital de Asturias<\/title>\n\n","aioseo_head_json":{"title":"Pol\u00e9mica por un proyecto para quemar la basura de Buenos Aires - El Digital de Asturias","description":"Buenos Aires, 1 may (dpa) - Un proyecto presentado por el alcalde de Buenos Aires, Horacio Rodr\u00edguez Larreta, para incinerar la basura que producen los habitantes fue rechazado por dirigentes de organizaciones sociales y ambientales, que aseguran que la medida causar\u00e1 contaminaci\u00f3n en la capital argentina. La iniciativa ser\u00e1 debatida este jueves en la Legislatura","canonical_url":"https:\/\/www.eldigitaldeasturias.com\/noticias\/polemica-por-un-proyecto-para-quemar-la-basura-de-buenos-aires\/","robots":"max-image-preview:large","keywords":"actualidad","webmasterTools":{"google-site-verification":"UA-38556648-1","msvalidate.01":"7dfe9f3f1b24437ab69f4f2559babe99","miscellaneous":""},"schema":{"@context":"https:\/\/schema.org","@graph":[{"@type":"BlogPosting","@id":"https:\/\/www.eldigitaldeasturias.com\/noticias\/polemica-por-un-proyecto-para-quemar-la-basura-de-buenos-aires\/#blogposting","name":"Pol\u00e9mica por un proyecto para quemar la basura de Buenos Aires - El Digital de Asturias","headline":"Pol\u00e9mica por un proyecto para quemar la basura de Buenos Aires","author":{"@id":"https:\/\/www.eldigitaldeasturias.com\/noticias\/author\/admin\/#author"},"publisher":{"@id":"https:\/\/www.eldigitaldeasturias.com\/noticias\/#organization"},"image":{"@type":"ImageObject","url":978127},"datePublished":"2018-05-01T20:29:23+02:00","dateModified":"2018-05-01T20:29:23+02:00","inLanguage":"es-ES","mainEntityOfPage":{"@id":"https:\/\/www.eldigitaldeasturias.com\/noticias\/polemica-por-un-proyecto-para-quemar-la-basura-de-buenos-aires\/#webpage"},"isPartOf":{"@id":"https:\/\/www.eldigitaldeasturias.com\/noticias\/polemica-por-un-proyecto-para-quemar-la-basura-de-buenos-aires\/#webpage"},"articleSection":"Actualidad"},{"@type":"BreadcrumbList","@id":"https:\/\/www.eldigitaldeasturias.com\/noticias\/polemica-por-un-proyecto-para-quemar-la-basura-de-buenos-aires\/#breadcrumblist","itemListElement":[{"@type":"ListItem","@id":"https:\/\/www.eldigitaldeasturias.com\/noticias#listItem","position":1,"name":"Home","item":"https:\/\/www.eldigitaldeasturias.com\/noticias","nextItem":{"@type":"ListItem","@id":"https:\/\/www.eldigitaldeasturias.com\/noticias\/category\/actualidad\/#listItem","name":"Actualidad"}},{"@type":"ListItem","@id":"https:\/\/www.eldigitaldeasturias.com\/noticias\/category\/actualidad\/#listItem","position":2,"name":"Actualidad","item":"https:\/\/www.eldigitaldeasturias.com\/noticias\/category\/actualidad\/","nextItem":{"@type":"ListItem","@id":"https:\/\/www.eldigitaldeasturias.com\/noticias\/polemica-por-un-proyecto-para-quemar-la-basura-de-buenos-aires\/#listItem","name":"Pol\u00e9mica por un proyecto para quemar la basura de Buenos Aires"},"previousItem":{"@type":"ListItem","@id":"https:\/\/www.eldigitaldeasturias.com\/noticias#listItem","name":"Home"}},{"@type":"ListItem","@id":"https:\/\/www.eldigitaldeasturias.com\/noticias\/polemica-por-un-proyecto-para-quemar-la-basura-de-buenos-aires\/#listItem","position":3,"name":"Pol\u00e9mica por un proyecto para quemar la basura de Buenos Aires","previousItem":{"@type":"ListItem","@id":"https:\/\/www.eldigitaldeasturias.com\/noticias\/category\/actualidad\/#listItem","name":"Actualidad"}}]},{"@type":"Organization","@id":"https:\/\/www.eldigitaldeasturias.com\/noticias\/#organization","name":"El Digital de Asturias","description":"Hemeroteca","url":"https:\/\/www.eldigitaldeasturias.com\/noticias\/","email":"info@eldigitaldeasturias.com","telephone":"+34652131393","logo":{"@type":"ImageObject","url":"https:\/\/www.eldigitaldeasturias.com\/noticias\/wp-content\/uploads\/2020\/12\/EDA.jpg","@id":"https:\/\/www.eldigitaldeasturias.com\/noticias\/polemica-por-un-proyecto-para-quemar-la-basura-de-buenos-aires\/#organizationLogo"},"image":{"@id":"https:\/\/www.eldigitaldeasturias.com\/noticias\/polemica-por-un-proyecto-para-quemar-la-basura-de-buenos-aires\/#organizationLogo"},"sameAs":["https:\/\/facebook.com\/eldigitaldeasturias","https:\/\/www.youtube.com\/channel\/UCZP-2wLEB9Rv6erhFmqVnvg"],"address":{"@id":"https:\/\/www.eldigitaldeasturias.com\/noticias\/#postaladdress","@type":"PostalAddress","streetAddress":"san antonio 4","postalCode":"33430","addressLocality":"Cand\u00e1s","addressRegion":"Asturias","addressCountry":"ES"}},{"@type":"Person","@id":"https:\/\/www.eldigitaldeasturias.com\/noticias\/author\/admin\/#author","url":"https:\/\/www.eldigitaldeasturias.com\/noticias\/author\/admin\/","name":"El Digital de Asturias","image":{"@type":"ImageObject","@id":"https:\/\/www.eldigitaldeasturias.com\/noticias\/polemica-por-un-proyecto-para-quemar-la-basura-de-buenos-aires\/#authorImage","url":"https:\/\/secure.gravatar.com\/avatar\/df2aeffc32bcd13f8d26072ef8a91b623d677766deac7f97ca815868cd41bf5e?s=96&d=mm&r=g","width":96,"height":96,"caption":"El Digital de Asturias"}},{"@type":"WebPage","@id":"https:\/\/www.eldigitaldeasturias.com\/noticias\/polemica-por-un-proyecto-para-quemar-la-basura-de-buenos-aires\/#webpage","url":"https:\/\/www.eldigitaldeasturias.com\/noticias\/polemica-por-un-proyecto-para-quemar-la-basura-de-buenos-aires\/","name":"Pol\u00e9mica por un proyecto para quemar la basura de Buenos Aires - El Digital de Asturias","description":"Buenos Aires, 1 may (dpa) - Un proyecto presentado por el alcalde de Buenos Aires, Horacio Rodr\u00edguez Larreta, para incinerar la basura que producen los habitantes fue rechazado por dirigentes de organizaciones sociales y ambientales, que aseguran que la medida causar\u00e1 contaminaci\u00f3n en la capital argentina. La iniciativa ser\u00e1 debatida este jueves en la Legislatura","inLanguage":"es-ES","isPartOf":{"@id":"https:\/\/www.eldigitaldeasturias.com\/noticias\/#website"},"breadcrumb":{"@id":"https:\/\/www.eldigitaldeasturias.com\/noticias\/polemica-por-un-proyecto-para-quemar-la-basura-de-buenos-aires\/#breadcrumblist"},"author":{"@id":"https:\/\/www.eldigitaldeasturias.com\/noticias\/author\/admin\/#author"},"creator":{"@id":"https:\/\/www.eldigitaldeasturias.com\/noticias\/author\/admin\/#author"},"image":{"@type":"ImageObject","url":978127,"@id":"https:\/\/www.eldigitaldeasturias.com\/noticias\/polemica-por-un-proyecto-para-quemar-la-basura-de-buenos-aires\/#mainImage"},"primaryImageOfPage":{"@id":"https:\/\/www.eldigitaldeasturias.com\/noticias\/polemica-por-un-proyecto-para-quemar-la-basura-de-buenos-aires\/#mainImage"},"datePublished":"2018-05-01T20:29:23+02:00","dateModified":"2018-05-01T20:29:23+02:00"},{"@type":"WebSite","@id":"https:\/\/www.eldigitaldeasturias.com\/noticias\/#website","url":"https:\/\/www.eldigitaldeasturias.com\/noticias\/","name":"El Digital de Asturias - Diario de actualidad y noticias","alternateName":"El Digital de Asturias - Diario de actualidad y noticias","description":"Hemeroteca","inLanguage":"es-ES","publisher":{"@id":"https:\/\/www.eldigitaldeasturias.com\/noticias\/#organization"}}]},"og:locale":"es_ES","og:site_name":"El Digital de Asturias","og:type":"article","og:title":"Pol\u00e9mica por un proyecto para quemar la basura de Buenos Aires - El Digital de Asturias","og:description":"Buenos Aires, 1 may (dpa) - Un proyecto presentado por el alcalde de Buenos Aires, Horacio Rodr\u00edguez Larreta, para incinerar la basura que producen los habitantes fue rechazado por dirigentes de organizaciones sociales y ambientales, que aseguran que la medida causar\u00e1 contaminaci\u00f3n en la capital argentina. La iniciativa ser\u00e1 debatida este jueves en la Legislatura","og:url":"https:\/\/www.eldigitaldeasturias.com\/noticias\/polemica-por-un-proyecto-para-quemar-la-basura-de-buenos-aires\/","article:tag":["actualidad"],"article:published_time":"2018-05-01T20:29:23+00:00","article:modified_time":"2018-05-01T20:29:23+00:00","article:publisher":"https:\/\/facebook.com\/eldigitaldeasturias","twitter:card":"summary_large_image","twitter:title":"Pol\u00e9mica por un proyecto para quemar la basura de Buenos Aires - El Digital de Asturias","twitter:description":"Buenos Aires, 1 may (dpa) - Un proyecto presentado por el alcalde de Buenos Aires, Horacio Rodr\u00edguez Larreta, para incinerar la basura que producen los habitantes fue rechazado por dirigentes de organizaciones sociales y ambientales, que aseguran que la medida causar\u00e1 contaminaci\u00f3n en la capital argentina. La iniciativa ser\u00e1 debatida este jueves en la Legislatura","twitter:image":"https:\/\/www.eldigitaldeasturias.com\/noticias\/wp-content\/uploads\/2020\/12\/EDA-1.jpg","twitter:label1":"Escrito por","twitter:data1":"El Digital de Asturias","twitter:label2":"Tiempo de lectura estimado","twitter:data2":"3 minutos"},"aioseo_meta_data":{"post_id":"978475","title":null,"description":null,"keywords":null,"keyphrases":null,"primary_term":null,"canonical_url":null,"og_title":null,"og_description":null,"og_object_type":"default","og_image_type":"default","og_image_url":null,"og_image_width":null,"og_image_height":null,"og_image_custom_url":null,"og_image_custom_fields":null,"og_video":null,"og_custom_url":null,"og_article_section":null,"og_article_tags":null,"twitter_use_og":false,"twitter_card":"default","twitter_image_type":"default","twitter_image_url":null,"twitter_image_custom_url":null,"twitter_image_custom_fields":null,"twitter_title":null,"twitter_description":null,"schema":{"blockGraphs":[],"customGraphs":[],"default":{"data":{"Article":[],"Course":[],"Dataset":[],"FAQPage":[],"Movie":[],"Person":[],"Product":[],"ProductReview":[],"Car":[],"Recipe":[],"Service":[],"SoftwareApplication":[],"WebPage":[]},"graphName":"","isEnabled":true},"graphs":[],"defaultGraph":"","defaultPostTypeGraph":""},"schema_type":null,"schema_type_options":null,"pillar_content":false,"robots_default":true,"robots_noindex":false,"robots_noarchive":false,"robots_nosnippet":false,"robots_nofollow":false,"robots_noimageindex":false,"robots_noodp":false,"robots_notranslate":false,"robots_max_snippet":null,"robots_max_videopreview":null,"robots_max_imagepreview":"large","priority":null,"frequency":null,"local_seo":null,"seo_analyzer_scan_date":"2025-10-08 10:58:05","breadcrumb_settings":null,"limit_modified_date":false,"open_ai":null,"ai":null,"created":"2020-12-21 12:02:37","updated":"2025-10-08 10:58:05","focus_keyword":null,"additional_keywords":null,"truseo_locale":null},"aioseo_breadcrumb":"<div class=\"aioseo-breadcrumbs\"><span class=\"aioseo-breadcrumb\">\n\t<a href=\"https:\/\/www.eldigitaldeasturias.com\/noticias\" title=\"Home\">Home<\/a>\n<\/span><span class=\"aioseo-breadcrumb-separator\">\u2013<\/span><span class=\"aioseo-breadcrumb\">\n\t<a href=\"https:\/\/www.eldigitaldeasturias.com\/noticias\/category\/actualidad\/\" title=\"Actualidad\">Actualidad<\/a>\n<\/span><span class=\"aioseo-breadcrumb-separator\">\u2013<\/span><span class=\"aioseo-breadcrumb\">\n\t<a href=\"https:\/\/www.eldigitaldeasturias.com\/noticias\/polemica-por-un-proyecto-para-quemar-la-basura-de-buenos-aires\/\" title=\"Pol\u00e9mica por un proyecto para quemar la basura de Buenos Aires\">Pol\u00e9mica por un proyecto para quemar la basura de Buenos Aires<\/a>\n<\/span><\/div>","aioseo_breadcrumb_json":[{"label":"Home","link":"https:\/\/www.eldigitaldeasturias.com\/noticias"},{"label":"Actualidad","link":"https:\/\/www.eldigitaldeasturias.com\/noticias\/category\/actualidad\/"},{"label":"Pol\u00e9mica por un proyecto para quemar la basura de Buenos Aires","link":"https:\/\/www.eldigitaldeasturias.com\/noticias\/polemica-por-un-proyecto-para-quemar-la-basura-de-buenos-aires\/"}],"_links":{"self":[{"href":"https:\/\/www.eldigitaldeasturias.com\/noticias\/wp-json\/wp\/v2\/posts\/978475","targetHints":{"allow":["GET"]}}],"collection":[{"href":"https:\/\/www.eldigitaldeasturias.com\/noticias\/wp-json\/wp\/v2\/posts"}],"about":[{"href":"https:\/\/www.eldigitaldeasturias.com\/noticias\/wp-json\/wp\/v2\/types\/post"}],"author":[{"embeddable":true,"href":"https:\/\/www.eldigitaldeasturias.com\/noticias\/wp-json\/wp\/v2\/users\/1"}],"replies":[{"embeddable":true,"href":"https:\/\/www.eldigitaldeasturias.com\/noticias\/wp-json\/wp\/v2\/comments?post=978475"}],"version-history":[{"count":0,"href":"https:\/\/www.eldigitaldeasturias.com\/noticias\/wp-json\/wp\/v2\/posts\/978475\/revisions"}],"wp:attachment":[{"href":"https:\/\/www.eldigitaldeasturias.com\/noticias\/wp-json\/wp\/v2\/media?parent=978475"}],"wp:term":[{"taxonomy":"category","embeddable":true,"href":"https:\/\/www.eldigitaldeasturias.com\/noticias\/wp-json\/wp\/v2\/categories?post=978475"},{"taxonomy":"post_tag","embeddable":true,"href":"https:\/\/www.eldigitaldeasturias.com\/noticias\/wp-json\/wp\/v2\/tags?post=978475"}],"curies":[{"name":"wp","href":"https:\/\/api.w.org\/{rel}","templated":true}]}}