{"id":978467,"date":"2018-05-01T20:20:48","date_gmt":"2018-05-01T20:20:48","guid":{"rendered":"http:\/\/www.eldigitaldeasturias.com\/noticias\/?p=978467"},"modified":"2018-05-01T20:20:48","modified_gmt":"2018-05-01T20:20:48","slug":"mahmud-abbas-culpa-a-los-judios-del-holocausto","status":"publish","type":"post","link":"https:\/\/www.eldigitaldeasturias.com\/noticias\/mahmud-abbas-culpa-a-los-judios-del-holocausto\/","title":{"rendered":"Mahmud Abbas culpa a los jud\u00edos del Holocausto"},"content":{"rendered":"<p><img loading=\"lazy\" decoding=\"async\" class=\"alignleft size-medium wp-image-978468\" src=\"https:\/\/www.eldigitaldeasturias.com\/noticias\/wp-content\/uploads\/2018\/05\/auschwitch-992971_960_720-360x270.jpg\" alt=\"\" width=\"360\" height=\"270\" \/>Ramala, 1 may (dpa) &#8211; El presidente palestino, Mahmud Abbas, responsabiliz\u00f3 hoy de cierta forma al pueblo jud\u00edo del Holocausto, como se conoce el asesinato de unos seis millones de jud\u00edos por los nazis en Alemania, durante un discurso en el que intentaba probar que ese colectivo no tiene ra\u00edces hist\u00f3ricas en Tierra Santa.<\/p>\n<p>El Holocausto no fue desencadenado por el antisemitismo, sino por \u00abel comportamiento social\u00bb de los jud\u00edos, la forma en que prestaban dinero, dijo hoy en Ramala el pol\u00edtico de 83 a\u00f1os, seg\u00fan le cita la agencia de noticias Wafa.<\/p>\n<p>El dictador nazi Adolf Hitler apoy\u00f3 la emigraci\u00f3n de jud\u00edos a Palestina con un acuerdo alcanzado entre el Ministerio de Econom\u00eda alem\u00e1n y el Banco Anglopalestino, dijo en el discurso ante el Consejo Nacional Palestino, el Parlamento palestino, que sesiona desde el lunes en Ramala. El acuerdo permit\u00eda que los jud\u00edos se llevaran todos sus bienes al emigrar, seg\u00fan Abbas.<\/p>\n<p>\u00abSin embargo no estoy diciendo que Israel tenga que ser eliminado. Israel existe y todo lo que quiero es un Estado con el que podamos vivir en paz\u00bb, matiz\u00f3 hoy sin embargo Abbas sobre un pa\u00eds que est\u00e1 a punto de cumplir el 70 aniversario de su fundaci\u00f3n.<\/p>\n<p>Ya en enero Abbas calific\u00f3 en un controvertido discurso a Israel como un \u00abproyecto colonial\u00bb que no ten\u00eda \u00abnada que ver con los jud\u00edos\u00bb y asegur\u00f3 \u00ab\u00e9stos fueron utilizados como un instrumento\u00bb.<\/p>\n<p>El presidente israel\u00ed, Reuven Rivlin, critic\u00f3 entonces duramente el discurso y dijo que Abbas hab\u00eda dicho precisamente \u00ablo que hizo que durante a\u00f1os fuera acusado de negacionista del Holocausto y antisemitismo\u00bb.<\/p>\n<p>En su tesis doctoral presentada a comienzos de los a\u00f1os 80, Abbas relativiz\u00f3 el Holocausto y acus\u00f3 al movimiento sionista de colaborar con el r\u00e9gimen de Hitler. En 2014, sin embargo, calific\u00f3 por primera vez el exterminio jud\u00edo de \u00abel peor crimen de la \u00e9poca actual\u00bb.<\/p>\n","protected":false},"excerpt":{"rendered":"<p>Ramala, 1 may (dpa) &#8211; El presidente palestino, Mahmud Abbas, responsabiliz\u00f3 hoy de cierta forma al pueblo jud\u00edo del Holocausto, como se conoce el asesinato de unos seis millones de jud\u00edos por los nazis en Alemania, durante un discurso en el que intentaba probar que ese colectivo no tiene ra\u00edces hist\u00f3ricas en Tierra Santa. El [&hellip;]<\/p>\n","protected":false},"author":1,"featured_media":978468,"comment_status":"closed","ping_status":"closed","sticky":false,"template":"","format":"standard","meta":{"footnotes":""},"categories":[1],"tags":[],"class_list":["post-978467","post","type-post","status-publish","format-standard","has-post-thumbnail","hentry","category-actualidad"],"aioseo_notices":[],"aioseo_head":"\n\t\t<!-- All in One SEO Pro 5.0.1 - aioseo.com -->\n\t<meta name=\"description\" content=\"Ramala, 1 may (dpa) - El presidente palestino, Mahmud Abbas, responsabiliz\u00f3 hoy de cierta forma al pueblo jud\u00edo del Holocausto, como se conoce el asesinato de unos seis millones de jud\u00edos por los nazis en Alemania, durante un discurso en el que intentaba probar que ese colectivo no tiene ra\u00edces hist\u00f3ricas en Tierra Santa. El\" \/>\n\t<meta name=\"robots\" content=\"max-image-preview:large\" \/>\n\t<meta name=\"author\" content=\"El Digital de Asturias\"\/>\n\t<meta name=\"google-site-verification\" content=\"UA-38556648-1\" \/>\n\t<meta name=\"msvalidate.01\" content=\"7dfe9f3f1b24437ab69f4f2559babe99\" \/>\n\t<meta name=\"keywords\" content=\"actualidad\" \/>\n\t<link rel=\"canonical\" href=\"https:\/\/www.eldigitaldeasturias.com\/noticias\/mahmud-abbas-culpa-a-los-judios-del-holocausto\/\" \/>\n\t<meta name=\"generator\" content=\"All in One SEO Pro (AIOSEO) 5.0.1\" \/>\n\t\t<meta property=\"og:locale\" content=\"es_ES\" \/>\n\t\t<meta property=\"og:site_name\" content=\"El Digital de Asturias\" \/>\n\t\t<meta property=\"og:type\" content=\"article\" \/>\n\t\t<meta property=\"og:title\" content=\"Mahmud Abbas culpa a los jud\u00edos del Holocausto - El Digital de Asturias\" \/>\n\t\t<meta property=\"og:description\" content=\"Ramala, 1 may (dpa) - El presidente palestino, Mahmud Abbas, responsabiliz\u00f3 hoy de cierta forma al pueblo jud\u00edo del Holocausto, como se conoce el asesinato de unos seis millones de jud\u00edos por los nazis en Alemania, durante un discurso en el que intentaba probar que ese colectivo no tiene ra\u00edces hist\u00f3ricas en Tierra Santa. El\" \/>\n\t\t<meta property=\"og:url\" content=\"https:\/\/www.eldigitaldeasturias.com\/noticias\/mahmud-abbas-culpa-a-los-judios-del-holocausto\/\" \/>\n\t\t<meta property=\"article:tag\" content=\"actualidad\" \/>\n\t\t<meta property=\"article:published_time\" content=\"2018-05-01T20:20:48+00:00\" \/>\n\t\t<meta property=\"article:modified_time\" content=\"2018-05-01T20:20:48+00:00\" \/>\n\t\t<meta property=\"article:publisher\" content=\"https:\/\/facebook.com\/eldigitaldeasturias\" \/>\n\t\t<meta name=\"twitter:card\" content=\"summary_large_image\" \/>\n\t\t<meta name=\"twitter:title\" content=\"Mahmud Abbas culpa a los jud\u00edos del Holocausto - El Digital de Asturias\" \/>\n\t\t<meta name=\"twitter:description\" content=\"Ramala, 1 may (dpa) - El presidente palestino, Mahmud Abbas, responsabiliz\u00f3 hoy de cierta forma al pueblo jud\u00edo del Holocausto, como se conoce el asesinato de unos seis millones de jud\u00edos por los nazis en Alemania, durante un discurso en el que intentaba probar que ese colectivo no tiene ra\u00edces hist\u00f3ricas en Tierra Santa. El\" \/>\n\t\t<meta name=\"twitter:image\" content=\"https:\/\/www.eldigitaldeasturias.com\/noticias\/wp-content\/uploads\/2020\/12\/EDA-1.jpg\" \/>\n\t\t<meta name=\"twitter:label1\" content=\"Escrito por\" \/>\n\t\t<meta name=\"twitter:data1\" content=\"El Digital de Asturias\" \/>\n\t\t<meta name=\"twitter:label2\" content=\"Tiempo de lectura estimado\" \/>\n\t\t<meta name=\"twitter:data2\" content=\"2 minutos\" \/>\n\t\t<script type=\"application\/ld+json\" class=\"aioseo-schema\">\n\t\t\t{\"@context\":\"https:\\\/\\\/schema.org\",\"@graph\":[{\"@type\":\"BlogPosting\",\"@id\":\"https:\\\/\\\/www.eldigitaldeasturias.com\\\/noticias\\\/mahmud-abbas-culpa-a-los-judios-del-holocausto\\\/#blogposting\",\"name\":\"Mahmud Abbas culpa a los jud\\u00edos del Holocausto - El Digital de Asturias\",\"headline\":\"Mahmud Abbas culpa a los jud\\u00edos del Holocausto\",\"author\":{\"@id\":\"https:\\\/\\\/www.eldigitaldeasturias.com\\\/noticias\\\/author\\\/admin\\\/#author\"},\"publisher\":{\"@id\":\"https:\\\/\\\/www.eldigitaldeasturias.com\\\/noticias\\\/#organization\"},\"image\":{\"@type\":\"ImageObject\",\"url\":978468},\"datePublished\":\"2018-05-01T20:20:48+02:00\",\"dateModified\":\"2018-05-01T20:20:48+02:00\",\"inLanguage\":\"es-ES\",\"mainEntityOfPage\":{\"@id\":\"https:\\\/\\\/www.eldigitaldeasturias.com\\\/noticias\\\/mahmud-abbas-culpa-a-los-judios-del-holocausto\\\/#webpage\"},\"isPartOf\":{\"@id\":\"https:\\\/\\\/www.eldigitaldeasturias.com\\\/noticias\\\/mahmud-abbas-culpa-a-los-judios-del-holocausto\\\/#webpage\"},\"articleSection\":\"Actualidad\"},{\"@type\":\"BreadcrumbList\",\"@id\":\"https:\\\/\\\/www.eldigitaldeasturias.com\\\/noticias\\\/mahmud-abbas-culpa-a-los-judios-del-holocausto\\\/#breadcrumblist\",\"itemListElement\":[{\"@type\":\"ListItem\",\"@id\":\"https:\\\/\\\/www.eldigitaldeasturias.com\\\/noticias#listItem\",\"position\":1,\"name\":\"Home\",\"item\":\"https:\\\/\\\/www.eldigitaldeasturias.com\\\/noticias\",\"nextItem\":{\"@type\":\"ListItem\",\"@id\":\"https:\\\/\\\/www.eldigitaldeasturias.com\\\/noticias\\\/category\\\/actualidad\\\/#listItem\",\"name\":\"Actualidad\"}},{\"@type\":\"ListItem\",\"@id\":\"https:\\\/\\\/www.eldigitaldeasturias.com\\\/noticias\\\/category\\\/actualidad\\\/#listItem\",\"position\":2,\"name\":\"Actualidad\",\"item\":\"https:\\\/\\\/www.eldigitaldeasturias.com\\\/noticias\\\/category\\\/actualidad\\\/\",\"nextItem\":{\"@type\":\"ListItem\",\"@id\":\"https:\\\/\\\/www.eldigitaldeasturias.com\\\/noticias\\\/mahmud-abbas-culpa-a-los-judios-del-holocausto\\\/#listItem\",\"name\":\"Mahmud Abbas culpa a los jud\\u00edos del Holocausto\"},\"previousItem\":{\"@type\":\"ListItem\",\"@id\":\"https:\\\/\\\/www.eldigitaldeasturias.com\\\/noticias#listItem\",\"name\":\"Home\"}},{\"@type\":\"ListItem\",\"@id\":\"https:\\\/\\\/www.eldigitaldeasturias.com\\\/noticias\\\/mahmud-abbas-culpa-a-los-judios-del-holocausto\\\/#listItem\",\"position\":3,\"name\":\"Mahmud Abbas culpa a los jud\\u00edos del Holocausto\",\"previousItem\":{\"@type\":\"ListItem\",\"@id\":\"https:\\\/\\\/www.eldigitaldeasturias.com\\\/noticias\\\/category\\\/actualidad\\\/#listItem\",\"name\":\"Actualidad\"}}]},{\"@type\":\"Organization\",\"@id\":\"https:\\\/\\\/www.eldigitaldeasturias.com\\\/noticias\\\/#organization\",\"name\":\"El Digital de Asturias\",\"description\":\"Hemeroteca\",\"url\":\"https:\\\/\\\/www.eldigitaldeasturias.com\\\/noticias\\\/\",\"email\":\"info@eldigitaldeasturias.com\",\"telephone\":\"+34652131393\",\"logo\":{\"@type\":\"ImageObject\",\"url\":\"https:\\\/\\\/www.eldigitaldeasturias.com\\\/noticias\\\/wp-content\\\/uploads\\\/2020\\\/12\\\/EDA.jpg\",\"@id\":\"https:\\\/\\\/www.eldigitaldeasturias.com\\\/noticias\\\/mahmud-abbas-culpa-a-los-judios-del-holocausto\\\/#organizationLogo\"},\"image\":{\"@id\":\"https:\\\/\\\/www.eldigitaldeasturias.com\\\/noticias\\\/mahmud-abbas-culpa-a-los-judios-del-holocausto\\\/#organizationLogo\"},\"sameAs\":[\"https:\\\/\\\/facebook.com\\\/eldigitaldeasturias\",\"https:\\\/\\\/www.youtube.com\\\/channel\\\/UCZP-2wLEB9Rv6erhFmqVnvg\"],\"address\":{\"@id\":\"https:\\\/\\\/www.eldigitaldeasturias.com\\\/noticias\\\/#postaladdress\",\"@type\":\"PostalAddress\",\"streetAddress\":\"san antonio 4\",\"postalCode\":\"33430\",\"addressLocality\":\"Cand\\u00e1s\",\"addressRegion\":\"Asturias\",\"addressCountry\":\"ES\"}},{\"@type\":\"Person\",\"@id\":\"https:\\\/\\\/www.eldigitaldeasturias.com\\\/noticias\\\/author\\\/admin\\\/#author\",\"url\":\"https:\\\/\\\/www.eldigitaldeasturias.com\\\/noticias\\\/author\\\/admin\\\/\",\"name\":\"El Digital de Asturias\",\"image\":{\"@type\":\"ImageObject\",\"@id\":\"https:\\\/\\\/www.eldigitaldeasturias.com\\\/noticias\\\/mahmud-abbas-culpa-a-los-judios-del-holocausto\\\/#authorImage\",\"url\":\"https:\\\/\\\/secure.gravatar.com\\\/avatar\\\/df2aeffc32bcd13f8d26072ef8a91b623d677766deac7f97ca815868cd41bf5e?s=96&d=mm&r=g\",\"width\":96,\"height\":96,\"caption\":\"El Digital de Asturias\"}},{\"@type\":\"WebPage\",\"@id\":\"https:\\\/\\\/www.eldigitaldeasturias.com\\\/noticias\\\/mahmud-abbas-culpa-a-los-judios-del-holocausto\\\/#webpage\",\"url\":\"https:\\\/\\\/www.eldigitaldeasturias.com\\\/noticias\\\/mahmud-abbas-culpa-a-los-judios-del-holocausto\\\/\",\"name\":\"Mahmud Abbas culpa a los jud\\u00edos del Holocausto - El Digital de Asturias\",\"description\":\"Ramala, 1 may (dpa) - El presidente palestino, Mahmud Abbas, responsabiliz\\u00f3 hoy de cierta forma al pueblo jud\\u00edo del Holocausto, como se conoce el asesinato de unos seis millones de jud\\u00edos por los nazis en Alemania, durante un discurso en el que intentaba probar que ese colectivo no tiene ra\\u00edces hist\\u00f3ricas en Tierra Santa. El\",\"inLanguage\":\"es-ES\",\"isPartOf\":{\"@id\":\"https:\\\/\\\/www.eldigitaldeasturias.com\\\/noticias\\\/#website\"},\"breadcrumb\":{\"@id\":\"https:\\\/\\\/www.eldigitaldeasturias.com\\\/noticias\\\/mahmud-abbas-culpa-a-los-judios-del-holocausto\\\/#breadcrumblist\"},\"author\":{\"@id\":\"https:\\\/\\\/www.eldigitaldeasturias.com\\\/noticias\\\/author\\\/admin\\\/#author\"},\"creator\":{\"@id\":\"https:\\\/\\\/www.eldigitaldeasturias.com\\\/noticias\\\/author\\\/admin\\\/#author\"},\"image\":{\"@type\":\"ImageObject\",\"url\":978468,\"@id\":\"https:\\\/\\\/www.eldigitaldeasturias.com\\\/noticias\\\/mahmud-abbas-culpa-a-los-judios-del-holocausto\\\/#mainImage\"},\"primaryImageOfPage\":{\"@id\":\"https:\\\/\\\/www.eldigitaldeasturias.com\\\/noticias\\\/mahmud-abbas-culpa-a-los-judios-del-holocausto\\\/#mainImage\"},\"datePublished\":\"2018-05-01T20:20:48+02:00\",\"dateModified\":\"2018-05-01T20:20:48+02:00\"},{\"@type\":\"WebSite\",\"@id\":\"https:\\\/\\\/www.eldigitaldeasturias.com\\\/noticias\\\/#website\",\"url\":\"https:\\\/\\\/www.eldigitaldeasturias.com\\\/noticias\\\/\",\"name\":\"El Digital de Asturias - Diario de actualidad y noticias\",\"alternateName\":\"El Digital de Asturias - Diario de actualidad y noticias\",\"description\":\"Hemeroteca\",\"inLanguage\":\"es-ES\",\"publisher\":{\"@id\":\"https:\\\/\\\/www.eldigitaldeasturias.com\\\/noticias\\\/#organization\"}}]}\n\t\t<\/script>\n\t\t<!-- All in One SEO Pro -->\r\n\t\t<title>Mahmud Abbas culpa a los jud\u00edos del Holocausto - El Digital de Asturias<\/title>\n\n","aioseo_head_json":{"title":"Mahmud Abbas culpa a los jud\u00edos del Holocausto - El Digital de Asturias","description":"Ramala, 1 may (dpa) - El presidente palestino, Mahmud Abbas, responsabiliz\u00f3 hoy de cierta forma al pueblo jud\u00edo del Holocausto, como se conoce el asesinato de unos seis millones de jud\u00edos por los nazis en Alemania, durante un discurso en el que intentaba probar que ese colectivo no tiene ra\u00edces hist\u00f3ricas en Tierra Santa. El","canonical_url":"https:\/\/www.eldigitaldeasturias.com\/noticias\/mahmud-abbas-culpa-a-los-judios-del-holocausto\/","robots":"max-image-preview:large","keywords":"actualidad","webmasterTools":{"google-site-verification":"UA-38556648-1","msvalidate.01":"7dfe9f3f1b24437ab69f4f2559babe99","miscellaneous":""},"schema":{"@context":"https:\/\/schema.org","@graph":[{"@type":"BlogPosting","@id":"https:\/\/www.eldigitaldeasturias.com\/noticias\/mahmud-abbas-culpa-a-los-judios-del-holocausto\/#blogposting","name":"Mahmud Abbas culpa a los jud\u00edos del Holocausto - El Digital de Asturias","headline":"Mahmud Abbas culpa a los jud\u00edos del Holocausto","author":{"@id":"https:\/\/www.eldigitaldeasturias.com\/noticias\/author\/admin\/#author"},"publisher":{"@id":"https:\/\/www.eldigitaldeasturias.com\/noticias\/#organization"},"image":{"@type":"ImageObject","url":978468},"datePublished":"2018-05-01T20:20:48+02:00","dateModified":"2018-05-01T20:20:48+02:00","inLanguage":"es-ES","mainEntityOfPage":{"@id":"https:\/\/www.eldigitaldeasturias.com\/noticias\/mahmud-abbas-culpa-a-los-judios-del-holocausto\/#webpage"},"isPartOf":{"@id":"https:\/\/www.eldigitaldeasturias.com\/noticias\/mahmud-abbas-culpa-a-los-judios-del-holocausto\/#webpage"},"articleSection":"Actualidad"},{"@type":"BreadcrumbList","@id":"https:\/\/www.eldigitaldeasturias.com\/noticias\/mahmud-abbas-culpa-a-los-judios-del-holocausto\/#breadcrumblist","itemListElement":[{"@type":"ListItem","@id":"https:\/\/www.eldigitaldeasturias.com\/noticias#listItem","position":1,"name":"Home","item":"https:\/\/www.eldigitaldeasturias.com\/noticias","nextItem":{"@type":"ListItem","@id":"https:\/\/www.eldigitaldeasturias.com\/noticias\/category\/actualidad\/#listItem","name":"Actualidad"}},{"@type":"ListItem","@id":"https:\/\/www.eldigitaldeasturias.com\/noticias\/category\/actualidad\/#listItem","position":2,"name":"Actualidad","item":"https:\/\/www.eldigitaldeasturias.com\/noticias\/category\/actualidad\/","nextItem":{"@type":"ListItem","@id":"https:\/\/www.eldigitaldeasturias.com\/noticias\/mahmud-abbas-culpa-a-los-judios-del-holocausto\/#listItem","name":"Mahmud Abbas culpa a los jud\u00edos del Holocausto"},"previousItem":{"@type":"ListItem","@id":"https:\/\/www.eldigitaldeasturias.com\/noticias#listItem","name":"Home"}},{"@type":"ListItem","@id":"https:\/\/www.eldigitaldeasturias.com\/noticias\/mahmud-abbas-culpa-a-los-judios-del-holocausto\/#listItem","position":3,"name":"Mahmud Abbas culpa a los jud\u00edos del Holocausto","previousItem":{"@type":"ListItem","@id":"https:\/\/www.eldigitaldeasturias.com\/noticias\/category\/actualidad\/#listItem","name":"Actualidad"}}]},{"@type":"Organization","@id":"https:\/\/www.eldigitaldeasturias.com\/noticias\/#organization","name":"El Digital de Asturias","description":"Hemeroteca","url":"https:\/\/www.eldigitaldeasturias.com\/noticias\/","email":"info@eldigitaldeasturias.com","telephone":"+34652131393","logo":{"@type":"ImageObject","url":"https:\/\/www.eldigitaldeasturias.com\/noticias\/wp-content\/uploads\/2020\/12\/EDA.jpg","@id":"https:\/\/www.eldigitaldeasturias.com\/noticias\/mahmud-abbas-culpa-a-los-judios-del-holocausto\/#organizationLogo"},"image":{"@id":"https:\/\/www.eldigitaldeasturias.com\/noticias\/mahmud-abbas-culpa-a-los-judios-del-holocausto\/#organizationLogo"},"sameAs":["https:\/\/facebook.com\/eldigitaldeasturias","https:\/\/www.youtube.com\/channel\/UCZP-2wLEB9Rv6erhFmqVnvg"],"address":{"@id":"https:\/\/www.eldigitaldeasturias.com\/noticias\/#postaladdress","@type":"PostalAddress","streetAddress":"san antonio 4","postalCode":"33430","addressLocality":"Cand\u00e1s","addressRegion":"Asturias","addressCountry":"ES"}},{"@type":"Person","@id":"https:\/\/www.eldigitaldeasturias.com\/noticias\/author\/admin\/#author","url":"https:\/\/www.eldigitaldeasturias.com\/noticias\/author\/admin\/","name":"El Digital de Asturias","image":{"@type":"ImageObject","@id":"https:\/\/www.eldigitaldeasturias.com\/noticias\/mahmud-abbas-culpa-a-los-judios-del-holocausto\/#authorImage","url":"https:\/\/secure.gravatar.com\/avatar\/df2aeffc32bcd13f8d26072ef8a91b623d677766deac7f97ca815868cd41bf5e?s=96&d=mm&r=g","width":96,"height":96,"caption":"El Digital de Asturias"}},{"@type":"WebPage","@id":"https:\/\/www.eldigitaldeasturias.com\/noticias\/mahmud-abbas-culpa-a-los-judios-del-holocausto\/#webpage","url":"https:\/\/www.eldigitaldeasturias.com\/noticias\/mahmud-abbas-culpa-a-los-judios-del-holocausto\/","name":"Mahmud Abbas culpa a los jud\u00edos del Holocausto - El Digital de Asturias","description":"Ramala, 1 may (dpa) - El presidente palestino, Mahmud Abbas, responsabiliz\u00f3 hoy de cierta forma al pueblo jud\u00edo del Holocausto, como se conoce el asesinato de unos seis millones de jud\u00edos por los nazis en Alemania, durante un discurso en el que intentaba probar que ese colectivo no tiene ra\u00edces hist\u00f3ricas en Tierra Santa. El","inLanguage":"es-ES","isPartOf":{"@id":"https:\/\/www.eldigitaldeasturias.com\/noticias\/#website"},"breadcrumb":{"@id":"https:\/\/www.eldigitaldeasturias.com\/noticias\/mahmud-abbas-culpa-a-los-judios-del-holocausto\/#breadcrumblist"},"author":{"@id":"https:\/\/www.eldigitaldeasturias.com\/noticias\/author\/admin\/#author"},"creator":{"@id":"https:\/\/www.eldigitaldeasturias.com\/noticias\/author\/admin\/#author"},"image":{"@type":"ImageObject","url":978468,"@id":"https:\/\/www.eldigitaldeasturias.com\/noticias\/mahmud-abbas-culpa-a-los-judios-del-holocausto\/#mainImage"},"primaryImageOfPage":{"@id":"https:\/\/www.eldigitaldeasturias.com\/noticias\/mahmud-abbas-culpa-a-los-judios-del-holocausto\/#mainImage"},"datePublished":"2018-05-01T20:20:48+02:00","dateModified":"2018-05-01T20:20:48+02:00"},{"@type":"WebSite","@id":"https:\/\/www.eldigitaldeasturias.com\/noticias\/#website","url":"https:\/\/www.eldigitaldeasturias.com\/noticias\/","name":"El Digital de Asturias - Diario de actualidad y noticias","alternateName":"El Digital de Asturias - Diario de actualidad y noticias","description":"Hemeroteca","inLanguage":"es-ES","publisher":{"@id":"https:\/\/www.eldigitaldeasturias.com\/noticias\/#organization"}}]},"og:locale":"es_ES","og:site_name":"El Digital de Asturias","og:type":"article","og:title":"Mahmud Abbas culpa a los jud\u00edos del Holocausto - El Digital de Asturias","og:description":"Ramala, 1 may (dpa) - El presidente palestino, Mahmud Abbas, responsabiliz\u00f3 hoy de cierta forma al pueblo jud\u00edo del Holocausto, como se conoce el asesinato de unos seis millones de jud\u00edos por los nazis en Alemania, durante un discurso en el que intentaba probar que ese colectivo no tiene ra\u00edces hist\u00f3ricas en Tierra Santa. El","og:url":"https:\/\/www.eldigitaldeasturias.com\/noticias\/mahmud-abbas-culpa-a-los-judios-del-holocausto\/","article:tag":["actualidad"],"article:published_time":"2018-05-01T20:20:48+00:00","article:modified_time":"2018-05-01T20:20:48+00:00","article:publisher":"https:\/\/facebook.com\/eldigitaldeasturias","twitter:card":"summary_large_image","twitter:title":"Mahmud Abbas culpa a los jud\u00edos del Holocausto - El Digital de Asturias","twitter:description":"Ramala, 1 may (dpa) - El presidente palestino, Mahmud Abbas, responsabiliz\u00f3 hoy de cierta forma al pueblo jud\u00edo del Holocausto, como se conoce el asesinato de unos seis millones de jud\u00edos por los nazis en Alemania, durante un discurso en el que intentaba probar que ese colectivo no tiene ra\u00edces hist\u00f3ricas en Tierra Santa. El","twitter:image":"https:\/\/www.eldigitaldeasturias.com\/noticias\/wp-content\/uploads\/2020\/12\/EDA-1.jpg","twitter:label1":"Escrito por","twitter:data1":"El Digital de Asturias","twitter:label2":"Tiempo de lectura estimado","twitter:data2":"2 minutos"},"aioseo_meta_data":{"post_id":"978467","title":null,"description":null,"keywords":null,"keyphrases":null,"primary_term":null,"canonical_url":null,"og_title":null,"og_description":null,"og_object_type":"default","og_image_type":"default","og_image_url":null,"og_image_width":null,"og_image_height":null,"og_image_custom_url":null,"og_image_custom_fields":null,"og_video":null,"og_custom_url":null,"og_article_section":null,"og_article_tags":null,"twitter_use_og":false,"twitter_card":"default","twitter_image_type":"default","twitter_image_url":null,"twitter_image_custom_url":null,"twitter_image_custom_fields":null,"twitter_title":null,"twitter_description":null,"schema":{"blockGraphs":[],"customGraphs":[],"default":{"data":{"Article":[],"Course":[],"Dataset":[],"FAQPage":[],"Movie":[],"Person":[],"Product":[],"ProductReview":[],"Car":[],"Recipe":[],"Service":[],"SoftwareApplication":[],"WebPage":[]},"graphName":"","isEnabled":true},"graphs":[],"defaultGraph":"","defaultPostTypeGraph":""},"schema_type":null,"schema_type_options":null,"pillar_content":false,"robots_default":true,"robots_noindex":false,"robots_noarchive":false,"robots_nosnippet":false,"robots_nofollow":false,"robots_noimageindex":false,"robots_noodp":false,"robots_notranslate":false,"robots_max_snippet":null,"robots_max_videopreview":null,"robots_max_imagepreview":"large","priority":null,"frequency":null,"local_seo":null,"seo_analyzer_scan_date":"2025-10-08 10:56:20","breadcrumb_settings":null,"limit_modified_date":false,"open_ai":null,"ai":null,"created":"2020-12-21 12:02:37","updated":"2025-10-08 10:56:20","focus_keyword":null,"additional_keywords":null,"truseo_locale":null},"aioseo_breadcrumb":"<div class=\"aioseo-breadcrumbs\"><span class=\"aioseo-breadcrumb\">\n\t<a href=\"https:\/\/www.eldigitaldeasturias.com\/noticias\" title=\"Home\">Home<\/a>\n<\/span><span class=\"aioseo-breadcrumb-separator\">\u2013<\/span><span class=\"aioseo-breadcrumb\">\n\t<a href=\"https:\/\/www.eldigitaldeasturias.com\/noticias\/category\/actualidad\/\" title=\"Actualidad\">Actualidad<\/a>\n<\/span><span class=\"aioseo-breadcrumb-separator\">\u2013<\/span><span class=\"aioseo-breadcrumb\">\n\t<a href=\"https:\/\/www.eldigitaldeasturias.com\/noticias\/mahmud-abbas-culpa-a-los-judios-del-holocausto\/\" title=\"Mahmud Abbas culpa a los jud\u00edos del Holocausto\">Mahmud Abbas culpa a los jud\u00edos del Holocausto<\/a>\n<\/span><\/div>","aioseo_breadcrumb_json":[{"label":"Home","link":"https:\/\/www.eldigitaldeasturias.com\/noticias"},{"label":"Actualidad","link":"https:\/\/www.eldigitaldeasturias.com\/noticias\/category\/actualidad\/"},{"label":"Mahmud Abbas culpa a los jud\u00edos del Holocausto","link":"https:\/\/www.eldigitaldeasturias.com\/noticias\/mahmud-abbas-culpa-a-los-judios-del-holocausto\/"}],"_links":{"self":[{"href":"https:\/\/www.eldigitaldeasturias.com\/noticias\/wp-json\/wp\/v2\/posts\/978467","targetHints":{"allow":["GET"]}}],"collection":[{"href":"https:\/\/www.eldigitaldeasturias.com\/noticias\/wp-json\/wp\/v2\/posts"}],"about":[{"href":"https:\/\/www.eldigitaldeasturias.com\/noticias\/wp-json\/wp\/v2\/types\/post"}],"author":[{"embeddable":true,"href":"https:\/\/www.eldigitaldeasturias.com\/noticias\/wp-json\/wp\/v2\/users\/1"}],"replies":[{"embeddable":true,"href":"https:\/\/www.eldigitaldeasturias.com\/noticias\/wp-json\/wp\/v2\/comments?post=978467"}],"version-history":[{"count":0,"href":"https:\/\/www.eldigitaldeasturias.com\/noticias\/wp-json\/wp\/v2\/posts\/978467\/revisions"}],"wp:attachment":[{"href":"https:\/\/www.eldigitaldeasturias.com\/noticias\/wp-json\/wp\/v2\/media?parent=978467"}],"wp:term":[{"taxonomy":"category","embeddable":true,"href":"https:\/\/www.eldigitaldeasturias.com\/noticias\/wp-json\/wp\/v2\/categories?post=978467"},{"taxonomy":"post_tag","embeddable":true,"href":"https:\/\/www.eldigitaldeasturias.com\/noticias\/wp-json\/wp\/v2\/tags?post=978467"}],"curies":[{"name":"wp","href":"https:\/\/api.w.org\/{rel}","templated":true}]}}