{"id":978455,"date":"2018-05-01T18:38:46","date_gmt":"2018-05-01T18:38:46","guid":{"rendered":"http:\/\/www.eldigitaldeasturias.com\/noticias\/?p=978455"},"modified":"2018-05-01T18:38:46","modified_gmt":"2018-05-01T18:38:46","slug":"toni-ferrer-el-recorte-que-plantea-el-partido-popular-es-inaceptable","status":"publish","type":"post","link":"https:\/\/www.eldigitaldeasturias.com\/noticias\/toni-ferrer-el-recorte-que-plantea-el-partido-popular-es-inaceptable\/","title":{"rendered":"Toni Ferrer: \u201cEl recorte que plantea el Partido Popular es inaceptable\u00bb"},"content":{"rendered":"<p><img loading=\"lazy\" decoding=\"async\" class=\"alignleft size-medium wp-image-791625\" src=\"https:\/\/www.eldigitaldeasturias.com\/noticias\/wp-content\/uploads\/2015\/06\/congreso-360x240.jpg\" alt=\"\" width=\"360\" height=\"240\" \/>El Secretario de Empleo y Relaciones Laborales del PSOE, Toni Ferrer, ha denunciado este lunes la intenci\u00f3n de Ministerio de Empleo y Seguridad Social, dirigido por F\u00e1tima B\u00e1\u00f1ez, de recortar las prestaciones a los parados de larga duraci\u00f3n.<\/p>\n<p>Ferrer ha se\u00f1alado que \u201cel Gobierno del PP, con la ministra B\u00e1\u00f1ez a la cabeza, quiere aprovechar la reformulaci\u00f3n del sistema para recortarlo, dejando sin prestaci\u00f3n a decenas de miles de personas\u201d. El dirigente socialista ha expresado el apoyo del PSOE a la contrapropuesta de mantenimiento y mejora del sistema planteada por nueve comunidades aut\u00f3nomas: Andaluc\u00eda, Arag\u00f3n, Asturias, Illes Balears, Cantabria, Castilla la Mancha, Comunidad Valenciana, Extremadura y Navarra.<\/p>\n<p>El dirigente socialista ha manifestado que \u201ces completamente indignante que una reformulaci\u00f3n del sistema, que deber\u00eda ir encaminada a una mayor eficacia, acabe escondiendo la intenci\u00f3n del ministerio y del Gobierno de realizar un recorte, una modificaci\u00f3n a la baja que ponga en peligro la prestaci\u00f3n que perciben decenas de miles de personas que, por su situaci\u00f3n de largo tiempo en el desempleo, presentan una vulnerabilidad econ\u00f3mica mayor y lo que requieren es del apoyo de las administraciones p\u00fablicas\u201d.<\/p>\n<p>Ferrer ha alabado \u201cla contrapropuesta de las citadas nueve Comunidades Aut\u00f3nomas en la que se integran los programas dirigidos a parados de larga duraci\u00f3n (Prepara, PAE y RAI) en el sistema de prestaciones por desempleo de la Seguridad Social, garantizando, con esta nueva formulaci\u00f3n, que estas ayudas queden en la estructura del sistema de prestaciones\u201d. \u201cAdem\u00e1s \u2013 ha a\u00f1adido \u2013 las nueve Comunidades plantean la compatibilidad entre las prestaciones por desempleo y las rentas sociales auton\u00f3micas, de modo que estas \u00faltimas pudieran complementar a las prestaciones estatales, una cuesti\u00f3n muy importante cuando estamos hablando de situaciones econ\u00f3micas familiares muy graves\u201d.<\/p>\n<p>MAZAZO AL SISTEMA DE PROTECCI\u00d3N POR DESEMPLEO<\/p>\n<p>\u201cLa propuesta del Ministerio, que adem\u00e1s est\u00e1 prescindiendo del necesario di\u00e1logo con las Comunidades Aut\u00f3nomas y los agentes sociales, se enmarca en una estrategia de recorte iniciada en 2012 \u2013 ha asegurado Ferrer \u2013 y supone un mazazo en el sistema de protecci\u00f3n por desempleo, porque puede dejar sin prestaci\u00f3n a un elevado porcentaje de los beneficiarios de Prepara, PAE y RAI, especialmente en este \u00faltimo, que tiene 178.000 beneficiarios de los 232.000 que acumulaban los tres programas en febrero de este a\u00f1o\u201d.<\/p>\n<p>\u201cEl recorte que plantea el Partido Popular es inaceptable \u2013 ha a\u00f1adido el ejecutivo del PSOE \u2013 al elevar los requisitos exigidos a los posibles beneficiarios, supone un ataque indecente a la cohesi\u00f3n social y, en \u00faltimo t\u00e9rmino supondr\u00eda que, para el mantenimiento de los niveles de cobertura, el Estado se desentendiera de los desempleados de larga duraci\u00f3n y las Comunidades Aut\u00f3nomas asumieran mayor gasto, lo cual es una irresponsabilidad pol\u00edtica, moral y financiera\u201d.<\/p>\n<p>El secretario de Empleo de la Ejecutiva socialista ha recalcado que \u201cesta propuesta de recorte del PP viene a ratificar una idea ya enunciada por los socialistas: la recuperaci\u00f3n econ\u00f3mica est\u00e1 siendo separada del bienestar social, de modo que una buena parte de la ciudadan\u00eda no s\u00f3lo no disfruta de mejoras en su econom\u00eda familiar, sino que adem\u00e1s es v\u00edctima de una estrategia, impulsada por el Gobierno del PP, de precariedad y recortes que s\u00f3lo sirven para que unos pocos, las econom\u00edas de mayor renta, sean los \u00fanicos beneficiados de la bonanza econ\u00f3mica\u201d.<\/p>\n<p>El 30 de abril ha terminado la pr\u00f3rroga de los sistemas de protecci\u00f3n, acordada por el Gobierno con UGT, CCOO, CEOE y CEPYME y las Comunidades Aut\u00f3nomas, sin alcanzar un acuerdo por la inacci\u00f3n del Gobierno. \u201cDespu\u00e9s de siete meses, el Gobierno anuncia que el Grupo Parlamentario Popular ha presentado una enmienda en la tramitaci\u00f3n los PGE, de forma unilateral y sin informar a las partes interesadas, para crear un subsidio temporal de seis meses de duraci\u00f3n que se abonar\u00eda por una sola vez y solamente estar\u00eda vigente mientras la tasa de paro sea superior al 15%. Esta medida anunciada es inaceptable y claramente insuficiente pues m\u00e1s de 1,8 millones de personas desempleadas est\u00e1n desprotegidas\u201d, ha explicado Ferrer.<\/p>\n<p>\u201cEsta actitud del Gobierno- ha concluido- nos va a dar, lamentablemente, un motivo m\u00e1s para salir a la calle ma\u00f1ana, Primero de Mayo, a reclamar la protecci\u00f3n para los parados de larga duraci\u00f3n y para los mayores de 52 a\u00f1os, una protecci\u00f3n que debe realizarse con el consenso de las Comunidades Aut\u00f3nomas y los interlocutores sociales\u201d.<\/p>\n","protected":false},"excerpt":{"rendered":"<p>El Secretario de Empleo y Relaciones Laborales del PSOE, Toni Ferrer, ha denunciado este lunes la intenci\u00f3n de Ministerio de Empleo y Seguridad Social, dirigido por F\u00e1tima B\u00e1\u00f1ez, de recortar las prestaciones a los parados de larga duraci\u00f3n. Ferrer ha se\u00f1alado que \u201cel Gobierno del PP, con la ministra B\u00e1\u00f1ez a la cabeza, quiere aprovechar [&hellip;]<\/p>\n","protected":false},"author":1,"featured_media":595237,"comment_status":"closed","ping_status":"closed","sticky":false,"template":"","format":"standard","meta":{"footnotes":""},"categories":[1],"tags":[],"class_list":["post-978455","post","type-post","status-publish","format-standard","has-post-thumbnail","hentry","category-actualidad"],"aioseo_notices":[],"aioseo_head":"\n\t\t<!-- All in One SEO Pro 5.0.1 - aioseo.com -->\n\t<meta name=\"description\" content=\"El Secretario de Empleo y Relaciones Laborales del PSOE, Toni Ferrer, ha denunciado este lunes la intenci\u00f3n de Ministerio de Empleo y Seguridad Social, dirigido por F\u00e1tima B\u00e1\u00f1ez, de recortar las prestaciones a los parados de larga duraci\u00f3n. Ferrer ha se\u00f1alado que \u201cel Gobierno del PP, con la ministra B\u00e1\u00f1ez a la cabeza, quiere aprovechar\" \/>\n\t<meta name=\"robots\" content=\"max-image-preview:large\" \/>\n\t<meta name=\"author\" content=\"El Digital de Asturias\"\/>\n\t<meta name=\"google-site-verification\" content=\"UA-38556648-1\" \/>\n\t<meta name=\"msvalidate.01\" content=\"7dfe9f3f1b24437ab69f4f2559babe99\" \/>\n\t<meta name=\"keywords\" content=\"actualidad\" \/>\n\t<link rel=\"canonical\" href=\"https:\/\/www.eldigitaldeasturias.com\/noticias\/toni-ferrer-el-recorte-que-plantea-el-partido-popular-es-inaceptable\/\" \/>\n\t<meta name=\"generator\" content=\"All in One SEO Pro (AIOSEO) 5.0.1\" \/>\n\t\t<meta property=\"og:locale\" content=\"es_ES\" \/>\n\t\t<meta property=\"og:site_name\" content=\"El Digital de Asturias\" \/>\n\t\t<meta property=\"og:type\" content=\"article\" \/>\n\t\t<meta property=\"og:title\" content=\"Toni Ferrer: \u201cEl recorte que plantea el Partido Popular es inaceptable\u00bb - El Digital de Asturias\" \/>\n\t\t<meta property=\"og:description\" content=\"El Secretario de Empleo y Relaciones Laborales del PSOE, Toni Ferrer, ha denunciado este lunes la intenci\u00f3n de Ministerio de Empleo y Seguridad Social, dirigido por F\u00e1tima B\u00e1\u00f1ez, de recortar las prestaciones a los parados de larga duraci\u00f3n. Ferrer ha se\u00f1alado que \u201cel Gobierno del PP, con la ministra B\u00e1\u00f1ez a la cabeza, quiere aprovechar\" \/>\n\t\t<meta property=\"og:url\" content=\"https:\/\/www.eldigitaldeasturias.com\/noticias\/toni-ferrer-el-recorte-que-plantea-el-partido-popular-es-inaceptable\/\" \/>\n\t\t<meta property=\"article:tag\" content=\"actualidad\" \/>\n\t\t<meta property=\"article:published_time\" content=\"2018-05-01T18:38:46+00:00\" \/>\n\t\t<meta property=\"article:modified_time\" content=\"2018-05-01T18:38:46+00:00\" \/>\n\t\t<meta property=\"article:publisher\" content=\"https:\/\/facebook.com\/eldigitaldeasturias\" \/>\n\t\t<meta name=\"twitter:card\" content=\"summary_large_image\" \/>\n\t\t<meta name=\"twitter:title\" content=\"Toni Ferrer: \u201cEl recorte que plantea el Partido Popular es inaceptable\u00bb - El Digital de Asturias\" \/>\n\t\t<meta name=\"twitter:description\" content=\"El Secretario de Empleo y Relaciones Laborales del PSOE, Toni Ferrer, ha denunciado este lunes la intenci\u00f3n de Ministerio de Empleo y Seguridad Social, dirigido por F\u00e1tima B\u00e1\u00f1ez, de recortar las prestaciones a los parados de larga duraci\u00f3n. Ferrer ha se\u00f1alado que \u201cel Gobierno del PP, con la ministra B\u00e1\u00f1ez a la cabeza, quiere aprovechar\" \/>\n\t\t<meta name=\"twitter:image\" content=\"https:\/\/www.eldigitaldeasturias.com\/noticias\/wp-content\/uploads\/2020\/12\/EDA-1.jpg\" \/>\n\t\t<meta name=\"twitter:label1\" content=\"Escrito por\" \/>\n\t\t<meta name=\"twitter:data1\" content=\"El Digital de Asturias\" \/>\n\t\t<meta name=\"twitter:label2\" content=\"Tiempo de lectura estimado\" \/>\n\t\t<meta name=\"twitter:data2\" content=\"4 minutos\" \/>\n\t\t<script type=\"application\/ld+json\" class=\"aioseo-schema\">\n\t\t\t{\"@context\":\"https:\\\/\\\/schema.org\",\"@graph\":[{\"@type\":\"BlogPosting\",\"@id\":\"https:\\\/\\\/www.eldigitaldeasturias.com\\\/noticias\\\/toni-ferrer-el-recorte-que-plantea-el-partido-popular-es-inaceptable\\\/#blogposting\",\"name\":\"Toni Ferrer: \\u201cEl recorte que plantea el Partido Popular es inaceptable\\u00bb - El Digital de Asturias\",\"headline\":\"Toni Ferrer: \\u201cEl recorte que plantea el Partido Popular es inaceptable\\u00bb\",\"author\":{\"@id\":\"https:\\\/\\\/www.eldigitaldeasturias.com\\\/noticias\\\/author\\\/admin\\\/#author\"},\"publisher\":{\"@id\":\"https:\\\/\\\/www.eldigitaldeasturias.com\\\/noticias\\\/#organization\"},\"image\":{\"@type\":\"ImageObject\",\"url\":595237},\"datePublished\":\"2018-05-01T18:38:46+02:00\",\"dateModified\":\"2018-05-01T18:38:46+02:00\",\"inLanguage\":\"es-ES\",\"mainEntityOfPage\":{\"@id\":\"https:\\\/\\\/www.eldigitaldeasturias.com\\\/noticias\\\/toni-ferrer-el-recorte-que-plantea-el-partido-popular-es-inaceptable\\\/#webpage\"},\"isPartOf\":{\"@id\":\"https:\\\/\\\/www.eldigitaldeasturias.com\\\/noticias\\\/toni-ferrer-el-recorte-que-plantea-el-partido-popular-es-inaceptable\\\/#webpage\"},\"articleSection\":\"Actualidad\"},{\"@type\":\"BreadcrumbList\",\"@id\":\"https:\\\/\\\/www.eldigitaldeasturias.com\\\/noticias\\\/toni-ferrer-el-recorte-que-plantea-el-partido-popular-es-inaceptable\\\/#breadcrumblist\",\"itemListElement\":[{\"@type\":\"ListItem\",\"@id\":\"https:\\\/\\\/www.eldigitaldeasturias.com\\\/noticias#listItem\",\"position\":1,\"name\":\"Home\",\"item\":\"https:\\\/\\\/www.eldigitaldeasturias.com\\\/noticias\",\"nextItem\":{\"@type\":\"ListItem\",\"@id\":\"https:\\\/\\\/www.eldigitaldeasturias.com\\\/noticias\\\/category\\\/actualidad\\\/#listItem\",\"name\":\"Actualidad\"}},{\"@type\":\"ListItem\",\"@id\":\"https:\\\/\\\/www.eldigitaldeasturias.com\\\/noticias\\\/category\\\/actualidad\\\/#listItem\",\"position\":2,\"name\":\"Actualidad\",\"item\":\"https:\\\/\\\/www.eldigitaldeasturias.com\\\/noticias\\\/category\\\/actualidad\\\/\",\"nextItem\":{\"@type\":\"ListItem\",\"@id\":\"https:\\\/\\\/www.eldigitaldeasturias.com\\\/noticias\\\/toni-ferrer-el-recorte-que-plantea-el-partido-popular-es-inaceptable\\\/#listItem\",\"name\":\"Toni Ferrer: \\u201cEl recorte que plantea el Partido Popular es inaceptable\\u00bb\"},\"previousItem\":{\"@type\":\"ListItem\",\"@id\":\"https:\\\/\\\/www.eldigitaldeasturias.com\\\/noticias#listItem\",\"name\":\"Home\"}},{\"@type\":\"ListItem\",\"@id\":\"https:\\\/\\\/www.eldigitaldeasturias.com\\\/noticias\\\/toni-ferrer-el-recorte-que-plantea-el-partido-popular-es-inaceptable\\\/#listItem\",\"position\":3,\"name\":\"Toni Ferrer: \\u201cEl recorte que plantea el Partido Popular es inaceptable\\u00bb\",\"previousItem\":{\"@type\":\"ListItem\",\"@id\":\"https:\\\/\\\/www.eldigitaldeasturias.com\\\/noticias\\\/category\\\/actualidad\\\/#listItem\",\"name\":\"Actualidad\"}}]},{\"@type\":\"Organization\",\"@id\":\"https:\\\/\\\/www.eldigitaldeasturias.com\\\/noticias\\\/#organization\",\"name\":\"El Digital de Asturias\",\"description\":\"Hemeroteca\",\"url\":\"https:\\\/\\\/www.eldigitaldeasturias.com\\\/noticias\\\/\",\"email\":\"info@eldigitaldeasturias.com\",\"telephone\":\"+34652131393\",\"logo\":{\"@type\":\"ImageObject\",\"url\":\"https:\\\/\\\/www.eldigitaldeasturias.com\\\/noticias\\\/wp-content\\\/uploads\\\/2020\\\/12\\\/EDA.jpg\",\"@id\":\"https:\\\/\\\/www.eldigitaldeasturias.com\\\/noticias\\\/toni-ferrer-el-recorte-que-plantea-el-partido-popular-es-inaceptable\\\/#organizationLogo\"},\"image\":{\"@id\":\"https:\\\/\\\/www.eldigitaldeasturias.com\\\/noticias\\\/toni-ferrer-el-recorte-que-plantea-el-partido-popular-es-inaceptable\\\/#organizationLogo\"},\"sameAs\":[\"https:\\\/\\\/facebook.com\\\/eldigitaldeasturias\",\"https:\\\/\\\/www.youtube.com\\\/channel\\\/UCZP-2wLEB9Rv6erhFmqVnvg\"],\"address\":{\"@id\":\"https:\\\/\\\/www.eldigitaldeasturias.com\\\/noticias\\\/#postaladdress\",\"@type\":\"PostalAddress\",\"streetAddress\":\"san antonio 4\",\"postalCode\":\"33430\",\"addressLocality\":\"Cand\\u00e1s\",\"addressRegion\":\"Asturias\",\"addressCountry\":\"ES\"}},{\"@type\":\"Person\",\"@id\":\"https:\\\/\\\/www.eldigitaldeasturias.com\\\/noticias\\\/author\\\/admin\\\/#author\",\"url\":\"https:\\\/\\\/www.eldigitaldeasturias.com\\\/noticias\\\/author\\\/admin\\\/\",\"name\":\"El Digital de Asturias\",\"image\":{\"@type\":\"ImageObject\",\"@id\":\"https:\\\/\\\/www.eldigitaldeasturias.com\\\/noticias\\\/toni-ferrer-el-recorte-que-plantea-el-partido-popular-es-inaceptable\\\/#authorImage\",\"url\":\"https:\\\/\\\/secure.gravatar.com\\\/avatar\\\/df2aeffc32bcd13f8d26072ef8a91b623d677766deac7f97ca815868cd41bf5e?s=96&d=mm&r=g\",\"width\":96,\"height\":96,\"caption\":\"El Digital de Asturias\"}},{\"@type\":\"WebPage\",\"@id\":\"https:\\\/\\\/www.eldigitaldeasturias.com\\\/noticias\\\/toni-ferrer-el-recorte-que-plantea-el-partido-popular-es-inaceptable\\\/#webpage\",\"url\":\"https:\\\/\\\/www.eldigitaldeasturias.com\\\/noticias\\\/toni-ferrer-el-recorte-que-plantea-el-partido-popular-es-inaceptable\\\/\",\"name\":\"Toni Ferrer: \\u201cEl recorte que plantea el Partido Popular es inaceptable\\u00bb - El Digital de Asturias\",\"description\":\"El Secretario de Empleo y Relaciones Laborales del PSOE, Toni Ferrer, ha denunciado este lunes la intenci\\u00f3n de Ministerio de Empleo y Seguridad Social, dirigido por F\\u00e1tima B\\u00e1\\u00f1ez, de recortar las prestaciones a los parados de larga duraci\\u00f3n. Ferrer ha se\\u00f1alado que \\u201cel Gobierno del PP, con la ministra B\\u00e1\\u00f1ez a la cabeza, quiere aprovechar\",\"inLanguage\":\"es-ES\",\"isPartOf\":{\"@id\":\"https:\\\/\\\/www.eldigitaldeasturias.com\\\/noticias\\\/#website\"},\"breadcrumb\":{\"@id\":\"https:\\\/\\\/www.eldigitaldeasturias.com\\\/noticias\\\/toni-ferrer-el-recorte-que-plantea-el-partido-popular-es-inaceptable\\\/#breadcrumblist\"},\"author\":{\"@id\":\"https:\\\/\\\/www.eldigitaldeasturias.com\\\/noticias\\\/author\\\/admin\\\/#author\"},\"creator\":{\"@id\":\"https:\\\/\\\/www.eldigitaldeasturias.com\\\/noticias\\\/author\\\/admin\\\/#author\"},\"image\":{\"@type\":\"ImageObject\",\"url\":595237,\"@id\":\"https:\\\/\\\/www.eldigitaldeasturias.com\\\/noticias\\\/toni-ferrer-el-recorte-que-plantea-el-partido-popular-es-inaceptable\\\/#mainImage\"},\"primaryImageOfPage\":{\"@id\":\"https:\\\/\\\/www.eldigitaldeasturias.com\\\/noticias\\\/toni-ferrer-el-recorte-que-plantea-el-partido-popular-es-inaceptable\\\/#mainImage\"},\"datePublished\":\"2018-05-01T18:38:46+02:00\",\"dateModified\":\"2018-05-01T18:38:46+02:00\"},{\"@type\":\"WebSite\",\"@id\":\"https:\\\/\\\/www.eldigitaldeasturias.com\\\/noticias\\\/#website\",\"url\":\"https:\\\/\\\/www.eldigitaldeasturias.com\\\/noticias\\\/\",\"name\":\"El Digital de Asturias - Diario de actualidad y noticias\",\"alternateName\":\"El Digital de Asturias - Diario de actualidad y noticias\",\"description\":\"Hemeroteca\",\"inLanguage\":\"es-ES\",\"publisher\":{\"@id\":\"https:\\\/\\\/www.eldigitaldeasturias.com\\\/noticias\\\/#organization\"}}]}\n\t\t<\/script>\n\t\t<!-- All in One SEO Pro -->\r\n\t\t<title>Toni Ferrer: \u201cEl recorte que plantea el Partido Popular es inaceptable\u00bb - El Digital de Asturias<\/title>\n\n","aioseo_head_json":{"title":"Toni Ferrer: \u201cEl recorte que plantea el Partido Popular es inaceptable\u00bb - El Digital de Asturias","description":"El Secretario de Empleo y Relaciones Laborales del PSOE, Toni Ferrer, ha denunciado este lunes la intenci\u00f3n de Ministerio de Empleo y Seguridad Social, dirigido por F\u00e1tima B\u00e1\u00f1ez, de recortar las prestaciones a los parados de larga duraci\u00f3n. Ferrer ha se\u00f1alado que \u201cel Gobierno del PP, con la ministra B\u00e1\u00f1ez a la cabeza, quiere aprovechar","canonical_url":"https:\/\/www.eldigitaldeasturias.com\/noticias\/toni-ferrer-el-recorte-que-plantea-el-partido-popular-es-inaceptable\/","robots":"max-image-preview:large","keywords":"actualidad","webmasterTools":{"google-site-verification":"UA-38556648-1","msvalidate.01":"7dfe9f3f1b24437ab69f4f2559babe99","miscellaneous":""},"schema":{"@context":"https:\/\/schema.org","@graph":[{"@type":"BlogPosting","@id":"https:\/\/www.eldigitaldeasturias.com\/noticias\/toni-ferrer-el-recorte-que-plantea-el-partido-popular-es-inaceptable\/#blogposting","name":"Toni Ferrer: \u201cEl recorte que plantea el Partido Popular es inaceptable\u00bb - El Digital de Asturias","headline":"Toni Ferrer: \u201cEl recorte que plantea el Partido Popular es inaceptable\u00bb","author":{"@id":"https:\/\/www.eldigitaldeasturias.com\/noticias\/author\/admin\/#author"},"publisher":{"@id":"https:\/\/www.eldigitaldeasturias.com\/noticias\/#organization"},"image":{"@type":"ImageObject","url":595237},"datePublished":"2018-05-01T18:38:46+02:00","dateModified":"2018-05-01T18:38:46+02:00","inLanguage":"es-ES","mainEntityOfPage":{"@id":"https:\/\/www.eldigitaldeasturias.com\/noticias\/toni-ferrer-el-recorte-que-plantea-el-partido-popular-es-inaceptable\/#webpage"},"isPartOf":{"@id":"https:\/\/www.eldigitaldeasturias.com\/noticias\/toni-ferrer-el-recorte-que-plantea-el-partido-popular-es-inaceptable\/#webpage"},"articleSection":"Actualidad"},{"@type":"BreadcrumbList","@id":"https:\/\/www.eldigitaldeasturias.com\/noticias\/toni-ferrer-el-recorte-que-plantea-el-partido-popular-es-inaceptable\/#breadcrumblist","itemListElement":[{"@type":"ListItem","@id":"https:\/\/www.eldigitaldeasturias.com\/noticias#listItem","position":1,"name":"Home","item":"https:\/\/www.eldigitaldeasturias.com\/noticias","nextItem":{"@type":"ListItem","@id":"https:\/\/www.eldigitaldeasturias.com\/noticias\/category\/actualidad\/#listItem","name":"Actualidad"}},{"@type":"ListItem","@id":"https:\/\/www.eldigitaldeasturias.com\/noticias\/category\/actualidad\/#listItem","position":2,"name":"Actualidad","item":"https:\/\/www.eldigitaldeasturias.com\/noticias\/category\/actualidad\/","nextItem":{"@type":"ListItem","@id":"https:\/\/www.eldigitaldeasturias.com\/noticias\/toni-ferrer-el-recorte-que-plantea-el-partido-popular-es-inaceptable\/#listItem","name":"Toni Ferrer: \u201cEl recorte que plantea el Partido Popular es inaceptable\u00bb"},"previousItem":{"@type":"ListItem","@id":"https:\/\/www.eldigitaldeasturias.com\/noticias#listItem","name":"Home"}},{"@type":"ListItem","@id":"https:\/\/www.eldigitaldeasturias.com\/noticias\/toni-ferrer-el-recorte-que-plantea-el-partido-popular-es-inaceptable\/#listItem","position":3,"name":"Toni Ferrer: \u201cEl recorte que plantea el Partido Popular es inaceptable\u00bb","previousItem":{"@type":"ListItem","@id":"https:\/\/www.eldigitaldeasturias.com\/noticias\/category\/actualidad\/#listItem","name":"Actualidad"}}]},{"@type":"Organization","@id":"https:\/\/www.eldigitaldeasturias.com\/noticias\/#organization","name":"El Digital de Asturias","description":"Hemeroteca","url":"https:\/\/www.eldigitaldeasturias.com\/noticias\/","email":"info@eldigitaldeasturias.com","telephone":"+34652131393","logo":{"@type":"ImageObject","url":"https:\/\/www.eldigitaldeasturias.com\/noticias\/wp-content\/uploads\/2020\/12\/EDA.jpg","@id":"https:\/\/www.eldigitaldeasturias.com\/noticias\/toni-ferrer-el-recorte-que-plantea-el-partido-popular-es-inaceptable\/#organizationLogo"},"image":{"@id":"https:\/\/www.eldigitaldeasturias.com\/noticias\/toni-ferrer-el-recorte-que-plantea-el-partido-popular-es-inaceptable\/#organizationLogo"},"sameAs":["https:\/\/facebook.com\/eldigitaldeasturias","https:\/\/www.youtube.com\/channel\/UCZP-2wLEB9Rv6erhFmqVnvg"],"address":{"@id":"https:\/\/www.eldigitaldeasturias.com\/noticias\/#postaladdress","@type":"PostalAddress","streetAddress":"san antonio 4","postalCode":"33430","addressLocality":"Cand\u00e1s","addressRegion":"Asturias","addressCountry":"ES"}},{"@type":"Person","@id":"https:\/\/www.eldigitaldeasturias.com\/noticias\/author\/admin\/#author","url":"https:\/\/www.eldigitaldeasturias.com\/noticias\/author\/admin\/","name":"El Digital de Asturias","image":{"@type":"ImageObject","@id":"https:\/\/www.eldigitaldeasturias.com\/noticias\/toni-ferrer-el-recorte-que-plantea-el-partido-popular-es-inaceptable\/#authorImage","url":"https:\/\/secure.gravatar.com\/avatar\/df2aeffc32bcd13f8d26072ef8a91b623d677766deac7f97ca815868cd41bf5e?s=96&d=mm&r=g","width":96,"height":96,"caption":"El Digital de Asturias"}},{"@type":"WebPage","@id":"https:\/\/www.eldigitaldeasturias.com\/noticias\/toni-ferrer-el-recorte-que-plantea-el-partido-popular-es-inaceptable\/#webpage","url":"https:\/\/www.eldigitaldeasturias.com\/noticias\/toni-ferrer-el-recorte-que-plantea-el-partido-popular-es-inaceptable\/","name":"Toni Ferrer: \u201cEl recorte que plantea el Partido Popular es inaceptable\u00bb - El Digital de Asturias","description":"El Secretario de Empleo y Relaciones Laborales del PSOE, Toni Ferrer, ha denunciado este lunes la intenci\u00f3n de Ministerio de Empleo y Seguridad Social, dirigido por F\u00e1tima B\u00e1\u00f1ez, de recortar las prestaciones a los parados de larga duraci\u00f3n. Ferrer ha se\u00f1alado que \u201cel Gobierno del PP, con la ministra B\u00e1\u00f1ez a la cabeza, quiere aprovechar","inLanguage":"es-ES","isPartOf":{"@id":"https:\/\/www.eldigitaldeasturias.com\/noticias\/#website"},"breadcrumb":{"@id":"https:\/\/www.eldigitaldeasturias.com\/noticias\/toni-ferrer-el-recorte-que-plantea-el-partido-popular-es-inaceptable\/#breadcrumblist"},"author":{"@id":"https:\/\/www.eldigitaldeasturias.com\/noticias\/author\/admin\/#author"},"creator":{"@id":"https:\/\/www.eldigitaldeasturias.com\/noticias\/author\/admin\/#author"},"image":{"@type":"ImageObject","url":595237,"@id":"https:\/\/www.eldigitaldeasturias.com\/noticias\/toni-ferrer-el-recorte-que-plantea-el-partido-popular-es-inaceptable\/#mainImage"},"primaryImageOfPage":{"@id":"https:\/\/www.eldigitaldeasturias.com\/noticias\/toni-ferrer-el-recorte-que-plantea-el-partido-popular-es-inaceptable\/#mainImage"},"datePublished":"2018-05-01T18:38:46+02:00","dateModified":"2018-05-01T18:38:46+02:00"},{"@type":"WebSite","@id":"https:\/\/www.eldigitaldeasturias.com\/noticias\/#website","url":"https:\/\/www.eldigitaldeasturias.com\/noticias\/","name":"El Digital de Asturias - Diario de actualidad y noticias","alternateName":"El Digital de Asturias - Diario de actualidad y noticias","description":"Hemeroteca","inLanguage":"es-ES","publisher":{"@id":"https:\/\/www.eldigitaldeasturias.com\/noticias\/#organization"}}]},"og:locale":"es_ES","og:site_name":"El Digital de Asturias","og:type":"article","og:title":"Toni Ferrer: \u201cEl recorte que plantea el Partido Popular es inaceptable\u00bb - El Digital de Asturias","og:description":"El Secretario de Empleo y Relaciones Laborales del PSOE, Toni Ferrer, ha denunciado este lunes la intenci\u00f3n de Ministerio de Empleo y Seguridad Social, dirigido por F\u00e1tima B\u00e1\u00f1ez, de recortar las prestaciones a los parados de larga duraci\u00f3n. Ferrer ha se\u00f1alado que \u201cel Gobierno del PP, con la ministra B\u00e1\u00f1ez a la cabeza, quiere aprovechar","og:url":"https:\/\/www.eldigitaldeasturias.com\/noticias\/toni-ferrer-el-recorte-que-plantea-el-partido-popular-es-inaceptable\/","article:tag":["actualidad"],"article:published_time":"2018-05-01T18:38:46+00:00","article:modified_time":"2018-05-01T18:38:46+00:00","article:publisher":"https:\/\/facebook.com\/eldigitaldeasturias","twitter:card":"summary_large_image","twitter:title":"Toni Ferrer: \u201cEl recorte que plantea el Partido Popular es inaceptable\u00bb - El Digital de Asturias","twitter:description":"El Secretario de Empleo y Relaciones Laborales del PSOE, Toni Ferrer, ha denunciado este lunes la intenci\u00f3n de Ministerio de Empleo y Seguridad Social, dirigido por F\u00e1tima B\u00e1\u00f1ez, de recortar las prestaciones a los parados de larga duraci\u00f3n. Ferrer ha se\u00f1alado que \u201cel Gobierno del PP, con la ministra B\u00e1\u00f1ez a la cabeza, quiere aprovechar","twitter:image":"https:\/\/www.eldigitaldeasturias.com\/noticias\/wp-content\/uploads\/2020\/12\/EDA-1.jpg","twitter:label1":"Escrito por","twitter:data1":"El Digital de Asturias","twitter:label2":"Tiempo de lectura estimado","twitter:data2":"4 minutos"},"aioseo_meta_data":{"post_id":"978455","title":null,"description":null,"keywords":null,"keyphrases":null,"primary_term":null,"canonical_url":null,"og_title":null,"og_description":null,"og_object_type":"default","og_image_type":"default","og_image_url":null,"og_image_width":null,"og_image_height":null,"og_image_custom_url":null,"og_image_custom_fields":null,"og_video":null,"og_custom_url":null,"og_article_section":null,"og_article_tags":null,"twitter_use_og":false,"twitter_card":"default","twitter_image_type":"default","twitter_image_url":null,"twitter_image_custom_url":null,"twitter_image_custom_fields":null,"twitter_title":null,"twitter_description":null,"schema":{"blockGraphs":[],"customGraphs":[],"default":{"data":{"Article":[],"Course":[],"Dataset":[],"FAQPage":[],"Movie":[],"Person":[],"Product":[],"ProductReview":[],"Car":[],"Recipe":[],"Service":[],"SoftwareApplication":[],"WebPage":[]},"graphName":"","isEnabled":true},"graphs":[],"defaultGraph":"","defaultPostTypeGraph":""},"schema_type":null,"schema_type_options":null,"pillar_content":false,"robots_default":true,"robots_noindex":false,"robots_noarchive":false,"robots_nosnippet":false,"robots_nofollow":false,"robots_noimageindex":false,"robots_noodp":false,"robots_notranslate":false,"robots_max_snippet":null,"robots_max_videopreview":null,"robots_max_imagepreview":"large","priority":null,"frequency":null,"local_seo":null,"seo_analyzer_scan_date":"2025-10-08 10:54:03","breadcrumb_settings":null,"limit_modified_date":false,"open_ai":null,"ai":null,"created":"2020-12-21 12:02:37","updated":"2025-10-08 10:54:03","focus_keyword":null,"additional_keywords":null,"truseo_locale":null},"aioseo_breadcrumb":"<div class=\"aioseo-breadcrumbs\"><span class=\"aioseo-breadcrumb\">\n\t<a href=\"https:\/\/www.eldigitaldeasturias.com\/noticias\" title=\"Home\">Home<\/a>\n<\/span><span class=\"aioseo-breadcrumb-separator\">\u2013<\/span><span class=\"aioseo-breadcrumb\">\n\t<a href=\"https:\/\/www.eldigitaldeasturias.com\/noticias\/category\/actualidad\/\" title=\"Actualidad\">Actualidad<\/a>\n<\/span><span class=\"aioseo-breadcrumb-separator\">\u2013<\/span><span class=\"aioseo-breadcrumb\">\n\t<a href=\"https:\/\/www.eldigitaldeasturias.com\/noticias\/toni-ferrer-el-recorte-que-plantea-el-partido-popular-es-inaceptable\/\" title=\"Toni Ferrer: \u201cEl recorte que plantea el Partido Popular es inaceptable\u00bb\">Toni Ferrer: \u201cEl recorte que plantea el Partido Popular es inaceptable\u00bb<\/a>\n<\/span><\/div>","aioseo_breadcrumb_json":[{"label":"Home","link":"https:\/\/www.eldigitaldeasturias.com\/noticias"},{"label":"Actualidad","link":"https:\/\/www.eldigitaldeasturias.com\/noticias\/category\/actualidad\/"},{"label":"Toni Ferrer: \u201cEl recorte que plantea el Partido Popular es inaceptable\u00bb","link":"https:\/\/www.eldigitaldeasturias.com\/noticias\/toni-ferrer-el-recorte-que-plantea-el-partido-popular-es-inaceptable\/"}],"_links":{"self":[{"href":"https:\/\/www.eldigitaldeasturias.com\/noticias\/wp-json\/wp\/v2\/posts\/978455","targetHints":{"allow":["GET"]}}],"collection":[{"href":"https:\/\/www.eldigitaldeasturias.com\/noticias\/wp-json\/wp\/v2\/posts"}],"about":[{"href":"https:\/\/www.eldigitaldeasturias.com\/noticias\/wp-json\/wp\/v2\/types\/post"}],"author":[{"embeddable":true,"href":"https:\/\/www.eldigitaldeasturias.com\/noticias\/wp-json\/wp\/v2\/users\/1"}],"replies":[{"embeddable":true,"href":"https:\/\/www.eldigitaldeasturias.com\/noticias\/wp-json\/wp\/v2\/comments?post=978455"}],"version-history":[{"count":0,"href":"https:\/\/www.eldigitaldeasturias.com\/noticias\/wp-json\/wp\/v2\/posts\/978455\/revisions"}],"wp:attachment":[{"href":"https:\/\/www.eldigitaldeasturias.com\/noticias\/wp-json\/wp\/v2\/media?parent=978455"}],"wp:term":[{"taxonomy":"category","embeddable":true,"href":"https:\/\/www.eldigitaldeasturias.com\/noticias\/wp-json\/wp\/v2\/categories?post=978455"},{"taxonomy":"post_tag","embeddable":true,"href":"https:\/\/www.eldigitaldeasturias.com\/noticias\/wp-json\/wp\/v2\/tags?post=978455"}],"curies":[{"name":"wp","href":"https:\/\/api.w.org\/{rel}","templated":true}]}}